{"id":43142,"date":"2019-10-31T10:41:21","date_gmt":"2019-10-31T12:41:21","guid":{"rendered":"https:\/\/www.suno.com.br\/noticias\/?p=43142"},"modified":"2021-06-21T06:20:24","modified_gmt":"2021-06-21T09:20:24","slug":"gol-registra-prejuizo-terceiro-trimestre","status":"publish","type":"post","link":"https:\/\/www.suno.com.br\/noticias\/gol-registra-prejuizo-terceiro-trimestre\/","title":{"rendered":"Gol registra preju\u00edzo de R$ 171 milh\u00f5es no 3T19, queda de 60%"},"content":{"rendered":"<p>A Gol Linhas A\u00e9reas (GOLL4) registrou<strong><a href=\"https:\/\/www.suno.com.br\/artigos\/prejuizos-acumulados\/\"> preju\u00edzo l\u00edquido<\/a><\/strong> de R$ 171,1 milh\u00f5es no terceiro trimestre deste ano.<\/p>\t<div class=\"wrapper-featured-image\">\n\t\t<figure class=\"spotlightImg\">\n\n\t\t\t<picture>\n\t\t\t\t<source media=\"(max-width: 768px)\" srcset=\"https:\/\/files.sunoresearch.com.br\/n\/uploads\/2019\/03\/b18cf601-gol-400x200.webp\">\n\t\t\t\t<img loading=\"lazy\" decoding=\"async\" class=\"newsContent__article__imgCapa lazyloadDisabled newsContent__article__imgCapa--noCaption\" src=\"https:\/\/files.sunoresearch.com.br\/n\/uploads\/2019\/03\/b18cf601-gol-800x450.webp\" width=\"800\" height=\"450\" alt=\"Gol registra preju\u00edzo de R$ 171 milh\u00f5es no 3T19, queda de 60%\" fetchpriority=high \/>\n\t\t\t<\/picture>\n\n\t\t\t<figcaption class=\"wp-caption-text wp-caption-text--hide\">Avi\u00e3o da Gol (foto: divulga\u00e7\u00e3o)<\/figcaption>\n\t\t<\/figure>\n\t<\/div>\n\n\n\n<p>Em 2018, a companhia havia registrado um preju\u00edzo de R$ 433,1 milh\u00f5es. Desse modo, o resultado do trimestre representa uma queda de 60,5%. No coment\u00e1rio dos resultados, a <strong>Gol<\/strong> avaliou que sua &#8220;expans\u00e3o foi sustent\u00e1vel durante o terceiro trimestre&#8221;.<\/p>\n<p>O preju\u00edzo atribu\u00eddo aos <a href=\"https:\/\/www.suno.com.br\/artigos\/acionista-companhias-abertas\/\">acionistas<\/a> totalizou R$ 242 milh\u00f5es em setembro, baixa de 54,6% em rela\u00e7\u00e3o ao mesmo per\u00edodo no ano anterior.<\/p>\n<p>O <a href=\"https:\/\/www.suno.com.br\/artigos\/ebitda\/\">Ebtida<\/a> (lucro antes de juros, impostos, deprecia\u00e7\u00e3o e amortiza\u00e7\u00e3o) teve alta de 109%, para R$ 1,14 bilh\u00e3o. A <a href=\"https:\/\/www.suno.com.br\/artigos\/indicadores-financeiros\/\">margem Ebtida<\/a> subiu 11,8 pontos percentuais, alcan\u00e7ando 30,7%.<\/p>\n<p>O lucro operacional (<a href=\"https:\/\/www.suno.com.br\/artigos\/o-que-e-ebit\/\">Ebit<\/a>) teve alta de 186,7%, alcan\u00e7ando R$691,9 milh\u00f5es no terceiro trimestre. A margem Ebit ficou em 18,6%, o resultado \u00e9 devido ao &#8220;forte controle de custos e gest\u00e3o de capacidade e de <a href=\"https:\/\/www.suno.com.br\/artigos\/o-que-e-dividend-yield\/\">yields<\/a>&#8220;.<\/p>\n<p>A companhia reiterou que apesar do fim de contrato com a norte-americana <strong>Delta Airlines<\/strong> as receitas alcan\u00e7aram recorde hist\u00f3rico.<\/p>\n<p>A<a href=\"https:\/\/www.suno.com.br\/artigos\/o-que-receita-liquida\/\"> receita l\u00edquida<\/a> ficou em R$ 3,71 bilh\u00f5es, alta de 28,3% em compara\u00e7\u00e3o com o mesmo per\u00edodo no ano passado. A receita operacional l\u00edquida por assento e por quil\u00f4metro ofertado avan\u00e7ou, Rask, 19,2%, para R$ 0,28. Por sua vez, o Cask, custo unit\u00e1rio baseado no custo por assento e quil\u00f4metro ofertado ficou em 5,8%, para R$\u00a0 0,23.<\/p>\n<p>&#8220;A <strong>Delta Airlines<\/strong> recentemente anunciou seu plano para encerrar sua parceria conosco. As receitas dos acordos representaram cerca de 0,3% do total da Gol. A receita l\u00edquida registrou recorde trimestral&#8221;, salientou a companhia.<\/p>\n<p>Al\u00e9m da divulga\u00e7\u00e3o dos resultados, a<strong> Gol<\/strong> informou algumas altera\u00e7\u00f5es em suas proje\u00e7\u00f5es.<\/p>\n\t<p>\n\t\t<a href=\"https:\/\/lp.suno.com.br\/planilha-da-vida-financeira\/\" target=\"_blank\" data-element=\"shortcode-suno-banner\" title=\"Banner SUNO, clique e saiba mais\">\n\t\t\t<picture>\n\t\t\t\t<source media=\"(max-width: 500px)\" srcset=\"https:\/\/files.sunoresearch.com.br\/n\/uploads\/2023\/04\/400x300-Planilha-vida-financeira-true.png\">\n\t\t\t\t<img class=\"newsContent__article__imgCapa newsContent__article__imgCapa--banner\"\n\t\t\t\t\tsrc=\"https:\/\/files.sunoresearch.com.br\/n\/uploads\/2023\/04\/1420x240-Planilha-vida-financeira-true.png\"\n\t\t\t\t\tdata-promo-id=\"106682\"\t\t\t\t\t\t\t\t\t\twidth='1420' height='240'\t\t\t\t\talt=\"https:\/\/files.sunoresearch.com.br\/n\/uploads\/2023\/04\/1420x240-Planilha-vida-financeira-true.png\"\n\t\t\t\t>\n\t\t\t<\/picture>\n\t\t<\/a>\n\t<\/p>\n\n\n<p>Segundo a companhia, a estimativa de <a href=\"https:\/\/www.suno.com.br\/artigos\/lucro-por-acao\/\">lucro por a\u00e7\u00e3o<\/a> para 2019 foi reduzida para R$ 0,90. A expectativa anterior estava entre R$ 1,40 e R$ 1,70.<\/p>\n<p>A empresa reduziu de R$293 milh\u00f5es para R$ 290 milh\u00f5es a previs\u00e3o de participa\u00e7\u00e3o dos minorit\u00e1rios. Por sua vez, a previs\u00e3o de <a href=\"https:\/\/www.suno.com.br\/artigos\/adr\/\">lucro por recibo de a\u00e7\u00e3o<\/a> passou de US$ 0,80 e US$ 0,95 para US$ 0,45.<\/p>\n<p>A receita l\u00edquida foi a \u00fanica previs\u00e3o que foi elevada. A<strong> Gol<\/strong>\u00a0estima chegar a R$ 13,7 bilh\u00f5es, esse valor \u00e9 R$ 200 milh\u00f5es acima do previsto. No demais, as previs\u00f5es permaneceram as mesmas.<\/p>\n","protected":false},"excerpt":{"rendered":"<p>A Gol Linhas A\u00e9reas (GOLL4) registrou preju\u00edzo l\u00edquido de R$ 171,1 milh\u00f5es no terceiro trimestre deste ano. Avi\u00e3o da Gol (foto: divulga\u00e7\u00e3o) Em 2018, a companhia havia registrado um preju\u00edzo de R$ 433,1 milh\u00f5es. Desse modo, o resultado do trimestre representa uma queda de 60,5%. No coment\u00e1rio dos resultados, a Gol avaliou que sua &#8220;expans\u00e3o [&hellip;]<\/p>\n","protected":false},"author":15,"featured_media":17608,"comment_status":"closed","ping_status":"closed","sticky":false,"template":"","format":"standard","meta":[],"categories":[64],"tags":[489,1607],"suno_strategy":[],"class_list":["post-43142","post","type-post","status-publish","format-standard","has-post-thumbnail","hentry","category-negocios","tag-gol-linhas-aereas-goll11-goll4","tag-resultado-das-empresas"],"yoast_head":"<!-- This site is optimized with the Yoast SEO plugin v24.4 - https:\/\/yoast.com\/wordpress\/plugins\/seo\/ -->\n<title>Gol registra preju\u00edzo de R$ 171 milh\u00f5es no 3T19, queda de 60%<\/title>\n<meta name=\"description\" content=\"A Gol Linhas A\u00e9reas (GOLL4) registrou preju\u00edzo l\u00edquido de R$ 171,1 milh\u00f5es no terceiro trimestre deste ano.Clique aqui e saiba mais\" \/>\n<meta name=\"robots\" content=\"index, follow, max-snippet:-1, max-image-preview:large, max-video-preview:-1\" \/>\n<link rel=\"canonical\" href=\"https:\/\/www.suno.com.br\/noticias\/gol-registra-prejuizo-terceiro-trimestre\/\" \/>\n<meta property=\"og:locale\" content=\"pt_BR\" \/>\n<meta property=\"og:type\" content=\"article\" \/>\n<meta property=\"og:title\" content=\"Gol registra preju\u00edzo de R$ 171 milh\u00f5es no 3T19, queda de 60%\" \/>\n<meta property=\"og:description\" content=\"A Gol Linhas A\u00e9reas (GOLL4) registrou preju\u00edzo l\u00edquido de R$ 171,1 milh\u00f5es no terceiro trimestre deste ano.Clique aqui e saiba mais\" \/>\n<meta property=\"og:url\" content=\"https:\/\/www.suno.com.br\/noticias\/gol-registra-prejuizo-terceiro-trimestre\/\" \/>\n<meta property=\"og:site_name\" content=\"Suno Not\u00edcias\" \/>\n<meta property=\"article:publisher\" content=\"https:\/\/facebook.com\/sunoresearch\" \/>\n<meta property=\"og:image\" content=\"https:\/\/files.sunoresearch.com.br\/n\/uploads\/2019\/03\/b18cf601-gol.jpg\" \/>\n\t<meta property=\"og:image:width\" content=\"1024\" \/>\n\t<meta property=\"og:image:height\" content=\"683\" \/>\n\t<meta property=\"og:image:type\" content=\"image\/jpeg\" \/>\n<meta name=\"author\" content=\"Poliana Santos\" \/>\n<meta name=\"twitter:card\" content=\"summary_large_image\" \/>\n<meta name=\"twitter:creator\" content=\"@sunoresearch\" \/>\n<meta name=\"twitter:site\" content=\"@sunoresearch\" \/>\n<meta name=\"twitter:label1\" content=\"Escrito por\" \/>\n\t<meta name=\"twitter:data1\" content=\"Poliana Santos\" \/>\n\t<meta name=\"twitter:label2\" content=\"Est. tempo de leitura\" \/>\n\t<meta name=\"twitter:data2\" content=\"2 minutos\" \/>\n<script type=\"application\/ld+json\" class=\"yoast-schema-graph\">{\"@context\":\"https:\/\/schema.org\",\"@graph\":[{\"@type\":\"NewsArticle\",\"@id\":\"https:\/\/www.suno.com.br\/noticias\/gol-registra-prejuizo-terceiro-trimestre\/#article\",\"isPartOf\":{\"@id\":\"https:\/\/www.suno.com.br\/noticias\/gol-registra-prejuizo-terceiro-trimestre\/\"},\"author\":{\"name\":\"Poliana Santos\",\"@id\":\"https:\/\/www.suno.com.br\/noticias\/#\/schema\/person\/02ec1f752758247878a2bf4abee1aeda\"},\"headline\":\"Gol registra preju\u00edzo de R$ 171 milh\u00f5es no 3T19, queda de 60%\",\"datePublished\":\"2019-10-31T12:41:21+00:00\",\"dateModified\":\"2021-06-21T09:20:24+00:00\",\"mainEntityOfPage\":{\"@id\":\"https:\/\/www.suno.com.br\/noticias\/gol-registra-prejuizo-terceiro-trimestre\/\"},\"wordCount\":396,\"publisher\":{\"@id\":\"https:\/\/www.suno.com.br\/noticias\/#organization\"},\"image\":{\"@id\":\"https:\/\/www.suno.com.br\/noticias\/gol-registra-prejuizo-terceiro-trimestre\/#primaryimage\"},\"thumbnailUrl\":\"https:\/\/files.sunoresearch.com.br\/n\/uploads\/2019\/03\/b18cf601-gol-jpg.webp\",\"keywords\":[\"Gol Linhas A\u00e9reas (GOLL11\/GOLL4)\",\"Resultado das empresas\"],\"articleSection\":[\"Neg\u00f3cios\"],\"inLanguage\":\"pt-BR\"},{\"@type\":\"WebPage\",\"@id\":\"https:\/\/www.suno.com.br\/noticias\/gol-registra-prejuizo-terceiro-trimestre\/\",\"url\":\"https:\/\/www.suno.com.br\/noticias\/gol-registra-prejuizo-terceiro-trimestre\/\",\"name\":\"Gol registra preju\u00edzo de R$ 171 milh\u00f5es no 3T19, queda de 60%\",\"isPartOf\":{\"@id\":\"https:\/\/www.suno.com.br\/noticias\/#website\"},\"primaryImageOfPage\":{\"@id\":\"https:\/\/www.suno.com.br\/noticias\/gol-registra-prejuizo-terceiro-trimestre\/#primaryimage\"},\"image\":{\"@id\":\"https:\/\/www.suno.com.br\/noticias\/gol-registra-prejuizo-terceiro-trimestre\/#primaryimage\"},\"thumbnailUrl\":\"https:\/\/files.sunoresearch.com.br\/n\/uploads\/2019\/03\/b18cf601-gol-jpg.webp\",\"datePublished\":\"2019-10-31T12:41:21+00:00\",\"dateModified\":\"2021-06-21T09:20:24+00:00\",\"description\":\"A Gol Linhas A\u00e9reas (GOLL4) registrou preju\u00edzo l\u00edquido de R$ 171,1 milh\u00f5es no terceiro trimestre deste ano.Clique aqui e saiba mais\",\"breadcrumb\":{\"@id\":\"https:\/\/www.suno.com.br\/noticias\/gol-registra-prejuizo-terceiro-trimestre\/#breadcrumb\"},\"inLanguage\":\"pt-BR\",\"potentialAction\":[{\"@type\":\"ReadAction\",\"target\":[\"https:\/\/www.suno.com.br\/noticias\/gol-registra-prejuizo-terceiro-trimestre\/\"]}]},{\"@type\":\"ImageObject\",\"inLanguage\":\"pt-BR\",\"@id\":\"https:\/\/www.suno.com.br\/noticias\/gol-registra-prejuizo-terceiro-trimestre\/#primaryimage\",\"url\":\"https:\/\/files.sunoresearch.com.br\/n\/uploads\/2019\/03\/b18cf601-gol-jpg.webp\",\"contentUrl\":\"https:\/\/files.sunoresearch.com.br\/n\/uploads\/2019\/03\/b18cf601-gol-jpg.webp\",\"width\":1024,\"height\":683,\"caption\":\"Avi\u00e3o da Gol (foto: divulga\u00e7\u00e3o)\"},{\"@type\":\"BreadcrumbList\",\"@id\":\"https:\/\/www.suno.com.br\/noticias\/gol-registra-prejuizo-terceiro-trimestre\/#breadcrumb\",\"itemListElement\":[{\"@type\":\"ListItem\",\"position\":1,\"name\":\"Not\u00edcias\",\"item\":\"https:\/\/www.suno.com.br\/noticias\/\"},{\"@type\":\"ListItem\",\"position\":2,\"name\":\"Neg\u00f3cios\",\"item\":\"https:\/\/www.suno.com.br\/noticias\/negocios\/\"},{\"@type\":\"ListItem\",\"position\":3,\"name\":\"Gol registra preju\u00edzo de R$ 171 milh\u00f5es no 3T19, queda de 60%\"}]},{\"@type\":\"WebSite\",\"@id\":\"https:\/\/www.suno.com.br\/noticias\/#website\",\"url\":\"https:\/\/www.suno.com.br\/noticias\/\",\"name\":\"Suno Not\u00edcias\",\"description\":\"Seu portal de informa\u00e7\u00e3o sobre o mundo dos investimentos\",\"publisher\":{\"@id\":\"https:\/\/www.suno.com.br\/noticias\/#organization\"},\"potentialAction\":[{\"@type\":\"SearchAction\",\"target\":{\"@type\":\"EntryPoint\",\"urlTemplate\":\"https:\/\/www.suno.com.br\/noticias\/?s={search_term_string}\"},\"query-input\":{\"@type\":\"PropertyValueSpecification\",\"valueRequired\":true,\"valueName\":\"search_term_string\"}}],\"inLanguage\":\"pt-BR\"},{\"@type\":\"Organization\",\"@id\":\"https:\/\/www.suno.com.br\/noticias\/#organization\",\"name\":\"Suno Not\u00edcias\",\"url\":\"https:\/\/www.suno.com.br\/noticias\/\",\"logo\":{\"@type\":\"ImageObject\",\"inLanguage\":\"pt-BR\",\"@id\":\"https:\/\/www.suno.com.br\/noticias\/#\/schema\/logo\/image\/\",\"url\":\"https:\/\/files.sunoresearch.com.br\/n\/uploads\/2021\/09\/suno-logo.png\",\"contentUrl\":\"https:\/\/files.sunoresearch.com.br\/n\/uploads\/2021\/09\/suno-logo.png\",\"width\":180,\"height\":180,\"caption\":\"Suno Not\u00edcias\"},\"image\":{\"@id\":\"https:\/\/www.suno.com.br\/noticias\/#\/schema\/logo\/image\/\"},\"sameAs\":[\"https:\/\/facebook.com\/sunoresearch\",\"https:\/\/x.com\/sunoresearch\",\"https:\/\/www.instagram.com\/suno\",\"https:\/\/www.linkedin.com\/company\/suno-research\/\",\"https:\/\/www.youtube.com\/c\/sunoresearch\"]},{\"@type\":\"Person\",\"@id\":\"https:\/\/www.suno.com.br\/noticias\/#\/schema\/person\/02ec1f752758247878a2bf4abee1aeda\",\"name\":\"Poliana Santos\",\"image\":{\"@type\":\"ImageObject\",\"inLanguage\":\"pt-BR\",\"@id\":\"https:\/\/www.suno.com.br\/noticias\/#\/schema\/person\/image\/\",\"url\":\"https:\/\/secure.gravatar.com\/avatar\/0645bd32f23d87b2130f2b2dff1d3f8d?s=96&r=g\",\"contentUrl\":\"https:\/\/secure.gravatar.com\/avatar\/0645bd32f23d87b2130f2b2dff1d3f8d?s=96&r=g\",\"caption\":\"Poliana Santos\"},\"description\":\"Rep\u00f3rter no Suno Not\u00edcias, com cobertura em mercado financeiro, economia, finan\u00e7as pessoais, renda fixa e varejo. Jornalista formada pela Faculdade C\u00e1sper L\u00edbero e possui passagem na R\u00e1dio Gazeta AM com a produ\u00e7\u00e3o de conte\u00fado sobre economia, pol\u00edtica, sa\u00fade, moda e m\u00fasica. Possui certificado de conclus\u00e3o do curso de An\u00e1lise de Balan\u00e7os pela Funda\u00e7\u00e3o Bradesco, Agenda Brasil pela FAAP, Educa\u00e7\u00e3o Pol\u00edtica por Alexandre Garcia e do Tesouro Direto e Mercado de A\u00e7\u00f5es pela B3.\",\"url\":\"https:\/\/www.suno.com.br\/noticias\/author\/poliana-santos\/\"}]}<\/script>\n<!-- \/ Yoast SEO plugin. -->","yoast_head_json":{"title":"Gol registra preju\u00edzo de R$ 171 milh\u00f5es no 3T19, queda de 60%","description":"A Gol Linhas A\u00e9reas (GOLL4) registrou preju\u00edzo l\u00edquido de R$ 171,1 milh\u00f5es no terceiro trimestre deste ano.Clique aqui e saiba mais","robots":{"index":"index","follow":"follow","max-snippet":"max-snippet:-1","max-image-preview":"max-image-preview:large","max-video-preview":"max-video-preview:-1"},"canonical":"https:\/\/www.suno.com.br\/noticias\/gol-registra-prejuizo-terceiro-trimestre\/","og_locale":"pt_BR","og_type":"article","og_title":"Gol registra preju\u00edzo de R$ 171 milh\u00f5es no 3T19, queda de 60%","og_description":"A Gol Linhas A\u00e9reas (GOLL4) registrou preju\u00edzo l\u00edquido de R$ 171,1 milh\u00f5es no terceiro trimestre deste ano.Clique aqui e saiba mais","og_url":"https:\/\/www.suno.com.br\/noticias\/gol-registra-prejuizo-terceiro-trimestre\/","og_site_name":"Suno Not\u00edcias","article_publisher":"https:\/\/facebook.com\/sunoresearch","og_image":[{"width":1024,"height":683,"url":"https:\/\/files.sunoresearch.com.br\/n\/uploads\/2019\/03\/b18cf601-gol.jpg","type":"image\/jpeg"}],"author":"Poliana Santos","twitter_card":"summary_large_image","twitter_creator":"@sunoresearch","twitter_site":"@sunoresearch","twitter_misc":{"Escrito por":"Poliana Santos","Est. tempo de leitura":"2 minutos"},"schema":{"@context":"https:\/\/schema.org","@graph":[{"@type":"NewsArticle","@id":"https:\/\/www.suno.com.br\/noticias\/gol-registra-prejuizo-terceiro-trimestre\/#article","isPartOf":{"@id":"https:\/\/www.suno.com.br\/noticias\/gol-registra-prejuizo-terceiro-trimestre\/"},"author":{"name":"Poliana Santos","@id":"https:\/\/www.suno.com.br\/noticias\/#\/schema\/person\/02ec1f752758247878a2bf4abee1aeda"},"headline":"Gol registra preju\u00edzo de R$ 171 milh\u00f5es no 3T19, queda de 60%","datePublished":"2019-10-31T12:41:21+00:00","dateModified":"2021-06-21T09:20:24+00:00","mainEntityOfPage":{"@id":"https:\/\/www.suno.com.br\/noticias\/gol-registra-prejuizo-terceiro-trimestre\/"},"wordCount":396,"publisher":{"@id":"https:\/\/www.suno.com.br\/noticias\/#organization"},"image":{"@id":"https:\/\/www.suno.com.br\/noticias\/gol-registra-prejuizo-terceiro-trimestre\/#primaryimage"},"thumbnailUrl":"https:\/\/files.sunoresearch.com.br\/n\/uploads\/2019\/03\/b18cf601-gol-jpg.webp","keywords":["Gol Linhas A\u00e9reas (GOLL11\/GOLL4)","Resultado das empresas"],"articleSection":["Neg\u00f3cios"],"inLanguage":"pt-BR"},{"@type":"WebPage","@id":"https:\/\/www.suno.com.br\/noticias\/gol-registra-prejuizo-terceiro-trimestre\/","url":"https:\/\/www.suno.com.br\/noticias\/gol-registra-prejuizo-terceiro-trimestre\/","name":"Gol registra preju\u00edzo de R$ 171 milh\u00f5es no 3T19, queda de 60%","isPartOf":{"@id":"https:\/\/www.suno.com.br\/noticias\/#website"},"primaryImageOfPage":{"@id":"https:\/\/www.suno.com.br\/noticias\/gol-registra-prejuizo-terceiro-trimestre\/#primaryimage"},"image":{"@id":"https:\/\/www.suno.com.br\/noticias\/gol-registra-prejuizo-terceiro-trimestre\/#primaryimage"},"thumbnailUrl":"https:\/\/files.sunoresearch.com.br\/n\/uploads\/2019\/03\/b18cf601-gol-jpg.webp","datePublished":"2019-10-31T12:41:21+00:00","dateModified":"2021-06-21T09:20:24+00:00","description":"A Gol Linhas A\u00e9reas (GOLL4) registrou preju\u00edzo l\u00edquido de R$ 171,1 milh\u00f5es no terceiro trimestre deste ano.Clique aqui e saiba mais","breadcrumb":{"@id":"https:\/\/www.suno.com.br\/noticias\/gol-registra-prejuizo-terceiro-trimestre\/#breadcrumb"},"inLanguage":"pt-BR","potentialAction":[{"@type":"ReadAction","target":["https:\/\/www.suno.com.br\/noticias\/gol-registra-prejuizo-terceiro-trimestre\/"]}]},{"@type":"ImageObject","inLanguage":"pt-BR","@id":"https:\/\/www.suno.com.br\/noticias\/gol-registra-prejuizo-terceiro-trimestre\/#primaryimage","url":"https:\/\/files.sunoresearch.com.br\/n\/uploads\/2019\/03\/b18cf601-gol-jpg.webp","contentUrl":"https:\/\/files.sunoresearch.com.br\/n\/uploads\/2019\/03\/b18cf601-gol-jpg.webp","width":1024,"height":683,"caption":"Avi\u00e3o da Gol (foto: divulga\u00e7\u00e3o)"},{"@type":"BreadcrumbList","@id":"https:\/\/www.suno.com.br\/noticias\/gol-registra-prejuizo-terceiro-trimestre\/#breadcrumb","itemListElement":[{"@type":"ListItem","position":1,"name":"Not\u00edcias","item":"https:\/\/www.suno.com.br\/noticias\/"},{"@type":"ListItem","position":2,"name":"Neg\u00f3cios","item":"https:\/\/www.suno.com.br\/noticias\/negocios\/"},{"@type":"ListItem","position":3,"name":"Gol registra preju\u00edzo de R$ 171 milh\u00f5es no 3T19, queda de 60%"}]},{"@type":"WebSite","@id":"https:\/\/www.suno.com.br\/noticias\/#website","url":"https:\/\/www.suno.com.br\/noticias\/","name":"Suno Not\u00edcias","description":"Seu portal de informa\u00e7\u00e3o sobre o mundo dos investimentos","publisher":{"@id":"https:\/\/www.suno.com.br\/noticias\/#organization"},"potentialAction":[{"@type":"SearchAction","target":{"@type":"EntryPoint","urlTemplate":"https:\/\/www.suno.com.br\/noticias\/?s={search_term_string}"},"query-input":{"@type":"PropertyValueSpecification","valueRequired":true,"valueName":"search_term_string"}}],"inLanguage":"pt-BR"},{"@type":"Organization","@id":"https:\/\/www.suno.com.br\/noticias\/#organization","name":"Suno Not\u00edcias","url":"https:\/\/www.suno.com.br\/noticias\/","logo":{"@type":"ImageObject","inLanguage":"pt-BR","@id":"https:\/\/www.suno.com.br\/noticias\/#\/schema\/logo\/image\/","url":"https:\/\/files.sunoresearch.com.br\/n\/uploads\/2021\/09\/suno-logo.png","contentUrl":"https:\/\/files.sunoresearch.com.br\/n\/uploads\/2021\/09\/suno-logo.png","width":180,"height":180,"caption":"Suno Not\u00edcias"},"image":{"@id":"https:\/\/www.suno.com.br\/noticias\/#\/schema\/logo\/image\/"},"sameAs":["https:\/\/facebook.com\/sunoresearch","https:\/\/x.com\/sunoresearch","https:\/\/www.instagram.com\/suno","https:\/\/www.linkedin.com\/company\/suno-research\/","https:\/\/www.youtube.com\/c\/sunoresearch"]},{"@type":"Person","@id":"https:\/\/www.suno.com.br\/noticias\/#\/schema\/person\/02ec1f752758247878a2bf4abee1aeda","name":"Poliana Santos","image":{"@type":"ImageObject","inLanguage":"pt-BR","@id":"https:\/\/www.suno.com.br\/noticias\/#\/schema\/person\/image\/","url":"https:\/\/secure.gravatar.com\/avatar\/0645bd32f23d87b2130f2b2dff1d3f8d?s=96&r=g","contentUrl":"https:\/\/secure.gravatar.com\/avatar\/0645bd32f23d87b2130f2b2dff1d3f8d?s=96&r=g","caption":"Poliana Santos"},"description":"Rep\u00f3rter no Suno Not\u00edcias, com cobertura em mercado financeiro, economia, finan\u00e7as pessoais, renda fixa e varejo. Jornalista formada pela Faculdade C\u00e1sper L\u00edbero e possui passagem na R\u00e1dio Gazeta AM com a produ\u00e7\u00e3o de conte\u00fado sobre economia, pol\u00edtica, sa\u00fade, moda e m\u00fasica. Possui certificado de conclus\u00e3o do curso de An\u00e1lise de Balan\u00e7os pela Funda\u00e7\u00e3o Bradesco, Agenda Brasil pela FAAP, Educa\u00e7\u00e3o Pol\u00edtica por Alexandre Garcia e do Tesouro Direto e Mercado de A\u00e7\u00f5es pela B3.","url":"https:\/\/www.suno.com.br\/noticias\/author\/poliana-santos\/"}]}},"default_loop_html":"<div class=\"cardsPage__listCard__boxs\"><div class=\"cardsPage__listCard__boxs__img\"><a href=\"https:\/\/www.suno.com.br\/noticias\/gol-registra-prejuizo-terceiro-trimestre\/\"><img class=\"mask\" src=\"https:\/\/www.suno.com.br\/noticias\/wp-content\/themes\/suno\/resources\/images\/spotlight\/spotlight1img\/bg-mask.png\" alt=\"Image Mask\"\/><img src=\"https:\/\/files.sunoresearch.com.br\/n\/uploads\/2019\/03\/b18cf601-gol-400x200.webp\" alt=\"Gol registra preju\u00edzo de R$ 171 milh\u00f5es no 3T19, queda de 60%\"\/><\/a><span class=\"spotlightCategory\"><a href=\"https:\/\/www.suno.com.br\/noticias\/negocios\/\">Neg\u00f3cios<\/a><\/span><\/div><div class=\"cardsPage__listCard__boxs__content\"><a href=\"https:\/\/www.suno.com.br\/noticias\/gol-registra-prejuizo-terceiro-trimestre\/\"><h2 class=\"content__title\">Gol registra preju\u00edzo de R$ 171 milh\u00f5es no 3T19, queda de 60%<\/h2><\/a><div class=\"newsContent__article__meta\"><div class=\"newsContent__article__meta__authorBox\"><a href=\"https:\/\/www.suno.com.br\/noticias\/author\/poliana-santos\/\" class=\"authorBox__avatar noMobi\"><img src=\"https:\/\/files.sunoresearch.com.br\/n\/uploads\/2020\/08\/7ef34026-whatsapp-image-2020-08-03-at-12.37.57-150x150.webp\" alt=\"Poliana Santos\"><\/a><div class=\"authorBox__name\"><span>por\n\t\t\t<a href=\"https:\/\/www.suno.com.br\/noticias\/author\/poliana-santos\/\"><span itemprop=\"author\">Poliana Santos<\/span><\/a><\/span><time datetime=\"2019-10-31T10:41:21-03:00\" itemprop=\"datePublished\">31\/10\/2019 10:41<\/time><\/div><\/div><\/div><\/div><\/div>","single_layout":"posts","amp_enabled":true,"_links":{"self":[{"href":"https:\/\/www.suno.com.br\/noticias\/wp-json\/wp\/v2\/posts\/43142"}],"collection":[{"href":"https:\/\/www.suno.com.br\/noticias\/wp-json\/wp\/v2\/posts"}],"about":[{"href":"https:\/\/www.suno.com.br\/noticias\/wp-json\/wp\/v2\/types\/post"}],"author":[{"embeddable":true,"href":"https:\/\/www.suno.com.br\/noticias\/wp-json\/wp\/v2\/users\/15"}],"replies":[{"embeddable":true,"href":"https:\/\/www.suno.com.br\/noticias\/wp-json\/wp\/v2\/comments?post=43142"}],"version-history":[{"count":1,"href":"https:\/\/www.suno.com.br\/noticias\/wp-json\/wp\/v2\/posts\/43142\/revisions"}],"predecessor-version":[{"id":159738,"href":"https:\/\/www.suno.com.br\/noticias\/wp-json\/wp\/v2\/posts\/43142\/revisions\/159738"}],"wp:featuredmedia":[{"embeddable":true,"href":"https:\/\/www.suno.com.br\/noticias\/wp-json\/wp\/v2\/media\/17608"}],"wp:attachment":[{"href":"https:\/\/www.suno.com.br\/noticias\/wp-json\/wp\/v2\/media?parent=43142"}],"wp:term":[{"taxonomy":"category","embeddable":true,"href":"https:\/\/www.suno.com.br\/noticias\/wp-json\/wp\/v2\/categories?post=43142"},{"taxonomy":"post_tag","embeddable":true,"href":"https:\/\/www.suno.com.br\/noticias\/wp-json\/wp\/v2\/tags?post=43142"},{"taxonomy":"suno_strategy","embeddable":true,"href":"https:\/\/www.suno.com.br\/noticias\/wp-json\/wp\/v2\/suno_strategy?post=43142"}],"curies":[{"name":"wp","href":"https:\/\/api.w.org\/{rel}","templated":true}]}}