{"id":43132,"date":"2019-10-31T09:50:33","date_gmt":"2019-10-31T11:50:33","guid":{"rendered":"https:\/\/www.suno.com.br\/noticias\/?p=43132"},"modified":"2019-11-01T14:15:17","modified_gmt":"2019-11-01T16:15:17","slug":"divida-publica-deve-comecar-a-recuar-em-2023-diz-tesouro-nacional","status":"publish","type":"post","link":"https:\/\/www.suno.com.br\/noticias\/divida-publica-deve-comecar-a-recuar-em-2023-diz-tesouro-nacional\/","title":{"rendered":"D\u00edvida p\u00fablica deve come\u00e7ar a recuar em 2023, diz Tesouro Nacional"},"content":{"rendered":"<p>Mesmo ap\u00f3s a aprova\u00e7\u00e3o da reforma da Previd\u00eancia e a execu\u00e7\u00e3o do teto de gastos, a <a href=\"https:\/\/www.suno.com.br\/artigos\/divida-publica\/\"><strong>D\u00edvida Bruta do Governo Geral (DBGG)<\/strong><\/a> deve come\u00e7ar a cair em 2023, disse o <strong>Tesouro Nacional<\/strong>. A proje\u00e7\u00e3o est\u00e1 no relat\u00f3rio divulgado pelo <a href=\"https:\/\/www.suno.com.br\/artigos\/bacen\/\"><strong>Banco Central (BC)<\/strong><\/a> na \u00faltima quarta-feira (30), avaliando as perspectivas para a d\u00edvida p\u00fablica brasileira.<\/p>\t<div class=\"wrapper-featured-image\">\n\t\t<figure class=\"spotlightImg\">\n\n\t\t\t<picture>\n\t\t\t\t<source media=\"(max-width: 768px)\" srcset=\"https:\/\/files.sunoresearch.com.br\/n\/uploads\/2019\/04\/95806852-moedas-dinheiro-400x200.webp\">\n\t\t\t\t<img loading=\"lazy\" decoding=\"async\" class=\"newsContent__article__imgCapa lazyloadDisabled newsContent__article__imgCapa--noCaption\" src=\"https:\/\/files.sunoresearch.com.br\/n\/uploads\/2019\/04\/95806852-moedas-dinheiro-800x450.webp\" width=\"800\" height=\"450\" alt=\"D\u00edvida p\u00fablica deve come\u00e7ar a recuar em 2023, diz Tesouro Nacional\" fetchpriority=high \/>\n\t\t\t<\/picture>\n\n\t\t\t<figcaption class=\"wp-caption-text wp-caption-text--hide\">O preg\u00e3o do Tesouro Direto funciona das 9h30 \u00e0s 18h.<\/figcaption>\n\t\t<\/figure>\n\t<\/div>\n\n\n\n<p>De acordo com o Tesouro, a <strong>d\u00edvida p\u00fablica<\/strong>, levando em considera\u00e7\u00e3o o endividamento bruto da Uni\u00e3o, dos estados e dos munic\u00edpios, dever\u00e1 acabar o ano em 80,8% do <a href=\"https:\/\/www.suno.com.br\/artigos\/pib-produto-interno-bruto\/\">Produto Interno Bruto (PIB)<\/a> e permanecer em alta at\u00e9 chegar em 81,8% em 2022.<\/p>\n<p>Levando em considera\u00e7\u00e3o o retorno dos super\u00e1vits prim\u00e1rios, que \u00e9 a garantia de pagamento dos juros da d\u00edvida p\u00fablica, a d\u00edvida bruta come\u00e7aria a cair lentamente em 2023, at\u00e9 chegar a 73,5% do <strong>PIB<\/strong> em 2028.<\/p>\n<p><a href=\"https:\/\/www.suno.com.br\/noticias\/bradesco-lucro-liquido-6-5-bilhoes\/\">Confira: Bradesco registra lucro l\u00edquido de R$ 6,5 bilh\u00f5es no 3T19<\/a><\/p>\n<p>A D\u00edvida L\u00edquida do Setor P\u00fablico (DLSP), que agrega o que o governo tem a pagar e a receber, chegaria ao ponto mais alto de de 64,8% do PIB em 2024. A partir do ano seguinte, cairia at\u00e9 chegar em 61,5% em 2028.<\/p>\n<p>O panorama estudado leva em considera\u00e7\u00e3o o crescimento m\u00e9dio anual de 2,44% do PIB de 2020 a 2028 e <a href=\"https:\/\/www.suno.com.br\/artigos\/taxa-selic\/\">taxa b\u00e1sica de juros (Selic)<\/a> por volta de 6,59% ao ano no durante este per\u00edodo.<\/p>\n<h2>Perspectivas macroecon\u00f4micas podem favorecer a d\u00edvida p\u00fablica<\/h2>\n<p>Mansueto Almeida, secret\u00e1rio do <a href=\"https:\/\/www.suno.com.br\/artigos\/tesouro-nacional\/\">Tesouro<\/a>, salientou que os resultados dos cortes da Selic, no <a href=\"https:\/\/www.suno.com.br\/noticias\/banco-central-corta-selic-30102019\/\">menor patamar na sua s\u00e9rie hist\u00f3rica<\/a>, foram computados nas proje\u00e7\u00f5es e v\u00e3o beneficiar a trajet\u00f3ria da d\u00edvida p\u00fablica nos pr\u00f3ximos anos.<\/p>\n\t<p>\n\t\t<a href=\"https:\/\/lp.suno.com.br\/plataforma-de-controle-de-investimentos\/\" target=\"_blank\" data-element=\"shortcode-suno-banner\" title=\"Banner SUNO, clique e saiba mais\">\n\t\t\t<picture>\n\t\t\t\t<source media=\"(max-width: 500px)\" srcset=\"https:\/\/files.sunoresearch.com.br\/n\/uploads\/2023\/03\/400x300-Controle-de-Investimentos.png\">\n\t\t\t\t<img class=\"newsContent__article__imgCapa newsContent__article__imgCapa--banner\"\n\t\t\t\t\tsrc=\"https:\/\/files.sunoresearch.com.br\/n\/uploads\/2023\/03\/1420x240-Controle-de-Investimentos.png\"\n\t\t\t\t\tdata-promo-id=\"383162\"\t\t\t\t\t\t\t\t\t\twidth='1420' height='240'\t\t\t\t\talt=\"https:\/\/files.sunoresearch.com.br\/n\/uploads\/2023\/03\/1420x240-Controle-de-Investimentos.png\"\n\t\t\t\t>\n\t\t\t<\/picture>\n\t\t<\/a>\n\t<\/p>\n\n\n<p>\u201cNossa d\u00edvida p\u00fablica tem um prazo m\u00e9dio muito baixo, em torno de quatro anos. Isso significa que, nos pr\u00f3ximos quatro anos, a d\u00edvida p\u00fablica vai ser renovada com juros muito mais baixos que as taxas anteriores\u201d, afirmou Mansueto.<\/p>\n<p>O secret\u00e1rio ressaltou que, h\u00e1 tr\u00eas anos, a <strong>taxa Selic<\/strong> estava em 14,25% ao ano, contra 5% atualmente. \u201cEstamos num cen\u00e1rio de juros impens\u00e1vel h\u00e1 tr\u00eas anos. Isso exige um prim\u00e1rio menor para colocar a d\u00edvida em trajet\u00f3ria de queda\u201d, acrescentou.<\/p>\n<p>Mesmo que as previs\u00f5es considerem a taxa de juros baixa, o teto de gastos e a aprova\u00e7\u00e3o da reforma previdenci\u00e1ria, o secret\u00e1rio afirmou que a d\u00edvida p\u00fablica pode recuar mais que o esperado com o leil\u00e3o da cess\u00e3o onerosa dos barris de petr\u00f3leo da camada pr\u00e9-sal.<\/p>\n<p><a href=\"https:\/\/www.suno.com.br\/noticias\/magazine-luiza-prepara-oferta-90-milhoes-de-acoes\/\">Saiba mais: Magazine Luiza prepara oferta de 90 milh\u00f5es de a\u00e7\u00f5es ordin\u00e1rias<\/a><\/p>\n<p>Al\u00e9m disso, a devolu\u00e7\u00e3o extra de R$ 30 bilh\u00f5es do <a href=\"https:\/\/www.suno.com.br\/artigos\/bancos-de-desenvolvimento\/\">Banco Nacional de Desenvolvimento Econ\u00f4mico e Social (BNDES)<\/a> ao Tesouro e a realiza\u00e7\u00e3o de algumas privatiza\u00e7\u00f5es podem beneficiar as contas federais.<\/p>\n<p>Apesar da conten\u00e7\u00e3o e do menor endividamento do endividamento do governo nos anos a seguir, o relat\u00f3rio refor\u00e7ou que a d\u00edvida bruta, indicador utilizado como par\u00e2metro nas compara\u00e7\u00f5es internacionais, continuar\u00e1 elevada em rela\u00e7\u00e3o a outros pa\u00edses semelhantes ao Brasil.<\/p>\n<p>A <strong>D\u00edvida Bruta do Governo Geral<\/strong> terminou o ano passado em 77,2% do PIB, contra a m\u00e9dia de 50,8% nas economias emergentes de renda m\u00e9dia.<\/p>\n<p><a href=\"https:\/\/www.suno.com.br\/noticias\/caixa-fgts-taxa-administrativa-05\/\">Veja tamb\u00e9m: Caixa quer reduzir taxa do FGTS em 0,5% para permanecer com monop\u00f3lio<\/a><\/p>\n<p>O distanciamento \u00e9 ainda maior se comparado com pa\u00edses emergentes com maior grau de investimento. Essas economias chegaram ao fim de 2018 com sua <strong>d\u00edvida p\u00fablica<\/strong> de 43,7% do PIB, em m\u00e9dia.<\/p>\n","protected":false},"excerpt":{"rendered":"<p>Mesmo ap\u00f3s a aprova\u00e7\u00e3o da reforma da Previd\u00eancia e a execu\u00e7\u00e3o do teto de gastos, a D\u00edvida Bruta do Governo Geral (DBGG) deve come\u00e7ar a cair em 2023, disse o Tesouro Nacional. A proje\u00e7\u00e3o est\u00e1 no relat\u00f3rio divulgado pelo Banco Central (BC) na \u00faltima quarta-feira (30), avaliando as perspectivas para a d\u00edvida p\u00fablica brasileira. O [&hellip;]<\/p>\n","protected":false},"author":24,"featured_media":22594,"comment_status":"closed","ping_status":"closed","sticky":false,"template":"","format":"standard","meta":[],"categories":[62],"tags":[1044],"suno_strategy":[],"class_list":["post-43132","post","type-post","status-publish","format-standard","has-post-thumbnail","hentry","category-economia","tag-tesouro-nacional"],"yoast_head":"<!-- This site is optimized with the Yoast SEO plugin v24.4 - https:\/\/yoast.com\/wordpress\/plugins\/seo\/ -->\n<title>D\u00edvida p\u00fablica deve come\u00e7ar a recuar em 2023, diz Tesouro Nacional<\/title>\n<meta name=\"description\" content=\"A d\u00edvida p\u00fablica deve come\u00e7ar a cair em 2023. A proje\u00e7\u00e3o foi divulgada pelo Banco Central na \u00faltima quarta-feira. Clique aqui e saiba mais.\" \/>\n<meta name=\"robots\" content=\"index, follow, max-snippet:-1, max-image-preview:large, max-video-preview:-1\" \/>\n<link rel=\"canonical\" href=\"https:\/\/www.suno.com.br\/noticias\/divida-publica-deve-comecar-a-recuar-em-2023-diz-tesouro-nacional\/\" \/>\n<meta property=\"og:locale\" content=\"pt_BR\" \/>\n<meta property=\"og:type\" content=\"article\" \/>\n<meta property=\"og:title\" content=\"D\u00edvida p\u00fablica deve come\u00e7ar a recuar em 2023, diz Tesouro Nacional\" \/>\n<meta property=\"og:description\" content=\"A d\u00edvida p\u00fablica deve come\u00e7ar a cair em 2023. A proje\u00e7\u00e3o foi divulgada pelo Banco Central na \u00faltima quarta-feira. Clique aqui e saiba mais.\" \/>\n<meta property=\"og:url\" content=\"https:\/\/www.suno.com.br\/noticias\/divida-publica-deve-comecar-a-recuar-em-2023-diz-tesouro-nacional\/\" \/>\n<meta property=\"og:site_name\" content=\"Suno Not\u00edcias\" \/>\n<meta property=\"article:publisher\" content=\"https:\/\/facebook.com\/sunoresearch\" \/>\n<meta property=\"og:image\" content=\"https:\/\/files.sunoresearch.com.br\/n\/uploads\/2019\/04\/95806852-moedas-dinheiro.jpg\" \/>\n\t<meta property=\"og:image:width\" content=\"1920\" \/>\n\t<meta property=\"og:image:height\" content=\"1440\" \/>\n\t<meta property=\"og:image:type\" content=\"image\/jpeg\" \/>\n<meta name=\"author\" content=\"Jader Lazarini\" \/>\n<meta name=\"twitter:card\" content=\"summary_large_image\" \/>\n<meta name=\"twitter:creator\" content=\"@sunoresearch\" \/>\n<meta name=\"twitter:site\" content=\"@sunoresearch\" \/>\n<meta name=\"twitter:label1\" content=\"Escrito por\" \/>\n\t<meta name=\"twitter:data1\" content=\"Jader Lazarini\" \/>\n\t<meta name=\"twitter:label2\" content=\"Est. tempo de leitura\" \/>\n\t<meta name=\"twitter:data2\" content=\"3 minutos\" \/>\n<script type=\"application\/ld+json\" class=\"yoast-schema-graph\">{\"@context\":\"https:\/\/schema.org\",\"@graph\":[{\"@type\":\"NewsArticle\",\"@id\":\"https:\/\/www.suno.com.br\/noticias\/divida-publica-deve-comecar-a-recuar-em-2023-diz-tesouro-nacional\/#article\",\"isPartOf\":{\"@id\":\"https:\/\/www.suno.com.br\/noticias\/divida-publica-deve-comecar-a-recuar-em-2023-diz-tesouro-nacional\/\"},\"author\":{\"name\":\"Jader Lazarini\",\"@id\":\"https:\/\/www.suno.com.br\/noticias\/#\/schema\/person\/918d79de1f0281f01599b93f9ea6e23f\"},\"headline\":\"D\u00edvida p\u00fablica deve come\u00e7ar a recuar em 2023, diz Tesouro Nacional\",\"datePublished\":\"2019-10-31T11:50:33+00:00\",\"dateModified\":\"2019-11-01T16:15:17+00:00\",\"mainEntityOfPage\":{\"@id\":\"https:\/\/www.suno.com.br\/noticias\/divida-publica-deve-comecar-a-recuar-em-2023-diz-tesouro-nacional\/\"},\"wordCount\":623,\"publisher\":{\"@id\":\"https:\/\/www.suno.com.br\/noticias\/#organization\"},\"image\":{\"@id\":\"https:\/\/www.suno.com.br\/noticias\/divida-publica-deve-comecar-a-recuar-em-2023-diz-tesouro-nacional\/#primaryimage\"},\"thumbnailUrl\":\"https:\/\/files.sunoresearch.com.br\/n\/uploads\/2019\/04\/95806852-moedas-dinheiro-jpg.webp\",\"keywords\":[\"Tesouro Nacional\"],\"articleSection\":[\"Economia\"],\"inLanguage\":\"pt-BR\"},{\"@type\":\"WebPage\",\"@id\":\"https:\/\/www.suno.com.br\/noticias\/divida-publica-deve-comecar-a-recuar-em-2023-diz-tesouro-nacional\/\",\"url\":\"https:\/\/www.suno.com.br\/noticias\/divida-publica-deve-comecar-a-recuar-em-2023-diz-tesouro-nacional\/\",\"name\":\"D\u00edvida p\u00fablica deve come\u00e7ar a recuar em 2023, diz Tesouro Nacional\",\"isPartOf\":{\"@id\":\"https:\/\/www.suno.com.br\/noticias\/#website\"},\"primaryImageOfPage\":{\"@id\":\"https:\/\/www.suno.com.br\/noticias\/divida-publica-deve-comecar-a-recuar-em-2023-diz-tesouro-nacional\/#primaryimage\"},\"image\":{\"@id\":\"https:\/\/www.suno.com.br\/noticias\/divida-publica-deve-comecar-a-recuar-em-2023-diz-tesouro-nacional\/#primaryimage\"},\"thumbnailUrl\":\"https:\/\/files.sunoresearch.com.br\/n\/uploads\/2019\/04\/95806852-moedas-dinheiro-jpg.webp\",\"datePublished\":\"2019-10-31T11:50:33+00:00\",\"dateModified\":\"2019-11-01T16:15:17+00:00\",\"description\":\"A d\u00edvida p\u00fablica deve come\u00e7ar a cair em 2023. A proje\u00e7\u00e3o foi divulgada pelo Banco Central na \u00faltima quarta-feira. Clique aqui e saiba mais.\",\"breadcrumb\":{\"@id\":\"https:\/\/www.suno.com.br\/noticias\/divida-publica-deve-comecar-a-recuar-em-2023-diz-tesouro-nacional\/#breadcrumb\"},\"inLanguage\":\"pt-BR\",\"potentialAction\":[{\"@type\":\"ReadAction\",\"target\":[\"https:\/\/www.suno.com.br\/noticias\/divida-publica-deve-comecar-a-recuar-em-2023-diz-tesouro-nacional\/\"]}]},{\"@type\":\"ImageObject\",\"inLanguage\":\"pt-BR\",\"@id\":\"https:\/\/www.suno.com.br\/noticias\/divida-publica-deve-comecar-a-recuar-em-2023-diz-tesouro-nacional\/#primaryimage\",\"url\":\"https:\/\/files.sunoresearch.com.br\/n\/uploads\/2019\/04\/95806852-moedas-dinheiro-jpg.webp\",\"contentUrl\":\"https:\/\/files.sunoresearch.com.br\/n\/uploads\/2019\/04\/95806852-moedas-dinheiro-jpg.webp\",\"width\":1920,\"height\":1440,\"caption\":\"O preg\u00e3o do Tesouro Direto funciona das 9h30 \u00e0s 18h.\"},{\"@type\":\"BreadcrumbList\",\"@id\":\"https:\/\/www.suno.com.br\/noticias\/divida-publica-deve-comecar-a-recuar-em-2023-diz-tesouro-nacional\/#breadcrumb\",\"itemListElement\":[{\"@type\":\"ListItem\",\"position\":1,\"name\":\"Not\u00edcias\",\"item\":\"https:\/\/www.suno.com.br\/noticias\/\"},{\"@type\":\"ListItem\",\"position\":2,\"name\":\"Economia\",\"item\":\"https:\/\/www.suno.com.br\/noticias\/economia\/\"},{\"@type\":\"ListItem\",\"position\":3,\"name\":\"D\u00edvida p\u00fablica deve come\u00e7ar a recuar em 2023, diz Tesouro Nacional\"}]},{\"@type\":\"WebSite\",\"@id\":\"https:\/\/www.suno.com.br\/noticias\/#website\",\"url\":\"https:\/\/www.suno.com.br\/noticias\/\",\"name\":\"Suno Not\u00edcias\",\"description\":\"Seu portal de informa\u00e7\u00e3o sobre o mundo dos investimentos\",\"publisher\":{\"@id\":\"https:\/\/www.suno.com.br\/noticias\/#organization\"},\"potentialAction\":[{\"@type\":\"SearchAction\",\"target\":{\"@type\":\"EntryPoint\",\"urlTemplate\":\"https:\/\/www.suno.com.br\/noticias\/?s={search_term_string}\"},\"query-input\":{\"@type\":\"PropertyValueSpecification\",\"valueRequired\":true,\"valueName\":\"search_term_string\"}}],\"inLanguage\":\"pt-BR\"},{\"@type\":\"Organization\",\"@id\":\"https:\/\/www.suno.com.br\/noticias\/#organization\",\"name\":\"Suno Not\u00edcias\",\"url\":\"https:\/\/www.suno.com.br\/noticias\/\",\"logo\":{\"@type\":\"ImageObject\",\"inLanguage\":\"pt-BR\",\"@id\":\"https:\/\/www.suno.com.br\/noticias\/#\/schema\/logo\/image\/\",\"url\":\"https:\/\/files.sunoresearch.com.br\/n\/uploads\/2021\/09\/suno-logo.png\",\"contentUrl\":\"https:\/\/files.sunoresearch.com.br\/n\/uploads\/2021\/09\/suno-logo.png\",\"width\":180,\"height\":180,\"caption\":\"Suno Not\u00edcias\"},\"image\":{\"@id\":\"https:\/\/www.suno.com.br\/noticias\/#\/schema\/logo\/image\/\"},\"sameAs\":[\"https:\/\/facebook.com\/sunoresearch\",\"https:\/\/x.com\/sunoresearch\",\"https:\/\/www.instagram.com\/suno\",\"https:\/\/www.linkedin.com\/company\/suno-research\/\",\"https:\/\/www.youtube.com\/c\/sunoresearch\"]},{\"@type\":\"Person\",\"@id\":\"https:\/\/www.suno.com.br\/noticias\/#\/schema\/person\/918d79de1f0281f01599b93f9ea6e23f\",\"name\":\"Jader Lazarini\",\"image\":{\"@type\":\"ImageObject\",\"inLanguage\":\"pt-BR\",\"@id\":\"https:\/\/www.suno.com.br\/noticias\/#\/schema\/person\/image\/\",\"url\":\"https:\/\/secure.gravatar.com\/avatar\/3c1ad8caa51589841baeb923fcddea97?s=96&r=g\",\"contentUrl\":\"https:\/\/secure.gravatar.com\/avatar\/3c1ad8caa51589841baeb923fcddea97?s=96&r=g\",\"caption\":\"Jader Lazarini\"},\"description\":\"Jader Lazarini escreve sobre investimentos, finan\u00e7as, economia e neg\u00f3cios. \u00c9 bacharel em Rela\u00e7\u00f5es Internacionais e analista CNPI (2619).\",\"url\":\"https:\/\/www.suno.com.br\/noticias\/author\/jader-lazarini\/\"}]}<\/script>\n<!-- \/ Yoast SEO plugin. -->","yoast_head_json":{"title":"D\u00edvida p\u00fablica deve come\u00e7ar a recuar em 2023, diz Tesouro Nacional","description":"A d\u00edvida p\u00fablica deve come\u00e7ar a cair em 2023. A proje\u00e7\u00e3o foi divulgada pelo Banco Central na \u00faltima quarta-feira. Clique aqui e saiba mais.","robots":{"index":"index","follow":"follow","max-snippet":"max-snippet:-1","max-image-preview":"max-image-preview:large","max-video-preview":"max-video-preview:-1"},"canonical":"https:\/\/www.suno.com.br\/noticias\/divida-publica-deve-comecar-a-recuar-em-2023-diz-tesouro-nacional\/","og_locale":"pt_BR","og_type":"article","og_title":"D\u00edvida p\u00fablica deve come\u00e7ar a recuar em 2023, diz Tesouro Nacional","og_description":"A d\u00edvida p\u00fablica deve come\u00e7ar a cair em 2023. A proje\u00e7\u00e3o foi divulgada pelo Banco Central na \u00faltima quarta-feira. Clique aqui e saiba mais.","og_url":"https:\/\/www.suno.com.br\/noticias\/divida-publica-deve-comecar-a-recuar-em-2023-diz-tesouro-nacional\/","og_site_name":"Suno Not\u00edcias","article_publisher":"https:\/\/facebook.com\/sunoresearch","og_image":[{"width":1920,"height":1440,"url":"https:\/\/files.sunoresearch.com.br\/n\/uploads\/2019\/04\/95806852-moedas-dinheiro.jpg","type":"image\/jpeg"}],"author":"Jader Lazarini","twitter_card":"summary_large_image","twitter_creator":"@sunoresearch","twitter_site":"@sunoresearch","twitter_misc":{"Escrito por":"Jader Lazarini","Est. tempo de leitura":"3 minutos"},"schema":{"@context":"https:\/\/schema.org","@graph":[{"@type":"NewsArticle","@id":"https:\/\/www.suno.com.br\/noticias\/divida-publica-deve-comecar-a-recuar-em-2023-diz-tesouro-nacional\/#article","isPartOf":{"@id":"https:\/\/www.suno.com.br\/noticias\/divida-publica-deve-comecar-a-recuar-em-2023-diz-tesouro-nacional\/"},"author":{"name":"Jader Lazarini","@id":"https:\/\/www.suno.com.br\/noticias\/#\/schema\/person\/918d79de1f0281f01599b93f9ea6e23f"},"headline":"D\u00edvida p\u00fablica deve come\u00e7ar a recuar em 2023, diz Tesouro Nacional","datePublished":"2019-10-31T11:50:33+00:00","dateModified":"2019-11-01T16:15:17+00:00","mainEntityOfPage":{"@id":"https:\/\/www.suno.com.br\/noticias\/divida-publica-deve-comecar-a-recuar-em-2023-diz-tesouro-nacional\/"},"wordCount":623,"publisher":{"@id":"https:\/\/www.suno.com.br\/noticias\/#organization"},"image":{"@id":"https:\/\/www.suno.com.br\/noticias\/divida-publica-deve-comecar-a-recuar-em-2023-diz-tesouro-nacional\/#primaryimage"},"thumbnailUrl":"https:\/\/files.sunoresearch.com.br\/n\/uploads\/2019\/04\/95806852-moedas-dinheiro-jpg.webp","keywords":["Tesouro Nacional"],"articleSection":["Economia"],"inLanguage":"pt-BR"},{"@type":"WebPage","@id":"https:\/\/www.suno.com.br\/noticias\/divida-publica-deve-comecar-a-recuar-em-2023-diz-tesouro-nacional\/","url":"https:\/\/www.suno.com.br\/noticias\/divida-publica-deve-comecar-a-recuar-em-2023-diz-tesouro-nacional\/","name":"D\u00edvida p\u00fablica deve come\u00e7ar a recuar em 2023, diz Tesouro Nacional","isPartOf":{"@id":"https:\/\/www.suno.com.br\/noticias\/#website"},"primaryImageOfPage":{"@id":"https:\/\/www.suno.com.br\/noticias\/divida-publica-deve-comecar-a-recuar-em-2023-diz-tesouro-nacional\/#primaryimage"},"image":{"@id":"https:\/\/www.suno.com.br\/noticias\/divida-publica-deve-comecar-a-recuar-em-2023-diz-tesouro-nacional\/#primaryimage"},"thumbnailUrl":"https:\/\/files.sunoresearch.com.br\/n\/uploads\/2019\/04\/95806852-moedas-dinheiro-jpg.webp","datePublished":"2019-10-31T11:50:33+00:00","dateModified":"2019-11-01T16:15:17+00:00","description":"A d\u00edvida p\u00fablica deve come\u00e7ar a cair em 2023. A proje\u00e7\u00e3o foi divulgada pelo Banco Central na \u00faltima quarta-feira. Clique aqui e saiba mais.","breadcrumb":{"@id":"https:\/\/www.suno.com.br\/noticias\/divida-publica-deve-comecar-a-recuar-em-2023-diz-tesouro-nacional\/#breadcrumb"},"inLanguage":"pt-BR","potentialAction":[{"@type":"ReadAction","target":["https:\/\/www.suno.com.br\/noticias\/divida-publica-deve-comecar-a-recuar-em-2023-diz-tesouro-nacional\/"]}]},{"@type":"ImageObject","inLanguage":"pt-BR","@id":"https:\/\/www.suno.com.br\/noticias\/divida-publica-deve-comecar-a-recuar-em-2023-diz-tesouro-nacional\/#primaryimage","url":"https:\/\/files.sunoresearch.com.br\/n\/uploads\/2019\/04\/95806852-moedas-dinheiro-jpg.webp","contentUrl":"https:\/\/files.sunoresearch.com.br\/n\/uploads\/2019\/04\/95806852-moedas-dinheiro-jpg.webp","width":1920,"height":1440,"caption":"O preg\u00e3o do Tesouro Direto funciona das 9h30 \u00e0s 18h."},{"@type":"BreadcrumbList","@id":"https:\/\/www.suno.com.br\/noticias\/divida-publica-deve-comecar-a-recuar-em-2023-diz-tesouro-nacional\/#breadcrumb","itemListElement":[{"@type":"ListItem","position":1,"name":"Not\u00edcias","item":"https:\/\/www.suno.com.br\/noticias\/"},{"@type":"ListItem","position":2,"name":"Economia","item":"https:\/\/www.suno.com.br\/noticias\/economia\/"},{"@type":"ListItem","position":3,"name":"D\u00edvida p\u00fablica deve come\u00e7ar a recuar em 2023, diz Tesouro Nacional"}]},{"@type":"WebSite","@id":"https:\/\/www.suno.com.br\/noticias\/#website","url":"https:\/\/www.suno.com.br\/noticias\/","name":"Suno Not\u00edcias","description":"Seu portal de informa\u00e7\u00e3o sobre o mundo dos investimentos","publisher":{"@id":"https:\/\/www.suno.com.br\/noticias\/#organization"},"potentialAction":[{"@type":"SearchAction","target":{"@type":"EntryPoint","urlTemplate":"https:\/\/www.suno.com.br\/noticias\/?s={search_term_string}"},"query-input":{"@type":"PropertyValueSpecification","valueRequired":true,"valueName":"search_term_string"}}],"inLanguage":"pt-BR"},{"@type":"Organization","@id":"https:\/\/www.suno.com.br\/noticias\/#organization","name":"Suno Not\u00edcias","url":"https:\/\/www.suno.com.br\/noticias\/","logo":{"@type":"ImageObject","inLanguage":"pt-BR","@id":"https:\/\/www.suno.com.br\/noticias\/#\/schema\/logo\/image\/","url":"https:\/\/files.sunoresearch.com.br\/n\/uploads\/2021\/09\/suno-logo.png","contentUrl":"https:\/\/files.sunoresearch.com.br\/n\/uploads\/2021\/09\/suno-logo.png","width":180,"height":180,"caption":"Suno Not\u00edcias"},"image":{"@id":"https:\/\/www.suno.com.br\/noticias\/#\/schema\/logo\/image\/"},"sameAs":["https:\/\/facebook.com\/sunoresearch","https:\/\/x.com\/sunoresearch","https:\/\/www.instagram.com\/suno","https:\/\/www.linkedin.com\/company\/suno-research\/","https:\/\/www.youtube.com\/c\/sunoresearch"]},{"@type":"Person","@id":"https:\/\/www.suno.com.br\/noticias\/#\/schema\/person\/918d79de1f0281f01599b93f9ea6e23f","name":"Jader Lazarini","image":{"@type":"ImageObject","inLanguage":"pt-BR","@id":"https:\/\/www.suno.com.br\/noticias\/#\/schema\/person\/image\/","url":"https:\/\/secure.gravatar.com\/avatar\/3c1ad8caa51589841baeb923fcddea97?s=96&r=g","contentUrl":"https:\/\/secure.gravatar.com\/avatar\/3c1ad8caa51589841baeb923fcddea97?s=96&r=g","caption":"Jader Lazarini"},"description":"Jader Lazarini escreve sobre investimentos, finan\u00e7as, economia e neg\u00f3cios. \u00c9 bacharel em Rela\u00e7\u00f5es Internacionais e analista CNPI (2619).","url":"https:\/\/www.suno.com.br\/noticias\/author\/jader-lazarini\/"}]}},"default_loop_html":"<div class=\"cardsPage__listCard__boxs\"><div class=\"cardsPage__listCard__boxs__img\"><a href=\"https:\/\/www.suno.com.br\/noticias\/divida-publica-deve-comecar-a-recuar-em-2023-diz-tesouro-nacional\/\"><img class=\"mask\" src=\"https:\/\/www.suno.com.br\/noticias\/wp-content\/themes\/suno\/resources\/images\/spotlight\/spotlight1img\/bg-mask.png\" alt=\"Image Mask\"\/><img src=\"https:\/\/files.sunoresearch.com.br\/n\/uploads\/2019\/04\/95806852-moedas-dinheiro-400x200.webp\" alt=\"D\u00edvida p\u00fablica deve come\u00e7ar a recuar em 2023, diz Tesouro Nacional\"\/><\/a><span class=\"spotlightCategory\"><a href=\"https:\/\/www.suno.com.br\/noticias\/economia\/\">Economia<\/a><\/span><\/div><div class=\"cardsPage__listCard__boxs__content\"><a href=\"https:\/\/www.suno.com.br\/noticias\/divida-publica-deve-comecar-a-recuar-em-2023-diz-tesouro-nacional\/\"><h2 class=\"content__title\">D\u00edvida p\u00fablica deve come\u00e7ar a recuar em 2023, diz Tesouro Nacional<\/h2><\/a><div class=\"newsContent__article__meta\"><div class=\"newsContent__article__meta__authorBox\"><a href=\"https:\/\/www.suno.com.br\/noticias\/author\/jader-lazarini\/\" class=\"authorBox__avatar noMobi\"><img src=\"https:\/\/files.sunoresearch.com.br\/n\/uploads\/2021\/01\/178e6598-foto-perfil-2-150x150.jpg\" alt=\"Jader Lazarini\"><\/a><div class=\"authorBox__name\"><span>por\n\t\t\t<a href=\"https:\/\/www.suno.com.br\/noticias\/author\/jader-lazarini\/\"><span itemprop=\"author\">Jader Lazarini<\/span><\/a><\/span><time datetime=\"2019-10-31T09:50:33-03:00\" itemprop=\"datePublished\">31\/10\/2019 09:50<\/time><\/div><\/div><\/div><\/div><\/div>","single_layout":"posts","amp_enabled":true,"_links":{"self":[{"href":"https:\/\/www.suno.com.br\/noticias\/wp-json\/wp\/v2\/posts\/43132"}],"collection":[{"href":"https:\/\/www.suno.com.br\/noticias\/wp-json\/wp\/v2\/posts"}],"about":[{"href":"https:\/\/www.suno.com.br\/noticias\/wp-json\/wp\/v2\/types\/post"}],"author":[{"embeddable":true,"href":"https:\/\/www.suno.com.br\/noticias\/wp-json\/wp\/v2\/users\/24"}],"replies":[{"embeddable":true,"href":"https:\/\/www.suno.com.br\/noticias\/wp-json\/wp\/v2\/comments?post=43132"}],"version-history":[{"count":0,"href":"https:\/\/www.suno.com.br\/noticias\/wp-json\/wp\/v2\/posts\/43132\/revisions"}],"wp:featuredmedia":[{"embeddable":true,"href":"https:\/\/www.suno.com.br\/noticias\/wp-json\/wp\/v2\/media\/22594"}],"wp:attachment":[{"href":"https:\/\/www.suno.com.br\/noticias\/wp-json\/wp\/v2\/media?parent=43132"}],"wp:term":[{"taxonomy":"category","embeddable":true,"href":"https:\/\/www.suno.com.br\/noticias\/wp-json\/wp\/v2\/categories?post=43132"},{"taxonomy":"post_tag","embeddable":true,"href":"https:\/\/www.suno.com.br\/noticias\/wp-json\/wp\/v2\/tags?post=43132"},{"taxonomy":"suno_strategy","embeddable":true,"href":"https:\/\/www.suno.com.br\/noticias\/wp-json\/wp\/v2\/suno_strategy?post=43132"}],"curies":[{"name":"wp","href":"https:\/\/api.w.org\/{rel}","templated":true}]}}