{"id":43124,"date":"2019-10-31T09:03:33","date_gmt":"2019-10-31T11:03:33","guid":{"rendered":"https:\/\/www.suno.com.br\/noticias\/?p=43124"},"modified":"2019-11-01T14:09:06","modified_gmt":"2019-11-01T16:09:06","slug":"magazine-luiza-prepara-oferta-90-milhoes-de-acoes","status":"publish","type":"post","link":"https:\/\/www.suno.com.br\/noticias\/magazine-luiza-prepara-oferta-90-milhoes-de-acoes\/","title":{"rendered":"Magazine Luiza prepara oferta de 90 milh\u00f5es de a\u00e7\u00f5es ordin\u00e1rias"},"content":{"rendered":"<p>O Magazine Luiza (<strong>MGLU3<\/strong>) informou na noite da \u00faltima quarta-feira (30) que realizar\u00e1 uma oferta p\u00fablica de distribui\u00e7\u00e3o prim\u00e1ria e secund\u00e1ria (<a href=\"https:\/\/www.suno.com.br\/artigos\/follow-on\/\">follow-on<\/a>) de 90 milh\u00f5es de <a href=\"https:\/\/www.suno.com.br\/artigos\/tipos-de-acoes\/\">a\u00e7\u00f5es ordin\u00e1rias<\/a>.<\/p>\t<div class=\"wrapper-featured-image\">\n\t\t<figure class=\"spotlightImg\">\n\n\t\t\t<picture>\n\t\t\t\t<source media=\"(max-width: 768px)\" srcset=\"https:\/\/files.sunoresearch.com.br\/n\/uploads\/2019\/08\/11036ee4-magazine-luiza-400x200.webp\">\n\t\t\t\t<img loading=\"lazy\" decoding=\"async\" class=\"newsContent__article__imgCapa lazyloadDisabled newsContent__article__imgCapa--noCaption\" src=\"https:\/\/files.sunoresearch.com.br\/n\/uploads\/2019\/08\/11036ee4-magazine-luiza-800x450.webp\" width=\"800\" height=\"450\" alt=\"Magazine Luiza prepara oferta de 90 milh\u00f5es de a\u00e7\u00f5es ordin\u00e1rias\" fetchpriority=high \/>\n\t\t\t<\/picture>\n\n\t\t\t<figcaption class=\"wp-caption-text wp-caption-text--hide\">O presidente do Magazine Luiza (MGLU3), Frederico Trajano, disse que o terceiro trimestre consagrou a multicanalidade da empresa. <\/figcaption>\n\t\t<\/figure>\n\t<\/div>\n\n\n\n<p>O <a href=\"https:\/\/www.suno.com.br\/artigos\/fato-relevante\/\">fato relevante<\/a> do <strong>Magazine Luiza<\/strong> informa que o montante total poder\u00e1 ser acrescido em 30 milh\u00f5es de a\u00e7\u00f5es, sendo que, 10 milh\u00f5es seriam uma distribui\u00e7\u00e3o prim\u00e1ria adicional e 20 milh\u00f5es de emiss\u00e3o da companhia e de titularidade dos acionistas vendedores.<\/p>\n<p>Na \u00faltima quarta, ao final do preg\u00e3o na <a href=\"https:\/\/www.suno.com.br\/artigos\/b3\/\">Bolsa de Valores de S\u00e3o Paulo (B3)<\/a>, as a\u00e7\u00f5es ordin\u00e1rias da varejista apresentaram uma alta de 6,97%, sendo cotadas a R$ 44,02.<\/p>\n<p>Dessa forma, inicialmente, a oferta poder\u00e1 fazer com que o <strong>Magazine Luiza<\/strong> capte R$ 3,96 bilh\u00f5es. Se consideradas as a\u00e7\u00f5es adicionais, o volume pode chegar a R$ 5,28 bilh\u00f5es.<\/p>\n<p>Os banco coordenadores da oferta ser\u00e3o:<\/p>\n<ul>\n<li>Banco Ita\u00fa BBA<\/li>\n<li>BTG Pactual<\/li>\n<li>Bank of America Merryl Lynch M\u00faltiplo<\/li>\n<li>J.P. Morgan<\/li>\n<li>Bradesco BBI<\/li>\n<li>Morgan Stanley<\/li>\n<li>Santander Brasil<\/li>\n<\/ul>\n<p><a href=\"https:\/\/www.suno.com.br\/noticias\/lojas-americanas-cresce-receita-bruta-3t19\/\">Veja tamb\u00e9m: Lojas Americanas cresce 8,7% na receita bruta em 3T19<\/a><\/p>\n<div class=\"mc-column content-text active-extra-styles \" data-block-type=\"unstyled\" data-block-weight=\"75\" data-block-id=\"6\">\n<p class=\"content-text__container \" data-track-category=\"Link no Texto\" data-track-links=\"\">De acordo com o an\u00fancio, os recursos arrecadados ser\u00e3o destinados para:<\/p>\n<ul>\n<li class=\"content-text__container \" data-track-category=\"Link no Texto\">investimentos em ativos de longo prazo, incluindo a expans\u00e3o da plataforma de <strong>marketplace<\/strong>;<\/li>\n<li class=\"content-text__container \" data-track-category=\"Link no Texto\">investimentos em tecnologia, inova\u00e7\u00e3o, pesquisa e desenvolvimento;<\/li>\n<li class=\"content-text__container \" data-track-category=\"Link no Texto\">automa\u00e7\u00e3o dos centros de distribui\u00e7\u00e3o;<\/li>\n<li class=\"content-text__container \" data-track-category=\"Link no Texto\">iniciativas em servi\u00e7os digitais, expans\u00e3o de novas categorias;<\/li>\n<li class=\"content-text__container \" data-track-category=\"Link no Texto\">abertura de novas lojas.<\/li>\n<\/ul>\n<p class=\"content-text__container \" data-track-category=\"Link no Texto\" data-track-links=\"\">Al\u00e9m disso, a companhia pretende transformar lojas j\u00e1 em atividade em minicentros de distribui\u00e7\u00e3o e aquisi\u00e7\u00f5es estrat\u00e9gicas, al\u00e9m de otimiza\u00e7\u00e3o da estrutura de capital da companhia, incluindo refor\u00e7o de <a href=\"https:\/\/www.suno.com.br\/artigos\/capital-giro\/\">capital de giro<\/a>.<\/p>\n<h2 data-track-category=\"Link no Texto\">Magazine Luiza eleva o lucro l\u00edquido em 96,7%<\/h2>\n<p>A rede varejista divulgou seu resultado do terceiro trimestre deste ano na \u00faltima ter\u00e7a-feira (29). A empresa registrou <strong><a href=\"https:\/\/www.suno.com.br\/artigos\/lucro-liquido\/\">lucro l\u00edquido<\/a> <\/strong>de R$ 235,1 milh\u00f5es, valor correspondente a uma alta de 96,7%, em compara\u00e7\u00e3o com o mesmo per\u00edodo no ano anterior.<\/p>\n\t<p>\n\t\t<a href=\"https:\/\/lps.suno.com.br\/asset\/newsletter\/\" target=\"_blank\" data-element=\"shortcode-suno-banner\" title=\"Banner SUNO, clique e saiba mais\">\n\t\t\t<picture>\n\t\t\t\t<source media=\"(max-width: 500px)\" srcset=\"https:\/\/files.sunoresearch.com.br\/n\/uploads\/2023\/04\/400x300-Mobile-Artigos-4.jpg\">\n\t\t\t\t<img class=\"newsContent__article__imgCapa newsContent__article__imgCapa--banner\"\n\t\t\t\t\tsrc=\"https:\/\/files.sunoresearch.com.br\/n\/uploads\/2023\/04\/1420x240-Banner-Artigos-1-_-Banner-Materias-1.jpg\"\n\t\t\t\t\tdata-promo-id=\"386700\"\t\t\t\t\t\t\t\t\t\twidth='1420' height='240'\t\t\t\t\talt=\"https:\/\/files.sunoresearch.com.br\/n\/uploads\/2023\/04\/1420x240-Banner-Artigos-1-_-Banner-Materias-1.jpg\"\n\t\t\t\t>\n\t\t\t<\/picture>\n\t\t<\/a>\n\t<\/p>\n\n\n<p>O <a href=\"https:\/\/www.suno.com.br\/artigos\/o-que-e-ebitda\/\"><strong>Ebitda<\/strong><\/a> foi de R$ 501,2 milh\u00f5es no trimestre, representando um crescimento de 79,7% em rela\u00e7\u00e3o ao ano anterior. A receita l\u00edquida registrou alta de 32,5% alcan\u00e7ando R$ 4.864,2 bilh\u00f5es. Por sua vez, a receita total da Luizacred registrou um crescimento de 37,3% no 3T19.<\/p>\n<p><a href=\"https:\/\/www.suno.com.br\/noticias\/arezzo-queda-lucro-liquido-3t19-3t18\/\">Saiba mais: Arezzo registra queda de 1% no lucro l\u00edquido do 3T19 em rela\u00e7\u00e3o ao 3T18<\/a><\/p>\n<p>Al\u00e9m disso, o <strong>Magazine Luiza\u00a0<\/strong>comunicou que &#8220;a base de Cart\u00f5es Luiza cresceu 23,1% comparado ao 3T18, atingindo 4,9 milh\u00f5es de cart\u00f5es. No mesmo per\u00edodo, o faturamento total do Cart\u00e3o Luiza foi de R$ 6,9 bilh\u00f5es, crescendo 35,1%&#8221;.<\/p>\n<\/div>\n","protected":false},"excerpt":{"rendered":"<p>O Magazine Luiza (MGLU3) informou na noite da \u00faltima quarta-feira (30) que realizar\u00e1 uma oferta p\u00fablica de distribui\u00e7\u00e3o prim\u00e1ria e secund\u00e1ria (follow-on) de 90 milh\u00f5es de a\u00e7\u00f5es ordin\u00e1rias. O presidente do Magazine Luiza (MGLU3), Frederico Trajano, disse que o terceiro trimestre consagrou a multicanalidade da empresa. O fato relevante do Magazine Luiza informa que o [&hellip;]<\/p>\n","protected":false},"author":24,"featured_media":35306,"comment_status":"closed","ping_status":"closed","sticky":false,"template":"","format":"standard","meta":[],"categories":[64],"tags":[902,548],"suno_strategy":[],"class_list":["post-43124","post","type-post","status-publish","format-standard","has-post-thumbnail","hentry","category-negocios","tag-comissao-de-valores-mobiliarios-cvm","tag-magazine-luiza-mglu3"],"yoast_head":"<!-- This site is optimized with the Yoast SEO plugin v24.4 - https:\/\/yoast.com\/wordpress\/plugins\/seo\/ -->\n<title>Magazine Luiza prepara oferta de 90 milh\u00f5es de a\u00e7\u00f5es ordin\u00e1rias<\/title>\n<meta name=\"description\" content=\"O Magazine Luiza, na noite da \u00faltima quarta, em fato relevante enviado \u00e0 CVM divulgou que far\u00e1 uma oferta p\u00fablica de a\u00e7\u00f5es. Saiba mais.\" \/>\n<meta name=\"robots\" content=\"index, follow, max-snippet:-1, max-image-preview:large, max-video-preview:-1\" \/>\n<link rel=\"canonical\" href=\"https:\/\/www.suno.com.br\/noticias\/magazine-luiza-prepara-oferta-90-milhoes-de-acoes\/\" \/>\n<meta property=\"og:locale\" content=\"pt_BR\" \/>\n<meta property=\"og:type\" content=\"article\" \/>\n<meta property=\"og:title\" content=\"Magazine Luiza prepara oferta de 90 milh\u00f5es de a\u00e7\u00f5es ordin\u00e1rias\" \/>\n<meta property=\"og:description\" content=\"O Magazine Luiza, na noite da \u00faltima quarta, em fato relevante enviado \u00e0 CVM divulgou que far\u00e1 uma oferta p\u00fablica de a\u00e7\u00f5es. Saiba mais.\" \/>\n<meta property=\"og:url\" content=\"https:\/\/www.suno.com.br\/noticias\/magazine-luiza-prepara-oferta-90-milhoes-de-acoes\/\" \/>\n<meta property=\"og:site_name\" content=\"Suno Not\u00edcias\" \/>\n<meta property=\"article:publisher\" content=\"https:\/\/facebook.com\/sunoresearch\" \/>\n<meta property=\"og:image\" content=\"https:\/\/files.sunoresearch.com.br\/n\/uploads\/2019\/08\/11036ee4-magazine-luiza.jpg\" \/>\n\t<meta property=\"og:image:width\" content=\"1024\" \/>\n\t<meta property=\"og:image:height\" content=\"768\" \/>\n\t<meta property=\"og:image:type\" content=\"image\/jpeg\" \/>\n<meta name=\"author\" content=\"Jader Lazarini\" \/>\n<meta name=\"twitter:card\" content=\"summary_large_image\" \/>\n<meta name=\"twitter:creator\" content=\"@sunoresearch\" \/>\n<meta name=\"twitter:site\" content=\"@sunoresearch\" \/>\n<meta name=\"twitter:label1\" content=\"Escrito por\" \/>\n\t<meta name=\"twitter:data1\" content=\"Jader Lazarini\" \/>\n\t<meta name=\"twitter:label2\" content=\"Est. tempo de leitura\" \/>\n\t<meta name=\"twitter:data2\" content=\"2 minutos\" \/>\n<script type=\"application\/ld+json\" class=\"yoast-schema-graph\">{\"@context\":\"https:\/\/schema.org\",\"@graph\":[{\"@type\":\"NewsArticle\",\"@id\":\"https:\/\/www.suno.com.br\/noticias\/magazine-luiza-prepara-oferta-90-milhoes-de-acoes\/#article\",\"isPartOf\":{\"@id\":\"https:\/\/www.suno.com.br\/noticias\/magazine-luiza-prepara-oferta-90-milhoes-de-acoes\/\"},\"author\":{\"name\":\"Jader Lazarini\",\"@id\":\"https:\/\/www.suno.com.br\/noticias\/#\/schema\/person\/918d79de1f0281f01599b93f9ea6e23f\"},\"headline\":\"Magazine Luiza prepara oferta de 90 milh\u00f5es de a\u00e7\u00f5es ordin\u00e1rias\",\"datePublished\":\"2019-10-31T11:03:33+00:00\",\"dateModified\":\"2019-11-01T16:09:06+00:00\",\"mainEntityOfPage\":{\"@id\":\"https:\/\/www.suno.com.br\/noticias\/magazine-luiza-prepara-oferta-90-milhoes-de-acoes\/\"},\"wordCount\":444,\"publisher\":{\"@id\":\"https:\/\/www.suno.com.br\/noticias\/#organization\"},\"image\":{\"@id\":\"https:\/\/www.suno.com.br\/noticias\/magazine-luiza-prepara-oferta-90-milhoes-de-acoes\/#primaryimage\"},\"thumbnailUrl\":\"https:\/\/files.sunoresearch.com.br\/n\/uploads\/2019\/08\/11036ee4-magazine-luiza.jpg\",\"keywords\":[\"Comiss\u00e3o de Valores Mobili\u00e1rios (CVM)\",\"Magazine Luiza (MGLU3)\"],\"articleSection\":[\"Neg\u00f3cios\"],\"inLanguage\":\"pt-BR\"},{\"@type\":\"WebPage\",\"@id\":\"https:\/\/www.suno.com.br\/noticias\/magazine-luiza-prepara-oferta-90-milhoes-de-acoes\/\",\"url\":\"https:\/\/www.suno.com.br\/noticias\/magazine-luiza-prepara-oferta-90-milhoes-de-acoes\/\",\"name\":\"Magazine Luiza prepara oferta de 90 milh\u00f5es de a\u00e7\u00f5es ordin\u00e1rias\",\"isPartOf\":{\"@id\":\"https:\/\/www.suno.com.br\/noticias\/#website\"},\"primaryImageOfPage\":{\"@id\":\"https:\/\/www.suno.com.br\/noticias\/magazine-luiza-prepara-oferta-90-milhoes-de-acoes\/#primaryimage\"},\"image\":{\"@id\":\"https:\/\/www.suno.com.br\/noticias\/magazine-luiza-prepara-oferta-90-milhoes-de-acoes\/#primaryimage\"},\"thumbnailUrl\":\"https:\/\/files.sunoresearch.com.br\/n\/uploads\/2019\/08\/11036ee4-magazine-luiza.jpg\",\"datePublished\":\"2019-10-31T11:03:33+00:00\",\"dateModified\":\"2019-11-01T16:09:06+00:00\",\"description\":\"O Magazine Luiza, na noite da \u00faltima quarta, em fato relevante enviado \u00e0 CVM divulgou que far\u00e1 uma oferta p\u00fablica de a\u00e7\u00f5es. Saiba mais.\",\"breadcrumb\":{\"@id\":\"https:\/\/www.suno.com.br\/noticias\/magazine-luiza-prepara-oferta-90-milhoes-de-acoes\/#breadcrumb\"},\"inLanguage\":\"pt-BR\",\"potentialAction\":[{\"@type\":\"ReadAction\",\"target\":[\"https:\/\/www.suno.com.br\/noticias\/magazine-luiza-prepara-oferta-90-milhoes-de-acoes\/\"]}]},{\"@type\":\"ImageObject\",\"inLanguage\":\"pt-BR\",\"@id\":\"https:\/\/www.suno.com.br\/noticias\/magazine-luiza-prepara-oferta-90-milhoes-de-acoes\/#primaryimage\",\"url\":\"https:\/\/files.sunoresearch.com.br\/n\/uploads\/2019\/08\/11036ee4-magazine-luiza.jpg\",\"contentUrl\":\"https:\/\/files.sunoresearch.com.br\/n\/uploads\/2019\/08\/11036ee4-magazine-luiza.jpg\",\"width\":1024,\"height\":768,\"caption\":\"O presidente do Magazine Luiza (MGLU3), Frederico Trajano, disse que o terceiro trimestre consagrou a multicanalidade da empresa.\"},{\"@type\":\"BreadcrumbList\",\"@id\":\"https:\/\/www.suno.com.br\/noticias\/magazine-luiza-prepara-oferta-90-milhoes-de-acoes\/#breadcrumb\",\"itemListElement\":[{\"@type\":\"ListItem\",\"position\":1,\"name\":\"Not\u00edcias\",\"item\":\"https:\/\/www.suno.com.br\/noticias\/\"},{\"@type\":\"ListItem\",\"position\":2,\"name\":\"Neg\u00f3cios\",\"item\":\"https:\/\/www.suno.com.br\/noticias\/negocios\/\"},{\"@type\":\"ListItem\",\"position\":3,\"name\":\"Magazine Luiza prepara oferta de 90 milh\u00f5es de a\u00e7\u00f5es ordin\u00e1rias\"}]},{\"@type\":\"WebSite\",\"@id\":\"https:\/\/www.suno.com.br\/noticias\/#website\",\"url\":\"https:\/\/www.suno.com.br\/noticias\/\",\"name\":\"Suno Not\u00edcias\",\"description\":\"Seu portal de informa\u00e7\u00e3o sobre o mundo dos investimentos\",\"publisher\":{\"@id\":\"https:\/\/www.suno.com.br\/noticias\/#organization\"},\"potentialAction\":[{\"@type\":\"SearchAction\",\"target\":{\"@type\":\"EntryPoint\",\"urlTemplate\":\"https:\/\/www.suno.com.br\/noticias\/?s={search_term_string}\"},\"query-input\":{\"@type\":\"PropertyValueSpecification\",\"valueRequired\":true,\"valueName\":\"search_term_string\"}}],\"inLanguage\":\"pt-BR\"},{\"@type\":\"Organization\",\"@id\":\"https:\/\/www.suno.com.br\/noticias\/#organization\",\"name\":\"Suno Not\u00edcias\",\"url\":\"https:\/\/www.suno.com.br\/noticias\/\",\"logo\":{\"@type\":\"ImageObject\",\"inLanguage\":\"pt-BR\",\"@id\":\"https:\/\/www.suno.com.br\/noticias\/#\/schema\/logo\/image\/\",\"url\":\"https:\/\/files.sunoresearch.com.br\/n\/uploads\/2021\/09\/suno-logo.png\",\"contentUrl\":\"https:\/\/files.sunoresearch.com.br\/n\/uploads\/2021\/09\/suno-logo.png\",\"width\":180,\"height\":180,\"caption\":\"Suno Not\u00edcias\"},\"image\":{\"@id\":\"https:\/\/www.suno.com.br\/noticias\/#\/schema\/logo\/image\/\"},\"sameAs\":[\"https:\/\/facebook.com\/sunoresearch\",\"https:\/\/x.com\/sunoresearch\",\"https:\/\/www.instagram.com\/suno\",\"https:\/\/www.linkedin.com\/company\/suno-research\/\",\"https:\/\/www.youtube.com\/c\/sunoresearch\"]},{\"@type\":\"Person\",\"@id\":\"https:\/\/www.suno.com.br\/noticias\/#\/schema\/person\/918d79de1f0281f01599b93f9ea6e23f\",\"name\":\"Jader Lazarini\",\"image\":{\"@type\":\"ImageObject\",\"inLanguage\":\"pt-BR\",\"@id\":\"https:\/\/www.suno.com.br\/noticias\/#\/schema\/person\/image\/\",\"url\":\"https:\/\/secure.gravatar.com\/avatar\/3c1ad8caa51589841baeb923fcddea97?s=96&r=g\",\"contentUrl\":\"https:\/\/secure.gravatar.com\/avatar\/3c1ad8caa51589841baeb923fcddea97?s=96&r=g\",\"caption\":\"Jader Lazarini\"},\"description\":\"Jader Lazarini escreve sobre investimentos, finan\u00e7as, economia e neg\u00f3cios. \u00c9 bacharel em Rela\u00e7\u00f5es Internacionais e analista CNPI (2619).\",\"url\":\"https:\/\/www.suno.com.br\/noticias\/author\/jader-lazarini\/\"}]}<\/script>\n<!-- \/ Yoast SEO plugin. -->","yoast_head_json":{"title":"Magazine Luiza prepara oferta de 90 milh\u00f5es de a\u00e7\u00f5es ordin\u00e1rias","description":"O Magazine Luiza, na noite da \u00faltima quarta, em fato relevante enviado \u00e0 CVM divulgou que far\u00e1 uma oferta p\u00fablica de a\u00e7\u00f5es. Saiba mais.","robots":{"index":"index","follow":"follow","max-snippet":"max-snippet:-1","max-image-preview":"max-image-preview:large","max-video-preview":"max-video-preview:-1"},"canonical":"https:\/\/www.suno.com.br\/noticias\/magazine-luiza-prepara-oferta-90-milhoes-de-acoes\/","og_locale":"pt_BR","og_type":"article","og_title":"Magazine Luiza prepara oferta de 90 milh\u00f5es de a\u00e7\u00f5es ordin\u00e1rias","og_description":"O Magazine Luiza, na noite da \u00faltima quarta, em fato relevante enviado \u00e0 CVM divulgou que far\u00e1 uma oferta p\u00fablica de a\u00e7\u00f5es. Saiba mais.","og_url":"https:\/\/www.suno.com.br\/noticias\/magazine-luiza-prepara-oferta-90-milhoes-de-acoes\/","og_site_name":"Suno Not\u00edcias","article_publisher":"https:\/\/facebook.com\/sunoresearch","og_image":[{"width":1024,"height":768,"url":"https:\/\/files.sunoresearch.com.br\/n\/uploads\/2019\/08\/11036ee4-magazine-luiza.jpg","type":"image\/jpeg"}],"author":"Jader Lazarini","twitter_card":"summary_large_image","twitter_creator":"@sunoresearch","twitter_site":"@sunoresearch","twitter_misc":{"Escrito por":"Jader Lazarini","Est. tempo de leitura":"2 minutos"},"schema":{"@context":"https:\/\/schema.org","@graph":[{"@type":"NewsArticle","@id":"https:\/\/www.suno.com.br\/noticias\/magazine-luiza-prepara-oferta-90-milhoes-de-acoes\/#article","isPartOf":{"@id":"https:\/\/www.suno.com.br\/noticias\/magazine-luiza-prepara-oferta-90-milhoes-de-acoes\/"},"author":{"name":"Jader Lazarini","@id":"https:\/\/www.suno.com.br\/noticias\/#\/schema\/person\/918d79de1f0281f01599b93f9ea6e23f"},"headline":"Magazine Luiza prepara oferta de 90 milh\u00f5es de a\u00e7\u00f5es ordin\u00e1rias","datePublished":"2019-10-31T11:03:33+00:00","dateModified":"2019-11-01T16:09:06+00:00","mainEntityOfPage":{"@id":"https:\/\/www.suno.com.br\/noticias\/magazine-luiza-prepara-oferta-90-milhoes-de-acoes\/"},"wordCount":444,"publisher":{"@id":"https:\/\/www.suno.com.br\/noticias\/#organization"},"image":{"@id":"https:\/\/www.suno.com.br\/noticias\/magazine-luiza-prepara-oferta-90-milhoes-de-acoes\/#primaryimage"},"thumbnailUrl":"https:\/\/files.sunoresearch.com.br\/n\/uploads\/2019\/08\/11036ee4-magazine-luiza.jpg","keywords":["Comiss\u00e3o de Valores Mobili\u00e1rios (CVM)","Magazine Luiza (MGLU3)"],"articleSection":["Neg\u00f3cios"],"inLanguage":"pt-BR"},{"@type":"WebPage","@id":"https:\/\/www.suno.com.br\/noticias\/magazine-luiza-prepara-oferta-90-milhoes-de-acoes\/","url":"https:\/\/www.suno.com.br\/noticias\/magazine-luiza-prepara-oferta-90-milhoes-de-acoes\/","name":"Magazine Luiza prepara oferta de 90 milh\u00f5es de a\u00e7\u00f5es ordin\u00e1rias","isPartOf":{"@id":"https:\/\/www.suno.com.br\/noticias\/#website"},"primaryImageOfPage":{"@id":"https:\/\/www.suno.com.br\/noticias\/magazine-luiza-prepara-oferta-90-milhoes-de-acoes\/#primaryimage"},"image":{"@id":"https:\/\/www.suno.com.br\/noticias\/magazine-luiza-prepara-oferta-90-milhoes-de-acoes\/#primaryimage"},"thumbnailUrl":"https:\/\/files.sunoresearch.com.br\/n\/uploads\/2019\/08\/11036ee4-magazine-luiza.jpg","datePublished":"2019-10-31T11:03:33+00:00","dateModified":"2019-11-01T16:09:06+00:00","description":"O Magazine Luiza, na noite da \u00faltima quarta, em fato relevante enviado \u00e0 CVM divulgou que far\u00e1 uma oferta p\u00fablica de a\u00e7\u00f5es. Saiba mais.","breadcrumb":{"@id":"https:\/\/www.suno.com.br\/noticias\/magazine-luiza-prepara-oferta-90-milhoes-de-acoes\/#breadcrumb"},"inLanguage":"pt-BR","potentialAction":[{"@type":"ReadAction","target":["https:\/\/www.suno.com.br\/noticias\/magazine-luiza-prepara-oferta-90-milhoes-de-acoes\/"]}]},{"@type":"ImageObject","inLanguage":"pt-BR","@id":"https:\/\/www.suno.com.br\/noticias\/magazine-luiza-prepara-oferta-90-milhoes-de-acoes\/#primaryimage","url":"https:\/\/files.sunoresearch.com.br\/n\/uploads\/2019\/08\/11036ee4-magazine-luiza.jpg","contentUrl":"https:\/\/files.sunoresearch.com.br\/n\/uploads\/2019\/08\/11036ee4-magazine-luiza.jpg","width":1024,"height":768,"caption":"O presidente do Magazine Luiza (MGLU3), Frederico Trajano, disse que o terceiro trimestre consagrou a multicanalidade da empresa."},{"@type":"BreadcrumbList","@id":"https:\/\/www.suno.com.br\/noticias\/magazine-luiza-prepara-oferta-90-milhoes-de-acoes\/#breadcrumb","itemListElement":[{"@type":"ListItem","position":1,"name":"Not\u00edcias","item":"https:\/\/www.suno.com.br\/noticias\/"},{"@type":"ListItem","position":2,"name":"Neg\u00f3cios","item":"https:\/\/www.suno.com.br\/noticias\/negocios\/"},{"@type":"ListItem","position":3,"name":"Magazine Luiza prepara oferta de 90 milh\u00f5es de a\u00e7\u00f5es ordin\u00e1rias"}]},{"@type":"WebSite","@id":"https:\/\/www.suno.com.br\/noticias\/#website","url":"https:\/\/www.suno.com.br\/noticias\/","name":"Suno Not\u00edcias","description":"Seu portal de informa\u00e7\u00e3o sobre o mundo dos investimentos","publisher":{"@id":"https:\/\/www.suno.com.br\/noticias\/#organization"},"potentialAction":[{"@type":"SearchAction","target":{"@type":"EntryPoint","urlTemplate":"https:\/\/www.suno.com.br\/noticias\/?s={search_term_string}"},"query-input":{"@type":"PropertyValueSpecification","valueRequired":true,"valueName":"search_term_string"}}],"inLanguage":"pt-BR"},{"@type":"Organization","@id":"https:\/\/www.suno.com.br\/noticias\/#organization","name":"Suno Not\u00edcias","url":"https:\/\/www.suno.com.br\/noticias\/","logo":{"@type":"ImageObject","inLanguage":"pt-BR","@id":"https:\/\/www.suno.com.br\/noticias\/#\/schema\/logo\/image\/","url":"https:\/\/files.sunoresearch.com.br\/n\/uploads\/2021\/09\/suno-logo.png","contentUrl":"https:\/\/files.sunoresearch.com.br\/n\/uploads\/2021\/09\/suno-logo.png","width":180,"height":180,"caption":"Suno Not\u00edcias"},"image":{"@id":"https:\/\/www.suno.com.br\/noticias\/#\/schema\/logo\/image\/"},"sameAs":["https:\/\/facebook.com\/sunoresearch","https:\/\/x.com\/sunoresearch","https:\/\/www.instagram.com\/suno","https:\/\/www.linkedin.com\/company\/suno-research\/","https:\/\/www.youtube.com\/c\/sunoresearch"]},{"@type":"Person","@id":"https:\/\/www.suno.com.br\/noticias\/#\/schema\/person\/918d79de1f0281f01599b93f9ea6e23f","name":"Jader Lazarini","image":{"@type":"ImageObject","inLanguage":"pt-BR","@id":"https:\/\/www.suno.com.br\/noticias\/#\/schema\/person\/image\/","url":"https:\/\/secure.gravatar.com\/avatar\/3c1ad8caa51589841baeb923fcddea97?s=96&r=g","contentUrl":"https:\/\/secure.gravatar.com\/avatar\/3c1ad8caa51589841baeb923fcddea97?s=96&r=g","caption":"Jader Lazarini"},"description":"Jader Lazarini escreve sobre investimentos, finan\u00e7as, economia e neg\u00f3cios. \u00c9 bacharel em Rela\u00e7\u00f5es Internacionais e analista CNPI (2619).","url":"https:\/\/www.suno.com.br\/noticias\/author\/jader-lazarini\/"}]}},"default_loop_html":"<div class=\"cardsPage__listCard__boxs\"><div class=\"cardsPage__listCard__boxs__img\"><a href=\"https:\/\/www.suno.com.br\/noticias\/magazine-luiza-prepara-oferta-90-milhoes-de-acoes\/\"><img class=\"mask\" src=\"https:\/\/www.suno.com.br\/noticias\/wp-content\/themes\/suno\/resources\/images\/spotlight\/spotlight1img\/bg-mask.png\" alt=\"Image Mask\"\/><img src=\"https:\/\/files.sunoresearch.com.br\/n\/uploads\/2019\/08\/11036ee4-magazine-luiza-400x200.webp\" alt=\"Magazine Luiza prepara oferta de 90 milh\u00f5es de a\u00e7\u00f5es ordin\u00e1rias\"\/><\/a><span class=\"spotlightCategory\"><a href=\"https:\/\/www.suno.com.br\/noticias\/negocios\/\">Neg\u00f3cios<\/a><\/span><\/div><div class=\"cardsPage__listCard__boxs__content\"><a href=\"https:\/\/www.suno.com.br\/noticias\/magazine-luiza-prepara-oferta-90-milhoes-de-acoes\/\"><h2 class=\"content__title\">Magazine Luiza prepara oferta de 90 milh\u00f5es de a\u00e7\u00f5es ordin\u00e1rias<\/h2><\/a><div class=\"newsContent__article__meta\"><div class=\"newsContent__article__meta__authorBox\"><a href=\"https:\/\/www.suno.com.br\/noticias\/author\/jader-lazarini\/\" class=\"authorBox__avatar noMobi\"><img src=\"https:\/\/files.sunoresearch.com.br\/n\/uploads\/2021\/01\/178e6598-foto-perfil-2-150x150.jpg\" alt=\"Jader Lazarini\"><\/a><div class=\"authorBox__name\"><span>por\n\t\t\t<a href=\"https:\/\/www.suno.com.br\/noticias\/author\/jader-lazarini\/\"><span itemprop=\"author\">Jader Lazarini<\/span><\/a><\/span><time datetime=\"2019-10-31T09:03:33-03:00\" itemprop=\"datePublished\">31\/10\/2019 09:03<\/time><\/div><\/div><\/div><\/div><\/div>","single_layout":"posts","amp_enabled":true,"_links":{"self":[{"href":"https:\/\/www.suno.com.br\/noticias\/wp-json\/wp\/v2\/posts\/43124"}],"collection":[{"href":"https:\/\/www.suno.com.br\/noticias\/wp-json\/wp\/v2\/posts"}],"about":[{"href":"https:\/\/www.suno.com.br\/noticias\/wp-json\/wp\/v2\/types\/post"}],"author":[{"embeddable":true,"href":"https:\/\/www.suno.com.br\/noticias\/wp-json\/wp\/v2\/users\/24"}],"replies":[{"embeddable":true,"href":"https:\/\/www.suno.com.br\/noticias\/wp-json\/wp\/v2\/comments?post=43124"}],"version-history":[{"count":0,"href":"https:\/\/www.suno.com.br\/noticias\/wp-json\/wp\/v2\/posts\/43124\/revisions"}],"wp:featuredmedia":[{"embeddable":true,"href":"https:\/\/www.suno.com.br\/noticias\/wp-json\/wp\/v2\/media\/35306"}],"wp:attachment":[{"href":"https:\/\/www.suno.com.br\/noticias\/wp-json\/wp\/v2\/media?parent=43124"}],"wp:term":[{"taxonomy":"category","embeddable":true,"href":"https:\/\/www.suno.com.br\/noticias\/wp-json\/wp\/v2\/categories?post=43124"},{"taxonomy":"post_tag","embeddable":true,"href":"https:\/\/www.suno.com.br\/noticias\/wp-json\/wp\/v2\/tags?post=43124"},{"taxonomy":"suno_strategy","embeddable":true,"href":"https:\/\/www.suno.com.br\/noticias\/wp-json\/wp\/v2\/suno_strategy?post=43124"}],"curies":[{"name":"wp","href":"https:\/\/api.w.org\/{rel}","templated":true}]}}