{"id":431223,"date":"2023-07-20T13:47:48","date_gmt":"2023-07-20T16:47:48","guid":{"rendered":"https:\/\/www.suno.com.br\/noticias\/?p=431223"},"modified":"2023-07-20T13:47:54","modified_gmt":"2023-07-20T16:47:54","slug":"braskem-brkm5-minoritarios-receberam-proposta-jf-ressalvas-gpj","status":"publish","type":"post","link":"https:\/\/www.suno.com.br\/noticias\/braskem-brkm5-minoritarios-receberam-proposta-jf-ressalvas-gpj\/","title":{"rendered":"Braskem (BRKM5): minorit\u00e1rios receberam proposta da J&#038;F com ressalvas, diz jornal"},"content":{"rendered":"<p>A <strong>J&amp;F Investimentos<\/strong>, holding da fam\u00edlia Batista, dona da <a href=\"https:\/\/www.suno.com.br\/acoes\/jbss3\/\">JBS (JBSS3)<\/a>, ofereceu R$ 10 bilh\u00f5es para ficar com a d\u00edvida da Novonor junto a cinco bancos, mas n\u00e3o indicou quais ser\u00e3o os passos para assumir, posteriormente, a participa\u00e7\u00e3o acion\u00e1ria na <a href=\"https:\/\/www.suno.com.br\/acoes\/brkm5\"><strong>Braskem<\/strong> (BRKM5)<\/a>, apurou o jornal Valor Econ\u00f4mico. Isso desagradou acionistas minorit\u00e1rios da petroqu\u00edmica, diz a reportagem. <\/p>\t<div class=\"wrapper-featured-image\">\n\t\t<figure class=\"spotlightImg\">\n\n\t\t\t<picture>\n\t\t\t\t<source media=\"(max-width: 768px)\" srcset=\"https:\/\/files.sunoresearch.com.br\/n\/uploads\/2023\/06\/petrobras-petr4-compra-braskem-brkm5-acionista-400x200.jpg\">\n\t\t\t\t<img loading=\"lazy\" decoding=\"async\" class=\"newsContent__article__imgCapa lazyloadDisabled \" src=\"https:\/\/files.sunoresearch.com.br\/n\/uploads\/2023\/06\/petrobras-petr4-compra-braskem-brkm5-acionista-800x450.jpg\" width=\"800\" height=\"450\" alt=\"Braskem (BRKM5): minorit\u00e1rios receberam proposta da J&#038;F com ressalvas, diz jornal\" fetchpriority=high \/>\n\t\t\t<\/picture>\n\n\t\t\t<figcaption class=\"wp-caption-text wp-caption-text--show\">Braskem (BRKM5) - Foto: Divulga\u00e7\u00e3o.<\/figcaption>\n\t\t<\/figure>\n\t<\/div>\n\n\n\n\n\n\t<p>\n\t\t<a href=\"https:\/\/lp.suno.com.br\/planilha-da-vida-financeira\/\" target=\"_blank\" data-element=\"shortcode-suno-banner\" title=\"Banner SUNO, clique e saiba mais\">\n\t\t\t<picture>\n\t\t\t\t<source media=\"(max-width: 500px)\" srcset=\"https:\/\/files.sunoresearch.com.br\/n\/uploads\/2023\/04\/400x300-Planilha-vida-financeira-true.png\">\n\t\t\t\t<img class=\"newsContent__article__imgCapa newsContent__article__imgCapa--banner\"\n\t\t\t\t\tsrc=\"https:\/\/files.sunoresearch.com.br\/n\/uploads\/2023\/04\/1420x240-Planilha-vida-financeira-true.png\"\n\t\t\t\t\tdata-promo-id=\"106682\"\t\t\t\t\t\t\t\t\t\twidth='1420' height='240'\t\t\t\t\talt=\"https:\/\/files.sunoresearch.com.br\/n\/uploads\/2023\/04\/1420x240-Planilha-vida-financeira-true.png\"\n\t\t\t\t>\n\t\t\t<\/picture>\n\t\t<\/a>\n\t<\/p>\n\n\n\n\n\n<p>&#8220;A <strong>oferta da J&amp;F <\/strong>representa o &#8216;pior cen\u00e1rio&#8217;, pois h\u00e1 muito pouca ou nenhuma transpar\u00eancia sobre o que vir\u00e1 depois&#8221;, disse um dos acionistas minorit\u00e1rios \u00e0 publica\u00e7\u00e3o. <\/p>\n\n\n\n<p>Uma outra fonte, pr\u00f3xima a um dos minorit\u00e1rios relevantes, pontuou ao Valor que o formato da opera\u00e7\u00e3o pretendida pela J&amp;F pode levar a uma discuss\u00e3o sobre a necessidade de a oferta ser estendida aos demais <strong>acionistas de Braskem<\/strong>, acrescentando n\u00e3o estar claro se os bancos credores ir\u00e3o aceitar um desconto t\u00e3o relevante (cerca de um ter\u00e7o em rela\u00e7\u00e3o ao valor atual da d\u00edvida, embutido na proposta da J&amp;F).<\/p>\n\n\n\n<p>Ao todo, <a href=\"https:\/\/www.suno.com.br\/acoes\/bbdc4\/\">Bradesco (BBDC4)<\/a>, <a href=\"https:\/\/www.suno.com.br\/acoes\/itub4\/\">Ita\u00fa Unibanco (ITUB4)<\/a>, <a href=\"https:\/\/www.suno.com.br\/acoes\/SANB11\/\">Santander Brasil (SANB11)<\/a>, <a href=\"https:\/\/www.suno.com.br\/acoes\/bbas3\/\">Banco do Brasil (BBAS3)<\/a> e Banco Nacional do Desenvolvimento Econ\u00f4mico e Social (BNDES) t\u00eam mais de R$ 14 bilh\u00f5es a receber da <strong>Novonor<\/strong>, antiga Odebrecht. As institui\u00e7\u00f5es precisam estar de acordo para que qualquer das propostas recebidas &#8211; Apollo-Adnoc, <a href=\"https:\/\/www.suno.com.br\/acoes\/unip6\/\">Unipar (UNIP6)<\/a> e J&amp;F &#8211; chegue \u00e0s vias de fato, disse o Valor.<\/p>\n\n\n\n<p>Em refer\u00eancia \u00e0 <strong>oferta dos Batista<\/strong>, os bancos precisam primeiro aceitar a oferta para que ent\u00e3o, aconte\u00e7am as conversas com os minorit\u00e1rios, disse uma outra fonte \u00e0 reportagem.<\/p>\n\n\n\n\t<div data-element=\"shortcode-read-more\" class=\"readToo\">\n\t\t\t\t<span class=\"readToo__title\">Leia mais<\/span>\n\t\t\t\t<ul class=\"readToo__list\">\n\t\t\t<li><a href=\"https:\/\/www.suno.com.br\/noticias\/braskem-brkm5-oferta-irmaos-batista-evm\/\">Braskem (BRKM5) recebe oferta de R$ 10 bilh\u00f5es da J&#038;F, dos irm\u00e3os Batista<\/a><\/li><li><a href=\"https:\/\/www.suno.com.br\/noticias\/braskem-brkm5-nega-acordo-bilionario-recomendacao-cortada-jvj\/\">Braskem (BRKM5) nega acordo bilion\u00e1rio e tem recomenda\u00e7\u00e3o cortada por banco; A\u00e7\u00f5es tombam<\/a><\/li>\t\t<\/ul>\n\t<\/div>\n\n\n\n\t<p>\n\t\t<a href=\"https:\/\/lp.suno.com.br\/planilha-da-vida-financeira\/\" target=\"_blank\" data-element=\"shortcode-suno-banner\" title=\"Banner SUNO, clique e saiba mais\">\n\t\t\t<picture>\n\t\t\t\t<source media=\"(max-width: 500px)\" srcset=\"https:\/\/files.sunoresearch.com.br\/n\/uploads\/2023\/04\/400x300-Planilha-vida-financeira-true.png\">\n\t\t\t\t<img class=\"newsContent__article__imgCapa newsContent__article__imgCapa--banner\"\n\t\t\t\t\tsrc=\"https:\/\/files.sunoresearch.com.br\/n\/uploads\/2023\/04\/1420x240-Planilha-vida-financeira-true.png\"\n\t\t\t\t\tdata-promo-id=\"106682\"\t\t\t\t\t\t\t\t\t\twidth='1420' height='240'\t\t\t\t\talt=\"https:\/\/files.sunoresearch.com.br\/n\/uploads\/2023\/04\/1420x240-Planilha-vida-financeira-true.png\"\n\t\t\t\t>\n\t\t\t<\/picture>\n\t\t<\/a>\n\t<\/p>\n\n\n\n\n\n<h2 class=\"wp-block-heading\">Petrobras come\u00e7ou processo de an\u00e1lise que pode levar \u00e0 compra de a\u00e7\u00f5es na Braskem<\/h2>\n\n\n\n<p>A&nbsp;<a href=\"https:\/\/www.suno.com.br\/acoes\/PETR4\/\" target=\"_blank\" rel=\"noreferrer noopener\">Petrobras (PETR4)<\/a>&nbsp;solicitou acesso ao virtual data room da Braskem, iniciando na segunda (10) o processo de&nbsp;<a href=\"https:\/\/www.suno.com.br\/artigos\/due-diligence\/\">due diligence<\/a>, ou seja, uma an\u00e1lise mais profunda e completa sobre os n\u00fameros da Braskem.<\/p>\n\n\n\n<p>O processo de an\u00e1lise ocorre conforme as regras previstas no&nbsp;<a href=\"https:\/\/www.suno.com.br\/artigos\/acordo-de-acionistas\/\" target=\"_blank\" rel=\"noreferrer noopener\">acordo de acionistas<\/a>&nbsp;da Braskem, assinado entre Petrobras e Novonor,&nbsp;<strong>controladora da Braskem<\/strong>, e poderia servir para um eventual exerc\u00edcio de&nbsp;<a href=\"https:\/\/www.suno.com.br\/artigos\/tag-along\/\" target=\"_blank\" rel=\"noreferrer noopener\">tag along<\/a>&nbsp;ou de direito de prefer\u00eancia na&nbsp;<a href=\"https:\/\/www.suno.com.br\/artigos\/compra-de-acoes\/\" target=\"_blank\" rel=\"noreferrer noopener\">compra de a\u00e7\u00f5es<\/a>&nbsp;que a Novonor vendesse posteriormente.<\/p>\n\n\n\n<p>Apesar do processo de&nbsp;<a href=\"http:\/\/petrobras%20%28petr4%29%20avalia%20comprar%20controle%20da%20braskem%20%28brkm5%29\/\" target=\"_blank\" rel=\"noreferrer noopener\">due diligence<\/a>&nbsp;ter se iniciado, a diretoria executiva e o&nbsp;<strong>conselho de administra\u00e7\u00e3o da Petrobras<\/strong>&nbsp;n\u00e3o tomaram qualquer decis\u00e3o sobre o processo de venda ou de aumento de participa\u00e7\u00e3o na Braskem.<\/p>\n\n\n\n<p>Assim, a Petrobras ressalta que essa seria apenas uma das etapas necess\u00e1rias referente aos direitos de&nbsp;<a href=\"https:\/\/www.suno.com.br\/artigos\/tag-along\/\" target=\"_blank\" rel=\"noreferrer noopener\">tag along<\/a>&nbsp;e de prefer\u00eancia que est\u00e3o previstos no acordo de acionistas.<\/p>\n\n\n\n<p>A Petrobras destaca que \u201cdecis\u00f5es sobre investimentos e desinvestimentos s\u00e3o pautadas em an\u00e1lises criteriosas e estudos t\u00e9cnicos, em observ\u00e2ncia \u00e0s pr\u00e1ticas de governan\u00e7a e aos procedimentos internos aplic\u00e1veis.<\/p>\n\n\n\n<h2 class=\"wp-block-heading\">Petrobras pode se tornar controladora?<\/h2>\n\n\n\n<p>Ainda no m\u00eas de junho, o portal Broadcast apontou que a Petrobras tinha a pretens\u00e3o de se tornar&nbsp;<strong>controladora da Braskem<\/strong>, o que representaria a retomada do projeto original que se iniciou no ano de 2007.<\/p>\n\n\n\n<p>Cabe lembrar que a Petrobras tem direito de prefer\u00eancia na compra de a\u00e7\u00f5es da Braskem, mas a atual controladora da empresa \u00e9 a&nbsp;<strong>Novonor<\/strong>, antiga&nbsp;<strong>Odebrecht<\/strong>, com participa\u00e7\u00e3o de 50,1%. A estatal brasileira vem logo em seguida com participa\u00e7\u00e3o acion\u00e1ria de 47%.<\/p>\n\n\n\n<p>Depois da not\u00edcia veiculada pelo Broadcast e por outros ve\u00edculos de imprensa na \u00e9poca, a Braskem solicitou esclarecimentos \u00e0 Petrobras que, em comunicado emitido ao mercado, disse que \u201ca atua\u00e7\u00e3o no setor petroqu\u00edmico \u00e9 um dos pontos do Plano Estrat\u00e9gico 2024-2028\u201d.<\/p>\n\n\n\n<p>Al\u00e9m disso, a Petrobras informou que n\u00e3o havia qualquer decis\u00e3o da diretoria executiva ou do\u00a0<a href=\"https:\/\/www.suno.com.br\/artigos\/conselho-administracao\/\" target=\"_blank\" rel=\"noreferrer noopener\">conselho de administra\u00e7\u00e3o<\/a>\u00a0em rela\u00e7\u00e3o ao processo de desinvestimento, ou de aumento de\u00a0<strong>participa\u00e7\u00e3o na Braskem<\/strong>.<a href=\"https:\/\/lp.suno.com.br\/ebook-como-analisar-uma-acao\/?_fs=16441831047-15160671413\" target=\"_blank\" rel=\"noreferrer noopener\"><\/a><\/p>\n\n\n\t<p>\n\t\t<a href=\"https:\/\/lp.suno.com.br\/planilha-da-vida-financeira\/\" target=\"_blank\" data-element=\"shortcode-suno-banner\" title=\"Banner SUNO, clique e saiba mais\">\n\t\t\t<picture>\n\t\t\t\t<source media=\"(max-width: 500px)\" srcset=\"https:\/\/files.sunoresearch.com.br\/n\/uploads\/2023\/04\/400x300-Planilha-vida-financeira-true.png\">\n\t\t\t\t<img class=\"newsContent__article__imgCapa newsContent__article__imgCapa--banner\"\n\t\t\t\t\tsrc=\"https:\/\/files.sunoresearch.com.br\/n\/uploads\/2023\/04\/1420x240-Planilha-vida-financeira-true.png\"\n\t\t\t\t\tdata-promo-id=\"383123\"\t\t\t\t\t\t\t\t\t\twidth='1420' height='240'\t\t\t\t\talt=\"https:\/\/files.sunoresearch.com.br\/n\/uploads\/2023\/04\/1420x240-Planilha-vida-financeira-true.png\"\n\t\t\t\t>\n\t\t\t<\/picture>\n\t\t<\/a>\n\t<\/p>\n\n\n","protected":false},"excerpt":{"rendered":"<p>A J&amp;F Investimentos, holding da fam\u00edlia Batista, dona da JBS (JBSS3), ofereceu R$ 10 bilh\u00f5es para ficar com a d\u00edvida da Novonor junto a cinco bancos, mas n\u00e3o indicou quais ser\u00e3o os passos para assumir, posteriormente, a participa\u00e7\u00e3o acion\u00e1ria na Braskem (BRKM5), apurou o jornal Valor Econ\u00f4mico. Isso desagradou acionistas minorit\u00e1rios da petroqu\u00edmica, diz a [&hellip;]<\/p>\n","protected":false},"author":313,"featured_media":417316,"comment_status":"closed","ping_status":"closed","sticky":false,"template":"","format":"standard","meta":[],"categories":[64],"tags":[732,757,392,395,519,521,595,624,673],"suno_strategy":[],"class_list":["post-431223","post","type-post","status-publish","format-standard","has-post-thumbnail","hentry","category-negocios","tag-banco-do-brasil-bbas3","tag-bndes","tag-bradesco-bbdc3-bbdc4","tag-braskem-brkm3-brkm5-brkm6","tag-itau-unibanco-itub3-itub4","tag-jbs-jbss3","tag-petrobras-petr4","tag-santander-sanb11-sanb3-sanb4","tag-unipar-unip3-unip5-unip6"],"yoast_head":"<!-- This site is optimized with the Yoast SEO plugin v24.4 - https:\/\/yoast.com\/wordpress\/plugins\/seo\/ -->\n<title>Braskem (BRKM5): minorit\u00e1rios receberam proposta da J&amp;F com ressalva<\/title>\n<meta name=\"description\" content=\"Segundo o Valor, minorit\u00e1rios relevantes da Braskem receberam com ressalvas a proposta de compra formalizada h\u00e1 uma semana pela J&amp;F. Confira!\" \/>\n<meta name=\"robots\" content=\"index, follow, max-snippet:-1, max-image-preview:large, max-video-preview:-1\" \/>\n<link rel=\"canonical\" href=\"https:\/\/www.suno.com.br\/noticias\/braskem-brkm5-minoritarios-receberam-proposta-jf-ressalvas-gpj\/\" \/>\n<meta property=\"og:locale\" content=\"pt_BR\" \/>\n<meta property=\"og:type\" content=\"article\" \/>\n<meta property=\"og:title\" content=\"Braskem (BRKM5): minorit\u00e1rios receberam proposta da J&amp;F com ressalva\" \/>\n<meta property=\"og:description\" content=\"Segundo o Valor, minorit\u00e1rios relevantes da Braskem receberam com ressalvas a proposta de compra formalizada h\u00e1 uma semana pela J&amp;F. Confira!\" \/>\n<meta property=\"og:url\" content=\"https:\/\/www.suno.com.br\/noticias\/braskem-brkm5-minoritarios-receberam-proposta-jf-ressalvas-gpj\/\" \/>\n<meta property=\"og:site_name\" content=\"Suno Not\u00edcias\" \/>\n<meta property=\"article:publisher\" content=\"https:\/\/facebook.com\/sunoresearch\" \/>\n<meta property=\"og:image\" content=\"https:\/\/files.sunoresearch.com.br\/n\/uploads\/2023\/06\/petrobras-petr4-compra-braskem-brkm5-acionista.jpg\" \/>\n\t<meta property=\"og:image:width\" content=\"1200\" \/>\n\t<meta property=\"og:image:height\" content=\"800\" \/>\n\t<meta property=\"og:image:type\" content=\"image\/jpeg\" \/>\n<meta name=\"author\" content=\"Giovanni Porf\u00edrio Jacomino\" \/>\n<meta name=\"twitter:card\" content=\"summary_large_image\" \/>\n<meta name=\"twitter:creator\" content=\"@sunoresearch\" \/>\n<meta name=\"twitter:site\" content=\"@sunoresearch\" \/>\n<meta name=\"twitter:label1\" content=\"Escrito por\" \/>\n\t<meta name=\"twitter:data1\" content=\"Giovanni Porf\u00edrio Jacomino\" \/>\n\t<meta name=\"twitter:label2\" content=\"Est. tempo de leitura\" \/>\n\t<meta name=\"twitter:data2\" content=\"4 minutos\" \/>\n<script type=\"application\/ld+json\" class=\"yoast-schema-graph\">{\"@context\":\"https:\/\/schema.org\",\"@graph\":[{\"@type\":\"NewsArticle\",\"@id\":\"https:\/\/www.suno.com.br\/noticias\/braskem-brkm5-minoritarios-receberam-proposta-jf-ressalvas-gpj\/#article\",\"isPartOf\":{\"@id\":\"https:\/\/www.suno.com.br\/noticias\/braskem-brkm5-minoritarios-receberam-proposta-jf-ressalvas-gpj\/\"},\"author\":{\"name\":\"Giovanni Porf\u00edrio Jacomino\",\"@id\":\"https:\/\/www.suno.com.br\/noticias\/#\/schema\/person\/d0f32748bbca4bee871fa191ee4e2d40\"},\"headline\":\"Braskem (BRKM5): minorit\u00e1rios receberam proposta da J&#038;F com ressalvas, diz jornal\",\"datePublished\":\"2023-07-20T16:47:48+00:00\",\"dateModified\":\"2023-07-20T16:47:54+00:00\",\"mainEntityOfPage\":{\"@id\":\"https:\/\/www.suno.com.br\/noticias\/braskem-brkm5-minoritarios-receberam-proposta-jf-ressalvas-gpj\/\"},\"wordCount\":693,\"publisher\":{\"@id\":\"https:\/\/www.suno.com.br\/noticias\/#organization\"},\"image\":{\"@id\":\"https:\/\/www.suno.com.br\/noticias\/braskem-brkm5-minoritarios-receberam-proposta-jf-ressalvas-gpj\/#primaryimage\"},\"thumbnailUrl\":\"https:\/\/files.sunoresearch.com.br\/n\/uploads\/2023\/06\/petrobras-petr4-compra-braskem-brkm5-acionista.jpg\",\"keywords\":[\"Banco do Brasil (BBAS3)\",\"BNDES\",\"Bradesco (BBDC3\/BBDC4)\",\"Braskem (BRKM3\/BRKM5\/BRKM6)\",\"Ita\u00fa Unibanco (ITUB3\/ITUB4)\",\"JBS (JBSS3)\",\"Petrobras (PETR4)\",\"Santander (SANB11\/SANB3\/SANB4)\",\"Unipar (UNIP3\/UNIP5\/UNIP6)\"],\"articleSection\":[\"Neg\u00f3cios\"],\"inLanguage\":\"pt-BR\"},{\"@type\":\"WebPage\",\"@id\":\"https:\/\/www.suno.com.br\/noticias\/braskem-brkm5-minoritarios-receberam-proposta-jf-ressalvas-gpj\/\",\"url\":\"https:\/\/www.suno.com.br\/noticias\/braskem-brkm5-minoritarios-receberam-proposta-jf-ressalvas-gpj\/\",\"name\":\"Braskem (BRKM5): minorit\u00e1rios receberam proposta da J&F com ressalva\",\"isPartOf\":{\"@id\":\"https:\/\/www.suno.com.br\/noticias\/#website\"},\"primaryImageOfPage\":{\"@id\":\"https:\/\/www.suno.com.br\/noticias\/braskem-brkm5-minoritarios-receberam-proposta-jf-ressalvas-gpj\/#primaryimage\"},\"image\":{\"@id\":\"https:\/\/www.suno.com.br\/noticias\/braskem-brkm5-minoritarios-receberam-proposta-jf-ressalvas-gpj\/#primaryimage\"},\"thumbnailUrl\":\"https:\/\/files.sunoresearch.com.br\/n\/uploads\/2023\/06\/petrobras-petr4-compra-braskem-brkm5-acionista.jpg\",\"datePublished\":\"2023-07-20T16:47:48+00:00\",\"dateModified\":\"2023-07-20T16:47:54+00:00\",\"description\":\"Segundo o Valor, minorit\u00e1rios relevantes da Braskem receberam com ressalvas a proposta de compra formalizada h\u00e1 uma semana pela J&F. Confira!\",\"breadcrumb\":{\"@id\":\"https:\/\/www.suno.com.br\/noticias\/braskem-brkm5-minoritarios-receberam-proposta-jf-ressalvas-gpj\/#breadcrumb\"},\"inLanguage\":\"pt-BR\",\"potentialAction\":[{\"@type\":\"ReadAction\",\"target\":[\"https:\/\/www.suno.com.br\/noticias\/braskem-brkm5-minoritarios-receberam-proposta-jf-ressalvas-gpj\/\"]}]},{\"@type\":\"ImageObject\",\"inLanguage\":\"pt-BR\",\"@id\":\"https:\/\/www.suno.com.br\/noticias\/braskem-brkm5-minoritarios-receberam-proposta-jf-ressalvas-gpj\/#primaryimage\",\"url\":\"https:\/\/files.sunoresearch.com.br\/n\/uploads\/2023\/06\/petrobras-petr4-compra-braskem-brkm5-acionista.jpg\",\"contentUrl\":\"https:\/\/files.sunoresearch.com.br\/n\/uploads\/2023\/06\/petrobras-petr4-compra-braskem-brkm5-acionista.jpg\",\"width\":1200,\"height\":800,\"caption\":\"Braskem (BRKM5) - Foto: Divulga\u00e7\u00e3o.\"},{\"@type\":\"BreadcrumbList\",\"@id\":\"https:\/\/www.suno.com.br\/noticias\/braskem-brkm5-minoritarios-receberam-proposta-jf-ressalvas-gpj\/#breadcrumb\",\"itemListElement\":[{\"@type\":\"ListItem\",\"position\":1,\"name\":\"Not\u00edcias\",\"item\":\"https:\/\/www.suno.com.br\/noticias\/\"},{\"@type\":\"ListItem\",\"position\":2,\"name\":\"Neg\u00f3cios\",\"item\":\"https:\/\/www.suno.com.br\/noticias\/negocios\/\"},{\"@type\":\"ListItem\",\"position\":3,\"name\":\"Braskem (BRKM5): minorit\u00e1rios receberam proposta da J&#038;F com ressalvas, diz jornal\"}]},{\"@type\":\"WebSite\",\"@id\":\"https:\/\/www.suno.com.br\/noticias\/#website\",\"url\":\"https:\/\/www.suno.com.br\/noticias\/\",\"name\":\"Suno Not\u00edcias\",\"description\":\"Seu portal de informa\u00e7\u00e3o sobre o mundo dos investimentos\",\"publisher\":{\"@id\":\"https:\/\/www.suno.com.br\/noticias\/#organization\"},\"potentialAction\":[{\"@type\":\"SearchAction\",\"target\":{\"@type\":\"EntryPoint\",\"urlTemplate\":\"https:\/\/www.suno.com.br\/noticias\/?s={search_term_string}\"},\"query-input\":{\"@type\":\"PropertyValueSpecification\",\"valueRequired\":true,\"valueName\":\"search_term_string\"}}],\"inLanguage\":\"pt-BR\"},{\"@type\":\"Organization\",\"@id\":\"https:\/\/www.suno.com.br\/noticias\/#organization\",\"name\":\"Suno Not\u00edcias\",\"url\":\"https:\/\/www.suno.com.br\/noticias\/\",\"logo\":{\"@type\":\"ImageObject\",\"inLanguage\":\"pt-BR\",\"@id\":\"https:\/\/www.suno.com.br\/noticias\/#\/schema\/logo\/image\/\",\"url\":\"https:\/\/files.sunoresearch.com.br\/n\/uploads\/2021\/09\/suno-logo.png\",\"contentUrl\":\"https:\/\/files.sunoresearch.com.br\/n\/uploads\/2021\/09\/suno-logo.png\",\"width\":180,\"height\":180,\"caption\":\"Suno Not\u00edcias\"},\"image\":{\"@id\":\"https:\/\/www.suno.com.br\/noticias\/#\/schema\/logo\/image\/\"},\"sameAs\":[\"https:\/\/facebook.com\/sunoresearch\",\"https:\/\/x.com\/sunoresearch\",\"https:\/\/www.instagram.com\/suno\",\"https:\/\/www.linkedin.com\/company\/suno-research\/\",\"https:\/\/www.youtube.com\/c\/sunoresearch\"]},{\"@type\":\"Person\",\"@id\":\"https:\/\/www.suno.com.br\/noticias\/#\/schema\/person\/d0f32748bbca4bee871fa191ee4e2d40\",\"name\":\"Giovanni Porf\u00edrio Jacomino\",\"image\":{\"@type\":\"ImageObject\",\"inLanguage\":\"pt-BR\",\"@id\":\"https:\/\/www.suno.com.br\/noticias\/#\/schema\/person\/image\/\",\"url\":\"https:\/\/secure.gravatar.com\/avatar\/efb32e19b730a121cb7a80f41ffec01a?s=96&r=g\",\"contentUrl\":\"https:\/\/secure.gravatar.com\/avatar\/efb32e19b730a121cb7a80f41ffec01a?s=96&r=g\",\"caption\":\"Giovanni Porf\u00edrio Jacomino\"},\"description\":\"Giovanni Porf\u00edrio Jacomino \u00e9 jornalista formado pela Universidade Estadual de Londrina (UEL) e p\u00f3s-graduado em Produ\u00e7\u00e3o e Pr\u00e1ticas Jornal\u00edsticas na Contemporaneidade na Faculdade C\u00e1sper L\u00edbero (FCL). Foi editor web no Startupi e no Finsiders, atuando ainda como editor no TC Mover, portal de not\u00edcias da TradersClub, fazendo a cobertura de assuntos relacionados ao mercado financeiro interno e externo. Atualmente, \u00e9 Rep\u00f3rter do Suno Not\u00edcias.\",\"url\":\"https:\/\/www.suno.com.br\/noticias\/author\/giovanni-porfiriosuno-com-br\/\"}]}<\/script>\n<!-- \/ Yoast SEO plugin. -->","yoast_head_json":{"title":"Braskem (BRKM5): minorit\u00e1rios receberam proposta da J&F com ressalva","description":"Segundo o Valor, minorit\u00e1rios relevantes da Braskem receberam com ressalvas a proposta de compra formalizada h\u00e1 uma semana pela J&F. Confira!","robots":{"index":"index","follow":"follow","max-snippet":"max-snippet:-1","max-image-preview":"max-image-preview:large","max-video-preview":"max-video-preview:-1"},"canonical":"https:\/\/www.suno.com.br\/noticias\/braskem-brkm5-minoritarios-receberam-proposta-jf-ressalvas-gpj\/","og_locale":"pt_BR","og_type":"article","og_title":"Braskem (BRKM5): minorit\u00e1rios receberam proposta da J&F com ressalva","og_description":"Segundo o Valor, minorit\u00e1rios relevantes da Braskem receberam com ressalvas a proposta de compra formalizada h\u00e1 uma semana pela J&F. Confira!","og_url":"https:\/\/www.suno.com.br\/noticias\/braskem-brkm5-minoritarios-receberam-proposta-jf-ressalvas-gpj\/","og_site_name":"Suno Not\u00edcias","article_publisher":"https:\/\/facebook.com\/sunoresearch","og_image":[{"width":1200,"height":800,"url":"https:\/\/files.sunoresearch.com.br\/n\/uploads\/2023\/06\/petrobras-petr4-compra-braskem-brkm5-acionista.jpg","type":"image\/jpeg"}],"author":"Giovanni Porf\u00edrio Jacomino","twitter_card":"summary_large_image","twitter_creator":"@sunoresearch","twitter_site":"@sunoresearch","twitter_misc":{"Escrito por":"Giovanni Porf\u00edrio Jacomino","Est. tempo de leitura":"4 minutos"},"schema":{"@context":"https:\/\/schema.org","@graph":[{"@type":"NewsArticle","@id":"https:\/\/www.suno.com.br\/noticias\/braskem-brkm5-minoritarios-receberam-proposta-jf-ressalvas-gpj\/#article","isPartOf":{"@id":"https:\/\/www.suno.com.br\/noticias\/braskem-brkm5-minoritarios-receberam-proposta-jf-ressalvas-gpj\/"},"author":{"name":"Giovanni Porf\u00edrio Jacomino","@id":"https:\/\/www.suno.com.br\/noticias\/#\/schema\/person\/d0f32748bbca4bee871fa191ee4e2d40"},"headline":"Braskem (BRKM5): minorit\u00e1rios receberam proposta da J&#038;F com ressalvas, diz jornal","datePublished":"2023-07-20T16:47:48+00:00","dateModified":"2023-07-20T16:47:54+00:00","mainEntityOfPage":{"@id":"https:\/\/www.suno.com.br\/noticias\/braskem-brkm5-minoritarios-receberam-proposta-jf-ressalvas-gpj\/"},"wordCount":693,"publisher":{"@id":"https:\/\/www.suno.com.br\/noticias\/#organization"},"image":{"@id":"https:\/\/www.suno.com.br\/noticias\/braskem-brkm5-minoritarios-receberam-proposta-jf-ressalvas-gpj\/#primaryimage"},"thumbnailUrl":"https:\/\/files.sunoresearch.com.br\/n\/uploads\/2023\/06\/petrobras-petr4-compra-braskem-brkm5-acionista.jpg","keywords":["Banco do Brasil (BBAS3)","BNDES","Bradesco (BBDC3\/BBDC4)","Braskem (BRKM3\/BRKM5\/BRKM6)","Ita\u00fa Unibanco (ITUB3\/ITUB4)","JBS (JBSS3)","Petrobras (PETR4)","Santander (SANB11\/SANB3\/SANB4)","Unipar (UNIP3\/UNIP5\/UNIP6)"],"articleSection":["Neg\u00f3cios"],"inLanguage":"pt-BR"},{"@type":"WebPage","@id":"https:\/\/www.suno.com.br\/noticias\/braskem-brkm5-minoritarios-receberam-proposta-jf-ressalvas-gpj\/","url":"https:\/\/www.suno.com.br\/noticias\/braskem-brkm5-minoritarios-receberam-proposta-jf-ressalvas-gpj\/","name":"Braskem (BRKM5): minorit\u00e1rios receberam proposta da J&F com ressalva","isPartOf":{"@id":"https:\/\/www.suno.com.br\/noticias\/#website"},"primaryImageOfPage":{"@id":"https:\/\/www.suno.com.br\/noticias\/braskem-brkm5-minoritarios-receberam-proposta-jf-ressalvas-gpj\/#primaryimage"},"image":{"@id":"https:\/\/www.suno.com.br\/noticias\/braskem-brkm5-minoritarios-receberam-proposta-jf-ressalvas-gpj\/#primaryimage"},"thumbnailUrl":"https:\/\/files.sunoresearch.com.br\/n\/uploads\/2023\/06\/petrobras-petr4-compra-braskem-brkm5-acionista.jpg","datePublished":"2023-07-20T16:47:48+00:00","dateModified":"2023-07-20T16:47:54+00:00","description":"Segundo o Valor, minorit\u00e1rios relevantes da Braskem receberam com ressalvas a proposta de compra formalizada h\u00e1 uma semana pela J&F. Confira!","breadcrumb":{"@id":"https:\/\/www.suno.com.br\/noticias\/braskem-brkm5-minoritarios-receberam-proposta-jf-ressalvas-gpj\/#breadcrumb"},"inLanguage":"pt-BR","potentialAction":[{"@type":"ReadAction","target":["https:\/\/www.suno.com.br\/noticias\/braskem-brkm5-minoritarios-receberam-proposta-jf-ressalvas-gpj\/"]}]},{"@type":"ImageObject","inLanguage":"pt-BR","@id":"https:\/\/www.suno.com.br\/noticias\/braskem-brkm5-minoritarios-receberam-proposta-jf-ressalvas-gpj\/#primaryimage","url":"https:\/\/files.sunoresearch.com.br\/n\/uploads\/2023\/06\/petrobras-petr4-compra-braskem-brkm5-acionista.jpg","contentUrl":"https:\/\/files.sunoresearch.com.br\/n\/uploads\/2023\/06\/petrobras-petr4-compra-braskem-brkm5-acionista.jpg","width":1200,"height":800,"caption":"Braskem (BRKM5) - Foto: Divulga\u00e7\u00e3o."},{"@type":"BreadcrumbList","@id":"https:\/\/www.suno.com.br\/noticias\/braskem-brkm5-minoritarios-receberam-proposta-jf-ressalvas-gpj\/#breadcrumb","itemListElement":[{"@type":"ListItem","position":1,"name":"Not\u00edcias","item":"https:\/\/www.suno.com.br\/noticias\/"},{"@type":"ListItem","position":2,"name":"Neg\u00f3cios","item":"https:\/\/www.suno.com.br\/noticias\/negocios\/"},{"@type":"ListItem","position":3,"name":"Braskem (BRKM5): minorit\u00e1rios receberam proposta da J&#038;F com ressalvas, diz jornal"}]},{"@type":"WebSite","@id":"https:\/\/www.suno.com.br\/noticias\/#website","url":"https:\/\/www.suno.com.br\/noticias\/","name":"Suno Not\u00edcias","description":"Seu portal de informa\u00e7\u00e3o sobre o mundo dos investimentos","publisher":{"@id":"https:\/\/www.suno.com.br\/noticias\/#organization"},"potentialAction":[{"@type":"SearchAction","target":{"@type":"EntryPoint","urlTemplate":"https:\/\/www.suno.com.br\/noticias\/?s={search_term_string}"},"query-input":{"@type":"PropertyValueSpecification","valueRequired":true,"valueName":"search_term_string"}}],"inLanguage":"pt-BR"},{"@type":"Organization","@id":"https:\/\/www.suno.com.br\/noticias\/#organization","name":"Suno Not\u00edcias","url":"https:\/\/www.suno.com.br\/noticias\/","logo":{"@type":"ImageObject","inLanguage":"pt-BR","@id":"https:\/\/www.suno.com.br\/noticias\/#\/schema\/logo\/image\/","url":"https:\/\/files.sunoresearch.com.br\/n\/uploads\/2021\/09\/suno-logo.png","contentUrl":"https:\/\/files.sunoresearch.com.br\/n\/uploads\/2021\/09\/suno-logo.png","width":180,"height":180,"caption":"Suno Not\u00edcias"},"image":{"@id":"https:\/\/www.suno.com.br\/noticias\/#\/schema\/logo\/image\/"},"sameAs":["https:\/\/facebook.com\/sunoresearch","https:\/\/x.com\/sunoresearch","https:\/\/www.instagram.com\/suno","https:\/\/www.linkedin.com\/company\/suno-research\/","https:\/\/www.youtube.com\/c\/sunoresearch"]},{"@type":"Person","@id":"https:\/\/www.suno.com.br\/noticias\/#\/schema\/person\/d0f32748bbca4bee871fa191ee4e2d40","name":"Giovanni Porf\u00edrio Jacomino","image":{"@type":"ImageObject","inLanguage":"pt-BR","@id":"https:\/\/www.suno.com.br\/noticias\/#\/schema\/person\/image\/","url":"https:\/\/secure.gravatar.com\/avatar\/efb32e19b730a121cb7a80f41ffec01a?s=96&r=g","contentUrl":"https:\/\/secure.gravatar.com\/avatar\/efb32e19b730a121cb7a80f41ffec01a?s=96&r=g","caption":"Giovanni Porf\u00edrio Jacomino"},"description":"Giovanni Porf\u00edrio Jacomino \u00e9 jornalista formado pela Universidade Estadual de Londrina (UEL) e p\u00f3s-graduado em Produ\u00e7\u00e3o e Pr\u00e1ticas Jornal\u00edsticas na Contemporaneidade na Faculdade C\u00e1sper L\u00edbero (FCL). Foi editor web no Startupi e no Finsiders, atuando ainda como editor no TC Mover, portal de not\u00edcias da TradersClub, fazendo a cobertura de assuntos relacionados ao mercado financeiro interno e externo. Atualmente, \u00e9 Rep\u00f3rter do Suno Not\u00edcias.","url":"https:\/\/www.suno.com.br\/noticias\/author\/giovanni-porfiriosuno-com-br\/"}]}},"default_loop_html":"<div class=\"cardsPage__listCard__boxs\"><div class=\"cardsPage__listCard__boxs__img\"><a href=\"https:\/\/www.suno.com.br\/noticias\/braskem-brkm5-minoritarios-receberam-proposta-jf-ressalvas-gpj\/\"><img class=\"mask\" src=\"https:\/\/www.suno.com.br\/noticias\/wp-content\/themes\/suno\/resources\/images\/spotlight\/spotlight1img\/bg-mask.png\" alt=\"Image Mask\"\/><img src=\"https:\/\/files.sunoresearch.com.br\/n\/uploads\/2023\/06\/petrobras-petr4-compra-braskem-brkm5-acionista-400x200.jpg\" alt=\"Braskem (BRKM5): minorit\u00e1rios receberam proposta da J&#038;F com ressalvas, diz jornal\"\/><\/a><span class=\"spotlightCategory\"><a href=\"https:\/\/www.suno.com.br\/noticias\/negocios\/\">Neg\u00f3cios<\/a><\/span><\/div><div class=\"cardsPage__listCard__boxs__content\"><a href=\"https:\/\/www.suno.com.br\/noticias\/braskem-brkm5-minoritarios-receberam-proposta-jf-ressalvas-gpj\/\"><h2 class=\"content__title\">Braskem (BRKM5): minorit\u00e1rios receberam proposta da J&#038;F com ressalvas, diz jornal<\/h2><\/a><div class=\"newsContent__article__meta\"><div class=\"newsContent__article__meta__authorBox\"><a href=\"https:\/\/www.suno.com.br\/noticias\/author\/joao-vitor-jacintho\/\" class=\"authorBox__avatar noMobi\"><img src=\"https:\/\/secure.gravatar.com\/avatar\/2843227ca03ccf8cc7ccca45204c127e?s=96&#038;r=g\" alt=\"Jo\u00e3o Vitor Jacintho\"><\/a><div class=\"authorBox__name\"><span>por\n\t\t\t<a href=\"https:\/\/www.suno.com.br\/noticias\/author\/joao-vitor-jacintho\/\"><span itemprop=\"author\">Jo\u00e3o Vitor Jacintho<\/span><\/a><\/span><time datetime=\"2023-07-20T13:47:48-03:00\" itemprop=\"datePublished\">20\/07\/2023 13:47<\/time><\/div><\/div><\/div><\/div><\/div>","single_layout":"posts","amp_enabled":true,"_links":{"self":[{"href":"https:\/\/www.suno.com.br\/noticias\/wp-json\/wp\/v2\/posts\/431223"}],"collection":[{"href":"https:\/\/www.suno.com.br\/noticias\/wp-json\/wp\/v2\/posts"}],"about":[{"href":"https:\/\/www.suno.com.br\/noticias\/wp-json\/wp\/v2\/types\/post"}],"author":[{"embeddable":true,"href":"https:\/\/www.suno.com.br\/noticias\/wp-json\/wp\/v2\/users\/313"}],"replies":[{"embeddable":true,"href":"https:\/\/www.suno.com.br\/noticias\/wp-json\/wp\/v2\/comments?post=431223"}],"version-history":[{"count":2,"href":"https:\/\/www.suno.com.br\/noticias\/wp-json\/wp\/v2\/posts\/431223\/revisions"}],"predecessor-version":[{"id":431275,"href":"https:\/\/www.suno.com.br\/noticias\/wp-json\/wp\/v2\/posts\/431223\/revisions\/431275"}],"wp:featuredmedia":[{"embeddable":true,"href":"https:\/\/www.suno.com.br\/noticias\/wp-json\/wp\/v2\/media\/417316"}],"wp:attachment":[{"href":"https:\/\/www.suno.com.br\/noticias\/wp-json\/wp\/v2\/media?parent=431223"}],"wp:term":[{"taxonomy":"category","embeddable":true,"href":"https:\/\/www.suno.com.br\/noticias\/wp-json\/wp\/v2\/categories?post=431223"},{"taxonomy":"post_tag","embeddable":true,"href":"https:\/\/www.suno.com.br\/noticias\/wp-json\/wp\/v2\/tags?post=431223"},{"taxonomy":"suno_strategy","embeddable":true,"href":"https:\/\/www.suno.com.br\/noticias\/wp-json\/wp\/v2\/suno_strategy?post=431223"}],"curies":[{"name":"wp","href":"https:\/\/api.w.org\/{rel}","templated":true}]}}