{"id":4312,"date":"2018-09-24T17:03:19","date_gmt":"2018-09-24T20:03:19","guid":{"rendered":"https:\/\/www.suno.com.br\/noticias\/?p=4312"},"modified":"2018-09-24T17:14:47","modified_gmt":"2018-09-24T20:14:47","slug":"temer-aprovar-reforma-previdencia","status":"publish","type":"post","link":"https:\/\/www.suno.com.br\/noticias\/temer-aprovar-reforma-previdencia\/","title":{"rendered":"Em Nova York, Temer diz que tentar\u00e1 aprovar reforma da Previd\u00eancia ap\u00f3s as elei\u00e7\u00f5es"},"content":{"rendered":"<p>O presidente Michel Temer, que est\u00e1 realizando compromissos oficiais em Nova York, disse que tentar\u00e1 entrar em contato com o seu sucessor para aprovar a reforma da Previd\u00eancia ainda em seu mandato.<\/p>\t<div class=\"wrapper-featured-image\">\n\t\t<figure class=\"spotlightImg\">\n\n\t\t\t<picture>\n\t\t\t\t<source media=\"(max-width: 768px)\" srcset=\"https:\/\/files.sunoresearch.com.br\/n\/uploads\/2018\/08\/68110376-43635816364_10a4ad4478_k-400x200.webp\">\n\t\t\t\t<img loading=\"lazy\" decoding=\"async\" class=\"newsContent__article__imgCapa lazyloadDisabled newsContent__article__imgCapa--noCaption\" src=\"https:\/\/files.sunoresearch.com.br\/n\/uploads\/2018\/08\/68110376-43635816364_10a4ad4478_k-800x450.webp\" width=\"800\" height=\"450\" alt=\"Em Nova York, Temer diz que tentar\u00e1 aprovar reforma da Previd\u00eancia ap\u00f3s as elei\u00e7\u00f5es\" fetchpriority=high \/>\n\t\t\t<\/picture>\n\n\t\t\t<figcaption class=\"wp-caption-text wp-caption-text--hide\"><\/figcaption>\n\t\t<\/figure>\n\t<\/div>\n\n\n<p>\u201cQuero anunciar pela primeira vez, que eu quero fazer a reforma da Previd\u00eancia, logo depois das elei\u00e7\u00f5es\u201d, reconhecendo que antes disse existem dificuldades para as negocia\u00e7\u00f5es correrem.<\/p>\n<p>O presidente seguiu sua linha de racioc\u00ednio dizendo que os \u201cnossos filhos e netos\u201d n\u00e3o podem ser deixados com um sistema previdenci\u00e1rio sob ema\u00e7a e nem com um or\u00e7amento p\u00fablico que seja menor ou igual aos gastos com aposentadoria.<\/p>\n<p>Michel Temer tamb\u00e9m discursou \u00e0 favor de suas medidas em rela\u00e7\u00e3o a aprova\u00e7\u00e3o do teto de gastos p\u00fablicos e as mudan\u00e7as na legisla\u00e7\u00e3o trabalhista.<\/p>\n<p>\u201cHouve tempos em que se advogava no Brasil ser poss\u00edvel crescer de forma sustentada com as contas fora de ordem, com os pre\u00e7os fora de controle\u201d, falou Temer, Aprendemos na pr\u00e1tica que toda a infla\u00e7\u00e3o \u00e9 o mais perverso dos impostos, porque incide sobre os mais vulner\u00e1veis, completou.<\/p>\n<p>Amanh\u00e3 temer deve fazer o discurso de abertura da 73\u00b0 Assembleia Geral da ONU, como de costume, o presidente brasileiro faz o primeiro discurso da casa. Segundo a assessoria do presidente, os temas pautados na agenda s\u00e3o a defesa do multilateralismo, preocupa\u00e7\u00e3o com imigra\u00e7\u00e3o e quest\u00f5es de seguran\u00e7a nacional.<\/p>\n<p>A assessoria tamb\u00e9m informou que al\u00e9m da viagem \u00e0 ONU, Temer deve fazer mais duas viagens internacionais antes de encerrar seu cargo como presidente do Brasil.<\/p>\n<p>&nbsp;<\/p>\n","protected":false},"excerpt":{"rendered":"<p>O presidente Michel Temer, que est\u00e1 realizando compromissos oficiais em Nova York, disse que tentar\u00e1 entrar em contato com o seu sucessor para aprovar a reforma da Previd\u00eancia ainda em seu mandato. \u201cQuero anunciar pela primeira vez, que eu quero fazer a reforma da Previd\u00eancia, logo depois das elei\u00e7\u00f5es\u201d, reconhecendo que antes disse existem dificuldades [&hellip;]<\/p>\n","protected":false},"author":6,"featured_media":3289,"comment_status":"closed","ping_status":"closed","sticky":false,"template":"","format":"standard","meta":[],"categories":[61],"tags":[],"suno_strategy":[],"class_list":["post-4312","post","type-post","status-publish","format-standard","has-post-thumbnail","hentry","category-politica"],"yoast_head":"<!-- This site is optimized with the Yoast SEO plugin v24.4 - https:\/\/yoast.com\/wordpress\/plugins\/seo\/ -->\n<title>Em Nova York, Temer diz que tentar\u00e1 aprovar reforma da Previd\u00eancia ap\u00f3s as elei\u00e7\u00f5es<\/title>\n<meta name=\"robots\" content=\"index, follow, max-snippet:-1, max-image-preview:large, max-video-preview:-1\" \/>\n<link rel=\"canonical\" href=\"https:\/\/www.suno.com.br\/noticias\/temer-aprovar-reforma-previdencia\/\" \/>\n<meta property=\"og:locale\" content=\"pt_BR\" \/>\n<meta property=\"og:type\" content=\"article\" \/>\n<meta property=\"og:title\" content=\"Em Nova York, Temer diz que tentar\u00e1 aprovar reforma da Previd\u00eancia ap\u00f3s as elei\u00e7\u00f5es\" \/>\n<meta property=\"og:description\" content=\"O presidente Michel Temer, que est\u00e1 realizando compromissos oficiais em Nova York, disse que tentar\u00e1 entrar em contato com o seu sucessor para aprovar a reforma da Previd\u00eancia ainda em seu mandato. \u201cQuero anunciar pela primeira vez, que eu quero fazer a reforma da Previd\u00eancia, logo depois das elei\u00e7\u00f5es\u201d, reconhecendo que antes disse existem dificuldades [&hellip;]\" \/>\n<meta property=\"og:url\" content=\"https:\/\/www.suno.com.br\/noticias\/temer-aprovar-reforma-previdencia\/\" \/>\n<meta property=\"og:site_name\" content=\"Suno Not\u00edcias\" \/>\n<meta property=\"article:publisher\" content=\"https:\/\/facebook.com\/sunoresearch\" \/>\n<meta property=\"article:author\" content=\"https:\/\/www.linkedin.com\/in\/paulo-jaschke-328221168\/\" \/>\n<meta property=\"og:image\" content=\"https:\/\/files.sunoresearch.com.br\/n\/uploads\/2018\/08\/68110376-43635816364_10a4ad4478_k.jpg\" \/>\n\t<meta property=\"og:image:width\" content=\"2048\" \/>\n\t<meta property=\"og:image:height\" content=\"1365\" \/>\n\t<meta property=\"og:image:type\" content=\"image\/jpeg\" \/>\n<meta name=\"author\" content=\"Paulo Jaschke\" \/>\n<meta name=\"twitter:card\" content=\"summary_large_image\" \/>\n<meta name=\"twitter:creator\" content=\"@sunoresearch\" \/>\n<meta name=\"twitter:site\" content=\"@sunoresearch\" \/>\n<meta name=\"twitter:label1\" content=\"Escrito por\" \/>\n\t<meta name=\"twitter:data1\" content=\"Paulo Jaschke\" \/>\n\t<meta name=\"twitter:label2\" content=\"Est. tempo de leitura\" \/>\n\t<meta name=\"twitter:data2\" content=\"1 minuto\" \/>\n<script type=\"application\/ld+json\" class=\"yoast-schema-graph\">{\"@context\":\"https:\/\/schema.org\",\"@graph\":[{\"@type\":\"NewsArticle\",\"@id\":\"https:\/\/www.suno.com.br\/noticias\/temer-aprovar-reforma-previdencia\/#article\",\"isPartOf\":{\"@id\":\"https:\/\/www.suno.com.br\/noticias\/temer-aprovar-reforma-previdencia\/\"},\"author\":{\"name\":\"Paulo Jaschke\",\"@id\":\"https:\/\/www.suno.com.br\/noticias\/#\/schema\/person\/edc78e26bff487bcad4a7d5e75ca2938\"},\"headline\":\"Em Nova York, Temer diz que tentar\u00e1 aprovar reforma da Previd\u00eancia ap\u00f3s as elei\u00e7\u00f5es\",\"datePublished\":\"2018-09-24T20:03:19+00:00\",\"dateModified\":\"2018-09-24T20:14:47+00:00\",\"mainEntityOfPage\":{\"@id\":\"https:\/\/www.suno.com.br\/noticias\/temer-aprovar-reforma-previdencia\/\"},\"wordCount\":287,\"publisher\":{\"@id\":\"https:\/\/www.suno.com.br\/noticias\/#organization\"},\"image\":{\"@id\":\"https:\/\/www.suno.com.br\/noticias\/temer-aprovar-reforma-previdencia\/#primaryimage\"},\"thumbnailUrl\":\"https:\/\/files.sunoresearch.com.br\/n\/uploads\/2018\/08\/68110376-43635816364_10a4ad4478_k-jpg.webp\",\"articleSection\":[\"Pol\u00edtica\"],\"inLanguage\":\"pt-BR\"},{\"@type\":\"WebPage\",\"@id\":\"https:\/\/www.suno.com.br\/noticias\/temer-aprovar-reforma-previdencia\/\",\"url\":\"https:\/\/www.suno.com.br\/noticias\/temer-aprovar-reforma-previdencia\/\",\"name\":\"Em Nova York, Temer diz que tentar\u00e1 aprovar reforma da Previd\u00eancia ap\u00f3s as elei\u00e7\u00f5es\",\"isPartOf\":{\"@id\":\"https:\/\/www.suno.com.br\/noticias\/#website\"},\"primaryImageOfPage\":{\"@id\":\"https:\/\/www.suno.com.br\/noticias\/temer-aprovar-reforma-previdencia\/#primaryimage\"},\"image\":{\"@id\":\"https:\/\/www.suno.com.br\/noticias\/temer-aprovar-reforma-previdencia\/#primaryimage\"},\"thumbnailUrl\":\"https:\/\/files.sunoresearch.com.br\/n\/uploads\/2018\/08\/68110376-43635816364_10a4ad4478_k-jpg.webp\",\"datePublished\":\"2018-09-24T20:03:19+00:00\",\"dateModified\":\"2018-09-24T20:14:47+00:00\",\"breadcrumb\":{\"@id\":\"https:\/\/www.suno.com.br\/noticias\/temer-aprovar-reforma-previdencia\/#breadcrumb\"},\"inLanguage\":\"pt-BR\",\"potentialAction\":[{\"@type\":\"ReadAction\",\"target\":[\"https:\/\/www.suno.com.br\/noticias\/temer-aprovar-reforma-previdencia\/\"]}]},{\"@type\":\"ImageObject\",\"inLanguage\":\"pt-BR\",\"@id\":\"https:\/\/www.suno.com.br\/noticias\/temer-aprovar-reforma-previdencia\/#primaryimage\",\"url\":\"https:\/\/files.sunoresearch.com.br\/n\/uploads\/2018\/08\/68110376-43635816364_10a4ad4478_k-jpg.webp\",\"contentUrl\":\"https:\/\/files.sunoresearch.com.br\/n\/uploads\/2018\/08\/68110376-43635816364_10a4ad4478_k-jpg.webp\",\"width\":2048,\"height\":1365},{\"@type\":\"BreadcrumbList\",\"@id\":\"https:\/\/www.suno.com.br\/noticias\/temer-aprovar-reforma-previdencia\/#breadcrumb\",\"itemListElement\":[{\"@type\":\"ListItem\",\"position\":1,\"name\":\"Not\u00edcias\",\"item\":\"https:\/\/www.suno.com.br\/noticias\/\"},{\"@type\":\"ListItem\",\"position\":2,\"name\":\"Pol\u00edtica\",\"item\":\"https:\/\/www.suno.com.br\/noticias\/politica\/\"},{\"@type\":\"ListItem\",\"position\":3,\"name\":\"Em Nova York, Temer diz que tentar\u00e1 aprovar reforma da Previd\u00eancia ap\u00f3s as elei\u00e7\u00f5es\"}]},{\"@type\":\"WebSite\",\"@id\":\"https:\/\/www.suno.com.br\/noticias\/#website\",\"url\":\"https:\/\/www.suno.com.br\/noticias\/\",\"name\":\"Suno Not\u00edcias\",\"description\":\"Seu portal de informa\u00e7\u00e3o sobre o mundo dos investimentos\",\"publisher\":{\"@id\":\"https:\/\/www.suno.com.br\/noticias\/#organization\"},\"potentialAction\":[{\"@type\":\"SearchAction\",\"target\":{\"@type\":\"EntryPoint\",\"urlTemplate\":\"https:\/\/www.suno.com.br\/noticias\/?s={search_term_string}\"},\"query-input\":{\"@type\":\"PropertyValueSpecification\",\"valueRequired\":true,\"valueName\":\"search_term_string\"}}],\"inLanguage\":\"pt-BR\"},{\"@type\":\"Organization\",\"@id\":\"https:\/\/www.suno.com.br\/noticias\/#organization\",\"name\":\"Suno Not\u00edcias\",\"url\":\"https:\/\/www.suno.com.br\/noticias\/\",\"logo\":{\"@type\":\"ImageObject\",\"inLanguage\":\"pt-BR\",\"@id\":\"https:\/\/www.suno.com.br\/noticias\/#\/schema\/logo\/image\/\",\"url\":\"https:\/\/files.sunoresearch.com.br\/n\/uploads\/2021\/09\/suno-logo.png\",\"contentUrl\":\"https:\/\/files.sunoresearch.com.br\/n\/uploads\/2021\/09\/suno-logo.png\",\"width\":180,\"height\":180,\"caption\":\"Suno Not\u00edcias\"},\"image\":{\"@id\":\"https:\/\/www.suno.com.br\/noticias\/#\/schema\/logo\/image\/\"},\"sameAs\":[\"https:\/\/facebook.com\/sunoresearch\",\"https:\/\/x.com\/sunoresearch\",\"https:\/\/www.instagram.com\/suno\",\"https:\/\/www.linkedin.com\/company\/suno-research\/\",\"https:\/\/www.youtube.com\/c\/sunoresearch\"]},{\"@type\":\"Person\",\"@id\":\"https:\/\/www.suno.com.br\/noticias\/#\/schema\/person\/edc78e26bff487bcad4a7d5e75ca2938\",\"name\":\"Paulo Jaschke\",\"image\":{\"@type\":\"ImageObject\",\"inLanguage\":\"pt-BR\",\"@id\":\"https:\/\/www.suno.com.br\/noticias\/#\/schema\/person\/image\/\",\"url\":\"https:\/\/secure.gravatar.com\/avatar\/d866ede420b0a0e4741620ba27841b8f?s=96&r=g\",\"contentUrl\":\"https:\/\/secure.gravatar.com\/avatar\/d866ede420b0a0e4741620ba27841b8f?s=96&r=g\",\"caption\":\"Paulo Jaschke\"},\"description\":\"Paulo Jaschke \u00e9 estudante de jornalismo na ESPM-SP. Escreve sobre o mercado financeiro, economia e pol\u00edtica internacional para o portal da Suno Research. Tamb\u00e9m escreve sobre economia internacional na ag\u00eancia CMA e \u00e9 rep\u00f3rter esportivo pela Web r\u00e1dio EsportesNet. Em 2018, foi rep\u00f3rter esportivo pela R\u00e1dio ESPM na Copa do Mundo 2018 e escreveu para a Revista Plural ESPM.\",\"sameAs\":[\"https:\/\/www.suno.com.br\/\",\"https:\/\/www.linkedin.com\/in\/paulo-jaschke-328221168\/\"],\"url\":\"https:\/\/www.suno.com.br\/noticias\/author\/paulo-jaschke\/\"}]}<\/script>\n<!-- \/ Yoast SEO plugin. -->","yoast_head_json":{"title":"Em Nova York, Temer diz que tentar\u00e1 aprovar reforma da Previd\u00eancia ap\u00f3s as elei\u00e7\u00f5es","robots":{"index":"index","follow":"follow","max-snippet":"max-snippet:-1","max-image-preview":"max-image-preview:large","max-video-preview":"max-video-preview:-1"},"canonical":"https:\/\/www.suno.com.br\/noticias\/temer-aprovar-reforma-previdencia\/","og_locale":"pt_BR","og_type":"article","og_title":"Em Nova York, Temer diz que tentar\u00e1 aprovar reforma da Previd\u00eancia ap\u00f3s as elei\u00e7\u00f5es","og_description":"O presidente Michel Temer, que est\u00e1 realizando compromissos oficiais em Nova York, disse que tentar\u00e1 entrar em contato com o seu sucessor para aprovar a reforma da Previd\u00eancia ainda em seu mandato. \u201cQuero anunciar pela primeira vez, que eu quero fazer a reforma da Previd\u00eancia, logo depois das elei\u00e7\u00f5es\u201d, reconhecendo que antes disse existem dificuldades [&hellip;]","og_url":"https:\/\/www.suno.com.br\/noticias\/temer-aprovar-reforma-previdencia\/","og_site_name":"Suno Not\u00edcias","article_publisher":"https:\/\/facebook.com\/sunoresearch","article_author":"https:\/\/www.linkedin.com\/in\/paulo-jaschke-328221168\/","og_image":[{"width":2048,"height":1365,"url":"https:\/\/files.sunoresearch.com.br\/n\/uploads\/2018\/08\/68110376-43635816364_10a4ad4478_k.jpg","type":"image\/jpeg"}],"author":"Paulo Jaschke","twitter_card":"summary_large_image","twitter_creator":"@sunoresearch","twitter_site":"@sunoresearch","twitter_misc":{"Escrito por":"Paulo Jaschke","Est. tempo de leitura":"1 minuto"},"schema":{"@context":"https:\/\/schema.org","@graph":[{"@type":"NewsArticle","@id":"https:\/\/www.suno.com.br\/noticias\/temer-aprovar-reforma-previdencia\/#article","isPartOf":{"@id":"https:\/\/www.suno.com.br\/noticias\/temer-aprovar-reforma-previdencia\/"},"author":{"name":"Paulo Jaschke","@id":"https:\/\/www.suno.com.br\/noticias\/#\/schema\/person\/edc78e26bff487bcad4a7d5e75ca2938"},"headline":"Em Nova York, Temer diz que tentar\u00e1 aprovar reforma da Previd\u00eancia ap\u00f3s as elei\u00e7\u00f5es","datePublished":"2018-09-24T20:03:19+00:00","dateModified":"2018-09-24T20:14:47+00:00","mainEntityOfPage":{"@id":"https:\/\/www.suno.com.br\/noticias\/temer-aprovar-reforma-previdencia\/"},"wordCount":287,"publisher":{"@id":"https:\/\/www.suno.com.br\/noticias\/#organization"},"image":{"@id":"https:\/\/www.suno.com.br\/noticias\/temer-aprovar-reforma-previdencia\/#primaryimage"},"thumbnailUrl":"https:\/\/files.sunoresearch.com.br\/n\/uploads\/2018\/08\/68110376-43635816364_10a4ad4478_k-jpg.webp","articleSection":["Pol\u00edtica"],"inLanguage":"pt-BR"},{"@type":"WebPage","@id":"https:\/\/www.suno.com.br\/noticias\/temer-aprovar-reforma-previdencia\/","url":"https:\/\/www.suno.com.br\/noticias\/temer-aprovar-reforma-previdencia\/","name":"Em Nova York, Temer diz que tentar\u00e1 aprovar reforma da Previd\u00eancia ap\u00f3s as elei\u00e7\u00f5es","isPartOf":{"@id":"https:\/\/www.suno.com.br\/noticias\/#website"},"primaryImageOfPage":{"@id":"https:\/\/www.suno.com.br\/noticias\/temer-aprovar-reforma-previdencia\/#primaryimage"},"image":{"@id":"https:\/\/www.suno.com.br\/noticias\/temer-aprovar-reforma-previdencia\/#primaryimage"},"thumbnailUrl":"https:\/\/files.sunoresearch.com.br\/n\/uploads\/2018\/08\/68110376-43635816364_10a4ad4478_k-jpg.webp","datePublished":"2018-09-24T20:03:19+00:00","dateModified":"2018-09-24T20:14:47+00:00","breadcrumb":{"@id":"https:\/\/www.suno.com.br\/noticias\/temer-aprovar-reforma-previdencia\/#breadcrumb"},"inLanguage":"pt-BR","potentialAction":[{"@type":"ReadAction","target":["https:\/\/www.suno.com.br\/noticias\/temer-aprovar-reforma-previdencia\/"]}]},{"@type":"ImageObject","inLanguage":"pt-BR","@id":"https:\/\/www.suno.com.br\/noticias\/temer-aprovar-reforma-previdencia\/#primaryimage","url":"https:\/\/files.sunoresearch.com.br\/n\/uploads\/2018\/08\/68110376-43635816364_10a4ad4478_k-jpg.webp","contentUrl":"https:\/\/files.sunoresearch.com.br\/n\/uploads\/2018\/08\/68110376-43635816364_10a4ad4478_k-jpg.webp","width":2048,"height":1365},{"@type":"BreadcrumbList","@id":"https:\/\/www.suno.com.br\/noticias\/temer-aprovar-reforma-previdencia\/#breadcrumb","itemListElement":[{"@type":"ListItem","position":1,"name":"Not\u00edcias","item":"https:\/\/www.suno.com.br\/noticias\/"},{"@type":"ListItem","position":2,"name":"Pol\u00edtica","item":"https:\/\/www.suno.com.br\/noticias\/politica\/"},{"@type":"ListItem","position":3,"name":"Em Nova York, Temer diz que tentar\u00e1 aprovar reforma da Previd\u00eancia ap\u00f3s as elei\u00e7\u00f5es"}]},{"@type":"WebSite","@id":"https:\/\/www.suno.com.br\/noticias\/#website","url":"https:\/\/www.suno.com.br\/noticias\/","name":"Suno Not\u00edcias","description":"Seu portal de informa\u00e7\u00e3o sobre o mundo dos investimentos","publisher":{"@id":"https:\/\/www.suno.com.br\/noticias\/#organization"},"potentialAction":[{"@type":"SearchAction","target":{"@type":"EntryPoint","urlTemplate":"https:\/\/www.suno.com.br\/noticias\/?s={search_term_string}"},"query-input":{"@type":"PropertyValueSpecification","valueRequired":true,"valueName":"search_term_string"}}],"inLanguage":"pt-BR"},{"@type":"Organization","@id":"https:\/\/www.suno.com.br\/noticias\/#organization","name":"Suno Not\u00edcias","url":"https:\/\/www.suno.com.br\/noticias\/","logo":{"@type":"ImageObject","inLanguage":"pt-BR","@id":"https:\/\/www.suno.com.br\/noticias\/#\/schema\/logo\/image\/","url":"https:\/\/files.sunoresearch.com.br\/n\/uploads\/2021\/09\/suno-logo.png","contentUrl":"https:\/\/files.sunoresearch.com.br\/n\/uploads\/2021\/09\/suno-logo.png","width":180,"height":180,"caption":"Suno Not\u00edcias"},"image":{"@id":"https:\/\/www.suno.com.br\/noticias\/#\/schema\/logo\/image\/"},"sameAs":["https:\/\/facebook.com\/sunoresearch","https:\/\/x.com\/sunoresearch","https:\/\/www.instagram.com\/suno","https:\/\/www.linkedin.com\/company\/suno-research\/","https:\/\/www.youtube.com\/c\/sunoresearch"]},{"@type":"Person","@id":"https:\/\/www.suno.com.br\/noticias\/#\/schema\/person\/edc78e26bff487bcad4a7d5e75ca2938","name":"Paulo Jaschke","image":{"@type":"ImageObject","inLanguage":"pt-BR","@id":"https:\/\/www.suno.com.br\/noticias\/#\/schema\/person\/image\/","url":"https:\/\/secure.gravatar.com\/avatar\/d866ede420b0a0e4741620ba27841b8f?s=96&r=g","contentUrl":"https:\/\/secure.gravatar.com\/avatar\/d866ede420b0a0e4741620ba27841b8f?s=96&r=g","caption":"Paulo Jaschke"},"description":"Paulo Jaschke \u00e9 estudante de jornalismo na ESPM-SP. Escreve sobre o mercado financeiro, economia e pol\u00edtica internacional para o portal da Suno Research. Tamb\u00e9m escreve sobre economia internacional na ag\u00eancia CMA e \u00e9 rep\u00f3rter esportivo pela Web r\u00e1dio EsportesNet. Em 2018, foi rep\u00f3rter esportivo pela R\u00e1dio ESPM na Copa do Mundo 2018 e escreveu para a Revista Plural ESPM.","sameAs":["https:\/\/www.suno.com.br\/","https:\/\/www.linkedin.com\/in\/paulo-jaschke-328221168\/"],"url":"https:\/\/www.suno.com.br\/noticias\/author\/paulo-jaschke\/"}]}},"default_loop_html":"<div class=\"cardsPage__listCard__boxs\"><div class=\"cardsPage__listCard__boxs__img\"><a href=\"https:\/\/www.suno.com.br\/noticias\/temer-aprovar-reforma-previdencia\/\"><img class=\"mask\" src=\"https:\/\/www.suno.com.br\/noticias\/wp-content\/themes\/suno\/resources\/images\/spotlight\/spotlight1img\/bg-mask.png\" alt=\"Image Mask\"\/><img src=\"https:\/\/files.sunoresearch.com.br\/n\/uploads\/2018\/08\/68110376-43635816364_10a4ad4478_k-400x200.webp\" alt=\"Em Nova York, Temer diz que tentar\u00e1 aprovar reforma da Previd\u00eancia ap\u00f3s as elei\u00e7\u00f5es\"\/><\/a><span class=\"spotlightCategory\"><a href=\"https:\/\/www.suno.com.br\/noticias\/politica\/\">Pol\u00edtica<\/a><\/span><\/div><div class=\"cardsPage__listCard__boxs__content\"><a href=\"https:\/\/www.suno.com.br\/noticias\/temer-aprovar-reforma-previdencia\/\"><h2 class=\"content__title\">Em Nova York, Temer diz que tentar\u00e1 aprovar reforma da Previd\u00eancia ap\u00f3s as elei\u00e7\u00f5es<\/h2><\/a><div class=\"newsContent__article__meta\"><div class=\"newsContent__article__meta__authorBox\"><a href=\"https:\/\/www.suno.com.br\/noticias\/author\/paulo-jaschke\/\" class=\"authorBox__avatar noMobi\"><img src=\"https:\/\/secure.gravatar.com\/avatar\/d866ede420b0a0e4741620ba27841b8f?s=96&#038;r=g\" alt=\"Paulo Jaschke\"><\/a><div class=\"authorBox__name\"><span>por\n\t\t\t<a href=\"https:\/\/www.suno.com.br\/noticias\/author\/paulo-jaschke\/\"><span itemprop=\"author\">Paulo Jaschke<\/span><\/a><\/span><time datetime=\"2018-09-24T17:03:19-03:00\" itemprop=\"datePublished\">24\/09\/2018 17:03<\/time><\/div><\/div><\/div><\/div><\/div>","single_layout":"posts","amp_enabled":true,"_links":{"self":[{"href":"https:\/\/www.suno.com.br\/noticias\/wp-json\/wp\/v2\/posts\/4312"}],"collection":[{"href":"https:\/\/www.suno.com.br\/noticias\/wp-json\/wp\/v2\/posts"}],"about":[{"href":"https:\/\/www.suno.com.br\/noticias\/wp-json\/wp\/v2\/types\/post"}],"author":[{"embeddable":true,"href":"https:\/\/www.suno.com.br\/noticias\/wp-json\/wp\/v2\/users\/6"}],"replies":[{"embeddable":true,"href":"https:\/\/www.suno.com.br\/noticias\/wp-json\/wp\/v2\/comments?post=4312"}],"version-history":[{"count":0,"href":"https:\/\/www.suno.com.br\/noticias\/wp-json\/wp\/v2\/posts\/4312\/revisions"}],"wp:featuredmedia":[{"embeddable":true,"href":"https:\/\/www.suno.com.br\/noticias\/wp-json\/wp\/v2\/media\/3289"}],"wp:attachment":[{"href":"https:\/\/www.suno.com.br\/noticias\/wp-json\/wp\/v2\/media?parent=4312"}],"wp:term":[{"taxonomy":"category","embeddable":true,"href":"https:\/\/www.suno.com.br\/noticias\/wp-json\/wp\/v2\/categories?post=4312"},{"taxonomy":"post_tag","embeddable":true,"href":"https:\/\/www.suno.com.br\/noticias\/wp-json\/wp\/v2\/tags?post=4312"},{"taxonomy":"suno_strategy","embeddable":true,"href":"https:\/\/www.suno.com.br\/noticias\/wp-json\/wp\/v2\/suno_strategy?post=4312"}],"curies":[{"name":"wp","href":"https:\/\/api.w.org\/{rel}","templated":true}]}}