{"id":43117,"date":"2019-10-30T22:12:24","date_gmt":"2019-10-31T00:12:24","guid":{"rendered":"https:\/\/www.suno.com.br\/noticias\/?p=43117"},"modified":"2019-10-30T22:12:24","modified_gmt":"2019-10-31T00:12:24","slug":"lojas-americanas-cresce-receita-bruta-3t19","status":"publish","type":"post","link":"https:\/\/www.suno.com.br\/noticias\/lojas-americanas-cresce-receita-bruta-3t19\/","title":{"rendered":"Lojas Americanas cresce 8,7% na receita bruta em 3T19"},"content":{"rendered":"<p>A Lojas Americanas (LAME4) divulgou sua receita bruta do terceiro trimestre de 2019 na noite da \u00faltima quarta-feira (30). A companhia de varejo alcan\u00e7ou uma receita bruta de R$ 5,056 bilh\u00f5es. O valor representa uma varia\u00e7\u00e3o positiva de 8,7% em compara\u00e7\u00e3o ao mesmo per\u00edodo do ano passado, quando havia registrado R$ 4,652 bilh\u00f5es.<\/p>\t<div class=\"wrapper-featured-image\">\n\t\t<figure class=\"spotlightImg\">\n\n\t\t\t<picture>\n\t\t\t\t<source media=\"(max-width: 768px)\" srcset=\"https:\/\/files.sunoresearch.com.br\/n\/uploads\/2019\/06\/82589881-lojas-americanas-400x200.webp\">\n\t\t\t\t<img loading=\"lazy\" decoding=\"async\" class=\"newsContent__article__imgCapa lazyloadDisabled newsContent__article__imgCapa--noCaption\" src=\"https:\/\/files.sunoresearch.com.br\/n\/uploads\/2019\/06\/82589881-lojas-americanas-jpg.webp\" width=\"800\" height=\"450\" alt=\"Lojas Americanas cresce 8,7% na receita bruta em 3T19\" fetchpriority=high \/>\n\t\t\t<\/picture>\n\n\t\t\t<figcaption class=\"wp-caption-text wp-caption-text--hide\">Lojas Americanas (divulga\u00e7\u00e3o)<\/figcaption>\n\t\t<\/figure>\n\t<\/div>\n\n\n\n<p>Nos trimestre, o <strong>Ebitda ajustado<\/strong> (lucro antes de juros, impostos, deprecia\u00e7\u00e3o e amortiza\u00e7\u00e3o) da <strong>Lojas Americanas<\/strong> foi de R$ 757 milh\u00f5es. Isso significa uma alta de 8,7% no comparativo ano a ano.<\/p>\n<p><a href=\"https:\/\/www.suno.com.br\/noticias\/agenda-do-dia-banco-do-brasil-lojas-americanas-petrobras-240919\/\">Leia tamb\u00e9m: Agenda do Dia: Banco do Brasil; Lojas Americanas; Petrobras; AB InBev<\/a><\/p>\n<p>A receita l\u00edquida total da <strong>Lojas Americanas<\/strong> no \u00faltimo trimestre, encerrado ao final de setembro, aumentou 7,7% e chegou a R$ 4,238 bilh\u00f5es. O <strong>GMV<\/strong> (volume de venda de mercadorias, na tradu\u00e7\u00e3o da sigla inglesa) foi de R$ 7,608 bilh\u00f5es no terceiro trimestre, avan\u00e7o de 19,8%.<\/p>\n<h2>Justificativa da Lojas Americanas<\/h2>\n<p>No comunicado, a empresa afirmou que: &#8220;Em 30 de setembro de 2019, a Companhia tinha 25.763 associados e 1.582 lojas, sendo 888 tradicionais, 648 express e 46 no formato conveni\u00eancia, atingindo uma \u00e1rea de vendas de 1.160,5 mil metros quadrados (vs. 1.090,8 mil metros quadrados em 30 de setembro de 2018). A base total de lojas est\u00e1 distribu\u00edda da seguinte forma dentre as regi\u00f5es: 51,7% no <strong>Sudeste,<\/strong> 21,8% no Nordeste, 10,6% no Sul, 8,5% no <strong>Centro-Oeste<\/strong> e 7,4% no <strong>Norte.<\/strong> Nesse trimestre, foram adicionadas 47 cidades novas, alcan\u00e7ando presen\u00e7a em 664 cidades em todos os estados brasileiros. Essas lojas s\u00e3o atendidas por quatro centros de distribui\u00e7\u00e3o, localizados em <strong>Minas Gerais<\/strong>, <strong>Pernambuco<\/strong>, <strong>S\u00e3o Paulo<\/strong> e <strong>Rio<\/strong> <strong>de Janeiro&#8221;<\/strong><\/p>\n<p>J\u00e1 sobre seu capital de giro, a <strong>Lojas Americanas<\/strong> afirmou que: &#8220;No 3T19, o capital de giro l\u00edquido da controladora foi de 54 dias, melhora de 10 dias em rela\u00e7\u00e3o ao 3T18. Essa varia\u00e7\u00e3o deve-se principalmente ao trabalho de redu\u00e7\u00e3o de leadtime e melhor assertividade do estoque, que apresentou uma redu\u00e7\u00e3o de 16 dias, e \u00e0s estrat\u00e9gias de meios de pagamento mais efetivas gerando uma evolu\u00e7\u00e3o de 3 dias do contas a receber&#8221;<\/p>\n","protected":false},"excerpt":{"rendered":"<p>A Lojas Americanas (LAME4) divulgou sua receita bruta do terceiro trimestre de 2019 na noite da \u00faltima quarta-feira (30). A companhia de varejo alcan\u00e7ou uma receita bruta de R$ 5,056 bilh\u00f5es. O valor representa uma varia\u00e7\u00e3o positiva de 8,7% em compara\u00e7\u00e3o ao mesmo per\u00edodo do ano passado, quando havia registrado R$ 4,652 bilh\u00f5es. Lojas Americanas [&hellip;]<\/p>\n","protected":false},"author":23,"featured_media":27003,"comment_status":"closed","ping_status":"closed","sticky":false,"template":"","format":"standard","meta":[],"categories":[64],"tags":[539],"suno_strategy":[],"class_list":["post-43117","post","type-post","status-publish","format-standard","has-post-thumbnail","hentry","category-negocios","tag-lojas-americanas-lame3-lame4"],"yoast_head":"<!-- This site is optimized with the Yoast SEO plugin v24.4 - https:\/\/yoast.com\/wordpress\/plugins\/seo\/ -->\n<title>Lojas Americanas cresce 8,7% na receita bruta em 3T19<\/title>\n<meta name=\"description\" content=\"A Lojas Americanas divulgou sua receita bruta do terceiro trimestre de 2019 na noite da \u00faltima quarta-feira (30). Clique aqui para mais.\" \/>\n<meta name=\"robots\" content=\"index, follow, max-snippet:-1, max-image-preview:large, max-video-preview:-1\" \/>\n<link rel=\"canonical\" href=\"https:\/\/www.suno.com.br\/noticias\/lojas-americanas-cresce-receita-bruta-3t19\/\" \/>\n<meta property=\"og:locale\" content=\"pt_BR\" \/>\n<meta property=\"og:type\" content=\"article\" \/>\n<meta property=\"og:title\" content=\"Lojas Americanas cresce 8,7% na receita bruta em 3T19\" \/>\n<meta property=\"og:description\" content=\"A Lojas Americanas divulgou sua receita bruta do terceiro trimestre de 2019 na noite da \u00faltima quarta-feira (30). Clique aqui para mais.\" \/>\n<meta property=\"og:url\" content=\"https:\/\/www.suno.com.br\/noticias\/lojas-americanas-cresce-receita-bruta-3t19\/\" \/>\n<meta property=\"og:site_name\" content=\"Suno Not\u00edcias\" \/>\n<meta property=\"article:publisher\" content=\"https:\/\/facebook.com\/sunoresearch\" \/>\n<meta property=\"og:image\" content=\"https:\/\/files.sunoresearch.com.br\/n\/uploads\/2019\/06\/82589881-lojas-americanas.jpg\" \/>\n\t<meta property=\"og:image:width\" content=\"645\" \/>\n\t<meta property=\"og:image:height\" content=\"388\" \/>\n\t<meta property=\"og:image:type\" content=\"image\/jpeg\" \/>\n<meta name=\"author\" content=\"Rafael Lara\" \/>\n<meta name=\"twitter:card\" content=\"summary_large_image\" \/>\n<meta name=\"twitter:creator\" content=\"@sunoresearch\" \/>\n<meta name=\"twitter:site\" content=\"@sunoresearch\" \/>\n<meta name=\"twitter:label1\" content=\"Escrito por\" \/>\n\t<meta name=\"twitter:data1\" content=\"Rafael Lara\" \/>\n\t<meta name=\"twitter:label2\" content=\"Est. tempo de leitura\" \/>\n\t<meta name=\"twitter:data2\" content=\"2 minutos\" \/>\n<script type=\"application\/ld+json\" class=\"yoast-schema-graph\">{\"@context\":\"https:\/\/schema.org\",\"@graph\":[{\"@type\":\"NewsArticle\",\"@id\":\"https:\/\/www.suno.com.br\/noticias\/lojas-americanas-cresce-receita-bruta-3t19\/#article\",\"isPartOf\":{\"@id\":\"https:\/\/www.suno.com.br\/noticias\/lojas-americanas-cresce-receita-bruta-3t19\/\"},\"author\":{\"name\":\"Rafael Lara\",\"@id\":\"https:\/\/www.suno.com.br\/noticias\/#\/schema\/person\/098743caeed97b37f51315c9576c4078\"},\"headline\":\"Lojas Americanas cresce 8,7% na receita bruta em 3T19\",\"datePublished\":\"2019-10-31T00:12:24+00:00\",\"mainEntityOfPage\":{\"@id\":\"https:\/\/www.suno.com.br\/noticias\/lojas-americanas-cresce-receita-bruta-3t19\/\"},\"wordCount\":345,\"publisher\":{\"@id\":\"https:\/\/www.suno.com.br\/noticias\/#organization\"},\"image\":{\"@id\":\"https:\/\/www.suno.com.br\/noticias\/lojas-americanas-cresce-receita-bruta-3t19\/#primaryimage\"},\"thumbnailUrl\":\"https:\/\/files.sunoresearch.com.br\/n\/uploads\/2019\/06\/82589881-lojas-americanas-jpg.webp\",\"keywords\":[\"Lojas Americanas (LAME3\/LAME4)\"],\"articleSection\":[\"Neg\u00f3cios\"],\"inLanguage\":\"pt-BR\"},{\"@type\":\"WebPage\",\"@id\":\"https:\/\/www.suno.com.br\/noticias\/lojas-americanas-cresce-receita-bruta-3t19\/\",\"url\":\"https:\/\/www.suno.com.br\/noticias\/lojas-americanas-cresce-receita-bruta-3t19\/\",\"name\":\"Lojas Americanas cresce 8,7% na receita bruta em 3T19\",\"isPartOf\":{\"@id\":\"https:\/\/www.suno.com.br\/noticias\/#website\"},\"primaryImageOfPage\":{\"@id\":\"https:\/\/www.suno.com.br\/noticias\/lojas-americanas-cresce-receita-bruta-3t19\/#primaryimage\"},\"image\":{\"@id\":\"https:\/\/www.suno.com.br\/noticias\/lojas-americanas-cresce-receita-bruta-3t19\/#primaryimage\"},\"thumbnailUrl\":\"https:\/\/files.sunoresearch.com.br\/n\/uploads\/2019\/06\/82589881-lojas-americanas-jpg.webp\",\"datePublished\":\"2019-10-31T00:12:24+00:00\",\"description\":\"A Lojas Americanas divulgou sua receita bruta do terceiro trimestre de 2019 na noite da \u00faltima quarta-feira (30). Clique aqui para mais.\",\"breadcrumb\":{\"@id\":\"https:\/\/www.suno.com.br\/noticias\/lojas-americanas-cresce-receita-bruta-3t19\/#breadcrumb\"},\"inLanguage\":\"pt-BR\",\"potentialAction\":[{\"@type\":\"ReadAction\",\"target\":[\"https:\/\/www.suno.com.br\/noticias\/lojas-americanas-cresce-receita-bruta-3t19\/\"]}]},{\"@type\":\"ImageObject\",\"inLanguage\":\"pt-BR\",\"@id\":\"https:\/\/www.suno.com.br\/noticias\/lojas-americanas-cresce-receita-bruta-3t19\/#primaryimage\",\"url\":\"https:\/\/files.sunoresearch.com.br\/n\/uploads\/2019\/06\/82589881-lojas-americanas-jpg.webp\",\"contentUrl\":\"https:\/\/files.sunoresearch.com.br\/n\/uploads\/2019\/06\/82589881-lojas-americanas-jpg.webp\",\"width\":645,\"height\":388,\"caption\":\"Lojas Americanas (divulga\u00e7\u00e3o)\"},{\"@type\":\"BreadcrumbList\",\"@id\":\"https:\/\/www.suno.com.br\/noticias\/lojas-americanas-cresce-receita-bruta-3t19\/#breadcrumb\",\"itemListElement\":[{\"@type\":\"ListItem\",\"position\":1,\"name\":\"Not\u00edcias\",\"item\":\"https:\/\/www.suno.com.br\/noticias\/\"},{\"@type\":\"ListItem\",\"position\":2,\"name\":\"Neg\u00f3cios\",\"item\":\"https:\/\/www.suno.com.br\/noticias\/negocios\/\"},{\"@type\":\"ListItem\",\"position\":3,\"name\":\"Lojas Americanas cresce 8,7% na receita bruta em 3T19\"}]},{\"@type\":\"WebSite\",\"@id\":\"https:\/\/www.suno.com.br\/noticias\/#website\",\"url\":\"https:\/\/www.suno.com.br\/noticias\/\",\"name\":\"Suno Not\u00edcias\",\"description\":\"Seu portal de informa\u00e7\u00e3o sobre o mundo dos investimentos\",\"publisher\":{\"@id\":\"https:\/\/www.suno.com.br\/noticias\/#organization\"},\"potentialAction\":[{\"@type\":\"SearchAction\",\"target\":{\"@type\":\"EntryPoint\",\"urlTemplate\":\"https:\/\/www.suno.com.br\/noticias\/?s={search_term_string}\"},\"query-input\":{\"@type\":\"PropertyValueSpecification\",\"valueRequired\":true,\"valueName\":\"search_term_string\"}}],\"inLanguage\":\"pt-BR\"},{\"@type\":\"Organization\",\"@id\":\"https:\/\/www.suno.com.br\/noticias\/#organization\",\"name\":\"Suno Not\u00edcias\",\"url\":\"https:\/\/www.suno.com.br\/noticias\/\",\"logo\":{\"@type\":\"ImageObject\",\"inLanguage\":\"pt-BR\",\"@id\":\"https:\/\/www.suno.com.br\/noticias\/#\/schema\/logo\/image\/\",\"url\":\"https:\/\/files.sunoresearch.com.br\/n\/uploads\/2021\/09\/suno-logo.png\",\"contentUrl\":\"https:\/\/files.sunoresearch.com.br\/n\/uploads\/2021\/09\/suno-logo.png\",\"width\":180,\"height\":180,\"caption\":\"Suno Not\u00edcias\"},\"image\":{\"@id\":\"https:\/\/www.suno.com.br\/noticias\/#\/schema\/logo\/image\/\"},\"sameAs\":[\"https:\/\/facebook.com\/sunoresearch\",\"https:\/\/x.com\/sunoresearch\",\"https:\/\/www.instagram.com\/suno\",\"https:\/\/www.linkedin.com\/company\/suno-research\/\",\"https:\/\/www.youtube.com\/c\/sunoresearch\"]},{\"@type\":\"Person\",\"@id\":\"https:\/\/www.suno.com.br\/noticias\/#\/schema\/person\/098743caeed97b37f51315c9576c4078\",\"name\":\"Rafael Lara\",\"image\":{\"@type\":\"ImageObject\",\"inLanguage\":\"pt-BR\",\"@id\":\"https:\/\/www.suno.com.br\/noticias\/#\/schema\/person\/image\/\",\"url\":\"https:\/\/secure.gravatar.com\/avatar\/dfc254ab9bb2ea1895d98b9e9dae4bdd?s=96&r=g\",\"contentUrl\":\"https:\/\/secure.gravatar.com\/avatar\/dfc254ab9bb2ea1895d98b9e9dae4bdd?s=96&r=g\",\"caption\":\"Rafael Lara\"},\"description\":\"Rafael Lara cursa jornalismo na Faculdade C\u00e1sper L\u00edbero. Escreve sobre pol\u00edtica, economia e neg\u00f3cios para o portal Suno Not\u00edcias. Antes, colaborou na TV Gazeta na produ\u00e7\u00e3o do programa Edi\u00e7\u00e3o Extra.\",\"url\":\"https:\/\/www.suno.com.br\/noticias\/author\/rafael\/\"}]}<\/script>\n<!-- \/ Yoast SEO plugin. -->","yoast_head_json":{"title":"Lojas Americanas cresce 8,7% na receita bruta em 3T19","description":"A Lojas Americanas divulgou sua receita bruta do terceiro trimestre de 2019 na noite da \u00faltima quarta-feira (30). Clique aqui para mais.","robots":{"index":"index","follow":"follow","max-snippet":"max-snippet:-1","max-image-preview":"max-image-preview:large","max-video-preview":"max-video-preview:-1"},"canonical":"https:\/\/www.suno.com.br\/noticias\/lojas-americanas-cresce-receita-bruta-3t19\/","og_locale":"pt_BR","og_type":"article","og_title":"Lojas Americanas cresce 8,7% na receita bruta em 3T19","og_description":"A Lojas Americanas divulgou sua receita bruta do terceiro trimestre de 2019 na noite da \u00faltima quarta-feira (30). Clique aqui para mais.","og_url":"https:\/\/www.suno.com.br\/noticias\/lojas-americanas-cresce-receita-bruta-3t19\/","og_site_name":"Suno Not\u00edcias","article_publisher":"https:\/\/facebook.com\/sunoresearch","og_image":[{"width":645,"height":388,"url":"https:\/\/files.sunoresearch.com.br\/n\/uploads\/2019\/06\/82589881-lojas-americanas.jpg","type":"image\/jpeg"}],"author":"Rafael Lara","twitter_card":"summary_large_image","twitter_creator":"@sunoresearch","twitter_site":"@sunoresearch","twitter_misc":{"Escrito por":"Rafael Lara","Est. tempo de leitura":"2 minutos"},"schema":{"@context":"https:\/\/schema.org","@graph":[{"@type":"NewsArticle","@id":"https:\/\/www.suno.com.br\/noticias\/lojas-americanas-cresce-receita-bruta-3t19\/#article","isPartOf":{"@id":"https:\/\/www.suno.com.br\/noticias\/lojas-americanas-cresce-receita-bruta-3t19\/"},"author":{"name":"Rafael Lara","@id":"https:\/\/www.suno.com.br\/noticias\/#\/schema\/person\/098743caeed97b37f51315c9576c4078"},"headline":"Lojas Americanas cresce 8,7% na receita bruta em 3T19","datePublished":"2019-10-31T00:12:24+00:00","mainEntityOfPage":{"@id":"https:\/\/www.suno.com.br\/noticias\/lojas-americanas-cresce-receita-bruta-3t19\/"},"wordCount":345,"publisher":{"@id":"https:\/\/www.suno.com.br\/noticias\/#organization"},"image":{"@id":"https:\/\/www.suno.com.br\/noticias\/lojas-americanas-cresce-receita-bruta-3t19\/#primaryimage"},"thumbnailUrl":"https:\/\/files.sunoresearch.com.br\/n\/uploads\/2019\/06\/82589881-lojas-americanas-jpg.webp","keywords":["Lojas Americanas (LAME3\/LAME4)"],"articleSection":["Neg\u00f3cios"],"inLanguage":"pt-BR"},{"@type":"WebPage","@id":"https:\/\/www.suno.com.br\/noticias\/lojas-americanas-cresce-receita-bruta-3t19\/","url":"https:\/\/www.suno.com.br\/noticias\/lojas-americanas-cresce-receita-bruta-3t19\/","name":"Lojas Americanas cresce 8,7% na receita bruta em 3T19","isPartOf":{"@id":"https:\/\/www.suno.com.br\/noticias\/#website"},"primaryImageOfPage":{"@id":"https:\/\/www.suno.com.br\/noticias\/lojas-americanas-cresce-receita-bruta-3t19\/#primaryimage"},"image":{"@id":"https:\/\/www.suno.com.br\/noticias\/lojas-americanas-cresce-receita-bruta-3t19\/#primaryimage"},"thumbnailUrl":"https:\/\/files.sunoresearch.com.br\/n\/uploads\/2019\/06\/82589881-lojas-americanas-jpg.webp","datePublished":"2019-10-31T00:12:24+00:00","description":"A Lojas Americanas divulgou sua receita bruta do terceiro trimestre de 2019 na noite da \u00faltima quarta-feira (30). Clique aqui para mais.","breadcrumb":{"@id":"https:\/\/www.suno.com.br\/noticias\/lojas-americanas-cresce-receita-bruta-3t19\/#breadcrumb"},"inLanguage":"pt-BR","potentialAction":[{"@type":"ReadAction","target":["https:\/\/www.suno.com.br\/noticias\/lojas-americanas-cresce-receita-bruta-3t19\/"]}]},{"@type":"ImageObject","inLanguage":"pt-BR","@id":"https:\/\/www.suno.com.br\/noticias\/lojas-americanas-cresce-receita-bruta-3t19\/#primaryimage","url":"https:\/\/files.sunoresearch.com.br\/n\/uploads\/2019\/06\/82589881-lojas-americanas-jpg.webp","contentUrl":"https:\/\/files.sunoresearch.com.br\/n\/uploads\/2019\/06\/82589881-lojas-americanas-jpg.webp","width":645,"height":388,"caption":"Lojas Americanas (divulga\u00e7\u00e3o)"},{"@type":"BreadcrumbList","@id":"https:\/\/www.suno.com.br\/noticias\/lojas-americanas-cresce-receita-bruta-3t19\/#breadcrumb","itemListElement":[{"@type":"ListItem","position":1,"name":"Not\u00edcias","item":"https:\/\/www.suno.com.br\/noticias\/"},{"@type":"ListItem","position":2,"name":"Neg\u00f3cios","item":"https:\/\/www.suno.com.br\/noticias\/negocios\/"},{"@type":"ListItem","position":3,"name":"Lojas Americanas cresce 8,7% na receita bruta em 3T19"}]},{"@type":"WebSite","@id":"https:\/\/www.suno.com.br\/noticias\/#website","url":"https:\/\/www.suno.com.br\/noticias\/","name":"Suno Not\u00edcias","description":"Seu portal de informa\u00e7\u00e3o sobre o mundo dos investimentos","publisher":{"@id":"https:\/\/www.suno.com.br\/noticias\/#organization"},"potentialAction":[{"@type":"SearchAction","target":{"@type":"EntryPoint","urlTemplate":"https:\/\/www.suno.com.br\/noticias\/?s={search_term_string}"},"query-input":{"@type":"PropertyValueSpecification","valueRequired":true,"valueName":"search_term_string"}}],"inLanguage":"pt-BR"},{"@type":"Organization","@id":"https:\/\/www.suno.com.br\/noticias\/#organization","name":"Suno Not\u00edcias","url":"https:\/\/www.suno.com.br\/noticias\/","logo":{"@type":"ImageObject","inLanguage":"pt-BR","@id":"https:\/\/www.suno.com.br\/noticias\/#\/schema\/logo\/image\/","url":"https:\/\/files.sunoresearch.com.br\/n\/uploads\/2021\/09\/suno-logo.png","contentUrl":"https:\/\/files.sunoresearch.com.br\/n\/uploads\/2021\/09\/suno-logo.png","width":180,"height":180,"caption":"Suno Not\u00edcias"},"image":{"@id":"https:\/\/www.suno.com.br\/noticias\/#\/schema\/logo\/image\/"},"sameAs":["https:\/\/facebook.com\/sunoresearch","https:\/\/x.com\/sunoresearch","https:\/\/www.instagram.com\/suno","https:\/\/www.linkedin.com\/company\/suno-research\/","https:\/\/www.youtube.com\/c\/sunoresearch"]},{"@type":"Person","@id":"https:\/\/www.suno.com.br\/noticias\/#\/schema\/person\/098743caeed97b37f51315c9576c4078","name":"Rafael Lara","image":{"@type":"ImageObject","inLanguage":"pt-BR","@id":"https:\/\/www.suno.com.br\/noticias\/#\/schema\/person\/image\/","url":"https:\/\/secure.gravatar.com\/avatar\/dfc254ab9bb2ea1895d98b9e9dae4bdd?s=96&r=g","contentUrl":"https:\/\/secure.gravatar.com\/avatar\/dfc254ab9bb2ea1895d98b9e9dae4bdd?s=96&r=g","caption":"Rafael Lara"},"description":"Rafael Lara cursa jornalismo na Faculdade C\u00e1sper L\u00edbero. Escreve sobre pol\u00edtica, economia e neg\u00f3cios para o portal Suno Not\u00edcias. Antes, colaborou na TV Gazeta na produ\u00e7\u00e3o do programa Edi\u00e7\u00e3o Extra.","url":"https:\/\/www.suno.com.br\/noticias\/author\/rafael\/"}]}},"default_loop_html":"<div class=\"cardsPage__listCard__boxs\"><div class=\"cardsPage__listCard__boxs__img\"><a href=\"https:\/\/www.suno.com.br\/noticias\/lojas-americanas-cresce-receita-bruta-3t19\/\"><img class=\"mask\" src=\"https:\/\/www.suno.com.br\/noticias\/wp-content\/themes\/suno\/resources\/images\/spotlight\/spotlight1img\/bg-mask.png\" alt=\"Image Mask\"\/><img src=\"https:\/\/files.sunoresearch.com.br\/n\/uploads\/2019\/06\/82589881-lojas-americanas-400x200.webp\" alt=\"Lojas Americanas cresce 8,7% na receita bruta em 3T19\"\/><\/a><span class=\"spotlightCategory\"><a href=\"https:\/\/www.suno.com.br\/noticias\/negocios\/\">Neg\u00f3cios<\/a><\/span><\/div><div class=\"cardsPage__listCard__boxs__content\"><a href=\"https:\/\/www.suno.com.br\/noticias\/lojas-americanas-cresce-receita-bruta-3t19\/\"><h2 class=\"content__title\">Lojas Americanas cresce 8,7% na receita bruta em 3T19<\/h2><\/a><div class=\"newsContent__article__meta\"><div class=\"newsContent__article__meta__authorBox\"><a href=\"https:\/\/www.suno.com.br\/noticias\/author\/rafael\/\" class=\"authorBox__avatar noMobi\"><img src=\"https:\/\/secure.gravatar.com\/avatar\/dfc254ab9bb2ea1895d98b9e9dae4bdd?s=96&#038;r=g\" alt=\"Rafael Lara\"><\/a><div class=\"authorBox__name\"><span>por\n\t\t\t<a href=\"https:\/\/www.suno.com.br\/noticias\/author\/rafael\/\"><span itemprop=\"author\">Rafael Lara<\/span><\/a><\/span><time datetime=\"2019-10-30T22:12:24-03:00\" itemprop=\"datePublished\">30\/10\/2019 22:12<\/time><\/div><\/div><\/div><\/div><\/div>","single_layout":"posts","amp_enabled":true,"_links":{"self":[{"href":"https:\/\/www.suno.com.br\/noticias\/wp-json\/wp\/v2\/posts\/43117"}],"collection":[{"href":"https:\/\/www.suno.com.br\/noticias\/wp-json\/wp\/v2\/posts"}],"about":[{"href":"https:\/\/www.suno.com.br\/noticias\/wp-json\/wp\/v2\/types\/post"}],"author":[{"embeddable":true,"href":"https:\/\/www.suno.com.br\/noticias\/wp-json\/wp\/v2\/users\/23"}],"replies":[{"embeddable":true,"href":"https:\/\/www.suno.com.br\/noticias\/wp-json\/wp\/v2\/comments?post=43117"}],"version-history":[{"count":0,"href":"https:\/\/www.suno.com.br\/noticias\/wp-json\/wp\/v2\/posts\/43117\/revisions"}],"wp:featuredmedia":[{"embeddable":true,"href":"https:\/\/www.suno.com.br\/noticias\/wp-json\/wp\/v2\/media\/27003"}],"wp:attachment":[{"href":"https:\/\/www.suno.com.br\/noticias\/wp-json\/wp\/v2\/media?parent=43117"}],"wp:term":[{"taxonomy":"category","embeddable":true,"href":"https:\/\/www.suno.com.br\/noticias\/wp-json\/wp\/v2\/categories?post=43117"},{"taxonomy":"post_tag","embeddable":true,"href":"https:\/\/www.suno.com.br\/noticias\/wp-json\/wp\/v2\/tags?post=43117"},{"taxonomy":"suno_strategy","embeddable":true,"href":"https:\/\/www.suno.com.br\/noticias\/wp-json\/wp\/v2\/suno_strategy?post=43117"}],"curies":[{"name":"wp","href":"https:\/\/api.w.org\/{rel}","templated":true}]}}