{"id":431110,"date":"2023-07-20T09:31:36","date_gmt":"2023-07-20T12:31:36","guid":{"rendered":"https:\/\/www.suno.com.br\/noticias\/?p=431110"},"modified":"2023-07-20T09:51:44","modified_gmt":"2023-07-20T12:51:44","slug":"embraer-eve-fabrica-carros-voadores-sp-cpf","status":"publish","type":"post","link":"https:\/\/www.suno.com.br\/noticias\/embraer-eve-fabrica-carros-voadores-sp-cpf\/","title":{"rendered":"Embraer (EMBR3) e Eve Air lan\u00e7am f\u00e1brica de aeronaves el\u00e9tricas em Taubat\u00e9, SP"},"content":{"rendered":"<p>A <strong>Embraer <\/strong>(B3: EMBR3, NYSE: ERJ) e a Eve Air Mobility (NYSE: EVEX; EVEXW) divulgaram nesta quinta-feira (20) pela manh\u00e3 a abertura da primeira f\u00e1brica dos apelidados &#8220;carros voadores&#8221;, aeronaves el\u00e9tricas de decolagem e pouso vertical (eVTOL) da Eve. A produ\u00e7\u00e3o estar\u00e1 centralizada em Taubat\u00e9, no interior do Estado de S\u00e3o Paulo. <\/p>\t<div class=\"wrapper-featured-image\">\n\t\t<figure class=\"spotlightImg\">\n\n\t\t\t<picture>\n\t\t\t\t<source media=\"(max-width: 768px)\" srcset=\"https:\/\/files.sunoresearch.com.br\/n\/uploads\/2023\/07\/embraer-eve-fabrica-aeronave-400x200.jpg\">\n\t\t\t\t<img loading=\"lazy\" decoding=\"async\" class=\"newsContent__article__imgCapa lazyloadDisabled \" src=\"https:\/\/files.sunoresearch.com.br\/n\/uploads\/2023\/07\/embraer-eve-fabrica-aeronave-800x450.jpg\" width=\"800\" height=\"450\" alt=\"Embraer (EMBR3) e Eve Air lan\u00e7am f\u00e1brica de aeronaves el\u00e9tricas em Taubat\u00e9, SP\" fetchpriority=high \/>\n\t\t\t<\/picture>\n\n\t\t\t<figcaption class=\"wp-caption-text wp-caption-text--show\">A Embraer e a Eve anunciaram a abertura de uma f\u00e1brica de aeronaves el\u00e9tricas, os &quot;carros voadores&quot; em Taubat\u00e9, SP - Foto: Divulga\u00e7\u00e3o\/ Eve<\/figcaption>\n\t\t<\/figure>\n\t<\/div>\n\n\n\n\n\n\t<p>\n\t\t<a href=\"https:\/\/lp.suno.com.br\/planilha-da-vida-financeira\/\" target=\"_blank\" data-element=\"shortcode-suno-banner\" title=\"Banner SUNO, clique e saiba mais\">\n\t\t\t<picture>\n\t\t\t\t<source media=\"(max-width: 500px)\" srcset=\"https:\/\/files.sunoresearch.com.br\/n\/uploads\/2023\/04\/400x300-Planilha-vida-financeira-true.png\">\n\t\t\t\t<img class=\"newsContent__article__imgCapa newsContent__article__imgCapa--banner\"\n\t\t\t\t\tsrc=\"https:\/\/files.sunoresearch.com.br\/n\/uploads\/2023\/04\/1420x240-Planilha-vida-financeira-true.png\"\n\t\t\t\t\tdata-promo-id=\"106682\"\t\t\t\t\t\t\t\t\t\twidth='1420' height='240'\t\t\t\t\talt=\"https:\/\/files.sunoresearch.com.br\/n\/uploads\/2023\/04\/1420x240-Planilha-vida-financeira-true.png\"\n\t\t\t\t>\n\t\t\t<\/picture>\n\t\t<\/a>\n\t<\/p>\n\n\n\n\n\n<p>A localiza\u00e7\u00e3o prevista para as fabricantes a\u00e9reas \u00e9 na unidade da <strong>Embraer <\/strong>em Taubat\u00e9, ampliando a \u00e1rea para a constru\u00e7\u00e3o das aeronaves. A planta industrial ainda precisa passar pela aprova\u00e7\u00e3o de autoridades. <\/p>\n\n\n\n<p>A regi\u00e3o de <strong>Taubat\u00e9 <\/strong>\u00e9 estrat\u00e9gica para as montadoras, gra\u00e7as ao f\u00e1cil acesso a rodovias e proximidade de uma linha ferrovi\u00e1ria. Al\u00e9m disso, fica a apenas 35 Km de dist\u00e2ncia da sede da Embraer em <strong>S\u00e3o Jos\u00e9 dos Campos<\/strong> e junto da equipe de engenharia e recursos humanos da Eve.<\/p>\n\n\n\n<p>Assim, espera-se que as empresas tenham agilidade e competitividade, al\u00e9m de facilitar o desenvolvimento e a sustentabilidade nos novos processos de produ\u00e7\u00e3o. <\/p>\n\n\n\n<p>&#8220;Nosso objetivo \u00e9 oferecer produtos e servi\u00e7os seguros ao mercado e ser altamente competitivos em efici\u00eancia de produ\u00e7\u00e3o. A nova linha de montagem est\u00e1 sendo projetada para priorizar seguran\u00e7a, qualidade, efici\u00eancia, produtividade e sustentabilidade,&#8221; comentou o co-CEO da Eve, Andr\u00e9 Stein.<\/p>\n\n\n\n<p>De acordo com o presidente e <strong>CEO da Embraer<\/strong>, Francisco Gomes Neto, a decis\u00e3o est\u00e1 alinhada ao plano estrat\u00e9gico de crescimento baseado em inova\u00e7\u00e3o e sustentabilidade da companhia. <\/p>\n\n\n\n<p>&#8220;Acreditamos no enorme potencial do mercado global de Mobilidade A\u00e9rea Urbana e refor\u00e7amos nosso compromisso com a Eve como uma das principais empresas desse setor,&#8221; assegurou Neto. <\/p>\n\n\n\t<p>\n\t\t<a href=\"https:\/\/lp.suno.com.br\/ebook-como-analisar-uma-acao\/\" target=\"_blank\" data-element=\"shortcode-suno-banner\" title=\"Banner SUNO, clique e saiba mais\">\n\t\t\t<picture>\n\t\t\t\t<source media=\"(max-width: 500px)\" srcset=\"https:\/\/files.sunoresearch.com.br\/n\/uploads\/2023\/03\/Ebook-Acoes-Mobile.jpg\">\n\t\t\t\t<img class=\"newsContent__article__imgCapa newsContent__article__imgCapa--banner\"\n\t\t\t\t\tsrc=\"https:\/\/files.sunoresearch.com.br\/n\/uploads\/2023\/03\/Ebook-Acoes-Desktop.jpg\"\n\t\t\t\t\tdata-promo-id=\"378302\"\t\t\t\t\t\t\t\t\t\twidth='1420' height='286'\t\t\t\t\talt=\"https:\/\/files.sunoresearch.com.br\/n\/uploads\/2023\/03\/Ebook-Acoes-Desktop.jpg\"\n\t\t\t\t>\n\t\t\t<\/picture>\n\t\t<\/a>\n\t<\/p>\n\n\n\n\n\n<h2 class=\"wp-block-heading\">N\u00e3o \u00e9 s\u00f3 com a Embraer: Planos da Eve para o eVTOL<\/h2>\n\n\n\n<p>A<strong> Eve Air Mobility<\/strong> tamb\u00e9m fechou uma parceria com a <strong>Porsche Consulting<\/strong> em maio de 2022, a fim de definir a estrat\u00e9gia macro global de produ\u00e7\u00e3o, cadeia de suprimentos e log\u00edstica de seu <strong>eVTOL<\/strong>. <\/p>\n\n\n\n<p>As empresas v\u00eam trabalhando juntas na pesquisa de conceitos avan\u00e7ados de fabrica\u00e7\u00e3o e inova\u00e7\u00e3o, unindo suas expertises em aeron\u00e1utica e automobilismo para projetar um conceito de industrializa\u00e7\u00e3o para <strong>aeronaves eVTOL<\/strong> baseado em padr\u00f5es elevados de seguran\u00e7a, qualidade, efici\u00eancia e foco no cliente.<\/p>\n\n\n\n<p>&#8220;Estamos focados em alcan\u00e7ar os mais altos n\u00edveis de excel\u00eancia na fabrica\u00e7\u00e3o do eVTOL por meio dos constantes aprendizados e uma abordagem inovadora&#8221;, comentou Alice Altissimo, Vice-Presidente de Gerenciamento de Programas e Opera\u00e7\u00f5es da Eve. &#8220;Ap\u00f3s extensa pesquisa em conceitos avan\u00e7ados de produ\u00e7\u00e3o e inova\u00e7\u00e3o por mais de um ano, estamos preparados para estabelecer nossa primeira f\u00e1brica para a <strong>produ\u00e7\u00e3o do eVTOL<\/strong>. Com confian\u00e7a em nossas capacidades, estamos preparados para expandir de forma eficiente e sustent\u00e1vel o volume de produ\u00e7\u00e3o para atender \u00e0s demandas de um mercado em crescimento&#8221;.<\/p>\n\n\n\n<p>Al\u00e9m disso, a <strong>Eve <\/strong>tamb\u00e9m divide seu foco na cria\u00e7\u00e3o de um amplo portf\u00f3lio de solu\u00e7\u00f5es agn\u00f3sticas, como um software \u00fanico de Gerenciamento de Tr\u00e1fego A\u00e9reo Urbano (Urban ATM) para otimizar e expandir as opera\u00e7\u00f5es de Mobilidade A\u00e9rea Urbana em todo o mundo.<\/p>\n\n\n\n<p>No preg\u00e3o da quarta-feira (19), os pap\u00e9is da <strong>Embraer<\/strong> (EMBR3) negociados na <a class=\"suno-keyword\" data-force=\"no\" data-priority=\"3\" href=\"https:\/\/www.suno.com.br\/guias\/bolsa-de-valores\/\" target=\"_blank\" rel=\"noopener\">Bolsa de Valores<\/a> (B3) fecharam o dia cotados a R$ 17,39, com uma pequena alta de 0,40%.<\/p>\n\n\n\n\n\t<p>\n\t\t<a href=\"https:\/\/lp.suno.com.br\/planilha-da-vida-financeira\/\" target=\"_blank\" data-element=\"shortcode-suno-banner\" title=\"Banner SUNO, clique e saiba mais\">\n\t\t\t<picture>\n\t\t\t\t<source media=\"(max-width: 500px)\" srcset=\"https:\/\/files.sunoresearch.com.br\/n\/uploads\/2023\/04\/400x300-Planilha-vida-financeira-true.png\">\n\t\t\t\t<img class=\"newsContent__article__imgCapa newsContent__article__imgCapa--banner\"\n\t\t\t\t\tsrc=\"https:\/\/files.sunoresearch.com.br\/n\/uploads\/2023\/04\/1420x240-Planilha-vida-financeira-true.png\"\n\t\t\t\t\tdata-promo-id=\"383123\"\t\t\t\t\t\t\t\t\t\twidth='1420' height='240'\t\t\t\t\talt=\"https:\/\/files.sunoresearch.com.br\/n\/uploads\/2023\/04\/1420x240-Planilha-vida-financeira-true.png\"\n\t\t\t\t>\n\t\t\t<\/picture>\n\t\t<\/a>\n\t<\/p>\n\n\n","protected":false},"excerpt":{"rendered":"<p>A Embraer (B3: EMBR3, NYSE: ERJ) e a Eve Air Mobility (NYSE: EVEX; EVEXW) divulgaram nesta quinta-feira (20) pela manh\u00e3 a abertura da primeira f\u00e1brica dos apelidados &#8220;carros voadores&#8221;, aeronaves el\u00e9tricas de decolagem e pouso vertical (eVTOL) da Eve. A produ\u00e7\u00e3o estar\u00e1 centralizada em Taubat\u00e9, no interior do Estado de S\u00e3o Paulo. A Embraer e [&hellip;]<\/p>\n","protected":false},"author":283,"featured_media":431122,"comment_status":"closed","ping_status":"closed","sticky":false,"template":"","format":"standard","meta":[],"categories":[64],"tags":[460],"suno_strategy":[],"class_list":["post-431110","post","type-post","status-publish","format-standard","has-post-thumbnail","hentry","category-negocios","tag-embraer-embr3"],"yoast_head":"<!-- This site is optimized with the Yoast SEO plugin v24.4 - https:\/\/yoast.com\/wordpress\/plugins\/seo\/ -->\n<title>Embraer (EMBR3) e Eve Air ir\u00e3o abrir f\u00e1brica de &#039;carros voadores&#039; em SP<\/title>\n<meta name=\"description\" content=\"A Embraer anunciou a abertura de uma f\u00e1brica de aeronaves el\u00e9tricas, os &quot;carros voadores&quot;, com a Eve Air Mobility em Taubat\u00e9, SP.\" \/>\n<meta name=\"robots\" content=\"index, follow, max-snippet:-1, max-image-preview:large, max-video-preview:-1\" \/>\n<link rel=\"canonical\" href=\"https:\/\/www.suno.com.br\/noticias\/embraer-eve-fabrica-carros-voadores-sp-cpf\/\" \/>\n<meta property=\"og:locale\" content=\"pt_BR\" \/>\n<meta property=\"og:type\" content=\"article\" \/>\n<meta property=\"og:title\" content=\"Embraer (EMBR3) e Eve Air ir\u00e3o abrir f\u00e1brica de &#039;carros voadores&#039; em SP\" \/>\n<meta property=\"og:description\" content=\"A Embraer anunciou a abertura de uma f\u00e1brica de aeronaves el\u00e9tricas, os &quot;carros voadores&quot;, com a Eve Air Mobility em Taubat\u00e9, SP.\" \/>\n<meta property=\"og:url\" content=\"https:\/\/www.suno.com.br\/noticias\/embraer-eve-fabrica-carros-voadores-sp-cpf\/\" \/>\n<meta property=\"og:site_name\" content=\"Suno Not\u00edcias\" \/>\n<meta property=\"article:publisher\" content=\"https:\/\/facebook.com\/sunoresearch\" \/>\n<meta property=\"og:image\" content=\"https:\/\/files.sunoresearch.com.br\/n\/uploads\/2023\/07\/embraer-eve-fabrica-aeronave.jpg\" \/>\n\t<meta property=\"og:image:width\" content=\"1200\" \/>\n\t<meta property=\"og:image:height\" content=\"800\" \/>\n\t<meta property=\"og:image:type\" content=\"image\/jpeg\" \/>\n<meta name=\"author\" content=\"Camila Paim\" \/>\n<meta name=\"twitter:card\" content=\"summary_large_image\" \/>\n<meta name=\"twitter:creator\" content=\"@sunoresearch\" \/>\n<meta name=\"twitter:site\" content=\"@sunoresearch\" \/>\n<meta name=\"twitter:label1\" content=\"Escrito por\" \/>\n\t<meta name=\"twitter:data1\" content=\"Camila Paim\" \/>\n\t<meta name=\"twitter:label2\" content=\"Est. tempo de leitura\" \/>\n\t<meta name=\"twitter:data2\" content=\"3 minutos\" \/>\n<script type=\"application\/ld+json\" class=\"yoast-schema-graph\">{\"@context\":\"https:\/\/schema.org\",\"@graph\":[{\"@type\":\"NewsArticle\",\"@id\":\"https:\/\/www.suno.com.br\/noticias\/embraer-eve-fabrica-carros-voadores-sp-cpf\/#article\",\"isPartOf\":{\"@id\":\"https:\/\/www.suno.com.br\/noticias\/embraer-eve-fabrica-carros-voadores-sp-cpf\/\"},\"author\":{\"name\":\"Camila Paim\",\"@id\":\"https:\/\/www.suno.com.br\/noticias\/#\/schema\/person\/f341d3ae5d1cc685176c9a5327cdfdbb\"},\"headline\":\"Embraer (EMBR3) e Eve Air lan\u00e7am f\u00e1brica de aeronaves el\u00e9tricas em Taubat\u00e9, SP\",\"datePublished\":\"2023-07-20T12:31:36+00:00\",\"dateModified\":\"2023-07-20T12:51:44+00:00\",\"mainEntityOfPage\":{\"@id\":\"https:\/\/www.suno.com.br\/noticias\/embraer-eve-fabrica-carros-voadores-sp-cpf\/\"},\"wordCount\":584,\"publisher\":{\"@id\":\"https:\/\/www.suno.com.br\/noticias\/#organization\"},\"image\":{\"@id\":\"https:\/\/www.suno.com.br\/noticias\/embraer-eve-fabrica-carros-voadores-sp-cpf\/#primaryimage\"},\"thumbnailUrl\":\"https:\/\/files.sunoresearch.com.br\/n\/uploads\/2023\/07\/embraer-eve-fabrica-aeronave.jpg\",\"keywords\":[\"Embraer (EMBR3)\"],\"articleSection\":[\"Neg\u00f3cios\"],\"inLanguage\":\"pt-BR\"},{\"@type\":\"WebPage\",\"@id\":\"https:\/\/www.suno.com.br\/noticias\/embraer-eve-fabrica-carros-voadores-sp-cpf\/\",\"url\":\"https:\/\/www.suno.com.br\/noticias\/embraer-eve-fabrica-carros-voadores-sp-cpf\/\",\"name\":\"Embraer (EMBR3) e Eve Air ir\u00e3o abrir f\u00e1brica de 'carros voadores' em SP\",\"isPartOf\":{\"@id\":\"https:\/\/www.suno.com.br\/noticias\/#website\"},\"primaryImageOfPage\":{\"@id\":\"https:\/\/www.suno.com.br\/noticias\/embraer-eve-fabrica-carros-voadores-sp-cpf\/#primaryimage\"},\"image\":{\"@id\":\"https:\/\/www.suno.com.br\/noticias\/embraer-eve-fabrica-carros-voadores-sp-cpf\/#primaryimage\"},\"thumbnailUrl\":\"https:\/\/files.sunoresearch.com.br\/n\/uploads\/2023\/07\/embraer-eve-fabrica-aeronave.jpg\",\"datePublished\":\"2023-07-20T12:31:36+00:00\",\"dateModified\":\"2023-07-20T12:51:44+00:00\",\"description\":\"A Embraer anunciou a abertura de uma f\u00e1brica de aeronaves el\u00e9tricas, os \\\"carros voadores\\\", com a Eve Air Mobility em Taubat\u00e9, SP.\",\"breadcrumb\":{\"@id\":\"https:\/\/www.suno.com.br\/noticias\/embraer-eve-fabrica-carros-voadores-sp-cpf\/#breadcrumb\"},\"inLanguage\":\"pt-BR\",\"potentialAction\":[{\"@type\":\"ReadAction\",\"target\":[\"https:\/\/www.suno.com.br\/noticias\/embraer-eve-fabrica-carros-voadores-sp-cpf\/\"]}]},{\"@type\":\"ImageObject\",\"inLanguage\":\"pt-BR\",\"@id\":\"https:\/\/www.suno.com.br\/noticias\/embraer-eve-fabrica-carros-voadores-sp-cpf\/#primaryimage\",\"url\":\"https:\/\/files.sunoresearch.com.br\/n\/uploads\/2023\/07\/embraer-eve-fabrica-aeronave.jpg\",\"contentUrl\":\"https:\/\/files.sunoresearch.com.br\/n\/uploads\/2023\/07\/embraer-eve-fabrica-aeronave.jpg\",\"width\":1200,\"height\":800,\"caption\":\"A Embraer e a Eve anunciaram a abertura de uma f\u00e1brica de aeronaves el\u00e9tricas, os \\\"carros voadores\\\" em Taubat\u00e9, SP - Foto: Divulga\u00e7\u00e3o\/ Eve\"},{\"@type\":\"BreadcrumbList\",\"@id\":\"https:\/\/www.suno.com.br\/noticias\/embraer-eve-fabrica-carros-voadores-sp-cpf\/#breadcrumb\",\"itemListElement\":[{\"@type\":\"ListItem\",\"position\":1,\"name\":\"Not\u00edcias\",\"item\":\"https:\/\/www.suno.com.br\/noticias\/\"},{\"@type\":\"ListItem\",\"position\":2,\"name\":\"Neg\u00f3cios\",\"item\":\"https:\/\/www.suno.com.br\/noticias\/negocios\/\"},{\"@type\":\"ListItem\",\"position\":3,\"name\":\"Embraer (EMBR3) e Eve Air lan\u00e7am f\u00e1brica de aeronaves el\u00e9tricas em Taubat\u00e9, SP\"}]},{\"@type\":\"WebSite\",\"@id\":\"https:\/\/www.suno.com.br\/noticias\/#website\",\"url\":\"https:\/\/www.suno.com.br\/noticias\/\",\"name\":\"Suno Not\u00edcias\",\"description\":\"Seu portal de informa\u00e7\u00e3o sobre o mundo dos investimentos\",\"publisher\":{\"@id\":\"https:\/\/www.suno.com.br\/noticias\/#organization\"},\"potentialAction\":[{\"@type\":\"SearchAction\",\"target\":{\"@type\":\"EntryPoint\",\"urlTemplate\":\"https:\/\/www.suno.com.br\/noticias\/?s={search_term_string}\"},\"query-input\":{\"@type\":\"PropertyValueSpecification\",\"valueRequired\":true,\"valueName\":\"search_term_string\"}}],\"inLanguage\":\"pt-BR\"},{\"@type\":\"Organization\",\"@id\":\"https:\/\/www.suno.com.br\/noticias\/#organization\",\"name\":\"Suno Not\u00edcias\",\"url\":\"https:\/\/www.suno.com.br\/noticias\/\",\"logo\":{\"@type\":\"ImageObject\",\"inLanguage\":\"pt-BR\",\"@id\":\"https:\/\/www.suno.com.br\/noticias\/#\/schema\/logo\/image\/\",\"url\":\"https:\/\/files.sunoresearch.com.br\/n\/uploads\/2021\/09\/suno-logo.png\",\"contentUrl\":\"https:\/\/files.sunoresearch.com.br\/n\/uploads\/2021\/09\/suno-logo.png\",\"width\":180,\"height\":180,\"caption\":\"Suno Not\u00edcias\"},\"image\":{\"@id\":\"https:\/\/www.suno.com.br\/noticias\/#\/schema\/logo\/image\/\"},\"sameAs\":[\"https:\/\/facebook.com\/sunoresearch\",\"https:\/\/x.com\/sunoresearch\",\"https:\/\/www.instagram.com\/suno\",\"https:\/\/www.linkedin.com\/company\/suno-research\/\",\"https:\/\/www.youtube.com\/c\/sunoresearch\"]},{\"@type\":\"Person\",\"@id\":\"https:\/\/www.suno.com.br\/noticias\/#\/schema\/person\/f341d3ae5d1cc685176c9a5327cdfdbb\",\"name\":\"Camila Paim\",\"image\":{\"@type\":\"ImageObject\",\"inLanguage\":\"pt-BR\",\"@id\":\"https:\/\/www.suno.com.br\/noticias\/#\/schema\/person\/image\/\",\"url\":\"https:\/\/secure.gravatar.com\/avatar\/f33728e65febb1aa7ecf6792956f9b20?s=96&r=g\",\"contentUrl\":\"https:\/\/secure.gravatar.com\/avatar\/f33728e65febb1aa7ecf6792956f9b20?s=96&r=g\",\"caption\":\"Camila Paim\"},\"description\":\"Jornalista formada pela USP, tem experi\u00eancia em reda\u00e7\u00f5es, SEO, Branded Content e Webdesign. Com passagem pelo Jornal da USP, Empiricus e C6 Bank, hoje \u00e9 rep\u00f3rter no Suno Not\u00edcias cobrindo macroeconomia, finan\u00e7as pessoais e startups.\",\"url\":\"https:\/\/www.suno.com.br\/noticias\/author\/camila-figueiredosuno-com-br\/\"}]}<\/script>\n<!-- \/ Yoast SEO plugin. -->","yoast_head_json":{"title":"Embraer (EMBR3) e Eve Air ir\u00e3o abrir f\u00e1brica de 'carros voadores' em SP","description":"A Embraer anunciou a abertura de uma f\u00e1brica de aeronaves el\u00e9tricas, os \"carros voadores\", com a Eve Air Mobility em Taubat\u00e9, SP.","robots":{"index":"index","follow":"follow","max-snippet":"max-snippet:-1","max-image-preview":"max-image-preview:large","max-video-preview":"max-video-preview:-1"},"canonical":"https:\/\/www.suno.com.br\/noticias\/embraer-eve-fabrica-carros-voadores-sp-cpf\/","og_locale":"pt_BR","og_type":"article","og_title":"Embraer (EMBR3) e Eve Air ir\u00e3o abrir f\u00e1brica de 'carros voadores' em SP","og_description":"A Embraer anunciou a abertura de uma f\u00e1brica de aeronaves el\u00e9tricas, os \"carros voadores\", com a Eve Air Mobility em Taubat\u00e9, SP.","og_url":"https:\/\/www.suno.com.br\/noticias\/embraer-eve-fabrica-carros-voadores-sp-cpf\/","og_site_name":"Suno Not\u00edcias","article_publisher":"https:\/\/facebook.com\/sunoresearch","og_image":[{"width":1200,"height":800,"url":"https:\/\/files.sunoresearch.com.br\/n\/uploads\/2023\/07\/embraer-eve-fabrica-aeronave.jpg","type":"image\/jpeg"}],"author":"Camila Paim","twitter_card":"summary_large_image","twitter_creator":"@sunoresearch","twitter_site":"@sunoresearch","twitter_misc":{"Escrito por":"Camila Paim","Est. tempo de leitura":"3 minutos"},"schema":{"@context":"https:\/\/schema.org","@graph":[{"@type":"NewsArticle","@id":"https:\/\/www.suno.com.br\/noticias\/embraer-eve-fabrica-carros-voadores-sp-cpf\/#article","isPartOf":{"@id":"https:\/\/www.suno.com.br\/noticias\/embraer-eve-fabrica-carros-voadores-sp-cpf\/"},"author":{"name":"Camila Paim","@id":"https:\/\/www.suno.com.br\/noticias\/#\/schema\/person\/f341d3ae5d1cc685176c9a5327cdfdbb"},"headline":"Embraer (EMBR3) e Eve Air lan\u00e7am f\u00e1brica de aeronaves el\u00e9tricas em Taubat\u00e9, SP","datePublished":"2023-07-20T12:31:36+00:00","dateModified":"2023-07-20T12:51:44+00:00","mainEntityOfPage":{"@id":"https:\/\/www.suno.com.br\/noticias\/embraer-eve-fabrica-carros-voadores-sp-cpf\/"},"wordCount":584,"publisher":{"@id":"https:\/\/www.suno.com.br\/noticias\/#organization"},"image":{"@id":"https:\/\/www.suno.com.br\/noticias\/embraer-eve-fabrica-carros-voadores-sp-cpf\/#primaryimage"},"thumbnailUrl":"https:\/\/files.sunoresearch.com.br\/n\/uploads\/2023\/07\/embraer-eve-fabrica-aeronave.jpg","keywords":["Embraer (EMBR3)"],"articleSection":["Neg\u00f3cios"],"inLanguage":"pt-BR"},{"@type":"WebPage","@id":"https:\/\/www.suno.com.br\/noticias\/embraer-eve-fabrica-carros-voadores-sp-cpf\/","url":"https:\/\/www.suno.com.br\/noticias\/embraer-eve-fabrica-carros-voadores-sp-cpf\/","name":"Embraer (EMBR3) e Eve Air ir\u00e3o abrir f\u00e1brica de 'carros voadores' em SP","isPartOf":{"@id":"https:\/\/www.suno.com.br\/noticias\/#website"},"primaryImageOfPage":{"@id":"https:\/\/www.suno.com.br\/noticias\/embraer-eve-fabrica-carros-voadores-sp-cpf\/#primaryimage"},"image":{"@id":"https:\/\/www.suno.com.br\/noticias\/embraer-eve-fabrica-carros-voadores-sp-cpf\/#primaryimage"},"thumbnailUrl":"https:\/\/files.sunoresearch.com.br\/n\/uploads\/2023\/07\/embraer-eve-fabrica-aeronave.jpg","datePublished":"2023-07-20T12:31:36+00:00","dateModified":"2023-07-20T12:51:44+00:00","description":"A Embraer anunciou a abertura de uma f\u00e1brica de aeronaves el\u00e9tricas, os \"carros voadores\", com a Eve Air Mobility em Taubat\u00e9, SP.","breadcrumb":{"@id":"https:\/\/www.suno.com.br\/noticias\/embraer-eve-fabrica-carros-voadores-sp-cpf\/#breadcrumb"},"inLanguage":"pt-BR","potentialAction":[{"@type":"ReadAction","target":["https:\/\/www.suno.com.br\/noticias\/embraer-eve-fabrica-carros-voadores-sp-cpf\/"]}]},{"@type":"ImageObject","inLanguage":"pt-BR","@id":"https:\/\/www.suno.com.br\/noticias\/embraer-eve-fabrica-carros-voadores-sp-cpf\/#primaryimage","url":"https:\/\/files.sunoresearch.com.br\/n\/uploads\/2023\/07\/embraer-eve-fabrica-aeronave.jpg","contentUrl":"https:\/\/files.sunoresearch.com.br\/n\/uploads\/2023\/07\/embraer-eve-fabrica-aeronave.jpg","width":1200,"height":800,"caption":"A Embraer e a Eve anunciaram a abertura de uma f\u00e1brica de aeronaves el\u00e9tricas, os \"carros voadores\" em Taubat\u00e9, SP - Foto: Divulga\u00e7\u00e3o\/ Eve"},{"@type":"BreadcrumbList","@id":"https:\/\/www.suno.com.br\/noticias\/embraer-eve-fabrica-carros-voadores-sp-cpf\/#breadcrumb","itemListElement":[{"@type":"ListItem","position":1,"name":"Not\u00edcias","item":"https:\/\/www.suno.com.br\/noticias\/"},{"@type":"ListItem","position":2,"name":"Neg\u00f3cios","item":"https:\/\/www.suno.com.br\/noticias\/negocios\/"},{"@type":"ListItem","position":3,"name":"Embraer (EMBR3) e Eve Air lan\u00e7am f\u00e1brica de aeronaves el\u00e9tricas em Taubat\u00e9, SP"}]},{"@type":"WebSite","@id":"https:\/\/www.suno.com.br\/noticias\/#website","url":"https:\/\/www.suno.com.br\/noticias\/","name":"Suno Not\u00edcias","description":"Seu portal de informa\u00e7\u00e3o sobre o mundo dos investimentos","publisher":{"@id":"https:\/\/www.suno.com.br\/noticias\/#organization"},"potentialAction":[{"@type":"SearchAction","target":{"@type":"EntryPoint","urlTemplate":"https:\/\/www.suno.com.br\/noticias\/?s={search_term_string}"},"query-input":{"@type":"PropertyValueSpecification","valueRequired":true,"valueName":"search_term_string"}}],"inLanguage":"pt-BR"},{"@type":"Organization","@id":"https:\/\/www.suno.com.br\/noticias\/#organization","name":"Suno Not\u00edcias","url":"https:\/\/www.suno.com.br\/noticias\/","logo":{"@type":"ImageObject","inLanguage":"pt-BR","@id":"https:\/\/www.suno.com.br\/noticias\/#\/schema\/logo\/image\/","url":"https:\/\/files.sunoresearch.com.br\/n\/uploads\/2021\/09\/suno-logo.png","contentUrl":"https:\/\/files.sunoresearch.com.br\/n\/uploads\/2021\/09\/suno-logo.png","width":180,"height":180,"caption":"Suno Not\u00edcias"},"image":{"@id":"https:\/\/www.suno.com.br\/noticias\/#\/schema\/logo\/image\/"},"sameAs":["https:\/\/facebook.com\/sunoresearch","https:\/\/x.com\/sunoresearch","https:\/\/www.instagram.com\/suno","https:\/\/www.linkedin.com\/company\/suno-research\/","https:\/\/www.youtube.com\/c\/sunoresearch"]},{"@type":"Person","@id":"https:\/\/www.suno.com.br\/noticias\/#\/schema\/person\/f341d3ae5d1cc685176c9a5327cdfdbb","name":"Camila Paim","image":{"@type":"ImageObject","inLanguage":"pt-BR","@id":"https:\/\/www.suno.com.br\/noticias\/#\/schema\/person\/image\/","url":"https:\/\/secure.gravatar.com\/avatar\/f33728e65febb1aa7ecf6792956f9b20?s=96&r=g","contentUrl":"https:\/\/secure.gravatar.com\/avatar\/f33728e65febb1aa7ecf6792956f9b20?s=96&r=g","caption":"Camila Paim"},"description":"Jornalista formada pela USP, tem experi\u00eancia em reda\u00e7\u00f5es, SEO, Branded Content e Webdesign. Com passagem pelo Jornal da USP, Empiricus e C6 Bank, hoje \u00e9 rep\u00f3rter no Suno Not\u00edcias cobrindo macroeconomia, finan\u00e7as pessoais e startups.","url":"https:\/\/www.suno.com.br\/noticias\/author\/camila-figueiredosuno-com-br\/"}]}},"default_loop_html":"<div class=\"cardsPage__listCard__boxs\"><div class=\"cardsPage__listCard__boxs__img\"><a href=\"https:\/\/www.suno.com.br\/noticias\/embraer-eve-fabrica-carros-voadores-sp-cpf\/\"><img class=\"mask\" src=\"https:\/\/www.suno.com.br\/noticias\/wp-content\/themes\/suno\/resources\/images\/spotlight\/spotlight1img\/bg-mask.png\" alt=\"Image Mask\"\/><img src=\"https:\/\/files.sunoresearch.com.br\/n\/uploads\/2023\/07\/embraer-eve-fabrica-aeronave-400x200.jpg\" alt=\"Embraer (EMBR3) e Eve Air lan\u00e7am f\u00e1brica de aeronaves el\u00e9tricas em Taubat\u00e9, SP\"\/><\/a><span class=\"spotlightCategory\"><a href=\"https:\/\/www.suno.com.br\/noticias\/negocios\/\">Neg\u00f3cios<\/a><\/span><\/div><div class=\"cardsPage__listCard__boxs__content\"><a href=\"https:\/\/www.suno.com.br\/noticias\/embraer-eve-fabrica-carros-voadores-sp-cpf\/\"><h2 class=\"content__title\">Embraer (EMBR3) e Eve Air lan\u00e7am f\u00e1brica de aeronaves el\u00e9tricas em Taubat\u00e9, SP<\/h2><\/a><div class=\"newsContent__article__meta\"><div class=\"newsContent__article__meta__authorBox\"><a href=\"https:\/\/www.suno.com.br\/noticias\/author\/camila-figueiredosuno-com-br\/\" class=\"authorBox__avatar noMobi\"><img src=\"https:\/\/files.sunoresearch.com.br\/n\/uploads\/2024\/05\/camila-paim-square-150x150.jpg\" alt=\"Camila Paim\"><\/a><div class=\"authorBox__name\"><span>por\n\t\t\t<a href=\"https:\/\/www.suno.com.br\/noticias\/author\/camila-figueiredosuno-com-br\/\"><span itemprop=\"author\">Camila Paim<\/span><\/a><\/span><time datetime=\"2023-07-20T09:31:36-03:00\" itemprop=\"datePublished\">20\/07\/2023 09:31<\/time><\/div><\/div><\/div><\/div><\/div>","single_layout":"posts","amp_enabled":true,"_links":{"self":[{"href":"https:\/\/www.suno.com.br\/noticias\/wp-json\/wp\/v2\/posts\/431110"}],"collection":[{"href":"https:\/\/www.suno.com.br\/noticias\/wp-json\/wp\/v2\/posts"}],"about":[{"href":"https:\/\/www.suno.com.br\/noticias\/wp-json\/wp\/v2\/types\/post"}],"author":[{"embeddable":true,"href":"https:\/\/www.suno.com.br\/noticias\/wp-json\/wp\/v2\/users\/283"}],"replies":[{"embeddable":true,"href":"https:\/\/www.suno.com.br\/noticias\/wp-json\/wp\/v2\/comments?post=431110"}],"version-history":[{"count":2,"href":"https:\/\/www.suno.com.br\/noticias\/wp-json\/wp\/v2\/posts\/431110\/revisions"}],"predecessor-version":[{"id":431158,"href":"https:\/\/www.suno.com.br\/noticias\/wp-json\/wp\/v2\/posts\/431110\/revisions\/431158"}],"wp:featuredmedia":[{"embeddable":true,"href":"https:\/\/www.suno.com.br\/noticias\/wp-json\/wp\/v2\/media\/431122"}],"wp:attachment":[{"href":"https:\/\/www.suno.com.br\/noticias\/wp-json\/wp\/v2\/media?parent=431110"}],"wp:term":[{"taxonomy":"category","embeddable":true,"href":"https:\/\/www.suno.com.br\/noticias\/wp-json\/wp\/v2\/categories?post=431110"},{"taxonomy":"post_tag","embeddable":true,"href":"https:\/\/www.suno.com.br\/noticias\/wp-json\/wp\/v2\/tags?post=431110"},{"taxonomy":"suno_strategy","embeddable":true,"href":"https:\/\/www.suno.com.br\/noticias\/wp-json\/wp\/v2\/suno_strategy?post=431110"}],"curies":[{"name":"wp","href":"https:\/\/api.w.org\/{rel}","templated":true}]}}