{"id":43101,"date":"2019-10-30T20:37:15","date_gmt":"2019-10-30T22:37:15","guid":{"rendered":"https:\/\/www.suno.com.br\/noticias\/?p=43101"},"modified":"2019-10-30T21:00:29","modified_gmt":"2019-10-30T23:00:29","slug":"arezzo-queda-lucro-liquido-3t19-3t18","status":"publish","type":"post","link":"https:\/\/www.suno.com.br\/noticias\/arezzo-queda-lucro-liquido-3t19-3t18\/","title":{"rendered":"Arezzo registra queda de 1% no lucro l\u00edquido do 3T19 em rela\u00e7\u00e3o ao 3T18"},"content":{"rendered":"<p>A empresa de cal\u00e7ados Arezzo (ARZZ3) reportou uma queda de 1% no seu lucro l\u00edquido do trimestre, que come\u00e7ou em julho e terminou em setembro, em compara\u00e7\u00e3o ao mesmo per\u00edodo no ano anterior. O valor foi de R$ 40,164 milh\u00f5es para R$ 39,775 milh\u00f5es.<\/p>\t<div class=\"wrapper-featured-image\">\n\t\t<figure class=\"spotlightImg\">\n\n\t\t\t<picture>\n\t\t\t\t<source media=\"(max-width: 768px)\" srcset=\"https:\/\/files.sunoresearch.com.br\/n\/uploads\/2019\/10\/5b2399ba-arezzo--400x200.webp\">\n\t\t\t\t<img loading=\"lazy\" decoding=\"async\" class=\"newsContent__article__imgCapa lazyloadDisabled newsContent__article__imgCapa--noCaption\" src=\"https:\/\/files.sunoresearch.com.br\/n\/uploads\/2019\/10\/5b2399ba-arezzo--jpg.webp\" width=\"800\" height=\"450\" alt=\"Arezzo registra queda de 1% no lucro l\u00edquido do 3T19 em rela\u00e7\u00e3o ao 3T18\" fetchpriority=high \/>\n\t\t\t<\/picture>\n\n\t\t\t<figcaption class=\"wp-caption-text wp-caption-text--hide\">Arezzo (ARZZ3): Conselho aprova incorpora\u00e7\u00e3o da VQV e aumento de capital <\/figcaption>\n\t\t<\/figure>\n\t<\/div>\n\n\n\n<p>Nos primeiros nove meses deste ano, o lucro da <strong>Arezzo<\/strong> chegou a R$ 103,484 milh\u00f5es. A alta foi de 3,1% em rela\u00e7\u00e3o ao igual per\u00edodo de 2018.<\/p>\n<p>O <strong><a href=\"https:\/\/www.suno.com.br\/artigos\/ebitda\/\">Ebtida<\/a> <\/strong>chegou a R$ 83,545 milh\u00f5es neste terceiro trimestre. O crescimento foi de 18,1% em compara\u00e7\u00e3o ao ano passado. Em 2018, o valor atingido foi de R$ 70,731 milh\u00f5es.<\/p>\n<p>No per\u00edodo de janeiro a setembro foi registrada uma <strong>alta<\/strong> no <strong>Ebitda<\/strong> de 18,1% em rela\u00e7\u00e3o a 2018. Dessa forma, o valor foi de R$ 83,545 milh\u00f5es para R$ 70,731 milh\u00f5es.<\/p>\n<p>As vendas <strong>Same Stores Sales (SSS),<\/strong> na soma de <strong>lojas pr\u00f3prias, web<\/strong> e <strong>franquias<\/strong> subiram em 1,1% no trimestre de <strong>julho<\/strong> a <strong>setembro.<\/strong> Na compara\u00e7\u00e3o com\u00a0os nove meses do ano passado, a <strong>Arezzo<\/strong> teve uma alta de 0,2 pontos percentuais. O Same Store Sales \u00e9 um importante indicado para empresas do com\u00e9rcio. O SSS mostra o quanto as vendas cresceram em lojas iguais em rela\u00e7\u00e3o ao per\u00edodo anterior.<\/p>\n<h2>Justificativas da Arezzo<\/h2>\n<p>A marca afirmou que: &#8220;o terceiro trimestre do ano \u00e9 marcado pela transi\u00e7\u00e3o das cole\u00e7\u00f5es de Inverno para Ver\u00e3o nas lojas da rede <strong>Arezzo&amp;Co.<\/strong> O m\u00eas de julho \u00e9 caracterizado pelo per\u00edodo de liquida\u00e7\u00e3o de Inverno, em conjunto com a introdu\u00e7\u00e3o das cole\u00e7\u00f5es de transi\u00e7\u00e3o de esta\u00e7\u00e3o (<strong>Cruise<\/strong> e <strong>Resort<\/strong>). Tais cole\u00e7\u00f5es representam um importante momento no calend\u00e1rio do trimestre, no qual as marcas testam o comportamento e receptividade das consumidoras aos novos produtos e realizam mudan\u00e7as em tempo dos lan\u00e7amentos oficiais. J\u00e1 os meses de agosto e setembro concentram as campanhas e cole\u00e7\u00f5es de Ver\u00e3o das marcas.&#8221;<\/p>\n<p>Al\u00e9m disso, a <strong>Arezzo<\/strong> salientou que: &#8220;Como destaque do trimestre, a marca Arezzo lan\u00e7ou sua cole\u00e7\u00e3o de ver\u00e3o estrelando modelos, atrizes e influenciadoras digitais, refor\u00e7ando o conceito de v\u00ednculo entre mulheres de estilos distintos no qual juntas se inspiram, se ajudam e se fortalecem. A campanha trouxe importantes resultados relacionados a conex\u00e3o com as consumidoras da marca, e em uma pesquisa realizada, 93% das entrevistadas concordam que a Arezzo est\u00e1 mais pr\u00f3xima da mulher brasileira.&#8221;<\/p>\n","protected":false},"excerpt":{"rendered":"<p>A empresa de cal\u00e7ados Arezzo (ARZZ3) reportou uma queda de 1% no seu lucro l\u00edquido do trimestre, que come\u00e7ou em julho e terminou em setembro, em compara\u00e7\u00e3o ao mesmo per\u00edodo no ano anterior. O valor foi de R$ 40,164 milh\u00f5es para R$ 39,775 milh\u00f5es. Arezzo (ARZZ3): Conselho aprova incorpora\u00e7\u00e3o da VQV e aumento de capital [&hellip;]<\/p>\n","protected":false},"author":23,"featured_media":39635,"comment_status":"closed","ping_status":"closed","sticky":false,"template":"","format":"standard","meta":[],"categories":[64],"tags":[362,1607],"suno_strategy":[],"class_list":["post-43101","post","type-post","status-publish","format-standard","has-post-thumbnail","hentry","category-negocios","tag-arezzo-arzz3","tag-resultado-das-empresas"],"yoast_head":"<!-- This site is optimized with the Yoast SEO plugin v24.4 - https:\/\/yoast.com\/wordpress\/plugins\/seo\/ -->\n<title>Arezzo registra queda de 1% no lucro l\u00edquido do 3T19 em rela\u00e7\u00e3o ao 3T18<\/title>\n<meta name=\"description\" content=\"A Arezzo reportou uma queda de 1% no seu lucro l\u00edquido do trimestre em compara\u00e7\u00e3o ao mesmo per\u00edodo no ano anterior. Clique aqui para mais.\" \/>\n<meta name=\"robots\" content=\"index, follow, max-snippet:-1, max-image-preview:large, max-video-preview:-1\" \/>\n<link rel=\"canonical\" href=\"https:\/\/www.suno.com.br\/noticias\/arezzo-queda-lucro-liquido-3t19-3t18\/\" \/>\n<meta property=\"og:locale\" content=\"pt_BR\" \/>\n<meta property=\"og:type\" content=\"article\" \/>\n<meta property=\"og:title\" content=\"Arezzo registra queda de 1% no lucro l\u00edquido do 3T19 em rela\u00e7\u00e3o ao 3T18\" \/>\n<meta property=\"og:description\" content=\"A Arezzo reportou uma queda de 1% no seu lucro l\u00edquido do trimestre em compara\u00e7\u00e3o ao mesmo per\u00edodo no ano anterior. Clique aqui para mais.\" \/>\n<meta property=\"og:url\" content=\"https:\/\/www.suno.com.br\/noticias\/arezzo-queda-lucro-liquido-3t19-3t18\/\" \/>\n<meta property=\"og:site_name\" content=\"Suno Not\u00edcias\" \/>\n<meta property=\"article:publisher\" content=\"https:\/\/facebook.com\/sunoresearch\" \/>\n<meta property=\"og:image\" content=\"https:\/\/files.sunoresearch.com.br\/n\/uploads\/2019\/10\/5b2399ba-arezzo-.jpg\" \/>\n\t<meta property=\"og:image:width\" content=\"498\" \/>\n\t<meta property=\"og:image:height\" content=\"312\" \/>\n\t<meta property=\"og:image:type\" content=\"image\/jpeg\" \/>\n<meta name=\"author\" content=\"Rafael Lara\" \/>\n<meta name=\"twitter:card\" content=\"summary_large_image\" \/>\n<meta name=\"twitter:creator\" content=\"@sunoresearch\" \/>\n<meta name=\"twitter:site\" content=\"@sunoresearch\" \/>\n<meta name=\"twitter:label1\" content=\"Escrito por\" \/>\n\t<meta name=\"twitter:data1\" content=\"Rafael Lara\" \/>\n\t<meta name=\"twitter:label2\" content=\"Est. tempo de leitura\" \/>\n\t<meta name=\"twitter:data2\" content=\"2 minutos\" \/>\n<script type=\"application\/ld+json\" class=\"yoast-schema-graph\">{\"@context\":\"https:\/\/schema.org\",\"@graph\":[{\"@type\":\"NewsArticle\",\"@id\":\"https:\/\/www.suno.com.br\/noticias\/arezzo-queda-lucro-liquido-3t19-3t18\/#article\",\"isPartOf\":{\"@id\":\"https:\/\/www.suno.com.br\/noticias\/arezzo-queda-lucro-liquido-3t19-3t18\/\"},\"author\":{\"name\":\"Rafael Lara\",\"@id\":\"https:\/\/www.suno.com.br\/noticias\/#\/schema\/person\/098743caeed97b37f51315c9576c4078\"},\"headline\":\"Arezzo registra queda de 1% no lucro l\u00edquido do 3T19 em rela\u00e7\u00e3o ao 3T18\",\"datePublished\":\"2019-10-30T22:37:15+00:00\",\"dateModified\":\"2019-10-30T23:00:29+00:00\",\"mainEntityOfPage\":{\"@id\":\"https:\/\/www.suno.com.br\/noticias\/arezzo-queda-lucro-liquido-3t19-3t18\/\"},\"wordCount\":422,\"publisher\":{\"@id\":\"https:\/\/www.suno.com.br\/noticias\/#organization\"},\"image\":{\"@id\":\"https:\/\/www.suno.com.br\/noticias\/arezzo-queda-lucro-liquido-3t19-3t18\/#primaryimage\"},\"thumbnailUrl\":\"https:\/\/files.sunoresearch.com.br\/n\/uploads\/2019\/10\/5b2399ba-arezzo--jpg.webp\",\"keywords\":[\"Arezzo (ARZZ3)\",\"Resultado das empresas\"],\"articleSection\":[\"Neg\u00f3cios\"],\"inLanguage\":\"pt-BR\"},{\"@type\":\"WebPage\",\"@id\":\"https:\/\/www.suno.com.br\/noticias\/arezzo-queda-lucro-liquido-3t19-3t18\/\",\"url\":\"https:\/\/www.suno.com.br\/noticias\/arezzo-queda-lucro-liquido-3t19-3t18\/\",\"name\":\"Arezzo registra queda de 1% no lucro l\u00edquido do 3T19 em rela\u00e7\u00e3o ao 3T18\",\"isPartOf\":{\"@id\":\"https:\/\/www.suno.com.br\/noticias\/#website\"},\"primaryImageOfPage\":{\"@id\":\"https:\/\/www.suno.com.br\/noticias\/arezzo-queda-lucro-liquido-3t19-3t18\/#primaryimage\"},\"image\":{\"@id\":\"https:\/\/www.suno.com.br\/noticias\/arezzo-queda-lucro-liquido-3t19-3t18\/#primaryimage\"},\"thumbnailUrl\":\"https:\/\/files.sunoresearch.com.br\/n\/uploads\/2019\/10\/5b2399ba-arezzo--jpg.webp\",\"datePublished\":\"2019-10-30T22:37:15+00:00\",\"dateModified\":\"2019-10-30T23:00:29+00:00\",\"description\":\"A Arezzo reportou uma queda de 1% no seu lucro l\u00edquido do trimestre em compara\u00e7\u00e3o ao mesmo per\u00edodo no ano anterior. Clique aqui para mais.\",\"breadcrumb\":{\"@id\":\"https:\/\/www.suno.com.br\/noticias\/arezzo-queda-lucro-liquido-3t19-3t18\/#breadcrumb\"},\"inLanguage\":\"pt-BR\",\"potentialAction\":[{\"@type\":\"ReadAction\",\"target\":[\"https:\/\/www.suno.com.br\/noticias\/arezzo-queda-lucro-liquido-3t19-3t18\/\"]}]},{\"@type\":\"ImageObject\",\"inLanguage\":\"pt-BR\",\"@id\":\"https:\/\/www.suno.com.br\/noticias\/arezzo-queda-lucro-liquido-3t19-3t18\/#primaryimage\",\"url\":\"https:\/\/files.sunoresearch.com.br\/n\/uploads\/2019\/10\/5b2399ba-arezzo--jpg.webp\",\"contentUrl\":\"https:\/\/files.sunoresearch.com.br\/n\/uploads\/2019\/10\/5b2399ba-arezzo--jpg.webp\",\"width\":498,\"height\":312,\"caption\":\"Arezzo (ARZZ3): Conselho aprova incorpora\u00e7\u00e3o da VQV e aumento de capital\"},{\"@type\":\"BreadcrumbList\",\"@id\":\"https:\/\/www.suno.com.br\/noticias\/arezzo-queda-lucro-liquido-3t19-3t18\/#breadcrumb\",\"itemListElement\":[{\"@type\":\"ListItem\",\"position\":1,\"name\":\"Not\u00edcias\",\"item\":\"https:\/\/www.suno.com.br\/noticias\/\"},{\"@type\":\"ListItem\",\"position\":2,\"name\":\"Neg\u00f3cios\",\"item\":\"https:\/\/www.suno.com.br\/noticias\/negocios\/\"},{\"@type\":\"ListItem\",\"position\":3,\"name\":\"Arezzo registra queda de 1% no lucro l\u00edquido do 3T19 em rela\u00e7\u00e3o ao 3T18\"}]},{\"@type\":\"WebSite\",\"@id\":\"https:\/\/www.suno.com.br\/noticias\/#website\",\"url\":\"https:\/\/www.suno.com.br\/noticias\/\",\"name\":\"Suno Not\u00edcias\",\"description\":\"Seu portal de informa\u00e7\u00e3o sobre o mundo dos investimentos\",\"publisher\":{\"@id\":\"https:\/\/www.suno.com.br\/noticias\/#organization\"},\"potentialAction\":[{\"@type\":\"SearchAction\",\"target\":{\"@type\":\"EntryPoint\",\"urlTemplate\":\"https:\/\/www.suno.com.br\/noticias\/?s={search_term_string}\"},\"query-input\":{\"@type\":\"PropertyValueSpecification\",\"valueRequired\":true,\"valueName\":\"search_term_string\"}}],\"inLanguage\":\"pt-BR\"},{\"@type\":\"Organization\",\"@id\":\"https:\/\/www.suno.com.br\/noticias\/#organization\",\"name\":\"Suno Not\u00edcias\",\"url\":\"https:\/\/www.suno.com.br\/noticias\/\",\"logo\":{\"@type\":\"ImageObject\",\"inLanguage\":\"pt-BR\",\"@id\":\"https:\/\/www.suno.com.br\/noticias\/#\/schema\/logo\/image\/\",\"url\":\"https:\/\/files.sunoresearch.com.br\/n\/uploads\/2021\/09\/suno-logo.png\",\"contentUrl\":\"https:\/\/files.sunoresearch.com.br\/n\/uploads\/2021\/09\/suno-logo.png\",\"width\":180,\"height\":180,\"caption\":\"Suno Not\u00edcias\"},\"image\":{\"@id\":\"https:\/\/www.suno.com.br\/noticias\/#\/schema\/logo\/image\/\"},\"sameAs\":[\"https:\/\/facebook.com\/sunoresearch\",\"https:\/\/x.com\/sunoresearch\",\"https:\/\/www.instagram.com\/suno\",\"https:\/\/www.linkedin.com\/company\/suno-research\/\",\"https:\/\/www.youtube.com\/c\/sunoresearch\"]},{\"@type\":\"Person\",\"@id\":\"https:\/\/www.suno.com.br\/noticias\/#\/schema\/person\/098743caeed97b37f51315c9576c4078\",\"name\":\"Rafael Lara\",\"image\":{\"@type\":\"ImageObject\",\"inLanguage\":\"pt-BR\",\"@id\":\"https:\/\/www.suno.com.br\/noticias\/#\/schema\/person\/image\/\",\"url\":\"https:\/\/secure.gravatar.com\/avatar\/dfc254ab9bb2ea1895d98b9e9dae4bdd?s=96&r=g\",\"contentUrl\":\"https:\/\/secure.gravatar.com\/avatar\/dfc254ab9bb2ea1895d98b9e9dae4bdd?s=96&r=g\",\"caption\":\"Rafael Lara\"},\"description\":\"Rafael Lara cursa jornalismo na Faculdade C\u00e1sper L\u00edbero. Escreve sobre pol\u00edtica, economia e neg\u00f3cios para o portal Suno Not\u00edcias. Antes, colaborou na TV Gazeta na produ\u00e7\u00e3o do programa Edi\u00e7\u00e3o Extra.\",\"url\":\"https:\/\/www.suno.com.br\/noticias\/author\/rafael\/\"}]}<\/script>\n<!-- \/ Yoast SEO plugin. -->","yoast_head_json":{"title":"Arezzo registra queda de 1% no lucro l\u00edquido do 3T19 em rela\u00e7\u00e3o ao 3T18","description":"A Arezzo reportou uma queda de 1% no seu lucro l\u00edquido do trimestre em compara\u00e7\u00e3o ao mesmo per\u00edodo no ano anterior. Clique aqui para mais.","robots":{"index":"index","follow":"follow","max-snippet":"max-snippet:-1","max-image-preview":"max-image-preview:large","max-video-preview":"max-video-preview:-1"},"canonical":"https:\/\/www.suno.com.br\/noticias\/arezzo-queda-lucro-liquido-3t19-3t18\/","og_locale":"pt_BR","og_type":"article","og_title":"Arezzo registra queda de 1% no lucro l\u00edquido do 3T19 em rela\u00e7\u00e3o ao 3T18","og_description":"A Arezzo reportou uma queda de 1% no seu lucro l\u00edquido do trimestre em compara\u00e7\u00e3o ao mesmo per\u00edodo no ano anterior. Clique aqui para mais.","og_url":"https:\/\/www.suno.com.br\/noticias\/arezzo-queda-lucro-liquido-3t19-3t18\/","og_site_name":"Suno Not\u00edcias","article_publisher":"https:\/\/facebook.com\/sunoresearch","og_image":[{"width":498,"height":312,"url":"https:\/\/files.sunoresearch.com.br\/n\/uploads\/2019\/10\/5b2399ba-arezzo-.jpg","type":"image\/jpeg"}],"author":"Rafael Lara","twitter_card":"summary_large_image","twitter_creator":"@sunoresearch","twitter_site":"@sunoresearch","twitter_misc":{"Escrito por":"Rafael Lara","Est. tempo de leitura":"2 minutos"},"schema":{"@context":"https:\/\/schema.org","@graph":[{"@type":"NewsArticle","@id":"https:\/\/www.suno.com.br\/noticias\/arezzo-queda-lucro-liquido-3t19-3t18\/#article","isPartOf":{"@id":"https:\/\/www.suno.com.br\/noticias\/arezzo-queda-lucro-liquido-3t19-3t18\/"},"author":{"name":"Rafael Lara","@id":"https:\/\/www.suno.com.br\/noticias\/#\/schema\/person\/098743caeed97b37f51315c9576c4078"},"headline":"Arezzo registra queda de 1% no lucro l\u00edquido do 3T19 em rela\u00e7\u00e3o ao 3T18","datePublished":"2019-10-30T22:37:15+00:00","dateModified":"2019-10-30T23:00:29+00:00","mainEntityOfPage":{"@id":"https:\/\/www.suno.com.br\/noticias\/arezzo-queda-lucro-liquido-3t19-3t18\/"},"wordCount":422,"publisher":{"@id":"https:\/\/www.suno.com.br\/noticias\/#organization"},"image":{"@id":"https:\/\/www.suno.com.br\/noticias\/arezzo-queda-lucro-liquido-3t19-3t18\/#primaryimage"},"thumbnailUrl":"https:\/\/files.sunoresearch.com.br\/n\/uploads\/2019\/10\/5b2399ba-arezzo--jpg.webp","keywords":["Arezzo (ARZZ3)","Resultado das empresas"],"articleSection":["Neg\u00f3cios"],"inLanguage":"pt-BR"},{"@type":"WebPage","@id":"https:\/\/www.suno.com.br\/noticias\/arezzo-queda-lucro-liquido-3t19-3t18\/","url":"https:\/\/www.suno.com.br\/noticias\/arezzo-queda-lucro-liquido-3t19-3t18\/","name":"Arezzo registra queda de 1% no lucro l\u00edquido do 3T19 em rela\u00e7\u00e3o ao 3T18","isPartOf":{"@id":"https:\/\/www.suno.com.br\/noticias\/#website"},"primaryImageOfPage":{"@id":"https:\/\/www.suno.com.br\/noticias\/arezzo-queda-lucro-liquido-3t19-3t18\/#primaryimage"},"image":{"@id":"https:\/\/www.suno.com.br\/noticias\/arezzo-queda-lucro-liquido-3t19-3t18\/#primaryimage"},"thumbnailUrl":"https:\/\/files.sunoresearch.com.br\/n\/uploads\/2019\/10\/5b2399ba-arezzo--jpg.webp","datePublished":"2019-10-30T22:37:15+00:00","dateModified":"2019-10-30T23:00:29+00:00","description":"A Arezzo reportou uma queda de 1% no seu lucro l\u00edquido do trimestre em compara\u00e7\u00e3o ao mesmo per\u00edodo no ano anterior. Clique aqui para mais.","breadcrumb":{"@id":"https:\/\/www.suno.com.br\/noticias\/arezzo-queda-lucro-liquido-3t19-3t18\/#breadcrumb"},"inLanguage":"pt-BR","potentialAction":[{"@type":"ReadAction","target":["https:\/\/www.suno.com.br\/noticias\/arezzo-queda-lucro-liquido-3t19-3t18\/"]}]},{"@type":"ImageObject","inLanguage":"pt-BR","@id":"https:\/\/www.suno.com.br\/noticias\/arezzo-queda-lucro-liquido-3t19-3t18\/#primaryimage","url":"https:\/\/files.sunoresearch.com.br\/n\/uploads\/2019\/10\/5b2399ba-arezzo--jpg.webp","contentUrl":"https:\/\/files.sunoresearch.com.br\/n\/uploads\/2019\/10\/5b2399ba-arezzo--jpg.webp","width":498,"height":312,"caption":"Arezzo (ARZZ3): Conselho aprova incorpora\u00e7\u00e3o da VQV e aumento de capital"},{"@type":"BreadcrumbList","@id":"https:\/\/www.suno.com.br\/noticias\/arezzo-queda-lucro-liquido-3t19-3t18\/#breadcrumb","itemListElement":[{"@type":"ListItem","position":1,"name":"Not\u00edcias","item":"https:\/\/www.suno.com.br\/noticias\/"},{"@type":"ListItem","position":2,"name":"Neg\u00f3cios","item":"https:\/\/www.suno.com.br\/noticias\/negocios\/"},{"@type":"ListItem","position":3,"name":"Arezzo registra queda de 1% no lucro l\u00edquido do 3T19 em rela\u00e7\u00e3o ao 3T18"}]},{"@type":"WebSite","@id":"https:\/\/www.suno.com.br\/noticias\/#website","url":"https:\/\/www.suno.com.br\/noticias\/","name":"Suno Not\u00edcias","description":"Seu portal de informa\u00e7\u00e3o sobre o mundo dos investimentos","publisher":{"@id":"https:\/\/www.suno.com.br\/noticias\/#organization"},"potentialAction":[{"@type":"SearchAction","target":{"@type":"EntryPoint","urlTemplate":"https:\/\/www.suno.com.br\/noticias\/?s={search_term_string}"},"query-input":{"@type":"PropertyValueSpecification","valueRequired":true,"valueName":"search_term_string"}}],"inLanguage":"pt-BR"},{"@type":"Organization","@id":"https:\/\/www.suno.com.br\/noticias\/#organization","name":"Suno Not\u00edcias","url":"https:\/\/www.suno.com.br\/noticias\/","logo":{"@type":"ImageObject","inLanguage":"pt-BR","@id":"https:\/\/www.suno.com.br\/noticias\/#\/schema\/logo\/image\/","url":"https:\/\/files.sunoresearch.com.br\/n\/uploads\/2021\/09\/suno-logo.png","contentUrl":"https:\/\/files.sunoresearch.com.br\/n\/uploads\/2021\/09\/suno-logo.png","width":180,"height":180,"caption":"Suno Not\u00edcias"},"image":{"@id":"https:\/\/www.suno.com.br\/noticias\/#\/schema\/logo\/image\/"},"sameAs":["https:\/\/facebook.com\/sunoresearch","https:\/\/x.com\/sunoresearch","https:\/\/www.instagram.com\/suno","https:\/\/www.linkedin.com\/company\/suno-research\/","https:\/\/www.youtube.com\/c\/sunoresearch"]},{"@type":"Person","@id":"https:\/\/www.suno.com.br\/noticias\/#\/schema\/person\/098743caeed97b37f51315c9576c4078","name":"Rafael Lara","image":{"@type":"ImageObject","inLanguage":"pt-BR","@id":"https:\/\/www.suno.com.br\/noticias\/#\/schema\/person\/image\/","url":"https:\/\/secure.gravatar.com\/avatar\/dfc254ab9bb2ea1895d98b9e9dae4bdd?s=96&r=g","contentUrl":"https:\/\/secure.gravatar.com\/avatar\/dfc254ab9bb2ea1895d98b9e9dae4bdd?s=96&r=g","caption":"Rafael Lara"},"description":"Rafael Lara cursa jornalismo na Faculdade C\u00e1sper L\u00edbero. Escreve sobre pol\u00edtica, economia e neg\u00f3cios para o portal Suno Not\u00edcias. Antes, colaborou na TV Gazeta na produ\u00e7\u00e3o do programa Edi\u00e7\u00e3o Extra.","url":"https:\/\/www.suno.com.br\/noticias\/author\/rafael\/"}]}},"default_loop_html":"<div class=\"cardsPage__listCard__boxs\"><div class=\"cardsPage__listCard__boxs__img\"><a href=\"https:\/\/www.suno.com.br\/noticias\/arezzo-queda-lucro-liquido-3t19-3t18\/\"><img class=\"mask\" src=\"https:\/\/www.suno.com.br\/noticias\/wp-content\/themes\/suno\/resources\/images\/spotlight\/spotlight1img\/bg-mask.png\" alt=\"Image Mask\"\/><img src=\"https:\/\/files.sunoresearch.com.br\/n\/uploads\/2019\/10\/5b2399ba-arezzo--400x200.webp\" alt=\"Arezzo registra queda de 1% no lucro l\u00edquido do 3T19 em rela\u00e7\u00e3o ao 3T18\"\/><\/a><span class=\"spotlightCategory\"><a href=\"https:\/\/www.suno.com.br\/noticias\/negocios\/\">Neg\u00f3cios<\/a><\/span><\/div><div class=\"cardsPage__listCard__boxs__content\"><a href=\"https:\/\/www.suno.com.br\/noticias\/arezzo-queda-lucro-liquido-3t19-3t18\/\"><h2 class=\"content__title\">Arezzo registra queda de 1% no lucro l\u00edquido do 3T19 em rela\u00e7\u00e3o ao 3T18<\/h2><\/a><div class=\"newsContent__article__meta\"><div class=\"newsContent__article__meta__authorBox\"><a href=\"https:\/\/www.suno.com.br\/noticias\/author\/rafael\/\" class=\"authorBox__avatar noMobi\"><img src=\"https:\/\/secure.gravatar.com\/avatar\/dfc254ab9bb2ea1895d98b9e9dae4bdd?s=96&#038;r=g\" alt=\"Rafael Lara\"><\/a><div class=\"authorBox__name\"><span>por\n\t\t\t<a href=\"https:\/\/www.suno.com.br\/noticias\/author\/rafael\/\"><span itemprop=\"author\">Rafael Lara<\/span><\/a><\/span><time datetime=\"2019-10-30T20:37:15-03:00\" itemprop=\"datePublished\">30\/10\/2019 20:37<\/time><\/div><\/div><\/div><\/div><\/div>","single_layout":"posts","amp_enabled":true,"_links":{"self":[{"href":"https:\/\/www.suno.com.br\/noticias\/wp-json\/wp\/v2\/posts\/43101"}],"collection":[{"href":"https:\/\/www.suno.com.br\/noticias\/wp-json\/wp\/v2\/posts"}],"about":[{"href":"https:\/\/www.suno.com.br\/noticias\/wp-json\/wp\/v2\/types\/post"}],"author":[{"embeddable":true,"href":"https:\/\/www.suno.com.br\/noticias\/wp-json\/wp\/v2\/users\/23"}],"replies":[{"embeddable":true,"href":"https:\/\/www.suno.com.br\/noticias\/wp-json\/wp\/v2\/comments?post=43101"}],"version-history":[{"count":0,"href":"https:\/\/www.suno.com.br\/noticias\/wp-json\/wp\/v2\/posts\/43101\/revisions"}],"wp:featuredmedia":[{"embeddable":true,"href":"https:\/\/www.suno.com.br\/noticias\/wp-json\/wp\/v2\/media\/39635"}],"wp:attachment":[{"href":"https:\/\/www.suno.com.br\/noticias\/wp-json\/wp\/v2\/media?parent=43101"}],"wp:term":[{"taxonomy":"category","embeddable":true,"href":"https:\/\/www.suno.com.br\/noticias\/wp-json\/wp\/v2\/categories?post=43101"},{"taxonomy":"post_tag","embeddable":true,"href":"https:\/\/www.suno.com.br\/noticias\/wp-json\/wp\/v2\/tags?post=43101"},{"taxonomy":"suno_strategy","embeddable":true,"href":"https:\/\/www.suno.com.br\/noticias\/wp-json\/wp\/v2\/suno_strategy?post=43101"}],"curies":[{"name":"wp","href":"https:\/\/api.w.org\/{rel}","templated":true}]}}