{"id":430938,"date":"2023-07-19T21:10:52","date_gmt":"2023-07-20T00:10:52","guid":{"rendered":"https:\/\/www.suno.com.br\/noticias\/?p=430938"},"modified":"2023-07-19T21:46:41","modified_gmt":"2023-07-20T00:46:41","slug":"nubank-nubr33-adere-desenrola-renegociar-dividas-gpj","status":"publish","type":"post","link":"https:\/\/www.suno.com.br\/noticias\/nubank-nubr33-adere-desenrola-renegociar-dividas-gpj\/","title":{"rendered":"Nubank (NUBR33) adere ao Desenrola e vai renegociar d\u00edvidas de at\u00e9 R$ 100"},"content":{"rendered":"<p>Ap\u00f3s a maioria dos grandes bancos brasileiros confirmarem a entrada no programa do governo federal de renegocia\u00e7\u00e3o de d\u00edvidas, <strong>o Desenrola Brasil<\/strong>, nesta quarta-feira (19), o <strong>Nubank&nbsp;<\/strong>(<a href=\"https:\/\/www.suno.com.br\/bdrs\/nubr33\/\" target=\"_blank\" rel=\"noreferrer noopener\">NUBR33<\/a>)<strong> <\/strong>anunciou que tamb\u00e9m participar\u00e1 do programa.<\/p>\t<div class=\"wrapper-featured-image\">\n\t\t<figure class=\"spotlightImg\">\n\n\t\t\t<picture>\n\t\t\t\t<source media=\"(max-width: 768px)\" srcset=\"https:\/\/files.sunoresearch.com.br\/n\/uploads\/2023\/01\/nubank-nubr33-cartao-adicional-foto-divulgacao-400x200.jpg\">\n\t\t\t\t<img loading=\"lazy\" decoding=\"async\" class=\"newsContent__article__imgCapa lazyloadDisabled \" src=\"https:\/\/files.sunoresearch.com.br\/n\/uploads\/2023\/01\/nubank-nubr33-cartao-adicional-foto-divulgacao-800x450.jpg\" width=\"800\" height=\"450\" alt=\"Nubank (NUBR33) adere ao Desenrola e vai renegociar d\u00edvidas de at\u00e9 R$ 100\" fetchpriority=high \/>\n\t\t\t<\/picture>\n\n\t\t\t<figcaption class=\"wp-caption-text wp-caption-text--show\">Nubank (ROXO34). Foto: Divulga\u00e7\u00e3o<\/figcaption>\n\t\t<\/figure>\n\t<\/div>\n\n\n\n\n\n\t<p>\n\t\t<a href=\"https:\/\/lp.suno.com.br\/planilha-da-vida-financeira\/\" target=\"_blank\" data-element=\"shortcode-suno-banner\" title=\"Banner SUNO, clique e saiba mais\">\n\t\t\t<picture>\n\t\t\t\t<source media=\"(max-width: 500px)\" srcset=\"https:\/\/files.sunoresearch.com.br\/n\/uploads\/2023\/04\/400x300-Planilha-vida-financeira-true.png\">\n\t\t\t\t<img class=\"newsContent__article__imgCapa newsContent__article__imgCapa--banner\"\n\t\t\t\t\tsrc=\"https:\/\/files.sunoresearch.com.br\/n\/uploads\/2023\/04\/1420x240-Planilha-vida-financeira-true.png\"\n\t\t\t\t\tdata-promo-id=\"106682\"\t\t\t\t\t\t\t\t\t\twidth='1420' height='240'\t\t\t\t\talt=\"https:\/\/files.sunoresearch.com.br\/n\/uploads\/2023\/04\/1420x240-Planilha-vida-financeira-true.png\"\n\t\t\t\t>\n\t\t\t<\/picture>\n\t\t<\/a>\n\t<\/p>\n\n\n\n\n\n<p>Em comunicado divulgado \u00e0 imprensa, o <strong>banco digital<\/strong> disse que aderiu \u00e0 iniciativa depois de concluir a an\u00e1lise t\u00e9cnica dos requisitos j\u00e1 dispon\u00edveis do programa do governo: &#8220;O banco dar\u00e1 baixa na negativa\u00e7\u00e3o das pessoas com <strong>d\u00edvidas de at\u00e9 R$ 100<\/strong> e compartilhar\u00e1 mais detalhes de sua ades\u00e3o conforme avan\u00e7ar no processo&#8221;.<\/p>\n\n\n\n<p>O Nubank pontuou ainda que informar\u00e1, oportunamente, as condi\u00e7\u00f5es e crit\u00e9rios para renegocia\u00e7\u00f5es no \u00e2mbito do programa, assim como os canais de atendimento que ser\u00e3o disponibilizados. &#8220;A empresa refor\u00e7a o alerta para que os <strong>clientes do Nubank<\/strong> n\u00e3o cliquem em links suspeitos com supostas ofertas relacionadas ao Desenrola&#8221;, acrescentou.<\/p>\n\n\n\n<p>Al\u00e9m do Nubank, outros nove bancos j\u00e1 entraram no novo programa do governo federal, iniciado na \u00faltima segunda-feira (17). S\u00e3o eles:<\/p>\n\n\n\n<ul class=\"wp-block-list\">\n<li><a href=\"https:\/\/www.suno.com.br\/acoes\/bbas3\/\">Banco do Brasil (BBAS3)<\/a>;<\/li>\n\n\n\n<li><a href=\"https:\/\/www.suno.com.br\/acoes\/bbdc4\/\">Bradesco (BBDC4)<\/a>;<\/li>\n\n\n\n<li>Caixa Econ\u00f4mica Federal (CEF);<\/li>\n\n\n\n<li><a href=\"https:\/\/www.suno.com.br\/bdrs\/inbr32\/\">Banco Inter (INBR32)<\/a>;<\/li>\n\n\n\n<li><a href=\"https:\/\/www.suno.com.br\/acoes\/itub4\/\">Ita\u00fa Unibanco (ITUB4)<\/a>;<\/li>\n\n\n\n<li>Mercado Pago;<\/li>\n\n\n\n<li>PicPay;<\/li>\n\n\n\n<li><a href=\"https:\/\/www.suno.com.br\/acoes\/bpan4\/\" target=\"_blank\" rel=\"noreferrer noopener\">Banco Pan (BPAN4)<\/a>;<\/li>\n\n\n\n<li><a href=\"https:\/\/www.suno.com.br\/acoes\/SANB11\/\">Santander Brasil (SANB11)<\/a><\/li>\n<\/ul>\n\n\n\n<p>Na segunda-feira, o ministro da Fazenda, Fernando Haddad, tinha estimado que a desnegativa\u00e7\u00e3o de d\u00edvidas na primeira fase do Desenrola poderia chegar a R$ 200 milh\u00f5es se houvesse a ades\u00e3o do Nubank e o n\u00famero de CPFs atingidos poderia passar de 1,5 milh\u00e3o para 2,5 milh\u00f5es.<\/p>\n\n\n\n<h2 class=\"wp-block-heading\">Como o Desenrola impacta o setor financeiro?<\/h2>\n\n\n\n<p>O&nbsp;<a href=\"https:\/\/www.suno.com.br\/noticias\/desenrola-comeca-hoje-veja-detalhes-evm\/\" target=\"_blank\" rel=\"noreferrer noopener\">Desenr<\/a><a href=\"https:\/\/www.suno.com.br\/noticias\/bradesco-bbdc4-presidente-desenrola-evm\/\" target=\"_blank\" rel=\"noreferrer noopener\">o<\/a><a href=\"https:\/\/www.suno.com.br\/noticias\/desenrola-comeca-hoje-veja-detalhes-evm\/\" target=\"_blank\" rel=\"noreferrer noopener\">la<\/a>, programa de renegocia\u00e7\u00e3o de d\u00edvida para&nbsp;<a href=\"https:\/\/www.suno.com.br\/artigos\/pessoa-fisica\/\" target=\"_blank\" rel=\"noreferrer noopener\">pessoas f\u00edsicas<\/a>&nbsp;do Governo Federal, contempla a maioria dos bancos e&nbsp;<a href=\"https:\/\/www.suno.com.br\/artigos\/instituicoes-financeiras\/\" target=\"_blank\" rel=\"noreferrer noopener\">institui\u00e7\u00f5es financeiras<\/a>&nbsp;do Brasil. Segundo analistas da&nbsp;<strong>XP<\/strong>, a casa v\u00ea o Desenrola com bons olhos.<\/p>\n\n\n\n<p>\u201cNo Faixa 1, previsto para ser lan\u00e7ado em setembro, que vai englobar&nbsp;<strong>d\u00edvidas banc\u00e1rias e n\u00e3o banc\u00e1rias<\/strong>, o benef\u00edcio \u00e9 o fato de contar com garantia do FGO. J\u00e1 para o Faixa 2, o diferencial ser\u00e1 a possibilidade de constitui\u00e7\u00e3o de cr\u00e9dito tribut\u00e1rio no mesmo montante das renegocia\u00e7\u00f5es\u201d, diz a casa.<\/p>\n\n\n\n<p>\u201cEntendemos que, embora o curso normal dos neg\u00f3cios do&nbsp;<strong>setor financeiro&nbsp;<\/strong>j\u00e1 preveja a possibilidade de renegocia\u00e7\u00f5es, o incentivo oferecido pelo governo pode permitir que essas institui\u00e7\u00f5es sejam mais agressivas na defini\u00e7\u00e3o das condi\u00e7\u00f5es mais atrativas. Ademais pelo fato de que as d\u00edvidas eleg\u00edveis ao programa j\u00e1 ter\u00e3o mais de 6 meses e, segundo a resolu\u00e7\u00e3o 2.682 do BCB, provavelmente, j\u00e1 estar\u00e3o 100% provisionadas\u201d, completa.<\/p>\n\n\n\n<p>Para os especialistas, os&nbsp;<strong>cr\u00e9ditos&nbsp;<\/strong>tribut\u00e1rios usualmente s\u00e3o redutores do Patrim\u00f4nio de Refer\u00eancia, eles entram dentro da linha \u201cAjustes Prudenciais\u201d.<\/p>\n\n\n\n<p>Contudo, o governo conseguiu contornar a quest\u00e3o, permitindo que os cr\u00e9ditos tribut\u00e1rios oriundos do programa n\u00e3o sejam redutores do&nbsp;<a target=\"_blank\" href=\"https:\/\/www.suno.com.br\/artigos\/patrimonio-liquido\/\" rel=\"noreferrer noopener\">Patrim\u00f4nio L\u00edquido<\/a>, liberando capital dos bancos.<\/p>\n\n\n\n<p>\u201cEm nossa vis\u00e3o, o&nbsp;<strong>Desenrola possa ser positivo para o setor<\/strong>, mas n\u00e3o vemos o programa sozinho como capaz de mudar a din\u00e2mica atual decorrente de uma atividade econ\u00f4mica abaixo do ideal, taxa de juros b\u00e1sica ainda em n\u00edveis elevados e endividamento das fam\u00edlias em patamar elevado\u201d, conclui a XP.<\/p>\n\n\n\t<div data-element=\"shortcode-read-more\" class=\"knowMore\">\n\t\t\t\t<span class=\"knowMore__title\">Leia mais<\/span>\n\t\t\t\t<a class=\"knowMore__link\" href=\"https:\/\/www.suno.com.br\/noticias\/caixa-desenrola-dividas-clientes-cpf\/\">\n\t\t\tCaixa: 225 mil clientes sa\u00edram do negativo na 1\u00aa fase do Desenrola\t\t<\/a>\n\t<\/div>\n\n\n\n\n<h2 class=\"wp-block-heading\">Como funciona o Desenrola<\/h2>\n\n\n\n<p>O programa deve afetar milh\u00f5es de brasileiros, estabelecendo novos crit\u00e9rios para&nbsp;<strong>renegocia\u00e7\u00e3o de d\u00edvidas<\/strong>. Al\u00e9m disso, o Desenrola prev\u00ea limpar o nome de diversas&nbsp;<a href=\"https:\/\/www.suno.com.br\/artigos\/pessoa-fisica\/\" target=\"_blank\" rel=\"noreferrer noopener\">pessoas f\u00edsicas<\/a>.<\/p>\n\n\n\n<p><a href=\"https:\/\/www.suno.com.br\/noticias\/desenrola-comeca-hoje-veja-detalhes-evm\/\" target=\"_blank\" rel=\"noreferrer noopener\">Voc\u00ea pode saber tudo sobre o&nbsp;<strong>Desenrola&nbsp;<\/strong>clicando aqui.<\/a><\/p>\n\n\n\t<p>\n\t\t<a href=\"https:\/\/lp.suno.com.br\/ebook-como-analisar-uma-acao\/\" target=\"_blank\" data-element=\"shortcode-suno-banner\" title=\"Banner SUNO, clique e saiba mais\">\n\t\t\t<picture>\n\t\t\t\t<source media=\"(max-width: 500px)\" srcset=\"https:\/\/files.sunoresearch.com.br\/n\/uploads\/2023\/03\/Ebook-Acoes-Mobile.jpg\">\n\t\t\t\t<img class=\"newsContent__article__imgCapa newsContent__article__imgCapa--banner\"\n\t\t\t\t\tsrc=\"https:\/\/files.sunoresearch.com.br\/n\/uploads\/2023\/03\/Ebook-Acoes-Desktop.jpg\"\n\t\t\t\t\tdata-promo-id=\"378302\"\t\t\t\t\t\t\t\t\t\twidth='1420' height='286'\t\t\t\t\talt=\"https:\/\/files.sunoresearch.com.br\/n\/uploads\/2023\/03\/Ebook-Acoes-Desktop.jpg\"\n\t\t\t\t>\n\t\t\t<\/picture>\n\t\t<\/a>\n\t<\/p>\n\n\n\n\n\n<h2 class=\"wp-block-heading\">Nubank e Casas Bahia, da Via (VIIA3), se unem em parceria para experi\u00eancia de compras pelo app<\/h2>\n\n\n\n<p>O&nbsp;<strong>Nubank&nbsp;<\/strong>anunciou nesta quarta-feira (19) a uni\u00e3o com a varejista Casas Bahia, da Via (VIIA3), para implementa\u00e7\u00e3o de uma nova experi\u00eancia de compras dentro do aplicativo da empresa. O comunicado chega um ano ap\u00f3s o lan\u00e7amento do marketplace da Nubank.<\/p>\n\n\n\n<p>A&nbsp;<strong>proposta do&nbsp;<a href=\"https:\/\/www.suno.com.br\/artigos\/banco-digital\/\" target=\"_blank\" rel=\"noreferrer noopener\">banco digital<\/a><\/strong>&nbsp;\u00e9 proporcionar aos clientes uma jornada de compra mais eficiente, partindo desde a escolha do produto at\u00e9 o pagamento. Para isso, o Nubank<strong>&nbsp;<\/strong>prop\u00f5e que todo o processo aconte\u00e7a dentro do seu app, oferecendo uma experi\u00eancia mais segura.<\/p>\n\n\n\n<p>A atualiza\u00e7\u00e3o j\u00e1 est\u00e1 dispon\u00edvel para todos os usu\u00e1rios.<\/p>\n\n\n\n<h2 class=\"wp-block-heading\">Parceira da Nubank com a Casas Bahia<\/h2>\n\n\n\n<p>Com a parceria, a&nbsp;<strong>Casas Bahia<\/strong>, controlada pela&nbsp;<strong>Via (VIIA3)<\/strong>, passa a disponibilizar produtos em diversas categorias, como eletrodom\u00e9sticos, smartphones, eletroport\u00e1teis, games, entre outros. Todo o cat\u00e1logo pode ser conferido no Shopping do Nubank, dentro do aplicativo da plataforma financeira.<\/p>\n\n\n\n<p>Em comunicado \u00e0 imprensa, a Casas Bahia informou que os consumidores desfrutar\u00e3o de benef\u00edcios exclusivos, como atendimento personalizado pela&nbsp;<strong>plataforma financeira<\/strong>&nbsp;e op\u00e7\u00f5es de parcelamento em at\u00e9 24 vezes ou em 10 vezes sem juros, utilizando o NuPay.<\/p>\n\n\n\n<blockquote class=\"wp-block-quote is-layout-flow wp-block-quote-is-layout-flow\">\n<p>\u201cA parceria entre as marcas da Via e o Nubank vem somar para melhorar a experi\u00eancia e ampliar o acesso a produtos de diferentes categorias para o consumidor brasileiro\u201d, explicou o diretor de B2B da Via, Jo\u00e3o N\u00f3brega.<\/p>\n<\/blockquote>\n\n\n\n<h2 class=\"wp-block-heading\">Como aproveitar a novidade pelo app da Nubank<\/h2>\n\n\n\n<p>No uso do&nbsp;<strong>NuPay&nbsp;<\/strong>como m\u00e9todo de pagamento, o Nubank oferece aos clientes a possibilidade de um limite extra para realizar compras. Este valor pode variar com o perfil e&nbsp;<a target=\"_blank\" href=\"https:\/\/www.suno.com.br\/artigos\/analise-de-credito\/\" rel=\"noreferrer noopener\">an\u00e1lise de cr\u00e9dito<\/a>&nbsp;de cada conta.<\/p>\n\n\n\n<p>Dessa forma, o usu\u00e1rio pode adquirir produtos no<strong>&nbsp;Shopping do Nubank<\/strong>&nbsp;sem descontar do limite de cr\u00e9dito dispon\u00edvel em seu&nbsp;<strong>cart\u00e3o Nubank<\/strong>.<\/p>\n\n\n\n<p>O Shopping do<strong>&nbsp;Nubank<\/strong>&nbsp;\u00e9 uma plataforma que re\u00fane grandes marcas e varejistas do Brasil, contando atualmente com mais de 150 lojas parceiras. Ele est\u00e1 dispon\u00edvel para mais de 75 milh\u00f5es de clientes do Nubank com descontos, cupons e cashback oferecidos.<\/p>\n\n\n\n<p><em>Com Ag\u00eancia Brasil<\/em> e <em>Estad\u00e3o Conte\u00fado<\/em><\/p>\n\n\n\t<p>\n\t\t<a href=\"https:\/\/lp.suno.com.br\/planilha-da-vida-financeira\/\" target=\"_blank\" data-element=\"shortcode-suno-banner\" title=\"Banner SUNO, clique e saiba mais\">\n\t\t\t<picture>\n\t\t\t\t<source media=\"(max-width: 500px)\" srcset=\"https:\/\/files.sunoresearch.com.br\/n\/uploads\/2023\/04\/400x300-Planilha-vida-financeira-true.png\">\n\t\t\t\t<img class=\"newsContent__article__imgCapa newsContent__article__imgCapa--banner\"\n\t\t\t\t\tsrc=\"https:\/\/files.sunoresearch.com.br\/n\/uploads\/2023\/04\/1420x240-Planilha-vida-financeira-true.png\"\n\t\t\t\t\tdata-promo-id=\"383123\"\t\t\t\t\t\t\t\t\t\twidth='1420' height='240'\t\t\t\t\talt=\"https:\/\/files.sunoresearch.com.br\/n\/uploads\/2023\/04\/1420x240-Planilha-vida-financeira-true.png\"\n\t\t\t\t>\n\t\t\t<\/picture>\n\t\t<\/a>\n\t<\/p>\n\n\n","protected":false},"excerpt":{"rendered":"<p>Ap\u00f3s a maioria dos grandes bancos brasileiros confirmarem a entrada no programa do governo federal de renegocia\u00e7\u00e3o de d\u00edvidas, o Desenrola Brasil, nesta quarta-feira (19), o Nubank&nbsp;(NUBR33) anunciou que tamb\u00e9m participar\u00e1 do programa. Nubank (ROXO34). Foto: Divulga\u00e7\u00e3o Em comunicado divulgado \u00e0 imprensa, o banco digital disse que aderiu \u00e0 iniciativa depois de concluir a an\u00e1lise [&hellip;]<\/p>\n","protected":false},"author":313,"featured_media":349138,"comment_status":"closed","ping_status":"closed","sticky":false,"template":"","format":"standard","meta":[],"categories":[64],"tags":[732,370,392,1199,1873,848,2499,624,106935],"suno_strategy":[],"class_list":["post-430938","post","type-post","status-publish","format-standard","has-post-thumbnail","hentry","category-negocios","tag-banco-do-brasil-bbas3","tag-banco-pan-bpan4","tag-bradesco-bbdc3-bbdc4","tag-caixa-economica-federal-cef","tag-mercado-pago","tag-nubank","tag-picpay","tag-santander-sanb11-sanb3-sanb4","tag-via-viia3"],"yoast_head":"<!-- This site is optimized with the Yoast SEO plugin v24.4 - https:\/\/yoast.com\/wordpress\/plugins\/seo\/ -->\n<title>Nubank (NUBR33) anuncia ades\u00e3o ao programa Desenrola<\/title>\n<meta name=\"description\" content=\"O Nubank\u00a0anunciou que participar\u00e1 do programa do governo federal de renegocia\u00e7\u00e3o de d\u00edvidas, o Desenrola Brasil.\" \/>\n<meta name=\"robots\" content=\"index, follow, max-snippet:-1, max-image-preview:large, max-video-preview:-1\" \/>\n<link rel=\"canonical\" href=\"https:\/\/www.suno.com.br\/noticias\/nubank-nubr33-adere-desenrola-renegociar-dividas-gpj\/\" \/>\n<meta property=\"og:locale\" content=\"pt_BR\" \/>\n<meta property=\"og:type\" content=\"article\" \/>\n<meta property=\"og:title\" content=\"Nubank (NUBR33) anuncia ades\u00e3o ao programa Desenrola\" \/>\n<meta property=\"og:description\" content=\"O Nubank\u00a0anunciou que participar\u00e1 do programa do governo federal de renegocia\u00e7\u00e3o de d\u00edvidas, o Desenrola Brasil.\" \/>\n<meta property=\"og:url\" content=\"https:\/\/www.suno.com.br\/noticias\/nubank-nubr33-adere-desenrola-renegociar-dividas-gpj\/\" \/>\n<meta property=\"og:site_name\" content=\"Suno Not\u00edcias\" \/>\n<meta property=\"article:publisher\" content=\"https:\/\/facebook.com\/sunoresearch\" \/>\n<meta property=\"og:image\" content=\"https:\/\/files.sunoresearch.com.br\/n\/uploads\/2023\/01\/nubank-nubr33-cartao-adicional-foto-divulgacao.jpg\" \/>\n\t<meta property=\"og:image:width\" content=\"1200\" \/>\n\t<meta property=\"og:image:height\" content=\"675\" \/>\n\t<meta property=\"og:image:type\" content=\"image\/jpeg\" \/>\n<meta name=\"author\" content=\"Giovanni Porf\u00edrio Jacomino\" \/>\n<meta name=\"twitter:card\" content=\"summary_large_image\" \/>\n<meta name=\"twitter:creator\" content=\"@sunoresearch\" \/>\n<meta name=\"twitter:site\" content=\"@sunoresearch\" \/>\n<meta name=\"twitter:label1\" content=\"Escrito por\" \/>\n\t<meta name=\"twitter:data1\" content=\"Giovanni Porf\u00edrio Jacomino\" \/>\n\t<meta name=\"twitter:label2\" content=\"Est. tempo de leitura\" \/>\n\t<meta name=\"twitter:data2\" content=\"5 minutos\" \/>\n<script type=\"application\/ld+json\" class=\"yoast-schema-graph\">{\"@context\":\"https:\/\/schema.org\",\"@graph\":[{\"@type\":\"NewsArticle\",\"@id\":\"https:\/\/www.suno.com.br\/noticias\/nubank-nubr33-adere-desenrola-renegociar-dividas-gpj\/#article\",\"isPartOf\":{\"@id\":\"https:\/\/www.suno.com.br\/noticias\/nubank-nubr33-adere-desenrola-renegociar-dividas-gpj\/\"},\"author\":{\"name\":\"Giovanni Porf\u00edrio Jacomino\",\"@id\":\"https:\/\/www.suno.com.br\/noticias\/#\/schema\/person\/d0f32748bbca4bee871fa191ee4e2d40\"},\"headline\":\"Nubank (NUBR33) adere ao Desenrola e vai renegociar d\u00edvidas de at\u00e9 R$ 100\",\"datePublished\":\"2023-07-20T00:10:52+00:00\",\"dateModified\":\"2023-07-20T00:46:41+00:00\",\"mainEntityOfPage\":{\"@id\":\"https:\/\/www.suno.com.br\/noticias\/nubank-nubr33-adere-desenrola-renegociar-dividas-gpj\/\"},\"wordCount\":1014,\"publisher\":{\"@id\":\"https:\/\/www.suno.com.br\/noticias\/#organization\"},\"image\":{\"@id\":\"https:\/\/www.suno.com.br\/noticias\/nubank-nubr33-adere-desenrola-renegociar-dividas-gpj\/#primaryimage\"},\"thumbnailUrl\":\"https:\/\/files.sunoresearch.com.br\/n\/uploads\/2023\/01\/nubank-nubr33-cartao-adicional-foto-divulgacao.jpg\",\"keywords\":[\"Banco do Brasil (BBAS3)\",\"Banco Pan (BPAN4)\",\"Bradesco (BBDC3\/BBDC4)\",\"Caixa Econ\u00f4mica Federal (CEF)\",\"Mercado Pago\",\"Nubank (NUBR33)\",\"PicPay\",\"Santander (SANB11\/SANB3\/SANB4)\",\"Via (VIIA3)\"],\"articleSection\":[\"Neg\u00f3cios\"],\"inLanguage\":\"pt-BR\"},{\"@type\":\"WebPage\",\"@id\":\"https:\/\/www.suno.com.br\/noticias\/nubank-nubr33-adere-desenrola-renegociar-dividas-gpj\/\",\"url\":\"https:\/\/www.suno.com.br\/noticias\/nubank-nubr33-adere-desenrola-renegociar-dividas-gpj\/\",\"name\":\"Nubank (NUBR33) anuncia ades\u00e3o ao programa Desenrola\",\"isPartOf\":{\"@id\":\"https:\/\/www.suno.com.br\/noticias\/#website\"},\"primaryImageOfPage\":{\"@id\":\"https:\/\/www.suno.com.br\/noticias\/nubank-nubr33-adere-desenrola-renegociar-dividas-gpj\/#primaryimage\"},\"image\":{\"@id\":\"https:\/\/www.suno.com.br\/noticias\/nubank-nubr33-adere-desenrola-renegociar-dividas-gpj\/#primaryimage\"},\"thumbnailUrl\":\"https:\/\/files.sunoresearch.com.br\/n\/uploads\/2023\/01\/nubank-nubr33-cartao-adicional-foto-divulgacao.jpg\",\"datePublished\":\"2023-07-20T00:10:52+00:00\",\"dateModified\":\"2023-07-20T00:46:41+00:00\",\"description\":\"O Nubank\u00a0anunciou que participar\u00e1 do programa do governo federal de renegocia\u00e7\u00e3o de d\u00edvidas, o Desenrola Brasil.\",\"breadcrumb\":{\"@id\":\"https:\/\/www.suno.com.br\/noticias\/nubank-nubr33-adere-desenrola-renegociar-dividas-gpj\/#breadcrumb\"},\"inLanguage\":\"pt-BR\",\"potentialAction\":[{\"@type\":\"ReadAction\",\"target\":[\"https:\/\/www.suno.com.br\/noticias\/nubank-nubr33-adere-desenrola-renegociar-dividas-gpj\/\"]}]},{\"@type\":\"ImageObject\",\"inLanguage\":\"pt-BR\",\"@id\":\"https:\/\/www.suno.com.br\/noticias\/nubank-nubr33-adere-desenrola-renegociar-dividas-gpj\/#primaryimage\",\"url\":\"https:\/\/files.sunoresearch.com.br\/n\/uploads\/2023\/01\/nubank-nubr33-cartao-adicional-foto-divulgacao.jpg\",\"contentUrl\":\"https:\/\/files.sunoresearch.com.br\/n\/uploads\/2023\/01\/nubank-nubr33-cartao-adicional-foto-divulgacao.jpg\",\"width\":1200,\"height\":675,\"caption\":\"Nubank (ROXO34). Foto: Divulga\u00e7\u00e3o\"},{\"@type\":\"BreadcrumbList\",\"@id\":\"https:\/\/www.suno.com.br\/noticias\/nubank-nubr33-adere-desenrola-renegociar-dividas-gpj\/#breadcrumb\",\"itemListElement\":[{\"@type\":\"ListItem\",\"position\":1,\"name\":\"Not\u00edcias\",\"item\":\"https:\/\/www.suno.com.br\/noticias\/\"},{\"@type\":\"ListItem\",\"position\":2,\"name\":\"Neg\u00f3cios\",\"item\":\"https:\/\/www.suno.com.br\/noticias\/negocios\/\"},{\"@type\":\"ListItem\",\"position\":3,\"name\":\"Nubank (NUBR33) adere ao Desenrola e vai renegociar d\u00edvidas de at\u00e9 R$ 100\"}]},{\"@type\":\"WebSite\",\"@id\":\"https:\/\/www.suno.com.br\/noticias\/#website\",\"url\":\"https:\/\/www.suno.com.br\/noticias\/\",\"name\":\"Suno Not\u00edcias\",\"description\":\"Seu portal de informa\u00e7\u00e3o sobre o mundo dos investimentos\",\"publisher\":{\"@id\":\"https:\/\/www.suno.com.br\/noticias\/#organization\"},\"potentialAction\":[{\"@type\":\"SearchAction\",\"target\":{\"@type\":\"EntryPoint\",\"urlTemplate\":\"https:\/\/www.suno.com.br\/noticias\/?s={search_term_string}\"},\"query-input\":{\"@type\":\"PropertyValueSpecification\",\"valueRequired\":true,\"valueName\":\"search_term_string\"}}],\"inLanguage\":\"pt-BR\"},{\"@type\":\"Organization\",\"@id\":\"https:\/\/www.suno.com.br\/noticias\/#organization\",\"name\":\"Suno Not\u00edcias\",\"url\":\"https:\/\/www.suno.com.br\/noticias\/\",\"logo\":{\"@type\":\"ImageObject\",\"inLanguage\":\"pt-BR\",\"@id\":\"https:\/\/www.suno.com.br\/noticias\/#\/schema\/logo\/image\/\",\"url\":\"https:\/\/files.sunoresearch.com.br\/n\/uploads\/2021\/09\/suno-logo.png\",\"contentUrl\":\"https:\/\/files.sunoresearch.com.br\/n\/uploads\/2021\/09\/suno-logo.png\",\"width\":180,\"height\":180,\"caption\":\"Suno Not\u00edcias\"},\"image\":{\"@id\":\"https:\/\/www.suno.com.br\/noticias\/#\/schema\/logo\/image\/\"},\"sameAs\":[\"https:\/\/facebook.com\/sunoresearch\",\"https:\/\/x.com\/sunoresearch\",\"https:\/\/www.instagram.com\/suno\",\"https:\/\/www.linkedin.com\/company\/suno-research\/\",\"https:\/\/www.youtube.com\/c\/sunoresearch\"]},{\"@type\":\"Person\",\"@id\":\"https:\/\/www.suno.com.br\/noticias\/#\/schema\/person\/d0f32748bbca4bee871fa191ee4e2d40\",\"name\":\"Giovanni Porf\u00edrio Jacomino\",\"image\":{\"@type\":\"ImageObject\",\"inLanguage\":\"pt-BR\",\"@id\":\"https:\/\/www.suno.com.br\/noticias\/#\/schema\/person\/image\/\",\"url\":\"https:\/\/secure.gravatar.com\/avatar\/efb32e19b730a121cb7a80f41ffec01a?s=96&r=g\",\"contentUrl\":\"https:\/\/secure.gravatar.com\/avatar\/efb32e19b730a121cb7a80f41ffec01a?s=96&r=g\",\"caption\":\"Giovanni Porf\u00edrio Jacomino\"},\"description\":\"Giovanni Porf\u00edrio Jacomino \u00e9 jornalista formado pela Universidade Estadual de Londrina (UEL) e p\u00f3s-graduado em Produ\u00e7\u00e3o e Pr\u00e1ticas Jornal\u00edsticas na Contemporaneidade na Faculdade C\u00e1sper L\u00edbero (FCL). Foi editor web no Startupi e no Finsiders, atuando ainda como editor no TC Mover, portal de not\u00edcias da TradersClub, fazendo a cobertura de assuntos relacionados ao mercado financeiro interno e externo. Atualmente, \u00e9 Rep\u00f3rter do Suno Not\u00edcias.\",\"url\":\"https:\/\/www.suno.com.br\/noticias\/author\/giovanni-porfiriosuno-com-br\/\"}]}<\/script>\n<!-- \/ Yoast SEO plugin. -->","yoast_head_json":{"title":"Nubank (NUBR33) anuncia ades\u00e3o ao programa Desenrola","description":"O Nubank\u00a0anunciou que participar\u00e1 do programa do governo federal de renegocia\u00e7\u00e3o de d\u00edvidas, o Desenrola Brasil.","robots":{"index":"index","follow":"follow","max-snippet":"max-snippet:-1","max-image-preview":"max-image-preview:large","max-video-preview":"max-video-preview:-1"},"canonical":"https:\/\/www.suno.com.br\/noticias\/nubank-nubr33-adere-desenrola-renegociar-dividas-gpj\/","og_locale":"pt_BR","og_type":"article","og_title":"Nubank (NUBR33) anuncia ades\u00e3o ao programa Desenrola","og_description":"O Nubank\u00a0anunciou que participar\u00e1 do programa do governo federal de renegocia\u00e7\u00e3o de d\u00edvidas, o Desenrola Brasil.","og_url":"https:\/\/www.suno.com.br\/noticias\/nubank-nubr33-adere-desenrola-renegociar-dividas-gpj\/","og_site_name":"Suno Not\u00edcias","article_publisher":"https:\/\/facebook.com\/sunoresearch","og_image":[{"width":1200,"height":675,"url":"https:\/\/files.sunoresearch.com.br\/n\/uploads\/2023\/01\/nubank-nubr33-cartao-adicional-foto-divulgacao.jpg","type":"image\/jpeg"}],"author":"Giovanni Porf\u00edrio Jacomino","twitter_card":"summary_large_image","twitter_creator":"@sunoresearch","twitter_site":"@sunoresearch","twitter_misc":{"Escrito por":"Giovanni Porf\u00edrio Jacomino","Est. tempo de leitura":"5 minutos"},"schema":{"@context":"https:\/\/schema.org","@graph":[{"@type":"NewsArticle","@id":"https:\/\/www.suno.com.br\/noticias\/nubank-nubr33-adere-desenrola-renegociar-dividas-gpj\/#article","isPartOf":{"@id":"https:\/\/www.suno.com.br\/noticias\/nubank-nubr33-adere-desenrola-renegociar-dividas-gpj\/"},"author":{"name":"Giovanni Porf\u00edrio Jacomino","@id":"https:\/\/www.suno.com.br\/noticias\/#\/schema\/person\/d0f32748bbca4bee871fa191ee4e2d40"},"headline":"Nubank (NUBR33) adere ao Desenrola e vai renegociar d\u00edvidas de at\u00e9 R$ 100","datePublished":"2023-07-20T00:10:52+00:00","dateModified":"2023-07-20T00:46:41+00:00","mainEntityOfPage":{"@id":"https:\/\/www.suno.com.br\/noticias\/nubank-nubr33-adere-desenrola-renegociar-dividas-gpj\/"},"wordCount":1014,"publisher":{"@id":"https:\/\/www.suno.com.br\/noticias\/#organization"},"image":{"@id":"https:\/\/www.suno.com.br\/noticias\/nubank-nubr33-adere-desenrola-renegociar-dividas-gpj\/#primaryimage"},"thumbnailUrl":"https:\/\/files.sunoresearch.com.br\/n\/uploads\/2023\/01\/nubank-nubr33-cartao-adicional-foto-divulgacao.jpg","keywords":["Banco do Brasil (BBAS3)","Banco Pan (BPAN4)","Bradesco (BBDC3\/BBDC4)","Caixa Econ\u00f4mica Federal (CEF)","Mercado Pago","Nubank (NUBR33)","PicPay","Santander (SANB11\/SANB3\/SANB4)","Via (VIIA3)"],"articleSection":["Neg\u00f3cios"],"inLanguage":"pt-BR"},{"@type":"WebPage","@id":"https:\/\/www.suno.com.br\/noticias\/nubank-nubr33-adere-desenrola-renegociar-dividas-gpj\/","url":"https:\/\/www.suno.com.br\/noticias\/nubank-nubr33-adere-desenrola-renegociar-dividas-gpj\/","name":"Nubank (NUBR33) anuncia ades\u00e3o ao programa Desenrola","isPartOf":{"@id":"https:\/\/www.suno.com.br\/noticias\/#website"},"primaryImageOfPage":{"@id":"https:\/\/www.suno.com.br\/noticias\/nubank-nubr33-adere-desenrola-renegociar-dividas-gpj\/#primaryimage"},"image":{"@id":"https:\/\/www.suno.com.br\/noticias\/nubank-nubr33-adere-desenrola-renegociar-dividas-gpj\/#primaryimage"},"thumbnailUrl":"https:\/\/files.sunoresearch.com.br\/n\/uploads\/2023\/01\/nubank-nubr33-cartao-adicional-foto-divulgacao.jpg","datePublished":"2023-07-20T00:10:52+00:00","dateModified":"2023-07-20T00:46:41+00:00","description":"O Nubank\u00a0anunciou que participar\u00e1 do programa do governo federal de renegocia\u00e7\u00e3o de d\u00edvidas, o Desenrola Brasil.","breadcrumb":{"@id":"https:\/\/www.suno.com.br\/noticias\/nubank-nubr33-adere-desenrola-renegociar-dividas-gpj\/#breadcrumb"},"inLanguage":"pt-BR","potentialAction":[{"@type":"ReadAction","target":["https:\/\/www.suno.com.br\/noticias\/nubank-nubr33-adere-desenrola-renegociar-dividas-gpj\/"]}]},{"@type":"ImageObject","inLanguage":"pt-BR","@id":"https:\/\/www.suno.com.br\/noticias\/nubank-nubr33-adere-desenrola-renegociar-dividas-gpj\/#primaryimage","url":"https:\/\/files.sunoresearch.com.br\/n\/uploads\/2023\/01\/nubank-nubr33-cartao-adicional-foto-divulgacao.jpg","contentUrl":"https:\/\/files.sunoresearch.com.br\/n\/uploads\/2023\/01\/nubank-nubr33-cartao-adicional-foto-divulgacao.jpg","width":1200,"height":675,"caption":"Nubank (ROXO34). Foto: Divulga\u00e7\u00e3o"},{"@type":"BreadcrumbList","@id":"https:\/\/www.suno.com.br\/noticias\/nubank-nubr33-adere-desenrola-renegociar-dividas-gpj\/#breadcrumb","itemListElement":[{"@type":"ListItem","position":1,"name":"Not\u00edcias","item":"https:\/\/www.suno.com.br\/noticias\/"},{"@type":"ListItem","position":2,"name":"Neg\u00f3cios","item":"https:\/\/www.suno.com.br\/noticias\/negocios\/"},{"@type":"ListItem","position":3,"name":"Nubank (NUBR33) adere ao Desenrola e vai renegociar d\u00edvidas de at\u00e9 R$ 100"}]},{"@type":"WebSite","@id":"https:\/\/www.suno.com.br\/noticias\/#website","url":"https:\/\/www.suno.com.br\/noticias\/","name":"Suno Not\u00edcias","description":"Seu portal de informa\u00e7\u00e3o sobre o mundo dos investimentos","publisher":{"@id":"https:\/\/www.suno.com.br\/noticias\/#organization"},"potentialAction":[{"@type":"SearchAction","target":{"@type":"EntryPoint","urlTemplate":"https:\/\/www.suno.com.br\/noticias\/?s={search_term_string}"},"query-input":{"@type":"PropertyValueSpecification","valueRequired":true,"valueName":"search_term_string"}}],"inLanguage":"pt-BR"},{"@type":"Organization","@id":"https:\/\/www.suno.com.br\/noticias\/#organization","name":"Suno Not\u00edcias","url":"https:\/\/www.suno.com.br\/noticias\/","logo":{"@type":"ImageObject","inLanguage":"pt-BR","@id":"https:\/\/www.suno.com.br\/noticias\/#\/schema\/logo\/image\/","url":"https:\/\/files.sunoresearch.com.br\/n\/uploads\/2021\/09\/suno-logo.png","contentUrl":"https:\/\/files.sunoresearch.com.br\/n\/uploads\/2021\/09\/suno-logo.png","width":180,"height":180,"caption":"Suno Not\u00edcias"},"image":{"@id":"https:\/\/www.suno.com.br\/noticias\/#\/schema\/logo\/image\/"},"sameAs":["https:\/\/facebook.com\/sunoresearch","https:\/\/x.com\/sunoresearch","https:\/\/www.instagram.com\/suno","https:\/\/www.linkedin.com\/company\/suno-research\/","https:\/\/www.youtube.com\/c\/sunoresearch"]},{"@type":"Person","@id":"https:\/\/www.suno.com.br\/noticias\/#\/schema\/person\/d0f32748bbca4bee871fa191ee4e2d40","name":"Giovanni Porf\u00edrio Jacomino","image":{"@type":"ImageObject","inLanguage":"pt-BR","@id":"https:\/\/www.suno.com.br\/noticias\/#\/schema\/person\/image\/","url":"https:\/\/secure.gravatar.com\/avatar\/efb32e19b730a121cb7a80f41ffec01a?s=96&r=g","contentUrl":"https:\/\/secure.gravatar.com\/avatar\/efb32e19b730a121cb7a80f41ffec01a?s=96&r=g","caption":"Giovanni Porf\u00edrio Jacomino"},"description":"Giovanni Porf\u00edrio Jacomino \u00e9 jornalista formado pela Universidade Estadual de Londrina (UEL) e p\u00f3s-graduado em Produ\u00e7\u00e3o e Pr\u00e1ticas Jornal\u00edsticas na Contemporaneidade na Faculdade C\u00e1sper L\u00edbero (FCL). Foi editor web no Startupi e no Finsiders, atuando ainda como editor no TC Mover, portal de not\u00edcias da TradersClub, fazendo a cobertura de assuntos relacionados ao mercado financeiro interno e externo. Atualmente, \u00e9 Rep\u00f3rter do Suno Not\u00edcias.","url":"https:\/\/www.suno.com.br\/noticias\/author\/giovanni-porfiriosuno-com-br\/"}]}},"default_loop_html":"<div class=\"cardsPage__listCard__boxs\"><div class=\"cardsPage__listCard__boxs__img\"><a href=\"https:\/\/www.suno.com.br\/noticias\/nubank-nubr33-adere-desenrola-renegociar-dividas-gpj\/\"><img class=\"mask\" src=\"https:\/\/www.suno.com.br\/noticias\/wp-content\/themes\/suno\/resources\/images\/spotlight\/spotlight1img\/bg-mask.png\" alt=\"Image Mask\"\/><img src=\"https:\/\/files.sunoresearch.com.br\/n\/uploads\/2023\/01\/nubank-nubr33-cartao-adicional-foto-divulgacao-400x200.jpg\" alt=\"Nubank (NUBR33) adere ao Desenrola e vai renegociar d\u00edvidas de at\u00e9 R$ 100\"\/><\/a><span class=\"spotlightCategory\"><a href=\"https:\/\/www.suno.com.br\/noticias\/negocios\/\">Neg\u00f3cios<\/a><\/span><\/div><div class=\"cardsPage__listCard__boxs__content\"><a href=\"https:\/\/www.suno.com.br\/noticias\/nubank-nubr33-adere-desenrola-renegociar-dividas-gpj\/\"><h2 class=\"content__title\">Nubank (NUBR33) adere ao Desenrola e vai renegociar d\u00edvidas de at\u00e9 R$ 100<\/h2><\/a><div class=\"newsContent__article__meta\"><div class=\"newsContent__article__meta__authorBox\"><a href=\"https:\/\/www.suno.com.br\/noticias\/author\/giovanni-porfiriosuno-com-br\/\" class=\"authorBox__avatar noMobi\"><img src=\"https:\/\/files.sunoresearch.com.br\/n\/uploads\/2024\/05\/DSCF4115-1-1-150x150.webp\" alt=\"Giovanni Porf\u00edrio Jacomino\"><\/a><div class=\"authorBox__name\"><span>por\n\t\t\t<a href=\"https:\/\/www.suno.com.br\/noticias\/author\/giovanni-porfiriosuno-com-br\/\"><span itemprop=\"author\">Giovanni Porf\u00edrio Jacomino<\/span><\/a><\/span><time datetime=\"2023-07-19T21:10:52-03:00\" itemprop=\"datePublished\">19\/07\/2023 21:10<\/time><\/div><\/div><\/div><\/div><\/div>","single_layout":"posts","amp_enabled":true,"_links":{"self":[{"href":"https:\/\/www.suno.com.br\/noticias\/wp-json\/wp\/v2\/posts\/430938"}],"collection":[{"href":"https:\/\/www.suno.com.br\/noticias\/wp-json\/wp\/v2\/posts"}],"about":[{"href":"https:\/\/www.suno.com.br\/noticias\/wp-json\/wp\/v2\/types\/post"}],"author":[{"embeddable":true,"href":"https:\/\/www.suno.com.br\/noticias\/wp-json\/wp\/v2\/users\/313"}],"replies":[{"embeddable":true,"href":"https:\/\/www.suno.com.br\/noticias\/wp-json\/wp\/v2\/comments?post=430938"}],"version-history":[{"count":2,"href":"https:\/\/www.suno.com.br\/noticias\/wp-json\/wp\/v2\/posts\/430938\/revisions"}],"predecessor-version":[{"id":431031,"href":"https:\/\/www.suno.com.br\/noticias\/wp-json\/wp\/v2\/posts\/430938\/revisions\/431031"}],"wp:featuredmedia":[{"embeddable":true,"href":"https:\/\/www.suno.com.br\/noticias\/wp-json\/wp\/v2\/media\/349138"}],"wp:attachment":[{"href":"https:\/\/www.suno.com.br\/noticias\/wp-json\/wp\/v2\/media?parent=430938"}],"wp:term":[{"taxonomy":"category","embeddable":true,"href":"https:\/\/www.suno.com.br\/noticias\/wp-json\/wp\/v2\/categories?post=430938"},{"taxonomy":"post_tag","embeddable":true,"href":"https:\/\/www.suno.com.br\/noticias\/wp-json\/wp\/v2\/tags?post=430938"},{"taxonomy":"suno_strategy","embeddable":true,"href":"https:\/\/www.suno.com.br\/noticias\/wp-json\/wp\/v2\/suno_strategy?post=430938"}],"curies":[{"name":"wp","href":"https:\/\/api.w.org\/{rel}","templated":true}]}}