{"id":430854,"date":"2023-07-19T19:54:02","date_gmt":"2023-07-19T22:54:02","guid":{"rendered":"https:\/\/www.suno.com.br\/noticias\/?p=430854"},"modified":"2023-07-19T19:54:11","modified_gmt":"2023-07-19T22:54:11","slug":"whatsapp-volta-ar-apos-instabilidade-quarta-feira-va","status":"publish","type":"post","link":"https:\/\/www.suno.com.br\/noticias\/whatsapp-volta-ar-apos-instabilidade-quarta-feira-va\/","title":{"rendered":"WhatsApp volta ao ar ap\u00f3s instabilidade na tarde desta quarta-feira"},"content":{"rendered":"<p>O aplicativo de mensagens <strong>WhatsApp<\/strong> voltou a funcionar nesta quarta-feira (19), ap\u00f3s apresentar instabilidade em seu servi\u00e7o durante a tarde, no Brasil. Pelas redes sociais, usu\u00e1rios relataram que n\u00e3o conseguiam enviar mensagens nas vers\u00f5es mobile e website.<\/p>\t<div class=\"wrapper-featured-image\">\n\t\t<figure class=\"spotlightImg\">\n\n\t\t\t<picture>\n\t\t\t\t<source media=\"(max-width: 768px)\" srcset=\"https:\/\/files.sunoresearch.com.br\/n\/uploads\/2023\/04\/Whatsapp-transcricao-audio-voz-texto-400x200.jpg\">\n\t\t\t\t<img loading=\"lazy\" decoding=\"async\" class=\"newsContent__article__imgCapa lazyloadDisabled \" src=\"https:\/\/files.sunoresearch.com.br\/n\/uploads\/2023\/04\/Whatsapp-transcricao-audio-voz-texto-800x450.jpg\" width=\"800\" height=\"450\" alt=\"WhatsApp volta ao ar ap\u00f3s instabilidade na tarde desta quarta-feira\" fetchpriority=high \/>\n\t\t\t<\/picture>\n\n\t\t\t<figcaption class=\"wp-caption-text wp-caption-text--show\">WhatsApp volta ao ar ap\u00f3s instabilidade na tarde desta quarta-feira. Foto:Divulga\u00e7\u00e3o.<\/figcaption>\n\t\t<\/figure>\n\t<\/div>\n\n\n\n\n\n\t<p>\n\t\t<a href=\"\" target=\"_blank\" data-element=\"shortcode-suno-banner\" title=\"Banner SUNO, clique e saiba mais\">\n\t\t\t<picture>\n\t\t\t\t<source media=\"(max-width: 500px)\" srcset=\"\">\n\t\t\t\t<img class=\"newsContent__article__imgCapa newsContent__article__imgCapa--banner\"\n\t\t\t\t\tsrc=\"\"\n\t\t\t\t\tdata-promo-id=\"240038\"\t\t\t\t\t\t\t\t\t\t\t\t\t\t\talt=\"\"\n\t\t\t\t>\n\t\t\t<\/picture>\n\t\t<\/a>\n\t<\/p>\n\n\n\n\n\n\n\n<p>Segundo dados do Downdetector, site que verifica falhas de sites e aplicativos, houve mais de 44 mil reclama\u00e7\u00f5es de <strong>usu\u00e1rios do WhatsApp<\/strong>.<\/p>\n\n\n\n<p>Al\u00e9m do Brasil, a instabilidade tamb\u00e9m ocorreu em outros pa\u00edses, como Reino Unido, Fran\u00e7a e Estados Unidos, somando mais de 300 mil reclama\u00e7\u00f5es.<\/p>\n\n\n\n\t<div data-element=\"shortcode-read-more\" class=\"readToo\">\n\t\t\t\t<span class=\"readToo__title\">Leia mais<\/span>\n\t\t\t\t<ul class=\"readToo__list\">\n\t\t\t<li><a href=\"https:\/\/www.suno.com.br\/noticias\/meta-m1ta34-comprometeu-dados-publicidade\/\">Meta (M1TA34) se comprometeu a &#8216;amenizar&#8217; uso de dados de publicidade, diz regulador do Reino Unido<\/a><\/li><li><a href=\"https:\/\/www.suno.com.br\/noticias\/meta-m1ta34-balanco-1t23-lucro-queda\/\">Dona do Facebook, Meta (M1TA34) v\u00ea lucro cair 24% no 1T23, mas n\u00fameros v\u00eam acima do consenso e a\u00e7\u00f5es sobem<\/a><\/li>\t\t<\/ul>\n\t<\/div>\n\n\n\n\n<p>Hoje, o assunto \u00e9 um dos mais comentados no Twitter, rede social que recentemente enfrentou a concorr\u00eancia do Threads, da Meta, que tamb\u00e9m controla o WhatsApp. A <strong>a\u00e7\u00e3o da Meta<\/strong> (M1TA34) cedia 0,29% no after hours de Nova York.<\/p>\n\n\n\n<p>Ao site G1, a Meta, empresa que controla o aplicativo, afirmou que j\u00e1 resolveu o problema. Mas n\u00e3o deu detalhes sobre o que teria causado a instabilidade.<\/p>\n\n\n\n<p>O <strong>servi\u00e7o do WhatsApp<\/strong> ficou fora do por cerca de uma hora e teve fun\u00e7\u00f5es normalizadas por volta das 17h50.<\/p>\n\n\n\n<p>O site Down Detector, especializado em acusar instabilidades na internet, registrou picos de queixas de usu\u00e1rios, com in\u00edcio \u00e0s 16h52 do hor\u00e1rio de Bras\u00edlia. <\/p>\n\n\n\n<p>Al\u00e9m disso, o Instagram, tamb\u00e9m propriedade da Meta (dona do Facebook), passou por instabilidades nesta quarta-feira, com queixas registradas por volta de 16h34 no DownDetector. No entanto, pouco depois, o aplicativo j\u00e1 estava com as opera\u00e7\u00f5es normalizadas.<\/p>\n\n\n\n<p>Procurada pelo <strong>Estad\u00e3o<\/strong>, a Meta ainda n\u00e3o se pronunciou. No Twitter, a Meta disse: &#8220;Estamos trabalhando para resolver rapidamente os problemas de conectividade do WhatsApp e vamos atualizar a situa\u00e7\u00e3o assim que for poss\u00edvel&#8221;<\/p>\n\n\n\n<h2 class=\"wp-block-heading\">Instabilidades nos apps da Meta<\/h2>\n\n\n\n<p>Esta n\u00e3o \u00e9 a primeira vez que o WhatsApp que fica fora do ar.<\/p>\n\n\n\n<p>Em junho, o<strong> aplicativo de mensagens<\/strong> tamb\u00e9m teve instabilidade no acesso das mensagens no aplicativo e na vers\u00e3o web.<\/p>\n\n\n\n<p>Em outubro de 2021, a plataforma chegou a ficar fora do ar por mais de 7 horas seguidas em todo o mundo. Na \u00e9poca, a empresa afirmou que um erro interno durante um &#8220;trabalho de manuten\u00e7\u00e3o de rotina&#8221; causou a pane n\u00e3o foram encontradas evid\u00eancias de que dados de usu\u00e1rios foram comprometidos.<\/p>\n\n\n\n<h2 class=\"wp-block-heading\">Novidades no WhatsApp<\/h2>\n\n\n\n<p>Nesta semana, o WhatsApp lan\u00e7ou um recurso que permite iniciar conversas com n\u00fameros que n\u00e3o est\u00e3o salvos na agenda de contatos do usu\u00e1rio. A novidade come\u00e7a a ser gradualmente disponibilizada para celulares Android e iOS. A nova ferramenta elimina a necessidade de gravar na mem\u00f3ria do celular os contatos que n\u00e3o ter\u00e3o utilidade futura.<\/p>\n\n\n\n<p>A novidade tamb\u00e9m faz parte de uma s\u00e9rie de <strong>atualiza\u00e7\u00f5es do WhatsApp<\/strong>, aplicativo da Meta (tamb\u00e9m dona do Instagram e Facebook), para aumentar a privacidade dos usu\u00e1rios e facilitar a navegabilidade pela plataforma.<\/p>\n\n\n\t<p>\n\t\t<a href=\"https:\/\/lp.suno.com.br\/ebook-gratuito-investindo-no-exterior\/\" target=\"_blank\" data-element=\"shortcode-suno-banner\" title=\"Banner SUNO, clique e saiba mais\">\n\t\t\t<picture>\n\t\t\t\t<source media=\"(max-width: 500px)\" srcset=\"https:\/\/files.sunoresearch.com.br\/n\/uploads\/2023\/03\/400x300-Investindo-no-exterior.png\">\n\t\t\t\t<img class=\"newsContent__article__imgCapa newsContent__article__imgCapa--banner\"\n\t\t\t\t\tsrc=\"https:\/\/files.sunoresearch.com.br\/n\/uploads\/2023\/03\/1420x240-Investindo-no-exterior.png\"\n\t\t\t\t\tdata-promo-id=\"383161\"\t\t\t\t\t\t\t\t\t\twidth='1420' height='240'\t\t\t\t\talt=\"https:\/\/files.sunoresearch.com.br\/n\/uploads\/2023\/03\/1420x240-Investindo-no-exterior.png\"\n\t\t\t\t>\n\t\t\t<\/picture>\n\t\t<\/a>\n\t<\/p>\n\n\n\n\n\n<h2 class=\"wp-block-heading\">Vivo, Tim e Claro avaliam cobrar por tr\u00e1fego de dados do WhatsApp<\/h2>\n\n\n\n<p>As maiores operadoras do Pa\u00eds \u2013 <a class=\"suno-keyword\" target=\"_blank\" data-force=\"yes\" data-priority=\"2\" href=\"https:\/\/www.suno.com.br\/acoes\/VIVT3\/\" rel=\"noopener\">Vivo (VIVT3)<\/a>, Claro e <a class=\"suno-keyword\" target=\"_blank\" data-force=\"yes\" data-priority=\"2\" href=\"https:\/\/www.suno.com.br\/acoes\/TIMS3\/\" rel=\"noopener\">TIM (TIMS3)<\/a> \u2013 est\u00e3o reavaliando a oferta de pacotes de internet m\u00f3vel com o uso liberado (sem cobran\u00e7a de tr\u00e1fego de dados) de certos aplicativos, como WhatsApp, Twitter e YouTube, entre outros.<\/p>\n\n\n\n<p>Essa estrat\u00e9gia comercial (chamada pelo jarg\u00e3o de zero rating) avan\u00e7ou ao longo dos \u00faltimos anos, como uma isca para atrair clientes entusiastas de redes sociais, v\u00eddeo e m\u00fasica. A iniciativa, por\u00e9m, se transformou em um problema para as teles.<\/p>\n\n\n\n<p>A quantidade de dados que esses aplicativos movimentam deu um salto com a populariza\u00e7\u00e3o do 4G e tende a aumentar ainda mais com o <a href=\"https:\/\/www.suno.com.br\/noticias\/tim-tims3-startups-5g-solucoes-fundo\/\">5G<\/a>. Por sua vez, as operadoras buscam maximizar o faturamento para fazer frente aos investimentos na capacidade das redes e na atualiza\u00e7\u00e3o das tecnologias.<\/p>\n\n\n\n<p>Ao mesmo tempo, est\u00e1 crescendo ao redor do mundo a discuss\u00e3o sobre um potencial pagamento pelo uso das redes pelas empresas gigantes de tecnologia. A disputa envolve big techs como <a href=\"https:\/\/www.suno.com.br\/noticias\/web-stories\/netflix-8-curiosidades\/\">Netflix<\/a>, Google, Meta, Amazon, entre outras, \u00e0s operadoras de internet m\u00f3vel e fixa. Essas empresas s\u00e3o as principais geradoras de tr\u00e1fego de dados.<\/p>\n\n\n\n<p>\u201cN\u00e3o tenho d\u00favida que o zero rating foi um erro, um equ\u00edvoco\u201d, afirmou o presidente da Claro, Jos\u00e9 F\u00e9lix, em entrevista recente. Essa pr\u00e1tica, entretanto, tende a ser revista, segundo o executivo. \u201cN\u00e3o h\u00e1 nada que n\u00e3o possa ser consertado\u201d.<\/p>\n\n\n\n<p>Mas, no caso da Claro, isso ainda est\u00e1 longe de acontecer. A companhia oferece o uso ilimitado de WhatsApp, Waze, Instagram, TikTok e Facebook em diferentes planos pr\u00e9 e p\u00f3s-pagos. Quanto maior o valor do plano, maior a oferta de aplicativos.<\/p>\n\n\n\n<p>Por sua vez, a Vivo afirma que est\u00e1 em um processo gradativo de corte dessa pol\u00edtica comercial. Entre as ofertas da tele, o WhatsApp \u00e9 o \u00fanico aplicativo liberado na grande maioria dos planos pr\u00e9 e p\u00f3s-pagos. H\u00e1 poucas exce\u00e7\u00f5es que incluem o Waze tamb\u00e9m.<\/p>\n\n\n\n<p>\u201cTemos alguns planos com zero rating, mas n\u00e3o \u00e9 o nosso padr\u00e3o. Cada vez mais n\u00f3s temos diminu\u00eddo a oferta de aplicativos com uso ilimitado para o mercado, porque entendemos que existe a necessidade de remunerar o investimento feito na rede\u201d, disse ao Broadcast o vice-presidente de neg\u00f3cios da Vivo, Alex Salgado.<\/p>\n\n\n\n<h2 class=\"wp-block-heading\">Stone confirma entrada em pagamentos pelo aplicativo<\/h2>\n\n\n\n<p>A credenciadora Stone (<a class=\"suno-keyword\" target=\"_blank\" data-force=\"yes\" data-priority=\"2\" href=\"https:\/\/www.suno.com.br\/bdrs\/stoc31\/\" rel=\"noopener\">STOC31<\/a>) confirmou a entrada no sistema de pagamentos de pessoas para empresas por meio do WhatsApp, colocado no ar pela plataforma da Meta (M1TA34), dona do Facebook, em abril deste ano.<\/p>\n\n\n\n<p>A companhia n\u00e3o \u00e9 a \u00fanica a operar no sistema de pagamento pelo Whatsapp: <a class=\"suno-keyword\" target=\"_blank\" data-force=\"yes\" data-priority=\"2\" href=\"https:\/\/www.suno.com.br\/acoes\/CIEL3\/\" rel=\"noopener\">Cielo (CIEL3)<\/a>, Rede e Mercado Pago tamb\u00e9m fazem parte da opera\u00e7\u00e3o de pagamentos para empresas. Nas transfer\u00eancias entre pessoas, iniciadas em 2021, apenas a Cielo processa transa\u00e7\u00f5es.<\/p>\n\n\n\n<p>\u201cComo principal parceiro do empreendedor brasileiro, vamos oferecer toda a infraestrutura de pagamentos para os clientes que j\u00e1 realizam vendas via <strong>WhatsApp<\/strong>\u201c, diz em nota Jo\u00e3o Misko, s\u00f3cio diretor da Stone. \u201cMas consideramos importante a ader\u00eancia de todos os tipos de neg\u00f3cios, pois a presen\u00e7a no aplicativo de mensagens mais utilizado no Pa\u00eds pode aproxim\u00e1-los de seus clientes e aumentar as chances de venda da Stone.\u201d<\/p>\n\n\n\n<p><em>Com Estad\u00e3o Conte\u00fado <\/em><\/p>\n\n\n\t<p>\n\t\t<a href=\"https:\/\/lp.suno.com.br\/planilha-da-vida-financeira\/\" target=\"_blank\" data-element=\"shortcode-suno-banner\" title=\"Banner SUNO, clique e saiba mais\">\n\t\t\t<picture>\n\t\t\t\t<source media=\"(max-width: 500px)\" srcset=\"https:\/\/files.sunoresearch.com.br\/n\/uploads\/2023\/04\/400x300-Planilha-vida-financeira-true.png\">\n\t\t\t\t<img class=\"newsContent__article__imgCapa newsContent__article__imgCapa--banner\"\n\t\t\t\t\tsrc=\"https:\/\/files.sunoresearch.com.br\/n\/uploads\/2023\/04\/1420x240-Planilha-vida-financeira-true.png\"\n\t\t\t\t\tdata-promo-id=\"383123\"\t\t\t\t\t\t\t\t\t\twidth='1420' height='240'\t\t\t\t\talt=\"https:\/\/files.sunoresearch.com.br\/n\/uploads\/2023\/04\/1420x240-Planilha-vida-financeira-true.png\"\n\t\t\t\t>\n\t\t\t<\/picture>\n\t\t<\/a>\n\t<\/p>\n\n\n","protected":false},"excerpt":{"rendered":"<p>O aplicativo de mensagens WhatsApp voltou a funcionar nesta quarta-feira (19), ap\u00f3s apresentar instabilidade em seu servi\u00e7o durante a tarde, no Brasil. Pelas redes sociais, usu\u00e1rios relataram que n\u00e3o conseguiam enviar mensagens nas vers\u00f5es mobile e website. WhatsApp volta ao ar ap\u00f3s instabilidade na tarde desta quarta-feira. Foto:Divulga\u00e7\u00e3o. Segundo dados do Downdetector, site que verifica [&hellip;]<\/p>\n","protected":false},"author":301,"featured_media":396882,"comment_status":"closed","ping_status":"closed","sticky":false,"template":"","format":"standard","meta":[],"categories":[60],"tags":[107086,895,104463],"suno_strategy":[],"class_list":["post-430854","post","type-post","status-publish","format-standard","has-post-thumbnail","hentry","category-mercado","tag-meta-m1ta34","tag-whatsapp","tag-whatsapp-pay"],"yoast_head":"<!-- This site is optimized with the Yoast SEO plugin v24.4 - https:\/\/yoast.com\/wordpress\/plugins\/seo\/ -->\n<title>WhatsApp volta ao ar ap\u00f3s instabilidade na tarde desta quarta-feira<\/title>\n<meta name=\"description\" content=\"Segundo dados do Downdetector, site que verifica falhas de sites e aplicativos, houve mais de 44 mil reclama\u00e7\u00f5es de usu\u00e1rios do WhatsApp.\" \/>\n<meta name=\"robots\" content=\"index, follow, max-snippet:-1, max-image-preview:large, max-video-preview:-1\" \/>\n<link rel=\"canonical\" href=\"https:\/\/www.suno.com.br\/noticias\/whatsapp-volta-ar-apos-instabilidade-quarta-feira-va\/\" \/>\n<meta property=\"og:locale\" content=\"pt_BR\" \/>\n<meta property=\"og:type\" content=\"article\" \/>\n<meta property=\"og:title\" content=\"WhatsApp volta ao ar ap\u00f3s instabilidade na tarde desta quarta-feira\" \/>\n<meta property=\"og:description\" content=\"Segundo dados do Downdetector, site que verifica falhas de sites e aplicativos, houve mais de 44 mil reclama\u00e7\u00f5es de usu\u00e1rios do WhatsApp.\" \/>\n<meta property=\"og:url\" content=\"https:\/\/www.suno.com.br\/noticias\/whatsapp-volta-ar-apos-instabilidade-quarta-feira-va\/\" \/>\n<meta property=\"og:site_name\" content=\"Suno Not\u00edcias\" \/>\n<meta property=\"article:publisher\" content=\"https:\/\/facebook.com\/sunoresearch\" \/>\n<meta property=\"og:image\" content=\"https:\/\/files.sunoresearch.com.br\/n\/uploads\/2023\/04\/Whatsapp-transcricao-audio-voz-texto.jpg\" \/>\n\t<meta property=\"og:image:width\" content=\"1200\" \/>\n\t<meta property=\"og:image:height\" content=\"800\" \/>\n\t<meta property=\"og:image:type\" content=\"image\/jpeg\" \/>\n<meta name=\"author\" content=\"Vin\u00edcius Alves\" \/>\n<meta name=\"twitter:card\" content=\"summary_large_image\" \/>\n<meta name=\"twitter:creator\" content=\"@sunoresearch\" \/>\n<meta name=\"twitter:site\" content=\"@sunoresearch\" \/>\n<meta name=\"twitter:label1\" content=\"Escrito por\" \/>\n\t<meta name=\"twitter:data1\" content=\"Vin\u00edcius Alves\" \/>\n\t<meta name=\"twitter:label2\" content=\"Est. tempo de leitura\" \/>\n\t<meta name=\"twitter:data2\" content=\"6 minutos\" \/>\n<script type=\"application\/ld+json\" class=\"yoast-schema-graph\">{\"@context\":\"https:\/\/schema.org\",\"@graph\":[{\"@type\":\"NewsArticle\",\"@id\":\"https:\/\/www.suno.com.br\/noticias\/whatsapp-volta-ar-apos-instabilidade-quarta-feira-va\/#article\",\"isPartOf\":{\"@id\":\"https:\/\/www.suno.com.br\/noticias\/whatsapp-volta-ar-apos-instabilidade-quarta-feira-va\/\"},\"author\":{\"name\":\"Vin\u00edcius Alves\",\"@id\":\"https:\/\/www.suno.com.br\/noticias\/#\/schema\/person\/4a180549702d0e236b3e420862bcded3\"},\"headline\":\"WhatsApp volta ao ar ap\u00f3s instabilidade na tarde desta quarta-feira\",\"datePublished\":\"2023-07-19T22:54:02+00:00\",\"dateModified\":\"2023-07-19T22:54:11+00:00\",\"mainEntityOfPage\":{\"@id\":\"https:\/\/www.suno.com.br\/noticias\/whatsapp-volta-ar-apos-instabilidade-quarta-feira-va\/\"},\"wordCount\":1073,\"publisher\":{\"@id\":\"https:\/\/www.suno.com.br\/noticias\/#organization\"},\"image\":{\"@id\":\"https:\/\/www.suno.com.br\/noticias\/whatsapp-volta-ar-apos-instabilidade-quarta-feira-va\/#primaryimage\"},\"thumbnailUrl\":\"https:\/\/files.sunoresearch.com.br\/n\/uploads\/2023\/04\/Whatsapp-transcricao-audio-voz-texto.jpg\",\"keywords\":[\"Meta (M1TA34)\",\"WhatsApp\",\"WhatsApp Pay\"],\"articleSection\":[\"Mercado\"],\"inLanguage\":\"pt-BR\"},{\"@type\":\"WebPage\",\"@id\":\"https:\/\/www.suno.com.br\/noticias\/whatsapp-volta-ar-apos-instabilidade-quarta-feira-va\/\",\"url\":\"https:\/\/www.suno.com.br\/noticias\/whatsapp-volta-ar-apos-instabilidade-quarta-feira-va\/\",\"name\":\"WhatsApp volta ao ar ap\u00f3s instabilidade na tarde desta quarta-feira\",\"isPartOf\":{\"@id\":\"https:\/\/www.suno.com.br\/noticias\/#website\"},\"primaryImageOfPage\":{\"@id\":\"https:\/\/www.suno.com.br\/noticias\/whatsapp-volta-ar-apos-instabilidade-quarta-feira-va\/#primaryimage\"},\"image\":{\"@id\":\"https:\/\/www.suno.com.br\/noticias\/whatsapp-volta-ar-apos-instabilidade-quarta-feira-va\/#primaryimage\"},\"thumbnailUrl\":\"https:\/\/files.sunoresearch.com.br\/n\/uploads\/2023\/04\/Whatsapp-transcricao-audio-voz-texto.jpg\",\"datePublished\":\"2023-07-19T22:54:02+00:00\",\"dateModified\":\"2023-07-19T22:54:11+00:00\",\"description\":\"Segundo dados do Downdetector, site que verifica falhas de sites e aplicativos, houve mais de 44 mil reclama\u00e7\u00f5es de usu\u00e1rios do WhatsApp.\",\"breadcrumb\":{\"@id\":\"https:\/\/www.suno.com.br\/noticias\/whatsapp-volta-ar-apos-instabilidade-quarta-feira-va\/#breadcrumb\"},\"inLanguage\":\"pt-BR\",\"potentialAction\":[{\"@type\":\"ReadAction\",\"target\":[\"https:\/\/www.suno.com.br\/noticias\/whatsapp-volta-ar-apos-instabilidade-quarta-feira-va\/\"]}]},{\"@type\":\"ImageObject\",\"inLanguage\":\"pt-BR\",\"@id\":\"https:\/\/www.suno.com.br\/noticias\/whatsapp-volta-ar-apos-instabilidade-quarta-feira-va\/#primaryimage\",\"url\":\"https:\/\/files.sunoresearch.com.br\/n\/uploads\/2023\/04\/Whatsapp-transcricao-audio-voz-texto.jpg\",\"contentUrl\":\"https:\/\/files.sunoresearch.com.br\/n\/uploads\/2023\/04\/Whatsapp-transcricao-audio-voz-texto.jpg\",\"width\":1200,\"height\":800,\"caption\":\"WhatsApp volta ao ar ap\u00f3s instabilidade na tarde desta quarta-feira. Foto:Divulga\u00e7\u00e3o.\"},{\"@type\":\"BreadcrumbList\",\"@id\":\"https:\/\/www.suno.com.br\/noticias\/whatsapp-volta-ar-apos-instabilidade-quarta-feira-va\/#breadcrumb\",\"itemListElement\":[{\"@type\":\"ListItem\",\"position\":1,\"name\":\"Not\u00edcias\",\"item\":\"https:\/\/www.suno.com.br\/noticias\/\"},{\"@type\":\"ListItem\",\"position\":2,\"name\":\"Mercado\",\"item\":\"https:\/\/www.suno.com.br\/noticias\/mercado\/\"},{\"@type\":\"ListItem\",\"position\":3,\"name\":\"WhatsApp volta ao ar ap\u00f3s instabilidade na tarde desta quarta-feira\"}]},{\"@type\":\"WebSite\",\"@id\":\"https:\/\/www.suno.com.br\/noticias\/#website\",\"url\":\"https:\/\/www.suno.com.br\/noticias\/\",\"name\":\"Suno Not\u00edcias\",\"description\":\"Seu portal de informa\u00e7\u00e3o sobre o mundo dos investimentos\",\"publisher\":{\"@id\":\"https:\/\/www.suno.com.br\/noticias\/#organization\"},\"potentialAction\":[{\"@type\":\"SearchAction\",\"target\":{\"@type\":\"EntryPoint\",\"urlTemplate\":\"https:\/\/www.suno.com.br\/noticias\/?s={search_term_string}\"},\"query-input\":{\"@type\":\"PropertyValueSpecification\",\"valueRequired\":true,\"valueName\":\"search_term_string\"}}],\"inLanguage\":\"pt-BR\"},{\"@type\":\"Organization\",\"@id\":\"https:\/\/www.suno.com.br\/noticias\/#organization\",\"name\":\"Suno Not\u00edcias\",\"url\":\"https:\/\/www.suno.com.br\/noticias\/\",\"logo\":{\"@type\":\"ImageObject\",\"inLanguage\":\"pt-BR\",\"@id\":\"https:\/\/www.suno.com.br\/noticias\/#\/schema\/logo\/image\/\",\"url\":\"https:\/\/files.sunoresearch.com.br\/n\/uploads\/2021\/09\/suno-logo.png\",\"contentUrl\":\"https:\/\/files.sunoresearch.com.br\/n\/uploads\/2021\/09\/suno-logo.png\",\"width\":180,\"height\":180,\"caption\":\"Suno Not\u00edcias\"},\"image\":{\"@id\":\"https:\/\/www.suno.com.br\/noticias\/#\/schema\/logo\/image\/\"},\"sameAs\":[\"https:\/\/facebook.com\/sunoresearch\",\"https:\/\/x.com\/sunoresearch\",\"https:\/\/www.instagram.com\/suno\",\"https:\/\/www.linkedin.com\/company\/suno-research\/\",\"https:\/\/www.youtube.com\/c\/sunoresearch\"]},{\"@type\":\"Person\",\"@id\":\"https:\/\/www.suno.com.br\/noticias\/#\/schema\/person\/4a180549702d0e236b3e420862bcded3\",\"name\":\"Vin\u00edcius Alves\",\"image\":{\"@type\":\"ImageObject\",\"inLanguage\":\"pt-BR\",\"@id\":\"https:\/\/www.suno.com.br\/noticias\/#\/schema\/person\/image\/\",\"url\":\"https:\/\/secure.gravatar.com\/avatar\/a95b7fe6d1b813f7907d4f476d5a39e1?s=96&r=g\",\"contentUrl\":\"https:\/\/secure.gravatar.com\/avatar\/a95b7fe6d1b813f7907d4f476d5a39e1?s=96&r=g\",\"caption\":\"Vin\u00edcius Alves\"},\"description\":\"Jornalista formado na Faculdade C\u00e1sper L\u00edbero. Com passagens pela Ag\u00eancia Estado, InfoMoney e Editora Globo.\",\"url\":\"https:\/\/www.suno.com.br\/noticias\/author\/vini08correiagmail-com\/\"}]}<\/script>\n<!-- \/ Yoast SEO plugin. -->","yoast_head_json":{"title":"WhatsApp volta ao ar ap\u00f3s instabilidade na tarde desta quarta-feira","description":"Segundo dados do Downdetector, site que verifica falhas de sites e aplicativos, houve mais de 44 mil reclama\u00e7\u00f5es de usu\u00e1rios do WhatsApp.","robots":{"index":"index","follow":"follow","max-snippet":"max-snippet:-1","max-image-preview":"max-image-preview:large","max-video-preview":"max-video-preview:-1"},"canonical":"https:\/\/www.suno.com.br\/noticias\/whatsapp-volta-ar-apos-instabilidade-quarta-feira-va\/","og_locale":"pt_BR","og_type":"article","og_title":"WhatsApp volta ao ar ap\u00f3s instabilidade na tarde desta quarta-feira","og_description":"Segundo dados do Downdetector, site que verifica falhas de sites e aplicativos, houve mais de 44 mil reclama\u00e7\u00f5es de usu\u00e1rios do WhatsApp.","og_url":"https:\/\/www.suno.com.br\/noticias\/whatsapp-volta-ar-apos-instabilidade-quarta-feira-va\/","og_site_name":"Suno Not\u00edcias","article_publisher":"https:\/\/facebook.com\/sunoresearch","og_image":[{"width":1200,"height":800,"url":"https:\/\/files.sunoresearch.com.br\/n\/uploads\/2023\/04\/Whatsapp-transcricao-audio-voz-texto.jpg","type":"image\/jpeg"}],"author":"Vin\u00edcius Alves","twitter_card":"summary_large_image","twitter_creator":"@sunoresearch","twitter_site":"@sunoresearch","twitter_misc":{"Escrito por":"Vin\u00edcius Alves","Est. tempo de leitura":"6 minutos"},"schema":{"@context":"https:\/\/schema.org","@graph":[{"@type":"NewsArticle","@id":"https:\/\/www.suno.com.br\/noticias\/whatsapp-volta-ar-apos-instabilidade-quarta-feira-va\/#article","isPartOf":{"@id":"https:\/\/www.suno.com.br\/noticias\/whatsapp-volta-ar-apos-instabilidade-quarta-feira-va\/"},"author":{"name":"Vin\u00edcius Alves","@id":"https:\/\/www.suno.com.br\/noticias\/#\/schema\/person\/4a180549702d0e236b3e420862bcded3"},"headline":"WhatsApp volta ao ar ap\u00f3s instabilidade na tarde desta quarta-feira","datePublished":"2023-07-19T22:54:02+00:00","dateModified":"2023-07-19T22:54:11+00:00","mainEntityOfPage":{"@id":"https:\/\/www.suno.com.br\/noticias\/whatsapp-volta-ar-apos-instabilidade-quarta-feira-va\/"},"wordCount":1073,"publisher":{"@id":"https:\/\/www.suno.com.br\/noticias\/#organization"},"image":{"@id":"https:\/\/www.suno.com.br\/noticias\/whatsapp-volta-ar-apos-instabilidade-quarta-feira-va\/#primaryimage"},"thumbnailUrl":"https:\/\/files.sunoresearch.com.br\/n\/uploads\/2023\/04\/Whatsapp-transcricao-audio-voz-texto.jpg","keywords":["Meta (M1TA34)","WhatsApp","WhatsApp Pay"],"articleSection":["Mercado"],"inLanguage":"pt-BR"},{"@type":"WebPage","@id":"https:\/\/www.suno.com.br\/noticias\/whatsapp-volta-ar-apos-instabilidade-quarta-feira-va\/","url":"https:\/\/www.suno.com.br\/noticias\/whatsapp-volta-ar-apos-instabilidade-quarta-feira-va\/","name":"WhatsApp volta ao ar ap\u00f3s instabilidade na tarde desta quarta-feira","isPartOf":{"@id":"https:\/\/www.suno.com.br\/noticias\/#website"},"primaryImageOfPage":{"@id":"https:\/\/www.suno.com.br\/noticias\/whatsapp-volta-ar-apos-instabilidade-quarta-feira-va\/#primaryimage"},"image":{"@id":"https:\/\/www.suno.com.br\/noticias\/whatsapp-volta-ar-apos-instabilidade-quarta-feira-va\/#primaryimage"},"thumbnailUrl":"https:\/\/files.sunoresearch.com.br\/n\/uploads\/2023\/04\/Whatsapp-transcricao-audio-voz-texto.jpg","datePublished":"2023-07-19T22:54:02+00:00","dateModified":"2023-07-19T22:54:11+00:00","description":"Segundo dados do Downdetector, site que verifica falhas de sites e aplicativos, houve mais de 44 mil reclama\u00e7\u00f5es de usu\u00e1rios do WhatsApp.","breadcrumb":{"@id":"https:\/\/www.suno.com.br\/noticias\/whatsapp-volta-ar-apos-instabilidade-quarta-feira-va\/#breadcrumb"},"inLanguage":"pt-BR","potentialAction":[{"@type":"ReadAction","target":["https:\/\/www.suno.com.br\/noticias\/whatsapp-volta-ar-apos-instabilidade-quarta-feira-va\/"]}]},{"@type":"ImageObject","inLanguage":"pt-BR","@id":"https:\/\/www.suno.com.br\/noticias\/whatsapp-volta-ar-apos-instabilidade-quarta-feira-va\/#primaryimage","url":"https:\/\/files.sunoresearch.com.br\/n\/uploads\/2023\/04\/Whatsapp-transcricao-audio-voz-texto.jpg","contentUrl":"https:\/\/files.sunoresearch.com.br\/n\/uploads\/2023\/04\/Whatsapp-transcricao-audio-voz-texto.jpg","width":1200,"height":800,"caption":"WhatsApp volta ao ar ap\u00f3s instabilidade na tarde desta quarta-feira. Foto:Divulga\u00e7\u00e3o."},{"@type":"BreadcrumbList","@id":"https:\/\/www.suno.com.br\/noticias\/whatsapp-volta-ar-apos-instabilidade-quarta-feira-va\/#breadcrumb","itemListElement":[{"@type":"ListItem","position":1,"name":"Not\u00edcias","item":"https:\/\/www.suno.com.br\/noticias\/"},{"@type":"ListItem","position":2,"name":"Mercado","item":"https:\/\/www.suno.com.br\/noticias\/mercado\/"},{"@type":"ListItem","position":3,"name":"WhatsApp volta ao ar ap\u00f3s instabilidade na tarde desta quarta-feira"}]},{"@type":"WebSite","@id":"https:\/\/www.suno.com.br\/noticias\/#website","url":"https:\/\/www.suno.com.br\/noticias\/","name":"Suno Not\u00edcias","description":"Seu portal de informa\u00e7\u00e3o sobre o mundo dos investimentos","publisher":{"@id":"https:\/\/www.suno.com.br\/noticias\/#organization"},"potentialAction":[{"@type":"SearchAction","target":{"@type":"EntryPoint","urlTemplate":"https:\/\/www.suno.com.br\/noticias\/?s={search_term_string}"},"query-input":{"@type":"PropertyValueSpecification","valueRequired":true,"valueName":"search_term_string"}}],"inLanguage":"pt-BR"},{"@type":"Organization","@id":"https:\/\/www.suno.com.br\/noticias\/#organization","name":"Suno Not\u00edcias","url":"https:\/\/www.suno.com.br\/noticias\/","logo":{"@type":"ImageObject","inLanguage":"pt-BR","@id":"https:\/\/www.suno.com.br\/noticias\/#\/schema\/logo\/image\/","url":"https:\/\/files.sunoresearch.com.br\/n\/uploads\/2021\/09\/suno-logo.png","contentUrl":"https:\/\/files.sunoresearch.com.br\/n\/uploads\/2021\/09\/suno-logo.png","width":180,"height":180,"caption":"Suno Not\u00edcias"},"image":{"@id":"https:\/\/www.suno.com.br\/noticias\/#\/schema\/logo\/image\/"},"sameAs":["https:\/\/facebook.com\/sunoresearch","https:\/\/x.com\/sunoresearch","https:\/\/www.instagram.com\/suno","https:\/\/www.linkedin.com\/company\/suno-research\/","https:\/\/www.youtube.com\/c\/sunoresearch"]},{"@type":"Person","@id":"https:\/\/www.suno.com.br\/noticias\/#\/schema\/person\/4a180549702d0e236b3e420862bcded3","name":"Vin\u00edcius Alves","image":{"@type":"ImageObject","inLanguage":"pt-BR","@id":"https:\/\/www.suno.com.br\/noticias\/#\/schema\/person\/image\/","url":"https:\/\/secure.gravatar.com\/avatar\/a95b7fe6d1b813f7907d4f476d5a39e1?s=96&r=g","contentUrl":"https:\/\/secure.gravatar.com\/avatar\/a95b7fe6d1b813f7907d4f476d5a39e1?s=96&r=g","caption":"Vin\u00edcius Alves"},"description":"Jornalista formado na Faculdade C\u00e1sper L\u00edbero. Com passagens pela Ag\u00eancia Estado, InfoMoney e Editora Globo.","url":"https:\/\/www.suno.com.br\/noticias\/author\/vini08correiagmail-com\/"}]}},"default_loop_html":"<div class=\"cardsPage__listCard__boxs\"><div class=\"cardsPage__listCard__boxs__img\"><a href=\"https:\/\/www.suno.com.br\/noticias\/whatsapp-volta-ar-apos-instabilidade-quarta-feira-va\/\"><img class=\"mask\" src=\"https:\/\/www.suno.com.br\/noticias\/wp-content\/themes\/suno\/resources\/images\/spotlight\/spotlight1img\/bg-mask.png\" alt=\"Image Mask\"\/><img src=\"https:\/\/files.sunoresearch.com.br\/n\/uploads\/2023\/04\/Whatsapp-transcricao-audio-voz-texto-400x200.jpg\" alt=\"WhatsApp volta ao ar ap\u00f3s instabilidade na tarde desta quarta-feira\"\/><\/a><span class=\"spotlightCategory\"><a href=\"https:\/\/www.suno.com.br\/noticias\/mercado\/\">Mercado<\/a><\/span><\/div><div class=\"cardsPage__listCard__boxs__content\"><a href=\"https:\/\/www.suno.com.br\/noticias\/whatsapp-volta-ar-apos-instabilidade-quarta-feira-va\/\"><h2 class=\"content__title\">WhatsApp volta ao ar ap\u00f3s instabilidade na tarde desta quarta-feira<\/h2><\/a><div class=\"newsContent__article__meta\"><div class=\"newsContent__article__meta__authorBox\"><a href=\"https:\/\/www.suno.com.br\/noticias\/author\/erick-nery\/\" class=\"authorBox__avatar noMobi\"><img src=\"https:\/\/secure.gravatar.com\/avatar\/518ddffe438ccb767782d372a66304d2?s=96&#038;r=g\" alt=\"Erick Matheus Nery\"><\/a><div class=\"authorBox__name\"><span>por\n\t\t\t<a href=\"https:\/\/www.suno.com.br\/noticias\/author\/erick-nery\/\"><span itemprop=\"author\">Erick Matheus Nery<\/span><\/a><\/span><time datetime=\"2023-07-19T19:54:02-03:00\" itemprop=\"datePublished\">19\/07\/2023 19:54<\/time><\/div><\/div><\/div><\/div><\/div>","single_layout":"posts","amp_enabled":true,"_links":{"self":[{"href":"https:\/\/www.suno.com.br\/noticias\/wp-json\/wp\/v2\/posts\/430854"}],"collection":[{"href":"https:\/\/www.suno.com.br\/noticias\/wp-json\/wp\/v2\/posts"}],"about":[{"href":"https:\/\/www.suno.com.br\/noticias\/wp-json\/wp\/v2\/types\/post"}],"author":[{"embeddable":true,"href":"https:\/\/www.suno.com.br\/noticias\/wp-json\/wp\/v2\/users\/301"}],"replies":[{"embeddable":true,"href":"https:\/\/www.suno.com.br\/noticias\/wp-json\/wp\/v2\/comments?post=430854"}],"version-history":[{"count":2,"href":"https:\/\/www.suno.com.br\/noticias\/wp-json\/wp\/v2\/posts\/430854\/revisions"}],"predecessor-version":[{"id":430909,"href":"https:\/\/www.suno.com.br\/noticias\/wp-json\/wp\/v2\/posts\/430854\/revisions\/430909"}],"wp:featuredmedia":[{"embeddable":true,"href":"https:\/\/www.suno.com.br\/noticias\/wp-json\/wp\/v2\/media\/396882"}],"wp:attachment":[{"href":"https:\/\/www.suno.com.br\/noticias\/wp-json\/wp\/v2\/media?parent=430854"}],"wp:term":[{"taxonomy":"category","embeddable":true,"href":"https:\/\/www.suno.com.br\/noticias\/wp-json\/wp\/v2\/categories?post=430854"},{"taxonomy":"post_tag","embeddable":true,"href":"https:\/\/www.suno.com.br\/noticias\/wp-json\/wp\/v2\/tags?post=430854"},{"taxonomy":"suno_strategy","embeddable":true,"href":"https:\/\/www.suno.com.br\/noticias\/wp-json\/wp\/v2\/suno_strategy?post=430854"}],"curies":[{"name":"wp","href":"https:\/\/api.w.org\/{rel}","templated":true}]}}