{"id":430644,"date":"2023-07-19T18:26:17","date_gmt":"2023-07-19T21:26:17","guid":{"rendered":"https:\/\/www.suno.com.br\/noticias\/?p=430644"},"modified":"2023-07-19T22:09:20","modified_gmt":"2023-07-20T01:09:20","slug":"snff11-fundo-suno-salto-valor-patrimonial-vp-evm","status":"publish","type":"post","link":"https:\/\/www.suno.com.br\/noticias\/snff11-fundo-suno-salto-valor-patrimonial-vp-evm\/","title":{"rendered":"SNFF11 tem &#8216;salto&#8217; no Valor Patrimonial; entenda"},"content":{"rendered":"<p>O <a class=\"suno-keyword\" data-force=\"yes\" data-priority=\"2\" href=\"https:\/\/www.suno.com.br\/fundos-imobiliarios\/snff11\/\" target=\"_blank\" rel=\"noopener\"><strong>SNFF11<\/strong><\/a>, o fundo de fundos (FoF, na sigla em ing\u00eas) da Suno Asset, teve um salto no seu <a class=\"suno-keyword\" data-force=\"no\" data-priority=\"1\" href=\"https:\/\/www.suno.com.br\/artigos\/valor-patrimonial\/\" target=\"_blank\" rel=\"noopener\">Valor Patrimonial<\/a> recentemente, fruto de um ambiente at\u00edpico.<\/p>\t<div class=\"wrapper-featured-image\">\n\t\t<figure class=\"spotlightImg\">\n\n\t\t\t<picture>\n\t\t\t\t<source media=\"(max-width: 768px)\" srcset=\"https:\/\/files.sunoresearch.com.br\/n\/uploads\/2023\/02\/SNFF11-400x200.jpg\">\n\t\t\t\t<img loading=\"lazy\" decoding=\"async\" class=\"newsContent__article__imgCapa lazyloadDisabled \" src=\"https:\/\/files.sunoresearch.com.br\/n\/uploads\/2023\/02\/SNFF11-800x450.jpg\" width=\"800\" height=\"450\" alt=\"SNFF11 tem &#8216;salto&#8217; no Valor Patrimonial; entenda\" fetchpriority=high \/>\n\t\t\t<\/picture>\n\n\t\t\t<figcaption class=\"wp-caption-text wp-caption-text--show\">SNFF11. Foto: Divulga\u00e7\u00e3o<\/figcaption>\n\t\t<\/figure>\n\t<\/div>\n\n\n\n\n\n\n\n\t<p>\n\t\t<a href=\"https:\/\/lp.suno.com.br\/ebook-como-analisar-uma-acao\/\" target=\"_blank\" data-element=\"shortcode-suno-banner\" title=\"Banner SUNO, clique e saiba mais\">\n\t\t\t<picture>\n\t\t\t\t<source media=\"(max-width: 500px)\" srcset=\"https:\/\/files.sunoresearch.com.br\/n\/uploads\/2023\/03\/Ebook-Acoes-Mobile.jpg\">\n\t\t\t\t<img class=\"newsContent__article__imgCapa newsContent__article__imgCapa--banner\"\n\t\t\t\t\tsrc=\"https:\/\/files.sunoresearch.com.br\/n\/uploads\/2023\/03\/Ebook-Acoes-Desktop.jpg\"\n\t\t\t\t\tdata-promo-id=\"378302\"\t\t\t\t\t\t\t\t\t\twidth='1420' height='286'\t\t\t\t\talt=\"https:\/\/files.sunoresearch.com.br\/n\/uploads\/2023\/03\/Ebook-Acoes-Desktop.jpg\"\n\t\t\t\t>\n\t\t\t<\/picture>\n\t\t<\/a>\n\t<\/p>\n\n\n\n\n\n<p>O <a class=\"suno-keyword\" target=\"_blank\" data-force=\"no\" data-priority=\"1\" href=\"https:\/\/www.suno.com.br\/artigos\/valor-patrimonial\/\" rel=\"noopener\">Valor Patrimonial<\/a> por Cota do SNFF11 saiu de R$ 89,19 para atuais R$ 93,28. <\/p>\n\n\n\n<p>Isso porque o portf\u00f3lio do FoF \u00e9 majoritariamente focado em <a class=\"suno-keyword\" data-force=\"no\" data-priority=\"1\" href=\"https:\/\/www.suno.com.br\/artigos\/fundos-de-tijolo\/\" target=\"_blank\" rel=\"noopener\">fundos de tijolo<\/a>, que estavam apresentando um desconto relevante em rela\u00e7\u00e3o aos pre\u00e7os dos im\u00f3veis at\u00e9 ent\u00e3o.<\/p>\n\n\n\n<p>A expectativa de uma queda da Selic, que vem aumentando paulatinamente h\u00e1 meses, movimentou o setor e fez esse tipo de ativo andar, implicando em uma alta no <strong>valor patrimonial do SNFF11<\/strong>, conforme explica o analista de investimentos imobili\u00e1rios da Suno Asset, Guilherme Almeida.<\/p>\n\n\n\n<p>O especialista destaca ainda a proje\u00e7\u00e3o de um mercado mais aquecido nesta segunda metade de 2023.<\/p>\n\n\n\n<p>\u201cO principal ponto \u00e9 que temos uma expectativa de ver um n\u00famero consider\u00e1vel de ofertas. Os <strong>FIIs <\/strong>estavam sem oportunidade, e agora t\u00eam uma janela de emiss\u00f5es, para os fundos que se alavancaram (tomaram d\u00edvidas) nos \u00faltimos meses realizarem capta\u00e7\u00f5es e melhorarem as suas estruturas\u00a0de\u00a0capital. Devemos ver bastante emiss\u00f5es, com oportunidade para fazer arbitragens, gerando ganho capital para cotista\u201d, destaca.<\/p>\n\n\n\n<p>Caso as arbitragens se consolidem, h\u00e1 uma possibilidade de destravar o valor do SNFF11 no segundo semestre, e eventualmente pagar mais <a class=\"suno-keyword\" target=\"_blank\" data-force=\"no\" data-priority=\"1\" href=\"https:\/\/www.suno.com.br\/guias\/dividendos\/\" rel=\"noopener\">dividendos<\/a> com os ganhos.<\/p>\n\n\n\n<p>Al\u00e9m disso, Almeida lembra que o fundo ainda apresenta um desconto em rela\u00e7\u00e3o ao valor patrimonial que subiu recentemente.<\/p>\n\n\n\n<p>\u201cO que \u00e9 v\u00e1lido ressaltar \u00e9 que, apesar da valoriza\u00e7\u00e3o, o fundo n\u00e3o teve um acompanhamento na cota\u00e7\u00e3o de mercado, gerando um descasamento entre o valor real e o valor de negocia\u00e7\u00e3o do ativo, abrindo um gap que pode se fechar nas pr\u00f3ximas semanas\u201d, aponta.<\/p>\n\n\n\t<p>\n\t\t<a href=\"https:\/\/lp.suno.com.br\/asset\/suno-fundo-de-fundos-snff11\/\" target=\"_blank\" data-element=\"shortcode-suno-banner\" title=\"Banner SUNO, clique e saiba mais\">\n\t\t\t<picture>\n\t\t\t\t<source media=\"(max-width: 500px)\" srcset=\"https:\/\/files.sunoresearch.com.br\/n\/uploads\/2024\/01\/400x300-Mobile-Artigos-3-SNFF-AO.png\">\n\t\t\t\t<img class=\"newsContent__article__imgCapa newsContent__article__imgCapa--banner\"\n\t\t\t\t\tsrc=\"https:\/\/files.sunoresearch.com.br\/n\/uploads\/2024\/01\/1420x240-Banner-Artigos-1-_-Banner-Materias-1-SNFF-AO.png\"\n\t\t\t\t\tdata-promo-id=\"364418\"\t\t\t\t\t\t\t\t\t\twidth='1420' height='240'\t\t\t\t\talt=\"https:\/\/files.sunoresearch.com.br\/n\/uploads\/2024\/01\/1420x240-Banner-Artigos-1-_-Banner-Materias-1-SNFF-AO.png\"\n\t\t\t\t>\n\t\t\t<\/picture>\n\t\t<\/a>\n\t<\/p>\n\n\n\n\n\n<h2 class=\"wp-block-heading\">\u00daltimos dividendos do SNFF11<\/h2>\n\n\n\n<p>Em sua \u00faltima distribui\u00e7\u00e3o, o FoF da Suno optou por manter o mesmo patamar de <a class=\"suno-keyword\" data-force=\"no\" data-priority=\"2\" href=\"https:\/\/www.suno.com.br\/guias\/dividendos\/\" target=\"_blank\" rel=\"noopener\">pagamento de dividendos<\/a> no seu pagamento de julho.<\/p>\n\n\n\n<p>Ser\u00e3o pagos R$ 0,65 em <strong>dividendos ao SNFF11<\/strong>, mesma cifra paga mensalmente desde meados de fevereiro deste ano.<\/p>\n\n\n\n<p>Com isso, o yield da distribui\u00e7\u00e3o fica na casa dos 0,7%.<\/p>\n\n\n\n<p>Al\u00e9m disso, segundo os dados da <strong>Suno Asset<\/strong>, o SNFF11 fechou o m\u00eas de junho com uma base de 31,2 mil cotistas.<\/p>\n\n\n\n<p>Vale lembrar que os <strong><a class=\"suno-keyword\" data-force=\"no\" data-priority=\"1\" href=\"https:\/\/www.suno.com.br\/guias\/dividendos\/\" target=\"_blank\" rel=\"noopener\">dividendos<\/a> <\/strong>dos fundos da Suno s\u00e3o tradicionalmente anunciados nos dias 15 de cada m\u00eas e pagos no dia 25. <\/p>\n\n\n\n<p>Quando alguma dessas duas datas n\u00e3o \u00e9 um dia \u00fatil (feriado e fins de semana), o pagamento ou a divulga\u00e7\u00e3o \u00e9 antecipada para o dia \u00fatil anterior.<\/p>\n\n\n\n<h2 class=\"wp-block-heading\" id=\"h-dividendos-do-snci11\">Dividendos do FoF da Suno<\/h2>\n\n\n\n<ul class=\"wp-block-list\">\n<li>Dividendos: R$ 0,65 por cota<\/li>\n\n\n\n<li>Data com: 14\/07\/2023<\/li>\n\n\n\n<li>Data de pagamento: 25\/05\/2023<\/li>\n\n\n\n<li>Per\u00edodo de refer\u00eancia: Junho<\/li>\n\n\n\n<li>Dividend Yield da distribui\u00e7\u00e3o: 0,74%<\/li>\n\n\n\n<li>Dividend Yield anualizado: 7,95%<\/li>\n<\/ul>\n\n\n\t<p>\n\t\t<a href=\"https:\/\/lp.suno.com.br\/minicurso-investindo-fiis\/\" target=\"_blank\" data-element=\"shortcode-suno-banner\" title=\"Banner SUNO, clique e saiba mais\">\n\t\t\t<picture>\n\t\t\t\t<source media=\"(max-width: 500px)\" srcset=\"https:\/\/files.sunoresearch.com.br\/n\/uploads\/2023\/03\/400x300-Minicurso-FIIS.png\">\n\t\t\t\t<img class=\"newsContent__article__imgCapa newsContent__article__imgCapa--banner\"\n\t\t\t\t\tsrc=\"https:\/\/files.sunoresearch.com.br\/n\/uploads\/2023\/03\/1420x240-Minicurso-FIIS.png\"\n\t\t\t\t\tdata-promo-id=\"383125\"\t\t\t\t\t\t\t\t\t\twidth='1420' height='240'\t\t\t\t\talt=\"https:\/\/files.sunoresearch.com.br\/n\/uploads\/2023\/03\/1420x240-Minicurso-FIIS.png\"\n\t\t\t\t>\n\t\t\t<\/picture>\n\t\t<\/a>\n\t<\/p>\n\n\n","protected":false},"excerpt":{"rendered":"<p>O SNFF11, o fundo de fundos (FoF, na sigla em ing\u00eas) da Suno Asset, teve um salto no seu Valor Patrimonial recentemente, fruto de um ambiente at\u00edpico. SNFF11. Foto: Divulga\u00e7\u00e3o O Valor Patrimonial por Cota do SNFF11 saiu de R$ 89,19 para atuais R$ 93,28. Isso porque o portf\u00f3lio do FoF \u00e9 majoritariamente focado em [&hellip;]<\/p>\n","protected":false},"author":73,"featured_media":361924,"comment_status":"closed","ping_status":"closed","sticky":false,"template":"","format":"standard","meta":[],"categories":[66],"tags":[105816,106091,105966],"suno_strategy":[],"class_list":["post-430644","post","type-post","status-publish","format-standard","has-post-thumbnail","hentry","category-fiis","tag-especialistas","tag-snff11","tag-suno-asset"],"yoast_head":"<!-- This site is optimized with the Yoast SEO plugin v24.4 - https:\/\/yoast.com\/wordpress\/plugins\/seo\/ -->\n<title>SNFF11 tem &#039;salto&#039; no Valor Patrimonial; entenda<\/title>\n<meta name=\"description\" content=\"O Valor Patrimonial por Cota do SNFF11 saiu de R$ 89,19 para atuais R$ 93,28, com um ambiente macroecon\u00f4mico que influencio FIIs de tijolo\" \/>\n<meta name=\"robots\" content=\"index, follow, max-snippet:-1, max-image-preview:large, max-video-preview:-1\" \/>\n<link rel=\"canonical\" href=\"https:\/\/www.suno.com.br\/noticias\/snff11-fundo-suno-salto-valor-patrimonial-vp-evm\/\" \/>\n<meta property=\"og:locale\" content=\"pt_BR\" \/>\n<meta property=\"og:type\" content=\"article\" \/>\n<meta property=\"og:title\" content=\"SNFF11 tem &#039;salto&#039; no Valor Patrimonial; entenda\" \/>\n<meta property=\"og:description\" content=\"O Valor Patrimonial por Cota do SNFF11 saiu de R$ 89,19 para atuais R$ 93,28, com um ambiente macroecon\u00f4mico que influencio FIIs de tijolo\" \/>\n<meta property=\"og:url\" content=\"https:\/\/www.suno.com.br\/noticias\/snff11-fundo-suno-salto-valor-patrimonial-vp-evm\/\" \/>\n<meta property=\"og:site_name\" content=\"Suno Not\u00edcias\" \/>\n<meta property=\"article:publisher\" content=\"https:\/\/facebook.com\/sunoresearch\" \/>\n<meta property=\"og:image\" content=\"https:\/\/files.sunoresearch.com.br\/n\/uploads\/2023\/02\/SNFF11.jpg\" \/>\n\t<meta property=\"og:image:width\" content=\"1300\" \/>\n\t<meta property=\"og:image:height\" content=\"831\" \/>\n\t<meta property=\"og:image:type\" content=\"image\/jpeg\" \/>\n<meta name=\"author\" content=\"Eduardo Vargas\" \/>\n<meta name=\"twitter:card\" content=\"summary_large_image\" \/>\n<meta name=\"twitter:creator\" content=\"@sunoresearch\" \/>\n<meta name=\"twitter:site\" content=\"@sunoresearch\" \/>\n<meta name=\"twitter:label1\" content=\"Escrito por\" \/>\n\t<meta name=\"twitter:data1\" content=\"Eduardo Vargas\" \/>\n\t<meta name=\"twitter:label2\" content=\"Est. tempo de leitura\" \/>\n\t<meta name=\"twitter:data2\" content=\"3 minutos\" \/>\n<script type=\"application\/ld+json\" class=\"yoast-schema-graph\">{\"@context\":\"https:\/\/schema.org\",\"@graph\":[{\"@type\":\"NewsArticle\",\"@id\":\"https:\/\/www.suno.com.br\/noticias\/snff11-fundo-suno-salto-valor-patrimonial-vp-evm\/#article\",\"isPartOf\":{\"@id\":\"https:\/\/www.suno.com.br\/noticias\/snff11-fundo-suno-salto-valor-patrimonial-vp-evm\/\"},\"author\":{\"name\":\"Eduardo Vargas\",\"@id\":\"https:\/\/www.suno.com.br\/noticias\/#\/schema\/person\/7f4d362bf3518e76090143ae77bb49a5\"},\"headline\":\"SNFF11 tem &#8216;salto&#8217; no Valor Patrimonial; entenda\",\"datePublished\":\"2023-07-19T21:26:17+00:00\",\"dateModified\":\"2023-07-20T01:09:20+00:00\",\"mainEntityOfPage\":{\"@id\":\"https:\/\/www.suno.com.br\/noticias\/snff11-fundo-suno-salto-valor-patrimonial-vp-evm\/\"},\"wordCount\":471,\"publisher\":{\"@id\":\"https:\/\/www.suno.com.br\/noticias\/#organization\"},\"image\":{\"@id\":\"https:\/\/www.suno.com.br\/noticias\/snff11-fundo-suno-salto-valor-patrimonial-vp-evm\/#primaryimage\"},\"thumbnailUrl\":\"https:\/\/files.sunoresearch.com.br\/n\/uploads\/2023\/02\/SNFF11.jpg\",\"keywords\":[\"Especialistas\",\"SNFF11\",\"Suno Asset\"],\"articleSection\":[\"FIIs\"],\"inLanguage\":\"pt-BR\"},{\"@type\":\"WebPage\",\"@id\":\"https:\/\/www.suno.com.br\/noticias\/snff11-fundo-suno-salto-valor-patrimonial-vp-evm\/\",\"url\":\"https:\/\/www.suno.com.br\/noticias\/snff11-fundo-suno-salto-valor-patrimonial-vp-evm\/\",\"name\":\"SNFF11 tem 'salto' no Valor Patrimonial; entenda\",\"isPartOf\":{\"@id\":\"https:\/\/www.suno.com.br\/noticias\/#website\"},\"primaryImageOfPage\":{\"@id\":\"https:\/\/www.suno.com.br\/noticias\/snff11-fundo-suno-salto-valor-patrimonial-vp-evm\/#primaryimage\"},\"image\":{\"@id\":\"https:\/\/www.suno.com.br\/noticias\/snff11-fundo-suno-salto-valor-patrimonial-vp-evm\/#primaryimage\"},\"thumbnailUrl\":\"https:\/\/files.sunoresearch.com.br\/n\/uploads\/2023\/02\/SNFF11.jpg\",\"datePublished\":\"2023-07-19T21:26:17+00:00\",\"dateModified\":\"2023-07-20T01:09:20+00:00\",\"description\":\"O Valor Patrimonial por Cota do SNFF11 saiu de R$ 89,19 para atuais R$ 93,28, com um ambiente macroecon\u00f4mico que influencio FIIs de tijolo\",\"breadcrumb\":{\"@id\":\"https:\/\/www.suno.com.br\/noticias\/snff11-fundo-suno-salto-valor-patrimonial-vp-evm\/#breadcrumb\"},\"inLanguage\":\"pt-BR\",\"potentialAction\":[{\"@type\":\"ReadAction\",\"target\":[\"https:\/\/www.suno.com.br\/noticias\/snff11-fundo-suno-salto-valor-patrimonial-vp-evm\/\"]}]},{\"@type\":\"ImageObject\",\"inLanguage\":\"pt-BR\",\"@id\":\"https:\/\/www.suno.com.br\/noticias\/snff11-fundo-suno-salto-valor-patrimonial-vp-evm\/#primaryimage\",\"url\":\"https:\/\/files.sunoresearch.com.br\/n\/uploads\/2023\/02\/SNFF11.jpg\",\"contentUrl\":\"https:\/\/files.sunoresearch.com.br\/n\/uploads\/2023\/02\/SNFF11.jpg\",\"width\":1300,\"height\":831,\"caption\":\"SNFF11. Foto: Divulga\u00e7\u00e3o\"},{\"@type\":\"BreadcrumbList\",\"@id\":\"https:\/\/www.suno.com.br\/noticias\/snff11-fundo-suno-salto-valor-patrimonial-vp-evm\/#breadcrumb\",\"itemListElement\":[{\"@type\":\"ListItem\",\"position\":1,\"name\":\"Not\u00edcias\",\"item\":\"https:\/\/www.suno.com.br\/noticias\/\"},{\"@type\":\"ListItem\",\"position\":2,\"name\":\"FIIs\",\"item\":\"https:\/\/www.suno.com.br\/noticias\/fiis\/\"},{\"@type\":\"ListItem\",\"position\":3,\"name\":\"SNFF11 tem &#8216;salto&#8217; no Valor Patrimonial; entenda\"}]},{\"@type\":\"WebSite\",\"@id\":\"https:\/\/www.suno.com.br\/noticias\/#website\",\"url\":\"https:\/\/www.suno.com.br\/noticias\/\",\"name\":\"Suno Not\u00edcias\",\"description\":\"Seu portal de informa\u00e7\u00e3o sobre o mundo dos investimentos\",\"publisher\":{\"@id\":\"https:\/\/www.suno.com.br\/noticias\/#organization\"},\"potentialAction\":[{\"@type\":\"SearchAction\",\"target\":{\"@type\":\"EntryPoint\",\"urlTemplate\":\"https:\/\/www.suno.com.br\/noticias\/?s={search_term_string}\"},\"query-input\":{\"@type\":\"PropertyValueSpecification\",\"valueRequired\":true,\"valueName\":\"search_term_string\"}}],\"inLanguage\":\"pt-BR\"},{\"@type\":\"Organization\",\"@id\":\"https:\/\/www.suno.com.br\/noticias\/#organization\",\"name\":\"Suno Not\u00edcias\",\"url\":\"https:\/\/www.suno.com.br\/noticias\/\",\"logo\":{\"@type\":\"ImageObject\",\"inLanguage\":\"pt-BR\",\"@id\":\"https:\/\/www.suno.com.br\/noticias\/#\/schema\/logo\/image\/\",\"url\":\"https:\/\/files.sunoresearch.com.br\/n\/uploads\/2021\/09\/suno-logo.png\",\"contentUrl\":\"https:\/\/files.sunoresearch.com.br\/n\/uploads\/2021\/09\/suno-logo.png\",\"width\":180,\"height\":180,\"caption\":\"Suno Not\u00edcias\"},\"image\":{\"@id\":\"https:\/\/www.suno.com.br\/noticias\/#\/schema\/logo\/image\/\"},\"sameAs\":[\"https:\/\/facebook.com\/sunoresearch\",\"https:\/\/x.com\/sunoresearch\",\"https:\/\/www.instagram.com\/suno\",\"https:\/\/www.linkedin.com\/company\/suno-research\/\",\"https:\/\/www.youtube.com\/c\/sunoresearch\"]},{\"@type\":\"Person\",\"@id\":\"https:\/\/www.suno.com.br\/noticias\/#\/schema\/person\/7f4d362bf3518e76090143ae77bb49a5\",\"name\":\"Eduardo Vargas\",\"image\":{\"@type\":\"ImageObject\",\"inLanguage\":\"pt-BR\",\"@id\":\"https:\/\/www.suno.com.br\/noticias\/#\/schema\/person\/image\/\",\"url\":\"https:\/\/secure.gravatar.com\/avatar\/dac340933427a22924c9f99d1eb2e3f2?s=96&r=g\",\"contentUrl\":\"https:\/\/secure.gravatar.com\/avatar\/dac340933427a22924c9f99d1eb2e3f2?s=96&r=g\",\"caption\":\"Eduardo Vargas\"},\"description\":\"Jornalista formado pela UFSC, cobre macroeconomia, neg\u00f3cios e startups para o Suno Not\u00edcias, escrevendo principalmente not\u00edcias sobre o mercado financeiro e a bolsa de valores. No YouTube e no Instagram, \u00e9 respons\u00e1vel pela produ\u00e7\u00e3o de Reels e Shorts do Suno Not\u00edcias. Anteriormente, trabalhou cobrindo economia e cotidiano no ND+ e para o ND, maior jornal impresso de Santa Catarina. Cursou um semestre letivo de Estudos de M\u00eddia na Universidad de Buenos Aires.\",\"url\":\"https:\/\/www.suno.com.br\/noticias\/author\/eduardo-vargas\/\"}]}<\/script>\n<!-- \/ Yoast SEO plugin. -->","yoast_head_json":{"title":"SNFF11 tem 'salto' no Valor Patrimonial; entenda","description":"O Valor Patrimonial por Cota do SNFF11 saiu de R$ 89,19 para atuais R$ 93,28, com um ambiente macroecon\u00f4mico que influencio FIIs de tijolo","robots":{"index":"index","follow":"follow","max-snippet":"max-snippet:-1","max-image-preview":"max-image-preview:large","max-video-preview":"max-video-preview:-1"},"canonical":"https:\/\/www.suno.com.br\/noticias\/snff11-fundo-suno-salto-valor-patrimonial-vp-evm\/","og_locale":"pt_BR","og_type":"article","og_title":"SNFF11 tem 'salto' no Valor Patrimonial; entenda","og_description":"O Valor Patrimonial por Cota do SNFF11 saiu de R$ 89,19 para atuais R$ 93,28, com um ambiente macroecon\u00f4mico que influencio FIIs de tijolo","og_url":"https:\/\/www.suno.com.br\/noticias\/snff11-fundo-suno-salto-valor-patrimonial-vp-evm\/","og_site_name":"Suno Not\u00edcias","article_publisher":"https:\/\/facebook.com\/sunoresearch","og_image":[{"width":1300,"height":831,"url":"https:\/\/files.sunoresearch.com.br\/n\/uploads\/2023\/02\/SNFF11.jpg","type":"image\/jpeg"}],"author":"Eduardo Vargas","twitter_card":"summary_large_image","twitter_creator":"@sunoresearch","twitter_site":"@sunoresearch","twitter_misc":{"Escrito por":"Eduardo Vargas","Est. tempo de leitura":"3 minutos"},"schema":{"@context":"https:\/\/schema.org","@graph":[{"@type":"NewsArticle","@id":"https:\/\/www.suno.com.br\/noticias\/snff11-fundo-suno-salto-valor-patrimonial-vp-evm\/#article","isPartOf":{"@id":"https:\/\/www.suno.com.br\/noticias\/snff11-fundo-suno-salto-valor-patrimonial-vp-evm\/"},"author":{"name":"Eduardo Vargas","@id":"https:\/\/www.suno.com.br\/noticias\/#\/schema\/person\/7f4d362bf3518e76090143ae77bb49a5"},"headline":"SNFF11 tem &#8216;salto&#8217; no Valor Patrimonial; entenda","datePublished":"2023-07-19T21:26:17+00:00","dateModified":"2023-07-20T01:09:20+00:00","mainEntityOfPage":{"@id":"https:\/\/www.suno.com.br\/noticias\/snff11-fundo-suno-salto-valor-patrimonial-vp-evm\/"},"wordCount":471,"publisher":{"@id":"https:\/\/www.suno.com.br\/noticias\/#organization"},"image":{"@id":"https:\/\/www.suno.com.br\/noticias\/snff11-fundo-suno-salto-valor-patrimonial-vp-evm\/#primaryimage"},"thumbnailUrl":"https:\/\/files.sunoresearch.com.br\/n\/uploads\/2023\/02\/SNFF11.jpg","keywords":["Especialistas","SNFF11","Suno Asset"],"articleSection":["FIIs"],"inLanguage":"pt-BR"},{"@type":"WebPage","@id":"https:\/\/www.suno.com.br\/noticias\/snff11-fundo-suno-salto-valor-patrimonial-vp-evm\/","url":"https:\/\/www.suno.com.br\/noticias\/snff11-fundo-suno-salto-valor-patrimonial-vp-evm\/","name":"SNFF11 tem 'salto' no Valor Patrimonial; entenda","isPartOf":{"@id":"https:\/\/www.suno.com.br\/noticias\/#website"},"primaryImageOfPage":{"@id":"https:\/\/www.suno.com.br\/noticias\/snff11-fundo-suno-salto-valor-patrimonial-vp-evm\/#primaryimage"},"image":{"@id":"https:\/\/www.suno.com.br\/noticias\/snff11-fundo-suno-salto-valor-patrimonial-vp-evm\/#primaryimage"},"thumbnailUrl":"https:\/\/files.sunoresearch.com.br\/n\/uploads\/2023\/02\/SNFF11.jpg","datePublished":"2023-07-19T21:26:17+00:00","dateModified":"2023-07-20T01:09:20+00:00","description":"O Valor Patrimonial por Cota do SNFF11 saiu de R$ 89,19 para atuais R$ 93,28, com um ambiente macroecon\u00f4mico que influencio FIIs de tijolo","breadcrumb":{"@id":"https:\/\/www.suno.com.br\/noticias\/snff11-fundo-suno-salto-valor-patrimonial-vp-evm\/#breadcrumb"},"inLanguage":"pt-BR","potentialAction":[{"@type":"ReadAction","target":["https:\/\/www.suno.com.br\/noticias\/snff11-fundo-suno-salto-valor-patrimonial-vp-evm\/"]}]},{"@type":"ImageObject","inLanguage":"pt-BR","@id":"https:\/\/www.suno.com.br\/noticias\/snff11-fundo-suno-salto-valor-patrimonial-vp-evm\/#primaryimage","url":"https:\/\/files.sunoresearch.com.br\/n\/uploads\/2023\/02\/SNFF11.jpg","contentUrl":"https:\/\/files.sunoresearch.com.br\/n\/uploads\/2023\/02\/SNFF11.jpg","width":1300,"height":831,"caption":"SNFF11. Foto: Divulga\u00e7\u00e3o"},{"@type":"BreadcrumbList","@id":"https:\/\/www.suno.com.br\/noticias\/snff11-fundo-suno-salto-valor-patrimonial-vp-evm\/#breadcrumb","itemListElement":[{"@type":"ListItem","position":1,"name":"Not\u00edcias","item":"https:\/\/www.suno.com.br\/noticias\/"},{"@type":"ListItem","position":2,"name":"FIIs","item":"https:\/\/www.suno.com.br\/noticias\/fiis\/"},{"@type":"ListItem","position":3,"name":"SNFF11 tem &#8216;salto&#8217; no Valor Patrimonial; entenda"}]},{"@type":"WebSite","@id":"https:\/\/www.suno.com.br\/noticias\/#website","url":"https:\/\/www.suno.com.br\/noticias\/","name":"Suno Not\u00edcias","description":"Seu portal de informa\u00e7\u00e3o sobre o mundo dos investimentos","publisher":{"@id":"https:\/\/www.suno.com.br\/noticias\/#organization"},"potentialAction":[{"@type":"SearchAction","target":{"@type":"EntryPoint","urlTemplate":"https:\/\/www.suno.com.br\/noticias\/?s={search_term_string}"},"query-input":{"@type":"PropertyValueSpecification","valueRequired":true,"valueName":"search_term_string"}}],"inLanguage":"pt-BR"},{"@type":"Organization","@id":"https:\/\/www.suno.com.br\/noticias\/#organization","name":"Suno Not\u00edcias","url":"https:\/\/www.suno.com.br\/noticias\/","logo":{"@type":"ImageObject","inLanguage":"pt-BR","@id":"https:\/\/www.suno.com.br\/noticias\/#\/schema\/logo\/image\/","url":"https:\/\/files.sunoresearch.com.br\/n\/uploads\/2021\/09\/suno-logo.png","contentUrl":"https:\/\/files.sunoresearch.com.br\/n\/uploads\/2021\/09\/suno-logo.png","width":180,"height":180,"caption":"Suno Not\u00edcias"},"image":{"@id":"https:\/\/www.suno.com.br\/noticias\/#\/schema\/logo\/image\/"},"sameAs":["https:\/\/facebook.com\/sunoresearch","https:\/\/x.com\/sunoresearch","https:\/\/www.instagram.com\/suno","https:\/\/www.linkedin.com\/company\/suno-research\/","https:\/\/www.youtube.com\/c\/sunoresearch"]},{"@type":"Person","@id":"https:\/\/www.suno.com.br\/noticias\/#\/schema\/person\/7f4d362bf3518e76090143ae77bb49a5","name":"Eduardo Vargas","image":{"@type":"ImageObject","inLanguage":"pt-BR","@id":"https:\/\/www.suno.com.br\/noticias\/#\/schema\/person\/image\/","url":"https:\/\/secure.gravatar.com\/avatar\/dac340933427a22924c9f99d1eb2e3f2?s=96&r=g","contentUrl":"https:\/\/secure.gravatar.com\/avatar\/dac340933427a22924c9f99d1eb2e3f2?s=96&r=g","caption":"Eduardo Vargas"},"description":"Jornalista formado pela UFSC, cobre macroeconomia, neg\u00f3cios e startups para o Suno Not\u00edcias, escrevendo principalmente not\u00edcias sobre o mercado financeiro e a bolsa de valores. No YouTube e no Instagram, \u00e9 respons\u00e1vel pela produ\u00e7\u00e3o de Reels e Shorts do Suno Not\u00edcias. Anteriormente, trabalhou cobrindo economia e cotidiano no ND+ e para o ND, maior jornal impresso de Santa Catarina. Cursou um semestre letivo de Estudos de M\u00eddia na Universidad de Buenos Aires.","url":"https:\/\/www.suno.com.br\/noticias\/author\/eduardo-vargas\/"}]}},"default_loop_html":"<div class=\"cardsPage__listCard__boxs\"><div class=\"cardsPage__listCard__boxs__img\"><a href=\"https:\/\/www.suno.com.br\/noticias\/snff11-fundo-suno-salto-valor-patrimonial-vp-evm\/\"><img class=\"mask\" src=\"https:\/\/www.suno.com.br\/noticias\/wp-content\/themes\/suno\/resources\/images\/spotlight\/spotlight1img\/bg-mask.png\" alt=\"Image Mask\"\/><img src=\"https:\/\/files.sunoresearch.com.br\/n\/uploads\/2023\/02\/SNFF11-400x200.jpg\" alt=\"SNFF11 tem &#8216;salto&#8217; no Valor Patrimonial; entenda\"\/><\/a><span class=\"spotlightCategory\"><a href=\"https:\/\/www.suno.com.br\/noticias\/fiis\/\">FIIs<\/a><\/span><\/div><div class=\"cardsPage__listCard__boxs__content\"><a href=\"https:\/\/www.suno.com.br\/noticias\/snff11-fundo-suno-salto-valor-patrimonial-vp-evm\/\"><h2 class=\"content__title\">SNFF11 tem &#8216;salto&#8217; no Valor Patrimonial; entenda<\/h2><\/a><div class=\"newsContent__article__meta\"><div class=\"newsContent__article__meta__authorBox\"><a href=\"https:\/\/www.suno.com.br\/noticias\/author\/eduardo-vargas\/\" class=\"authorBox__avatar noMobi\"><img src=\"https:\/\/secure.gravatar.com\/avatar\/dac340933427a22924c9f99d1eb2e3f2?s=96&#038;r=g\" alt=\"Eduardo Vargas\"><\/a><div class=\"authorBox__name\"><span>por\n\t\t\t<a href=\"https:\/\/www.suno.com.br\/noticias\/author\/eduardo-vargas\/\"><span itemprop=\"author\">Eduardo Vargas<\/span><\/a><\/span><time datetime=\"2023-07-19T18:26:17-03:00\" itemprop=\"datePublished\">19\/07\/2023 18:26<\/time><\/div><\/div><\/div><\/div><\/div>","single_layout":"posts","amp_enabled":true,"_links":{"self":[{"href":"https:\/\/www.suno.com.br\/noticias\/wp-json\/wp\/v2\/posts\/430644"}],"collection":[{"href":"https:\/\/www.suno.com.br\/noticias\/wp-json\/wp\/v2\/posts"}],"about":[{"href":"https:\/\/www.suno.com.br\/noticias\/wp-json\/wp\/v2\/types\/post"}],"author":[{"embeddable":true,"href":"https:\/\/www.suno.com.br\/noticias\/wp-json\/wp\/v2\/users\/73"}],"replies":[{"embeddable":true,"href":"https:\/\/www.suno.com.br\/noticias\/wp-json\/wp\/v2\/comments?post=430644"}],"version-history":[{"count":2,"href":"https:\/\/www.suno.com.br\/noticias\/wp-json\/wp\/v2\/posts\/430644\/revisions"}],"predecessor-version":[{"id":431042,"href":"https:\/\/www.suno.com.br\/noticias\/wp-json\/wp\/v2\/posts\/430644\/revisions\/431042"}],"wp:featuredmedia":[{"embeddable":true,"href":"https:\/\/www.suno.com.br\/noticias\/wp-json\/wp\/v2\/media\/361924"}],"wp:attachment":[{"href":"https:\/\/www.suno.com.br\/noticias\/wp-json\/wp\/v2\/media?parent=430644"}],"wp:term":[{"taxonomy":"category","embeddable":true,"href":"https:\/\/www.suno.com.br\/noticias\/wp-json\/wp\/v2\/categories?post=430644"},{"taxonomy":"post_tag","embeddable":true,"href":"https:\/\/www.suno.com.br\/noticias\/wp-json\/wp\/v2\/tags?post=430644"},{"taxonomy":"suno_strategy","embeddable":true,"href":"https:\/\/www.suno.com.br\/noticias\/wp-json\/wp\/v2\/suno_strategy?post=430644"}],"curies":[{"name":"wp","href":"https:\/\/api.w.org\/{rel}","templated":true}]}}