{"id":43056,"date":"2019-10-30T19:06:01","date_gmt":"2019-10-30T21:06:01","guid":{"rendered":"https:\/\/www.suno.com.br\/noticias\/?p=43056"},"modified":"2019-10-30T19:10:05","modified_gmt":"2019-10-30T21:10:05","slug":"apple-registra-crescimento-lucro-liquido","status":"publish","type":"post","link":"https:\/\/www.suno.com.br\/noticias\/apple-registra-crescimento-lucro-liquido\/","title":{"rendered":"Apple registra queda de 3% em seu lucro l\u00edquido no 3t19"},"content":{"rendered":"<p>A gigante tecnol\u00f3gica norte-americana Apple registrou uma queda de 3% em seu <a href=\"https:\/\/www.suno.com.br\/artigos\/lucro-liquido\/\"><strong>lucro l\u00edquido<\/strong><\/a> no terceiro trimestre de 2019. A empresa de Cupertino obteve US$ 13,69 bilh\u00f5es em seu balan\u00e7o. Os resultados trimestral foram divulgados pela companhia nesta quarta-feira (30).<\/p>\t<div class=\"wrapper-featured-image\">\n\t\t<figure class=\"spotlightImg\">\n\n\t\t\t<picture>\n\t\t\t\t<source media=\"(max-width: 768px)\" srcset=\"https:\/\/files.sunoresearch.com.br\/n\/uploads\/2019\/06\/f03867fb-apple-400x200.webp\">\n\t\t\t\t<img loading=\"lazy\" decoding=\"async\" class=\"newsContent__article__imgCapa lazyloadDisabled newsContent__article__imgCapa--noCaption\" src=\"https:\/\/files.sunoresearch.com.br\/n\/uploads\/2019\/06\/f03867fb-apple-jpg.webp\" width=\"800\" height=\"450\" alt=\"Apple registra queda de 3% em seu lucro l\u00edquido no 3t19\" fetchpriority=high \/>\n\t\t\t<\/picture>\n\n\t\t\t<figcaption class=\"wp-caption-text wp-caption-text--hide\">Por que a Apple poderia criar um buscador pr\u00f3prio<\/figcaption>\n\t\t<\/figure>\n\t<\/div>\n\n\n\n<p>Essa \u00e9 a primeira vez que o lucro da <strong>Apple<\/strong> cai desde que o CEO da empresa, <a href=\"https:\/\/www.suno.com.br\/tudo-sobre\/tim-cook\/\"><strong>Tim Cook<\/strong><\/a>, assumiu em 2011.<\/p>\n<p>Por outro lado, a <strong><a href=\"https:\/\/www.suno.com.br\/artigos\/o-que-receita-liquida\/\">receita total<\/a><\/strong> da <strong>Apple<\/strong> aumentou 1% em compara\u00e7\u00e3o ao mesmo per\u00edodo do ano passado, somando US$ 53,8 bilh\u00f5es. As vendas internacionais representaram 59% da receita no trimestre.<\/p>\n<p>O custo de venda da gigante tecnol\u00f3gica aumentou consideravelmente desde 2017, quando foi introduzido no mercado o novo <strong>iPhone<\/strong> com tecnologia de reconhecimento facial. Um avan\u00e7o que foi poss\u00edvel gra\u00e7as a fortes investimentos em pequisas e desenvolvimento.<\/p>\n<p>&#8220;Este foi nosso maior trimestre de junho de todos os tempos &#8211; impulsionado pela receita recorde de todos os tempos do setor de Servi\u00e7os&#8221; informou Cook, salientando o &#8220;forte desempenho do iPad e Mac e melhoria significativa nas tend\u00eancias do iPhone&#8221;.<\/p>\n\t<p>\n\t\t<a href=\"https:\/\/lp.suno.com.br\/ao\/servico-especializado-suno-tf\/?utm_source=adwords&#038;utm_medium=search&#038;utm_campaign=search.servico.funilconsultoria&#038;utm_content=1147_responsivo-a&#038;hsa_acc=2326072784&#038;hsa_cam=18022897917&#038;hsa_grp=141470255993&#038;hsa_ad=616145467912&#038;hsa_src=g&#038;hsa_tgt=kwd-303658942458&#038;hsa_kw=gestora+de+investimentos&#038;hsa_mt=b&#038;hsa_net=adwords&#038;hsa_ver=3&#038;gad_source=1&#038;gclid=CjwKCAjw1emzBhB8EiwAHwZZxQMvA3xJVRzLGZ70LmuSzR55X-KvxijSay8c5Hm88Sznnq97j8XbORoC-sMQAvD_BwE\" target=\"_blank\" data-element=\"shortcode-suno-banner\" title=\"Banner SUNO, clique e saiba mais\">\n\t\t\t<picture>\n\t\t\t\t<source media=\"(max-width: 500px)\" srcset=\"https:\/\/files.sunoresearch.com.br\/n\/uploads\/2024\/06\/400x300-Mobile-Artigos-5.png\">\n\t\t\t\t<img class=\"newsContent__article__imgCapa newsContent__article__imgCapa--banner\"\n\t\t\t\t\tsrc=\"https:\/\/files.sunoresearch.com.br\/n\/uploads\/2024\/06\/1420x240-Banner-Artigos-1-_-Banner-Materias-3.png\"\n\t\t\t\t\tdata-promo-id=\"563605\"\t\t\t\t\t\t\t\t\t\twidth='1420' height='240'\t\t\t\t\talt=\"https:\/\/files.sunoresearch.com.br\/n\/uploads\/2024\/06\/1420x240-Banner-Artigos-1-_-Banner-Materias-3.png\"\n\t\t\t\t>\n\t\t\t<\/picture>\n\t\t<\/a>\n\t<\/p>\n\n\n<p>&#8220;Esses resultados s\u00e3o promissores em todos os nossos segmentos geogr\u00e1ficos e estamos confiantes sobre o que est\u00e1 por vir. O saldo do calend\u00e1rio 2019 ser\u00e1 um per\u00edodo emocionante, com grandes lan\u00e7amentos em todas as nossas plataformas, novos servi\u00e7os e v\u00e1rios novos produtos\u201d, explicou o executivo,<\/p>\n<p>Para o CFO da <strong>Apple,<\/strong> Luca Maestri, &#8220;devolvemos mais de US$ 21 bilh\u00f5es aos acionistas durante o trimestre, incluindo US$ 17 bilh\u00f5es atrav\u00e9s de recompras no mercado aberto de quase 88 milh\u00f5es de a\u00e7\u00f5es da Apple e US$ 3,6 bilh\u00f5es em dividendos e equivalentes&#8221;.<\/p>\n<h2>Dificuldades da Apple<\/h2>\n<p>A <strong>Apple<\/strong> est\u00e1 enfrentando uma s\u00e9rie de dificuldades nos \u00faltimas semanas. A empresa deixou de ser uma das marcas preferidas do p\u00fablico chin\u00eas. A <a href=\"https:\/\/www.suno.com.br\/artigos\/a-guerra-comercial\/\">guerra comercial<\/a> fez a companhia norte-americana despencar da 11\u00aa posi\u00e7\u00e3o para o 24\u00ba lugar dentre as 50 principais marcas do mercado chin\u00eas, segundo a consultoria <strong>Prophet<\/strong>.<\/p>\n<p><a href=\"https:\/\/www.suno.com.br\/noticias\/guerra-comercial-huawei-a-frente-apple-mercado-chines\/\">Saiba mais: Guerra comercial faz com que Huawei esteja \u00e0 frente da Apple no mercado chin\u00eas<\/a><\/p>\n<p>De acordo com especialistas do mercado, a participa\u00e7\u00e3o da Apple tem sido rejeitada por conta da <strong>guerra comercial<\/strong> entre <strong>Estados Unidos<\/strong> e <strong>China<\/strong>.<\/p>\n<p>A queda da empresa norte-americana se torna mais significativa quando viu a sua concorrente, especialmente no mercado asi\u00e1tico, a gigante <strong>Huawei<\/strong>, subir da 4\u00aa para a 2\u00aa posi\u00e7\u00e3o, se tornando a s\u00e9tima empresa a ocupar o top 10 do estudo.<\/p>\n<p>Segundo a s\u00f3cia-gerente da Arbor Ventures, uma fintech de investimentos internacionais fundada na Inglaterra, Melissa Guzy, essa onda nacionalista que permeia a <strong>guerra comercial<\/strong> \u00e9 permanente.<\/p>\n<h2>Multa da UE<\/h2>\n<p>A Apple tamb\u00e9m recebu uma multa de 13 bilh\u00f5es de euros (cerca de R$ 58 bilh\u00f5es) pela <strong><a href=\"https:\/\/www.suno.com.br\/artigos\/uniao-europeia\/\">Uni\u00e3o Europeia (UE)<\/a><\/strong>. A gigante de tecnologia dos Estados Unidos foi penalizada por conta de <strong>impostos<\/strong> n\u00e3o pagos na <strong>Irlanda<\/strong>.<\/p>\n<p><a href=\"https:\/\/www.suno.com.br\/noticias\/apple-recorrera-de-ordem-pagar-13-bi-euros-impostos-ue\/\">Saiba mais: Apple recorrer\u00e1 de processo de 13 bi de euros da Comiss\u00e3o Europeia<\/a><\/p>\n<p>A <strong>Apple<\/strong> recorreu da atua\u00e7\u00e3o argumentando que seguiu as leis tribut\u00e1rias irlandesas e norte-americanas, portanto, n\u00e3o fez nada de errado.<\/p>\n<p>Al\u00e9m disso, a empresa salientou que deve grande parte dos seus impostos ao governo norte-americano. Isto pois grande parte de seus produtos s\u00e3o produzidos l\u00e1, desde a parte de engenharia ao desenvolvimento e design.<\/p>\n<p>A companhia enviar\u00e1 um grupo de seis pessoas, liderado por seu vice-presidente financeiro, Luca Maestri, para a audi\u00eancia na <strong>UE.<\/strong> O processo judici\u00e1rio ocorrer\u00e1 no Tribunal Geral de Luxemburgo.<\/p>\n\t<p>\n\t\t<a href=\"https:\/\/lp2.suno.com.br\/onde-investir-2026?utm_campaign=_SNC094D2575_rs.ein26&#038;utm_source=suno.com.br&#038;utm_medium=banner.noticias\" target=\"_blank\" data-element=\"shortcode-suno-banner\" title=\"Banner SUNO, clique e saiba mais\">\n\t\t\t<picture>\n\t\t\t\t<source media=\"(max-width: 500px)\" srcset=\"https:\/\/files.sunoresearch.com.br\/n\/uploads\/2026\/01\/Banner-Materias-01-Mbl_-400x300-1-png.webp\">\n\t\t\t\t<img class=\"newsContent__article__imgCapa newsContent__article__imgCapa--banner\"\n\t\t\t\t\tsrc=\"https:\/\/files.sunoresearch.com.br\/n\/uploads\/2026\/01\/Banner-Materias-01-Dkp_-1420x240-1-png.webp\"\n\t\t\t\t\tdata-promo-id=\"638391\"\t\t\t\t\t\t\t\t\t\twidth='1420' height='240'\t\t\t\t\talt=\"https:\/\/files.sunoresearch.com.br\/n\/uploads\/2026\/01\/Banner-Materias-01-Dkp_-1420x240-1-png.webp\"\n\t\t\t\t>\n\t\t\t<\/picture>\n\t\t<\/a>\n\t<\/p>\n\n\n<p>Para a <strong>Comiss\u00e3o Europeia,<\/strong> as altera\u00e7\u00f5es fiscais na Irlanda em 1991 e 2007 fizeram com que a carga tribut\u00e1ria da <strong>Apple<\/strong> fosse reduzida por mais de 20 anos. Com isso, a empresa foi beneficiada de forma ilegal.<\/p>\n","protected":false},"excerpt":{"rendered":"<p>A gigante tecnol\u00f3gica norte-americana Apple registrou uma queda de 3% em seu lucro l\u00edquido no terceiro trimestre de 2019. A empresa de Cupertino obteve US$ 13,69 bilh\u00f5es em seu balan\u00e7o. Os resultados trimestral foram divulgados pela companhia nesta quarta-feira (30). Por que a Apple poderia criar um buscador pr\u00f3prio Essa \u00e9 a primeira vez que [&hellip;]<\/p>\n","protected":false},"author":9,"featured_media":28697,"comment_status":"closed","ping_status":"closed","sticky":false,"template":"","format":"standard","meta":[],"categories":[64],"tags":[794,1029],"suno_strategy":[],"class_list":["post-43056","post","type-post","status-publish","format-standard","has-post-thumbnail","hentry","category-negocios","tag-apple-aapl34","tag-balancos-trimestrais"],"yoast_head":"<!-- This site is optimized with the Yoast SEO plugin v24.4 - https:\/\/yoast.com\/wordpress\/plugins\/seo\/ -->\n<title>Apple registra crescimento de 1% em seu lucro l\u00edquido no 3t19<\/title>\n<meta name=\"description\" content=\"A gigante tecnol\u00f3gica Apple registrou uma queda de 3% em seu lucro l\u00edquido no terceiro trimestre de 2019.Clique aqui para saber mais.\" \/>\n<meta name=\"robots\" content=\"index, follow, max-snippet:-1, max-image-preview:large, max-video-preview:-1\" \/>\n<link rel=\"canonical\" href=\"https:\/\/www.suno.com.br\/noticias\/apple-registra-crescimento-lucro-liquido\/\" \/>\n<meta property=\"og:locale\" content=\"pt_BR\" \/>\n<meta property=\"og:type\" content=\"article\" \/>\n<meta property=\"og:title\" content=\"Apple registra crescimento de 1% em seu lucro l\u00edquido no 3t19\" \/>\n<meta property=\"og:description\" content=\"A gigante tecnol\u00f3gica Apple registrou uma queda de 3% em seu lucro l\u00edquido no terceiro trimestre de 2019.Clique aqui para saber mais.\" \/>\n<meta property=\"og:url\" content=\"https:\/\/www.suno.com.br\/noticias\/apple-registra-crescimento-lucro-liquido\/\" \/>\n<meta property=\"og:site_name\" content=\"Suno Not\u00edcias\" \/>\n<meta property=\"article:publisher\" content=\"https:\/\/facebook.com\/sunoresearch\" \/>\n<meta property=\"og:image\" content=\"https:\/\/files.sunoresearch.com.br\/n\/uploads\/2019\/06\/f03867fb-apple.jpg\" \/>\n\t<meta property=\"og:image:width\" content=\"748\" \/>\n\t<meta property=\"og:image:height\" content=\"410\" \/>\n\t<meta property=\"og:image:type\" content=\"image\/jpeg\" \/>\n<meta name=\"author\" content=\"Carlo Cauti\" \/>\n<meta name=\"twitter:card\" content=\"summary_large_image\" \/>\n<meta name=\"twitter:creator\" content=\"@sunoresearch\" \/>\n<meta name=\"twitter:site\" content=\"@sunoresearch\" \/>\n<meta name=\"twitter:label1\" content=\"Escrito por\" \/>\n\t<meta name=\"twitter:data1\" content=\"Carlo Cauti\" \/>\n\t<meta name=\"twitter:label2\" content=\"Est. tempo de leitura\" \/>\n\t<meta name=\"twitter:data2\" content=\"3 minutos\" \/>\n<script type=\"application\/ld+json\" class=\"yoast-schema-graph\">{\"@context\":\"https:\/\/schema.org\",\"@graph\":[{\"@type\":\"NewsArticle\",\"@id\":\"https:\/\/www.suno.com.br\/noticias\/apple-registra-crescimento-lucro-liquido\/#article\",\"isPartOf\":{\"@id\":\"https:\/\/www.suno.com.br\/noticias\/apple-registra-crescimento-lucro-liquido\/\"},\"author\":{\"name\":\"Carlo Cauti\",\"@id\":\"https:\/\/www.suno.com.br\/noticias\/#\/schema\/person\/e6e0f723cc177805027f4566c1d5e0c8\"},\"headline\":\"Apple registra queda de 3% em seu lucro l\u00edquido no 3t19\",\"datePublished\":\"2019-10-30T21:06:01+00:00\",\"dateModified\":\"2019-10-30T21:10:05+00:00\",\"mainEntityOfPage\":{\"@id\":\"https:\/\/www.suno.com.br\/noticias\/apple-registra-crescimento-lucro-liquido\/\"},\"wordCount\":635,\"publisher\":{\"@id\":\"https:\/\/www.suno.com.br\/noticias\/#organization\"},\"image\":{\"@id\":\"https:\/\/www.suno.com.br\/noticias\/apple-registra-crescimento-lucro-liquido\/#primaryimage\"},\"thumbnailUrl\":\"https:\/\/files.sunoresearch.com.br\/n\/uploads\/2019\/06\/f03867fb-apple-jpg.webp\",\"keywords\":[\"Apple (AAPL34)\",\"balan\u00e7os trimestrais\"],\"articleSection\":[\"Neg\u00f3cios\"],\"inLanguage\":\"pt-BR\"},{\"@type\":\"WebPage\",\"@id\":\"https:\/\/www.suno.com.br\/noticias\/apple-registra-crescimento-lucro-liquido\/\",\"url\":\"https:\/\/www.suno.com.br\/noticias\/apple-registra-crescimento-lucro-liquido\/\",\"name\":\"Apple registra crescimento de 1% em seu lucro l\u00edquido no 3t19\",\"isPartOf\":{\"@id\":\"https:\/\/www.suno.com.br\/noticias\/#website\"},\"primaryImageOfPage\":{\"@id\":\"https:\/\/www.suno.com.br\/noticias\/apple-registra-crescimento-lucro-liquido\/#primaryimage\"},\"image\":{\"@id\":\"https:\/\/www.suno.com.br\/noticias\/apple-registra-crescimento-lucro-liquido\/#primaryimage\"},\"thumbnailUrl\":\"https:\/\/files.sunoresearch.com.br\/n\/uploads\/2019\/06\/f03867fb-apple-jpg.webp\",\"datePublished\":\"2019-10-30T21:06:01+00:00\",\"dateModified\":\"2019-10-30T21:10:05+00:00\",\"description\":\"A gigante tecnol\u00f3gica Apple registrou uma queda de 3% em seu lucro l\u00edquido no terceiro trimestre de 2019.Clique aqui para saber mais.\",\"breadcrumb\":{\"@id\":\"https:\/\/www.suno.com.br\/noticias\/apple-registra-crescimento-lucro-liquido\/#breadcrumb\"},\"inLanguage\":\"pt-BR\",\"potentialAction\":[{\"@type\":\"ReadAction\",\"target\":[\"https:\/\/www.suno.com.br\/noticias\/apple-registra-crescimento-lucro-liquido\/\"]}]},{\"@type\":\"ImageObject\",\"inLanguage\":\"pt-BR\",\"@id\":\"https:\/\/www.suno.com.br\/noticias\/apple-registra-crescimento-lucro-liquido\/#primaryimage\",\"url\":\"https:\/\/files.sunoresearch.com.br\/n\/uploads\/2019\/06\/f03867fb-apple-jpg.webp\",\"contentUrl\":\"https:\/\/files.sunoresearch.com.br\/n\/uploads\/2019\/06\/f03867fb-apple-jpg.webp\",\"width\":748,\"height\":410,\"caption\":\"Por que a Apple poderia criar um buscador pr\u00f3prio\"},{\"@type\":\"BreadcrumbList\",\"@id\":\"https:\/\/www.suno.com.br\/noticias\/apple-registra-crescimento-lucro-liquido\/#breadcrumb\",\"itemListElement\":[{\"@type\":\"ListItem\",\"position\":1,\"name\":\"Not\u00edcias\",\"item\":\"https:\/\/www.suno.com.br\/noticias\/\"},{\"@type\":\"ListItem\",\"position\":2,\"name\":\"Neg\u00f3cios\",\"item\":\"https:\/\/www.suno.com.br\/noticias\/negocios\/\"},{\"@type\":\"ListItem\",\"position\":3,\"name\":\"Apple registra queda de 3% em seu lucro l\u00edquido no 3t19\"}]},{\"@type\":\"WebSite\",\"@id\":\"https:\/\/www.suno.com.br\/noticias\/#website\",\"url\":\"https:\/\/www.suno.com.br\/noticias\/\",\"name\":\"Suno Not\u00edcias\",\"description\":\"Seu portal de informa\u00e7\u00e3o sobre o mundo dos investimentos\",\"publisher\":{\"@id\":\"https:\/\/www.suno.com.br\/noticias\/#organization\"},\"potentialAction\":[{\"@type\":\"SearchAction\",\"target\":{\"@type\":\"EntryPoint\",\"urlTemplate\":\"https:\/\/www.suno.com.br\/noticias\/?s={search_term_string}\"},\"query-input\":{\"@type\":\"PropertyValueSpecification\",\"valueRequired\":true,\"valueName\":\"search_term_string\"}}],\"inLanguage\":\"pt-BR\"},{\"@type\":\"Organization\",\"@id\":\"https:\/\/www.suno.com.br\/noticias\/#organization\",\"name\":\"Suno Not\u00edcias\",\"url\":\"https:\/\/www.suno.com.br\/noticias\/\",\"logo\":{\"@type\":\"ImageObject\",\"inLanguage\":\"pt-BR\",\"@id\":\"https:\/\/www.suno.com.br\/noticias\/#\/schema\/logo\/image\/\",\"url\":\"https:\/\/files.sunoresearch.com.br\/n\/uploads\/2021\/09\/suno-logo.png\",\"contentUrl\":\"https:\/\/files.sunoresearch.com.br\/n\/uploads\/2021\/09\/suno-logo.png\",\"width\":180,\"height\":180,\"caption\":\"Suno Not\u00edcias\"},\"image\":{\"@id\":\"https:\/\/www.suno.com.br\/noticias\/#\/schema\/logo\/image\/\"},\"sameAs\":[\"https:\/\/facebook.com\/sunoresearch\",\"https:\/\/x.com\/sunoresearch\",\"https:\/\/www.instagram.com\/suno\",\"https:\/\/www.linkedin.com\/company\/suno-research\/\",\"https:\/\/www.youtube.com\/c\/sunoresearch\"]},{\"@type\":\"Person\",\"@id\":\"https:\/\/www.suno.com.br\/noticias\/#\/schema\/person\/e6e0f723cc177805027f4566c1d5e0c8\",\"name\":\"Carlo Cauti\",\"image\":{\"@type\":\"ImageObject\",\"inLanguage\":\"pt-BR\",\"@id\":\"https:\/\/www.suno.com.br\/noticias\/#\/schema\/person\/image\/\",\"url\":\"https:\/\/secure.gravatar.com\/avatar\/3ada9e0bd164c23abd4792a9606d583c?s=96&r=g\",\"contentUrl\":\"https:\/\/secure.gravatar.com\/avatar\/3ada9e0bd164c23abd4792a9606d583c?s=96&r=g\",\"caption\":\"Carlo Cauti\"},\"description\":\"Editor multim\u00eddia do SUNO Not\u00edcias. Italiano, formado em Ci\u00eancias Pol\u00edticas pela universidade LUISS G. Carli de Roma e mestre cum laude em Rela\u00e7\u00f5es Internacionais, Jornalismo Internacional e de Guerra e em Economia Internacional. Concluiu tamb\u00e9m um MBA em Finan\u00e7as na B3. No Brasil, teve passagem por ve\u00edculos como Estad\u00e3o, Globo, Veja e EXAME. e nas ag\u00eancias de not\u00edcias italianas ANSA e NOVA.\",\"url\":\"https:\/\/www.suno.com.br\/noticias\/author\/carlo-cauti\/\"}]}<\/script>\n<!-- \/ Yoast SEO plugin. -->","yoast_head_json":{"title":"Apple registra crescimento de 1% em seu lucro l\u00edquido no 3t19","description":"A gigante tecnol\u00f3gica Apple registrou uma queda de 3% em seu lucro l\u00edquido no terceiro trimestre de 2019.Clique aqui para saber mais.","robots":{"index":"index","follow":"follow","max-snippet":"max-snippet:-1","max-image-preview":"max-image-preview:large","max-video-preview":"max-video-preview:-1"},"canonical":"https:\/\/www.suno.com.br\/noticias\/apple-registra-crescimento-lucro-liquido\/","og_locale":"pt_BR","og_type":"article","og_title":"Apple registra crescimento de 1% em seu lucro l\u00edquido no 3t19","og_description":"A gigante tecnol\u00f3gica Apple registrou uma queda de 3% em seu lucro l\u00edquido no terceiro trimestre de 2019.Clique aqui para saber mais.","og_url":"https:\/\/www.suno.com.br\/noticias\/apple-registra-crescimento-lucro-liquido\/","og_site_name":"Suno Not\u00edcias","article_publisher":"https:\/\/facebook.com\/sunoresearch","og_image":[{"width":748,"height":410,"url":"https:\/\/files.sunoresearch.com.br\/n\/uploads\/2019\/06\/f03867fb-apple.jpg","type":"image\/jpeg"}],"author":"Carlo Cauti","twitter_card":"summary_large_image","twitter_creator":"@sunoresearch","twitter_site":"@sunoresearch","twitter_misc":{"Escrito por":"Carlo Cauti","Est. tempo de leitura":"3 minutos"},"schema":{"@context":"https:\/\/schema.org","@graph":[{"@type":"NewsArticle","@id":"https:\/\/www.suno.com.br\/noticias\/apple-registra-crescimento-lucro-liquido\/#article","isPartOf":{"@id":"https:\/\/www.suno.com.br\/noticias\/apple-registra-crescimento-lucro-liquido\/"},"author":{"name":"Carlo Cauti","@id":"https:\/\/www.suno.com.br\/noticias\/#\/schema\/person\/e6e0f723cc177805027f4566c1d5e0c8"},"headline":"Apple registra queda de 3% em seu lucro l\u00edquido no 3t19","datePublished":"2019-10-30T21:06:01+00:00","dateModified":"2019-10-30T21:10:05+00:00","mainEntityOfPage":{"@id":"https:\/\/www.suno.com.br\/noticias\/apple-registra-crescimento-lucro-liquido\/"},"wordCount":635,"publisher":{"@id":"https:\/\/www.suno.com.br\/noticias\/#organization"},"image":{"@id":"https:\/\/www.suno.com.br\/noticias\/apple-registra-crescimento-lucro-liquido\/#primaryimage"},"thumbnailUrl":"https:\/\/files.sunoresearch.com.br\/n\/uploads\/2019\/06\/f03867fb-apple-jpg.webp","keywords":["Apple (AAPL34)","balan\u00e7os trimestrais"],"articleSection":["Neg\u00f3cios"],"inLanguage":"pt-BR"},{"@type":"WebPage","@id":"https:\/\/www.suno.com.br\/noticias\/apple-registra-crescimento-lucro-liquido\/","url":"https:\/\/www.suno.com.br\/noticias\/apple-registra-crescimento-lucro-liquido\/","name":"Apple registra crescimento de 1% em seu lucro l\u00edquido no 3t19","isPartOf":{"@id":"https:\/\/www.suno.com.br\/noticias\/#website"},"primaryImageOfPage":{"@id":"https:\/\/www.suno.com.br\/noticias\/apple-registra-crescimento-lucro-liquido\/#primaryimage"},"image":{"@id":"https:\/\/www.suno.com.br\/noticias\/apple-registra-crescimento-lucro-liquido\/#primaryimage"},"thumbnailUrl":"https:\/\/files.sunoresearch.com.br\/n\/uploads\/2019\/06\/f03867fb-apple-jpg.webp","datePublished":"2019-10-30T21:06:01+00:00","dateModified":"2019-10-30T21:10:05+00:00","description":"A gigante tecnol\u00f3gica Apple registrou uma queda de 3% em seu lucro l\u00edquido no terceiro trimestre de 2019.Clique aqui para saber mais.","breadcrumb":{"@id":"https:\/\/www.suno.com.br\/noticias\/apple-registra-crescimento-lucro-liquido\/#breadcrumb"},"inLanguage":"pt-BR","potentialAction":[{"@type":"ReadAction","target":["https:\/\/www.suno.com.br\/noticias\/apple-registra-crescimento-lucro-liquido\/"]}]},{"@type":"ImageObject","inLanguage":"pt-BR","@id":"https:\/\/www.suno.com.br\/noticias\/apple-registra-crescimento-lucro-liquido\/#primaryimage","url":"https:\/\/files.sunoresearch.com.br\/n\/uploads\/2019\/06\/f03867fb-apple-jpg.webp","contentUrl":"https:\/\/files.sunoresearch.com.br\/n\/uploads\/2019\/06\/f03867fb-apple-jpg.webp","width":748,"height":410,"caption":"Por que a Apple poderia criar um buscador pr\u00f3prio"},{"@type":"BreadcrumbList","@id":"https:\/\/www.suno.com.br\/noticias\/apple-registra-crescimento-lucro-liquido\/#breadcrumb","itemListElement":[{"@type":"ListItem","position":1,"name":"Not\u00edcias","item":"https:\/\/www.suno.com.br\/noticias\/"},{"@type":"ListItem","position":2,"name":"Neg\u00f3cios","item":"https:\/\/www.suno.com.br\/noticias\/negocios\/"},{"@type":"ListItem","position":3,"name":"Apple registra queda de 3% em seu lucro l\u00edquido no 3t19"}]},{"@type":"WebSite","@id":"https:\/\/www.suno.com.br\/noticias\/#website","url":"https:\/\/www.suno.com.br\/noticias\/","name":"Suno Not\u00edcias","description":"Seu portal de informa\u00e7\u00e3o sobre o mundo dos investimentos","publisher":{"@id":"https:\/\/www.suno.com.br\/noticias\/#organization"},"potentialAction":[{"@type":"SearchAction","target":{"@type":"EntryPoint","urlTemplate":"https:\/\/www.suno.com.br\/noticias\/?s={search_term_string}"},"query-input":{"@type":"PropertyValueSpecification","valueRequired":true,"valueName":"search_term_string"}}],"inLanguage":"pt-BR"},{"@type":"Organization","@id":"https:\/\/www.suno.com.br\/noticias\/#organization","name":"Suno Not\u00edcias","url":"https:\/\/www.suno.com.br\/noticias\/","logo":{"@type":"ImageObject","inLanguage":"pt-BR","@id":"https:\/\/www.suno.com.br\/noticias\/#\/schema\/logo\/image\/","url":"https:\/\/files.sunoresearch.com.br\/n\/uploads\/2021\/09\/suno-logo.png","contentUrl":"https:\/\/files.sunoresearch.com.br\/n\/uploads\/2021\/09\/suno-logo.png","width":180,"height":180,"caption":"Suno Not\u00edcias"},"image":{"@id":"https:\/\/www.suno.com.br\/noticias\/#\/schema\/logo\/image\/"},"sameAs":["https:\/\/facebook.com\/sunoresearch","https:\/\/x.com\/sunoresearch","https:\/\/www.instagram.com\/suno","https:\/\/www.linkedin.com\/company\/suno-research\/","https:\/\/www.youtube.com\/c\/sunoresearch"]},{"@type":"Person","@id":"https:\/\/www.suno.com.br\/noticias\/#\/schema\/person\/e6e0f723cc177805027f4566c1d5e0c8","name":"Carlo Cauti","image":{"@type":"ImageObject","inLanguage":"pt-BR","@id":"https:\/\/www.suno.com.br\/noticias\/#\/schema\/person\/image\/","url":"https:\/\/secure.gravatar.com\/avatar\/3ada9e0bd164c23abd4792a9606d583c?s=96&r=g","contentUrl":"https:\/\/secure.gravatar.com\/avatar\/3ada9e0bd164c23abd4792a9606d583c?s=96&r=g","caption":"Carlo Cauti"},"description":"Editor multim\u00eddia do SUNO Not\u00edcias. Italiano, formado em Ci\u00eancias Pol\u00edticas pela universidade LUISS G. Carli de Roma e mestre cum laude em Rela\u00e7\u00f5es Internacionais, Jornalismo Internacional e de Guerra e em Economia Internacional. Concluiu tamb\u00e9m um MBA em Finan\u00e7as na B3. No Brasil, teve passagem por ve\u00edculos como Estad\u00e3o, Globo, Veja e EXAME. e nas ag\u00eancias de not\u00edcias italianas ANSA e NOVA.","url":"https:\/\/www.suno.com.br\/noticias\/author\/carlo-cauti\/"}]}},"default_loop_html":"<div class=\"cardsPage__listCard__boxs\"><div class=\"cardsPage__listCard__boxs__img\"><a href=\"https:\/\/www.suno.com.br\/noticias\/apple-registra-crescimento-lucro-liquido\/\"><img class=\"mask\" src=\"https:\/\/www.suno.com.br\/noticias\/wp-content\/themes\/suno\/resources\/images\/spotlight\/spotlight1img\/bg-mask.png\" alt=\"Image Mask\"\/><img src=\"https:\/\/files.sunoresearch.com.br\/n\/uploads\/2019\/06\/f03867fb-apple-400x200.webp\" alt=\"Apple registra queda de 3% em seu lucro l\u00edquido no 3t19\"\/><\/a><span class=\"spotlightCategory\"><a href=\"https:\/\/www.suno.com.br\/noticias\/negocios\/\">Neg\u00f3cios<\/a><\/span><\/div><div class=\"cardsPage__listCard__boxs__content\"><a href=\"https:\/\/www.suno.com.br\/noticias\/apple-registra-crescimento-lucro-liquido\/\"><h2 class=\"content__title\">Apple registra queda de 3% em seu lucro l\u00edquido no 3t19<\/h2><\/a><div class=\"newsContent__article__meta\"><div class=\"newsContent__article__meta__authorBox\"><a href=\"https:\/\/www.suno.com.br\/noticias\/author\/carlo-cauti\/\" class=\"authorBox__avatar noMobi\"><img src=\"https:\/\/files.sunoresearch.com.br\/n\/uploads\/2020\/08\/e3745f9a-perfil-carlo-cauti-150x150.webp\" alt=\"Carlo Cauti\"><\/a><div class=\"authorBox__name\"><span>por\n\t\t\t<a href=\"https:\/\/www.suno.com.br\/noticias\/author\/carlo-cauti\/\"><span itemprop=\"author\">Carlo Cauti<\/span><\/a><\/span><time datetime=\"2019-10-30T19:06:01-03:00\" itemprop=\"datePublished\">30\/10\/2019 19:06<\/time><\/div><\/div><\/div><\/div><\/div>","single_layout":"posts","amp_enabled":true,"_links":{"self":[{"href":"https:\/\/www.suno.com.br\/noticias\/wp-json\/wp\/v2\/posts\/43056"}],"collection":[{"href":"https:\/\/www.suno.com.br\/noticias\/wp-json\/wp\/v2\/posts"}],"about":[{"href":"https:\/\/www.suno.com.br\/noticias\/wp-json\/wp\/v2\/types\/post"}],"author":[{"embeddable":true,"href":"https:\/\/www.suno.com.br\/noticias\/wp-json\/wp\/v2\/users\/9"}],"replies":[{"embeddable":true,"href":"https:\/\/www.suno.com.br\/noticias\/wp-json\/wp\/v2\/comments?post=43056"}],"version-history":[{"count":0,"href":"https:\/\/www.suno.com.br\/noticias\/wp-json\/wp\/v2\/posts\/43056\/revisions"}],"wp:featuredmedia":[{"embeddable":true,"href":"https:\/\/www.suno.com.br\/noticias\/wp-json\/wp\/v2\/media\/28697"}],"wp:attachment":[{"href":"https:\/\/www.suno.com.br\/noticias\/wp-json\/wp\/v2\/media?parent=43056"}],"wp:term":[{"taxonomy":"category","embeddable":true,"href":"https:\/\/www.suno.com.br\/noticias\/wp-json\/wp\/v2\/categories?post=43056"},{"taxonomy":"post_tag","embeddable":true,"href":"https:\/\/www.suno.com.br\/noticias\/wp-json\/wp\/v2\/tags?post=43056"},{"taxonomy":"suno_strategy","embeddable":true,"href":"https:\/\/www.suno.com.br\/noticias\/wp-json\/wp\/v2\/suno_strategy?post=43056"}],"curies":[{"name":"wp","href":"https:\/\/api.w.org\/{rel}","templated":true}]}}