{"id":43052,"date":"2019-10-30T19:09:37","date_gmt":"2019-10-30T21:09:37","guid":{"rendered":"https:\/\/www.suno.com.br\/noticias\/?p=43052"},"modified":"2019-10-31T21:25:17","modified_gmt":"2019-10-31T23:25:17","slug":"banco-central-corta-selic-30102019","status":"publish","type":"post","link":"https:\/\/www.suno.com.br\/noticias\/banco-central-corta-selic-30102019\/","title":{"rendered":"Banco Central corta Selic em 0,50%; taxa fica em 5% ao ano"},"content":{"rendered":"<p>O <a href=\"https:\/\/www.suno.com.br\/artigos\/copom\/\">Comit\u00ea de Pol\u00edtica Monet\u00e1ria (Copom)<\/a> do <a href=\"https:\/\/www.suno.com.br\/artigos\/bacen\/\"><strong>Banco Central (BC)<\/strong><\/a> decidiu nesta quarta-feira (30) cortar de 0,50 ponto percentual da <a href=\"https:\/\/www.suno.com.br\/artigos\/taxa-selic\/\">taxa b\u00e1sica de juros (Selic)<\/a>.<\/p>\t<div class=\"wrapper-featured-image\">\n\t\t<figure class=\"spotlightImg\">\n\n\t\t\t<picture>\n\t\t\t\t<source media=\"(max-width: 768px)\" srcset=\"https:\/\/files.sunoresearch.com.br\/n\/uploads\/2018\/12\/521c980b-banco-central-do-brasil3-400x200.webp\">\n\t\t\t\t<img loading=\"lazy\" decoding=\"async\" class=\"newsContent__article__imgCapa lazyloadDisabled newsContent__article__imgCapa--noCaption\" src=\"https:\/\/files.sunoresearch.com.br\/n\/uploads\/2018\/12\/521c980b-banco-central-do-brasil3-800x450.webp\" width=\"800\" height=\"450\" alt=\"Banco Central corta Selic em 0,50%; taxa fica em 5% ao ano\" fetchpriority=high \/>\n\t\t\t<\/picture>\n\n\t\t\t<figcaption class=\"wp-caption-text wp-caption-text--hide\">Banco Central decide sobre Selic Foto: Pinterest<\/figcaption>\n\t\t<\/figure>\n\t<\/div>\n\n\n\n<p>A taxa b\u00e1sica de juros ficou em 5,00% ao ano, em um nova m\u00ednima hist\u00f3rica. Essa foi a terceira vez que o <strong>BC<\/strong> corta a <strong>Selic<\/strong> desde o come\u00e7o do mandato de <strong><a href=\"https:\/\/www.suno.com.br\/noticias\/roberto-campos-neto-presidente-bc\/\">Roberto Campos Neto<\/a><\/strong>, no come\u00e7o de 2019.<\/p>\n<p><iframe loading=\"lazy\" title=\"?Corte da Selic e do Fed; expans\u00e3o da Magalu e resultados da Apple e Facebook\" width=\"200\" height=\"113\" src=\"https:\/\/www.youtube.com\/embed\/f2SdFArBpMY?feature=oembed\" frameborder=\"0\" allow=\"accelerometer; autoplay; encrypted-media; gyroscope; picture-in-picture\" allowfullscreen><\/iframe><\/p>\n<p>A decis\u00e3o do <strong>Banco Central<\/strong> tinha sido prevista pelos analistas do mercado, que ali\u00e1s previam uma queda ainda maior. O \u00faltimo <a href=\"https:\/\/www.suno.com.br\/artigos\/relatorio-focus\/\">Boletim Focus<\/a>, divulgado na \u00faltima segunda-feira (28), indicou uma previs\u00e3o de uma Selic em 4,50% at\u00e9 o final de 2019.<\/p>\n<p><a href=\"https:\/\/www.suno.com.br\/noticias\/boletim-focus-reduz-selic-21102019\/\">Saiba mais: Boletim Focus reduz previs\u00e3o da Taxa Selic para 4,50%<\/a><\/p>\n<p>Segundo o Banco Central, a &#8220;evolu\u00e7\u00e3o do cen\u00e1rio b\u00e1sico e o balan\u00e7o de riscos prescrevem ajustes no grau de est\u00edmulo&#8221;. A institui\u00e7\u00e3o monet\u00e1ria central brasileira salientou que &#8220;o cen\u00e1rio benigno para a infla\u00e7\u00e3o deve permitir ajuste adicional de igual magnitude&#8221;.<\/p>\n<h2>Cen\u00e1rio macroecon\u00f4mico levou a corte da Selic<\/h2>\n<p>O novo corte da Selic foi motivado pelo cen\u00e1rio macroecon\u00f4mico. O <a href=\"https:\/\/www.suno.com.br\/artigos\/ipca\/\"><strong>\u00cdndice Nacional de Pre\u00e7os ao Consumidor Amplo<\/strong><\/a> (IPCA) foi de -0,04% em setembro. Essa foi o menor resultado para um m\u00eas de setembro desde 1998, quando o \u00edndice ficou em -0,22%. No m\u00eas de agosto, o \u00edndice registrou uma queda de -0,11%.<\/p>\n\t<p>\n\t\t<a href=\"https:\/\/lp.suno.com.br\/cl\/webinario-suno-black-2024\/\" target=\"_blank\" data-element=\"shortcode-suno-banner\" title=\"Banner SUNO, clique e saiba mais\">\n\t\t\t<picture>\n\t\t\t\t<source media=\"(max-width: 500px)\" srcset=\"https:\/\/files.sunoresearch.com.br\/n\/uploads\/2024\/04\/400x300-Banner-Home-1.png\">\n\t\t\t\t<img class=\"newsContent__article__imgCapa newsContent__article__imgCapa--banner\"\n\t\t\t\t\tsrc=\"https:\/\/files.sunoresearch.com.br\/n\/uploads\/2024\/04\/400x300-Banner-Home-1.png\"\n\t\t\t\t\tdata-promo-id=\"102411\"\t\t\t\t\t\t\t\t\t\twidth='401' height='300'\t\t\t\t\talt=\"https:\/\/files.sunoresearch.com.br\/n\/uploads\/2024\/04\/400x300-Banner-Home-1.png\"\n\t\t\t\t>\n\t\t\t<\/picture>\n\t\t<\/a>\n\t<\/p>\n\n\n<p>O \u00faltimo Boletim Focus previu um IPCA de 3,26% em 2019. Um resultado em queda em rela\u00e7\u00e3o aos 3,29% previstos precedentemente.<\/p>\n<p>A meta do governo para o <strong>IPCA<\/strong> no acumulado para o ano \u00e9 de 4,25%. At\u00e9 setembro, a infla\u00e7\u00e3o oficial do Brasil ficou em 2,49%.<\/p>\n<p>Por outro lado, a atividade econ\u00f4mica continua fraca.\u00a0O <strong><a href=\"https:\/\/www.suno.com.br\/noticias\/tags\/ibc-br\/\">\u00cdndice de Atividade Econ\u00f4mica do Banco Central (IBC-Br)<\/a><\/strong> subiu 0,07% em agosto em compara\u00e7\u00e3o a julho. O \u00edndice \u00e9 considerado uma pr\u00e9via do <a href=\"https:\/\/www.suno.com.br\/artigos\/pib-produto-interno-bruto\/\"><strong>Produto Interno Bruto (PIB)<\/strong><\/a>.<\/p>\n<p><a href=\"https:\/\/www.suno.com.br\/noticias\/fitch-pib-brasil-eua-china\/\">Saiba mais: Fitch reduz previs\u00e3o de expans\u00e3o do PIB global e do Brasil para 2019\u00a0<\/a><\/p>\n<p>Al\u00e9m disso, a taxa de desemprego continua elevada, em 11,9% em setembro.<\/p>\n<h2>Poss\u00edvel novo corte at\u00e9 final de 2019<\/h2>\n<p>Mesmo com o corte desta quarta, alguns bancos continuam prevendo um corte ainda maior da taxa de juros, que poderia chegar em 4,75%. Entre eles, por exemplo, est\u00e1 o <strong>Banco Inter,<\/strong> que prev\u00ea a manuten\u00e7\u00e3o dessa taxa at\u00e9 o final de 2020.<\/p>\n<p><a href=\"https:\/\/www.suno.com.br\/noticias\/banco-inter-reducao-selic-475-2019\/\">Saiba mais: Banco Inter prev\u00ea redu\u00e7\u00e3o da taxa Selic para 4,75% em 2019<\/a><\/p>\n<p>Al\u00e9m do <strong>Banco Inter,<\/strong> tamb\u00e9m o <strong>Bradesco<\/strong> indica uma ampla margem para um est\u00edmulo monet\u00e1rio da <strong>atividade<\/strong> <strong>econ\u00f4mica<\/strong> no Brasil por meio de um novo corte da <strong>Selic.<\/strong><\/p>\n","protected":false},"excerpt":{"rendered":"<p>O Comit\u00ea de Pol\u00edtica Monet\u00e1ria (Copom) do Banco Central (BC) decidiu nesta quarta-feira (30) cortar de 0,50 ponto percentual da taxa b\u00e1sica de juros (Selic). Banco Central decide sobre Selic Foto: Pinterest A taxa b\u00e1sica de juros ficou em 5,00% ao ano, em um nova m\u00ednima hist\u00f3rica. Essa foi a terceira vez que o BC [&hellip;]<\/p>\n","protected":false},"author":9,"featured_media":9722,"comment_status":"closed","ping_status":"closed","sticky":false,"template":"","format":"standard","meta":[],"categories":[62],"tags":[1842,290],"suno_strategy":[],"class_list":["post-43052","post","type-post","status-publish","format-standard","has-post-thumbnail","hentry","category-economia","tag-banco-central-bc","tag-taxa-selic"],"yoast_head":"<!-- This site is optimized with the Yoast SEO plugin v24.4 - https:\/\/yoast.com\/wordpress\/plugins\/seo\/ -->\n<title>Banco Central corta Selic de 0,50%, taxa fica em 5% ao ano<\/title>\n<meta name=\"description\" content=\"O Copom do Banco Central (BC) decidiu nesta quarta-feira cortar de 0,50 ponto percentual a Selic. Clique aqui para saber mais.\" \/>\n<meta name=\"robots\" content=\"index, follow, max-snippet:-1, max-image-preview:large, max-video-preview:-1\" \/>\n<link rel=\"canonical\" href=\"https:\/\/www.suno.com.br\/noticias\/banco-central-corta-selic-30102019\/\" \/>\n<meta property=\"og:locale\" content=\"pt_BR\" \/>\n<meta property=\"og:type\" content=\"article\" \/>\n<meta property=\"og:title\" content=\"Banco Central corta Selic de 0,50%, taxa fica em 5% ao ano\" \/>\n<meta property=\"og:description\" content=\"O Copom do Banco Central (BC) decidiu nesta quarta-feira cortar de 0,50 ponto percentual a Selic. Clique aqui para saber mais.\" \/>\n<meta property=\"og:url\" content=\"https:\/\/www.suno.com.br\/noticias\/banco-central-corta-selic-30102019\/\" \/>\n<meta property=\"og:site_name\" content=\"Suno Not\u00edcias\" \/>\n<meta property=\"article:publisher\" content=\"https:\/\/facebook.com\/sunoresearch\" \/>\n<meta property=\"og:image\" content=\"https:\/\/files.sunoresearch.com.br\/n\/uploads\/2018\/12\/521c980b-banco-central-do-brasil3.jpg\" \/>\n\t<meta property=\"og:image:width\" content=\"1030\" \/>\n\t<meta property=\"og:image:height\" content=\"687\" \/>\n\t<meta property=\"og:image:type\" content=\"image\/jpeg\" \/>\n<meta name=\"author\" content=\"Carlo Cauti\" \/>\n<meta name=\"twitter:card\" content=\"summary_large_image\" \/>\n<meta name=\"twitter:creator\" content=\"@sunoresearch\" \/>\n<meta name=\"twitter:site\" content=\"@sunoresearch\" \/>\n<meta name=\"twitter:label1\" content=\"Escrito por\" \/>\n\t<meta name=\"twitter:data1\" content=\"Carlo Cauti\" \/>\n\t<meta name=\"twitter:label2\" content=\"Est. tempo de leitura\" \/>\n\t<meta name=\"twitter:data2\" content=\"2 minutos\" \/>\n<script type=\"application\/ld+json\" class=\"yoast-schema-graph\">{\"@context\":\"https:\/\/schema.org\",\"@graph\":[{\"@type\":\"NewsArticle\",\"@id\":\"https:\/\/www.suno.com.br\/noticias\/banco-central-corta-selic-30102019\/#article\",\"isPartOf\":{\"@id\":\"https:\/\/www.suno.com.br\/noticias\/banco-central-corta-selic-30102019\/\"},\"author\":{\"name\":\"Carlo Cauti\",\"@id\":\"https:\/\/www.suno.com.br\/noticias\/#\/schema\/person\/e6e0f723cc177805027f4566c1d5e0c8\"},\"headline\":\"Banco Central corta Selic em 0,50%; taxa fica em 5% ao ano\",\"datePublished\":\"2019-10-30T21:09:37+00:00\",\"dateModified\":\"2019-10-31T23:25:17+00:00\",\"mainEntityOfPage\":{\"@id\":\"https:\/\/www.suno.com.br\/noticias\/banco-central-corta-selic-30102019\/\"},\"wordCount\":462,\"publisher\":{\"@id\":\"https:\/\/www.suno.com.br\/noticias\/#organization\"},\"image\":{\"@id\":\"https:\/\/www.suno.com.br\/noticias\/banco-central-corta-selic-30102019\/#primaryimage\"},\"thumbnailUrl\":\"https:\/\/files.sunoresearch.com.br\/n\/uploads\/2018\/12\/521c980b-banco-central-do-brasil3-jpg.webp\",\"keywords\":[\"Banco Central (BC)\",\"Taxa Selic\"],\"articleSection\":[\"Economia\"],\"inLanguage\":\"pt-BR\"},{\"@type\":\"WebPage\",\"@id\":\"https:\/\/www.suno.com.br\/noticias\/banco-central-corta-selic-30102019\/\",\"url\":\"https:\/\/www.suno.com.br\/noticias\/banco-central-corta-selic-30102019\/\",\"name\":\"Banco Central corta Selic de 0,50%, taxa fica em 5% ao ano\",\"isPartOf\":{\"@id\":\"https:\/\/www.suno.com.br\/noticias\/#website\"},\"primaryImageOfPage\":{\"@id\":\"https:\/\/www.suno.com.br\/noticias\/banco-central-corta-selic-30102019\/#primaryimage\"},\"image\":{\"@id\":\"https:\/\/www.suno.com.br\/noticias\/banco-central-corta-selic-30102019\/#primaryimage\"},\"thumbnailUrl\":\"https:\/\/files.sunoresearch.com.br\/n\/uploads\/2018\/12\/521c980b-banco-central-do-brasil3-jpg.webp\",\"datePublished\":\"2019-10-30T21:09:37+00:00\",\"dateModified\":\"2019-10-31T23:25:17+00:00\",\"description\":\"O Copom do Banco Central (BC) decidiu nesta quarta-feira cortar de 0,50 ponto percentual a Selic. Clique aqui para saber mais.\",\"breadcrumb\":{\"@id\":\"https:\/\/www.suno.com.br\/noticias\/banco-central-corta-selic-30102019\/#breadcrumb\"},\"inLanguage\":\"pt-BR\",\"potentialAction\":[{\"@type\":\"ReadAction\",\"target\":[\"https:\/\/www.suno.com.br\/noticias\/banco-central-corta-selic-30102019\/\"]}]},{\"@type\":\"ImageObject\",\"inLanguage\":\"pt-BR\",\"@id\":\"https:\/\/www.suno.com.br\/noticias\/banco-central-corta-selic-30102019\/#primaryimage\",\"url\":\"https:\/\/files.sunoresearch.com.br\/n\/uploads\/2018\/12\/521c980b-banco-central-do-brasil3-jpg.webp\",\"contentUrl\":\"https:\/\/files.sunoresearch.com.br\/n\/uploads\/2018\/12\/521c980b-banco-central-do-brasil3-jpg.webp\",\"width\":1030,\"height\":687,\"caption\":\"Banco Central decide sobre Selic Foto: Pinterest\"},{\"@type\":\"BreadcrumbList\",\"@id\":\"https:\/\/www.suno.com.br\/noticias\/banco-central-corta-selic-30102019\/#breadcrumb\",\"itemListElement\":[{\"@type\":\"ListItem\",\"position\":1,\"name\":\"Not\u00edcias\",\"item\":\"https:\/\/www.suno.com.br\/noticias\/\"},{\"@type\":\"ListItem\",\"position\":2,\"name\":\"Economia\",\"item\":\"https:\/\/www.suno.com.br\/noticias\/economia\/\"},{\"@type\":\"ListItem\",\"position\":3,\"name\":\"Banco Central corta Selic em 0,50%; taxa fica em 5% ao ano\"}]},{\"@type\":\"WebSite\",\"@id\":\"https:\/\/www.suno.com.br\/noticias\/#website\",\"url\":\"https:\/\/www.suno.com.br\/noticias\/\",\"name\":\"Suno Not\u00edcias\",\"description\":\"Seu portal de informa\u00e7\u00e3o sobre o mundo dos investimentos\",\"publisher\":{\"@id\":\"https:\/\/www.suno.com.br\/noticias\/#organization\"},\"potentialAction\":[{\"@type\":\"SearchAction\",\"target\":{\"@type\":\"EntryPoint\",\"urlTemplate\":\"https:\/\/www.suno.com.br\/noticias\/?s={search_term_string}\"},\"query-input\":{\"@type\":\"PropertyValueSpecification\",\"valueRequired\":true,\"valueName\":\"search_term_string\"}}],\"inLanguage\":\"pt-BR\"},{\"@type\":\"Organization\",\"@id\":\"https:\/\/www.suno.com.br\/noticias\/#organization\",\"name\":\"Suno Not\u00edcias\",\"url\":\"https:\/\/www.suno.com.br\/noticias\/\",\"logo\":{\"@type\":\"ImageObject\",\"inLanguage\":\"pt-BR\",\"@id\":\"https:\/\/www.suno.com.br\/noticias\/#\/schema\/logo\/image\/\",\"url\":\"https:\/\/files.sunoresearch.com.br\/n\/uploads\/2021\/09\/suno-logo.png\",\"contentUrl\":\"https:\/\/files.sunoresearch.com.br\/n\/uploads\/2021\/09\/suno-logo.png\",\"width\":180,\"height\":180,\"caption\":\"Suno Not\u00edcias\"},\"image\":{\"@id\":\"https:\/\/www.suno.com.br\/noticias\/#\/schema\/logo\/image\/\"},\"sameAs\":[\"https:\/\/facebook.com\/sunoresearch\",\"https:\/\/x.com\/sunoresearch\",\"https:\/\/www.instagram.com\/suno\",\"https:\/\/www.linkedin.com\/company\/suno-research\/\",\"https:\/\/www.youtube.com\/c\/sunoresearch\"]},{\"@type\":\"Person\",\"@id\":\"https:\/\/www.suno.com.br\/noticias\/#\/schema\/person\/e6e0f723cc177805027f4566c1d5e0c8\",\"name\":\"Carlo Cauti\",\"image\":{\"@type\":\"ImageObject\",\"inLanguage\":\"pt-BR\",\"@id\":\"https:\/\/www.suno.com.br\/noticias\/#\/schema\/person\/image\/\",\"url\":\"https:\/\/secure.gravatar.com\/avatar\/3ada9e0bd164c23abd4792a9606d583c?s=96&r=g\",\"contentUrl\":\"https:\/\/secure.gravatar.com\/avatar\/3ada9e0bd164c23abd4792a9606d583c?s=96&r=g\",\"caption\":\"Carlo Cauti\"},\"description\":\"Editor multim\u00eddia do SUNO Not\u00edcias. Italiano, formado em Ci\u00eancias Pol\u00edticas pela universidade LUISS G. Carli de Roma e mestre cum laude em Rela\u00e7\u00f5es Internacionais, Jornalismo Internacional e de Guerra e em Economia Internacional. Concluiu tamb\u00e9m um MBA em Finan\u00e7as na B3. No Brasil, teve passagem por ve\u00edculos como Estad\u00e3o, Globo, Veja e EXAME. e nas ag\u00eancias de not\u00edcias italianas ANSA e NOVA.\",\"url\":\"https:\/\/www.suno.com.br\/noticias\/author\/carlo-cauti\/\"}]}<\/script>\n<!-- \/ Yoast SEO plugin. -->","yoast_head_json":{"title":"Banco Central corta Selic de 0,50%, taxa fica em 5% ao ano","description":"O Copom do Banco Central (BC) decidiu nesta quarta-feira cortar de 0,50 ponto percentual a Selic. Clique aqui para saber mais.","robots":{"index":"index","follow":"follow","max-snippet":"max-snippet:-1","max-image-preview":"max-image-preview:large","max-video-preview":"max-video-preview:-1"},"canonical":"https:\/\/www.suno.com.br\/noticias\/banco-central-corta-selic-30102019\/","og_locale":"pt_BR","og_type":"article","og_title":"Banco Central corta Selic de 0,50%, taxa fica em 5% ao ano","og_description":"O Copom do Banco Central (BC) decidiu nesta quarta-feira cortar de 0,50 ponto percentual a Selic. Clique aqui para saber mais.","og_url":"https:\/\/www.suno.com.br\/noticias\/banco-central-corta-selic-30102019\/","og_site_name":"Suno Not\u00edcias","article_publisher":"https:\/\/facebook.com\/sunoresearch","og_image":[{"width":1030,"height":687,"url":"https:\/\/files.sunoresearch.com.br\/n\/uploads\/2018\/12\/521c980b-banco-central-do-brasil3.jpg","type":"image\/jpeg"}],"author":"Carlo Cauti","twitter_card":"summary_large_image","twitter_creator":"@sunoresearch","twitter_site":"@sunoresearch","twitter_misc":{"Escrito por":"Carlo Cauti","Est. tempo de leitura":"2 minutos"},"schema":{"@context":"https:\/\/schema.org","@graph":[{"@type":"NewsArticle","@id":"https:\/\/www.suno.com.br\/noticias\/banco-central-corta-selic-30102019\/#article","isPartOf":{"@id":"https:\/\/www.suno.com.br\/noticias\/banco-central-corta-selic-30102019\/"},"author":{"name":"Carlo Cauti","@id":"https:\/\/www.suno.com.br\/noticias\/#\/schema\/person\/e6e0f723cc177805027f4566c1d5e0c8"},"headline":"Banco Central corta Selic em 0,50%; taxa fica em 5% ao ano","datePublished":"2019-10-30T21:09:37+00:00","dateModified":"2019-10-31T23:25:17+00:00","mainEntityOfPage":{"@id":"https:\/\/www.suno.com.br\/noticias\/banco-central-corta-selic-30102019\/"},"wordCount":462,"publisher":{"@id":"https:\/\/www.suno.com.br\/noticias\/#organization"},"image":{"@id":"https:\/\/www.suno.com.br\/noticias\/banco-central-corta-selic-30102019\/#primaryimage"},"thumbnailUrl":"https:\/\/files.sunoresearch.com.br\/n\/uploads\/2018\/12\/521c980b-banco-central-do-brasil3-jpg.webp","keywords":["Banco Central (BC)","Taxa Selic"],"articleSection":["Economia"],"inLanguage":"pt-BR"},{"@type":"WebPage","@id":"https:\/\/www.suno.com.br\/noticias\/banco-central-corta-selic-30102019\/","url":"https:\/\/www.suno.com.br\/noticias\/banco-central-corta-selic-30102019\/","name":"Banco Central corta Selic de 0,50%, taxa fica em 5% ao ano","isPartOf":{"@id":"https:\/\/www.suno.com.br\/noticias\/#website"},"primaryImageOfPage":{"@id":"https:\/\/www.suno.com.br\/noticias\/banco-central-corta-selic-30102019\/#primaryimage"},"image":{"@id":"https:\/\/www.suno.com.br\/noticias\/banco-central-corta-selic-30102019\/#primaryimage"},"thumbnailUrl":"https:\/\/files.sunoresearch.com.br\/n\/uploads\/2018\/12\/521c980b-banco-central-do-brasil3-jpg.webp","datePublished":"2019-10-30T21:09:37+00:00","dateModified":"2019-10-31T23:25:17+00:00","description":"O Copom do Banco Central (BC) decidiu nesta quarta-feira cortar de 0,50 ponto percentual a Selic. Clique aqui para saber mais.","breadcrumb":{"@id":"https:\/\/www.suno.com.br\/noticias\/banco-central-corta-selic-30102019\/#breadcrumb"},"inLanguage":"pt-BR","potentialAction":[{"@type":"ReadAction","target":["https:\/\/www.suno.com.br\/noticias\/banco-central-corta-selic-30102019\/"]}]},{"@type":"ImageObject","inLanguage":"pt-BR","@id":"https:\/\/www.suno.com.br\/noticias\/banco-central-corta-selic-30102019\/#primaryimage","url":"https:\/\/files.sunoresearch.com.br\/n\/uploads\/2018\/12\/521c980b-banco-central-do-brasil3-jpg.webp","contentUrl":"https:\/\/files.sunoresearch.com.br\/n\/uploads\/2018\/12\/521c980b-banco-central-do-brasil3-jpg.webp","width":1030,"height":687,"caption":"Banco Central decide sobre Selic Foto: Pinterest"},{"@type":"BreadcrumbList","@id":"https:\/\/www.suno.com.br\/noticias\/banco-central-corta-selic-30102019\/#breadcrumb","itemListElement":[{"@type":"ListItem","position":1,"name":"Not\u00edcias","item":"https:\/\/www.suno.com.br\/noticias\/"},{"@type":"ListItem","position":2,"name":"Economia","item":"https:\/\/www.suno.com.br\/noticias\/economia\/"},{"@type":"ListItem","position":3,"name":"Banco Central corta Selic em 0,50%; taxa fica em 5% ao ano"}]},{"@type":"WebSite","@id":"https:\/\/www.suno.com.br\/noticias\/#website","url":"https:\/\/www.suno.com.br\/noticias\/","name":"Suno Not\u00edcias","description":"Seu portal de informa\u00e7\u00e3o sobre o mundo dos investimentos","publisher":{"@id":"https:\/\/www.suno.com.br\/noticias\/#organization"},"potentialAction":[{"@type":"SearchAction","target":{"@type":"EntryPoint","urlTemplate":"https:\/\/www.suno.com.br\/noticias\/?s={search_term_string}"},"query-input":{"@type":"PropertyValueSpecification","valueRequired":true,"valueName":"search_term_string"}}],"inLanguage":"pt-BR"},{"@type":"Organization","@id":"https:\/\/www.suno.com.br\/noticias\/#organization","name":"Suno Not\u00edcias","url":"https:\/\/www.suno.com.br\/noticias\/","logo":{"@type":"ImageObject","inLanguage":"pt-BR","@id":"https:\/\/www.suno.com.br\/noticias\/#\/schema\/logo\/image\/","url":"https:\/\/files.sunoresearch.com.br\/n\/uploads\/2021\/09\/suno-logo.png","contentUrl":"https:\/\/files.sunoresearch.com.br\/n\/uploads\/2021\/09\/suno-logo.png","width":180,"height":180,"caption":"Suno Not\u00edcias"},"image":{"@id":"https:\/\/www.suno.com.br\/noticias\/#\/schema\/logo\/image\/"},"sameAs":["https:\/\/facebook.com\/sunoresearch","https:\/\/x.com\/sunoresearch","https:\/\/www.instagram.com\/suno","https:\/\/www.linkedin.com\/company\/suno-research\/","https:\/\/www.youtube.com\/c\/sunoresearch"]},{"@type":"Person","@id":"https:\/\/www.suno.com.br\/noticias\/#\/schema\/person\/e6e0f723cc177805027f4566c1d5e0c8","name":"Carlo Cauti","image":{"@type":"ImageObject","inLanguage":"pt-BR","@id":"https:\/\/www.suno.com.br\/noticias\/#\/schema\/person\/image\/","url":"https:\/\/secure.gravatar.com\/avatar\/3ada9e0bd164c23abd4792a9606d583c?s=96&r=g","contentUrl":"https:\/\/secure.gravatar.com\/avatar\/3ada9e0bd164c23abd4792a9606d583c?s=96&r=g","caption":"Carlo Cauti"},"description":"Editor multim\u00eddia do SUNO Not\u00edcias. Italiano, formado em Ci\u00eancias Pol\u00edticas pela universidade LUISS G. Carli de Roma e mestre cum laude em Rela\u00e7\u00f5es Internacionais, Jornalismo Internacional e de Guerra e em Economia Internacional. Concluiu tamb\u00e9m um MBA em Finan\u00e7as na B3. No Brasil, teve passagem por ve\u00edculos como Estad\u00e3o, Globo, Veja e EXAME. e nas ag\u00eancias de not\u00edcias italianas ANSA e NOVA.","url":"https:\/\/www.suno.com.br\/noticias\/author\/carlo-cauti\/"}]}},"default_loop_html":"<div class=\"cardsPage__listCard__boxs\"><div class=\"cardsPage__listCard__boxs__img\"><a href=\"https:\/\/www.suno.com.br\/noticias\/banco-central-corta-selic-30102019\/\"><img class=\"mask\" src=\"https:\/\/www.suno.com.br\/noticias\/wp-content\/themes\/suno\/resources\/images\/spotlight\/spotlight1img\/bg-mask.png\" alt=\"Image Mask\"\/><img src=\"https:\/\/files.sunoresearch.com.br\/n\/uploads\/2018\/12\/521c980b-banco-central-do-brasil3-400x200.webp\" alt=\"Banco Central corta Selic em 0,50%; taxa fica em 5% ao ano\"\/><\/a><span class=\"spotlightCategory\"><a href=\"https:\/\/www.suno.com.br\/noticias\/economia\/\">Economia<\/a><\/span><\/div><div class=\"cardsPage__listCard__boxs__content\"><a href=\"https:\/\/www.suno.com.br\/noticias\/banco-central-corta-selic-30102019\/\"><h2 class=\"content__title\">Banco Central corta Selic em 0,50%; taxa fica em 5% ao ano<\/h2><\/a><div class=\"newsContent__article__meta\"><div class=\"newsContent__article__meta__authorBox\"><a href=\"https:\/\/www.suno.com.br\/noticias\/author\/carlo-cauti\/\" class=\"authorBox__avatar noMobi\"><img src=\"https:\/\/files.sunoresearch.com.br\/n\/uploads\/2020\/08\/e3745f9a-perfil-carlo-cauti-150x150.webp\" alt=\"Carlo Cauti\"><\/a><div class=\"authorBox__name\"><span>por\n\t\t\t<a href=\"https:\/\/www.suno.com.br\/noticias\/author\/carlo-cauti\/\"><span itemprop=\"author\">Carlo Cauti<\/span><\/a><\/span><time datetime=\"2019-10-30T19:09:37-03:00\" itemprop=\"datePublished\">30\/10\/2019 19:09<\/time><\/div><\/div><\/div><\/div><\/div>","single_layout":"posts","amp_enabled":true,"_links":{"self":[{"href":"https:\/\/www.suno.com.br\/noticias\/wp-json\/wp\/v2\/posts\/43052"}],"collection":[{"href":"https:\/\/www.suno.com.br\/noticias\/wp-json\/wp\/v2\/posts"}],"about":[{"href":"https:\/\/www.suno.com.br\/noticias\/wp-json\/wp\/v2\/types\/post"}],"author":[{"embeddable":true,"href":"https:\/\/www.suno.com.br\/noticias\/wp-json\/wp\/v2\/users\/9"}],"replies":[{"embeddable":true,"href":"https:\/\/www.suno.com.br\/noticias\/wp-json\/wp\/v2\/comments?post=43052"}],"version-history":[{"count":0,"href":"https:\/\/www.suno.com.br\/noticias\/wp-json\/wp\/v2\/posts\/43052\/revisions"}],"wp:featuredmedia":[{"embeddable":true,"href":"https:\/\/www.suno.com.br\/noticias\/wp-json\/wp\/v2\/media\/9722"}],"wp:attachment":[{"href":"https:\/\/www.suno.com.br\/noticias\/wp-json\/wp\/v2\/media?parent=43052"}],"wp:term":[{"taxonomy":"category","embeddable":true,"href":"https:\/\/www.suno.com.br\/noticias\/wp-json\/wp\/v2\/categories?post=43052"},{"taxonomy":"post_tag","embeddable":true,"href":"https:\/\/www.suno.com.br\/noticias\/wp-json\/wp\/v2\/tags?post=43052"},{"taxonomy":"suno_strategy","embeddable":true,"href":"https:\/\/www.suno.com.br\/noticias\/wp-json\/wp\/v2\/suno_strategy?post=43052"}],"curies":[{"name":"wp","href":"https:\/\/api.w.org\/{rel}","templated":true}]}}