{"id":4305,"date":"2018-09-24T16:13:39","date_gmt":"2018-09-24T19:13:39","guid":{"rendered":"https:\/\/www.suno.com.br\/noticias\/?p=4305"},"modified":"2018-09-24T17:12:19","modified_gmt":"2018-09-24T20:12:19","slug":"trump-coreia-eua-kim","status":"publish","type":"post","link":"https:\/\/www.suno.com.br\/noticias\/trump-coreia-eua-kim\/","title":{"rendered":"Trump diz que existem progressos nas rela\u00e7\u00f5es entre Estados Unidos e Coreia do Norte"},"content":{"rendered":"<p>Em entrevista em Washington o presidente norte-americano, Donald Trump,\u00a0 afirmou estar fazendo progressos nas rela\u00e7\u00f5es com a Coreia do Norte e que a situa\u00e7\u00e3o na regi\u00e3o das Coreias devem ser discutidas entre Seul e Pyongyang<\/p>\t<div class=\"wrapper-featured-image\">\n\t\t<figure class=\"spotlightImg\">\n\n\t\t\t<picture>\n\t\t\t\t<source media=\"(max-width: 768px)\" srcset=\"https:\/\/files.sunoresearch.com.br\/n\/uploads\/2018\/09\/7398e422-17008539407_a18c587c5c_k-400x200.webp\">\n\t\t\t\t<img loading=\"lazy\" decoding=\"async\" class=\"newsContent__article__imgCapa lazyloadDisabled newsContent__article__imgCapa--noCaption\" src=\"https:\/\/files.sunoresearch.com.br\/n\/uploads\/2018\/09\/7398e422-17008539407_a18c587c5c_k-800x450.webp\" width=\"800\" height=\"450\" alt=\"Trump diz que existem progressos nas rela\u00e7\u00f5es entre Estados Unidos e Coreia do Norte\" fetchpriority=high \/>\n\t\t\t<\/picture>\n\n\t\t\t<figcaption class=\"wp-caption-text wp-caption-text--hide\"><\/figcaption>\n\t\t<\/figure>\n\t<\/div>\n\n\n<p>&#8221; O l\u00edder da Cor\u00e9ia do Norte, Kim Jong Un, est\u00e1 aberto para negocia\u00e7\u00f5es e tem sido \u00f3timo e franco, disse Donald Trump, na Casa Branca.<\/p>\n<p>Esta nova etapa do relacionamento entre os dois presidentes acontece um ano ap\u00f3s Trump ter amea\u00e7ado \u201cdestruir totalmente\u201d a Cor\u00e9ia do Norte em seu primeiro discurso na Assembleia Geral da ONU.<\/p>\n<p>Al\u00e9m disso, o l\u00edder norte-coreano prometeu \u00e0 Seul, acabar com um local de teste de m\u00edsseis e tamb\u00e9m com um complexo nuclear, fazendo com que Trump respondesse as medidas de Kim como &#8221; correspondente\u201d.<\/p>\n<p>Agora, na pr\u00f3xima Assembleia Geral da ONU de amanh\u00e3 Donald Trump, afirmou que falar\u00e1 oficialmente os modos nos quais as rela\u00e7\u00f5es entre os dois pa\u00edses melhoraram.<\/p>\n<p>&nbsp;<\/p>\n","protected":false},"excerpt":{"rendered":"<p>Em entrevista em Washington o presidente norte-americano, Donald Trump,\u00a0 afirmou estar fazendo progressos nas rela\u00e7\u00f5es com a Coreia do Norte e que a situa\u00e7\u00e3o na regi\u00e3o das Coreias devem ser discutidas entre Seul e Pyongyang &#8221; O l\u00edder da Cor\u00e9ia do Norte, Kim Jong Un, est\u00e1 aberto para negocia\u00e7\u00f5es e tem sido \u00f3timo e franco, [&hellip;]<\/p>\n","protected":false},"author":6,"featured_media":3973,"comment_status":"closed","ping_status":"closed","sticky":false,"template":"","format":"standard","meta":[],"categories":[63],"tags":[724],"suno_strategy":[],"class_list":["post-4305","post","type-post","status-publish","format-standard","has-post-thumbnail","hentry","category-internacional","tag-donald-trump"],"yoast_head":"<!-- This site is optimized with the Yoast SEO plugin v24.4 - https:\/\/yoast.com\/wordpress\/plugins\/seo\/ -->\n<title>Trump diz que existem progressos nas rela\u00e7\u00f5es entre Estados Unidos e Coreia do Norte<\/title>\n<meta name=\"robots\" content=\"index, follow, max-snippet:-1, max-image-preview:large, max-video-preview:-1\" \/>\n<link rel=\"canonical\" href=\"https:\/\/www.suno.com.br\/noticias\/trump-coreia-eua-kim\/\" \/>\n<meta property=\"og:locale\" content=\"pt_BR\" \/>\n<meta property=\"og:type\" content=\"article\" \/>\n<meta property=\"og:title\" content=\"Trump diz que existem progressos nas rela\u00e7\u00f5es entre Estados Unidos e Coreia do Norte\" \/>\n<meta property=\"og:description\" content=\"Em entrevista em Washington o presidente norte-americano, Donald Trump,\u00a0 afirmou estar fazendo progressos nas rela\u00e7\u00f5es com a Coreia do Norte e que a situa\u00e7\u00e3o na regi\u00e3o das Coreias devem ser discutidas entre Seul e Pyongyang &#8221; O l\u00edder da Cor\u00e9ia do Norte, Kim Jong Un, est\u00e1 aberto para negocia\u00e7\u00f5es e tem sido \u00f3timo e franco, [&hellip;]\" \/>\n<meta property=\"og:url\" content=\"https:\/\/www.suno.com.br\/noticias\/trump-coreia-eua-kim\/\" \/>\n<meta property=\"og:site_name\" content=\"Suno Not\u00edcias\" \/>\n<meta property=\"article:publisher\" content=\"https:\/\/facebook.com\/sunoresearch\" \/>\n<meta property=\"article:author\" content=\"https:\/\/www.linkedin.com\/in\/paulo-jaschke-328221168\/\" \/>\n<meta property=\"og:image\" content=\"https:\/\/files.sunoresearch.com.br\/n\/uploads\/2018\/09\/7398e422-17008539407_a18c587c5c_k.jpg\" \/>\n\t<meta property=\"og:image:width\" content=\"2048\" \/>\n\t<meta property=\"og:image:height\" content=\"1365\" \/>\n\t<meta property=\"og:image:type\" content=\"image\/jpeg\" \/>\n<meta name=\"author\" content=\"Paulo Jaschke\" \/>\n<meta name=\"twitter:card\" content=\"summary_large_image\" \/>\n<meta name=\"twitter:creator\" content=\"@sunoresearch\" \/>\n<meta name=\"twitter:site\" content=\"@sunoresearch\" \/>\n<meta name=\"twitter:label1\" content=\"Escrito por\" \/>\n\t<meta name=\"twitter:data1\" content=\"Paulo Jaschke\" \/>\n\t<meta name=\"twitter:label2\" content=\"Est. tempo de leitura\" \/>\n\t<meta name=\"twitter:data2\" content=\"1 minuto\" \/>\n<script type=\"application\/ld+json\" class=\"yoast-schema-graph\">{\"@context\":\"https:\/\/schema.org\",\"@graph\":[{\"@type\":\"NewsArticle\",\"@id\":\"https:\/\/www.suno.com.br\/noticias\/trump-coreia-eua-kim\/#article\",\"isPartOf\":{\"@id\":\"https:\/\/www.suno.com.br\/noticias\/trump-coreia-eua-kim\/\"},\"author\":{\"name\":\"Paulo Jaschke\",\"@id\":\"https:\/\/www.suno.com.br\/noticias\/#\/schema\/person\/edc78e26bff487bcad4a7d5e75ca2938\"},\"headline\":\"Trump diz que existem progressos nas rela\u00e7\u00f5es entre Estados Unidos e Coreia do Norte\",\"datePublished\":\"2018-09-24T19:13:39+00:00\",\"dateModified\":\"2018-09-24T20:12:19+00:00\",\"mainEntityOfPage\":{\"@id\":\"https:\/\/www.suno.com.br\/noticias\/trump-coreia-eua-kim\/\"},\"wordCount\":181,\"publisher\":{\"@id\":\"https:\/\/www.suno.com.br\/noticias\/#organization\"},\"image\":{\"@id\":\"https:\/\/www.suno.com.br\/noticias\/trump-coreia-eua-kim\/#primaryimage\"},\"thumbnailUrl\":\"https:\/\/files.sunoresearch.com.br\/n\/uploads\/2018\/09\/7398e422-17008539407_a18c587c5c_k-jpg.webp\",\"keywords\":[\"Donald Trump\"],\"articleSection\":[\"Internacional\"],\"inLanguage\":\"pt-BR\"},{\"@type\":\"WebPage\",\"@id\":\"https:\/\/www.suno.com.br\/noticias\/trump-coreia-eua-kim\/\",\"url\":\"https:\/\/www.suno.com.br\/noticias\/trump-coreia-eua-kim\/\",\"name\":\"Trump diz que existem progressos nas rela\u00e7\u00f5es entre Estados Unidos e Coreia do Norte\",\"isPartOf\":{\"@id\":\"https:\/\/www.suno.com.br\/noticias\/#website\"},\"primaryImageOfPage\":{\"@id\":\"https:\/\/www.suno.com.br\/noticias\/trump-coreia-eua-kim\/#primaryimage\"},\"image\":{\"@id\":\"https:\/\/www.suno.com.br\/noticias\/trump-coreia-eua-kim\/#primaryimage\"},\"thumbnailUrl\":\"https:\/\/files.sunoresearch.com.br\/n\/uploads\/2018\/09\/7398e422-17008539407_a18c587c5c_k-jpg.webp\",\"datePublished\":\"2018-09-24T19:13:39+00:00\",\"dateModified\":\"2018-09-24T20:12:19+00:00\",\"breadcrumb\":{\"@id\":\"https:\/\/www.suno.com.br\/noticias\/trump-coreia-eua-kim\/#breadcrumb\"},\"inLanguage\":\"pt-BR\",\"potentialAction\":[{\"@type\":\"ReadAction\",\"target\":[\"https:\/\/www.suno.com.br\/noticias\/trump-coreia-eua-kim\/\"]}]},{\"@type\":\"ImageObject\",\"inLanguage\":\"pt-BR\",\"@id\":\"https:\/\/www.suno.com.br\/noticias\/trump-coreia-eua-kim\/#primaryimage\",\"url\":\"https:\/\/files.sunoresearch.com.br\/n\/uploads\/2018\/09\/7398e422-17008539407_a18c587c5c_k-jpg.webp\",\"contentUrl\":\"https:\/\/files.sunoresearch.com.br\/n\/uploads\/2018\/09\/7398e422-17008539407_a18c587c5c_k-jpg.webp\",\"width\":2048,\"height\":1365},{\"@type\":\"BreadcrumbList\",\"@id\":\"https:\/\/www.suno.com.br\/noticias\/trump-coreia-eua-kim\/#breadcrumb\",\"itemListElement\":[{\"@type\":\"ListItem\",\"position\":1,\"name\":\"Not\u00edcias\",\"item\":\"https:\/\/www.suno.com.br\/noticias\/\"},{\"@type\":\"ListItem\",\"position\":2,\"name\":\"Internacional\",\"item\":\"https:\/\/www.suno.com.br\/noticias\/internacional\/\"},{\"@type\":\"ListItem\",\"position\":3,\"name\":\"Trump diz que existem progressos nas rela\u00e7\u00f5es entre Estados Unidos e Coreia do Norte\"}]},{\"@type\":\"WebSite\",\"@id\":\"https:\/\/www.suno.com.br\/noticias\/#website\",\"url\":\"https:\/\/www.suno.com.br\/noticias\/\",\"name\":\"Suno Not\u00edcias\",\"description\":\"Seu portal de informa\u00e7\u00e3o sobre o mundo dos investimentos\",\"publisher\":{\"@id\":\"https:\/\/www.suno.com.br\/noticias\/#organization\"},\"potentialAction\":[{\"@type\":\"SearchAction\",\"target\":{\"@type\":\"EntryPoint\",\"urlTemplate\":\"https:\/\/www.suno.com.br\/noticias\/?s={search_term_string}\"},\"query-input\":{\"@type\":\"PropertyValueSpecification\",\"valueRequired\":true,\"valueName\":\"search_term_string\"}}],\"inLanguage\":\"pt-BR\"},{\"@type\":\"Organization\",\"@id\":\"https:\/\/www.suno.com.br\/noticias\/#organization\",\"name\":\"Suno Not\u00edcias\",\"url\":\"https:\/\/www.suno.com.br\/noticias\/\",\"logo\":{\"@type\":\"ImageObject\",\"inLanguage\":\"pt-BR\",\"@id\":\"https:\/\/www.suno.com.br\/noticias\/#\/schema\/logo\/image\/\",\"url\":\"https:\/\/files.sunoresearch.com.br\/n\/uploads\/2021\/09\/suno-logo.png\",\"contentUrl\":\"https:\/\/files.sunoresearch.com.br\/n\/uploads\/2021\/09\/suno-logo.png\",\"width\":180,\"height\":180,\"caption\":\"Suno Not\u00edcias\"},\"image\":{\"@id\":\"https:\/\/www.suno.com.br\/noticias\/#\/schema\/logo\/image\/\"},\"sameAs\":[\"https:\/\/facebook.com\/sunoresearch\",\"https:\/\/x.com\/sunoresearch\",\"https:\/\/www.instagram.com\/suno\",\"https:\/\/www.linkedin.com\/company\/suno-research\/\",\"https:\/\/www.youtube.com\/c\/sunoresearch\"]},{\"@type\":\"Person\",\"@id\":\"https:\/\/www.suno.com.br\/noticias\/#\/schema\/person\/edc78e26bff487bcad4a7d5e75ca2938\",\"name\":\"Paulo Jaschke\",\"image\":{\"@type\":\"ImageObject\",\"inLanguage\":\"pt-BR\",\"@id\":\"https:\/\/www.suno.com.br\/noticias\/#\/schema\/person\/image\/\",\"url\":\"https:\/\/secure.gravatar.com\/avatar\/d866ede420b0a0e4741620ba27841b8f?s=96&r=g\",\"contentUrl\":\"https:\/\/secure.gravatar.com\/avatar\/d866ede420b0a0e4741620ba27841b8f?s=96&r=g\",\"caption\":\"Paulo Jaschke\"},\"description\":\"Paulo Jaschke \u00e9 estudante de jornalismo na ESPM-SP. Escreve sobre o mercado financeiro, economia e pol\u00edtica internacional para o portal da Suno Research. Tamb\u00e9m escreve sobre economia internacional na ag\u00eancia CMA e \u00e9 rep\u00f3rter esportivo pela Web r\u00e1dio EsportesNet. Em 2018, foi rep\u00f3rter esportivo pela R\u00e1dio ESPM na Copa do Mundo 2018 e escreveu para a Revista Plural ESPM.\",\"sameAs\":[\"https:\/\/www.suno.com.br\/\",\"https:\/\/www.linkedin.com\/in\/paulo-jaschke-328221168\/\"],\"url\":\"https:\/\/www.suno.com.br\/noticias\/author\/paulo-jaschke\/\"}]}<\/script>\n<!-- \/ Yoast SEO plugin. -->","yoast_head_json":{"title":"Trump diz que existem progressos nas rela\u00e7\u00f5es entre Estados Unidos e Coreia do Norte","robots":{"index":"index","follow":"follow","max-snippet":"max-snippet:-1","max-image-preview":"max-image-preview:large","max-video-preview":"max-video-preview:-1"},"canonical":"https:\/\/www.suno.com.br\/noticias\/trump-coreia-eua-kim\/","og_locale":"pt_BR","og_type":"article","og_title":"Trump diz que existem progressos nas rela\u00e7\u00f5es entre Estados Unidos e Coreia do Norte","og_description":"Em entrevista em Washington o presidente norte-americano, Donald Trump,\u00a0 afirmou estar fazendo progressos nas rela\u00e7\u00f5es com a Coreia do Norte e que a situa\u00e7\u00e3o na regi\u00e3o das Coreias devem ser discutidas entre Seul e Pyongyang &#8221; O l\u00edder da Cor\u00e9ia do Norte, Kim Jong Un, est\u00e1 aberto para negocia\u00e7\u00f5es e tem sido \u00f3timo e franco, [&hellip;]","og_url":"https:\/\/www.suno.com.br\/noticias\/trump-coreia-eua-kim\/","og_site_name":"Suno Not\u00edcias","article_publisher":"https:\/\/facebook.com\/sunoresearch","article_author":"https:\/\/www.linkedin.com\/in\/paulo-jaschke-328221168\/","og_image":[{"width":2048,"height":1365,"url":"https:\/\/files.sunoresearch.com.br\/n\/uploads\/2018\/09\/7398e422-17008539407_a18c587c5c_k.jpg","type":"image\/jpeg"}],"author":"Paulo Jaschke","twitter_card":"summary_large_image","twitter_creator":"@sunoresearch","twitter_site":"@sunoresearch","twitter_misc":{"Escrito por":"Paulo Jaschke","Est. tempo de leitura":"1 minuto"},"schema":{"@context":"https:\/\/schema.org","@graph":[{"@type":"NewsArticle","@id":"https:\/\/www.suno.com.br\/noticias\/trump-coreia-eua-kim\/#article","isPartOf":{"@id":"https:\/\/www.suno.com.br\/noticias\/trump-coreia-eua-kim\/"},"author":{"name":"Paulo Jaschke","@id":"https:\/\/www.suno.com.br\/noticias\/#\/schema\/person\/edc78e26bff487bcad4a7d5e75ca2938"},"headline":"Trump diz que existem progressos nas rela\u00e7\u00f5es entre Estados Unidos e Coreia do Norte","datePublished":"2018-09-24T19:13:39+00:00","dateModified":"2018-09-24T20:12:19+00:00","mainEntityOfPage":{"@id":"https:\/\/www.suno.com.br\/noticias\/trump-coreia-eua-kim\/"},"wordCount":181,"publisher":{"@id":"https:\/\/www.suno.com.br\/noticias\/#organization"},"image":{"@id":"https:\/\/www.suno.com.br\/noticias\/trump-coreia-eua-kim\/#primaryimage"},"thumbnailUrl":"https:\/\/files.sunoresearch.com.br\/n\/uploads\/2018\/09\/7398e422-17008539407_a18c587c5c_k-jpg.webp","keywords":["Donald Trump"],"articleSection":["Internacional"],"inLanguage":"pt-BR"},{"@type":"WebPage","@id":"https:\/\/www.suno.com.br\/noticias\/trump-coreia-eua-kim\/","url":"https:\/\/www.suno.com.br\/noticias\/trump-coreia-eua-kim\/","name":"Trump diz que existem progressos nas rela\u00e7\u00f5es entre Estados Unidos e Coreia do Norte","isPartOf":{"@id":"https:\/\/www.suno.com.br\/noticias\/#website"},"primaryImageOfPage":{"@id":"https:\/\/www.suno.com.br\/noticias\/trump-coreia-eua-kim\/#primaryimage"},"image":{"@id":"https:\/\/www.suno.com.br\/noticias\/trump-coreia-eua-kim\/#primaryimage"},"thumbnailUrl":"https:\/\/files.sunoresearch.com.br\/n\/uploads\/2018\/09\/7398e422-17008539407_a18c587c5c_k-jpg.webp","datePublished":"2018-09-24T19:13:39+00:00","dateModified":"2018-09-24T20:12:19+00:00","breadcrumb":{"@id":"https:\/\/www.suno.com.br\/noticias\/trump-coreia-eua-kim\/#breadcrumb"},"inLanguage":"pt-BR","potentialAction":[{"@type":"ReadAction","target":["https:\/\/www.suno.com.br\/noticias\/trump-coreia-eua-kim\/"]}]},{"@type":"ImageObject","inLanguage":"pt-BR","@id":"https:\/\/www.suno.com.br\/noticias\/trump-coreia-eua-kim\/#primaryimage","url":"https:\/\/files.sunoresearch.com.br\/n\/uploads\/2018\/09\/7398e422-17008539407_a18c587c5c_k-jpg.webp","contentUrl":"https:\/\/files.sunoresearch.com.br\/n\/uploads\/2018\/09\/7398e422-17008539407_a18c587c5c_k-jpg.webp","width":2048,"height":1365},{"@type":"BreadcrumbList","@id":"https:\/\/www.suno.com.br\/noticias\/trump-coreia-eua-kim\/#breadcrumb","itemListElement":[{"@type":"ListItem","position":1,"name":"Not\u00edcias","item":"https:\/\/www.suno.com.br\/noticias\/"},{"@type":"ListItem","position":2,"name":"Internacional","item":"https:\/\/www.suno.com.br\/noticias\/internacional\/"},{"@type":"ListItem","position":3,"name":"Trump diz que existem progressos nas rela\u00e7\u00f5es entre Estados Unidos e Coreia do Norte"}]},{"@type":"WebSite","@id":"https:\/\/www.suno.com.br\/noticias\/#website","url":"https:\/\/www.suno.com.br\/noticias\/","name":"Suno Not\u00edcias","description":"Seu portal de informa\u00e7\u00e3o sobre o mundo dos investimentos","publisher":{"@id":"https:\/\/www.suno.com.br\/noticias\/#organization"},"potentialAction":[{"@type":"SearchAction","target":{"@type":"EntryPoint","urlTemplate":"https:\/\/www.suno.com.br\/noticias\/?s={search_term_string}"},"query-input":{"@type":"PropertyValueSpecification","valueRequired":true,"valueName":"search_term_string"}}],"inLanguage":"pt-BR"},{"@type":"Organization","@id":"https:\/\/www.suno.com.br\/noticias\/#organization","name":"Suno Not\u00edcias","url":"https:\/\/www.suno.com.br\/noticias\/","logo":{"@type":"ImageObject","inLanguage":"pt-BR","@id":"https:\/\/www.suno.com.br\/noticias\/#\/schema\/logo\/image\/","url":"https:\/\/files.sunoresearch.com.br\/n\/uploads\/2021\/09\/suno-logo.png","contentUrl":"https:\/\/files.sunoresearch.com.br\/n\/uploads\/2021\/09\/suno-logo.png","width":180,"height":180,"caption":"Suno Not\u00edcias"},"image":{"@id":"https:\/\/www.suno.com.br\/noticias\/#\/schema\/logo\/image\/"},"sameAs":["https:\/\/facebook.com\/sunoresearch","https:\/\/x.com\/sunoresearch","https:\/\/www.instagram.com\/suno","https:\/\/www.linkedin.com\/company\/suno-research\/","https:\/\/www.youtube.com\/c\/sunoresearch"]},{"@type":"Person","@id":"https:\/\/www.suno.com.br\/noticias\/#\/schema\/person\/edc78e26bff487bcad4a7d5e75ca2938","name":"Paulo Jaschke","image":{"@type":"ImageObject","inLanguage":"pt-BR","@id":"https:\/\/www.suno.com.br\/noticias\/#\/schema\/person\/image\/","url":"https:\/\/secure.gravatar.com\/avatar\/d866ede420b0a0e4741620ba27841b8f?s=96&r=g","contentUrl":"https:\/\/secure.gravatar.com\/avatar\/d866ede420b0a0e4741620ba27841b8f?s=96&r=g","caption":"Paulo Jaschke"},"description":"Paulo Jaschke \u00e9 estudante de jornalismo na ESPM-SP. Escreve sobre o mercado financeiro, economia e pol\u00edtica internacional para o portal da Suno Research. Tamb\u00e9m escreve sobre economia internacional na ag\u00eancia CMA e \u00e9 rep\u00f3rter esportivo pela Web r\u00e1dio EsportesNet. Em 2018, foi rep\u00f3rter esportivo pela R\u00e1dio ESPM na Copa do Mundo 2018 e escreveu para a Revista Plural ESPM.","sameAs":["https:\/\/www.suno.com.br\/","https:\/\/www.linkedin.com\/in\/paulo-jaschke-328221168\/"],"url":"https:\/\/www.suno.com.br\/noticias\/author\/paulo-jaschke\/"}]}},"default_loop_html":"<div class=\"cardsPage__listCard__boxs\"><div class=\"cardsPage__listCard__boxs__img\"><a href=\"https:\/\/www.suno.com.br\/noticias\/trump-coreia-eua-kim\/\"><img class=\"mask\" src=\"https:\/\/www.suno.com.br\/noticias\/wp-content\/themes\/suno\/resources\/images\/spotlight\/spotlight1img\/bg-mask.png\" alt=\"Image Mask\"\/><img src=\"https:\/\/files.sunoresearch.com.br\/n\/uploads\/2018\/09\/7398e422-17008539407_a18c587c5c_k-400x200.webp\" alt=\"Trump diz que existem progressos nas rela\u00e7\u00f5es entre Estados Unidos e Coreia do Norte\"\/><\/a><span class=\"spotlightCategory\"><a href=\"https:\/\/www.suno.com.br\/noticias\/internacional\/\">Internacional<\/a><\/span><\/div><div class=\"cardsPage__listCard__boxs__content\"><a href=\"https:\/\/www.suno.com.br\/noticias\/trump-coreia-eua-kim\/\"><h2 class=\"content__title\">Trump diz que existem progressos nas rela\u00e7\u00f5es entre Estados Unidos e Coreia do Norte<\/h2><\/a><div class=\"newsContent__article__meta\"><div class=\"newsContent__article__meta__authorBox\"><a href=\"https:\/\/www.suno.com.br\/noticias\/author\/paulo-jaschke\/\" class=\"authorBox__avatar noMobi\"><img src=\"https:\/\/secure.gravatar.com\/avatar\/d866ede420b0a0e4741620ba27841b8f?s=96&#038;r=g\" alt=\"Paulo Jaschke\"><\/a><div class=\"authorBox__name\"><span>por\n\t\t\t<a href=\"https:\/\/www.suno.com.br\/noticias\/author\/paulo-jaschke\/\"><span itemprop=\"author\">Paulo Jaschke<\/span><\/a><\/span><time datetime=\"2018-09-24T16:13:39-03:00\" itemprop=\"datePublished\">24\/09\/2018 16:13<\/time><\/div><\/div><\/div><\/div><\/div>","single_layout":"posts","amp_enabled":true,"_links":{"self":[{"href":"https:\/\/www.suno.com.br\/noticias\/wp-json\/wp\/v2\/posts\/4305"}],"collection":[{"href":"https:\/\/www.suno.com.br\/noticias\/wp-json\/wp\/v2\/posts"}],"about":[{"href":"https:\/\/www.suno.com.br\/noticias\/wp-json\/wp\/v2\/types\/post"}],"author":[{"embeddable":true,"href":"https:\/\/www.suno.com.br\/noticias\/wp-json\/wp\/v2\/users\/6"}],"replies":[{"embeddable":true,"href":"https:\/\/www.suno.com.br\/noticias\/wp-json\/wp\/v2\/comments?post=4305"}],"version-history":[{"count":0,"href":"https:\/\/www.suno.com.br\/noticias\/wp-json\/wp\/v2\/posts\/4305\/revisions"}],"wp:featuredmedia":[{"embeddable":true,"href":"https:\/\/www.suno.com.br\/noticias\/wp-json\/wp\/v2\/media\/3973"}],"wp:attachment":[{"href":"https:\/\/www.suno.com.br\/noticias\/wp-json\/wp\/v2\/media?parent=4305"}],"wp:term":[{"taxonomy":"category","embeddable":true,"href":"https:\/\/www.suno.com.br\/noticias\/wp-json\/wp\/v2\/categories?post=4305"},{"taxonomy":"post_tag","embeddable":true,"href":"https:\/\/www.suno.com.br\/noticias\/wp-json\/wp\/v2\/tags?post=4305"},{"taxonomy":"suno_strategy","embeddable":true,"href":"https:\/\/www.suno.com.br\/noticias\/wp-json\/wp\/v2\/suno_strategy?post=4305"}],"curies":[{"name":"wp","href":"https:\/\/api.w.org\/{rel}","templated":true}]}}