{"id":430489,"date":"2023-07-19T11:40:45","date_gmt":"2023-07-19T14:40:45","guid":{"rendered":"https:\/\/www.suno.com.br\/noticias\/?p=430489"},"modified":"2023-07-19T11:41:09","modified_gmt":"2023-07-19T14:41:09","slug":"dolar-sobe-testa-maximas-fluxo-positivo-evm","status":"publish","type":"post","link":"https:\/\/www.suno.com.br\/noticias\/dolar-sobe-testa-maximas-fluxo-positivo-evm\/","title":{"rendered":"D\u00f3lar tem vi\u00e9s de alta por exterior e testa m\u00e1ximas com fluxo comercial positivo"},"content":{"rendered":"<p>O <strong><a href=\"https:\/\/www.suno.com.br\/noticias\/dolar-walt-disney-parque-viajar-cpf\/\" target=\"_blank\" rel=\"noreferrer noopener\">d\u00f3lar <\/a><\/strong>opera em alta moderada no mercado \u00e0 vista na manh\u00e3 desta quarta (19), ap\u00f3s oscilar nos primeiros neg\u00f3cios. <\/p>\t<div class=\"wrapper-featured-image\">\n\t\t<figure class=\"spotlightImg\">\n\n\t\t\t<picture>\n\t\t\t\t<source media=\"(max-width: 768px)\" srcset=\"https:\/\/files.sunoresearch.com.br\/n\/uploads\/2023\/05\/dolar-cotacao-cambio-400x200.jpg\">\n\t\t\t\t<img loading=\"lazy\" decoding=\"async\" class=\"newsContent__article__imgCapa lazyloadDisabled \" src=\"https:\/\/files.sunoresearch.com.br\/n\/uploads\/2023\/05\/dolar-cotacao-cambio-800x450.jpg\" width=\"800\" height=\"450\" alt=\"D\u00f3lar tem vi\u00e9s de alta por exterior e testa m\u00e1ximas com fluxo comercial positivo\" fetchpriority=high \/>\n\t\t\t<\/picture>\n\n\t\t\t<figcaption class=\"wp-caption-text wp-caption-text--show\">D\u00f3lar - Foto: iStock<\/figcaption>\n\t\t<\/figure>\n\t<\/div>\n\n\n\n\n\n\t<p>\n\t\t<a href=\"https:\/\/lp.suno.com.br\/planilha-da-vida-financeira\/\" target=\"_blank\" data-element=\"shortcode-suno-banner\" title=\"Banner SUNO, clique e saiba mais\">\n\t\t\t<picture>\n\t\t\t\t<source media=\"(max-width: 500px)\" srcset=\"https:\/\/files.sunoresearch.com.br\/n\/uploads\/2023\/04\/400x300-Planilha-vida-financeira-true.png\">\n\t\t\t\t<img class=\"newsContent__article__imgCapa newsContent__article__imgCapa--banner\"\n\t\t\t\t\tsrc=\"https:\/\/files.sunoresearch.com.br\/n\/uploads\/2023\/04\/1420x240-Planilha-vida-financeira-true.png\"\n\t\t\t\t\tdata-promo-id=\"106682\"\t\t\t\t\t\t\t\t\t\twidth='1420' height='240'\t\t\t\t\talt=\"https:\/\/files.sunoresearch.com.br\/n\/uploads\/2023\/04\/1420x240-Planilha-vida-financeira-true.png\"\n\t\t\t\t>\n\t\t\t<\/picture>\n\t\t<\/a>\n\t<\/p>\n\n\n\n\n\n\n\n<p>O d\u00f3lar abriu com sinal positivo e testou m\u00e1xima intradia aos R$ 4,8224 (+0,28%) no mercado \u00e0 vista nos primeiros neg\u00f3cios. Mas foi pressionada logo depois por ingressos de <strong>fluxo comercial<\/strong> e chegou a registrar vi\u00e9s de baixa de 0,05%, na m\u00ednima aos R$ 4,8064.<\/p>\n\n\n\n<p>L\u00e1 fora, a <strong>tend\u00eancia do d\u00f3lar<\/strong> \u00e9 positiva. A moeda brit\u00e2nica cai abaixo de US$ 1,29 e, na m\u00ednima intradia registrou US$ 1,2897, menor valor em uma semana, ap\u00f3s a desacelera\u00e7\u00e3o da infla\u00e7\u00e3o ao consumidor no Reino Unido em junho sugerir postura mais suave no aperto de juros pelo Banco da Inglaterra, em sua reuni\u00e3o no dia 3 de agosto.<\/p>\n\n\n\n<p>No <strong>mercado <\/strong>de juros, o vi\u00e9s de alta das taxas futuras \u00e9 limitado pela queda dos rendimentos de Treasuries, na esteira da fraqueza dos b\u00f4nus do Tesouro brit\u00e2nico. <\/p>\n\n\n\n<p>A queda maior do que se previa da infla\u00e7\u00e3o no Reino Unido em junho torna mais prov\u00e1vel que o Banco da Inglaterra (BoE) eleve juros em 25 pontos-base (pbs) em sua pr\u00f3xima reuni\u00e3o, em 3 de agosto, segundo o ING. <\/p>\n\n\n\n<p>Por\u00e9m, o banco holand\u00eas n\u00e3o descarta a hip\u00f3tese de um aumento mais agressivo, de 50 pbs, como o do m\u00eas passado, diante da for\u00e7a do avan\u00e7o dos sal\u00e1rios no Reino Unido.<\/p>\n\n\n\n<p>Na agenda do dia, o \u00cdndice Geral de Pre\u00e7os &#8211; Mercado (IGP-M) cedeu 0,72% na segunda pr\u00e9via de julho, ap\u00f3s queda de 1,78% na mesma leitura de junho, segundo a Funda\u00e7\u00e3o Getulio Vargas (FGV).<\/p>\n\n\n\n<p>Na \u00e1rea corporativa, <a href=\"https:\/\/www.suno.com.br\/noticias\/itausa-itsa4-venda-leva-acoes-xp-evm\/\" target=\"_blank\" rel=\"noreferrer noopener\">a XP informou que os ativos de clientes totalizavam R$ 1,0 trilh\u00e3o em 30 de junho<\/a>, representando alta de 21% na compara\u00e7\u00e3o anual e de 7% na trimestral. <\/p>\n\n\n\n<p>No per\u00edodo de abril a junho, a capta\u00e7\u00e3o l\u00edquida total foi de R$ 22 bilh\u00f5es, um crescimento de 36% na compara\u00e7\u00e3o trimestral e queda de 49% ante base anual. A capta\u00e7\u00e3o l\u00edquida de varejo foi de R$ 18,4 bilh\u00f5es, enquanto a capta\u00e7\u00e3o l\u00edquida de grandes empresas somou R$ 3,7 bilh\u00f5es.<\/p>\n\n\n\t<p>\n\t\t<a href=\"https:\/\/lp.suno.com.br\/ebook-como-analisar-uma-acao\/\" target=\"_blank\" data-element=\"shortcode-suno-banner\" title=\"Banner SUNO, clique e saiba mais\">\n\t\t\t<picture>\n\t\t\t\t<source media=\"(max-width: 500px)\" srcset=\"https:\/\/files.sunoresearch.com.br\/n\/uploads\/2023\/03\/Ebook-Acoes-Mobile.jpg\">\n\t\t\t\t<img class=\"newsContent__article__imgCapa newsContent__article__imgCapa--banner\"\n\t\t\t\t\tsrc=\"https:\/\/files.sunoresearch.com.br\/n\/uploads\/2023\/03\/Ebook-Acoes-Desktop.jpg\"\n\t\t\t\t\tdata-promo-id=\"378302\"\t\t\t\t\t\t\t\t\t\twidth='1420' height='286'\t\t\t\t\talt=\"https:\/\/files.sunoresearch.com.br\/n\/uploads\/2023\/03\/Ebook-Acoes-Desktop.jpg\"\n\t\t\t\t>\n\t\t\t<\/picture>\n\t\t<\/a>\n\t<\/p>\n\n\n\n\n\n<p>Nos EUA, o <a href=\"https:\/\/www.suno.com.br\/noticias\/goldman-sachs-nova-rodada-demissoes\/\" target=\"_blank\" rel=\"noreferrer noopener\">Goldman Sachs<\/a> reportou <a class=\"suno-keyword\" data-force=\"no\" data-priority=\"1\" href=\"https:\/\/www.suno.com.br\/artigos\/lucro-liquido\/\" target=\"_blank\" rel=\"noopener\">lucro l\u00edquido<\/a> de US$ 1,22 bilh\u00e3o no segundo trimestre de 2023, valor 58% menor que o ganho de US$ 2,93 bilh\u00f5es apurado em igual per\u00edodo do ano passado, segundo balan\u00e7o divulgado nesta quarta-feira. <\/p>\n\n\n\n<p>Entre abril e junho, o banco americano registrou <a class=\"suno-keyword\" target=\"_blank\" data-force=\"no\" data-priority=\"1\" href=\"https:\/\/www.suno.com.br\/artigos\/lpa-lucro-por-acao\/\" rel=\"noopener\">lucro por a\u00e7\u00e3o<\/a> ordin\u00e1ria de US$ 3,08, abaixo do lucro do mesmo per\u00edodo do ano passado, de US$ 7,73, e tamb\u00e9m abaixo da previs\u00e3o da FactSet, de US$ 3,16. <\/p>\n\n\n\n<p>J\u00e1 a <a class=\"suno-keyword\" target=\"_blank\" data-force=\"no\" data-priority=\"1\" href=\"https:\/\/www.suno.com.br\/artigos\/o-que-receita-liquida\/\" rel=\"noopener\">receita l\u00edquida<\/a> do Goldman Sachs teve queda anual de 8,2% na compara\u00e7\u00e3o com o mesmo trimestre do ano passado, e caiu 11% comparado ao trimestre anterior, a US$ 10,90 bilh\u00f5es, mas veio acima do consenso da FactSet, de US$ 10,61 bilh\u00f5es.<\/p>\n\n\n\n<h2 class=\"wp-block-heading\">Cota\u00e7\u00e3o do d\u00f3lar<\/h2>\n\n\n\n<p>\u00c0s 9h46 desta quarta, o <strong>d\u00f3lar <\/strong>\u00e0 vista tinha vi\u00e9s de alta de 0,06%, aos R$ 4,8119. O d\u00f3lar para agosto recuava 0,07%, aos R$ 4,8220, com ajustes ante o fechamento anterior (a R$ 4,8250) acima da paridade habitual com a moeda \u00e0 vista (a R$ 4,8088).<\/p>\n\n\n\n<p>Com Estad\u00e3o Conte\u00fado<\/p>\n\n\n\t<p>\n\t\t<a href=\"https:\/\/lp.suno.com.br\/planilha-da-vida-financeira\/\" target=\"_blank\" data-element=\"shortcode-suno-banner\" title=\"Banner SUNO, clique e saiba mais\">\n\t\t\t<picture>\n\t\t\t\t<source media=\"(max-width: 500px)\" srcset=\"https:\/\/files.sunoresearch.com.br\/n\/uploads\/2023\/04\/400x300-Planilha-vida-financeira-true.png\">\n\t\t\t\t<img class=\"newsContent__article__imgCapa newsContent__article__imgCapa--banner\"\n\t\t\t\t\tsrc=\"https:\/\/files.sunoresearch.com.br\/n\/uploads\/2023\/04\/1420x240-Planilha-vida-financeira-true.png\"\n\t\t\t\t\tdata-promo-id=\"383123\"\t\t\t\t\t\t\t\t\t\twidth='1420' height='240'\t\t\t\t\talt=\"https:\/\/files.sunoresearch.com.br\/n\/uploads\/2023\/04\/1420x240-Planilha-vida-financeira-true.png\"\n\t\t\t\t>\n\t\t\t<\/picture>\n\t\t<\/a>\n\t<\/p>\n\n\n","protected":false},"excerpt":{"rendered":"<p>O d\u00f3lar opera em alta moderada no mercado \u00e0 vista na manh\u00e3 desta quarta (19), ap\u00f3s oscilar nos primeiros neg\u00f3cios. D\u00f3lar &#8211; Foto: iStock O d\u00f3lar abriu com sinal positivo e testou m\u00e1xima intradia aos R$ 4,8224 (+0,28%) no mercado \u00e0 vista nos primeiros neg\u00f3cios. Mas foi pressionada logo depois por ingressos de fluxo comercial [&hellip;]<\/p>\n","protected":false},"author":73,"featured_media":408627,"comment_status":"closed","ping_status":"closed","sticky":false,"template":"","format":"standard","meta":[],"categories":[60],"tags":[106444,326,1852],"suno_strategy":[],"class_list":["post-430489","post","type-post","status-publish","format-standard","has-post-thumbnail","hentry","category-mercado","tag-agencias","tag-dolar","tag-dolar-futuro"],"yoast_head":"<!-- This site is optimized with the Yoast SEO plugin v24.4 - https:\/\/yoast.com\/wordpress\/plugins\/seo\/ -->\n<title>D\u00f3lar sobe e testa m\u00e1ximas com fluxo comercial positivo<\/title>\n<meta name=\"description\" content=\"O d\u00f3lar abriu com sinal positivo e testou m\u00e1xima intradia aos R$ 4,8224 (+0,28%) no mercado \u00e0 vista nos primeiros neg\u00f3cios\" \/>\n<meta name=\"robots\" content=\"index, follow, max-snippet:-1, max-image-preview:large, max-video-preview:-1\" \/>\n<link rel=\"canonical\" href=\"https:\/\/www.suno.com.br\/noticias\/dolar-sobe-testa-maximas-fluxo-positivo-evm\/\" \/>\n<meta property=\"og:locale\" content=\"pt_BR\" \/>\n<meta property=\"og:type\" content=\"article\" \/>\n<meta property=\"og:title\" content=\"D\u00f3lar sobe e testa m\u00e1ximas com fluxo comercial positivo\" \/>\n<meta property=\"og:description\" content=\"O d\u00f3lar abriu com sinal positivo e testou m\u00e1xima intradia aos R$ 4,8224 (+0,28%) no mercado \u00e0 vista nos primeiros neg\u00f3cios\" \/>\n<meta property=\"og:url\" content=\"https:\/\/www.suno.com.br\/noticias\/dolar-sobe-testa-maximas-fluxo-positivo-evm\/\" \/>\n<meta property=\"og:site_name\" content=\"Suno Not\u00edcias\" \/>\n<meta property=\"article:publisher\" content=\"https:\/\/facebook.com\/sunoresearch\" \/>\n<meta property=\"og:image\" content=\"https:\/\/files.sunoresearch.com.br\/n\/uploads\/2023\/05\/dolar-cotacao-cambio.jpg\" \/>\n\t<meta property=\"og:image:width\" content=\"1200\" \/>\n\t<meta property=\"og:image:height\" content=\"800\" \/>\n\t<meta property=\"og:image:type\" content=\"image\/jpeg\" \/>\n<meta name=\"author\" content=\"Eduardo Vargas\" \/>\n<meta name=\"twitter:card\" content=\"summary_large_image\" \/>\n<meta name=\"twitter:creator\" content=\"@sunoresearch\" \/>\n<meta name=\"twitter:site\" content=\"@sunoresearch\" \/>\n<meta name=\"twitter:label1\" content=\"Escrito por\" \/>\n\t<meta name=\"twitter:data1\" content=\"Eduardo Vargas\" \/>\n\t<meta name=\"twitter:label2\" content=\"Est. tempo de leitura\" \/>\n\t<meta name=\"twitter:data2\" content=\"3 minutos\" \/>\n<script type=\"application\/ld+json\" class=\"yoast-schema-graph\">{\"@context\":\"https:\/\/schema.org\",\"@graph\":[{\"@type\":\"NewsArticle\",\"@id\":\"https:\/\/www.suno.com.br\/noticias\/dolar-sobe-testa-maximas-fluxo-positivo-evm\/#article\",\"isPartOf\":{\"@id\":\"https:\/\/www.suno.com.br\/noticias\/dolar-sobe-testa-maximas-fluxo-positivo-evm\/\"},\"author\":{\"name\":\"Eduardo Vargas\",\"@id\":\"https:\/\/www.suno.com.br\/noticias\/#\/schema\/person\/7f4d362bf3518e76090143ae77bb49a5\"},\"headline\":\"D\u00f3lar tem vi\u00e9s de alta por exterior e testa m\u00e1ximas com fluxo comercial positivo\",\"datePublished\":\"2023-07-19T14:40:45+00:00\",\"dateModified\":\"2023-07-19T14:41:09+00:00\",\"mainEntityOfPage\":{\"@id\":\"https:\/\/www.suno.com.br\/noticias\/dolar-sobe-testa-maximas-fluxo-positivo-evm\/\"},\"wordCount\":561,\"publisher\":{\"@id\":\"https:\/\/www.suno.com.br\/noticias\/#organization\"},\"image\":{\"@id\":\"https:\/\/www.suno.com.br\/noticias\/dolar-sobe-testa-maximas-fluxo-positivo-evm\/#primaryimage\"},\"thumbnailUrl\":\"https:\/\/files.sunoresearch.com.br\/n\/uploads\/2023\/05\/dolar-cotacao-cambio.jpg\",\"keywords\":[\"Ag\u00eancias\",\"d\u00f3lar\",\"d\u00f3lar futuro\"],\"articleSection\":[\"Mercado\"],\"inLanguage\":\"pt-BR\"},{\"@type\":\"WebPage\",\"@id\":\"https:\/\/www.suno.com.br\/noticias\/dolar-sobe-testa-maximas-fluxo-positivo-evm\/\",\"url\":\"https:\/\/www.suno.com.br\/noticias\/dolar-sobe-testa-maximas-fluxo-positivo-evm\/\",\"name\":\"D\u00f3lar sobe e testa m\u00e1ximas com fluxo comercial positivo\",\"isPartOf\":{\"@id\":\"https:\/\/www.suno.com.br\/noticias\/#website\"},\"primaryImageOfPage\":{\"@id\":\"https:\/\/www.suno.com.br\/noticias\/dolar-sobe-testa-maximas-fluxo-positivo-evm\/#primaryimage\"},\"image\":{\"@id\":\"https:\/\/www.suno.com.br\/noticias\/dolar-sobe-testa-maximas-fluxo-positivo-evm\/#primaryimage\"},\"thumbnailUrl\":\"https:\/\/files.sunoresearch.com.br\/n\/uploads\/2023\/05\/dolar-cotacao-cambio.jpg\",\"datePublished\":\"2023-07-19T14:40:45+00:00\",\"dateModified\":\"2023-07-19T14:41:09+00:00\",\"description\":\"O d\u00f3lar abriu com sinal positivo e testou m\u00e1xima intradia aos R$ 4,8224 (+0,28%) no mercado \u00e0 vista nos primeiros neg\u00f3cios\",\"breadcrumb\":{\"@id\":\"https:\/\/www.suno.com.br\/noticias\/dolar-sobe-testa-maximas-fluxo-positivo-evm\/#breadcrumb\"},\"inLanguage\":\"pt-BR\",\"potentialAction\":[{\"@type\":\"ReadAction\",\"target\":[\"https:\/\/www.suno.com.br\/noticias\/dolar-sobe-testa-maximas-fluxo-positivo-evm\/\"]}]},{\"@type\":\"ImageObject\",\"inLanguage\":\"pt-BR\",\"@id\":\"https:\/\/www.suno.com.br\/noticias\/dolar-sobe-testa-maximas-fluxo-positivo-evm\/#primaryimage\",\"url\":\"https:\/\/files.sunoresearch.com.br\/n\/uploads\/2023\/05\/dolar-cotacao-cambio.jpg\",\"contentUrl\":\"https:\/\/files.sunoresearch.com.br\/n\/uploads\/2023\/05\/dolar-cotacao-cambio.jpg\",\"width\":1200,\"height\":800,\"caption\":\"D\u00f3lar - Foto: iStock\"},{\"@type\":\"BreadcrumbList\",\"@id\":\"https:\/\/www.suno.com.br\/noticias\/dolar-sobe-testa-maximas-fluxo-positivo-evm\/#breadcrumb\",\"itemListElement\":[{\"@type\":\"ListItem\",\"position\":1,\"name\":\"Not\u00edcias\",\"item\":\"https:\/\/www.suno.com.br\/noticias\/\"},{\"@type\":\"ListItem\",\"position\":2,\"name\":\"Mercado\",\"item\":\"https:\/\/www.suno.com.br\/noticias\/mercado\/\"},{\"@type\":\"ListItem\",\"position\":3,\"name\":\"D\u00f3lar tem vi\u00e9s de alta por exterior e testa m\u00e1ximas com fluxo comercial positivo\"}]},{\"@type\":\"WebSite\",\"@id\":\"https:\/\/www.suno.com.br\/noticias\/#website\",\"url\":\"https:\/\/www.suno.com.br\/noticias\/\",\"name\":\"Suno Not\u00edcias\",\"description\":\"Seu portal de informa\u00e7\u00e3o sobre o mundo dos investimentos\",\"publisher\":{\"@id\":\"https:\/\/www.suno.com.br\/noticias\/#organization\"},\"potentialAction\":[{\"@type\":\"SearchAction\",\"target\":{\"@type\":\"EntryPoint\",\"urlTemplate\":\"https:\/\/www.suno.com.br\/noticias\/?s={search_term_string}\"},\"query-input\":{\"@type\":\"PropertyValueSpecification\",\"valueRequired\":true,\"valueName\":\"search_term_string\"}}],\"inLanguage\":\"pt-BR\"},{\"@type\":\"Organization\",\"@id\":\"https:\/\/www.suno.com.br\/noticias\/#organization\",\"name\":\"Suno Not\u00edcias\",\"url\":\"https:\/\/www.suno.com.br\/noticias\/\",\"logo\":{\"@type\":\"ImageObject\",\"inLanguage\":\"pt-BR\",\"@id\":\"https:\/\/www.suno.com.br\/noticias\/#\/schema\/logo\/image\/\",\"url\":\"https:\/\/files.sunoresearch.com.br\/n\/uploads\/2021\/09\/suno-logo.png\",\"contentUrl\":\"https:\/\/files.sunoresearch.com.br\/n\/uploads\/2021\/09\/suno-logo.png\",\"width\":180,\"height\":180,\"caption\":\"Suno Not\u00edcias\"},\"image\":{\"@id\":\"https:\/\/www.suno.com.br\/noticias\/#\/schema\/logo\/image\/\"},\"sameAs\":[\"https:\/\/facebook.com\/sunoresearch\",\"https:\/\/x.com\/sunoresearch\",\"https:\/\/www.instagram.com\/suno\",\"https:\/\/www.linkedin.com\/company\/suno-research\/\",\"https:\/\/www.youtube.com\/c\/sunoresearch\"]},{\"@type\":\"Person\",\"@id\":\"https:\/\/www.suno.com.br\/noticias\/#\/schema\/person\/7f4d362bf3518e76090143ae77bb49a5\",\"name\":\"Eduardo Vargas\",\"image\":{\"@type\":\"ImageObject\",\"inLanguage\":\"pt-BR\",\"@id\":\"https:\/\/www.suno.com.br\/noticias\/#\/schema\/person\/image\/\",\"url\":\"https:\/\/secure.gravatar.com\/avatar\/dac340933427a22924c9f99d1eb2e3f2?s=96&r=g\",\"contentUrl\":\"https:\/\/secure.gravatar.com\/avatar\/dac340933427a22924c9f99d1eb2e3f2?s=96&r=g\",\"caption\":\"Eduardo Vargas\"},\"description\":\"Jornalista formado pela UFSC, cobre macroeconomia, neg\u00f3cios e startups para o Suno Not\u00edcias, escrevendo principalmente not\u00edcias sobre o mercado financeiro e a bolsa de valores. No YouTube e no Instagram, \u00e9 respons\u00e1vel pela produ\u00e7\u00e3o de Reels e Shorts do Suno Not\u00edcias. Anteriormente, trabalhou cobrindo economia e cotidiano no ND+ e para o ND, maior jornal impresso de Santa Catarina. Cursou um semestre letivo de Estudos de M\u00eddia na Universidad de Buenos Aires.\",\"url\":\"https:\/\/www.suno.com.br\/noticias\/author\/eduardo-vargas\/\"}]}<\/script>\n<!-- \/ Yoast SEO plugin. -->","yoast_head_json":{"title":"D\u00f3lar sobe e testa m\u00e1ximas com fluxo comercial positivo","description":"O d\u00f3lar abriu com sinal positivo e testou m\u00e1xima intradia aos R$ 4,8224 (+0,28%) no mercado \u00e0 vista nos primeiros neg\u00f3cios","robots":{"index":"index","follow":"follow","max-snippet":"max-snippet:-1","max-image-preview":"max-image-preview:large","max-video-preview":"max-video-preview:-1"},"canonical":"https:\/\/www.suno.com.br\/noticias\/dolar-sobe-testa-maximas-fluxo-positivo-evm\/","og_locale":"pt_BR","og_type":"article","og_title":"D\u00f3lar sobe e testa m\u00e1ximas com fluxo comercial positivo","og_description":"O d\u00f3lar abriu com sinal positivo e testou m\u00e1xima intradia aos R$ 4,8224 (+0,28%) no mercado \u00e0 vista nos primeiros neg\u00f3cios","og_url":"https:\/\/www.suno.com.br\/noticias\/dolar-sobe-testa-maximas-fluxo-positivo-evm\/","og_site_name":"Suno Not\u00edcias","article_publisher":"https:\/\/facebook.com\/sunoresearch","og_image":[{"width":1200,"height":800,"url":"https:\/\/files.sunoresearch.com.br\/n\/uploads\/2023\/05\/dolar-cotacao-cambio.jpg","type":"image\/jpeg"}],"author":"Eduardo Vargas","twitter_card":"summary_large_image","twitter_creator":"@sunoresearch","twitter_site":"@sunoresearch","twitter_misc":{"Escrito por":"Eduardo Vargas","Est. tempo de leitura":"3 minutos"},"schema":{"@context":"https:\/\/schema.org","@graph":[{"@type":"NewsArticle","@id":"https:\/\/www.suno.com.br\/noticias\/dolar-sobe-testa-maximas-fluxo-positivo-evm\/#article","isPartOf":{"@id":"https:\/\/www.suno.com.br\/noticias\/dolar-sobe-testa-maximas-fluxo-positivo-evm\/"},"author":{"name":"Eduardo Vargas","@id":"https:\/\/www.suno.com.br\/noticias\/#\/schema\/person\/7f4d362bf3518e76090143ae77bb49a5"},"headline":"D\u00f3lar tem vi\u00e9s de alta por exterior e testa m\u00e1ximas com fluxo comercial positivo","datePublished":"2023-07-19T14:40:45+00:00","dateModified":"2023-07-19T14:41:09+00:00","mainEntityOfPage":{"@id":"https:\/\/www.suno.com.br\/noticias\/dolar-sobe-testa-maximas-fluxo-positivo-evm\/"},"wordCount":561,"publisher":{"@id":"https:\/\/www.suno.com.br\/noticias\/#organization"},"image":{"@id":"https:\/\/www.suno.com.br\/noticias\/dolar-sobe-testa-maximas-fluxo-positivo-evm\/#primaryimage"},"thumbnailUrl":"https:\/\/files.sunoresearch.com.br\/n\/uploads\/2023\/05\/dolar-cotacao-cambio.jpg","keywords":["Ag\u00eancias","d\u00f3lar","d\u00f3lar futuro"],"articleSection":["Mercado"],"inLanguage":"pt-BR"},{"@type":"WebPage","@id":"https:\/\/www.suno.com.br\/noticias\/dolar-sobe-testa-maximas-fluxo-positivo-evm\/","url":"https:\/\/www.suno.com.br\/noticias\/dolar-sobe-testa-maximas-fluxo-positivo-evm\/","name":"D\u00f3lar sobe e testa m\u00e1ximas com fluxo comercial positivo","isPartOf":{"@id":"https:\/\/www.suno.com.br\/noticias\/#website"},"primaryImageOfPage":{"@id":"https:\/\/www.suno.com.br\/noticias\/dolar-sobe-testa-maximas-fluxo-positivo-evm\/#primaryimage"},"image":{"@id":"https:\/\/www.suno.com.br\/noticias\/dolar-sobe-testa-maximas-fluxo-positivo-evm\/#primaryimage"},"thumbnailUrl":"https:\/\/files.sunoresearch.com.br\/n\/uploads\/2023\/05\/dolar-cotacao-cambio.jpg","datePublished":"2023-07-19T14:40:45+00:00","dateModified":"2023-07-19T14:41:09+00:00","description":"O d\u00f3lar abriu com sinal positivo e testou m\u00e1xima intradia aos R$ 4,8224 (+0,28%) no mercado \u00e0 vista nos primeiros neg\u00f3cios","breadcrumb":{"@id":"https:\/\/www.suno.com.br\/noticias\/dolar-sobe-testa-maximas-fluxo-positivo-evm\/#breadcrumb"},"inLanguage":"pt-BR","potentialAction":[{"@type":"ReadAction","target":["https:\/\/www.suno.com.br\/noticias\/dolar-sobe-testa-maximas-fluxo-positivo-evm\/"]}]},{"@type":"ImageObject","inLanguage":"pt-BR","@id":"https:\/\/www.suno.com.br\/noticias\/dolar-sobe-testa-maximas-fluxo-positivo-evm\/#primaryimage","url":"https:\/\/files.sunoresearch.com.br\/n\/uploads\/2023\/05\/dolar-cotacao-cambio.jpg","contentUrl":"https:\/\/files.sunoresearch.com.br\/n\/uploads\/2023\/05\/dolar-cotacao-cambio.jpg","width":1200,"height":800,"caption":"D\u00f3lar - Foto: iStock"},{"@type":"BreadcrumbList","@id":"https:\/\/www.suno.com.br\/noticias\/dolar-sobe-testa-maximas-fluxo-positivo-evm\/#breadcrumb","itemListElement":[{"@type":"ListItem","position":1,"name":"Not\u00edcias","item":"https:\/\/www.suno.com.br\/noticias\/"},{"@type":"ListItem","position":2,"name":"Mercado","item":"https:\/\/www.suno.com.br\/noticias\/mercado\/"},{"@type":"ListItem","position":3,"name":"D\u00f3lar tem vi\u00e9s de alta por exterior e testa m\u00e1ximas com fluxo comercial positivo"}]},{"@type":"WebSite","@id":"https:\/\/www.suno.com.br\/noticias\/#website","url":"https:\/\/www.suno.com.br\/noticias\/","name":"Suno Not\u00edcias","description":"Seu portal de informa\u00e7\u00e3o sobre o mundo dos investimentos","publisher":{"@id":"https:\/\/www.suno.com.br\/noticias\/#organization"},"potentialAction":[{"@type":"SearchAction","target":{"@type":"EntryPoint","urlTemplate":"https:\/\/www.suno.com.br\/noticias\/?s={search_term_string}"},"query-input":{"@type":"PropertyValueSpecification","valueRequired":true,"valueName":"search_term_string"}}],"inLanguage":"pt-BR"},{"@type":"Organization","@id":"https:\/\/www.suno.com.br\/noticias\/#organization","name":"Suno Not\u00edcias","url":"https:\/\/www.suno.com.br\/noticias\/","logo":{"@type":"ImageObject","inLanguage":"pt-BR","@id":"https:\/\/www.suno.com.br\/noticias\/#\/schema\/logo\/image\/","url":"https:\/\/files.sunoresearch.com.br\/n\/uploads\/2021\/09\/suno-logo.png","contentUrl":"https:\/\/files.sunoresearch.com.br\/n\/uploads\/2021\/09\/suno-logo.png","width":180,"height":180,"caption":"Suno Not\u00edcias"},"image":{"@id":"https:\/\/www.suno.com.br\/noticias\/#\/schema\/logo\/image\/"},"sameAs":["https:\/\/facebook.com\/sunoresearch","https:\/\/x.com\/sunoresearch","https:\/\/www.instagram.com\/suno","https:\/\/www.linkedin.com\/company\/suno-research\/","https:\/\/www.youtube.com\/c\/sunoresearch"]},{"@type":"Person","@id":"https:\/\/www.suno.com.br\/noticias\/#\/schema\/person\/7f4d362bf3518e76090143ae77bb49a5","name":"Eduardo Vargas","image":{"@type":"ImageObject","inLanguage":"pt-BR","@id":"https:\/\/www.suno.com.br\/noticias\/#\/schema\/person\/image\/","url":"https:\/\/secure.gravatar.com\/avatar\/dac340933427a22924c9f99d1eb2e3f2?s=96&r=g","contentUrl":"https:\/\/secure.gravatar.com\/avatar\/dac340933427a22924c9f99d1eb2e3f2?s=96&r=g","caption":"Eduardo Vargas"},"description":"Jornalista formado pela UFSC, cobre macroeconomia, neg\u00f3cios e startups para o Suno Not\u00edcias, escrevendo principalmente not\u00edcias sobre o mercado financeiro e a bolsa de valores. No YouTube e no Instagram, \u00e9 respons\u00e1vel pela produ\u00e7\u00e3o de Reels e Shorts do Suno Not\u00edcias. Anteriormente, trabalhou cobrindo economia e cotidiano no ND+ e para o ND, maior jornal impresso de Santa Catarina. Cursou um semestre letivo de Estudos de M\u00eddia na Universidad de Buenos Aires.","url":"https:\/\/www.suno.com.br\/noticias\/author\/eduardo-vargas\/"}]}},"default_loop_html":"<div class=\"cardsPage__listCard__boxs\"><div class=\"cardsPage__listCard__boxs__img\"><a href=\"https:\/\/www.suno.com.br\/noticias\/dolar-sobe-testa-maximas-fluxo-positivo-evm\/\"><img class=\"mask\" src=\"https:\/\/www.suno.com.br\/noticias\/wp-content\/themes\/suno\/resources\/images\/spotlight\/spotlight1img\/bg-mask.png\" alt=\"Image Mask\"\/><img src=\"https:\/\/files.sunoresearch.com.br\/n\/uploads\/2023\/05\/dolar-cotacao-cambio-400x200.jpg\" alt=\"D\u00f3lar tem vi\u00e9s de alta por exterior e testa m\u00e1ximas com fluxo comercial positivo\"\/><\/a><span class=\"spotlightCategory\"><a href=\"https:\/\/www.suno.com.br\/noticias\/mercado\/\">Mercado<\/a><\/span><\/div><div class=\"cardsPage__listCard__boxs__content\"><a href=\"https:\/\/www.suno.com.br\/noticias\/dolar-sobe-testa-maximas-fluxo-positivo-evm\/\"><h2 class=\"content__title\">D\u00f3lar tem vi\u00e9s de alta por exterior e testa m\u00e1ximas com fluxo comercial positivo<\/h2><\/a><div class=\"newsContent__article__meta\"><div class=\"newsContent__article__meta__authorBox\"><a href=\"https:\/\/www.suno.com.br\/noticias\/author\/eduardo-vargas\/\" class=\"authorBox__avatar noMobi\"><img src=\"https:\/\/secure.gravatar.com\/avatar\/dac340933427a22924c9f99d1eb2e3f2?s=96&#038;r=g\" alt=\"Eduardo Vargas\"><\/a><div class=\"authorBox__name\"><span>por\n\t\t\t<a href=\"https:\/\/www.suno.com.br\/noticias\/author\/eduardo-vargas\/\"><span itemprop=\"author\">Eduardo Vargas<\/span><\/a><\/span><time datetime=\"2023-07-19T11:40:45-03:00\" itemprop=\"datePublished\">19\/07\/2023 11:40<\/time><\/div><\/div><\/div><\/div><\/div>","single_layout":"posts","amp_enabled":true,"_links":{"self":[{"href":"https:\/\/www.suno.com.br\/noticias\/wp-json\/wp\/v2\/posts\/430489"}],"collection":[{"href":"https:\/\/www.suno.com.br\/noticias\/wp-json\/wp\/v2\/posts"}],"about":[{"href":"https:\/\/www.suno.com.br\/noticias\/wp-json\/wp\/v2\/types\/post"}],"author":[{"embeddable":true,"href":"https:\/\/www.suno.com.br\/noticias\/wp-json\/wp\/v2\/users\/73"}],"replies":[{"embeddable":true,"href":"https:\/\/www.suno.com.br\/noticias\/wp-json\/wp\/v2\/comments?post=430489"}],"version-history":[{"count":3,"href":"https:\/\/www.suno.com.br\/noticias\/wp-json\/wp\/v2\/posts\/430489\/revisions"}],"predecessor-version":[{"id":430557,"href":"https:\/\/www.suno.com.br\/noticias\/wp-json\/wp\/v2\/posts\/430489\/revisions\/430557"}],"wp:featuredmedia":[{"embeddable":true,"href":"https:\/\/www.suno.com.br\/noticias\/wp-json\/wp\/v2\/media\/408627"}],"wp:attachment":[{"href":"https:\/\/www.suno.com.br\/noticias\/wp-json\/wp\/v2\/media?parent=430489"}],"wp:term":[{"taxonomy":"category","embeddable":true,"href":"https:\/\/www.suno.com.br\/noticias\/wp-json\/wp\/v2\/categories?post=430489"},{"taxonomy":"post_tag","embeddable":true,"href":"https:\/\/www.suno.com.br\/noticias\/wp-json\/wp\/v2\/tags?post=430489"},{"taxonomy":"suno_strategy","embeddable":true,"href":"https:\/\/www.suno.com.br\/noticias\/wp-json\/wp\/v2\/suno_strategy?post=430489"}],"curies":[{"name":"wp","href":"https:\/\/api.w.org\/{rel}","templated":true}]}}