{"id":43046,"date":"2019-10-30T18:13:28","date_gmt":"2019-10-30T20:13:28","guid":{"rendered":"https:\/\/www.suno.com.br\/noticias\/?p=43046"},"modified":"2019-10-30T18:13:57","modified_gmt":"2019-10-30T20:13:57","slug":"petroleo-passado-castello-branco","status":"publish","type":"post","link":"https:\/\/www.suno.com.br\/noticias\/petroleo-passado-castello-branco\/","title":{"rendered":"Petr\u00f3leo a US$ 100 \u00e9 coisa do passado, diz Castello Branco"},"content":{"rendered":"<p>O presidente da Petrobras, <strong><a href=\"https:\/\/www.suno.com.br\/tudo-sobre\/roberto-castello-branco\/\">Roberto Castello Branco<\/a>,<\/strong> disse nesta quarta-feira (30), que o pre\u00e7o do barril de <a href=\"https:\/\/www.suno.com.br\/artigos\/tag\/petroleo\/\">petr\u00f3leo<\/a> a US$ 100 \u00e9 coisa do passado. Contudo, o presidente da companhia afirmou que, lentamente, a demanda por petr\u00f3leo deve registrar uma eleva\u00e7\u00e3o de 1% ao ano a n\u00edvel global nas pr\u00f3ximas d\u00e9cadas.<\/p>\t<div class=\"wrapper-featured-image\">\n\t\t<figure class=\"spotlightImg\">\n\n\t\t\t<picture>\n\t\t\t\t<source media=\"(max-width: 768px)\" srcset=\"https:\/\/files.sunoresearch.com.br\/n\/uploads\/2019\/07\/28d8918e-petrobras-400x200.webp\">\n\t\t\t\t<img loading=\"lazy\" decoding=\"async\" class=\"newsContent__article__imgCapa lazyloadDisabled newsContent__article__imgCapa--noCaption\" src=\"https:\/\/files.sunoresearch.com.br\/n\/uploads\/2019\/07\/28d8918e-petrobras-800x450.webp\" width=\"800\" height=\"450\" alt=\"Petr\u00f3leo a US$ 100 \u00e9 coisa do passado, diz Castello Branco\" fetchpriority=high \/>\n\t\t\t<\/picture>\n\n\t\t\t<figcaption class=\"wp-caption-text wp-caption-text--hide\">Petr\u00f3leo a US$ 100 \u00e9 coisa do passado, diz Castello Branco<\/figcaption>\n\t\t<\/figure>\n\t<\/div>\n\n\n\n<p>Em evento na <strong>OTC 2019,<\/strong> feira global do setor de <strong>petr\u00f3leo, Castello Branco<\/strong> declarou que espera o crescimento da demanda de g\u00e1s natural e que, para isso, a\u00a0<strong>Petrobras<\/strong> vem se preparando para ser a principal companhia no setor.<\/p>\n<p>&#8220;O g\u00e1s est\u00e1 ganhando espa\u00e7o e assim como o petr\u00f3leo vai se tornar uma <strong>commodity global&#8221;,<\/strong> salientou <strong>Castello Branco.<\/strong><\/p>\n<p>De acordo com o executivo, a demanda por petr\u00f3leo crescer\u00e1 38% at\u00e9 2040, o que far\u00e1 com que a fonte continue como a principal geradora de energia no Brasil.<\/p>\n<p><a href=\"https:\/\/www.suno.com.br\/noticias\/agenda-do-dia-magazine-luiza-petrobras-xp-copom-fed\/\">Leia tamb\u00e9m: Agenda do Dia: Magazine Luiza; Petrobras; XP; Copom; Fed<\/a><\/p>\n<p>Ainda em 2040, o <strong>Brasil<\/strong> continuar\u00e1 tendo 56% da demanda concentrada em petr\u00f3leo, enquanto a energia e\u00f3lica ser\u00e1 respons\u00e1vel por 15% do atendimento da demanda e a solar 11%, segundo dados da <strong>Ag\u00eancia Nacional<\/strong> do <strong>Petr\u00f3leo, G\u00e1s Natural<\/strong> e <strong>Biocombust\u00edveis <\/strong>(<strong>ANP<\/strong>) que foram utilizados por <strong>Castello Branco<\/strong> na <strong>OTC.<\/strong><\/p>\n<h2>Redu\u00e7\u00e3o de custos da Petrobras<\/h2>\n<p><strong>Castello Branco<\/strong> tamb\u00e9m disse que continuar\u00e1 buscando a redu\u00e7\u00e3o a redu\u00e7\u00e3o de custos da companhia, al\u00e9m disso, expressou seu otimismo com a venda de metade de seu parque de refino para iniciativa privada, sendo conclu\u00edda no ano que vem. &#8220;O <strong>Brasil<\/strong> vai ganhar oito novos players no refino&#8221;, afirmou o presidente da <strong>Petrobras.<\/strong><\/p>\n<p>Apesar de estar reduzido sua participa\u00e7\u00e3o em algumas \u00e1reas, a companhia estatal continuar\u00e1 participando ativamente dos leil\u00f5es de petr\u00f3leo, mesmo com uma presen\u00e7a mais discreta do que antigamente, salientou o executivo.<\/p>\n\t<p>\n\t\t<a href=\"https:\/\/lp.statusinvest.com.br\/ao\/assessoria-status-invest\/\" target=\"_blank\" data-element=\"shortcode-suno-banner\" title=\"Banner SUNO, clique e saiba mais\">\n\t\t\t<picture>\n\t\t\t\t<source media=\"(max-width: 500px)\" srcset=\"https:\/\/files.sunoresearch.com.br\/n\/uploads\/2024\/03\/400x300-Mobile.png\">\n\t\t\t\t<img class=\"newsContent__article__imgCapa newsContent__article__imgCapa--banner\"\n\t\t\t\t\tsrc=\"https:\/\/files.sunoresearch.com.br\/n\/uploads\/2024\/03\/1420x240-Desktop.png\"\n\t\t\t\t\tdata-promo-id=\"537248\"\t\t\t\t\t\t\t\t\t\twidth='1400' height='240'\t\t\t\t\talt=\"https:\/\/files.sunoresearch.com.br\/n\/uploads\/2024\/03\/1420x240-Desktop.png\"\n\t\t\t\t>\n\t\t\t<\/picture>\n\t\t<\/a>\n\t<\/p>\n\n\n<p>No passado, em 2003 por exemplo, com o mercado que havia acabado de abrir \u00e0 iniciativa privada, a <strong>Petrobras<\/strong> teve uma participa\u00e7\u00e3o de 93% nos leil\u00f5es de \u00e1reas de <strong>petr\u00f3leo<\/strong> e g\u00e1s natural do governo. Em 2018, essa posi\u00e7\u00e3o caiu para 24%, o que exemplificou a nova postura da estatal e a entrada de mais concorrentes no mercado do Pa\u00eds.<\/p>\n","protected":false},"excerpt":{"rendered":"<p>O presidente da Petrobras, Roberto Castello Branco, disse nesta quarta-feira (30), que o pre\u00e7o do barril de petr\u00f3leo a US$ 100 \u00e9 coisa do passado. Contudo, o presidente da companhia afirmou que, lentamente, a demanda por petr\u00f3leo deve registrar uma eleva\u00e7\u00e3o de 1% ao ano a n\u00edvel global nas pr\u00f3ximas d\u00e9cadas. Petr\u00f3leo a US$ 100 [&hellip;]<\/p>\n","protected":false},"author":23,"featured_media":29706,"comment_status":"closed","ping_status":"closed","sticky":false,"template":"","format":"standard","meta":[],"categories":[64],"tags":[595,766,946],"suno_strategy":[],"class_list":["post-43046","post","type-post","status-publish","format-standard","has-post-thumbnail","hentry","category-negocios","tag-petrobras-petr4","tag-petroleo","tag-roberto-castello-branco"],"yoast_head":"<!-- This site is optimized with the Yoast SEO plugin v24.4 - https:\/\/yoast.com\/wordpress\/plugins\/seo\/ -->\n<title>Petr\u00f3leo a US$ 100 \u00e9 coisa do passado, diz Castello Branco<\/title>\n<meta name=\"description\" content=\"O presidente da Petrobras disse que o pre\u00e7o do barril de petr\u00f3leo a US$ 100 \u00e9 coisa do passado. Clique aqui para saber mais.\" \/>\n<meta name=\"robots\" content=\"index, follow, max-snippet:-1, max-image-preview:large, max-video-preview:-1\" \/>\n<link rel=\"canonical\" href=\"https:\/\/www.suno.com.br\/noticias\/petroleo-passado-castello-branco\/\" \/>\n<meta property=\"og:locale\" content=\"pt_BR\" \/>\n<meta property=\"og:type\" content=\"article\" \/>\n<meta property=\"og:title\" content=\"Petr\u00f3leo a US$ 100 \u00e9 coisa do passado, diz Castello Branco\" \/>\n<meta property=\"og:description\" content=\"O presidente da Petrobras disse que o pre\u00e7o do barril de petr\u00f3leo a US$ 100 \u00e9 coisa do passado. Clique aqui para saber mais.\" \/>\n<meta property=\"og:url\" content=\"https:\/\/www.suno.com.br\/noticias\/petroleo-passado-castello-branco\/\" \/>\n<meta property=\"og:site_name\" content=\"Suno Not\u00edcias\" \/>\n<meta property=\"article:publisher\" content=\"https:\/\/facebook.com\/sunoresearch\" \/>\n<meta property=\"og:image\" content=\"https:\/\/files.sunoresearch.com.br\/n\/uploads\/2019\/07\/28d8918e-petrobras.jpg\" \/>\n\t<meta property=\"og:image:width\" content=\"1140\" \/>\n\t<meta property=\"og:image:height\" content=\"760\" \/>\n\t<meta property=\"og:image:type\" content=\"image\/jpeg\" \/>\n<meta name=\"author\" content=\"Rafael Lara\" \/>\n<meta name=\"twitter:card\" content=\"summary_large_image\" \/>\n<meta name=\"twitter:creator\" content=\"@sunoresearch\" \/>\n<meta name=\"twitter:site\" content=\"@sunoresearch\" \/>\n<meta name=\"twitter:label1\" content=\"Escrito por\" \/>\n\t<meta name=\"twitter:data1\" content=\"Rafael Lara\" \/>\n\t<meta name=\"twitter:label2\" content=\"Est. tempo de leitura\" \/>\n\t<meta name=\"twitter:data2\" content=\"2 minutos\" \/>\n<script type=\"application\/ld+json\" class=\"yoast-schema-graph\">{\"@context\":\"https:\/\/schema.org\",\"@graph\":[{\"@type\":\"NewsArticle\",\"@id\":\"https:\/\/www.suno.com.br\/noticias\/petroleo-passado-castello-branco\/#article\",\"isPartOf\":{\"@id\":\"https:\/\/www.suno.com.br\/noticias\/petroleo-passado-castello-branco\/\"},\"author\":{\"name\":\"Rafael Lara\",\"@id\":\"https:\/\/www.suno.com.br\/noticias\/#\/schema\/person\/098743caeed97b37f51315c9576c4078\"},\"headline\":\"Petr\u00f3leo a US$ 100 \u00e9 coisa do passado, diz Castello Branco\",\"datePublished\":\"2019-10-30T20:13:28+00:00\",\"dateModified\":\"2019-10-30T20:13:57+00:00\",\"mainEntityOfPage\":{\"@id\":\"https:\/\/www.suno.com.br\/noticias\/petroleo-passado-castello-branco\/\"},\"wordCount\":383,\"publisher\":{\"@id\":\"https:\/\/www.suno.com.br\/noticias\/#organization\"},\"image\":{\"@id\":\"https:\/\/www.suno.com.br\/noticias\/petroleo-passado-castello-branco\/#primaryimage\"},\"thumbnailUrl\":\"https:\/\/files.sunoresearch.com.br\/n\/uploads\/2019\/07\/28d8918e-petrobras-jpg.webp\",\"keywords\":[\"Petrobras (PETR4)\",\"Petr\u00f3leo\",\"Roberto Castello Branco\"],\"articleSection\":[\"Neg\u00f3cios\"],\"inLanguage\":\"pt-BR\"},{\"@type\":\"WebPage\",\"@id\":\"https:\/\/www.suno.com.br\/noticias\/petroleo-passado-castello-branco\/\",\"url\":\"https:\/\/www.suno.com.br\/noticias\/petroleo-passado-castello-branco\/\",\"name\":\"Petr\u00f3leo a US$ 100 \u00e9 coisa do passado, diz Castello Branco\",\"isPartOf\":{\"@id\":\"https:\/\/www.suno.com.br\/noticias\/#website\"},\"primaryImageOfPage\":{\"@id\":\"https:\/\/www.suno.com.br\/noticias\/petroleo-passado-castello-branco\/#primaryimage\"},\"image\":{\"@id\":\"https:\/\/www.suno.com.br\/noticias\/petroleo-passado-castello-branco\/#primaryimage\"},\"thumbnailUrl\":\"https:\/\/files.sunoresearch.com.br\/n\/uploads\/2019\/07\/28d8918e-petrobras-jpg.webp\",\"datePublished\":\"2019-10-30T20:13:28+00:00\",\"dateModified\":\"2019-10-30T20:13:57+00:00\",\"description\":\"O presidente da Petrobras disse que o pre\u00e7o do barril de petr\u00f3leo a US$ 100 \u00e9 coisa do passado. Clique aqui para saber mais.\",\"breadcrumb\":{\"@id\":\"https:\/\/www.suno.com.br\/noticias\/petroleo-passado-castello-branco\/#breadcrumb\"},\"inLanguage\":\"pt-BR\",\"potentialAction\":[{\"@type\":\"ReadAction\",\"target\":[\"https:\/\/www.suno.com.br\/noticias\/petroleo-passado-castello-branco\/\"]}]},{\"@type\":\"ImageObject\",\"inLanguage\":\"pt-BR\",\"@id\":\"https:\/\/www.suno.com.br\/noticias\/petroleo-passado-castello-branco\/#primaryimage\",\"url\":\"https:\/\/files.sunoresearch.com.br\/n\/uploads\/2019\/07\/28d8918e-petrobras-jpg.webp\",\"contentUrl\":\"https:\/\/files.sunoresearch.com.br\/n\/uploads\/2019\/07\/28d8918e-petrobras-jpg.webp\",\"width\":1140,\"height\":760,\"caption\":\"Petr\u00f3leo a US$ 100 \u00e9 coisa do passado, diz Castello Branco\"},{\"@type\":\"BreadcrumbList\",\"@id\":\"https:\/\/www.suno.com.br\/noticias\/petroleo-passado-castello-branco\/#breadcrumb\",\"itemListElement\":[{\"@type\":\"ListItem\",\"position\":1,\"name\":\"Not\u00edcias\",\"item\":\"https:\/\/www.suno.com.br\/noticias\/\"},{\"@type\":\"ListItem\",\"position\":2,\"name\":\"Neg\u00f3cios\",\"item\":\"https:\/\/www.suno.com.br\/noticias\/negocios\/\"},{\"@type\":\"ListItem\",\"position\":3,\"name\":\"Petr\u00f3leo a US$ 100 \u00e9 coisa do passado, diz Castello Branco\"}]},{\"@type\":\"WebSite\",\"@id\":\"https:\/\/www.suno.com.br\/noticias\/#website\",\"url\":\"https:\/\/www.suno.com.br\/noticias\/\",\"name\":\"Suno Not\u00edcias\",\"description\":\"Seu portal de informa\u00e7\u00e3o sobre o mundo dos investimentos\",\"publisher\":{\"@id\":\"https:\/\/www.suno.com.br\/noticias\/#organization\"},\"potentialAction\":[{\"@type\":\"SearchAction\",\"target\":{\"@type\":\"EntryPoint\",\"urlTemplate\":\"https:\/\/www.suno.com.br\/noticias\/?s={search_term_string}\"},\"query-input\":{\"@type\":\"PropertyValueSpecification\",\"valueRequired\":true,\"valueName\":\"search_term_string\"}}],\"inLanguage\":\"pt-BR\"},{\"@type\":\"Organization\",\"@id\":\"https:\/\/www.suno.com.br\/noticias\/#organization\",\"name\":\"Suno Not\u00edcias\",\"url\":\"https:\/\/www.suno.com.br\/noticias\/\",\"logo\":{\"@type\":\"ImageObject\",\"inLanguage\":\"pt-BR\",\"@id\":\"https:\/\/www.suno.com.br\/noticias\/#\/schema\/logo\/image\/\",\"url\":\"https:\/\/files.sunoresearch.com.br\/n\/uploads\/2021\/09\/suno-logo.png\",\"contentUrl\":\"https:\/\/files.sunoresearch.com.br\/n\/uploads\/2021\/09\/suno-logo.png\",\"width\":180,\"height\":180,\"caption\":\"Suno Not\u00edcias\"},\"image\":{\"@id\":\"https:\/\/www.suno.com.br\/noticias\/#\/schema\/logo\/image\/\"},\"sameAs\":[\"https:\/\/facebook.com\/sunoresearch\",\"https:\/\/x.com\/sunoresearch\",\"https:\/\/www.instagram.com\/suno\",\"https:\/\/www.linkedin.com\/company\/suno-research\/\",\"https:\/\/www.youtube.com\/c\/sunoresearch\"]},{\"@type\":\"Person\",\"@id\":\"https:\/\/www.suno.com.br\/noticias\/#\/schema\/person\/098743caeed97b37f51315c9576c4078\",\"name\":\"Rafael Lara\",\"image\":{\"@type\":\"ImageObject\",\"inLanguage\":\"pt-BR\",\"@id\":\"https:\/\/www.suno.com.br\/noticias\/#\/schema\/person\/image\/\",\"url\":\"https:\/\/secure.gravatar.com\/avatar\/dfc254ab9bb2ea1895d98b9e9dae4bdd?s=96&r=g\",\"contentUrl\":\"https:\/\/secure.gravatar.com\/avatar\/dfc254ab9bb2ea1895d98b9e9dae4bdd?s=96&r=g\",\"caption\":\"Rafael Lara\"},\"description\":\"Rafael Lara cursa jornalismo na Faculdade C\u00e1sper L\u00edbero. Escreve sobre pol\u00edtica, economia e neg\u00f3cios para o portal Suno Not\u00edcias. Antes, colaborou na TV Gazeta na produ\u00e7\u00e3o do programa Edi\u00e7\u00e3o Extra.\",\"url\":\"https:\/\/www.suno.com.br\/noticias\/author\/rafael\/\"}]}<\/script>\n<!-- \/ Yoast SEO plugin. -->","yoast_head_json":{"title":"Petr\u00f3leo a US$ 100 \u00e9 coisa do passado, diz Castello Branco","description":"O presidente da Petrobras disse que o pre\u00e7o do barril de petr\u00f3leo a US$ 100 \u00e9 coisa do passado. Clique aqui para saber mais.","robots":{"index":"index","follow":"follow","max-snippet":"max-snippet:-1","max-image-preview":"max-image-preview:large","max-video-preview":"max-video-preview:-1"},"canonical":"https:\/\/www.suno.com.br\/noticias\/petroleo-passado-castello-branco\/","og_locale":"pt_BR","og_type":"article","og_title":"Petr\u00f3leo a US$ 100 \u00e9 coisa do passado, diz Castello Branco","og_description":"O presidente da Petrobras disse que o pre\u00e7o do barril de petr\u00f3leo a US$ 100 \u00e9 coisa do passado. Clique aqui para saber mais.","og_url":"https:\/\/www.suno.com.br\/noticias\/petroleo-passado-castello-branco\/","og_site_name":"Suno Not\u00edcias","article_publisher":"https:\/\/facebook.com\/sunoresearch","og_image":[{"width":1140,"height":760,"url":"https:\/\/files.sunoresearch.com.br\/n\/uploads\/2019\/07\/28d8918e-petrobras.jpg","type":"image\/jpeg"}],"author":"Rafael Lara","twitter_card":"summary_large_image","twitter_creator":"@sunoresearch","twitter_site":"@sunoresearch","twitter_misc":{"Escrito por":"Rafael Lara","Est. tempo de leitura":"2 minutos"},"schema":{"@context":"https:\/\/schema.org","@graph":[{"@type":"NewsArticle","@id":"https:\/\/www.suno.com.br\/noticias\/petroleo-passado-castello-branco\/#article","isPartOf":{"@id":"https:\/\/www.suno.com.br\/noticias\/petroleo-passado-castello-branco\/"},"author":{"name":"Rafael Lara","@id":"https:\/\/www.suno.com.br\/noticias\/#\/schema\/person\/098743caeed97b37f51315c9576c4078"},"headline":"Petr\u00f3leo a US$ 100 \u00e9 coisa do passado, diz Castello Branco","datePublished":"2019-10-30T20:13:28+00:00","dateModified":"2019-10-30T20:13:57+00:00","mainEntityOfPage":{"@id":"https:\/\/www.suno.com.br\/noticias\/petroleo-passado-castello-branco\/"},"wordCount":383,"publisher":{"@id":"https:\/\/www.suno.com.br\/noticias\/#organization"},"image":{"@id":"https:\/\/www.suno.com.br\/noticias\/petroleo-passado-castello-branco\/#primaryimage"},"thumbnailUrl":"https:\/\/files.sunoresearch.com.br\/n\/uploads\/2019\/07\/28d8918e-petrobras-jpg.webp","keywords":["Petrobras (PETR4)","Petr\u00f3leo","Roberto Castello Branco"],"articleSection":["Neg\u00f3cios"],"inLanguage":"pt-BR"},{"@type":"WebPage","@id":"https:\/\/www.suno.com.br\/noticias\/petroleo-passado-castello-branco\/","url":"https:\/\/www.suno.com.br\/noticias\/petroleo-passado-castello-branco\/","name":"Petr\u00f3leo a US$ 100 \u00e9 coisa do passado, diz Castello Branco","isPartOf":{"@id":"https:\/\/www.suno.com.br\/noticias\/#website"},"primaryImageOfPage":{"@id":"https:\/\/www.suno.com.br\/noticias\/petroleo-passado-castello-branco\/#primaryimage"},"image":{"@id":"https:\/\/www.suno.com.br\/noticias\/petroleo-passado-castello-branco\/#primaryimage"},"thumbnailUrl":"https:\/\/files.sunoresearch.com.br\/n\/uploads\/2019\/07\/28d8918e-petrobras-jpg.webp","datePublished":"2019-10-30T20:13:28+00:00","dateModified":"2019-10-30T20:13:57+00:00","description":"O presidente da Petrobras disse que o pre\u00e7o do barril de petr\u00f3leo a US$ 100 \u00e9 coisa do passado. Clique aqui para saber mais.","breadcrumb":{"@id":"https:\/\/www.suno.com.br\/noticias\/petroleo-passado-castello-branco\/#breadcrumb"},"inLanguage":"pt-BR","potentialAction":[{"@type":"ReadAction","target":["https:\/\/www.suno.com.br\/noticias\/petroleo-passado-castello-branco\/"]}]},{"@type":"ImageObject","inLanguage":"pt-BR","@id":"https:\/\/www.suno.com.br\/noticias\/petroleo-passado-castello-branco\/#primaryimage","url":"https:\/\/files.sunoresearch.com.br\/n\/uploads\/2019\/07\/28d8918e-petrobras-jpg.webp","contentUrl":"https:\/\/files.sunoresearch.com.br\/n\/uploads\/2019\/07\/28d8918e-petrobras-jpg.webp","width":1140,"height":760,"caption":"Petr\u00f3leo a US$ 100 \u00e9 coisa do passado, diz Castello Branco"},{"@type":"BreadcrumbList","@id":"https:\/\/www.suno.com.br\/noticias\/petroleo-passado-castello-branco\/#breadcrumb","itemListElement":[{"@type":"ListItem","position":1,"name":"Not\u00edcias","item":"https:\/\/www.suno.com.br\/noticias\/"},{"@type":"ListItem","position":2,"name":"Neg\u00f3cios","item":"https:\/\/www.suno.com.br\/noticias\/negocios\/"},{"@type":"ListItem","position":3,"name":"Petr\u00f3leo a US$ 100 \u00e9 coisa do passado, diz Castello Branco"}]},{"@type":"WebSite","@id":"https:\/\/www.suno.com.br\/noticias\/#website","url":"https:\/\/www.suno.com.br\/noticias\/","name":"Suno Not\u00edcias","description":"Seu portal de informa\u00e7\u00e3o sobre o mundo dos investimentos","publisher":{"@id":"https:\/\/www.suno.com.br\/noticias\/#organization"},"potentialAction":[{"@type":"SearchAction","target":{"@type":"EntryPoint","urlTemplate":"https:\/\/www.suno.com.br\/noticias\/?s={search_term_string}"},"query-input":{"@type":"PropertyValueSpecification","valueRequired":true,"valueName":"search_term_string"}}],"inLanguage":"pt-BR"},{"@type":"Organization","@id":"https:\/\/www.suno.com.br\/noticias\/#organization","name":"Suno Not\u00edcias","url":"https:\/\/www.suno.com.br\/noticias\/","logo":{"@type":"ImageObject","inLanguage":"pt-BR","@id":"https:\/\/www.suno.com.br\/noticias\/#\/schema\/logo\/image\/","url":"https:\/\/files.sunoresearch.com.br\/n\/uploads\/2021\/09\/suno-logo.png","contentUrl":"https:\/\/files.sunoresearch.com.br\/n\/uploads\/2021\/09\/suno-logo.png","width":180,"height":180,"caption":"Suno Not\u00edcias"},"image":{"@id":"https:\/\/www.suno.com.br\/noticias\/#\/schema\/logo\/image\/"},"sameAs":["https:\/\/facebook.com\/sunoresearch","https:\/\/x.com\/sunoresearch","https:\/\/www.instagram.com\/suno","https:\/\/www.linkedin.com\/company\/suno-research\/","https:\/\/www.youtube.com\/c\/sunoresearch"]},{"@type":"Person","@id":"https:\/\/www.suno.com.br\/noticias\/#\/schema\/person\/098743caeed97b37f51315c9576c4078","name":"Rafael Lara","image":{"@type":"ImageObject","inLanguage":"pt-BR","@id":"https:\/\/www.suno.com.br\/noticias\/#\/schema\/person\/image\/","url":"https:\/\/secure.gravatar.com\/avatar\/dfc254ab9bb2ea1895d98b9e9dae4bdd?s=96&r=g","contentUrl":"https:\/\/secure.gravatar.com\/avatar\/dfc254ab9bb2ea1895d98b9e9dae4bdd?s=96&r=g","caption":"Rafael Lara"},"description":"Rafael Lara cursa jornalismo na Faculdade C\u00e1sper L\u00edbero. Escreve sobre pol\u00edtica, economia e neg\u00f3cios para o portal Suno Not\u00edcias. Antes, colaborou na TV Gazeta na produ\u00e7\u00e3o do programa Edi\u00e7\u00e3o Extra.","url":"https:\/\/www.suno.com.br\/noticias\/author\/rafael\/"}]}},"default_loop_html":"<div class=\"cardsPage__listCard__boxs\"><div class=\"cardsPage__listCard__boxs__img\"><a href=\"https:\/\/www.suno.com.br\/noticias\/petroleo-passado-castello-branco\/\"><img class=\"mask\" src=\"https:\/\/www.suno.com.br\/noticias\/wp-content\/themes\/suno\/resources\/images\/spotlight\/spotlight1img\/bg-mask.png\" alt=\"Image Mask\"\/><img src=\"https:\/\/files.sunoresearch.com.br\/n\/uploads\/2019\/07\/28d8918e-petrobras-400x200.webp\" alt=\"Petr\u00f3leo a US$ 100 \u00e9 coisa do passado, diz Castello Branco\"\/><\/a><span class=\"spotlightCategory\"><a href=\"https:\/\/www.suno.com.br\/noticias\/negocios\/\">Neg\u00f3cios<\/a><\/span><\/div><div class=\"cardsPage__listCard__boxs__content\"><a href=\"https:\/\/www.suno.com.br\/noticias\/petroleo-passado-castello-branco\/\"><h2 class=\"content__title\">Petr\u00f3leo a US$ 100 \u00e9 coisa do passado, diz Castello Branco<\/h2><\/a><div class=\"newsContent__article__meta\"><div class=\"newsContent__article__meta__authorBox\"><a href=\"https:\/\/www.suno.com.br\/noticias\/author\/rafael\/\" class=\"authorBox__avatar noMobi\"><img src=\"https:\/\/secure.gravatar.com\/avatar\/dfc254ab9bb2ea1895d98b9e9dae4bdd?s=96&#038;r=g\" alt=\"Rafael Lara\"><\/a><div class=\"authorBox__name\"><span>por\n\t\t\t<a href=\"https:\/\/www.suno.com.br\/noticias\/author\/rafael\/\"><span itemprop=\"author\">Rafael Lara<\/span><\/a><\/span><time datetime=\"2019-10-30T18:13:28-03:00\" itemprop=\"datePublished\">30\/10\/2019 18:13<\/time><\/div><\/div><\/div><\/div><\/div>","single_layout":"posts","amp_enabled":true,"_links":{"self":[{"href":"https:\/\/www.suno.com.br\/noticias\/wp-json\/wp\/v2\/posts\/43046"}],"collection":[{"href":"https:\/\/www.suno.com.br\/noticias\/wp-json\/wp\/v2\/posts"}],"about":[{"href":"https:\/\/www.suno.com.br\/noticias\/wp-json\/wp\/v2\/types\/post"}],"author":[{"embeddable":true,"href":"https:\/\/www.suno.com.br\/noticias\/wp-json\/wp\/v2\/users\/23"}],"replies":[{"embeddable":true,"href":"https:\/\/www.suno.com.br\/noticias\/wp-json\/wp\/v2\/comments?post=43046"}],"version-history":[{"count":0,"href":"https:\/\/www.suno.com.br\/noticias\/wp-json\/wp\/v2\/posts\/43046\/revisions"}],"wp:featuredmedia":[{"embeddable":true,"href":"https:\/\/www.suno.com.br\/noticias\/wp-json\/wp\/v2\/media\/29706"}],"wp:attachment":[{"href":"https:\/\/www.suno.com.br\/noticias\/wp-json\/wp\/v2\/media?parent=43046"}],"wp:term":[{"taxonomy":"category","embeddable":true,"href":"https:\/\/www.suno.com.br\/noticias\/wp-json\/wp\/v2\/categories?post=43046"},{"taxonomy":"post_tag","embeddable":true,"href":"https:\/\/www.suno.com.br\/noticias\/wp-json\/wp\/v2\/tags?post=43046"},{"taxonomy":"suno_strategy","embeddable":true,"href":"https:\/\/www.suno.com.br\/noticias\/wp-json\/wp\/v2\/suno_strategy?post=43046"}],"curies":[{"name":"wp","href":"https:\/\/api.w.org\/{rel}","templated":true}]}}