{"id":43038,"date":"2019-10-30T17:21:33","date_gmt":"2019-10-30T19:21:33","guid":{"rendered":"https:\/\/www.suno.com.br\/noticias\/?p=43038"},"modified":"2019-11-18T17:09:40","modified_gmt":"2019-11-18T19:09:40","slug":"caixa-taxas-juros-credito-imobiliario-ano","status":"publish","type":"post","link":"https:\/\/www.suno.com.br\/noticias\/caixa-taxas-juros-credito-imobiliario-ano\/","title":{"rendered":"Caixa anuncia redu\u00e7\u00e3o de taxas de juros para o cr\u00e9dito imobili\u00e1rio para 8,5% ao ano"},"content":{"rendered":"<p>A Caixa Econ\u00f4mica Federal anunciou, nesta quarta-feira (30), que reduzir\u00e1 as taxas de juros para o <strong>cr\u00e9dito imobili\u00e1rio.<\/strong> O corte, que ocorreu pela segunda vez no m\u00eas, valer\u00e1 a partir do pr\u00f3ximo dia 6 de novembro.<\/p>\t<div class=\"wrapper-featured-image\">\n\t\t<figure class=\"spotlightImg\">\n\n\t\t\t<picture>\n\t\t\t\t<source media=\"(max-width: 768px)\" srcset=\"https:\/\/files.sunoresearch.com.br\/n\/uploads\/2019\/09\/63986d42-caixaa-400x200.webp\">\n\t\t\t\t<img loading=\"lazy\" decoding=\"async\" class=\"newsContent__article__imgCapa lazyloadDisabled newsContent__article__imgCapa--noCaption\" src=\"https:\/\/files.sunoresearch.com.br\/n\/uploads\/2019\/09\/63986d42-caixaa-800x450.webp\" width=\"800\" height=\"450\" alt=\"Caixa anuncia redu\u00e7\u00e3o de taxas de juros para o cr\u00e9dito imobili\u00e1rio para 8,5% ao ano\" fetchpriority=high \/>\n\t\t\t<\/picture>\n\n\t\t\t<figcaption class=\"wp-caption-text wp-caption-text--hide\">O novo Bolsa Fam\u00edlia foi anunciado pelo presidente Bolsonaro ainda em junho - Foto: Divulga\u00e7\u00e3o<\/figcaption>\n\t\t<\/figure>\n\t<\/div>\n\n\n\n<p>A taxa m\u00e1xima da <strong>Caixa Econ\u00f4mica Federal<\/strong> reduzir\u00e1 de 9,5% para 8,5% ao ano, para im\u00f3veis residenciais enquadrados nos sistemas <strong>Financeiro de Habita\u00e7\u00e3o <\/strong>(<strong>SFH<\/strong>) e <strong>Financeiro Imobili\u00e1rio<\/strong>(<strong>SFI<\/strong>)<strong>.<\/strong> A taxa m\u00ednima ser\u00e1 de 6,75% anualmente. A medida ser\u00e1 para contratos de financiamento de im\u00f3veis atualizados pela <strong>Taxa Referencial<\/strong> (<strong>TR<\/strong>), que hoje est\u00e1 zerada.<\/p>\n<p>O presidente da institui\u00e7\u00e3o financeira, <strong>Pedro Guimar\u00e3es,<\/strong> disse que: &#8220;A Caixa \u00e9 o banco de todos os brasileiros e trabalha com pol\u00edticas diferenciadas de juros, para oferecer \u00e0 popula\u00e7\u00e3o as melhores condi\u00e7\u00f5es de aquisi\u00e7\u00e3o da casa pr\u00f3pria&#8221;.<\/p>\n<p>O an\u00fancio da redu\u00e7\u00e3o ocorreu horas antes do encerramento da reuni\u00e3o do <strong>Comit\u00ea de Pol\u00edtica Monet\u00e1ria do Banco Central <\/strong>(<strong>Copom<\/strong>). Contudo, a institui\u00e7\u00e3o assegurou que a medida n\u00e3o tema ver com o que pode decidir o Copom no fim da tarde desta quarta (30). A expectativa do mercado \u00e9 de que deve haver um novo corte na <strong>taxa b\u00e1sica de juros <\/strong>(<strong>Selic<\/strong>), atualmente em 5,5% ao ano.<\/p>\n<h2>FGTS cai de 1% para 0,5%<\/h2>\n<p>A taxa de administra\u00e7\u00e3o da gest\u00e3o do <strong><a href=\"https:\/\/www.suno.com.br\/artigos\/fgts\/\">Fundo de Garantia do Tempo de Servi\u00e7o (FGTS)<\/a><\/strong> passar\u00e1 de 1% para 0,5%. A redu\u00e7\u00e3o \u00e9 resultado de um acordo entre os parlamentares e a Caixa Econ\u00f4mica Federal.<\/p>\n<p>Com o objetivo de permanecer com o monop\u00f3lio da gest\u00e3o do <strong>FGTS<\/strong>, a <strong>Caixa<\/strong> concordou em reduzir a taxa administrativa pela metade. A<strong> medida provis\u00f3ria<\/strong> ser\u00e1 votada nesta quarta (30) na comiss\u00e3o mista do <strong>Congresso<\/strong>.<\/p>\n<p>As altera\u00e7\u00f5es s\u00e3o do deputado <strong>Hugo Mota<\/strong> (Republicanos) que apresentou um relat\u00f3rio que previa finalizar com o dom\u00ednio exclusivo da <strong>Caixa.<\/strong> O documento reduz tamb\u00e9m a taxa do <strong>FI-FGTS<\/strong> para 0,5% e estabelece limite de 0,1% ao ano para outras despesas administrativas.<\/p>\n<p><a href=\"https:\/\/www.suno.com.br\/noticias\/caixa-fgts-taxa-administrativa-05\/\">Saiba mais: Caixa quer reduzir taxa do FGTS em 0,5% para permanecer com monop\u00f3lio<\/a><\/p>\n<p>No ano passado, a estatal lucrou R$ 5,1 bilh\u00f5es apenas com a gest\u00e3o do fundo. Com a nova medida, o governo estima que o banco perder\u00e1 cerca de R$ 2,5 bilh\u00f5es por ano.<\/p>\n<h2>Caixa reduz taxa para n\u00e3o perder monop\u00f3lio<\/h2>\n<p>Em setembro, o governo havia anunciado que a Caixa poderia perder a administra\u00e7\u00e3o exclusiva do FGTS.<\/p>\n\t<p>\n\t\t<a href=\"https:\/\/lp.suno.com.br\/lm\/simulador-de-renda-passiva\/\" target=\"_blank\" data-element=\"shortcode-suno-banner\" title=\"Banner SUNO, clique e saiba mais\">\n\t\t\t<picture>\n\t\t\t\t<source media=\"(max-width: 500px)\" srcset=\"https:\/\/files.sunoresearch.com.br\/n\/uploads\/2024\/04\/Lead-Magnet-400x300-1.png\">\n\t\t\t\t<img class=\"newsContent__article__imgCapa newsContent__article__imgCapa--banner\"\n\t\t\t\t\tsrc=\"https:\/\/files.sunoresearch.com.br\/n\/uploads\/2024\/04\/Lead-Magnet-1420x240-1.png\"\n\t\t\t\t\tdata-promo-id=\"543552\"\t\t\t\t\t\t\t\t\t\twidth='1420' height='240'\t\t\t\t\talt=\"https:\/\/files.sunoresearch.com.br\/n\/uploads\/2024\/04\/Lead-Magnet-1420x240-1.png\"\n\t\t\t\t>\n\t\t\t<\/picture>\n\t\t<\/a>\n\t<\/p>\n\n\n<p>&#8220;N\u00e3o d\u00e1 para o pa\u00eds do tamanho do Brasil contar com um banco s\u00f3. Os interesses da <strong>Caixa,<\/strong> at\u00e9 pela sua presen\u00e7a no conselho curador, eram impostos aos interesses do fundo e dos seus cotistas&#8221;, disse o diretor do departamento do FGTS do Minist\u00e9rio da Economia, Igor Vilas Boas de Freitas<strong>.<\/strong><\/p>\n","protected":false},"excerpt":{"rendered":"<p>A Caixa Econ\u00f4mica Federal anunciou, nesta quarta-feira (30), que reduzir\u00e1 as taxas de juros para o cr\u00e9dito imobili\u00e1rio. O corte, que ocorreu pela segunda vez no m\u00eas, valer\u00e1 a partir do pr\u00f3ximo dia 6 de novembro. O novo Bolsa Fam\u00edlia foi anunciado pelo presidente Bolsonaro ainda em junho &#8211; Foto: Divulga\u00e7\u00e3o A taxa m\u00e1xima da [&hellip;]<\/p>\n","protected":false},"author":23,"featured_media":36300,"comment_status":"closed","ping_status":"closed","sticky":false,"template":"","format":"standard","meta":[],"categories":[66],"tags":[1199,1527],"suno_strategy":[],"class_list":["post-43038","post","type-post","status-publish","format-standard","has-post-thumbnail","hentry","category-fiis","tag-caixa-economica-federal-cef","tag-credito-imobiliario"],"yoast_head":"<!-- This site is optimized with the Yoast SEO plugin v24.4 - https:\/\/yoast.com\/wordpress\/plugins\/seo\/ -->\n<title>Caixa reduz taxas de juros do cr\u00e9dito imobili\u00e1rio para 8,5% ao ano<\/title>\n<meta name=\"description\" content=\"A Caixa Econ\u00f4mica Federal reduzir\u00e1 as taxas de juros para o cr\u00e9dito imobili\u00e1rio. O corte ocorreu pela 2 \u00aa vez no m\u00eas. Clique para mais.\" \/>\n<meta name=\"robots\" content=\"index, follow, max-snippet:-1, max-image-preview:large, max-video-preview:-1\" \/>\n<link rel=\"canonical\" href=\"https:\/\/www.suno.com.br\/noticias\/caixa-taxas-juros-credito-imobiliario-ano\/\" \/>\n<meta property=\"og:locale\" content=\"pt_BR\" \/>\n<meta property=\"og:type\" content=\"article\" \/>\n<meta property=\"og:title\" content=\"Caixa reduz taxas de juros do cr\u00e9dito imobili\u00e1rio para 8,5% ao ano\" \/>\n<meta property=\"og:description\" content=\"A Caixa Econ\u00f4mica Federal reduzir\u00e1 as taxas de juros para o cr\u00e9dito imobili\u00e1rio. O corte ocorreu pela 2 \u00aa vez no m\u00eas. Clique para mais.\" \/>\n<meta property=\"og:url\" content=\"https:\/\/www.suno.com.br\/noticias\/caixa-taxas-juros-credito-imobiliario-ano\/\" \/>\n<meta property=\"og:site_name\" content=\"Suno Not\u00edcias\" \/>\n<meta property=\"article:publisher\" content=\"https:\/\/facebook.com\/sunoresearch\" \/>\n<meta property=\"og:image\" content=\"https:\/\/files.sunoresearch.com.br\/n\/uploads\/2019\/09\/63986d42-caixaa.jpg\" \/>\n\t<meta property=\"og:image:width\" content=\"2845\" \/>\n\t<meta property=\"og:image:height\" content=\"2845\" \/>\n\t<meta property=\"og:image:type\" content=\"image\/jpeg\" \/>\n<meta name=\"author\" content=\"Rafael Lara\" \/>\n<meta name=\"twitter:card\" content=\"summary_large_image\" \/>\n<meta name=\"twitter:creator\" content=\"@sunoresearch\" \/>\n<meta name=\"twitter:site\" content=\"@sunoresearch\" \/>\n<meta name=\"twitter:label1\" content=\"Escrito por\" \/>\n\t<meta name=\"twitter:data1\" content=\"Rafael Lara\" \/>\n\t<meta name=\"twitter:label2\" content=\"Est. tempo de leitura\" \/>\n\t<meta name=\"twitter:data2\" content=\"2 minutos\" \/>\n<script type=\"application\/ld+json\" class=\"yoast-schema-graph\">{\"@context\":\"https:\/\/schema.org\",\"@graph\":[{\"@type\":\"NewsArticle\",\"@id\":\"https:\/\/www.suno.com.br\/noticias\/caixa-taxas-juros-credito-imobiliario-ano\/#article\",\"isPartOf\":{\"@id\":\"https:\/\/www.suno.com.br\/noticias\/caixa-taxas-juros-credito-imobiliario-ano\/\"},\"author\":{\"name\":\"Rafael Lara\",\"@id\":\"https:\/\/www.suno.com.br\/noticias\/#\/schema\/person\/098743caeed97b37f51315c9576c4078\"},\"headline\":\"Caixa anuncia redu\u00e7\u00e3o de taxas de juros para o cr\u00e9dito imobili\u00e1rio para 8,5% ao ano\",\"datePublished\":\"2019-10-30T19:21:33+00:00\",\"dateModified\":\"2019-11-18T19:09:40+00:00\",\"mainEntityOfPage\":{\"@id\":\"https:\/\/www.suno.com.br\/noticias\/caixa-taxas-juros-credito-imobiliario-ano\/\"},\"wordCount\":485,\"publisher\":{\"@id\":\"https:\/\/www.suno.com.br\/noticias\/#organization\"},\"image\":{\"@id\":\"https:\/\/www.suno.com.br\/noticias\/caixa-taxas-juros-credito-imobiliario-ano\/#primaryimage\"},\"thumbnailUrl\":\"https:\/\/files.sunoresearch.com.br\/n\/uploads\/2019\/09\/63986d42-caixaa-scaled.webp\",\"keywords\":[\"Caixa Econ\u00f4mica Federal (CEF)\",\"cr\u00e9dito imobili\u00e1rio\"],\"articleSection\":[\"FIIs\"],\"inLanguage\":\"pt-BR\"},{\"@type\":\"WebPage\",\"@id\":\"https:\/\/www.suno.com.br\/noticias\/caixa-taxas-juros-credito-imobiliario-ano\/\",\"url\":\"https:\/\/www.suno.com.br\/noticias\/caixa-taxas-juros-credito-imobiliario-ano\/\",\"name\":\"Caixa reduz taxas de juros do cr\u00e9dito imobili\u00e1rio para 8,5% ao ano\",\"isPartOf\":{\"@id\":\"https:\/\/www.suno.com.br\/noticias\/#website\"},\"primaryImageOfPage\":{\"@id\":\"https:\/\/www.suno.com.br\/noticias\/caixa-taxas-juros-credito-imobiliario-ano\/#primaryimage\"},\"image\":{\"@id\":\"https:\/\/www.suno.com.br\/noticias\/caixa-taxas-juros-credito-imobiliario-ano\/#primaryimage\"},\"thumbnailUrl\":\"https:\/\/files.sunoresearch.com.br\/n\/uploads\/2019\/09\/63986d42-caixaa-scaled.webp\",\"datePublished\":\"2019-10-30T19:21:33+00:00\",\"dateModified\":\"2019-11-18T19:09:40+00:00\",\"description\":\"A Caixa Econ\u00f4mica Federal reduzir\u00e1 as taxas de juros para o cr\u00e9dito imobili\u00e1rio. O corte ocorreu pela 2 \u00aa vez no m\u00eas. Clique para mais.\",\"breadcrumb\":{\"@id\":\"https:\/\/www.suno.com.br\/noticias\/caixa-taxas-juros-credito-imobiliario-ano\/#breadcrumb\"},\"inLanguage\":\"pt-BR\",\"potentialAction\":[{\"@type\":\"ReadAction\",\"target\":[\"https:\/\/www.suno.com.br\/noticias\/caixa-taxas-juros-credito-imobiliario-ano\/\"]}]},{\"@type\":\"ImageObject\",\"inLanguage\":\"pt-BR\",\"@id\":\"https:\/\/www.suno.com.br\/noticias\/caixa-taxas-juros-credito-imobiliario-ano\/#primaryimage\",\"url\":\"https:\/\/files.sunoresearch.com.br\/n\/uploads\/2019\/09\/63986d42-caixaa-scaled.webp\",\"contentUrl\":\"https:\/\/files.sunoresearch.com.br\/n\/uploads\/2019\/09\/63986d42-caixaa-scaled.webp\",\"width\":2560,\"height\":2560,\"caption\":\"O novo Bolsa Fam\u00edlia foi anunciado pelo presidente Bolsonaro ainda em junho - Foto: Divulga\u00e7\u00e3o\"},{\"@type\":\"BreadcrumbList\",\"@id\":\"https:\/\/www.suno.com.br\/noticias\/caixa-taxas-juros-credito-imobiliario-ano\/#breadcrumb\",\"itemListElement\":[{\"@type\":\"ListItem\",\"position\":1,\"name\":\"Not\u00edcias\",\"item\":\"https:\/\/www.suno.com.br\/noticias\/\"},{\"@type\":\"ListItem\",\"position\":2,\"name\":\"FIIs\",\"item\":\"https:\/\/www.suno.com.br\/noticias\/fiis\/\"},{\"@type\":\"ListItem\",\"position\":3,\"name\":\"Caixa anuncia redu\u00e7\u00e3o de taxas de juros para o cr\u00e9dito imobili\u00e1rio para 8,5% ao ano\"}]},{\"@type\":\"WebSite\",\"@id\":\"https:\/\/www.suno.com.br\/noticias\/#website\",\"url\":\"https:\/\/www.suno.com.br\/noticias\/\",\"name\":\"Suno Not\u00edcias\",\"description\":\"Seu portal de informa\u00e7\u00e3o sobre o mundo dos investimentos\",\"publisher\":{\"@id\":\"https:\/\/www.suno.com.br\/noticias\/#organization\"},\"potentialAction\":[{\"@type\":\"SearchAction\",\"target\":{\"@type\":\"EntryPoint\",\"urlTemplate\":\"https:\/\/www.suno.com.br\/noticias\/?s={search_term_string}\"},\"query-input\":{\"@type\":\"PropertyValueSpecification\",\"valueRequired\":true,\"valueName\":\"search_term_string\"}}],\"inLanguage\":\"pt-BR\"},{\"@type\":\"Organization\",\"@id\":\"https:\/\/www.suno.com.br\/noticias\/#organization\",\"name\":\"Suno Not\u00edcias\",\"url\":\"https:\/\/www.suno.com.br\/noticias\/\",\"logo\":{\"@type\":\"ImageObject\",\"inLanguage\":\"pt-BR\",\"@id\":\"https:\/\/www.suno.com.br\/noticias\/#\/schema\/logo\/image\/\",\"url\":\"https:\/\/files.sunoresearch.com.br\/n\/uploads\/2021\/09\/suno-logo.png\",\"contentUrl\":\"https:\/\/files.sunoresearch.com.br\/n\/uploads\/2021\/09\/suno-logo.png\",\"width\":180,\"height\":180,\"caption\":\"Suno Not\u00edcias\"},\"image\":{\"@id\":\"https:\/\/www.suno.com.br\/noticias\/#\/schema\/logo\/image\/\"},\"sameAs\":[\"https:\/\/facebook.com\/sunoresearch\",\"https:\/\/x.com\/sunoresearch\",\"https:\/\/www.instagram.com\/suno\",\"https:\/\/www.linkedin.com\/company\/suno-research\/\",\"https:\/\/www.youtube.com\/c\/sunoresearch\"]},{\"@type\":\"Person\",\"@id\":\"https:\/\/www.suno.com.br\/noticias\/#\/schema\/person\/098743caeed97b37f51315c9576c4078\",\"name\":\"Rafael Lara\",\"image\":{\"@type\":\"ImageObject\",\"inLanguage\":\"pt-BR\",\"@id\":\"https:\/\/www.suno.com.br\/noticias\/#\/schema\/person\/image\/\",\"url\":\"https:\/\/secure.gravatar.com\/avatar\/dfc254ab9bb2ea1895d98b9e9dae4bdd?s=96&r=g\",\"contentUrl\":\"https:\/\/secure.gravatar.com\/avatar\/dfc254ab9bb2ea1895d98b9e9dae4bdd?s=96&r=g\",\"caption\":\"Rafael Lara\"},\"description\":\"Rafael Lara cursa jornalismo na Faculdade C\u00e1sper L\u00edbero. Escreve sobre pol\u00edtica, economia e neg\u00f3cios para o portal Suno Not\u00edcias. Antes, colaborou na TV Gazeta na produ\u00e7\u00e3o do programa Edi\u00e7\u00e3o Extra.\",\"url\":\"https:\/\/www.suno.com.br\/noticias\/author\/rafael\/\"}]}<\/script>\n<!-- \/ Yoast SEO plugin. -->","yoast_head_json":{"title":"Caixa reduz taxas de juros do cr\u00e9dito imobili\u00e1rio para 8,5% ao ano","description":"A Caixa Econ\u00f4mica Federal reduzir\u00e1 as taxas de juros para o cr\u00e9dito imobili\u00e1rio. O corte ocorreu pela 2 \u00aa vez no m\u00eas. Clique para mais.","robots":{"index":"index","follow":"follow","max-snippet":"max-snippet:-1","max-image-preview":"max-image-preview:large","max-video-preview":"max-video-preview:-1"},"canonical":"https:\/\/www.suno.com.br\/noticias\/caixa-taxas-juros-credito-imobiliario-ano\/","og_locale":"pt_BR","og_type":"article","og_title":"Caixa reduz taxas de juros do cr\u00e9dito imobili\u00e1rio para 8,5% ao ano","og_description":"A Caixa Econ\u00f4mica Federal reduzir\u00e1 as taxas de juros para o cr\u00e9dito imobili\u00e1rio. O corte ocorreu pela 2 \u00aa vez no m\u00eas. Clique para mais.","og_url":"https:\/\/www.suno.com.br\/noticias\/caixa-taxas-juros-credito-imobiliario-ano\/","og_site_name":"Suno Not\u00edcias","article_publisher":"https:\/\/facebook.com\/sunoresearch","og_image":[{"width":2845,"height":2845,"url":"https:\/\/files.sunoresearch.com.br\/n\/uploads\/2019\/09\/63986d42-caixaa.jpg","type":"image\/jpeg"}],"author":"Rafael Lara","twitter_card":"summary_large_image","twitter_creator":"@sunoresearch","twitter_site":"@sunoresearch","twitter_misc":{"Escrito por":"Rafael Lara","Est. tempo de leitura":"2 minutos"},"schema":{"@context":"https:\/\/schema.org","@graph":[{"@type":"NewsArticle","@id":"https:\/\/www.suno.com.br\/noticias\/caixa-taxas-juros-credito-imobiliario-ano\/#article","isPartOf":{"@id":"https:\/\/www.suno.com.br\/noticias\/caixa-taxas-juros-credito-imobiliario-ano\/"},"author":{"name":"Rafael Lara","@id":"https:\/\/www.suno.com.br\/noticias\/#\/schema\/person\/098743caeed97b37f51315c9576c4078"},"headline":"Caixa anuncia redu\u00e7\u00e3o de taxas de juros para o cr\u00e9dito imobili\u00e1rio para 8,5% ao ano","datePublished":"2019-10-30T19:21:33+00:00","dateModified":"2019-11-18T19:09:40+00:00","mainEntityOfPage":{"@id":"https:\/\/www.suno.com.br\/noticias\/caixa-taxas-juros-credito-imobiliario-ano\/"},"wordCount":485,"publisher":{"@id":"https:\/\/www.suno.com.br\/noticias\/#organization"},"image":{"@id":"https:\/\/www.suno.com.br\/noticias\/caixa-taxas-juros-credito-imobiliario-ano\/#primaryimage"},"thumbnailUrl":"https:\/\/files.sunoresearch.com.br\/n\/uploads\/2019\/09\/63986d42-caixaa-scaled.webp","keywords":["Caixa Econ\u00f4mica Federal (CEF)","cr\u00e9dito imobili\u00e1rio"],"articleSection":["FIIs"],"inLanguage":"pt-BR"},{"@type":"WebPage","@id":"https:\/\/www.suno.com.br\/noticias\/caixa-taxas-juros-credito-imobiliario-ano\/","url":"https:\/\/www.suno.com.br\/noticias\/caixa-taxas-juros-credito-imobiliario-ano\/","name":"Caixa reduz taxas de juros do cr\u00e9dito imobili\u00e1rio para 8,5% ao ano","isPartOf":{"@id":"https:\/\/www.suno.com.br\/noticias\/#website"},"primaryImageOfPage":{"@id":"https:\/\/www.suno.com.br\/noticias\/caixa-taxas-juros-credito-imobiliario-ano\/#primaryimage"},"image":{"@id":"https:\/\/www.suno.com.br\/noticias\/caixa-taxas-juros-credito-imobiliario-ano\/#primaryimage"},"thumbnailUrl":"https:\/\/files.sunoresearch.com.br\/n\/uploads\/2019\/09\/63986d42-caixaa-scaled.webp","datePublished":"2019-10-30T19:21:33+00:00","dateModified":"2019-11-18T19:09:40+00:00","description":"A Caixa Econ\u00f4mica Federal reduzir\u00e1 as taxas de juros para o cr\u00e9dito imobili\u00e1rio. O corte ocorreu pela 2 \u00aa vez no m\u00eas. Clique para mais.","breadcrumb":{"@id":"https:\/\/www.suno.com.br\/noticias\/caixa-taxas-juros-credito-imobiliario-ano\/#breadcrumb"},"inLanguage":"pt-BR","potentialAction":[{"@type":"ReadAction","target":["https:\/\/www.suno.com.br\/noticias\/caixa-taxas-juros-credito-imobiliario-ano\/"]}]},{"@type":"ImageObject","inLanguage":"pt-BR","@id":"https:\/\/www.suno.com.br\/noticias\/caixa-taxas-juros-credito-imobiliario-ano\/#primaryimage","url":"https:\/\/files.sunoresearch.com.br\/n\/uploads\/2019\/09\/63986d42-caixaa-scaled.webp","contentUrl":"https:\/\/files.sunoresearch.com.br\/n\/uploads\/2019\/09\/63986d42-caixaa-scaled.webp","width":2560,"height":2560,"caption":"O novo Bolsa Fam\u00edlia foi anunciado pelo presidente Bolsonaro ainda em junho - Foto: Divulga\u00e7\u00e3o"},{"@type":"BreadcrumbList","@id":"https:\/\/www.suno.com.br\/noticias\/caixa-taxas-juros-credito-imobiliario-ano\/#breadcrumb","itemListElement":[{"@type":"ListItem","position":1,"name":"Not\u00edcias","item":"https:\/\/www.suno.com.br\/noticias\/"},{"@type":"ListItem","position":2,"name":"FIIs","item":"https:\/\/www.suno.com.br\/noticias\/fiis\/"},{"@type":"ListItem","position":3,"name":"Caixa anuncia redu\u00e7\u00e3o de taxas de juros para o cr\u00e9dito imobili\u00e1rio para 8,5% ao ano"}]},{"@type":"WebSite","@id":"https:\/\/www.suno.com.br\/noticias\/#website","url":"https:\/\/www.suno.com.br\/noticias\/","name":"Suno Not\u00edcias","description":"Seu portal de informa\u00e7\u00e3o sobre o mundo dos investimentos","publisher":{"@id":"https:\/\/www.suno.com.br\/noticias\/#organization"},"potentialAction":[{"@type":"SearchAction","target":{"@type":"EntryPoint","urlTemplate":"https:\/\/www.suno.com.br\/noticias\/?s={search_term_string}"},"query-input":{"@type":"PropertyValueSpecification","valueRequired":true,"valueName":"search_term_string"}}],"inLanguage":"pt-BR"},{"@type":"Organization","@id":"https:\/\/www.suno.com.br\/noticias\/#organization","name":"Suno Not\u00edcias","url":"https:\/\/www.suno.com.br\/noticias\/","logo":{"@type":"ImageObject","inLanguage":"pt-BR","@id":"https:\/\/www.suno.com.br\/noticias\/#\/schema\/logo\/image\/","url":"https:\/\/files.sunoresearch.com.br\/n\/uploads\/2021\/09\/suno-logo.png","contentUrl":"https:\/\/files.sunoresearch.com.br\/n\/uploads\/2021\/09\/suno-logo.png","width":180,"height":180,"caption":"Suno Not\u00edcias"},"image":{"@id":"https:\/\/www.suno.com.br\/noticias\/#\/schema\/logo\/image\/"},"sameAs":["https:\/\/facebook.com\/sunoresearch","https:\/\/x.com\/sunoresearch","https:\/\/www.instagram.com\/suno","https:\/\/www.linkedin.com\/company\/suno-research\/","https:\/\/www.youtube.com\/c\/sunoresearch"]},{"@type":"Person","@id":"https:\/\/www.suno.com.br\/noticias\/#\/schema\/person\/098743caeed97b37f51315c9576c4078","name":"Rafael Lara","image":{"@type":"ImageObject","inLanguage":"pt-BR","@id":"https:\/\/www.suno.com.br\/noticias\/#\/schema\/person\/image\/","url":"https:\/\/secure.gravatar.com\/avatar\/dfc254ab9bb2ea1895d98b9e9dae4bdd?s=96&r=g","contentUrl":"https:\/\/secure.gravatar.com\/avatar\/dfc254ab9bb2ea1895d98b9e9dae4bdd?s=96&r=g","caption":"Rafael Lara"},"description":"Rafael Lara cursa jornalismo na Faculdade C\u00e1sper L\u00edbero. Escreve sobre pol\u00edtica, economia e neg\u00f3cios para o portal Suno Not\u00edcias. Antes, colaborou na TV Gazeta na produ\u00e7\u00e3o do programa Edi\u00e7\u00e3o Extra.","url":"https:\/\/www.suno.com.br\/noticias\/author\/rafael\/"}]}},"default_loop_html":"<div class=\"cardsPage__listCard__boxs\"><div class=\"cardsPage__listCard__boxs__img\"><a href=\"https:\/\/www.suno.com.br\/noticias\/caixa-taxas-juros-credito-imobiliario-ano\/\"><img class=\"mask\" src=\"https:\/\/www.suno.com.br\/noticias\/wp-content\/themes\/suno\/resources\/images\/spotlight\/spotlight1img\/bg-mask.png\" alt=\"Image Mask\"\/><img src=\"https:\/\/files.sunoresearch.com.br\/n\/uploads\/2019\/09\/63986d42-caixaa-400x200.webp\" alt=\"Caixa anuncia redu\u00e7\u00e3o de taxas de juros para o cr\u00e9dito imobili\u00e1rio para 8,5% ao ano\"\/><\/a><span class=\"spotlightCategory\"><a href=\"https:\/\/www.suno.com.br\/noticias\/fiis\/\">FIIs<\/a><\/span><\/div><div class=\"cardsPage__listCard__boxs__content\"><a href=\"https:\/\/www.suno.com.br\/noticias\/caixa-taxas-juros-credito-imobiliario-ano\/\"><h2 class=\"content__title\">Caixa anuncia redu\u00e7\u00e3o de taxas de juros para o cr\u00e9dito imobili\u00e1rio para 8,5% ao ano<\/h2><\/a><div class=\"newsContent__article__meta\"><div class=\"newsContent__article__meta__authorBox\"><a href=\"https:\/\/www.suno.com.br\/noticias\/author\/rafael\/\" class=\"authorBox__avatar noMobi\"><img src=\"https:\/\/secure.gravatar.com\/avatar\/dfc254ab9bb2ea1895d98b9e9dae4bdd?s=96&#038;r=g\" alt=\"Rafael Lara\"><\/a><div class=\"authorBox__name\"><span>por\n\t\t\t<a href=\"https:\/\/www.suno.com.br\/noticias\/author\/rafael\/\"><span itemprop=\"author\">Rafael Lara<\/span><\/a><\/span><time datetime=\"2019-10-30T17:21:33-03:00\" itemprop=\"datePublished\">30\/10\/2019 17:21<\/time><\/div><\/div><\/div><\/div><\/div>","single_layout":"posts","amp_enabled":true,"_links":{"self":[{"href":"https:\/\/www.suno.com.br\/noticias\/wp-json\/wp\/v2\/posts\/43038"}],"collection":[{"href":"https:\/\/www.suno.com.br\/noticias\/wp-json\/wp\/v2\/posts"}],"about":[{"href":"https:\/\/www.suno.com.br\/noticias\/wp-json\/wp\/v2\/types\/post"}],"author":[{"embeddable":true,"href":"https:\/\/www.suno.com.br\/noticias\/wp-json\/wp\/v2\/users\/23"}],"replies":[{"embeddable":true,"href":"https:\/\/www.suno.com.br\/noticias\/wp-json\/wp\/v2\/comments?post=43038"}],"version-history":[{"count":0,"href":"https:\/\/www.suno.com.br\/noticias\/wp-json\/wp\/v2\/posts\/43038\/revisions"}],"wp:featuredmedia":[{"embeddable":true,"href":"https:\/\/www.suno.com.br\/noticias\/wp-json\/wp\/v2\/media\/36300"}],"wp:attachment":[{"href":"https:\/\/www.suno.com.br\/noticias\/wp-json\/wp\/v2\/media?parent=43038"}],"wp:term":[{"taxonomy":"category","embeddable":true,"href":"https:\/\/www.suno.com.br\/noticias\/wp-json\/wp\/v2\/categories?post=43038"},{"taxonomy":"post_tag","embeddable":true,"href":"https:\/\/www.suno.com.br\/noticias\/wp-json\/wp\/v2\/tags?post=43038"},{"taxonomy":"suno_strategy","embeddable":true,"href":"https:\/\/www.suno.com.br\/noticias\/wp-json\/wp\/v2\/suno_strategy?post=43038"}],"curies":[{"name":"wp","href":"https:\/\/api.w.org\/{rel}","templated":true}]}}