{"id":429972,"date":"2023-07-18T10:20:17","date_gmt":"2023-07-18T13:20:17","guid":{"rendered":"https:\/\/www.suno.com.br\/noticias\/?p=429972"},"modified":"2023-07-18T10:26:32","modified_gmt":"2023-07-18T13:26:32","slug":"grupo-de-investidores-oi-oibr3-evm","status":"publish","type":"post","link":"https:\/\/www.suno.com.br\/noticias\/grupo-de-investidores-oi-oibr3-evm\/","title":{"rendered":"Grupo de investidores da Oi (OIBR3) quer &#8216;conten\u00e7\u00e3o de danos&#8217;, diz jornal"},"content":{"rendered":"<p>Um grupo de cerca de 200 pequenos investidores da It\u00e1lia est\u00e1 tentando evitar novas perdas durante a segunda <a class=\"suno-keyword\" data-force=\"no\" data-priority=\"2\" href=\"https:\/\/www.suno.com.br\/artigos\/recuperacao-judicial\/\" target=\"_blank\" rel=\"noopener\">recupera\u00e7\u00e3o judicial<\/a> da <a href=\"https:\/\/www.suno.com.br\/acoes\/oibr3\" target=\"_blank\" rel=\"noreferrer noopener\"><strong>Oi<\/strong> (OIBR3)<\/a>. As informa\u00e7\u00f5es s\u00e3o do Valor Investe.<\/p>\t<div class=\"wrapper-featured-image\">\n\t\t<figure class=\"spotlightImg\">\n\n\t\t\t<picture>\n\t\t\t\t<source media=\"(max-width: 768px)\" srcset=\"https:\/\/files.sunoresearch.com.br\/n\/uploads\/2023\/02\/oi-oibr3-dividas-intervencao-anatel-foto-divulgacao-400x200.jpg\">\n\t\t\t\t<img loading=\"lazy\" decoding=\"async\" class=\"newsContent__article__imgCapa lazyloadDisabled \" src=\"https:\/\/files.sunoresearch.com.br\/n\/uploads\/2023\/02\/oi-oibr3-dividas-intervencao-anatel-foto-divulgacao-800x450.jpg\" width=\"800\" height=\"450\" alt=\"Grupo de investidores da Oi (OIBR3) quer &#8216;conten\u00e7\u00e3o de danos&#8217;, diz jornal\" fetchpriority=high \/>\n\t\t\t<\/picture>\n\n\t\t\t<figcaption class=\"wp-caption-text wp-caption-text--show\">Oi (OIBR3). Foto: Divulga\u00e7\u00e3o.<\/figcaption>\n\t\t<\/figure>\n\t<\/div>\n\n\n\n\n\n\t<p>\n\t\t<a href=\"\" target=\"_blank\" data-element=\"shortcode-suno-banner\" title=\"Banner SUNO, clique e saiba mais\">\n\t\t\t<picture>\n\t\t\t\t<source media=\"(max-width: 500px)\" srcset=\"\">\n\t\t\t\t<img class=\"newsContent__article__imgCapa newsContent__article__imgCapa--banner\"\n\t\t\t\t\tsrc=\"\"\n\t\t\t\t\tdata-promo-id=\"250705\"\t\t\t\t\t\t\t\t\t\t\t\t\t\t\talt=\"\"\n\t\t\t\t>\n\t\t\t<\/picture>\n\t\t<\/a>\n\t<\/p>\n\n\n\n\n\n\n\n<p>Eles adquiriram em meados de 2015 t\u00edtulos da Portugal Telecom, que se juntou com a Oi em 2013.<\/p>\n\n\n\n<p>Durante o primeiro processo de <strong>recupera\u00e7\u00e3o judicial da Oi<\/strong>, um volume de US$ 30 milh\u00f5es em t\u00edtulos perdeu 50% do <a class=\"suno-keyword\" target=\"_blank\" data-force=\"no\" data-priority=\"1\" href=\"https:\/\/www.suno.com.br\/artigos\/valor-de-face\/\" rel=\"noopener\">valor de face<\/a>.<\/p>\n\n\n\n<p>O montante restou ap\u00f3s o haircut dos ativos, de US$ 15 milh\u00f5es que come\u00e7aria a ser pago em 2024.<\/p>\n\n\n\n<p>O grupo teria enviado uma s\u00e9rie de e-mails a um dos administradores judiciais, o escrit\u00f3rio Wald Advogados, e o juiz respons\u00e1vel pelo processo, pedindo para seus cr\u00e9ditos n\u00e3o serem agrupados com &#8220;investidores profissionais&#8221;.<\/p>\n\n\n\n<p>Um dos argumentos era de que a Portugal Telecom tinha <a href=\"https:\/\/www.suno.com.br\/artigos\/agencias-de-rating\/\" target=\"_blank\" rel=\"noreferrer noopener\">investment grade \u00e0 \u00e9poca da compra<\/a>.<\/p>\n\n\n\n<p>\u201cNa It\u00e1lia, esses t\u00edtulos estavam dispon\u00edveis tamb\u00e9m para pequenos investidores [e n\u00e3o apenas para investidores institucionais]\u201d, disse uma fonte ao jornal.<\/p>\n\n\n\n<p>\u201cSomos pessoas comuns. N\u00e3o somos bancos nem fundos de investimento&#8221;, acrescentou.<\/p>\n\n\n\t<p>\n\t\t<a href=\"https:\/\/lp.suno.com.br\/ebook-como-analisar-uma-acao\/\" target=\"_blank\" data-element=\"shortcode-suno-banner\" title=\"Banner SUNO, clique e saiba mais\">\n\t\t\t<picture>\n\t\t\t\t<source media=\"(max-width: 500px)\" srcset=\"https:\/\/files.sunoresearch.com.br\/n\/uploads\/2023\/03\/Ebook-Acoes-Mobile.jpg\">\n\t\t\t\t<img class=\"newsContent__article__imgCapa newsContent__article__imgCapa--banner\"\n\t\t\t\t\tsrc=\"https:\/\/files.sunoresearch.com.br\/n\/uploads\/2023\/03\/Ebook-Acoes-Desktop.jpg\"\n\t\t\t\t\tdata-promo-id=\"378302\"\t\t\t\t\t\t\t\t\t\twidth='1420' height='286'\t\t\t\t\talt=\"https:\/\/files.sunoresearch.com.br\/n\/uploads\/2023\/03\/Ebook-Acoes-Desktop.jpg\"\n\t\t\t\t>\n\t\t\t<\/picture>\n\t\t<\/a>\n\t<\/p>\n\n\n\n\n\n<h2 class=\"wp-block-heading\">Oi terminou maio com R$ 1,4 bilh\u00e3o em caixa<\/h2>\n\n\n\n<p>A companhia fechou o m\u00eas de maio com uma cifra de R$ 1,429 bilh\u00e3o em seu caixa, conforme documento arquivado na Comiss\u00e3o de Valores Mobili\u00e1rios (CVM) nesta quinta-feira (13). A cifra \u00e9 R$ 137 milh\u00f5es maior do que a de igual per\u00edodo no ano anterior.<\/p>\n\n\n\n<p>O documento, que se refere ao fluxo de caixa mensal da Oi, detalha o recebimento de R$ 1,026 bilh\u00e3o, ao passo que os pagamentos totalizaram R$ 882 milh\u00f5es, com R$ 7 milh\u00f5es em investimentos em maio.<\/p>\n\n\n\n<p>No fim de janeiro deste ano, a Oi detinha R$ 2 bilh\u00f5es em caixa. Veja o fluxo mensal:<\/p>\n\n\n\n<ul class=\"wp-block-list\">\n<li>Janeiro\/23 &#8211; R$ 2,003 bilh\u00f5es<\/li>\n\n\n\n<li>Fevereiro\/23 &#8211; R$ 1,099 bilh\u00e3o<\/li>\n\n\n\n<li>Mar\u00e7o\/23 &#8211; R$ 1,399 bilh\u00e3o<\/li>\n\n\n\n<li>Abril\/23 &#8211; R$ 1,201 bilh\u00e3o<\/li>\n\n\n\n<li>Maio &#8211; R$ 1,429 bilh\u00e3o<\/li>\n<\/ul>\n\n\n\n<h2 class=\"wp-block-heading\">Desempenho de OIBR3<\/h2>\n\n\n\n<div class=\"pluginQuotation\">\n  <p class=\"ticker\">\n    Cota\u00e7\u00e3o <span>OIBR3<\/span>\n  <\/p>\n  <div class=\"info\">\n    <div class=\"leftSide\">\n      Gr\u00e1fico gerado em: 18\/07\/2023    <\/div>\n\t\t\t\t\t<div class=\"rightSide\">\n\t\t\t\t\t<span class=\"period\">\n\t\t\t\t\t\t1 Ano\t\t\t\t\t<\/span>\n\t\t\t<\/div>\n\t\t  <\/div>\n\n  <div id=\"chart-bc3d4742223718930ee27b4518172809\" data-block-hash=\"bc3d4742223718930ee27b4518172809\"  class=\"chart\" style=\"width:100%;height:400px;\"><\/div>\n\n  <div class=\"pluginQuotation__footer\">\n    <div class=\"dataChart\">\n\n      <div class=\"dataChart__div1 variation\">\n        <div class=\"value-negative\">\n          -79,80 (-3,99%)        <\/div>\n        <div class=\"text\">\n          Varia\u00e7\u00e3o do per\u00edodo\n        <\/div>\n      <\/div>\n\n      <div class=\"dataChart__div2 minMax\">\n        <div class=\"value\">\n          R$\u00a01,00        <\/div>\n        <div class=\"text\">\n          M\u00ednima\n        <\/div>\n      <\/div>\n\n      <div class=\"dataChart__div3 minMax\">\n        <div class=\"value\">\n          R$\u00a06,50        <\/div>\n        <div class=\"text\">\n          M\u00e1xima\n        <\/div>\n      <\/div>\n\n\t\t\t<div class=\"dataChart__div4 rightSide\">\n\t\t\t\t<div class=\"analiticaSource\">\n\t\t\t\t\t<span>\n\t\t\t\t\t\tFonte:\n\t\t\t\t\t<\/span>\n\t\t\t\t\t<img decoding=\"async\" class=\"analiticaLogo\" src=\"https:\/\/www.suno.com.br\/noticias\/wp-content\/plugins\/suno-block-ticker-quotation\/src\/suno-analitica-logo.png\" alt=\"Logo Suno Anal\u00edtica\" \/>\n\t\t\t\t<\/div>\n\n\t\t\t\t<a href=\"https:\/\/www.suno.com.br\/analitica\/acoes\/OIBR3\" target=\"_blank\">\n\t\t\t\t\t<span>\n\t\t\t\t\t\tVer mais cota\u00e7\u00f5es\n\t\t\t\t\t<\/span>\n\t\t\t\t\t<svg xmlns=\"http:\/\/www.w3.org\/2000\/svg\" width=\"9\" height=\"8\" viewBox=\"0 0 9 8\" fill=\"none\">\n\t\t\t\t\t\t<path d=\"M4.20996 0L3.50496 0.705L6.29496 3.5H0.209961V4.5H6.29496L3.50496 7.295L4.20996 8L8.20996 4L4.20996 0Z\" fill=\"#D42126\" \/>\n\t\t\t\t\t<\/svg>\n\t\t\t\t<\/a>\n    <\/div>\n\n    <\/div>\n  <\/div>\n<\/div>\n\n\n<script type=\"text\/javascript\">\n  let chart_bc3d4742223718930ee27b4518172809 = document.getElementById('chart-bc3d4742223718930ee27b4518172809');\n  let data_json_bc3d4742223718930ee27b4518172809 = \"[{\\\"date\\\":\\\"18\\\\\\\/07\\\\\\\/22 \\\",\\\"value\\\":5},{\\\"date\\\":\\\"19\\\\\\\/07\\\\\\\/22 \\\",\\\"value\\\":5},{\\\"date\\\":\\\"20\\\\\\\/07\\\\\\\/22 \\\",\\\"value\\\":5.1},{\\\"date\\\":\\\"21\\\\\\\/07\\\\\\\/22 \\\",\\\"value\\\":5},{\\\"date\\\":\\\"22\\\\\\\/07\\\\\\\/22 \\\",\\\"value\\\":5.1},{\\\"date\\\":\\\"25\\\\\\\/07\\\\\\\/22 \\\",\\\"value\\\":5},{\\\"date\\\":\\\"26\\\\\\\/07\\\\\\\/22 \\\",\\\"value\\\":4.9},{\\\"date\\\":\\\"27\\\\\\\/07\\\\\\\/22 \\\",\\\"value\\\":4.9},{\\\"date\\\":\\\"28\\\\\\\/07\\\\\\\/22 \\\",\\\"value\\\":4.8},{\\\"date\\\":\\\"29\\\\\\\/07\\\\\\\/22 \\\",\\\"value\\\":4.7},{\\\"date\\\":\\\"01\\\\\\\/08\\\\\\\/22 \\\",\\\"value\\\":4.9},{\\\"date\\\":\\\"02\\\\\\\/08\\\\\\\/22 \\\",\\\"value\\\":4.8},{\\\"date\\\":\\\"03\\\\\\\/08\\\\\\\/22 \\\",\\\"value\\\":5},{\\\"date\\\":\\\"04\\\\\\\/08\\\\\\\/22 \\\",\\\"value\\\":5.5},{\\\"date\\\":\\\"05\\\\\\\/08\\\\\\\/22 \\\",\\\"value\\\":6.2},{\\\"date\\\":\\\"08\\\\\\\/08\\\\\\\/22 \\\",\\\"value\\\":6.5},{\\\"date\\\":\\\"09\\\\\\\/08\\\\\\\/22 \\\",\\\"value\\\":6.3},{\\\"date\\\":\\\"10\\\\\\\/08\\\\\\\/22 \\\",\\\"value\\\":6.2},{\\\"date\\\":\\\"11\\\\\\\/08\\\\\\\/22 \\\",\\\"value\\\":5.9},{\\\"date\\\":\\\"12\\\\\\\/08\\\\\\\/22 \\\",\\\"value\\\":5.3},{\\\"date\\\":\\\"15\\\\\\\/08\\\\\\\/22 \\\",\\\"value\\\":5.4},{\\\"date\\\":\\\"16\\\\\\\/08\\\\\\\/22 \\\",\\\"value\\\":5.6},{\\\"date\\\":\\\"17\\\\\\\/08\\\\\\\/22 \\\",\\\"value\\\":5.8},{\\\"date\\\":\\\"18\\\\\\\/08\\\\\\\/22 \\\",\\\"value\\\":6.1},{\\\"date\\\":\\\"19\\\\\\\/08\\\\\\\/22 \\\",\\\"value\\\":5.8},{\\\"date\\\":\\\"22\\\\\\\/08\\\\\\\/22 \\\",\\\"value\\\":6},{\\\"date\\\":\\\"23\\\\\\\/08\\\\\\\/22 \\\",\\\"value\\\":6},{\\\"date\\\":\\\"24\\\\\\\/08\\\\\\\/22 \\\",\\\"value\\\":5.8},{\\\"date\\\":\\\"25\\\\\\\/08\\\\\\\/22 \\\",\\\"value\\\":5.8},{\\\"date\\\":\\\"26\\\\\\\/08\\\\\\\/22 \\\",\\\"value\\\":5.8},{\\\"date\\\":\\\"29\\\\\\\/08\\\\\\\/22 \\\",\\\"value\\\":5.7},{\\\"date\\\":\\\"30\\\\\\\/08\\\\\\\/22 \\\",\\\"value\\\":5.3},{\\\"date\\\":\\\"31\\\\\\\/08\\\\\\\/22 \\\",\\\"value\\\":5.5},{\\\"date\\\":\\\"01\\\\\\\/09\\\\\\\/22 \\\",\\\"value\\\":5.7},{\\\"date\\\":\\\"02\\\\\\\/09\\\\\\\/22 \\\",\\\"value\\\":5.7},{\\\"date\\\":\\\"05\\\\\\\/09\\\\\\\/22 \\\",\\\"value\\\":5.9},{\\\"date\\\":\\\"06\\\\\\\/09\\\\\\\/22 \\\",\\\"value\\\":5.6},{\\\"date\\\":\\\"08\\\\\\\/09\\\\\\\/22 \\\",\\\"value\\\":5.6},{\\\"date\\\":\\\"09\\\\\\\/09\\\\\\\/22 \\\",\\\"value\\\":5.7},{\\\"date\\\":\\\"12\\\\\\\/09\\\\\\\/22 \\\",\\\"value\\\":5.7},{\\\"date\\\":\\\"13\\\\\\\/09\\\\\\\/22 \\\",\\\"value\\\":5.5},{\\\"date\\\":\\\"14\\\\\\\/09\\\\\\\/22 \\\",\\\"value\\\":5.6},{\\\"date\\\":\\\"15\\\\\\\/09\\\\\\\/22 \\\",\\\"value\\\":5.4},{\\\"date\\\":\\\"16\\\\\\\/09\\\\\\\/22 \\\",\\\"value\\\":5.3},{\\\"date\\\":\\\"19\\\\\\\/09\\\\\\\/22 \\\",\\\"value\\\":4.7},{\\\"date\\\":\\\"20\\\\\\\/09\\\\\\\/22 \\\",\\\"value\\\":4.4},{\\\"date\\\":\\\"21\\\\\\\/09\\\\\\\/22 \\\",\\\"value\\\":4},{\\\"date\\\":\\\"22\\\\\\\/09\\\\\\\/22 \\\",\\\"value\\\":4.1},{\\\"date\\\":\\\"23\\\\\\\/09\\\\\\\/22 \\\",\\\"value\\\":4},{\\\"date\\\":\\\"26\\\\\\\/09\\\\\\\/22 \\\",\\\"value\\\":3.9},{\\\"date\\\":\\\"27\\\\\\\/09\\\\\\\/22 \\\",\\\"value\\\":3.9},{\\\"date\\\":\\\"28\\\\\\\/09\\\\\\\/22 \\\",\\\"value\\\":3.9},{\\\"date\\\":\\\"29\\\\\\\/09\\\\\\\/22 \\\",\\\"value\\\":3.8},{\\\"date\\\":\\\"30\\\\\\\/09\\\\\\\/22 \\\",\\\"value\\\":3.9},{\\\"date\\\":\\\"03\\\\\\\/10\\\\\\\/22 \\\",\\\"value\\\":4.1},{\\\"date\\\":\\\"04\\\\\\\/10\\\\\\\/22 \\\",\\\"value\\\":4.3},{\\\"date\\\":\\\"05\\\\\\\/10\\\\\\\/22 \\\",\\\"value\\\":4},{\\\"date\\\":\\\"06\\\\\\\/10\\\\\\\/22 \\\",\\\"value\\\":3.9},{\\\"date\\\":\\\"07\\\\\\\/10\\\\\\\/22 \\\",\\\"value\\\":3.9},{\\\"date\\\":\\\"10\\\\\\\/10\\\\\\\/22 \\\",\\\"value\\\":3.8},{\\\"date\\\":\\\"11\\\\\\\/10\\\\\\\/22 \\\",\\\"value\\\":3.7},{\\\"date\\\":\\\"13\\\\\\\/10\\\\\\\/22 \\\",\\\"value\\\":3.7},{\\\"date\\\":\\\"14\\\\\\\/10\\\\\\\/22 \\\",\\\"value\\\":3.6},{\\\"date\\\":\\\"17\\\\\\\/10\\\\\\\/22 \\\",\\\"value\\\":3.6},{\\\"date\\\":\\\"18\\\\\\\/10\\\\\\\/22 \\\",\\\"value\\\":3.2},{\\\"date\\\":\\\"19\\\\\\\/10\\\\\\\/22 \\\",\\\"value\\\":3},{\\\"date\\\":\\\"20\\\\\\\/10\\\\\\\/22 \\\",\\\"value\\\":2.6},{\\\"date\\\":\\\"21\\\\\\\/10\\\\\\\/22 \\\",\\\"value\\\":2.6},{\\\"date\\\":\\\"24\\\\\\\/10\\\\\\\/22 \\\",\\\"value\\\":2.5},{\\\"date\\\":\\\"25\\\\\\\/10\\\\\\\/22 \\\",\\\"value\\\":2.5},{\\\"date\\\":\\\"26\\\\\\\/10\\\\\\\/22 \\\",\\\"value\\\":2.2},{\\\"date\\\":\\\"27\\\\\\\/10\\\\\\\/22 \\\",\\\"value\\\":2.3},{\\\"date\\\":\\\"28\\\\\\\/10\\\\\\\/22 \\\",\\\"value\\\":2.6},{\\\"date\\\":\\\"31\\\\\\\/10\\\\\\\/22 \\\",\\\"value\\\":2.5},{\\\"date\\\":\\\"01\\\\\\\/11\\\\\\\/22 \\\",\\\"value\\\":2.5},{\\\"date\\\":\\\"03\\\\\\\/11\\\\\\\/22 \\\",\\\"value\\\":2.7},{\\\"date\\\":\\\"04\\\\\\\/11\\\\\\\/22 \\\",\\\"value\\\":2.6},{\\\"date\\\":\\\"07\\\\\\\/11\\\\\\\/22 \\\",\\\"value\\\":2.5},{\\\"date\\\":\\\"08\\\\\\\/11\\\\\\\/22 \\\",\\\"value\\\":2.5},{\\\"date\\\":\\\"09\\\\\\\/11\\\\\\\/22 \\\",\\\"value\\\":2.3},{\\\"date\\\":\\\"10\\\\\\\/11\\\\\\\/22 \\\",\\\"value\\\":2},{\\\"date\\\":\\\"11\\\\\\\/11\\\\\\\/22 \\\",\\\"value\\\":2},{\\\"date\\\":\\\"14\\\\\\\/11\\\\\\\/22 \\\",\\\"value\\\":1.8},{\\\"date\\\":\\\"16\\\\\\\/11\\\\\\\/22 \\\",\\\"value\\\":1.7},{\\\"date\\\":\\\"17\\\\\\\/11\\\\\\\/22 \\\",\\\"value\\\":1.6},{\\\"date\\\":\\\"18\\\\\\\/11\\\\\\\/22 \\\",\\\"value\\\":1.8},{\\\"date\\\":\\\"21\\\\\\\/11\\\\\\\/22 \\\",\\\"value\\\":2.2},{\\\"date\\\":\\\"22\\\\\\\/11\\\\\\\/22 \\\",\\\"value\\\":2.1},{\\\"date\\\":\\\"23\\\\\\\/11\\\\\\\/22 \\\",\\\"value\\\":2},{\\\"date\\\":\\\"24\\\\\\\/11\\\\\\\/22 \\\",\\\"value\\\":2},{\\\"date\\\":\\\"25\\\\\\\/11\\\\\\\/22 \\\",\\\"value\\\":2.1},{\\\"date\\\":\\\"28\\\\\\\/11\\\\\\\/22 \\\",\\\"value\\\":2},{\\\"date\\\":\\\"29\\\\\\\/11\\\\\\\/22 \\\",\\\"value\\\":2.1},{\\\"date\\\":\\\"30\\\\\\\/11\\\\\\\/22 \\\",\\\"value\\\":2},{\\\"date\\\":\\\"01\\\\\\\/12\\\\\\\/22 \\\",\\\"value\\\":2},{\\\"date\\\":\\\"02\\\\\\\/12\\\\\\\/22 \\\",\\\"value\\\":2},{\\\"date\\\":\\\"05\\\\\\\/12\\\\\\\/22 \\\",\\\"value\\\":1.8},{\\\"date\\\":\\\"06\\\\\\\/12\\\\\\\/22 \\\",\\\"value\\\":1.8},{\\\"date\\\":\\\"07\\\\\\\/12\\\\\\\/22 \\\",\\\"value\\\":1.9},{\\\"date\\\":\\\"08\\\\\\\/12\\\\\\\/22 \\\",\\\"value\\\":1.8},{\\\"date\\\":\\\"09\\\\\\\/12\\\\\\\/22 \\\",\\\"value\\\":1.9},{\\\"date\\\":\\\"12\\\\\\\/12\\\\\\\/22 \\\",\\\"value\\\":1.8},{\\\"date\\\":\\\"13\\\\\\\/12\\\\\\\/22 \\\",\\\"value\\\":1.7},{\\\"date\\\":\\\"14\\\\\\\/12\\\\\\\/22 \\\",\\\"value\\\":1.7},{\\\"date\\\":\\\"15\\\\\\\/12\\\\\\\/22 \\\",\\\"value\\\":2.2},{\\\"date\\\":\\\"16\\\\\\\/12\\\\\\\/22 \\\",\\\"value\\\":2},{\\\"date\\\":\\\"19\\\\\\\/12\\\\\\\/22 \\\",\\\"value\\\":1.9},{\\\"date\\\":\\\"20\\\\\\\/12\\\\\\\/22 \\\",\\\"value\\\":1.9},{\\\"date\\\":\\\"21\\\\\\\/12\\\\\\\/22 \\\",\\\"value\\\":1.9},{\\\"date\\\":\\\"22\\\\\\\/12\\\\\\\/22 \\\",\\\"value\\\":1.9},{\\\"date\\\":\\\"23\\\\\\\/12\\\\\\\/22 \\\",\\\"value\\\":1.9},{\\\"date\\\":\\\"26\\\\\\\/12\\\\\\\/22 \\\",\\\"value\\\":1.9},{\\\"date\\\":\\\"27\\\\\\\/12\\\\\\\/22 \\\",\\\"value\\\":1.8},{\\\"date\\\":\\\"28\\\\\\\/12\\\\\\\/22 \\\",\\\"value\\\":1.8},{\\\"date\\\":\\\"29\\\\\\\/12\\\\\\\/22 \\\",\\\"value\\\":1.7},{\\\"date\\\":\\\"02\\\\\\\/01\\\\\\\/23 \\\",\\\"value\\\":1.7},{\\\"date\\\":\\\"03\\\\\\\/01\\\\\\\/23 \\\",\\\"value\\\":1.6},{\\\"date\\\":\\\"04\\\\\\\/01\\\\\\\/23 \\\",\\\"value\\\":1.6},{\\\"date\\\":\\\"05\\\\\\\/01\\\\\\\/23 \\\",\\\"value\\\":1.6},{\\\"date\\\":\\\"06\\\\\\\/01\\\\\\\/23 \\\",\\\"value\\\":1.6},{\\\"date\\\":\\\"09\\\\\\\/01\\\\\\\/23 \\\",\\\"value\\\":1.65},{\\\"date\\\":\\\"10\\\\\\\/01\\\\\\\/23 \\\",\\\"value\\\":1.56},{\\\"date\\\":\\\"11\\\\\\\/01\\\\\\\/23 \\\",\\\"value\\\":1.44},{\\\"date\\\":\\\"12\\\\\\\/01\\\\\\\/23 \\\",\\\"value\\\":1.26},{\\\"date\\\":\\\"13\\\\\\\/01\\\\\\\/23 \\\",\\\"value\\\":1.23},{\\\"date\\\":\\\"16\\\\\\\/01\\\\\\\/23 \\\",\\\"value\\\":1.15},{\\\"date\\\":\\\"17\\\\\\\/01\\\\\\\/23 \\\",\\\"value\\\":1.19},{\\\"date\\\":\\\"18\\\\\\\/01\\\\\\\/23 \\\",\\\"value\\\":1.12},{\\\"date\\\":\\\"19\\\\\\\/01\\\\\\\/23 \\\",\\\"value\\\":1.1},{\\\"date\\\":\\\"20\\\\\\\/01\\\\\\\/23 \\\",\\\"value\\\":1.29},{\\\"date\\\":\\\"23\\\\\\\/01\\\\\\\/23 \\\",\\\"value\\\":1.27},{\\\"date\\\":\\\"24\\\\\\\/01\\\\\\\/23 \\\",\\\"value\\\":1.56},{\\\"date\\\":\\\"25\\\\\\\/01\\\\\\\/23 \\\",\\\"value\\\":2.1},{\\\"date\\\":\\\"26\\\\\\\/01\\\\\\\/23 \\\",\\\"value\\\":2.3},{\\\"date\\\":\\\"27\\\\\\\/01\\\\\\\/23 \\\",\\\"value\\\":2.13},{\\\"date\\\":\\\"30\\\\\\\/01\\\\\\\/23 \\\",\\\"value\\\":2.09},{\\\"date\\\":\\\"31\\\\\\\/01\\\\\\\/23 \\\",\\\"value\\\":2.41},{\\\"date\\\":\\\"01\\\\\\\/02\\\\\\\/23 \\\",\\\"value\\\":2.36},{\\\"date\\\":\\\"02\\\\\\\/02\\\\\\\/23 \\\",\\\"value\\\":1.61},{\\\"date\\\":\\\"03\\\\\\\/02\\\\\\\/23 \\\",\\\"value\\\":1.59},{\\\"date\\\":\\\"06\\\\\\\/02\\\\\\\/23 \\\",\\\"value\\\":1.25},{\\\"date\\\":\\\"07\\\\\\\/02\\\\\\\/23 \\\",\\\"value\\\":1.26},{\\\"date\\\":\\\"08\\\\\\\/02\\\\\\\/23 \\\",\\\"value\\\":1.31},{\\\"date\\\":\\\"09\\\\\\\/02\\\\\\\/23 \\\",\\\"value\\\":1.25},{\\\"date\\\":\\\"10\\\\\\\/02\\\\\\\/23 \\\",\\\"value\\\":1.26},{\\\"date\\\":\\\"13\\\\\\\/02\\\\\\\/23 \\\",\\\"value\\\":1.61},{\\\"date\\\":\\\"14\\\\\\\/02\\\\\\\/23 \\\",\\\"value\\\":1.95},{\\\"date\\\":\\\"15\\\\\\\/02\\\\\\\/23 \\\",\\\"value\\\":2.28},{\\\"date\\\":\\\"16\\\\\\\/02\\\\\\\/23 \\\",\\\"value\\\":2},{\\\"date\\\":\\\"17\\\\\\\/02\\\\\\\/23 \\\",\\\"value\\\":2.02},{\\\"date\\\":\\\"22\\\\\\\/02\\\\\\\/23 \\\",\\\"value\\\":1.96},{\\\"date\\\":\\\"23\\\\\\\/02\\\\\\\/23 \\\",\\\"value\\\":1.95},{\\\"date\\\":\\\"24\\\\\\\/02\\\\\\\/23 \\\",\\\"value\\\":2.01},{\\\"date\\\":\\\"27\\\\\\\/02\\\\\\\/23 \\\",\\\"value\\\":1.9},{\\\"date\\\":\\\"28\\\\\\\/02\\\\\\\/23 \\\",\\\"value\\\":2.02},{\\\"date\\\":\\\"01\\\\\\\/03\\\\\\\/23 \\\",\\\"value\\\":2.03},{\\\"date\\\":\\\"02\\\\\\\/03\\\\\\\/23 \\\",\\\"value\\\":1.59},{\\\"date\\\":\\\"03\\\\\\\/03\\\\\\\/23 \\\",\\\"value\\\":1.33},{\\\"date\\\":\\\"06\\\\\\\/03\\\\\\\/23 \\\",\\\"value\\\":1.44},{\\\"date\\\":\\\"07\\\\\\\/03\\\\\\\/23 \\\",\\\"value\\\":1.74},{\\\"date\\\":\\\"08\\\\\\\/03\\\\\\\/23 \\\",\\\"value\\\":1.6},{\\\"date\\\":\\\"09\\\\\\\/03\\\\\\\/23 \\\",\\\"value\\\":1.58},{\\\"date\\\":\\\"10\\\\\\\/03\\\\\\\/23 \\\",\\\"value\\\":1.44},{\\\"date\\\":\\\"13\\\\\\\/03\\\\\\\/23 \\\",\\\"value\\\":1.37},{\\\"date\\\":\\\"14\\\\\\\/03\\\\\\\/23 \\\",\\\"value\\\":1.48},{\\\"date\\\":\\\"15\\\\\\\/03\\\\\\\/23 \\\",\\\"value\\\":1.4},{\\\"date\\\":\\\"16\\\\\\\/03\\\\\\\/23 \\\",\\\"value\\\":1.3},{\\\"date\\\":\\\"17\\\\\\\/03\\\\\\\/23 \\\",\\\"value\\\":1.25},{\\\"date\\\":\\\"20\\\\\\\/03\\\\\\\/23 \\\",\\\"value\\\":1.22},{\\\"date\\\":\\\"21\\\\\\\/03\\\\\\\/23 \\\",\\\"value\\\":1.18},{\\\"date\\\":\\\"22\\\\\\\/03\\\\\\\/23 \\\",\\\"value\\\":1.1},{\\\"date\\\":\\\"23\\\\\\\/03\\\\\\\/23 \\\",\\\"value\\\":1.04},{\\\"date\\\":\\\"24\\\\\\\/03\\\\\\\/23 \\\",\\\"value\\\":1.02},{\\\"date\\\":\\\"27\\\\\\\/03\\\\\\\/23 \\\",\\\"value\\\":1.06},{\\\"date\\\":\\\"28\\\\\\\/03\\\\\\\/23 \\\",\\\"value\\\":1.05},{\\\"date\\\":\\\"29\\\\\\\/03\\\\\\\/23 \\\",\\\"value\\\":1.07},{\\\"date\\\":\\\"30\\\\\\\/03\\\\\\\/23 \\\",\\\"value\\\":1.11},{\\\"date\\\":\\\"31\\\\\\\/03\\\\\\\/23 \\\",\\\"value\\\":1.07},{\\\"date\\\":\\\"03\\\\\\\/04\\\\\\\/23 \\\",\\\"value\\\":1.05},{\\\"date\\\":\\\"04\\\\\\\/04\\\\\\\/23 \\\",\\\"value\\\":1.02},{\\\"date\\\":\\\"05\\\\\\\/04\\\\\\\/23 \\\",\\\"value\\\":1.02},{\\\"date\\\":\\\"06\\\\\\\/04\\\\\\\/23 \\\",\\\"value\\\":1.01},{\\\"date\\\":\\\"10\\\\\\\/04\\\\\\\/23 \\\",\\\"value\\\":1.03},{\\\"date\\\":\\\"11\\\\\\\/04\\\\\\\/23 \\\",\\\"value\\\":1.08},{\\\"date\\\":\\\"12\\\\\\\/04\\\\\\\/23 \\\",\\\"value\\\":1.16},{\\\"date\\\":\\\"13\\\\\\\/04\\\\\\\/23 \\\",\\\"value\\\":1.11},{\\\"date\\\":\\\"14\\\\\\\/04\\\\\\\/23 \\\",\\\"value\\\":1.1},{\\\"date\\\":\\\"17\\\\\\\/04\\\\\\\/23 \\\",\\\"value\\\":1.1},{\\\"date\\\":\\\"18\\\\\\\/04\\\\\\\/23 \\\",\\\"value\\\":1.09},{\\\"date\\\":\\\"19\\\\\\\/04\\\\\\\/23 \\\",\\\"value\\\":1.08},{\\\"date\\\":\\\"20\\\\\\\/04\\\\\\\/23 \\\",\\\"value\\\":1.08},{\\\"date\\\":\\\"24\\\\\\\/04\\\\\\\/23 \\\",\\\"value\\\":1.09},{\\\"date\\\":\\\"25\\\\\\\/04\\\\\\\/23 \\\",\\\"value\\\":1.06},{\\\"date\\\":\\\"26\\\\\\\/04\\\\\\\/23 \\\",\\\"value\\\":1.02},{\\\"date\\\":\\\"27\\\\\\\/04\\\\\\\/23 \\\",\\\"value\\\":1.01},{\\\"date\\\":\\\"28\\\\\\\/04\\\\\\\/23 \\\",\\\"value\\\":1.02},{\\\"date\\\":\\\"02\\\\\\\/05\\\\\\\/23 \\\",\\\"value\\\":1.02},{\\\"date\\\":\\\"03\\\\\\\/05\\\\\\\/23 \\\",\\\"value\\\":1.01},{\\\"date\\\":\\\"04\\\\\\\/05\\\\\\\/23 \\\",\\\"value\\\":1.07},{\\\"date\\\":\\\"05\\\\\\\/05\\\\\\\/23 \\\",\\\"value\\\":1.08},{\\\"date\\\":\\\"08\\\\\\\/05\\\\\\\/23 \\\",\\\"value\\\":1.08},{\\\"date\\\":\\\"09\\\\\\\/05\\\\\\\/23 \\\",\\\"value\\\":1.1},{\\\"date\\\":\\\"10\\\\\\\/05\\\\\\\/23 \\\",\\\"value\\\":1.1},{\\\"date\\\":\\\"11\\\\\\\/05\\\\\\\/23 \\\",\\\"value\\\":1.09},{\\\"date\\\":\\\"12\\\\\\\/05\\\\\\\/23 \\\",\\\"value\\\":1.08},{\\\"date\\\":\\\"15\\\\\\\/05\\\\\\\/23 \\\",\\\"value\\\":1.09},{\\\"date\\\":\\\"16\\\\\\\/05\\\\\\\/23 \\\",\\\"value\\\":1.06},{\\\"date\\\":\\\"17\\\\\\\/05\\\\\\\/23 \\\",\\\"value\\\":1.08},{\\\"date\\\":\\\"18\\\\\\\/05\\\\\\\/23 \\\",\\\"value\\\":1.08},{\\\"date\\\":\\\"19\\\\\\\/05\\\\\\\/23 \\\",\\\"value\\\":1.07},{\\\"date\\\":\\\"22\\\\\\\/05\\\\\\\/23 \\\",\\\"value\\\":1.11},{\\\"date\\\":\\\"23\\\\\\\/05\\\\\\\/23 \\\",\\\"value\\\":1.07},{\\\"date\\\":\\\"24\\\\\\\/05\\\\\\\/23 \\\",\\\"value\\\":1.03},{\\\"date\\\":\\\"25\\\\\\\/05\\\\\\\/23 \\\",\\\"value\\\":1.02},{\\\"date\\\":\\\"26\\\\\\\/05\\\\\\\/23 \\\",\\\"value\\\":1.03},{\\\"date\\\":\\\"29\\\\\\\/05\\\\\\\/23 \\\",\\\"value\\\":1.02},{\\\"date\\\":\\\"30\\\\\\\/05\\\\\\\/23 \\\",\\\"value\\\":1.01},{\\\"date\\\":\\\"31\\\\\\\/05\\\\\\\/23 \\\",\\\"value\\\":1},{\\\"date\\\":\\\"01\\\\\\\/06\\\\\\\/23 \\\",\\\"value\\\":1.02},{\\\"date\\\":\\\"02\\\\\\\/06\\\\\\\/23 \\\",\\\"value\\\":1.04},{\\\"date\\\":\\\"05\\\\\\\/06\\\\\\\/23 \\\",\\\"value\\\":1.03},{\\\"date\\\":\\\"06\\\\\\\/06\\\\\\\/23 \\\",\\\"value\\\":1.03},{\\\"date\\\":\\\"07\\\\\\\/06\\\\\\\/23 \\\",\\\"value\\\":1.03},{\\\"date\\\":\\\"09\\\\\\\/06\\\\\\\/23 \\\",\\\"value\\\":1.05},{\\\"date\\\":\\\"12\\\\\\\/06\\\\\\\/23 \\\",\\\"value\\\":1.04},{\\\"date\\\":\\\"13\\\\\\\/06\\\\\\\/23 \\\",\\\"value\\\":1.04},{\\\"date\\\":\\\"14\\\\\\\/06\\\\\\\/23 \\\",\\\"value\\\":1.07},{\\\"date\\\":\\\"15\\\\\\\/06\\\\\\\/23 \\\",\\\"value\\\":1.03},{\\\"date\\\":\\\"16\\\\\\\/06\\\\\\\/23 \\\",\\\"value\\\":1.03},{\\\"date\\\":\\\"19\\\\\\\/06\\\\\\\/23 \\\",\\\"value\\\":1.04},{\\\"date\\\":\\\"20\\\\\\\/06\\\\\\\/23 \\\",\\\"value\\\":1.07},{\\\"date\\\":\\\"21\\\\\\\/06\\\\\\\/23 \\\",\\\"value\\\":1.19},{\\\"date\\\":\\\"22\\\\\\\/06\\\\\\\/23 \\\",\\\"value\\\":1.08},{\\\"date\\\":\\\"23\\\\\\\/06\\\\\\\/23 \\\",\\\"value\\\":1.07},{\\\"date\\\":\\\"26\\\\\\\/06\\\\\\\/23 \\\",\\\"value\\\":1.04},{\\\"date\\\":\\\"27\\\\\\\/06\\\\\\\/23 \\\",\\\"value\\\":1.03},{\\\"date\\\":\\\"28\\\\\\\/06\\\\\\\/23 \\\",\\\"value\\\":1.04},{\\\"date\\\":\\\"29\\\\\\\/06\\\\\\\/23 \\\",\\\"value\\\":1.04},{\\\"date\\\":\\\"30\\\\\\\/06\\\\\\\/23 \\\",\\\"value\\\":1.05},{\\\"date\\\":\\\"03\\\\\\\/07\\\\\\\/23 \\\",\\\"value\\\":1.04},{\\\"date\\\":\\\"04\\\\\\\/07\\\\\\\/23 \\\",\\\"value\\\":1.04},{\\\"date\\\":\\\"05\\\\\\\/07\\\\\\\/23 \\\",\\\"value\\\":1.03},{\\\"date\\\":\\\"06\\\\\\\/07\\\\\\\/23 \\\",\\\"value\\\":1.01},{\\\"date\\\":\\\"07\\\\\\\/07\\\\\\\/23 \\\",\\\"value\\\":1.03},{\\\"date\\\":\\\"10\\\\\\\/07\\\\\\\/23 \\\",\\\"value\\\":1.02},{\\\"date\\\":\\\"11\\\\\\\/07\\\\\\\/23 \\\",\\\"value\\\":1.02},{\\\"date\\\":\\\"12\\\\\\\/07\\\\\\\/23 \\\",\\\"value\\\":1.01},{\\\"date\\\":\\\"13\\\\\\\/07\\\\\\\/23 \\\",\\\"value\\\":1.02},{\\\"date\\\":\\\"14\\\\\\\/07\\\\\\\/23 \\\",\\\"value\\\":1.01},{\\\"date\\\":\\\"17\\\\\\\/07\\\\\\\/23 \\\",\\\"value\\\":1.01},{\\\"date\\\":\\\"18\\\\\\\/07\\\\\\\/23 \\\",\\\"value\\\":1.01}]\";\n  let isPositive_bc3d4742223718930ee27b4518172809 = \"\";\n\n  let color_bc3d4742223718930ee27b4518172809 = isPositive_bc3d4742223718930ee27b4518172809 ? '#3AB53A' : '#D92C2D';\n\n  let data_bc3d4742223718930ee27b4518172809 = JSON.parse(data_json_bc3d4742223718930ee27b4518172809);\n\n  const result_bc3d4742223718930ee27b4518172809 = {\n    date: [],\n    value: [],\n  };\n\n  data_bc3d4742223718930ee27b4518172809.forEach((item) => {\n    result_bc3d4742223718930ee27b4518172809.date.push(item.date);\n    result_bc3d4742223718930ee27b4518172809.value.push(Number(item.value));\n  });\n\n  let option_bc3d4742223718930ee27b4518172809 = {\n    \/\/ variavel de cor global\n    color: [color_bc3d4742223718930ee27b4518172809],\n    title: {\n      text: '',\n    },\n    tooltip: {\n      trigger: 'axis',\n      axisPointer: {\n        type: 'cross',\n        label: {\n          \/\/ cor dos valores em X e Y\n          backgroundColor: color_bc3d4742223718930ee27b4518172809,\n          formatter: (value) => {\n            if (typeof value.value === 'number') {\n              return Number(value.value).toLocaleString('pt-br', {\n                style: 'currency',\n                currency: 'BRL'\n              });\n            }\n            return value.value;\n          },\n        },\n      },\n      valueFormatter: (value) => Number(value).toLocaleString('pt-br', {\n        style: 'currency',\n        currency: 'BRL'\n      }),\n    },\n    legend: {\n      \/\/ data: ['Valor de Fechamento'],\n      show: false,\n    },\n    toolbox: {\n      feature: {\n        saveAsImage: {\n          show: false,\n        },\n      },\n    },\n    grid: {\n      left: '0px',\n      right: '0px',\n      bottom: '0px',\n      containLabel: true,\n    },\n    xAxis: [{\n      type: 'category',\n      data: result_bc3d4742223718930ee27b4518172809.date,\n      boundaryGap: true,\n    }],\n    yAxis: [{\n      type: 'value',\n      min: Math.min(...result_bc3d4742223718930ee27b4518172809.value),\n      max: Math.max(...result_bc3d4742223718930ee27b4518172809.value),\n      axisLabel: {\n        formatter: (value) => value.toLocaleString('pt-br', {\n          style: 'currency',\n          currency: 'BRL'\n        }),\n      },\n    }],\n    series: [{\n      name: 'Valor de Fechamento',\n      type: 'line',\n      stack: 'Total',\n      \/\/ cor do grafico\n      areaStyle: {},\n      emphasis: {\n        focus: 'series',\n      },\n      data: result_bc3d4742223718930ee27b4518172809.value,\n      \/\/ cor da linha\n      lineStyle: {\n        color: color_bc3d4742223718930ee27b4518172809,\n      },\n    }, ],\n  };\n\n\twindow.chart_bc3d4742223718930ee27b4518172809 = {\n\t\tel: chart_bc3d4742223718930ee27b4518172809,\n\t\toption: option_bc3d4742223718930ee27b4518172809\t};\n\n\n<\/script>\n\n\n\t<p>\n\t\t<a href=\"https:\/\/lp.suno.com.br\/plataforma-de-controle-de-investimentos\/\" target=\"_blank\" data-element=\"shortcode-suno-banner\" title=\"Banner SUNO, clique e saiba mais\">\n\t\t\t<picture>\n\t\t\t\t<source media=\"(max-width: 500px)\" srcset=\"https:\/\/files.sunoresearch.com.br\/n\/uploads\/2023\/03\/400x300-Controle-de-Investimentos.png\">\n\t\t\t\t<img class=\"newsContent__article__imgCapa newsContent__article__imgCapa--banner\"\n\t\t\t\t\tsrc=\"https:\/\/files.sunoresearch.com.br\/n\/uploads\/2023\/03\/1420x240-Controle-de-Investimentos.png\"\n\t\t\t\t\tdata-promo-id=\"383162\"\t\t\t\t\t\t\t\t\t\twidth='1420' height='240'\t\t\t\t\talt=\"https:\/\/files.sunoresearch.com.br\/n\/uploads\/2023\/03\/1420x240-Controle-de-Investimentos.png\"\n\t\t\t\t>\n\t\t\t<\/picture>\n\t\t<\/a>\n\t<\/p>\n\n\n","protected":false},"excerpt":{"rendered":"<p>Um grupo de cerca de 200 pequenos investidores da It\u00e1lia est\u00e1 tentando evitar novas perdas durante a segunda recupera\u00e7\u00e3o judicial da Oi (OIBR3). As informa\u00e7\u00f5es s\u00e3o do Valor Investe. Oi (OIBR3). Foto: Divulga\u00e7\u00e3o. Eles adquiriram em meados de 2015 t\u00edtulos da Portugal Telecom, que se juntou com a Oi em 2013. Durante o primeiro processo [&hellip;]<\/p>\n","protected":false},"author":73,"featured_media":357961,"comment_status":"closed","ping_status":"closed","sticky":false,"template":"","format":"standard","meta":[],"categories":[64],"tags":[584],"suno_strategy":[],"class_list":["post-429972","post","type-post","status-publish","format-standard","has-post-thumbnail","hentry","category-negocios","tag-oi-oibr3-oibr4"],"yoast_head":"<!-- This site is optimized with the Yoast SEO plugin v24.4 - https:\/\/yoast.com\/wordpress\/plugins\/seo\/ -->\n<title>Grupo de investidores da Oi (OIBR3) quer &#039;conten\u00e7\u00e3o de danos&#039;<\/title>\n<meta name=\"description\" content=\"Esse grupo de investidores italianos comprou em meados de 2015 t\u00edtulos da Portugal Telecom, que se juntou com a Oi em 2013.\" \/>\n<meta name=\"robots\" content=\"index, follow, max-snippet:-1, max-image-preview:large, max-video-preview:-1\" \/>\n<link rel=\"canonical\" href=\"https:\/\/www.suno.com.br\/noticias\/grupo-de-investidores-oi-oibr3-evm\/\" \/>\n<meta property=\"og:locale\" content=\"pt_BR\" \/>\n<meta property=\"og:type\" content=\"article\" \/>\n<meta property=\"og:title\" content=\"Grupo de investidores da Oi (OIBR3) quer &#039;conten\u00e7\u00e3o de danos&#039;\" \/>\n<meta property=\"og:description\" content=\"Esse grupo de investidores italianos comprou em meados de 2015 t\u00edtulos da Portugal Telecom, que se juntou com a Oi em 2013.\" \/>\n<meta property=\"og:url\" content=\"https:\/\/www.suno.com.br\/noticias\/grupo-de-investidores-oi-oibr3-evm\/\" \/>\n<meta property=\"og:site_name\" content=\"Suno Not\u00edcias\" \/>\n<meta property=\"article:publisher\" content=\"https:\/\/facebook.com\/sunoresearch\" \/>\n<meta property=\"og:image\" content=\"https:\/\/files.sunoresearch.com.br\/n\/uploads\/2023\/02\/oi-oibr3-dividas-intervencao-anatel-foto-divulgacao.jpg\" \/>\n\t<meta property=\"og:image:width\" content=\"1200\" \/>\n\t<meta property=\"og:image:height\" content=\"675\" \/>\n\t<meta property=\"og:image:type\" content=\"image\/jpeg\" \/>\n<meta name=\"author\" content=\"Eduardo Vargas\" \/>\n<meta name=\"twitter:card\" content=\"summary_large_image\" \/>\n<meta name=\"twitter:creator\" content=\"@sunoresearch\" \/>\n<meta name=\"twitter:site\" content=\"@sunoresearch\" \/>\n<meta name=\"twitter:label1\" content=\"Escrito por\" \/>\n\t<meta name=\"twitter:data1\" content=\"Eduardo Vargas\" \/>\n\t<meta name=\"twitter:label2\" content=\"Est. tempo de leitura\" \/>\n\t<meta name=\"twitter:data2\" content=\"2 minutos\" \/>\n<script type=\"application\/ld+json\" class=\"yoast-schema-graph\">{\"@context\":\"https:\/\/schema.org\",\"@graph\":[{\"@type\":\"NewsArticle\",\"@id\":\"https:\/\/www.suno.com.br\/noticias\/grupo-de-investidores-oi-oibr3-evm\/#article\",\"isPartOf\":{\"@id\":\"https:\/\/www.suno.com.br\/noticias\/grupo-de-investidores-oi-oibr3-evm\/\"},\"author\":{\"name\":\"Eduardo Vargas\",\"@id\":\"https:\/\/www.suno.com.br\/noticias\/#\/schema\/person\/7f4d362bf3518e76090143ae77bb49a5\"},\"headline\":\"Grupo de investidores da Oi (OIBR3) quer &#8216;conten\u00e7\u00e3o de danos&#8217;, diz jornal\",\"datePublished\":\"2023-07-18T13:20:17+00:00\",\"dateModified\":\"2023-07-18T13:26:32+00:00\",\"mainEntityOfPage\":{\"@id\":\"https:\/\/www.suno.com.br\/noticias\/grupo-de-investidores-oi-oibr3-evm\/\"},\"wordCount\":345,\"publisher\":{\"@id\":\"https:\/\/www.suno.com.br\/noticias\/#organization\"},\"image\":{\"@id\":\"https:\/\/www.suno.com.br\/noticias\/grupo-de-investidores-oi-oibr3-evm\/#primaryimage\"},\"thumbnailUrl\":\"https:\/\/files.sunoresearch.com.br\/n\/uploads\/2023\/02\/oi-oibr3-dividas-intervencao-anatel-foto-divulgacao.jpg\",\"keywords\":[\"Oi (OIBR3\/OIBR4)\"],\"articleSection\":[\"Neg\u00f3cios\"],\"inLanguage\":\"pt-BR\"},{\"@type\":\"WebPage\",\"@id\":\"https:\/\/www.suno.com.br\/noticias\/grupo-de-investidores-oi-oibr3-evm\/\",\"url\":\"https:\/\/www.suno.com.br\/noticias\/grupo-de-investidores-oi-oibr3-evm\/\",\"name\":\"Grupo de investidores da Oi (OIBR3) quer 'conten\u00e7\u00e3o de danos'\",\"isPartOf\":{\"@id\":\"https:\/\/www.suno.com.br\/noticias\/#website\"},\"primaryImageOfPage\":{\"@id\":\"https:\/\/www.suno.com.br\/noticias\/grupo-de-investidores-oi-oibr3-evm\/#primaryimage\"},\"image\":{\"@id\":\"https:\/\/www.suno.com.br\/noticias\/grupo-de-investidores-oi-oibr3-evm\/#primaryimage\"},\"thumbnailUrl\":\"https:\/\/files.sunoresearch.com.br\/n\/uploads\/2023\/02\/oi-oibr3-dividas-intervencao-anatel-foto-divulgacao.jpg\",\"datePublished\":\"2023-07-18T13:20:17+00:00\",\"dateModified\":\"2023-07-18T13:26:32+00:00\",\"description\":\"Esse grupo de investidores italianos comprou em meados de 2015 t\u00edtulos da Portugal Telecom, que se juntou com a Oi em 2013.\",\"breadcrumb\":{\"@id\":\"https:\/\/www.suno.com.br\/noticias\/grupo-de-investidores-oi-oibr3-evm\/#breadcrumb\"},\"inLanguage\":\"pt-BR\",\"potentialAction\":[{\"@type\":\"ReadAction\",\"target\":[\"https:\/\/www.suno.com.br\/noticias\/grupo-de-investidores-oi-oibr3-evm\/\"]}]},{\"@type\":\"ImageObject\",\"inLanguage\":\"pt-BR\",\"@id\":\"https:\/\/www.suno.com.br\/noticias\/grupo-de-investidores-oi-oibr3-evm\/#primaryimage\",\"url\":\"https:\/\/files.sunoresearch.com.br\/n\/uploads\/2023\/02\/oi-oibr3-dividas-intervencao-anatel-foto-divulgacao.jpg\",\"contentUrl\":\"https:\/\/files.sunoresearch.com.br\/n\/uploads\/2023\/02\/oi-oibr3-dividas-intervencao-anatel-foto-divulgacao.jpg\",\"width\":1200,\"height\":675,\"caption\":\"Oi (OIBR3). Foto: Divulga\u00e7\u00e3o.\"},{\"@type\":\"BreadcrumbList\",\"@id\":\"https:\/\/www.suno.com.br\/noticias\/grupo-de-investidores-oi-oibr3-evm\/#breadcrumb\",\"itemListElement\":[{\"@type\":\"ListItem\",\"position\":1,\"name\":\"Not\u00edcias\",\"item\":\"https:\/\/www.suno.com.br\/noticias\/\"},{\"@type\":\"ListItem\",\"position\":2,\"name\":\"Neg\u00f3cios\",\"item\":\"https:\/\/www.suno.com.br\/noticias\/negocios\/\"},{\"@type\":\"ListItem\",\"position\":3,\"name\":\"Grupo de investidores da Oi (OIBR3) quer &#8216;conten\u00e7\u00e3o de danos&#8217;, diz jornal\"}]},{\"@type\":\"WebSite\",\"@id\":\"https:\/\/www.suno.com.br\/noticias\/#website\",\"url\":\"https:\/\/www.suno.com.br\/noticias\/\",\"name\":\"Suno Not\u00edcias\",\"description\":\"Seu portal de informa\u00e7\u00e3o sobre o mundo dos investimentos\",\"publisher\":{\"@id\":\"https:\/\/www.suno.com.br\/noticias\/#organization\"},\"potentialAction\":[{\"@type\":\"SearchAction\",\"target\":{\"@type\":\"EntryPoint\",\"urlTemplate\":\"https:\/\/www.suno.com.br\/noticias\/?s={search_term_string}\"},\"query-input\":{\"@type\":\"PropertyValueSpecification\",\"valueRequired\":true,\"valueName\":\"search_term_string\"}}],\"inLanguage\":\"pt-BR\"},{\"@type\":\"Organization\",\"@id\":\"https:\/\/www.suno.com.br\/noticias\/#organization\",\"name\":\"Suno Not\u00edcias\",\"url\":\"https:\/\/www.suno.com.br\/noticias\/\",\"logo\":{\"@type\":\"ImageObject\",\"inLanguage\":\"pt-BR\",\"@id\":\"https:\/\/www.suno.com.br\/noticias\/#\/schema\/logo\/image\/\",\"url\":\"https:\/\/files.sunoresearch.com.br\/n\/uploads\/2021\/09\/suno-logo.png\",\"contentUrl\":\"https:\/\/files.sunoresearch.com.br\/n\/uploads\/2021\/09\/suno-logo.png\",\"width\":180,\"height\":180,\"caption\":\"Suno Not\u00edcias\"},\"image\":{\"@id\":\"https:\/\/www.suno.com.br\/noticias\/#\/schema\/logo\/image\/\"},\"sameAs\":[\"https:\/\/facebook.com\/sunoresearch\",\"https:\/\/x.com\/sunoresearch\",\"https:\/\/www.instagram.com\/suno\",\"https:\/\/www.linkedin.com\/company\/suno-research\/\",\"https:\/\/www.youtube.com\/c\/sunoresearch\"]},{\"@type\":\"Person\",\"@id\":\"https:\/\/www.suno.com.br\/noticias\/#\/schema\/person\/7f4d362bf3518e76090143ae77bb49a5\",\"name\":\"Eduardo Vargas\",\"image\":{\"@type\":\"ImageObject\",\"inLanguage\":\"pt-BR\",\"@id\":\"https:\/\/www.suno.com.br\/noticias\/#\/schema\/person\/image\/\",\"url\":\"https:\/\/secure.gravatar.com\/avatar\/dac340933427a22924c9f99d1eb2e3f2?s=96&r=g\",\"contentUrl\":\"https:\/\/secure.gravatar.com\/avatar\/dac340933427a22924c9f99d1eb2e3f2?s=96&r=g\",\"caption\":\"Eduardo Vargas\"},\"description\":\"Jornalista formado pela UFSC, cobre macroeconomia, neg\u00f3cios e startups para o Suno Not\u00edcias, escrevendo principalmente not\u00edcias sobre o mercado financeiro e a bolsa de valores. No YouTube e no Instagram, \u00e9 respons\u00e1vel pela produ\u00e7\u00e3o de Reels e Shorts do Suno Not\u00edcias. Anteriormente, trabalhou cobrindo economia e cotidiano no ND+ e para o ND, maior jornal impresso de Santa Catarina. Cursou um semestre letivo de Estudos de M\u00eddia na Universidad de Buenos Aires.\",\"url\":\"https:\/\/www.suno.com.br\/noticias\/author\/eduardo-vargas\/\"}]}<\/script>\n<!-- \/ Yoast SEO plugin. -->","yoast_head_json":{"title":"Grupo de investidores da Oi (OIBR3) quer 'conten\u00e7\u00e3o de danos'","description":"Esse grupo de investidores italianos comprou em meados de 2015 t\u00edtulos da Portugal Telecom, que se juntou com a Oi em 2013.","robots":{"index":"index","follow":"follow","max-snippet":"max-snippet:-1","max-image-preview":"max-image-preview:large","max-video-preview":"max-video-preview:-1"},"canonical":"https:\/\/www.suno.com.br\/noticias\/grupo-de-investidores-oi-oibr3-evm\/","og_locale":"pt_BR","og_type":"article","og_title":"Grupo de investidores da Oi (OIBR3) quer 'conten\u00e7\u00e3o de danos'","og_description":"Esse grupo de investidores italianos comprou em meados de 2015 t\u00edtulos da Portugal Telecom, que se juntou com a Oi em 2013.","og_url":"https:\/\/www.suno.com.br\/noticias\/grupo-de-investidores-oi-oibr3-evm\/","og_site_name":"Suno Not\u00edcias","article_publisher":"https:\/\/facebook.com\/sunoresearch","og_image":[{"width":1200,"height":675,"url":"https:\/\/files.sunoresearch.com.br\/n\/uploads\/2023\/02\/oi-oibr3-dividas-intervencao-anatel-foto-divulgacao.jpg","type":"image\/jpeg"}],"author":"Eduardo Vargas","twitter_card":"summary_large_image","twitter_creator":"@sunoresearch","twitter_site":"@sunoresearch","twitter_misc":{"Escrito por":"Eduardo Vargas","Est. tempo de leitura":"2 minutos"},"schema":{"@context":"https:\/\/schema.org","@graph":[{"@type":"NewsArticle","@id":"https:\/\/www.suno.com.br\/noticias\/grupo-de-investidores-oi-oibr3-evm\/#article","isPartOf":{"@id":"https:\/\/www.suno.com.br\/noticias\/grupo-de-investidores-oi-oibr3-evm\/"},"author":{"name":"Eduardo Vargas","@id":"https:\/\/www.suno.com.br\/noticias\/#\/schema\/person\/7f4d362bf3518e76090143ae77bb49a5"},"headline":"Grupo de investidores da Oi (OIBR3) quer &#8216;conten\u00e7\u00e3o de danos&#8217;, diz jornal","datePublished":"2023-07-18T13:20:17+00:00","dateModified":"2023-07-18T13:26:32+00:00","mainEntityOfPage":{"@id":"https:\/\/www.suno.com.br\/noticias\/grupo-de-investidores-oi-oibr3-evm\/"},"wordCount":345,"publisher":{"@id":"https:\/\/www.suno.com.br\/noticias\/#organization"},"image":{"@id":"https:\/\/www.suno.com.br\/noticias\/grupo-de-investidores-oi-oibr3-evm\/#primaryimage"},"thumbnailUrl":"https:\/\/files.sunoresearch.com.br\/n\/uploads\/2023\/02\/oi-oibr3-dividas-intervencao-anatel-foto-divulgacao.jpg","keywords":["Oi (OIBR3\/OIBR4)"],"articleSection":["Neg\u00f3cios"],"inLanguage":"pt-BR"},{"@type":"WebPage","@id":"https:\/\/www.suno.com.br\/noticias\/grupo-de-investidores-oi-oibr3-evm\/","url":"https:\/\/www.suno.com.br\/noticias\/grupo-de-investidores-oi-oibr3-evm\/","name":"Grupo de investidores da Oi (OIBR3) quer 'conten\u00e7\u00e3o de danos'","isPartOf":{"@id":"https:\/\/www.suno.com.br\/noticias\/#website"},"primaryImageOfPage":{"@id":"https:\/\/www.suno.com.br\/noticias\/grupo-de-investidores-oi-oibr3-evm\/#primaryimage"},"image":{"@id":"https:\/\/www.suno.com.br\/noticias\/grupo-de-investidores-oi-oibr3-evm\/#primaryimage"},"thumbnailUrl":"https:\/\/files.sunoresearch.com.br\/n\/uploads\/2023\/02\/oi-oibr3-dividas-intervencao-anatel-foto-divulgacao.jpg","datePublished":"2023-07-18T13:20:17+00:00","dateModified":"2023-07-18T13:26:32+00:00","description":"Esse grupo de investidores italianos comprou em meados de 2015 t\u00edtulos da Portugal Telecom, que se juntou com a Oi em 2013.","breadcrumb":{"@id":"https:\/\/www.suno.com.br\/noticias\/grupo-de-investidores-oi-oibr3-evm\/#breadcrumb"},"inLanguage":"pt-BR","potentialAction":[{"@type":"ReadAction","target":["https:\/\/www.suno.com.br\/noticias\/grupo-de-investidores-oi-oibr3-evm\/"]}]},{"@type":"ImageObject","inLanguage":"pt-BR","@id":"https:\/\/www.suno.com.br\/noticias\/grupo-de-investidores-oi-oibr3-evm\/#primaryimage","url":"https:\/\/files.sunoresearch.com.br\/n\/uploads\/2023\/02\/oi-oibr3-dividas-intervencao-anatel-foto-divulgacao.jpg","contentUrl":"https:\/\/files.sunoresearch.com.br\/n\/uploads\/2023\/02\/oi-oibr3-dividas-intervencao-anatel-foto-divulgacao.jpg","width":1200,"height":675,"caption":"Oi (OIBR3). Foto: Divulga\u00e7\u00e3o."},{"@type":"BreadcrumbList","@id":"https:\/\/www.suno.com.br\/noticias\/grupo-de-investidores-oi-oibr3-evm\/#breadcrumb","itemListElement":[{"@type":"ListItem","position":1,"name":"Not\u00edcias","item":"https:\/\/www.suno.com.br\/noticias\/"},{"@type":"ListItem","position":2,"name":"Neg\u00f3cios","item":"https:\/\/www.suno.com.br\/noticias\/negocios\/"},{"@type":"ListItem","position":3,"name":"Grupo de investidores da Oi (OIBR3) quer &#8216;conten\u00e7\u00e3o de danos&#8217;, diz jornal"}]},{"@type":"WebSite","@id":"https:\/\/www.suno.com.br\/noticias\/#website","url":"https:\/\/www.suno.com.br\/noticias\/","name":"Suno Not\u00edcias","description":"Seu portal de informa\u00e7\u00e3o sobre o mundo dos investimentos","publisher":{"@id":"https:\/\/www.suno.com.br\/noticias\/#organization"},"potentialAction":[{"@type":"SearchAction","target":{"@type":"EntryPoint","urlTemplate":"https:\/\/www.suno.com.br\/noticias\/?s={search_term_string}"},"query-input":{"@type":"PropertyValueSpecification","valueRequired":true,"valueName":"search_term_string"}}],"inLanguage":"pt-BR"},{"@type":"Organization","@id":"https:\/\/www.suno.com.br\/noticias\/#organization","name":"Suno Not\u00edcias","url":"https:\/\/www.suno.com.br\/noticias\/","logo":{"@type":"ImageObject","inLanguage":"pt-BR","@id":"https:\/\/www.suno.com.br\/noticias\/#\/schema\/logo\/image\/","url":"https:\/\/files.sunoresearch.com.br\/n\/uploads\/2021\/09\/suno-logo.png","contentUrl":"https:\/\/files.sunoresearch.com.br\/n\/uploads\/2021\/09\/suno-logo.png","width":180,"height":180,"caption":"Suno Not\u00edcias"},"image":{"@id":"https:\/\/www.suno.com.br\/noticias\/#\/schema\/logo\/image\/"},"sameAs":["https:\/\/facebook.com\/sunoresearch","https:\/\/x.com\/sunoresearch","https:\/\/www.instagram.com\/suno","https:\/\/www.linkedin.com\/company\/suno-research\/","https:\/\/www.youtube.com\/c\/sunoresearch"]},{"@type":"Person","@id":"https:\/\/www.suno.com.br\/noticias\/#\/schema\/person\/7f4d362bf3518e76090143ae77bb49a5","name":"Eduardo Vargas","image":{"@type":"ImageObject","inLanguage":"pt-BR","@id":"https:\/\/www.suno.com.br\/noticias\/#\/schema\/person\/image\/","url":"https:\/\/secure.gravatar.com\/avatar\/dac340933427a22924c9f99d1eb2e3f2?s=96&r=g","contentUrl":"https:\/\/secure.gravatar.com\/avatar\/dac340933427a22924c9f99d1eb2e3f2?s=96&r=g","caption":"Eduardo Vargas"},"description":"Jornalista formado pela UFSC, cobre macroeconomia, neg\u00f3cios e startups para o Suno Not\u00edcias, escrevendo principalmente not\u00edcias sobre o mercado financeiro e a bolsa de valores. No YouTube e no Instagram, \u00e9 respons\u00e1vel pela produ\u00e7\u00e3o de Reels e Shorts do Suno Not\u00edcias. Anteriormente, trabalhou cobrindo economia e cotidiano no ND+ e para o ND, maior jornal impresso de Santa Catarina. Cursou um semestre letivo de Estudos de M\u00eddia na Universidad de Buenos Aires.","url":"https:\/\/www.suno.com.br\/noticias\/author\/eduardo-vargas\/"}]}},"default_loop_html":"<div class=\"cardsPage__listCard__boxs\"><div class=\"cardsPage__listCard__boxs__img\"><a href=\"https:\/\/www.suno.com.br\/noticias\/grupo-de-investidores-oi-oibr3-evm\/\"><img class=\"mask\" src=\"https:\/\/www.suno.com.br\/noticias\/wp-content\/themes\/suno\/resources\/images\/spotlight\/spotlight1img\/bg-mask.png\" alt=\"Image Mask\"\/><img src=\"https:\/\/files.sunoresearch.com.br\/n\/uploads\/2023\/02\/oi-oibr3-dividas-intervencao-anatel-foto-divulgacao-400x200.jpg\" alt=\"Grupo de investidores da Oi (OIBR3) quer &#8216;conten\u00e7\u00e3o de danos&#8217;, diz jornal\"\/><\/a><span class=\"spotlightCategory\"><a href=\"https:\/\/www.suno.com.br\/noticias\/negocios\/\">Neg\u00f3cios<\/a><\/span><\/div><div class=\"cardsPage__listCard__boxs__content\"><a href=\"https:\/\/www.suno.com.br\/noticias\/grupo-de-investidores-oi-oibr3-evm\/\"><h2 class=\"content__title\">Grupo de investidores da Oi (OIBR3) quer &#8216;conten\u00e7\u00e3o de danos&#8217;, diz jornal<\/h2><\/a><div class=\"newsContent__article__meta\"><div class=\"newsContent__article__meta__authorBox\"><a href=\"https:\/\/www.suno.com.br\/noticias\/author\/eduardo-vargas\/\" class=\"authorBox__avatar noMobi\"><img src=\"https:\/\/secure.gravatar.com\/avatar\/dac340933427a22924c9f99d1eb2e3f2?s=96&#038;r=g\" alt=\"Eduardo Vargas\"><\/a><div class=\"authorBox__name\"><span>por\n\t\t\t<a href=\"https:\/\/www.suno.com.br\/noticias\/author\/eduardo-vargas\/\"><span itemprop=\"author\">Eduardo Vargas<\/span><\/a><\/span><time datetime=\"2023-07-18T10:20:17-03:00\" itemprop=\"datePublished\">18\/07\/2023 10:20<\/time><\/div><\/div><\/div><\/div><\/div>","single_layout":"posts","amp_enabled":true,"_links":{"self":[{"href":"https:\/\/www.suno.com.br\/noticias\/wp-json\/wp\/v2\/posts\/429972"}],"collection":[{"href":"https:\/\/www.suno.com.br\/noticias\/wp-json\/wp\/v2\/posts"}],"about":[{"href":"https:\/\/www.suno.com.br\/noticias\/wp-json\/wp\/v2\/types\/post"}],"author":[{"embeddable":true,"href":"https:\/\/www.suno.com.br\/noticias\/wp-json\/wp\/v2\/users\/73"}],"replies":[{"embeddable":true,"href":"https:\/\/www.suno.com.br\/noticias\/wp-json\/wp\/v2\/comments?post=429972"}],"version-history":[{"count":2,"href":"https:\/\/www.suno.com.br\/noticias\/wp-json\/wp\/v2\/posts\/429972\/revisions"}],"predecessor-version":[{"id":429990,"href":"https:\/\/www.suno.com.br\/noticias\/wp-json\/wp\/v2\/posts\/429972\/revisions\/429990"}],"wp:featuredmedia":[{"embeddable":true,"href":"https:\/\/www.suno.com.br\/noticias\/wp-json\/wp\/v2\/media\/357961"}],"wp:attachment":[{"href":"https:\/\/www.suno.com.br\/noticias\/wp-json\/wp\/v2\/media?parent=429972"}],"wp:term":[{"taxonomy":"category","embeddable":true,"href":"https:\/\/www.suno.com.br\/noticias\/wp-json\/wp\/v2\/categories?post=429972"},{"taxonomy":"post_tag","embeddable":true,"href":"https:\/\/www.suno.com.br\/noticias\/wp-json\/wp\/v2\/tags?post=429972"},{"taxonomy":"suno_strategy","embeddable":true,"href":"https:\/\/www.suno.com.br\/noticias\/wp-json\/wp\/v2\/suno_strategy?post=429972"}],"curies":[{"name":"wp","href":"https:\/\/api.w.org\/{rel}","templated":true}]}}