{"id":42985,"date":"2019-10-30T13:50:07","date_gmt":"2019-10-30T15:50:07","guid":{"rendered":"https:\/\/www.suno.com.br\/noticias\/?p=42985"},"modified":"2019-10-30T13:50:07","modified_gmt":"2019-10-30T15:50:07","slug":"caixa-fgts-taxa-administrativa-05","status":"publish","type":"post","link":"https:\/\/www.suno.com.br\/noticias\/caixa-fgts-taxa-administrativa-05\/","title":{"rendered":"Caixa quer reduzir taxa do FGTS em 0,5% para permanecer com monop\u00f3lio"},"content":{"rendered":"<p>A taxa de administra\u00e7\u00e3o da gest\u00e3o do <strong><a href=\"https:\/\/www.suno.com.br\/artigos\/fgts\/\">Fundo de Garantia do Tempo de Servi\u00e7o (FGTS)<\/a><\/strong> passar\u00e1 de 1% para 0,5%. A redu\u00e7\u00e3o \u00e9 resultado de um acordo entre os parlamentares e a Caixa Econ\u00f4mica Federal.<\/p>\t<div class=\"wrapper-featured-image\">\n\t\t<figure class=\"spotlightImg\">\n\n\t\t\t<picture>\n\t\t\t\t<source media=\"(max-width: 768px)\" srcset=\"https:\/\/files.sunoresearch.com.br\/n\/uploads\/2019\/10\/eb9eb193-fgts-400x200.webp\">\n\t\t\t\t<img loading=\"lazy\" decoding=\"async\" class=\"newsContent__article__imgCapa lazyloadDisabled newsContent__article__imgCapa--noCaption\" src=\"https:\/\/files.sunoresearch.com.br\/n\/uploads\/2019\/10\/eb9eb193-fgts-800x450.webp\" width=\"800\" height=\"450\" alt=\"Caixa quer reduzir taxa do FGTS em 0,5% para permanecer com monop\u00f3lio\" fetchpriority=high \/>\n\t\t\t<\/picture>\n\n\t\t\t<figcaption class=\"wp-caption-text wp-caption-text--hide\">Saque complementar de R$ 498 do FGTS ser\u00e1 liberado nesta sexta<\/figcaption>\n\t\t<\/figure>\n\t<\/div>\n\n\n\n<p>Com o objetivo de permanecer com o monop\u00f3lio da gest\u00e3o do FGTS, a <strong>Caixa<\/strong> concordou em reduzir a taxa administrativa pela metade. A<strong> medida provis\u00f3ria<\/strong> ser\u00e1 votada nesta quarta-feira (30) na comiss\u00e3o mista do <strong>Congresso<\/strong>.<\/p>\n<p>As altera\u00e7\u00f5es s\u00e3o do deputado <strong>Hugo Mota<\/strong> (Republicanos) que apresentou um relat\u00f3rio que previa finalizar com o dom\u00ednio exclusivo da Caixa. O documento reduz tamb\u00e9m a taxa do FI-FGTS para 0,5% e estabelece limite de 0,1% ao ano para outras despesas administrativas.<\/p>\n<p>No ano passado, a estatal lucrou R$ 5,1 bilh\u00f5es apenas com a gest\u00e3o do fundo. Com a nova medida, o governo estima que o banco perder\u00e1 cerca de R$ 2,5 bilh\u00f5es por ano.<\/p>\n<h2>Caixa reduz taxa para n\u00e3o perder monop\u00f3lio<\/h2>\n<p>Em setembro, o governo havia anunciado que a Caixa poderia perder a administra\u00e7\u00e3o exclusiva do FGTS.<\/p>\n<p>&#8220;N\u00e3o d\u00e1 para o pa\u00eds do tamanho do Brasil contar com um banco s\u00f3. Os interesses da Caixa, at\u00e9 pela sua presen\u00e7a no conselho curador, eram impostos aos interesses do fundo e dos seus cotistas&#8221;, disse o diretor do departamento do FGTS do Minist\u00e9rio da Economia, Igor Vilas Boas de Freitas<strong>.<\/strong><\/p>\n<p><a href=\"\/\/www.suno.com.br\/noticias\/fgts-caixa-saques-nao-correntistas-2019\/\">Confira Tamb\u00e9m: FGTS: Caixa antecipa todos os saques de n\u00e3o correntistas para 2019<\/a><\/p>\n<p>De acordo com o governo, outras institui\u00e7\u00f5es financeiras poderiam oferecer maior retorno aos trabalhadores e cobrar menos pela administra\u00e7\u00e3o.<\/p>\n<p>Al\u00e9m disso, a lei determina que o dinheiro do FGTS seja utilizado para financiar \u00e1reas de habita\u00e7\u00e3o, saneamento b\u00e1sico e infraestrutura. O governo estuda que esses recursos poderiam ser destinados para criar um fundo garantidor em vez de oferecerem descontos no valor dos im\u00f3veis do programa.<\/p>\n\t<p>\n\t\t<a href=\"https:\/\/lp.suno.com.br\/suno-one\/?utm_campaign=_SNC6964518A_\" target=\"_blank\" data-element=\"shortcode-suno-banner\" title=\"Banner SUNO, clique e saiba mais\">\n\t\t\t<picture>\n\t\t\t\t<source media=\"(max-width: 500px)\" srcset=\"https:\/\/files.sunoresearch.com.br\/n\/uploads\/2025\/09\/400x300-Suno-One-png.webp\">\n\t\t\t\t<img class=\"newsContent__article__imgCapa newsContent__article__imgCapa--banner\"\n\t\t\t\t\tsrc=\"https:\/\/files.sunoresearch.com.br\/n\/uploads\/2025\/09\/1420x240-Suno-One-png.webp\"\n\t\t\t\t\tdata-promo-id=\"383121\"\t\t\t\t\t\t\t\t\t\twidth='1420' height='240'\t\t\t\t\talt=\"https:\/\/files.sunoresearch.com.br\/n\/uploads\/2025\/09\/1420x240-Suno-One-png.webp\"\n\t\t\t\t>\n\t\t\t<\/picture>\n\t\t<\/a>\n\t<\/p>\n\n\n<p>De acordo com Freitas, esse fundo beneficiar\u00e1 muito mais os trabalhadores do que os descontos oferecidos. Pois esse fundo funcionaria como seguro aos que n\u00e3o conseguem aprova\u00e7\u00e3o na an\u00e1lise de risco do banco. Todos os anos s\u00e3o, aproximadamente, R$ 9,6 bilh\u00f5es do FGTS destinados para o Minha Casa.<\/p>\n<p>&#8220;Tem um modelo \u00fanico de aplica\u00e7\u00e3o de recursos. Com quase R$ 10 bilh\u00f5es por ano de aplica\u00e7\u00e3o, o FGTS pode fazer mais do que faz. O fundo tem de fazer isso de uma forma eficiente e garantir que a popula\u00e7\u00e3o de baixa renda em todo o Brasil receba o recurso&#8221;, disse o diretor.<\/p>\n","protected":false},"excerpt":{"rendered":"<p>A taxa de administra\u00e7\u00e3o da gest\u00e3o do Fundo de Garantia do Tempo de Servi\u00e7o (FGTS) passar\u00e1 de 1% para 0,5%. A redu\u00e7\u00e3o \u00e9 resultado de um acordo entre os parlamentares e a Caixa Econ\u00f4mica Federal. Saque complementar de R$ 498 do FGTS ser\u00e1 liberado nesta sexta Com o objetivo de permanecer com o monop\u00f3lio da [&hellip;]<\/p>\n","protected":false},"author":15,"featured_media":39482,"comment_status":"closed","ping_status":"closed","sticky":false,"template":"","format":"standard","meta":[],"categories":[62],"tags":[1199,910],"suno_strategy":[],"class_list":["post-42985","post","type-post","status-publish","format-standard","has-post-thumbnail","hentry","category-economia","tag-caixa-economica-federal-cef","tag-fgts"],"yoast_head":"<!-- This site is optimized with the Yoast SEO plugin v24.4 - https:\/\/yoast.com\/wordpress\/plugins\/seo\/ -->\n<title>Caixa quer reduzir taxa do FGTS para permanecer com monop\u00f3lio<\/title>\n<meta name=\"description\" content=\"A taxa de administra\u00e7\u00e3o do FGTS passar\u00e1 de 1% para 0,5% devido ao acordo entre os parlamentares e a Caixa. Clique aqui e saiba mais\" \/>\n<meta name=\"robots\" content=\"index, follow, max-snippet:-1, max-image-preview:large, max-video-preview:-1\" \/>\n<link rel=\"canonical\" href=\"https:\/\/www.suno.com.br\/noticias\/caixa-fgts-taxa-administrativa-05\/\" \/>\n<meta property=\"og:locale\" content=\"pt_BR\" \/>\n<meta property=\"og:type\" content=\"article\" \/>\n<meta property=\"og:title\" content=\"Caixa quer reduzir taxa do FGTS para permanecer com monop\u00f3lio\" \/>\n<meta property=\"og:description\" content=\"A taxa de administra\u00e7\u00e3o do FGTS passar\u00e1 de 1% para 0,5% devido ao acordo entre os parlamentares e a Caixa. Clique aqui e saiba mais\" \/>\n<meta property=\"og:url\" content=\"https:\/\/www.suno.com.br\/noticias\/caixa-fgts-taxa-administrativa-05\/\" \/>\n<meta property=\"og:site_name\" content=\"Suno Not\u00edcias\" \/>\n<meta property=\"article:publisher\" content=\"https:\/\/facebook.com\/sunoresearch\" \/>\n<meta property=\"og:image\" content=\"https:\/\/files.sunoresearch.com.br\/n\/uploads\/2019\/10\/eb9eb193-fgts.jpg\" \/>\n\t<meta property=\"og:image:width\" content=\"3000\" \/>\n\t<meta property=\"og:image:height\" content=\"2000\" \/>\n\t<meta property=\"og:image:type\" content=\"image\/jpeg\" \/>\n<meta name=\"author\" content=\"Poliana Santos\" \/>\n<meta name=\"twitter:card\" content=\"summary_large_image\" \/>\n<meta name=\"twitter:creator\" content=\"@sunoresearch\" \/>\n<meta name=\"twitter:site\" content=\"@sunoresearch\" \/>\n<meta name=\"twitter:label1\" content=\"Escrito por\" \/>\n\t<meta name=\"twitter:data1\" content=\"Poliana Santos\" \/>\n\t<meta name=\"twitter:label2\" content=\"Est. tempo de leitura\" \/>\n\t<meta name=\"twitter:data2\" content=\"2 minutos\" \/>\n<script type=\"application\/ld+json\" class=\"yoast-schema-graph\">{\"@context\":\"https:\/\/schema.org\",\"@graph\":[{\"@type\":\"NewsArticle\",\"@id\":\"https:\/\/www.suno.com.br\/noticias\/caixa-fgts-taxa-administrativa-05\/#article\",\"isPartOf\":{\"@id\":\"https:\/\/www.suno.com.br\/noticias\/caixa-fgts-taxa-administrativa-05\/\"},\"author\":{\"name\":\"Poliana Santos\",\"@id\":\"https:\/\/www.suno.com.br\/noticias\/#\/schema\/person\/02ec1f752758247878a2bf4abee1aeda\"},\"headline\":\"Caixa quer reduzir taxa do FGTS em 0,5% para permanecer com monop\u00f3lio\",\"datePublished\":\"2019-10-30T15:50:07+00:00\",\"mainEntityOfPage\":{\"@id\":\"https:\/\/www.suno.com.br\/noticias\/caixa-fgts-taxa-administrativa-05\/\"},\"wordCount\":445,\"publisher\":{\"@id\":\"https:\/\/www.suno.com.br\/noticias\/#organization\"},\"image\":{\"@id\":\"https:\/\/www.suno.com.br\/noticias\/caixa-fgts-taxa-administrativa-05\/#primaryimage\"},\"thumbnailUrl\":\"https:\/\/files.sunoresearch.com.br\/n\/uploads\/2019\/10\/eb9eb193-fgts-scaled.webp\",\"keywords\":[\"Caixa Econ\u00f4mica Federal (CEF)\",\"FGTS\"],\"articleSection\":[\"Economia\"],\"inLanguage\":\"pt-BR\"},{\"@type\":\"WebPage\",\"@id\":\"https:\/\/www.suno.com.br\/noticias\/caixa-fgts-taxa-administrativa-05\/\",\"url\":\"https:\/\/www.suno.com.br\/noticias\/caixa-fgts-taxa-administrativa-05\/\",\"name\":\"Caixa quer reduzir taxa do FGTS para permanecer com monop\u00f3lio\",\"isPartOf\":{\"@id\":\"https:\/\/www.suno.com.br\/noticias\/#website\"},\"primaryImageOfPage\":{\"@id\":\"https:\/\/www.suno.com.br\/noticias\/caixa-fgts-taxa-administrativa-05\/#primaryimage\"},\"image\":{\"@id\":\"https:\/\/www.suno.com.br\/noticias\/caixa-fgts-taxa-administrativa-05\/#primaryimage\"},\"thumbnailUrl\":\"https:\/\/files.sunoresearch.com.br\/n\/uploads\/2019\/10\/eb9eb193-fgts-scaled.webp\",\"datePublished\":\"2019-10-30T15:50:07+00:00\",\"description\":\"A taxa de administra\u00e7\u00e3o do FGTS passar\u00e1 de 1% para 0,5% devido ao acordo entre os parlamentares e a Caixa. Clique aqui e saiba mais\",\"breadcrumb\":{\"@id\":\"https:\/\/www.suno.com.br\/noticias\/caixa-fgts-taxa-administrativa-05\/#breadcrumb\"},\"inLanguage\":\"pt-BR\",\"potentialAction\":[{\"@type\":\"ReadAction\",\"target\":[\"https:\/\/www.suno.com.br\/noticias\/caixa-fgts-taxa-administrativa-05\/\"]}]},{\"@type\":\"ImageObject\",\"inLanguage\":\"pt-BR\",\"@id\":\"https:\/\/www.suno.com.br\/noticias\/caixa-fgts-taxa-administrativa-05\/#primaryimage\",\"url\":\"https:\/\/files.sunoresearch.com.br\/n\/uploads\/2019\/10\/eb9eb193-fgts-scaled.webp\",\"contentUrl\":\"https:\/\/files.sunoresearch.com.br\/n\/uploads\/2019\/10\/eb9eb193-fgts-scaled.webp\",\"width\":2560,\"height\":1707,\"caption\":\"Saque complementar de R$ 498 do FGTS ser\u00e1 liberado nesta sexta\"},{\"@type\":\"BreadcrumbList\",\"@id\":\"https:\/\/www.suno.com.br\/noticias\/caixa-fgts-taxa-administrativa-05\/#breadcrumb\",\"itemListElement\":[{\"@type\":\"ListItem\",\"position\":1,\"name\":\"Not\u00edcias\",\"item\":\"https:\/\/www.suno.com.br\/noticias\/\"},{\"@type\":\"ListItem\",\"position\":2,\"name\":\"Economia\",\"item\":\"https:\/\/www.suno.com.br\/noticias\/economia\/\"},{\"@type\":\"ListItem\",\"position\":3,\"name\":\"Caixa quer reduzir taxa do FGTS em 0,5% para permanecer com monop\u00f3lio\"}]},{\"@type\":\"WebSite\",\"@id\":\"https:\/\/www.suno.com.br\/noticias\/#website\",\"url\":\"https:\/\/www.suno.com.br\/noticias\/\",\"name\":\"Suno Not\u00edcias\",\"description\":\"Seu portal de informa\u00e7\u00e3o sobre o mundo dos investimentos\",\"publisher\":{\"@id\":\"https:\/\/www.suno.com.br\/noticias\/#organization\"},\"potentialAction\":[{\"@type\":\"SearchAction\",\"target\":{\"@type\":\"EntryPoint\",\"urlTemplate\":\"https:\/\/www.suno.com.br\/noticias\/?s={search_term_string}\"},\"query-input\":{\"@type\":\"PropertyValueSpecification\",\"valueRequired\":true,\"valueName\":\"search_term_string\"}}],\"inLanguage\":\"pt-BR\"},{\"@type\":\"Organization\",\"@id\":\"https:\/\/www.suno.com.br\/noticias\/#organization\",\"name\":\"Suno Not\u00edcias\",\"url\":\"https:\/\/www.suno.com.br\/noticias\/\",\"logo\":{\"@type\":\"ImageObject\",\"inLanguage\":\"pt-BR\",\"@id\":\"https:\/\/www.suno.com.br\/noticias\/#\/schema\/logo\/image\/\",\"url\":\"https:\/\/files.sunoresearch.com.br\/n\/uploads\/2021\/09\/suno-logo.png\",\"contentUrl\":\"https:\/\/files.sunoresearch.com.br\/n\/uploads\/2021\/09\/suno-logo.png\",\"width\":180,\"height\":180,\"caption\":\"Suno Not\u00edcias\"},\"image\":{\"@id\":\"https:\/\/www.suno.com.br\/noticias\/#\/schema\/logo\/image\/\"},\"sameAs\":[\"https:\/\/facebook.com\/sunoresearch\",\"https:\/\/x.com\/sunoresearch\",\"https:\/\/www.instagram.com\/suno\",\"https:\/\/www.linkedin.com\/company\/suno-research\/\",\"https:\/\/www.youtube.com\/c\/sunoresearch\"]},{\"@type\":\"Person\",\"@id\":\"https:\/\/www.suno.com.br\/noticias\/#\/schema\/person\/02ec1f752758247878a2bf4abee1aeda\",\"name\":\"Poliana Santos\",\"image\":{\"@type\":\"ImageObject\",\"inLanguage\":\"pt-BR\",\"@id\":\"https:\/\/www.suno.com.br\/noticias\/#\/schema\/person\/image\/\",\"url\":\"https:\/\/secure.gravatar.com\/avatar\/0645bd32f23d87b2130f2b2dff1d3f8d?s=96&r=g\",\"contentUrl\":\"https:\/\/secure.gravatar.com\/avatar\/0645bd32f23d87b2130f2b2dff1d3f8d?s=96&r=g\",\"caption\":\"Poliana Santos\"},\"description\":\"Rep\u00f3rter no Suno Not\u00edcias, com cobertura em mercado financeiro, economia, finan\u00e7as pessoais, renda fixa e varejo. Jornalista formada pela Faculdade C\u00e1sper L\u00edbero e possui passagem na R\u00e1dio Gazeta AM com a produ\u00e7\u00e3o de conte\u00fado sobre economia, pol\u00edtica, sa\u00fade, moda e m\u00fasica. Possui certificado de conclus\u00e3o do curso de An\u00e1lise de Balan\u00e7os pela Funda\u00e7\u00e3o Bradesco, Agenda Brasil pela FAAP, Educa\u00e7\u00e3o Pol\u00edtica por Alexandre Garcia e do Tesouro Direto e Mercado de A\u00e7\u00f5es pela B3.\",\"url\":\"https:\/\/www.suno.com.br\/noticias\/author\/poliana-santos\/\"}]}<\/script>\n<!-- \/ Yoast SEO plugin. -->","yoast_head_json":{"title":"Caixa quer reduzir taxa do FGTS para permanecer com monop\u00f3lio","description":"A taxa de administra\u00e7\u00e3o do FGTS passar\u00e1 de 1% para 0,5% devido ao acordo entre os parlamentares e a Caixa. Clique aqui e saiba mais","robots":{"index":"index","follow":"follow","max-snippet":"max-snippet:-1","max-image-preview":"max-image-preview:large","max-video-preview":"max-video-preview:-1"},"canonical":"https:\/\/www.suno.com.br\/noticias\/caixa-fgts-taxa-administrativa-05\/","og_locale":"pt_BR","og_type":"article","og_title":"Caixa quer reduzir taxa do FGTS para permanecer com monop\u00f3lio","og_description":"A taxa de administra\u00e7\u00e3o do FGTS passar\u00e1 de 1% para 0,5% devido ao acordo entre os parlamentares e a Caixa. Clique aqui e saiba mais","og_url":"https:\/\/www.suno.com.br\/noticias\/caixa-fgts-taxa-administrativa-05\/","og_site_name":"Suno Not\u00edcias","article_publisher":"https:\/\/facebook.com\/sunoresearch","og_image":[{"width":3000,"height":2000,"url":"https:\/\/files.sunoresearch.com.br\/n\/uploads\/2019\/10\/eb9eb193-fgts.jpg","type":"image\/jpeg"}],"author":"Poliana Santos","twitter_card":"summary_large_image","twitter_creator":"@sunoresearch","twitter_site":"@sunoresearch","twitter_misc":{"Escrito por":"Poliana Santos","Est. tempo de leitura":"2 minutos"},"schema":{"@context":"https:\/\/schema.org","@graph":[{"@type":"NewsArticle","@id":"https:\/\/www.suno.com.br\/noticias\/caixa-fgts-taxa-administrativa-05\/#article","isPartOf":{"@id":"https:\/\/www.suno.com.br\/noticias\/caixa-fgts-taxa-administrativa-05\/"},"author":{"name":"Poliana Santos","@id":"https:\/\/www.suno.com.br\/noticias\/#\/schema\/person\/02ec1f752758247878a2bf4abee1aeda"},"headline":"Caixa quer reduzir taxa do FGTS em 0,5% para permanecer com monop\u00f3lio","datePublished":"2019-10-30T15:50:07+00:00","mainEntityOfPage":{"@id":"https:\/\/www.suno.com.br\/noticias\/caixa-fgts-taxa-administrativa-05\/"},"wordCount":445,"publisher":{"@id":"https:\/\/www.suno.com.br\/noticias\/#organization"},"image":{"@id":"https:\/\/www.suno.com.br\/noticias\/caixa-fgts-taxa-administrativa-05\/#primaryimage"},"thumbnailUrl":"https:\/\/files.sunoresearch.com.br\/n\/uploads\/2019\/10\/eb9eb193-fgts-scaled.webp","keywords":["Caixa Econ\u00f4mica Federal (CEF)","FGTS"],"articleSection":["Economia"],"inLanguage":"pt-BR"},{"@type":"WebPage","@id":"https:\/\/www.suno.com.br\/noticias\/caixa-fgts-taxa-administrativa-05\/","url":"https:\/\/www.suno.com.br\/noticias\/caixa-fgts-taxa-administrativa-05\/","name":"Caixa quer reduzir taxa do FGTS para permanecer com monop\u00f3lio","isPartOf":{"@id":"https:\/\/www.suno.com.br\/noticias\/#website"},"primaryImageOfPage":{"@id":"https:\/\/www.suno.com.br\/noticias\/caixa-fgts-taxa-administrativa-05\/#primaryimage"},"image":{"@id":"https:\/\/www.suno.com.br\/noticias\/caixa-fgts-taxa-administrativa-05\/#primaryimage"},"thumbnailUrl":"https:\/\/files.sunoresearch.com.br\/n\/uploads\/2019\/10\/eb9eb193-fgts-scaled.webp","datePublished":"2019-10-30T15:50:07+00:00","description":"A taxa de administra\u00e7\u00e3o do FGTS passar\u00e1 de 1% para 0,5% devido ao acordo entre os parlamentares e a Caixa. Clique aqui e saiba mais","breadcrumb":{"@id":"https:\/\/www.suno.com.br\/noticias\/caixa-fgts-taxa-administrativa-05\/#breadcrumb"},"inLanguage":"pt-BR","potentialAction":[{"@type":"ReadAction","target":["https:\/\/www.suno.com.br\/noticias\/caixa-fgts-taxa-administrativa-05\/"]}]},{"@type":"ImageObject","inLanguage":"pt-BR","@id":"https:\/\/www.suno.com.br\/noticias\/caixa-fgts-taxa-administrativa-05\/#primaryimage","url":"https:\/\/files.sunoresearch.com.br\/n\/uploads\/2019\/10\/eb9eb193-fgts-scaled.webp","contentUrl":"https:\/\/files.sunoresearch.com.br\/n\/uploads\/2019\/10\/eb9eb193-fgts-scaled.webp","width":2560,"height":1707,"caption":"Saque complementar de R$ 498 do FGTS ser\u00e1 liberado nesta sexta"},{"@type":"BreadcrumbList","@id":"https:\/\/www.suno.com.br\/noticias\/caixa-fgts-taxa-administrativa-05\/#breadcrumb","itemListElement":[{"@type":"ListItem","position":1,"name":"Not\u00edcias","item":"https:\/\/www.suno.com.br\/noticias\/"},{"@type":"ListItem","position":2,"name":"Economia","item":"https:\/\/www.suno.com.br\/noticias\/economia\/"},{"@type":"ListItem","position":3,"name":"Caixa quer reduzir taxa do FGTS em 0,5% para permanecer com monop\u00f3lio"}]},{"@type":"WebSite","@id":"https:\/\/www.suno.com.br\/noticias\/#website","url":"https:\/\/www.suno.com.br\/noticias\/","name":"Suno Not\u00edcias","description":"Seu portal de informa\u00e7\u00e3o sobre o mundo dos investimentos","publisher":{"@id":"https:\/\/www.suno.com.br\/noticias\/#organization"},"potentialAction":[{"@type":"SearchAction","target":{"@type":"EntryPoint","urlTemplate":"https:\/\/www.suno.com.br\/noticias\/?s={search_term_string}"},"query-input":{"@type":"PropertyValueSpecification","valueRequired":true,"valueName":"search_term_string"}}],"inLanguage":"pt-BR"},{"@type":"Organization","@id":"https:\/\/www.suno.com.br\/noticias\/#organization","name":"Suno Not\u00edcias","url":"https:\/\/www.suno.com.br\/noticias\/","logo":{"@type":"ImageObject","inLanguage":"pt-BR","@id":"https:\/\/www.suno.com.br\/noticias\/#\/schema\/logo\/image\/","url":"https:\/\/files.sunoresearch.com.br\/n\/uploads\/2021\/09\/suno-logo.png","contentUrl":"https:\/\/files.sunoresearch.com.br\/n\/uploads\/2021\/09\/suno-logo.png","width":180,"height":180,"caption":"Suno Not\u00edcias"},"image":{"@id":"https:\/\/www.suno.com.br\/noticias\/#\/schema\/logo\/image\/"},"sameAs":["https:\/\/facebook.com\/sunoresearch","https:\/\/x.com\/sunoresearch","https:\/\/www.instagram.com\/suno","https:\/\/www.linkedin.com\/company\/suno-research\/","https:\/\/www.youtube.com\/c\/sunoresearch"]},{"@type":"Person","@id":"https:\/\/www.suno.com.br\/noticias\/#\/schema\/person\/02ec1f752758247878a2bf4abee1aeda","name":"Poliana Santos","image":{"@type":"ImageObject","inLanguage":"pt-BR","@id":"https:\/\/www.suno.com.br\/noticias\/#\/schema\/person\/image\/","url":"https:\/\/secure.gravatar.com\/avatar\/0645bd32f23d87b2130f2b2dff1d3f8d?s=96&r=g","contentUrl":"https:\/\/secure.gravatar.com\/avatar\/0645bd32f23d87b2130f2b2dff1d3f8d?s=96&r=g","caption":"Poliana Santos"},"description":"Rep\u00f3rter no Suno Not\u00edcias, com cobertura em mercado financeiro, economia, finan\u00e7as pessoais, renda fixa e varejo. Jornalista formada pela Faculdade C\u00e1sper L\u00edbero e possui passagem na R\u00e1dio Gazeta AM com a produ\u00e7\u00e3o de conte\u00fado sobre economia, pol\u00edtica, sa\u00fade, moda e m\u00fasica. Possui certificado de conclus\u00e3o do curso de An\u00e1lise de Balan\u00e7os pela Funda\u00e7\u00e3o Bradesco, Agenda Brasil pela FAAP, Educa\u00e7\u00e3o Pol\u00edtica por Alexandre Garcia e do Tesouro Direto e Mercado de A\u00e7\u00f5es pela B3.","url":"https:\/\/www.suno.com.br\/noticias\/author\/poliana-santos\/"}]}},"default_loop_html":"<div class=\"cardsPage__listCard__boxs\"><div class=\"cardsPage__listCard__boxs__img\"><a href=\"https:\/\/www.suno.com.br\/noticias\/caixa-fgts-taxa-administrativa-05\/\"><img class=\"mask\" src=\"https:\/\/www.suno.com.br\/noticias\/wp-content\/themes\/suno\/resources\/images\/spotlight\/spotlight1img\/bg-mask.png\" alt=\"Image Mask\"\/><img src=\"https:\/\/files.sunoresearch.com.br\/n\/uploads\/2019\/10\/eb9eb193-fgts-400x200.webp\" alt=\"Caixa quer reduzir taxa do FGTS em 0,5% para permanecer com monop\u00f3lio\"\/><\/a><span class=\"spotlightCategory\"><a href=\"https:\/\/www.suno.com.br\/noticias\/economia\/\">Economia<\/a><\/span><\/div><div class=\"cardsPage__listCard__boxs__content\"><a href=\"https:\/\/www.suno.com.br\/noticias\/caixa-fgts-taxa-administrativa-05\/\"><h2 class=\"content__title\">Caixa quer reduzir taxa do FGTS em 0,5% para permanecer com monop\u00f3lio<\/h2><\/a><div class=\"newsContent__article__meta\"><div class=\"newsContent__article__meta__authorBox\"><a href=\"https:\/\/www.suno.com.br\/noticias\/author\/poliana-santos\/\" class=\"authorBox__avatar noMobi\"><img src=\"https:\/\/files.sunoresearch.com.br\/n\/uploads\/2020\/08\/7ef34026-whatsapp-image-2020-08-03-at-12.37.57-150x150.webp\" alt=\"Poliana Santos\"><\/a><div class=\"authorBox__name\"><span>por\n\t\t\t<a href=\"https:\/\/www.suno.com.br\/noticias\/author\/poliana-santos\/\"><span itemprop=\"author\">Poliana Santos<\/span><\/a><\/span><time datetime=\"2019-10-30T13:50:07-03:00\" itemprop=\"datePublished\">30\/10\/2019 13:50<\/time><\/div><\/div><\/div><\/div><\/div>","single_layout":"posts","amp_enabled":true,"_links":{"self":[{"href":"https:\/\/www.suno.com.br\/noticias\/wp-json\/wp\/v2\/posts\/42985"}],"collection":[{"href":"https:\/\/www.suno.com.br\/noticias\/wp-json\/wp\/v2\/posts"}],"about":[{"href":"https:\/\/www.suno.com.br\/noticias\/wp-json\/wp\/v2\/types\/post"}],"author":[{"embeddable":true,"href":"https:\/\/www.suno.com.br\/noticias\/wp-json\/wp\/v2\/users\/15"}],"replies":[{"embeddable":true,"href":"https:\/\/www.suno.com.br\/noticias\/wp-json\/wp\/v2\/comments?post=42985"}],"version-history":[{"count":0,"href":"https:\/\/www.suno.com.br\/noticias\/wp-json\/wp\/v2\/posts\/42985\/revisions"}],"wp:featuredmedia":[{"embeddable":true,"href":"https:\/\/www.suno.com.br\/noticias\/wp-json\/wp\/v2\/media\/39482"}],"wp:attachment":[{"href":"https:\/\/www.suno.com.br\/noticias\/wp-json\/wp\/v2\/media?parent=42985"}],"wp:term":[{"taxonomy":"category","embeddable":true,"href":"https:\/\/www.suno.com.br\/noticias\/wp-json\/wp\/v2\/categories?post=42985"},{"taxonomy":"post_tag","embeddable":true,"href":"https:\/\/www.suno.com.br\/noticias\/wp-json\/wp\/v2\/tags?post=42985"},{"taxonomy":"suno_strategy","embeddable":true,"href":"https:\/\/www.suno.com.br\/noticias\/wp-json\/wp\/v2\/suno_strategy?post=42985"}],"curies":[{"name":"wp","href":"https:\/\/api.w.org\/{rel}","templated":true}]}}