{"id":42969,"date":"2019-10-30T12:39:54","date_gmt":"2019-10-30T14:39:54","guid":{"rendered":"https:\/\/www.suno.com.br\/noticias\/?p=42969"},"modified":"2019-11-01T14:00:05","modified_gmt":"2019-11-01T16:00:05","slug":"chile-cancela-encontro-da-apec-era-esperado-um-acordo-para-a-guerra-comercial","status":"publish","type":"post","link":"https:\/\/www.suno.com.br\/noticias\/chile-cancela-encontro-da-apec-era-esperado-um-acordo-para-a-guerra-comercial\/","title":{"rendered":"Chile cancela encontro da APEC; era esperado um acordo para a guerra comercial"},"content":{"rendered":"<p>Em meio aos protestos civis, o <strong>Chile<\/strong> anunciou o cancelamento da reuni\u00e3o da Coopera\u00e7\u00e3o Econ\u00f4mica da \u00c1sia e do Pac\u00edfico (<strong>APEC<\/strong>, na sigla em ingl\u00eas). Na c\u00fapula, que desta vez aconteceria em territ\u00f3rio sul-americano em novembro, era esperada a assinatura de um acordo para a <a href=\"https:\/\/www.suno.com.br\/artigos\/a-guerra-comercial\/\">guerra comercial<\/a>.<\/p>\t<div class=\"wrapper-featured-image\">\n\t\t<figure class=\"spotlightImg\">\n\n\t\t\t<picture>\n\t\t\t\t<source media=\"(max-width: 768px)\" srcset=\"https:\/\/files.sunoresearch.com.br\/n\/uploads\/2019\/10\/b52ea9d1-chile-400x200.webp\">\n\t\t\t\t<img loading=\"lazy\" decoding=\"async\" class=\"newsContent__article__imgCapa lazyloadDisabled newsContent__article__imgCapa--noCaption\" src=\"https:\/\/files.sunoresearch.com.br\/n\/uploads\/2019\/10\/b52ea9d1-chile-800x450.webp\" width=\"800\" height=\"450\" alt=\"Chile cancela encontro da APEC; era esperado um acordo para a guerra comercial\" fetchpriority=high \/>\n\t\t\t<\/picture>\n\n\t\t\t<figcaption class=\"wp-caption-text wp-caption-text--hide\">Chile cancela encontro da APEC; era esperado um acordo para a guerra comercial<\/figcaption>\n\t\t<\/figure>\n\t<\/div>\n\n\n\n<p>O presidente norte-americano, <a href=\"https:\/\/www.suno.com.br\/tudo-sobre\/donald-trump\/\"><strong>Donald Trump<\/strong><\/a>, afirmou que colocaria fim \u00e0 primeira fase da <strong>guerra comercial<\/strong>, assinando um acordo preliminar com o mandat\u00e1rio chin\u00eas <strong>Xi Jinping<\/strong> na c\u00fapula entre os dias 16 a 17 de novembro.<\/p>\n<p><a href=\"https:\/\/www.suno.com.br\/noticias\/economia-dos-eua-supera-expectativas-cresce-no-terceiro-trimestre\/\">Confira: Economia dos EUA supera expectativas e cresce 1,9% no terceiro trimestre<\/a><\/p>\n<p>O acordo parcial, anunciado por <strong>Trump<\/strong> em 11 de outubro, acalmou os temores nos mercados financeiros. A disputa comercial entre as duas maiores pot\u00eancias econ\u00f4micas do mundo j\u00e1 dura 18 meses.<\/p>\n<h2>Princ\u00edpio do fim da guerra comercial \u00e9 inviabilizada<\/h2>\n<p>O Chile tamb\u00e9m n\u00e3o sediar\u00e1 mais a confer\u00eancia da <strong>Organiza\u00e7\u00e3o das Na\u00e7\u00f5es Unidas (ONU)<\/strong> sobre mudan\u00e7a clim\u00e1tica, a <strong>COP25<\/strong>, marcada para dezembro. O an\u00fancio foi realizado pelo presidente Sebastian Pi\u00f1era.<\/p>\n\t<p>\n\t\t<a href=\"https:\/\/lp.suno.com.br\/pv\/sr-premium\/trial-1-real\/\" target=\"_blank\" data-element=\"shortcode-suno-banner\" title=\"Banner SUNO, clique e saiba mais\">\n\t\t\t<picture>\n\t\t\t\t<source media=\"(max-width: 500px)\" srcset=\"https:\/\/files.sunoresearch.com.br\/n\/uploads\/2024\/04\/400x300-Banner-Home-2.png\">\n\t\t\t\t<img class=\"newsContent__article__imgCapa newsContent__article__imgCapa--banner\"\n\t\t\t\t\tsrc=\"https:\/\/files.sunoresearch.com.br\/n\/uploads\/2024\/04\/1420x240-Banner-Home-2.png\"\n\t\t\t\t\tdata-promo-id=\"541556\"\t\t\t\t\t\t\t\t\t\twidth='1420' height='240'\t\t\t\t\talt=\"https:\/\/files.sunoresearch.com.br\/n\/uploads\/2024\/04\/1420x240-Banner-Home-2.png\"\n\t\t\t\t>\n\t\t\t<\/picture>\n\t\t<\/a>\n\t<\/p>\n\n\n<p>Ap\u00f3s o an\u00fancio, o moeda chilena caiu 1,6%, chegando a 738,75 pesos contra o um d\u00f3lar. Dessa forma, o peso est\u00e1 no seu n\u00edvel mais baixo desde 2003. A <strong>Bolsa de Valores de Santiago<\/strong> tamb\u00e9m registrou quedas. Por volta das 11h47 desta quarta-feira (30), chegava a 4.737,53, caindo 2,94%.<\/p>\n<p><a href=\"https:\/\/www.suno.com.br\/noticias\/vale-processo-deslistagem-bolsa-paris\/\">Saiba mais: Vale dar\u00e1 in\u00edcio ao processo de deslistagem da bolsa de Paris<\/a><\/p>\n<p>&#8220;Entendemos perfeitamente a import\u00e2ncia da <strong>APEC<\/strong> e da COP25 para o Chile e o mundo, mas baseamos nossa decis\u00e3o no senso comum&#8221;, disse Pi\u00f1era do pal\u00e1cio presidencial. &#8220;Um presidente precisa colocar seu povo acima de tudo.&#8221;<\/p>\n<p>O Pi\u00f1era relatou que entrou em contato com os presidentes que compareceriam para alert\u00e1-los sobre o cancelamento.<\/p>\n<p><a href=\"https:\/\/www.suno.com.br\/noticias\/reino-unido-eleicoes-gerais-dezembro\/\">Veja tamb\u00e9m: Reino Unido deve ter elei\u00e7\u00f5es gerais em 12 de dezembro<\/a><\/p>\n<p>A decis\u00e3o do pa\u00eds de cancelar a reuni\u00e3o e inviabilizar o acordo da <strong>guerra comercial<\/strong> ressalta a profundidade dos problemas enfrentados pelo Chile, com seguidas manifesta\u00e7\u00f5es populares acerca de medidas governamentais, acarretando na morte de 18 pessoas. At\u00e9 dois dias atr\u00e1s, no entanto, o governo insistia em prosseguir com a organiza\u00e7\u00e3o da c\u00fapula.<\/p>\n","protected":false},"excerpt":{"rendered":"<p>Em meio aos protestos civis, o Chile anunciou o cancelamento da reuni\u00e3o da Coopera\u00e7\u00e3o Econ\u00f4mica da \u00c1sia e do Pac\u00edfico (APEC, na sigla em ingl\u00eas). Na c\u00fapula, que desta vez aconteceria em territ\u00f3rio sul-americano em novembro, era esperada a assinatura de um acordo para a guerra comercial. Chile cancela encontro da APEC; era esperado um [&hellip;]<\/p>\n","protected":false},"author":24,"featured_media":42970,"comment_status":"closed","ping_status":"closed","sticky":false,"template":"","format":"standard","meta":[],"categories":[63],"tags":[724,980],"suno_strategy":[],"class_list":["post-42969","post","type-post","status-publish","format-standard","has-post-thumbnail","hentry","category-internacional","tag-donald-trump","tag-guerra-comercial"],"yoast_head":"<!-- This site is optimized with the Yoast SEO plugin v24.4 - https:\/\/yoast.com\/wordpress\/plugins\/seo\/ -->\n<title>Chile cancela APEC; era esperado um acordo na guerra comercial<\/title>\n<meta name=\"description\" content=\"Em meio a protestos, Chile dever\u00e1 cancelar a reuni\u00e3o da APEC. Seria assinado um acordo para a guerra comercial. Clique e saiba mais.\" \/>\n<meta name=\"robots\" content=\"index, follow, max-snippet:-1, max-image-preview:large, max-video-preview:-1\" \/>\n<link rel=\"canonical\" href=\"https:\/\/www.suno.com.br\/noticias\/chile-cancela-encontro-da-apec-era-esperado-um-acordo-para-a-guerra-comercial\/\" \/>\n<meta property=\"og:locale\" content=\"pt_BR\" \/>\n<meta property=\"og:type\" content=\"article\" \/>\n<meta property=\"og:title\" content=\"Chile cancela APEC; era esperado um acordo na guerra comercial\" \/>\n<meta property=\"og:description\" content=\"Em meio a protestos, Chile dever\u00e1 cancelar a reuni\u00e3o da APEC. Seria assinado um acordo para a guerra comercial. Clique e saiba mais.\" \/>\n<meta property=\"og:url\" content=\"https:\/\/www.suno.com.br\/noticias\/chile-cancela-encontro-da-apec-era-esperado-um-acordo-para-a-guerra-comercial\/\" \/>\n<meta property=\"og:site_name\" content=\"Suno Not\u00edcias\" \/>\n<meta property=\"article:publisher\" content=\"https:\/\/facebook.com\/sunoresearch\" \/>\n<meta property=\"og:image\" content=\"https:\/\/files.sunoresearch.com.br\/n\/uploads\/2019\/10\/b52ea9d1-chile.jpg\" \/>\n\t<meta property=\"og:image:width\" content=\"1380\" \/>\n\t<meta property=\"og:image:height\" content=\"920\" \/>\n\t<meta property=\"og:image:type\" content=\"image\/jpeg\" \/>\n<meta name=\"author\" content=\"Jader Lazarini\" \/>\n<meta name=\"twitter:card\" content=\"summary_large_image\" \/>\n<meta name=\"twitter:creator\" content=\"@sunoresearch\" \/>\n<meta name=\"twitter:site\" content=\"@sunoresearch\" \/>\n<meta name=\"twitter:label1\" content=\"Escrito por\" \/>\n\t<meta name=\"twitter:data1\" content=\"Jader Lazarini\" \/>\n\t<meta name=\"twitter:label2\" content=\"Est. tempo de leitura\" \/>\n\t<meta name=\"twitter:data2\" content=\"2 minutos\" \/>\n<script type=\"application\/ld+json\" class=\"yoast-schema-graph\">{\"@context\":\"https:\/\/schema.org\",\"@graph\":[{\"@type\":\"NewsArticle\",\"@id\":\"https:\/\/www.suno.com.br\/noticias\/chile-cancela-encontro-da-apec-era-esperado-um-acordo-para-a-guerra-comercial\/#article\",\"isPartOf\":{\"@id\":\"https:\/\/www.suno.com.br\/noticias\/chile-cancela-encontro-da-apec-era-esperado-um-acordo-para-a-guerra-comercial\/\"},\"author\":{\"name\":\"Jader Lazarini\",\"@id\":\"https:\/\/www.suno.com.br\/noticias\/#\/schema\/person\/918d79de1f0281f01599b93f9ea6e23f\"},\"headline\":\"Chile cancela encontro da APEC; era esperado um acordo para a guerra comercial\",\"datePublished\":\"2019-10-30T14:39:54+00:00\",\"dateModified\":\"2019-11-01T16:00:05+00:00\",\"mainEntityOfPage\":{\"@id\":\"https:\/\/www.suno.com.br\/noticias\/chile-cancela-encontro-da-apec-era-esperado-um-acordo-para-a-guerra-comercial\/\"},\"wordCount\":389,\"publisher\":{\"@id\":\"https:\/\/www.suno.com.br\/noticias\/#organization\"},\"image\":{\"@id\":\"https:\/\/www.suno.com.br\/noticias\/chile-cancela-encontro-da-apec-era-esperado-um-acordo-para-a-guerra-comercial\/#primaryimage\"},\"thumbnailUrl\":\"https:\/\/files.sunoresearch.com.br\/n\/uploads\/2019\/10\/b52ea9d1-chile-jpg.webp\",\"keywords\":[\"Donald Trump\",\"guerra comercial\"],\"articleSection\":[\"Internacional\"],\"inLanguage\":\"pt-BR\"},{\"@type\":\"WebPage\",\"@id\":\"https:\/\/www.suno.com.br\/noticias\/chile-cancela-encontro-da-apec-era-esperado-um-acordo-para-a-guerra-comercial\/\",\"url\":\"https:\/\/www.suno.com.br\/noticias\/chile-cancela-encontro-da-apec-era-esperado-um-acordo-para-a-guerra-comercial\/\",\"name\":\"Chile cancela APEC; era esperado um acordo na guerra comercial\",\"isPartOf\":{\"@id\":\"https:\/\/www.suno.com.br\/noticias\/#website\"},\"primaryImageOfPage\":{\"@id\":\"https:\/\/www.suno.com.br\/noticias\/chile-cancela-encontro-da-apec-era-esperado-um-acordo-para-a-guerra-comercial\/#primaryimage\"},\"image\":{\"@id\":\"https:\/\/www.suno.com.br\/noticias\/chile-cancela-encontro-da-apec-era-esperado-um-acordo-para-a-guerra-comercial\/#primaryimage\"},\"thumbnailUrl\":\"https:\/\/files.sunoresearch.com.br\/n\/uploads\/2019\/10\/b52ea9d1-chile-jpg.webp\",\"datePublished\":\"2019-10-30T14:39:54+00:00\",\"dateModified\":\"2019-11-01T16:00:05+00:00\",\"description\":\"Em meio a protestos, Chile dever\u00e1 cancelar a reuni\u00e3o da APEC. Seria assinado um acordo para a guerra comercial. Clique e saiba mais.\",\"breadcrumb\":{\"@id\":\"https:\/\/www.suno.com.br\/noticias\/chile-cancela-encontro-da-apec-era-esperado-um-acordo-para-a-guerra-comercial\/#breadcrumb\"},\"inLanguage\":\"pt-BR\",\"potentialAction\":[{\"@type\":\"ReadAction\",\"target\":[\"https:\/\/www.suno.com.br\/noticias\/chile-cancela-encontro-da-apec-era-esperado-um-acordo-para-a-guerra-comercial\/\"]}]},{\"@type\":\"ImageObject\",\"inLanguage\":\"pt-BR\",\"@id\":\"https:\/\/www.suno.com.br\/noticias\/chile-cancela-encontro-da-apec-era-esperado-um-acordo-para-a-guerra-comercial\/#primaryimage\",\"url\":\"https:\/\/files.sunoresearch.com.br\/n\/uploads\/2019\/10\/b52ea9d1-chile-jpg.webp\",\"contentUrl\":\"https:\/\/files.sunoresearch.com.br\/n\/uploads\/2019\/10\/b52ea9d1-chile-jpg.webp\",\"width\":1380,\"height\":920,\"caption\":\"Chile cancela encontro da APEC; era esperado um acordo para a guerra comercial\"},{\"@type\":\"BreadcrumbList\",\"@id\":\"https:\/\/www.suno.com.br\/noticias\/chile-cancela-encontro-da-apec-era-esperado-um-acordo-para-a-guerra-comercial\/#breadcrumb\",\"itemListElement\":[{\"@type\":\"ListItem\",\"position\":1,\"name\":\"Not\u00edcias\",\"item\":\"https:\/\/www.suno.com.br\/noticias\/\"},{\"@type\":\"ListItem\",\"position\":2,\"name\":\"Internacional\",\"item\":\"https:\/\/www.suno.com.br\/noticias\/internacional\/\"},{\"@type\":\"ListItem\",\"position\":3,\"name\":\"Chile cancela encontro da APEC; era esperado um acordo para a guerra comercial\"}]},{\"@type\":\"WebSite\",\"@id\":\"https:\/\/www.suno.com.br\/noticias\/#website\",\"url\":\"https:\/\/www.suno.com.br\/noticias\/\",\"name\":\"Suno Not\u00edcias\",\"description\":\"Seu portal de informa\u00e7\u00e3o sobre o mundo dos investimentos\",\"publisher\":{\"@id\":\"https:\/\/www.suno.com.br\/noticias\/#organization\"},\"potentialAction\":[{\"@type\":\"SearchAction\",\"target\":{\"@type\":\"EntryPoint\",\"urlTemplate\":\"https:\/\/www.suno.com.br\/noticias\/?s={search_term_string}\"},\"query-input\":{\"@type\":\"PropertyValueSpecification\",\"valueRequired\":true,\"valueName\":\"search_term_string\"}}],\"inLanguage\":\"pt-BR\"},{\"@type\":\"Organization\",\"@id\":\"https:\/\/www.suno.com.br\/noticias\/#organization\",\"name\":\"Suno Not\u00edcias\",\"url\":\"https:\/\/www.suno.com.br\/noticias\/\",\"logo\":{\"@type\":\"ImageObject\",\"inLanguage\":\"pt-BR\",\"@id\":\"https:\/\/www.suno.com.br\/noticias\/#\/schema\/logo\/image\/\",\"url\":\"https:\/\/files.sunoresearch.com.br\/n\/uploads\/2021\/09\/suno-logo.png\",\"contentUrl\":\"https:\/\/files.sunoresearch.com.br\/n\/uploads\/2021\/09\/suno-logo.png\",\"width\":180,\"height\":180,\"caption\":\"Suno Not\u00edcias\"},\"image\":{\"@id\":\"https:\/\/www.suno.com.br\/noticias\/#\/schema\/logo\/image\/\"},\"sameAs\":[\"https:\/\/facebook.com\/sunoresearch\",\"https:\/\/x.com\/sunoresearch\",\"https:\/\/www.instagram.com\/suno\",\"https:\/\/www.linkedin.com\/company\/suno-research\/\",\"https:\/\/www.youtube.com\/c\/sunoresearch\"]},{\"@type\":\"Person\",\"@id\":\"https:\/\/www.suno.com.br\/noticias\/#\/schema\/person\/918d79de1f0281f01599b93f9ea6e23f\",\"name\":\"Jader Lazarini\",\"image\":{\"@type\":\"ImageObject\",\"inLanguage\":\"pt-BR\",\"@id\":\"https:\/\/www.suno.com.br\/noticias\/#\/schema\/person\/image\/\",\"url\":\"https:\/\/secure.gravatar.com\/avatar\/3c1ad8caa51589841baeb923fcddea97?s=96&r=g\",\"contentUrl\":\"https:\/\/secure.gravatar.com\/avatar\/3c1ad8caa51589841baeb923fcddea97?s=96&r=g\",\"caption\":\"Jader Lazarini\"},\"description\":\"Jader Lazarini escreve sobre investimentos, finan\u00e7as, economia e neg\u00f3cios. \u00c9 bacharel em Rela\u00e7\u00f5es Internacionais e analista CNPI (2619).\",\"url\":\"https:\/\/www.suno.com.br\/noticias\/author\/jader-lazarini\/\"}]}<\/script>\n<!-- \/ Yoast SEO plugin. -->","yoast_head_json":{"title":"Chile cancela APEC; era esperado um acordo na guerra comercial","description":"Em meio a protestos, Chile dever\u00e1 cancelar a reuni\u00e3o da APEC. Seria assinado um acordo para a guerra comercial. Clique e saiba mais.","robots":{"index":"index","follow":"follow","max-snippet":"max-snippet:-1","max-image-preview":"max-image-preview:large","max-video-preview":"max-video-preview:-1"},"canonical":"https:\/\/www.suno.com.br\/noticias\/chile-cancela-encontro-da-apec-era-esperado-um-acordo-para-a-guerra-comercial\/","og_locale":"pt_BR","og_type":"article","og_title":"Chile cancela APEC; era esperado um acordo na guerra comercial","og_description":"Em meio a protestos, Chile dever\u00e1 cancelar a reuni\u00e3o da APEC. Seria assinado um acordo para a guerra comercial. Clique e saiba mais.","og_url":"https:\/\/www.suno.com.br\/noticias\/chile-cancela-encontro-da-apec-era-esperado-um-acordo-para-a-guerra-comercial\/","og_site_name":"Suno Not\u00edcias","article_publisher":"https:\/\/facebook.com\/sunoresearch","og_image":[{"width":1380,"height":920,"url":"https:\/\/files.sunoresearch.com.br\/n\/uploads\/2019\/10\/b52ea9d1-chile.jpg","type":"image\/jpeg"}],"author":"Jader Lazarini","twitter_card":"summary_large_image","twitter_creator":"@sunoresearch","twitter_site":"@sunoresearch","twitter_misc":{"Escrito por":"Jader Lazarini","Est. tempo de leitura":"2 minutos"},"schema":{"@context":"https:\/\/schema.org","@graph":[{"@type":"NewsArticle","@id":"https:\/\/www.suno.com.br\/noticias\/chile-cancela-encontro-da-apec-era-esperado-um-acordo-para-a-guerra-comercial\/#article","isPartOf":{"@id":"https:\/\/www.suno.com.br\/noticias\/chile-cancela-encontro-da-apec-era-esperado-um-acordo-para-a-guerra-comercial\/"},"author":{"name":"Jader Lazarini","@id":"https:\/\/www.suno.com.br\/noticias\/#\/schema\/person\/918d79de1f0281f01599b93f9ea6e23f"},"headline":"Chile cancela encontro da APEC; era esperado um acordo para a guerra comercial","datePublished":"2019-10-30T14:39:54+00:00","dateModified":"2019-11-01T16:00:05+00:00","mainEntityOfPage":{"@id":"https:\/\/www.suno.com.br\/noticias\/chile-cancela-encontro-da-apec-era-esperado-um-acordo-para-a-guerra-comercial\/"},"wordCount":389,"publisher":{"@id":"https:\/\/www.suno.com.br\/noticias\/#organization"},"image":{"@id":"https:\/\/www.suno.com.br\/noticias\/chile-cancela-encontro-da-apec-era-esperado-um-acordo-para-a-guerra-comercial\/#primaryimage"},"thumbnailUrl":"https:\/\/files.sunoresearch.com.br\/n\/uploads\/2019\/10\/b52ea9d1-chile-jpg.webp","keywords":["Donald Trump","guerra comercial"],"articleSection":["Internacional"],"inLanguage":"pt-BR"},{"@type":"WebPage","@id":"https:\/\/www.suno.com.br\/noticias\/chile-cancela-encontro-da-apec-era-esperado-um-acordo-para-a-guerra-comercial\/","url":"https:\/\/www.suno.com.br\/noticias\/chile-cancela-encontro-da-apec-era-esperado-um-acordo-para-a-guerra-comercial\/","name":"Chile cancela APEC; era esperado um acordo na guerra comercial","isPartOf":{"@id":"https:\/\/www.suno.com.br\/noticias\/#website"},"primaryImageOfPage":{"@id":"https:\/\/www.suno.com.br\/noticias\/chile-cancela-encontro-da-apec-era-esperado-um-acordo-para-a-guerra-comercial\/#primaryimage"},"image":{"@id":"https:\/\/www.suno.com.br\/noticias\/chile-cancela-encontro-da-apec-era-esperado-um-acordo-para-a-guerra-comercial\/#primaryimage"},"thumbnailUrl":"https:\/\/files.sunoresearch.com.br\/n\/uploads\/2019\/10\/b52ea9d1-chile-jpg.webp","datePublished":"2019-10-30T14:39:54+00:00","dateModified":"2019-11-01T16:00:05+00:00","description":"Em meio a protestos, Chile dever\u00e1 cancelar a reuni\u00e3o da APEC. Seria assinado um acordo para a guerra comercial. Clique e saiba mais.","breadcrumb":{"@id":"https:\/\/www.suno.com.br\/noticias\/chile-cancela-encontro-da-apec-era-esperado-um-acordo-para-a-guerra-comercial\/#breadcrumb"},"inLanguage":"pt-BR","potentialAction":[{"@type":"ReadAction","target":["https:\/\/www.suno.com.br\/noticias\/chile-cancela-encontro-da-apec-era-esperado-um-acordo-para-a-guerra-comercial\/"]}]},{"@type":"ImageObject","inLanguage":"pt-BR","@id":"https:\/\/www.suno.com.br\/noticias\/chile-cancela-encontro-da-apec-era-esperado-um-acordo-para-a-guerra-comercial\/#primaryimage","url":"https:\/\/files.sunoresearch.com.br\/n\/uploads\/2019\/10\/b52ea9d1-chile-jpg.webp","contentUrl":"https:\/\/files.sunoresearch.com.br\/n\/uploads\/2019\/10\/b52ea9d1-chile-jpg.webp","width":1380,"height":920,"caption":"Chile cancela encontro da APEC; era esperado um acordo para a guerra comercial"},{"@type":"BreadcrumbList","@id":"https:\/\/www.suno.com.br\/noticias\/chile-cancela-encontro-da-apec-era-esperado-um-acordo-para-a-guerra-comercial\/#breadcrumb","itemListElement":[{"@type":"ListItem","position":1,"name":"Not\u00edcias","item":"https:\/\/www.suno.com.br\/noticias\/"},{"@type":"ListItem","position":2,"name":"Internacional","item":"https:\/\/www.suno.com.br\/noticias\/internacional\/"},{"@type":"ListItem","position":3,"name":"Chile cancela encontro da APEC; era esperado um acordo para a guerra comercial"}]},{"@type":"WebSite","@id":"https:\/\/www.suno.com.br\/noticias\/#website","url":"https:\/\/www.suno.com.br\/noticias\/","name":"Suno Not\u00edcias","description":"Seu portal de informa\u00e7\u00e3o sobre o mundo dos investimentos","publisher":{"@id":"https:\/\/www.suno.com.br\/noticias\/#organization"},"potentialAction":[{"@type":"SearchAction","target":{"@type":"EntryPoint","urlTemplate":"https:\/\/www.suno.com.br\/noticias\/?s={search_term_string}"},"query-input":{"@type":"PropertyValueSpecification","valueRequired":true,"valueName":"search_term_string"}}],"inLanguage":"pt-BR"},{"@type":"Organization","@id":"https:\/\/www.suno.com.br\/noticias\/#organization","name":"Suno Not\u00edcias","url":"https:\/\/www.suno.com.br\/noticias\/","logo":{"@type":"ImageObject","inLanguage":"pt-BR","@id":"https:\/\/www.suno.com.br\/noticias\/#\/schema\/logo\/image\/","url":"https:\/\/files.sunoresearch.com.br\/n\/uploads\/2021\/09\/suno-logo.png","contentUrl":"https:\/\/files.sunoresearch.com.br\/n\/uploads\/2021\/09\/suno-logo.png","width":180,"height":180,"caption":"Suno Not\u00edcias"},"image":{"@id":"https:\/\/www.suno.com.br\/noticias\/#\/schema\/logo\/image\/"},"sameAs":["https:\/\/facebook.com\/sunoresearch","https:\/\/x.com\/sunoresearch","https:\/\/www.instagram.com\/suno","https:\/\/www.linkedin.com\/company\/suno-research\/","https:\/\/www.youtube.com\/c\/sunoresearch"]},{"@type":"Person","@id":"https:\/\/www.suno.com.br\/noticias\/#\/schema\/person\/918d79de1f0281f01599b93f9ea6e23f","name":"Jader Lazarini","image":{"@type":"ImageObject","inLanguage":"pt-BR","@id":"https:\/\/www.suno.com.br\/noticias\/#\/schema\/person\/image\/","url":"https:\/\/secure.gravatar.com\/avatar\/3c1ad8caa51589841baeb923fcddea97?s=96&r=g","contentUrl":"https:\/\/secure.gravatar.com\/avatar\/3c1ad8caa51589841baeb923fcddea97?s=96&r=g","caption":"Jader Lazarini"},"description":"Jader Lazarini escreve sobre investimentos, finan\u00e7as, economia e neg\u00f3cios. \u00c9 bacharel em Rela\u00e7\u00f5es Internacionais e analista CNPI (2619).","url":"https:\/\/www.suno.com.br\/noticias\/author\/jader-lazarini\/"}]}},"default_loop_html":"<div class=\"cardsPage__listCard__boxs\"><div class=\"cardsPage__listCard__boxs__img\"><a href=\"https:\/\/www.suno.com.br\/noticias\/chile-cancela-encontro-da-apec-era-esperado-um-acordo-para-a-guerra-comercial\/\"><img class=\"mask\" src=\"https:\/\/www.suno.com.br\/noticias\/wp-content\/themes\/suno\/resources\/images\/spotlight\/spotlight1img\/bg-mask.png\" alt=\"Image Mask\"\/><img src=\"https:\/\/files.sunoresearch.com.br\/n\/uploads\/2019\/10\/b52ea9d1-chile-400x200.webp\" alt=\"Chile cancela encontro da APEC; era esperado um acordo para a guerra comercial\"\/><\/a><span class=\"spotlightCategory\"><a href=\"https:\/\/www.suno.com.br\/noticias\/internacional\/\">Internacional<\/a><\/span><\/div><div class=\"cardsPage__listCard__boxs__content\"><a href=\"https:\/\/www.suno.com.br\/noticias\/chile-cancela-encontro-da-apec-era-esperado-um-acordo-para-a-guerra-comercial\/\"><h2 class=\"content__title\">Chile cancela encontro da APEC; era esperado um acordo para a guerra comercial<\/h2><\/a><div class=\"newsContent__article__meta\"><div class=\"newsContent__article__meta__authorBox\"><a href=\"https:\/\/www.suno.com.br\/noticias\/author\/jader-lazarini\/\" class=\"authorBox__avatar noMobi\"><img src=\"https:\/\/files.sunoresearch.com.br\/n\/uploads\/2021\/01\/178e6598-foto-perfil-2-150x150.jpg\" alt=\"Jader Lazarini\"><\/a><div class=\"authorBox__name\"><span>por\n\t\t\t<a href=\"https:\/\/www.suno.com.br\/noticias\/author\/jader-lazarini\/\"><span itemprop=\"author\">Jader Lazarini<\/span><\/a><\/span><time datetime=\"2019-10-30T12:39:54-03:00\" itemprop=\"datePublished\">30\/10\/2019 12:39<\/time><\/div><\/div><\/div><\/div><\/div>","single_layout":"posts","amp_enabled":true,"_links":{"self":[{"href":"https:\/\/www.suno.com.br\/noticias\/wp-json\/wp\/v2\/posts\/42969"}],"collection":[{"href":"https:\/\/www.suno.com.br\/noticias\/wp-json\/wp\/v2\/posts"}],"about":[{"href":"https:\/\/www.suno.com.br\/noticias\/wp-json\/wp\/v2\/types\/post"}],"author":[{"embeddable":true,"href":"https:\/\/www.suno.com.br\/noticias\/wp-json\/wp\/v2\/users\/24"}],"replies":[{"embeddable":true,"href":"https:\/\/www.suno.com.br\/noticias\/wp-json\/wp\/v2\/comments?post=42969"}],"version-history":[{"count":0,"href":"https:\/\/www.suno.com.br\/noticias\/wp-json\/wp\/v2\/posts\/42969\/revisions"}],"wp:featuredmedia":[{"embeddable":true,"href":"https:\/\/www.suno.com.br\/noticias\/wp-json\/wp\/v2\/media\/42970"}],"wp:attachment":[{"href":"https:\/\/www.suno.com.br\/noticias\/wp-json\/wp\/v2\/media?parent=42969"}],"wp:term":[{"taxonomy":"category","embeddable":true,"href":"https:\/\/www.suno.com.br\/noticias\/wp-json\/wp\/v2\/categories?post=42969"},{"taxonomy":"post_tag","embeddable":true,"href":"https:\/\/www.suno.com.br\/noticias\/wp-json\/wp\/v2\/tags?post=42969"},{"taxonomy":"suno_strategy","embeddable":true,"href":"https:\/\/www.suno.com.br\/noticias\/wp-json\/wp\/v2\/suno_strategy?post=42969"}],"curies":[{"name":"wp","href":"https:\/\/api.w.org\/{rel}","templated":true}]}}