{"id":429573,"date":"2023-07-17T20:54:13","date_gmt":"2023-07-17T23:54:13","guid":{"rendered":"https:\/\/www.suno.com.br\/noticias\/?p=429573"},"modified":"2023-07-17T20:54:20","modified_gmt":"2023-07-17T23:54:20","slug":"aws-nexa-dio-descubra-nuvem-cpf","status":"publish","type":"post","link":"https:\/\/www.suno.com.br\/noticias\/aws-nexa-dio-descubra-nuvem-cpf\/","title":{"rendered":"AWS, Nexa e startup DIO se unem para qualificar 20 mil profissionais em computa\u00e7\u00e3o em nuvem"},"content":{"rendered":"<p>A DIO, plataforma de educa\u00e7\u00e3o aberta, em parceria com a Nexa, mineradora de zinco (NYSE: NEXA) e a <strong>Amazon Web Services (AWS)<\/strong>, lan\u00e7ou o programa Descubra a Nuvem AWS, que tem como objetivo qualificar 20 mil pessoas em fundamentos de computa\u00e7\u00e3o em nuvem neste ano. <\/p>\t<div class=\"wrapper-featured-image\">\n\t\t<figure class=\"spotlightImg\">\n\n\t\t\t<picture>\n\t\t\t\t<source media=\"(max-width: 768px)\" srcset=\"https:\/\/files.sunoresearch.com.br\/n\/uploads\/2023\/07\/aws-nexa-dio-nuvem-curso-400x200.jpg\">\n\t\t\t\t<img loading=\"lazy\" decoding=\"async\" class=\"newsContent__article__imgCapa lazyloadDisabled \" src=\"https:\/\/files.sunoresearch.com.br\/n\/uploads\/2023\/07\/aws-nexa-dio-nuvem-curso-800x450.jpg\" width=\"800\" height=\"450\" alt=\"AWS, Nexa e startup DIO se unem para qualificar 20 mil profissionais em computa\u00e7\u00e3o em nuvem\" fetchpriority=high \/>\n\t\t\t<\/picture>\n\n\t\t\t<figcaption class=\"wp-caption-text wp-caption-text--show\">Startup DIO, Nexa e AWS se unem para qualificar 20 mil profissionais em computa\u00e7\u00e3o em nuvem - Foto: Divulga\u00e7\u00e3o\/ DIO<\/figcaption>\n\t\t<\/figure>\n\t<\/div>\n\n\n\n\n\n\n\n\t<p>\n\t\t<a href=\"\" target=\"_blank\" data-element=\"shortcode-suno-banner\" title=\"Banner SUNO, clique e saiba mais\">\n\t\t\t<picture>\n\t\t\t\t<source media=\"(max-width: 500px)\" srcset=\"\">\n\t\t\t\t<img class=\"newsContent__article__imgCapa newsContent__article__imgCapa--banner\"\n\t\t\t\t\tsrc=\"\"\n\t\t\t\t\tdata-promo-id=\"240038\"\t\t\t\t\t\t\t\t\t\t\t\t\t\t\talt=\"\"\n\t\t\t\t>\n\t\t\t<\/picture>\n\t\t<\/a>\n\t<\/p>\n\n\n\n\n\n<p>O objetivo do programa \u00e9, por meio do oferecimento de cursos gratuitos e virtuais na <strong>plataforma da DIO<\/strong>, promover a diversidade e a inclus\u00e3o no setor. Pretende alcan\u00e7ar assim um p\u00fablico em busca de oportunidades no mercado de tecnologia, especialmente pessoas de baixa renda e grupos minorit\u00e1rios.<\/p>\n\n\n\n<p>O<strong> Curso Descubra a Nuvem AWS<\/strong> consiste em 5 horas de aprendizado com conceitos introdut\u00f3rios de computa\u00e7\u00e3o em nuvem e fundamentos do assunto. Os participantes ter\u00e3o a oportunidade de conhecer os servi\u00e7os dispon\u00edveis na AWS e criar sua pr\u00f3pria conta na plataforma.<\/p>\n\n\n\n<h2 class=\"wp-block-heading\">Descubra a Nuvem AWS<\/h2>\n\n\n\n<p>A computa\u00e7\u00e3o em nuvem \u00e9 de extrema import\u00e2ncia na tecnologia atual, oferecendo \u00e0s empresas acesso a uma infraestrutura global e servi\u00e7os mais seguros. Segundo o CEO da DIO, Igl\u00e1 Generoso, essa ferramenta abre um leque de oportunidades:<\/p>\n\n\n\n<blockquote class=\"wp-block-quote is-layout-flow wp-block-quote-is-layout-flow\">\n<p>\u201cA nuvem permite que os colaboradores n\u00e3o dependam apenas de espa\u00e7o f\u00edsico, j\u00e1 que seu acesso pode ser Global,\u201d CEO da DIO, Igl\u00e1 Generoso.<\/p>\n<\/blockquote>\n\n\n\n<p>Generoso ressalta a gratifica\u00e7\u00e3o de oferecer cursos para p\u00fablicos que normalmente n\u00e3o teriam oportunidade de ingressar no <a class=\"suno-keyword\" data-force=\"no\" data-priority=\"2\" href=\"https:\/\/www.suno.com.br\/artigos\/mercado-de-trabalho\/\" target=\"_blank\" rel=\"noopener\">mercado de trabalho<\/a> de outras formas. Os participantes que conclu\u00edrem as forma\u00e7\u00f5es dispon\u00edveis ir\u00e3o adquirir &#8220;conhecimentos valiosos para suas carreiras profissionais&#8221;.<\/p>\n\n\n\n<p>A parceria entre DIO, Nexa e AWS demonstra entusiasmo com o projeto. &#8220;Promover a diversidade por meio do programa \u00e9 um passo importante alinhado aos valores da DIO. A inclus\u00e3o \u00e9 considerada fundamental para o crescimento e o sucesso do setor de tecnologia como um todo&#8221;, diz ele<\/p>\n\n\n\n<p>Para se <a href=\"https:\/\/s2307.imxsnd26.com\/link.php?code=bDpodHRwcyUzQSUyRiUyRnd3dy5kaW8ubWUlMkZib290Y2FtcCUyRmRlc2N1YnJhLW51dmVtLWF3cy1uZXhhLXJlc291cmNlcyUzRnJlZiUzRENHJTI2dXRtX3NvdXJjZSUzRHByJTI2dXRtX21lZGl1bSUzRHJlZmVycmFsJTI2dXRtX2NhbXBhaWduJTNEZGVzY3VicmEtYS1udXZlbS1hd3MtbmV4YS1yZXNvdXJjZXMlMjZ1dG1fdGVybSU%0DzRHJlbGVhc2UlMjZ1dG1fY29udGVudCUzRHJlbGVhc2VuZXhhOjM1OTg3NTY4MDg6bm90aWNpYXNAc3Vub3Jlc2VhcmNoLmNvbS5icjpkNTQ5NGE6NGY=\" target=\"_blank\" rel=\"noreferrer noopener\">inscrever no curso Descubra a Nuvem AWS<\/a>, basta acessar o link disponibilizado.<\/p>\n\n\n\t<p>\n\t\t<a href=\"https:\/\/lp.suno.com.br\/ebook-gratuito-investindo-no-exterior\/\" target=\"_blank\" data-element=\"shortcode-suno-banner\" title=\"Banner SUNO, clique e saiba mais\">\n\t\t\t<picture>\n\t\t\t\t<source media=\"(max-width: 500px)\" srcset=\"https:\/\/files.sunoresearch.com.br\/n\/uploads\/2023\/03\/400x300-Investindo-no-exterior.png\">\n\t\t\t\t<img class=\"newsContent__article__imgCapa newsContent__article__imgCapa--banner\"\n\t\t\t\t\tsrc=\"https:\/\/files.sunoresearch.com.br\/n\/uploads\/2023\/03\/1420x240-Investindo-no-exterior.png\"\n\t\t\t\t\tdata-promo-id=\"383161\"\t\t\t\t\t\t\t\t\t\twidth='1420' height='240'\t\t\t\t\talt=\"https:\/\/files.sunoresearch.com.br\/n\/uploads\/2023\/03\/1420x240-Investindo-no-exterior.png\"\n\t\t\t\t>\n\t\t\t<\/picture>\n\t\t<\/a>\n\t<\/p>\n\n\n\n\n\n<h2 class=\"wp-block-heading\">Uma iniciativa inclusiva da AWS com a DIO e Nexa<\/h2>\n\n\n\n<p>A <strong>Digitial Innovation One (DIO)<\/strong> \u00e9 uma startup brasileira que nasceu com o objetivo de democratizar o conhecimento em desenvolvimento de software e tecnologias exponenciais. <\/p>\n\n\n\n<p>Dessa forma, a empresa de tipo Open Education impulsiona a forma\u00e7\u00e3o e educa\u00e7\u00e3o digital, conectando as pessoas \u00e0s oportunidades com potencial de impulsionar desenvolvimento socioecon\u00f4mico regional. <\/p>\n\n\n\n<p>Atualmente, a startup conta com:<\/p>\n\n\n\n<ul class=\"wp-block-list\">\n<li>Mais de 900 mil profissionais de tecnologia;<\/li>\n\n\n\n<li>1.000 institui\u00e7\u00f5es de ensino;<\/li>\n\n\n\n<li>2.000 embaixadores;<\/li>\n\n\n\n<li>500 especialistas;<\/li>\n\n\n\n<li>Mais de 1.000 empresas conectadas por meio dos programas educacionais.<\/li>\n<\/ul>\n\n\n\n<p>O <strong>Programa Descubra a Nuvem AWS<\/strong>, em parceria com a <strong>DIO <\/strong>e a Nexa \u00e9 mais uma das oportunidades que a Amazon Web Services promove buscando a inclus\u00e3o na educa\u00e7\u00e3o digital. <\/p>\n\n\n\t<p>\n\t\t<a href=\"https:\/\/lp.suno.com.br\/planilha-da-vida-financeira\/\" target=\"_blank\" data-element=\"shortcode-suno-banner\" title=\"Banner SUNO, clique e saiba mais\">\n\t\t\t<picture>\n\t\t\t\t<source media=\"(max-width: 500px)\" srcset=\"https:\/\/files.sunoresearch.com.br\/n\/uploads\/2023\/04\/400x300-Planilha-vida-financeira-true.png\">\n\t\t\t\t<img class=\"newsContent__article__imgCapa newsContent__article__imgCapa--banner\"\n\t\t\t\t\tsrc=\"https:\/\/files.sunoresearch.com.br\/n\/uploads\/2023\/04\/1420x240-Planilha-vida-financeira-true.png\"\n\t\t\t\t\tdata-promo-id=\"383123\"\t\t\t\t\t\t\t\t\t\twidth='1420' height='240'\t\t\t\t\talt=\"https:\/\/files.sunoresearch.com.br\/n\/uploads\/2023\/04\/1420x240-Planilha-vida-financeira-true.png\"\n\t\t\t\t>\n\t\t\t<\/picture>\n\t\t<\/a>\n\t<\/p>\n\n\n","protected":false},"excerpt":{"rendered":"<p>A DIO, plataforma de educa\u00e7\u00e3o aberta, em parceria com a Nexa, mineradora de zinco (NYSE: NEXA) e a Amazon Web Services (AWS), lan\u00e7ou o programa Descubra a Nuvem AWS, que tem como objetivo qualificar 20 mil pessoas em fundamentos de computa\u00e7\u00e3o em nuvem neste ano. Startup DIO, Nexa e AWS se unem para qualificar 20 [&hellip;]<\/p>\n","protected":false},"author":283,"featured_media":429584,"comment_status":"closed","ping_status":"closed","sticky":false,"template":"","format":"standard","meta":[],"categories":[106394],"tags":[105456,708],"suno_strategy":[],"class_list":["post-429573","post","type-post","status-publish","format-standard","has-post-thumbnail","hentry","category-startups","tag-amazon-web-services","tag-startups"],"yoast_head":"<!-- This site is optimized with the Yoast SEO plugin v24.4 - https:\/\/yoast.com\/wordpress\/plugins\/seo\/ -->\n<title>DIO, Nexa e AWS abrem 20 mil vagas para ensino de computa\u00e7\u00e3o<\/title>\n<meta name=\"description\" content=\"DIO, plataforma de educa\u00e7\u00e3o aberta, Amazon Web Services (AWS) e Nexa lan\u00e7aram o Descubra a Nuvem AWS, programa inclusivo de qualifica\u00e7\u00e3o.\" \/>\n<meta name=\"robots\" content=\"index, follow, max-snippet:-1, max-image-preview:large, max-video-preview:-1\" \/>\n<link rel=\"canonical\" href=\"https:\/\/www.suno.com.br\/noticias\/aws-nexa-dio-descubra-nuvem-cpf\/\" \/>\n<meta property=\"og:locale\" content=\"pt_BR\" \/>\n<meta property=\"og:type\" content=\"article\" \/>\n<meta property=\"og:title\" content=\"DIO, Nexa e AWS abrem 20 mil vagas para ensino de computa\u00e7\u00e3o\" \/>\n<meta property=\"og:description\" content=\"DIO, plataforma de educa\u00e7\u00e3o aberta, Amazon Web Services (AWS) e Nexa lan\u00e7aram o Descubra a Nuvem AWS, programa inclusivo de qualifica\u00e7\u00e3o.\" \/>\n<meta property=\"og:url\" content=\"https:\/\/www.suno.com.br\/noticias\/aws-nexa-dio-descubra-nuvem-cpf\/\" \/>\n<meta property=\"og:site_name\" content=\"Suno Not\u00edcias\" \/>\n<meta property=\"article:publisher\" content=\"https:\/\/facebook.com\/sunoresearch\" \/>\n<meta property=\"og:image\" content=\"https:\/\/files.sunoresearch.com.br\/n\/uploads\/2023\/07\/aws-nexa-dio-nuvem-curso.jpg\" \/>\n\t<meta property=\"og:image:width\" content=\"1200\" \/>\n\t<meta property=\"og:image:height\" content=\"800\" \/>\n\t<meta property=\"og:image:type\" content=\"image\/jpeg\" \/>\n<meta name=\"author\" content=\"Camila Paim\" \/>\n<meta name=\"twitter:card\" content=\"summary_large_image\" \/>\n<meta name=\"twitter:creator\" content=\"@sunoresearch\" \/>\n<meta name=\"twitter:site\" content=\"@sunoresearch\" \/>\n<meta name=\"twitter:label1\" content=\"Escrito por\" \/>\n\t<meta name=\"twitter:data1\" content=\"Camila Paim\" \/>\n\t<meta name=\"twitter:label2\" content=\"Est. tempo de leitura\" \/>\n\t<meta name=\"twitter:data2\" content=\"3 minutos\" \/>\n<script type=\"application\/ld+json\" class=\"yoast-schema-graph\">{\"@context\":\"https:\/\/schema.org\",\"@graph\":[{\"@type\":\"NewsArticle\",\"@id\":\"https:\/\/www.suno.com.br\/noticias\/aws-nexa-dio-descubra-nuvem-cpf\/#article\",\"isPartOf\":{\"@id\":\"https:\/\/www.suno.com.br\/noticias\/aws-nexa-dio-descubra-nuvem-cpf\/\"},\"author\":{\"name\":\"Camila Paim\",\"@id\":\"https:\/\/www.suno.com.br\/noticias\/#\/schema\/person\/f341d3ae5d1cc685176c9a5327cdfdbb\"},\"headline\":\"AWS, Nexa e startup DIO se unem para qualificar 20 mil profissionais em computa\u00e7\u00e3o em nuvem\",\"datePublished\":\"2023-07-17T23:54:13+00:00\",\"dateModified\":\"2023-07-17T23:54:20+00:00\",\"mainEntityOfPage\":{\"@id\":\"https:\/\/www.suno.com.br\/noticias\/aws-nexa-dio-descubra-nuvem-cpf\/\"},\"wordCount\":466,\"publisher\":{\"@id\":\"https:\/\/www.suno.com.br\/noticias\/#organization\"},\"image\":{\"@id\":\"https:\/\/www.suno.com.br\/noticias\/aws-nexa-dio-descubra-nuvem-cpf\/#primaryimage\"},\"thumbnailUrl\":\"https:\/\/files.sunoresearch.com.br\/n\/uploads\/2023\/07\/aws-nexa-dio-nuvem-curso.jpg\",\"keywords\":[\"Amazon Web Services\",\"startups\"],\"articleSection\":[\"Startups\"],\"inLanguage\":\"pt-BR\"},{\"@type\":\"WebPage\",\"@id\":\"https:\/\/www.suno.com.br\/noticias\/aws-nexa-dio-descubra-nuvem-cpf\/\",\"url\":\"https:\/\/www.suno.com.br\/noticias\/aws-nexa-dio-descubra-nuvem-cpf\/\",\"name\":\"DIO, Nexa e AWS abrem 20 mil vagas para ensino de computa\u00e7\u00e3o\",\"isPartOf\":{\"@id\":\"https:\/\/www.suno.com.br\/noticias\/#website\"},\"primaryImageOfPage\":{\"@id\":\"https:\/\/www.suno.com.br\/noticias\/aws-nexa-dio-descubra-nuvem-cpf\/#primaryimage\"},\"image\":{\"@id\":\"https:\/\/www.suno.com.br\/noticias\/aws-nexa-dio-descubra-nuvem-cpf\/#primaryimage\"},\"thumbnailUrl\":\"https:\/\/files.sunoresearch.com.br\/n\/uploads\/2023\/07\/aws-nexa-dio-nuvem-curso.jpg\",\"datePublished\":\"2023-07-17T23:54:13+00:00\",\"dateModified\":\"2023-07-17T23:54:20+00:00\",\"description\":\"DIO, plataforma de educa\u00e7\u00e3o aberta, Amazon Web Services (AWS) e Nexa lan\u00e7aram o Descubra a Nuvem AWS, programa inclusivo de qualifica\u00e7\u00e3o.\",\"breadcrumb\":{\"@id\":\"https:\/\/www.suno.com.br\/noticias\/aws-nexa-dio-descubra-nuvem-cpf\/#breadcrumb\"},\"inLanguage\":\"pt-BR\",\"potentialAction\":[{\"@type\":\"ReadAction\",\"target\":[\"https:\/\/www.suno.com.br\/noticias\/aws-nexa-dio-descubra-nuvem-cpf\/\"]}]},{\"@type\":\"ImageObject\",\"inLanguage\":\"pt-BR\",\"@id\":\"https:\/\/www.suno.com.br\/noticias\/aws-nexa-dio-descubra-nuvem-cpf\/#primaryimage\",\"url\":\"https:\/\/files.sunoresearch.com.br\/n\/uploads\/2023\/07\/aws-nexa-dio-nuvem-curso.jpg\",\"contentUrl\":\"https:\/\/files.sunoresearch.com.br\/n\/uploads\/2023\/07\/aws-nexa-dio-nuvem-curso.jpg\",\"width\":1200,\"height\":800,\"caption\":\"Startup DIO, Nexa e AWS se unem para qualificar 20 mil profissionais em computa\u00e7\u00e3o em nuvem - Foto: Divulga\u00e7\u00e3o\/ DIO\"},{\"@type\":\"BreadcrumbList\",\"@id\":\"https:\/\/www.suno.com.br\/noticias\/aws-nexa-dio-descubra-nuvem-cpf\/#breadcrumb\",\"itemListElement\":[{\"@type\":\"ListItem\",\"position\":1,\"name\":\"Not\u00edcias\",\"item\":\"https:\/\/www.suno.com.br\/noticias\/\"},{\"@type\":\"ListItem\",\"position\":2,\"name\":\"Startups\",\"item\":\"https:\/\/www.suno.com.br\/noticias\/startups\/\"},{\"@type\":\"ListItem\",\"position\":3,\"name\":\"AWS, Nexa e startup DIO se unem para qualificar 20 mil profissionais em computa\u00e7\u00e3o em nuvem\"}]},{\"@type\":\"WebSite\",\"@id\":\"https:\/\/www.suno.com.br\/noticias\/#website\",\"url\":\"https:\/\/www.suno.com.br\/noticias\/\",\"name\":\"Suno Not\u00edcias\",\"description\":\"Seu portal de informa\u00e7\u00e3o sobre o mundo dos investimentos\",\"publisher\":{\"@id\":\"https:\/\/www.suno.com.br\/noticias\/#organization\"},\"potentialAction\":[{\"@type\":\"SearchAction\",\"target\":{\"@type\":\"EntryPoint\",\"urlTemplate\":\"https:\/\/www.suno.com.br\/noticias\/?s={search_term_string}\"},\"query-input\":{\"@type\":\"PropertyValueSpecification\",\"valueRequired\":true,\"valueName\":\"search_term_string\"}}],\"inLanguage\":\"pt-BR\"},{\"@type\":\"Organization\",\"@id\":\"https:\/\/www.suno.com.br\/noticias\/#organization\",\"name\":\"Suno Not\u00edcias\",\"url\":\"https:\/\/www.suno.com.br\/noticias\/\",\"logo\":{\"@type\":\"ImageObject\",\"inLanguage\":\"pt-BR\",\"@id\":\"https:\/\/www.suno.com.br\/noticias\/#\/schema\/logo\/image\/\",\"url\":\"https:\/\/files.sunoresearch.com.br\/n\/uploads\/2021\/09\/suno-logo.png\",\"contentUrl\":\"https:\/\/files.sunoresearch.com.br\/n\/uploads\/2021\/09\/suno-logo.png\",\"width\":180,\"height\":180,\"caption\":\"Suno Not\u00edcias\"},\"image\":{\"@id\":\"https:\/\/www.suno.com.br\/noticias\/#\/schema\/logo\/image\/\"},\"sameAs\":[\"https:\/\/facebook.com\/sunoresearch\",\"https:\/\/x.com\/sunoresearch\",\"https:\/\/www.instagram.com\/suno\",\"https:\/\/www.linkedin.com\/company\/suno-research\/\",\"https:\/\/www.youtube.com\/c\/sunoresearch\"]},{\"@type\":\"Person\",\"@id\":\"https:\/\/www.suno.com.br\/noticias\/#\/schema\/person\/f341d3ae5d1cc685176c9a5327cdfdbb\",\"name\":\"Camila Paim\",\"image\":{\"@type\":\"ImageObject\",\"inLanguage\":\"pt-BR\",\"@id\":\"https:\/\/www.suno.com.br\/noticias\/#\/schema\/person\/image\/\",\"url\":\"https:\/\/secure.gravatar.com\/avatar\/f33728e65febb1aa7ecf6792956f9b20?s=96&r=g\",\"contentUrl\":\"https:\/\/secure.gravatar.com\/avatar\/f33728e65febb1aa7ecf6792956f9b20?s=96&r=g\",\"caption\":\"Camila Paim\"},\"description\":\"Jornalista formada pela USP, tem experi\u00eancia em reda\u00e7\u00f5es, SEO, Branded Content e Webdesign. Com passagem pelo Jornal da USP, Empiricus e C6 Bank, hoje \u00e9 rep\u00f3rter no Suno Not\u00edcias cobrindo macroeconomia, finan\u00e7as pessoais e startups.\",\"url\":\"https:\/\/www.suno.com.br\/noticias\/author\/camila-figueiredosuno-com-br\/\"}]}<\/script>\n<!-- \/ Yoast SEO plugin. -->","yoast_head_json":{"title":"DIO, Nexa e AWS abrem 20 mil vagas para ensino de computa\u00e7\u00e3o","description":"DIO, plataforma de educa\u00e7\u00e3o aberta, Amazon Web Services (AWS) e Nexa lan\u00e7aram o Descubra a Nuvem AWS, programa inclusivo de qualifica\u00e7\u00e3o.","robots":{"index":"index","follow":"follow","max-snippet":"max-snippet:-1","max-image-preview":"max-image-preview:large","max-video-preview":"max-video-preview:-1"},"canonical":"https:\/\/www.suno.com.br\/noticias\/aws-nexa-dio-descubra-nuvem-cpf\/","og_locale":"pt_BR","og_type":"article","og_title":"DIO, Nexa e AWS abrem 20 mil vagas para ensino de computa\u00e7\u00e3o","og_description":"DIO, plataforma de educa\u00e7\u00e3o aberta, Amazon Web Services (AWS) e Nexa lan\u00e7aram o Descubra a Nuvem AWS, programa inclusivo de qualifica\u00e7\u00e3o.","og_url":"https:\/\/www.suno.com.br\/noticias\/aws-nexa-dio-descubra-nuvem-cpf\/","og_site_name":"Suno Not\u00edcias","article_publisher":"https:\/\/facebook.com\/sunoresearch","og_image":[{"width":1200,"height":800,"url":"https:\/\/files.sunoresearch.com.br\/n\/uploads\/2023\/07\/aws-nexa-dio-nuvem-curso.jpg","type":"image\/jpeg"}],"author":"Camila Paim","twitter_card":"summary_large_image","twitter_creator":"@sunoresearch","twitter_site":"@sunoresearch","twitter_misc":{"Escrito por":"Camila Paim","Est. tempo de leitura":"3 minutos"},"schema":{"@context":"https:\/\/schema.org","@graph":[{"@type":"NewsArticle","@id":"https:\/\/www.suno.com.br\/noticias\/aws-nexa-dio-descubra-nuvem-cpf\/#article","isPartOf":{"@id":"https:\/\/www.suno.com.br\/noticias\/aws-nexa-dio-descubra-nuvem-cpf\/"},"author":{"name":"Camila Paim","@id":"https:\/\/www.suno.com.br\/noticias\/#\/schema\/person\/f341d3ae5d1cc685176c9a5327cdfdbb"},"headline":"AWS, Nexa e startup DIO se unem para qualificar 20 mil profissionais em computa\u00e7\u00e3o em nuvem","datePublished":"2023-07-17T23:54:13+00:00","dateModified":"2023-07-17T23:54:20+00:00","mainEntityOfPage":{"@id":"https:\/\/www.suno.com.br\/noticias\/aws-nexa-dio-descubra-nuvem-cpf\/"},"wordCount":466,"publisher":{"@id":"https:\/\/www.suno.com.br\/noticias\/#organization"},"image":{"@id":"https:\/\/www.suno.com.br\/noticias\/aws-nexa-dio-descubra-nuvem-cpf\/#primaryimage"},"thumbnailUrl":"https:\/\/files.sunoresearch.com.br\/n\/uploads\/2023\/07\/aws-nexa-dio-nuvem-curso.jpg","keywords":["Amazon Web Services","startups"],"articleSection":["Startups"],"inLanguage":"pt-BR"},{"@type":"WebPage","@id":"https:\/\/www.suno.com.br\/noticias\/aws-nexa-dio-descubra-nuvem-cpf\/","url":"https:\/\/www.suno.com.br\/noticias\/aws-nexa-dio-descubra-nuvem-cpf\/","name":"DIO, Nexa e AWS abrem 20 mil vagas para ensino de computa\u00e7\u00e3o","isPartOf":{"@id":"https:\/\/www.suno.com.br\/noticias\/#website"},"primaryImageOfPage":{"@id":"https:\/\/www.suno.com.br\/noticias\/aws-nexa-dio-descubra-nuvem-cpf\/#primaryimage"},"image":{"@id":"https:\/\/www.suno.com.br\/noticias\/aws-nexa-dio-descubra-nuvem-cpf\/#primaryimage"},"thumbnailUrl":"https:\/\/files.sunoresearch.com.br\/n\/uploads\/2023\/07\/aws-nexa-dio-nuvem-curso.jpg","datePublished":"2023-07-17T23:54:13+00:00","dateModified":"2023-07-17T23:54:20+00:00","description":"DIO, plataforma de educa\u00e7\u00e3o aberta, Amazon Web Services (AWS) e Nexa lan\u00e7aram o Descubra a Nuvem AWS, programa inclusivo de qualifica\u00e7\u00e3o.","breadcrumb":{"@id":"https:\/\/www.suno.com.br\/noticias\/aws-nexa-dio-descubra-nuvem-cpf\/#breadcrumb"},"inLanguage":"pt-BR","potentialAction":[{"@type":"ReadAction","target":["https:\/\/www.suno.com.br\/noticias\/aws-nexa-dio-descubra-nuvem-cpf\/"]}]},{"@type":"ImageObject","inLanguage":"pt-BR","@id":"https:\/\/www.suno.com.br\/noticias\/aws-nexa-dio-descubra-nuvem-cpf\/#primaryimage","url":"https:\/\/files.sunoresearch.com.br\/n\/uploads\/2023\/07\/aws-nexa-dio-nuvem-curso.jpg","contentUrl":"https:\/\/files.sunoresearch.com.br\/n\/uploads\/2023\/07\/aws-nexa-dio-nuvem-curso.jpg","width":1200,"height":800,"caption":"Startup DIO, Nexa e AWS se unem para qualificar 20 mil profissionais em computa\u00e7\u00e3o em nuvem - Foto: Divulga\u00e7\u00e3o\/ DIO"},{"@type":"BreadcrumbList","@id":"https:\/\/www.suno.com.br\/noticias\/aws-nexa-dio-descubra-nuvem-cpf\/#breadcrumb","itemListElement":[{"@type":"ListItem","position":1,"name":"Not\u00edcias","item":"https:\/\/www.suno.com.br\/noticias\/"},{"@type":"ListItem","position":2,"name":"Startups","item":"https:\/\/www.suno.com.br\/noticias\/startups\/"},{"@type":"ListItem","position":3,"name":"AWS, Nexa e startup DIO se unem para qualificar 20 mil profissionais em computa\u00e7\u00e3o em nuvem"}]},{"@type":"WebSite","@id":"https:\/\/www.suno.com.br\/noticias\/#website","url":"https:\/\/www.suno.com.br\/noticias\/","name":"Suno Not\u00edcias","description":"Seu portal de informa\u00e7\u00e3o sobre o mundo dos investimentos","publisher":{"@id":"https:\/\/www.suno.com.br\/noticias\/#organization"},"potentialAction":[{"@type":"SearchAction","target":{"@type":"EntryPoint","urlTemplate":"https:\/\/www.suno.com.br\/noticias\/?s={search_term_string}"},"query-input":{"@type":"PropertyValueSpecification","valueRequired":true,"valueName":"search_term_string"}}],"inLanguage":"pt-BR"},{"@type":"Organization","@id":"https:\/\/www.suno.com.br\/noticias\/#organization","name":"Suno Not\u00edcias","url":"https:\/\/www.suno.com.br\/noticias\/","logo":{"@type":"ImageObject","inLanguage":"pt-BR","@id":"https:\/\/www.suno.com.br\/noticias\/#\/schema\/logo\/image\/","url":"https:\/\/files.sunoresearch.com.br\/n\/uploads\/2021\/09\/suno-logo.png","contentUrl":"https:\/\/files.sunoresearch.com.br\/n\/uploads\/2021\/09\/suno-logo.png","width":180,"height":180,"caption":"Suno Not\u00edcias"},"image":{"@id":"https:\/\/www.suno.com.br\/noticias\/#\/schema\/logo\/image\/"},"sameAs":["https:\/\/facebook.com\/sunoresearch","https:\/\/x.com\/sunoresearch","https:\/\/www.instagram.com\/suno","https:\/\/www.linkedin.com\/company\/suno-research\/","https:\/\/www.youtube.com\/c\/sunoresearch"]},{"@type":"Person","@id":"https:\/\/www.suno.com.br\/noticias\/#\/schema\/person\/f341d3ae5d1cc685176c9a5327cdfdbb","name":"Camila Paim","image":{"@type":"ImageObject","inLanguage":"pt-BR","@id":"https:\/\/www.suno.com.br\/noticias\/#\/schema\/person\/image\/","url":"https:\/\/secure.gravatar.com\/avatar\/f33728e65febb1aa7ecf6792956f9b20?s=96&r=g","contentUrl":"https:\/\/secure.gravatar.com\/avatar\/f33728e65febb1aa7ecf6792956f9b20?s=96&r=g","caption":"Camila Paim"},"description":"Jornalista formada pela USP, tem experi\u00eancia em reda\u00e7\u00f5es, SEO, Branded Content e Webdesign. Com passagem pelo Jornal da USP, Empiricus e C6 Bank, hoje \u00e9 rep\u00f3rter no Suno Not\u00edcias cobrindo macroeconomia, finan\u00e7as pessoais e startups.","url":"https:\/\/www.suno.com.br\/noticias\/author\/camila-figueiredosuno-com-br\/"}]}},"default_loop_html":"<div class=\"cardsPage__listCard__boxs\"><div class=\"cardsPage__listCard__boxs__img\"><a href=\"https:\/\/www.suno.com.br\/noticias\/aws-nexa-dio-descubra-nuvem-cpf\/\"><img class=\"mask\" src=\"https:\/\/www.suno.com.br\/noticias\/wp-content\/themes\/suno\/resources\/images\/spotlight\/spotlight1img\/bg-mask.png\" alt=\"Image Mask\"\/><img src=\"https:\/\/files.sunoresearch.com.br\/n\/uploads\/2023\/07\/aws-nexa-dio-nuvem-curso-400x200.jpg\" alt=\"AWS, Nexa e startup DIO se unem para qualificar 20 mil profissionais em computa\u00e7\u00e3o em nuvem\"\/><\/a><span class=\"spotlightCategory\"><a href=\"https:\/\/www.suno.com.br\/noticias\/startups\/\">Startups<\/a><\/span><\/div><div class=\"cardsPage__listCard__boxs__content\"><a href=\"https:\/\/www.suno.com.br\/noticias\/aws-nexa-dio-descubra-nuvem-cpf\/\"><h2 class=\"content__title\">AWS, Nexa e startup DIO se unem para qualificar 20 mil profissionais em computa\u00e7\u00e3o em nuvem<\/h2><\/a><div class=\"newsContent__article__meta\"><div class=\"newsContent__article__meta__authorBox\"><a href=\"https:\/\/www.suno.com.br\/noticias\/author\/camila-figueiredosuno-com-br\/\" class=\"authorBox__avatar noMobi\"><img src=\"https:\/\/files.sunoresearch.com.br\/n\/uploads\/2024\/05\/camila-paim-square-150x150.jpg\" alt=\"Camila Paim\"><\/a><div class=\"authorBox__name\"><span>por\n\t\t\t<a href=\"https:\/\/www.suno.com.br\/noticias\/author\/camila-figueiredosuno-com-br\/\"><span itemprop=\"author\">Camila Paim<\/span><\/a><\/span><time datetime=\"2023-07-17T20:54:13-03:00\" itemprop=\"datePublished\">17\/07\/2023 20:54<\/time><\/div><\/div><\/div><\/div><\/div>","single_layout":"posts","amp_enabled":true,"_links":{"self":[{"href":"https:\/\/www.suno.com.br\/noticias\/wp-json\/wp\/v2\/posts\/429573"}],"collection":[{"href":"https:\/\/www.suno.com.br\/noticias\/wp-json\/wp\/v2\/posts"}],"about":[{"href":"https:\/\/www.suno.com.br\/noticias\/wp-json\/wp\/v2\/types\/post"}],"author":[{"embeddable":true,"href":"https:\/\/www.suno.com.br\/noticias\/wp-json\/wp\/v2\/users\/283"}],"replies":[{"embeddable":true,"href":"https:\/\/www.suno.com.br\/noticias\/wp-json\/wp\/v2\/comments?post=429573"}],"version-history":[{"count":2,"href":"https:\/\/www.suno.com.br\/noticias\/wp-json\/wp\/v2\/posts\/429573\/revisions"}],"predecessor-version":[{"id":429833,"href":"https:\/\/www.suno.com.br\/noticias\/wp-json\/wp\/v2\/posts\/429573\/revisions\/429833"}],"wp:featuredmedia":[{"embeddable":true,"href":"https:\/\/www.suno.com.br\/noticias\/wp-json\/wp\/v2\/media\/429584"}],"wp:attachment":[{"href":"https:\/\/www.suno.com.br\/noticias\/wp-json\/wp\/v2\/media?parent=429573"}],"wp:term":[{"taxonomy":"category","embeddable":true,"href":"https:\/\/www.suno.com.br\/noticias\/wp-json\/wp\/v2\/categories?post=429573"},{"taxonomy":"post_tag","embeddable":true,"href":"https:\/\/www.suno.com.br\/noticias\/wp-json\/wp\/v2\/tags?post=429573"},{"taxonomy":"suno_strategy","embeddable":true,"href":"https:\/\/www.suno.com.br\/noticias\/wp-json\/wp\/v2\/suno_strategy?post=429573"}],"curies":[{"name":"wp","href":"https:\/\/api.w.org\/{rel}","templated":true}]}}