{"id":42957,"date":"2019-10-30T13:32:06","date_gmt":"2019-10-30T15:32:06","guid":{"rendered":"https:\/\/www.suno.com.br\/noticias\/?p=42957"},"modified":"2019-10-30T13:32:06","modified_gmt":"2019-10-30T15:32:06","slug":"exportador-de-petroleo-brasil-convidado-opep-diz-bolsonaro","status":"publish","type":"post","link":"https:\/\/www.suno.com.br\/noticias\/exportador-de-petroleo-brasil-convidado-opep-diz-bolsonaro\/","title":{"rendered":"Grande exportador de petr\u00f3leo, Brasil foi convidado a participar da Opep, diz Bolsonaro"},"content":{"rendered":"<p>Segundo o presidente <strong>Jair Bolsonaro<\/strong>, a Ar\u00e1bia Saudita convidou, de forma informal, o Brasil para se juntar \u00e0 <a href=\"https:\/\/www.suno.com.br\/artigos\/opep\/\">Organiza\u00e7\u00e3o dos Pa\u00edses Exportadores de Petr\u00f3leo (Opep)<\/a>.<\/p>\t<div class=\"wrapper-featured-image\">\n\t\t<figure class=\"spotlightImg\">\n\n\t\t\t<picture>\n\t\t\t\t<source media=\"(max-width: 768px)\" srcset=\"https:\/\/files.sunoresearch.com.br\/n\/uploads\/2019\/10\/16e6557e-bolsonaro-400x200.webp\">\n\t\t\t\t<img loading=\"lazy\" decoding=\"async\" class=\"newsContent__article__imgCapa lazyloadDisabled newsContent__article__imgCapa--noCaption\" src=\"https:\/\/files.sunoresearch.com.br\/n\/uploads\/2019\/10\/16e6557e-bolsonaro-800x450.webp\" width=\"800\" height=\"450\" alt=\"Grande exportador de petr\u00f3leo, Brasil foi convidado a participar da Opep, diz Bolsonaro\" fetchpriority=high \/>\n\t\t\t<\/picture>\n\n\t\t\t<figcaption class=\"wp-caption-text wp-caption-text--hide\">Grande exportador de petr\u00f3leo, Brasil foi convidado a participar da Opep, diz BolsonaroFoto: Jos\u00e9 Dias\/PR<\/figcaption>\n\t\t<\/figure>\n\t<\/div>\n\n\n\n<p>Caso o interesse da <strong>Ar\u00e1bia Saudita<\/strong> na aproxima\u00e7\u00e3o brasileira ao cartel se confirme, significaria uma ascens\u00e3o da relev\u00e2ncia latino-americana como produtor e exportador de <strong>petr\u00f3leo<\/strong>.<\/p>\n<p>Nesta quarta-feira (30), o mandat\u00e1rio brasileiro recebeu o convite ap\u00f3s concluir uma s\u00e9rie de reuni\u00f5es com autoridades sauditas, incluindo o pr\u00edncipe herdeiro Mohammed Bin Salman. A visita de Bolsonaro ao Oriente M\u00e9dio aconteceu \u00e0 margem da confer\u00eancia Future Investment Initiative, em Riad.<\/p>\n<p><a href=\"https:\/\/www.suno.com.br\/noticias\/chile-cancela-encontro-da-apec-era-esperado-um-acordo-para-a-guerra-comercial\/\">Confira: Chile cancela encontro da APEC; era esperado um acordo para a guerra comercial<\/a><\/p>\n<p>&#8220;\u00c9 o primeiro passo para talvez implementar essa pol\u00edtica no Brasil&#8221;, disse Bolsonaro, salientando que precisaria consultar a equipe econ\u00f4mica e o Minist\u00e9rio de Minas e Energia antes de aceitar em participar do cartel. Em um painel na confer\u00eancia, o mandat\u00e1rio afirmou que estava ansioso para o Pa\u00eds entrar no cartel.<\/p>\n<h2>Brasil se destaca na produ\u00e7\u00e3o de petr\u00f3leo<\/h2>\n<p>Caso aceite o convite, o Brasil poder\u00e1 tornar-se o terceiro maior produtor da Opep, apenas atr\u00e1s da Ar\u00e1bia Saudita e do Iraque. O avan\u00e7o na produ\u00e7\u00e3o brasileira est\u00e1 dificultando o esfor\u00e7o do cartel em sustentar os <a href=\"https:\/\/www.suno.com.br\/artigos\/cotacao-do-petroleo\/\">pre\u00e7os do petr\u00f3leo<\/a>.<\/p>\n<p>A crescente oferta dos campos de xisto dos Estados Unidos e do enfraquecimento da demanda global impactam os mercados internacionais.<\/p>\n\t<p>\n\t\t<a href=\"https:\/\/lp.suno.com.br\/ao\/sessao-estrategica-consultoria-c\/?utm_source=suno-noticias&#038;utm_medium=banner&#038;utm_campaing=banco-master-cdbs\" target=\"_blank\" data-element=\"shortcode-suno-banner\" title=\"Banner SUNO, clique e saiba mais\">\n\t\t\t<picture>\n\t\t\t\t<source media=\"(max-width: 500px)\" srcset=\"https:\/\/files.sunoresearch.com.br\/n\/uploads\/2025\/09\/300x400.webp\">\n\t\t\t\t<img class=\"newsContent__article__imgCapa newsContent__article__imgCapa--banner\"\n\t\t\t\t\tsrc=\"https:\/\/files.sunoresearch.com.br\/n\/uploads\/2025\/09\/SN-DT-1420x240-1.webp\"\n\t\t\t\t\tdata-promo-id=\"624064\"\t\t\t\t\t\t\t\t\t\twidth='1420' height='240'\t\t\t\t\talt=\"https:\/\/files.sunoresearch.com.br\/n\/uploads\/2025\/09\/SN-DT-1420x240-1.webp\"\n\t\t\t\t>\n\t\t\t<\/picture>\n\t\t<\/a>\n\t<\/p>\n\n\n<p>As reservas da <a href=\"https:\/\/www.suno.com.br\/artigos\/o-que-commodities\/\">commodity<\/a> do Pa\u00eds s\u00e3o maiores do que as de v\u00e1rios membros da OPEP, afirmou Bolsonaro. O Brasil junto aos pa\u00edses presente no cartel poderiam estabelecer &#8220;uma grande parceria&#8221;, colaborando uns com os outros a estabilizar os pre\u00e7os globais de combust\u00edveis f\u00f3sseis.<\/p>\n<p>O Brasil produziu 2,71 milh\u00f5es de barris por dia no ano passado, segundo a Ag\u00eancia Internacional de Energia (IEA, na sigla em ingl\u00eas) que prev\u00ea que a produ\u00e7\u00e3o m\u00e9dia do pa\u00eds chegue a 2,9 milh\u00f5es este ano e 3,22 milh\u00f5es em 2020.<\/p>\n<p><a href=\"https:\/\/www.suno.com.br\/noticias\/economia-dos-eua-supera-expectativas-cresce-no-terceiro-trimestre\/\">Saiba mais: Economia dos EUA supera expectativas e cresce 1,9% no terceiro trimestre<\/a><\/p>\n<p>Segundo a institui\u00e7\u00e3o, atrav\u00e9s de um relat\u00f3rio recente, a produ\u00e7\u00e3o brasileira de <strong>petr\u00f3leo<\/strong> no m\u00eas de agosto subiu 220 mil barris por dias, chegando a um recorde de 3,1 milh\u00f5es.<\/p>\n","protected":false},"excerpt":{"rendered":"<p>Segundo o presidente Jair Bolsonaro, a Ar\u00e1bia Saudita convidou, de forma informal, o Brasil para se juntar \u00e0 Organiza\u00e7\u00e3o dos Pa\u00edses Exportadores de Petr\u00f3leo (Opep). Grande exportador de petr\u00f3leo, Brasil foi convidado a participar da Opep, diz BolsonaroFoto: Jos\u00e9 Dias\/PR Caso o interesse da Ar\u00e1bia Saudita na aproxima\u00e7\u00e3o brasileira ao cartel se confirme, significaria uma [&hellip;]<\/p>\n","protected":false},"author":24,"featured_media":42990,"comment_status":"closed","ping_status":"closed","sticky":false,"template":"","format":"standard","meta":[],"categories":[63],"tags":[719,811,766],"suno_strategy":[],"class_list":["post-42957","post","type-post","status-publish","format-standard","has-post-thumbnail","hentry","category-internacional","tag-jair-bolsonaro","tag-opep","tag-petroleo"],"yoast_head":"<!-- This site is optimized with the Yoast SEO plugin v24.4 - https:\/\/yoast.com\/wordpress\/plugins\/seo\/ -->\n<title>Exportador de petr\u00f3leo, Brasil \u00e9 convidado a entrar na Opep, diz Bolsonaro<\/title>\n<meta name=\"description\" content=\"Exportador de petr\u00f3leo, a Ar\u00e1bia Saudita convidou informalmente o Brasil para se juntar \u00e0 Opep. Clique aqui e saiba mais.\" \/>\n<meta name=\"robots\" content=\"index, follow, max-snippet:-1, max-image-preview:large, max-video-preview:-1\" \/>\n<link rel=\"canonical\" href=\"https:\/\/www.suno.com.br\/noticias\/exportador-de-petroleo-brasil-convidado-opep-diz-bolsonaro\/\" \/>\n<meta property=\"og:locale\" content=\"pt_BR\" \/>\n<meta property=\"og:type\" content=\"article\" \/>\n<meta property=\"og:title\" content=\"Exportador de petr\u00f3leo, Brasil \u00e9 convidado a entrar na Opep, diz Bolsonaro\" \/>\n<meta property=\"og:description\" content=\"Exportador de petr\u00f3leo, a Ar\u00e1bia Saudita convidou informalmente o Brasil para se juntar \u00e0 Opep. Clique aqui e saiba mais.\" \/>\n<meta property=\"og:url\" content=\"https:\/\/www.suno.com.br\/noticias\/exportador-de-petroleo-brasil-convidado-opep-diz-bolsonaro\/\" \/>\n<meta property=\"og:site_name\" content=\"Suno Not\u00edcias\" \/>\n<meta property=\"article:publisher\" content=\"https:\/\/facebook.com\/sunoresearch\" \/>\n<meta property=\"og:image\" content=\"https:\/\/files.sunoresearch.com.br\/n\/uploads\/2019\/10\/16e6557e-bolsonaro-1024x683.jpg\" \/>\n\t<meta property=\"og:image:width\" content=\"1024\" \/>\n\t<meta property=\"og:image:height\" content=\"683\" \/>\n\t<meta property=\"og:image:type\" content=\"image\/jpeg\" \/>\n<meta name=\"author\" content=\"Jader Lazarini\" \/>\n<meta name=\"twitter:card\" content=\"summary_large_image\" \/>\n<meta name=\"twitter:creator\" content=\"@sunoresearch\" \/>\n<meta name=\"twitter:site\" content=\"@sunoresearch\" \/>\n<meta name=\"twitter:label1\" content=\"Escrito por\" \/>\n\t<meta name=\"twitter:data1\" content=\"Jader Lazarini\" \/>\n\t<meta name=\"twitter:label2\" content=\"Est. tempo de leitura\" \/>\n\t<meta name=\"twitter:data2\" content=\"2 minutos\" \/>\n<script type=\"application\/ld+json\" class=\"yoast-schema-graph\">{\"@context\":\"https:\/\/schema.org\",\"@graph\":[{\"@type\":\"NewsArticle\",\"@id\":\"https:\/\/www.suno.com.br\/noticias\/exportador-de-petroleo-brasil-convidado-opep-diz-bolsonaro\/#article\",\"isPartOf\":{\"@id\":\"https:\/\/www.suno.com.br\/noticias\/exportador-de-petroleo-brasil-convidado-opep-diz-bolsonaro\/\"},\"author\":{\"name\":\"Jader Lazarini\",\"@id\":\"https:\/\/www.suno.com.br\/noticias\/#\/schema\/person\/918d79de1f0281f01599b93f9ea6e23f\"},\"headline\":\"Grande exportador de petr\u00f3leo, Brasil foi convidado a participar da Opep, diz Bolsonaro\",\"datePublished\":\"2019-10-30T15:32:06+00:00\",\"mainEntityOfPage\":{\"@id\":\"https:\/\/www.suno.com.br\/noticias\/exportador-de-petroleo-brasil-convidado-opep-diz-bolsonaro\/\"},\"wordCount\":413,\"publisher\":{\"@id\":\"https:\/\/www.suno.com.br\/noticias\/#organization\"},\"image\":{\"@id\":\"https:\/\/www.suno.com.br\/noticias\/exportador-de-petroleo-brasil-convidado-opep-diz-bolsonaro\/#primaryimage\"},\"thumbnailUrl\":\"https:\/\/files.sunoresearch.com.br\/n\/uploads\/2019\/10\/16e6557e-bolsonaro-scaled.webp\",\"keywords\":[\"Jair Bolsonaro\",\"OPEP\",\"Petr\u00f3leo\"],\"articleSection\":[\"Internacional\"],\"inLanguage\":\"pt-BR\"},{\"@type\":\"WebPage\",\"@id\":\"https:\/\/www.suno.com.br\/noticias\/exportador-de-petroleo-brasil-convidado-opep-diz-bolsonaro\/\",\"url\":\"https:\/\/www.suno.com.br\/noticias\/exportador-de-petroleo-brasil-convidado-opep-diz-bolsonaro\/\",\"name\":\"Exportador de petr\u00f3leo, Brasil \u00e9 convidado a entrar na Opep, diz Bolsonaro\",\"isPartOf\":{\"@id\":\"https:\/\/www.suno.com.br\/noticias\/#website\"},\"primaryImageOfPage\":{\"@id\":\"https:\/\/www.suno.com.br\/noticias\/exportador-de-petroleo-brasil-convidado-opep-diz-bolsonaro\/#primaryimage\"},\"image\":{\"@id\":\"https:\/\/www.suno.com.br\/noticias\/exportador-de-petroleo-brasil-convidado-opep-diz-bolsonaro\/#primaryimage\"},\"thumbnailUrl\":\"https:\/\/files.sunoresearch.com.br\/n\/uploads\/2019\/10\/16e6557e-bolsonaro-scaled.webp\",\"datePublished\":\"2019-10-30T15:32:06+00:00\",\"description\":\"Exportador de petr\u00f3leo, a Ar\u00e1bia Saudita convidou informalmente o Brasil para se juntar \u00e0 Opep. Clique aqui e saiba mais.\",\"breadcrumb\":{\"@id\":\"https:\/\/www.suno.com.br\/noticias\/exportador-de-petroleo-brasil-convidado-opep-diz-bolsonaro\/#breadcrumb\"},\"inLanguage\":\"pt-BR\",\"potentialAction\":[{\"@type\":\"ReadAction\",\"target\":[\"https:\/\/www.suno.com.br\/noticias\/exportador-de-petroleo-brasil-convidado-opep-diz-bolsonaro\/\"]}]},{\"@type\":\"ImageObject\",\"inLanguage\":\"pt-BR\",\"@id\":\"https:\/\/www.suno.com.br\/noticias\/exportador-de-petroleo-brasil-convidado-opep-diz-bolsonaro\/#primaryimage\",\"url\":\"https:\/\/files.sunoresearch.com.br\/n\/uploads\/2019\/10\/16e6557e-bolsonaro-scaled.webp\",\"contentUrl\":\"https:\/\/files.sunoresearch.com.br\/n\/uploads\/2019\/10\/16e6557e-bolsonaro-scaled.webp\",\"width\":2560,\"height\":1706,\"caption\":\"Grande exportador de petr\u00f3leo, Brasil foi convidado a participar da Opep, diz BolsonaroFoto: Jos\u00e9 Dias\/PR\"},{\"@type\":\"BreadcrumbList\",\"@id\":\"https:\/\/www.suno.com.br\/noticias\/exportador-de-petroleo-brasil-convidado-opep-diz-bolsonaro\/#breadcrumb\",\"itemListElement\":[{\"@type\":\"ListItem\",\"position\":1,\"name\":\"Not\u00edcias\",\"item\":\"https:\/\/www.suno.com.br\/noticias\/\"},{\"@type\":\"ListItem\",\"position\":2,\"name\":\"Internacional\",\"item\":\"https:\/\/www.suno.com.br\/noticias\/internacional\/\"},{\"@type\":\"ListItem\",\"position\":3,\"name\":\"Grande exportador de petr\u00f3leo, Brasil foi convidado a participar da Opep, diz Bolsonaro\"}]},{\"@type\":\"WebSite\",\"@id\":\"https:\/\/www.suno.com.br\/noticias\/#website\",\"url\":\"https:\/\/www.suno.com.br\/noticias\/\",\"name\":\"Suno Not\u00edcias\",\"description\":\"Seu portal de informa\u00e7\u00e3o sobre o mundo dos investimentos\",\"publisher\":{\"@id\":\"https:\/\/www.suno.com.br\/noticias\/#organization\"},\"potentialAction\":[{\"@type\":\"SearchAction\",\"target\":{\"@type\":\"EntryPoint\",\"urlTemplate\":\"https:\/\/www.suno.com.br\/noticias\/?s={search_term_string}\"},\"query-input\":{\"@type\":\"PropertyValueSpecification\",\"valueRequired\":true,\"valueName\":\"search_term_string\"}}],\"inLanguage\":\"pt-BR\"},{\"@type\":\"Organization\",\"@id\":\"https:\/\/www.suno.com.br\/noticias\/#organization\",\"name\":\"Suno Not\u00edcias\",\"url\":\"https:\/\/www.suno.com.br\/noticias\/\",\"logo\":{\"@type\":\"ImageObject\",\"inLanguage\":\"pt-BR\",\"@id\":\"https:\/\/www.suno.com.br\/noticias\/#\/schema\/logo\/image\/\",\"url\":\"https:\/\/files.sunoresearch.com.br\/n\/uploads\/2021\/09\/suno-logo.png\",\"contentUrl\":\"https:\/\/files.sunoresearch.com.br\/n\/uploads\/2021\/09\/suno-logo.png\",\"width\":180,\"height\":180,\"caption\":\"Suno Not\u00edcias\"},\"image\":{\"@id\":\"https:\/\/www.suno.com.br\/noticias\/#\/schema\/logo\/image\/\"},\"sameAs\":[\"https:\/\/facebook.com\/sunoresearch\",\"https:\/\/x.com\/sunoresearch\",\"https:\/\/www.instagram.com\/suno\",\"https:\/\/www.linkedin.com\/company\/suno-research\/\",\"https:\/\/www.youtube.com\/c\/sunoresearch\"]},{\"@type\":\"Person\",\"@id\":\"https:\/\/www.suno.com.br\/noticias\/#\/schema\/person\/918d79de1f0281f01599b93f9ea6e23f\",\"name\":\"Jader Lazarini\",\"image\":{\"@type\":\"ImageObject\",\"inLanguage\":\"pt-BR\",\"@id\":\"https:\/\/www.suno.com.br\/noticias\/#\/schema\/person\/image\/\",\"url\":\"https:\/\/secure.gravatar.com\/avatar\/3c1ad8caa51589841baeb923fcddea97?s=96&r=g\",\"contentUrl\":\"https:\/\/secure.gravatar.com\/avatar\/3c1ad8caa51589841baeb923fcddea97?s=96&r=g\",\"caption\":\"Jader Lazarini\"},\"description\":\"Jader Lazarini escreve sobre investimentos, finan\u00e7as, economia e neg\u00f3cios. \u00c9 bacharel em Rela\u00e7\u00f5es Internacionais e analista CNPI (2619).\",\"url\":\"https:\/\/www.suno.com.br\/noticias\/author\/jader-lazarini\/\"}]}<\/script>\n<!-- \/ Yoast SEO plugin. -->","yoast_head_json":{"title":"Exportador de petr\u00f3leo, Brasil \u00e9 convidado a entrar na Opep, diz Bolsonaro","description":"Exportador de petr\u00f3leo, a Ar\u00e1bia Saudita convidou informalmente o Brasil para se juntar \u00e0 Opep. Clique aqui e saiba mais.","robots":{"index":"index","follow":"follow","max-snippet":"max-snippet:-1","max-image-preview":"max-image-preview:large","max-video-preview":"max-video-preview:-1"},"canonical":"https:\/\/www.suno.com.br\/noticias\/exportador-de-petroleo-brasil-convidado-opep-diz-bolsonaro\/","og_locale":"pt_BR","og_type":"article","og_title":"Exportador de petr\u00f3leo, Brasil \u00e9 convidado a entrar na Opep, diz Bolsonaro","og_description":"Exportador de petr\u00f3leo, a Ar\u00e1bia Saudita convidou informalmente o Brasil para se juntar \u00e0 Opep. Clique aqui e saiba mais.","og_url":"https:\/\/www.suno.com.br\/noticias\/exportador-de-petroleo-brasil-convidado-opep-diz-bolsonaro\/","og_site_name":"Suno Not\u00edcias","article_publisher":"https:\/\/facebook.com\/sunoresearch","og_image":[{"width":1024,"height":683,"url":"https:\/\/files.sunoresearch.com.br\/n\/uploads\/2019\/10\/16e6557e-bolsonaro-1024x683.jpg","type":"image\/jpeg"}],"author":"Jader Lazarini","twitter_card":"summary_large_image","twitter_creator":"@sunoresearch","twitter_site":"@sunoresearch","twitter_misc":{"Escrito por":"Jader Lazarini","Est. tempo de leitura":"2 minutos"},"schema":{"@context":"https:\/\/schema.org","@graph":[{"@type":"NewsArticle","@id":"https:\/\/www.suno.com.br\/noticias\/exportador-de-petroleo-brasil-convidado-opep-diz-bolsonaro\/#article","isPartOf":{"@id":"https:\/\/www.suno.com.br\/noticias\/exportador-de-petroleo-brasil-convidado-opep-diz-bolsonaro\/"},"author":{"name":"Jader Lazarini","@id":"https:\/\/www.suno.com.br\/noticias\/#\/schema\/person\/918d79de1f0281f01599b93f9ea6e23f"},"headline":"Grande exportador de petr\u00f3leo, Brasil foi convidado a participar da Opep, diz Bolsonaro","datePublished":"2019-10-30T15:32:06+00:00","mainEntityOfPage":{"@id":"https:\/\/www.suno.com.br\/noticias\/exportador-de-petroleo-brasil-convidado-opep-diz-bolsonaro\/"},"wordCount":413,"publisher":{"@id":"https:\/\/www.suno.com.br\/noticias\/#organization"},"image":{"@id":"https:\/\/www.suno.com.br\/noticias\/exportador-de-petroleo-brasil-convidado-opep-diz-bolsonaro\/#primaryimage"},"thumbnailUrl":"https:\/\/files.sunoresearch.com.br\/n\/uploads\/2019\/10\/16e6557e-bolsonaro-scaled.webp","keywords":["Jair Bolsonaro","OPEP","Petr\u00f3leo"],"articleSection":["Internacional"],"inLanguage":"pt-BR"},{"@type":"WebPage","@id":"https:\/\/www.suno.com.br\/noticias\/exportador-de-petroleo-brasil-convidado-opep-diz-bolsonaro\/","url":"https:\/\/www.suno.com.br\/noticias\/exportador-de-petroleo-brasil-convidado-opep-diz-bolsonaro\/","name":"Exportador de petr\u00f3leo, Brasil \u00e9 convidado a entrar na Opep, diz Bolsonaro","isPartOf":{"@id":"https:\/\/www.suno.com.br\/noticias\/#website"},"primaryImageOfPage":{"@id":"https:\/\/www.suno.com.br\/noticias\/exportador-de-petroleo-brasil-convidado-opep-diz-bolsonaro\/#primaryimage"},"image":{"@id":"https:\/\/www.suno.com.br\/noticias\/exportador-de-petroleo-brasil-convidado-opep-diz-bolsonaro\/#primaryimage"},"thumbnailUrl":"https:\/\/files.sunoresearch.com.br\/n\/uploads\/2019\/10\/16e6557e-bolsonaro-scaled.webp","datePublished":"2019-10-30T15:32:06+00:00","description":"Exportador de petr\u00f3leo, a Ar\u00e1bia Saudita convidou informalmente o Brasil para se juntar \u00e0 Opep. Clique aqui e saiba mais.","breadcrumb":{"@id":"https:\/\/www.suno.com.br\/noticias\/exportador-de-petroleo-brasil-convidado-opep-diz-bolsonaro\/#breadcrumb"},"inLanguage":"pt-BR","potentialAction":[{"@type":"ReadAction","target":["https:\/\/www.suno.com.br\/noticias\/exportador-de-petroleo-brasil-convidado-opep-diz-bolsonaro\/"]}]},{"@type":"ImageObject","inLanguage":"pt-BR","@id":"https:\/\/www.suno.com.br\/noticias\/exportador-de-petroleo-brasil-convidado-opep-diz-bolsonaro\/#primaryimage","url":"https:\/\/files.sunoresearch.com.br\/n\/uploads\/2019\/10\/16e6557e-bolsonaro-scaled.webp","contentUrl":"https:\/\/files.sunoresearch.com.br\/n\/uploads\/2019\/10\/16e6557e-bolsonaro-scaled.webp","width":2560,"height":1706,"caption":"Grande exportador de petr\u00f3leo, Brasil foi convidado a participar da Opep, diz BolsonaroFoto: Jos\u00e9 Dias\/PR"},{"@type":"BreadcrumbList","@id":"https:\/\/www.suno.com.br\/noticias\/exportador-de-petroleo-brasil-convidado-opep-diz-bolsonaro\/#breadcrumb","itemListElement":[{"@type":"ListItem","position":1,"name":"Not\u00edcias","item":"https:\/\/www.suno.com.br\/noticias\/"},{"@type":"ListItem","position":2,"name":"Internacional","item":"https:\/\/www.suno.com.br\/noticias\/internacional\/"},{"@type":"ListItem","position":3,"name":"Grande exportador de petr\u00f3leo, Brasil foi convidado a participar da Opep, diz Bolsonaro"}]},{"@type":"WebSite","@id":"https:\/\/www.suno.com.br\/noticias\/#website","url":"https:\/\/www.suno.com.br\/noticias\/","name":"Suno Not\u00edcias","description":"Seu portal de informa\u00e7\u00e3o sobre o mundo dos investimentos","publisher":{"@id":"https:\/\/www.suno.com.br\/noticias\/#organization"},"potentialAction":[{"@type":"SearchAction","target":{"@type":"EntryPoint","urlTemplate":"https:\/\/www.suno.com.br\/noticias\/?s={search_term_string}"},"query-input":{"@type":"PropertyValueSpecification","valueRequired":true,"valueName":"search_term_string"}}],"inLanguage":"pt-BR"},{"@type":"Organization","@id":"https:\/\/www.suno.com.br\/noticias\/#organization","name":"Suno Not\u00edcias","url":"https:\/\/www.suno.com.br\/noticias\/","logo":{"@type":"ImageObject","inLanguage":"pt-BR","@id":"https:\/\/www.suno.com.br\/noticias\/#\/schema\/logo\/image\/","url":"https:\/\/files.sunoresearch.com.br\/n\/uploads\/2021\/09\/suno-logo.png","contentUrl":"https:\/\/files.sunoresearch.com.br\/n\/uploads\/2021\/09\/suno-logo.png","width":180,"height":180,"caption":"Suno Not\u00edcias"},"image":{"@id":"https:\/\/www.suno.com.br\/noticias\/#\/schema\/logo\/image\/"},"sameAs":["https:\/\/facebook.com\/sunoresearch","https:\/\/x.com\/sunoresearch","https:\/\/www.instagram.com\/suno","https:\/\/www.linkedin.com\/company\/suno-research\/","https:\/\/www.youtube.com\/c\/sunoresearch"]},{"@type":"Person","@id":"https:\/\/www.suno.com.br\/noticias\/#\/schema\/person\/918d79de1f0281f01599b93f9ea6e23f","name":"Jader Lazarini","image":{"@type":"ImageObject","inLanguage":"pt-BR","@id":"https:\/\/www.suno.com.br\/noticias\/#\/schema\/person\/image\/","url":"https:\/\/secure.gravatar.com\/avatar\/3c1ad8caa51589841baeb923fcddea97?s=96&r=g","contentUrl":"https:\/\/secure.gravatar.com\/avatar\/3c1ad8caa51589841baeb923fcddea97?s=96&r=g","caption":"Jader Lazarini"},"description":"Jader Lazarini escreve sobre investimentos, finan\u00e7as, economia e neg\u00f3cios. \u00c9 bacharel em Rela\u00e7\u00f5es Internacionais e analista CNPI (2619).","url":"https:\/\/www.suno.com.br\/noticias\/author\/jader-lazarini\/"}]}},"default_loop_html":"<div class=\"cardsPage__listCard__boxs\"><div class=\"cardsPage__listCard__boxs__img\"><a href=\"https:\/\/www.suno.com.br\/noticias\/exportador-de-petroleo-brasil-convidado-opep-diz-bolsonaro\/\"><img class=\"mask\" src=\"https:\/\/www.suno.com.br\/noticias\/wp-content\/themes\/suno\/resources\/images\/spotlight\/spotlight1img\/bg-mask.png\" alt=\"Image Mask\"\/><img src=\"https:\/\/files.sunoresearch.com.br\/n\/uploads\/2019\/10\/16e6557e-bolsonaro-400x200.webp\" alt=\"Grande exportador de petr\u00f3leo, Brasil foi convidado a participar da Opep, diz Bolsonaro\"\/><\/a><span class=\"spotlightCategory\"><a href=\"https:\/\/www.suno.com.br\/noticias\/internacional\/\">Internacional<\/a><\/span><\/div><div class=\"cardsPage__listCard__boxs__content\"><a href=\"https:\/\/www.suno.com.br\/noticias\/exportador-de-petroleo-brasil-convidado-opep-diz-bolsonaro\/\"><h2 class=\"content__title\">Grande exportador de petr\u00f3leo, Brasil foi convidado a participar da Opep, diz Bolsonaro<\/h2><\/a><div class=\"newsContent__article__meta\"><div class=\"newsContent__article__meta__authorBox\"><a href=\"https:\/\/www.suno.com.br\/noticias\/author\/jader-lazarini\/\" class=\"authorBox__avatar noMobi\"><img src=\"https:\/\/files.sunoresearch.com.br\/n\/uploads\/2021\/01\/178e6598-foto-perfil-2-150x150.jpg\" alt=\"Jader Lazarini\"><\/a><div class=\"authorBox__name\"><span>por\n\t\t\t<a href=\"https:\/\/www.suno.com.br\/noticias\/author\/jader-lazarini\/\"><span itemprop=\"author\">Jader Lazarini<\/span><\/a><\/span><time datetime=\"2019-10-30T13:32:06-03:00\" itemprop=\"datePublished\">30\/10\/2019 13:32<\/time><\/div><\/div><\/div><\/div><\/div>","single_layout":"posts","amp_enabled":true,"_links":{"self":[{"href":"https:\/\/www.suno.com.br\/noticias\/wp-json\/wp\/v2\/posts\/42957"}],"collection":[{"href":"https:\/\/www.suno.com.br\/noticias\/wp-json\/wp\/v2\/posts"}],"about":[{"href":"https:\/\/www.suno.com.br\/noticias\/wp-json\/wp\/v2\/types\/post"}],"author":[{"embeddable":true,"href":"https:\/\/www.suno.com.br\/noticias\/wp-json\/wp\/v2\/users\/24"}],"replies":[{"embeddable":true,"href":"https:\/\/www.suno.com.br\/noticias\/wp-json\/wp\/v2\/comments?post=42957"}],"version-history":[{"count":0,"href":"https:\/\/www.suno.com.br\/noticias\/wp-json\/wp\/v2\/posts\/42957\/revisions"}],"wp:featuredmedia":[{"embeddable":true,"href":"https:\/\/www.suno.com.br\/noticias\/wp-json\/wp\/v2\/media\/42990"}],"wp:attachment":[{"href":"https:\/\/www.suno.com.br\/noticias\/wp-json\/wp\/v2\/media?parent=42957"}],"wp:term":[{"taxonomy":"category","embeddable":true,"href":"https:\/\/www.suno.com.br\/noticias\/wp-json\/wp\/v2\/categories?post=42957"},{"taxonomy":"post_tag","embeddable":true,"href":"https:\/\/www.suno.com.br\/noticias\/wp-json\/wp\/v2\/tags?post=42957"},{"taxonomy":"suno_strategy","embeddable":true,"href":"https:\/\/www.suno.com.br\/noticias\/wp-json\/wp\/v2\/suno_strategy?post=42957"}],"curies":[{"name":"wp","href":"https:\/\/api.w.org\/{rel}","templated":true}]}}