{"id":429567,"date":"2023-07-17T16:37:54","date_gmt":"2023-07-17T19:37:54","guid":{"rendered":"https:\/\/www.suno.com.br\/noticias\/?p=429567"},"modified":"2023-07-17T21:12:58","modified_gmt":"2023-07-18T00:12:58","slug":"taxa-selic-corte-agosto-guide-evm","status":"publish","type":"post","link":"https:\/\/www.suno.com.br\/noticias\/taxa-selic-corte-agosto-guide-evm\/","title":{"rendered":"Corte da Selic vir\u00e1 em agosto ap\u00f3s &#8216;surpresas positivas&#8217;, diz Guide"},"content":{"rendered":"<p>Especialistas da Guide, em novo relat\u00f3rio sobre <a class=\"suno-keyword\" data-force=\"no\" data-priority=\"2\" href=\"https:\/\/www.suno.com.br\/guias\/investimento-renda-fixa\/\" target=\"_blank\" rel=\"noopener\">renda fixa<\/a>, destacaram expectativas de que a <strong><a href=\"https:\/\/www.suno.com.br\/noticias\/ipca-495-selic-12-boletim-focus-evm\/\" target=\"_blank\" rel=\"noreferrer noopener\">Selic<\/a><\/strong> sofra um corte na pr\u00f3xima reuni\u00e3o do Comit\u00ea de <a class=\"suno-keyword\" data-force=\"no\" data-priority=\"1\" href=\"https:\/\/www.suno.com.br\/artigos\/politica-monetaria\/\" target=\"_blank\" rel=\"noopener\">Pol\u00edtica Monet\u00e1ria<\/a> (Copom) do <a href=\"https:\/\/www.suno.com.br\/noticias\/governo-central-superavit-54-bi-2022\/\" target=\"_blank\" rel=\"noreferrer noopener\">Banco Central (BC)<\/a>.<\/p>\t<div class=\"wrapper-featured-image\">\n\t\t<figure class=\"spotlightImg\">\n\n\t\t\t<picture>\n\t\t\t\t<source media=\"(max-width: 768px)\" srcset=\"https:\/\/files.sunoresearch.com.br\/n\/uploads\/2023\/05\/selic-400x200.jpg\">\n\t\t\t\t<img loading=\"lazy\" decoding=\"async\" class=\"newsContent__article__imgCapa lazyloadDisabled \" src=\"https:\/\/files.sunoresearch.com.br\/n\/uploads\/2023\/05\/selic-800x450.jpg\" width=\"800\" height=\"450\" alt=\"Corte da Selic vir\u00e1 em agosto ap\u00f3s &#8216;surpresas positivas&#8217;, diz Guide\" fetchpriority=high \/>\n\t\t\t<\/picture>\n\n\t\t\t<figcaption class=\"wp-caption-text wp-caption-text--show\">Quais melhores investimentos para \u201csurfar\u201d a queda da Selic? - Foto: iStock<\/figcaption>\n\t\t<\/figure>\n\t<\/div>\n\n\n\n\n\n\t<p>\n\t\t<a href=\"\" target=\"_blank\" data-element=\"shortcode-suno-banner\" title=\"Banner SUNO, clique e saiba mais\">\n\t\t\t<picture>\n\t\t\t\t<source media=\"(max-width: 500px)\" srcset=\"\">\n\t\t\t\t<img class=\"newsContent__article__imgCapa newsContent__article__imgCapa--banner\"\n\t\t\t\t\tsrc=\"\"\n\t\t\t\t\tdata-promo-id=\"240038\"\t\t\t\t\t\t\t\t\t\t\t\t\t\t\talt=\"\"\n\t\t\t\t>\n\t\t\t<\/picture>\n\t\t<\/a>\n\t<\/p>\n\n\n\n\n\n\n\n<p>Segundo a casa, est\u00e1 &#8220;cada vez mais claro que o cen\u00e1rio para a queda dos juros est\u00e1 bem encaminhado&#8221; &#8211; aumentando expectativas de que a <strong>Taxa Selic <\/strong>enfim, deixe o patamar atual de 13,75%. <\/p>\n\n\n\n<p>&#8220;Levando em conta as surpresas positivas verificadas nos dados correntes de infla\u00e7\u00e3o, o principal \u201centrave\u201d para o <strong><a href=\"https:\/\/www.bcb.gov.br\/\" target=\"_blank\" rel=\"noreferrer noopener\">Banco Central<\/a><\/strong> seria o fato de as expectativas do Focus de 2024 e de mais <a class=\"suno-keyword\" data-force=\"no\" data-priority=\"1\" href=\"https:\/\/www.suno.com.br\/artigos\/longo-prazo\/\" target=\"_blank\" rel=\"noopener\">longo prazo<\/a> seguirem desacordadas da meta. No entanto, como explicitado acima, a partir de junho j\u00e1 passamos a verificar algum ajuste em dire\u00e7\u00e3o \u00e0 converg\u00eancia nas expectativas para estes per\u00edodos&#8221;, diz a Guide.<\/p>\n\n\n\n<p>&#8220;O <strong><a href=\"https:\/\/www.suno.com.br\/noticias\/galipolo-copom-bc-linguagem-evm\/\" target=\"_blank\" rel=\"noreferrer noopener\">Copom<\/a><\/strong> tem dado grande peso a esse fator (queda das expectativas) como condicional para iniciar o ciclo de cortes da Selic e, portanto, entendemos que a decis\u00e3o da <a class=\"suno-keyword\" data-force=\"no\" data-priority=\"1\" href=\"https:\/\/www.suno.com.br\/artigos\/meta-de-inflacao\/\" target=\"_blank\" rel=\"noopener\">meta de <\/a><strong><a class=\"suno-keyword\" data-force=\"no\" data-priority=\"1\" href=\"https:\/\/www.suno.com.br\/artigos\/meta-de-inflacao\/\" target=\"_blank\" rel=\"noopener\">infla\u00e7\u00e3o<\/a> <\/strong>foi um divisor de \u00e1guas nesse sentido, impulsionando o movimento de ajuste das expectativas ao confirmar uma meta de 3,0% no longo prazo&#8221;, acrescenta.<\/p>\n\n\n\n<p>Com isso, a proje\u00e7\u00e3o dos analistas \u00e9 de que o corte de setembro seja de 0,25 ponto percentual (p.p.), ante uma proje\u00e7\u00e3o anterior de 0,5 p.p.<\/p>\n\n\n\n<p>&#8220;Tendo em vista que o reajuste \u00e9 marginal, nossa proje\u00e7\u00e3o de Selic terminal no ano tamb\u00e9m \u00e9 residual: de 12,25% para 12,00%&#8221;, conclui a Guide.<\/p>\n\n\n\t<p>\n\t\t<a href=\"https:\/\/lp.suno.com.br\/ebook-gratuito-investindo-no-exterior\/\" target=\"_blank\" data-element=\"shortcode-suno-banner\" title=\"Banner SUNO, clique e saiba mais\">\n\t\t\t<picture>\n\t\t\t\t<source media=\"(max-width: 500px)\" srcset=\"https:\/\/files.sunoresearch.com.br\/n\/uploads\/2023\/03\/400x300-Investindo-no-exterior.png\">\n\t\t\t\t<img class=\"newsContent__article__imgCapa newsContent__article__imgCapa--banner\"\n\t\t\t\t\tsrc=\"https:\/\/files.sunoresearch.com.br\/n\/uploads\/2023\/03\/1420x240-Investindo-no-exterior.png\"\n\t\t\t\t\tdata-promo-id=\"383161\"\t\t\t\t\t\t\t\t\t\twidth='1420' height='240'\t\t\t\t\talt=\"https:\/\/files.sunoresearch.com.br\/n\/uploads\/2023\/03\/1420x240-Investindo-no-exterior.png\"\n\t\t\t\t>\n\t\t\t<\/picture>\n\t\t<\/a>\n\t<\/p>\n\n\n\n\n\n<h2 class=\"wp-block-heading\">Selic menor, recomenda\u00e7\u00f5es diferentes<\/h2>\n\n\n\n<p>Segundo a Guide, levando o cen\u00e1rio projetado, a melhor op\u00e7\u00e3o do momento \u00e9 de alongar a carteira de <strong><a href=\"https:\/\/www.suno.com.br\/noticias\/renda-fixa-em-dolar-como-investir\/\" target=\"_blank\" rel=\"noreferrer noopener\">renda fixa<\/a><\/strong> com opera\u00e7\u00f5es pr\u00e9-fixadas.<\/p>\n\n\n\n<p>&#8220;O mercado j\u00e1 come\u00e7ou a antecipar a expectativa de queda de juros, e os papeis pr\u00e9-fixados e os \u201ch\u00edbridos\u201d (IPCA) s\u00e3o os que mais est\u00e3o se beneficiando desse cen\u00e1rio, especialmente os de duration mais longo. Dessa forma, reiteramos nossa recomenda\u00e7\u00e3o dessa classe. Nos \u00faltimos meses essa aloca\u00e7\u00e3o tem mostrado resultado e com a queda da Selic ficando cada vez mais evidente, ela tende a continuar gerando ganhos&#8221;, diz a casa.<\/p>\n\n\n<div class=\"wp-block-image\">\n<figure class=\"aligncenter size-large\"><img loading=\"lazy\" decoding=\"async\" width=\"1024\" height=\"475\" src=\"https:\/\/files.sunoresearch.com.br\/n\/uploads\/2023\/07\/recomendacao-guide-1024x475.jpg\" alt=\"Recomenda\u00e7\u00f5es da Guide de renda fixa, tendo em vista proje\u00e7\u00f5es da Selic - Foto: Reprodu\u00e7\u00e3o\" class=\"wp-image-429668\" srcset=\"https:\/\/files.sunoresearch.com.br\/n\/uploads\/2023\/07\/recomendacao-guide-1024x475.jpg 1024w, https:\/\/files.sunoresearch.com.br\/n\/uploads\/2023\/07\/recomendacao-guide-300x139.jpg 300w, https:\/\/files.sunoresearch.com.br\/n\/uploads\/2023\/07\/recomendacao-guide-768x356.jpg 768w, https:\/\/files.sunoresearch.com.br\/n\/uploads\/2023\/07\/recomendacao-guide-150x70.jpg 150w, https:\/\/files.sunoresearch.com.br\/n\/uploads\/2023\/07\/recomendacao-guide.jpg 1068w\" sizes=\"(max-width: 1024px) 100vw, 1024px\" \/><figcaption class=\"wp-element-caption\">Recomenda\u00e7\u00f5es da Guide de renda fixa, tendo em vista proje\u00e7\u00f5es da Selic &#8211; Foto: Reprodu\u00e7\u00e3o<\/figcaption><\/figure><\/div>\n\n\n<p>&#8220;Contudo, com o mercado mais claramente precificando esse cen\u00e1rio exposto, as taxas ficam menos atrativas. Por isso, temos reiterado que a janela est\u00e1 se fechando para a classe&#8221;, conclui.<\/p>\n\n\n\n<p>Os especialistas destacam que o retorno em 24 meses \u00e9 bem menor quando se olha para o desempenho m\u00e9dio das classes em momentos posteriores \u00e0 primeira queda da <strong>Selic<\/strong>. &#8220;Enquanto o retorno desde a \u00faltima alta ia de 40% a 60% dependendo do per\u00edodo, os 2 anos posteriores \u00e0 primeira queda tem retornos bem menores, de 20% a 24% na m\u00e9dia para os pap\u00e9is do IRF-M 1+ e IMA-B 5+ respectivamente&#8221;, observam.<\/p>\n\n\n\t<p>\n\t\t<a href=\"https:\/\/lp.suno.com.br\/planilha-da-vida-financeira\/\" target=\"_blank\" data-element=\"shortcode-suno-banner\" title=\"Banner SUNO, clique e saiba mais\">\n\t\t\t<picture>\n\t\t\t\t<source media=\"(max-width: 500px)\" srcset=\"https:\/\/files.sunoresearch.com.br\/n\/uploads\/2023\/04\/400x300-Planilha-vida-financeira-true.png\">\n\t\t\t\t<img class=\"newsContent__article__imgCapa newsContent__article__imgCapa--banner\"\n\t\t\t\t\tsrc=\"https:\/\/files.sunoresearch.com.br\/n\/uploads\/2023\/04\/1420x240-Planilha-vida-financeira-true.png\"\n\t\t\t\t\tdata-promo-id=\"383123\"\t\t\t\t\t\t\t\t\t\twidth='1420' height='240'\t\t\t\t\talt=\"https:\/\/files.sunoresearch.com.br\/n\/uploads\/2023\/04\/1420x240-Planilha-vida-financeira-true.png\"\n\t\t\t\t>\n\t\t\t<\/picture>\n\t\t<\/a>\n\t<\/p>\n\n\n","protected":false},"excerpt":{"rendered":"<p>Especialistas da Guide, em novo relat\u00f3rio sobre renda fixa, destacaram expectativas de que a Selic sofra um corte na pr\u00f3xima reuni\u00e3o do Comit\u00ea de Pol\u00edtica Monet\u00e1ria (Copom) do Banco Central (BC). Quais melhores investimentos para \u201csurfar\u201d a queda da Selic? &#8211; Foto: iStock Segundo a casa, est\u00e1 &#8220;cada vez mais claro que o cen\u00e1rio para [&hellip;]<\/p>\n","protected":false},"author":73,"featured_media":408708,"comment_status":"closed","ping_status":"closed","sticky":false,"template":"","format":"standard","meta":[],"categories":[62],"tags":[105816,1752,290],"suno_strategy":[],"class_list":["post-429567","post","type-post","status-publish","format-standard","has-post-thumbnail","hentry","category-economia","tag-especialistas","tag-taxa-de-juros","tag-taxa-selic"],"yoast_head":"<!-- This site is optimized with the Yoast SEO plugin v24.4 - https:\/\/yoast.com\/wordpress\/plugins\/seo\/ -->\n<title>Corte da Selic vir\u00e1 em agosto ap\u00f3s &#039;surpresas positivas&#039;, diz Guide<\/title>\n<meta name=\"description\" content=\"Al\u00e9m dessa proje\u00e7\u00e3o, analistas fizeram uma redu\u00e7\u00e3o marginal na sua proje\u00e7\u00e3o para o fim de 2023, cortando a expectativa da Selic para 12%\" \/>\n<meta name=\"robots\" content=\"index, follow, max-snippet:-1, max-image-preview:large, max-video-preview:-1\" \/>\n<link rel=\"canonical\" href=\"https:\/\/www.suno.com.br\/noticias\/taxa-selic-corte-agosto-guide-evm\/\" \/>\n<meta property=\"og:locale\" content=\"pt_BR\" \/>\n<meta property=\"og:type\" content=\"article\" \/>\n<meta property=\"og:title\" content=\"Corte da Selic vir\u00e1 em agosto ap\u00f3s &#039;surpresas positivas&#039;, diz Guide\" \/>\n<meta property=\"og:description\" content=\"Al\u00e9m dessa proje\u00e7\u00e3o, analistas fizeram uma redu\u00e7\u00e3o marginal na sua proje\u00e7\u00e3o para o fim de 2023, cortando a expectativa da Selic para 12%\" \/>\n<meta property=\"og:url\" content=\"https:\/\/www.suno.com.br\/noticias\/taxa-selic-corte-agosto-guide-evm\/\" \/>\n<meta property=\"og:site_name\" content=\"Suno Not\u00edcias\" \/>\n<meta property=\"article:publisher\" content=\"https:\/\/facebook.com\/sunoresearch\" \/>\n<meta property=\"og:image\" content=\"https:\/\/files.sunoresearch.com.br\/n\/uploads\/2023\/05\/selic.jpg\" \/>\n\t<meta property=\"og:image:width\" content=\"1200\" \/>\n\t<meta property=\"og:image:height\" content=\"800\" \/>\n\t<meta property=\"og:image:type\" content=\"image\/jpeg\" \/>\n<meta name=\"author\" content=\"Eduardo Vargas\" \/>\n<meta name=\"twitter:card\" content=\"summary_large_image\" \/>\n<meta name=\"twitter:creator\" content=\"@sunoresearch\" \/>\n<meta name=\"twitter:site\" content=\"@sunoresearch\" \/>\n<meta name=\"twitter:label1\" content=\"Escrito por\" \/>\n\t<meta name=\"twitter:data1\" content=\"Eduardo Vargas\" \/>\n\t<meta name=\"twitter:label2\" content=\"Est. tempo de leitura\" \/>\n\t<meta name=\"twitter:data2\" content=\"3 minutos\" \/>\n<script type=\"application\/ld+json\" class=\"yoast-schema-graph\">{\"@context\":\"https:\/\/schema.org\",\"@graph\":[{\"@type\":\"NewsArticle\",\"@id\":\"https:\/\/www.suno.com.br\/noticias\/taxa-selic-corte-agosto-guide-evm\/#article\",\"isPartOf\":{\"@id\":\"https:\/\/www.suno.com.br\/noticias\/taxa-selic-corte-agosto-guide-evm\/\"},\"author\":{\"name\":\"Eduardo Vargas\",\"@id\":\"https:\/\/www.suno.com.br\/noticias\/#\/schema\/person\/7f4d362bf3518e76090143ae77bb49a5\"},\"headline\":\"Corte da Selic vir\u00e1 em agosto ap\u00f3s &#8216;surpresas positivas&#8217;, diz Guide\",\"datePublished\":\"2023-07-17T19:37:54+00:00\",\"dateModified\":\"2023-07-18T00:12:58+00:00\",\"mainEntityOfPage\":{\"@id\":\"https:\/\/www.suno.com.br\/noticias\/taxa-selic-corte-agosto-guide-evm\/\"},\"wordCount\":487,\"publisher\":{\"@id\":\"https:\/\/www.suno.com.br\/noticias\/#organization\"},\"image\":{\"@id\":\"https:\/\/www.suno.com.br\/noticias\/taxa-selic-corte-agosto-guide-evm\/#primaryimage\"},\"thumbnailUrl\":\"https:\/\/files.sunoresearch.com.br\/n\/uploads\/2023\/05\/selic.jpg\",\"keywords\":[\"Especialistas\",\"taxa de juros\",\"Taxa Selic\"],\"articleSection\":[\"Economia\"],\"inLanguage\":\"pt-BR\"},{\"@type\":\"WebPage\",\"@id\":\"https:\/\/www.suno.com.br\/noticias\/taxa-selic-corte-agosto-guide-evm\/\",\"url\":\"https:\/\/www.suno.com.br\/noticias\/taxa-selic-corte-agosto-guide-evm\/\",\"name\":\"Corte da Selic vir\u00e1 em agosto ap\u00f3s 'surpresas positivas', diz Guide\",\"isPartOf\":{\"@id\":\"https:\/\/www.suno.com.br\/noticias\/#website\"},\"primaryImageOfPage\":{\"@id\":\"https:\/\/www.suno.com.br\/noticias\/taxa-selic-corte-agosto-guide-evm\/#primaryimage\"},\"image\":{\"@id\":\"https:\/\/www.suno.com.br\/noticias\/taxa-selic-corte-agosto-guide-evm\/#primaryimage\"},\"thumbnailUrl\":\"https:\/\/files.sunoresearch.com.br\/n\/uploads\/2023\/05\/selic.jpg\",\"datePublished\":\"2023-07-17T19:37:54+00:00\",\"dateModified\":\"2023-07-18T00:12:58+00:00\",\"description\":\"Al\u00e9m dessa proje\u00e7\u00e3o, analistas fizeram uma redu\u00e7\u00e3o marginal na sua proje\u00e7\u00e3o para o fim de 2023, cortando a expectativa da Selic para 12%\",\"breadcrumb\":{\"@id\":\"https:\/\/www.suno.com.br\/noticias\/taxa-selic-corte-agosto-guide-evm\/#breadcrumb\"},\"inLanguage\":\"pt-BR\",\"potentialAction\":[{\"@type\":\"ReadAction\",\"target\":[\"https:\/\/www.suno.com.br\/noticias\/taxa-selic-corte-agosto-guide-evm\/\"]}]},{\"@type\":\"ImageObject\",\"inLanguage\":\"pt-BR\",\"@id\":\"https:\/\/www.suno.com.br\/noticias\/taxa-selic-corte-agosto-guide-evm\/#primaryimage\",\"url\":\"https:\/\/files.sunoresearch.com.br\/n\/uploads\/2023\/05\/selic.jpg\",\"contentUrl\":\"https:\/\/files.sunoresearch.com.br\/n\/uploads\/2023\/05\/selic.jpg\",\"width\":1200,\"height\":800,\"caption\":\"Quais melhores investimentos para \u201csurfar\u201d a queda da Selic? - Foto: iStock\"},{\"@type\":\"BreadcrumbList\",\"@id\":\"https:\/\/www.suno.com.br\/noticias\/taxa-selic-corte-agosto-guide-evm\/#breadcrumb\",\"itemListElement\":[{\"@type\":\"ListItem\",\"position\":1,\"name\":\"Not\u00edcias\",\"item\":\"https:\/\/www.suno.com.br\/noticias\/\"},{\"@type\":\"ListItem\",\"position\":2,\"name\":\"Economia\",\"item\":\"https:\/\/www.suno.com.br\/noticias\/economia\/\"},{\"@type\":\"ListItem\",\"position\":3,\"name\":\"Corte da Selic vir\u00e1 em agosto ap\u00f3s &#8216;surpresas positivas&#8217;, diz Guide\"}]},{\"@type\":\"WebSite\",\"@id\":\"https:\/\/www.suno.com.br\/noticias\/#website\",\"url\":\"https:\/\/www.suno.com.br\/noticias\/\",\"name\":\"Suno Not\u00edcias\",\"description\":\"Seu portal de informa\u00e7\u00e3o sobre o mundo dos investimentos\",\"publisher\":{\"@id\":\"https:\/\/www.suno.com.br\/noticias\/#organization\"},\"potentialAction\":[{\"@type\":\"SearchAction\",\"target\":{\"@type\":\"EntryPoint\",\"urlTemplate\":\"https:\/\/www.suno.com.br\/noticias\/?s={search_term_string}\"},\"query-input\":{\"@type\":\"PropertyValueSpecification\",\"valueRequired\":true,\"valueName\":\"search_term_string\"}}],\"inLanguage\":\"pt-BR\"},{\"@type\":\"Organization\",\"@id\":\"https:\/\/www.suno.com.br\/noticias\/#organization\",\"name\":\"Suno Not\u00edcias\",\"url\":\"https:\/\/www.suno.com.br\/noticias\/\",\"logo\":{\"@type\":\"ImageObject\",\"inLanguage\":\"pt-BR\",\"@id\":\"https:\/\/www.suno.com.br\/noticias\/#\/schema\/logo\/image\/\",\"url\":\"https:\/\/files.sunoresearch.com.br\/n\/uploads\/2021\/09\/suno-logo.png\",\"contentUrl\":\"https:\/\/files.sunoresearch.com.br\/n\/uploads\/2021\/09\/suno-logo.png\",\"width\":180,\"height\":180,\"caption\":\"Suno Not\u00edcias\"},\"image\":{\"@id\":\"https:\/\/www.suno.com.br\/noticias\/#\/schema\/logo\/image\/\"},\"sameAs\":[\"https:\/\/facebook.com\/sunoresearch\",\"https:\/\/x.com\/sunoresearch\",\"https:\/\/www.instagram.com\/suno\",\"https:\/\/www.linkedin.com\/company\/suno-research\/\",\"https:\/\/www.youtube.com\/c\/sunoresearch\"]},{\"@type\":\"Person\",\"@id\":\"https:\/\/www.suno.com.br\/noticias\/#\/schema\/person\/7f4d362bf3518e76090143ae77bb49a5\",\"name\":\"Eduardo Vargas\",\"image\":{\"@type\":\"ImageObject\",\"inLanguage\":\"pt-BR\",\"@id\":\"https:\/\/www.suno.com.br\/noticias\/#\/schema\/person\/image\/\",\"url\":\"https:\/\/secure.gravatar.com\/avatar\/dac340933427a22924c9f99d1eb2e3f2?s=96&r=g\",\"contentUrl\":\"https:\/\/secure.gravatar.com\/avatar\/dac340933427a22924c9f99d1eb2e3f2?s=96&r=g\",\"caption\":\"Eduardo Vargas\"},\"description\":\"Jornalista formado pela UFSC, cobre macroeconomia, neg\u00f3cios e startups para o Suno Not\u00edcias, escrevendo principalmente not\u00edcias sobre o mercado financeiro e a bolsa de valores. No YouTube e no Instagram, \u00e9 respons\u00e1vel pela produ\u00e7\u00e3o de Reels e Shorts do Suno Not\u00edcias. Anteriormente, trabalhou cobrindo economia e cotidiano no ND+ e para o ND, maior jornal impresso de Santa Catarina. Cursou um semestre letivo de Estudos de M\u00eddia na Universidad de Buenos Aires.\",\"url\":\"https:\/\/www.suno.com.br\/noticias\/author\/eduardo-vargas\/\"}]}<\/script>\n<!-- \/ Yoast SEO plugin. -->","yoast_head_json":{"title":"Corte da Selic vir\u00e1 em agosto ap\u00f3s 'surpresas positivas', diz Guide","description":"Al\u00e9m dessa proje\u00e7\u00e3o, analistas fizeram uma redu\u00e7\u00e3o marginal na sua proje\u00e7\u00e3o para o fim de 2023, cortando a expectativa da Selic para 12%","robots":{"index":"index","follow":"follow","max-snippet":"max-snippet:-1","max-image-preview":"max-image-preview:large","max-video-preview":"max-video-preview:-1"},"canonical":"https:\/\/www.suno.com.br\/noticias\/taxa-selic-corte-agosto-guide-evm\/","og_locale":"pt_BR","og_type":"article","og_title":"Corte da Selic vir\u00e1 em agosto ap\u00f3s 'surpresas positivas', diz Guide","og_description":"Al\u00e9m dessa proje\u00e7\u00e3o, analistas fizeram uma redu\u00e7\u00e3o marginal na sua proje\u00e7\u00e3o para o fim de 2023, cortando a expectativa da Selic para 12%","og_url":"https:\/\/www.suno.com.br\/noticias\/taxa-selic-corte-agosto-guide-evm\/","og_site_name":"Suno Not\u00edcias","article_publisher":"https:\/\/facebook.com\/sunoresearch","og_image":[{"width":1200,"height":800,"url":"https:\/\/files.sunoresearch.com.br\/n\/uploads\/2023\/05\/selic.jpg","type":"image\/jpeg"}],"author":"Eduardo Vargas","twitter_card":"summary_large_image","twitter_creator":"@sunoresearch","twitter_site":"@sunoresearch","twitter_misc":{"Escrito por":"Eduardo Vargas","Est. tempo de leitura":"3 minutos"},"schema":{"@context":"https:\/\/schema.org","@graph":[{"@type":"NewsArticle","@id":"https:\/\/www.suno.com.br\/noticias\/taxa-selic-corte-agosto-guide-evm\/#article","isPartOf":{"@id":"https:\/\/www.suno.com.br\/noticias\/taxa-selic-corte-agosto-guide-evm\/"},"author":{"name":"Eduardo Vargas","@id":"https:\/\/www.suno.com.br\/noticias\/#\/schema\/person\/7f4d362bf3518e76090143ae77bb49a5"},"headline":"Corte da Selic vir\u00e1 em agosto ap\u00f3s &#8216;surpresas positivas&#8217;, diz Guide","datePublished":"2023-07-17T19:37:54+00:00","dateModified":"2023-07-18T00:12:58+00:00","mainEntityOfPage":{"@id":"https:\/\/www.suno.com.br\/noticias\/taxa-selic-corte-agosto-guide-evm\/"},"wordCount":487,"publisher":{"@id":"https:\/\/www.suno.com.br\/noticias\/#organization"},"image":{"@id":"https:\/\/www.suno.com.br\/noticias\/taxa-selic-corte-agosto-guide-evm\/#primaryimage"},"thumbnailUrl":"https:\/\/files.sunoresearch.com.br\/n\/uploads\/2023\/05\/selic.jpg","keywords":["Especialistas","taxa de juros","Taxa Selic"],"articleSection":["Economia"],"inLanguage":"pt-BR"},{"@type":"WebPage","@id":"https:\/\/www.suno.com.br\/noticias\/taxa-selic-corte-agosto-guide-evm\/","url":"https:\/\/www.suno.com.br\/noticias\/taxa-selic-corte-agosto-guide-evm\/","name":"Corte da Selic vir\u00e1 em agosto ap\u00f3s 'surpresas positivas', diz Guide","isPartOf":{"@id":"https:\/\/www.suno.com.br\/noticias\/#website"},"primaryImageOfPage":{"@id":"https:\/\/www.suno.com.br\/noticias\/taxa-selic-corte-agosto-guide-evm\/#primaryimage"},"image":{"@id":"https:\/\/www.suno.com.br\/noticias\/taxa-selic-corte-agosto-guide-evm\/#primaryimage"},"thumbnailUrl":"https:\/\/files.sunoresearch.com.br\/n\/uploads\/2023\/05\/selic.jpg","datePublished":"2023-07-17T19:37:54+00:00","dateModified":"2023-07-18T00:12:58+00:00","description":"Al\u00e9m dessa proje\u00e7\u00e3o, analistas fizeram uma redu\u00e7\u00e3o marginal na sua proje\u00e7\u00e3o para o fim de 2023, cortando a expectativa da Selic para 12%","breadcrumb":{"@id":"https:\/\/www.suno.com.br\/noticias\/taxa-selic-corte-agosto-guide-evm\/#breadcrumb"},"inLanguage":"pt-BR","potentialAction":[{"@type":"ReadAction","target":["https:\/\/www.suno.com.br\/noticias\/taxa-selic-corte-agosto-guide-evm\/"]}]},{"@type":"ImageObject","inLanguage":"pt-BR","@id":"https:\/\/www.suno.com.br\/noticias\/taxa-selic-corte-agosto-guide-evm\/#primaryimage","url":"https:\/\/files.sunoresearch.com.br\/n\/uploads\/2023\/05\/selic.jpg","contentUrl":"https:\/\/files.sunoresearch.com.br\/n\/uploads\/2023\/05\/selic.jpg","width":1200,"height":800,"caption":"Quais melhores investimentos para \u201csurfar\u201d a queda da Selic? - Foto: iStock"},{"@type":"BreadcrumbList","@id":"https:\/\/www.suno.com.br\/noticias\/taxa-selic-corte-agosto-guide-evm\/#breadcrumb","itemListElement":[{"@type":"ListItem","position":1,"name":"Not\u00edcias","item":"https:\/\/www.suno.com.br\/noticias\/"},{"@type":"ListItem","position":2,"name":"Economia","item":"https:\/\/www.suno.com.br\/noticias\/economia\/"},{"@type":"ListItem","position":3,"name":"Corte da Selic vir\u00e1 em agosto ap\u00f3s &#8216;surpresas positivas&#8217;, diz Guide"}]},{"@type":"WebSite","@id":"https:\/\/www.suno.com.br\/noticias\/#website","url":"https:\/\/www.suno.com.br\/noticias\/","name":"Suno Not\u00edcias","description":"Seu portal de informa\u00e7\u00e3o sobre o mundo dos investimentos","publisher":{"@id":"https:\/\/www.suno.com.br\/noticias\/#organization"},"potentialAction":[{"@type":"SearchAction","target":{"@type":"EntryPoint","urlTemplate":"https:\/\/www.suno.com.br\/noticias\/?s={search_term_string}"},"query-input":{"@type":"PropertyValueSpecification","valueRequired":true,"valueName":"search_term_string"}}],"inLanguage":"pt-BR"},{"@type":"Organization","@id":"https:\/\/www.suno.com.br\/noticias\/#organization","name":"Suno Not\u00edcias","url":"https:\/\/www.suno.com.br\/noticias\/","logo":{"@type":"ImageObject","inLanguage":"pt-BR","@id":"https:\/\/www.suno.com.br\/noticias\/#\/schema\/logo\/image\/","url":"https:\/\/files.sunoresearch.com.br\/n\/uploads\/2021\/09\/suno-logo.png","contentUrl":"https:\/\/files.sunoresearch.com.br\/n\/uploads\/2021\/09\/suno-logo.png","width":180,"height":180,"caption":"Suno Not\u00edcias"},"image":{"@id":"https:\/\/www.suno.com.br\/noticias\/#\/schema\/logo\/image\/"},"sameAs":["https:\/\/facebook.com\/sunoresearch","https:\/\/x.com\/sunoresearch","https:\/\/www.instagram.com\/suno","https:\/\/www.linkedin.com\/company\/suno-research\/","https:\/\/www.youtube.com\/c\/sunoresearch"]},{"@type":"Person","@id":"https:\/\/www.suno.com.br\/noticias\/#\/schema\/person\/7f4d362bf3518e76090143ae77bb49a5","name":"Eduardo Vargas","image":{"@type":"ImageObject","inLanguage":"pt-BR","@id":"https:\/\/www.suno.com.br\/noticias\/#\/schema\/person\/image\/","url":"https:\/\/secure.gravatar.com\/avatar\/dac340933427a22924c9f99d1eb2e3f2?s=96&r=g","contentUrl":"https:\/\/secure.gravatar.com\/avatar\/dac340933427a22924c9f99d1eb2e3f2?s=96&r=g","caption":"Eduardo Vargas"},"description":"Jornalista formado pela UFSC, cobre macroeconomia, neg\u00f3cios e startups para o Suno Not\u00edcias, escrevendo principalmente not\u00edcias sobre o mercado financeiro e a bolsa de valores. No YouTube e no Instagram, \u00e9 respons\u00e1vel pela produ\u00e7\u00e3o de Reels e Shorts do Suno Not\u00edcias. Anteriormente, trabalhou cobrindo economia e cotidiano no ND+ e para o ND, maior jornal impresso de Santa Catarina. Cursou um semestre letivo de Estudos de M\u00eddia na Universidad de Buenos Aires.","url":"https:\/\/www.suno.com.br\/noticias\/author\/eduardo-vargas\/"}]}},"default_loop_html":"<div class=\"cardsPage__listCard__boxs\"><div class=\"cardsPage__listCard__boxs__img\"><a href=\"https:\/\/www.suno.com.br\/noticias\/taxa-selic-corte-agosto-guide-evm\/\"><img class=\"mask\" src=\"https:\/\/www.suno.com.br\/noticias\/wp-content\/themes\/suno\/resources\/images\/spotlight\/spotlight1img\/bg-mask.png\" alt=\"Image Mask\"\/><img src=\"https:\/\/files.sunoresearch.com.br\/n\/uploads\/2023\/05\/selic-400x200.jpg\" alt=\"Corte da Selic vir\u00e1 em agosto ap\u00f3s &#8216;surpresas positivas&#8217;, diz Guide\"\/><\/a><span class=\"spotlightCategory\"><a href=\"https:\/\/www.suno.com.br\/noticias\/economia\/\">Economia<\/a><\/span><\/div><div class=\"cardsPage__listCard__boxs__content\"><a href=\"https:\/\/www.suno.com.br\/noticias\/taxa-selic-corte-agosto-guide-evm\/\"><h2 class=\"content__title\">Corte da Selic vir\u00e1 em agosto ap\u00f3s &#8216;surpresas positivas&#8217;, diz Guide<\/h2><\/a><div class=\"newsContent__article__meta\"><div class=\"newsContent__article__meta__authorBox\"><a href=\"https:\/\/www.suno.com.br\/noticias\/author\/eduardo-vargas\/\" class=\"authorBox__avatar noMobi\"><img src=\"https:\/\/secure.gravatar.com\/avatar\/dac340933427a22924c9f99d1eb2e3f2?s=96&#038;r=g\" alt=\"Eduardo Vargas\"><\/a><div class=\"authorBox__name\"><span>por\n\t\t\t<a href=\"https:\/\/www.suno.com.br\/noticias\/author\/eduardo-vargas\/\"><span itemprop=\"author\">Eduardo Vargas<\/span><\/a><\/span><time datetime=\"2023-07-17T16:37:54-03:00\" itemprop=\"datePublished\">17\/07\/2023 16:37<\/time><\/div><\/div><\/div><\/div><\/div>","single_layout":"posts","amp_enabled":true,"_links":{"self":[{"href":"https:\/\/www.suno.com.br\/noticias\/wp-json\/wp\/v2\/posts\/429567"}],"collection":[{"href":"https:\/\/www.suno.com.br\/noticias\/wp-json\/wp\/v2\/posts"}],"about":[{"href":"https:\/\/www.suno.com.br\/noticias\/wp-json\/wp\/v2\/types\/post"}],"author":[{"embeddable":true,"href":"https:\/\/www.suno.com.br\/noticias\/wp-json\/wp\/v2\/users\/73"}],"replies":[{"embeddable":true,"href":"https:\/\/www.suno.com.br\/noticias\/wp-json\/wp\/v2\/comments?post=429567"}],"version-history":[{"count":3,"href":"https:\/\/www.suno.com.br\/noticias\/wp-json\/wp\/v2\/posts\/429567\/revisions"}],"predecessor-version":[{"id":429839,"href":"https:\/\/www.suno.com.br\/noticias\/wp-json\/wp\/v2\/posts\/429567\/revisions\/429839"}],"wp:featuredmedia":[{"embeddable":true,"href":"https:\/\/www.suno.com.br\/noticias\/wp-json\/wp\/v2\/media\/408708"}],"wp:attachment":[{"href":"https:\/\/www.suno.com.br\/noticias\/wp-json\/wp\/v2\/media?parent=429567"}],"wp:term":[{"taxonomy":"category","embeddable":true,"href":"https:\/\/www.suno.com.br\/noticias\/wp-json\/wp\/v2\/categories?post=429567"},{"taxonomy":"post_tag","embeddable":true,"href":"https:\/\/www.suno.com.br\/noticias\/wp-json\/wp\/v2\/tags?post=429567"},{"taxonomy":"suno_strategy","embeddable":true,"href":"https:\/\/www.suno.com.br\/noticias\/wp-json\/wp\/v2\/suno_strategy?post=429567"}],"curies":[{"name":"wp","href":"https:\/\/api.w.org\/{rel}","templated":true}]}}