{"id":428904,"date":"2023-07-14T12:20:53","date_gmt":"2023-07-14T15:20:53","guid":{"rendered":"https:\/\/www.suno.com.br\/noticias\/?p=428904"},"modified":"2023-07-14T12:20:57","modified_gmt":"2023-07-14T15:20:57","slug":"varejo-ibge-maio-atividades-caem-evm","status":"publish","type":"post","link":"https:\/\/www.suno.com.br\/noticias\/varejo-ibge-maio-atividades-caem-evm\/","title":{"rendered":"Varejo: Quatro entre oito atividades caem em maio, afirma IBGE"},"content":{"rendered":"<p>Quatro das oito atividades que integram o <strong>varejo<\/strong> registraram recuos em maio de 2023 ante maio de 2022. Os dados s\u00e3o da Pesquisa Mensal de Com\u00e9rcio divulgados nesta sexta-feira pelo <a href=\"https:\/\/www.ibge.gov.br\/\" target=\"_blank\" rel=\"noreferrer noopener\">Instituto Brasileiro de Geografia e Estat\u00edstica (IBGE)<\/a>. <\/p>\t<div class=\"wrapper-featured-image\">\n\t\t<figure class=\"spotlightImg\">\n\n\t\t\t<picture>\n\t\t\t\t<source media=\"(max-width: 768px)\" srcset=\"https:\/\/files.sunoresearch.com.br\/n\/uploads\/2023\/05\/varejo-mercado-comprar-400x200.jpg\">\n\t\t\t\t<img loading=\"lazy\" decoding=\"async\" class=\"newsContent__article__imgCapa lazyloadDisabled \" src=\"https:\/\/files.sunoresearch.com.br\/n\/uploads\/2023\/05\/varejo-mercado-comprar-800x450.jpg\" width=\"800\" height=\"450\" alt=\"Varejo: Quatro entre oito atividades caem em maio, afirma IBGE\" fetchpriority=high \/>\n\t\t\t<\/picture>\n\n\t\t\t<figcaption class=\"wp-caption-text wp-caption-text--show\">Assa\u00ed (ASAI3). Foto: iStock<\/figcaption>\n\t\t<\/figure>\n\t<\/div>\n\n\n\n\n\n\t<p>\n\t\t<a href=\"\" target=\"_blank\" data-element=\"shortcode-suno-banner\" title=\"Banner SUNO, clique e saiba mais\">\n\t\t\t<picture>\n\t\t\t\t<source media=\"(max-width: 500px)\" srcset=\"\">\n\t\t\t\t<img class=\"newsContent__article__imgCapa newsContent__article__imgCapa--banner\"\n\t\t\t\t\tsrc=\"\"\n\t\t\t\t\tdata-promo-id=\"240038\"\t\t\t\t\t\t\t\t\t\t\t\t\t\t\talt=\"\"\n\t\t\t\t>\n\t\t\t<\/picture>\n\t\t<\/a>\n\t<\/p>\n\n\n\n\n\n\n\n<p>Segundo os dados, na m\u00e9dia global, o <strong>com\u00e9rcio varejista <\/strong>teve uma retra\u00e7\u00e3o de 1,0%.<\/p>\n\n\n\n<p>Houve perdas em Tecidos, vestu\u00e1rio e cal\u00e7ados (-18,2%), Outros artigos de uso pessoal e dom\u00e9stico (-17,4%), Livros, jornais, revistas e papelaria (-6,7%) e Equipamentos e material para escrit\u00f3rio inform\u00e1tica e comunica\u00e7\u00e3o (-4,9%).<\/p>\n\n\n\n<p>Os quatro setores com avan\u00e7os foram <a href=\"https:\/\/www.suno.com.br\/noticias\/petrobras-petr4-reajustes-estrategia-precos-combustiveisitau-bba\/\" target=\"_blank\" rel=\"noreferrer noopener\">Combust\u00edveis e lubrificantes (10,8%)<\/a>, Artigos farmac\u00eauticos, m\u00e9dicos, ortop\u00e9dicos e de perfumaria (7,6%), Hipermercados, supermercados, produtos aliment\u00edcios, bebidas e fumo (1,5%) e M\u00f3veis e eletrodom\u00e9sticos (0,3%).<\/p>\n\n\n\n<p>No <strong><a href=\"https:\/\/www.suno.com.br\/noticias\/varejo-nova-regra-importados-evm\/\" target=\"_blank\" rel=\"noreferrer noopener\">varejo ampliado <\/a><\/strong>&#8211; que inclui os segmentos de ve\u00edculos, material de constru\u00e7\u00e3o e atacado aliment\u00edcio -, as vendas subiram 3,0% em maio de 2023 ante maio do ano anterior. <\/p>\n\n\n\n<p>O volume vendido por Ve\u00edculos, motos, partes e pe\u00e7as subiu 1,6% em rela\u00e7\u00e3o a maio de 2022, Material de Constru\u00e7\u00e3o teve recuo de 2,0%, e Atacado de produtos aliment\u00edcios, bebidas e fumo cresceu 18,1%.<\/p>\n\n\n\n<p>Com Estad\u00e3o Conte\u00fado<\/p>\n\n\n\t<p>\n\t\t<a href=\"https:\/\/lp.suno.com.br\/ebook-gratuito-investindo-no-exterior\/\" target=\"_blank\" data-element=\"shortcode-suno-banner\" title=\"Banner SUNO, clique e saiba mais\">\n\t\t\t<picture>\n\t\t\t\t<source media=\"(max-width: 500px)\" srcset=\"https:\/\/files.sunoresearch.com.br\/n\/uploads\/2023\/03\/400x300-Investindo-no-exterior.png\">\n\t\t\t\t<img class=\"newsContent__article__imgCapa newsContent__article__imgCapa--banner\"\n\t\t\t\t\tsrc=\"https:\/\/files.sunoresearch.com.br\/n\/uploads\/2023\/03\/1420x240-Investindo-no-exterior.png\"\n\t\t\t\t\tdata-promo-id=\"383161\"\t\t\t\t\t\t\t\t\t\twidth='1420' height='240'\t\t\t\t\talt=\"https:\/\/files.sunoresearch.com.br\/n\/uploads\/2023\/03\/1420x240-Investindo-no-exterior.png\"\n\t\t\t\t>\n\t\t\t<\/picture>\n\t\t<\/a>\n\t<\/p>\n\n\n","protected":false},"excerpt":{"rendered":"<p>Quatro das oito atividades que integram o varejo registraram recuos em maio de 2023 ante maio de 2022. Os dados s\u00e3o da Pesquisa Mensal de Com\u00e9rcio divulgados nesta sexta-feira pelo Instituto Brasileiro de Geografia e Estat\u00edstica (IBGE). Assa\u00ed (ASAI3). Foto: iStock Segundo os dados, na m\u00e9dia global, o com\u00e9rcio varejista teve uma retra\u00e7\u00e3o de 1,0%. [&hellip;]<\/p>\n","protected":false},"author":73,"featured_media":401430,"comment_status":"closed","ping_status":"closed","sticky":false,"template":"","format":"standard","meta":[],"categories":[62],"tags":[106444,803],"suno_strategy":[],"class_list":["post-428904","post","type-post","status-publish","format-standard","has-post-thumbnail","hentry","category-economia","tag-agencias","tag-varejo"],"yoast_head":"<!-- This site is optimized with the Yoast SEO plugin v24.4 - https:\/\/yoast.com\/wordpress\/plugins\/seo\/ -->\n<title>Varejo: Quatro entre oito atividades caem em maio, afirma IBGE<\/title>\n<meta name=\"description\" content=\"No varejo ampliado - que inclui os segmentos de ve\u00edculos e ourtos-, as vendas subiram 3,0% em maio de 2023 ante maio do ano anterior\" \/>\n<meta name=\"robots\" content=\"index, follow, max-snippet:-1, max-image-preview:large, max-video-preview:-1\" \/>\n<link rel=\"canonical\" href=\"https:\/\/www.suno.com.br\/noticias\/varejo-ibge-maio-atividades-caem-evm\/\" \/>\n<meta property=\"og:locale\" content=\"pt_BR\" \/>\n<meta property=\"og:type\" content=\"article\" \/>\n<meta property=\"og:title\" content=\"Varejo: Quatro entre oito atividades caem em maio, afirma IBGE\" \/>\n<meta property=\"og:description\" content=\"No varejo ampliado - que inclui os segmentos de ve\u00edculos e ourtos-, as vendas subiram 3,0% em maio de 2023 ante maio do ano anterior\" \/>\n<meta property=\"og:url\" content=\"https:\/\/www.suno.com.br\/noticias\/varejo-ibge-maio-atividades-caem-evm\/\" \/>\n<meta property=\"og:site_name\" content=\"Suno Not\u00edcias\" \/>\n<meta property=\"article:publisher\" content=\"https:\/\/facebook.com\/sunoresearch\" \/>\n<meta property=\"og:image\" content=\"https:\/\/files.sunoresearch.com.br\/n\/uploads\/2023\/05\/varejo-mercado-comprar.jpg\" \/>\n\t<meta property=\"og:image:width\" content=\"1200\" \/>\n\t<meta property=\"og:image:height\" content=\"800\" \/>\n\t<meta property=\"og:image:type\" content=\"image\/jpeg\" \/>\n<meta name=\"author\" content=\"Eduardo Vargas\" \/>\n<meta name=\"twitter:card\" content=\"summary_large_image\" \/>\n<meta name=\"twitter:creator\" content=\"@sunoresearch\" \/>\n<meta name=\"twitter:site\" content=\"@sunoresearch\" \/>\n<meta name=\"twitter:label1\" content=\"Escrito por\" \/>\n\t<meta name=\"twitter:data1\" content=\"Eduardo Vargas\" \/>\n\t<meta name=\"twitter:label2\" content=\"Est. tempo de leitura\" \/>\n\t<meta name=\"twitter:data2\" content=\"2 minutos\" \/>\n<script type=\"application\/ld+json\" class=\"yoast-schema-graph\">{\"@context\":\"https:\/\/schema.org\",\"@graph\":[{\"@type\":\"NewsArticle\",\"@id\":\"https:\/\/www.suno.com.br\/noticias\/varejo-ibge-maio-atividades-caem-evm\/#article\",\"isPartOf\":{\"@id\":\"https:\/\/www.suno.com.br\/noticias\/varejo-ibge-maio-atividades-caem-evm\/\"},\"author\":{\"name\":\"Eduardo Vargas\",\"@id\":\"https:\/\/www.suno.com.br\/noticias\/#\/schema\/person\/7f4d362bf3518e76090143ae77bb49a5\"},\"headline\":\"Varejo: Quatro entre oito atividades caem em maio, afirma IBGE\",\"datePublished\":\"2023-07-14T15:20:53+00:00\",\"dateModified\":\"2023-07-14T15:20:57+00:00\",\"mainEntityOfPage\":{\"@id\":\"https:\/\/www.suno.com.br\/noticias\/varejo-ibge-maio-atividades-caem-evm\/\"},\"wordCount\":214,\"publisher\":{\"@id\":\"https:\/\/www.suno.com.br\/noticias\/#organization\"},\"image\":{\"@id\":\"https:\/\/www.suno.com.br\/noticias\/varejo-ibge-maio-atividades-caem-evm\/#primaryimage\"},\"thumbnailUrl\":\"https:\/\/files.sunoresearch.com.br\/n\/uploads\/2023\/05\/varejo-mercado-comprar.jpg\",\"keywords\":[\"Ag\u00eancias\",\"varejo\"],\"articleSection\":[\"Economia\"],\"inLanguage\":\"pt-BR\"},{\"@type\":\"WebPage\",\"@id\":\"https:\/\/www.suno.com.br\/noticias\/varejo-ibge-maio-atividades-caem-evm\/\",\"url\":\"https:\/\/www.suno.com.br\/noticias\/varejo-ibge-maio-atividades-caem-evm\/\",\"name\":\"Varejo: Quatro entre oito atividades caem em maio, afirma IBGE\",\"isPartOf\":{\"@id\":\"https:\/\/www.suno.com.br\/noticias\/#website\"},\"primaryImageOfPage\":{\"@id\":\"https:\/\/www.suno.com.br\/noticias\/varejo-ibge-maio-atividades-caem-evm\/#primaryimage\"},\"image\":{\"@id\":\"https:\/\/www.suno.com.br\/noticias\/varejo-ibge-maio-atividades-caem-evm\/#primaryimage\"},\"thumbnailUrl\":\"https:\/\/files.sunoresearch.com.br\/n\/uploads\/2023\/05\/varejo-mercado-comprar.jpg\",\"datePublished\":\"2023-07-14T15:20:53+00:00\",\"dateModified\":\"2023-07-14T15:20:57+00:00\",\"description\":\"No varejo ampliado - que inclui os segmentos de ve\u00edculos e ourtos-, as vendas subiram 3,0% em maio de 2023 ante maio do ano anterior\",\"breadcrumb\":{\"@id\":\"https:\/\/www.suno.com.br\/noticias\/varejo-ibge-maio-atividades-caem-evm\/#breadcrumb\"},\"inLanguage\":\"pt-BR\",\"potentialAction\":[{\"@type\":\"ReadAction\",\"target\":[\"https:\/\/www.suno.com.br\/noticias\/varejo-ibge-maio-atividades-caem-evm\/\"]}]},{\"@type\":\"ImageObject\",\"inLanguage\":\"pt-BR\",\"@id\":\"https:\/\/www.suno.com.br\/noticias\/varejo-ibge-maio-atividades-caem-evm\/#primaryimage\",\"url\":\"https:\/\/files.sunoresearch.com.br\/n\/uploads\/2023\/05\/varejo-mercado-comprar.jpg\",\"contentUrl\":\"https:\/\/files.sunoresearch.com.br\/n\/uploads\/2023\/05\/varejo-mercado-comprar.jpg\",\"width\":1200,\"height\":800,\"caption\":\"Assa\u00ed (ASAI3). Foto: iStock\"},{\"@type\":\"BreadcrumbList\",\"@id\":\"https:\/\/www.suno.com.br\/noticias\/varejo-ibge-maio-atividades-caem-evm\/#breadcrumb\",\"itemListElement\":[{\"@type\":\"ListItem\",\"position\":1,\"name\":\"Not\u00edcias\",\"item\":\"https:\/\/www.suno.com.br\/noticias\/\"},{\"@type\":\"ListItem\",\"position\":2,\"name\":\"Economia\",\"item\":\"https:\/\/www.suno.com.br\/noticias\/economia\/\"},{\"@type\":\"ListItem\",\"position\":3,\"name\":\"Varejo: Quatro entre oito atividades caem em maio, afirma IBGE\"}]},{\"@type\":\"WebSite\",\"@id\":\"https:\/\/www.suno.com.br\/noticias\/#website\",\"url\":\"https:\/\/www.suno.com.br\/noticias\/\",\"name\":\"Suno Not\u00edcias\",\"description\":\"Seu portal de informa\u00e7\u00e3o sobre o mundo dos investimentos\",\"publisher\":{\"@id\":\"https:\/\/www.suno.com.br\/noticias\/#organization\"},\"potentialAction\":[{\"@type\":\"SearchAction\",\"target\":{\"@type\":\"EntryPoint\",\"urlTemplate\":\"https:\/\/www.suno.com.br\/noticias\/?s={search_term_string}\"},\"query-input\":{\"@type\":\"PropertyValueSpecification\",\"valueRequired\":true,\"valueName\":\"search_term_string\"}}],\"inLanguage\":\"pt-BR\"},{\"@type\":\"Organization\",\"@id\":\"https:\/\/www.suno.com.br\/noticias\/#organization\",\"name\":\"Suno Not\u00edcias\",\"url\":\"https:\/\/www.suno.com.br\/noticias\/\",\"logo\":{\"@type\":\"ImageObject\",\"inLanguage\":\"pt-BR\",\"@id\":\"https:\/\/www.suno.com.br\/noticias\/#\/schema\/logo\/image\/\",\"url\":\"https:\/\/files.sunoresearch.com.br\/n\/uploads\/2021\/09\/suno-logo.png\",\"contentUrl\":\"https:\/\/files.sunoresearch.com.br\/n\/uploads\/2021\/09\/suno-logo.png\",\"width\":180,\"height\":180,\"caption\":\"Suno Not\u00edcias\"},\"image\":{\"@id\":\"https:\/\/www.suno.com.br\/noticias\/#\/schema\/logo\/image\/\"},\"sameAs\":[\"https:\/\/facebook.com\/sunoresearch\",\"https:\/\/x.com\/sunoresearch\",\"https:\/\/www.instagram.com\/suno\",\"https:\/\/www.linkedin.com\/company\/suno-research\/\",\"https:\/\/www.youtube.com\/c\/sunoresearch\"]},{\"@type\":\"Person\",\"@id\":\"https:\/\/www.suno.com.br\/noticias\/#\/schema\/person\/7f4d362bf3518e76090143ae77bb49a5\",\"name\":\"Eduardo Vargas\",\"image\":{\"@type\":\"ImageObject\",\"inLanguage\":\"pt-BR\",\"@id\":\"https:\/\/www.suno.com.br\/noticias\/#\/schema\/person\/image\/\",\"url\":\"https:\/\/secure.gravatar.com\/avatar\/dac340933427a22924c9f99d1eb2e3f2?s=96&r=g\",\"contentUrl\":\"https:\/\/secure.gravatar.com\/avatar\/dac340933427a22924c9f99d1eb2e3f2?s=96&r=g\",\"caption\":\"Eduardo Vargas\"},\"description\":\"Jornalista formado pela UFSC, cobre macroeconomia, neg\u00f3cios e startups para o Suno Not\u00edcias, escrevendo principalmente not\u00edcias sobre o mercado financeiro e a bolsa de valores. No YouTube e no Instagram, \u00e9 respons\u00e1vel pela produ\u00e7\u00e3o de Reels e Shorts do Suno Not\u00edcias. Anteriormente, trabalhou cobrindo economia e cotidiano no ND+ e para o ND, maior jornal impresso de Santa Catarina. Cursou um semestre letivo de Estudos de M\u00eddia na Universidad de Buenos Aires.\",\"url\":\"https:\/\/www.suno.com.br\/noticias\/author\/eduardo-vargas\/\"}]}<\/script>\n<!-- \/ Yoast SEO plugin. -->","yoast_head_json":{"title":"Varejo: Quatro entre oito atividades caem em maio, afirma IBGE","description":"No varejo ampliado - que inclui os segmentos de ve\u00edculos e ourtos-, as vendas subiram 3,0% em maio de 2023 ante maio do ano anterior","robots":{"index":"index","follow":"follow","max-snippet":"max-snippet:-1","max-image-preview":"max-image-preview:large","max-video-preview":"max-video-preview:-1"},"canonical":"https:\/\/www.suno.com.br\/noticias\/varejo-ibge-maio-atividades-caem-evm\/","og_locale":"pt_BR","og_type":"article","og_title":"Varejo: Quatro entre oito atividades caem em maio, afirma IBGE","og_description":"No varejo ampliado - que inclui os segmentos de ve\u00edculos e ourtos-, as vendas subiram 3,0% em maio de 2023 ante maio do ano anterior","og_url":"https:\/\/www.suno.com.br\/noticias\/varejo-ibge-maio-atividades-caem-evm\/","og_site_name":"Suno Not\u00edcias","article_publisher":"https:\/\/facebook.com\/sunoresearch","og_image":[{"width":1200,"height":800,"url":"https:\/\/files.sunoresearch.com.br\/n\/uploads\/2023\/05\/varejo-mercado-comprar.jpg","type":"image\/jpeg"}],"author":"Eduardo Vargas","twitter_card":"summary_large_image","twitter_creator":"@sunoresearch","twitter_site":"@sunoresearch","twitter_misc":{"Escrito por":"Eduardo Vargas","Est. tempo de leitura":"2 minutos"},"schema":{"@context":"https:\/\/schema.org","@graph":[{"@type":"NewsArticle","@id":"https:\/\/www.suno.com.br\/noticias\/varejo-ibge-maio-atividades-caem-evm\/#article","isPartOf":{"@id":"https:\/\/www.suno.com.br\/noticias\/varejo-ibge-maio-atividades-caem-evm\/"},"author":{"name":"Eduardo Vargas","@id":"https:\/\/www.suno.com.br\/noticias\/#\/schema\/person\/7f4d362bf3518e76090143ae77bb49a5"},"headline":"Varejo: Quatro entre oito atividades caem em maio, afirma IBGE","datePublished":"2023-07-14T15:20:53+00:00","dateModified":"2023-07-14T15:20:57+00:00","mainEntityOfPage":{"@id":"https:\/\/www.suno.com.br\/noticias\/varejo-ibge-maio-atividades-caem-evm\/"},"wordCount":214,"publisher":{"@id":"https:\/\/www.suno.com.br\/noticias\/#organization"},"image":{"@id":"https:\/\/www.suno.com.br\/noticias\/varejo-ibge-maio-atividades-caem-evm\/#primaryimage"},"thumbnailUrl":"https:\/\/files.sunoresearch.com.br\/n\/uploads\/2023\/05\/varejo-mercado-comprar.jpg","keywords":["Ag\u00eancias","varejo"],"articleSection":["Economia"],"inLanguage":"pt-BR"},{"@type":"WebPage","@id":"https:\/\/www.suno.com.br\/noticias\/varejo-ibge-maio-atividades-caem-evm\/","url":"https:\/\/www.suno.com.br\/noticias\/varejo-ibge-maio-atividades-caem-evm\/","name":"Varejo: Quatro entre oito atividades caem em maio, afirma IBGE","isPartOf":{"@id":"https:\/\/www.suno.com.br\/noticias\/#website"},"primaryImageOfPage":{"@id":"https:\/\/www.suno.com.br\/noticias\/varejo-ibge-maio-atividades-caem-evm\/#primaryimage"},"image":{"@id":"https:\/\/www.suno.com.br\/noticias\/varejo-ibge-maio-atividades-caem-evm\/#primaryimage"},"thumbnailUrl":"https:\/\/files.sunoresearch.com.br\/n\/uploads\/2023\/05\/varejo-mercado-comprar.jpg","datePublished":"2023-07-14T15:20:53+00:00","dateModified":"2023-07-14T15:20:57+00:00","description":"No varejo ampliado - que inclui os segmentos de ve\u00edculos e ourtos-, as vendas subiram 3,0% em maio de 2023 ante maio do ano anterior","breadcrumb":{"@id":"https:\/\/www.suno.com.br\/noticias\/varejo-ibge-maio-atividades-caem-evm\/#breadcrumb"},"inLanguage":"pt-BR","potentialAction":[{"@type":"ReadAction","target":["https:\/\/www.suno.com.br\/noticias\/varejo-ibge-maio-atividades-caem-evm\/"]}]},{"@type":"ImageObject","inLanguage":"pt-BR","@id":"https:\/\/www.suno.com.br\/noticias\/varejo-ibge-maio-atividades-caem-evm\/#primaryimage","url":"https:\/\/files.sunoresearch.com.br\/n\/uploads\/2023\/05\/varejo-mercado-comprar.jpg","contentUrl":"https:\/\/files.sunoresearch.com.br\/n\/uploads\/2023\/05\/varejo-mercado-comprar.jpg","width":1200,"height":800,"caption":"Assa\u00ed (ASAI3). Foto: iStock"},{"@type":"BreadcrumbList","@id":"https:\/\/www.suno.com.br\/noticias\/varejo-ibge-maio-atividades-caem-evm\/#breadcrumb","itemListElement":[{"@type":"ListItem","position":1,"name":"Not\u00edcias","item":"https:\/\/www.suno.com.br\/noticias\/"},{"@type":"ListItem","position":2,"name":"Economia","item":"https:\/\/www.suno.com.br\/noticias\/economia\/"},{"@type":"ListItem","position":3,"name":"Varejo: Quatro entre oito atividades caem em maio, afirma IBGE"}]},{"@type":"WebSite","@id":"https:\/\/www.suno.com.br\/noticias\/#website","url":"https:\/\/www.suno.com.br\/noticias\/","name":"Suno Not\u00edcias","description":"Seu portal de informa\u00e7\u00e3o sobre o mundo dos investimentos","publisher":{"@id":"https:\/\/www.suno.com.br\/noticias\/#organization"},"potentialAction":[{"@type":"SearchAction","target":{"@type":"EntryPoint","urlTemplate":"https:\/\/www.suno.com.br\/noticias\/?s={search_term_string}"},"query-input":{"@type":"PropertyValueSpecification","valueRequired":true,"valueName":"search_term_string"}}],"inLanguage":"pt-BR"},{"@type":"Organization","@id":"https:\/\/www.suno.com.br\/noticias\/#organization","name":"Suno Not\u00edcias","url":"https:\/\/www.suno.com.br\/noticias\/","logo":{"@type":"ImageObject","inLanguage":"pt-BR","@id":"https:\/\/www.suno.com.br\/noticias\/#\/schema\/logo\/image\/","url":"https:\/\/files.sunoresearch.com.br\/n\/uploads\/2021\/09\/suno-logo.png","contentUrl":"https:\/\/files.sunoresearch.com.br\/n\/uploads\/2021\/09\/suno-logo.png","width":180,"height":180,"caption":"Suno Not\u00edcias"},"image":{"@id":"https:\/\/www.suno.com.br\/noticias\/#\/schema\/logo\/image\/"},"sameAs":["https:\/\/facebook.com\/sunoresearch","https:\/\/x.com\/sunoresearch","https:\/\/www.instagram.com\/suno","https:\/\/www.linkedin.com\/company\/suno-research\/","https:\/\/www.youtube.com\/c\/sunoresearch"]},{"@type":"Person","@id":"https:\/\/www.suno.com.br\/noticias\/#\/schema\/person\/7f4d362bf3518e76090143ae77bb49a5","name":"Eduardo Vargas","image":{"@type":"ImageObject","inLanguage":"pt-BR","@id":"https:\/\/www.suno.com.br\/noticias\/#\/schema\/person\/image\/","url":"https:\/\/secure.gravatar.com\/avatar\/dac340933427a22924c9f99d1eb2e3f2?s=96&r=g","contentUrl":"https:\/\/secure.gravatar.com\/avatar\/dac340933427a22924c9f99d1eb2e3f2?s=96&r=g","caption":"Eduardo Vargas"},"description":"Jornalista formado pela UFSC, cobre macroeconomia, neg\u00f3cios e startups para o Suno Not\u00edcias, escrevendo principalmente not\u00edcias sobre o mercado financeiro e a bolsa de valores. No YouTube e no Instagram, \u00e9 respons\u00e1vel pela produ\u00e7\u00e3o de Reels e Shorts do Suno Not\u00edcias. Anteriormente, trabalhou cobrindo economia e cotidiano no ND+ e para o ND, maior jornal impresso de Santa Catarina. Cursou um semestre letivo de Estudos de M\u00eddia na Universidad de Buenos Aires.","url":"https:\/\/www.suno.com.br\/noticias\/author\/eduardo-vargas\/"}]}},"default_loop_html":"<div class=\"cardsPage__listCard__boxs\"><div class=\"cardsPage__listCard__boxs__img\"><a href=\"https:\/\/www.suno.com.br\/noticias\/varejo-ibge-maio-atividades-caem-evm\/\"><img class=\"mask\" src=\"https:\/\/www.suno.com.br\/noticias\/wp-content\/themes\/suno\/resources\/images\/spotlight\/spotlight1img\/bg-mask.png\" alt=\"Image Mask\"\/><img src=\"https:\/\/files.sunoresearch.com.br\/n\/uploads\/2023\/05\/varejo-mercado-comprar-400x200.jpg\" alt=\"Varejo: Quatro entre oito atividades caem em maio, afirma IBGE\"\/><\/a><span class=\"spotlightCategory\"><a href=\"https:\/\/www.suno.com.br\/noticias\/economia\/\">Economia<\/a><\/span><\/div><div class=\"cardsPage__listCard__boxs__content\"><a href=\"https:\/\/www.suno.com.br\/noticias\/varejo-ibge-maio-atividades-caem-evm\/\"><h2 class=\"content__title\">Varejo: Quatro entre oito atividades caem em maio, afirma IBGE<\/h2><\/a><div class=\"newsContent__article__meta\"><div class=\"newsContent__article__meta__authorBox\"><a href=\"https:\/\/www.suno.com.br\/noticias\/author\/eduardo-vargas\/\" class=\"authorBox__avatar noMobi\"><img src=\"https:\/\/secure.gravatar.com\/avatar\/dac340933427a22924c9f99d1eb2e3f2?s=96&#038;r=g\" alt=\"Eduardo Vargas\"><\/a><div class=\"authorBox__name\"><span>por\n\t\t\t<a href=\"https:\/\/www.suno.com.br\/noticias\/author\/eduardo-vargas\/\"><span itemprop=\"author\">Eduardo Vargas<\/span><\/a><\/span><time datetime=\"2023-07-14T12:20:53-03:00\" itemprop=\"datePublished\">14\/07\/2023 12:20<\/time><\/div><\/div><\/div><\/div><\/div>","single_layout":"posts","amp_enabled":true,"_links":{"self":[{"href":"https:\/\/www.suno.com.br\/noticias\/wp-json\/wp\/v2\/posts\/428904"}],"collection":[{"href":"https:\/\/www.suno.com.br\/noticias\/wp-json\/wp\/v2\/posts"}],"about":[{"href":"https:\/\/www.suno.com.br\/noticias\/wp-json\/wp\/v2\/types\/post"}],"author":[{"embeddable":true,"href":"https:\/\/www.suno.com.br\/noticias\/wp-json\/wp\/v2\/users\/73"}],"replies":[{"embeddable":true,"href":"https:\/\/www.suno.com.br\/noticias\/wp-json\/wp\/v2\/comments?post=428904"}],"version-history":[{"count":3,"href":"https:\/\/www.suno.com.br\/noticias\/wp-json\/wp\/v2\/posts\/428904\/revisions"}],"predecessor-version":[{"id":428938,"href":"https:\/\/www.suno.com.br\/noticias\/wp-json\/wp\/v2\/posts\/428904\/revisions\/428938"}],"wp:featuredmedia":[{"embeddable":true,"href":"https:\/\/www.suno.com.br\/noticias\/wp-json\/wp\/v2\/media\/401430"}],"wp:attachment":[{"href":"https:\/\/www.suno.com.br\/noticias\/wp-json\/wp\/v2\/media?parent=428904"}],"wp:term":[{"taxonomy":"category","embeddable":true,"href":"https:\/\/www.suno.com.br\/noticias\/wp-json\/wp\/v2\/categories?post=428904"},{"taxonomy":"post_tag","embeddable":true,"href":"https:\/\/www.suno.com.br\/noticias\/wp-json\/wp\/v2\/tags?post=428904"},{"taxonomy":"suno_strategy","embeddable":true,"href":"https:\/\/www.suno.com.br\/noticias\/wp-json\/wp\/v2\/suno_strategy?post=428904"}],"curies":[{"name":"wp","href":"https:\/\/api.w.org\/{rel}","templated":true}]}}