{"id":42889,"date":"2019-10-29T21:41:00","date_gmt":"2019-10-29T23:41:00","guid":{"rendered":"https:\/\/www.suno.com.br\/noticias\/?p=42889"},"modified":"2019-10-29T21:41:17","modified_gmt":"2019-10-29T23:41:17","slug":"reino-unido-eleicoes-gerais-dezembro","status":"publish","type":"post","link":"https:\/\/www.suno.com.br\/noticias\/reino-unido-eleicoes-gerais-dezembro\/","title":{"rendered":"Reino Unido deve ter elei\u00e7\u00f5es gerais em 12 de dezembro"},"content":{"rendered":"<p>O Parlamento do Reino Unido acatou, nesta ter\u00e7a-feira (29), uma proposta (semelhante \u00e0 de <strong>Boris Johnson,<\/strong> rejeitada ontem) que autoriza elei\u00e7\u00f5es gerais no dia 12 de dezembro.<\/p>\t<div class=\"wrapper-featured-image\">\n\t\t<figure class=\"spotlightImg\">\n\n\t\t\t<picture>\n\t\t\t\t<source media=\"(max-width: 768px)\" srcset=\"https:\/\/files.sunoresearch.com.br\/n\/uploads\/2019\/09\/f40b3cda-reino-unido-400x200.webp\">\n\t\t\t\t<img loading=\"lazy\" decoding=\"async\" class=\"newsContent__article__imgCapa lazyloadDisabled newsContent__article__imgCapa--noCaption\" src=\"https:\/\/files.sunoresearch.com.br\/n\/uploads\/2019\/09\/f40b3cda-reino-unido-800x450.webp\" width=\"800\" height=\"450\" alt=\"Reino Unido deve ter elei\u00e7\u00f5es gerais em 12 de dezembro\" fetchpriority=high \/>\n\t\t\t<\/picture>\n\n\t\t\t<figcaption class=\"wp-caption-text wp-caption-text--hide\">Economia do Reino Unido cai 0,3% em novembro frente a outubro<\/figcaption>\n\t\t<\/figure>\n\t<\/div>\n\n\n\n<p>A proposta foi aprovada por 438 votos a favor e 20 votos contra na <strong>C\u00e2mara dos Comuns<\/strong> do<strong> Reino Unido.<\/strong> O projeto ainda precisa passar pela <strong>C\u00e2mara dos Lordes.<\/strong><\/p>\n<p>O l\u00edder trabalhista, <strong>Jeremy Corbyn,<\/strong> disse que est\u00e1 pronto para &#8220;lan\u00e7ar a campanha mais ambiciosa e radical por mudan\u00e7a real da hist\u00f3ria do nosso pa\u00eds&#8221;.<\/p>\n<h2>Proposta de Boris Johnson ao Reino Unido<\/h2>\n<p><a href=\"https:\/\/www.suno.com.br\/noticias\/tags\/boris-johnson\/\">Boris Johnson<\/a> perdeu, na \u00faltima segunda, sua terceira tentativa para uma elei\u00e7\u00e3o geral ap\u00f3s a decis\u00e3o do <strong>Partido Trabalhista<\/strong> de se abster e n\u00e3o conseguir alcan\u00e7ar a maioria de dois ter\u00e7os dos parlamentares. O resultado foi de 299 votos a favor e 70 contra.<\/p>\n<p><a href=\"https:\/\/www.suno.com.br\/noticias\/boris-johnson-perde-eleicao-geral-parlamento\/\">Saiba mais: Boris Johnson perde terceira tentativa de elei\u00e7\u00e3o geral no Parlamento<\/a><\/p>\n<p>A expectativa agora \u00e9 de que <strong>Boris Johnson<\/strong> apoie um plano <strong>liberal-democrata<\/strong> de altera\u00e7\u00e3o da lei para que se garantam elei\u00e7\u00f5es antecipadas, embora os partidos ainda n\u00e3o terem chegado a um acordo.<\/p>\n<p>Os opositores, <strong>Liberais Democratas,<\/strong> queriam uma data de 9 de dezembro, para facilitar o voto de estudantes, que ainda estar\u00e3o estudando nas universidades. J\u00e1 os C<strong>onservadores<\/strong> preferem a data de 12 de dezembro, devido \u00e0 alguns estudantes j\u00e1 estarem de f\u00e9rias para o Natal.<\/p>\n<p>Depois da vota\u00e7\u00e3o, <strong>Johnson<\/strong> declarou que voltar\u00e1 \u00e0 C\u00e2mara na ter\u00e7a, com um projeto de lei para as elei\u00e7\u00f5es de 12 de dezembro (que exigir\u00e3o uma maioria simples), ao inv\u00e9s dos dois ter\u00e7os dos parlamentares necess\u00e1rios para a vota\u00e7\u00e3o desta segunda.<\/p>\n\t<p>\n\t\t<a href=\"https:\/\/lp.suno.com.br\/asset\/fundos\/suno-fic-fia\/\" target=\"_blank\" data-element=\"shortcode-suno-banner\" title=\"Banner SUNO, clique e saiba mais\">\n\t\t\t<picture>\n\t\t\t\t<source media=\"(max-width: 500px)\" srcset=\"https:\/\/files.sunoresearch.com.br\/n\/uploads\/2023\/10\/SUNO-FIC-FIA-400x300-Mobile-Artigos-5-v3.png\">\n\t\t\t\t<img class=\"newsContent__article__imgCapa newsContent__article__imgCapa--banner\"\n\t\t\t\t\tsrc=\"https:\/\/files.sunoresearch.com.br\/n\/uploads\/2023\/10\/SUNO-FIC-FIA-1420x240-Banner-Artigos-1-_-Banner-Materias-4-v3-png.webp\"\n\t\t\t\t\tdata-promo-id=\"478744\"\t\t\t\t\t\t\t\t\t\twidth='2560' height='433'\t\t\t\t\talt=\"https:\/\/files.sunoresearch.com.br\/n\/uploads\/2023\/10\/SUNO-FIC-FIA-1420x240-Banner-Artigos-1-_-Banner-Materias-4-v3-png.webp\"\n\t\t\t\t>\n\t\t\t<\/picture>\n\t\t<\/a>\n\t<\/p>\n\n\n<p>O primeiro-ministro do <strong>Reino Unido<\/strong> afirmou que: \u201cMais tarde nesta noite, o governo notificar\u00e1 a apresenta\u00e7\u00e3o de um pequeno projeto de lei em 12 de dezembro, para que possamos finalmente concluir o <strong>Brexit<\/strong> . A casa n\u00e3o pode mais manter este pa\u00eds ref\u00e9m &#8230; Agora que n\u00e3o h\u00e1 acordo em aberto, temos um \u00f3timo acordo. \u00c9 hora de colocar isso para os eleitores. \u201d<\/p>\n","protected":false},"excerpt":{"rendered":"<p>O Parlamento do Reino Unido acatou, nesta ter\u00e7a-feira (29), uma proposta (semelhante \u00e0 de Boris Johnson, rejeitada ontem) que autoriza elei\u00e7\u00f5es gerais no dia 12 de dezembro. Economia do Reino Unido cai 0,3% em novembro frente a outubro A proposta foi aprovada por 438 votos a favor e 20 votos contra na C\u00e2mara dos Comuns [&hellip;]<\/p>\n","protected":false},"author":23,"featured_media":37980,"comment_status":"closed","ping_status":"closed","sticky":false,"template":"","format":"standard","meta":[],"categories":[63],"tags":[1648,753,730],"suno_strategy":[],"class_list":["post-42889","post","type-post","status-publish","format-standard","has-post-thumbnail","hentry","category-internacional","tag-boris-johnson","tag-brexit","tag-reino-unido"],"yoast_head":"<!-- This site is optimized with the Yoast SEO plugin v24.4 - https:\/\/yoast.com\/wordpress\/plugins\/seo\/ -->\n<title>Reino Unido deve ter elei\u00e7\u00f5es gerais em 12 de dezembro<\/title>\n<meta name=\"description\" content=\"O Parlamento do Reino Unido acatou uma proposta que autoriza elei\u00e7\u00f5es gerais no dia 12 de dezembro. Clique aqui para saber mais.\" \/>\n<meta name=\"robots\" content=\"index, follow, max-snippet:-1, max-image-preview:large, max-video-preview:-1\" \/>\n<link rel=\"canonical\" href=\"https:\/\/www.suno.com.br\/noticias\/reino-unido-eleicoes-gerais-dezembro\/\" \/>\n<meta property=\"og:locale\" content=\"pt_BR\" \/>\n<meta property=\"og:type\" content=\"article\" \/>\n<meta property=\"og:title\" content=\"Reino Unido deve ter elei\u00e7\u00f5es gerais em 12 de dezembro\" \/>\n<meta property=\"og:description\" content=\"O Parlamento do Reino Unido acatou uma proposta que autoriza elei\u00e7\u00f5es gerais no dia 12 de dezembro. Clique aqui para saber mais.\" \/>\n<meta property=\"og:url\" content=\"https:\/\/www.suno.com.br\/noticias\/reino-unido-eleicoes-gerais-dezembro\/\" \/>\n<meta property=\"og:site_name\" content=\"Suno Not\u00edcias\" \/>\n<meta property=\"article:publisher\" content=\"https:\/\/facebook.com\/sunoresearch\" \/>\n<meta property=\"og:image\" content=\"https:\/\/files.sunoresearch.com.br\/n\/uploads\/2019\/09\/f40b3cda-reino-unido.jpg\" \/>\n\t<meta property=\"og:image:width\" content=\"1242\" \/>\n\t<meta property=\"og:image:height\" content=\"818\" \/>\n\t<meta property=\"og:image:type\" content=\"image\/jpeg\" \/>\n<meta name=\"author\" content=\"Rafael Lara\" \/>\n<meta name=\"twitter:card\" content=\"summary_large_image\" \/>\n<meta name=\"twitter:creator\" content=\"@sunoresearch\" \/>\n<meta name=\"twitter:site\" content=\"@sunoresearch\" \/>\n<meta name=\"twitter:label1\" content=\"Escrito por\" \/>\n\t<meta name=\"twitter:data1\" content=\"Rafael Lara\" \/>\n\t<meta name=\"twitter:label2\" content=\"Est. tempo de leitura\" \/>\n\t<meta name=\"twitter:data2\" content=\"2 minutos\" \/>\n<script type=\"application\/ld+json\" class=\"yoast-schema-graph\">{\"@context\":\"https:\/\/schema.org\",\"@graph\":[{\"@type\":\"NewsArticle\",\"@id\":\"https:\/\/www.suno.com.br\/noticias\/reino-unido-eleicoes-gerais-dezembro\/#article\",\"isPartOf\":{\"@id\":\"https:\/\/www.suno.com.br\/noticias\/reino-unido-eleicoes-gerais-dezembro\/\"},\"author\":{\"name\":\"Rafael Lara\",\"@id\":\"https:\/\/www.suno.com.br\/noticias\/#\/schema\/person\/098743caeed97b37f51315c9576c4078\"},\"headline\":\"Reino Unido deve ter elei\u00e7\u00f5es gerais em 12 de dezembro\",\"datePublished\":\"2019-10-29T23:41:00+00:00\",\"dateModified\":\"2019-10-29T23:41:17+00:00\",\"mainEntityOfPage\":{\"@id\":\"https:\/\/www.suno.com.br\/noticias\/reino-unido-eleicoes-gerais-dezembro\/\"},\"wordCount\":357,\"publisher\":{\"@id\":\"https:\/\/www.suno.com.br\/noticias\/#organization\"},\"image\":{\"@id\":\"https:\/\/www.suno.com.br\/noticias\/reino-unido-eleicoes-gerais-dezembro\/#primaryimage\"},\"thumbnailUrl\":\"https:\/\/files.sunoresearch.com.br\/n\/uploads\/2019\/09\/f40b3cda-reino-unido.jpg\",\"keywords\":[\"Boris Johnson\",\"Brexit\",\"Reino Unido\"],\"articleSection\":[\"Internacional\"],\"inLanguage\":\"pt-BR\"},{\"@type\":\"WebPage\",\"@id\":\"https:\/\/www.suno.com.br\/noticias\/reino-unido-eleicoes-gerais-dezembro\/\",\"url\":\"https:\/\/www.suno.com.br\/noticias\/reino-unido-eleicoes-gerais-dezembro\/\",\"name\":\"Reino Unido deve ter elei\u00e7\u00f5es gerais em 12 de dezembro\",\"isPartOf\":{\"@id\":\"https:\/\/www.suno.com.br\/noticias\/#website\"},\"primaryImageOfPage\":{\"@id\":\"https:\/\/www.suno.com.br\/noticias\/reino-unido-eleicoes-gerais-dezembro\/#primaryimage\"},\"image\":{\"@id\":\"https:\/\/www.suno.com.br\/noticias\/reino-unido-eleicoes-gerais-dezembro\/#primaryimage\"},\"thumbnailUrl\":\"https:\/\/files.sunoresearch.com.br\/n\/uploads\/2019\/09\/f40b3cda-reino-unido.jpg\",\"datePublished\":\"2019-10-29T23:41:00+00:00\",\"dateModified\":\"2019-10-29T23:41:17+00:00\",\"description\":\"O Parlamento do Reino Unido acatou uma proposta que autoriza elei\u00e7\u00f5es gerais no dia 12 de dezembro. Clique aqui para saber mais.\",\"breadcrumb\":{\"@id\":\"https:\/\/www.suno.com.br\/noticias\/reino-unido-eleicoes-gerais-dezembro\/#breadcrumb\"},\"inLanguage\":\"pt-BR\",\"potentialAction\":[{\"@type\":\"ReadAction\",\"target\":[\"https:\/\/www.suno.com.br\/noticias\/reino-unido-eleicoes-gerais-dezembro\/\"]}]},{\"@type\":\"ImageObject\",\"inLanguage\":\"pt-BR\",\"@id\":\"https:\/\/www.suno.com.br\/noticias\/reino-unido-eleicoes-gerais-dezembro\/#primaryimage\",\"url\":\"https:\/\/files.sunoresearch.com.br\/n\/uploads\/2019\/09\/f40b3cda-reino-unido.jpg\",\"contentUrl\":\"https:\/\/files.sunoresearch.com.br\/n\/uploads\/2019\/09\/f40b3cda-reino-unido.jpg\",\"width\":1242,\"height\":818,\"caption\":\"Economia do Reino Unido cai 0,3% em novembro frente a outubro\"},{\"@type\":\"BreadcrumbList\",\"@id\":\"https:\/\/www.suno.com.br\/noticias\/reino-unido-eleicoes-gerais-dezembro\/#breadcrumb\",\"itemListElement\":[{\"@type\":\"ListItem\",\"position\":1,\"name\":\"Not\u00edcias\",\"item\":\"https:\/\/www.suno.com.br\/noticias\/\"},{\"@type\":\"ListItem\",\"position\":2,\"name\":\"Internacional\",\"item\":\"https:\/\/www.suno.com.br\/noticias\/internacional\/\"},{\"@type\":\"ListItem\",\"position\":3,\"name\":\"Reino Unido deve ter elei\u00e7\u00f5es gerais em 12 de dezembro\"}]},{\"@type\":\"WebSite\",\"@id\":\"https:\/\/www.suno.com.br\/noticias\/#website\",\"url\":\"https:\/\/www.suno.com.br\/noticias\/\",\"name\":\"Suno Not\u00edcias\",\"description\":\"Seu portal de informa\u00e7\u00e3o sobre o mundo dos investimentos\",\"publisher\":{\"@id\":\"https:\/\/www.suno.com.br\/noticias\/#organization\"},\"potentialAction\":[{\"@type\":\"SearchAction\",\"target\":{\"@type\":\"EntryPoint\",\"urlTemplate\":\"https:\/\/www.suno.com.br\/noticias\/?s={search_term_string}\"},\"query-input\":{\"@type\":\"PropertyValueSpecification\",\"valueRequired\":true,\"valueName\":\"search_term_string\"}}],\"inLanguage\":\"pt-BR\"},{\"@type\":\"Organization\",\"@id\":\"https:\/\/www.suno.com.br\/noticias\/#organization\",\"name\":\"Suno Not\u00edcias\",\"url\":\"https:\/\/www.suno.com.br\/noticias\/\",\"logo\":{\"@type\":\"ImageObject\",\"inLanguage\":\"pt-BR\",\"@id\":\"https:\/\/www.suno.com.br\/noticias\/#\/schema\/logo\/image\/\",\"url\":\"https:\/\/files.sunoresearch.com.br\/n\/uploads\/2021\/09\/suno-logo.png\",\"contentUrl\":\"https:\/\/files.sunoresearch.com.br\/n\/uploads\/2021\/09\/suno-logo.png\",\"width\":180,\"height\":180,\"caption\":\"Suno Not\u00edcias\"},\"image\":{\"@id\":\"https:\/\/www.suno.com.br\/noticias\/#\/schema\/logo\/image\/\"},\"sameAs\":[\"https:\/\/facebook.com\/sunoresearch\",\"https:\/\/x.com\/sunoresearch\",\"https:\/\/www.instagram.com\/suno\",\"https:\/\/www.linkedin.com\/company\/suno-research\/\",\"https:\/\/www.youtube.com\/c\/sunoresearch\"]},{\"@type\":\"Person\",\"@id\":\"https:\/\/www.suno.com.br\/noticias\/#\/schema\/person\/098743caeed97b37f51315c9576c4078\",\"name\":\"Rafael Lara\",\"image\":{\"@type\":\"ImageObject\",\"inLanguage\":\"pt-BR\",\"@id\":\"https:\/\/www.suno.com.br\/noticias\/#\/schema\/person\/image\/\",\"url\":\"https:\/\/secure.gravatar.com\/avatar\/dfc254ab9bb2ea1895d98b9e9dae4bdd?s=96&r=g\",\"contentUrl\":\"https:\/\/secure.gravatar.com\/avatar\/dfc254ab9bb2ea1895d98b9e9dae4bdd?s=96&r=g\",\"caption\":\"Rafael Lara\"},\"description\":\"Rafael Lara cursa jornalismo na Faculdade C\u00e1sper L\u00edbero. Escreve sobre pol\u00edtica, economia e neg\u00f3cios para o portal Suno Not\u00edcias. Antes, colaborou na TV Gazeta na produ\u00e7\u00e3o do programa Edi\u00e7\u00e3o Extra.\",\"url\":\"https:\/\/www.suno.com.br\/noticias\/author\/rafael\/\"}]}<\/script>\n<!-- \/ Yoast SEO plugin. -->","yoast_head_json":{"title":"Reino Unido deve ter elei\u00e7\u00f5es gerais em 12 de dezembro","description":"O Parlamento do Reino Unido acatou uma proposta que autoriza elei\u00e7\u00f5es gerais no dia 12 de dezembro. Clique aqui para saber mais.","robots":{"index":"index","follow":"follow","max-snippet":"max-snippet:-1","max-image-preview":"max-image-preview:large","max-video-preview":"max-video-preview:-1"},"canonical":"https:\/\/www.suno.com.br\/noticias\/reino-unido-eleicoes-gerais-dezembro\/","og_locale":"pt_BR","og_type":"article","og_title":"Reino Unido deve ter elei\u00e7\u00f5es gerais em 12 de dezembro","og_description":"O Parlamento do Reino Unido acatou uma proposta que autoriza elei\u00e7\u00f5es gerais no dia 12 de dezembro. Clique aqui para saber mais.","og_url":"https:\/\/www.suno.com.br\/noticias\/reino-unido-eleicoes-gerais-dezembro\/","og_site_name":"Suno Not\u00edcias","article_publisher":"https:\/\/facebook.com\/sunoresearch","og_image":[{"width":1242,"height":818,"url":"https:\/\/files.sunoresearch.com.br\/n\/uploads\/2019\/09\/f40b3cda-reino-unido.jpg","type":"image\/jpeg"}],"author":"Rafael Lara","twitter_card":"summary_large_image","twitter_creator":"@sunoresearch","twitter_site":"@sunoresearch","twitter_misc":{"Escrito por":"Rafael Lara","Est. tempo de leitura":"2 minutos"},"schema":{"@context":"https:\/\/schema.org","@graph":[{"@type":"NewsArticle","@id":"https:\/\/www.suno.com.br\/noticias\/reino-unido-eleicoes-gerais-dezembro\/#article","isPartOf":{"@id":"https:\/\/www.suno.com.br\/noticias\/reino-unido-eleicoes-gerais-dezembro\/"},"author":{"name":"Rafael Lara","@id":"https:\/\/www.suno.com.br\/noticias\/#\/schema\/person\/098743caeed97b37f51315c9576c4078"},"headline":"Reino Unido deve ter elei\u00e7\u00f5es gerais em 12 de dezembro","datePublished":"2019-10-29T23:41:00+00:00","dateModified":"2019-10-29T23:41:17+00:00","mainEntityOfPage":{"@id":"https:\/\/www.suno.com.br\/noticias\/reino-unido-eleicoes-gerais-dezembro\/"},"wordCount":357,"publisher":{"@id":"https:\/\/www.suno.com.br\/noticias\/#organization"},"image":{"@id":"https:\/\/www.suno.com.br\/noticias\/reino-unido-eleicoes-gerais-dezembro\/#primaryimage"},"thumbnailUrl":"https:\/\/files.sunoresearch.com.br\/n\/uploads\/2019\/09\/f40b3cda-reino-unido.jpg","keywords":["Boris Johnson","Brexit","Reino Unido"],"articleSection":["Internacional"],"inLanguage":"pt-BR"},{"@type":"WebPage","@id":"https:\/\/www.suno.com.br\/noticias\/reino-unido-eleicoes-gerais-dezembro\/","url":"https:\/\/www.suno.com.br\/noticias\/reino-unido-eleicoes-gerais-dezembro\/","name":"Reino Unido deve ter elei\u00e7\u00f5es gerais em 12 de dezembro","isPartOf":{"@id":"https:\/\/www.suno.com.br\/noticias\/#website"},"primaryImageOfPage":{"@id":"https:\/\/www.suno.com.br\/noticias\/reino-unido-eleicoes-gerais-dezembro\/#primaryimage"},"image":{"@id":"https:\/\/www.suno.com.br\/noticias\/reino-unido-eleicoes-gerais-dezembro\/#primaryimage"},"thumbnailUrl":"https:\/\/files.sunoresearch.com.br\/n\/uploads\/2019\/09\/f40b3cda-reino-unido.jpg","datePublished":"2019-10-29T23:41:00+00:00","dateModified":"2019-10-29T23:41:17+00:00","description":"O Parlamento do Reino Unido acatou uma proposta que autoriza elei\u00e7\u00f5es gerais no dia 12 de dezembro. Clique aqui para saber mais.","breadcrumb":{"@id":"https:\/\/www.suno.com.br\/noticias\/reino-unido-eleicoes-gerais-dezembro\/#breadcrumb"},"inLanguage":"pt-BR","potentialAction":[{"@type":"ReadAction","target":["https:\/\/www.suno.com.br\/noticias\/reino-unido-eleicoes-gerais-dezembro\/"]}]},{"@type":"ImageObject","inLanguage":"pt-BR","@id":"https:\/\/www.suno.com.br\/noticias\/reino-unido-eleicoes-gerais-dezembro\/#primaryimage","url":"https:\/\/files.sunoresearch.com.br\/n\/uploads\/2019\/09\/f40b3cda-reino-unido.jpg","contentUrl":"https:\/\/files.sunoresearch.com.br\/n\/uploads\/2019\/09\/f40b3cda-reino-unido.jpg","width":1242,"height":818,"caption":"Economia do Reino Unido cai 0,3% em novembro frente a outubro"},{"@type":"BreadcrumbList","@id":"https:\/\/www.suno.com.br\/noticias\/reino-unido-eleicoes-gerais-dezembro\/#breadcrumb","itemListElement":[{"@type":"ListItem","position":1,"name":"Not\u00edcias","item":"https:\/\/www.suno.com.br\/noticias\/"},{"@type":"ListItem","position":2,"name":"Internacional","item":"https:\/\/www.suno.com.br\/noticias\/internacional\/"},{"@type":"ListItem","position":3,"name":"Reino Unido deve ter elei\u00e7\u00f5es gerais em 12 de dezembro"}]},{"@type":"WebSite","@id":"https:\/\/www.suno.com.br\/noticias\/#website","url":"https:\/\/www.suno.com.br\/noticias\/","name":"Suno Not\u00edcias","description":"Seu portal de informa\u00e7\u00e3o sobre o mundo dos investimentos","publisher":{"@id":"https:\/\/www.suno.com.br\/noticias\/#organization"},"potentialAction":[{"@type":"SearchAction","target":{"@type":"EntryPoint","urlTemplate":"https:\/\/www.suno.com.br\/noticias\/?s={search_term_string}"},"query-input":{"@type":"PropertyValueSpecification","valueRequired":true,"valueName":"search_term_string"}}],"inLanguage":"pt-BR"},{"@type":"Organization","@id":"https:\/\/www.suno.com.br\/noticias\/#organization","name":"Suno Not\u00edcias","url":"https:\/\/www.suno.com.br\/noticias\/","logo":{"@type":"ImageObject","inLanguage":"pt-BR","@id":"https:\/\/www.suno.com.br\/noticias\/#\/schema\/logo\/image\/","url":"https:\/\/files.sunoresearch.com.br\/n\/uploads\/2021\/09\/suno-logo.png","contentUrl":"https:\/\/files.sunoresearch.com.br\/n\/uploads\/2021\/09\/suno-logo.png","width":180,"height":180,"caption":"Suno Not\u00edcias"},"image":{"@id":"https:\/\/www.suno.com.br\/noticias\/#\/schema\/logo\/image\/"},"sameAs":["https:\/\/facebook.com\/sunoresearch","https:\/\/x.com\/sunoresearch","https:\/\/www.instagram.com\/suno","https:\/\/www.linkedin.com\/company\/suno-research\/","https:\/\/www.youtube.com\/c\/sunoresearch"]},{"@type":"Person","@id":"https:\/\/www.suno.com.br\/noticias\/#\/schema\/person\/098743caeed97b37f51315c9576c4078","name":"Rafael Lara","image":{"@type":"ImageObject","inLanguage":"pt-BR","@id":"https:\/\/www.suno.com.br\/noticias\/#\/schema\/person\/image\/","url":"https:\/\/secure.gravatar.com\/avatar\/dfc254ab9bb2ea1895d98b9e9dae4bdd?s=96&r=g","contentUrl":"https:\/\/secure.gravatar.com\/avatar\/dfc254ab9bb2ea1895d98b9e9dae4bdd?s=96&r=g","caption":"Rafael Lara"},"description":"Rafael Lara cursa jornalismo na Faculdade C\u00e1sper L\u00edbero. Escreve sobre pol\u00edtica, economia e neg\u00f3cios para o portal Suno Not\u00edcias. Antes, colaborou na TV Gazeta na produ\u00e7\u00e3o do programa Edi\u00e7\u00e3o Extra.","url":"https:\/\/www.suno.com.br\/noticias\/author\/rafael\/"}]}},"default_loop_html":"<div class=\"cardsPage__listCard__boxs\"><div class=\"cardsPage__listCard__boxs__img\"><a href=\"https:\/\/www.suno.com.br\/noticias\/reino-unido-eleicoes-gerais-dezembro\/\"><img class=\"mask\" src=\"https:\/\/www.suno.com.br\/noticias\/wp-content\/themes\/suno\/resources\/images\/spotlight\/spotlight1img\/bg-mask.png\" alt=\"Image Mask\"\/><img src=\"https:\/\/files.sunoresearch.com.br\/n\/uploads\/2019\/09\/f40b3cda-reino-unido-400x200.webp\" alt=\"Reino Unido deve ter elei\u00e7\u00f5es gerais em 12 de dezembro\"\/><\/a><span class=\"spotlightCategory\"><a href=\"https:\/\/www.suno.com.br\/noticias\/internacional\/\">Internacional<\/a><\/span><\/div><div class=\"cardsPage__listCard__boxs__content\"><a href=\"https:\/\/www.suno.com.br\/noticias\/reino-unido-eleicoes-gerais-dezembro\/\"><h2 class=\"content__title\">Reino Unido deve ter elei\u00e7\u00f5es gerais em 12 de dezembro<\/h2><\/a><div class=\"newsContent__article__meta\"><div class=\"newsContent__article__meta__authorBox\"><a href=\"https:\/\/www.suno.com.br\/noticias\/author\/rafael\/\" class=\"authorBox__avatar noMobi\"><img src=\"https:\/\/secure.gravatar.com\/avatar\/dfc254ab9bb2ea1895d98b9e9dae4bdd?s=96&#038;r=g\" alt=\"Rafael Lara\"><\/a><div class=\"authorBox__name\"><span>por\n\t\t\t<a href=\"https:\/\/www.suno.com.br\/noticias\/author\/rafael\/\"><span itemprop=\"author\">Rafael Lara<\/span><\/a><\/span><time datetime=\"2019-10-29T21:41:00-03:00\" itemprop=\"datePublished\">29\/10\/2019 21:41<\/time><\/div><\/div><\/div><\/div><\/div>","single_layout":"posts","amp_enabled":true,"_links":{"self":[{"href":"https:\/\/www.suno.com.br\/noticias\/wp-json\/wp\/v2\/posts\/42889"}],"collection":[{"href":"https:\/\/www.suno.com.br\/noticias\/wp-json\/wp\/v2\/posts"}],"about":[{"href":"https:\/\/www.suno.com.br\/noticias\/wp-json\/wp\/v2\/types\/post"}],"author":[{"embeddable":true,"href":"https:\/\/www.suno.com.br\/noticias\/wp-json\/wp\/v2\/users\/23"}],"replies":[{"embeddable":true,"href":"https:\/\/www.suno.com.br\/noticias\/wp-json\/wp\/v2\/comments?post=42889"}],"version-history":[{"count":0,"href":"https:\/\/www.suno.com.br\/noticias\/wp-json\/wp\/v2\/posts\/42889\/revisions"}],"wp:featuredmedia":[{"embeddable":true,"href":"https:\/\/www.suno.com.br\/noticias\/wp-json\/wp\/v2\/media\/37980"}],"wp:attachment":[{"href":"https:\/\/www.suno.com.br\/noticias\/wp-json\/wp\/v2\/media?parent=42889"}],"wp:term":[{"taxonomy":"category","embeddable":true,"href":"https:\/\/www.suno.com.br\/noticias\/wp-json\/wp\/v2\/categories?post=42889"},{"taxonomy":"post_tag","embeddable":true,"href":"https:\/\/www.suno.com.br\/noticias\/wp-json\/wp\/v2\/tags?post=42889"},{"taxonomy":"suno_strategy","embeddable":true,"href":"https:\/\/www.suno.com.br\/noticias\/wp-json\/wp\/v2\/suno_strategy?post=42889"}],"curies":[{"name":"wp","href":"https:\/\/api.w.org\/{rel}","templated":true}]}}