{"id":42884,"date":"2019-10-29T21:20:25","date_gmt":"2019-10-29T23:20:25","guid":{"rendered":"https:\/\/www.suno.com.br\/noticias\/?p=42884"},"modified":"2019-10-29T21:30:28","modified_gmt":"2019-10-29T23:30:28","slug":"cielo-registra-reducao-lucro-3t2019","status":"publish","type":"post","link":"https:\/\/www.suno.com.br\/noticias\/cielo-registra-reducao-lucro-3t2019\/","title":{"rendered":"Cielo registra redu\u00e7\u00e3o de 17% no lucro l\u00edquido no 3T19"},"content":{"rendered":"<p>A Cielo (CIEL3) registrou uma redu\u00e7\u00e3o do<strong>\u00a0<a href=\"https:\/\/www.suno.com.br\/artigos\/lucro-liquido\/\">lucro l\u00edquido<\/a> <\/strong>de 17% no terceiro trimestre de 2019. A empresa de pagamentos totalizou um lucro l\u00edquido de R$ 358,1 milh\u00f5es, contra os R$ 431,2 milh\u00f5es do 2\u00ba trimestre de 2019. As informa\u00e7\u00f5es foram divulgadas nesta ter\u00e7a-feira (29).<\/p>\t<div class=\"wrapper-featured-image\">\n\t\t<figure class=\"spotlightImg\">\n\n\t\t\t<picture>\n\t\t\t\t<source media=\"(max-width: 768px)\" srcset=\"https:\/\/files.sunoresearch.com.br\/n\/uploads\/2019\/09\/60fb7999-cielo-400x200.webp\">\n\t\t\t\t<img loading=\"lazy\" decoding=\"async\" class=\"newsContent__article__imgCapa lazyloadDisabled newsContent__article__imgCapa--noCaption\" src=\"https:\/\/files.sunoresearch.com.br\/n\/uploads\/2019\/09\/60fb7999-cielo-800x450.webp\" width=\"800\" height=\"450\" alt=\"Cielo registra redu\u00e7\u00e3o de 17% no lucro l\u00edquido no 3T19\" fetchpriority=high \/>\n\t\t\t<\/picture>\n\n\t\t\t<figcaption class=\"wp-caption-text wp-caption-text--hide\">Cielo (CIEL3). - Foto: Divulga\u00e7\u00e3o<\/figcaption>\n\t\t<\/figure>\n\t<\/div>\n\n\n\n<p>A\u00a0<strong><a href=\"https:\/\/www.suno.com.br\/artigos\/o-que-receita-liquida\/\">receita l\u00edquida<\/a>\u00a0<\/strong>consolidada da <strong>Cielo<\/strong> totalizou R$ 2.779,8 milh\u00f5es no terceiro trimestre, uma queda de 5,5%, em compara\u00e7\u00e3o ao mesmo per\u00edodo de 2018. Entretanto, a empresa salientou um aumento de 0,02% em compara\u00e7\u00e3o ao segundo trimestre de 2019.<\/p>\n<p>Segundo a empresa, &#8220;o decr\u00e9scimo das <strong>receitas l\u00edquidas<\/strong> consolidadas \u00e9 resultado da redu\u00e7\u00e3o nas receitas provenientes de captura, transmiss\u00e3o, processamento e liquida\u00e7\u00e3o financeira das transa\u00e7\u00f5es e nas receitas de aluguel de terminais de captura na <strong>Cielo,<\/strong> impactadas pela press\u00e3o nos pre\u00e7os m\u00e9dios decorrente do ambiente competitivo e pelo aumento do business de venda de solu\u00e7\u00f5es de captura. Essa redu\u00e7\u00e3o foi parcialmente compensada, na Cielo, pelo crescimento no volume capturado de transa\u00e7\u00f5es, da base de clientes ativos e das receitas na modalidade de pagamento em 2 dias, bem como pela expans\u00e3o dos neg\u00f3cios das controladas M4U e pelo da consolida\u00e7\u00e3o da controlada Stelo a partir do 4T18&#8243;.<\/p>\n<h2>Balan\u00e7o da Cielo em queda<\/h2>\n<p>Por sua vez, a <a href=\"https:\/\/www.suno.com.br\/artigos\/receita-operacional\/\"><strong>receita operacional<\/strong><\/a> chegou a R$ 1.395,52 milh\u00f5es, contra os R$ 1.747,84 realizados no mesmo per\u00edodo do ano passado.<\/p>\n\t<p>\n\t\t<a href=\"https:\/\/www.suno.com.br\/asset\/fundos\/suno-acoes-xp-seg-prev\/\" target=\"_blank\" data-element=\"shortcode-suno-banner\" title=\"Banner SUNO, clique e saiba mais\">\n\t\t\t<picture>\n\t\t\t\t<source media=\"(max-width: 500px)\" srcset=\"https:\/\/files.sunoresearch.com.br\/n\/uploads\/2023\/10\/SUNOPREV-400x300-Mobile-Artigos-3.png\">\n\t\t\t\t<img class=\"newsContent__article__imgCapa newsContent__article__imgCapa--banner\"\n\t\t\t\t\tsrc=\"https:\/\/files.sunoresearch.com.br\/n\/uploads\/2023\/10\/SUNOPREV-1420x240-Banner-Artigos-1-_-Banner-Materias-1.png\"\n\t\t\t\t\tdata-promo-id=\"476310\"\t\t\t\t\t\t\t\t\t\twidth='1420' height='240'\t\t\t\t\talt=\"https:\/\/files.sunoresearch.com.br\/n\/uploads\/2023\/10\/SUNOPREV-1420x240-Banner-Artigos-1-_-Banner-Materias-1.png\"\n\t\t\t\t>\n\t\t\t<\/picture>\n\t\t<\/a>\n\t<\/p>\n\n\n<p>Al\u00e9m disso, os gastos da maior operadora brasileira de cr\u00e9dito e d\u00e9bito aumentaram 15,0%, alcan\u00e7ando R$ 2.357,3 milh\u00f5es no trimestre.<\/p>\n<p>O <strong><a href=\"https:\/\/www.suno.com.br\/artigos\/o-que-e-ebitda\/\">EBITA<\/a><\/strong> (lucro antes de impostos, juros, deprecia\u00e7\u00e3o e amortiza\u00e7\u00e3o) diminuiu de 37,2%, para R$ 724,3 milh\u00f5es. No terceiro trimestre de 2018 esse n\u00famero tinha sido de R$ 428,6 milh\u00f5es.<\/p>\n<p>Por outro lado,\u00a0o volume das transa\u00e7\u00f5es aumentou 8,9% em compara\u00e7\u00e3o ao mesmo per\u00edodo de 2018 e registrou R$ 164,5 bilh\u00f5es.<\/p>\n<p><a href=\"https:\/\/www.suno.com.br\/noticias\/cielo-expande-operacoes-lojas-fisicas\/\">Saiba mais: Cielo expande opera\u00e7\u00f5es em lojas f\u00edsicas<\/a><\/p>\n<p>Segundo a <strong>Cielo,<\/strong> no 3T19 o volume financeiro de transa\u00e7\u00f5es\u00a0 totalizou R$ 171,7 bilh\u00f5es, representando um aumento de 4,4% ou R$ 7,2 bilh\u00f5es, em compara\u00e7\u00e3o com o 2T19. Al\u00e9m disso, registraram um aumento de 11,6% ou R$ 17,8 bilh\u00f5es, em compara\u00e7\u00e3o aos R$ 153,9 bilh\u00f5es do 3T18.<\/p>\n<h2>Guerra das maquininhas<\/h2>\n<p>A<strong> guerra das maquininhas<\/strong> consiste na forte movimenta\u00e7\u00e3o no setor de m\u00e1quinas de cart\u00e3o. Essa tens\u00e3o come\u00e7ou quando a <strong>Rede,<\/strong> do <strong>Ita\u00fa,<\/strong> anunciou a isen\u00e7\u00e3o da taxa de antecipa\u00e7\u00e3o. Assim, as empresas rivais listadas nas bolsas brasileira e americana registraram queda significativa em suas a\u00e7\u00f5es.<\/p>\n<p><a href=\"https:\/\/www.suno.com.br\/noticias\/cielo-reestruturacao-mudanca-diretor-tesouraria\/\">Saiba mais: Cielo anuncia seu novo diretor do departamento de tesouraria<\/a><\/p>\n<p>Ap\u00f3s o an\u00fancio da <strong>Rede,<\/strong> outras companhias tamb\u00e9m deixaram a taxa de antecipa\u00e7\u00e3o de lado e apostaram em pagamentos instant\u00e2neos.<\/p>\n<p>Dessa forma,\u00a0em meio a tentativa de inovar no setor, a <strong>Cielo<\/strong> criou o programa &#8220;vendeu, recebeu&#8221;. O recurso faz com que\u00a0o dinheiro caia na conta do comerciante no momento em que a compra \u00e9 realizada.<\/p>\n","protected":false},"excerpt":{"rendered":"<p>A Cielo (CIEL3) registrou uma redu\u00e7\u00e3o do\u00a0lucro l\u00edquido de 17% no terceiro trimestre de 2019. A empresa de pagamentos totalizou um lucro l\u00edquido de R$ 358,1 milh\u00f5es, contra os R$ 431,2 milh\u00f5es do 2\u00ba trimestre de 2019. As informa\u00e7\u00f5es foram divulgadas nesta ter\u00e7a-feira (29). Cielo (CIEL3). &#8211; Foto: Divulga\u00e7\u00e3o A\u00a0receita l\u00edquida\u00a0consolidada da Cielo totalizou R$ [&hellip;]<\/p>\n","protected":false},"author":9,"featured_media":38318,"comment_status":"closed","ping_status":"closed","sticky":false,"template":"","format":"standard","meta":[],"categories":[64],"tags":[423],"suno_strategy":[],"class_list":["post-42884","post","type-post","status-publish","format-standard","has-post-thumbnail","hentry","category-negocios","tag-cielo-ciel3"],"yoast_head":"<!-- This site is optimized with the Yoast SEO plugin v24.4 - https:\/\/yoast.com\/wordpress\/plugins\/seo\/ -->\n<title>Cielo registra redu\u00e7\u00e3o de 17% no lucro l\u00edquido no 3T19<\/title>\n<meta name=\"description\" content=\"A Cielo registrou uma redu\u00e7\u00e3o do\u00a0lucro l\u00edquido de 17% em seu balan\u00e7o do terceiro trimestre de 2019. Clique aqui para saber mais.\" \/>\n<meta name=\"robots\" content=\"index, follow, max-snippet:-1, max-image-preview:large, max-video-preview:-1\" \/>\n<link rel=\"canonical\" href=\"https:\/\/www.suno.com.br\/noticias\/cielo-registra-reducao-lucro-3t2019\/\" \/>\n<meta property=\"og:locale\" content=\"pt_BR\" \/>\n<meta property=\"og:type\" content=\"article\" \/>\n<meta property=\"og:title\" content=\"Cielo registra redu\u00e7\u00e3o de 17% no lucro l\u00edquido no 3T19\" \/>\n<meta property=\"og:description\" content=\"A Cielo registrou uma redu\u00e7\u00e3o do\u00a0lucro l\u00edquido de 17% em seu balan\u00e7o do terceiro trimestre de 2019. Clique aqui para saber mais.\" \/>\n<meta property=\"og:url\" content=\"https:\/\/www.suno.com.br\/noticias\/cielo-registra-reducao-lucro-3t2019\/\" \/>\n<meta property=\"og:site_name\" content=\"Suno Not\u00edcias\" \/>\n<meta property=\"article:publisher\" content=\"https:\/\/facebook.com\/sunoresearch\" \/>\n<meta property=\"og:image\" content=\"https:\/\/files.sunoresearch.com.br\/n\/uploads\/2019\/09\/60fb7999-cielo.jpg\" \/>\n\t<meta property=\"og:image:width\" content=\"1920\" \/>\n\t<meta property=\"og:image:height\" content=\"1280\" \/>\n\t<meta property=\"og:image:type\" content=\"image\/jpeg\" \/>\n<meta name=\"author\" content=\"Carlo Cauti\" \/>\n<meta name=\"twitter:card\" content=\"summary_large_image\" \/>\n<meta name=\"twitter:creator\" content=\"@sunoresearch\" \/>\n<meta name=\"twitter:site\" content=\"@sunoresearch\" \/>\n<meta name=\"twitter:label1\" content=\"Escrito por\" \/>\n\t<meta name=\"twitter:data1\" content=\"Carlo Cauti\" \/>\n\t<meta name=\"twitter:label2\" content=\"Est. tempo de leitura\" \/>\n\t<meta name=\"twitter:data2\" content=\"3 minutos\" \/>\n<script type=\"application\/ld+json\" class=\"yoast-schema-graph\">{\"@context\":\"https:\/\/schema.org\",\"@graph\":[{\"@type\":\"NewsArticle\",\"@id\":\"https:\/\/www.suno.com.br\/noticias\/cielo-registra-reducao-lucro-3t2019\/#article\",\"isPartOf\":{\"@id\":\"https:\/\/www.suno.com.br\/noticias\/cielo-registra-reducao-lucro-3t2019\/\"},\"author\":{\"name\":\"Carlo Cauti\",\"@id\":\"https:\/\/www.suno.com.br\/noticias\/#\/schema\/person\/e6e0f723cc177805027f4566c1d5e0c8\"},\"headline\":\"Cielo registra redu\u00e7\u00e3o de 17% no lucro l\u00edquido no 3T19\",\"datePublished\":\"2019-10-29T23:20:25+00:00\",\"dateModified\":\"2019-10-29T23:30:28+00:00\",\"mainEntityOfPage\":{\"@id\":\"https:\/\/www.suno.com.br\/noticias\/cielo-registra-reducao-lucro-3t2019\/\"},\"wordCount\":511,\"publisher\":{\"@id\":\"https:\/\/www.suno.com.br\/noticias\/#organization\"},\"image\":{\"@id\":\"https:\/\/www.suno.com.br\/noticias\/cielo-registra-reducao-lucro-3t2019\/#primaryimage\"},\"thumbnailUrl\":\"https:\/\/files.sunoresearch.com.br\/n\/uploads\/2019\/09\/60fb7999-cielo-jpg.webp\",\"keywords\":[\"Cielo (CIEL3)\"],\"articleSection\":[\"Neg\u00f3cios\"],\"inLanguage\":\"pt-BR\"},{\"@type\":\"WebPage\",\"@id\":\"https:\/\/www.suno.com.br\/noticias\/cielo-registra-reducao-lucro-3t2019\/\",\"url\":\"https:\/\/www.suno.com.br\/noticias\/cielo-registra-reducao-lucro-3t2019\/\",\"name\":\"Cielo registra redu\u00e7\u00e3o de 17% no lucro l\u00edquido no 3T19\",\"isPartOf\":{\"@id\":\"https:\/\/www.suno.com.br\/noticias\/#website\"},\"primaryImageOfPage\":{\"@id\":\"https:\/\/www.suno.com.br\/noticias\/cielo-registra-reducao-lucro-3t2019\/#primaryimage\"},\"image\":{\"@id\":\"https:\/\/www.suno.com.br\/noticias\/cielo-registra-reducao-lucro-3t2019\/#primaryimage\"},\"thumbnailUrl\":\"https:\/\/files.sunoresearch.com.br\/n\/uploads\/2019\/09\/60fb7999-cielo-jpg.webp\",\"datePublished\":\"2019-10-29T23:20:25+00:00\",\"dateModified\":\"2019-10-29T23:30:28+00:00\",\"description\":\"A Cielo registrou uma redu\u00e7\u00e3o do\u00a0lucro l\u00edquido de 17% em seu balan\u00e7o do terceiro trimestre de 2019. Clique aqui para saber mais.\",\"breadcrumb\":{\"@id\":\"https:\/\/www.suno.com.br\/noticias\/cielo-registra-reducao-lucro-3t2019\/#breadcrumb\"},\"inLanguage\":\"pt-BR\",\"potentialAction\":[{\"@type\":\"ReadAction\",\"target\":[\"https:\/\/www.suno.com.br\/noticias\/cielo-registra-reducao-lucro-3t2019\/\"]}]},{\"@type\":\"ImageObject\",\"inLanguage\":\"pt-BR\",\"@id\":\"https:\/\/www.suno.com.br\/noticias\/cielo-registra-reducao-lucro-3t2019\/#primaryimage\",\"url\":\"https:\/\/files.sunoresearch.com.br\/n\/uploads\/2019\/09\/60fb7999-cielo-jpg.webp\",\"contentUrl\":\"https:\/\/files.sunoresearch.com.br\/n\/uploads\/2019\/09\/60fb7999-cielo-jpg.webp\",\"width\":1920,\"height\":1280,\"caption\":\"Cielo (CIEL3). - Foto: Divulga\u00e7\u00e3o\"},{\"@type\":\"BreadcrumbList\",\"@id\":\"https:\/\/www.suno.com.br\/noticias\/cielo-registra-reducao-lucro-3t2019\/#breadcrumb\",\"itemListElement\":[{\"@type\":\"ListItem\",\"position\":1,\"name\":\"Not\u00edcias\",\"item\":\"https:\/\/www.suno.com.br\/noticias\/\"},{\"@type\":\"ListItem\",\"position\":2,\"name\":\"Neg\u00f3cios\",\"item\":\"https:\/\/www.suno.com.br\/noticias\/negocios\/\"},{\"@type\":\"ListItem\",\"position\":3,\"name\":\"Cielo registra redu\u00e7\u00e3o de 17% no lucro l\u00edquido no 3T19\"}]},{\"@type\":\"WebSite\",\"@id\":\"https:\/\/www.suno.com.br\/noticias\/#website\",\"url\":\"https:\/\/www.suno.com.br\/noticias\/\",\"name\":\"Suno Not\u00edcias\",\"description\":\"Seu portal de informa\u00e7\u00e3o sobre o mundo dos investimentos\",\"publisher\":{\"@id\":\"https:\/\/www.suno.com.br\/noticias\/#organization\"},\"potentialAction\":[{\"@type\":\"SearchAction\",\"target\":{\"@type\":\"EntryPoint\",\"urlTemplate\":\"https:\/\/www.suno.com.br\/noticias\/?s={search_term_string}\"},\"query-input\":{\"@type\":\"PropertyValueSpecification\",\"valueRequired\":true,\"valueName\":\"search_term_string\"}}],\"inLanguage\":\"pt-BR\"},{\"@type\":\"Organization\",\"@id\":\"https:\/\/www.suno.com.br\/noticias\/#organization\",\"name\":\"Suno Not\u00edcias\",\"url\":\"https:\/\/www.suno.com.br\/noticias\/\",\"logo\":{\"@type\":\"ImageObject\",\"inLanguage\":\"pt-BR\",\"@id\":\"https:\/\/www.suno.com.br\/noticias\/#\/schema\/logo\/image\/\",\"url\":\"https:\/\/files.sunoresearch.com.br\/n\/uploads\/2021\/09\/suno-logo.png\",\"contentUrl\":\"https:\/\/files.sunoresearch.com.br\/n\/uploads\/2021\/09\/suno-logo.png\",\"width\":180,\"height\":180,\"caption\":\"Suno Not\u00edcias\"},\"image\":{\"@id\":\"https:\/\/www.suno.com.br\/noticias\/#\/schema\/logo\/image\/\"},\"sameAs\":[\"https:\/\/facebook.com\/sunoresearch\",\"https:\/\/x.com\/sunoresearch\",\"https:\/\/www.instagram.com\/suno\",\"https:\/\/www.linkedin.com\/company\/suno-research\/\",\"https:\/\/www.youtube.com\/c\/sunoresearch\"]},{\"@type\":\"Person\",\"@id\":\"https:\/\/www.suno.com.br\/noticias\/#\/schema\/person\/e6e0f723cc177805027f4566c1d5e0c8\",\"name\":\"Carlo Cauti\",\"image\":{\"@type\":\"ImageObject\",\"inLanguage\":\"pt-BR\",\"@id\":\"https:\/\/www.suno.com.br\/noticias\/#\/schema\/person\/image\/\",\"url\":\"https:\/\/secure.gravatar.com\/avatar\/3ada9e0bd164c23abd4792a9606d583c?s=96&r=g\",\"contentUrl\":\"https:\/\/secure.gravatar.com\/avatar\/3ada9e0bd164c23abd4792a9606d583c?s=96&r=g\",\"caption\":\"Carlo Cauti\"},\"description\":\"Editor multim\u00eddia do SUNO Not\u00edcias. Italiano, formado em Ci\u00eancias Pol\u00edticas pela universidade LUISS G. Carli de Roma e mestre cum laude em Rela\u00e7\u00f5es Internacionais, Jornalismo Internacional e de Guerra e em Economia Internacional. Concluiu tamb\u00e9m um MBA em Finan\u00e7as na B3. No Brasil, teve passagem por ve\u00edculos como Estad\u00e3o, Globo, Veja e EXAME. e nas ag\u00eancias de not\u00edcias italianas ANSA e NOVA.\",\"url\":\"https:\/\/www.suno.com.br\/noticias\/author\/carlo-cauti\/\"}]}<\/script>\n<!-- \/ Yoast SEO plugin. -->","yoast_head_json":{"title":"Cielo registra redu\u00e7\u00e3o de 17% no lucro l\u00edquido no 3T19","description":"A Cielo registrou uma redu\u00e7\u00e3o do\u00a0lucro l\u00edquido de 17% em seu balan\u00e7o do terceiro trimestre de 2019. Clique aqui para saber mais.","robots":{"index":"index","follow":"follow","max-snippet":"max-snippet:-1","max-image-preview":"max-image-preview:large","max-video-preview":"max-video-preview:-1"},"canonical":"https:\/\/www.suno.com.br\/noticias\/cielo-registra-reducao-lucro-3t2019\/","og_locale":"pt_BR","og_type":"article","og_title":"Cielo registra redu\u00e7\u00e3o de 17% no lucro l\u00edquido no 3T19","og_description":"A Cielo registrou uma redu\u00e7\u00e3o do\u00a0lucro l\u00edquido de 17% em seu balan\u00e7o do terceiro trimestre de 2019. Clique aqui para saber mais.","og_url":"https:\/\/www.suno.com.br\/noticias\/cielo-registra-reducao-lucro-3t2019\/","og_site_name":"Suno Not\u00edcias","article_publisher":"https:\/\/facebook.com\/sunoresearch","og_image":[{"width":1920,"height":1280,"url":"https:\/\/files.sunoresearch.com.br\/n\/uploads\/2019\/09\/60fb7999-cielo.jpg","type":"image\/jpeg"}],"author":"Carlo Cauti","twitter_card":"summary_large_image","twitter_creator":"@sunoresearch","twitter_site":"@sunoresearch","twitter_misc":{"Escrito por":"Carlo Cauti","Est. tempo de leitura":"3 minutos"},"schema":{"@context":"https:\/\/schema.org","@graph":[{"@type":"NewsArticle","@id":"https:\/\/www.suno.com.br\/noticias\/cielo-registra-reducao-lucro-3t2019\/#article","isPartOf":{"@id":"https:\/\/www.suno.com.br\/noticias\/cielo-registra-reducao-lucro-3t2019\/"},"author":{"name":"Carlo Cauti","@id":"https:\/\/www.suno.com.br\/noticias\/#\/schema\/person\/e6e0f723cc177805027f4566c1d5e0c8"},"headline":"Cielo registra redu\u00e7\u00e3o de 17% no lucro l\u00edquido no 3T19","datePublished":"2019-10-29T23:20:25+00:00","dateModified":"2019-10-29T23:30:28+00:00","mainEntityOfPage":{"@id":"https:\/\/www.suno.com.br\/noticias\/cielo-registra-reducao-lucro-3t2019\/"},"wordCount":511,"publisher":{"@id":"https:\/\/www.suno.com.br\/noticias\/#organization"},"image":{"@id":"https:\/\/www.suno.com.br\/noticias\/cielo-registra-reducao-lucro-3t2019\/#primaryimage"},"thumbnailUrl":"https:\/\/files.sunoresearch.com.br\/n\/uploads\/2019\/09\/60fb7999-cielo-jpg.webp","keywords":["Cielo (CIEL3)"],"articleSection":["Neg\u00f3cios"],"inLanguage":"pt-BR"},{"@type":"WebPage","@id":"https:\/\/www.suno.com.br\/noticias\/cielo-registra-reducao-lucro-3t2019\/","url":"https:\/\/www.suno.com.br\/noticias\/cielo-registra-reducao-lucro-3t2019\/","name":"Cielo registra redu\u00e7\u00e3o de 17% no lucro l\u00edquido no 3T19","isPartOf":{"@id":"https:\/\/www.suno.com.br\/noticias\/#website"},"primaryImageOfPage":{"@id":"https:\/\/www.suno.com.br\/noticias\/cielo-registra-reducao-lucro-3t2019\/#primaryimage"},"image":{"@id":"https:\/\/www.suno.com.br\/noticias\/cielo-registra-reducao-lucro-3t2019\/#primaryimage"},"thumbnailUrl":"https:\/\/files.sunoresearch.com.br\/n\/uploads\/2019\/09\/60fb7999-cielo-jpg.webp","datePublished":"2019-10-29T23:20:25+00:00","dateModified":"2019-10-29T23:30:28+00:00","description":"A Cielo registrou uma redu\u00e7\u00e3o do\u00a0lucro l\u00edquido de 17% em seu balan\u00e7o do terceiro trimestre de 2019. Clique aqui para saber mais.","breadcrumb":{"@id":"https:\/\/www.suno.com.br\/noticias\/cielo-registra-reducao-lucro-3t2019\/#breadcrumb"},"inLanguage":"pt-BR","potentialAction":[{"@type":"ReadAction","target":["https:\/\/www.suno.com.br\/noticias\/cielo-registra-reducao-lucro-3t2019\/"]}]},{"@type":"ImageObject","inLanguage":"pt-BR","@id":"https:\/\/www.suno.com.br\/noticias\/cielo-registra-reducao-lucro-3t2019\/#primaryimage","url":"https:\/\/files.sunoresearch.com.br\/n\/uploads\/2019\/09\/60fb7999-cielo-jpg.webp","contentUrl":"https:\/\/files.sunoresearch.com.br\/n\/uploads\/2019\/09\/60fb7999-cielo-jpg.webp","width":1920,"height":1280,"caption":"Cielo (CIEL3). - Foto: Divulga\u00e7\u00e3o"},{"@type":"BreadcrumbList","@id":"https:\/\/www.suno.com.br\/noticias\/cielo-registra-reducao-lucro-3t2019\/#breadcrumb","itemListElement":[{"@type":"ListItem","position":1,"name":"Not\u00edcias","item":"https:\/\/www.suno.com.br\/noticias\/"},{"@type":"ListItem","position":2,"name":"Neg\u00f3cios","item":"https:\/\/www.suno.com.br\/noticias\/negocios\/"},{"@type":"ListItem","position":3,"name":"Cielo registra redu\u00e7\u00e3o de 17% no lucro l\u00edquido no 3T19"}]},{"@type":"WebSite","@id":"https:\/\/www.suno.com.br\/noticias\/#website","url":"https:\/\/www.suno.com.br\/noticias\/","name":"Suno Not\u00edcias","description":"Seu portal de informa\u00e7\u00e3o sobre o mundo dos investimentos","publisher":{"@id":"https:\/\/www.suno.com.br\/noticias\/#organization"},"potentialAction":[{"@type":"SearchAction","target":{"@type":"EntryPoint","urlTemplate":"https:\/\/www.suno.com.br\/noticias\/?s={search_term_string}"},"query-input":{"@type":"PropertyValueSpecification","valueRequired":true,"valueName":"search_term_string"}}],"inLanguage":"pt-BR"},{"@type":"Organization","@id":"https:\/\/www.suno.com.br\/noticias\/#organization","name":"Suno Not\u00edcias","url":"https:\/\/www.suno.com.br\/noticias\/","logo":{"@type":"ImageObject","inLanguage":"pt-BR","@id":"https:\/\/www.suno.com.br\/noticias\/#\/schema\/logo\/image\/","url":"https:\/\/files.sunoresearch.com.br\/n\/uploads\/2021\/09\/suno-logo.png","contentUrl":"https:\/\/files.sunoresearch.com.br\/n\/uploads\/2021\/09\/suno-logo.png","width":180,"height":180,"caption":"Suno Not\u00edcias"},"image":{"@id":"https:\/\/www.suno.com.br\/noticias\/#\/schema\/logo\/image\/"},"sameAs":["https:\/\/facebook.com\/sunoresearch","https:\/\/x.com\/sunoresearch","https:\/\/www.instagram.com\/suno","https:\/\/www.linkedin.com\/company\/suno-research\/","https:\/\/www.youtube.com\/c\/sunoresearch"]},{"@type":"Person","@id":"https:\/\/www.suno.com.br\/noticias\/#\/schema\/person\/e6e0f723cc177805027f4566c1d5e0c8","name":"Carlo Cauti","image":{"@type":"ImageObject","inLanguage":"pt-BR","@id":"https:\/\/www.suno.com.br\/noticias\/#\/schema\/person\/image\/","url":"https:\/\/secure.gravatar.com\/avatar\/3ada9e0bd164c23abd4792a9606d583c?s=96&r=g","contentUrl":"https:\/\/secure.gravatar.com\/avatar\/3ada9e0bd164c23abd4792a9606d583c?s=96&r=g","caption":"Carlo Cauti"},"description":"Editor multim\u00eddia do SUNO Not\u00edcias. Italiano, formado em Ci\u00eancias Pol\u00edticas pela universidade LUISS G. Carli de Roma e mestre cum laude em Rela\u00e7\u00f5es Internacionais, Jornalismo Internacional e de Guerra e em Economia Internacional. Concluiu tamb\u00e9m um MBA em Finan\u00e7as na B3. No Brasil, teve passagem por ve\u00edculos como Estad\u00e3o, Globo, Veja e EXAME. e nas ag\u00eancias de not\u00edcias italianas ANSA e NOVA.","url":"https:\/\/www.suno.com.br\/noticias\/author\/carlo-cauti\/"}]}},"default_loop_html":"<div class=\"cardsPage__listCard__boxs\"><div class=\"cardsPage__listCard__boxs__img\"><a href=\"https:\/\/www.suno.com.br\/noticias\/cielo-registra-reducao-lucro-3t2019\/\"><img class=\"mask\" src=\"https:\/\/www.suno.com.br\/noticias\/wp-content\/themes\/suno\/resources\/images\/spotlight\/spotlight1img\/bg-mask.png\" alt=\"Image Mask\"\/><img src=\"https:\/\/files.sunoresearch.com.br\/n\/uploads\/2019\/09\/60fb7999-cielo-400x200.webp\" alt=\"Cielo registra redu\u00e7\u00e3o de 17% no lucro l\u00edquido no 3T19\"\/><\/a><span class=\"spotlightCategory\"><a href=\"https:\/\/www.suno.com.br\/noticias\/negocios\/\">Neg\u00f3cios<\/a><\/span><\/div><div class=\"cardsPage__listCard__boxs__content\"><a href=\"https:\/\/www.suno.com.br\/noticias\/cielo-registra-reducao-lucro-3t2019\/\"><h2 class=\"content__title\">Cielo registra redu\u00e7\u00e3o de 17% no lucro l\u00edquido no 3T19<\/h2><\/a><div class=\"newsContent__article__meta\"><div class=\"newsContent__article__meta__authorBox\"><a href=\"https:\/\/www.suno.com.br\/noticias\/author\/carlo-cauti\/\" class=\"authorBox__avatar noMobi\"><img src=\"https:\/\/files.sunoresearch.com.br\/n\/uploads\/2020\/08\/e3745f9a-perfil-carlo-cauti-150x150.webp\" alt=\"Carlo Cauti\"><\/a><div class=\"authorBox__name\"><span>por\n\t\t\t<a href=\"https:\/\/www.suno.com.br\/noticias\/author\/carlo-cauti\/\"><span itemprop=\"author\">Carlo Cauti<\/span><\/a><\/span><time datetime=\"2019-10-29T21:20:25-03:00\" itemprop=\"datePublished\">29\/10\/2019 21:20<\/time><\/div><\/div><\/div><\/div><\/div>","single_layout":"posts","amp_enabled":true,"_links":{"self":[{"href":"https:\/\/www.suno.com.br\/noticias\/wp-json\/wp\/v2\/posts\/42884"}],"collection":[{"href":"https:\/\/www.suno.com.br\/noticias\/wp-json\/wp\/v2\/posts"}],"about":[{"href":"https:\/\/www.suno.com.br\/noticias\/wp-json\/wp\/v2\/types\/post"}],"author":[{"embeddable":true,"href":"https:\/\/www.suno.com.br\/noticias\/wp-json\/wp\/v2\/users\/9"}],"replies":[{"embeddable":true,"href":"https:\/\/www.suno.com.br\/noticias\/wp-json\/wp\/v2\/comments?post=42884"}],"version-history":[{"count":0,"href":"https:\/\/www.suno.com.br\/noticias\/wp-json\/wp\/v2\/posts\/42884\/revisions"}],"wp:featuredmedia":[{"embeddable":true,"href":"https:\/\/www.suno.com.br\/noticias\/wp-json\/wp\/v2\/media\/38318"}],"wp:attachment":[{"href":"https:\/\/www.suno.com.br\/noticias\/wp-json\/wp\/v2\/media?parent=42884"}],"wp:term":[{"taxonomy":"category","embeddable":true,"href":"https:\/\/www.suno.com.br\/noticias\/wp-json\/wp\/v2\/categories?post=42884"},{"taxonomy":"post_tag","embeddable":true,"href":"https:\/\/www.suno.com.br\/noticias\/wp-json\/wp\/v2\/tags?post=42884"},{"taxonomy":"suno_strategy","embeddable":true,"href":"https:\/\/www.suno.com.br\/noticias\/wp-json\/wp\/v2\/suno_strategy?post=42884"}],"curies":[{"name":"wp","href":"https:\/\/api.w.org\/{rel}","templated":true}]}}