{"id":428746,"date":"2023-07-13T22:35:13","date_gmt":"2023-07-14T01:35:13","guid":{"rendered":"https:\/\/www.suno.com.br\/noticias\/?p=428746"},"modified":"2023-07-13T22:35:27","modified_gmt":"2023-07-14T01:35:27","slug":"radar-telefonica-vivt3-tim-tims3-magazine-luiza-mglu3-santander-sanb11","status":"publish","type":"post","link":"https:\/\/www.suno.com.br\/noticias\/radar-telefonica-vivt3-tim-tims3-magazine-luiza-mglu3-santander-sanb11\/","title":{"rendered":"Radar: Banco projeta alta no lucro da Telef\u00f4nica (VIVT3) e TIM (TIMS3), Magazine Luiza (MGLU3) sobe no Ibovespa e Santander (SANB11) pagar\u00e1 JCP bilion\u00e1rio"},"content":{"rendered":"<p>O BTG<strong>&nbsp;<\/strong>Pactual projeta que as principais empresas de telecomunica\u00e7\u00f5es no Brasil reportem bons resultados nos balan\u00e7os do segundo trimestre, em relat\u00f3rio assinado por Carlos Sequeira, \u00e0s v\u00e9speras do in\u00edcio da temporada de balan\u00e7os. Para o banco, o principal destaque da&nbsp;<strong>Telef\u00f4nica<\/strong>&nbsp;Brasil, dona da Vivo (VIVT3), deve ser o crescimento da receita de servi\u00e7o m\u00f3vel, projetando uma alta de 7,6% na compara\u00e7\u00e3o anual, mais do que dobrando a infla\u00e7\u00e3o do IPCA no per\u00edodo.<\/p>\t<div class=\"wrapper-featured-image\">\n\t\t<figure class=\"spotlightImg\">\n\n\t\t\t<picture>\n\t\t\t\t<source media=\"(max-width: 768px)\" srcset=\"https:\/\/files.sunoresearch.com.br\/n\/uploads\/2022\/12\/orelhoes-aparelhos-telefonicos-foto-reproducao-tvbrasil-400x200.jpg\">\n\t\t\t\t<img loading=\"lazy\" decoding=\"async\" class=\"newsContent__article__imgCapa lazyloadDisabled \" src=\"https:\/\/files.sunoresearch.com.br\/n\/uploads\/2022\/12\/orelhoes-aparelhos-telefonicos-foto-reproducao-tvbrasil-800x450.jpg\" width=\"800\" height=\"450\" alt=\"Radar: Banco projeta alta no lucro da Telef\u00f4nica (VIVT3) e TIM (TIMS3), Magazine Luiza (MGLU3) sobe no Ibovespa e Santander (SANB11) pagar\u00e1 JCP bilion\u00e1rio\" fetchpriority=high \/>\n\t\t\t<\/picture>\n\n\t\t\t<figcaption class=\"wp-caption-text wp-caption-text--show\">Orelh\u00f5es, telefones p\u00fablicos. Foto: Reprodu\u00e7\u00e3o\/TV Brasil<\/figcaption>\n\t\t<\/figure>\n\t<\/div>\n\n\n\n\n\n\t<p>\n\t\t<a href=\"https:\/\/lp.suno.com.br\/planilha-da-vida-financeira\/\" target=\"_blank\" data-element=\"shortcode-suno-banner\" title=\"Banner SUNO, clique e saiba mais\">\n\t\t\t<picture>\n\t\t\t\t<source media=\"(max-width: 500px)\" srcset=\"https:\/\/files.sunoresearch.com.br\/n\/uploads\/2023\/04\/400x300-Planilha-vida-financeira-true.png\">\n\t\t\t\t<img class=\"newsContent__article__imgCapa newsContent__article__imgCapa--banner\"\n\t\t\t\t\tsrc=\"https:\/\/files.sunoresearch.com.br\/n\/uploads\/2023\/04\/1420x240-Planilha-vida-financeira-true.png\"\n\t\t\t\t\tdata-promo-id=\"106682\"\t\t\t\t\t\t\t\t\t\twidth='1420' height='240'\t\t\t\t\talt=\"https:\/\/files.sunoresearch.com.br\/n\/uploads\/2023\/04\/1420x240-Planilha-vida-financeira-true.png\"\n\t\t\t\t>\n\t\t\t<\/picture>\n\t\t<\/a>\n\t<\/p>\n\n\n\n\n\n\n\n<p>O banco projeta que a&nbsp;<strong>TIM (TIMS3)&nbsp;<\/strong>entregue uma expans\u00e3o de margem de 1,7 ponto percentual em um ano.<\/p>\n\n\n\n<p>\u201cOs&nbsp;<strong>resultados da TIM&nbsp;<\/strong>ainda ser\u00e3o beneficiados pela consolida\u00e7\u00e3o da aquisi\u00e7\u00e3o da Oi (OIBR3), pois a empresa come\u00e7ou a consolidar os n\u00fameros a partir de maio de 2022, enquanto os&nbsp;<strong>n\u00fameros da Vivo<\/strong>&nbsp;n\u00e3o ter\u00e3o esse benef\u00edcio, pois reportou o segundo trimestre de 2022 com a opera\u00e7\u00e3o da Oi consolidada para todo o trimestre\u201d, diz o texto.<\/p>\n\n\n\n<p>As&nbsp;<strong>a\u00e7\u00f5es da TIM e da Telef\u00f4nica<\/strong>&nbsp;v\u00eam mostrando desempenho inferior ao mercado amplo (TIM e Vivo ca\u00edram 7% desde a alta de junho, enquanto o Ibovespa caiu 1,6% no per\u00edodo). A liquida\u00e7\u00e3o reduziu o pr\u00eamio das duas grandes empresas de telecomunica\u00e7\u00f5es brasileiras em rela\u00e7\u00e3o aos seus pares globais.<\/p>\n\n\n\n<p>\u201cEmbora ainda seja um pr\u00eamio, os bons resultados do segundo trimestre de ambas as empresas devem confirmar o momento operacional positivo do setor e apoiar o desempenho das a\u00e7\u00f5es no&nbsp;<a href=\"https:\/\/www.suno.com.br\/artigos\/curto-prazo\/\" target=\"_blank\" rel=\"noreferrer noopener\">curto prazo<\/a>. Os dividend yields atraentes, de 6,8% para a TIM e 10,4% para a Vivo em 2023 (contra 7,3% dos pares nos EUA) tamb\u00e9m devem sustentar os pre\u00e7os das a\u00e7\u00f5es\u201d, completou o time de an\u00e1lise.<\/p>\n\n\n\n<p>Al\u00e9m de Telef\u00f4nica, confira outros destaques desta quinta-feira:<\/p>\n\n\n\n<h2 class=\"wp-block-heading\">Magazine Luiza (MGLU3) sobe no Ibovespa com uma not\u00edcia sobre o governo. E as outras varejistas?<\/h2>\n\n\n\n<ul class=\"wp-block-list\">\n<li>As a\u00e7\u00f5es das grandes&nbsp;<strong>varejistas<\/strong>&nbsp;brasileiras fecharam em alta na tarde desta quinta-feira (13) diante das not\u00edcias que o governo Lula prepara um pacote de incentivos para eletrodom\u00e9sticos da linha branca. A perspectiva fez com que a\u00e7\u00f5es como a da&nbsp;<strong><a href=\"https:\/\/www.suno.com.br\/acoes\/MGLU3\/\" target=\"_blank\" rel=\"noreferrer noopener\">Magazine Luiza (MGLU3)<\/a>&nbsp;<\/strong>saltassem no Ibovespa hoje.<\/li>\n<\/ul>\n\n\n\n<ul class=\"wp-block-list\">\n<li>No fechamento, as a\u00e7\u00f5es do Magazine Luiza subiram 1,3% (R$ 3,02) e Natura &amp;Co (NTCO3) avan\u00e7ou 0,25% (R$ 16,31). A Via (VIIA3) chegou a subir, mas acabou fechando em queda: 0,51% (R$ 1,95).<\/li>\n<\/ul>\n\n\n\n<ul class=\"wp-block-list\">\n<li>A isen\u00e7\u00e3o do governo \u00e0s varejistas estrangeiras ainda impacta o setor, sobretudo de empresas de vestu\u00e1rio \u2013 afetadas ainda pela not\u00edcia da chegada de outra chinesa no pa\u00eds, a Temu, do grupo asi\u00e1tico Pinduoduo (PDD).<\/li>\n<\/ul>\n\n\n\n<ul class=\"wp-block-list\">\n<li>O cen\u00e1rio pode piorar, segundo relat\u00f3rio do Bank of America, que no in\u00edcio da semana rebaixou a recomenda\u00e7\u00e3o do pr\u00f3prio Magazine Luiza e do Mercado Livre (MELI34).<\/li>\n<\/ul>\n\n\n\n<ul class=\"wp-block-list\">\n<li>Outras varejistas acabaram empacando na Bolsa:&nbsp;<a href=\"https:\/\/www.suno.com.br\/acoes\/LREN3\/\" target=\"_blank\" rel=\"noreferrer noopener\">Lojas Renner (LREN3)<\/a>&nbsp;caiu 0,65% (R$ 18,45), o&nbsp;<a href=\"https:\/\/www.suno.com.br\/acoes\/SOMA3\/\" target=\"_blank\" rel=\"noreferrer noopener\">Grupo Soma (SOMA3)<\/a>&nbsp;recuou 2,23% (R$ 10,95),&nbsp;<a href=\"https:\/\/www.suno.com.br\/acoes\/LREN3\/\" target=\"_blank\" rel=\"noreferrer noopener\">Lojas Renner (LREN3)<\/a>&nbsp;cedeu 0,65% (R$ 18,66);&nbsp;<a href=\"https:\/\/www.suno.com.br\/acoes\/ALPA4\/\" target=\"_blank\" rel=\"noreferrer noopener\">Alpargatas (ALPA4)<\/a>&nbsp;caiu 1,3% (R$ 8,76); e&nbsp;<a href=\"https:\/\/www.suno.com.br\/acoes\/ARZZ3\/\" target=\"_blank\" rel=\"noreferrer noopener\">Arezzo (ARZZ3)<\/a>&nbsp;teve baixa de 1,17% (R$ 80,25). O Carrefour (CRFB3) desabou 3,13% (R$ 11,11)<\/li>\n<\/ul>\n\n\n\n<ul class=\"wp-block-list\">\n<li>O setor de eletrodom\u00e9sticos trabalha em uma proposta de pol\u00edtica p\u00fablica para substitui\u00e7\u00e3o de aparelhos ap\u00f3s o presidente Lula sugerir um programa voltado ao setor. o que pode fazer com que as&nbsp;<strong>a\u00e7\u00f5es da Magazine Luiza<\/strong>&nbsp;e da Via se recuperem \u2013 em meio tamb\u00e9m \u00e0 perspectiva de corte da Selic, que deve ocorrer neste 2\u00ba semestre<\/li>\n<\/ul>\n\n\n\n<ul class=\"wp-block-list\">\n<li>Nos \u00faltimos 30 dias, os<strong>&nbsp;pap\u00e9is do<\/strong>&nbsp;<strong>Magazine Luiza<\/strong>&nbsp;ca\u00edram 22%. Apesar disso, o rali do in\u00edcio do ano mant\u00e9m o saldo positivo no acumulado de 2023, com valoriza\u00e7\u00e3o de 19%.<\/li>\n<\/ul>\n\n\n\n<h2 class=\"wp-block-heading\">Santander (SANB11) anuncia pagamento de JCP bilion\u00e1rio; veja o valor por a\u00e7\u00e3o<\/h2>\n\n\n\n<ul class=\"wp-block-list\">\n<li>O&nbsp;<a href=\"https:\/\/www.suno.com.br\/artigos\/conselho-administracao\/\" target=\"_blank\" rel=\"noreferrer noopener\">conselho de administra\u00e7\u00e3o<\/a>&nbsp;do&nbsp;<a href=\"https:\/\/www.suno.com.br\/acoes\/SANB11\/\" target=\"_blank\" rel=\"noreferrer noopener\"><strong>Santander&nbsp;<\/strong>(SANB11)<\/a>&nbsp;aprovou a distribui\u00e7\u00e3o de juros sobre&nbsp;<a href=\"https:\/\/www.suno.com.br\/artigos\/capital-proprio\/\" target=\"_blank\" rel=\"noreferrer noopener\">capital pr\u00f3prio<\/a>&nbsp;no valor de R$ 1,5 bilh\u00e3o, conforme decidido em reuni\u00e3o realizada hoje (13).<\/li>\n<\/ul>\n\n\n\n<ul class=\"wp-block-list\">\n<li>Os&nbsp;<strong>JCP do Santander&nbsp;<\/strong>ter\u00e3o o valor aproximado de R$ 0,192 por a\u00e7\u00e3o ordin\u00e1ria, R$ 0,211 por a\u00e7\u00e3o preferencial e R$ 0,403 por Unit.<\/li>\n<\/ul>\n\n\n\n<ul class=\"wp-block-list\">\n<li>Os&nbsp;<strong>juros sobre capital pr\u00f3prio do Santander<\/strong>&nbsp;t\u00eam como base o resultado do trimestre encerrado em 30 de junho de 2023.<\/li>\n<\/ul>\n\n\n\n<ul class=\"wp-block-list\">\n<li>No entanto, ap\u00f3s deduzido o valor do Imposto de Renda Retido na Fonte (IRRF), o montante l\u00edquido de proventos cai para R$ 1,275 bilh\u00e3o.<\/li>\n<\/ul>\n\n\n\n<ul class=\"wp-block-list\">\n<li>Esse novo montante representa valores aproximados de R$ 0,163 por a\u00e7\u00e3o ordin\u00e1ria, R$ 0,17958 por a\u00e7\u00e3o preferencial e R$ 0,3428 por Unit, exceto no caso dos acionistas que provarem ser imunes ou isentos dessa tributa\u00e7\u00e3o de IR.<\/li>\n<\/ul>\n\n\n\n<ul class=\"wp-block-list\">\n<li>Os&nbsp;<strong>proventos do Santander<\/strong>&nbsp;ser\u00e3o pagos a partir do dia 16 de agosto de 2023, e imputados totalmente aos&nbsp;<a href=\"https:\/\/www.suno.com.br\/guias\/dividendos\/\" target=\"_blank\" rel=\"noreferrer noopener\">dividendos<\/a>&nbsp;obrigat\u00f3rios da empresa referentes ao exerc\u00edcio de 2023. Al\u00e9m disso, n\u00e3o haver\u00e1 qualquer remunera\u00e7\u00e3o de atualiza\u00e7\u00e3o monet\u00e1ria.<\/li>\n<\/ul>\n\n\n\n<ul class=\"wp-block-list\">\n<li>Os juros sobre capital pr\u00f3prio ser\u00e3o pagos aos acionistas que estiverem comprados nas&nbsp;<strong>a\u00e7\u00f5es do Santander<\/strong>&nbsp;at\u00e9 o final da sess\u00e3o de 20 de julho de 2023. Sendo assim, a partir da sess\u00e3o seguinte (21), os pap\u00e9is do banco ser\u00e3o negociados na Bolsa sem direito aos proventos.<\/li>\n<\/ul>\n\n\n\n<ul class=\"wp-block-list\">\n<li>Por fim, o Santander esclarece que, para os American Depositary Receipts (ADRs) negociados na Bolsa de Nova York, o pagamento de proventos vai acontecer por meio do The Bank of New York Mellon, que \u00e9 o banco deposit\u00e1rio dos ADRs.<\/li>\n<\/ul>\n\n\n\n<h2 class=\"wp-block-heading\"><a><\/a>JCP do Santander<\/h2>\n\n\n\n<ul class=\"wp-block-list\">\n<li>Valor total: R$ 1.500.000.000,00;<\/li>\n\n\n\n<li>Valor por a\u00e7\u00e3o: R$ 0,19206934435 (ON), R$ 0,21127627878 (PN) e R$ 0,40334562313 (Unit);<\/li>\n\n\n\n<li>Data de corte: 20 de julho de 2023;<\/li>\n\n\n\n<li>Data do pagamento: a partir do dia 16 de agosto de 2023.<\/li>\n<\/ul>\n\n\n\n<ul class=\"wp-block-list\">\n<li>Conforme dados do portal Status Invest, o \u00faltimo provento pago pelo Santander foi em maio de 2023, quando o banco distribuiu R$ 0,40326146 por a\u00e7\u00e3o em JCP.<\/li>\n<\/ul>\n\n\n\n<ul class=\"wp-block-list\">\n<li>Al\u00e9m disso, o Santander tamb\u00e9m pagou JCP de R$ 0,45762922 por a\u00e7\u00e3o em mar\u00e7o, sendo estes os dois \u00fanicos proventos do banco neste ano de 2023.<\/li>\n<\/ul>\n\n\n\n<ul class=\"wp-block-list\">\n<li>As Units do&nbsp;<strong>Santander<\/strong>, negociadas sob o ticker SANB11, encerraram a sess\u00e3o de hoje (13) em alta de 1,27%, ap\u00f3s amargarem 3 sess\u00f5es seguidas de baixa. No m\u00eas de julho, o desempenho desses pap\u00e9is ainda \u00e9 negativo em 3,66%.<\/li>\n<\/ul>\n\n\n\t<p>\n\t\t<a href=\"https:\/\/lp.suno.com.br\/ebook-como-analisar-uma-acao\/\" target=\"_blank\" data-element=\"shortcode-suno-banner\" title=\"Banner SUNO, clique e saiba mais\">\n\t\t\t<picture>\n\t\t\t\t<source media=\"(max-width: 500px)\" srcset=\"https:\/\/files.sunoresearch.com.br\/n\/uploads\/2023\/03\/Ebook-Acoes-Mobile.jpg\">\n\t\t\t\t<img class=\"newsContent__article__imgCapa newsContent__article__imgCapa--banner\"\n\t\t\t\t\tsrc=\"https:\/\/files.sunoresearch.com.br\/n\/uploads\/2023\/03\/Ebook-Acoes-Desktop.jpg\"\n\t\t\t\t\tdata-promo-id=\"378302\"\t\t\t\t\t\t\t\t\t\twidth='1420' height='286'\t\t\t\t\talt=\"https:\/\/files.sunoresearch.com.br\/n\/uploads\/2023\/03\/Ebook-Acoes-Desktop.jpg\"\n\t\t\t\t>\n\t\t\t<\/picture>\n\t\t<\/a>\n\t<\/p>\n\n\n\n\n\n<h2 class=\"wp-block-heading\">Oi (OIBR3) terminou maio com R$ 1,4 bilh\u00e3o em caixa<\/h2>\n\n\n\n<ul class=\"wp-block-list\">\n<li>A&nbsp;<a href=\"https:\/\/www.suno.com.br\/acoes\/OIBR3\/\" target=\"_blank\" rel=\"noreferrer noopener\"><strong>Oi<\/strong>&nbsp;(OIBR3)<\/a>&nbsp;fechou o m\u00eas de maio com uma cifra de R$ 1,429 bilh\u00e3o em seu caixa, conforme documento arquivado na Comiss\u00e3o de Valores Mobili\u00e1rios (CVM) nesta quinta-feira (13). A cifra \u00e9 R$ 137 milh\u00f5es maior do que a de igual per\u00edodo no ano anterior.<\/li>\n<\/ul>\n\n\n\n<ul class=\"wp-block-list\">\n<li>O documento, que se refere ao fluxo de caixa mensal da Oi, detalha o recebimento de R$ 1,026 bilh\u00e3o, ao passo que os pagamentos totalizaram R$ 882 milh\u00f5es, com R$ 7 milh\u00f5es em investimentos em maio.<\/li>\n<\/ul>\n\n\n\n<ul class=\"wp-block-list\">\n<li>No fim de janeiro deste ano, a Oi detinha R$ 2 bilh\u00f5es em caixa. Veja o fluxo mensal:<\/li>\n<\/ul>\n\n\n\n<ul class=\"wp-block-list\">\n<li>Janeiro\/23 \u2013 R$ 2,003 bilh\u00f5es<\/li>\n\n\n\n<li>Fevereiro\/23 \u2013 R$ 1,099 bilh\u00e3o<\/li>\n\n\n\n<li>Mar\u00e7o\/23 \u2013 R$ 1,399 bilh\u00e3o<\/li>\n\n\n\n<li>Abril\/23 \u2013 R$ 1,201 bilh\u00e3o<\/li>\n\n\n\n<li>Maio \u2013 R$ 1,429 bilh\u00e3o<\/li>\n<\/ul>\n\n\n\n<h2 class=\"wp-block-heading\">Eletrom\u00eddia (ELMD3): Globo obt\u00e9m aprova\u00e7\u00e3o do Cade para adquirir fatia da empresa; analistas recomendam compra da a\u00e7\u00e3o<\/h2>\n\n\n\n<ul class=\"wp-block-list\">\n<li>O&nbsp;<a href=\"https:\/\/www.suno.com.br\/artigos\/cade\/\" target=\"_blank\" rel=\"noreferrer noopener\">Conselho Administrativo de Defesa Econ\u00f4mica (Cade)<\/a>&nbsp;aprovou, sem restri\u00e7\u00f5es, que o grupo Globo comprasse o equivalente a 8,57% do capital social da&nbsp;<strong>Eletrom\u00eddia&nbsp;<\/strong>(ELMD3).<\/li>\n<\/ul>\n\n\n\n<ul class=\"wp-block-list\">\n<li>A compra de 12 milh\u00f5es de&nbsp;<a href=\"https:\/\/www.suno.com.br\/artigos\/o-que-sao-acoes-ordinarias-preferenciais-e-units\/\" target=\"_blank\" rel=\"noreferrer noopener\">a\u00e7\u00f5es ordin\u00e1rias<\/a>&nbsp;foi efetuada pela Globo Comunica\u00e7\u00e3o e Participa\u00e7\u00f5es junto ao&nbsp;<strong>fundo de investimento Versuvius<\/strong>&nbsp;e ao acionista Alexandre Guerreiro Martins.<\/li>\n<\/ul>\n\n\n\n<ul class=\"wp-block-list\">\n<li>Antes da<strong>&nbsp;compra na Eletrom\u00eddia<\/strong>, a Globo detinha uma fatia de 10,67% da companhia. O fundo Versuvius \u00e9 dono de 55,32% e o fundo Equitas det\u00e9m 7,13%.<\/li>\n<\/ul>\n\n\n\n<ul class=\"wp-block-list\">\n<li>Com a autoriza\u00e7\u00e3o para o neg\u00f3cio, a Globo ser\u00e1 dona de 19,3% da empresa e passa a ter direito a um assento no&nbsp;<a href=\"https:\/\/www.suno.com.br\/artigos\/conselho-administracao\/\" target=\"_blank\" rel=\"noreferrer noopener\">conselho de administra\u00e7\u00e3o<\/a>&nbsp;da empresa.<\/li>\n<\/ul>\n\n\n\n<ul class=\"wp-block-list\">\n<li>No fechamento, a a\u00e7\u00e3o da&nbsp;<strong>Eletromidia<\/strong>&nbsp;(ELMD3) subiu 2,41%, a R$ 14,89.<\/li>\n<\/ul>\n\n\n\n<h2 class=\"wp-block-heading\">Qual impacto do Plano Safra 2023\/24 para o Banco do Brasil (BBAS3) e BB Seguridade (BBSE3)? Analistas respondem<\/h2>\n\n\n\n<ul class=\"wp-block-list\">\n<li>No final de junho, o governo federal divulgou o&nbsp;<a href=\"https:\/\/www.suno.com.br\/artigos\/plano-safra\/\" target=\"_blank\" rel=\"noreferrer noopener\">Plano Safra<\/a>&nbsp;2023\/24, com recursos na casa dos R$ 364,22 bilh\u00f5es para m\u00e9dios e grandes produtores. Desse montante, o<strong>&nbsp;Banco do Brasil&nbsp;<\/strong>(BBAS3) poder\u00e1 oferecer R$ 35 bilh\u00f5es por meio de v\u00e1rias linhas de cr\u00e9dito, 15% abaixo dos R$ 41 bilh\u00f5es disponibilizados na temporada anterior.<\/li>\n<\/ul>\n\n\n\n<ul class=\"wp-block-list\">\n<li><strong>Analistas do BTG<\/strong>&nbsp;Pactual dizem que o n\u00famero do&nbsp;<strong>Plano Safra<\/strong>&nbsp;reflete o aumento de&nbsp;<a href=\"https:\/\/www.suno.com.br\/artigos\/instituicoes-financeiras\/\" target=\"_blank\" rel=\"noreferrer noopener\">institui\u00e7\u00f5es financeiras<\/a>&nbsp;(21 neste ano contra 11 na safra passada) buscando recursos subsidiados, levando a fatias menores do bolo que ficou maior para os envolvidos.<\/li>\n<\/ul>\n\n\n\n<ul class=\"wp-block-list\">\n<li>\u201cApesar da queda, o Banco do Brasil conquistou a maior parcela das<strong>&nbsp;linhas de cr\u00e9dito<\/strong>&nbsp;subsidiadas pelo governo para agricultura empresarial e familiar\u201d, informam os analistas.<\/li>\n<\/ul>\n\n\n\n<ul class=\"wp-block-list\">\n<li>Tamb\u00e9m \u00e9 esperado que o Banco do Brasil receba mais recursos no decorrer da safra. Na temporada passada, o&nbsp;<strong>BB<\/strong>&nbsp;encerrou com R$ 53 bilh\u00f5es em volumes subsidiados, embora tenha come\u00e7ado com R$ 41 bilh\u00f5es.<\/li>\n<\/ul>\n\n\n\n<ul class=\"wp-block-list\">\n<li>\u201cIsso se deve a um c\u00e1lculo baseado nos desembolsos dos&nbsp;<a href=\"https:\/\/www.suno.com.br\/noticias\/web-stories\/veja-bancos-pagam-maior-remuneracao-anual-executivos\/\">bancos<\/a>&nbsp;a cada 3 meses. Aqueles que desembolsam menos de 80% do valor planejado no trimestre podem ter seu financiamento n\u00e3o desembolsado redirecionado. Essa \u00e9 uma medida governamental interessante para tornar as institui\u00e7\u00f5es mais eficientes na aplica\u00e7\u00e3o de recursos. Com a grande abrang\u00eancia do BB, espera-se capturar mais volumes\u201d, projetam a&nbsp;<strong>equipe do BTG<\/strong>.<\/li>\n<\/ul>\n\n\n\n<h2 class=\"wp-block-heading\">Banco eleva pre\u00e7o alvo da Cogna (COGN3) em 59% e rebaixa Yduqs (YDUQ3); Veja os motivos<\/h2>\n\n\n\n<ul class=\"wp-block-list\">\n<li>O Morgan Stanley publicou um relat\u00f3rio sobre empresas do setor de educa\u00e7\u00e3o. O banco elevou a recomenda\u00e7\u00e3o de&nbsp;<a href=\"https:\/\/www.suno.com.br\/acoes\/COGN3\/\" target=\"_blank\" rel=\"noreferrer noopener\"><strong>Cogna&nbsp;<\/strong>(COGN3)<\/a>&nbsp;de venda para neutra. Por outro lado, rebaixou a recomenda\u00e7\u00e3o de&nbsp;<a href=\"https:\/\/www.suno.com.br\/acoes\/yduq3\/\" target=\"_blank\" rel=\"noreferrer noopener\">Yduqs (YDUQ3)<\/a>&nbsp;de compra para neutra.<\/li>\n<\/ul>\n\n\n\n<ul class=\"wp-block-list\">\n<li>O relat\u00f3rio do&nbsp;<strong>Morgan Stanley<\/strong>&nbsp;foi elaborado ap\u00f3s as a\u00e7\u00f5es do setor passarem por um grande rali de alta na Bolsa de Valores neste ano, impulsionado principalmente pelo planejamento do novo governo em tomar novas medidas de est\u00edmulo ao ensino superior.<\/li>\n<\/ul>\n\n\n\n<ul class=\"wp-block-list\">\n<li>Al\u00e9m disso, as empresas do&nbsp;<strong>setor de educa\u00e7\u00e3o<\/strong>&nbsp;tamb\u00e9m se beneficiaram do aumento das expectativas de que um corte na Selic est\u00e1 pr\u00f3ximo, conforme projetam os analistas do mercado financeiro.<\/li>\n<\/ul>\n\n\n\n<ul class=\"wp-block-list\">\n<li>Ap\u00f3s a divulga\u00e7\u00e3o do relat\u00f3rio do Morgan Stanley, as&nbsp;<strong>a\u00e7\u00f5es de Cogna<\/strong>&nbsp;e&nbsp;<strong>Yduqs<\/strong>&nbsp;reagiram de formas opostas. Enquanto os pap\u00e9is&nbsp;<strong>COGN3&nbsp;<\/strong>subiram 2,2% na Bolsa, os pap\u00e9is&nbsp;<strong>YDUQ3&nbsp;<\/strong>tiveram queda de 2,48%.<\/li>\n<\/ul>\n\n\n\n<p>Da Telef\u00f4nica ao Santander, essas foram as empresas que se destacaram hoje. Para ler todas as mat\u00e9rias&nbsp;<strong><a href=\"https:\/\/www.suno.com.br\/noticias\/todos\/?utm_content=XYOE2ItQuUY.20201113&amp;utm_campaign=Track%2B&amp;utm_medium=video&amp;utm_source=telegram.sunoresearch\" target=\"_blank\" rel=\"noreferrer noopener\">clique aqui<\/a><\/strong>.<a href=\"https:\/\/lp.suno.com.br\/pv\/sr-fiis\/oferta-relampago-40off\/\" target=\"_blank\" rel=\"noreferrer noopener\"><\/a><a href=\"https:\/\/lp.suno.com.br\/suno-one\/\" target=\"_blank\" rel=\"noreferrer noopener\"><\/a><a href=\"https:\/\/lp.suno.com.br\/pv\/sr-start\/aniversario-2023\/\" target=\"_blank\" rel=\"noreferrer noopener\"><\/a><a href=\"https:\/\/lp.suno.com.br\/suno-one\/\" target=\"_blank\" rel=\"noreferrer noopener\"><\/a><a href=\"https:\/\/lp.suno.com.br\/suno-one\/\" target=\"_blank\" rel=\"noreferrer noopener\"><\/a><a href=\"https:\/\/lp.suno.com.br\/suno-one\/\" target=\"_blank\" rel=\"noreferrer noopener\"><\/a><a href=\"https:\/\/lp.suno.com.br\/pv\/sr-premium\/1-real-para-investir\/\" target=\"_blank\" rel=\"noreferrer noopener\"><\/a><a href=\"https:\/\/lp.suno.com.br\/pv\/sr-premium\/1-real-para-investir\/\" target=\"_blank\" rel=\"noreferrer noopener\"><\/a><a href=\"https:\/\/www.suno.com.br\/noticias\/tags\/semana-tematica\" target=\"_blank\" rel=\"noreferrer noopener\"><\/a><a href=\"https:\/\/www.suno.com.br\/noticias\/tags\/semana-tematica\" target=\"_blank\" rel=\"noreferrer noopener\"><\/a><a href=\"https:\/\/www.suno.com.br\/noticias\/tags\/semana-tematica\" target=\"_blank\" rel=\"noreferrer noopener\"><\/a><a href=\"https:\/\/www.suno.com.br\/noticias\/tags\/semana-tematica\" target=\"_blank\" rel=\"noreferrer noopener\"><\/a><\/p>\n\n\n\t<p>\n\t\t<a href=\"https:\/\/lp.suno.com.br\/planilha-da-vida-financeira\/\" target=\"_blank\" data-element=\"shortcode-suno-banner\" title=\"Banner SUNO, clique e saiba mais\">\n\t\t\t<picture>\n\t\t\t\t<source media=\"(max-width: 500px)\" srcset=\"https:\/\/files.sunoresearch.com.br\/n\/uploads\/2023\/04\/400x300-Planilha-vida-financeira-true.png\">\n\t\t\t\t<img class=\"newsContent__article__imgCapa newsContent__article__imgCapa--banner\"\n\t\t\t\t\tsrc=\"https:\/\/files.sunoresearch.com.br\/n\/uploads\/2023\/04\/1420x240-Planilha-vida-financeira-true.png\"\n\t\t\t\t\tdata-promo-id=\"383123\"\t\t\t\t\t\t\t\t\t\twidth='1420' height='240'\t\t\t\t\talt=\"https:\/\/files.sunoresearch.com.br\/n\/uploads\/2023\/04\/1420x240-Planilha-vida-financeira-true.png\"\n\t\t\t\t>\n\t\t\t<\/picture>\n\t\t<\/a>\n\t<\/p>\n\n\n","protected":false},"excerpt":{"rendered":"<p>O BTG&nbsp;Pactual projeta que as principais empresas de telecomunica\u00e7\u00f5es no Brasil reportem bons resultados nos balan\u00e7os do segundo trimestre, em relat\u00f3rio assinado por Carlos Sequeira, \u00e0s v\u00e9speras do in\u00edcio da temporada de balan\u00e7os. Para o banco, o principal destaque da&nbsp;Telef\u00f4nica&nbsp;Brasil, dona da Vivo (VIVT3), deve ser o crescimento da receita de servi\u00e7o m\u00f3vel, projetando uma [&hellip;]<\/p>\n","protected":false},"author":227,"featured_media":330473,"comment_status":"closed","ping_status":"closed","sticky":false,"template":"","format":"standard","meta":[],"categories":[64],"tags":[732,378,2257,105477,548,584,624,659,663,2363],"suno_strategy":[],"class_list":["post-428746","post","type-post","status-publish","format-standard","has-post-thumbnail","hentry","category-negocios","tag-banco-do-brasil-bbas3","tag-bb-seguridade-bbse3","tag-cogna-cogn3","tag-eletromidia-elmd3","tag-magazine-luiza-mglu3","tag-oi-oibr3-oibr4","tag-santander-sanb11-sanb3-sanb4","tag-telefonica-vivt3","tag-tim-tims3","tag-yduqs-yduq3"],"yoast_head":"<!-- This site is optimized with the Yoast SEO plugin v24.4 - https:\/\/yoast.com\/wordpress\/plugins\/seo\/ -->\n<title>Radar: Banco projeta alta no lucro da Telef\u00f4nica (VIVT3) e TIM (TIMS3), Magazine Luiza (MGLU3) sobe no Ibovespa e Santander (SANB11) pagar\u00e1 JCP bilion\u00e1rio<\/title>\n<meta name=\"description\" content=\"Banco projeta alta nos lucros de Telef\u00f4nica (VIVT3) e TIM (TIMS3), Magazine Luiza (MGLU3) sobe no Ibovespa e Santander (SANB11) pagar\u00e1 JCP bilion\u00e1rio\" \/>\n<meta name=\"robots\" content=\"index, follow, max-snippet:-1, max-image-preview:large, max-video-preview:-1\" \/>\n<link rel=\"canonical\" href=\"https:\/\/www.suno.com.br\/noticias\/radar-telefonica-vivt3-tim-tims3-magazine-luiza-mglu3-santander-sanb11\/\" \/>\n<meta property=\"og:locale\" content=\"pt_BR\" \/>\n<meta property=\"og:type\" content=\"article\" \/>\n<meta property=\"og:title\" content=\"Radar: Banco projeta alta no lucro da Telef\u00f4nica (VIVT3) e TIM (TIMS3), Magazine Luiza (MGLU3) sobe no Ibovespa e Santander (SANB11) pagar\u00e1 JCP bilion\u00e1rio\" \/>\n<meta property=\"og:description\" content=\"Banco projeta alta nos lucros de Telef\u00f4nica (VIVT3) e TIM (TIMS3), Magazine Luiza (MGLU3) sobe no Ibovespa e Santander (SANB11) pagar\u00e1 JCP bilion\u00e1rio\" \/>\n<meta property=\"og:url\" content=\"https:\/\/www.suno.com.br\/noticias\/radar-telefonica-vivt3-tim-tims3-magazine-luiza-mglu3-santander-sanb11\/\" \/>\n<meta property=\"og:site_name\" content=\"Suno Not\u00edcias\" \/>\n<meta property=\"article:publisher\" content=\"https:\/\/facebook.com\/sunoresearch\" \/>\n<meta property=\"og:image\" content=\"https:\/\/files.sunoresearch.com.br\/n\/uploads\/2022\/12\/orelhoes-aparelhos-telefonicos-foto-reproducao-tvbrasil.jpg\" \/>\n\t<meta property=\"og:image:width\" content=\"1200\" \/>\n\t<meta property=\"og:image:height\" content=\"675\" \/>\n\t<meta property=\"og:image:type\" content=\"image\/jpeg\" \/>\n<meta name=\"author\" content=\"Vanessa Loiola\" \/>\n<meta name=\"twitter:card\" content=\"summary_large_image\" \/>\n<meta name=\"twitter:creator\" content=\"@sunoresearch\" \/>\n<meta name=\"twitter:site\" content=\"@sunoresearch\" \/>\n<meta name=\"twitter:label1\" content=\"Escrito por\" \/>\n\t<meta name=\"twitter:data1\" content=\"Vanessa Loiola\" \/>\n\t<meta name=\"twitter:label2\" content=\"Est. tempo de leitura\" \/>\n\t<meta name=\"twitter:data2\" content=\"10 minutos\" \/>\n<script type=\"application\/ld+json\" class=\"yoast-schema-graph\">{\"@context\":\"https:\/\/schema.org\",\"@graph\":[{\"@type\":\"NewsArticle\",\"@id\":\"https:\/\/www.suno.com.br\/noticias\/radar-telefonica-vivt3-tim-tims3-magazine-luiza-mglu3-santander-sanb11\/#article\",\"isPartOf\":{\"@id\":\"https:\/\/www.suno.com.br\/noticias\/radar-telefonica-vivt3-tim-tims3-magazine-luiza-mglu3-santander-sanb11\/\"},\"author\":{\"name\":\"Vanessa Loiola\",\"@id\":\"https:\/\/www.suno.com.br\/noticias\/#\/schema\/person\/450c455ecff319bab1f1a0e643451479\"},\"headline\":\"Radar: Banco projeta alta no lucro da Telef\u00f4nica (VIVT3) e TIM (TIMS3), Magazine Luiza (MGLU3) sobe no Ibovespa e Santander (SANB11) pagar\u00e1 JCP bilion\u00e1rio\",\"datePublished\":\"2023-07-14T01:35:13+00:00\",\"dateModified\":\"2023-07-14T01:35:27+00:00\",\"mainEntityOfPage\":{\"@id\":\"https:\/\/www.suno.com.br\/noticias\/radar-telefonica-vivt3-tim-tims3-magazine-luiza-mglu3-santander-sanb11\/\"},\"wordCount\":1863,\"publisher\":{\"@id\":\"https:\/\/www.suno.com.br\/noticias\/#organization\"},\"image\":{\"@id\":\"https:\/\/www.suno.com.br\/noticias\/radar-telefonica-vivt3-tim-tims3-magazine-luiza-mglu3-santander-sanb11\/#primaryimage\"},\"thumbnailUrl\":\"https:\/\/files.sunoresearch.com.br\/n\/uploads\/2022\/12\/orelhoes-aparelhos-telefonicos-foto-reproducao-tvbrasil.jpg\",\"keywords\":[\"Banco do Brasil (BBAS3)\",\"BB Seguridade (BBSE3)\",\"Cogna (COGN3)\",\"Eletromidia (ELMD3)\",\"Magazine Luiza (MGLU3)\",\"Oi (OIBR3\/OIBR4)\",\"Santander (SANB11\/SANB3\/SANB4)\",\"Telef\u00f4nica (VIVT3)\",\"TIM (TIMS3)\",\"Yduqs (YDUQ3)\"],\"articleSection\":[\"Neg\u00f3cios\"],\"inLanguage\":\"pt-BR\"},{\"@type\":\"WebPage\",\"@id\":\"https:\/\/www.suno.com.br\/noticias\/radar-telefonica-vivt3-tim-tims3-magazine-luiza-mglu3-santander-sanb11\/\",\"url\":\"https:\/\/www.suno.com.br\/noticias\/radar-telefonica-vivt3-tim-tims3-magazine-luiza-mglu3-santander-sanb11\/\",\"name\":\"Radar: Banco projeta alta no lucro da Telef\u00f4nica (VIVT3) e TIM (TIMS3), Magazine Luiza (MGLU3) sobe no Ibovespa e Santander (SANB11) pagar\u00e1 JCP bilion\u00e1rio\",\"isPartOf\":{\"@id\":\"https:\/\/www.suno.com.br\/noticias\/#website\"},\"primaryImageOfPage\":{\"@id\":\"https:\/\/www.suno.com.br\/noticias\/radar-telefonica-vivt3-tim-tims3-magazine-luiza-mglu3-santander-sanb11\/#primaryimage\"},\"image\":{\"@id\":\"https:\/\/www.suno.com.br\/noticias\/radar-telefonica-vivt3-tim-tims3-magazine-luiza-mglu3-santander-sanb11\/#primaryimage\"},\"thumbnailUrl\":\"https:\/\/files.sunoresearch.com.br\/n\/uploads\/2022\/12\/orelhoes-aparelhos-telefonicos-foto-reproducao-tvbrasil.jpg\",\"datePublished\":\"2023-07-14T01:35:13+00:00\",\"dateModified\":\"2023-07-14T01:35:27+00:00\",\"description\":\"Banco projeta alta nos lucros de Telef\u00f4nica (VIVT3) e TIM (TIMS3), Magazine Luiza (MGLU3) sobe no Ibovespa e Santander (SANB11) pagar\u00e1 JCP bilion\u00e1rio\",\"breadcrumb\":{\"@id\":\"https:\/\/www.suno.com.br\/noticias\/radar-telefonica-vivt3-tim-tims3-magazine-luiza-mglu3-santander-sanb11\/#breadcrumb\"},\"inLanguage\":\"pt-BR\",\"potentialAction\":[{\"@type\":\"ReadAction\",\"target\":[\"https:\/\/www.suno.com.br\/noticias\/radar-telefonica-vivt3-tim-tims3-magazine-luiza-mglu3-santander-sanb11\/\"]}]},{\"@type\":\"ImageObject\",\"inLanguage\":\"pt-BR\",\"@id\":\"https:\/\/www.suno.com.br\/noticias\/radar-telefonica-vivt3-tim-tims3-magazine-luiza-mglu3-santander-sanb11\/#primaryimage\",\"url\":\"https:\/\/files.sunoresearch.com.br\/n\/uploads\/2022\/12\/orelhoes-aparelhos-telefonicos-foto-reproducao-tvbrasil.jpg\",\"contentUrl\":\"https:\/\/files.sunoresearch.com.br\/n\/uploads\/2022\/12\/orelhoes-aparelhos-telefonicos-foto-reproducao-tvbrasil.jpg\",\"width\":1200,\"height\":675,\"caption\":\"Orelh\u00f5es, telefones p\u00fablicos. Foto: Reprodu\u00e7\u00e3o\/TV Brasil\"},{\"@type\":\"BreadcrumbList\",\"@id\":\"https:\/\/www.suno.com.br\/noticias\/radar-telefonica-vivt3-tim-tims3-magazine-luiza-mglu3-santander-sanb11\/#breadcrumb\",\"itemListElement\":[{\"@type\":\"ListItem\",\"position\":1,\"name\":\"Not\u00edcias\",\"item\":\"https:\/\/www.suno.com.br\/noticias\/\"},{\"@type\":\"ListItem\",\"position\":2,\"name\":\"Neg\u00f3cios\",\"item\":\"https:\/\/www.suno.com.br\/noticias\/negocios\/\"},{\"@type\":\"ListItem\",\"position\":3,\"name\":\"Radar: Banco projeta alta no lucro da Telef\u00f4nica (VIVT3) e TIM (TIMS3), Magazine Luiza (MGLU3) sobe no Ibovespa e Santander (SANB11) pagar\u00e1 JCP bilion\u00e1rio\"}]},{\"@type\":\"WebSite\",\"@id\":\"https:\/\/www.suno.com.br\/noticias\/#website\",\"url\":\"https:\/\/www.suno.com.br\/noticias\/\",\"name\":\"Suno Not\u00edcias\",\"description\":\"Seu portal de informa\u00e7\u00e3o sobre o mundo dos investimentos\",\"publisher\":{\"@id\":\"https:\/\/www.suno.com.br\/noticias\/#organization\"},\"potentialAction\":[{\"@type\":\"SearchAction\",\"target\":{\"@type\":\"EntryPoint\",\"urlTemplate\":\"https:\/\/www.suno.com.br\/noticias\/?s={search_term_string}\"},\"query-input\":{\"@type\":\"PropertyValueSpecification\",\"valueRequired\":true,\"valueName\":\"search_term_string\"}}],\"inLanguage\":\"pt-BR\"},{\"@type\":\"Organization\",\"@id\":\"https:\/\/www.suno.com.br\/noticias\/#organization\",\"name\":\"Suno Not\u00edcias\",\"url\":\"https:\/\/www.suno.com.br\/noticias\/\",\"logo\":{\"@type\":\"ImageObject\",\"inLanguage\":\"pt-BR\",\"@id\":\"https:\/\/www.suno.com.br\/noticias\/#\/schema\/logo\/image\/\",\"url\":\"https:\/\/files.sunoresearch.com.br\/n\/uploads\/2021\/09\/suno-logo.png\",\"contentUrl\":\"https:\/\/files.sunoresearch.com.br\/n\/uploads\/2021\/09\/suno-logo.png\",\"width\":180,\"height\":180,\"caption\":\"Suno Not\u00edcias\"},\"image\":{\"@id\":\"https:\/\/www.suno.com.br\/noticias\/#\/schema\/logo\/image\/\"},\"sameAs\":[\"https:\/\/facebook.com\/sunoresearch\",\"https:\/\/x.com\/sunoresearch\",\"https:\/\/www.instagram.com\/suno\",\"https:\/\/www.linkedin.com\/company\/suno-research\/\",\"https:\/\/www.youtube.com\/c\/sunoresearch\"]},{\"@type\":\"Person\",\"@id\":\"https:\/\/www.suno.com.br\/noticias\/#\/schema\/person\/450c455ecff319bab1f1a0e643451479\",\"name\":\"Vanessa Loiola\",\"image\":{\"@type\":\"ImageObject\",\"inLanguage\":\"pt-BR\",\"@id\":\"https:\/\/www.suno.com.br\/noticias\/#\/schema\/person\/image\/\",\"url\":\"https:\/\/secure.gravatar.com\/avatar\/8b41117f9780831919eb38da349c3f20?s=96&r=g\",\"contentUrl\":\"https:\/\/secure.gravatar.com\/avatar\/8b41117f9780831919eb38da349c3f20?s=96&r=g\",\"caption\":\"Vanessa Loiola\"},\"description\":\"Jornalista formada pela PUC-SP, com experi\u00eancia na cobertura das editorias de economia, finan\u00e7as, bolsa de valores, pol\u00edtica, energia solar e entretenimento. Com passagem pela BM&amp;C News e RedeTV!\",\"url\":\"https:\/\/www.suno.com.br\/noticias\/author\/vanessal-loiolagmail-com\/\"}]}<\/script>\n<!-- \/ Yoast SEO plugin. -->","yoast_head_json":{"title":"Radar: Banco projeta alta no lucro da Telef\u00f4nica (VIVT3) e TIM (TIMS3), Magazine Luiza (MGLU3) sobe no Ibovespa e Santander (SANB11) pagar\u00e1 JCP bilion\u00e1rio","description":"Banco projeta alta nos lucros de Telef\u00f4nica (VIVT3) e TIM (TIMS3), Magazine Luiza (MGLU3) sobe no Ibovespa e Santander (SANB11) pagar\u00e1 JCP bilion\u00e1rio","robots":{"index":"index","follow":"follow","max-snippet":"max-snippet:-1","max-image-preview":"max-image-preview:large","max-video-preview":"max-video-preview:-1"},"canonical":"https:\/\/www.suno.com.br\/noticias\/radar-telefonica-vivt3-tim-tims3-magazine-luiza-mglu3-santander-sanb11\/","og_locale":"pt_BR","og_type":"article","og_title":"Radar: Banco projeta alta no lucro da Telef\u00f4nica (VIVT3) e TIM (TIMS3), Magazine Luiza (MGLU3) sobe no Ibovespa e Santander (SANB11) pagar\u00e1 JCP bilion\u00e1rio","og_description":"Banco projeta alta nos lucros de Telef\u00f4nica (VIVT3) e TIM (TIMS3), Magazine Luiza (MGLU3) sobe no Ibovespa e Santander (SANB11) pagar\u00e1 JCP bilion\u00e1rio","og_url":"https:\/\/www.suno.com.br\/noticias\/radar-telefonica-vivt3-tim-tims3-magazine-luiza-mglu3-santander-sanb11\/","og_site_name":"Suno Not\u00edcias","article_publisher":"https:\/\/facebook.com\/sunoresearch","og_image":[{"width":1200,"height":675,"url":"https:\/\/files.sunoresearch.com.br\/n\/uploads\/2022\/12\/orelhoes-aparelhos-telefonicos-foto-reproducao-tvbrasil.jpg","type":"image\/jpeg"}],"author":"Vanessa Loiola","twitter_card":"summary_large_image","twitter_creator":"@sunoresearch","twitter_site":"@sunoresearch","twitter_misc":{"Escrito por":"Vanessa Loiola","Est. tempo de leitura":"10 minutos"},"schema":{"@context":"https:\/\/schema.org","@graph":[{"@type":"NewsArticle","@id":"https:\/\/www.suno.com.br\/noticias\/radar-telefonica-vivt3-tim-tims3-magazine-luiza-mglu3-santander-sanb11\/#article","isPartOf":{"@id":"https:\/\/www.suno.com.br\/noticias\/radar-telefonica-vivt3-tim-tims3-magazine-luiza-mglu3-santander-sanb11\/"},"author":{"name":"Vanessa Loiola","@id":"https:\/\/www.suno.com.br\/noticias\/#\/schema\/person\/450c455ecff319bab1f1a0e643451479"},"headline":"Radar: Banco projeta alta no lucro da Telef\u00f4nica (VIVT3) e TIM (TIMS3), Magazine Luiza (MGLU3) sobe no Ibovespa e Santander (SANB11) pagar\u00e1 JCP bilion\u00e1rio","datePublished":"2023-07-14T01:35:13+00:00","dateModified":"2023-07-14T01:35:27+00:00","mainEntityOfPage":{"@id":"https:\/\/www.suno.com.br\/noticias\/radar-telefonica-vivt3-tim-tims3-magazine-luiza-mglu3-santander-sanb11\/"},"wordCount":1863,"publisher":{"@id":"https:\/\/www.suno.com.br\/noticias\/#organization"},"image":{"@id":"https:\/\/www.suno.com.br\/noticias\/radar-telefonica-vivt3-tim-tims3-magazine-luiza-mglu3-santander-sanb11\/#primaryimage"},"thumbnailUrl":"https:\/\/files.sunoresearch.com.br\/n\/uploads\/2022\/12\/orelhoes-aparelhos-telefonicos-foto-reproducao-tvbrasil.jpg","keywords":["Banco do Brasil (BBAS3)","BB Seguridade (BBSE3)","Cogna (COGN3)","Eletromidia (ELMD3)","Magazine Luiza (MGLU3)","Oi (OIBR3\/OIBR4)","Santander (SANB11\/SANB3\/SANB4)","Telef\u00f4nica (VIVT3)","TIM (TIMS3)","Yduqs (YDUQ3)"],"articleSection":["Neg\u00f3cios"],"inLanguage":"pt-BR"},{"@type":"WebPage","@id":"https:\/\/www.suno.com.br\/noticias\/radar-telefonica-vivt3-tim-tims3-magazine-luiza-mglu3-santander-sanb11\/","url":"https:\/\/www.suno.com.br\/noticias\/radar-telefonica-vivt3-tim-tims3-magazine-luiza-mglu3-santander-sanb11\/","name":"Radar: Banco projeta alta no lucro da Telef\u00f4nica (VIVT3) e TIM (TIMS3), Magazine Luiza (MGLU3) sobe no Ibovespa e Santander (SANB11) pagar\u00e1 JCP bilion\u00e1rio","isPartOf":{"@id":"https:\/\/www.suno.com.br\/noticias\/#website"},"primaryImageOfPage":{"@id":"https:\/\/www.suno.com.br\/noticias\/radar-telefonica-vivt3-tim-tims3-magazine-luiza-mglu3-santander-sanb11\/#primaryimage"},"image":{"@id":"https:\/\/www.suno.com.br\/noticias\/radar-telefonica-vivt3-tim-tims3-magazine-luiza-mglu3-santander-sanb11\/#primaryimage"},"thumbnailUrl":"https:\/\/files.sunoresearch.com.br\/n\/uploads\/2022\/12\/orelhoes-aparelhos-telefonicos-foto-reproducao-tvbrasil.jpg","datePublished":"2023-07-14T01:35:13+00:00","dateModified":"2023-07-14T01:35:27+00:00","description":"Banco projeta alta nos lucros de Telef\u00f4nica (VIVT3) e TIM (TIMS3), Magazine Luiza (MGLU3) sobe no Ibovespa e Santander (SANB11) pagar\u00e1 JCP bilion\u00e1rio","breadcrumb":{"@id":"https:\/\/www.suno.com.br\/noticias\/radar-telefonica-vivt3-tim-tims3-magazine-luiza-mglu3-santander-sanb11\/#breadcrumb"},"inLanguage":"pt-BR","potentialAction":[{"@type":"ReadAction","target":["https:\/\/www.suno.com.br\/noticias\/radar-telefonica-vivt3-tim-tims3-magazine-luiza-mglu3-santander-sanb11\/"]}]},{"@type":"ImageObject","inLanguage":"pt-BR","@id":"https:\/\/www.suno.com.br\/noticias\/radar-telefonica-vivt3-tim-tims3-magazine-luiza-mglu3-santander-sanb11\/#primaryimage","url":"https:\/\/files.sunoresearch.com.br\/n\/uploads\/2022\/12\/orelhoes-aparelhos-telefonicos-foto-reproducao-tvbrasil.jpg","contentUrl":"https:\/\/files.sunoresearch.com.br\/n\/uploads\/2022\/12\/orelhoes-aparelhos-telefonicos-foto-reproducao-tvbrasil.jpg","width":1200,"height":675,"caption":"Orelh\u00f5es, telefones p\u00fablicos. Foto: Reprodu\u00e7\u00e3o\/TV Brasil"},{"@type":"BreadcrumbList","@id":"https:\/\/www.suno.com.br\/noticias\/radar-telefonica-vivt3-tim-tims3-magazine-luiza-mglu3-santander-sanb11\/#breadcrumb","itemListElement":[{"@type":"ListItem","position":1,"name":"Not\u00edcias","item":"https:\/\/www.suno.com.br\/noticias\/"},{"@type":"ListItem","position":2,"name":"Neg\u00f3cios","item":"https:\/\/www.suno.com.br\/noticias\/negocios\/"},{"@type":"ListItem","position":3,"name":"Radar: Banco projeta alta no lucro da Telef\u00f4nica (VIVT3) e TIM (TIMS3), Magazine Luiza (MGLU3) sobe no Ibovespa e Santander (SANB11) pagar\u00e1 JCP bilion\u00e1rio"}]},{"@type":"WebSite","@id":"https:\/\/www.suno.com.br\/noticias\/#website","url":"https:\/\/www.suno.com.br\/noticias\/","name":"Suno Not\u00edcias","description":"Seu portal de informa\u00e7\u00e3o sobre o mundo dos investimentos","publisher":{"@id":"https:\/\/www.suno.com.br\/noticias\/#organization"},"potentialAction":[{"@type":"SearchAction","target":{"@type":"EntryPoint","urlTemplate":"https:\/\/www.suno.com.br\/noticias\/?s={search_term_string}"},"query-input":{"@type":"PropertyValueSpecification","valueRequired":true,"valueName":"search_term_string"}}],"inLanguage":"pt-BR"},{"@type":"Organization","@id":"https:\/\/www.suno.com.br\/noticias\/#organization","name":"Suno Not\u00edcias","url":"https:\/\/www.suno.com.br\/noticias\/","logo":{"@type":"ImageObject","inLanguage":"pt-BR","@id":"https:\/\/www.suno.com.br\/noticias\/#\/schema\/logo\/image\/","url":"https:\/\/files.sunoresearch.com.br\/n\/uploads\/2021\/09\/suno-logo.png","contentUrl":"https:\/\/files.sunoresearch.com.br\/n\/uploads\/2021\/09\/suno-logo.png","width":180,"height":180,"caption":"Suno Not\u00edcias"},"image":{"@id":"https:\/\/www.suno.com.br\/noticias\/#\/schema\/logo\/image\/"},"sameAs":["https:\/\/facebook.com\/sunoresearch","https:\/\/x.com\/sunoresearch","https:\/\/www.instagram.com\/suno","https:\/\/www.linkedin.com\/company\/suno-research\/","https:\/\/www.youtube.com\/c\/sunoresearch"]},{"@type":"Person","@id":"https:\/\/www.suno.com.br\/noticias\/#\/schema\/person\/450c455ecff319bab1f1a0e643451479","name":"Vanessa Loiola","image":{"@type":"ImageObject","inLanguage":"pt-BR","@id":"https:\/\/www.suno.com.br\/noticias\/#\/schema\/person\/image\/","url":"https:\/\/secure.gravatar.com\/avatar\/8b41117f9780831919eb38da349c3f20?s=96&r=g","contentUrl":"https:\/\/secure.gravatar.com\/avatar\/8b41117f9780831919eb38da349c3f20?s=96&r=g","caption":"Vanessa Loiola"},"description":"Jornalista formada pela PUC-SP, com experi\u00eancia na cobertura das editorias de economia, finan\u00e7as, bolsa de valores, pol\u00edtica, energia solar e entretenimento. Com passagem pela BM&amp;C News e RedeTV!","url":"https:\/\/www.suno.com.br\/noticias\/author\/vanessal-loiolagmail-com\/"}]}},"default_loop_html":"<div class=\"cardsPage__listCard__boxs\"><div class=\"cardsPage__listCard__boxs__img\"><a href=\"https:\/\/www.suno.com.br\/noticias\/radar-telefonica-vivt3-tim-tims3-magazine-luiza-mglu3-santander-sanb11\/\"><img class=\"mask\" src=\"https:\/\/www.suno.com.br\/noticias\/wp-content\/themes\/suno\/resources\/images\/spotlight\/spotlight1img\/bg-mask.png\" alt=\"Image Mask\"\/><img src=\"https:\/\/files.sunoresearch.com.br\/n\/uploads\/2022\/12\/orelhoes-aparelhos-telefonicos-foto-reproducao-tvbrasil-400x200.jpg\" alt=\"Radar: Banco projeta alta no lucro da Telef\u00f4nica (VIVT3) e TIM (TIMS3), Magazine Luiza (MGLU3) sobe no Ibovespa e Santander (SANB11) pagar\u00e1 JCP bilion\u00e1rio\"\/><\/a><span class=\"spotlightCategory\"><a href=\"https:\/\/www.suno.com.br\/noticias\/negocios\/\">Neg\u00f3cios<\/a><\/span><\/div><div class=\"cardsPage__listCard__boxs__content\"><a href=\"https:\/\/www.suno.com.br\/noticias\/radar-telefonica-vivt3-tim-tims3-magazine-luiza-mglu3-santander-sanb11\/\"><h2 class=\"content__title\">Radar: Banco projeta alta no lucro da Telef\u00f4nica (VIVT3) e TIM (TIMS3), Magazine Luiza (MGLU3) sobe no Ibovespa e Santander (SANB11) pagar\u00e1 JCP bilion\u00e1rio<\/h2><\/a><div class=\"newsContent__article__meta\"><div class=\"newsContent__article__meta__authorBox\"><a href=\"https:\/\/www.suno.com.br\/noticias\/author\/vanessal-loiolagmail-com\/\" class=\"authorBox__avatar noMobi\"><img src=\"https:\/\/secure.gravatar.com\/avatar\/8b41117f9780831919eb38da349c3f20?s=96&#038;r=g\" alt=\"Vanessa Loiola\"><\/a><div class=\"authorBox__name\"><span>por\n\t\t\t<a href=\"https:\/\/www.suno.com.br\/noticias\/author\/vanessal-loiolagmail-com\/\"><span itemprop=\"author\">Vanessa Loiola<\/span><\/a><\/span><time datetime=\"2023-07-13T22:35:13-03:00\" itemprop=\"datePublished\">13\/07\/2023 22:35<\/time><\/div><\/div><\/div><\/div><\/div>","single_layout":"posts","amp_enabled":true,"_links":{"self":[{"href":"https:\/\/www.suno.com.br\/noticias\/wp-json\/wp\/v2\/posts\/428746"}],"collection":[{"href":"https:\/\/www.suno.com.br\/noticias\/wp-json\/wp\/v2\/posts"}],"about":[{"href":"https:\/\/www.suno.com.br\/noticias\/wp-json\/wp\/v2\/types\/post"}],"author":[{"embeddable":true,"href":"https:\/\/www.suno.com.br\/noticias\/wp-json\/wp\/v2\/users\/227"}],"replies":[{"embeddable":true,"href":"https:\/\/www.suno.com.br\/noticias\/wp-json\/wp\/v2\/comments?post=428746"}],"version-history":[{"count":2,"href":"https:\/\/www.suno.com.br\/noticias\/wp-json\/wp\/v2\/posts\/428746\/revisions"}],"predecessor-version":[{"id":428786,"href":"https:\/\/www.suno.com.br\/noticias\/wp-json\/wp\/v2\/posts\/428746\/revisions\/428786"}],"wp:featuredmedia":[{"embeddable":true,"href":"https:\/\/www.suno.com.br\/noticias\/wp-json\/wp\/v2\/media\/330473"}],"wp:attachment":[{"href":"https:\/\/www.suno.com.br\/noticias\/wp-json\/wp\/v2\/media?parent=428746"}],"wp:term":[{"taxonomy":"category","embeddable":true,"href":"https:\/\/www.suno.com.br\/noticias\/wp-json\/wp\/v2\/categories?post=428746"},{"taxonomy":"post_tag","embeddable":true,"href":"https:\/\/www.suno.com.br\/noticias\/wp-json\/wp\/v2\/tags?post=428746"},{"taxonomy":"suno_strategy","embeddable":true,"href":"https:\/\/www.suno.com.br\/noticias\/wp-json\/wp\/v2\/suno_strategy?post=428746"}],"curies":[{"name":"wp","href":"https:\/\/api.w.org\/{rel}","templated":true}]}}