{"id":42871,"date":"2019-10-29T20:28:19","date_gmt":"2019-10-29T22:28:19","guid":{"rendered":"https:\/\/www.suno.com.br\/noticias\/?p=42871"},"modified":"2019-10-29T20:28:19","modified_gmt":"2019-10-29T22:28:19","slug":"fiat-dona-peugeot-estudam-fusao-dizem-fontes","status":"publish","type":"post","link":"https:\/\/www.suno.com.br\/noticias\/fiat-dona-peugeot-estudam-fusao-dizem-fontes\/","title":{"rendered":"Fiat Chrysler e dona da Peugeot estudam fus\u00e3o, dizem fontes"},"content":{"rendered":"<p>A Fiat Chrysler e o <strong>Grupo PSA<\/strong>, dono da <strong>Peugeot<\/strong> e da <strong>Citr\u00f6en<\/strong>, podem estar negociando uma fus\u00e3o, de acordo com fontes familiarizadas com o assunto. A informa\u00e7\u00e3o foi divulgada, nesta ter\u00e7a-feira (29), pelo jornal &#8220;The Wall Street Journal&#8221;.<\/p>\t<div class=\"wrapper-featured-image\">\n\t\t<figure class=\"spotlightImg\">\n\n\t\t\t<picture>\n\t\t\t\t<source media=\"(max-width: 768px)\" srcset=\"https:\/\/files.sunoresearch.com.br\/n\/uploads\/2018\/10\/9117232d-fiat-400x200.webp\">\n\t\t\t\t<img loading=\"lazy\" decoding=\"async\" class=\"newsContent__article__imgCapa lazyloadDisabled newsContent__article__imgCapa--noCaption\" src=\"https:\/\/files.sunoresearch.com.br\/n\/uploads\/2018\/10\/9117232d-fiat-800x450.webp\" width=\"800\" height=\"450\" alt=\"Fiat Chrysler e dona da Peugeot estudam fus\u00e3o, dizem fontes\" fetchpriority=high \/>\n\t\t\t<\/picture>\n\n\t\t\t<figcaption class=\"wp-caption-text wp-caption-text--hide\">Fiat<\/figcaption>\n\t\t<\/figure>\n\t<\/div>\n\n\n\n<p>Caso o acordo seja finalizado, a nova empresa ser\u00e1 avaliada em cerca de US$ 50 bilh\u00f5es. A negocia\u00e7\u00e3o entre a <strong>Fiat<\/strong>\u00a0e o PSA inclui uma fus\u00e3o entre iguais, com combina\u00e7\u00e3o de a\u00e7\u00f5es.<\/p>\n<p>De acordo com as fontes, o diretor-presidente da Peugeot, Carlos Tavares, seria o executivo-chefe da nova empresa. O presidente do conselho de administra\u00e7\u00e3o da Fiat, John Elkann, continuaria ocupando este cargo ap\u00f3s a fus\u00e3o.<\/p>\n<p>No entanto, ainda n\u00e3o \u00e9 poss\u00edvel afirmar que o acordo ocorrer\u00e1. Uma das fontes informou que as negocia\u00e7\u00f5es ainda est\u00e3o ocorrendo e outras op\u00e7\u00f5es podem ser consideradas.<\/p>\n<p>Al\u00e9m disso, de acordo com as fontes, no come\u00e7o deste ano, as duas empresas analisaram uma alian\u00e7a para reunir investimentos direcionados para a fabrica\u00e7\u00e3o de carros na Europa.<\/p>\n<p>Nenhuma das duas montadoras do setor automobil\u00edstico comentou a poss\u00edvel negocia\u00e7\u00e3o.<\/p>\n\t<p>\n\t\t<a href=\"https:\/\/lp.suno.com.br\/ao\/servico-especializado-suno-tf\/?utm_source=adwords&#038;utm_medium=search&#038;utm_campaign=search.servico.funilconsultoria&#038;utm_content=1147_responsivo-a&#038;hsa_acc=2326072784&#038;hsa_cam=18022897917&#038;hsa_grp=141470255993&#038;hsa_ad=616145467912&#038;hsa_src=g&#038;hsa_tgt=kwd-303658942458&#038;hsa_kw=gestora+de+investimentos&#038;hsa_mt=b&#038;hsa_net=adwords&#038;hsa_ver=3&#038;gad_source=1&#038;gclid=CjwKCAjw1emzBhB8EiwAHwZZxQMvA3xJVRzLGZ70LmuSzR55X-KvxijSay8c5Hm88Sznnq97j8XbORoC-sMQAvD_BwE\" target=\"_blank\" data-element=\"shortcode-suno-banner\" title=\"Banner SUNO, clique e saiba mais\">\n\t\t\t<picture>\n\t\t\t\t<source media=\"(max-width: 500px)\" srcset=\"https:\/\/files.sunoresearch.com.br\/n\/uploads\/2024\/06\/400x300-Mobile-Artigos-4-1.png\">\n\t\t\t\t<img class=\"newsContent__article__imgCapa newsContent__article__imgCapa--banner\"\n\t\t\t\t\tsrc=\"https:\/\/files.sunoresearch.com.br\/n\/uploads\/2024\/06\/1420x240-Banner-Artigos-1-_-Banner-Materias-2-1.png\"\n\t\t\t\t\tdata-promo-id=\"563609\"\t\t\t\t\t\t\t\t\t\twidth='1420' height='240'\t\t\t\t\talt=\"https:\/\/files.sunoresearch.com.br\/n\/uploads\/2024\/06\/1420x240-Banner-Artigos-1-_-Banner-Materias-2-1.png\"\n\t\t\t\t>\n\t\t\t<\/picture>\n\t\t<\/a>\n\t<\/p>\n\n\n<p>Ap\u00f3s o an\u00fancio, as a\u00e7\u00f5es da Fiat subiram 7,56% na <a href=\"https:\/\/www.suno.com.br\/artigos\/nyse\/\">Bolsa de Valores de Nova York<\/a>. Os pap\u00e9is s\u00e3o negociados a US$ 14,23. Durante o dia, os pap\u00e9is chegaram a subir 8,8%, sendo a maior alta para a empresa desde o dia 28 de maio.<\/p>\n<h2>Negocia\u00e7\u00e3o entre a Fiat e a Renault<\/h2>\n<p>Antes da proposta com a PSA, a <strong>Fiat<\/strong> estava negociando uma combina\u00e7\u00e3o com a <strong>Renault<\/strong>. No entanto, o acordo n\u00e3o teve apoio do governo da Fran\u00e7a, que possui participa\u00e7\u00e3o relevante na montadora francesa.<\/p>\n<p><a href=\"https:\/\/www.suno.com.br\/noticias\/fiat-renault-fusao-retomada\/\">Saiba mais: Proposta de fus\u00e3o da Fiat com Renault poder\u00e1 ser retomada<\/a><\/p>\n<p>Se o acordo ocorresse, as duas empresas formariam a terceira maior montadora de autom\u00f3veis do mundo, com 15 milh\u00f5es de ve\u00edculos vendidos por ano, resultando em um grupo formado com 50% de participa\u00e7\u00e3o para cada lado.<\/p>\n<p>O principal objetivo da fus\u00e3o entre <strong>Fiat<\/strong> e a companhia francesa seria a uni\u00e3o de for\u00e7as para lidar com as dificuldades estruturais que o mercado global de automotivos tende a enfrentar no futuro.<\/p>\n","protected":false},"excerpt":{"rendered":"<p>A Fiat Chrysler e o Grupo PSA, dono da Peugeot e da Citr\u00f6en, podem estar negociando uma fus\u00e3o, de acordo com fontes familiarizadas com o assunto. A informa\u00e7\u00e3o foi divulgada, nesta ter\u00e7a-feira (29), pelo jornal &#8220;The Wall Street Journal&#8221;. Fiat Caso o acordo seja finalizado, a nova empresa ser\u00e1 avaliada em cerca de US$ 50 [&hellip;]<\/p>\n","protected":false},"author":18,"featured_media":5541,"comment_status":"closed","ping_status":"closed","sticky":false,"template":"","format":"standard","meta":[],"categories":[64],"tags":[832,2182,1249,929],"suno_strategy":[],"class_list":["post-42871","post","type-post","status-publish","format-standard","has-post-thumbnail","hentry","category-negocios","tag-fiat","tag-grupo-psa","tag-peugeot","tag-renault"],"yoast_head":"<!-- This site is optimized with the Yoast SEO plugin v24.4 - https:\/\/yoast.com\/wordpress\/plugins\/seo\/ -->\n<title>Fiat Chrysler e dona da Peugeot estudam fus\u00e3o, dizem fontes<\/title>\n<meta name=\"description\" content=\"A Fiat Chrysler e o Grupo PSA podem estar negociando uma fus\u00e3o, de acordo com fontes familiarizadas com o assunto. Clique para saber mais.\" \/>\n<meta name=\"robots\" content=\"index, follow, max-snippet:-1, max-image-preview:large, max-video-preview:-1\" \/>\n<link rel=\"canonical\" href=\"https:\/\/www.suno.com.br\/noticias\/fiat-dona-peugeot-estudam-fusao-dizem-fontes\/\" \/>\n<meta property=\"og:locale\" content=\"pt_BR\" \/>\n<meta property=\"og:type\" content=\"article\" \/>\n<meta property=\"og:title\" content=\"Fiat Chrysler e dona da Peugeot estudam fus\u00e3o, dizem fontes\" \/>\n<meta property=\"og:description\" content=\"A Fiat Chrysler e o Grupo PSA podem estar negociando uma fus\u00e3o, de acordo com fontes familiarizadas com o assunto. Clique para saber mais.\" \/>\n<meta property=\"og:url\" content=\"https:\/\/www.suno.com.br\/noticias\/fiat-dona-peugeot-estudam-fusao-dizem-fontes\/\" \/>\n<meta property=\"og:site_name\" content=\"Suno Not\u00edcias\" \/>\n<meta property=\"article:publisher\" content=\"https:\/\/facebook.com\/sunoresearch\" \/>\n<meta property=\"og:image\" content=\"https:\/\/files.sunoresearch.com.br\/n\/uploads\/2018\/10\/9117232d-fiat.jpg\" \/>\n\t<meta property=\"og:image:width\" content=\"1920\" \/>\n\t<meta property=\"og:image:height\" content=\"1277\" \/>\n\t<meta property=\"og:image:type\" content=\"image\/jpeg\" \/>\n<meta name=\"author\" content=\"Giovanna Oliveira\" \/>\n<meta name=\"twitter:card\" content=\"summary_large_image\" \/>\n<meta name=\"twitter:creator\" content=\"@sunoresearch\" \/>\n<meta name=\"twitter:site\" content=\"@sunoresearch\" \/>\n<meta name=\"twitter:label1\" content=\"Escrito por\" \/>\n\t<meta name=\"twitter:data1\" content=\"Giovanna Oliveira\" \/>\n\t<meta name=\"twitter:label2\" content=\"Est. tempo de leitura\" \/>\n\t<meta name=\"twitter:data2\" content=\"2 minutos\" \/>\n<script type=\"application\/ld+json\" class=\"yoast-schema-graph\">{\"@context\":\"https:\/\/schema.org\",\"@graph\":[{\"@type\":\"NewsArticle\",\"@id\":\"https:\/\/www.suno.com.br\/noticias\/fiat-dona-peugeot-estudam-fusao-dizem-fontes\/#article\",\"isPartOf\":{\"@id\":\"https:\/\/www.suno.com.br\/noticias\/fiat-dona-peugeot-estudam-fusao-dizem-fontes\/\"},\"author\":{\"name\":\"Giovanna Oliveira\",\"@id\":\"https:\/\/www.suno.com.br\/noticias\/#\/schema\/person\/4e19e3d2575736e5283d58eb3199d120\"},\"headline\":\"Fiat Chrysler e dona da Peugeot estudam fus\u00e3o, dizem fontes\",\"datePublished\":\"2019-10-29T22:28:19+00:00\",\"mainEntityOfPage\":{\"@id\":\"https:\/\/www.suno.com.br\/noticias\/fiat-dona-peugeot-estudam-fusao-dizem-fontes\/\"},\"wordCount\":388,\"publisher\":{\"@id\":\"https:\/\/www.suno.com.br\/noticias\/#organization\"},\"image\":{\"@id\":\"https:\/\/www.suno.com.br\/noticias\/fiat-dona-peugeot-estudam-fusao-dizem-fontes\/#primaryimage\"},\"thumbnailUrl\":\"https:\/\/files.sunoresearch.com.br\/n\/uploads\/2018\/10\/9117232d-fiat-jpg.webp\",\"keywords\":[\"FIAT\",\"Grupo PSA\",\"Peugeot\",\"Renault\"],\"articleSection\":[\"Neg\u00f3cios\"],\"inLanguage\":\"pt-BR\"},{\"@type\":\"WebPage\",\"@id\":\"https:\/\/www.suno.com.br\/noticias\/fiat-dona-peugeot-estudam-fusao-dizem-fontes\/\",\"url\":\"https:\/\/www.suno.com.br\/noticias\/fiat-dona-peugeot-estudam-fusao-dizem-fontes\/\",\"name\":\"Fiat Chrysler e dona da Peugeot estudam fus\u00e3o, dizem fontes\",\"isPartOf\":{\"@id\":\"https:\/\/www.suno.com.br\/noticias\/#website\"},\"primaryImageOfPage\":{\"@id\":\"https:\/\/www.suno.com.br\/noticias\/fiat-dona-peugeot-estudam-fusao-dizem-fontes\/#primaryimage\"},\"image\":{\"@id\":\"https:\/\/www.suno.com.br\/noticias\/fiat-dona-peugeot-estudam-fusao-dizem-fontes\/#primaryimage\"},\"thumbnailUrl\":\"https:\/\/files.sunoresearch.com.br\/n\/uploads\/2018\/10\/9117232d-fiat-jpg.webp\",\"datePublished\":\"2019-10-29T22:28:19+00:00\",\"description\":\"A Fiat Chrysler e o Grupo PSA podem estar negociando uma fus\u00e3o, de acordo com fontes familiarizadas com o assunto. Clique para saber mais.\",\"breadcrumb\":{\"@id\":\"https:\/\/www.suno.com.br\/noticias\/fiat-dona-peugeot-estudam-fusao-dizem-fontes\/#breadcrumb\"},\"inLanguage\":\"pt-BR\",\"potentialAction\":[{\"@type\":\"ReadAction\",\"target\":[\"https:\/\/www.suno.com.br\/noticias\/fiat-dona-peugeot-estudam-fusao-dizem-fontes\/\"]}]},{\"@type\":\"ImageObject\",\"inLanguage\":\"pt-BR\",\"@id\":\"https:\/\/www.suno.com.br\/noticias\/fiat-dona-peugeot-estudam-fusao-dizem-fontes\/#primaryimage\",\"url\":\"https:\/\/files.sunoresearch.com.br\/n\/uploads\/2018\/10\/9117232d-fiat-jpg.webp\",\"contentUrl\":\"https:\/\/files.sunoresearch.com.br\/n\/uploads\/2018\/10\/9117232d-fiat-jpg.webp\",\"width\":1920,\"height\":1277,\"caption\":\"Fiat\"},{\"@type\":\"BreadcrumbList\",\"@id\":\"https:\/\/www.suno.com.br\/noticias\/fiat-dona-peugeot-estudam-fusao-dizem-fontes\/#breadcrumb\",\"itemListElement\":[{\"@type\":\"ListItem\",\"position\":1,\"name\":\"Not\u00edcias\",\"item\":\"https:\/\/www.suno.com.br\/noticias\/\"},{\"@type\":\"ListItem\",\"position\":2,\"name\":\"Neg\u00f3cios\",\"item\":\"https:\/\/www.suno.com.br\/noticias\/negocios\/\"},{\"@type\":\"ListItem\",\"position\":3,\"name\":\"Fiat Chrysler e dona da Peugeot estudam fus\u00e3o, dizem fontes\"}]},{\"@type\":\"WebSite\",\"@id\":\"https:\/\/www.suno.com.br\/noticias\/#website\",\"url\":\"https:\/\/www.suno.com.br\/noticias\/\",\"name\":\"Suno Not\u00edcias\",\"description\":\"Seu portal de informa\u00e7\u00e3o sobre o mundo dos investimentos\",\"publisher\":{\"@id\":\"https:\/\/www.suno.com.br\/noticias\/#organization\"},\"potentialAction\":[{\"@type\":\"SearchAction\",\"target\":{\"@type\":\"EntryPoint\",\"urlTemplate\":\"https:\/\/www.suno.com.br\/noticias\/?s={search_term_string}\"},\"query-input\":{\"@type\":\"PropertyValueSpecification\",\"valueRequired\":true,\"valueName\":\"search_term_string\"}}],\"inLanguage\":\"pt-BR\"},{\"@type\":\"Organization\",\"@id\":\"https:\/\/www.suno.com.br\/noticias\/#organization\",\"name\":\"Suno Not\u00edcias\",\"url\":\"https:\/\/www.suno.com.br\/noticias\/\",\"logo\":{\"@type\":\"ImageObject\",\"inLanguage\":\"pt-BR\",\"@id\":\"https:\/\/www.suno.com.br\/noticias\/#\/schema\/logo\/image\/\",\"url\":\"https:\/\/files.sunoresearch.com.br\/n\/uploads\/2021\/09\/suno-logo.png\",\"contentUrl\":\"https:\/\/files.sunoresearch.com.br\/n\/uploads\/2021\/09\/suno-logo.png\",\"width\":180,\"height\":180,\"caption\":\"Suno Not\u00edcias\"},\"image\":{\"@id\":\"https:\/\/www.suno.com.br\/noticias\/#\/schema\/logo\/image\/\"},\"sameAs\":[\"https:\/\/facebook.com\/sunoresearch\",\"https:\/\/x.com\/sunoresearch\",\"https:\/\/www.instagram.com\/suno\",\"https:\/\/www.linkedin.com\/company\/suno-research\/\",\"https:\/\/www.youtube.com\/c\/sunoresearch\"]},{\"@type\":\"Person\",\"@id\":\"https:\/\/www.suno.com.br\/noticias\/#\/schema\/person\/4e19e3d2575736e5283d58eb3199d120\",\"name\":\"Giovanna Oliveira\",\"image\":{\"@type\":\"ImageObject\",\"inLanguage\":\"pt-BR\",\"@id\":\"https:\/\/www.suno.com.br\/noticias\/#\/schema\/person\/image\/\",\"url\":\"https:\/\/secure.gravatar.com\/avatar\/9a37b3ae208962ac568992d0ffdbc2eb?s=96&r=g\",\"contentUrl\":\"https:\/\/secure.gravatar.com\/avatar\/9a37b3ae208962ac568992d0ffdbc2eb?s=96&r=g\",\"caption\":\"Giovanna Oliveira\"},\"description\":\"Giovanna Oliveira escreve sobre economia e pol\u00edtica. Foi rep\u00f3rter do portal de jornalismo da ESPM-SP e produziu conte\u00fado para a Corinthians TV. \u00c9 estudante da ESPM.\",\"url\":\"https:\/\/www.suno.com.br\/noticias\/author\/giovanna\/\"}]}<\/script>\n<!-- \/ Yoast SEO plugin. -->","yoast_head_json":{"title":"Fiat Chrysler e dona da Peugeot estudam fus\u00e3o, dizem fontes","description":"A Fiat Chrysler e o Grupo PSA podem estar negociando uma fus\u00e3o, de acordo com fontes familiarizadas com o assunto. Clique para saber mais.","robots":{"index":"index","follow":"follow","max-snippet":"max-snippet:-1","max-image-preview":"max-image-preview:large","max-video-preview":"max-video-preview:-1"},"canonical":"https:\/\/www.suno.com.br\/noticias\/fiat-dona-peugeot-estudam-fusao-dizem-fontes\/","og_locale":"pt_BR","og_type":"article","og_title":"Fiat Chrysler e dona da Peugeot estudam fus\u00e3o, dizem fontes","og_description":"A Fiat Chrysler e o Grupo PSA podem estar negociando uma fus\u00e3o, de acordo com fontes familiarizadas com o assunto. Clique para saber mais.","og_url":"https:\/\/www.suno.com.br\/noticias\/fiat-dona-peugeot-estudam-fusao-dizem-fontes\/","og_site_name":"Suno Not\u00edcias","article_publisher":"https:\/\/facebook.com\/sunoresearch","og_image":[{"width":1920,"height":1277,"url":"https:\/\/files.sunoresearch.com.br\/n\/uploads\/2018\/10\/9117232d-fiat.jpg","type":"image\/jpeg"}],"author":"Giovanna Oliveira","twitter_card":"summary_large_image","twitter_creator":"@sunoresearch","twitter_site":"@sunoresearch","twitter_misc":{"Escrito por":"Giovanna Oliveira","Est. tempo de leitura":"2 minutos"},"schema":{"@context":"https:\/\/schema.org","@graph":[{"@type":"NewsArticle","@id":"https:\/\/www.suno.com.br\/noticias\/fiat-dona-peugeot-estudam-fusao-dizem-fontes\/#article","isPartOf":{"@id":"https:\/\/www.suno.com.br\/noticias\/fiat-dona-peugeot-estudam-fusao-dizem-fontes\/"},"author":{"name":"Giovanna Oliveira","@id":"https:\/\/www.suno.com.br\/noticias\/#\/schema\/person\/4e19e3d2575736e5283d58eb3199d120"},"headline":"Fiat Chrysler e dona da Peugeot estudam fus\u00e3o, dizem fontes","datePublished":"2019-10-29T22:28:19+00:00","mainEntityOfPage":{"@id":"https:\/\/www.suno.com.br\/noticias\/fiat-dona-peugeot-estudam-fusao-dizem-fontes\/"},"wordCount":388,"publisher":{"@id":"https:\/\/www.suno.com.br\/noticias\/#organization"},"image":{"@id":"https:\/\/www.suno.com.br\/noticias\/fiat-dona-peugeot-estudam-fusao-dizem-fontes\/#primaryimage"},"thumbnailUrl":"https:\/\/files.sunoresearch.com.br\/n\/uploads\/2018\/10\/9117232d-fiat-jpg.webp","keywords":["FIAT","Grupo PSA","Peugeot","Renault"],"articleSection":["Neg\u00f3cios"],"inLanguage":"pt-BR"},{"@type":"WebPage","@id":"https:\/\/www.suno.com.br\/noticias\/fiat-dona-peugeot-estudam-fusao-dizem-fontes\/","url":"https:\/\/www.suno.com.br\/noticias\/fiat-dona-peugeot-estudam-fusao-dizem-fontes\/","name":"Fiat Chrysler e dona da Peugeot estudam fus\u00e3o, dizem fontes","isPartOf":{"@id":"https:\/\/www.suno.com.br\/noticias\/#website"},"primaryImageOfPage":{"@id":"https:\/\/www.suno.com.br\/noticias\/fiat-dona-peugeot-estudam-fusao-dizem-fontes\/#primaryimage"},"image":{"@id":"https:\/\/www.suno.com.br\/noticias\/fiat-dona-peugeot-estudam-fusao-dizem-fontes\/#primaryimage"},"thumbnailUrl":"https:\/\/files.sunoresearch.com.br\/n\/uploads\/2018\/10\/9117232d-fiat-jpg.webp","datePublished":"2019-10-29T22:28:19+00:00","description":"A Fiat Chrysler e o Grupo PSA podem estar negociando uma fus\u00e3o, de acordo com fontes familiarizadas com o assunto. Clique para saber mais.","breadcrumb":{"@id":"https:\/\/www.suno.com.br\/noticias\/fiat-dona-peugeot-estudam-fusao-dizem-fontes\/#breadcrumb"},"inLanguage":"pt-BR","potentialAction":[{"@type":"ReadAction","target":["https:\/\/www.suno.com.br\/noticias\/fiat-dona-peugeot-estudam-fusao-dizem-fontes\/"]}]},{"@type":"ImageObject","inLanguage":"pt-BR","@id":"https:\/\/www.suno.com.br\/noticias\/fiat-dona-peugeot-estudam-fusao-dizem-fontes\/#primaryimage","url":"https:\/\/files.sunoresearch.com.br\/n\/uploads\/2018\/10\/9117232d-fiat-jpg.webp","contentUrl":"https:\/\/files.sunoresearch.com.br\/n\/uploads\/2018\/10\/9117232d-fiat-jpg.webp","width":1920,"height":1277,"caption":"Fiat"},{"@type":"BreadcrumbList","@id":"https:\/\/www.suno.com.br\/noticias\/fiat-dona-peugeot-estudam-fusao-dizem-fontes\/#breadcrumb","itemListElement":[{"@type":"ListItem","position":1,"name":"Not\u00edcias","item":"https:\/\/www.suno.com.br\/noticias\/"},{"@type":"ListItem","position":2,"name":"Neg\u00f3cios","item":"https:\/\/www.suno.com.br\/noticias\/negocios\/"},{"@type":"ListItem","position":3,"name":"Fiat Chrysler e dona da Peugeot estudam fus\u00e3o, dizem fontes"}]},{"@type":"WebSite","@id":"https:\/\/www.suno.com.br\/noticias\/#website","url":"https:\/\/www.suno.com.br\/noticias\/","name":"Suno Not\u00edcias","description":"Seu portal de informa\u00e7\u00e3o sobre o mundo dos investimentos","publisher":{"@id":"https:\/\/www.suno.com.br\/noticias\/#organization"},"potentialAction":[{"@type":"SearchAction","target":{"@type":"EntryPoint","urlTemplate":"https:\/\/www.suno.com.br\/noticias\/?s={search_term_string}"},"query-input":{"@type":"PropertyValueSpecification","valueRequired":true,"valueName":"search_term_string"}}],"inLanguage":"pt-BR"},{"@type":"Organization","@id":"https:\/\/www.suno.com.br\/noticias\/#organization","name":"Suno Not\u00edcias","url":"https:\/\/www.suno.com.br\/noticias\/","logo":{"@type":"ImageObject","inLanguage":"pt-BR","@id":"https:\/\/www.suno.com.br\/noticias\/#\/schema\/logo\/image\/","url":"https:\/\/files.sunoresearch.com.br\/n\/uploads\/2021\/09\/suno-logo.png","contentUrl":"https:\/\/files.sunoresearch.com.br\/n\/uploads\/2021\/09\/suno-logo.png","width":180,"height":180,"caption":"Suno Not\u00edcias"},"image":{"@id":"https:\/\/www.suno.com.br\/noticias\/#\/schema\/logo\/image\/"},"sameAs":["https:\/\/facebook.com\/sunoresearch","https:\/\/x.com\/sunoresearch","https:\/\/www.instagram.com\/suno","https:\/\/www.linkedin.com\/company\/suno-research\/","https:\/\/www.youtube.com\/c\/sunoresearch"]},{"@type":"Person","@id":"https:\/\/www.suno.com.br\/noticias\/#\/schema\/person\/4e19e3d2575736e5283d58eb3199d120","name":"Giovanna Oliveira","image":{"@type":"ImageObject","inLanguage":"pt-BR","@id":"https:\/\/www.suno.com.br\/noticias\/#\/schema\/person\/image\/","url":"https:\/\/secure.gravatar.com\/avatar\/9a37b3ae208962ac568992d0ffdbc2eb?s=96&r=g","contentUrl":"https:\/\/secure.gravatar.com\/avatar\/9a37b3ae208962ac568992d0ffdbc2eb?s=96&r=g","caption":"Giovanna Oliveira"},"description":"Giovanna Oliveira escreve sobre economia e pol\u00edtica. Foi rep\u00f3rter do portal de jornalismo da ESPM-SP e produziu conte\u00fado para a Corinthians TV. \u00c9 estudante da ESPM.","url":"https:\/\/www.suno.com.br\/noticias\/author\/giovanna\/"}]}},"default_loop_html":"<div class=\"cardsPage__listCard__boxs\"><div class=\"cardsPage__listCard__boxs__img\"><a href=\"https:\/\/www.suno.com.br\/noticias\/fiat-dona-peugeot-estudam-fusao-dizem-fontes\/\"><img class=\"mask\" src=\"https:\/\/www.suno.com.br\/noticias\/wp-content\/themes\/suno\/resources\/images\/spotlight\/spotlight1img\/bg-mask.png\" alt=\"Image Mask\"\/><img src=\"https:\/\/files.sunoresearch.com.br\/n\/uploads\/2018\/10\/9117232d-fiat-400x200.webp\" alt=\"Fiat Chrysler e dona da Peugeot estudam fus\u00e3o, dizem fontes\"\/><\/a><span class=\"spotlightCategory\"><a href=\"https:\/\/www.suno.com.br\/noticias\/negocios\/\">Neg\u00f3cios<\/a><\/span><\/div><div class=\"cardsPage__listCard__boxs__content\"><a href=\"https:\/\/www.suno.com.br\/noticias\/fiat-dona-peugeot-estudam-fusao-dizem-fontes\/\"><h2 class=\"content__title\">Fiat Chrysler e dona da Peugeot estudam fus\u00e3o, dizem fontes<\/h2><\/a><div class=\"newsContent__article__meta\"><div class=\"newsContent__article__meta__authorBox\"><a href=\"https:\/\/www.suno.com.br\/noticias\/author\/giovanna\/\" class=\"authorBox__avatar noMobi\"><img src=\"https:\/\/files.sunoresearch.com.br\/n\/uploads\/2019\/06\/952a89ca-screenshot_20190608-171507-150x150.webp\" alt=\"Giovanna Oliveira\"><\/a><div class=\"authorBox__name\"><span>por\n\t\t\t<a href=\"https:\/\/www.suno.com.br\/noticias\/author\/giovanna\/\"><span itemprop=\"author\">Giovanna Oliveira<\/span><\/a><\/span><time datetime=\"2019-10-29T20:28:19-03:00\" itemprop=\"datePublished\">29\/10\/2019 20:28<\/time><\/div><\/div><\/div><\/div><\/div>","single_layout":"posts","amp_enabled":true,"_links":{"self":[{"href":"https:\/\/www.suno.com.br\/noticias\/wp-json\/wp\/v2\/posts\/42871"}],"collection":[{"href":"https:\/\/www.suno.com.br\/noticias\/wp-json\/wp\/v2\/posts"}],"about":[{"href":"https:\/\/www.suno.com.br\/noticias\/wp-json\/wp\/v2\/types\/post"}],"author":[{"embeddable":true,"href":"https:\/\/www.suno.com.br\/noticias\/wp-json\/wp\/v2\/users\/18"}],"replies":[{"embeddable":true,"href":"https:\/\/www.suno.com.br\/noticias\/wp-json\/wp\/v2\/comments?post=42871"}],"version-history":[{"count":0,"href":"https:\/\/www.suno.com.br\/noticias\/wp-json\/wp\/v2\/posts\/42871\/revisions"}],"wp:featuredmedia":[{"embeddable":true,"href":"https:\/\/www.suno.com.br\/noticias\/wp-json\/wp\/v2\/media\/5541"}],"wp:attachment":[{"href":"https:\/\/www.suno.com.br\/noticias\/wp-json\/wp\/v2\/media?parent=42871"}],"wp:term":[{"taxonomy":"category","embeddable":true,"href":"https:\/\/www.suno.com.br\/noticias\/wp-json\/wp\/v2\/categories?post=42871"},{"taxonomy":"post_tag","embeddable":true,"href":"https:\/\/www.suno.com.br\/noticias\/wp-json\/wp\/v2\/tags?post=42871"},{"taxonomy":"suno_strategy","embeddable":true,"href":"https:\/\/www.suno.com.br\/noticias\/wp-json\/wp\/v2\/suno_strategy?post=42871"}],"curies":[{"name":"wp","href":"https:\/\/api.w.org\/{rel}","templated":true}]}}