{"id":428476,"date":"2023-07-13T11:10:45","date_gmt":"2023-07-13T14:10:45","guid":{"rendered":"https:\/\/www.suno.com.br\/noticias\/?p=428476"},"modified":"2023-07-13T13:57:40","modified_gmt":"2023-07-13T16:57:40","slug":"copel-cple6-oferta-acoes-julho-captacao-bilhoes-evm","status":"publish","type":"post","link":"https:\/\/www.suno.com.br\/noticias\/copel-cple6-oferta-acoes-julho-captacao-bilhoes-evm\/","title":{"rendered":"Copel (CPLE6) que captar R$ 5 bilh\u00f5es com oferta ainda em julho, diz site"},"content":{"rendered":"<p>Ap\u00f3s alterar seu estatuto, a <a class=\"suno-keyword\" data-force=\"yes\" data-priority=\"2\" href=\"https:\/\/www.suno.com.br\/acoes\/CPLE6\/\" target=\"_blank\" rel=\"noopener\"><strong>Copel <\/strong>(CPLE6)<\/a> est\u00e1 realizando os tr\u00e2mites para realizar uma <a class=\"suno-keyword\" data-force=\"no\" data-priority=\"1\" href=\"https:\/\/www.suno.com.br\/artigos\/oferta-de-acoes\/\" target=\"_blank\" rel=\"noopener\">oferta de a\u00e7\u00f5es<\/a> ainda em julho, segundo informa\u00e7\u00f5es do Pipeline.<\/p>\t<div class=\"wrapper-featured-image\">\n\t\t<figure class=\"spotlightImg\">\n\n\t\t\t<picture>\n\t\t\t\t<source media=\"(max-width: 768px)\" srcset=\"https:\/\/files.sunoresearch.com.br\/n\/uploads\/2023\/05\/copel-agenda-eua-cpi-haddad-japao-g7-400x200.jpg\">\n\t\t\t\t<img loading=\"lazy\" decoding=\"async\" class=\"newsContent__article__imgCapa lazyloadDisabled \" src=\"https:\/\/files.sunoresearch.com.br\/n\/uploads\/2023\/05\/copel-agenda-eua-cpi-haddad-japao-g7-800x450.jpg\" width=\"800\" height=\"450\" alt=\"Copel (CPLE6) que captar R$ 5 bilh\u00f5es com oferta ainda em julho, diz site\" fetchpriority=high \/>\n\t\t\t<\/picture>\n\n\t\t\t<figcaption class=\"wp-caption-text wp-caption-text--show\">Copel (CPLE6). Foto: Reprodu\u00e7\u00e3o\/Facebook\n<\/figcaption>\n\t\t<\/figure>\n\t<\/div>\n\n\n\n\n\n\t<p>\n\t\t<a href=\"\" target=\"_blank\" data-element=\"shortcode-suno-banner\" title=\"Banner SUNO, clique e saiba mais\">\n\t\t\t<picture>\n\t\t\t\t<source media=\"(max-width: 500px)\" srcset=\"\">\n\t\t\t\t<img class=\"newsContent__article__imgCapa newsContent__article__imgCapa--banner\"\n\t\t\t\t\tsrc=\"\"\n\t\t\t\t\tdata-promo-id=\"288005\"\t\t\t\t\t\t\t\t\t\t\t\t\t\t\talt=\"\"\n\t\t\t\t>\n\t\t\t<\/picture>\n\t\t<\/a>\n\t<\/p>\n\n\n\n\n\n\n\n<p>Os<strong> planos da Copel<\/strong> s\u00e3o de precificar a emiss\u00e3o ainda antes de agosto, usando o balan\u00e7o do primeiro trimestre para fechar a opera\u00e7\u00e3o.<\/p>\n\n\n\n<p>Segundo o Pipeline, o <strong>follow-on da Copel<\/strong> deve ter uma tranche prim\u00e1ria e outra secund\u00e1ria, com expectativa de movimentar at\u00e9 R$ 5 bilh\u00f5es no total.<\/p>\n\n\n\n<p>A ideia \u00e9 que cada emiss\u00e3o represente metade do total.<\/p>\n\n\n\n<p>Conforme o cronograma atual, a Copel precisa fazer a oferta at\u00e9 medos de outubro para utilizar os recursos para pagar o b\u00f4nus de outorga da renova\u00e7\u00e3o da concess\u00e3o da hidrel\u00e9trica Foz de Areia, que vence ainda em dezembro.<\/p>\n\n\n\n<p>A companhia ainda aguarda a defini\u00e7\u00e3o do pre\u00e7o m\u00ednimo da oferta pelo Tribunal de Contas do Estado do Paran\u00e1 e a aprova\u00e7\u00e3o do Tribunal de Contas da Uni\u00e3o sobre valor da outorga da renova\u00e7\u00e3o das tr\u00eas hidrel\u00e9tricas.<\/p>\n\n\n\t<p>\n\t\t<a href=\"https:\/\/lp.suno.com.br\/suno-one\/?utm_campaign=_SNC6964518A_\" target=\"_blank\" data-element=\"shortcode-suno-banner\" title=\"Banner SUNO, clique e saiba mais\">\n\t\t\t<picture>\n\t\t\t\t<source media=\"(max-width: 500px)\" srcset=\"https:\/\/files.sunoresearch.com.br\/n\/uploads\/2025\/09\/400x300-Suno-One-png.webp\">\n\t\t\t\t<img class=\"newsContent__article__imgCapa newsContent__article__imgCapa--banner\"\n\t\t\t\t\tsrc=\"https:\/\/files.sunoresearch.com.br\/n\/uploads\/2025\/09\/1420x240-Suno-One-png.webp\"\n\t\t\t\t\tdata-promo-id=\"383121\"\t\t\t\t\t\t\t\t\t\twidth='1420' height='240'\t\t\t\t\talt=\"https:\/\/files.sunoresearch.com.br\/n\/uploads\/2025\/09\/1420x240-Suno-One-png.webp\"\n\t\t\t\t>\n\t\t\t<\/picture>\n\t\t<\/a>\n\t<\/p>\n\n\n\n\n\n<h2 class=\"wp-block-heading\">Copel &#8216;abre alas&#8217; para privatiza\u00e7\u00e3o com novo estatuto<\/h2>\n\n\n\n<p>Os acionistas da Copel aprovaram recentemente uma reforma do <a class=\"suno-keyword\" data-force=\"no\" data-priority=\"1\" href=\"https:\/\/www.suno.com.br\/artigos\/estatuto-social\/\" target=\"_blank\" rel=\"noopener\">estatuto social<\/a> que abre caminho para a privatiza\u00e7\u00e3o, conforme j\u00e1 comunicado previamente. As regras adotadas s\u00e3o an\u00e1logas \u00e0s do processo de privatiza\u00e7\u00e3o da <a class=\"suno-keyword\" data-force=\"yes\" data-priority=\"2\" href=\"https:\/\/www.suno.com.br\/acoes\/ELET3\/\" target=\"_blank\" rel=\"noopener\">Eletrobras (ELET3)<\/a>.<\/p>\n\n\n\n<p>A vota\u00e7\u00e3o do <strong>novo estatuto da Copel<\/strong>, contudo, teve voto contr\u00e1rio do BNDESPar, acionista que det\u00e9m cerca de 24% do capital da estatal. <\/p>\n\n\n\n<p>&#8220;A BNDESPar \u00e9 acionista minorit\u00e1ria da companhia e considera a Copel uma empresa estrat\u00e9gica, que administra um monop\u00f3lio natural fundamental para a seguran\u00e7a energ\u00e9tica da regi\u00e3o&#8221;, destacou o banco em nota divulgada na v\u00e9spera.<\/p>\n\n\n\n<p>Com o novo estatuto, o poder de voto do grupo de acionistas \u00e9 limitado a 10%, prevendo uma cl\u00e1usula de <a class=\"suno-keyword\" target=\"_blank\" data-force=\"no\" data-priority=\"2\" href=\"https:\/\/www.suno.com.br\/artigos\/poison-pills\/\" rel=\"noopener\">poison pill<\/a> &#8211; ou seja, quem comprar 25% da empresa ser\u00e1 obrigado a apresentar oferta pela totalidade das <a class=\"suno-keyword\" target=\"_blank\" data-force=\"no\" data-priority=\"1\" href=\"https:\/\/www.suno.com.br\/artigos\/o-que-sao-acoes-ordinarias-preferenciais-e-units\/\" rel=\"noopener\">a\u00e7\u00f5es ordin\u00e1rias<\/a>.<\/p>\n\n\n\n<p>Outra semelhan\u00e7a com a <strong>privatiza\u00e7\u00e3o<\/strong> da Eletrobras \u00e9 a cria\u00e7\u00e3o de uma <a class=\"suno-keyword\" target=\"_blank\" data-force=\"no\" data-priority=\"1\" href=\"https:\/\/www.suno.com.br\/artigos\/golden-share\/\" rel=\"noopener\">golden share<\/a>, que ficar\u00e1 com o Governo do Paran\u00e1 e dar\u00e1 direito de veto em vota\u00e7\u00f5es de assuntos estrat\u00e9gicos.<\/p>\n\n\n\n<p>Segundo a <strong>Copel<\/strong>, o novo estatuto somente produzir\u00e1 efeitos na data de liquida\u00e7\u00e3o de potencial oferta p\u00fablica de distribui\u00e7\u00e3o prim\u00e1ria e\/ou secund\u00e1ria de <a class=\"suno-keyword\" target=\"_blank\" data-force=\"no\" data-priority=\"1\" href=\"https:\/\/www.suno.com.br\/artigos\/o-que-sao-acoes-ordinarias-preferenciais-e-units\/\" rel=\"noopener\">a\u00e7\u00f5es ordin\u00e1rias<\/a> ou certificados de dep\u00f3sito de a\u00e7\u00f5es (units) de emiss\u00e3o da companhia.<\/p>\n\n\n\t<p>\n\t\t<a href=\"https:\/\/lp.suno.com.br\/plataforma-de-controle-de-investimentos\/\" target=\"_blank\" data-element=\"shortcode-suno-banner\" title=\"Banner SUNO, clique e saiba mais\">\n\t\t\t<picture>\n\t\t\t\t<source media=\"(max-width: 500px)\" srcset=\"https:\/\/files.sunoresearch.com.br\/n\/uploads\/2023\/03\/400x300-Controle-de-Investimentos.png\">\n\t\t\t\t<img class=\"newsContent__article__imgCapa newsContent__article__imgCapa--banner\"\n\t\t\t\t\tsrc=\"https:\/\/files.sunoresearch.com.br\/n\/uploads\/2023\/03\/1420x240-Controle-de-Investimentos.png\"\n\t\t\t\t\tdata-promo-id=\"383162\"\t\t\t\t\t\t\t\t\t\twidth='1420' height='240'\t\t\t\t\talt=\"https:\/\/files.sunoresearch.com.br\/n\/uploads\/2023\/03\/1420x240-Controle-de-Investimentos.png\"\n\t\t\t\t>\n\t\t\t<\/picture>\n\t\t<\/a>\n\t<\/p>\n\n\n","protected":false},"excerpt":{"rendered":"<p>Ap\u00f3s alterar seu estatuto, a Copel (CPLE6) est\u00e1 realizando os tr\u00e2mites para realizar uma oferta de a\u00e7\u00f5es ainda em julho, segundo informa\u00e7\u00f5es do Pipeline. Copel (CPLE6). Foto: Reprodu\u00e7\u00e3o\/Facebook Os planos da Copel s\u00e3o de precificar a emiss\u00e3o ainda antes de agosto, usando o balan\u00e7o do primeiro trimestre para fechar a opera\u00e7\u00e3o. Segundo o Pipeline, o [&hellip;]<\/p>\n","protected":false},"author":73,"featured_media":402509,"comment_status":"closed","ping_status":"closed","sticky":false,"template":"","format":"standard","meta":[],"categories":[64],"tags":[431,1436],"suno_strategy":[],"class_list":["post-428476","post","type-post","status-publish","format-standard","has-post-thumbnail","hentry","category-negocios","tag-copel-cple3-cple5-cple6","tag-follow-on-oferta-subsequente-de-acoes"],"yoast_head":"<!-- This site is optimized with the Yoast SEO plugin v24.4 - https:\/\/yoast.com\/wordpress\/plugins\/seo\/ -->\n<title>Copel (CPLE6) que captar R$ 5 bilh\u00f5es com oferta ainda em julho<\/title>\n<meta name=\"description\" content=\"Os planos da Copel s\u00e3o de precificar a emiss\u00e3o ainda antes de agosto, usando o balan\u00e7o do primeiro trimestre para fechar a opera\u00e7\u00e3o\" \/>\n<meta name=\"robots\" content=\"index, follow, max-snippet:-1, max-image-preview:large, max-video-preview:-1\" \/>\n<link rel=\"canonical\" href=\"https:\/\/www.suno.com.br\/noticias\/copel-cple6-oferta-acoes-julho-captacao-bilhoes-evm\/\" \/>\n<meta property=\"og:locale\" content=\"pt_BR\" \/>\n<meta property=\"og:type\" content=\"article\" \/>\n<meta property=\"og:title\" content=\"Copel (CPLE6) que captar R$ 5 bilh\u00f5es com oferta ainda em julho\" \/>\n<meta property=\"og:description\" content=\"Os planos da Copel s\u00e3o de precificar a emiss\u00e3o ainda antes de agosto, usando o balan\u00e7o do primeiro trimestre para fechar a opera\u00e7\u00e3o\" \/>\n<meta property=\"og:url\" content=\"https:\/\/www.suno.com.br\/noticias\/copel-cple6-oferta-acoes-julho-captacao-bilhoes-evm\/\" \/>\n<meta property=\"og:site_name\" content=\"Suno Not\u00edcias\" \/>\n<meta property=\"article:publisher\" content=\"https:\/\/facebook.com\/sunoresearch\" \/>\n<meta property=\"og:image\" content=\"https:\/\/files.sunoresearch.com.br\/n\/uploads\/2023\/05\/copel-agenda-eua-cpi-haddad-japao-g7.jpg\" \/>\n\t<meta property=\"og:image:width\" content=\"1200\" \/>\n\t<meta property=\"og:image:height\" content=\"800\" \/>\n\t<meta property=\"og:image:type\" content=\"image\/jpeg\" \/>\n<meta name=\"author\" content=\"Eduardo Vargas\" \/>\n<meta name=\"twitter:card\" content=\"summary_large_image\" \/>\n<meta name=\"twitter:creator\" content=\"@sunoresearch\" \/>\n<meta name=\"twitter:site\" content=\"@sunoresearch\" \/>\n<meta name=\"twitter:label1\" content=\"Escrito por\" \/>\n\t<meta name=\"twitter:data1\" content=\"Eduardo Vargas\" \/>\n\t<meta name=\"twitter:label2\" content=\"Est. tempo de leitura\" \/>\n\t<meta name=\"twitter:data2\" content=\"3 minutos\" \/>\n<script type=\"application\/ld+json\" class=\"yoast-schema-graph\">{\"@context\":\"https:\/\/schema.org\",\"@graph\":[{\"@type\":\"NewsArticle\",\"@id\":\"https:\/\/www.suno.com.br\/noticias\/copel-cple6-oferta-acoes-julho-captacao-bilhoes-evm\/#article\",\"isPartOf\":{\"@id\":\"https:\/\/www.suno.com.br\/noticias\/copel-cple6-oferta-acoes-julho-captacao-bilhoes-evm\/\"},\"author\":{\"name\":\"Eduardo Vargas\",\"@id\":\"https:\/\/www.suno.com.br\/noticias\/#\/schema\/person\/7f4d362bf3518e76090143ae77bb49a5\"},\"headline\":\"Copel (CPLE6) que captar R$ 5 bilh\u00f5es com oferta ainda em julho, diz site\",\"datePublished\":\"2023-07-13T14:10:45+00:00\",\"dateModified\":\"2023-07-13T16:57:40+00:00\",\"mainEntityOfPage\":{\"@id\":\"https:\/\/www.suno.com.br\/noticias\/copel-cple6-oferta-acoes-julho-captacao-bilhoes-evm\/\"},\"wordCount\":436,\"publisher\":{\"@id\":\"https:\/\/www.suno.com.br\/noticias\/#organization\"},\"image\":{\"@id\":\"https:\/\/www.suno.com.br\/noticias\/copel-cple6-oferta-acoes-julho-captacao-bilhoes-evm\/#primaryimage\"},\"thumbnailUrl\":\"https:\/\/files.sunoresearch.com.br\/n\/uploads\/2023\/05\/copel-agenda-eua-cpi-haddad-japao-g7.jpg\",\"keywords\":[\"Copel (CPLE3\/CPLE5\/CPLE6)\",\"Follow-on (Oferta Subsequente de A\u00e7\u00f5es)\"],\"articleSection\":[\"Neg\u00f3cios\"],\"inLanguage\":\"pt-BR\"},{\"@type\":\"WebPage\",\"@id\":\"https:\/\/www.suno.com.br\/noticias\/copel-cple6-oferta-acoes-julho-captacao-bilhoes-evm\/\",\"url\":\"https:\/\/www.suno.com.br\/noticias\/copel-cple6-oferta-acoes-julho-captacao-bilhoes-evm\/\",\"name\":\"Copel (CPLE6) que captar R$ 5 bilh\u00f5es com oferta ainda em julho\",\"isPartOf\":{\"@id\":\"https:\/\/www.suno.com.br\/noticias\/#website\"},\"primaryImageOfPage\":{\"@id\":\"https:\/\/www.suno.com.br\/noticias\/copel-cple6-oferta-acoes-julho-captacao-bilhoes-evm\/#primaryimage\"},\"image\":{\"@id\":\"https:\/\/www.suno.com.br\/noticias\/copel-cple6-oferta-acoes-julho-captacao-bilhoes-evm\/#primaryimage\"},\"thumbnailUrl\":\"https:\/\/files.sunoresearch.com.br\/n\/uploads\/2023\/05\/copel-agenda-eua-cpi-haddad-japao-g7.jpg\",\"datePublished\":\"2023-07-13T14:10:45+00:00\",\"dateModified\":\"2023-07-13T16:57:40+00:00\",\"description\":\"Os planos da Copel s\u00e3o de precificar a emiss\u00e3o ainda antes de agosto, usando o balan\u00e7o do primeiro trimestre para fechar a opera\u00e7\u00e3o\",\"breadcrumb\":{\"@id\":\"https:\/\/www.suno.com.br\/noticias\/copel-cple6-oferta-acoes-julho-captacao-bilhoes-evm\/#breadcrumb\"},\"inLanguage\":\"pt-BR\",\"potentialAction\":[{\"@type\":\"ReadAction\",\"target\":[\"https:\/\/www.suno.com.br\/noticias\/copel-cple6-oferta-acoes-julho-captacao-bilhoes-evm\/\"]}]},{\"@type\":\"ImageObject\",\"inLanguage\":\"pt-BR\",\"@id\":\"https:\/\/www.suno.com.br\/noticias\/copel-cple6-oferta-acoes-julho-captacao-bilhoes-evm\/#primaryimage\",\"url\":\"https:\/\/files.sunoresearch.com.br\/n\/uploads\/2023\/05\/copel-agenda-eua-cpi-haddad-japao-g7.jpg\",\"contentUrl\":\"https:\/\/files.sunoresearch.com.br\/n\/uploads\/2023\/05\/copel-agenda-eua-cpi-haddad-japao-g7.jpg\",\"width\":1200,\"height\":800,\"caption\":\"Copel (CPLE6). Foto: Reprodu\u00e7\u00e3o\/Facebook\"},{\"@type\":\"BreadcrumbList\",\"@id\":\"https:\/\/www.suno.com.br\/noticias\/copel-cple6-oferta-acoes-julho-captacao-bilhoes-evm\/#breadcrumb\",\"itemListElement\":[{\"@type\":\"ListItem\",\"position\":1,\"name\":\"Not\u00edcias\",\"item\":\"https:\/\/www.suno.com.br\/noticias\/\"},{\"@type\":\"ListItem\",\"position\":2,\"name\":\"Neg\u00f3cios\",\"item\":\"https:\/\/www.suno.com.br\/noticias\/negocios\/\"},{\"@type\":\"ListItem\",\"position\":3,\"name\":\"Copel (CPLE6) que captar R$ 5 bilh\u00f5es com oferta ainda em julho, diz site\"}]},{\"@type\":\"WebSite\",\"@id\":\"https:\/\/www.suno.com.br\/noticias\/#website\",\"url\":\"https:\/\/www.suno.com.br\/noticias\/\",\"name\":\"Suno Not\u00edcias\",\"description\":\"Seu portal de informa\u00e7\u00e3o sobre o mundo dos investimentos\",\"publisher\":{\"@id\":\"https:\/\/www.suno.com.br\/noticias\/#organization\"},\"potentialAction\":[{\"@type\":\"SearchAction\",\"target\":{\"@type\":\"EntryPoint\",\"urlTemplate\":\"https:\/\/www.suno.com.br\/noticias\/?s={search_term_string}\"},\"query-input\":{\"@type\":\"PropertyValueSpecification\",\"valueRequired\":true,\"valueName\":\"search_term_string\"}}],\"inLanguage\":\"pt-BR\"},{\"@type\":\"Organization\",\"@id\":\"https:\/\/www.suno.com.br\/noticias\/#organization\",\"name\":\"Suno Not\u00edcias\",\"url\":\"https:\/\/www.suno.com.br\/noticias\/\",\"logo\":{\"@type\":\"ImageObject\",\"inLanguage\":\"pt-BR\",\"@id\":\"https:\/\/www.suno.com.br\/noticias\/#\/schema\/logo\/image\/\",\"url\":\"https:\/\/files.sunoresearch.com.br\/n\/uploads\/2021\/09\/suno-logo.png\",\"contentUrl\":\"https:\/\/files.sunoresearch.com.br\/n\/uploads\/2021\/09\/suno-logo.png\",\"width\":180,\"height\":180,\"caption\":\"Suno Not\u00edcias\"},\"image\":{\"@id\":\"https:\/\/www.suno.com.br\/noticias\/#\/schema\/logo\/image\/\"},\"sameAs\":[\"https:\/\/facebook.com\/sunoresearch\",\"https:\/\/x.com\/sunoresearch\",\"https:\/\/www.instagram.com\/suno\",\"https:\/\/www.linkedin.com\/company\/suno-research\/\",\"https:\/\/www.youtube.com\/c\/sunoresearch\"]},{\"@type\":\"Person\",\"@id\":\"https:\/\/www.suno.com.br\/noticias\/#\/schema\/person\/7f4d362bf3518e76090143ae77bb49a5\",\"name\":\"Eduardo Vargas\",\"image\":{\"@type\":\"ImageObject\",\"inLanguage\":\"pt-BR\",\"@id\":\"https:\/\/www.suno.com.br\/noticias\/#\/schema\/person\/image\/\",\"url\":\"https:\/\/secure.gravatar.com\/avatar\/dac340933427a22924c9f99d1eb2e3f2?s=96&r=g\",\"contentUrl\":\"https:\/\/secure.gravatar.com\/avatar\/dac340933427a22924c9f99d1eb2e3f2?s=96&r=g\",\"caption\":\"Eduardo Vargas\"},\"description\":\"Jornalista formado pela UFSC, cobre macroeconomia, neg\u00f3cios e startups para o Suno Not\u00edcias, escrevendo principalmente not\u00edcias sobre o mercado financeiro e a bolsa de valores. No YouTube e no Instagram, \u00e9 respons\u00e1vel pela produ\u00e7\u00e3o de Reels e Shorts do Suno Not\u00edcias. Anteriormente, trabalhou cobrindo economia e cotidiano no ND+ e para o ND, maior jornal impresso de Santa Catarina. Cursou um semestre letivo de Estudos de M\u00eddia na Universidad de Buenos Aires.\",\"url\":\"https:\/\/www.suno.com.br\/noticias\/author\/eduardo-vargas\/\"}]}<\/script>\n<!-- \/ Yoast SEO plugin. -->","yoast_head_json":{"title":"Copel (CPLE6) que captar R$ 5 bilh\u00f5es com oferta ainda em julho","description":"Os planos da Copel s\u00e3o de precificar a emiss\u00e3o ainda antes de agosto, usando o balan\u00e7o do primeiro trimestre para fechar a opera\u00e7\u00e3o","robots":{"index":"index","follow":"follow","max-snippet":"max-snippet:-1","max-image-preview":"max-image-preview:large","max-video-preview":"max-video-preview:-1"},"canonical":"https:\/\/www.suno.com.br\/noticias\/copel-cple6-oferta-acoes-julho-captacao-bilhoes-evm\/","og_locale":"pt_BR","og_type":"article","og_title":"Copel (CPLE6) que captar R$ 5 bilh\u00f5es com oferta ainda em julho","og_description":"Os planos da Copel s\u00e3o de precificar a emiss\u00e3o ainda antes de agosto, usando o balan\u00e7o do primeiro trimestre para fechar a opera\u00e7\u00e3o","og_url":"https:\/\/www.suno.com.br\/noticias\/copel-cple6-oferta-acoes-julho-captacao-bilhoes-evm\/","og_site_name":"Suno Not\u00edcias","article_publisher":"https:\/\/facebook.com\/sunoresearch","og_image":[{"width":1200,"height":800,"url":"https:\/\/files.sunoresearch.com.br\/n\/uploads\/2023\/05\/copel-agenda-eua-cpi-haddad-japao-g7.jpg","type":"image\/jpeg"}],"author":"Eduardo Vargas","twitter_card":"summary_large_image","twitter_creator":"@sunoresearch","twitter_site":"@sunoresearch","twitter_misc":{"Escrito por":"Eduardo Vargas","Est. tempo de leitura":"3 minutos"},"schema":{"@context":"https:\/\/schema.org","@graph":[{"@type":"NewsArticle","@id":"https:\/\/www.suno.com.br\/noticias\/copel-cple6-oferta-acoes-julho-captacao-bilhoes-evm\/#article","isPartOf":{"@id":"https:\/\/www.suno.com.br\/noticias\/copel-cple6-oferta-acoes-julho-captacao-bilhoes-evm\/"},"author":{"name":"Eduardo Vargas","@id":"https:\/\/www.suno.com.br\/noticias\/#\/schema\/person\/7f4d362bf3518e76090143ae77bb49a5"},"headline":"Copel (CPLE6) que captar R$ 5 bilh\u00f5es com oferta ainda em julho, diz site","datePublished":"2023-07-13T14:10:45+00:00","dateModified":"2023-07-13T16:57:40+00:00","mainEntityOfPage":{"@id":"https:\/\/www.suno.com.br\/noticias\/copel-cple6-oferta-acoes-julho-captacao-bilhoes-evm\/"},"wordCount":436,"publisher":{"@id":"https:\/\/www.suno.com.br\/noticias\/#organization"},"image":{"@id":"https:\/\/www.suno.com.br\/noticias\/copel-cple6-oferta-acoes-julho-captacao-bilhoes-evm\/#primaryimage"},"thumbnailUrl":"https:\/\/files.sunoresearch.com.br\/n\/uploads\/2023\/05\/copel-agenda-eua-cpi-haddad-japao-g7.jpg","keywords":["Copel (CPLE3\/CPLE5\/CPLE6)","Follow-on (Oferta Subsequente de A\u00e7\u00f5es)"],"articleSection":["Neg\u00f3cios"],"inLanguage":"pt-BR"},{"@type":"WebPage","@id":"https:\/\/www.suno.com.br\/noticias\/copel-cple6-oferta-acoes-julho-captacao-bilhoes-evm\/","url":"https:\/\/www.suno.com.br\/noticias\/copel-cple6-oferta-acoes-julho-captacao-bilhoes-evm\/","name":"Copel (CPLE6) que captar R$ 5 bilh\u00f5es com oferta ainda em julho","isPartOf":{"@id":"https:\/\/www.suno.com.br\/noticias\/#website"},"primaryImageOfPage":{"@id":"https:\/\/www.suno.com.br\/noticias\/copel-cple6-oferta-acoes-julho-captacao-bilhoes-evm\/#primaryimage"},"image":{"@id":"https:\/\/www.suno.com.br\/noticias\/copel-cple6-oferta-acoes-julho-captacao-bilhoes-evm\/#primaryimage"},"thumbnailUrl":"https:\/\/files.sunoresearch.com.br\/n\/uploads\/2023\/05\/copel-agenda-eua-cpi-haddad-japao-g7.jpg","datePublished":"2023-07-13T14:10:45+00:00","dateModified":"2023-07-13T16:57:40+00:00","description":"Os planos da Copel s\u00e3o de precificar a emiss\u00e3o ainda antes de agosto, usando o balan\u00e7o do primeiro trimestre para fechar a opera\u00e7\u00e3o","breadcrumb":{"@id":"https:\/\/www.suno.com.br\/noticias\/copel-cple6-oferta-acoes-julho-captacao-bilhoes-evm\/#breadcrumb"},"inLanguage":"pt-BR","potentialAction":[{"@type":"ReadAction","target":["https:\/\/www.suno.com.br\/noticias\/copel-cple6-oferta-acoes-julho-captacao-bilhoes-evm\/"]}]},{"@type":"ImageObject","inLanguage":"pt-BR","@id":"https:\/\/www.suno.com.br\/noticias\/copel-cple6-oferta-acoes-julho-captacao-bilhoes-evm\/#primaryimage","url":"https:\/\/files.sunoresearch.com.br\/n\/uploads\/2023\/05\/copel-agenda-eua-cpi-haddad-japao-g7.jpg","contentUrl":"https:\/\/files.sunoresearch.com.br\/n\/uploads\/2023\/05\/copel-agenda-eua-cpi-haddad-japao-g7.jpg","width":1200,"height":800,"caption":"Copel (CPLE6). Foto: Reprodu\u00e7\u00e3o\/Facebook"},{"@type":"BreadcrumbList","@id":"https:\/\/www.suno.com.br\/noticias\/copel-cple6-oferta-acoes-julho-captacao-bilhoes-evm\/#breadcrumb","itemListElement":[{"@type":"ListItem","position":1,"name":"Not\u00edcias","item":"https:\/\/www.suno.com.br\/noticias\/"},{"@type":"ListItem","position":2,"name":"Neg\u00f3cios","item":"https:\/\/www.suno.com.br\/noticias\/negocios\/"},{"@type":"ListItem","position":3,"name":"Copel (CPLE6) que captar R$ 5 bilh\u00f5es com oferta ainda em julho, diz site"}]},{"@type":"WebSite","@id":"https:\/\/www.suno.com.br\/noticias\/#website","url":"https:\/\/www.suno.com.br\/noticias\/","name":"Suno Not\u00edcias","description":"Seu portal de informa\u00e7\u00e3o sobre o mundo dos investimentos","publisher":{"@id":"https:\/\/www.suno.com.br\/noticias\/#organization"},"potentialAction":[{"@type":"SearchAction","target":{"@type":"EntryPoint","urlTemplate":"https:\/\/www.suno.com.br\/noticias\/?s={search_term_string}"},"query-input":{"@type":"PropertyValueSpecification","valueRequired":true,"valueName":"search_term_string"}}],"inLanguage":"pt-BR"},{"@type":"Organization","@id":"https:\/\/www.suno.com.br\/noticias\/#organization","name":"Suno Not\u00edcias","url":"https:\/\/www.suno.com.br\/noticias\/","logo":{"@type":"ImageObject","inLanguage":"pt-BR","@id":"https:\/\/www.suno.com.br\/noticias\/#\/schema\/logo\/image\/","url":"https:\/\/files.sunoresearch.com.br\/n\/uploads\/2021\/09\/suno-logo.png","contentUrl":"https:\/\/files.sunoresearch.com.br\/n\/uploads\/2021\/09\/suno-logo.png","width":180,"height":180,"caption":"Suno Not\u00edcias"},"image":{"@id":"https:\/\/www.suno.com.br\/noticias\/#\/schema\/logo\/image\/"},"sameAs":["https:\/\/facebook.com\/sunoresearch","https:\/\/x.com\/sunoresearch","https:\/\/www.instagram.com\/suno","https:\/\/www.linkedin.com\/company\/suno-research\/","https:\/\/www.youtube.com\/c\/sunoresearch"]},{"@type":"Person","@id":"https:\/\/www.suno.com.br\/noticias\/#\/schema\/person\/7f4d362bf3518e76090143ae77bb49a5","name":"Eduardo Vargas","image":{"@type":"ImageObject","inLanguage":"pt-BR","@id":"https:\/\/www.suno.com.br\/noticias\/#\/schema\/person\/image\/","url":"https:\/\/secure.gravatar.com\/avatar\/dac340933427a22924c9f99d1eb2e3f2?s=96&r=g","contentUrl":"https:\/\/secure.gravatar.com\/avatar\/dac340933427a22924c9f99d1eb2e3f2?s=96&r=g","caption":"Eduardo Vargas"},"description":"Jornalista formado pela UFSC, cobre macroeconomia, neg\u00f3cios e startups para o Suno Not\u00edcias, escrevendo principalmente not\u00edcias sobre o mercado financeiro e a bolsa de valores. No YouTube e no Instagram, \u00e9 respons\u00e1vel pela produ\u00e7\u00e3o de Reels e Shorts do Suno Not\u00edcias. Anteriormente, trabalhou cobrindo economia e cotidiano no ND+ e para o ND, maior jornal impresso de Santa Catarina. Cursou um semestre letivo de Estudos de M\u00eddia na Universidad de Buenos Aires.","url":"https:\/\/www.suno.com.br\/noticias\/author\/eduardo-vargas\/"}]}},"default_loop_html":"<div class=\"cardsPage__listCard__boxs\"><div class=\"cardsPage__listCard__boxs__img\"><a href=\"https:\/\/www.suno.com.br\/noticias\/copel-cple6-oferta-acoes-julho-captacao-bilhoes-evm\/\"><img class=\"mask\" src=\"https:\/\/www.suno.com.br\/noticias\/wp-content\/themes\/suno\/resources\/images\/spotlight\/spotlight1img\/bg-mask.png\" alt=\"Image Mask\"\/><img src=\"https:\/\/files.sunoresearch.com.br\/n\/uploads\/2023\/05\/copel-agenda-eua-cpi-haddad-japao-g7-400x200.jpg\" alt=\"Copel (CPLE6) que captar R$ 5 bilh\u00f5es com oferta ainda em julho, diz site\"\/><\/a><span class=\"spotlightCategory\"><a href=\"https:\/\/www.suno.com.br\/noticias\/negocios\/\">Neg\u00f3cios<\/a><\/span><\/div><div class=\"cardsPage__listCard__boxs__content\"><a href=\"https:\/\/www.suno.com.br\/noticias\/copel-cple6-oferta-acoes-julho-captacao-bilhoes-evm\/\"><h2 class=\"content__title\">Copel (CPLE6) que captar R$ 5 bilh\u00f5es com oferta ainda em julho, diz site<\/h2><\/a><div class=\"newsContent__article__meta\"><div class=\"newsContent__article__meta__authorBox\"><a href=\"https:\/\/www.suno.com.br\/noticias\/author\/eduardo-vargas\/\" class=\"authorBox__avatar noMobi\"><img src=\"https:\/\/secure.gravatar.com\/avatar\/dac340933427a22924c9f99d1eb2e3f2?s=96&#038;r=g\" alt=\"Eduardo Vargas\"><\/a><div class=\"authorBox__name\"><span>por\n\t\t\t<a href=\"https:\/\/www.suno.com.br\/noticias\/author\/eduardo-vargas\/\"><span itemprop=\"author\">Eduardo Vargas<\/span><\/a><\/span><time datetime=\"2023-07-13T11:10:45-03:00\" itemprop=\"datePublished\">13\/07\/2023 11:10<\/time><\/div><\/div><\/div><\/div><\/div>","single_layout":"posts","amp_enabled":true,"_links":{"self":[{"href":"https:\/\/www.suno.com.br\/noticias\/wp-json\/wp\/v2\/posts\/428476"}],"collection":[{"href":"https:\/\/www.suno.com.br\/noticias\/wp-json\/wp\/v2\/posts"}],"about":[{"href":"https:\/\/www.suno.com.br\/noticias\/wp-json\/wp\/v2\/types\/post"}],"author":[{"embeddable":true,"href":"https:\/\/www.suno.com.br\/noticias\/wp-json\/wp\/v2\/users\/73"}],"replies":[{"embeddable":true,"href":"https:\/\/www.suno.com.br\/noticias\/wp-json\/wp\/v2\/comments?post=428476"}],"version-history":[{"count":3,"href":"https:\/\/www.suno.com.br\/noticias\/wp-json\/wp\/v2\/posts\/428476\/revisions"}],"predecessor-version":[{"id":428576,"href":"https:\/\/www.suno.com.br\/noticias\/wp-json\/wp\/v2\/posts\/428476\/revisions\/428576"}],"wp:featuredmedia":[{"embeddable":true,"href":"https:\/\/www.suno.com.br\/noticias\/wp-json\/wp\/v2\/media\/402509"}],"wp:attachment":[{"href":"https:\/\/www.suno.com.br\/noticias\/wp-json\/wp\/v2\/media?parent=428476"}],"wp:term":[{"taxonomy":"category","embeddable":true,"href":"https:\/\/www.suno.com.br\/noticias\/wp-json\/wp\/v2\/categories?post=428476"},{"taxonomy":"post_tag","embeddable":true,"href":"https:\/\/www.suno.com.br\/noticias\/wp-json\/wp\/v2\/tags?post=428476"},{"taxonomy":"suno_strategy","embeddable":true,"href":"https:\/\/www.suno.com.br\/noticias\/wp-json\/wp\/v2\/suno_strategy?post=428476"}],"curies":[{"name":"wp","href":"https:\/\/api.w.org\/{rel}","templated":true}]}}