{"id":427885,"date":"2023-07-12T07:59:34","date_gmt":"2023-07-12T10:59:34","guid":{"rendered":"https:\/\/www.suno.com.br\/noticias\/?p=427885"},"modified":"2023-07-12T07:59:39","modified_gmt":"2023-07-12T10:59:39","slug":"genial-quaest-reforma-tributaria-evm","status":"publish","type":"post","link":"https:\/\/www.suno.com.br\/noticias\/genial-quaest-reforma-tributaria-evm\/","title":{"rendered":"Reforma tribut\u00e1ria deve amentar emprego e desencadear melhora da ind\u00fastria, diz Genial\/Quaest"},"content":{"rendered":"<p>A maioria do mercado avalia que a <strong><a href=\"https:\/\/www.suno.com.br\/noticias\/colunas\/fabricio-do-amaral-carneiro\/revisao-tributaria-mecanismo-recurso-financeiro-adicional\/\" target=\"_blank\" rel=\"noreferrer noopener\">reforma tribut\u00e1ria<\/a><\/strong> dever\u00e1 aumentar a gera\u00e7\u00e3o de empregos no Pa\u00eds e melhorar os resultados da ind\u00fastria, mostra pesquisa Genial\/Quaest divulgada nesta quarta-feira (12).<\/p>\t<div class=\"wrapper-featured-image\">\n\t\t<figure class=\"spotlightImg\">\n\n\t\t\t<picture>\n\t\t\t\t<source media=\"(max-width: 768px)\" srcset=\"https:\/\/files.sunoresearch.com.br\/n\/uploads\/2023\/07\/camara-reforma-tributaria-400x200.jpg\">\n\t\t\t\t<img loading=\"lazy\" decoding=\"async\" class=\"newsContent__article__imgCapa lazyloadDisabled \" src=\"https:\/\/files.sunoresearch.com.br\/n\/uploads\/2023\/07\/camara-reforma-tributaria-800x450.jpg\" width=\"800\" height=\"450\" alt=\"Reforma tribut\u00e1ria deve amentar emprego e desencadear melhora da ind\u00fastria, diz Genial\/Quaest\" fetchpriority=high \/>\n\t\t\t<\/picture>\n\n\t\t\t<figcaption class=\"wp-caption-text wp-caption-text--show\">Reforma tribut\u00e1ria \u00e9 aprovada. Foto: Lula Marques\/ Ag\u00eancia Brasil<\/figcaption>\n\t\t<\/figure>\n\t<\/div>\n\n\n\n\n\n\t<p>\n\t\t<a href=\"\" target=\"_blank\" data-element=\"shortcode-suno-banner\" title=\"Banner SUNO, clique e saiba mais\">\n\t\t\t<picture>\n\t\t\t\t<source media=\"(max-width: 500px)\" srcset=\"\">\n\t\t\t\t<img class=\"newsContent__article__imgCapa newsContent__article__imgCapa--banner\"\n\t\t\t\t\tsrc=\"\"\n\t\t\t\t\tdata-promo-id=\"240038\"\t\t\t\t\t\t\t\t\t\t\t\t\t\t\talt=\"\"\n\t\t\t\t>\n\t\t\t<\/picture>\n\t\t<\/a>\n\t<\/p>\n\n\n\n\n\n\n\n<p>Em contrapartida, espera-se uma piora dos resultados dos setores de com\u00e9rcio e servi\u00e7os. Para 66%, a <a class=\"suno-keyword\" target=\"_blank\" data-force=\"no\" data-priority=\"2\" href=\"https:\/\/www.suno.com.br\/artigos\/reforma-tributaria\/\" rel=\"noopener\">reforma tribut\u00e1ria<\/a> deve aumentar o bem-estar das pessoas, enquanto 34% veem diminui\u00e7\u00e3o.<\/p>\n\n\n\n<p>A pesquisa fez 94 entrevistas com fundos de investimento sediados nos Estados de S\u00e3o Paulo e do Rio de Janeiro entre os dias 6 e 10 de julho. A amostra considerou 47% de gestores, 31% de economistas, 14% de traders, 5% de analistas e 3% de pessoas com outros cargos.<\/p>\n\n\n\n<h2 class=\"wp-block-heading\">Oito a cada dez especialistas esperam queda da Selic em 2023<\/h2>\n\n\n\n<p>A percep\u00e7\u00e3o de que a <a class=\"suno-keyword\" data-force=\"no\" data-priority=\"3\" href=\"https:\/\/www.suno.com.br\/artigos\/taxa-selic\/\" target=\"_blank\" rel=\"noopener\">taxa <\/a><strong><a class=\"suno-keyword\" data-force=\"no\" data-priority=\"3\" href=\"https:\/\/www.suno.com.br\/artigos\/taxa-selic\/\" target=\"_blank\" rel=\"noopener\">Selic<\/a> <\/strong>ser\u00e1 reduzida ainda este ano se tornou un\u00e2nime no mercado em julho, mostra pesquisa Genial\/Quaest.<\/p>\n\n\n\n<p>Entre maio e julho, a raz\u00e3o dos que preveem <strong>cortes da Selic em 2023<\/strong> avan\u00e7ou de 88% para 100%.<\/p>\n\n\n\n<p>A aposta majorit\u00e1ria (92%) \u00e9 de in\u00edcio do ciclo de cortes de <strong>juros <\/strong>em agosto, enquanto 7% esperam que o Banco Central s\u00f3 comece a reduzir a Selic em setembro e 1%, em novembro.<\/p>\n\n\n\t<p>\n\t\t<a href=\"https:\/\/lp.suno.com.br\/ebook-gratuito-investindo-no-exterior\/\" target=\"_blank\" data-element=\"shortcode-suno-banner\" title=\"Banner SUNO, clique e saiba mais\">\n\t\t\t<picture>\n\t\t\t\t<source media=\"(max-width: 500px)\" srcset=\"https:\/\/files.sunoresearch.com.br\/n\/uploads\/2023\/03\/400x300-Investindo-no-exterior.png\">\n\t\t\t\t<img class=\"newsContent__article__imgCapa newsContent__article__imgCapa--banner\"\n\t\t\t\t\tsrc=\"https:\/\/files.sunoresearch.com.br\/n\/uploads\/2023\/03\/1420x240-Investindo-no-exterior.png\"\n\t\t\t\t\tdata-promo-id=\"383161\"\t\t\t\t\t\t\t\t\t\twidth='1420' height='240'\t\t\t\t\talt=\"https:\/\/files.sunoresearch.com.br\/n\/uploads\/2023\/03\/1420x240-Investindo-no-exterior.png\"\n\t\t\t\t>\n\t\t\t<\/picture>\n\t\t<\/a>\n\t<\/p>\n\n\n\n\n\n<p>Em agosto, 56% preveem redu\u00e7\u00e3o de 0,25 ponto porcentual dos juros, contra 32% que esperam queda de 0,5 ponto. <\/p>\n\n\n\n<p>Apenas 1% dos entrevistados projeta redu\u00e7\u00e3o maior do que 0,5 ponto. Outros 7% esperam manuten\u00e7\u00e3o dos juros em 13,75%, enquanto 4% preveem uma alta de 0,25 ponto porcentual.<\/p>\n\n\n\n<p>Para 94%, o <a class=\"suno-keyword\" data-force=\"no\" data-priority=\"1\" href=\"https:\/\/www.suno.com.br\/artigos\/cmn-conselho-monetario-nacional\/\" target=\"_blank\" rel=\"noopener\">Conselho Monet\u00e1rio Nacional (<strong>CMN<\/strong>)<\/a> tomou a decis\u00e3o certa ao manter a <a class=\"suno-keyword\" data-force=\"no\" data-priority=\"1\" href=\"https:\/\/www.suno.com.br\/artigos\/meta-de-inflacao\/\" target=\"_blank\" rel=\"noopener\">meta de infla\u00e7\u00e3o<\/a> em 3%, enquanto 6% classificaram a medida como errada. A ado\u00e7\u00e3o de uma <a class=\"suno-keyword\" target=\"_blank\" data-force=\"no\" data-priority=\"1\" href=\"https:\/\/www.suno.com.br\/artigos\/meta-de-inflacao\/\" rel=\"noopener\">meta de infla\u00e7\u00e3o<\/a> cont\u00ednua foi vista como positiva por 81% e como negativa por 19%.<\/p>\n\n\n\n<h2 class=\"wp-block-heading\">Preocupa\u00e7\u00e3o com &#8216;fator Lula&#8217; na Selic<\/h2>\n\n\n\n<p>A maioria dos entrevistados (86%) classifica a atua\u00e7\u00e3o do presidente do <strong>Banco Central<\/strong>, Roberto Campos Neto, em 2023 como positiva, contra 7% de regular e 7% de negativo. <\/p>\n\n\n\n<p>Ao todo, 71% se disseram &#8220;muito preocupados&#8221; com a futura indica\u00e7\u00e3o de um nome para a Presid\u00eancia do BC pelo presidente Luiz In\u00e1cio Lula da Silva, contra 27% que afirmaram estar &#8220;pouco preocupados&#8221; e 2% que se disseram &#8220;nada preocupados&#8221;.<\/p>\n\n\n\n<p>A pesquisa fez 94 entrevistas com <a class=\"suno-keyword\" data-force=\"no\" data-priority=\"2\" href=\"https:\/\/www.suno.com.br\/artigos\/fundos-de-investimento-exterior\/\" target=\"_blank\" rel=\"noopener\">fundos de investimento<\/a> sediados nos Estados de S\u00e3o Paulo e do Rio de Janeiro entre os dias 6 e 10 de julho. A amostra considerou 47% de gestores, 31% de economistas, 14% de traders, 5% de analistas e 3% de pessoas com outros cargos.<\/p>\n\n\n\n<p>Com Estad\u00e3o Conte\u00fado<\/p>\n\n\n\t<p>\n\t\t<a href=\"https:\/\/lp.suno.com.br\/suno-one\/?utm_campaign=_SNC6964518A_\" target=\"_blank\" data-element=\"shortcode-suno-banner\" title=\"Banner SUNO, clique e saiba mais\">\n\t\t\t<picture>\n\t\t\t\t<source media=\"(max-width: 500px)\" srcset=\"https:\/\/files.sunoresearch.com.br\/n\/uploads\/2025\/09\/400x300-Suno-One-png.webp\">\n\t\t\t\t<img class=\"newsContent__article__imgCapa newsContent__article__imgCapa--banner\"\n\t\t\t\t\tsrc=\"https:\/\/files.sunoresearch.com.br\/n\/uploads\/2025\/09\/1420x240-Suno-One-png.webp\"\n\t\t\t\t\tdata-promo-id=\"383121\"\t\t\t\t\t\t\t\t\t\twidth='1420' height='240'\t\t\t\t\talt=\"https:\/\/files.sunoresearch.com.br\/n\/uploads\/2025\/09\/1420x240-Suno-One-png.webp\"\n\t\t\t\t>\n\t\t\t<\/picture>\n\t\t<\/a>\n\t<\/p>\n\n\n","protected":false},"excerpt":{"rendered":"<p>A maioria do mercado avalia que a reforma tribut\u00e1ria dever\u00e1 aumentar a gera\u00e7\u00e3o de empregos no Pa\u00eds e melhorar os resultados da ind\u00fastria, mostra pesquisa Genial\/Quaest divulgada nesta quarta-feira (12). Reforma tribut\u00e1ria \u00e9 aprovada. Foto: Lula Marques\/ Ag\u00eancia Brasil Em contrapartida, espera-se uma piora dos resultados dos setores de com\u00e9rcio e servi\u00e7os. Para 66%, a [&hellip;]<\/p>\n","protected":false},"author":73,"featured_media":426282,"comment_status":"closed","ping_status":"closed","sticky":false,"template":"","format":"standard","meta":[],"categories":[61],"tags":[106444,1286],"suno_strategy":[],"class_list":["post-427885","post","type-post","status-publish","format-standard","has-post-thumbnail","hentry","category-politica","tag-agencias","tag-reforma-tributaria"],"yoast_head":"<!-- This site is optimized with the Yoast SEO plugin v24.4 - https:\/\/yoast.com\/wordpress\/plugins\/seo\/ -->\n<title>Reforma tribut\u00e1ria deve amentar emprego e melhorar da ind\u00fastria<\/title>\n<meta name=\"description\" content=\"Segundo dados da pesquisa, pra 66%, a reforma tribut\u00e1ria deve aumentar o bem-estar das pessoas, enquanto 34% veem diminui\u00e7\u00e3o\" \/>\n<meta name=\"robots\" content=\"index, follow, max-snippet:-1, max-image-preview:large, max-video-preview:-1\" \/>\n<link rel=\"canonical\" href=\"https:\/\/www.suno.com.br\/noticias\/genial-quaest-reforma-tributaria-evm\/\" \/>\n<meta property=\"og:locale\" content=\"pt_BR\" \/>\n<meta property=\"og:type\" content=\"article\" \/>\n<meta property=\"og:title\" content=\"Reforma tribut\u00e1ria deve amentar emprego e melhorar da ind\u00fastria\" \/>\n<meta property=\"og:description\" content=\"Segundo dados da pesquisa, pra 66%, a reforma tribut\u00e1ria deve aumentar o bem-estar das pessoas, enquanto 34% veem diminui\u00e7\u00e3o\" \/>\n<meta property=\"og:url\" content=\"https:\/\/www.suno.com.br\/noticias\/genial-quaest-reforma-tributaria-evm\/\" \/>\n<meta property=\"og:site_name\" content=\"Suno Not\u00edcias\" \/>\n<meta property=\"article:publisher\" content=\"https:\/\/facebook.com\/sunoresearch\" \/>\n<meta property=\"og:image\" content=\"https:\/\/files.sunoresearch.com.br\/n\/uploads\/2023\/07\/camara-reforma-tributaria.jpg\" \/>\n\t<meta property=\"og:image:width\" content=\"1280\" \/>\n\t<meta property=\"og:image:height\" content=\"853\" \/>\n\t<meta property=\"og:image:type\" content=\"image\/jpeg\" \/>\n<meta name=\"author\" content=\"Eduardo Vargas\" \/>\n<meta name=\"twitter:card\" content=\"summary_large_image\" \/>\n<meta name=\"twitter:creator\" content=\"@sunoresearch\" \/>\n<meta name=\"twitter:site\" content=\"@sunoresearch\" \/>\n<meta name=\"twitter:label1\" content=\"Escrito por\" \/>\n\t<meta name=\"twitter:data1\" content=\"Eduardo Vargas\" \/>\n\t<meta name=\"twitter:label2\" content=\"Est. tempo de leitura\" \/>\n\t<meta name=\"twitter:data2\" content=\"3 minutos\" \/>\n<script type=\"application\/ld+json\" class=\"yoast-schema-graph\">{\"@context\":\"https:\/\/schema.org\",\"@graph\":[{\"@type\":\"NewsArticle\",\"@id\":\"https:\/\/www.suno.com.br\/noticias\/genial-quaest-reforma-tributaria-evm\/#article\",\"isPartOf\":{\"@id\":\"https:\/\/www.suno.com.br\/noticias\/genial-quaest-reforma-tributaria-evm\/\"},\"author\":{\"name\":\"Eduardo Vargas\",\"@id\":\"https:\/\/www.suno.com.br\/noticias\/#\/schema\/person\/7f4d362bf3518e76090143ae77bb49a5\"},\"headline\":\"Reforma tribut\u00e1ria deve amentar emprego e desencadear melhora da ind\u00fastria, diz Genial\/Quaest\",\"datePublished\":\"2023-07-12T10:59:34+00:00\",\"dateModified\":\"2023-07-12T10:59:39+00:00\",\"mainEntityOfPage\":{\"@id\":\"https:\/\/www.suno.com.br\/noticias\/genial-quaest-reforma-tributaria-evm\/\"},\"wordCount\":422,\"publisher\":{\"@id\":\"https:\/\/www.suno.com.br\/noticias\/#organization\"},\"image\":{\"@id\":\"https:\/\/www.suno.com.br\/noticias\/genial-quaest-reforma-tributaria-evm\/#primaryimage\"},\"thumbnailUrl\":\"https:\/\/files.sunoresearch.com.br\/n\/uploads\/2023\/07\/camara-reforma-tributaria.jpg\",\"keywords\":[\"Ag\u00eancias\",\"reforma tribut\u00e1ria\"],\"articleSection\":[\"Pol\u00edtica\"],\"inLanguage\":\"pt-BR\"},{\"@type\":\"WebPage\",\"@id\":\"https:\/\/www.suno.com.br\/noticias\/genial-quaest-reforma-tributaria-evm\/\",\"url\":\"https:\/\/www.suno.com.br\/noticias\/genial-quaest-reforma-tributaria-evm\/\",\"name\":\"Reforma tribut\u00e1ria deve amentar emprego e melhorar da ind\u00fastria\",\"isPartOf\":{\"@id\":\"https:\/\/www.suno.com.br\/noticias\/#website\"},\"primaryImageOfPage\":{\"@id\":\"https:\/\/www.suno.com.br\/noticias\/genial-quaest-reforma-tributaria-evm\/#primaryimage\"},\"image\":{\"@id\":\"https:\/\/www.suno.com.br\/noticias\/genial-quaest-reforma-tributaria-evm\/#primaryimage\"},\"thumbnailUrl\":\"https:\/\/files.sunoresearch.com.br\/n\/uploads\/2023\/07\/camara-reforma-tributaria.jpg\",\"datePublished\":\"2023-07-12T10:59:34+00:00\",\"dateModified\":\"2023-07-12T10:59:39+00:00\",\"description\":\"Segundo dados da pesquisa, pra 66%, a reforma tribut\u00e1ria deve aumentar o bem-estar das pessoas, enquanto 34% veem diminui\u00e7\u00e3o\",\"breadcrumb\":{\"@id\":\"https:\/\/www.suno.com.br\/noticias\/genial-quaest-reforma-tributaria-evm\/#breadcrumb\"},\"inLanguage\":\"pt-BR\",\"potentialAction\":[{\"@type\":\"ReadAction\",\"target\":[\"https:\/\/www.suno.com.br\/noticias\/genial-quaest-reforma-tributaria-evm\/\"]}]},{\"@type\":\"ImageObject\",\"inLanguage\":\"pt-BR\",\"@id\":\"https:\/\/www.suno.com.br\/noticias\/genial-quaest-reforma-tributaria-evm\/#primaryimage\",\"url\":\"https:\/\/files.sunoresearch.com.br\/n\/uploads\/2023\/07\/camara-reforma-tributaria.jpg\",\"contentUrl\":\"https:\/\/files.sunoresearch.com.br\/n\/uploads\/2023\/07\/camara-reforma-tributaria.jpg\",\"width\":1280,\"height\":853,\"caption\":\"Reforma tribut\u00e1ria \u00e9 aprovada. Foto: Lula Marques\/ Ag\u00eancia Brasil\"},{\"@type\":\"BreadcrumbList\",\"@id\":\"https:\/\/www.suno.com.br\/noticias\/genial-quaest-reforma-tributaria-evm\/#breadcrumb\",\"itemListElement\":[{\"@type\":\"ListItem\",\"position\":1,\"name\":\"Not\u00edcias\",\"item\":\"https:\/\/www.suno.com.br\/noticias\/\"},{\"@type\":\"ListItem\",\"position\":2,\"name\":\"Pol\u00edtica\",\"item\":\"https:\/\/www.suno.com.br\/noticias\/politica\/\"},{\"@type\":\"ListItem\",\"position\":3,\"name\":\"Reforma tribut\u00e1ria deve amentar emprego e desencadear melhora da ind\u00fastria, diz Genial\/Quaest\"}]},{\"@type\":\"WebSite\",\"@id\":\"https:\/\/www.suno.com.br\/noticias\/#website\",\"url\":\"https:\/\/www.suno.com.br\/noticias\/\",\"name\":\"Suno Not\u00edcias\",\"description\":\"Seu portal de informa\u00e7\u00e3o sobre o mundo dos investimentos\",\"publisher\":{\"@id\":\"https:\/\/www.suno.com.br\/noticias\/#organization\"},\"potentialAction\":[{\"@type\":\"SearchAction\",\"target\":{\"@type\":\"EntryPoint\",\"urlTemplate\":\"https:\/\/www.suno.com.br\/noticias\/?s={search_term_string}\"},\"query-input\":{\"@type\":\"PropertyValueSpecification\",\"valueRequired\":true,\"valueName\":\"search_term_string\"}}],\"inLanguage\":\"pt-BR\"},{\"@type\":\"Organization\",\"@id\":\"https:\/\/www.suno.com.br\/noticias\/#organization\",\"name\":\"Suno Not\u00edcias\",\"url\":\"https:\/\/www.suno.com.br\/noticias\/\",\"logo\":{\"@type\":\"ImageObject\",\"inLanguage\":\"pt-BR\",\"@id\":\"https:\/\/www.suno.com.br\/noticias\/#\/schema\/logo\/image\/\",\"url\":\"https:\/\/files.sunoresearch.com.br\/n\/uploads\/2021\/09\/suno-logo.png\",\"contentUrl\":\"https:\/\/files.sunoresearch.com.br\/n\/uploads\/2021\/09\/suno-logo.png\",\"width\":180,\"height\":180,\"caption\":\"Suno Not\u00edcias\"},\"image\":{\"@id\":\"https:\/\/www.suno.com.br\/noticias\/#\/schema\/logo\/image\/\"},\"sameAs\":[\"https:\/\/facebook.com\/sunoresearch\",\"https:\/\/x.com\/sunoresearch\",\"https:\/\/www.instagram.com\/suno\",\"https:\/\/www.linkedin.com\/company\/suno-research\/\",\"https:\/\/www.youtube.com\/c\/sunoresearch\"]},{\"@type\":\"Person\",\"@id\":\"https:\/\/www.suno.com.br\/noticias\/#\/schema\/person\/7f4d362bf3518e76090143ae77bb49a5\",\"name\":\"Eduardo Vargas\",\"image\":{\"@type\":\"ImageObject\",\"inLanguage\":\"pt-BR\",\"@id\":\"https:\/\/www.suno.com.br\/noticias\/#\/schema\/person\/image\/\",\"url\":\"https:\/\/secure.gravatar.com\/avatar\/dac340933427a22924c9f99d1eb2e3f2?s=96&r=g\",\"contentUrl\":\"https:\/\/secure.gravatar.com\/avatar\/dac340933427a22924c9f99d1eb2e3f2?s=96&r=g\",\"caption\":\"Eduardo Vargas\"},\"description\":\"Jornalista formado pela UFSC, cobre macroeconomia, neg\u00f3cios e startups para o Suno Not\u00edcias, escrevendo principalmente not\u00edcias sobre o mercado financeiro e a bolsa de valores. No YouTube e no Instagram, \u00e9 respons\u00e1vel pela produ\u00e7\u00e3o de Reels e Shorts do Suno Not\u00edcias. Anteriormente, trabalhou cobrindo economia e cotidiano no ND+ e para o ND, maior jornal impresso de Santa Catarina. Cursou um semestre letivo de Estudos de M\u00eddia na Universidad de Buenos Aires.\",\"url\":\"https:\/\/www.suno.com.br\/noticias\/author\/eduardo-vargas\/\"}]}<\/script>\n<!-- \/ Yoast SEO plugin. -->","yoast_head_json":{"title":"Reforma tribut\u00e1ria deve amentar emprego e melhorar da ind\u00fastria","description":"Segundo dados da pesquisa, pra 66%, a reforma tribut\u00e1ria deve aumentar o bem-estar das pessoas, enquanto 34% veem diminui\u00e7\u00e3o","robots":{"index":"index","follow":"follow","max-snippet":"max-snippet:-1","max-image-preview":"max-image-preview:large","max-video-preview":"max-video-preview:-1"},"canonical":"https:\/\/www.suno.com.br\/noticias\/genial-quaest-reforma-tributaria-evm\/","og_locale":"pt_BR","og_type":"article","og_title":"Reforma tribut\u00e1ria deve amentar emprego e melhorar da ind\u00fastria","og_description":"Segundo dados da pesquisa, pra 66%, a reforma tribut\u00e1ria deve aumentar o bem-estar das pessoas, enquanto 34% veem diminui\u00e7\u00e3o","og_url":"https:\/\/www.suno.com.br\/noticias\/genial-quaest-reforma-tributaria-evm\/","og_site_name":"Suno Not\u00edcias","article_publisher":"https:\/\/facebook.com\/sunoresearch","og_image":[{"width":1280,"height":853,"url":"https:\/\/files.sunoresearch.com.br\/n\/uploads\/2023\/07\/camara-reforma-tributaria.jpg","type":"image\/jpeg"}],"author":"Eduardo Vargas","twitter_card":"summary_large_image","twitter_creator":"@sunoresearch","twitter_site":"@sunoresearch","twitter_misc":{"Escrito por":"Eduardo Vargas","Est. tempo de leitura":"3 minutos"},"schema":{"@context":"https:\/\/schema.org","@graph":[{"@type":"NewsArticle","@id":"https:\/\/www.suno.com.br\/noticias\/genial-quaest-reforma-tributaria-evm\/#article","isPartOf":{"@id":"https:\/\/www.suno.com.br\/noticias\/genial-quaest-reforma-tributaria-evm\/"},"author":{"name":"Eduardo Vargas","@id":"https:\/\/www.suno.com.br\/noticias\/#\/schema\/person\/7f4d362bf3518e76090143ae77bb49a5"},"headline":"Reforma tribut\u00e1ria deve amentar emprego e desencadear melhora da ind\u00fastria, diz Genial\/Quaest","datePublished":"2023-07-12T10:59:34+00:00","dateModified":"2023-07-12T10:59:39+00:00","mainEntityOfPage":{"@id":"https:\/\/www.suno.com.br\/noticias\/genial-quaest-reforma-tributaria-evm\/"},"wordCount":422,"publisher":{"@id":"https:\/\/www.suno.com.br\/noticias\/#organization"},"image":{"@id":"https:\/\/www.suno.com.br\/noticias\/genial-quaest-reforma-tributaria-evm\/#primaryimage"},"thumbnailUrl":"https:\/\/files.sunoresearch.com.br\/n\/uploads\/2023\/07\/camara-reforma-tributaria.jpg","keywords":["Ag\u00eancias","reforma tribut\u00e1ria"],"articleSection":["Pol\u00edtica"],"inLanguage":"pt-BR"},{"@type":"WebPage","@id":"https:\/\/www.suno.com.br\/noticias\/genial-quaest-reforma-tributaria-evm\/","url":"https:\/\/www.suno.com.br\/noticias\/genial-quaest-reforma-tributaria-evm\/","name":"Reforma tribut\u00e1ria deve amentar emprego e melhorar da ind\u00fastria","isPartOf":{"@id":"https:\/\/www.suno.com.br\/noticias\/#website"},"primaryImageOfPage":{"@id":"https:\/\/www.suno.com.br\/noticias\/genial-quaest-reforma-tributaria-evm\/#primaryimage"},"image":{"@id":"https:\/\/www.suno.com.br\/noticias\/genial-quaest-reforma-tributaria-evm\/#primaryimage"},"thumbnailUrl":"https:\/\/files.sunoresearch.com.br\/n\/uploads\/2023\/07\/camara-reforma-tributaria.jpg","datePublished":"2023-07-12T10:59:34+00:00","dateModified":"2023-07-12T10:59:39+00:00","description":"Segundo dados da pesquisa, pra 66%, a reforma tribut\u00e1ria deve aumentar o bem-estar das pessoas, enquanto 34% veem diminui\u00e7\u00e3o","breadcrumb":{"@id":"https:\/\/www.suno.com.br\/noticias\/genial-quaest-reforma-tributaria-evm\/#breadcrumb"},"inLanguage":"pt-BR","potentialAction":[{"@type":"ReadAction","target":["https:\/\/www.suno.com.br\/noticias\/genial-quaest-reforma-tributaria-evm\/"]}]},{"@type":"ImageObject","inLanguage":"pt-BR","@id":"https:\/\/www.suno.com.br\/noticias\/genial-quaest-reforma-tributaria-evm\/#primaryimage","url":"https:\/\/files.sunoresearch.com.br\/n\/uploads\/2023\/07\/camara-reforma-tributaria.jpg","contentUrl":"https:\/\/files.sunoresearch.com.br\/n\/uploads\/2023\/07\/camara-reforma-tributaria.jpg","width":1280,"height":853,"caption":"Reforma tribut\u00e1ria \u00e9 aprovada. Foto: Lula Marques\/ Ag\u00eancia Brasil"},{"@type":"BreadcrumbList","@id":"https:\/\/www.suno.com.br\/noticias\/genial-quaest-reforma-tributaria-evm\/#breadcrumb","itemListElement":[{"@type":"ListItem","position":1,"name":"Not\u00edcias","item":"https:\/\/www.suno.com.br\/noticias\/"},{"@type":"ListItem","position":2,"name":"Pol\u00edtica","item":"https:\/\/www.suno.com.br\/noticias\/politica\/"},{"@type":"ListItem","position":3,"name":"Reforma tribut\u00e1ria deve amentar emprego e desencadear melhora da ind\u00fastria, diz Genial\/Quaest"}]},{"@type":"WebSite","@id":"https:\/\/www.suno.com.br\/noticias\/#website","url":"https:\/\/www.suno.com.br\/noticias\/","name":"Suno Not\u00edcias","description":"Seu portal de informa\u00e7\u00e3o sobre o mundo dos investimentos","publisher":{"@id":"https:\/\/www.suno.com.br\/noticias\/#organization"},"potentialAction":[{"@type":"SearchAction","target":{"@type":"EntryPoint","urlTemplate":"https:\/\/www.suno.com.br\/noticias\/?s={search_term_string}"},"query-input":{"@type":"PropertyValueSpecification","valueRequired":true,"valueName":"search_term_string"}}],"inLanguage":"pt-BR"},{"@type":"Organization","@id":"https:\/\/www.suno.com.br\/noticias\/#organization","name":"Suno Not\u00edcias","url":"https:\/\/www.suno.com.br\/noticias\/","logo":{"@type":"ImageObject","inLanguage":"pt-BR","@id":"https:\/\/www.suno.com.br\/noticias\/#\/schema\/logo\/image\/","url":"https:\/\/files.sunoresearch.com.br\/n\/uploads\/2021\/09\/suno-logo.png","contentUrl":"https:\/\/files.sunoresearch.com.br\/n\/uploads\/2021\/09\/suno-logo.png","width":180,"height":180,"caption":"Suno Not\u00edcias"},"image":{"@id":"https:\/\/www.suno.com.br\/noticias\/#\/schema\/logo\/image\/"},"sameAs":["https:\/\/facebook.com\/sunoresearch","https:\/\/x.com\/sunoresearch","https:\/\/www.instagram.com\/suno","https:\/\/www.linkedin.com\/company\/suno-research\/","https:\/\/www.youtube.com\/c\/sunoresearch"]},{"@type":"Person","@id":"https:\/\/www.suno.com.br\/noticias\/#\/schema\/person\/7f4d362bf3518e76090143ae77bb49a5","name":"Eduardo Vargas","image":{"@type":"ImageObject","inLanguage":"pt-BR","@id":"https:\/\/www.suno.com.br\/noticias\/#\/schema\/person\/image\/","url":"https:\/\/secure.gravatar.com\/avatar\/dac340933427a22924c9f99d1eb2e3f2?s=96&r=g","contentUrl":"https:\/\/secure.gravatar.com\/avatar\/dac340933427a22924c9f99d1eb2e3f2?s=96&r=g","caption":"Eduardo Vargas"},"description":"Jornalista formado pela UFSC, cobre macroeconomia, neg\u00f3cios e startups para o Suno Not\u00edcias, escrevendo principalmente not\u00edcias sobre o mercado financeiro e a bolsa de valores. No YouTube e no Instagram, \u00e9 respons\u00e1vel pela produ\u00e7\u00e3o de Reels e Shorts do Suno Not\u00edcias. Anteriormente, trabalhou cobrindo economia e cotidiano no ND+ e para o ND, maior jornal impresso de Santa Catarina. Cursou um semestre letivo de Estudos de M\u00eddia na Universidad de Buenos Aires.","url":"https:\/\/www.suno.com.br\/noticias\/author\/eduardo-vargas\/"}]}},"default_loop_html":"<div class=\"cardsPage__listCard__boxs\"><div class=\"cardsPage__listCard__boxs__img\"><a href=\"https:\/\/www.suno.com.br\/noticias\/genial-quaest-reforma-tributaria-evm\/\"><img class=\"mask\" src=\"https:\/\/www.suno.com.br\/noticias\/wp-content\/themes\/suno\/resources\/images\/spotlight\/spotlight1img\/bg-mask.png\" alt=\"Image Mask\"\/><img src=\"https:\/\/files.sunoresearch.com.br\/n\/uploads\/2023\/07\/camara-reforma-tributaria-400x200.jpg\" alt=\"Reforma tribut\u00e1ria deve amentar emprego e desencadear melhora da ind\u00fastria, diz Genial\/Quaest\"\/><\/a><span class=\"spotlightCategory\"><a href=\"https:\/\/www.suno.com.br\/noticias\/politica\/\">Pol\u00edtica<\/a><\/span><\/div><div class=\"cardsPage__listCard__boxs__content\"><a href=\"https:\/\/www.suno.com.br\/noticias\/genial-quaest-reforma-tributaria-evm\/\"><h2 class=\"content__title\">Reforma tribut\u00e1ria deve amentar emprego e desencadear melhora da ind\u00fastria, diz Genial\/Quaest<\/h2><\/a><div class=\"newsContent__article__meta\"><div class=\"newsContent__article__meta__authorBox\"><a href=\"https:\/\/www.suno.com.br\/noticias\/author\/eduardo-vargas\/\" class=\"authorBox__avatar noMobi\"><img src=\"https:\/\/secure.gravatar.com\/avatar\/dac340933427a22924c9f99d1eb2e3f2?s=96&#038;r=g\" alt=\"Eduardo Vargas\"><\/a><div class=\"authorBox__name\"><span>por\n\t\t\t<a href=\"https:\/\/www.suno.com.br\/noticias\/author\/eduardo-vargas\/\"><span itemprop=\"author\">Eduardo Vargas<\/span><\/a><\/span><time datetime=\"2023-07-12T07:59:34-03:00\" itemprop=\"datePublished\">12\/07\/2023 07:59<\/time><\/div><\/div><\/div><\/div><\/div>","single_layout":"posts","amp_enabled":true,"_links":{"self":[{"href":"https:\/\/www.suno.com.br\/noticias\/wp-json\/wp\/v2\/posts\/427885"}],"collection":[{"href":"https:\/\/www.suno.com.br\/noticias\/wp-json\/wp\/v2\/posts"}],"about":[{"href":"https:\/\/www.suno.com.br\/noticias\/wp-json\/wp\/v2\/types\/post"}],"author":[{"embeddable":true,"href":"https:\/\/www.suno.com.br\/noticias\/wp-json\/wp\/v2\/users\/73"}],"replies":[{"embeddable":true,"href":"https:\/\/www.suno.com.br\/noticias\/wp-json\/wp\/v2\/comments?post=427885"}],"version-history":[{"count":3,"href":"https:\/\/www.suno.com.br\/noticias\/wp-json\/wp\/v2\/posts\/427885\/revisions"}],"predecessor-version":[{"id":427898,"href":"https:\/\/www.suno.com.br\/noticias\/wp-json\/wp\/v2\/posts\/427885\/revisions\/427898"}],"wp:featuredmedia":[{"embeddable":true,"href":"https:\/\/www.suno.com.br\/noticias\/wp-json\/wp\/v2\/media\/426282"}],"wp:attachment":[{"href":"https:\/\/www.suno.com.br\/noticias\/wp-json\/wp\/v2\/media?parent=427885"}],"wp:term":[{"taxonomy":"category","embeddable":true,"href":"https:\/\/www.suno.com.br\/noticias\/wp-json\/wp\/v2\/categories?post=427885"},{"taxonomy":"post_tag","embeddable":true,"href":"https:\/\/www.suno.com.br\/noticias\/wp-json\/wp\/v2\/tags?post=427885"},{"taxonomy":"suno_strategy","embeddable":true,"href":"https:\/\/www.suno.com.br\/noticias\/wp-json\/wp\/v2\/suno_strategy?post=427885"}],"curies":[{"name":"wp","href":"https:\/\/api.w.org\/{rel}","templated":true}]}}