{"id":427817,"date":"2023-07-11T22:36:56","date_gmt":"2023-07-12T01:36:56","guid":{"rendered":"https:\/\/www.suno.com.br\/noticias\/?p=427817"},"modified":"2023-07-11T22:37:10","modified_gmt":"2023-07-12T01:37:10","slug":"radar-petrobras-petr4-comgas-cgas3-americanas-amer3-b3-b3sa3","status":"publish","type":"post","link":"https:\/\/www.suno.com.br\/noticias\/radar-petrobras-petr4-comgas-cgas3-americanas-amer3-b3-b3sa3\/","title":{"rendered":"Radar: Petrobras (PETR4) fecha contrato bilion\u00e1rio com a Comg\u00e1s (CGAS3), Justi\u00e7a estende prote\u00e7\u00e3o da Americanas (AMER3) e banco recomenda B3 (B3SA3)"},"content":{"rendered":"<p>A&nbsp;<strong>Petrobras (PETR4)<\/strong>&nbsp;fechou novo contrato de g\u00e1s natural com a Companhia de G\u00e1s de S\u00e3o Paulo, a Comg\u00e1s (CGAS3), com vig\u00eancia a partir de janeiro de 2024 at\u00e9 dezembro de 2034. O valor total estimado, segundo a companhia, \u00e9 de R$ 56 bilh\u00f5es.<\/p>\t<div class=\"wrapper-featured-image\">\n\t\t<figure class=\"spotlightImg\">\n\n\t\t\t<picture>\n\t\t\t\t<source media=\"(max-width: 768px)\" srcset=\"https:\/\/files.sunoresearch.com.br\/n\/uploads\/2023\/05\/petrobras-petr4-brsr6-agenda-dividendos-maio-2023-400x200.jpg\">\n\t\t\t\t<img loading=\"lazy\" decoding=\"async\" class=\"newsContent__article__imgCapa lazyloadDisabled \" src=\"https:\/\/files.sunoresearch.com.br\/n\/uploads\/2023\/05\/petrobras-petr4-brsr6-agenda-dividendos-maio-2023-800x450.jpg\" width=\"800\" height=\"450\" alt=\"Radar: Petrobras (PETR4) fecha contrato bilion\u00e1rio com a Comg\u00e1s (CGAS3), Justi\u00e7a estende prote\u00e7\u00e3o da Americanas (AMER3) e banco recomenda B3 (B3SA3)\" fetchpriority=high \/>\n\t\t\t<\/picture>\n\n\t\t\t<figcaption class=\"wp-caption-text wp-caption-text--show\">Petrobras (PETR4). Foto: Ag\u00eancia Brasil<\/figcaption>\n\t\t<\/figure>\n\t<\/div>\n\n\n\n\n\n\t<p>\n\t\t<a href=\"https:\/\/lp.suno.com.br\/planilha-da-vida-financeira\/\" target=\"_blank\" data-element=\"shortcode-suno-banner\" title=\"Banner SUNO, clique e saiba mais\">\n\t\t\t<picture>\n\t\t\t\t<source media=\"(max-width: 500px)\" srcset=\"https:\/\/files.sunoresearch.com.br\/n\/uploads\/2023\/04\/400x300-Planilha-vida-financeira-true.png\">\n\t\t\t\t<img class=\"newsContent__article__imgCapa newsContent__article__imgCapa--banner\"\n\t\t\t\t\tsrc=\"https:\/\/files.sunoresearch.com.br\/n\/uploads\/2023\/04\/1420x240-Planilha-vida-financeira-true.png\"\n\t\t\t\t\tdata-promo-id=\"106682\"\t\t\t\t\t\t\t\t\t\twidth='1420' height='240'\t\t\t\t\talt=\"https:\/\/files.sunoresearch.com.br\/n\/uploads\/2023\/04\/1420x240-Planilha-vida-financeira-true.png\"\n\t\t\t\t>\n\t\t\t<\/picture>\n\t\t<\/a>\n\t<\/p>\n\n\n\n\n\n\n\n<p>\u201cO&nbsp;<strong>contrato com a Comg\u00e1s&nbsp;<\/strong>visa o suprimento de g\u00e1s para atendimento ao mercado regulado da Comg\u00e1s, cuja \u00e1rea de concess\u00e3o est\u00e1 situada no Estado de S\u00e3o Paulo\u201d, diz o&nbsp;<strong>comunicado da Petrobras<\/strong>. \u201cRefor\u00e7a a parceria comercial entre as empresas.\u201d<\/p>\n\n\n\n<p>Seguindo o rito regulat\u00f3rio estabelecido, \u201co&nbsp;<strong>contrato da Petrobras<\/strong>&nbsp;ser\u00e1 enviado para a ANP (Ag\u00eancia Nacional do Petr\u00f3leo, G\u00e1s Natural e Biocombust\u00edveis), respons\u00e1vel pela publicidade de acordo com resolu\u00e7\u00e3o da ag\u00eancia, sobre os contratos de compra e venda de g\u00e1s natural firmados entre os comercializadores e as distribuidoras locais de g\u00e1s canalizado para atendimento a mercados cativos.\u201d<\/p>\n\n\n\n<p>Al\u00e9m de Petrobras, confira outros destaques desta ter\u00e7a-feira:<\/p>\n\n\n\n<h2 class=\"wp-block-heading\">Americanas (AMER3) consegue mais 180 dias de prote\u00e7\u00e3o contra cobran\u00e7as de credores<\/h2>\n\n\n\n<ul class=\"wp-block-list\">\n<li>A&nbsp;<a href=\"https:\/\/www.suno.com.br\/acoes\/amer3\/\" target=\"_blank\" rel=\"noreferrer noopener\"><strong>Americanas<\/strong>&nbsp;(AMER3)<\/a>&nbsp;informou que a 4\u00aa Vara Empresarial do Estado do Rio de Janeiro aceitou o pedido de prorroga\u00e7\u00e3o do per\u00edodo de prote\u00e7\u00e3o da empresa e de suas subsidi\u00e1rias JSM Global e ST Importa\u00e7\u00f5es, no \u00e2mbito de sua&nbsp;<a href=\"https:\/\/www.suno.com.br\/artigos\/recuperacao-judicial\/\" target=\"_blank\" rel=\"noreferrer noopener\">recupera\u00e7\u00e3o judicial<\/a>.<\/li>\n<\/ul>\n\n\n\n<ul class=\"wp-block-list\">\n<li>Em comunicado divulgado ao mercado nesta ter\u00e7a-feira (11), a empresa de varejo informou o alongamento do prazo de suspens\u00e3o de todas as a\u00e7\u00f5es e execu\u00e7\u00f5es existentes contra o&nbsp;<strong>Grupo Americanas<\/strong>, assim como da exig\u00eancia de cr\u00e9ditos concursais.<\/li>\n<\/ul>\n\n\n\n<ul class=\"wp-block-list\">\n<li>Esse prazo foi prolongado por mais 180 dias, contados a partir do t\u00e9rmino desse \u201cper\u00edodo de blindagem\u201d, chamado de \u201cstay period\u201d, que tinha sido concedido pela Justi\u00e7a ao aceitar o pedido de&nbsp;<strong>recupera\u00e7\u00e3o judicial da Americanas<\/strong>.<\/li>\n<\/ul>\n\n\n\n<ul class=\"wp-block-list\">\n<li>Caso n\u00e3o fosse prorrogado, o prazo de suspens\u00e3o das execu\u00e7\u00f5es se encerraria hoje (11), ap\u00f3s 6 meses do comunicado feito pela empresa que apontava inconsist\u00eancias cont\u00e1beis de R$ 20 bilh\u00f5es.<\/li>\n<\/ul>\n\n\n\n<ul class=\"wp-block-list\">\n<li>Segundo o jornal Valor Econ\u00f4mico, o juiz citou em seu pronunciamento uma&nbsp;<strong>peti\u00e7\u00e3o da Americanas<\/strong>&nbsp;em que os advogados da empresa dizem que, \u201cn\u00e3o obstante todos os esfor\u00e7os direcionados ao bom andamento do feito, n\u00e3o foi poss\u00edvel, ainda nesta quadra processual, promover a delibera\u00e7\u00e3o do&nbsp;<a href=\"https:\/\/www.suno.com.br\/artigos\/plano-de-recuperacao\/\" target=\"_blank\" rel=\"noreferrer noopener\">plano de recupera\u00e7\u00e3o judicial<\/a>\u201d.<\/li>\n<\/ul>\n\n\n\n<ul class=\"wp-block-list\">\n<li>Outra alega\u00e7\u00e3o feita pela defesa da Americanas, segundo o juiz, era sobre \u201co complexo lit\u00edgio que se desenvolveu no in\u00edcio do processo e culminou nas dezenas de recursos que se tem conhecimento bem como do extenso volume de trabalho dispendido em sede de verifica\u00e7\u00e3o administrativa de cr\u00e9dito.\u201d<\/li>\n<\/ul>\n\n\n\n<ul class=\"wp-block-list\">\n<li>No dia 13 de janeiro de 2023, o juiz&nbsp;<strong>Paulo Assed Estefan<\/strong>&nbsp;havia concedido uma tutela cautelar a Americanas. Nesse caso, todos os bens da empresa n\u00e3o poderiam ser bloqueados ou penhorados.<\/li>\n<\/ul>\n\n\n\n<h2 class=\"wp-block-heading\">Vit\u00f3ria judicial e parceria com Nasdaq s\u00e3o not\u00edcias positivas para a B3 (B3SA3), diz BofA<\/h2>\n\n\n\n<ul class=\"wp-block-list\">\n<li>O Bank of America (BofA) manteve a recomenda\u00e7\u00e3o de compra e o pre\u00e7o-alvo em R$ 18 para as a\u00e7\u00f5es da&nbsp;<strong>B3<\/strong>&nbsp;(B3SA3), empresa que administra a maior&nbsp;<a href=\"https:\/\/www.suno.com.br\/guias\/bolsa-de-valores\/\" target=\"_blank\" rel=\"noreferrer noopener\">bolsa de valores<\/a>&nbsp;da Am\u00e9rica Latina, ap\u00f3s a companhia obter uma vit\u00f3ria na Justi\u00e7a que reduziu o valor de suas multas em R$ 800 milh\u00f5es. A renova\u00e7\u00e3o da parceria com a Nasdaq para servi\u00e7os de compensa\u00e7\u00e3o tamb\u00e9m \u00e9 favor\u00e1vel para a B3, segundo o BofA.<\/li>\n<\/ul>\n\n\n\n<ul class=\"wp-block-list\">\n<li>Segundo o&nbsp;<strong>banco americano<\/strong>, ambas as not\u00edcias s\u00e3o \u201cmarginalmente positivas para empresa\u201d, que manteve a recomenda\u00e7\u00e3o \u2013 no entanto, a not\u00edcia da&nbsp;<strong>vit\u00f3ria judicial<\/strong>, embora positiva, ainda \u00e9 pass\u00edvel de recurso pela Receita Federal.<\/li>\n<\/ul>\n\n\n\n<ul class=\"wp-block-list\">\n<li>A delegacia da Receita, que julgou em primeira inst\u00e2ncia, reduziu o montante a ser pago em multas por impostos pagos a menos em 2017 e reduziu pela metade os pagamentos de amortiza\u00e7\u00e3o de \u00e1gio, de R$ 1,6 bilh\u00e3o para R$ 782 milh\u00f5es.<\/li>\n<\/ul>\n\n\n\n<ul class=\"wp-block-list\">\n<li>O total de multas e juros por todos os casos que ainda est\u00e3o em julgamento totalizam R$ 13,6 bilh\u00f5es, cerca de 17% do&nbsp;<a href=\"https:\/\/www.suno.com.br\/artigos\/valor-de-mercado\/\" target=\"_blank\" rel=\"noreferrer noopener\">valor de mercado<\/a>&nbsp;da B3.<\/li>\n<\/ul>\n\n\n\n<ul class=\"wp-block-list\">\n<li>No lado comercial, a B3 anunciou a renova\u00e7\u00e3o da&nbsp;<strong>parceria com a Nasdaq<\/strong>&nbsp;para fornecimento de tecnologia financeira pela sueca Cinnober. A companhia sueca foi comprada pela Nasdaq em 2018, e teve papel fundamental para a integra\u00e7\u00e3o dos neg\u00f3cios ap\u00f3s a compra da Cetip em 2017.<\/li>\n<\/ul>\n\n\n\n<ul class=\"wp-block-list\">\n<li>O novo acordo inclui a&nbsp;<strong>colabora\u00e7\u00e3o da Nasdaq<\/strong>&nbsp;fornecendo know-how em compensa\u00e7\u00e3o, liquida\u00e7\u00e3o e&nbsp;<a href=\"https:\/\/www.suno.com.br\/artigos\/gestao-de-riscos\/\" target=\"_blank\" rel=\"noreferrer noopener\">gest\u00e3o de riscos<\/a>. A nova plataforma substituir\u00e1 gradativamente a atual solu\u00e7\u00e3o da B3, sem riscos para o mercado, segundo a empresa.<\/li>\n<\/ul>\n\n\n\n<ul class=\"wp-block-list\">\n<li>\u201cVemos o acordo como positivo, pois reflete os esfor\u00e7os da B3 em melhorar a qualidade dos servi\u00e7os e oferta de produtos e se manter \u00e0 frente de potenciais novos entrantes\u201d, diz o relat\u00f3rio do BofA, assinado por Mario Pierry e Antonio Ruette.<\/li>\n<\/ul>\n\n\n\n<ul class=\"wp-block-list\">\n<li>As&nbsp;<strong>a\u00e7\u00f5es da&nbsp;<a href=\"https:\/\/www.suno.com.br\/acoes\/B3SA3\/\" target=\"_blank\" rel=\"noreferrer noopener\">B3 (B3SA3)<\/a><\/strong>&nbsp;fecharam em queda de 1,07% nesta ter\u00e7a-feira (11), negociadas a R$ 13,93.<\/li>\n<\/ul>\n\n\n\n<h2 class=\"wp-block-heading\">Investidores europeus est\u00e3o com \u201cvis\u00e3o otimista\u201d sobre o Brasil e apostam em tr\u00eas ativos da Bolsa; veja quais<\/h2>\n\n\n\n<ul class=\"wp-block-list\">\n<li>Ap\u00f3s realizar um non-deal roadshow (NDR) na Europa, o Ita\u00fa BBA divulgou em relat\u00f3rio, nesta ter\u00e7a-feira (11), que os&nbsp;<strong>investidores europeus<\/strong>&nbsp;t\u00eam expectativa de aumentar exposi\u00e7\u00e3o a ativos brasileiros. Para o banco, o otimismo referente ao Brasil \u00e9 motivado por um poss\u00edvel corte de juros. Entre esses ativos, est\u00e3o a Lojas Renner (LREN3), Raia Drogasil (RADL3), Mercado Livre (MELI34) e Assa\u00ed (ASAI3).<\/li>\n<\/ul>\n\n\n\n<ul class=\"wp-block-list\">\n<li>\u201cVemos uma vis\u00e3o construtiva sobre o Brasil com base em nossa cren\u00e7a de que a combina\u00e7\u00e3o de taxas de juros em queda e desempenho do PIB melhor do que o esperado o (impulsionado por tend\u00eancias n\u00e3o inflacion\u00e1rias, como exporta\u00e7\u00f5es) apoiar\u00e1 uma reavalia\u00e7\u00e3o consistente para cima dos ativos brasileiros\u201d, afirma o banco.<\/li>\n<\/ul>\n\n\n\n<ul class=\"wp-block-list\">\n<li>Segundo a&nbsp;<strong>equipe do Ita\u00fa BBA<\/strong>, esse cen\u00e1rio pode fazer com que os investidores europeus ampliem a exposi\u00e7\u00e3o em ativos brasileiros para compor suas carteiras.<\/li>\n<\/ul>\n\n\n\n<ul class=\"wp-block-list\">\n<li>No entanto, os europeus tamb\u00e9m demonstraram uma preocupa\u00e7\u00e3o com o desempenho das empresas brasileiras no&nbsp;<a href=\"https:\/\/www.suno.com.br\/artigos\/curto-prazo\/\" target=\"_blank\" rel=\"noreferrer noopener\">curto prazo<\/a>, o que pode lev\u00e1-los, conforme relata o analistas do BBA, a adiar uma potencial expans\u00e3o de seus investimentos na regi\u00e3o.<\/li>\n<\/ul>\n\n\n\t<p>\n\t\t<a href=\"https:\/\/lp.suno.com.br\/ebook-como-analisar-uma-acao\/\" target=\"_blank\" data-element=\"shortcode-suno-banner\" title=\"Banner SUNO, clique e saiba mais\">\n\t\t\t<picture>\n\t\t\t\t<source media=\"(max-width: 500px)\" srcset=\"https:\/\/files.sunoresearch.com.br\/n\/uploads\/2023\/03\/Ebook-Acoes-Mobile.jpg\">\n\t\t\t\t<img class=\"newsContent__article__imgCapa newsContent__article__imgCapa--banner\"\n\t\t\t\t\tsrc=\"https:\/\/files.sunoresearch.com.br\/n\/uploads\/2023\/03\/Ebook-Acoes-Desktop.jpg\"\n\t\t\t\t\tdata-promo-id=\"378302\"\t\t\t\t\t\t\t\t\t\twidth='1420' height='286'\t\t\t\t\talt=\"https:\/\/files.sunoresearch.com.br\/n\/uploads\/2023\/03\/Ebook-Acoes-Desktop.jpg\"\n\t\t\t\t>\n\t\t\t<\/picture>\n\t\t<\/a>\n\t<\/p>\n\n\n\n\n\n<h2 class=\"wp-block-heading\">Ita\u00fasa (ITSA4): S&amp;P inicia cobertura e atribui rating brAA, com perspectiva est\u00e1vel; veja por qu\u00ea<\/h2>\n\n\n\n<ul class=\"wp-block-list\">\n<li>A&nbsp;<strong>Ita\u00fasa (ITSA4)<\/strong>&nbsp;anunciou nesta ter\u00e7a-feira (11) que a ag\u00eancia de risco S&amp;P Global Ratings iniciou a cobertura da companhia, atribuindo o rating de cr\u00e9dito corporativo de&nbsp;<a href=\"https:\/\/www.suno.com.br\/artigos\/longo-prazo\/\" target=\"_blank\" rel=\"noreferrer noopener\">longo prazo<\/a>&nbsp;\u2018brAAA\u2019, com perspectiva est\u00e1vel.<\/li>\n<\/ul>\n\n\n\n<ul class=\"wp-block-list\">\n<li>Segundo a ag\u00eancia, a&nbsp;<strong>classifica\u00e7\u00e3o do rating<\/strong>&nbsp;representa a robusta posi\u00e7\u00e3o de caixa da Ita\u00fasa e a melhora nas m\u00e9tricas de alavancagem, resultado do refor\u00e7o da liquidez obtida com as vendas de participa\u00e7\u00e3o acion\u00e1ria na XP Investimentos.<\/li>\n<\/ul>\n\n\n\n<ul class=\"wp-block-list\">\n<li>Nesta semana, a Ita\u00fasa comunicou que rescindiu o&nbsp;<a href=\"https:\/\/www.suno.com.br\/artigos\/acordo-de-acionistas\/\" target=\"_blank\" rel=\"noreferrer noopener\">acordo de acionistas<\/a>&nbsp;da XP Investimentos, mudan\u00e7a que pode impactar o resultado do terceiro trimestre de 2023.<\/li>\n<\/ul>\n\n\n\n<ul class=\"wp-block-list\">\n<li>Outro ponto destacado no&nbsp;<strong>relat\u00f3rio da S&amp;P&nbsp;<\/strong>\u00e9 a&nbsp;<strong>desalavancagem da Ita\u00fasa<\/strong>&nbsp;iniciada em dezembro de 2022, associada \u00e0 diversifica\u00e7\u00e3o do portf\u00f3lio em setores n\u00e3o financeiros que contribuem para a estabilidade dos resultados da Ita\u00fasa, apesar do mercado vol\u00e1til.<\/li>\n<\/ul>\n\n\n\n<h2 class=\"wp-block-heading\">B3 (B3SA3): volume m\u00e9dio di\u00e1rio de neg\u00f3cios atinge R$ 30,5 bilh\u00f5es em junho, alta anual de 5,8%<\/h2>\n\n\n\n<ul class=\"wp-block-list\">\n<li>Novos dados operacionais apurados pela&nbsp;<a href=\"https:\/\/www.suno.com.br\/acoes\/B3SA3\/\" target=\"_blank\" rel=\"noreferrer noopener\">B3 (B3SA3)<\/a>&nbsp;indicam que o volume m\u00e9dio de neg\u00f3cios da bolsa de valores teve alta de 5,8% na base anual, para cerca de R$ 30,5 bilh\u00f5es no acumulado de junho.<\/li>\n<\/ul>\n\n\n\n<ul class=\"wp-block-list\">\n<li>Em rela\u00e7\u00e3o a maio de 2023, houve avan\u00e7o de 12,6%, de acordo com os&nbsp;<strong>dados da B3<\/strong>, divulgados nesta ter\u00e7a-feira (11).<\/li>\n<\/ul>\n\n\n\n<ul class=\"wp-block-list\">\n<li>Em segmentos, o&nbsp;<a href=\"https:\/\/www.suno.com.br\/artigos\/mercado-de-opcoes\/\" target=\"_blank\" rel=\"noreferrer noopener\">mercado de op\u00e7\u00f5es<\/a>&nbsp;apresentou alta de 4,4% na base anual, superado pelo&nbsp;<strong>mercado \u00e0 vista<\/strong>&nbsp;que subiu cerca de 6,3% em rela\u00e7\u00e3o ao mesmo per\u00edodo em 2022 \u2013 totalizando R$ 29,4 bilh\u00f5es.<\/li>\n<\/ul>\n\n\n\n<ul class=\"wp-block-list\">\n<li>O n\u00famero de CPFs individuais cadastrados na bolsa subiu 20,6% no comparativo com igual etapa do ano anterior, para atuais 5,3 milh\u00f5es. J\u00e1 em rela\u00e7\u00e3o a maio, a alta foi de 0,14%.<\/li>\n<\/ul>\n\n\n\n<ul class=\"wp-block-list\">\n<li>O n\u00famero de contas cadastradas \u2013 que podem ser mais de uma por CPF \u2013 foram de 6,21 milh\u00f5es, representando uma alta de 18,9% na base anual.<\/li>\n<\/ul>\n\n\n\n<h2 class=\"wp-block-heading\">IPCA: banco su\u00ed\u00e7o j\u00e1 projeta infla\u00e7\u00e3o dentro da meta em 2023<\/h2>\n\n\n\n<ul class=\"wp-block-list\">\n<li>O banco de investimentos su\u00ed\u00e7o UBS BB afirmou, em relat\u00f3rio enviado a clientes, que projeta a infla\u00e7\u00e3o pelo<strong>&nbsp;IPCA<\/strong>&nbsp;de 4,7% em 2023 e 3,5% em 2024, em ambos os casos, dentro das metas estabelecidas pelo Conselho Monet\u00e1rio Nacional, de 3,25% at\u00e9 4,75% em 2023 e de 3% at\u00e9 4,5% em 2024.<\/li>\n<\/ul>\n\n\n\n<ul class=\"wp-block-list\">\n<li>O&nbsp;<strong>relat\u00f3rio do UBS BB<\/strong>&nbsp;destacou os&nbsp;<strong>dados do IPCA<\/strong>&nbsp;do m\u00eas de junho, divulgados na manh\u00e3 desta ter\u00e7a-feira (11) pelo IBGE, que apresentaram defla\u00e7\u00e3o de 0,08% no m\u00eas passado e um acumulado de 3,16% em 12 meses.<\/li>\n<\/ul>\n\n\n\n<ul class=\"wp-block-list\">\n<li>Segundo o banco su\u00ed\u00e7o, a&nbsp;<strong>infla\u00e7\u00e3o anual<\/strong>&nbsp;chegou ao seu menor n\u00edvel neste ano e deve voltar a acelerar nos pr\u00f3ximos meses, dado que em 2022 o governo de Jair Bolsonaro realizou uma s\u00e9rie de desonera\u00e7\u00f5es na reta final das elei\u00e7\u00f5es, que j\u00e1 voltaram a ser cobradas normalmente e que dever\u00e3o pesar no \u00edndice.<\/li>\n<\/ul>\n\n\n\n<ul class=\"wp-block-list\">\n<li>\u201cA infla\u00e7\u00e3o anual provavelmente chegou ao fundo do po\u00e7o no Brasil. Projetamos que reacelere para 5,2% em setembro antes de atingir 4,7% em dezembro\u201d, apontou o relat\u00f3rio assinado pelos economistas Rodrigo Martins, Alexandre de Azara e Fabio Ramos.<\/li>\n<\/ul>\n\n\n\n<ul class=\"wp-block-list\">\n<li>Para a&nbsp;<strong>divulga\u00e7\u00e3o de julho do IPCA<\/strong>, a proje\u00e7\u00e3o do banco \u00e9 de uma infla\u00e7\u00e3o pr\u00f3xima de zero \u2013 com destaques para uma retomada diante do fim da pol\u00edtica de subs\u00eddios para carros novos, queda no pre\u00e7o da energia el\u00e9trica, ligeira alta na gasolina com a recomposi\u00e7\u00e3o de impostos federais e os pre\u00e7os dos alimentos contribuindo para a queda.<\/li>\n<\/ul>\n\n\n\n<h2 class=\"wp-block-heading\">A\u00e7\u00f5es do GPA (PCAR3) saltam com nova oferta pelo colombiano \u00c9xito<\/h2>\n\n\n\n<ul class=\"wp-block-list\">\n<li>O \u00caxito, rede de supermercados da Col\u00f4mbia, teria recebido uma oferta do grupo chileno Cencosud. A proposta ao Grupo P\u00e3o de A\u00e7\u00facar, o GPA (<strong>PCAR3<\/strong>), controladora do \u00c9xito, fez disparar as a\u00e7\u00f5es da companhia no Ibovespa.<\/li>\n<\/ul>\n\n\n\n<ul class=\"wp-block-list\">\n<li>A informa\u00e7\u00e3o foi divulgada na segunda-feira (10) em um dos principais jornais da Col\u00f4mbia, La Rep\u00fablica, com uma fonte executiva do&nbsp;<strong>Cencosud&nbsp;<\/strong>que preferiu permanecer no anonimato.<\/li>\n<\/ul>\n\n\n\n<ul class=\"wp-block-list\">\n<li>O interesse vem seguido de duas pr\u00e9vias tentativas de&nbsp;<strong>compra do<\/strong>&nbsp;<strong>\u00c9xito&nbsp;<\/strong>pelo Cenconsud, em 2016 e 2021, mas ambas n\u00e3o evolu\u00edram. O empres\u00e1rio colombiano, Jaime Gilisnki, tamb\u00e9m quer comprar 96% do&nbsp;<strong>Grupo P\u00e3o de A\u00e7\u00facar<\/strong>&nbsp;no \u00caxito.<\/li>\n<\/ul>\n\n\n\n<ul class=\"wp-block-list\">\n<li>Entretanto, a oferta foi recusada pelos&nbsp;<strong>dirigentes do GPA<\/strong>&nbsp;sob a justificativa de que estavam fazendo um valuation muito baixo da empresa. Mesmo com uma aumento de US$ 150 milh\u00f5es na oferta por Gilinski, de acordo com o La Republica, o grupo continuou contra a oferta.<\/li>\n<\/ul>\n\n\n\n<ul class=\"wp-block-list\">\n<li>Caso a&nbsp;<strong>oferta do Grupo Gilinski<\/strong>&nbsp;seja aprovada, o empres\u00e1rio estaria no controle das mais de 200 marcas do Grupo \u00c9xito \u2013 entre artigos de casa, t\u00eaxteis e alimentos, al\u00e9m de 17 centros comerciais.<\/li>\n<\/ul>\n\n\n\n<ul class=\"wp-block-list\">\n<li>Atualmente o&nbsp;<strong>Grupo P\u00e3o de A\u00e7\u00facar (PCAR3)<\/strong>&nbsp;det\u00e9m 965% das a\u00e7\u00f5es do \u00c9xito, sendo os outros 3,48% flutuantes para acionistas minorit\u00e1rios. Atualmente, a controladora negocia a inje\u00e7\u00e3o de mais ativos para o capital aberto, negociados na&nbsp;<a href=\"https:\/\/www.suno.com.br\/guias\/bolsa-de-valores\/\" target=\"_blank\" rel=\"noreferrer noopener\">Bolsa de Valores<\/a>&nbsp;brasileira (B3) e na&nbsp;<a href=\"https:\/\/www.suno.com.br\/artigos\/nyse\/\" target=\"_blank\" rel=\"noreferrer noopener\">Bolsa de Nova York (NYSE)<\/a>. A negocia\u00e7\u00e3o j\u00e1 foi aprovada em abril pela Comiss\u00e3o de Valores Mobili\u00e1rios (CVM) e pela B3, e a distribui\u00e7\u00e3o prev\u00ea que a distribui\u00e7\u00e3o ficaria da seguinte forma:<\/li>\n<\/ul>\n\n\n\n<ul class=\"wp-block-list\">\n<li><strong>GPA&nbsp;<\/strong>teria uma participa\u00e7\u00e3o minorit\u00e1ria no \u00caxito;<\/li>\n\n\n\n<li>Grupo&nbsp;<strong>Casino<\/strong>, controladora do GPA, teria uma participa\u00e7\u00e3o direta de 34%;<\/li>\n\n\n\n<li>A parcela de a\u00e7\u00f5es para negocia\u00e7\u00e3o passaria de 3,48% para 53%.<\/li>\n<\/ul>\n\n\n\n<h2 class=\"wp-block-heading\">Cosan (CSAN3) \u00e9 \u2018cavalo vencedor\u2019 e est\u00e1 descontada, diz BBA<\/h2>\n\n\n\n<ul class=\"wp-block-list\">\n<li>Retomando sua cobertura para as a\u00e7\u00f5es da&nbsp;<a href=\"https:\/\/www.suno.com.br\/acoes\/CSAN3\/\" target=\"_blank\" rel=\"noreferrer noopener\"><strong>Cosan<\/strong>&nbsp;(CSAN3)<\/a>, o Ita\u00fa BBA refor\u00e7ou otimismo com os pap\u00e9is da companhia, recomendando compra e firmando um pre\u00e7o-alvo de R$ 23 \u2013 o que representa um potencial de valoriza\u00e7\u00e3o de cerca de 20% ante a cota\u00e7\u00e3o atual.<\/li>\n<\/ul>\n\n\n\n<ul class=\"wp-block-list\">\n<li>Segundo os analistas da casa, as&nbsp;<strong>a\u00e7\u00f5es da Cosan<\/strong>&nbsp;mostram um desconto substancial considerando o valuation das suas subsidi\u00e1rias.<\/li>\n<\/ul>\n\n\n\n<ul class=\"wp-block-list\">\n<li>Al\u00e9m disso, as empresas sob o guarda-chuva da holding mostram um potencial de crescimento que chama aten\u00e7\u00e3o e se beneficiam de um cen\u00e1rio de crescimento econ\u00f4mico do Brasil.<\/li>\n<\/ul>\n\n\n\n<ul class=\"wp-block-list\">\n<li>\u201cO portf\u00f3lio atual da&nbsp;<strong><a href=\"https:\/\/statusinvest.com.br\/acoes\/csan3?__hstc=189907700.57003753d8805be60d3d8f1693f0228c.1666093829288.1689039289936.1689117133645.184&amp;__hssc=189907700.31.1689117133645&amp;__hsfp=4004565108\" target=\"_blank\" rel=\"noreferrer noopener\">CSAN3<\/a><\/strong>&nbsp;\u00e9 formado por empresas l\u00edderes, com atua\u00e7\u00e3o consolidada nos setores de energia e que tamb\u00e9m t\u00eam potencial para contribuir com o desenvolvimento de neg\u00f3cios inovadores que possam catalisar o crescimento das energias renov\u00e1veis no Brasil, garantindo a seguran\u00e7a energ\u00e9tica ao longo do caminho\u201d, diz o BBA.<\/li>\n<\/ul>\n\n\n\n<ul class=\"wp-block-list\">\n<li>Segundo a casa, a companhia est\u00e1 empregando sua estrat\u00e9gia com precis\u00e3o e tem executivos de qualidade e bem conceituados.<\/li>\n<\/ul>\n\n\n\n<ul class=\"wp-block-list\">\n<li>\u201cA Cosan tem apostado em uma estrat\u00e9gia de portf\u00f3lio diversifica\u00e7\u00e3o e aloca\u00e7\u00e3o de capital que compreende cada vez mais investimentos em ativos irreplic\u00e1veis em setores onde a empresa acredita que o Brasil tem clara&nbsp;<a href=\"https:\/\/www.suno.com.br\/artigos\/duas-empresas-com-vantagens-competitivas-que-pagam-altos-dividendos\/\" target=\"_blank\" rel=\"noreferrer noopener\">vantagens competitivas<\/a>\u201c, diz o BBA.<\/li>\n<\/ul>\n\n\n\n<ul class=\"wp-block-list\">\n<li>No setor de g\u00e1s natural, a casa aponta que a Compass \u201cpretende replicar o sucesso modelo de neg\u00f3cios para crescimento e efici\u00eancia implantado na Comg\u00e1s em outras controladas, para aumentar a conex\u00e3o de novos consumidores com a rede e oferecer op\u00e7\u00f5es para um mercado de g\u00e1s cada vez mais livre no Brasil\u201d<\/li>\n<\/ul>\n\n\n\n<ul class=\"wp-block-list\">\n<li>\u201cNosso valuation \u00e9 baseado em uma avalia\u00e7\u00e3o da soma das partes que nos mostra um desconto de holding de 22%. Para a Vale, assumimos as estimativas de&nbsp;<a href=\"https:\/\/www.suno.com.br\/artigos\/valor-justo\/\" target=\"_blank\" rel=\"noreferrer noopener\">valor justo<\/a>&nbsp;deixando de fora a parte de Metais e Minera\u00e7\u00e3o pela participa\u00e7\u00e3o de 1,55% e um strike de R$ 72 por a\u00e7\u00e3o por a estrutura de collar [estrat\u00e9gia de op\u00e7\u00f5es para proteger posi\u00e7\u00f5es acion\u00e1rias] referente \u00e0 participa\u00e7\u00e3o de 3,31%\u201d, destaca o BBA.<\/li>\n<\/ul>\n\n\n\n<p>Da Petrobras \u00e0 Cosan, essas foram as empresas que se destacaram hoje. Para ler todas as mat\u00e9rias\u00a0<strong><a href=\"https:\/\/www.suno.com.br\/noticias\/todos\/?utm_content=XYOE2ItQuUY.20201113&amp;utm_campaign=Track%2B&amp;utm_medium=video&amp;utm_source=telegram.sunoresearch\" target=\"_blank\" rel=\"noreferrer noopener\">clique aqui<\/a><\/strong>.<a href=\"https:\/\/lp.suno.com.br\/pv\/sr-fiis\/oferta-relampago-40off\/\" target=\"_blank\" rel=\"noreferrer noopener\"><\/a><a href=\"https:\/\/lp.suno.com.br\/suno-one\/\" target=\"_blank\" rel=\"noreferrer noopener\"><\/a><a href=\"https:\/\/lp.suno.com.br\/pv\/sr-start\/aniversario-2023\/\" target=\"_blank\" rel=\"noreferrer noopener\"><\/a><a href=\"https:\/\/lp.suno.com.br\/suno-one\/\" target=\"_blank\" rel=\"noreferrer noopener\"><\/a><a href=\"https:\/\/lp.suno.com.br\/suno-one\/\" target=\"_blank\" rel=\"noreferrer noopener\"><\/a><a href=\"https:\/\/lp.suno.com.br\/suno-one\/\" target=\"_blank\" rel=\"noreferrer noopener\"><\/a><a href=\"https:\/\/lp.suno.com.br\/pv\/sr-premium\/1-real-para-investir\/\" target=\"_blank\" rel=\"noreferrer noopener\"><\/a><a href=\"https:\/\/lp.suno.com.br\/pv\/sr-premium\/1-real-para-investir\/\" target=\"_blank\" rel=\"noreferrer noopener\"><\/a><a href=\"https:\/\/www.suno.com.br\/noticias\/tags\/semana-tematica\" target=\"_blank\" rel=\"noreferrer noopener\"><\/a><a href=\"https:\/\/www.suno.com.br\/noticias\/tags\/semana-tematica\" target=\"_blank\" rel=\"noreferrer noopener\"><\/a><\/p>\n\n\n\t<p>\n\t\t<a href=\"https:\/\/lp.suno.com.br\/suno-one\/?utm_campaign=_SNC6964518A_\" target=\"_blank\" data-element=\"shortcode-suno-banner\" title=\"Banner SUNO, clique e saiba mais\">\n\t\t\t<picture>\n\t\t\t\t<source media=\"(max-width: 500px)\" srcset=\"https:\/\/files.sunoresearch.com.br\/n\/uploads\/2025\/09\/400x300-Suno-One-png.webp\">\n\t\t\t\t<img class=\"newsContent__article__imgCapa newsContent__article__imgCapa--banner\"\n\t\t\t\t\tsrc=\"https:\/\/files.sunoresearch.com.br\/n\/uploads\/2025\/09\/1420x240-Suno-One-png.webp\"\n\t\t\t\t\tdata-promo-id=\"383121\"\t\t\t\t\t\t\t\t\t\twidth='1420' height='240'\t\t\t\t\talt=\"https:\/\/files.sunoresearch.com.br\/n\/uploads\/2025\/09\/1420x240-Suno-One-png.webp\"\n\t\t\t\t>\n\t\t\t<\/picture>\n\t\t<\/a>\n\t<\/p>\n\n\n","protected":false},"excerpt":{"rendered":"<p>A&nbsp;Petrobras (PETR4)&nbsp;fechou novo contrato de g\u00e1s natural com a Companhia de G\u00e1s de S\u00e3o Paulo, a Comg\u00e1s (CGAS3), com vig\u00eancia a partir de janeiro de 2024 at\u00e9 dezembro de 2034. O valor total estimado, segundo a companhia, \u00e9 de R$ 56 bilh\u00f5es. Petrobras (PETR4). Foto: Ag\u00eancia Brasil \u201cO&nbsp;contrato com a Comg\u00e1s&nbsp;visa o suprimento de g\u00e1s [&hellip;]<\/p>\n","protected":false},"author":227,"featured_media":406706,"comment_status":"closed","ping_status":"closed","sticky":false,"template":"","format":"standard","meta":[],"categories":[64],"tags":[106605,367,428,433,517,595],"suno_strategy":[],"class_list":["post-427817","post","type-post","status-publish","format-standard","has-post-thumbnail","hentry","category-negocios","tag-americanas-s-a-amer3","tag-b3-b3sa3","tag-comgas-cgas3-cgas5","tag-cosan-csan3","tag-itausa-itsa3-itsa4","tag-petrobras-petr4"],"yoast_head":"<!-- This site is optimized with the Yoast SEO plugin v24.4 - https:\/\/yoast.com\/wordpress\/plugins\/seo\/ -->\n<title>Radar: Petrobras (PETR4) fecha contrato bilion\u00e1rio com a Comg\u00e1s (CGAS3), Americanas (AMER3) recebe prote\u00e7\u00e3o contra cobran\u00e7as e banco recomenda B3 (B3SA3)<\/title>\n<meta name=\"description\" content=\"Petrobras fecha contrato com a Comg\u00e1s, Americanas recebe prote\u00e7\u00e3o contra cobran\u00e7as e banco recomenda compra de B3 (B3SA3) em relat\u00f3rio\" \/>\n<meta name=\"robots\" content=\"index, follow, max-snippet:-1, max-image-preview:large, max-video-preview:-1\" \/>\n<link rel=\"canonical\" href=\"https:\/\/www.suno.com.br\/noticias\/radar-petrobras-petr4-comgas-cgas3-americanas-amer3-b3-b3sa3\/\" \/>\n<meta property=\"og:locale\" content=\"pt_BR\" \/>\n<meta property=\"og:type\" content=\"article\" \/>\n<meta property=\"og:title\" content=\"Radar: Petrobras (PETR4) fecha contrato bilion\u00e1rio com a Comg\u00e1s (CGAS3), Americanas (AMER3) recebe prote\u00e7\u00e3o contra cobran\u00e7as e banco recomenda B3 (B3SA3)\" \/>\n<meta property=\"og:description\" content=\"Petrobras fecha contrato com a Comg\u00e1s, Americanas recebe prote\u00e7\u00e3o contra cobran\u00e7as e banco recomenda compra de B3 (B3SA3) em relat\u00f3rio\" \/>\n<meta property=\"og:url\" content=\"https:\/\/www.suno.com.br\/noticias\/radar-petrobras-petr4-comgas-cgas3-americanas-amer3-b3-b3sa3\/\" \/>\n<meta property=\"og:site_name\" content=\"Suno Not\u00edcias\" \/>\n<meta property=\"article:publisher\" content=\"https:\/\/facebook.com\/sunoresearch\" \/>\n<meta property=\"og:image\" content=\"https:\/\/files.sunoresearch.com.br\/n\/uploads\/2023\/05\/petrobras-petr4-brsr6-agenda-dividendos-maio-2023.jpg\" \/>\n\t<meta property=\"og:image:width\" content=\"1200\" \/>\n\t<meta property=\"og:image:height\" content=\"800\" \/>\n\t<meta property=\"og:image:type\" content=\"image\/jpeg\" \/>\n<meta name=\"author\" content=\"Vanessa Loiola\" \/>\n<meta name=\"twitter:card\" content=\"summary_large_image\" \/>\n<meta name=\"twitter:creator\" content=\"@sunoresearch\" \/>\n<meta name=\"twitter:site\" content=\"@sunoresearch\" \/>\n<meta name=\"twitter:label1\" content=\"Escrito por\" \/>\n\t<meta name=\"twitter:data1\" content=\"Vanessa Loiola\" \/>\n\t<meta name=\"twitter:label2\" content=\"Est. tempo de leitura\" \/>\n\t<meta name=\"twitter:data2\" content=\"12 minutos\" \/>\n<script type=\"application\/ld+json\" class=\"yoast-schema-graph\">{\"@context\":\"https:\/\/schema.org\",\"@graph\":[{\"@type\":\"NewsArticle\",\"@id\":\"https:\/\/www.suno.com.br\/noticias\/radar-petrobras-petr4-comgas-cgas3-americanas-amer3-b3-b3sa3\/#article\",\"isPartOf\":{\"@id\":\"https:\/\/www.suno.com.br\/noticias\/radar-petrobras-petr4-comgas-cgas3-americanas-amer3-b3-b3sa3\/\"},\"author\":{\"name\":\"Vanessa Loiola\",\"@id\":\"https:\/\/www.suno.com.br\/noticias\/#\/schema\/person\/450c455ecff319bab1f1a0e643451479\"},\"headline\":\"Radar: Petrobras (PETR4) fecha contrato bilion\u00e1rio com a Comg\u00e1s (CGAS3), Justi\u00e7a estende prote\u00e7\u00e3o da Americanas (AMER3) e banco recomenda B3 (B3SA3)\",\"datePublished\":\"2023-07-12T01:36:56+00:00\",\"dateModified\":\"2023-07-12T01:37:10+00:00\",\"mainEntityOfPage\":{\"@id\":\"https:\/\/www.suno.com.br\/noticias\/radar-petrobras-petr4-comgas-cgas3-americanas-amer3-b3-b3sa3\/\"},\"wordCount\":2495,\"publisher\":{\"@id\":\"https:\/\/www.suno.com.br\/noticias\/#organization\"},\"image\":{\"@id\":\"https:\/\/www.suno.com.br\/noticias\/radar-petrobras-petr4-comgas-cgas3-americanas-amer3-b3-b3sa3\/#primaryimage\"},\"thumbnailUrl\":\"https:\/\/files.sunoresearch.com.br\/n\/uploads\/2023\/05\/petrobras-petr4-brsr6-agenda-dividendos-maio-2023.jpg\",\"keywords\":[\"Americanas (AMER3)\",\"B3 (B3SA3)\",\"Comg\u00e1s (CGAS3\/CGAS5)\",\"Cosan (CSAN3)\",\"Ita\u00fasa (ITSA3\/ITSA4)\",\"Petrobras (PETR4)\"],\"articleSection\":[\"Neg\u00f3cios\"],\"inLanguage\":\"pt-BR\"},{\"@type\":\"WebPage\",\"@id\":\"https:\/\/www.suno.com.br\/noticias\/radar-petrobras-petr4-comgas-cgas3-americanas-amer3-b3-b3sa3\/\",\"url\":\"https:\/\/www.suno.com.br\/noticias\/radar-petrobras-petr4-comgas-cgas3-americanas-amer3-b3-b3sa3\/\",\"name\":\"Radar: Petrobras (PETR4) fecha contrato bilion\u00e1rio com a Comg\u00e1s (CGAS3), Americanas (AMER3) recebe prote\u00e7\u00e3o contra cobran\u00e7as e banco recomenda B3 (B3SA3)\",\"isPartOf\":{\"@id\":\"https:\/\/www.suno.com.br\/noticias\/#website\"},\"primaryImageOfPage\":{\"@id\":\"https:\/\/www.suno.com.br\/noticias\/radar-petrobras-petr4-comgas-cgas3-americanas-amer3-b3-b3sa3\/#primaryimage\"},\"image\":{\"@id\":\"https:\/\/www.suno.com.br\/noticias\/radar-petrobras-petr4-comgas-cgas3-americanas-amer3-b3-b3sa3\/#primaryimage\"},\"thumbnailUrl\":\"https:\/\/files.sunoresearch.com.br\/n\/uploads\/2023\/05\/petrobras-petr4-brsr6-agenda-dividendos-maio-2023.jpg\",\"datePublished\":\"2023-07-12T01:36:56+00:00\",\"dateModified\":\"2023-07-12T01:37:10+00:00\",\"description\":\"Petrobras fecha contrato com a Comg\u00e1s, Americanas recebe prote\u00e7\u00e3o contra cobran\u00e7as e banco recomenda compra de B3 (B3SA3) em relat\u00f3rio\",\"breadcrumb\":{\"@id\":\"https:\/\/www.suno.com.br\/noticias\/radar-petrobras-petr4-comgas-cgas3-americanas-amer3-b3-b3sa3\/#breadcrumb\"},\"inLanguage\":\"pt-BR\",\"potentialAction\":[{\"@type\":\"ReadAction\",\"target\":[\"https:\/\/www.suno.com.br\/noticias\/radar-petrobras-petr4-comgas-cgas3-americanas-amer3-b3-b3sa3\/\"]}]},{\"@type\":\"ImageObject\",\"inLanguage\":\"pt-BR\",\"@id\":\"https:\/\/www.suno.com.br\/noticias\/radar-petrobras-petr4-comgas-cgas3-americanas-amer3-b3-b3sa3\/#primaryimage\",\"url\":\"https:\/\/files.sunoresearch.com.br\/n\/uploads\/2023\/05\/petrobras-petr4-brsr6-agenda-dividendos-maio-2023.jpg\",\"contentUrl\":\"https:\/\/files.sunoresearch.com.br\/n\/uploads\/2023\/05\/petrobras-petr4-brsr6-agenda-dividendos-maio-2023.jpg\",\"width\":1200,\"height\":800,\"caption\":\"Petrobras (PETR4). Foto: Ag\u00eancia Brasil\"},{\"@type\":\"BreadcrumbList\",\"@id\":\"https:\/\/www.suno.com.br\/noticias\/radar-petrobras-petr4-comgas-cgas3-americanas-amer3-b3-b3sa3\/#breadcrumb\",\"itemListElement\":[{\"@type\":\"ListItem\",\"position\":1,\"name\":\"Not\u00edcias\",\"item\":\"https:\/\/www.suno.com.br\/noticias\/\"},{\"@type\":\"ListItem\",\"position\":2,\"name\":\"Neg\u00f3cios\",\"item\":\"https:\/\/www.suno.com.br\/noticias\/negocios\/\"},{\"@type\":\"ListItem\",\"position\":3,\"name\":\"Radar: Petrobras (PETR4) fecha contrato bilion\u00e1rio com a Comg\u00e1s (CGAS3), Justi\u00e7a estende prote\u00e7\u00e3o da Americanas (AMER3) e banco recomenda B3 (B3SA3)\"}]},{\"@type\":\"WebSite\",\"@id\":\"https:\/\/www.suno.com.br\/noticias\/#website\",\"url\":\"https:\/\/www.suno.com.br\/noticias\/\",\"name\":\"Suno Not\u00edcias\",\"description\":\"Seu portal de informa\u00e7\u00e3o sobre o mundo dos investimentos\",\"publisher\":{\"@id\":\"https:\/\/www.suno.com.br\/noticias\/#organization\"},\"potentialAction\":[{\"@type\":\"SearchAction\",\"target\":{\"@type\":\"EntryPoint\",\"urlTemplate\":\"https:\/\/www.suno.com.br\/noticias\/?s={search_term_string}\"},\"query-input\":{\"@type\":\"PropertyValueSpecification\",\"valueRequired\":true,\"valueName\":\"search_term_string\"}}],\"inLanguage\":\"pt-BR\"},{\"@type\":\"Organization\",\"@id\":\"https:\/\/www.suno.com.br\/noticias\/#organization\",\"name\":\"Suno Not\u00edcias\",\"url\":\"https:\/\/www.suno.com.br\/noticias\/\",\"logo\":{\"@type\":\"ImageObject\",\"inLanguage\":\"pt-BR\",\"@id\":\"https:\/\/www.suno.com.br\/noticias\/#\/schema\/logo\/image\/\",\"url\":\"https:\/\/files.sunoresearch.com.br\/n\/uploads\/2021\/09\/suno-logo.png\",\"contentUrl\":\"https:\/\/files.sunoresearch.com.br\/n\/uploads\/2021\/09\/suno-logo.png\",\"width\":180,\"height\":180,\"caption\":\"Suno Not\u00edcias\"},\"image\":{\"@id\":\"https:\/\/www.suno.com.br\/noticias\/#\/schema\/logo\/image\/\"},\"sameAs\":[\"https:\/\/facebook.com\/sunoresearch\",\"https:\/\/x.com\/sunoresearch\",\"https:\/\/www.instagram.com\/suno\",\"https:\/\/www.linkedin.com\/company\/suno-research\/\",\"https:\/\/www.youtube.com\/c\/sunoresearch\"]},{\"@type\":\"Person\",\"@id\":\"https:\/\/www.suno.com.br\/noticias\/#\/schema\/person\/450c455ecff319bab1f1a0e643451479\",\"name\":\"Vanessa Loiola\",\"image\":{\"@type\":\"ImageObject\",\"inLanguage\":\"pt-BR\",\"@id\":\"https:\/\/www.suno.com.br\/noticias\/#\/schema\/person\/image\/\",\"url\":\"https:\/\/secure.gravatar.com\/avatar\/8b41117f9780831919eb38da349c3f20?s=96&r=g\",\"contentUrl\":\"https:\/\/secure.gravatar.com\/avatar\/8b41117f9780831919eb38da349c3f20?s=96&r=g\",\"caption\":\"Vanessa Loiola\"},\"description\":\"Jornalista formada pela PUC-SP, com experi\u00eancia na cobertura das editorias de economia, finan\u00e7as, bolsa de valores, pol\u00edtica, energia solar e entretenimento. Com passagem pela BM&amp;C News e RedeTV!\",\"url\":\"https:\/\/www.suno.com.br\/noticias\/author\/vanessal-loiolagmail-com\/\"}]}<\/script>\n<!-- \/ Yoast SEO plugin. -->","yoast_head_json":{"title":"Radar: Petrobras (PETR4) fecha contrato bilion\u00e1rio com a Comg\u00e1s (CGAS3), Americanas (AMER3) recebe prote\u00e7\u00e3o contra cobran\u00e7as e banco recomenda B3 (B3SA3)","description":"Petrobras fecha contrato com a Comg\u00e1s, Americanas recebe prote\u00e7\u00e3o contra cobran\u00e7as e banco recomenda compra de B3 (B3SA3) em relat\u00f3rio","robots":{"index":"index","follow":"follow","max-snippet":"max-snippet:-1","max-image-preview":"max-image-preview:large","max-video-preview":"max-video-preview:-1"},"canonical":"https:\/\/www.suno.com.br\/noticias\/radar-petrobras-petr4-comgas-cgas3-americanas-amer3-b3-b3sa3\/","og_locale":"pt_BR","og_type":"article","og_title":"Radar: Petrobras (PETR4) fecha contrato bilion\u00e1rio com a Comg\u00e1s (CGAS3), Americanas (AMER3) recebe prote\u00e7\u00e3o contra cobran\u00e7as e banco recomenda B3 (B3SA3)","og_description":"Petrobras fecha contrato com a Comg\u00e1s, Americanas recebe prote\u00e7\u00e3o contra cobran\u00e7as e banco recomenda compra de B3 (B3SA3) em relat\u00f3rio","og_url":"https:\/\/www.suno.com.br\/noticias\/radar-petrobras-petr4-comgas-cgas3-americanas-amer3-b3-b3sa3\/","og_site_name":"Suno Not\u00edcias","article_publisher":"https:\/\/facebook.com\/sunoresearch","og_image":[{"width":1200,"height":800,"url":"https:\/\/files.sunoresearch.com.br\/n\/uploads\/2023\/05\/petrobras-petr4-brsr6-agenda-dividendos-maio-2023.jpg","type":"image\/jpeg"}],"author":"Vanessa Loiola","twitter_card":"summary_large_image","twitter_creator":"@sunoresearch","twitter_site":"@sunoresearch","twitter_misc":{"Escrito por":"Vanessa Loiola","Est. tempo de leitura":"12 minutos"},"schema":{"@context":"https:\/\/schema.org","@graph":[{"@type":"NewsArticle","@id":"https:\/\/www.suno.com.br\/noticias\/radar-petrobras-petr4-comgas-cgas3-americanas-amer3-b3-b3sa3\/#article","isPartOf":{"@id":"https:\/\/www.suno.com.br\/noticias\/radar-petrobras-petr4-comgas-cgas3-americanas-amer3-b3-b3sa3\/"},"author":{"name":"Vanessa Loiola","@id":"https:\/\/www.suno.com.br\/noticias\/#\/schema\/person\/450c455ecff319bab1f1a0e643451479"},"headline":"Radar: Petrobras (PETR4) fecha contrato bilion\u00e1rio com a Comg\u00e1s (CGAS3), Justi\u00e7a estende prote\u00e7\u00e3o da Americanas (AMER3) e banco recomenda B3 (B3SA3)","datePublished":"2023-07-12T01:36:56+00:00","dateModified":"2023-07-12T01:37:10+00:00","mainEntityOfPage":{"@id":"https:\/\/www.suno.com.br\/noticias\/radar-petrobras-petr4-comgas-cgas3-americanas-amer3-b3-b3sa3\/"},"wordCount":2495,"publisher":{"@id":"https:\/\/www.suno.com.br\/noticias\/#organization"},"image":{"@id":"https:\/\/www.suno.com.br\/noticias\/radar-petrobras-petr4-comgas-cgas3-americanas-amer3-b3-b3sa3\/#primaryimage"},"thumbnailUrl":"https:\/\/files.sunoresearch.com.br\/n\/uploads\/2023\/05\/petrobras-petr4-brsr6-agenda-dividendos-maio-2023.jpg","keywords":["Americanas (AMER3)","B3 (B3SA3)","Comg\u00e1s (CGAS3\/CGAS5)","Cosan (CSAN3)","Ita\u00fasa (ITSA3\/ITSA4)","Petrobras (PETR4)"],"articleSection":["Neg\u00f3cios"],"inLanguage":"pt-BR"},{"@type":"WebPage","@id":"https:\/\/www.suno.com.br\/noticias\/radar-petrobras-petr4-comgas-cgas3-americanas-amer3-b3-b3sa3\/","url":"https:\/\/www.suno.com.br\/noticias\/radar-petrobras-petr4-comgas-cgas3-americanas-amer3-b3-b3sa3\/","name":"Radar: Petrobras (PETR4) fecha contrato bilion\u00e1rio com a Comg\u00e1s (CGAS3), Americanas (AMER3) recebe prote\u00e7\u00e3o contra cobran\u00e7as e banco recomenda B3 (B3SA3)","isPartOf":{"@id":"https:\/\/www.suno.com.br\/noticias\/#website"},"primaryImageOfPage":{"@id":"https:\/\/www.suno.com.br\/noticias\/radar-petrobras-petr4-comgas-cgas3-americanas-amer3-b3-b3sa3\/#primaryimage"},"image":{"@id":"https:\/\/www.suno.com.br\/noticias\/radar-petrobras-petr4-comgas-cgas3-americanas-amer3-b3-b3sa3\/#primaryimage"},"thumbnailUrl":"https:\/\/files.sunoresearch.com.br\/n\/uploads\/2023\/05\/petrobras-petr4-brsr6-agenda-dividendos-maio-2023.jpg","datePublished":"2023-07-12T01:36:56+00:00","dateModified":"2023-07-12T01:37:10+00:00","description":"Petrobras fecha contrato com a Comg\u00e1s, Americanas recebe prote\u00e7\u00e3o contra cobran\u00e7as e banco recomenda compra de B3 (B3SA3) em relat\u00f3rio","breadcrumb":{"@id":"https:\/\/www.suno.com.br\/noticias\/radar-petrobras-petr4-comgas-cgas3-americanas-amer3-b3-b3sa3\/#breadcrumb"},"inLanguage":"pt-BR","potentialAction":[{"@type":"ReadAction","target":["https:\/\/www.suno.com.br\/noticias\/radar-petrobras-petr4-comgas-cgas3-americanas-amer3-b3-b3sa3\/"]}]},{"@type":"ImageObject","inLanguage":"pt-BR","@id":"https:\/\/www.suno.com.br\/noticias\/radar-petrobras-petr4-comgas-cgas3-americanas-amer3-b3-b3sa3\/#primaryimage","url":"https:\/\/files.sunoresearch.com.br\/n\/uploads\/2023\/05\/petrobras-petr4-brsr6-agenda-dividendos-maio-2023.jpg","contentUrl":"https:\/\/files.sunoresearch.com.br\/n\/uploads\/2023\/05\/petrobras-petr4-brsr6-agenda-dividendos-maio-2023.jpg","width":1200,"height":800,"caption":"Petrobras (PETR4). Foto: Ag\u00eancia Brasil"},{"@type":"BreadcrumbList","@id":"https:\/\/www.suno.com.br\/noticias\/radar-petrobras-petr4-comgas-cgas3-americanas-amer3-b3-b3sa3\/#breadcrumb","itemListElement":[{"@type":"ListItem","position":1,"name":"Not\u00edcias","item":"https:\/\/www.suno.com.br\/noticias\/"},{"@type":"ListItem","position":2,"name":"Neg\u00f3cios","item":"https:\/\/www.suno.com.br\/noticias\/negocios\/"},{"@type":"ListItem","position":3,"name":"Radar: Petrobras (PETR4) fecha contrato bilion\u00e1rio com a Comg\u00e1s (CGAS3), Justi\u00e7a estende prote\u00e7\u00e3o da Americanas (AMER3) e banco recomenda B3 (B3SA3)"}]},{"@type":"WebSite","@id":"https:\/\/www.suno.com.br\/noticias\/#website","url":"https:\/\/www.suno.com.br\/noticias\/","name":"Suno Not\u00edcias","description":"Seu portal de informa\u00e7\u00e3o sobre o mundo dos investimentos","publisher":{"@id":"https:\/\/www.suno.com.br\/noticias\/#organization"},"potentialAction":[{"@type":"SearchAction","target":{"@type":"EntryPoint","urlTemplate":"https:\/\/www.suno.com.br\/noticias\/?s={search_term_string}"},"query-input":{"@type":"PropertyValueSpecification","valueRequired":true,"valueName":"search_term_string"}}],"inLanguage":"pt-BR"},{"@type":"Organization","@id":"https:\/\/www.suno.com.br\/noticias\/#organization","name":"Suno Not\u00edcias","url":"https:\/\/www.suno.com.br\/noticias\/","logo":{"@type":"ImageObject","inLanguage":"pt-BR","@id":"https:\/\/www.suno.com.br\/noticias\/#\/schema\/logo\/image\/","url":"https:\/\/files.sunoresearch.com.br\/n\/uploads\/2021\/09\/suno-logo.png","contentUrl":"https:\/\/files.sunoresearch.com.br\/n\/uploads\/2021\/09\/suno-logo.png","width":180,"height":180,"caption":"Suno Not\u00edcias"},"image":{"@id":"https:\/\/www.suno.com.br\/noticias\/#\/schema\/logo\/image\/"},"sameAs":["https:\/\/facebook.com\/sunoresearch","https:\/\/x.com\/sunoresearch","https:\/\/www.instagram.com\/suno","https:\/\/www.linkedin.com\/company\/suno-research\/","https:\/\/www.youtube.com\/c\/sunoresearch"]},{"@type":"Person","@id":"https:\/\/www.suno.com.br\/noticias\/#\/schema\/person\/450c455ecff319bab1f1a0e643451479","name":"Vanessa Loiola","image":{"@type":"ImageObject","inLanguage":"pt-BR","@id":"https:\/\/www.suno.com.br\/noticias\/#\/schema\/person\/image\/","url":"https:\/\/secure.gravatar.com\/avatar\/8b41117f9780831919eb38da349c3f20?s=96&r=g","contentUrl":"https:\/\/secure.gravatar.com\/avatar\/8b41117f9780831919eb38da349c3f20?s=96&r=g","caption":"Vanessa Loiola"},"description":"Jornalista formada pela PUC-SP, com experi\u00eancia na cobertura das editorias de economia, finan\u00e7as, bolsa de valores, pol\u00edtica, energia solar e entretenimento. Com passagem pela BM&amp;C News e RedeTV!","url":"https:\/\/www.suno.com.br\/noticias\/author\/vanessal-loiolagmail-com\/"}]}},"default_loop_html":"<div class=\"cardsPage__listCard__boxs\"><div class=\"cardsPage__listCard__boxs__img\"><a href=\"https:\/\/www.suno.com.br\/noticias\/radar-petrobras-petr4-comgas-cgas3-americanas-amer3-b3-b3sa3\/\"><img class=\"mask\" src=\"https:\/\/www.suno.com.br\/noticias\/wp-content\/themes\/suno\/resources\/images\/spotlight\/spotlight1img\/bg-mask.png\" alt=\"Image Mask\"\/><img src=\"https:\/\/files.sunoresearch.com.br\/n\/uploads\/2023\/05\/petrobras-petr4-brsr6-agenda-dividendos-maio-2023-400x200.jpg\" alt=\"Radar: Petrobras (PETR4) fecha contrato bilion\u00e1rio com a Comg\u00e1s (CGAS3), Justi\u00e7a estende prote\u00e7\u00e3o da Americanas (AMER3) e banco recomenda B3 (B3SA3)\"\/><\/a><span class=\"spotlightCategory\"><a href=\"https:\/\/www.suno.com.br\/noticias\/negocios\/\">Neg\u00f3cios<\/a><\/span><\/div><div class=\"cardsPage__listCard__boxs__content\"><a href=\"https:\/\/www.suno.com.br\/noticias\/radar-petrobras-petr4-comgas-cgas3-americanas-amer3-b3-b3sa3\/\"><h2 class=\"content__title\">Radar: Petrobras (PETR4) fecha contrato bilion\u00e1rio com a Comg\u00e1s (CGAS3), Justi\u00e7a estende prote\u00e7\u00e3o da Americanas (AMER3) e banco recomenda B3 (B3SA3)<\/h2><\/a><div class=\"newsContent__article__meta\"><div class=\"newsContent__article__meta__authorBox\"><a href=\"https:\/\/www.suno.com.br\/noticias\/author\/vanessal-loiolagmail-com\/\" class=\"authorBox__avatar noMobi\"><img src=\"https:\/\/secure.gravatar.com\/avatar\/8b41117f9780831919eb38da349c3f20?s=96&#038;r=g\" alt=\"Vanessa Loiola\"><\/a><div class=\"authorBox__name\"><span>por\n\t\t\t<a href=\"https:\/\/www.suno.com.br\/noticias\/author\/vanessal-loiolagmail-com\/\"><span itemprop=\"author\">Vanessa Loiola<\/span><\/a><\/span><time datetime=\"2023-07-11T22:36:56-03:00\" itemprop=\"datePublished\">11\/07\/2023 22:36<\/time><\/div><\/div><\/div><\/div><\/div>","single_layout":"posts","amp_enabled":true,"_links":{"self":[{"href":"https:\/\/www.suno.com.br\/noticias\/wp-json\/wp\/v2\/posts\/427817"}],"collection":[{"href":"https:\/\/www.suno.com.br\/noticias\/wp-json\/wp\/v2\/posts"}],"about":[{"href":"https:\/\/www.suno.com.br\/noticias\/wp-json\/wp\/v2\/types\/post"}],"author":[{"embeddable":true,"href":"https:\/\/www.suno.com.br\/noticias\/wp-json\/wp\/v2\/users\/227"}],"replies":[{"embeddable":true,"href":"https:\/\/www.suno.com.br\/noticias\/wp-json\/wp\/v2\/comments?post=427817"}],"version-history":[{"count":2,"href":"https:\/\/www.suno.com.br\/noticias\/wp-json\/wp\/v2\/posts\/427817\/revisions"}],"predecessor-version":[{"id":427874,"href":"https:\/\/www.suno.com.br\/noticias\/wp-json\/wp\/v2\/posts\/427817\/revisions\/427874"}],"wp:featuredmedia":[{"embeddable":true,"href":"https:\/\/www.suno.com.br\/noticias\/wp-json\/wp\/v2\/media\/406706"}],"wp:attachment":[{"href":"https:\/\/www.suno.com.br\/noticias\/wp-json\/wp\/v2\/media?parent=427817"}],"wp:term":[{"taxonomy":"category","embeddable":true,"href":"https:\/\/www.suno.com.br\/noticias\/wp-json\/wp\/v2\/categories?post=427817"},{"taxonomy":"post_tag","embeddable":true,"href":"https:\/\/www.suno.com.br\/noticias\/wp-json\/wp\/v2\/tags?post=427817"},{"taxonomy":"suno_strategy","embeddable":true,"href":"https:\/\/www.suno.com.br\/noticias\/wp-json\/wp\/v2\/suno_strategy?post=427817"}],"curies":[{"name":"wp","href":"https:\/\/api.w.org\/{rel}","templated":true}]}}