{"id":4278,"date":"2018-09-24T12:14:32","date_gmt":"2018-09-24T15:14:32","guid":{"rendered":"https:\/\/www.suno.com.br\/noticias\/?p=4278"},"modified":"2021-02-18T17:56:52","modified_gmt":"2021-02-18T20:56:52","slug":"clinton-nao-desistam-brasil","status":"publish","type":"post","link":"https:\/\/www.suno.com.br\/noticias\/clinton-nao-desistam-brasil\/","title":{"rendered":"Bill Clinton: &#8220;n\u00e3o desistam do Brasil&#8221;"},"content":{"rendered":"<p>Em evento, o ex-presidente dos EUA alertou para os perigos de se fazer pol\u00edtica movido pela raiva e pelo ressentimento e afirmou ter f\u00e9 no povo brasileiro. As falas foram feitas em palestra na Expert XP 2018, maior evento de investimentos da Am\u00e9rica Latina.<\/p>\t<div class=\"wrapper-featured-image\">\n\t\t<figure class=\"spotlightImg\">\n\n\t\t\t<picture>\n\t\t\t\t<source media=\"(max-width: 768px)\" srcset=\"https:\/\/files.sunoresearch.com.br\/n\/uploads\/2018\/09\/7aa871ed-bill-clinton-400x200.webp\">\n\t\t\t\t<img loading=\"lazy\" decoding=\"async\" class=\"newsContent__article__imgCapa lazyloadDisabled newsContent__article__imgCapa--noCaption\" src=\"https:\/\/files.sunoresearch.com.br\/n\/uploads\/2018\/09\/7aa871ed-bill-clinton-800x450.webp\" width=\"800\" height=\"450\" alt=\"Bill Clinton: &#8220;n\u00e3o desistam do Brasil&#8221;\" fetchpriority=high \/>\n\t\t\t<\/picture>\n\n\t\t\t<figcaption class=\"wp-caption-text wp-caption-text--hide\"><\/figcaption>\n\t\t<\/figure>\n\t<\/div>\n\n\n<p>Embora reconhe\u00e7a os graves casos de corrup\u00e7\u00e3o pelos quais o pa\u00eds tem passado, Clinton elogiou a popula\u00e7\u00e3o: \u201cNo Brasil, a corrup\u00e7\u00e3o \u00e9 um problema? \u00c9, mas voc\u00eas t\u00eam capacidade para lidar com isso. H\u00e1 um buraco no teto, n\u00e3o fiquem desesperados com isso, [pensem:] vamos consertar o buraco no teto&#8221;, disse ele, que participou do evento junto a outro ex-presidente, Fernando Henrique Cardoso.<\/p>\n<p>Clinton disse ainda: &#8220;o que eu sei \u00e9 que nenhum lugar do mundo tem uma popula\u00e7\u00e3o com tanta energia, t\u00e3o diversa e um pa\u00eds com tantos recursos naturais como o Brasil. N\u00e3o desistam de seu pa\u00eds.\u201d<\/p>\n<p>FHC se posicionou pelo retorno da f\u00e9 do brasileiro em si mesmo e no seu pa\u00eds, e demonstrou preocupa\u00e7\u00e3o com a irracionalidade e o \u00f3dio que permeiam o discurso pol\u00edtico. &#8220;Queremos uma ideia comum e a partir dela termos alguma diferen\u00e7a, mas muitas coisas podem nos unir no brasil, inclusive cren\u00e7a de que podemos dar certo&#8221;, disse o ex-presidente do Brasil.<\/p>\n<p>Ele tamb\u00e9m falou sobre a crise institucional pela qual passa a democracia representativa em todo o mundo, e repetiu suas afirma\u00e7\u00f5es de outras ocasi\u00f5es de que \u00e9 necess\u00e1rio fazer mais do que criticar o sistema, e fazer isso sem ter ideias concretas n\u00e3o leva a nada.<\/p>\n<p>Clinton citou a situa\u00e7\u00e3o dos EUA e a elei\u00e7\u00e3o de Donald Trump, sem falar seu nome diretamente, apontando os efeitos de not\u00edcia falsas e m\u00eddias sociais na evolu\u00e7\u00e3o do discurso pol\u00edtico no pa\u00eds. &#8220;Muitas vezes uma grande mentira se torna maior do que a verdade, enquanto as pessoas n\u00e3o conseguem ver a diferen\u00e7a&#8221;, apontou.<\/p>\n<p>O ex-presidente americano tamb\u00e9m falou sobre a guerra comercial entre os EUA e a China, afirmando que acredita ser uma situa\u00e7\u00e3o tempor\u00e1ria e que n\u00e3o h\u00e1 erro em revisar rela\u00e7\u00f5es comerciais. Ele tamb\u00e9m apontou, no entanto, que os EUA n\u00e3o podem se dizer prejudicados no com\u00e9rcio internacional (como faz Trump). &#8220;J\u00e1 nos beneficiamos muito do com\u00e9rcio&#8221;, afirmou.<\/p>\n","protected":false},"excerpt":{"rendered":"<p>Em evento, o ex-presidente dos EUA alertou para os perigos de se fazer pol\u00edtica movido pela raiva e pelo ressentimento e afirmou ter f\u00e9 no povo brasileiro. As falas foram feitas em palestra na Expert XP 2018, maior evento de investimentos da Am\u00e9rica Latina. Embora reconhe\u00e7a os graves casos de corrup\u00e7\u00e3o pelos quais o pa\u00eds [&hellip;]<\/p>\n","protected":false},"author":5,"featured_media":4281,"comment_status":"closed","ping_status":"closed","sticky":false,"template":"","format":"standard","meta":[],"categories":[61],"tags":[697,793],"suno_strategy":[],"class_list":["post-4278","post","type-post","status-publish","format-standard","has-post-thumbnail","hentry","category-politica","tag-eleicoes","tag-estados-unidos-eua"],"yoast_head":"<!-- This site is optimized with the Yoast SEO plugin v24.4 - https:\/\/yoast.com\/wordpress\/plugins\/seo\/ -->\n<title>Bill Clinton: &quot;n\u00e3o desistam do Brasil&quot;<\/title>\n<meta name=\"description\" content=\"Ex-presidente dos EUA apontou para os riscos de se fazer pol\u00edtica movida pela raiva e ressentimento e ressaltou f\u00e9 no pa\u00eds. Clique para saber mais.\" \/>\n<meta name=\"robots\" content=\"index, follow, max-snippet:-1, max-image-preview:large, max-video-preview:-1\" \/>\n<link rel=\"canonical\" href=\"https:\/\/www.suno.com.br\/noticias\/clinton-nao-desistam-brasil\/\" \/>\n<meta property=\"og:locale\" content=\"pt_BR\" \/>\n<meta property=\"og:type\" content=\"article\" \/>\n<meta property=\"og:title\" content=\"Bill Clinton: &quot;n\u00e3o desistam do Brasil&quot;\" \/>\n<meta property=\"og:description\" content=\"Ex-presidente dos EUA apontou para os riscos de se fazer pol\u00edtica movida pela raiva e ressentimento e ressaltou f\u00e9 no pa\u00eds. Clique para saber mais.\" \/>\n<meta property=\"og:url\" content=\"https:\/\/www.suno.com.br\/noticias\/clinton-nao-desistam-brasil\/\" \/>\n<meta property=\"og:site_name\" content=\"Suno Not\u00edcias\" \/>\n<meta property=\"article:publisher\" content=\"https:\/\/facebook.com\/sunoresearch\" \/>\n<meta property=\"article:author\" content=\"https:\/\/www.linkedin.com\/in\/daniel-quandt-a49985110\/\" \/>\n<meta property=\"og:image\" content=\"https:\/\/files.sunoresearch.com.br\/n\/uploads\/2018\/09\/7aa871ed-bill-clinton.jpg\" \/>\n\t<meta property=\"og:image:width\" content=\"2560\" \/>\n\t<meta property=\"og:image:height\" content=\"1707\" \/>\n\t<meta property=\"og:image:type\" content=\"image\/jpeg\" \/>\n<meta name=\"author\" content=\"Daniel Quandt\" \/>\n<meta name=\"twitter:card\" content=\"summary_large_image\" \/>\n<meta name=\"twitter:creator\" content=\"@sunoresearch\" \/>\n<meta name=\"twitter:site\" content=\"@sunoresearch\" \/>\n<meta name=\"twitter:label1\" content=\"Escrito por\" \/>\n\t<meta name=\"twitter:data1\" content=\"Daniel Quandt\" \/>\n\t<meta name=\"twitter:label2\" content=\"Est. tempo de leitura\" \/>\n\t<meta name=\"twitter:data2\" content=\"2 minutos\" \/>\n<script type=\"application\/ld+json\" class=\"yoast-schema-graph\">{\"@context\":\"https:\/\/schema.org\",\"@graph\":[{\"@type\":\"NewsArticle\",\"@id\":\"https:\/\/www.suno.com.br\/noticias\/clinton-nao-desistam-brasil\/#article\",\"isPartOf\":{\"@id\":\"https:\/\/www.suno.com.br\/noticias\/clinton-nao-desistam-brasil\/\"},\"author\":{\"name\":\"Daniel Quandt\",\"@id\":\"https:\/\/www.suno.com.br\/noticias\/#\/schema\/person\/eca2bab82984722db00d1e6facd8bb26\"},\"headline\":\"Bill Clinton: &#8220;n\u00e3o desistam do Brasil&#8221;\",\"datePublished\":\"2018-09-24T15:14:32+00:00\",\"dateModified\":\"2021-02-18T20:56:52+00:00\",\"mainEntityOfPage\":{\"@id\":\"https:\/\/www.suno.com.br\/noticias\/clinton-nao-desistam-brasil\/\"},\"wordCount\":406,\"publisher\":{\"@id\":\"https:\/\/www.suno.com.br\/noticias\/#organization\"},\"image\":{\"@id\":\"https:\/\/www.suno.com.br\/noticias\/clinton-nao-desistam-brasil\/#primaryimage\"},\"thumbnailUrl\":\"https:\/\/files.sunoresearch.com.br\/n\/uploads\/2018\/09\/7aa871ed-bill-clinton-jpg.webp\",\"keywords\":[\"Elei\u00e7\u00f5es\",\"Estados Unidos (EUA)\"],\"articleSection\":[\"Pol\u00edtica\"],\"inLanguage\":\"pt-BR\"},{\"@type\":\"WebPage\",\"@id\":\"https:\/\/www.suno.com.br\/noticias\/clinton-nao-desistam-brasil\/\",\"url\":\"https:\/\/www.suno.com.br\/noticias\/clinton-nao-desistam-brasil\/\",\"name\":\"Bill Clinton: \\\"n\u00e3o desistam do Brasil\\\"\",\"isPartOf\":{\"@id\":\"https:\/\/www.suno.com.br\/noticias\/#website\"},\"primaryImageOfPage\":{\"@id\":\"https:\/\/www.suno.com.br\/noticias\/clinton-nao-desistam-brasil\/#primaryimage\"},\"image\":{\"@id\":\"https:\/\/www.suno.com.br\/noticias\/clinton-nao-desistam-brasil\/#primaryimage\"},\"thumbnailUrl\":\"https:\/\/files.sunoresearch.com.br\/n\/uploads\/2018\/09\/7aa871ed-bill-clinton-jpg.webp\",\"datePublished\":\"2018-09-24T15:14:32+00:00\",\"dateModified\":\"2021-02-18T20:56:52+00:00\",\"description\":\"Ex-presidente dos EUA apontou para os riscos de se fazer pol\u00edtica movida pela raiva e ressentimento e ressaltou f\u00e9 no pa\u00eds. Clique para saber mais.\",\"breadcrumb\":{\"@id\":\"https:\/\/www.suno.com.br\/noticias\/clinton-nao-desistam-brasil\/#breadcrumb\"},\"inLanguage\":\"pt-BR\",\"potentialAction\":[{\"@type\":\"ReadAction\",\"target\":[\"https:\/\/www.suno.com.br\/noticias\/clinton-nao-desistam-brasil\/\"]}]},{\"@type\":\"ImageObject\",\"inLanguage\":\"pt-BR\",\"@id\":\"https:\/\/www.suno.com.br\/noticias\/clinton-nao-desistam-brasil\/#primaryimage\",\"url\":\"https:\/\/files.sunoresearch.com.br\/n\/uploads\/2018\/09\/7aa871ed-bill-clinton-jpg.webp\",\"contentUrl\":\"https:\/\/files.sunoresearch.com.br\/n\/uploads\/2018\/09\/7aa871ed-bill-clinton-jpg.webp\",\"width\":2560,\"height\":1707},{\"@type\":\"BreadcrumbList\",\"@id\":\"https:\/\/www.suno.com.br\/noticias\/clinton-nao-desistam-brasil\/#breadcrumb\",\"itemListElement\":[{\"@type\":\"ListItem\",\"position\":1,\"name\":\"Not\u00edcias\",\"item\":\"https:\/\/www.suno.com.br\/noticias\/\"},{\"@type\":\"ListItem\",\"position\":2,\"name\":\"Pol\u00edtica\",\"item\":\"https:\/\/www.suno.com.br\/noticias\/politica\/\"},{\"@type\":\"ListItem\",\"position\":3,\"name\":\"Bill Clinton: &#8220;n\u00e3o desistam do Brasil&#8221;\"}]},{\"@type\":\"WebSite\",\"@id\":\"https:\/\/www.suno.com.br\/noticias\/#website\",\"url\":\"https:\/\/www.suno.com.br\/noticias\/\",\"name\":\"Suno Not\u00edcias\",\"description\":\"Seu portal de informa\u00e7\u00e3o sobre o mundo dos investimentos\",\"publisher\":{\"@id\":\"https:\/\/www.suno.com.br\/noticias\/#organization\"},\"potentialAction\":[{\"@type\":\"SearchAction\",\"target\":{\"@type\":\"EntryPoint\",\"urlTemplate\":\"https:\/\/www.suno.com.br\/noticias\/?s={search_term_string}\"},\"query-input\":{\"@type\":\"PropertyValueSpecification\",\"valueRequired\":true,\"valueName\":\"search_term_string\"}}],\"inLanguage\":\"pt-BR\"},{\"@type\":\"Organization\",\"@id\":\"https:\/\/www.suno.com.br\/noticias\/#organization\",\"name\":\"Suno Not\u00edcias\",\"url\":\"https:\/\/www.suno.com.br\/noticias\/\",\"logo\":{\"@type\":\"ImageObject\",\"inLanguage\":\"pt-BR\",\"@id\":\"https:\/\/www.suno.com.br\/noticias\/#\/schema\/logo\/image\/\",\"url\":\"https:\/\/files.sunoresearch.com.br\/n\/uploads\/2021\/09\/suno-logo.png\",\"contentUrl\":\"https:\/\/files.sunoresearch.com.br\/n\/uploads\/2021\/09\/suno-logo.png\",\"width\":180,\"height\":180,\"caption\":\"Suno Not\u00edcias\"},\"image\":{\"@id\":\"https:\/\/www.suno.com.br\/noticias\/#\/schema\/logo\/image\/\"},\"sameAs\":[\"https:\/\/facebook.com\/sunoresearch\",\"https:\/\/x.com\/sunoresearch\",\"https:\/\/www.instagram.com\/suno\",\"https:\/\/www.linkedin.com\/company\/suno-research\/\",\"https:\/\/www.youtube.com\/c\/sunoresearch\"]},{\"@type\":\"Person\",\"@id\":\"https:\/\/www.suno.com.br\/noticias\/#\/schema\/person\/eca2bab82984722db00d1e6facd8bb26\",\"name\":\"Daniel Quandt\",\"image\":{\"@type\":\"ImageObject\",\"inLanguage\":\"pt-BR\",\"@id\":\"https:\/\/www.suno.com.br\/noticias\/#\/schema\/person\/image\/\",\"url\":\"https:\/\/secure.gravatar.com\/avatar\/5faf4378f9fbf4557a5836a88d66f99a?s=96&r=g\",\"contentUrl\":\"https:\/\/secure.gravatar.com\/avatar\/5faf4378f9fbf4557a5836a88d66f99a?s=96&r=g\",\"caption\":\"Daniel Quandt\"},\"description\":\"Aluno da Universidade de S\u00e3o Paulo, Daniel Quandt escreve sobre economia, mercado financeiro e pol\u00edtica no portal da Suno Research. J\u00e1 passou pela Ag\u00eancia USP de Inova\u00e7\u00e3o e pela startup de v\u00eddeo em blockchain Paratii, desenvolvendo seu conhecimento da aplica\u00e7\u00e3o de tecnologia de ponta ao mercado.\",\"sameAs\":[\"https:\/\/www.suno.com.br\/\",\"https:\/\/www.linkedin.com\/in\/daniel-quandt-a49985110\/\"],\"url\":\"https:\/\/www.suno.com.br\/noticias\/author\/daniel-quandt\/\"}]}<\/script>\n<!-- \/ Yoast SEO plugin. -->","yoast_head_json":{"title":"Bill Clinton: \"n\u00e3o desistam do Brasil\"","description":"Ex-presidente dos EUA apontou para os riscos de se fazer pol\u00edtica movida pela raiva e ressentimento e ressaltou f\u00e9 no pa\u00eds. Clique para saber mais.","robots":{"index":"index","follow":"follow","max-snippet":"max-snippet:-1","max-image-preview":"max-image-preview:large","max-video-preview":"max-video-preview:-1"},"canonical":"https:\/\/www.suno.com.br\/noticias\/clinton-nao-desistam-brasil\/","og_locale":"pt_BR","og_type":"article","og_title":"Bill Clinton: \"n\u00e3o desistam do Brasil\"","og_description":"Ex-presidente dos EUA apontou para os riscos de se fazer pol\u00edtica movida pela raiva e ressentimento e ressaltou f\u00e9 no pa\u00eds. Clique para saber mais.","og_url":"https:\/\/www.suno.com.br\/noticias\/clinton-nao-desistam-brasil\/","og_site_name":"Suno Not\u00edcias","article_publisher":"https:\/\/facebook.com\/sunoresearch","article_author":"https:\/\/www.linkedin.com\/in\/daniel-quandt-a49985110\/","og_image":[{"width":2560,"height":1707,"url":"https:\/\/files.sunoresearch.com.br\/n\/uploads\/2018\/09\/7aa871ed-bill-clinton.jpg","type":"image\/jpeg"}],"author":"Daniel Quandt","twitter_card":"summary_large_image","twitter_creator":"@sunoresearch","twitter_site":"@sunoresearch","twitter_misc":{"Escrito por":"Daniel Quandt","Est. tempo de leitura":"2 minutos"},"schema":{"@context":"https:\/\/schema.org","@graph":[{"@type":"NewsArticle","@id":"https:\/\/www.suno.com.br\/noticias\/clinton-nao-desistam-brasil\/#article","isPartOf":{"@id":"https:\/\/www.suno.com.br\/noticias\/clinton-nao-desistam-brasil\/"},"author":{"name":"Daniel Quandt","@id":"https:\/\/www.suno.com.br\/noticias\/#\/schema\/person\/eca2bab82984722db00d1e6facd8bb26"},"headline":"Bill Clinton: &#8220;n\u00e3o desistam do Brasil&#8221;","datePublished":"2018-09-24T15:14:32+00:00","dateModified":"2021-02-18T20:56:52+00:00","mainEntityOfPage":{"@id":"https:\/\/www.suno.com.br\/noticias\/clinton-nao-desistam-brasil\/"},"wordCount":406,"publisher":{"@id":"https:\/\/www.suno.com.br\/noticias\/#organization"},"image":{"@id":"https:\/\/www.suno.com.br\/noticias\/clinton-nao-desistam-brasil\/#primaryimage"},"thumbnailUrl":"https:\/\/files.sunoresearch.com.br\/n\/uploads\/2018\/09\/7aa871ed-bill-clinton-jpg.webp","keywords":["Elei\u00e7\u00f5es","Estados Unidos (EUA)"],"articleSection":["Pol\u00edtica"],"inLanguage":"pt-BR"},{"@type":"WebPage","@id":"https:\/\/www.suno.com.br\/noticias\/clinton-nao-desistam-brasil\/","url":"https:\/\/www.suno.com.br\/noticias\/clinton-nao-desistam-brasil\/","name":"Bill Clinton: \"n\u00e3o desistam do Brasil\"","isPartOf":{"@id":"https:\/\/www.suno.com.br\/noticias\/#website"},"primaryImageOfPage":{"@id":"https:\/\/www.suno.com.br\/noticias\/clinton-nao-desistam-brasil\/#primaryimage"},"image":{"@id":"https:\/\/www.suno.com.br\/noticias\/clinton-nao-desistam-brasil\/#primaryimage"},"thumbnailUrl":"https:\/\/files.sunoresearch.com.br\/n\/uploads\/2018\/09\/7aa871ed-bill-clinton-jpg.webp","datePublished":"2018-09-24T15:14:32+00:00","dateModified":"2021-02-18T20:56:52+00:00","description":"Ex-presidente dos EUA apontou para os riscos de se fazer pol\u00edtica movida pela raiva e ressentimento e ressaltou f\u00e9 no pa\u00eds. Clique para saber mais.","breadcrumb":{"@id":"https:\/\/www.suno.com.br\/noticias\/clinton-nao-desistam-brasil\/#breadcrumb"},"inLanguage":"pt-BR","potentialAction":[{"@type":"ReadAction","target":["https:\/\/www.suno.com.br\/noticias\/clinton-nao-desistam-brasil\/"]}]},{"@type":"ImageObject","inLanguage":"pt-BR","@id":"https:\/\/www.suno.com.br\/noticias\/clinton-nao-desistam-brasil\/#primaryimage","url":"https:\/\/files.sunoresearch.com.br\/n\/uploads\/2018\/09\/7aa871ed-bill-clinton-jpg.webp","contentUrl":"https:\/\/files.sunoresearch.com.br\/n\/uploads\/2018\/09\/7aa871ed-bill-clinton-jpg.webp","width":2560,"height":1707},{"@type":"BreadcrumbList","@id":"https:\/\/www.suno.com.br\/noticias\/clinton-nao-desistam-brasil\/#breadcrumb","itemListElement":[{"@type":"ListItem","position":1,"name":"Not\u00edcias","item":"https:\/\/www.suno.com.br\/noticias\/"},{"@type":"ListItem","position":2,"name":"Pol\u00edtica","item":"https:\/\/www.suno.com.br\/noticias\/politica\/"},{"@type":"ListItem","position":3,"name":"Bill Clinton: &#8220;n\u00e3o desistam do Brasil&#8221;"}]},{"@type":"WebSite","@id":"https:\/\/www.suno.com.br\/noticias\/#website","url":"https:\/\/www.suno.com.br\/noticias\/","name":"Suno Not\u00edcias","description":"Seu portal de informa\u00e7\u00e3o sobre o mundo dos investimentos","publisher":{"@id":"https:\/\/www.suno.com.br\/noticias\/#organization"},"potentialAction":[{"@type":"SearchAction","target":{"@type":"EntryPoint","urlTemplate":"https:\/\/www.suno.com.br\/noticias\/?s={search_term_string}"},"query-input":{"@type":"PropertyValueSpecification","valueRequired":true,"valueName":"search_term_string"}}],"inLanguage":"pt-BR"},{"@type":"Organization","@id":"https:\/\/www.suno.com.br\/noticias\/#organization","name":"Suno Not\u00edcias","url":"https:\/\/www.suno.com.br\/noticias\/","logo":{"@type":"ImageObject","inLanguage":"pt-BR","@id":"https:\/\/www.suno.com.br\/noticias\/#\/schema\/logo\/image\/","url":"https:\/\/files.sunoresearch.com.br\/n\/uploads\/2021\/09\/suno-logo.png","contentUrl":"https:\/\/files.sunoresearch.com.br\/n\/uploads\/2021\/09\/suno-logo.png","width":180,"height":180,"caption":"Suno Not\u00edcias"},"image":{"@id":"https:\/\/www.suno.com.br\/noticias\/#\/schema\/logo\/image\/"},"sameAs":["https:\/\/facebook.com\/sunoresearch","https:\/\/x.com\/sunoresearch","https:\/\/www.instagram.com\/suno","https:\/\/www.linkedin.com\/company\/suno-research\/","https:\/\/www.youtube.com\/c\/sunoresearch"]},{"@type":"Person","@id":"https:\/\/www.suno.com.br\/noticias\/#\/schema\/person\/eca2bab82984722db00d1e6facd8bb26","name":"Daniel Quandt","image":{"@type":"ImageObject","inLanguage":"pt-BR","@id":"https:\/\/www.suno.com.br\/noticias\/#\/schema\/person\/image\/","url":"https:\/\/secure.gravatar.com\/avatar\/5faf4378f9fbf4557a5836a88d66f99a?s=96&r=g","contentUrl":"https:\/\/secure.gravatar.com\/avatar\/5faf4378f9fbf4557a5836a88d66f99a?s=96&r=g","caption":"Daniel Quandt"},"description":"Aluno da Universidade de S\u00e3o Paulo, Daniel Quandt escreve sobre economia, mercado financeiro e pol\u00edtica no portal da Suno Research. J\u00e1 passou pela Ag\u00eancia USP de Inova\u00e7\u00e3o e pela startup de v\u00eddeo em blockchain Paratii, desenvolvendo seu conhecimento da aplica\u00e7\u00e3o de tecnologia de ponta ao mercado.","sameAs":["https:\/\/www.suno.com.br\/","https:\/\/www.linkedin.com\/in\/daniel-quandt-a49985110\/"],"url":"https:\/\/www.suno.com.br\/noticias\/author\/daniel-quandt\/"}]}},"default_loop_html":"<div class=\"cardsPage__listCard__boxs\"><div class=\"cardsPage__listCard__boxs__img\"><a href=\"https:\/\/www.suno.com.br\/noticias\/clinton-nao-desistam-brasil\/\"><img class=\"mask\" src=\"https:\/\/www.suno.com.br\/noticias\/wp-content\/themes\/suno\/resources\/images\/spotlight\/spotlight1img\/bg-mask.png\" alt=\"Image Mask\"\/><img src=\"https:\/\/files.sunoresearch.com.br\/n\/uploads\/2018\/09\/7aa871ed-bill-clinton-400x200.webp\" alt=\"Bill Clinton: &#8220;n\u00e3o desistam do Brasil&#8221;\"\/><\/a><span class=\"spotlightCategory\"><a href=\"https:\/\/www.suno.com.br\/noticias\/politica\/\">Pol\u00edtica<\/a><\/span><\/div><div class=\"cardsPage__listCard__boxs__content\"><a href=\"https:\/\/www.suno.com.br\/noticias\/clinton-nao-desistam-brasil\/\"><h2 class=\"content__title\">Bill Clinton: &#8220;n\u00e3o desistam do Brasil&#8221;<\/h2><\/a><div class=\"newsContent__article__meta\"><div class=\"newsContent__article__meta__authorBox\"><a href=\"https:\/\/www.suno.com.br\/noticias\/author\/daniel-quandt\/\" class=\"authorBox__avatar noMobi\"><img src=\"https:\/\/secure.gravatar.com\/avatar\/5faf4378f9fbf4557a5836a88d66f99a?s=96&#038;r=g\" alt=\"Daniel Quandt\"><\/a><div class=\"authorBox__name\"><span>por\n\t\t\t<a href=\"https:\/\/www.suno.com.br\/noticias\/author\/daniel-quandt\/\"><span itemprop=\"author\">Daniel Quandt<\/span><\/a><\/span><time datetime=\"2018-09-24T12:14:32-03:00\" itemprop=\"datePublished\">24\/09\/2018 12:14<\/time><\/div><\/div><\/div><\/div><\/div>","single_layout":"posts","amp_enabled":true,"_links":{"self":[{"href":"https:\/\/www.suno.com.br\/noticias\/wp-json\/wp\/v2\/posts\/4278"}],"collection":[{"href":"https:\/\/www.suno.com.br\/noticias\/wp-json\/wp\/v2\/posts"}],"about":[{"href":"https:\/\/www.suno.com.br\/noticias\/wp-json\/wp\/v2\/types\/post"}],"author":[{"embeddable":true,"href":"https:\/\/www.suno.com.br\/noticias\/wp-json\/wp\/v2\/users\/5"}],"replies":[{"embeddable":true,"href":"https:\/\/www.suno.com.br\/noticias\/wp-json\/wp\/v2\/comments?post=4278"}],"version-history":[{"count":0,"href":"https:\/\/www.suno.com.br\/noticias\/wp-json\/wp\/v2\/posts\/4278\/revisions"}],"wp:featuredmedia":[{"embeddable":true,"href":"https:\/\/www.suno.com.br\/noticias\/wp-json\/wp\/v2\/media\/4281"}],"wp:attachment":[{"href":"https:\/\/www.suno.com.br\/noticias\/wp-json\/wp\/v2\/media?parent=4278"}],"wp:term":[{"taxonomy":"category","embeddable":true,"href":"https:\/\/www.suno.com.br\/noticias\/wp-json\/wp\/v2\/categories?post=4278"},{"taxonomy":"post_tag","embeddable":true,"href":"https:\/\/www.suno.com.br\/noticias\/wp-json\/wp\/v2\/tags?post=4278"},{"taxonomy":"suno_strategy","embeddable":true,"href":"https:\/\/www.suno.com.br\/noticias\/wp-json\/wp\/v2\/suno_strategy?post=4278"}],"curies":[{"name":"wp","href":"https:\/\/api.w.org\/{rel}","templated":true}]}}