{"id":427799,"date":"2023-07-11T21:01:57","date_gmt":"2023-07-12T00:01:57","guid":{"rendered":"https:\/\/www.suno.com.br\/noticias\/?p=427799"},"modified":"2023-07-11T21:06:42","modified_gmt":"2023-07-12T00:06:42","slug":"b3-b3sa3-volume-medio-diario-alta","status":"publish","type":"post","link":"https:\/\/www.suno.com.br\/noticias\/b3-b3sa3-volume-medio-diario-alta\/","title":{"rendered":"B3 (B3SA3): volume m\u00e9dio di\u00e1rio de neg\u00f3cios atinge R$ 30,5 bilh\u00f5es em junho, alta anual de 5,8%"},"content":{"rendered":"<p>Novos dados operacionais apurados pela <a class=\"suno-keyword\" data-force=\"yes\" data-priority=\"2\" href=\"https:\/\/www.suno.com.br\/acoes\/B3SA3\/\" target=\"_blank\" rel=\"noopener\">B3 (B3SA3)<\/a> indicam que o volume m\u00e9dio de neg\u00f3cios da bolsa de valores teve alta de 5,8% na base anual, para cerca de R$ 30,5 bilh\u00f5es no acumulado de junho.<\/p>\t<div class=\"wrapper-featured-image\">\n\t\t<figure class=\"spotlightImg\">\n\n\t\t\t<picture>\n\t\t\t\t<source media=\"(max-width: 768px)\" srcset=\"https:\/\/files.sunoresearch.com.br\/n\/uploads\/2023\/07\/B3-400x200.jpg\">\n\t\t\t\t<img loading=\"lazy\" decoding=\"async\" class=\"newsContent__article__imgCapa lazyloadDisabled \" src=\"https:\/\/files.sunoresearch.com.br\/n\/uploads\/2023\/07\/B3-800x450.jpg\" width=\"800\" height=\"450\" alt=\"B3 (B3SA3): volume m\u00e9dio di\u00e1rio de neg\u00f3cios atinge R$ 30,5 bilh\u00f5es em junho, alta anual de 5,8%\" fetchpriority=high \/>\n\t\t\t<\/picture>\n\n\t\t\t<figcaption class=\"wp-caption-text wp-caption-text--show\">Aegea, V.tal, Cimed: Veja lista de empresas que podem fazer IPO em 2024. Foto: Divulga\u00e7\u00e3o\/B3<\/figcaption>\n\t\t<\/figure>\n\t<\/div>\n\n\n\n\n\n\t<p>\n\t\t<a href=\"https:\/\/lp.suno.com.br\/planilha-da-vida-financeira\/\" target=\"_blank\" data-element=\"shortcode-suno-banner\" title=\"Banner SUNO, clique e saiba mais\">\n\t\t\t<picture>\n\t\t\t\t<source media=\"(max-width: 500px)\" srcset=\"https:\/\/files.sunoresearch.com.br\/n\/uploads\/2023\/04\/400x300-Planilha-vida-financeira-true.png\">\n\t\t\t\t<img class=\"newsContent__article__imgCapa newsContent__article__imgCapa--banner\"\n\t\t\t\t\tsrc=\"https:\/\/files.sunoresearch.com.br\/n\/uploads\/2023\/04\/1420x240-Planilha-vida-financeira-true.png\"\n\t\t\t\t\tdata-promo-id=\"106682\"\t\t\t\t\t\t\t\t\t\twidth='1420' height='240'\t\t\t\t\talt=\"https:\/\/files.sunoresearch.com.br\/n\/uploads\/2023\/04\/1420x240-Planilha-vida-financeira-true.png\"\n\t\t\t\t>\n\t\t\t<\/picture>\n\t\t<\/a>\n\t<\/p>\n\n\n\n\n\n\n\n<p>Em rela\u00e7\u00e3o a maio de 2023, houve avan\u00e7o de 12,6%, de acordo com os <strong>dados da B3<\/strong>, divulgados nesta ter\u00e7a-feira (11).<\/p>\n\n\n\n<p>Em segmentos, o <a class=\"suno-keyword\" data-force=\"no\" data-priority=\"1\" href=\"https:\/\/www.suno.com.br\/artigos\/mercado-de-opcoes\/\" target=\"_blank\" rel=\"noopener\">mercado de op\u00e7\u00f5es<\/a> apresentou alta de 4,4% na base anual, superado pelo <strong>mercado \u00e0 vista<\/strong> que subiu cerca de 6,3% em rela\u00e7\u00e3o ao mesmo per\u00edodo em 2022 \u2013 totalizando R$ 29,4 bilh\u00f5es.<\/p>\n\n\n\n<p>O n\u00famero de CPFs individuais cadastrados na bolsa subiu 20,6% no comparativo com igual etapa do ano anterior, para atuais 5,3 milh\u00f5es. J\u00e1 em rela\u00e7\u00e3o a maio, a alta foi de 0,14%.<\/p>\n\n\n\n<p>O n\u00famero de contas cadastradas \u2013 que podem ser mais de uma por CPF \u2013 foram de 6,21 milh\u00f5es, representando uma alta de 18,9% na base anual.<\/p>\n\n\n\t<p>\n\t\t<a href=\"https:\/\/lp.suno.com.br\/ebook-como-analisar-uma-acao\/\" target=\"_blank\" data-element=\"shortcode-suno-banner\" title=\"Banner SUNO, clique e saiba mais\">\n\t\t\t<picture>\n\t\t\t\t<source media=\"(max-width: 500px)\" srcset=\"https:\/\/files.sunoresearch.com.br\/n\/uploads\/2023\/03\/Ebook-Acoes-Mobile.jpg\">\n\t\t\t\t<img class=\"newsContent__article__imgCapa newsContent__article__imgCapa--banner\"\n\t\t\t\t\tsrc=\"https:\/\/files.sunoresearch.com.br\/n\/uploads\/2023\/03\/Ebook-Acoes-Desktop.jpg\"\n\t\t\t\t\tdata-promo-id=\"378302\"\t\t\t\t\t\t\t\t\t\twidth='1420' height='286'\t\t\t\t\talt=\"https:\/\/files.sunoresearch.com.br\/n\/uploads\/2023\/03\/Ebook-Acoes-Desktop.jpg\"\n\t\t\t\t>\n\t\t\t<\/picture>\n\t\t<\/a>\n\t<\/p>\n\n\n\n\n\n<h2 class=\"wp-block-heading\">B3: BTG recomenda compra para a\u00e7\u00f5es<\/h2>\n\n\n\n<p>No fim de junho, o <a class=\"suno-keyword\" target=\"_blank\" data-force=\"yes\" data-priority=\"2\" href=\"https:\/\/www.suno.com.br\/acoes\/BPAC11\/\" rel=\"noopener\">BTG Pactual (BPAC11)<\/a> reiterou sua recomenda\u00e7\u00e3o de compra para as a\u00e7\u00f5es da B3 , ap\u00f3s conversas com o diretor financeiro da companhia, Andre Milanez, e o analista de <a class=\"suno-keyword\" target=\"_blank\" data-force=\"no\" data-priority=\"1\" href=\"https:\/\/www.suno.com.br\/artigos\/relacoes-com-investidores\/\" rel=\"noopener\">rela\u00e7\u00f5es com investidores<\/a>, Yusuke Kira.<\/p>\n\n\n\n<p>Os executivos deram atualiza\u00e7\u00f5es sobre a empresa em rela\u00e7\u00e3o \u00e0 concorr\u00eancia, <a class=\"suno-keyword\" target=\"_blank\" data-force=\"no\" data-priority=\"1\" href=\"https:\/\/www.suno.com.br\/artigos\/fusoes-aquisicoes\/\" rel=\"noopener\">fus\u00f5es e aquisi\u00e7\u00f5es<\/a>, diversifica\u00e7\u00e3o de neg\u00f3cios, expectativas para mercados de capitais e tend\u00eancias operacionais, dentre outras.<\/p>\n\n\n\n<p>Para o banco, o <a class=\"suno-keyword\" data-force=\"no\" data-priority=\"1\" href=\"https:\/\/www.suno.com.br\/artigos\/mercado-de-capitais-conceito\/\" target=\"_blank\" rel=\"noopener\">mercado de capitais<\/a> est\u00e1 melhorando e a queda da Selic em breve deve continuar apoiando o crescimento de receita da B3, que est\u00e1 otimista quanto \u00e0s suas perspectivas de crescimento.<\/p>\n\n\n\n\t<div data-element=\"shortcode-read-more\" class=\"readToo\">\n\t\t\t\t<span class=\"readToo__title\">Leia mais<\/span>\n\t\t\t\t<ul class=\"readToo__list\">\n\t\t\t<li><a href=\"https:\/\/www.suno.com.br\/noticias\/investidores-europeus-visao-otimista-brasil-acoes-itau-bba\/\">Investidores europeus est\u00e3o com &#8220;vis\u00e3o otimista&#8221; sobre o Brasil e apostam em tr\u00eas ativos da Bolsa; veja quais<\/a><\/li><li><a href=\"https:\/\/www.suno.com.br\/noticias\/b3-b3sa3-nasdaq-parceria-clearing-cpf\/\">B3 (B3SA3) e Nasdaq fecham parceria para nova plataforma<\/a><\/li>\t\t<\/ul>\n\t<\/div>\n\n\n\n\n<p>No relat\u00f3rio, o BTG destacou os grandes avan\u00e7os estruturais observados pela B3 no <a class=\"suno-keyword\" target=\"_blank\" data-force=\"no\" data-priority=\"1\" href=\"https:\/\/www.suno.com.br\/artigos\/mercado-de-capitais-conceito\/\" rel=\"noopener\">mercado de capitais<\/a> local, incluindo gama maior de produtos de investimento, maior acesso por parte das empresas, al\u00e9m de um ambiente macroecon\u00f4mico favor\u00e1vel.<\/p>\n\n\n\n<p>Ainda assim, o banco enxerga um potencial para mais desenvolvimento e, com mercados mais maduros, a recupera\u00e7\u00e3o do volume desencadeada pelo in\u00edcio da flexibiliza\u00e7\u00e3o monet\u00e1ria deve superar a recupera\u00e7\u00e3o anterior. O BTG avalia o <a class=\"suno-keyword\" target=\"_blank\" data-force=\"no\" data-priority=\"1\" href=\"https:\/\/www.suno.com.br\/artigos\/preco-justo\/\" rel=\"noopener\">pre\u00e7o justo<\/a> das a\u00e7\u00f5es em R$ 17.<\/p>\n\n\n\n<h2 class=\"wp-block-heading\">Ita\u00fa BBA sobre B3: margens de negocia\u00e7\u00e3o devem melhorar; analistas recomendam compra<\/h2>\n\n\n\n<p>O Ita\u00fa BBA manteve sua recomenda\u00e7\u00e3o \u2018outperform\u2019, equivalente a compra, para as <strong>a\u00e7\u00f5es da B3<\/strong>. O banco avaliou que, al\u00e9m de maiores volumes, come\u00e7a a enxergar um crescimento do otimismo sobre o n\u00edvel m\u00e9dio das margens de negocia\u00e7\u00e3o cobradas pela bolsa brasileira.<\/p>\n\n\n\n<p>\u201cCom a retomada dos <strong>volumes da B3<\/strong>, esperamos que a necessidade de HFTs [opera\u00e7\u00f5es de alta frequ\u00eancia] atuarem como formadores de mercado diminua. Assim, assumimos que a B3 reduzir\u00e1 os benef\u00edcios que oferece \u00e0 medida que os volumes aumentam\u201d, afirmaram os analistas Pedro Leduc, William Barranjard e Mateus Raffaelli.<\/p>\n\n\n\n<p>Acrescentaram ainda que, nesse cen\u00e1rio, \u201cas receitas da B3 provavelmente receberiam um impulso adicional de pre\u00e7os maiores por meio de um mix de volumes favor\u00e1vel\u201d. O Ita\u00fa BBA avalia o <a class=\"suno-keyword\" target=\"_blank\" data-force=\"no\" data-priority=\"1\" href=\"https:\/\/www.suno.com.br\/artigos\/preco-justo\/\" rel=\"noopener\">pre\u00e7o justo<\/a> das a\u00e7\u00f5es em R$ 17, com upside de 21% sobre os R$ 14 negociados no preg\u00e3o de hoje.<\/p>\n\n\n\n<h2 class=\"wp-block-heading\">Cota\u00e7\u00e3o<\/h2>\n\n\n\n<p>Hoje, as <strong>a\u00e7\u00f5es da B3<\/strong> ca\u00edram 1,14%, sendo cotadas em R$ 13,92.<\/p>\n\n\n\t<p>\n\t\t<a href=\"https:\/\/lp.suno.com.br\/suno-one\/?utm_campaign=_SNC6964518A_\" target=\"_blank\" data-element=\"shortcode-suno-banner\" title=\"Banner SUNO, clique e saiba mais\">\n\t\t\t<picture>\n\t\t\t\t<source media=\"(max-width: 500px)\" srcset=\"https:\/\/files.sunoresearch.com.br\/n\/uploads\/2025\/09\/400x300-Suno-One-png.webp\">\n\t\t\t\t<img class=\"newsContent__article__imgCapa newsContent__article__imgCapa--banner\"\n\t\t\t\t\tsrc=\"https:\/\/files.sunoresearch.com.br\/n\/uploads\/2025\/09\/1420x240-Suno-One-png.webp\"\n\t\t\t\t\tdata-promo-id=\"383121\"\t\t\t\t\t\t\t\t\t\twidth='1420' height='240'\t\t\t\t\talt=\"https:\/\/files.sunoresearch.com.br\/n\/uploads\/2025\/09\/1420x240-Suno-One-png.webp\"\n\t\t\t\t>\n\t\t\t<\/picture>\n\t\t<\/a>\n\t<\/p>\n\n\n","protected":false},"excerpt":{"rendered":"<p>Novos dados operacionais apurados pela B3 (B3SA3) indicam que o volume m\u00e9dio de neg\u00f3cios da bolsa de valores teve alta de 5,8% na base anual, para cerca de R$ 30,5 bilh\u00f5es no acumulado de junho. Aegea, V.tal, Cimed: Veja lista de empresas que podem fazer IPO em 2024. Foto: Divulga\u00e7\u00e3o\/B3 Em rela\u00e7\u00e3o a maio de [&hellip;]<\/p>\n","protected":false},"author":301,"featured_media":425596,"comment_status":"closed","ping_status":"closed","sticky":false,"template":"","format":"standard","meta":[],"categories":[64],"tags":[286,367,1635],"suno_strategy":[],"class_list":["post-427799","post","type-post","status-publish","format-standard","has-post-thumbnail","hentry","category-negocios","tag-acoes","tag-b3-b3sa3","tag-mercado-financeiro"],"yoast_head":"<!-- This site is optimized with the Yoast SEO plugin v24.4 - https:\/\/yoast.com\/wordpress\/plugins\/seo\/ -->\n<title>B3 (B3SA3): volume m\u00e9dio di\u00e1rio de neg\u00f3cios atinge R$ 30,5 bi em junho<\/title>\n<meta name=\"description\" content=\"Segundo novos dados operacionais da B3, o volume m\u00e9dio de neg\u00f3cios da bolsa de valores teve alta de 5,8% na base anual.\" \/>\n<meta name=\"robots\" content=\"index, follow, max-snippet:-1, max-image-preview:large, max-video-preview:-1\" \/>\n<link rel=\"canonical\" href=\"https:\/\/www.suno.com.br\/noticias\/b3-b3sa3-volume-medio-diario-alta\/\" \/>\n<meta property=\"og:locale\" content=\"pt_BR\" \/>\n<meta property=\"og:type\" content=\"article\" \/>\n<meta property=\"og:title\" content=\"B3 (B3SA3): volume m\u00e9dio di\u00e1rio de neg\u00f3cios atinge R$ 30,5 bi em junho\" \/>\n<meta property=\"og:description\" content=\"Segundo novos dados operacionais da B3, o volume m\u00e9dio de neg\u00f3cios da bolsa de valores teve alta de 5,8% na base anual.\" \/>\n<meta property=\"og:url\" content=\"https:\/\/www.suno.com.br\/noticias\/b3-b3sa3-volume-medio-diario-alta\/\" \/>\n<meta property=\"og:site_name\" content=\"Suno Not\u00edcias\" \/>\n<meta property=\"article:publisher\" content=\"https:\/\/facebook.com\/sunoresearch\" \/>\n<meta property=\"og:image\" content=\"https:\/\/files.sunoresearch.com.br\/n\/uploads\/2023\/07\/B3.jpg\" \/>\n\t<meta property=\"og:image:width\" content=\"1450\" \/>\n\t<meta property=\"og:image:height\" content=\"816\" \/>\n\t<meta property=\"og:image:type\" content=\"image\/jpeg\" \/>\n<meta name=\"author\" content=\"Vin\u00edcius Alves\" \/>\n<meta name=\"twitter:card\" content=\"summary_large_image\" \/>\n<meta name=\"twitter:creator\" content=\"@sunoresearch\" \/>\n<meta name=\"twitter:site\" content=\"@sunoresearch\" \/>\n<meta name=\"twitter:label1\" content=\"Escrito por\" \/>\n\t<meta name=\"twitter:data1\" content=\"Vin\u00edcius Alves\" \/>\n\t<meta name=\"twitter:label2\" content=\"Est. tempo de leitura\" \/>\n\t<meta name=\"twitter:data2\" content=\"3 minutos\" \/>\n<script type=\"application\/ld+json\" class=\"yoast-schema-graph\">{\"@context\":\"https:\/\/schema.org\",\"@graph\":[{\"@type\":\"NewsArticle\",\"@id\":\"https:\/\/www.suno.com.br\/noticias\/b3-b3sa3-volume-medio-diario-alta\/#article\",\"isPartOf\":{\"@id\":\"https:\/\/www.suno.com.br\/noticias\/b3-b3sa3-volume-medio-diario-alta\/\"},\"author\":{\"name\":\"Vin\u00edcius Alves\",\"@id\":\"https:\/\/www.suno.com.br\/noticias\/#\/schema\/person\/4a180549702d0e236b3e420862bcded3\"},\"headline\":\"B3 (B3SA3): volume m\u00e9dio di\u00e1rio de neg\u00f3cios atinge R$ 30,5 bilh\u00f5es em junho, alta anual de 5,8%\",\"datePublished\":\"2023-07-12T00:01:57+00:00\",\"dateModified\":\"2023-07-12T00:06:42+00:00\",\"mainEntityOfPage\":{\"@id\":\"https:\/\/www.suno.com.br\/noticias\/b3-b3sa3-volume-medio-diario-alta\/\"},\"wordCount\":561,\"publisher\":{\"@id\":\"https:\/\/www.suno.com.br\/noticias\/#organization\"},\"image\":{\"@id\":\"https:\/\/www.suno.com.br\/noticias\/b3-b3sa3-volume-medio-diario-alta\/#primaryimage\"},\"thumbnailUrl\":\"https:\/\/files.sunoresearch.com.br\/n\/uploads\/2023\/07\/B3.jpg\",\"keywords\":[\"A\u00e7\u00f5es\",\"B3 (B3SA3)\",\"mercado financeiro\"],\"articleSection\":[\"Neg\u00f3cios\"],\"inLanguage\":\"pt-BR\"},{\"@type\":\"WebPage\",\"@id\":\"https:\/\/www.suno.com.br\/noticias\/b3-b3sa3-volume-medio-diario-alta\/\",\"url\":\"https:\/\/www.suno.com.br\/noticias\/b3-b3sa3-volume-medio-diario-alta\/\",\"name\":\"B3 (B3SA3): volume m\u00e9dio di\u00e1rio de neg\u00f3cios atinge R$ 30,5 bi em junho\",\"isPartOf\":{\"@id\":\"https:\/\/www.suno.com.br\/noticias\/#website\"},\"primaryImageOfPage\":{\"@id\":\"https:\/\/www.suno.com.br\/noticias\/b3-b3sa3-volume-medio-diario-alta\/#primaryimage\"},\"image\":{\"@id\":\"https:\/\/www.suno.com.br\/noticias\/b3-b3sa3-volume-medio-diario-alta\/#primaryimage\"},\"thumbnailUrl\":\"https:\/\/files.sunoresearch.com.br\/n\/uploads\/2023\/07\/B3.jpg\",\"datePublished\":\"2023-07-12T00:01:57+00:00\",\"dateModified\":\"2023-07-12T00:06:42+00:00\",\"description\":\"Segundo novos dados operacionais da B3, o volume m\u00e9dio de neg\u00f3cios da bolsa de valores teve alta de 5,8% na base anual.\",\"breadcrumb\":{\"@id\":\"https:\/\/www.suno.com.br\/noticias\/b3-b3sa3-volume-medio-diario-alta\/#breadcrumb\"},\"inLanguage\":\"pt-BR\",\"potentialAction\":[{\"@type\":\"ReadAction\",\"target\":[\"https:\/\/www.suno.com.br\/noticias\/b3-b3sa3-volume-medio-diario-alta\/\"]}]},{\"@type\":\"ImageObject\",\"inLanguage\":\"pt-BR\",\"@id\":\"https:\/\/www.suno.com.br\/noticias\/b3-b3sa3-volume-medio-diario-alta\/#primaryimage\",\"url\":\"https:\/\/files.sunoresearch.com.br\/n\/uploads\/2023\/07\/B3.jpg\",\"contentUrl\":\"https:\/\/files.sunoresearch.com.br\/n\/uploads\/2023\/07\/B3.jpg\",\"width\":1450,\"height\":816,\"caption\":\"Aegea, V.tal, Cimed: Veja lista de empresas que podem fazer IPO em 2024. Foto: Divulga\u00e7\u00e3o\/B3\"},{\"@type\":\"BreadcrumbList\",\"@id\":\"https:\/\/www.suno.com.br\/noticias\/b3-b3sa3-volume-medio-diario-alta\/#breadcrumb\",\"itemListElement\":[{\"@type\":\"ListItem\",\"position\":1,\"name\":\"Not\u00edcias\",\"item\":\"https:\/\/www.suno.com.br\/noticias\/\"},{\"@type\":\"ListItem\",\"position\":2,\"name\":\"Neg\u00f3cios\",\"item\":\"https:\/\/www.suno.com.br\/noticias\/negocios\/\"},{\"@type\":\"ListItem\",\"position\":3,\"name\":\"B3 (B3SA3): volume m\u00e9dio di\u00e1rio de neg\u00f3cios atinge R$ 30,5 bilh\u00f5es em junho, alta anual de 5,8%\"}]},{\"@type\":\"WebSite\",\"@id\":\"https:\/\/www.suno.com.br\/noticias\/#website\",\"url\":\"https:\/\/www.suno.com.br\/noticias\/\",\"name\":\"Suno Not\u00edcias\",\"description\":\"Seu portal de informa\u00e7\u00e3o sobre o mundo dos investimentos\",\"publisher\":{\"@id\":\"https:\/\/www.suno.com.br\/noticias\/#organization\"},\"potentialAction\":[{\"@type\":\"SearchAction\",\"target\":{\"@type\":\"EntryPoint\",\"urlTemplate\":\"https:\/\/www.suno.com.br\/noticias\/?s={search_term_string}\"},\"query-input\":{\"@type\":\"PropertyValueSpecification\",\"valueRequired\":true,\"valueName\":\"search_term_string\"}}],\"inLanguage\":\"pt-BR\"},{\"@type\":\"Organization\",\"@id\":\"https:\/\/www.suno.com.br\/noticias\/#organization\",\"name\":\"Suno Not\u00edcias\",\"url\":\"https:\/\/www.suno.com.br\/noticias\/\",\"logo\":{\"@type\":\"ImageObject\",\"inLanguage\":\"pt-BR\",\"@id\":\"https:\/\/www.suno.com.br\/noticias\/#\/schema\/logo\/image\/\",\"url\":\"https:\/\/files.sunoresearch.com.br\/n\/uploads\/2021\/09\/suno-logo.png\",\"contentUrl\":\"https:\/\/files.sunoresearch.com.br\/n\/uploads\/2021\/09\/suno-logo.png\",\"width\":180,\"height\":180,\"caption\":\"Suno Not\u00edcias\"},\"image\":{\"@id\":\"https:\/\/www.suno.com.br\/noticias\/#\/schema\/logo\/image\/\"},\"sameAs\":[\"https:\/\/facebook.com\/sunoresearch\",\"https:\/\/x.com\/sunoresearch\",\"https:\/\/www.instagram.com\/suno\",\"https:\/\/www.linkedin.com\/company\/suno-research\/\",\"https:\/\/www.youtube.com\/c\/sunoresearch\"]},{\"@type\":\"Person\",\"@id\":\"https:\/\/www.suno.com.br\/noticias\/#\/schema\/person\/4a180549702d0e236b3e420862bcded3\",\"name\":\"Vin\u00edcius Alves\",\"image\":{\"@type\":\"ImageObject\",\"inLanguage\":\"pt-BR\",\"@id\":\"https:\/\/www.suno.com.br\/noticias\/#\/schema\/person\/image\/\",\"url\":\"https:\/\/secure.gravatar.com\/avatar\/a95b7fe6d1b813f7907d4f476d5a39e1?s=96&r=g\",\"contentUrl\":\"https:\/\/secure.gravatar.com\/avatar\/a95b7fe6d1b813f7907d4f476d5a39e1?s=96&r=g\",\"caption\":\"Vin\u00edcius Alves\"},\"description\":\"Jornalista formado na Faculdade C\u00e1sper L\u00edbero. Com passagens pela Ag\u00eancia Estado, InfoMoney e Editora Globo.\",\"url\":\"https:\/\/www.suno.com.br\/noticias\/author\/vini08correiagmail-com\/\"}]}<\/script>\n<!-- \/ Yoast SEO plugin. -->","yoast_head_json":{"title":"B3 (B3SA3): volume m\u00e9dio di\u00e1rio de neg\u00f3cios atinge R$ 30,5 bi em junho","description":"Segundo novos dados operacionais da B3, o volume m\u00e9dio de neg\u00f3cios da bolsa de valores teve alta de 5,8% na base anual.","robots":{"index":"index","follow":"follow","max-snippet":"max-snippet:-1","max-image-preview":"max-image-preview:large","max-video-preview":"max-video-preview:-1"},"canonical":"https:\/\/www.suno.com.br\/noticias\/b3-b3sa3-volume-medio-diario-alta\/","og_locale":"pt_BR","og_type":"article","og_title":"B3 (B3SA3): volume m\u00e9dio di\u00e1rio de neg\u00f3cios atinge R$ 30,5 bi em junho","og_description":"Segundo novos dados operacionais da B3, o volume m\u00e9dio de neg\u00f3cios da bolsa de valores teve alta de 5,8% na base anual.","og_url":"https:\/\/www.suno.com.br\/noticias\/b3-b3sa3-volume-medio-diario-alta\/","og_site_name":"Suno Not\u00edcias","article_publisher":"https:\/\/facebook.com\/sunoresearch","og_image":[{"width":1450,"height":816,"url":"https:\/\/files.sunoresearch.com.br\/n\/uploads\/2023\/07\/B3.jpg","type":"image\/jpeg"}],"author":"Vin\u00edcius Alves","twitter_card":"summary_large_image","twitter_creator":"@sunoresearch","twitter_site":"@sunoresearch","twitter_misc":{"Escrito por":"Vin\u00edcius Alves","Est. tempo de leitura":"3 minutos"},"schema":{"@context":"https:\/\/schema.org","@graph":[{"@type":"NewsArticle","@id":"https:\/\/www.suno.com.br\/noticias\/b3-b3sa3-volume-medio-diario-alta\/#article","isPartOf":{"@id":"https:\/\/www.suno.com.br\/noticias\/b3-b3sa3-volume-medio-diario-alta\/"},"author":{"name":"Vin\u00edcius Alves","@id":"https:\/\/www.suno.com.br\/noticias\/#\/schema\/person\/4a180549702d0e236b3e420862bcded3"},"headline":"B3 (B3SA3): volume m\u00e9dio di\u00e1rio de neg\u00f3cios atinge R$ 30,5 bilh\u00f5es em junho, alta anual de 5,8%","datePublished":"2023-07-12T00:01:57+00:00","dateModified":"2023-07-12T00:06:42+00:00","mainEntityOfPage":{"@id":"https:\/\/www.suno.com.br\/noticias\/b3-b3sa3-volume-medio-diario-alta\/"},"wordCount":561,"publisher":{"@id":"https:\/\/www.suno.com.br\/noticias\/#organization"},"image":{"@id":"https:\/\/www.suno.com.br\/noticias\/b3-b3sa3-volume-medio-diario-alta\/#primaryimage"},"thumbnailUrl":"https:\/\/files.sunoresearch.com.br\/n\/uploads\/2023\/07\/B3.jpg","keywords":["A\u00e7\u00f5es","B3 (B3SA3)","mercado financeiro"],"articleSection":["Neg\u00f3cios"],"inLanguage":"pt-BR"},{"@type":"WebPage","@id":"https:\/\/www.suno.com.br\/noticias\/b3-b3sa3-volume-medio-diario-alta\/","url":"https:\/\/www.suno.com.br\/noticias\/b3-b3sa3-volume-medio-diario-alta\/","name":"B3 (B3SA3): volume m\u00e9dio di\u00e1rio de neg\u00f3cios atinge R$ 30,5 bi em junho","isPartOf":{"@id":"https:\/\/www.suno.com.br\/noticias\/#website"},"primaryImageOfPage":{"@id":"https:\/\/www.suno.com.br\/noticias\/b3-b3sa3-volume-medio-diario-alta\/#primaryimage"},"image":{"@id":"https:\/\/www.suno.com.br\/noticias\/b3-b3sa3-volume-medio-diario-alta\/#primaryimage"},"thumbnailUrl":"https:\/\/files.sunoresearch.com.br\/n\/uploads\/2023\/07\/B3.jpg","datePublished":"2023-07-12T00:01:57+00:00","dateModified":"2023-07-12T00:06:42+00:00","description":"Segundo novos dados operacionais da B3, o volume m\u00e9dio de neg\u00f3cios da bolsa de valores teve alta de 5,8% na base anual.","breadcrumb":{"@id":"https:\/\/www.suno.com.br\/noticias\/b3-b3sa3-volume-medio-diario-alta\/#breadcrumb"},"inLanguage":"pt-BR","potentialAction":[{"@type":"ReadAction","target":["https:\/\/www.suno.com.br\/noticias\/b3-b3sa3-volume-medio-diario-alta\/"]}]},{"@type":"ImageObject","inLanguage":"pt-BR","@id":"https:\/\/www.suno.com.br\/noticias\/b3-b3sa3-volume-medio-diario-alta\/#primaryimage","url":"https:\/\/files.sunoresearch.com.br\/n\/uploads\/2023\/07\/B3.jpg","contentUrl":"https:\/\/files.sunoresearch.com.br\/n\/uploads\/2023\/07\/B3.jpg","width":1450,"height":816,"caption":"Aegea, V.tal, Cimed: Veja lista de empresas que podem fazer IPO em 2024. Foto: Divulga\u00e7\u00e3o\/B3"},{"@type":"BreadcrumbList","@id":"https:\/\/www.suno.com.br\/noticias\/b3-b3sa3-volume-medio-diario-alta\/#breadcrumb","itemListElement":[{"@type":"ListItem","position":1,"name":"Not\u00edcias","item":"https:\/\/www.suno.com.br\/noticias\/"},{"@type":"ListItem","position":2,"name":"Neg\u00f3cios","item":"https:\/\/www.suno.com.br\/noticias\/negocios\/"},{"@type":"ListItem","position":3,"name":"B3 (B3SA3): volume m\u00e9dio di\u00e1rio de neg\u00f3cios atinge R$ 30,5 bilh\u00f5es em junho, alta anual de 5,8%"}]},{"@type":"WebSite","@id":"https:\/\/www.suno.com.br\/noticias\/#website","url":"https:\/\/www.suno.com.br\/noticias\/","name":"Suno Not\u00edcias","description":"Seu portal de informa\u00e7\u00e3o sobre o mundo dos investimentos","publisher":{"@id":"https:\/\/www.suno.com.br\/noticias\/#organization"},"potentialAction":[{"@type":"SearchAction","target":{"@type":"EntryPoint","urlTemplate":"https:\/\/www.suno.com.br\/noticias\/?s={search_term_string}"},"query-input":{"@type":"PropertyValueSpecification","valueRequired":true,"valueName":"search_term_string"}}],"inLanguage":"pt-BR"},{"@type":"Organization","@id":"https:\/\/www.suno.com.br\/noticias\/#organization","name":"Suno Not\u00edcias","url":"https:\/\/www.suno.com.br\/noticias\/","logo":{"@type":"ImageObject","inLanguage":"pt-BR","@id":"https:\/\/www.suno.com.br\/noticias\/#\/schema\/logo\/image\/","url":"https:\/\/files.sunoresearch.com.br\/n\/uploads\/2021\/09\/suno-logo.png","contentUrl":"https:\/\/files.sunoresearch.com.br\/n\/uploads\/2021\/09\/suno-logo.png","width":180,"height":180,"caption":"Suno Not\u00edcias"},"image":{"@id":"https:\/\/www.suno.com.br\/noticias\/#\/schema\/logo\/image\/"},"sameAs":["https:\/\/facebook.com\/sunoresearch","https:\/\/x.com\/sunoresearch","https:\/\/www.instagram.com\/suno","https:\/\/www.linkedin.com\/company\/suno-research\/","https:\/\/www.youtube.com\/c\/sunoresearch"]},{"@type":"Person","@id":"https:\/\/www.suno.com.br\/noticias\/#\/schema\/person\/4a180549702d0e236b3e420862bcded3","name":"Vin\u00edcius Alves","image":{"@type":"ImageObject","inLanguage":"pt-BR","@id":"https:\/\/www.suno.com.br\/noticias\/#\/schema\/person\/image\/","url":"https:\/\/secure.gravatar.com\/avatar\/a95b7fe6d1b813f7907d4f476d5a39e1?s=96&r=g","contentUrl":"https:\/\/secure.gravatar.com\/avatar\/a95b7fe6d1b813f7907d4f476d5a39e1?s=96&r=g","caption":"Vin\u00edcius Alves"},"description":"Jornalista formado na Faculdade C\u00e1sper L\u00edbero. Com passagens pela Ag\u00eancia Estado, InfoMoney e Editora Globo.","url":"https:\/\/www.suno.com.br\/noticias\/author\/vini08correiagmail-com\/"}]}},"default_loop_html":"<div class=\"cardsPage__listCard__boxs\"><div class=\"cardsPage__listCard__boxs__img\"><a href=\"https:\/\/www.suno.com.br\/noticias\/b3-b3sa3-volume-medio-diario-alta\/\"><img class=\"mask\" src=\"https:\/\/www.suno.com.br\/noticias\/wp-content\/themes\/suno\/resources\/images\/spotlight\/spotlight1img\/bg-mask.png\" alt=\"Image Mask\"\/><img src=\"https:\/\/files.sunoresearch.com.br\/n\/uploads\/2023\/07\/B3-400x200.jpg\" alt=\"B3 (B3SA3): volume m\u00e9dio di\u00e1rio de neg\u00f3cios atinge R$ 30,5 bilh\u00f5es em junho, alta anual de 5,8%\"\/><\/a><span class=\"spotlightCategory\"><a href=\"https:\/\/www.suno.com.br\/noticias\/negocios\/\">Neg\u00f3cios<\/a><\/span><\/div><div class=\"cardsPage__listCard__boxs__content\"><a href=\"https:\/\/www.suno.com.br\/noticias\/b3-b3sa3-volume-medio-diario-alta\/\"><h2 class=\"content__title\">B3 (B3SA3): volume m\u00e9dio di\u00e1rio de neg\u00f3cios atinge R$ 30,5 bilh\u00f5es em junho, alta anual de 5,8%<\/h2><\/a><div class=\"newsContent__article__meta\"><div class=\"newsContent__article__meta__authorBox\"><a href=\"https:\/\/www.suno.com.br\/noticias\/author\/camila-figueiredosuno-com-br\/\" class=\"authorBox__avatar noMobi\"><img src=\"https:\/\/files.sunoresearch.com.br\/n\/uploads\/2024\/05\/camila-paim-square-150x150.jpg\" alt=\"Camila Paim\"><\/a><div class=\"authorBox__name\"><span>por\n\t\t\t<a href=\"https:\/\/www.suno.com.br\/noticias\/author\/camila-figueiredosuno-com-br\/\"><span itemprop=\"author\">Camila Paim<\/span><\/a><\/span><time datetime=\"2023-07-11T21:01:57-03:00\" itemprop=\"datePublished\">11\/07\/2023 21:01<\/time><\/div><\/div><\/div><\/div><\/div>","single_layout":"posts","amp_enabled":true,"_links":{"self":[{"href":"https:\/\/www.suno.com.br\/noticias\/wp-json\/wp\/v2\/posts\/427799"}],"collection":[{"href":"https:\/\/www.suno.com.br\/noticias\/wp-json\/wp\/v2\/posts"}],"about":[{"href":"https:\/\/www.suno.com.br\/noticias\/wp-json\/wp\/v2\/types\/post"}],"author":[{"embeddable":true,"href":"https:\/\/www.suno.com.br\/noticias\/wp-json\/wp\/v2\/users\/301"}],"replies":[{"embeddable":true,"href":"https:\/\/www.suno.com.br\/noticias\/wp-json\/wp\/v2\/comments?post=427799"}],"version-history":[{"count":2,"href":"https:\/\/www.suno.com.br\/noticias\/wp-json\/wp\/v2\/posts\/427799\/revisions"}],"predecessor-version":[{"id":427850,"href":"https:\/\/www.suno.com.br\/noticias\/wp-json\/wp\/v2\/posts\/427799\/revisions\/427850"}],"wp:featuredmedia":[{"embeddable":true,"href":"https:\/\/www.suno.com.br\/noticias\/wp-json\/wp\/v2\/media\/425596"}],"wp:attachment":[{"href":"https:\/\/www.suno.com.br\/noticias\/wp-json\/wp\/v2\/media?parent=427799"}],"wp:term":[{"taxonomy":"category","embeddable":true,"href":"https:\/\/www.suno.com.br\/noticias\/wp-json\/wp\/v2\/categories?post=427799"},{"taxonomy":"post_tag","embeddable":true,"href":"https:\/\/www.suno.com.br\/noticias\/wp-json\/wp\/v2\/tags?post=427799"},{"taxonomy":"suno_strategy","embeddable":true,"href":"https:\/\/www.suno.com.br\/noticias\/wp-json\/wp\/v2\/suno_strategy?post=427799"}],"curies":[{"name":"wp","href":"https:\/\/api.w.org\/{rel}","templated":true}]}}