{"id":42765,"date":"2019-10-29T11:53:54","date_gmt":"2019-10-29T13:53:54","guid":{"rendered":"https:\/\/www.suno.com.br\/noticias\/?p=42765"},"modified":"2019-10-29T11:53:54","modified_gmt":"2019-10-29T13:53:54","slug":"ibovespa-queda-guerra-comercial-copom-fed-29102019","status":"publish","type":"post","link":"https:\/\/www.suno.com.br\/noticias\/ibovespa-queda-guerra-comercial-copom-fed-29102019\/","title":{"rendered":"Ibovespa abre em queda; Guerra comercial e reuni\u00f5es do Copom e Fed no radar"},"content":{"rendered":"<p>O Ibovespa abriu esta ter\u00e7a-feira (29) em queda. <a href=\"https:\/\/www.suno.com.br\/artigos\/a-guerra-comercial\/\"><strong>Guerra comercial<\/strong><\/a>, elei\u00e7\u00f5es no <strong>Reino Unido<\/strong> e reuni\u00f5es de <a href=\"https:\/\/www.suno.com.br\/artigos\/copom\/\"><strong>Copom<\/strong><\/a> e <a href=\"https:\/\/www.suno.com.br\/artigos\/fed\/\"><strong>Fed<\/strong><\/a> influenciam o mercado e <strong>agenda econ\u00f4mica<\/strong>.<\/p>\t<div class=\"wrapper-featured-image\">\n\t\t<figure class=\"spotlightImg\">\n\n\t\t\t<picture>\n\t\t\t\t<source media=\"(max-width: 768px)\" srcset=\"https:\/\/files.sunoresearch.com.br\/n\/uploads\/2018\/12\/f00f723f-ibovespa-400x200.webp\">\n\t\t\t\t<img loading=\"lazy\" decoding=\"async\" class=\"newsContent__article__imgCapa lazyloadDisabled newsContent__article__imgCapa--noCaption\" src=\"https:\/\/files.sunoresearch.com.br\/n\/uploads\/2018\/12\/f00f723f-ibovespa-800x450.webp\" width=\"800\" height=\"450\" alt=\"Ibovespa abre em queda; Guerra comercial e reuni\u00f5es do Copom e Fed no radar\" fetchpriority=high \/>\n\t\t\t<\/picture>\n\n\t\t\t<figcaption class=\"wp-caption-text wp-caption-text--hide\">O Ibovespa encerrou em alta, ampliando os ganhos da \u00faltima ter\u00e7a<\/figcaption>\n\t\t<\/figure>\n\t<\/div>\n\n\n\n<p>Por volta das 10h20, o <strong><a href=\"https:\/\/www.suno.com.br\/artigos\/ibovespa\/\">Ibovespa<\/a><\/strong> operava em queda de 0,62%, chegando a 107.520,97 pontos. O mercado reage de forma mista \u00e0 possibilidade de extens\u00e3o da suspens\u00e3o das tarifas norte-americanas \u00e0 China.<\/p>\n<p>Al\u00e9m disso, segue a possibilidade de mais um corte na <strong>taxa b\u00e1sica de juros<\/strong> no Brasil e nos Estados Unidos durante as reuni\u00f5es das institui\u00e7\u00f5es macroecon\u00f4micas dos pa\u00edses nesta semana.<\/p>\n<h2>Guerra comercial<\/h2>\n<p>O Escrit\u00f3rio do Representante de Com\u00e9rcio dos EUA (USTR) informou, nesta segunda-feira (28), que estuda estender uma suspens\u00e3o de cobran\u00e7a de tarifas sobre US$ 34 bilh\u00f5es em produtos chineses. A suspens\u00e3o tem previs\u00e3o de expirar em 28 de dezembro.<\/p>\n\t<p>\n\t\t<a href=\"https:\/\/lp.statusinvest.com.br\/ao\/assessoria-status-invest\/\" target=\"_blank\" data-element=\"shortcode-suno-banner\" title=\"Banner SUNO, clique e saiba mais\">\n\t\t\t<picture>\n\t\t\t\t<source media=\"(max-width: 500px)\" srcset=\"https:\/\/files.sunoresearch.com.br\/n\/uploads\/2024\/03\/400x300-Mobile.png\">\n\t\t\t\t<img class=\"newsContent__article__imgCapa newsContent__article__imgCapa--banner\"\n\t\t\t\t\tsrc=\"https:\/\/files.sunoresearch.com.br\/n\/uploads\/2024\/03\/1420x240-Desktop.png\"\n\t\t\t\t\tdata-promo-id=\"537248\"\t\t\t\t\t\t\t\t\t\twidth='1400' height='240'\t\t\t\t\talt=\"https:\/\/files.sunoresearch.com.br\/n\/uploads\/2024\/03\/1420x240-Desktop.png\"\n\t\t\t\t>\n\t\t\t<\/picture>\n\t\t<\/a>\n\t<\/p>\n\n\n<p>A principal ag\u00eancia de com\u00e9rcio dos <b>Estados Unidos <\/b>afirmou que receberia coment\u00e1rios sobre a proposta de suspens\u00e3o entre os dias 1 de novembro a 30 de novembro.<\/p>\n<p>Em dezembro de 2018, o <strong>USTR<\/strong> havia declarado que, a pedido de importadores dos <strong>EUA,<\/strong> US$ 34 bilh\u00f5es ficariam isentos de uma tarifa de 25%, que come\u00e7ou a ser imposta em julho de 2018.<\/p>\n<h2>Elei\u00e7\u00f5es gerais<\/h2>\n<p>O Reino Unido se aproxima de elei\u00e7\u00f5es antecipadas at\u00e9 o final deste ano. O objetivo \u00e9 concluir as negocia\u00e7\u00f5es e resolver os entraves referentes ao <strong>Brexit<\/strong>.<\/p>\n<p>O Partido Trabalhista, oposi\u00e7\u00e3o no <strong>Reino Unido<\/strong>, informou que apoiar\u00e1 a proposta do premi\u00ea brit\u00e2nico, <strong>Boris Johnson<\/strong>, do Partido Conservador, que ser\u00e1 apresentada ao Parlamento ainda nesta ter\u00e7a-feira (29).<\/p>\n<p><a href=\"https:\/\/www.suno.com.br\/noticias\/taesa-investimento-bilhao-2019-e-2020\/\">Veja tamb\u00e9m: Taesa prev\u00ea investimento de at\u00e9 R$ 1,8 bi para 2019 e 2020<\/a><\/p>\n<p>Jeremy Corbyn, o l\u00edder do partido opositor, rejeitou na \u00faltima segunda-feira (28) o pedido do governo para antecipar as elei\u00e7\u00f5es. No entanto, na manh\u00e3 desta ter\u00e7a, mudou de posi\u00e7\u00e3o e afirmou, em sua conta pessoal do Twitter, que dever\u00e1 acontecer a elei\u00e7\u00e3o.<\/p>\n<p>A decis\u00e3o de Corbyn abre caminho ao Parlamento para a realiza\u00e7\u00e3o de elei\u00e7\u00f5es gerais. Segundo o jornal &#8220;The Times&#8221; de Londres, o processo eleitoral dever\u00e1 ser realizado em dezembro.<\/p>\n<h2>Copom e Fed<\/h2>\n<p>Na ter\u00e7a, ser\u00e1 iniciada a reuni\u00e3o do <a href=\"https:\/\/www.suno.com.br\/artigos\/copom\/\">Comit\u00ea de Pol\u00edtica Monet\u00e1ria (Copom)<\/a>.\u00a0 Segundo o <strong><a href=\"https:\/\/www.suno.com.br\/artigos\/bacen\/\">Banco Central (BC)<\/a><\/strong>, os economistas das 100 principais institui\u00e7\u00f5es financeiras no <a href=\"https:\/\/www.suno.com.br\/artigos\/relatorio-focus\/\">Boletim Focus<\/a> do Pa\u00eds esperam que a <strong><a href=\"https:\/\/www.suno.com.br\/artigos\/taxa-selic\/\">Selic<\/a><\/strong>, no final do ano, chegue a 4,50%. H\u00e1 quatro semanas, a previs\u00e3o era de 5,0%.<\/p>\n<p><a href=\"https:\/\/www.suno.com.br\/noticias\/classes-a-b-voltam-subir-representam-14-populacao-diz-fgv\/\">Confira: FGV: Classes A e B voltam a subir e representam 14,4% da popula\u00e7\u00e3o<\/a><\/p>\n<p>Al\u00e9m disso, tamb\u00e9m iniciam-se hoje as reuni\u00f5es do <a href=\"https:\/\/www.suno.com.br\/artigos\/fomc\/\">Comit\u00ea Federal de Mercado Aberto (FOMC<\/a>, na sigla em ingl\u00eas). Considerado o \u00f3rg\u00e3o de <a href=\"https:\/\/www.suno.com.br\/artigos\/politica-monetaria\/\">pol\u00edtica monet\u00e1ria<\/a> mais importante do <strong>Federal Reserve (Fed)<\/strong>, o FOMC poder\u00e1 influenciar de forma direta mais uma queda da taxa de juros norte-americana.<\/p>\n<h2>Agenda Econ\u00f4mica<\/h2>\n<p>O ministro da Economia, <a href=\"https:\/\/www.suno.com.br\/tudo-sobre\/paulo-guedes\/\"><strong>Paulo Guedes<\/strong><\/a>, est\u00e1 planejando novas cinco frentes de discuss\u00e3o ap\u00f3s a aprova\u00e7\u00e3o da reforma da Previd\u00eancia. S\u00e3o elas:<\/p>\n<ul>\n<li>Reforma administrativa<\/li>\n<li>Proposta de Emenda \u00e0 Constitu\u00e7\u00e3o (PEC) emergencial<\/li>\n<li>PEC DDD &#8211; desindexar, desvincular e desobrigar gastos do Or\u00e7amento<\/li>\n<li>Pacto Federativo<\/li>\n<li>Programa de ajuda aos Estados<\/li>\n<\/ul>\n<h2>\u00daltima cota\u00e7\u00e3o do Ibovespa<\/h2>\n<p>Na \u00faltima sess\u00e3o, segunda-feira, o<strong> Ibovespa<\/strong> encerrou em alta de 0,77% a 108.187,062 pontos.<\/p>\n","protected":false},"excerpt":{"rendered":"<p>O Ibovespa abriu esta ter\u00e7a-feira (29) em queda. Guerra comercial, elei\u00e7\u00f5es no Reino Unido e reuni\u00f5es de Copom e Fed influenciam o mercado e agenda econ\u00f4mica. O Ibovespa encerrou em alta, ampliando os ganhos da \u00faltima ter\u00e7a Por volta das 10h20, o Ibovespa operava em queda de 0,62%, chegando a 107.520,97 pontos. O mercado reage [&hellip;]<\/p>\n","protected":false},"author":24,"featured_media":7832,"comment_status":"closed","ping_status":"closed","sticky":false,"template":"","format":"standard","meta":[],"categories":[60],"tags":[1104,980,721,730],"suno_strategy":[],"class_list":["post-42765","post","type-post","status-publish","format-standard","has-post-thumbnail","hentry","category-mercado","tag-copom","tag-guerra-comercial","tag-ibovespa","tag-reino-unido"],"yoast_head":"<!-- This site is optimized with the Yoast SEO plugin v24.4 - https:\/\/yoast.com\/wordpress\/plugins\/seo\/ -->\n<title>Ibovespa abre em queda; Guerra comercial, Copom e Fed no radar<\/title>\n<meta name=\"description\" content=\"O Ibovespa abriu esta ter\u00e7a em queda. Guerra comercial, elei\u00e7\u00f5es no Reino Unido e reuni\u00f5es de Copom e Fed influenciam o mercado. Saiba mais.\" \/>\n<meta name=\"robots\" content=\"index, follow, max-snippet:-1, max-image-preview:large, max-video-preview:-1\" \/>\n<link rel=\"canonical\" href=\"https:\/\/www.suno.com.br\/noticias\/ibovespa-queda-guerra-comercial-copom-fed-29102019\/\" \/>\n<meta property=\"og:locale\" content=\"pt_BR\" \/>\n<meta property=\"og:type\" content=\"article\" \/>\n<meta property=\"og:title\" content=\"Ibovespa abre em queda; Guerra comercial, Copom e Fed no radar\" \/>\n<meta property=\"og:description\" content=\"O Ibovespa abriu esta ter\u00e7a em queda. Guerra comercial, elei\u00e7\u00f5es no Reino Unido e reuni\u00f5es de Copom e Fed influenciam o mercado. Saiba mais.\" \/>\n<meta property=\"og:url\" content=\"https:\/\/www.suno.com.br\/noticias\/ibovespa-queda-guerra-comercial-copom-fed-29102019\/\" \/>\n<meta property=\"og:site_name\" content=\"Suno Not\u00edcias\" \/>\n<meta property=\"article:publisher\" content=\"https:\/\/facebook.com\/sunoresearch\" \/>\n<meta property=\"og:image\" content=\"https:\/\/files.sunoresearch.com.br\/n\/uploads\/2018\/12\/f00f723f-ibovespa.jpg\" \/>\n\t<meta property=\"og:image:width\" content=\"960\" \/>\n\t<meta property=\"og:image:height\" content=\"678\" \/>\n\t<meta property=\"og:image:type\" content=\"image\/jpeg\" \/>\n<meta name=\"author\" content=\"Jader Lazarini\" \/>\n<meta name=\"twitter:card\" content=\"summary_large_image\" \/>\n<meta name=\"twitter:creator\" content=\"@sunoresearch\" \/>\n<meta name=\"twitter:site\" content=\"@sunoresearch\" \/>\n<meta name=\"twitter:label1\" content=\"Escrito por\" \/>\n\t<meta name=\"twitter:data1\" content=\"Jader Lazarini\" \/>\n\t<meta name=\"twitter:label2\" content=\"Est. tempo de leitura\" \/>\n\t<meta name=\"twitter:data2\" content=\"3 minutos\" \/>\n<script type=\"application\/ld+json\" class=\"yoast-schema-graph\">{\"@context\":\"https:\/\/schema.org\",\"@graph\":[{\"@type\":\"NewsArticle\",\"@id\":\"https:\/\/www.suno.com.br\/noticias\/ibovespa-queda-guerra-comercial-copom-fed-29102019\/#article\",\"isPartOf\":{\"@id\":\"https:\/\/www.suno.com.br\/noticias\/ibovespa-queda-guerra-comercial-copom-fed-29102019\/\"},\"author\":{\"name\":\"Jader Lazarini\",\"@id\":\"https:\/\/www.suno.com.br\/noticias\/#\/schema\/person\/918d79de1f0281f01599b93f9ea6e23f\"},\"headline\":\"Ibovespa abre em queda; Guerra comercial e reuni\u00f5es do Copom e Fed no radar\",\"datePublished\":\"2019-10-29T13:53:54+00:00\",\"mainEntityOfPage\":{\"@id\":\"https:\/\/www.suno.com.br\/noticias\/ibovespa-queda-guerra-comercial-copom-fed-29102019\/\"},\"wordCount\":568,\"publisher\":{\"@id\":\"https:\/\/www.suno.com.br\/noticias\/#organization\"},\"image\":{\"@id\":\"https:\/\/www.suno.com.br\/noticias\/ibovespa-queda-guerra-comercial-copom-fed-29102019\/#primaryimage\"},\"thumbnailUrl\":\"https:\/\/files.sunoresearch.com.br\/n\/uploads\/2018\/12\/f00f723f-ibovespa-jpg.webp\",\"keywords\":[\"Copom\",\"guerra comercial\",\"Ibovespa\",\"Reino Unido\"],\"articleSection\":[\"Mercado\"],\"inLanguage\":\"pt-BR\"},{\"@type\":\"WebPage\",\"@id\":\"https:\/\/www.suno.com.br\/noticias\/ibovespa-queda-guerra-comercial-copom-fed-29102019\/\",\"url\":\"https:\/\/www.suno.com.br\/noticias\/ibovespa-queda-guerra-comercial-copom-fed-29102019\/\",\"name\":\"Ibovespa abre em queda; Guerra comercial, Copom e Fed no radar\",\"isPartOf\":{\"@id\":\"https:\/\/www.suno.com.br\/noticias\/#website\"},\"primaryImageOfPage\":{\"@id\":\"https:\/\/www.suno.com.br\/noticias\/ibovespa-queda-guerra-comercial-copom-fed-29102019\/#primaryimage\"},\"image\":{\"@id\":\"https:\/\/www.suno.com.br\/noticias\/ibovespa-queda-guerra-comercial-copom-fed-29102019\/#primaryimage\"},\"thumbnailUrl\":\"https:\/\/files.sunoresearch.com.br\/n\/uploads\/2018\/12\/f00f723f-ibovespa-jpg.webp\",\"datePublished\":\"2019-10-29T13:53:54+00:00\",\"description\":\"O Ibovespa abriu esta ter\u00e7a em queda. Guerra comercial, elei\u00e7\u00f5es no Reino Unido e reuni\u00f5es de Copom e Fed influenciam o mercado. Saiba mais.\",\"breadcrumb\":{\"@id\":\"https:\/\/www.suno.com.br\/noticias\/ibovespa-queda-guerra-comercial-copom-fed-29102019\/#breadcrumb\"},\"inLanguage\":\"pt-BR\",\"potentialAction\":[{\"@type\":\"ReadAction\",\"target\":[\"https:\/\/www.suno.com.br\/noticias\/ibovespa-queda-guerra-comercial-copom-fed-29102019\/\"]}]},{\"@type\":\"ImageObject\",\"inLanguage\":\"pt-BR\",\"@id\":\"https:\/\/www.suno.com.br\/noticias\/ibovespa-queda-guerra-comercial-copom-fed-29102019\/#primaryimage\",\"url\":\"https:\/\/files.sunoresearch.com.br\/n\/uploads\/2018\/12\/f00f723f-ibovespa-jpg.webp\",\"contentUrl\":\"https:\/\/files.sunoresearch.com.br\/n\/uploads\/2018\/12\/f00f723f-ibovespa-jpg.webp\",\"width\":960,\"height\":678,\"caption\":\"O Ibovespa encerrou em alta, ampliando os ganhos da \u00faltima ter\u00e7a\"},{\"@type\":\"BreadcrumbList\",\"@id\":\"https:\/\/www.suno.com.br\/noticias\/ibovespa-queda-guerra-comercial-copom-fed-29102019\/#breadcrumb\",\"itemListElement\":[{\"@type\":\"ListItem\",\"position\":1,\"name\":\"Not\u00edcias\",\"item\":\"https:\/\/www.suno.com.br\/noticias\/\"},{\"@type\":\"ListItem\",\"position\":2,\"name\":\"Mercado\",\"item\":\"https:\/\/www.suno.com.br\/noticias\/mercado\/\"},{\"@type\":\"ListItem\",\"position\":3,\"name\":\"Ibovespa abre em queda; Guerra comercial e reuni\u00f5es do Copom e Fed no radar\"}]},{\"@type\":\"WebSite\",\"@id\":\"https:\/\/www.suno.com.br\/noticias\/#website\",\"url\":\"https:\/\/www.suno.com.br\/noticias\/\",\"name\":\"Suno Not\u00edcias\",\"description\":\"Seu portal de informa\u00e7\u00e3o sobre o mundo dos investimentos\",\"publisher\":{\"@id\":\"https:\/\/www.suno.com.br\/noticias\/#organization\"},\"potentialAction\":[{\"@type\":\"SearchAction\",\"target\":{\"@type\":\"EntryPoint\",\"urlTemplate\":\"https:\/\/www.suno.com.br\/noticias\/?s={search_term_string}\"},\"query-input\":{\"@type\":\"PropertyValueSpecification\",\"valueRequired\":true,\"valueName\":\"search_term_string\"}}],\"inLanguage\":\"pt-BR\"},{\"@type\":\"Organization\",\"@id\":\"https:\/\/www.suno.com.br\/noticias\/#organization\",\"name\":\"Suno Not\u00edcias\",\"url\":\"https:\/\/www.suno.com.br\/noticias\/\",\"logo\":{\"@type\":\"ImageObject\",\"inLanguage\":\"pt-BR\",\"@id\":\"https:\/\/www.suno.com.br\/noticias\/#\/schema\/logo\/image\/\",\"url\":\"https:\/\/files.sunoresearch.com.br\/n\/uploads\/2021\/09\/suno-logo.png\",\"contentUrl\":\"https:\/\/files.sunoresearch.com.br\/n\/uploads\/2021\/09\/suno-logo.png\",\"width\":180,\"height\":180,\"caption\":\"Suno Not\u00edcias\"},\"image\":{\"@id\":\"https:\/\/www.suno.com.br\/noticias\/#\/schema\/logo\/image\/\"},\"sameAs\":[\"https:\/\/facebook.com\/sunoresearch\",\"https:\/\/x.com\/sunoresearch\",\"https:\/\/www.instagram.com\/suno\",\"https:\/\/www.linkedin.com\/company\/suno-research\/\",\"https:\/\/www.youtube.com\/c\/sunoresearch\"]},{\"@type\":\"Person\",\"@id\":\"https:\/\/www.suno.com.br\/noticias\/#\/schema\/person\/918d79de1f0281f01599b93f9ea6e23f\",\"name\":\"Jader Lazarini\",\"image\":{\"@type\":\"ImageObject\",\"inLanguage\":\"pt-BR\",\"@id\":\"https:\/\/www.suno.com.br\/noticias\/#\/schema\/person\/image\/\",\"url\":\"https:\/\/secure.gravatar.com\/avatar\/3c1ad8caa51589841baeb923fcddea97?s=96&r=g\",\"contentUrl\":\"https:\/\/secure.gravatar.com\/avatar\/3c1ad8caa51589841baeb923fcddea97?s=96&r=g\",\"caption\":\"Jader Lazarini\"},\"description\":\"Jader Lazarini escreve sobre investimentos, finan\u00e7as, economia e neg\u00f3cios. \u00c9 bacharel em Rela\u00e7\u00f5es Internacionais e analista CNPI (2619).\",\"url\":\"https:\/\/www.suno.com.br\/noticias\/author\/jader-lazarini\/\"}]}<\/script>\n<!-- \/ Yoast SEO plugin. -->","yoast_head_json":{"title":"Ibovespa abre em queda; Guerra comercial, Copom e Fed no radar","description":"O Ibovespa abriu esta ter\u00e7a em queda. Guerra comercial, elei\u00e7\u00f5es no Reino Unido e reuni\u00f5es de Copom e Fed influenciam o mercado. Saiba mais.","robots":{"index":"index","follow":"follow","max-snippet":"max-snippet:-1","max-image-preview":"max-image-preview:large","max-video-preview":"max-video-preview:-1"},"canonical":"https:\/\/www.suno.com.br\/noticias\/ibovespa-queda-guerra-comercial-copom-fed-29102019\/","og_locale":"pt_BR","og_type":"article","og_title":"Ibovespa abre em queda; Guerra comercial, Copom e Fed no radar","og_description":"O Ibovespa abriu esta ter\u00e7a em queda. Guerra comercial, elei\u00e7\u00f5es no Reino Unido e reuni\u00f5es de Copom e Fed influenciam o mercado. Saiba mais.","og_url":"https:\/\/www.suno.com.br\/noticias\/ibovespa-queda-guerra-comercial-copom-fed-29102019\/","og_site_name":"Suno Not\u00edcias","article_publisher":"https:\/\/facebook.com\/sunoresearch","og_image":[{"width":960,"height":678,"url":"https:\/\/files.sunoresearch.com.br\/n\/uploads\/2018\/12\/f00f723f-ibovespa.jpg","type":"image\/jpeg"}],"author":"Jader Lazarini","twitter_card":"summary_large_image","twitter_creator":"@sunoresearch","twitter_site":"@sunoresearch","twitter_misc":{"Escrito por":"Jader Lazarini","Est. tempo de leitura":"3 minutos"},"schema":{"@context":"https:\/\/schema.org","@graph":[{"@type":"NewsArticle","@id":"https:\/\/www.suno.com.br\/noticias\/ibovespa-queda-guerra-comercial-copom-fed-29102019\/#article","isPartOf":{"@id":"https:\/\/www.suno.com.br\/noticias\/ibovespa-queda-guerra-comercial-copom-fed-29102019\/"},"author":{"name":"Jader Lazarini","@id":"https:\/\/www.suno.com.br\/noticias\/#\/schema\/person\/918d79de1f0281f01599b93f9ea6e23f"},"headline":"Ibovespa abre em queda; Guerra comercial e reuni\u00f5es do Copom e Fed no radar","datePublished":"2019-10-29T13:53:54+00:00","mainEntityOfPage":{"@id":"https:\/\/www.suno.com.br\/noticias\/ibovespa-queda-guerra-comercial-copom-fed-29102019\/"},"wordCount":568,"publisher":{"@id":"https:\/\/www.suno.com.br\/noticias\/#organization"},"image":{"@id":"https:\/\/www.suno.com.br\/noticias\/ibovespa-queda-guerra-comercial-copom-fed-29102019\/#primaryimage"},"thumbnailUrl":"https:\/\/files.sunoresearch.com.br\/n\/uploads\/2018\/12\/f00f723f-ibovespa-jpg.webp","keywords":["Copom","guerra comercial","Ibovespa","Reino Unido"],"articleSection":["Mercado"],"inLanguage":"pt-BR"},{"@type":"WebPage","@id":"https:\/\/www.suno.com.br\/noticias\/ibovespa-queda-guerra-comercial-copom-fed-29102019\/","url":"https:\/\/www.suno.com.br\/noticias\/ibovespa-queda-guerra-comercial-copom-fed-29102019\/","name":"Ibovespa abre em queda; Guerra comercial, Copom e Fed no radar","isPartOf":{"@id":"https:\/\/www.suno.com.br\/noticias\/#website"},"primaryImageOfPage":{"@id":"https:\/\/www.suno.com.br\/noticias\/ibovespa-queda-guerra-comercial-copom-fed-29102019\/#primaryimage"},"image":{"@id":"https:\/\/www.suno.com.br\/noticias\/ibovespa-queda-guerra-comercial-copom-fed-29102019\/#primaryimage"},"thumbnailUrl":"https:\/\/files.sunoresearch.com.br\/n\/uploads\/2018\/12\/f00f723f-ibovespa-jpg.webp","datePublished":"2019-10-29T13:53:54+00:00","description":"O Ibovespa abriu esta ter\u00e7a em queda. Guerra comercial, elei\u00e7\u00f5es no Reino Unido e reuni\u00f5es de Copom e Fed influenciam o mercado. Saiba mais.","breadcrumb":{"@id":"https:\/\/www.suno.com.br\/noticias\/ibovespa-queda-guerra-comercial-copom-fed-29102019\/#breadcrumb"},"inLanguage":"pt-BR","potentialAction":[{"@type":"ReadAction","target":["https:\/\/www.suno.com.br\/noticias\/ibovespa-queda-guerra-comercial-copom-fed-29102019\/"]}]},{"@type":"ImageObject","inLanguage":"pt-BR","@id":"https:\/\/www.suno.com.br\/noticias\/ibovespa-queda-guerra-comercial-copom-fed-29102019\/#primaryimage","url":"https:\/\/files.sunoresearch.com.br\/n\/uploads\/2018\/12\/f00f723f-ibovespa-jpg.webp","contentUrl":"https:\/\/files.sunoresearch.com.br\/n\/uploads\/2018\/12\/f00f723f-ibovespa-jpg.webp","width":960,"height":678,"caption":"O Ibovespa encerrou em alta, ampliando os ganhos da \u00faltima ter\u00e7a"},{"@type":"BreadcrumbList","@id":"https:\/\/www.suno.com.br\/noticias\/ibovespa-queda-guerra-comercial-copom-fed-29102019\/#breadcrumb","itemListElement":[{"@type":"ListItem","position":1,"name":"Not\u00edcias","item":"https:\/\/www.suno.com.br\/noticias\/"},{"@type":"ListItem","position":2,"name":"Mercado","item":"https:\/\/www.suno.com.br\/noticias\/mercado\/"},{"@type":"ListItem","position":3,"name":"Ibovespa abre em queda; Guerra comercial e reuni\u00f5es do Copom e Fed no radar"}]},{"@type":"WebSite","@id":"https:\/\/www.suno.com.br\/noticias\/#website","url":"https:\/\/www.suno.com.br\/noticias\/","name":"Suno Not\u00edcias","description":"Seu portal de informa\u00e7\u00e3o sobre o mundo dos investimentos","publisher":{"@id":"https:\/\/www.suno.com.br\/noticias\/#organization"},"potentialAction":[{"@type":"SearchAction","target":{"@type":"EntryPoint","urlTemplate":"https:\/\/www.suno.com.br\/noticias\/?s={search_term_string}"},"query-input":{"@type":"PropertyValueSpecification","valueRequired":true,"valueName":"search_term_string"}}],"inLanguage":"pt-BR"},{"@type":"Organization","@id":"https:\/\/www.suno.com.br\/noticias\/#organization","name":"Suno Not\u00edcias","url":"https:\/\/www.suno.com.br\/noticias\/","logo":{"@type":"ImageObject","inLanguage":"pt-BR","@id":"https:\/\/www.suno.com.br\/noticias\/#\/schema\/logo\/image\/","url":"https:\/\/files.sunoresearch.com.br\/n\/uploads\/2021\/09\/suno-logo.png","contentUrl":"https:\/\/files.sunoresearch.com.br\/n\/uploads\/2021\/09\/suno-logo.png","width":180,"height":180,"caption":"Suno Not\u00edcias"},"image":{"@id":"https:\/\/www.suno.com.br\/noticias\/#\/schema\/logo\/image\/"},"sameAs":["https:\/\/facebook.com\/sunoresearch","https:\/\/x.com\/sunoresearch","https:\/\/www.instagram.com\/suno","https:\/\/www.linkedin.com\/company\/suno-research\/","https:\/\/www.youtube.com\/c\/sunoresearch"]},{"@type":"Person","@id":"https:\/\/www.suno.com.br\/noticias\/#\/schema\/person\/918d79de1f0281f01599b93f9ea6e23f","name":"Jader Lazarini","image":{"@type":"ImageObject","inLanguage":"pt-BR","@id":"https:\/\/www.suno.com.br\/noticias\/#\/schema\/person\/image\/","url":"https:\/\/secure.gravatar.com\/avatar\/3c1ad8caa51589841baeb923fcddea97?s=96&r=g","contentUrl":"https:\/\/secure.gravatar.com\/avatar\/3c1ad8caa51589841baeb923fcddea97?s=96&r=g","caption":"Jader Lazarini"},"description":"Jader Lazarini escreve sobre investimentos, finan\u00e7as, economia e neg\u00f3cios. \u00c9 bacharel em Rela\u00e7\u00f5es Internacionais e analista CNPI (2619).","url":"https:\/\/www.suno.com.br\/noticias\/author\/jader-lazarini\/"}]}},"default_loop_html":"<div class=\"cardsPage__listCard__boxs\"><div class=\"cardsPage__listCard__boxs__img\"><a href=\"https:\/\/www.suno.com.br\/noticias\/ibovespa-queda-guerra-comercial-copom-fed-29102019\/\"><img class=\"mask\" src=\"https:\/\/www.suno.com.br\/noticias\/wp-content\/themes\/suno\/resources\/images\/spotlight\/spotlight1img\/bg-mask.png\" alt=\"Image Mask\"\/><img src=\"https:\/\/files.sunoresearch.com.br\/n\/uploads\/2018\/12\/f00f723f-ibovespa-400x200.webp\" alt=\"Ibovespa abre em queda; Guerra comercial e reuni\u00f5es do Copom e Fed no radar\"\/><\/a><span class=\"spotlightCategory\"><a href=\"https:\/\/www.suno.com.br\/noticias\/mercado\/\">Mercado<\/a><\/span><\/div><div class=\"cardsPage__listCard__boxs__content\"><a href=\"https:\/\/www.suno.com.br\/noticias\/ibovespa-queda-guerra-comercial-copom-fed-29102019\/\"><h2 class=\"content__title\">Ibovespa abre em queda; Guerra comercial e reuni\u00f5es do Copom e Fed no radar<\/h2><\/a><div class=\"newsContent__article__meta\"><div class=\"newsContent__article__meta__authorBox\"><a href=\"https:\/\/www.suno.com.br\/noticias\/author\/jader-lazarini\/\" class=\"authorBox__avatar noMobi\"><img src=\"https:\/\/files.sunoresearch.com.br\/n\/uploads\/2021\/01\/178e6598-foto-perfil-2-150x150.jpg\" alt=\"Jader Lazarini\"><\/a><div class=\"authorBox__name\"><span>por\n\t\t\t<a href=\"https:\/\/www.suno.com.br\/noticias\/author\/jader-lazarini\/\"><span itemprop=\"author\">Jader Lazarini<\/span><\/a><\/span><time datetime=\"2019-10-29T11:53:54-03:00\" itemprop=\"datePublished\">29\/10\/2019 11:53<\/time><\/div><\/div><\/div><\/div><\/div>","single_layout":"posts","amp_enabled":true,"_links":{"self":[{"href":"https:\/\/www.suno.com.br\/noticias\/wp-json\/wp\/v2\/posts\/42765"}],"collection":[{"href":"https:\/\/www.suno.com.br\/noticias\/wp-json\/wp\/v2\/posts"}],"about":[{"href":"https:\/\/www.suno.com.br\/noticias\/wp-json\/wp\/v2\/types\/post"}],"author":[{"embeddable":true,"href":"https:\/\/www.suno.com.br\/noticias\/wp-json\/wp\/v2\/users\/24"}],"replies":[{"embeddable":true,"href":"https:\/\/www.suno.com.br\/noticias\/wp-json\/wp\/v2\/comments?post=42765"}],"version-history":[{"count":0,"href":"https:\/\/www.suno.com.br\/noticias\/wp-json\/wp\/v2\/posts\/42765\/revisions"}],"wp:featuredmedia":[{"embeddable":true,"href":"https:\/\/www.suno.com.br\/noticias\/wp-json\/wp\/v2\/media\/7832"}],"wp:attachment":[{"href":"https:\/\/www.suno.com.br\/noticias\/wp-json\/wp\/v2\/media?parent=42765"}],"wp:term":[{"taxonomy":"category","embeddable":true,"href":"https:\/\/www.suno.com.br\/noticias\/wp-json\/wp\/v2\/categories?post=42765"},{"taxonomy":"post_tag","embeddable":true,"href":"https:\/\/www.suno.com.br\/noticias\/wp-json\/wp\/v2\/tags?post=42765"},{"taxonomy":"suno_strategy","embeddable":true,"href":"https:\/\/www.suno.com.br\/noticias\/wp-json\/wp\/v2\/suno_strategy?post=42765"}],"curies":[{"name":"wp","href":"https:\/\/api.w.org\/{rel}","templated":true}]}}