{"id":427443,"date":"2023-07-11T08:10:34","date_gmt":"2023-07-11T11:10:34","guid":{"rendered":"https:\/\/www.suno.com.br\/noticias\/?p=427443"},"modified":"2023-07-11T13:59:44","modified_gmt":"2023-07-11T16:59:44","slug":"nubank-nubr33-bdrs-descontinuidade-acionistas-evm","status":"publish","type":"post","link":"https:\/\/www.suno.com.br\/noticias\/nubank-nubr33-bdrs-descontinuidade-acionistas-evm\/","title":{"rendered":"Nubank (NUBR33) j\u00e1 tem data para acionistas se manifestarem sobre plano de descontinuidade"},"content":{"rendered":"<p>O <strong>Nubank<\/strong> (<a href=\"https:\/\/www.suno.com.br\/bdrs\/nubr33\/\" target=\"_blank\" rel=\"noreferrer noopener\">NUBR33<\/a>) informou que os detentores de BDRs devem se manifestar entre 13 de julho a 11 de agosto sobre seu plano de descontinuidade.<\/p>\t<div class=\"wrapper-featured-image\">\n\t\t<figure class=\"spotlightImg\">\n\n\t\t\t<picture>\n\t\t\t\t<source media=\"(max-width: 768px)\" srcset=\"https:\/\/files.sunoresearch.com.br\/n\/uploads\/2023\/01\/nubank-nubr33-cartao-adicional-foto-divulgacao-400x200.jpg\">\n\t\t\t\t<img loading=\"lazy\" decoding=\"async\" class=\"newsContent__article__imgCapa lazyloadDisabled \" src=\"https:\/\/files.sunoresearch.com.br\/n\/uploads\/2023\/01\/nubank-nubr33-cartao-adicional-foto-divulgacao-800x450.jpg\" width=\"800\" height=\"450\" alt=\"Nubank (NUBR33) j\u00e1 tem data para acionistas se manifestarem sobre plano de descontinuidade\" fetchpriority=high \/>\n\t\t\t<\/picture>\n\n\t\t\t<figcaption class=\"wp-caption-text wp-caption-text--show\">Nubank (ROXO34). Foto: Divulga\u00e7\u00e3o<\/figcaption>\n\t\t<\/figure>\n\t<\/div>\n\n\n\n\n\n\t<p>\n\t\t<a href=\"\" target=\"_blank\" data-element=\"shortcode-suno-banner\" title=\"Banner SUNO, clique e saiba mais\">\n\t\t\t<picture>\n\t\t\t\t<source media=\"(max-width: 500px)\" srcset=\"\">\n\t\t\t\t<img class=\"newsContent__article__imgCapa newsContent__article__imgCapa--banner\"\n\t\t\t\t\tsrc=\"\"\n\t\t\t\t\tdata-promo-id=\"265278\"\t\t\t\t\t\t\t\t\t\t\t\t\t\t\talt=\"\"\n\t\t\t\t>\n\t\t\t<\/picture>\n\t\t<\/a>\n\t<\/p>\n\n\n\n\n\n\n\n<p>Segundo o Nubank, o programa inclui os <strong>detentores de BDRs<\/strong> que adquiriram os ativos via programa <a href=\"https:\/\/www.suno.com.br\/noticias\/imposto-renda-declarar-pedacionho-nubank\/\">NuS\u00f3cios, ganhando um &#8216;pedacinho&#8217;<\/a>.<\/p>\n\n\n\n<p>As op\u00e7\u00f5es na mesa s\u00e3o:<\/p>\n\n\n\n<ul class=\"wp-block-list\">\n<li>Manter-se como acionista da companhia, mediante o recebimento, no exterior, de a\u00e7\u00f5es ordin\u00e1rias classe A, na propor\u00e7\u00e3o de seis BDRs N\u00edvel III para cada uma a\u00e7\u00e3o ordin\u00e1ria classe A<\/li>\n\n\n\n<li>Manter-se como detentor de BDRs da companhia mediante o recebimento de BDRs N\u00edvel I N\u00e3o Patrocinados, na propor\u00e7\u00e3o de um BDR N\u00edvel III para cada um BDR N\u00edvel I<\/li>\n\n\n\n<li>Venda dos BDRs<\/li>\n<\/ul>\n\n\n\n<p>Conforme o regramento atual, caso n\u00e3o seja feita qualquer manifesta\u00e7\u00e3o durante os 30 dias, ser\u00e1 realizada a venda da totalidade das a\u00e7\u00f5es que servem de lastro de seus <strong>BDRs do Nubank<\/strong>.<\/p>\n\n\n\n<p>O plano de descontinuidade havia sido comunicado pelo Nubank em meados de abril e aprovado pela Comiss\u00e3o de Valores Mobili\u00e1rios (CVM) em junho.<\/p>\n\n\n\n<p>A <strong>aprova\u00e7\u00e3o da CVM<\/strong> conforme decis\u00e3o tomada nesta quarta-feira (28), em reuni\u00e3o realizada pelo colegiado, permite que os <strong>BDRs do Nubank <\/strong>deixem de ser negociados na Bolsa de Valores brasileira no n\u00edvel III, passando para o I. Vale destacar que a empresa continua com suas a\u00e7\u00f5es sendo negociadas na <a href=\"https:\/\/www.suno.com.br\/artigos\/nyse\/\" target=\"_blank\" rel=\"noreferrer noopener\">bolsa de Nova York<\/a>.<\/p>\n\n\n\n<p>Em nota o Nubank refor\u00e7a: &#8220;O plano de reestrutura\u00e7\u00e3o foi concebido para garantir que os BDRs continuem a ser listados e negociados na Bolsa de Valores Brasileira (B3), mas mudem seu N\u00edvel de III para I, o que proporciona uma maior efici\u00eancia de custos.&#8221;<\/p>\n\n\n\n<p>Acrescenta: &#8220;O Nubank anunciou em setembro de 2022 planos para reestruturar seu programa de Brazilian Depositary Receipt (BDR) no Brasil, a fim de buscar maior efici\u00eancia e continuar a construir valor de longo prazo para investidores e clientes.&#8221;<\/p>\n\n\n\t<p>\n\t\t<a href=\"https:\/\/lp.suno.com.br\/ebook-gratuito-investindo-no-exterior\/\" target=\"_blank\" data-element=\"shortcode-suno-banner\" title=\"Banner SUNO, clique e saiba mais\">\n\t\t\t<picture>\n\t\t\t\t<source media=\"(max-width: 500px)\" srcset=\"https:\/\/files.sunoresearch.com.br\/n\/uploads\/2023\/03\/400x300-Investindo-no-exterior.png\">\n\t\t\t\t<img class=\"newsContent__article__imgCapa newsContent__article__imgCapa--banner\"\n\t\t\t\t\tsrc=\"https:\/\/files.sunoresearch.com.br\/n\/uploads\/2023\/03\/1420x240-Investindo-no-exterior.png\"\n\t\t\t\t\tdata-promo-id=\"383161\"\t\t\t\t\t\t\t\t\t\twidth='1420' height='240'\t\t\t\t\talt=\"https:\/\/files.sunoresearch.com.br\/n\/uploads\/2023\/03\/1420x240-Investindo-no-exterior.png\"\n\t\t\t\t>\n\t\t\t<\/picture>\n\t\t<\/a>\n\t<\/p>\n\n\n\n\n\n<p>O <strong>programa BDR do Nubank<\/strong> foi lan\u00e7ado durante o IPO do Nubank no final de 2021 &#8220;para permitir que os brasileiros se tornassem investidores no mercado local. Tamb\u00e9m possibilitou a cria\u00e7\u00e3o do NuS\u00f3cios, iniciativa de inclus\u00e3o financeira pela qual o Nubank concedeu aos clientes um &#8216;pedacinho&#8217; (um BDR) gratuito e ofereceu um programa tamb\u00e9m gratuito de educa\u00e7\u00e3o financeira, democratizando o acesso a investimentos na Bolsa de Valores no Brasil e fomentando conhecimento sobre o tema.&#8221;<\/p>\n\n\n\n<h2 class=\"wp-block-heading\">Nubank tira d\u00favidas aos investidores<\/h2>\n\n\n\n<p>O Nubank enviou uma nota com outras d\u00favidas frequentes e respostas sobre o programa de BDRs:<br><br>&#8220;<strong>O que s\u00e3o BDRs N\u00edvel I n\u00e3o patrocinados?<\/strong><\/p>\n\n\n\n<p>O BDR N\u00edvel I n\u00e3o patrocinado foi criado pela CVM e pela B3 para disponibilizar ao mercado um instrumento que possibilite aos brasileiros investirem em companhias estrangeiras no mercado local, permitindo que institui\u00e7\u00f5es terceiras estabele\u00e7am um programa de BDR, sem a obrigatoriedade de envolvimento direto do emissor. S\u00e3o mais de 800 programas BDR I n\u00e3o patrocinados listados na B3, entre eles de empresas como Google, Apple e Disney.<\/p>\n\n\n\n<p><strong>Por que os BDRs do Nubank v\u00e3o ser institu\u00eddos por outra institui\u00e7\u00e3o financeira?<\/strong><\/p>\n\n\n\n<p>Ap\u00f3s o Nubank ter manifestado a inten\u00e7\u00e3o de reestruturar o <strong>programa de BDRs<\/strong>, o Banco Bradesco S.A., atual deposit\u00e1rio dos BDRs N\u00edvel III, manifestou interesse em se tornar o instituidor do programa de BDR N\u00edvel I n\u00e3o patrocinado e \u200b\u200bem realizar os procedimentos para sua listagem no mercado local. Essa altera\u00e7\u00e3o do n\u00edvel do programa de BDRs n\u00e3o causa nenhuma mudan\u00e7a significativa para os investidores em compara\u00e7\u00e3o com o programa de BDR N\u00edvel III. O Bradesco \u00e9 a maior institui\u00e7\u00e3o deposit\u00e1ria do Brasil, de acordo com a Anbima.<\/p>\n\n\n\n<p><strong>Os investidores precisam tomar alguma atitude neste momento?<\/strong><\/p>\n\n\n\n<p>O Nubank notificar\u00e1 todos os investidores para que fa\u00e7am sua escolha em breve e n\u00e3o h\u00e1 necessidade de a\u00e7\u00e3o imediata neste momento.<\/p>\n\n\n\n<p><strong>Qual a propor\u00e7\u00e3o de BDRs sobre o total de a\u00e7\u00f5es emitidas, e como esse programa vai impactar o Nubank?&#8221;<\/strong><\/p>\n\n\n\n<p>&#8220;A maioria das a\u00e7\u00f5es do Nu s\u00e3o negociadas na NYSE, o que garante acesso ao maior mercado de capitais do mundo. A propor\u00e7\u00e3o atual de BDRs sobre o total de a\u00e7\u00f5es emitidas \u00e9 inferior a 0,5%. Embora a flutua\u00e7\u00e3o do BDR seja relativamente pequena em compara\u00e7\u00e3o com o capital total, estamos confiantes de que h\u00e1 um crescente interesse do mercado local em investir em BDRs do Nu, conforme indicado recentemente por analistas de pesquisa independentes.&#8221;<\/p>\n\n\n\t<p>\n\t\t<a href=\"https:\/\/lp.suno.com.br\/suno-one\/?utm_campaign=_SNC6964518A_\" target=\"_blank\" data-element=\"shortcode-suno-banner\" title=\"Banner SUNO, clique e saiba mais\">\n\t\t\t<picture>\n\t\t\t\t<source media=\"(max-width: 500px)\" srcset=\"https:\/\/files.sunoresearch.com.br\/n\/uploads\/2025\/09\/400x300-Suno-One-png.webp\">\n\t\t\t\t<img class=\"newsContent__article__imgCapa newsContent__article__imgCapa--banner\"\n\t\t\t\t\tsrc=\"https:\/\/files.sunoresearch.com.br\/n\/uploads\/2025\/09\/1420x240-Suno-One-png.webp\"\n\t\t\t\t\tdata-promo-id=\"383121\"\t\t\t\t\t\t\t\t\t\twidth='1420' height='240'\t\t\t\t\talt=\"https:\/\/files.sunoresearch.com.br\/n\/uploads\/2025\/09\/1420x240-Suno-One-png.webp\"\n\t\t\t\t>\n\t\t\t<\/picture>\n\t\t<\/a>\n\t<\/p>\n\n\n","protected":false},"excerpt":{"rendered":"<p>O Nubank (NUBR33) informou que os detentores de BDRs devem se manifestar entre 13 de julho a 11 de agosto sobre seu plano de descontinuidade. Nubank (ROXO34). Foto: Divulga\u00e7\u00e3o Segundo o Nubank, o programa inclui os detentores de BDRs que adquiriram os ativos via programa NuS\u00f3cios, ganhando um &#8216;pedacinho&#8217;. As op\u00e7\u00f5es na mesa s\u00e3o: Conforme [&hellip;]<\/p>\n","protected":false},"author":73,"featured_media":349138,"comment_status":"closed","ping_status":"closed","sticky":false,"template":"","format":"standard","meta":[],"categories":[64],"tags":[848],"suno_strategy":[],"class_list":["post-427443","post","type-post","status-publish","format-standard","has-post-thumbnail","hentry","category-negocios","tag-nubank"],"yoast_head":"<!-- This site is optimized with the Yoast SEO plugin v24.4 - https:\/\/yoast.com\/wordpress\/plugins\/seo\/ -->\n<title>Nubank (NUBR33): Acionistas devem se manifestar sobre descontinuidade<\/title>\n<meta name=\"description\" content=\"Segundo o Nubank, o programa inclui os detentores de BDRs que adquiriram os ativos via programa NuS\u00f3cios, ganhando um &#039;pedacinho&#039;\" \/>\n<meta name=\"robots\" content=\"index, follow, max-snippet:-1, max-image-preview:large, max-video-preview:-1\" \/>\n<link rel=\"canonical\" href=\"https:\/\/www.suno.com.br\/noticias\/nubank-nubr33-bdrs-descontinuidade-acionistas-evm\/\" \/>\n<meta property=\"og:locale\" content=\"pt_BR\" \/>\n<meta property=\"og:type\" content=\"article\" \/>\n<meta property=\"og:title\" content=\"Nubank (NUBR33): Acionistas devem se manifestar sobre descontinuidade\" \/>\n<meta property=\"og:description\" content=\"Segundo o Nubank, o programa inclui os detentores de BDRs que adquiriram os ativos via programa NuS\u00f3cios, ganhando um &#039;pedacinho&#039;\" \/>\n<meta property=\"og:url\" content=\"https:\/\/www.suno.com.br\/noticias\/nubank-nubr33-bdrs-descontinuidade-acionistas-evm\/\" \/>\n<meta property=\"og:site_name\" content=\"Suno Not\u00edcias\" \/>\n<meta property=\"article:publisher\" content=\"https:\/\/facebook.com\/sunoresearch\" \/>\n<meta property=\"og:image\" content=\"https:\/\/files.sunoresearch.com.br\/n\/uploads\/2023\/01\/nubank-nubr33-cartao-adicional-foto-divulgacao.jpg\" \/>\n\t<meta property=\"og:image:width\" content=\"1200\" \/>\n\t<meta property=\"og:image:height\" content=\"675\" \/>\n\t<meta property=\"og:image:type\" content=\"image\/jpeg\" \/>\n<meta name=\"author\" content=\"Eduardo Vargas\" \/>\n<meta name=\"twitter:card\" content=\"summary_large_image\" \/>\n<meta name=\"twitter:creator\" content=\"@sunoresearch\" \/>\n<meta name=\"twitter:site\" content=\"@sunoresearch\" \/>\n<meta name=\"twitter:label1\" content=\"Escrito por\" \/>\n\t<meta name=\"twitter:data1\" content=\"Eduardo Vargas\" \/>\n\t<meta name=\"twitter:label2\" content=\"Est. tempo de leitura\" \/>\n\t<meta name=\"twitter:data2\" content=\"4 minutos\" \/>\n<script type=\"application\/ld+json\" class=\"yoast-schema-graph\">{\"@context\":\"https:\/\/schema.org\",\"@graph\":[{\"@type\":\"NewsArticle\",\"@id\":\"https:\/\/www.suno.com.br\/noticias\/nubank-nubr33-bdrs-descontinuidade-acionistas-evm\/#article\",\"isPartOf\":{\"@id\":\"https:\/\/www.suno.com.br\/noticias\/nubank-nubr33-bdrs-descontinuidade-acionistas-evm\/\"},\"author\":{\"name\":\"Eduardo Vargas\",\"@id\":\"https:\/\/www.suno.com.br\/noticias\/#\/schema\/person\/7f4d362bf3518e76090143ae77bb49a5\"},\"headline\":\"Nubank (NUBR33) j\u00e1 tem data para acionistas se manifestarem sobre plano de descontinuidade\",\"datePublished\":\"2023-07-11T11:10:34+00:00\",\"dateModified\":\"2023-07-11T16:59:44+00:00\",\"mainEntityOfPage\":{\"@id\":\"https:\/\/www.suno.com.br\/noticias\/nubank-nubr33-bdrs-descontinuidade-acionistas-evm\/\"},\"wordCount\":785,\"publisher\":{\"@id\":\"https:\/\/www.suno.com.br\/noticias\/#organization\"},\"image\":{\"@id\":\"https:\/\/www.suno.com.br\/noticias\/nubank-nubr33-bdrs-descontinuidade-acionistas-evm\/#primaryimage\"},\"thumbnailUrl\":\"https:\/\/files.sunoresearch.com.br\/n\/uploads\/2023\/01\/nubank-nubr33-cartao-adicional-foto-divulgacao.jpg\",\"keywords\":[\"Nubank (NUBR33)\"],\"articleSection\":[\"Neg\u00f3cios\"],\"inLanguage\":\"pt-BR\"},{\"@type\":\"WebPage\",\"@id\":\"https:\/\/www.suno.com.br\/noticias\/nubank-nubr33-bdrs-descontinuidade-acionistas-evm\/\",\"url\":\"https:\/\/www.suno.com.br\/noticias\/nubank-nubr33-bdrs-descontinuidade-acionistas-evm\/\",\"name\":\"Nubank (NUBR33): Acionistas devem se manifestar sobre descontinuidade\",\"isPartOf\":{\"@id\":\"https:\/\/www.suno.com.br\/noticias\/#website\"},\"primaryImageOfPage\":{\"@id\":\"https:\/\/www.suno.com.br\/noticias\/nubank-nubr33-bdrs-descontinuidade-acionistas-evm\/#primaryimage\"},\"image\":{\"@id\":\"https:\/\/www.suno.com.br\/noticias\/nubank-nubr33-bdrs-descontinuidade-acionistas-evm\/#primaryimage\"},\"thumbnailUrl\":\"https:\/\/files.sunoresearch.com.br\/n\/uploads\/2023\/01\/nubank-nubr33-cartao-adicional-foto-divulgacao.jpg\",\"datePublished\":\"2023-07-11T11:10:34+00:00\",\"dateModified\":\"2023-07-11T16:59:44+00:00\",\"description\":\"Segundo o Nubank, o programa inclui os detentores de BDRs que adquiriram os ativos via programa NuS\u00f3cios, ganhando um 'pedacinho'\",\"breadcrumb\":{\"@id\":\"https:\/\/www.suno.com.br\/noticias\/nubank-nubr33-bdrs-descontinuidade-acionistas-evm\/#breadcrumb\"},\"inLanguage\":\"pt-BR\",\"potentialAction\":[{\"@type\":\"ReadAction\",\"target\":[\"https:\/\/www.suno.com.br\/noticias\/nubank-nubr33-bdrs-descontinuidade-acionistas-evm\/\"]}]},{\"@type\":\"ImageObject\",\"inLanguage\":\"pt-BR\",\"@id\":\"https:\/\/www.suno.com.br\/noticias\/nubank-nubr33-bdrs-descontinuidade-acionistas-evm\/#primaryimage\",\"url\":\"https:\/\/files.sunoresearch.com.br\/n\/uploads\/2023\/01\/nubank-nubr33-cartao-adicional-foto-divulgacao.jpg\",\"contentUrl\":\"https:\/\/files.sunoresearch.com.br\/n\/uploads\/2023\/01\/nubank-nubr33-cartao-adicional-foto-divulgacao.jpg\",\"width\":1200,\"height\":675,\"caption\":\"Nubank (ROXO34). Foto: Divulga\u00e7\u00e3o\"},{\"@type\":\"BreadcrumbList\",\"@id\":\"https:\/\/www.suno.com.br\/noticias\/nubank-nubr33-bdrs-descontinuidade-acionistas-evm\/#breadcrumb\",\"itemListElement\":[{\"@type\":\"ListItem\",\"position\":1,\"name\":\"Not\u00edcias\",\"item\":\"https:\/\/www.suno.com.br\/noticias\/\"},{\"@type\":\"ListItem\",\"position\":2,\"name\":\"Neg\u00f3cios\",\"item\":\"https:\/\/www.suno.com.br\/noticias\/negocios\/\"},{\"@type\":\"ListItem\",\"position\":3,\"name\":\"Nubank (NUBR33) j\u00e1 tem data para acionistas se manifestarem sobre plano de descontinuidade\"}]},{\"@type\":\"WebSite\",\"@id\":\"https:\/\/www.suno.com.br\/noticias\/#website\",\"url\":\"https:\/\/www.suno.com.br\/noticias\/\",\"name\":\"Suno Not\u00edcias\",\"description\":\"Seu portal de informa\u00e7\u00e3o sobre o mundo dos investimentos\",\"publisher\":{\"@id\":\"https:\/\/www.suno.com.br\/noticias\/#organization\"},\"potentialAction\":[{\"@type\":\"SearchAction\",\"target\":{\"@type\":\"EntryPoint\",\"urlTemplate\":\"https:\/\/www.suno.com.br\/noticias\/?s={search_term_string}\"},\"query-input\":{\"@type\":\"PropertyValueSpecification\",\"valueRequired\":true,\"valueName\":\"search_term_string\"}}],\"inLanguage\":\"pt-BR\"},{\"@type\":\"Organization\",\"@id\":\"https:\/\/www.suno.com.br\/noticias\/#organization\",\"name\":\"Suno Not\u00edcias\",\"url\":\"https:\/\/www.suno.com.br\/noticias\/\",\"logo\":{\"@type\":\"ImageObject\",\"inLanguage\":\"pt-BR\",\"@id\":\"https:\/\/www.suno.com.br\/noticias\/#\/schema\/logo\/image\/\",\"url\":\"https:\/\/files.sunoresearch.com.br\/n\/uploads\/2021\/09\/suno-logo.png\",\"contentUrl\":\"https:\/\/files.sunoresearch.com.br\/n\/uploads\/2021\/09\/suno-logo.png\",\"width\":180,\"height\":180,\"caption\":\"Suno Not\u00edcias\"},\"image\":{\"@id\":\"https:\/\/www.suno.com.br\/noticias\/#\/schema\/logo\/image\/\"},\"sameAs\":[\"https:\/\/facebook.com\/sunoresearch\",\"https:\/\/x.com\/sunoresearch\",\"https:\/\/www.instagram.com\/suno\",\"https:\/\/www.linkedin.com\/company\/suno-research\/\",\"https:\/\/www.youtube.com\/c\/sunoresearch\"]},{\"@type\":\"Person\",\"@id\":\"https:\/\/www.suno.com.br\/noticias\/#\/schema\/person\/7f4d362bf3518e76090143ae77bb49a5\",\"name\":\"Eduardo Vargas\",\"image\":{\"@type\":\"ImageObject\",\"inLanguage\":\"pt-BR\",\"@id\":\"https:\/\/www.suno.com.br\/noticias\/#\/schema\/person\/image\/\",\"url\":\"https:\/\/secure.gravatar.com\/avatar\/dac340933427a22924c9f99d1eb2e3f2?s=96&r=g\",\"contentUrl\":\"https:\/\/secure.gravatar.com\/avatar\/dac340933427a22924c9f99d1eb2e3f2?s=96&r=g\",\"caption\":\"Eduardo Vargas\"},\"description\":\"Jornalista formado pela UFSC, cobre macroeconomia, neg\u00f3cios e startups para o Suno Not\u00edcias, escrevendo principalmente not\u00edcias sobre o mercado financeiro e a bolsa de valores. No YouTube e no Instagram, \u00e9 respons\u00e1vel pela produ\u00e7\u00e3o de Reels e Shorts do Suno Not\u00edcias. Anteriormente, trabalhou cobrindo economia e cotidiano no ND+ e para o ND, maior jornal impresso de Santa Catarina. Cursou um semestre letivo de Estudos de M\u00eddia na Universidad de Buenos Aires.\",\"url\":\"https:\/\/www.suno.com.br\/noticias\/author\/eduardo-vargas\/\"}]}<\/script>\n<!-- \/ Yoast SEO plugin. -->","yoast_head_json":{"title":"Nubank (NUBR33): Acionistas devem se manifestar sobre descontinuidade","description":"Segundo o Nubank, o programa inclui os detentores de BDRs que adquiriram os ativos via programa NuS\u00f3cios, ganhando um 'pedacinho'","robots":{"index":"index","follow":"follow","max-snippet":"max-snippet:-1","max-image-preview":"max-image-preview:large","max-video-preview":"max-video-preview:-1"},"canonical":"https:\/\/www.suno.com.br\/noticias\/nubank-nubr33-bdrs-descontinuidade-acionistas-evm\/","og_locale":"pt_BR","og_type":"article","og_title":"Nubank (NUBR33): Acionistas devem se manifestar sobre descontinuidade","og_description":"Segundo o Nubank, o programa inclui os detentores de BDRs que adquiriram os ativos via programa NuS\u00f3cios, ganhando um 'pedacinho'","og_url":"https:\/\/www.suno.com.br\/noticias\/nubank-nubr33-bdrs-descontinuidade-acionistas-evm\/","og_site_name":"Suno Not\u00edcias","article_publisher":"https:\/\/facebook.com\/sunoresearch","og_image":[{"width":1200,"height":675,"url":"https:\/\/files.sunoresearch.com.br\/n\/uploads\/2023\/01\/nubank-nubr33-cartao-adicional-foto-divulgacao.jpg","type":"image\/jpeg"}],"author":"Eduardo Vargas","twitter_card":"summary_large_image","twitter_creator":"@sunoresearch","twitter_site":"@sunoresearch","twitter_misc":{"Escrito por":"Eduardo Vargas","Est. tempo de leitura":"4 minutos"},"schema":{"@context":"https:\/\/schema.org","@graph":[{"@type":"NewsArticle","@id":"https:\/\/www.suno.com.br\/noticias\/nubank-nubr33-bdrs-descontinuidade-acionistas-evm\/#article","isPartOf":{"@id":"https:\/\/www.suno.com.br\/noticias\/nubank-nubr33-bdrs-descontinuidade-acionistas-evm\/"},"author":{"name":"Eduardo Vargas","@id":"https:\/\/www.suno.com.br\/noticias\/#\/schema\/person\/7f4d362bf3518e76090143ae77bb49a5"},"headline":"Nubank (NUBR33) j\u00e1 tem data para acionistas se manifestarem sobre plano de descontinuidade","datePublished":"2023-07-11T11:10:34+00:00","dateModified":"2023-07-11T16:59:44+00:00","mainEntityOfPage":{"@id":"https:\/\/www.suno.com.br\/noticias\/nubank-nubr33-bdrs-descontinuidade-acionistas-evm\/"},"wordCount":785,"publisher":{"@id":"https:\/\/www.suno.com.br\/noticias\/#organization"},"image":{"@id":"https:\/\/www.suno.com.br\/noticias\/nubank-nubr33-bdrs-descontinuidade-acionistas-evm\/#primaryimage"},"thumbnailUrl":"https:\/\/files.sunoresearch.com.br\/n\/uploads\/2023\/01\/nubank-nubr33-cartao-adicional-foto-divulgacao.jpg","keywords":["Nubank (NUBR33)"],"articleSection":["Neg\u00f3cios"],"inLanguage":"pt-BR"},{"@type":"WebPage","@id":"https:\/\/www.suno.com.br\/noticias\/nubank-nubr33-bdrs-descontinuidade-acionistas-evm\/","url":"https:\/\/www.suno.com.br\/noticias\/nubank-nubr33-bdrs-descontinuidade-acionistas-evm\/","name":"Nubank (NUBR33): Acionistas devem se manifestar sobre descontinuidade","isPartOf":{"@id":"https:\/\/www.suno.com.br\/noticias\/#website"},"primaryImageOfPage":{"@id":"https:\/\/www.suno.com.br\/noticias\/nubank-nubr33-bdrs-descontinuidade-acionistas-evm\/#primaryimage"},"image":{"@id":"https:\/\/www.suno.com.br\/noticias\/nubank-nubr33-bdrs-descontinuidade-acionistas-evm\/#primaryimage"},"thumbnailUrl":"https:\/\/files.sunoresearch.com.br\/n\/uploads\/2023\/01\/nubank-nubr33-cartao-adicional-foto-divulgacao.jpg","datePublished":"2023-07-11T11:10:34+00:00","dateModified":"2023-07-11T16:59:44+00:00","description":"Segundo o Nubank, o programa inclui os detentores de BDRs que adquiriram os ativos via programa NuS\u00f3cios, ganhando um 'pedacinho'","breadcrumb":{"@id":"https:\/\/www.suno.com.br\/noticias\/nubank-nubr33-bdrs-descontinuidade-acionistas-evm\/#breadcrumb"},"inLanguage":"pt-BR","potentialAction":[{"@type":"ReadAction","target":["https:\/\/www.suno.com.br\/noticias\/nubank-nubr33-bdrs-descontinuidade-acionistas-evm\/"]}]},{"@type":"ImageObject","inLanguage":"pt-BR","@id":"https:\/\/www.suno.com.br\/noticias\/nubank-nubr33-bdrs-descontinuidade-acionistas-evm\/#primaryimage","url":"https:\/\/files.sunoresearch.com.br\/n\/uploads\/2023\/01\/nubank-nubr33-cartao-adicional-foto-divulgacao.jpg","contentUrl":"https:\/\/files.sunoresearch.com.br\/n\/uploads\/2023\/01\/nubank-nubr33-cartao-adicional-foto-divulgacao.jpg","width":1200,"height":675,"caption":"Nubank (ROXO34). Foto: Divulga\u00e7\u00e3o"},{"@type":"BreadcrumbList","@id":"https:\/\/www.suno.com.br\/noticias\/nubank-nubr33-bdrs-descontinuidade-acionistas-evm\/#breadcrumb","itemListElement":[{"@type":"ListItem","position":1,"name":"Not\u00edcias","item":"https:\/\/www.suno.com.br\/noticias\/"},{"@type":"ListItem","position":2,"name":"Neg\u00f3cios","item":"https:\/\/www.suno.com.br\/noticias\/negocios\/"},{"@type":"ListItem","position":3,"name":"Nubank (NUBR33) j\u00e1 tem data para acionistas se manifestarem sobre plano de descontinuidade"}]},{"@type":"WebSite","@id":"https:\/\/www.suno.com.br\/noticias\/#website","url":"https:\/\/www.suno.com.br\/noticias\/","name":"Suno Not\u00edcias","description":"Seu portal de informa\u00e7\u00e3o sobre o mundo dos investimentos","publisher":{"@id":"https:\/\/www.suno.com.br\/noticias\/#organization"},"potentialAction":[{"@type":"SearchAction","target":{"@type":"EntryPoint","urlTemplate":"https:\/\/www.suno.com.br\/noticias\/?s={search_term_string}"},"query-input":{"@type":"PropertyValueSpecification","valueRequired":true,"valueName":"search_term_string"}}],"inLanguage":"pt-BR"},{"@type":"Organization","@id":"https:\/\/www.suno.com.br\/noticias\/#organization","name":"Suno Not\u00edcias","url":"https:\/\/www.suno.com.br\/noticias\/","logo":{"@type":"ImageObject","inLanguage":"pt-BR","@id":"https:\/\/www.suno.com.br\/noticias\/#\/schema\/logo\/image\/","url":"https:\/\/files.sunoresearch.com.br\/n\/uploads\/2021\/09\/suno-logo.png","contentUrl":"https:\/\/files.sunoresearch.com.br\/n\/uploads\/2021\/09\/suno-logo.png","width":180,"height":180,"caption":"Suno Not\u00edcias"},"image":{"@id":"https:\/\/www.suno.com.br\/noticias\/#\/schema\/logo\/image\/"},"sameAs":["https:\/\/facebook.com\/sunoresearch","https:\/\/x.com\/sunoresearch","https:\/\/www.instagram.com\/suno","https:\/\/www.linkedin.com\/company\/suno-research\/","https:\/\/www.youtube.com\/c\/sunoresearch"]},{"@type":"Person","@id":"https:\/\/www.suno.com.br\/noticias\/#\/schema\/person\/7f4d362bf3518e76090143ae77bb49a5","name":"Eduardo Vargas","image":{"@type":"ImageObject","inLanguage":"pt-BR","@id":"https:\/\/www.suno.com.br\/noticias\/#\/schema\/person\/image\/","url":"https:\/\/secure.gravatar.com\/avatar\/dac340933427a22924c9f99d1eb2e3f2?s=96&r=g","contentUrl":"https:\/\/secure.gravatar.com\/avatar\/dac340933427a22924c9f99d1eb2e3f2?s=96&r=g","caption":"Eduardo Vargas"},"description":"Jornalista formado pela UFSC, cobre macroeconomia, neg\u00f3cios e startups para o Suno Not\u00edcias, escrevendo principalmente not\u00edcias sobre o mercado financeiro e a bolsa de valores. No YouTube e no Instagram, \u00e9 respons\u00e1vel pela produ\u00e7\u00e3o de Reels e Shorts do Suno Not\u00edcias. Anteriormente, trabalhou cobrindo economia e cotidiano no ND+ e para o ND, maior jornal impresso de Santa Catarina. Cursou um semestre letivo de Estudos de M\u00eddia na Universidad de Buenos Aires.","url":"https:\/\/www.suno.com.br\/noticias\/author\/eduardo-vargas\/"}]}},"default_loop_html":"<div class=\"cardsPage__listCard__boxs\"><div class=\"cardsPage__listCard__boxs__img\"><a href=\"https:\/\/www.suno.com.br\/noticias\/nubank-nubr33-bdrs-descontinuidade-acionistas-evm\/\"><img class=\"mask\" src=\"https:\/\/www.suno.com.br\/noticias\/wp-content\/themes\/suno\/resources\/images\/spotlight\/spotlight1img\/bg-mask.png\" alt=\"Image Mask\"\/><img src=\"https:\/\/files.sunoresearch.com.br\/n\/uploads\/2023\/01\/nubank-nubr33-cartao-adicional-foto-divulgacao-400x200.jpg\" alt=\"Nubank (NUBR33) j\u00e1 tem data para acionistas se manifestarem sobre plano de descontinuidade\"\/><\/a><span class=\"spotlightCategory\"><a href=\"https:\/\/www.suno.com.br\/noticias\/negocios\/\">Neg\u00f3cios<\/a><\/span><\/div><div class=\"cardsPage__listCard__boxs__content\"><a href=\"https:\/\/www.suno.com.br\/noticias\/nubank-nubr33-bdrs-descontinuidade-acionistas-evm\/\"><h2 class=\"content__title\">Nubank (NUBR33) j\u00e1 tem data para acionistas se manifestarem sobre plano de descontinuidade<\/h2><\/a><div class=\"newsContent__article__meta\"><div class=\"newsContent__article__meta__authorBox\"><a href=\"https:\/\/www.suno.com.br\/noticias\/author\/eduardo-vargas\/\" class=\"authorBox__avatar noMobi\"><img src=\"https:\/\/secure.gravatar.com\/avatar\/dac340933427a22924c9f99d1eb2e3f2?s=96&#038;r=g\" alt=\"Eduardo Vargas\"><\/a><div class=\"authorBox__name\"><span>por\n\t\t\t<a href=\"https:\/\/www.suno.com.br\/noticias\/author\/eduardo-vargas\/\"><span itemprop=\"author\">Eduardo Vargas<\/span><\/a><\/span><time datetime=\"2023-07-11T08:10:34-03:00\" itemprop=\"datePublished\">11\/07\/2023 08:10<\/time><\/div><\/div><\/div><\/div><\/div>","single_layout":"posts","amp_enabled":true,"_links":{"self":[{"href":"https:\/\/www.suno.com.br\/noticias\/wp-json\/wp\/v2\/posts\/427443"}],"collection":[{"href":"https:\/\/www.suno.com.br\/noticias\/wp-json\/wp\/v2\/posts"}],"about":[{"href":"https:\/\/www.suno.com.br\/noticias\/wp-json\/wp\/v2\/types\/post"}],"author":[{"embeddable":true,"href":"https:\/\/www.suno.com.br\/noticias\/wp-json\/wp\/v2\/users\/73"}],"replies":[{"embeddable":true,"href":"https:\/\/www.suno.com.br\/noticias\/wp-json\/wp\/v2\/comments?post=427443"}],"version-history":[{"count":3,"href":"https:\/\/www.suno.com.br\/noticias\/wp-json\/wp\/v2\/posts\/427443\/revisions"}],"predecessor-version":[{"id":427603,"href":"https:\/\/www.suno.com.br\/noticias\/wp-json\/wp\/v2\/posts\/427443\/revisions\/427603"}],"wp:featuredmedia":[{"embeddable":true,"href":"https:\/\/www.suno.com.br\/noticias\/wp-json\/wp\/v2\/media\/349138"}],"wp:attachment":[{"href":"https:\/\/www.suno.com.br\/noticias\/wp-json\/wp\/v2\/media?parent=427443"}],"wp:term":[{"taxonomy":"category","embeddable":true,"href":"https:\/\/www.suno.com.br\/noticias\/wp-json\/wp\/v2\/categories?post=427443"},{"taxonomy":"post_tag","embeddable":true,"href":"https:\/\/www.suno.com.br\/noticias\/wp-json\/wp\/v2\/tags?post=427443"},{"taxonomy":"suno_strategy","embeddable":true,"href":"https:\/\/www.suno.com.br\/noticias\/wp-json\/wp\/v2\/suno_strategy?post=427443"}],"curies":[{"name":"wp","href":"https:\/\/api.w.org\/{rel}","templated":true}]}}