{"id":427434,"date":"2023-07-11T07:44:41","date_gmt":"2023-07-11T10:44:41","guid":{"rendered":"https:\/\/www.suno.com.br\/noticias\/?p=427434"},"modified":"2023-07-11T07:44:45","modified_gmt":"2023-07-11T10:44:45","slug":"ipc-fipe-quadrissemana-julho-sao-paulo-sp-evm","status":"publish","type":"post","link":"https:\/\/www.suno.com.br\/noticias\/ipc-fipe-quadrissemana-julho-sao-paulo-sp-evm\/","title":{"rendered":"IPC-Fipe: Infla\u00e7\u00e3o em S\u00e3o Paulo cai 0,02% na 1\u00aa quadrissemana de julho"},"content":{"rendered":"<p>O <a href=\"https:\/\/www.suno.com.br\/noticias\/ipc-fipe-inflacao-sao-paulo\/\" target=\"_blank\" rel=\"noreferrer noopener\">\u00cdndice de Pre\u00e7os ao Consumidor (IPC)<\/a>, que mede a infla\u00e7\u00e3o na cidade de S\u00e3o Paulo, caiu 0,02% na primeira quadrissemana de julho, quase n\u00e3o se alterando em rela\u00e7\u00e3o ao decl\u00ednio de 0,03% observado no fechamento de junho, segundo dados publicados nesta ter\u00e7a (11) pela Funda\u00e7\u00e3o Instituto de Pesquisas Econ\u00f4micas (Fipe).<\/p>\t<div class=\"wrapper-featured-image\">\n\t\t<figure class=\"spotlightImg\">\n\n\t\t\t<picture>\n\t\t\t\t<source media=\"(max-width: 768px)\" srcset=\"https:\/\/files.sunoresearch.com.br\/n\/uploads\/2023\/05\/inflacao-ipca-400x200.jpg\">\n\t\t\t\t<img loading=\"lazy\" decoding=\"async\" class=\"newsContent__article__imgCapa lazyloadDisabled \" src=\"https:\/\/files.sunoresearch.com.br\/n\/uploads\/2023\/05\/inflacao-ipca-800x450.jpg\" width=\"800\" height=\"450\" alt=\"IPC-Fipe: Infla\u00e7\u00e3o em S\u00e3o Paulo cai 0,02% na 1\u00aa quadrissemana de julho\" fetchpriority=high \/>\n\t\t\t<\/picture>\n\n\t\t\t<figcaption class=\"wp-caption-text wp-caption-text--show\">Boletim Focus. Foto: iStock<\/figcaption>\n\t\t<\/figure>\n\t<\/div>\n\n\n\n\n\n\t<p>\n\t\t<a href=\"https:\/\/lp.suno.com.br\/planilha-da-vida-financeira\/\" target=\"_blank\" data-element=\"shortcode-suno-banner\" title=\"Banner SUNO, clique e saiba mais\">\n\t\t\t<picture>\n\t\t\t\t<source media=\"(max-width: 500px)\" srcset=\"https:\/\/files.sunoresearch.com.br\/n\/uploads\/2023\/04\/400x300-Planilha-vida-financeira-true.png\">\n\t\t\t\t<img class=\"newsContent__article__imgCapa newsContent__article__imgCapa--banner\"\n\t\t\t\t\tsrc=\"https:\/\/files.sunoresearch.com.br\/n\/uploads\/2023\/04\/1420x240-Planilha-vida-financeira-true.png\"\n\t\t\t\t\tdata-promo-id=\"106682\"\t\t\t\t\t\t\t\t\t\twidth='1420' height='240'\t\t\t\t\talt=\"https:\/\/files.sunoresearch.com.br\/n\/uploads\/2023\/04\/1420x240-Planilha-vida-financeira-true.png\"\n\t\t\t\t>\n\t\t\t<\/picture>\n\t\t<\/a>\n\t<\/p>\n\n\n\n\n\n\n\n<p>Na leitura inicial deste m\u00eas, tr\u00eas dos sete componentes do IPC-Fipe ganharam for\u00e7a ou recuaram em ritmo mais contido: Habita\u00e7\u00e3o (de 0,26% em junho a 0,31% na primeira quadrissemana de julho), Alimenta\u00e7\u00e3o (de -0,80% a -0,71%) e Transportes (de -0,25% a -0,09%).<\/p>\n\n\n\n<p>Por outro lado, houve desacelera\u00e7\u00e3o de junho para o come\u00e7o de julho nas categorias Despesas Pessoais (de 0,51% a 0,28%), Sa\u00fade (de 0,43% a 0,40%), Vestu\u00e1rio (de 0,32% a 0,19%) e Educa\u00e7\u00e3o (de 0,14% a 0,01%).<\/p>\n\n\n\n<h2 class=\"wp-block-heading\">Veja abaixo como ficaram os componentes do IPC-Fipe na primeira quadrissemana de julho:<\/h2>\n\n\n\n<ul class=\"wp-block-list\">\n<li><b>&#8211; Habita\u00e7\u00e3o: 0,31%<\/b><\/li>\n\n\n\n<li>&#8211; Alimenta\u00e7\u00e3o: -0,71%<\/li>\n\n\n\n<li>&#8211; Transportes: -0,09%<\/li>\n\n\n\n<li>&#8211; Despesas Pessoais: 0,28%<\/li>\n\n\n\n<li>&#8211; Sa\u00fade: 0,40%<\/li>\n\n\n\n<li>&#8211; Vestu\u00e1rio: 0,19%<\/li>\n\n\n\n<li>&#8211; Educa\u00e7\u00e3o: 0,01%<\/li>\n\n\n\n<li><b>&#8211; \u00cdndice Geral: -0,02%<\/b><\/li>\n<\/ul>\n\n\n\n<p>Com Estad\u00e3o Conte\u00fado<\/p>\n\n\n\t<p>\n\t\t<a href=\"https:\/\/lp.suno.com.br\/ebook-como-analisar-uma-acao\/\" target=\"_blank\" data-element=\"shortcode-suno-banner\" title=\"Banner SUNO, clique e saiba mais\">\n\t\t\t<picture>\n\t\t\t\t<source media=\"(max-width: 500px)\" srcset=\"https:\/\/files.sunoresearch.com.br\/n\/uploads\/2023\/03\/Ebook-Acoes-Mobile.jpg\">\n\t\t\t\t<img class=\"newsContent__article__imgCapa newsContent__article__imgCapa--banner\"\n\t\t\t\t\tsrc=\"https:\/\/files.sunoresearch.com.br\/n\/uploads\/2023\/03\/Ebook-Acoes-Desktop.jpg\"\n\t\t\t\t\tdata-promo-id=\"378302\"\t\t\t\t\t\t\t\t\t\twidth='1420' height='286'\t\t\t\t\talt=\"https:\/\/files.sunoresearch.com.br\/n\/uploads\/2023\/03\/Ebook-Acoes-Desktop.jpg\"\n\t\t\t\t>\n\t\t\t<\/picture>\n\t\t<\/a>\n\t<\/p>\n\n\n","protected":false},"excerpt":{"rendered":"<p>O \u00cdndice de Pre\u00e7os ao Consumidor (IPC), que mede a infla\u00e7\u00e3o na cidade de S\u00e3o Paulo, caiu 0,02% na primeira quadrissemana de julho, quase n\u00e3o se alterando em rela\u00e7\u00e3o ao decl\u00ednio de 0,03% observado no fechamento de junho, segundo dados publicados nesta ter\u00e7a (11) pela Funda\u00e7\u00e3o Instituto de Pesquisas Econ\u00f4micas (Fipe). Boletim Focus. Foto: iStock [&hellip;]<\/p>\n","protected":false},"author":73,"featured_media":408707,"comment_status":"closed","ping_status":"closed","sticky":false,"template":"","format":"standard","meta":[],"categories":[62],"tags":[106444,1223],"suno_strategy":[],"class_list":["post-427434","post","type-post","status-publish","format-standard","has-post-thumbnail","hentry","category-economia","tag-agencias","tag-ipc-fipe"],"yoast_head":"<!-- This site is optimized with the Yoast SEO plugin v24.4 - https:\/\/yoast.com\/wordpress\/plugins\/seo\/ -->\n<title>IPC-Fipe: Infla\u00e7\u00e3o em S\u00e3o Paulo cai 0,02% na 1\u00aa quadrissemana de julho<\/title>\n<meta name=\"description\" content=\"Na leitura inicial deste m\u00eas, tr\u00eas dos sete componentes do IPC-Fipe ganharam for\u00e7a ou recuaram em ritmo mais contido\" \/>\n<meta name=\"robots\" content=\"index, follow, max-snippet:-1, max-image-preview:large, max-video-preview:-1\" \/>\n<link rel=\"canonical\" href=\"https:\/\/www.suno.com.br\/noticias\/ipc-fipe-quadrissemana-julho-sao-paulo-sp-evm\/\" \/>\n<meta property=\"og:locale\" content=\"pt_BR\" \/>\n<meta property=\"og:type\" content=\"article\" \/>\n<meta property=\"og:title\" content=\"IPC-Fipe: Infla\u00e7\u00e3o em S\u00e3o Paulo cai 0,02% na 1\u00aa quadrissemana de julho\" \/>\n<meta property=\"og:description\" content=\"Na leitura inicial deste m\u00eas, tr\u00eas dos sete componentes do IPC-Fipe ganharam for\u00e7a ou recuaram em ritmo mais contido\" \/>\n<meta property=\"og:url\" content=\"https:\/\/www.suno.com.br\/noticias\/ipc-fipe-quadrissemana-julho-sao-paulo-sp-evm\/\" \/>\n<meta property=\"og:site_name\" content=\"Suno Not\u00edcias\" \/>\n<meta property=\"article:publisher\" content=\"https:\/\/facebook.com\/sunoresearch\" \/>\n<meta property=\"og:image\" content=\"https:\/\/files.sunoresearch.com.br\/n\/uploads\/2023\/05\/inflacao-ipca.jpg\" \/>\n\t<meta property=\"og:image:width\" content=\"1200\" \/>\n\t<meta property=\"og:image:height\" content=\"800\" \/>\n\t<meta property=\"og:image:type\" content=\"image\/jpeg\" \/>\n<meta name=\"author\" content=\"Eduardo Vargas\" \/>\n<meta name=\"twitter:card\" content=\"summary_large_image\" \/>\n<meta name=\"twitter:creator\" content=\"@sunoresearch\" \/>\n<meta name=\"twitter:site\" content=\"@sunoresearch\" \/>\n<meta name=\"twitter:label1\" content=\"Escrito por\" \/>\n\t<meta name=\"twitter:data1\" content=\"Eduardo Vargas\" \/>\n\t<meta name=\"twitter:label2\" content=\"Est. tempo de leitura\" \/>\n\t<meta name=\"twitter:data2\" content=\"1 minuto\" \/>\n<script type=\"application\/ld+json\" class=\"yoast-schema-graph\">{\"@context\":\"https:\/\/schema.org\",\"@graph\":[{\"@type\":\"NewsArticle\",\"@id\":\"https:\/\/www.suno.com.br\/noticias\/ipc-fipe-quadrissemana-julho-sao-paulo-sp-evm\/#article\",\"isPartOf\":{\"@id\":\"https:\/\/www.suno.com.br\/noticias\/ipc-fipe-quadrissemana-julho-sao-paulo-sp-evm\/\"},\"author\":{\"name\":\"Eduardo Vargas\",\"@id\":\"https:\/\/www.suno.com.br\/noticias\/#\/schema\/person\/7f4d362bf3518e76090143ae77bb49a5\"},\"headline\":\"IPC-Fipe: Infla\u00e7\u00e3o em S\u00e3o Paulo cai 0,02% na 1\u00aa quadrissemana de julho\",\"datePublished\":\"2023-07-11T10:44:41+00:00\",\"dateModified\":\"2023-07-11T10:44:45+00:00\",\"mainEntityOfPage\":{\"@id\":\"https:\/\/www.suno.com.br\/noticias\/ipc-fipe-quadrissemana-julho-sao-paulo-sp-evm\/\"},\"wordCount\":197,\"publisher\":{\"@id\":\"https:\/\/www.suno.com.br\/noticias\/#organization\"},\"image\":{\"@id\":\"https:\/\/www.suno.com.br\/noticias\/ipc-fipe-quadrissemana-julho-sao-paulo-sp-evm\/#primaryimage\"},\"thumbnailUrl\":\"https:\/\/files.sunoresearch.com.br\/n\/uploads\/2023\/05\/inflacao-ipca.jpg\",\"keywords\":[\"Ag\u00eancias\",\"IPC-Fipe\"],\"articleSection\":[\"Economia\"],\"inLanguage\":\"pt-BR\"},{\"@type\":\"WebPage\",\"@id\":\"https:\/\/www.suno.com.br\/noticias\/ipc-fipe-quadrissemana-julho-sao-paulo-sp-evm\/\",\"url\":\"https:\/\/www.suno.com.br\/noticias\/ipc-fipe-quadrissemana-julho-sao-paulo-sp-evm\/\",\"name\":\"IPC-Fipe: Infla\u00e7\u00e3o em S\u00e3o Paulo cai 0,02% na 1\u00aa quadrissemana de julho\",\"isPartOf\":{\"@id\":\"https:\/\/www.suno.com.br\/noticias\/#website\"},\"primaryImageOfPage\":{\"@id\":\"https:\/\/www.suno.com.br\/noticias\/ipc-fipe-quadrissemana-julho-sao-paulo-sp-evm\/#primaryimage\"},\"image\":{\"@id\":\"https:\/\/www.suno.com.br\/noticias\/ipc-fipe-quadrissemana-julho-sao-paulo-sp-evm\/#primaryimage\"},\"thumbnailUrl\":\"https:\/\/files.sunoresearch.com.br\/n\/uploads\/2023\/05\/inflacao-ipca.jpg\",\"datePublished\":\"2023-07-11T10:44:41+00:00\",\"dateModified\":\"2023-07-11T10:44:45+00:00\",\"description\":\"Na leitura inicial deste m\u00eas, tr\u00eas dos sete componentes do IPC-Fipe ganharam for\u00e7a ou recuaram em ritmo mais contido\",\"breadcrumb\":{\"@id\":\"https:\/\/www.suno.com.br\/noticias\/ipc-fipe-quadrissemana-julho-sao-paulo-sp-evm\/#breadcrumb\"},\"inLanguage\":\"pt-BR\",\"potentialAction\":[{\"@type\":\"ReadAction\",\"target\":[\"https:\/\/www.suno.com.br\/noticias\/ipc-fipe-quadrissemana-julho-sao-paulo-sp-evm\/\"]}]},{\"@type\":\"ImageObject\",\"inLanguage\":\"pt-BR\",\"@id\":\"https:\/\/www.suno.com.br\/noticias\/ipc-fipe-quadrissemana-julho-sao-paulo-sp-evm\/#primaryimage\",\"url\":\"https:\/\/files.sunoresearch.com.br\/n\/uploads\/2023\/05\/inflacao-ipca.jpg\",\"contentUrl\":\"https:\/\/files.sunoresearch.com.br\/n\/uploads\/2023\/05\/inflacao-ipca.jpg\",\"width\":1200,\"height\":800,\"caption\":\"Boletim Focus. Foto: iStock\"},{\"@type\":\"BreadcrumbList\",\"@id\":\"https:\/\/www.suno.com.br\/noticias\/ipc-fipe-quadrissemana-julho-sao-paulo-sp-evm\/#breadcrumb\",\"itemListElement\":[{\"@type\":\"ListItem\",\"position\":1,\"name\":\"Not\u00edcias\",\"item\":\"https:\/\/www.suno.com.br\/noticias\/\"},{\"@type\":\"ListItem\",\"position\":2,\"name\":\"Economia\",\"item\":\"https:\/\/www.suno.com.br\/noticias\/economia\/\"},{\"@type\":\"ListItem\",\"position\":3,\"name\":\"IPC-Fipe: Infla\u00e7\u00e3o em S\u00e3o Paulo cai 0,02% na 1\u00aa quadrissemana de julho\"}]},{\"@type\":\"WebSite\",\"@id\":\"https:\/\/www.suno.com.br\/noticias\/#website\",\"url\":\"https:\/\/www.suno.com.br\/noticias\/\",\"name\":\"Suno Not\u00edcias\",\"description\":\"Seu portal de informa\u00e7\u00e3o sobre o mundo dos investimentos\",\"publisher\":{\"@id\":\"https:\/\/www.suno.com.br\/noticias\/#organization\"},\"potentialAction\":[{\"@type\":\"SearchAction\",\"target\":{\"@type\":\"EntryPoint\",\"urlTemplate\":\"https:\/\/www.suno.com.br\/noticias\/?s={search_term_string}\"},\"query-input\":{\"@type\":\"PropertyValueSpecification\",\"valueRequired\":true,\"valueName\":\"search_term_string\"}}],\"inLanguage\":\"pt-BR\"},{\"@type\":\"Organization\",\"@id\":\"https:\/\/www.suno.com.br\/noticias\/#organization\",\"name\":\"Suno Not\u00edcias\",\"url\":\"https:\/\/www.suno.com.br\/noticias\/\",\"logo\":{\"@type\":\"ImageObject\",\"inLanguage\":\"pt-BR\",\"@id\":\"https:\/\/www.suno.com.br\/noticias\/#\/schema\/logo\/image\/\",\"url\":\"https:\/\/files.sunoresearch.com.br\/n\/uploads\/2021\/09\/suno-logo.png\",\"contentUrl\":\"https:\/\/files.sunoresearch.com.br\/n\/uploads\/2021\/09\/suno-logo.png\",\"width\":180,\"height\":180,\"caption\":\"Suno Not\u00edcias\"},\"image\":{\"@id\":\"https:\/\/www.suno.com.br\/noticias\/#\/schema\/logo\/image\/\"},\"sameAs\":[\"https:\/\/facebook.com\/sunoresearch\",\"https:\/\/x.com\/sunoresearch\",\"https:\/\/www.instagram.com\/suno\",\"https:\/\/www.linkedin.com\/company\/suno-research\/\",\"https:\/\/www.youtube.com\/c\/sunoresearch\"]},{\"@type\":\"Person\",\"@id\":\"https:\/\/www.suno.com.br\/noticias\/#\/schema\/person\/7f4d362bf3518e76090143ae77bb49a5\",\"name\":\"Eduardo Vargas\",\"image\":{\"@type\":\"ImageObject\",\"inLanguage\":\"pt-BR\",\"@id\":\"https:\/\/www.suno.com.br\/noticias\/#\/schema\/person\/image\/\",\"url\":\"https:\/\/secure.gravatar.com\/avatar\/dac340933427a22924c9f99d1eb2e3f2?s=96&r=g\",\"contentUrl\":\"https:\/\/secure.gravatar.com\/avatar\/dac340933427a22924c9f99d1eb2e3f2?s=96&r=g\",\"caption\":\"Eduardo Vargas\"},\"description\":\"Jornalista formado pela UFSC, cobre macroeconomia, neg\u00f3cios e startups para o Suno Not\u00edcias, escrevendo principalmente not\u00edcias sobre o mercado financeiro e a bolsa de valores. No YouTube e no Instagram, \u00e9 respons\u00e1vel pela produ\u00e7\u00e3o de Reels e Shorts do Suno Not\u00edcias. Anteriormente, trabalhou cobrindo economia e cotidiano no ND+ e para o ND, maior jornal impresso de Santa Catarina. Cursou um semestre letivo de Estudos de M\u00eddia na Universidad de Buenos Aires.\",\"url\":\"https:\/\/www.suno.com.br\/noticias\/author\/eduardo-vargas\/\"}]}<\/script>\n<!-- \/ Yoast SEO plugin. -->","yoast_head_json":{"title":"IPC-Fipe: Infla\u00e7\u00e3o em S\u00e3o Paulo cai 0,02% na 1\u00aa quadrissemana de julho","description":"Na leitura inicial deste m\u00eas, tr\u00eas dos sete componentes do IPC-Fipe ganharam for\u00e7a ou recuaram em ritmo mais contido","robots":{"index":"index","follow":"follow","max-snippet":"max-snippet:-1","max-image-preview":"max-image-preview:large","max-video-preview":"max-video-preview:-1"},"canonical":"https:\/\/www.suno.com.br\/noticias\/ipc-fipe-quadrissemana-julho-sao-paulo-sp-evm\/","og_locale":"pt_BR","og_type":"article","og_title":"IPC-Fipe: Infla\u00e7\u00e3o em S\u00e3o Paulo cai 0,02% na 1\u00aa quadrissemana de julho","og_description":"Na leitura inicial deste m\u00eas, tr\u00eas dos sete componentes do IPC-Fipe ganharam for\u00e7a ou recuaram em ritmo mais contido","og_url":"https:\/\/www.suno.com.br\/noticias\/ipc-fipe-quadrissemana-julho-sao-paulo-sp-evm\/","og_site_name":"Suno Not\u00edcias","article_publisher":"https:\/\/facebook.com\/sunoresearch","og_image":[{"width":1200,"height":800,"url":"https:\/\/files.sunoresearch.com.br\/n\/uploads\/2023\/05\/inflacao-ipca.jpg","type":"image\/jpeg"}],"author":"Eduardo Vargas","twitter_card":"summary_large_image","twitter_creator":"@sunoresearch","twitter_site":"@sunoresearch","twitter_misc":{"Escrito por":"Eduardo Vargas","Est. tempo de leitura":"1 minuto"},"schema":{"@context":"https:\/\/schema.org","@graph":[{"@type":"NewsArticle","@id":"https:\/\/www.suno.com.br\/noticias\/ipc-fipe-quadrissemana-julho-sao-paulo-sp-evm\/#article","isPartOf":{"@id":"https:\/\/www.suno.com.br\/noticias\/ipc-fipe-quadrissemana-julho-sao-paulo-sp-evm\/"},"author":{"name":"Eduardo Vargas","@id":"https:\/\/www.suno.com.br\/noticias\/#\/schema\/person\/7f4d362bf3518e76090143ae77bb49a5"},"headline":"IPC-Fipe: Infla\u00e7\u00e3o em S\u00e3o Paulo cai 0,02% na 1\u00aa quadrissemana de julho","datePublished":"2023-07-11T10:44:41+00:00","dateModified":"2023-07-11T10:44:45+00:00","mainEntityOfPage":{"@id":"https:\/\/www.suno.com.br\/noticias\/ipc-fipe-quadrissemana-julho-sao-paulo-sp-evm\/"},"wordCount":197,"publisher":{"@id":"https:\/\/www.suno.com.br\/noticias\/#organization"},"image":{"@id":"https:\/\/www.suno.com.br\/noticias\/ipc-fipe-quadrissemana-julho-sao-paulo-sp-evm\/#primaryimage"},"thumbnailUrl":"https:\/\/files.sunoresearch.com.br\/n\/uploads\/2023\/05\/inflacao-ipca.jpg","keywords":["Ag\u00eancias","IPC-Fipe"],"articleSection":["Economia"],"inLanguage":"pt-BR"},{"@type":"WebPage","@id":"https:\/\/www.suno.com.br\/noticias\/ipc-fipe-quadrissemana-julho-sao-paulo-sp-evm\/","url":"https:\/\/www.suno.com.br\/noticias\/ipc-fipe-quadrissemana-julho-sao-paulo-sp-evm\/","name":"IPC-Fipe: Infla\u00e7\u00e3o em S\u00e3o Paulo cai 0,02% na 1\u00aa quadrissemana de julho","isPartOf":{"@id":"https:\/\/www.suno.com.br\/noticias\/#website"},"primaryImageOfPage":{"@id":"https:\/\/www.suno.com.br\/noticias\/ipc-fipe-quadrissemana-julho-sao-paulo-sp-evm\/#primaryimage"},"image":{"@id":"https:\/\/www.suno.com.br\/noticias\/ipc-fipe-quadrissemana-julho-sao-paulo-sp-evm\/#primaryimage"},"thumbnailUrl":"https:\/\/files.sunoresearch.com.br\/n\/uploads\/2023\/05\/inflacao-ipca.jpg","datePublished":"2023-07-11T10:44:41+00:00","dateModified":"2023-07-11T10:44:45+00:00","description":"Na leitura inicial deste m\u00eas, tr\u00eas dos sete componentes do IPC-Fipe ganharam for\u00e7a ou recuaram em ritmo mais contido","breadcrumb":{"@id":"https:\/\/www.suno.com.br\/noticias\/ipc-fipe-quadrissemana-julho-sao-paulo-sp-evm\/#breadcrumb"},"inLanguage":"pt-BR","potentialAction":[{"@type":"ReadAction","target":["https:\/\/www.suno.com.br\/noticias\/ipc-fipe-quadrissemana-julho-sao-paulo-sp-evm\/"]}]},{"@type":"ImageObject","inLanguage":"pt-BR","@id":"https:\/\/www.suno.com.br\/noticias\/ipc-fipe-quadrissemana-julho-sao-paulo-sp-evm\/#primaryimage","url":"https:\/\/files.sunoresearch.com.br\/n\/uploads\/2023\/05\/inflacao-ipca.jpg","contentUrl":"https:\/\/files.sunoresearch.com.br\/n\/uploads\/2023\/05\/inflacao-ipca.jpg","width":1200,"height":800,"caption":"Boletim Focus. Foto: iStock"},{"@type":"BreadcrumbList","@id":"https:\/\/www.suno.com.br\/noticias\/ipc-fipe-quadrissemana-julho-sao-paulo-sp-evm\/#breadcrumb","itemListElement":[{"@type":"ListItem","position":1,"name":"Not\u00edcias","item":"https:\/\/www.suno.com.br\/noticias\/"},{"@type":"ListItem","position":2,"name":"Economia","item":"https:\/\/www.suno.com.br\/noticias\/economia\/"},{"@type":"ListItem","position":3,"name":"IPC-Fipe: Infla\u00e7\u00e3o em S\u00e3o Paulo cai 0,02% na 1\u00aa quadrissemana de julho"}]},{"@type":"WebSite","@id":"https:\/\/www.suno.com.br\/noticias\/#website","url":"https:\/\/www.suno.com.br\/noticias\/","name":"Suno Not\u00edcias","description":"Seu portal de informa\u00e7\u00e3o sobre o mundo dos investimentos","publisher":{"@id":"https:\/\/www.suno.com.br\/noticias\/#organization"},"potentialAction":[{"@type":"SearchAction","target":{"@type":"EntryPoint","urlTemplate":"https:\/\/www.suno.com.br\/noticias\/?s={search_term_string}"},"query-input":{"@type":"PropertyValueSpecification","valueRequired":true,"valueName":"search_term_string"}}],"inLanguage":"pt-BR"},{"@type":"Organization","@id":"https:\/\/www.suno.com.br\/noticias\/#organization","name":"Suno Not\u00edcias","url":"https:\/\/www.suno.com.br\/noticias\/","logo":{"@type":"ImageObject","inLanguage":"pt-BR","@id":"https:\/\/www.suno.com.br\/noticias\/#\/schema\/logo\/image\/","url":"https:\/\/files.sunoresearch.com.br\/n\/uploads\/2021\/09\/suno-logo.png","contentUrl":"https:\/\/files.sunoresearch.com.br\/n\/uploads\/2021\/09\/suno-logo.png","width":180,"height":180,"caption":"Suno Not\u00edcias"},"image":{"@id":"https:\/\/www.suno.com.br\/noticias\/#\/schema\/logo\/image\/"},"sameAs":["https:\/\/facebook.com\/sunoresearch","https:\/\/x.com\/sunoresearch","https:\/\/www.instagram.com\/suno","https:\/\/www.linkedin.com\/company\/suno-research\/","https:\/\/www.youtube.com\/c\/sunoresearch"]},{"@type":"Person","@id":"https:\/\/www.suno.com.br\/noticias\/#\/schema\/person\/7f4d362bf3518e76090143ae77bb49a5","name":"Eduardo Vargas","image":{"@type":"ImageObject","inLanguage":"pt-BR","@id":"https:\/\/www.suno.com.br\/noticias\/#\/schema\/person\/image\/","url":"https:\/\/secure.gravatar.com\/avatar\/dac340933427a22924c9f99d1eb2e3f2?s=96&r=g","contentUrl":"https:\/\/secure.gravatar.com\/avatar\/dac340933427a22924c9f99d1eb2e3f2?s=96&r=g","caption":"Eduardo Vargas"},"description":"Jornalista formado pela UFSC, cobre macroeconomia, neg\u00f3cios e startups para o Suno Not\u00edcias, escrevendo principalmente not\u00edcias sobre o mercado financeiro e a bolsa de valores. No YouTube e no Instagram, \u00e9 respons\u00e1vel pela produ\u00e7\u00e3o de Reels e Shorts do Suno Not\u00edcias. Anteriormente, trabalhou cobrindo economia e cotidiano no ND+ e para o ND, maior jornal impresso de Santa Catarina. Cursou um semestre letivo de Estudos de M\u00eddia na Universidad de Buenos Aires.","url":"https:\/\/www.suno.com.br\/noticias\/author\/eduardo-vargas\/"}]}},"default_loop_html":"<div class=\"cardsPage__listCard__boxs\"><div class=\"cardsPage__listCard__boxs__img\"><a href=\"https:\/\/www.suno.com.br\/noticias\/ipc-fipe-quadrissemana-julho-sao-paulo-sp-evm\/\"><img class=\"mask\" src=\"https:\/\/www.suno.com.br\/noticias\/wp-content\/themes\/suno\/resources\/images\/spotlight\/spotlight1img\/bg-mask.png\" alt=\"Image Mask\"\/><img src=\"https:\/\/files.sunoresearch.com.br\/n\/uploads\/2023\/05\/inflacao-ipca-400x200.jpg\" alt=\"IPC-Fipe: Infla\u00e7\u00e3o em S\u00e3o Paulo cai 0,02% na 1\u00aa quadrissemana de julho\"\/><\/a><span class=\"spotlightCategory\"><a href=\"https:\/\/www.suno.com.br\/noticias\/economia\/\">Economia<\/a><\/span><\/div><div class=\"cardsPage__listCard__boxs__content\"><a href=\"https:\/\/www.suno.com.br\/noticias\/ipc-fipe-quadrissemana-julho-sao-paulo-sp-evm\/\"><h2 class=\"content__title\">IPC-Fipe: Infla\u00e7\u00e3o em S\u00e3o Paulo cai 0,02% na 1\u00aa quadrissemana de julho<\/h2><\/a><div class=\"newsContent__article__meta\"><div class=\"newsContent__article__meta__authorBox\"><a href=\"https:\/\/www.suno.com.br\/noticias\/author\/eduardo-vargas\/\" class=\"authorBox__avatar noMobi\"><img src=\"https:\/\/secure.gravatar.com\/avatar\/dac340933427a22924c9f99d1eb2e3f2?s=96&#038;r=g\" alt=\"Eduardo Vargas\"><\/a><div class=\"authorBox__name\"><span>por\n\t\t\t<a href=\"https:\/\/www.suno.com.br\/noticias\/author\/eduardo-vargas\/\"><span itemprop=\"author\">Eduardo Vargas<\/span><\/a><\/span><time datetime=\"2023-07-11T07:44:41-03:00\" itemprop=\"datePublished\">11\/07\/2023 07:44<\/time><\/div><\/div><\/div><\/div><\/div>","single_layout":"posts","amp_enabled":true,"_links":{"self":[{"href":"https:\/\/www.suno.com.br\/noticias\/wp-json\/wp\/v2\/posts\/427434"}],"collection":[{"href":"https:\/\/www.suno.com.br\/noticias\/wp-json\/wp\/v2\/posts"}],"about":[{"href":"https:\/\/www.suno.com.br\/noticias\/wp-json\/wp\/v2\/types\/post"}],"author":[{"embeddable":true,"href":"https:\/\/www.suno.com.br\/noticias\/wp-json\/wp\/v2\/users\/73"}],"replies":[{"embeddable":true,"href":"https:\/\/www.suno.com.br\/noticias\/wp-json\/wp\/v2\/comments?post=427434"}],"version-history":[{"count":3,"href":"https:\/\/www.suno.com.br\/noticias\/wp-json\/wp\/v2\/posts\/427434\/revisions"}],"predecessor-version":[{"id":427441,"href":"https:\/\/www.suno.com.br\/noticias\/wp-json\/wp\/v2\/posts\/427434\/revisions\/427441"}],"wp:featuredmedia":[{"embeddable":true,"href":"https:\/\/www.suno.com.br\/noticias\/wp-json\/wp\/v2\/media\/408707"}],"wp:attachment":[{"href":"https:\/\/www.suno.com.br\/noticias\/wp-json\/wp\/v2\/media?parent=427434"}],"wp:term":[{"taxonomy":"category","embeddable":true,"href":"https:\/\/www.suno.com.br\/noticias\/wp-json\/wp\/v2\/categories?post=427434"},{"taxonomy":"post_tag","embeddable":true,"href":"https:\/\/www.suno.com.br\/noticias\/wp-json\/wp\/v2\/tags?post=427434"},{"taxonomy":"suno_strategy","embeddable":true,"href":"https:\/\/www.suno.com.br\/noticias\/wp-json\/wp\/v2\/suno_strategy?post=427434"}],"curies":[{"name":"wp","href":"https:\/\/api.w.org\/{rel}","templated":true}]}}