{"id":427353,"date":"2023-07-10T22:11:03","date_gmt":"2023-07-11T01:11:03","guid":{"rendered":"https:\/\/www.suno.com.br\/noticias\/?p=427353"},"modified":"2023-07-10T22:11:15","modified_gmt":"2023-07-11T01:11:15","slug":"radar-petrobras-petr4-braskem-brkm5-azul-azul4-tim-tims3","status":"publish","type":"post","link":"https:\/\/www.suno.com.br\/noticias\/radar-petrobras-petr4-braskem-brkm5-azul-azul4-tim-tims3\/","title":{"rendered":"Radar: Petrobras (PETR4) inicia processo que pode levar \u00e0 compra da Braskem (BRKM5), analistas apontam risco para a Azul (AZUL4) e TIM (TIMS3) antecipa JCP milion\u00e1rio"},"content":{"rendered":"<p>A&nbsp;<a href=\"https:\/\/www.suno.com.br\/acoes\/PETR4\/\" target=\"_blank\" rel=\"noreferrer noopener\"><strong>Petrobras (PETR4)<\/strong><\/a>&nbsp;solicitou acesso ao virtual data room da<strong>&nbsp;<a href=\"https:\/\/www.suno.com.br\/acoes\/BRKM5\/\" target=\"_blank\" rel=\"noreferrer noopener\">Braskem (BRKM5)<\/a><\/strong>, iniciando hoje (10) o processo de due diligence, ou seja, uma an\u00e1lise mais profunda e completa sobre os n\u00fameros da Braskem.<\/p>\t<div class=\"wrapper-featured-image\">\n\t\t<figure class=\"spotlightImg\">\n\n\t\t\t<picture>\n\t\t\t\t<source media=\"(max-width: 768px)\" srcset=\"https:\/\/files.sunoresearch.com.br\/n\/uploads\/2023\/04\/edificio-sede-da-Petrobras-Edise-3-400x200.jpg\">\n\t\t\t\t<img loading=\"lazy\" decoding=\"async\" class=\"newsContent__article__imgCapa lazyloadDisabled \" src=\"https:\/\/files.sunoresearch.com.br\/n\/uploads\/2023\/04\/edificio-sede-da-Petrobras-Edise-3-800x450.jpg\" width=\"800\" height=\"450\" alt=\"Radar: Petrobras (PETR4) inicia processo que pode levar \u00e0 compra da Braskem (BRKM5), analistas apontam risco para a Azul (AZUL4) e TIM (TIMS3) antecipa JCP milion\u00e1rio\" fetchpriority=high \/>\n\t\t\t<\/picture>\n\n\t\t\t<figcaption class=\"wp-caption-text wp-caption-text--show\">A Edise, edif\u00edcio-sede da Petrobras (PETR4): Foto: Ag\u00eancia Petrobras<\/figcaption>\n\t\t<\/figure>\n\t<\/div>\n\n\n\n\n\n\t<p>\n\t\t<a href=\"https:\/\/lp.suno.com.br\/planilha-da-vida-financeira\/\" target=\"_blank\" data-element=\"shortcode-suno-banner\" title=\"Banner SUNO, clique e saiba mais\">\n\t\t\t<picture>\n\t\t\t\t<source media=\"(max-width: 500px)\" srcset=\"https:\/\/files.sunoresearch.com.br\/n\/uploads\/2023\/04\/400x300-Planilha-vida-financeira-true.png\">\n\t\t\t\t<img class=\"newsContent__article__imgCapa newsContent__article__imgCapa--banner\"\n\t\t\t\t\tsrc=\"https:\/\/files.sunoresearch.com.br\/n\/uploads\/2023\/04\/1420x240-Planilha-vida-financeira-true.png\"\n\t\t\t\t\tdata-promo-id=\"106682\"\t\t\t\t\t\t\t\t\t\twidth='1420' height='240'\t\t\t\t\talt=\"https:\/\/files.sunoresearch.com.br\/n\/uploads\/2023\/04\/1420x240-Planilha-vida-financeira-true.png\"\n\t\t\t\t>\n\t\t\t<\/picture>\n\t\t<\/a>\n\t<\/p>\n\n\n\n\n\n\n\n<p>O processo de an\u00e1lise se d\u00e1 conforme as regras previstas no&nbsp;<a target=\"_blank\" href=\"https:\/\/www.suno.com.br\/artigos\/acordo-de-acionistas\/\" rel=\"noreferrer noopener\">acordo de acionistas<\/a>&nbsp;da Braskem, que foi assinado entre Petrobras e Novonor, e poderia servir para um eventual exerc\u00edcio de&nbsp;<a target=\"_blank\" href=\"https:\/\/www.suno.com.br\/artigos\/tag-along\/\" rel=\"noreferrer noopener\">tag along<\/a>&nbsp;ou de direito de prefer\u00eancia na&nbsp;<a target=\"_blank\" href=\"https:\/\/www.suno.com.br\/artigos\/compra-de-acoes\/\" rel=\"noreferrer noopener\">compra de a\u00e7\u00f5es<\/a>&nbsp;que a Novonor vendesse posteriormente.<\/p>\n\n\n\n<p>Apesar do processo de&nbsp;<a href=\"http:\/\/petrobras%20%28petr4%29%20avalia%20comprar%20controle%20da%20braskem%20%28brkm5%29\/\" target=\"_blank\" rel=\"noreferrer noopener\">due diligence<\/a>&nbsp;ter se iniciado, a diretoria executiva e o conselho de administra\u00e7\u00e3o da Petrobras n\u00e3o tomaram qualquer decis\u00e3o sobre o processo de venda ou de aumento de participa\u00e7\u00e3o na Braskem.<\/p>\n\n\n\n<p>Assim, a Petrobras ressalta que essa seria apenas uma das etapas necess\u00e1rias referente aos direitos de&nbsp;<a href=\"https:\/\/www.suno.com.br\/artigos\/tag-along\/\" target=\"_blank\" rel=\"noreferrer noopener\">tag along<\/a>&nbsp;e de prefer\u00eancia que est\u00e3o previstos no acordo de acionistas.<\/p>\n\n\n\n<p>A Petrobras destaca que \u201cdecis\u00f5es sobre investimentos e desinvestimentos s\u00e3o pautadas em an\u00e1lises criteriosas e estudos t\u00e9cnicos, em observ\u00e2ncia \u00e0s pr\u00e1ticas de governan\u00e7a e aos procedimentos internos aplic\u00e1veis.<\/p>\n\n\n\n<p>Al\u00e9m de Petrobras, confira outros destaques desta segunda-feira:<\/p>\n\n\n\n<h2 class=\"wp-block-heading\">Azul (AZUL4) lidera altas no Ibovespa: banco v\u00ea n\u00fameros positivos e cen\u00e1rio favor\u00e1vel, mas analistas apontam riscos<\/h2>\n\n\n\n<ul class=\"wp-block-list\">\n<li>Ap\u00f3s considerar os n\u00fameros de junho da<strong>&nbsp;Azul (AZUL4)&nbsp;<\/strong>como positivos, o Santander reiterou recomenda\u00e7\u00e3o neutra para a companhia, fixando seu pre\u00e7o-alvo em R$ 13,70.<\/li>\n<\/ul>\n\n\n\n<ul class=\"wp-block-list\">\n<li>Segundo a&nbsp;<strong>equipe do Santander<\/strong>, a capacidade de voos cresceu 13% ante ao mesmo per\u00edodo do ano anterior. \u201cO crescimento da capacidade continuou concentrado principalmente nas rotas internacionais, enquanto a expans\u00e3o dom\u00e9stica foi modesta\u201d, informa o banco em relat\u00f3rio.<\/li>\n<\/ul>\n\n\n\n<ul class=\"wp-block-list\">\n<li>J\u00e1 a demanda apresentou um crescimento s\u00f3lido de 15% em compara\u00e7\u00e3o com 2022, levando a taxa de ocupa\u00e7\u00e3o a aumentar 1,7 ponto percentual (pp) para 81%.<\/li>\n<\/ul>\n\n\n\n<ul class=\"wp-block-list\">\n<li>No entanto, o Santander ressalta que as baixas compara\u00e7\u00f5es em rela\u00e7\u00e3o ao ano anterior podem ser atribu\u00eddas pela alta do&nbsp;<a href=\"https:\/\/www.suno.com.br\/artigos\/preco-do-petroleo\/\" target=\"_blank\" rel=\"noreferrer noopener\">pre\u00e7o do petr\u00f3leo<\/a>, que encareceu os combust\u00edveis, afetando rotas planejadas pela Azul.<\/li>\n<\/ul>\n\n\n\n<ul class=\"wp-block-list\">\n<li>Hoje as&nbsp;<strong>a\u00e7\u00f5es da Azul<\/strong>&nbsp;subiram 3,06%, sendo cotadas em R$ 19,92. Os pap\u00e9is da companhia lideraram as altas do Ibovespa hoje.<\/li>\n<\/ul>\n\n\n\n<h2 class=\"wp-block-heading\">TIM (TIMS3) antecipa pagamento de JCP milion\u00e1rio; Veja a nova data de pagamento<\/h2>\n\n\n\n<ul class=\"wp-block-list\">\n<li>A&nbsp;<a href=\"https:\/\/www.suno.com.br\/acoes\/tims3\/?utm_source=GoogleAds\" target=\"_blank\" rel=\"noreferrer noopener\"><strong>TIM<\/strong>&nbsp;(TIMS3)<\/a>&nbsp;vai antecipar o pagamento de&nbsp;<a href=\"https:\/\/www.suno.com.br\/artigos\/entenda-o-jcp\/?utm_source=GoogleAds\" target=\"_blank\" rel=\"noreferrer noopener\">juros sobre capital pr\u00f3prio<\/a>&nbsp;(JCP) para o dia 12 de julho de 2023, no valor de R$ 0,119795497 por a\u00e7\u00e3o, conforme informado ao mercado nesta segunda-feira (10).<\/li>\n<\/ul>\n\n\n\n<ul class=\"wp-block-list\">\n<li>Esses&nbsp;<strong>JCP da TIM<\/strong>&nbsp;j\u00e1 haviam sido anunciados no dia 12 de junho de 2023, no valor total de R$ 290 milh\u00f5es. O valor por a\u00e7\u00e3o e o montante total foram mantidos pela companhia.<\/li>\n<\/ul>\n\n\n\n<ul class=\"wp-block-list\">\n<li>O pagamento dos juros sobre capital pr\u00f3prio da TIM estava inicialmente previsto para acontecer no dia 25 de julho de 2023, mas agora foi antecipado para o dia 12 deste m\u00eas. A empresa informa que as condi\u00e7\u00f5es anunciadas anteriormente foram mantidas.<\/li>\n<\/ul>\n\n\n\n<ul class=\"wp-block-list\">\n<li>Desse modo, v\u00e3o receber os&nbsp;<strong>proventos da TIM&nbsp;<\/strong>os investidores posicionados na empresa at\u00e9 o final da sess\u00e3o de 22 de junho de 2023. As a\u00e7\u00f5es compradas depois dessa data ser\u00e3o negociadas sem direito ao pagamento dos JCP.<\/li>\n<\/ul>\n\n\n\n<ul class=\"wp-block-list\">\n<li>Sobre o valor dos proventos da TIM, ser\u00e1 retido 15% de Imposto de Renda na Fonte, com exce\u00e7\u00e3o dos acionistas que tiverem tributa\u00e7\u00e3o diferenciada ou que estejam dispensados da referida tributa\u00e7\u00e3o.<\/li>\n<\/ul>\n\n\n\n<ul class=\"wp-block-list\">\n<li>No caso dos acionistas isentos, eles deveriam ter comprovado essa condi\u00e7\u00e3o at\u00e9 o dia 22 de junho de 2023, atrav\u00e9s de uma carta de isen\u00e7\u00e3o.<\/li>\n<\/ul>\n\n\n\n<h2 class=\"wp-block-heading\">Banco rebaixa CSN (CSNA3) e Usiminas (USIM5), enquanto Gerdau (GGBR4) segue como top pick do setor; veja por qu\u00ea<\/h2>\n\n\n\n<ul class=\"wp-block-list\">\n<li>Ap\u00f3s revisar para baixo o pre\u00e7o do min\u00e9rio de ferro, o Ita\u00fa BBA rebaixou de neutra para underperform, equivalente a venda, as a\u00e7\u00f5es da<strong>&nbsp;<a href=\"https:\/\/www.suno.com.br\/acoes\/CSNA3\/?utm_source=GoogleAds\" target=\"_blank\" rel=\"noreferrer noopener\">CSN (CSNA3)<\/a><\/strong>&nbsp;e&nbsp;<a href=\"https:\/\/www.suno.com.br\/acoes\/USIM5\/?utm_source=GoogleAds\" target=\"_blank\" rel=\"noreferrer noopener\">Usiminas (USIM5)<\/a>. Apesar de avaliar como um mau momento para as sider\u00fargicas, o banco manteve a&nbsp;<a href=\"https:\/\/www.suno.com.br\/acoes\/GGBR4\/?utm_source=GoogleAds\" target=\"_blank\" rel=\"noreferrer noopener\">Gerdau (GGBR4)<\/a>&nbsp;no top pick do setor.<\/li>\n<\/ul>\n\n\n\n<ul class=\"wp-block-list\">\n<li>\u201cAs sider\u00fargicas e mineradoras est\u00e3o altamente expostas ao crescimento global mais fraco, que vem pesando sobre os pre\u00e7os tanto do min\u00e9rio de ferro quanto do a\u00e7o nos \u00faltimos meses. Al\u00e9m disso, acreditamos que o&nbsp;<strong>mercado imobili\u00e1rio na China&nbsp;<\/strong>n\u00e3o est\u00e1 respondendo \u00e0s medidas de est\u00edmulo anunciadas desde o final de 2022\u201d, afirma o banco em relat\u00f3rio.<\/li>\n<\/ul>\n\n\n\n<ul class=\"wp-block-list\">\n<li>Com isso, o banco reduziu o&nbsp;<strong>pre\u00e7o do min\u00e9rio de ferro<\/strong>&nbsp;para US$ 110 por tonelada, o que deve enfraquecer o&nbsp;<strong>setor sider\u00fargico brasileiro<\/strong>, uma vez que s\u00e3o esperados descontos nos pre\u00e7os futuros, especialmente para os a\u00e7os planos.<\/li>\n<\/ul>\n\n\n\n<ul class=\"wp-block-list\">\n<li>Al\u00e9m desses fatores, segundo o banco, a CSN e Usiminas est\u00e3o sendo rebaixadas devido \u00e0 gera\u00e7\u00e3o limitada de&nbsp;<a href=\"https:\/\/www.suno.com.br\/artigos\/fluxo-caixa-livre\/?utm_source=GoogleAds\" target=\"_blank\" rel=\"noreferrer noopener\">fluxo de caixa livre<\/a>&nbsp;(FCF) nos pr\u00f3ximos anos e m\u00faltiplos EV\/Ebitda considerados caros. As duas empresas tiveram suas estimativas de Ebitda reduzidas, principalmente em fun\u00e7\u00e3o dos resultados mais fracos do que o esperado na divis\u00e3o de a\u00e7o.<\/li>\n<\/ul>\n\n\n\n<ul class=\"wp-block-list\">\n<li>Dessa forma, a&nbsp;<strong>equipe do BBA&nbsp;<\/strong>fixou para CSN o pre\u00e7o-alvo de R$ 11, enquanto para Usiminas o pre\u00e7o-alvo ficou em R$ 7.<\/li>\n<\/ul>\n\n\n\t<p>\n\t\t<a href=\"https:\/\/lp.suno.com.br\/ebook-como-analisar-uma-acao\/\" target=\"_blank\" data-element=\"shortcode-suno-banner\" title=\"Banner SUNO, clique e saiba mais\">\n\t\t\t<picture>\n\t\t\t\t<source media=\"(max-width: 500px)\" srcset=\"https:\/\/files.sunoresearch.com.br\/n\/uploads\/2023\/03\/Ebook-Acoes-Mobile.jpg\">\n\t\t\t\t<img class=\"newsContent__article__imgCapa newsContent__article__imgCapa--banner\"\n\t\t\t\t\tsrc=\"https:\/\/files.sunoresearch.com.br\/n\/uploads\/2023\/03\/Ebook-Acoes-Desktop.jpg\"\n\t\t\t\t\tdata-promo-id=\"378302\"\t\t\t\t\t\t\t\t\t\twidth='1420' height='286'\t\t\t\t\talt=\"https:\/\/files.sunoresearch.com.br\/n\/uploads\/2023\/03\/Ebook-Acoes-Desktop.jpg\"\n\t\t\t\t>\n\t\t\t<\/picture>\n\t\t<\/a>\n\t<\/p>\n\n\n\n\n\n<h2 class=\"wp-block-heading\">Petrobras (PETR4) traz novo esclarecimento sobre pol\u00edtica de dividendos e recompra de a\u00e7\u00f5es<\/h2>\n\n\n\n<ul class=\"wp-block-list\">\n<li>A&nbsp;<a href=\"https:\/\/www.suno.com.br\/acoes\/PETR4\/\" target=\"_blank\" rel=\"noreferrer noopener\"><strong>Petrobras&nbsp;<\/strong>(PETR4)<\/a>&nbsp;informou novamente que os estudos para o aperfei\u00e7oamento da pol\u00edtica de remunera\u00e7\u00e3o aos acionistas est\u00e3o em andamento.<\/li>\n<\/ul>\n\n\n\n<ul class=\"wp-block-list\">\n<li>Por outro lado, a Petrobras ressalta que ainda n\u00e3o houve decis\u00e3o sobre a realiza\u00e7\u00e3o da recompra, assim como da periodicidade e volume a serem recomprados, conforme j\u00e1 tinha sido informado na semana passada.<\/li>\n<\/ul>\n\n\n\n<ul class=\"wp-block-list\">\n<li>Conforme as regras de&nbsp;<strong>governan\u00e7a da Petrobras<\/strong>, essa mat\u00e9ria ainda deve passar pelas inst\u00e2ncias superiores da empresa.<\/li>\n<\/ul>\n\n\n\n<ul class=\"wp-block-list\">\n<li>Quando houver novos fatos relevantes sobre o tema, a Petrobras diz que ser\u00e3o devidamente divulgadas ao mercado.<\/li>\n<\/ul>\n\n\n\n<ul class=\"wp-block-list\">\n<li>Os esclarecimentos da companhia vieram depois de rumores de que a Petrobras poderia incorporar a&nbsp;<a href=\"https:\/\/www.suno.com.br\/artigos\/recompra-de-acoes\/\" target=\"_blank\" rel=\"noreferrer noopener\">recompra de a\u00e7\u00f5es<\/a>&nbsp;em sua rotina.<\/li>\n<\/ul>\n\n\n\n<h2 class=\"wp-block-heading\">Magazine Luiza (MGLU3) \u2018prepara o terreno\u2019 para recupera\u00e7\u00e3o, diz Santander<\/h2>\n\n\n\n<ul class=\"wp-block-list\">\n<li>Os analistas do Santander aumentaram o otimismo com as a\u00e7\u00f5es do&nbsp;<a href=\"https:\/\/www.suno.com.br\/acoes\/MGLU3\/\" target=\"_blank\" rel=\"noreferrer noopener\"><strong>Magazine Luiza<\/strong>&nbsp;(MGLU3)<\/a>, apesar de manter a recomenda\u00e7\u00e3o neutra para os pap\u00e9is.<\/li>\n<\/ul>\n\n\n\n<ul class=\"wp-block-list\">\n<li>\u201cO in\u00edcio favor\u00e1vel do Magazine Luiza em 2023 mostra o enfraquecimento da competi\u00e7\u00e3o entre online e offline, preparando o terreno para um ano de recupera\u00e7\u00e3o, em nossa opini\u00e3o\u201d, diz a casa.<\/li>\n<\/ul>\n\n\n\n<ul class=\"wp-block-list\">\n<li>A proje\u00e7\u00e3o \u00e9 de que o acumulado do ano de 2023 mostre um&nbsp;<strong>preju\u00edzo l\u00edquido do Magazine Luiza<\/strong>&nbsp;maior do que o acumulado de 2022, de R$ 476 milh\u00f5es ante R$ 372 milh\u00f5es do ano anterior.<\/li>\n<\/ul>\n\n\n\n<ul class=\"wp-block-list\">\n<li>Al\u00e9m disso, a aus\u00eancia de um valuation atrativo no momento deixa o Santander \u2018de fora da tese\u2019.<\/li>\n<\/ul>\n\n\n\n<ul class=\"wp-block-list\">\n<li>\u201cSob nossas estimativas atualizadas, vemos&nbsp;<strong><a href=\"https:\/\/statusinvest.com.br\/acoes\/mglu3?__hstc=189907700.57003753d8805be60d3d8f1693f0228c.1666093829288.1688835991222.1689029847682.182&amp;__hssc=189907700.18.1689029847682&amp;__hsfp=4004565108\" target=\"_blank\" rel=\"noreferrer noopener\">MGLU3<\/a><\/strong>&nbsp;negociando com um valuation \u2018exigente\u2019, de pre\u00e7o sobre lucro estimado para 2025 de 21 vezes, mantendo nossa recomenda\u00e7\u00e3o Neutra\u201d, diz a casa.<\/li>\n<\/ul>\n\n\n\n<ul class=\"wp-block-list\">\n<li>O pre\u00e7o-alvo do Santander \u00e9 de R$ 4,30 por&nbsp;<strong>a\u00e7\u00e3o do Magalu<\/strong>, ao passo que os pap\u00e9is s\u00e3o negociados a cerca de R$ 3.<\/li>\n<\/ul>\n\n\n\n<ul class=\"wp-block-list\">\n<li>\u201cAo nosso ver, o mercado j\u00e1 precificou a melhoria da din\u00e2mica competitiva. A pr\u00f3xima etapa pode ser desencadeada por uma recupera\u00e7\u00e3o operacional que ainda n\u00e3o se concretizou, e assim preferimos esperar por um ponto de entrada melhor para equilibrar o risco de oportunidade\u201d, concluem os especialistas.<\/li>\n<\/ul>\n\n\n\n<ul class=\"wp-block-list\">\n<li>A casa aumentou a&nbsp;<a href=\"https:\/\/www.suno.com.br\/artigos\/o-que-receita-bruta\/\" target=\"_blank\" rel=\"noreferrer noopener\">receita bruta<\/a>&nbsp;estimada para 2023 em cerca de 3%, apesar disso h\u00e1 ventos contr\u00e1rios nos&nbsp;<a href=\"https:\/\/www.suno.com.br\/artigos\/impostos-sobre-vendas\/\" target=\"_blank\" rel=\"noreferrer noopener\">impostos sobre vendas<\/a>&nbsp;e uma recupera\u00e7\u00e3o mais lenta do que o esperado nas principais categorias.<\/li>\n<\/ul>\n\n\n\n<ul class=\"wp-block-list\">\n<li>\u201cNo entanto, acreditamos que a&nbsp;<a href=\"https:\/\/www.suno.com.br\/artigos\/margem-ebitda\/\" target=\"_blank\" rel=\"noreferrer noopener\">margem EBITDA<\/a>&nbsp;est\u00e1 prestes a subir acentuadamente em 2024-25, devido a uma melhora no consumo favor\u00e1vel \u00e0 recupera\u00e7\u00e3o de bens dur\u00e1veis nos pr\u00f3ximos anos, aliada \u00e0 r\u00e1pida crescimento no Marketplace do Magalu, j\u00e1 que prevemos alta de cerca de 23% de alta no GMV do 3P entre 2022 e 2025\u2033, diz o Santander.<\/li>\n<\/ul>\n\n\n\n<h2 class=\"wp-block-heading\">B3 (B3SA3) e Nasdaq fecham parceria para nova plataforma<\/h2>\n\n\n\n<ul class=\"wp-block-list\">\n<li>A&nbsp;<strong>B3&nbsp;<\/strong>(B3SA3) informou nesta segunda-feira (10) pela manh\u00e3 uma nova parceria com a Nasdaq, segunda maior bolsa de valores de Nova York. Juntas, as bolsas v\u00e3o desenvolver uma nova plataforma de clearing para a B3.<\/li>\n<\/ul>\n\n\n\n<ul class=\"wp-block-list\">\n<li>A&nbsp;<strong>B3 S.A. \u2013 Brasil, Bolsa, Balc\u00e3o,<\/strong>&nbsp;segundo o comunicado dado \u00e0 Comiss\u00e3o de Valores Mobili\u00e1rios (CVM), buscou a solu\u00e7\u00e3o de clearing (que faz compensa\u00e7\u00e3o e liquida\u00e7\u00e3o na compra e venda eletr\u00f4nicas) para uma migra\u00e7\u00e3o gradual de plataformas, em prol de uma evolu\u00e7\u00e3o tecnol\u00f3gica da companhia.<\/li>\n<\/ul>\n\n\n\n<ul class=\"wp-block-list\">\n<li>A&nbsp;<strong>bolsa de valores<\/strong>&nbsp;brasileira, em colabora\u00e7\u00e3o com a nova-iorquina, tem um plano de trabalho para a aproxima\u00e7\u00e3o das equipes de engenharia. Enquanto a B3 deve contribuir com a sua expertise de operar mercados com caracter\u00edsticas espec\u00edficas, oferecendo amplo portf\u00f3lio de produtos financeiros, a experi\u00eancia da Nasdaq fornecer\u00e1 solu\u00e7\u00f5es de compensa\u00e7\u00e3o, liquida\u00e7\u00e3o e gerenciamento de risco.<\/li>\n<\/ul>\n\n\n\n<h2 class=\"wp-block-heading\">Ita\u00fa (ITUB4) passa a deter 66% do capital social do Banco Ita\u00fa Chile<\/h2>\n\n\n\n<ul class=\"wp-block-list\">\n<li>O<strong>&nbsp;Ita\u00fa Unibanco<\/strong>&nbsp;(ITUB4) lidera uma participa\u00e7\u00e3o de 66,69% no&nbsp;<a href=\"https:\/\/www.suno.com.br\/artigos\/capital-social\/\" target=\"_blank\" rel=\"noreferrer noopener\">capital social<\/a>&nbsp;do Banco Ita\u00fa Chile, ap\u00f3s ofertas p\u00fablicas realizadas at\u00e9 a semana passada no Chile e nos Estados Unidos. No intradia, as a\u00e7\u00f5es de ITUB4 apresentavam uma queda ligeira de -0,27%, com os pap\u00e9is sendo negociados a R$ 29,06 na bolsa de valores.<\/li>\n<\/ul>\n\n\n\n<ul class=\"wp-block-list\">\n<li>Conforme informado pelo Ita\u00fa Unibanco nesta segunda-feira (10) \u00e0 CVM, acionistas titulares de um total de 2.122.994 a\u00e7\u00f5es e 554.650 American Depositary Shares (equivalentes a 184.883 a\u00e7\u00f5es) adquiriram pap\u00e9is nas ofertas p\u00fablicas volunt\u00e1rias realizadas simultaneamente no Chile e nos Estados Unidos da Am\u00e9rica entre os dias 6 de junho e 5 de julho de 2023.<\/li>\n<\/ul>\n\n\n\n<ul class=\"wp-block-list\">\n<li>A data da liquida\u00e7\u00e3o das ofertas vai at\u00e9 o dia 13 de julho de 2023. A partir dessa data, o&nbsp;<strong>Ita\u00fa Unibanco&nbsp;<\/strong>ser\u00e1 detentor, direta ou indiretamente, de 66,69% do&nbsp;<a href=\"https:\/\/www.suno.com.br\/artigos\/capital-social\/\" target=\"_blank\" rel=\"noreferrer noopener\">capital social<\/a>&nbsp;total do&nbsp;<strong>Banco Ita\u00fa Chile<\/strong>. Os acionistas aderentes das ofertas far\u00e3o jus ao recebimento do montante total de aproximadamente 19 bilh\u00f5es (19.616.957.314,85) pesos chilenos na Data da Liquida\u00e7\u00e3o.<\/li>\n<\/ul>\n\n\n\n<p>Da Petrobras \u00e0 Tim, essas foram as empresas que se destacaram hoje. Para ler todas as mat\u00e9rias&nbsp;<strong><a href=\"https:\/\/www.suno.com.br\/noticias\/todos\/?utm_content=XYOE2ItQuUY.20201113&amp;utm_campaign=Track%2B&amp;utm_medium=video&amp;utm_source=telegram.sunoresearch\" target=\"_blank\" rel=\"noreferrer noopener\">clique aqui<\/a><\/strong>.<a href=\"https:\/\/lp.suno.com.br\/pv\/sr-fiis\/oferta-relampago-40off\/\" target=\"_blank\" rel=\"noreferrer noopener\"><\/a><a href=\"https:\/\/lp.suno.com.br\/suno-one\/\" target=\"_blank\" rel=\"noreferrer noopener\"><\/a><a href=\"https:\/\/lp.suno.com.br\/pv\/sr-start\/aniversario-2023\/\" target=\"_blank\" rel=\"noreferrer noopener\"><\/a><a href=\"https:\/\/lp.suno.com.br\/suno-one\/\" target=\"_blank\" rel=\"noreferrer noopener\"><\/a><a href=\"https:\/\/lp.suno.com.br\/suno-one\/\" target=\"_blank\" rel=\"noreferrer noopener\"><\/a><a href=\"https:\/\/lp.suno.com.br\/suno-one\/\" target=\"_blank\" rel=\"noreferrer noopener\"><\/a><a href=\"https:\/\/lp.suno.com.br\/pv\/sr-premium\/1-real-para-investir\/\" target=\"_blank\" rel=\"noreferrer noopener\"><\/a><a href=\"https:\/\/lp.suno.com.br\/pv\/sr-premium\/1-real-para-investir\/\" target=\"_blank\" rel=\"noreferrer noopener\"><\/a><a href=\"https:\/\/www.suno.com.br\/noticias\/tags\/semana-tematica\" target=\"_blank\" rel=\"noreferrer noopener\"><\/a><\/p>\n\n\n\t<p>\n\t\t<a href=\"https:\/\/lp.suno.com.br\/suno-one\/?utm_campaign=_SNC6964518A_\" target=\"_blank\" data-element=\"shortcode-suno-banner\" title=\"Banner SUNO, clique e saiba mais\">\n\t\t\t<picture>\n\t\t\t\t<source media=\"(max-width: 500px)\" srcset=\"https:\/\/files.sunoresearch.com.br\/n\/uploads\/2025\/09\/400x300-Suno-One-png.webp\">\n\t\t\t\t<img class=\"newsContent__article__imgCapa newsContent__article__imgCapa--banner\"\n\t\t\t\t\tsrc=\"https:\/\/files.sunoresearch.com.br\/n\/uploads\/2025\/09\/1420x240-Suno-One-png.webp\"\n\t\t\t\t\tdata-promo-id=\"383121\"\t\t\t\t\t\t\t\t\t\twidth='1420' height='240'\t\t\t\t\talt=\"https:\/\/files.sunoresearch.com.br\/n\/uploads\/2025\/09\/1420x240-Suno-One-png.webp\"\n\t\t\t\t>\n\t\t\t<\/picture>\n\t\t<\/a>\n\t<\/p>\n\n\n","protected":false},"excerpt":{"rendered":"<p>A&nbsp;Petrobras (PETR4)&nbsp;solicitou acesso ao virtual data room da&nbsp;Braskem (BRKM5), iniciando hoje (10) o processo de due diligence, ou seja, uma an\u00e1lise mais profunda e completa sobre os n\u00fameros da Braskem. A Edise, edif\u00edcio-sede da Petrobras (PETR4): Foto: Ag\u00eancia Petrobras O processo de an\u00e1lise se d\u00e1 conforme as regras previstas no&nbsp;acordo de acionistas&nbsp;da Braskem, que foi [&hellip;]<\/p>\n","protected":false},"author":227,"featured_media":385138,"comment_status":"closed","ping_status":"closed","sticky":false,"template":"","format":"standard","meta":[],"categories":[64],"tags":[106932,367,395,1388,488,519,548,595,663,2609,675],"suno_strategy":[],"class_list":["post-427353","post","type-post","status-publish","format-standard","has-post-thumbnail","hentry","category-negocios","tag-azul-azul4","tag-b3-b3sa3","tag-braskem-brkm3-brkm5-brkm6","tag-csn-csna3","tag-gerdau-ggbr3-ggbr4","tag-itau-unibanco-itub3-itub4","tag-magazine-luiza-mglu3","tag-petrobras-petr4","tag-tim-tims3","tag-usim5","tag-usiminas"],"yoast_head":"<!-- This site is optimized with the Yoast SEO plugin v24.4 - https:\/\/yoast.com\/wordpress\/plugins\/seo\/ -->\n<title>Radar: Petrobras (PETR4) inicia processo sobre eventual compra da Braskem (BRKM5), o risco da Azul (AZUL4), segundo analistas, e TIM (TIMS3) antecipa JCP milion\u00e1rio<\/title>\n<meta name=\"description\" content=\"Petrobras (PETR4) pode comprar Braskem (BRKM5), analistas apontam risco em Azul (AZUL4) e TIM (TIMS3) antecipa pagamento de JCP milion\u00e1rio\" \/>\n<meta name=\"robots\" content=\"index, follow, max-snippet:-1, max-image-preview:large, max-video-preview:-1\" \/>\n<link rel=\"canonical\" href=\"https:\/\/www.suno.com.br\/noticias\/radar-petrobras-petr4-braskem-brkm5-azul-azul4-tim-tims3\/\" \/>\n<meta property=\"og:locale\" content=\"pt_BR\" \/>\n<meta property=\"og:type\" content=\"article\" \/>\n<meta property=\"og:title\" content=\"Radar: Petrobras (PETR4) inicia processo sobre eventual compra da Braskem (BRKM5), o risco da Azul (AZUL4), segundo analistas, e TIM (TIMS3) antecipa JCP milion\u00e1rio\" \/>\n<meta property=\"og:description\" content=\"Petrobras (PETR4) pode comprar Braskem (BRKM5), analistas apontam risco em Azul (AZUL4) e TIM (TIMS3) antecipa pagamento de JCP milion\u00e1rio\" \/>\n<meta property=\"og:url\" content=\"https:\/\/www.suno.com.br\/noticias\/radar-petrobras-petr4-braskem-brkm5-azul-azul4-tim-tims3\/\" \/>\n<meta property=\"og:site_name\" content=\"Suno Not\u00edcias\" \/>\n<meta property=\"article:publisher\" content=\"https:\/\/facebook.com\/sunoresearch\" \/>\n<meta property=\"og:image\" content=\"https:\/\/files.sunoresearch.com.br\/n\/uploads\/2023\/04\/edificio-sede-da-Petrobras-Edise-3.jpg\" \/>\n\t<meta property=\"og:image:width\" content=\"1200\" \/>\n\t<meta property=\"og:image:height\" content=\"800\" \/>\n\t<meta property=\"og:image:type\" content=\"image\/jpeg\" \/>\n<meta name=\"author\" content=\"Vanessa Loiola\" \/>\n<meta name=\"twitter:card\" content=\"summary_large_image\" \/>\n<meta name=\"twitter:creator\" content=\"@sunoresearch\" \/>\n<meta name=\"twitter:site\" content=\"@sunoresearch\" \/>\n<meta name=\"twitter:label1\" content=\"Escrito por\" \/>\n\t<meta name=\"twitter:data1\" content=\"Vanessa Loiola\" \/>\n\t<meta name=\"twitter:label2\" content=\"Est. tempo de leitura\" \/>\n\t<meta name=\"twitter:data2\" content=\"9 minutos\" \/>\n<script type=\"application\/ld+json\" class=\"yoast-schema-graph\">{\"@context\":\"https:\/\/schema.org\",\"@graph\":[{\"@type\":\"NewsArticle\",\"@id\":\"https:\/\/www.suno.com.br\/noticias\/radar-petrobras-petr4-braskem-brkm5-azul-azul4-tim-tims3\/#article\",\"isPartOf\":{\"@id\":\"https:\/\/www.suno.com.br\/noticias\/radar-petrobras-petr4-braskem-brkm5-azul-azul4-tim-tims3\/\"},\"author\":{\"name\":\"Vanessa Loiola\",\"@id\":\"https:\/\/www.suno.com.br\/noticias\/#\/schema\/person\/450c455ecff319bab1f1a0e643451479\"},\"headline\":\"Radar: Petrobras (PETR4) inicia processo que pode levar \u00e0 compra da Braskem (BRKM5), analistas apontam risco para a Azul (AZUL4) e TIM (TIMS3) antecipa JCP milion\u00e1rio\",\"datePublished\":\"2023-07-11T01:11:03+00:00\",\"dateModified\":\"2023-07-11T01:11:15+00:00\",\"mainEntityOfPage\":{\"@id\":\"https:\/\/www.suno.com.br\/noticias\/radar-petrobras-petr4-braskem-brkm5-azul-azul4-tim-tims3\/\"},\"wordCount\":1799,\"publisher\":{\"@id\":\"https:\/\/www.suno.com.br\/noticias\/#organization\"},\"image\":{\"@id\":\"https:\/\/www.suno.com.br\/noticias\/radar-petrobras-petr4-braskem-brkm5-azul-azul4-tim-tims3\/#primaryimage\"},\"thumbnailUrl\":\"https:\/\/files.sunoresearch.com.br\/n\/uploads\/2023\/04\/edificio-sede-da-Petrobras-Edise-3.jpg\",\"keywords\":[\"Azul (AZUL4)\",\"B3 (B3SA3)\",\"Braskem (BRKM3\/BRKM5\/BRKM6)\",\"CSN (CSNA3)\",\"Gerdau (GGBR3\/GGBR4)\",\"Ita\u00fa Unibanco (ITUB3\/ITUB4)\",\"Magazine Luiza (MGLU3)\",\"Petrobras (PETR4)\",\"TIM (TIMS3)\",\"USIM5\",\"Usiminas\"],\"articleSection\":[\"Neg\u00f3cios\"],\"inLanguage\":\"pt-BR\"},{\"@type\":\"WebPage\",\"@id\":\"https:\/\/www.suno.com.br\/noticias\/radar-petrobras-petr4-braskem-brkm5-azul-azul4-tim-tims3\/\",\"url\":\"https:\/\/www.suno.com.br\/noticias\/radar-petrobras-petr4-braskem-brkm5-azul-azul4-tim-tims3\/\",\"name\":\"Radar: Petrobras (PETR4) inicia processo sobre eventual compra da Braskem (BRKM5), o risco da Azul (AZUL4), segundo analistas, e TIM (TIMS3) antecipa JCP milion\u00e1rio\",\"isPartOf\":{\"@id\":\"https:\/\/www.suno.com.br\/noticias\/#website\"},\"primaryImageOfPage\":{\"@id\":\"https:\/\/www.suno.com.br\/noticias\/radar-petrobras-petr4-braskem-brkm5-azul-azul4-tim-tims3\/#primaryimage\"},\"image\":{\"@id\":\"https:\/\/www.suno.com.br\/noticias\/radar-petrobras-petr4-braskem-brkm5-azul-azul4-tim-tims3\/#primaryimage\"},\"thumbnailUrl\":\"https:\/\/files.sunoresearch.com.br\/n\/uploads\/2023\/04\/edificio-sede-da-Petrobras-Edise-3.jpg\",\"datePublished\":\"2023-07-11T01:11:03+00:00\",\"dateModified\":\"2023-07-11T01:11:15+00:00\",\"description\":\"Petrobras (PETR4) pode comprar Braskem (BRKM5), analistas apontam risco em Azul (AZUL4) e TIM (TIMS3) antecipa pagamento de JCP milion\u00e1rio\",\"breadcrumb\":{\"@id\":\"https:\/\/www.suno.com.br\/noticias\/radar-petrobras-petr4-braskem-brkm5-azul-azul4-tim-tims3\/#breadcrumb\"},\"inLanguage\":\"pt-BR\",\"potentialAction\":[{\"@type\":\"ReadAction\",\"target\":[\"https:\/\/www.suno.com.br\/noticias\/radar-petrobras-petr4-braskem-brkm5-azul-azul4-tim-tims3\/\"]}]},{\"@type\":\"ImageObject\",\"inLanguage\":\"pt-BR\",\"@id\":\"https:\/\/www.suno.com.br\/noticias\/radar-petrobras-petr4-braskem-brkm5-azul-azul4-tim-tims3\/#primaryimage\",\"url\":\"https:\/\/files.sunoresearch.com.br\/n\/uploads\/2023\/04\/edificio-sede-da-Petrobras-Edise-3.jpg\",\"contentUrl\":\"https:\/\/files.sunoresearch.com.br\/n\/uploads\/2023\/04\/edificio-sede-da-Petrobras-Edise-3.jpg\",\"width\":1200,\"height\":800,\"caption\":\"A Edise, edif\u00edcio-sede da Petrobras (PETR4): Foto: Ag\u00eancia Petrobras\"},{\"@type\":\"BreadcrumbList\",\"@id\":\"https:\/\/www.suno.com.br\/noticias\/radar-petrobras-petr4-braskem-brkm5-azul-azul4-tim-tims3\/#breadcrumb\",\"itemListElement\":[{\"@type\":\"ListItem\",\"position\":1,\"name\":\"Not\u00edcias\",\"item\":\"https:\/\/www.suno.com.br\/noticias\/\"},{\"@type\":\"ListItem\",\"position\":2,\"name\":\"Neg\u00f3cios\",\"item\":\"https:\/\/www.suno.com.br\/noticias\/negocios\/\"},{\"@type\":\"ListItem\",\"position\":3,\"name\":\"Radar: Petrobras (PETR4) inicia processo que pode levar \u00e0 compra da Braskem (BRKM5), analistas apontam risco para a Azul (AZUL4) e TIM (TIMS3) antecipa JCP milion\u00e1rio\"}]},{\"@type\":\"WebSite\",\"@id\":\"https:\/\/www.suno.com.br\/noticias\/#website\",\"url\":\"https:\/\/www.suno.com.br\/noticias\/\",\"name\":\"Suno Not\u00edcias\",\"description\":\"Seu portal de informa\u00e7\u00e3o sobre o mundo dos investimentos\",\"publisher\":{\"@id\":\"https:\/\/www.suno.com.br\/noticias\/#organization\"},\"potentialAction\":[{\"@type\":\"SearchAction\",\"target\":{\"@type\":\"EntryPoint\",\"urlTemplate\":\"https:\/\/www.suno.com.br\/noticias\/?s={search_term_string}\"},\"query-input\":{\"@type\":\"PropertyValueSpecification\",\"valueRequired\":true,\"valueName\":\"search_term_string\"}}],\"inLanguage\":\"pt-BR\"},{\"@type\":\"Organization\",\"@id\":\"https:\/\/www.suno.com.br\/noticias\/#organization\",\"name\":\"Suno Not\u00edcias\",\"url\":\"https:\/\/www.suno.com.br\/noticias\/\",\"logo\":{\"@type\":\"ImageObject\",\"inLanguage\":\"pt-BR\",\"@id\":\"https:\/\/www.suno.com.br\/noticias\/#\/schema\/logo\/image\/\",\"url\":\"https:\/\/files.sunoresearch.com.br\/n\/uploads\/2021\/09\/suno-logo.png\",\"contentUrl\":\"https:\/\/files.sunoresearch.com.br\/n\/uploads\/2021\/09\/suno-logo.png\",\"width\":180,\"height\":180,\"caption\":\"Suno Not\u00edcias\"},\"image\":{\"@id\":\"https:\/\/www.suno.com.br\/noticias\/#\/schema\/logo\/image\/\"},\"sameAs\":[\"https:\/\/facebook.com\/sunoresearch\",\"https:\/\/x.com\/sunoresearch\",\"https:\/\/www.instagram.com\/suno\",\"https:\/\/www.linkedin.com\/company\/suno-research\/\",\"https:\/\/www.youtube.com\/c\/sunoresearch\"]},{\"@type\":\"Person\",\"@id\":\"https:\/\/www.suno.com.br\/noticias\/#\/schema\/person\/450c455ecff319bab1f1a0e643451479\",\"name\":\"Vanessa Loiola\",\"image\":{\"@type\":\"ImageObject\",\"inLanguage\":\"pt-BR\",\"@id\":\"https:\/\/www.suno.com.br\/noticias\/#\/schema\/person\/image\/\",\"url\":\"https:\/\/secure.gravatar.com\/avatar\/8b41117f9780831919eb38da349c3f20?s=96&r=g\",\"contentUrl\":\"https:\/\/secure.gravatar.com\/avatar\/8b41117f9780831919eb38da349c3f20?s=96&r=g\",\"caption\":\"Vanessa Loiola\"},\"description\":\"Jornalista formada pela PUC-SP, com experi\u00eancia na cobertura das editorias de economia, finan\u00e7as, bolsa de valores, pol\u00edtica, energia solar e entretenimento. Com passagem pela BM&amp;C News e RedeTV!\",\"url\":\"https:\/\/www.suno.com.br\/noticias\/author\/vanessal-loiolagmail-com\/\"}]}<\/script>\n<!-- \/ Yoast SEO plugin. -->","yoast_head_json":{"title":"Radar: Petrobras (PETR4) inicia processo sobre eventual compra da Braskem (BRKM5), o risco da Azul (AZUL4), segundo analistas, e TIM (TIMS3) antecipa JCP milion\u00e1rio","description":"Petrobras (PETR4) pode comprar Braskem (BRKM5), analistas apontam risco em Azul (AZUL4) e TIM (TIMS3) antecipa pagamento de JCP milion\u00e1rio","robots":{"index":"index","follow":"follow","max-snippet":"max-snippet:-1","max-image-preview":"max-image-preview:large","max-video-preview":"max-video-preview:-1"},"canonical":"https:\/\/www.suno.com.br\/noticias\/radar-petrobras-petr4-braskem-brkm5-azul-azul4-tim-tims3\/","og_locale":"pt_BR","og_type":"article","og_title":"Radar: Petrobras (PETR4) inicia processo sobre eventual compra da Braskem (BRKM5), o risco da Azul (AZUL4), segundo analistas, e TIM (TIMS3) antecipa JCP milion\u00e1rio","og_description":"Petrobras (PETR4) pode comprar Braskem (BRKM5), analistas apontam risco em Azul (AZUL4) e TIM (TIMS3) antecipa pagamento de JCP milion\u00e1rio","og_url":"https:\/\/www.suno.com.br\/noticias\/radar-petrobras-petr4-braskem-brkm5-azul-azul4-tim-tims3\/","og_site_name":"Suno Not\u00edcias","article_publisher":"https:\/\/facebook.com\/sunoresearch","og_image":[{"width":1200,"height":800,"url":"https:\/\/files.sunoresearch.com.br\/n\/uploads\/2023\/04\/edificio-sede-da-Petrobras-Edise-3.jpg","type":"image\/jpeg"}],"author":"Vanessa Loiola","twitter_card":"summary_large_image","twitter_creator":"@sunoresearch","twitter_site":"@sunoresearch","twitter_misc":{"Escrito por":"Vanessa Loiola","Est. tempo de leitura":"9 minutos"},"schema":{"@context":"https:\/\/schema.org","@graph":[{"@type":"NewsArticle","@id":"https:\/\/www.suno.com.br\/noticias\/radar-petrobras-petr4-braskem-brkm5-azul-azul4-tim-tims3\/#article","isPartOf":{"@id":"https:\/\/www.suno.com.br\/noticias\/radar-petrobras-petr4-braskem-brkm5-azul-azul4-tim-tims3\/"},"author":{"name":"Vanessa Loiola","@id":"https:\/\/www.suno.com.br\/noticias\/#\/schema\/person\/450c455ecff319bab1f1a0e643451479"},"headline":"Radar: Petrobras (PETR4) inicia processo que pode levar \u00e0 compra da Braskem (BRKM5), analistas apontam risco para a Azul (AZUL4) e TIM (TIMS3) antecipa JCP milion\u00e1rio","datePublished":"2023-07-11T01:11:03+00:00","dateModified":"2023-07-11T01:11:15+00:00","mainEntityOfPage":{"@id":"https:\/\/www.suno.com.br\/noticias\/radar-petrobras-petr4-braskem-brkm5-azul-azul4-tim-tims3\/"},"wordCount":1799,"publisher":{"@id":"https:\/\/www.suno.com.br\/noticias\/#organization"},"image":{"@id":"https:\/\/www.suno.com.br\/noticias\/radar-petrobras-petr4-braskem-brkm5-azul-azul4-tim-tims3\/#primaryimage"},"thumbnailUrl":"https:\/\/files.sunoresearch.com.br\/n\/uploads\/2023\/04\/edificio-sede-da-Petrobras-Edise-3.jpg","keywords":["Azul (AZUL4)","B3 (B3SA3)","Braskem (BRKM3\/BRKM5\/BRKM6)","CSN (CSNA3)","Gerdau (GGBR3\/GGBR4)","Ita\u00fa Unibanco (ITUB3\/ITUB4)","Magazine Luiza (MGLU3)","Petrobras (PETR4)","TIM (TIMS3)","USIM5","Usiminas"],"articleSection":["Neg\u00f3cios"],"inLanguage":"pt-BR"},{"@type":"WebPage","@id":"https:\/\/www.suno.com.br\/noticias\/radar-petrobras-petr4-braskem-brkm5-azul-azul4-tim-tims3\/","url":"https:\/\/www.suno.com.br\/noticias\/radar-petrobras-petr4-braskem-brkm5-azul-azul4-tim-tims3\/","name":"Radar: Petrobras (PETR4) inicia processo sobre eventual compra da Braskem (BRKM5), o risco da Azul (AZUL4), segundo analistas, e TIM (TIMS3) antecipa JCP milion\u00e1rio","isPartOf":{"@id":"https:\/\/www.suno.com.br\/noticias\/#website"},"primaryImageOfPage":{"@id":"https:\/\/www.suno.com.br\/noticias\/radar-petrobras-petr4-braskem-brkm5-azul-azul4-tim-tims3\/#primaryimage"},"image":{"@id":"https:\/\/www.suno.com.br\/noticias\/radar-petrobras-petr4-braskem-brkm5-azul-azul4-tim-tims3\/#primaryimage"},"thumbnailUrl":"https:\/\/files.sunoresearch.com.br\/n\/uploads\/2023\/04\/edificio-sede-da-Petrobras-Edise-3.jpg","datePublished":"2023-07-11T01:11:03+00:00","dateModified":"2023-07-11T01:11:15+00:00","description":"Petrobras (PETR4) pode comprar Braskem (BRKM5), analistas apontam risco em Azul (AZUL4) e TIM (TIMS3) antecipa pagamento de JCP milion\u00e1rio","breadcrumb":{"@id":"https:\/\/www.suno.com.br\/noticias\/radar-petrobras-petr4-braskem-brkm5-azul-azul4-tim-tims3\/#breadcrumb"},"inLanguage":"pt-BR","potentialAction":[{"@type":"ReadAction","target":["https:\/\/www.suno.com.br\/noticias\/radar-petrobras-petr4-braskem-brkm5-azul-azul4-tim-tims3\/"]}]},{"@type":"ImageObject","inLanguage":"pt-BR","@id":"https:\/\/www.suno.com.br\/noticias\/radar-petrobras-petr4-braskem-brkm5-azul-azul4-tim-tims3\/#primaryimage","url":"https:\/\/files.sunoresearch.com.br\/n\/uploads\/2023\/04\/edificio-sede-da-Petrobras-Edise-3.jpg","contentUrl":"https:\/\/files.sunoresearch.com.br\/n\/uploads\/2023\/04\/edificio-sede-da-Petrobras-Edise-3.jpg","width":1200,"height":800,"caption":"A Edise, edif\u00edcio-sede da Petrobras (PETR4): Foto: Ag\u00eancia Petrobras"},{"@type":"BreadcrumbList","@id":"https:\/\/www.suno.com.br\/noticias\/radar-petrobras-petr4-braskem-brkm5-azul-azul4-tim-tims3\/#breadcrumb","itemListElement":[{"@type":"ListItem","position":1,"name":"Not\u00edcias","item":"https:\/\/www.suno.com.br\/noticias\/"},{"@type":"ListItem","position":2,"name":"Neg\u00f3cios","item":"https:\/\/www.suno.com.br\/noticias\/negocios\/"},{"@type":"ListItem","position":3,"name":"Radar: Petrobras (PETR4) inicia processo que pode levar \u00e0 compra da Braskem (BRKM5), analistas apontam risco para a Azul (AZUL4) e TIM (TIMS3) antecipa JCP milion\u00e1rio"}]},{"@type":"WebSite","@id":"https:\/\/www.suno.com.br\/noticias\/#website","url":"https:\/\/www.suno.com.br\/noticias\/","name":"Suno Not\u00edcias","description":"Seu portal de informa\u00e7\u00e3o sobre o mundo dos investimentos","publisher":{"@id":"https:\/\/www.suno.com.br\/noticias\/#organization"},"potentialAction":[{"@type":"SearchAction","target":{"@type":"EntryPoint","urlTemplate":"https:\/\/www.suno.com.br\/noticias\/?s={search_term_string}"},"query-input":{"@type":"PropertyValueSpecification","valueRequired":true,"valueName":"search_term_string"}}],"inLanguage":"pt-BR"},{"@type":"Organization","@id":"https:\/\/www.suno.com.br\/noticias\/#organization","name":"Suno Not\u00edcias","url":"https:\/\/www.suno.com.br\/noticias\/","logo":{"@type":"ImageObject","inLanguage":"pt-BR","@id":"https:\/\/www.suno.com.br\/noticias\/#\/schema\/logo\/image\/","url":"https:\/\/files.sunoresearch.com.br\/n\/uploads\/2021\/09\/suno-logo.png","contentUrl":"https:\/\/files.sunoresearch.com.br\/n\/uploads\/2021\/09\/suno-logo.png","width":180,"height":180,"caption":"Suno Not\u00edcias"},"image":{"@id":"https:\/\/www.suno.com.br\/noticias\/#\/schema\/logo\/image\/"},"sameAs":["https:\/\/facebook.com\/sunoresearch","https:\/\/x.com\/sunoresearch","https:\/\/www.instagram.com\/suno","https:\/\/www.linkedin.com\/company\/suno-research\/","https:\/\/www.youtube.com\/c\/sunoresearch"]},{"@type":"Person","@id":"https:\/\/www.suno.com.br\/noticias\/#\/schema\/person\/450c455ecff319bab1f1a0e643451479","name":"Vanessa Loiola","image":{"@type":"ImageObject","inLanguage":"pt-BR","@id":"https:\/\/www.suno.com.br\/noticias\/#\/schema\/person\/image\/","url":"https:\/\/secure.gravatar.com\/avatar\/8b41117f9780831919eb38da349c3f20?s=96&r=g","contentUrl":"https:\/\/secure.gravatar.com\/avatar\/8b41117f9780831919eb38da349c3f20?s=96&r=g","caption":"Vanessa Loiola"},"description":"Jornalista formada pela PUC-SP, com experi\u00eancia na cobertura das editorias de economia, finan\u00e7as, bolsa de valores, pol\u00edtica, energia solar e entretenimento. Com passagem pela BM&amp;C News e RedeTV!","url":"https:\/\/www.suno.com.br\/noticias\/author\/vanessal-loiolagmail-com\/"}]}},"default_loop_html":"<div class=\"cardsPage__listCard__boxs\"><div class=\"cardsPage__listCard__boxs__img\"><a href=\"https:\/\/www.suno.com.br\/noticias\/radar-petrobras-petr4-braskem-brkm5-azul-azul4-tim-tims3\/\"><img class=\"mask\" src=\"https:\/\/www.suno.com.br\/noticias\/wp-content\/themes\/suno\/resources\/images\/spotlight\/spotlight1img\/bg-mask.png\" alt=\"Image Mask\"\/><img src=\"https:\/\/files.sunoresearch.com.br\/n\/uploads\/2023\/04\/edificio-sede-da-Petrobras-Edise-3-400x200.jpg\" alt=\"Radar: Petrobras (PETR4) inicia processo que pode levar \u00e0 compra da Braskem (BRKM5), analistas apontam risco para a Azul (AZUL4) e TIM (TIMS3) antecipa JCP milion\u00e1rio\"\/><\/a><span class=\"spotlightCategory\"><a href=\"https:\/\/www.suno.com.br\/noticias\/negocios\/\">Neg\u00f3cios<\/a><\/span><\/div><div class=\"cardsPage__listCard__boxs__content\"><a href=\"https:\/\/www.suno.com.br\/noticias\/radar-petrobras-petr4-braskem-brkm5-azul-azul4-tim-tims3\/\"><h2 class=\"content__title\">Radar: Petrobras (PETR4) inicia processo que pode levar \u00e0 compra da Braskem (BRKM5), analistas apontam risco para a Azul (AZUL4) e TIM (TIMS3) antecipa JCP milion\u00e1rio<\/h2><\/a><div class=\"newsContent__article__meta\"><div class=\"newsContent__article__meta__authorBox\"><a href=\"https:\/\/www.suno.com.br\/noticias\/author\/vanessal-loiolagmail-com\/\" class=\"authorBox__avatar noMobi\"><img src=\"https:\/\/secure.gravatar.com\/avatar\/8b41117f9780831919eb38da349c3f20?s=96&#038;r=g\" alt=\"Vanessa Loiola\"><\/a><div class=\"authorBox__name\"><span>por\n\t\t\t<a href=\"https:\/\/www.suno.com.br\/noticias\/author\/vanessal-loiolagmail-com\/\"><span itemprop=\"author\">Vanessa Loiola<\/span><\/a><\/span><time datetime=\"2023-07-10T22:11:03-03:00\" itemprop=\"datePublished\">10\/07\/2023 22:11<\/time><\/div><\/div><\/div><\/div><\/div>","single_layout":"posts","amp_enabled":true,"_links":{"self":[{"href":"https:\/\/www.suno.com.br\/noticias\/wp-json\/wp\/v2\/posts\/427353"}],"collection":[{"href":"https:\/\/www.suno.com.br\/noticias\/wp-json\/wp\/v2\/posts"}],"about":[{"href":"https:\/\/www.suno.com.br\/noticias\/wp-json\/wp\/v2\/types\/post"}],"author":[{"embeddable":true,"href":"https:\/\/www.suno.com.br\/noticias\/wp-json\/wp\/v2\/users\/227"}],"replies":[{"embeddable":true,"href":"https:\/\/www.suno.com.br\/noticias\/wp-json\/wp\/v2\/comments?post=427353"}],"version-history":[{"count":2,"href":"https:\/\/www.suno.com.br\/noticias\/wp-json\/wp\/v2\/posts\/427353\/revisions"}],"predecessor-version":[{"id":427424,"href":"https:\/\/www.suno.com.br\/noticias\/wp-json\/wp\/v2\/posts\/427353\/revisions\/427424"}],"wp:featuredmedia":[{"embeddable":true,"href":"https:\/\/www.suno.com.br\/noticias\/wp-json\/wp\/v2\/media\/385138"}],"wp:attachment":[{"href":"https:\/\/www.suno.com.br\/noticias\/wp-json\/wp\/v2\/media?parent=427353"}],"wp:term":[{"taxonomy":"category","embeddable":true,"href":"https:\/\/www.suno.com.br\/noticias\/wp-json\/wp\/v2\/categories?post=427353"},{"taxonomy":"post_tag","embeddable":true,"href":"https:\/\/www.suno.com.br\/noticias\/wp-json\/wp\/v2\/tags?post=427353"},{"taxonomy":"suno_strategy","embeddable":true,"href":"https:\/\/www.suno.com.br\/noticias\/wp-json\/wp\/v2\/suno_strategy?post=427353"}],"curies":[{"name":"wp","href":"https:\/\/api.w.org\/{rel}","templated":true}]}}