{"id":4272,"date":"2018-09-24T10:33:19","date_gmt":"2018-09-24T13:33:19","guid":{"rendered":"https:\/\/www.suno.com.br\/noticias\/?p=4272"},"modified":"2018-09-24T10:47:31","modified_gmt":"2018-09-24T13:47:31","slug":"ibovespa-recua-cenario-exterior","status":"publish","type":"post","link":"https:\/\/www.suno.com.br\/noticias\/ibovespa-recua-cenario-exterior\/","title":{"rendered":"Ibovespa e d\u00f3lar caem no primeiro preg\u00e3o da semana, em meio a cen\u00e1rio exterior negativo"},"content":{"rendered":"<p>Seguindo a tend\u00eancia das bolsas mundiais, o Ibovespa come\u00e7ou a manh\u00e3 de hoje (10h32) com queda de 0,42%, a 79.100 pontos. O d\u00f3lar tamb\u00e9m apresenta baixa, cotado a R$4,04 em uma queda de 0,22%.<\/p>\t<div class=\"wrapper-featured-image\">\n\t\t<figure class=\"spotlightImg\">\n\n\t\t\t<picture>\n\t\t\t\t<source media=\"(max-width: 768px)\" srcset=\"https:\/\/files.sunoresearch.com.br\/n\/uploads\/2018\/09\/f3a06453-ibovespa-dolar-2-400x200.webp\">\n\t\t\t\t<img loading=\"lazy\" decoding=\"async\" class=\"newsContent__article__imgCapa lazyloadDisabled newsContent__article__imgCapa--noCaption\" src=\"https:\/\/files.sunoresearch.com.br\/n\/uploads\/2018\/09\/f3a06453-ibovespa-dolar-2-800x450.webp\" width=\"800\" height=\"450\" alt=\"Ibovespa e d\u00f3lar caem no primeiro preg\u00e3o da semana, em meio a cen\u00e1rio exterior negativo\" fetchpriority=high \/>\n\t\t\t<\/picture>\n\n\t\t\t<figcaption class=\"wp-caption-text wp-caption-text--hide\">Ibovespa fecha em alta de 4,25%, a 85.663,48 pontos<\/figcaption>\n\t\t<\/figure>\n\t<\/div>\n\n\n<p>O mercado mostra as mesmas preocupa\u00e7\u00f5es de bolsas internacionais como as asi\u00e1ticas, que fecharam em queda ap\u00f3s a China anunciar que cancelou negocia\u00e7\u00f5es comerciais com os EUA, acirrando ainda mais a guerra comercial vivida pelos dois maiores pa\u00edses do mundo.<\/p>\n<p>No cen\u00e1rio nacional, aten\u00e7\u00e3o para a pesquisa FSB\/BTG Pactual &#8211; ela mostra Jair Bolsonaro (PSL) com 33% das inten\u00e7\u00f5es de voto, mesma marca da semana passada, enquanto Fernando Haddad (PT) subiu de 16% para 23%. Na simula\u00e7\u00e3o de segundo turno, ambos aparecem empatados, quando nos levantamentos anteriores a vit\u00f3ria era de Bolsonaro.<\/p>\n<p>Uma nova rodada de pesquisas \u00e9 esperada para os pr\u00f3ximos dias, com o Ibope saindo na noite de hoje e, na sexta-feira, uma nova edi\u00e7\u00e3o da XP\/Ipespe.<\/p>\n<p>O \u00edndice de confian\u00e7a do consumidor apresenta queda de 1,7% no m\u00eas de setembro e cai aos n\u00edveis de junho, quando foi derrubado pela greve dos caminhoneiros. &#8220;O resultado parece estar diretamente relacionado \u00e0 situa\u00e7\u00e3o financeira das fam\u00edlias e \u00e0 lenta recupera\u00e7\u00e3o do mercado de trabalho. Apesar de adicionar d\u00favidas, o cen\u00e1rio pol\u00edtico-eleitoral n\u00e3o parece ser o principal fator para a queda do indicador em setembro&#8221;, afirmou em nota a coordenadora da Sondagem do Consumidor, Viviane Seda Bittencourt.<\/p>\n<p>N\u00e3o foram s\u00f3 as bolsas asi\u00e1ticas que apresentaram queda hoje &#8211; o mesmo tamb\u00e9m ocorre nos \u00edndices futuros nos EUA e nas bolsas europeias, entre preocupa\u00e7\u00f5es com a crise do com\u00e9rcio com a China.<\/p>\n<p>Nos commodities, os pre\u00e7os do petr\u00f3leo saltaram mais de 2% e apresentam agora as cota\u00e7\u00f5es mais altas em quatro anos.<\/p>\n","protected":false},"excerpt":{"rendered":"<p>Seguindo a tend\u00eancia das bolsas mundiais, o Ibovespa come\u00e7ou a manh\u00e3 de hoje (10h32) com queda de 0,42%, a 79.100 pontos. O d\u00f3lar tamb\u00e9m apresenta baixa, cotado a R$4,04 em uma queda de 0,22%. Ibovespa fecha em alta de 4,25%, a 85.663,48 pontos O mercado mostra as mesmas preocupa\u00e7\u00f5es de bolsas internacionais como as asi\u00e1ticas, [&hellip;]<\/p>\n","protected":false},"author":5,"featured_media":4273,"comment_status":"closed","ping_status":"closed","sticky":false,"template":"","format":"standard","meta":[],"categories":[60],"tags":[326,721],"suno_strategy":[],"class_list":["post-4272","post","type-post","status-publish","format-standard","has-post-thumbnail","hentry","category-mercado","tag-dolar","tag-ibovespa"],"yoast_head":"<!-- This site is optimized with the Yoast SEO plugin v24.4 - https:\/\/yoast.com\/wordpress\/plugins\/seo\/ -->\n<title>Ibovespa e d\u00f3lar caem no primeiro preg\u00e3o da semana, em meio a cen\u00e1rio exterior negativo<\/title>\n<meta name=\"description\" content=\"Bolsas do mundo todo apresentam queda hoje e no Brasil n\u00e3o \u00e9 diferente. No cen\u00e1rio local, elei\u00e7\u00f5es movem o mercado. Clique para saber mais.\" \/>\n<meta name=\"robots\" content=\"index, follow, max-snippet:-1, max-image-preview:large, max-video-preview:-1\" \/>\n<link rel=\"canonical\" href=\"https:\/\/www.suno.com.br\/noticias\/ibovespa-recua-cenario-exterior\/\" \/>\n<meta property=\"og:locale\" content=\"pt_BR\" \/>\n<meta property=\"og:type\" content=\"article\" \/>\n<meta property=\"og:title\" content=\"Ibovespa e d\u00f3lar caem no primeiro preg\u00e3o da semana, em meio a cen\u00e1rio exterior negativo\" \/>\n<meta property=\"og:description\" content=\"Bolsas do mundo todo apresentam queda hoje e no Brasil n\u00e3o \u00e9 diferente. No cen\u00e1rio local, elei\u00e7\u00f5es movem o mercado. Clique para saber mais.\" \/>\n<meta property=\"og:url\" content=\"https:\/\/www.suno.com.br\/noticias\/ibovespa-recua-cenario-exterior\/\" \/>\n<meta property=\"og:site_name\" content=\"Suno Not\u00edcias\" \/>\n<meta property=\"article:publisher\" content=\"https:\/\/facebook.com\/sunoresearch\" \/>\n<meta property=\"article:author\" content=\"https:\/\/www.linkedin.com\/in\/daniel-quandt-a49985110\/\" \/>\n<meta property=\"og:image\" content=\"https:\/\/files.sunoresearch.com.br\/n\/uploads\/2018\/09\/f3a06453-ibovespa-dolar-2.jpg\" \/>\n\t<meta property=\"og:image:width\" content=\"2560\" \/>\n\t<meta property=\"og:image:height\" content=\"1707\" \/>\n\t<meta property=\"og:image:type\" content=\"image\/jpeg\" \/>\n<meta name=\"author\" content=\"Daniel Quandt\" \/>\n<meta name=\"twitter:card\" content=\"summary_large_image\" \/>\n<meta name=\"twitter:creator\" content=\"@sunoresearch\" \/>\n<meta name=\"twitter:site\" content=\"@sunoresearch\" \/>\n<meta name=\"twitter:label1\" content=\"Escrito por\" \/>\n\t<meta name=\"twitter:data1\" content=\"Daniel Quandt\" \/>\n\t<meta name=\"twitter:label2\" content=\"Est. tempo de leitura\" \/>\n\t<meta name=\"twitter:data2\" content=\"2 minutos\" \/>\n<script type=\"application\/ld+json\" class=\"yoast-schema-graph\">{\"@context\":\"https:\/\/schema.org\",\"@graph\":[{\"@type\":\"NewsArticle\",\"@id\":\"https:\/\/www.suno.com.br\/noticias\/ibovespa-recua-cenario-exterior\/#article\",\"isPartOf\":{\"@id\":\"https:\/\/www.suno.com.br\/noticias\/ibovespa-recua-cenario-exterior\/\"},\"author\":{\"name\":\"Daniel Quandt\",\"@id\":\"https:\/\/www.suno.com.br\/noticias\/#\/schema\/person\/eca2bab82984722db00d1e6facd8bb26\"},\"headline\":\"Ibovespa e d\u00f3lar caem no primeiro preg\u00e3o da semana, em meio a cen\u00e1rio exterior negativo\",\"datePublished\":\"2018-09-24T13:33:19+00:00\",\"dateModified\":\"2018-09-24T13:47:31+00:00\",\"mainEntityOfPage\":{\"@id\":\"https:\/\/www.suno.com.br\/noticias\/ibovespa-recua-cenario-exterior\/\"},\"wordCount\":328,\"publisher\":{\"@id\":\"https:\/\/www.suno.com.br\/noticias\/#organization\"},\"image\":{\"@id\":\"https:\/\/www.suno.com.br\/noticias\/ibovespa-recua-cenario-exterior\/#primaryimage\"},\"thumbnailUrl\":\"https:\/\/files.sunoresearch.com.br\/n\/uploads\/2018\/09\/f3a06453-ibovespa-dolar-2-jpg.webp\",\"keywords\":[\"d\u00f3lar\",\"Ibovespa\"],\"articleSection\":[\"Mercado\"],\"inLanguage\":\"pt-BR\"},{\"@type\":\"WebPage\",\"@id\":\"https:\/\/www.suno.com.br\/noticias\/ibovespa-recua-cenario-exterior\/\",\"url\":\"https:\/\/www.suno.com.br\/noticias\/ibovespa-recua-cenario-exterior\/\",\"name\":\"Ibovespa e d\u00f3lar caem no primeiro preg\u00e3o da semana, em meio a cen\u00e1rio exterior negativo\",\"isPartOf\":{\"@id\":\"https:\/\/www.suno.com.br\/noticias\/#website\"},\"primaryImageOfPage\":{\"@id\":\"https:\/\/www.suno.com.br\/noticias\/ibovespa-recua-cenario-exterior\/#primaryimage\"},\"image\":{\"@id\":\"https:\/\/www.suno.com.br\/noticias\/ibovespa-recua-cenario-exterior\/#primaryimage\"},\"thumbnailUrl\":\"https:\/\/files.sunoresearch.com.br\/n\/uploads\/2018\/09\/f3a06453-ibovespa-dolar-2-jpg.webp\",\"datePublished\":\"2018-09-24T13:33:19+00:00\",\"dateModified\":\"2018-09-24T13:47:31+00:00\",\"description\":\"Bolsas do mundo todo apresentam queda hoje e no Brasil n\u00e3o \u00e9 diferente. No cen\u00e1rio local, elei\u00e7\u00f5es movem o mercado. Clique para saber mais.\",\"breadcrumb\":{\"@id\":\"https:\/\/www.suno.com.br\/noticias\/ibovespa-recua-cenario-exterior\/#breadcrumb\"},\"inLanguage\":\"pt-BR\",\"potentialAction\":[{\"@type\":\"ReadAction\",\"target\":[\"https:\/\/www.suno.com.br\/noticias\/ibovespa-recua-cenario-exterior\/\"]}]},{\"@type\":\"ImageObject\",\"inLanguage\":\"pt-BR\",\"@id\":\"https:\/\/www.suno.com.br\/noticias\/ibovespa-recua-cenario-exterior\/#primaryimage\",\"url\":\"https:\/\/files.sunoresearch.com.br\/n\/uploads\/2018\/09\/f3a06453-ibovespa-dolar-2-jpg.webp\",\"contentUrl\":\"https:\/\/files.sunoresearch.com.br\/n\/uploads\/2018\/09\/f3a06453-ibovespa-dolar-2-jpg.webp\",\"width\":2560,\"height\":1707,\"caption\":\"Ibovespa fecha em alta de 4,25%, a 85.663,48 pontos\"},{\"@type\":\"BreadcrumbList\",\"@id\":\"https:\/\/www.suno.com.br\/noticias\/ibovespa-recua-cenario-exterior\/#breadcrumb\",\"itemListElement\":[{\"@type\":\"ListItem\",\"position\":1,\"name\":\"Not\u00edcias\",\"item\":\"https:\/\/www.suno.com.br\/noticias\/\"},{\"@type\":\"ListItem\",\"position\":2,\"name\":\"Mercado\",\"item\":\"https:\/\/www.suno.com.br\/noticias\/mercado\/\"},{\"@type\":\"ListItem\",\"position\":3,\"name\":\"Ibovespa e d\u00f3lar caem no primeiro preg\u00e3o da semana, em meio a cen\u00e1rio exterior negativo\"}]},{\"@type\":\"WebSite\",\"@id\":\"https:\/\/www.suno.com.br\/noticias\/#website\",\"url\":\"https:\/\/www.suno.com.br\/noticias\/\",\"name\":\"Suno Not\u00edcias\",\"description\":\"Seu portal de informa\u00e7\u00e3o sobre o mundo dos investimentos\",\"publisher\":{\"@id\":\"https:\/\/www.suno.com.br\/noticias\/#organization\"},\"potentialAction\":[{\"@type\":\"SearchAction\",\"target\":{\"@type\":\"EntryPoint\",\"urlTemplate\":\"https:\/\/www.suno.com.br\/noticias\/?s={search_term_string}\"},\"query-input\":{\"@type\":\"PropertyValueSpecification\",\"valueRequired\":true,\"valueName\":\"search_term_string\"}}],\"inLanguage\":\"pt-BR\"},{\"@type\":\"Organization\",\"@id\":\"https:\/\/www.suno.com.br\/noticias\/#organization\",\"name\":\"Suno Not\u00edcias\",\"url\":\"https:\/\/www.suno.com.br\/noticias\/\",\"logo\":{\"@type\":\"ImageObject\",\"inLanguage\":\"pt-BR\",\"@id\":\"https:\/\/www.suno.com.br\/noticias\/#\/schema\/logo\/image\/\",\"url\":\"https:\/\/files.sunoresearch.com.br\/n\/uploads\/2021\/09\/suno-logo.png\",\"contentUrl\":\"https:\/\/files.sunoresearch.com.br\/n\/uploads\/2021\/09\/suno-logo.png\",\"width\":180,\"height\":180,\"caption\":\"Suno Not\u00edcias\"},\"image\":{\"@id\":\"https:\/\/www.suno.com.br\/noticias\/#\/schema\/logo\/image\/\"},\"sameAs\":[\"https:\/\/facebook.com\/sunoresearch\",\"https:\/\/x.com\/sunoresearch\",\"https:\/\/www.instagram.com\/suno\",\"https:\/\/www.linkedin.com\/company\/suno-research\/\",\"https:\/\/www.youtube.com\/c\/sunoresearch\"]},{\"@type\":\"Person\",\"@id\":\"https:\/\/www.suno.com.br\/noticias\/#\/schema\/person\/eca2bab82984722db00d1e6facd8bb26\",\"name\":\"Daniel Quandt\",\"image\":{\"@type\":\"ImageObject\",\"inLanguage\":\"pt-BR\",\"@id\":\"https:\/\/www.suno.com.br\/noticias\/#\/schema\/person\/image\/\",\"url\":\"https:\/\/secure.gravatar.com\/avatar\/5faf4378f9fbf4557a5836a88d66f99a?s=96&r=g\",\"contentUrl\":\"https:\/\/secure.gravatar.com\/avatar\/5faf4378f9fbf4557a5836a88d66f99a?s=96&r=g\",\"caption\":\"Daniel Quandt\"},\"description\":\"Aluno da Universidade de S\u00e3o Paulo, Daniel Quandt escreve sobre economia, mercado financeiro e pol\u00edtica no portal da Suno Research. J\u00e1 passou pela Ag\u00eancia USP de Inova\u00e7\u00e3o e pela startup de v\u00eddeo em blockchain Paratii, desenvolvendo seu conhecimento da aplica\u00e7\u00e3o de tecnologia de ponta ao mercado.\",\"sameAs\":[\"https:\/\/www.suno.com.br\/\",\"https:\/\/www.linkedin.com\/in\/daniel-quandt-a49985110\/\"],\"url\":\"https:\/\/www.suno.com.br\/noticias\/author\/daniel-quandt\/\"}]}<\/script>\n<!-- \/ Yoast SEO plugin. -->","yoast_head_json":{"title":"Ibovespa e d\u00f3lar caem no primeiro preg\u00e3o da semana, em meio a cen\u00e1rio exterior negativo","description":"Bolsas do mundo todo apresentam queda hoje e no Brasil n\u00e3o \u00e9 diferente. No cen\u00e1rio local, elei\u00e7\u00f5es movem o mercado. Clique para saber mais.","robots":{"index":"index","follow":"follow","max-snippet":"max-snippet:-1","max-image-preview":"max-image-preview:large","max-video-preview":"max-video-preview:-1"},"canonical":"https:\/\/www.suno.com.br\/noticias\/ibovespa-recua-cenario-exterior\/","og_locale":"pt_BR","og_type":"article","og_title":"Ibovespa e d\u00f3lar caem no primeiro preg\u00e3o da semana, em meio a cen\u00e1rio exterior negativo","og_description":"Bolsas do mundo todo apresentam queda hoje e no Brasil n\u00e3o \u00e9 diferente. No cen\u00e1rio local, elei\u00e7\u00f5es movem o mercado. Clique para saber mais.","og_url":"https:\/\/www.suno.com.br\/noticias\/ibovespa-recua-cenario-exterior\/","og_site_name":"Suno Not\u00edcias","article_publisher":"https:\/\/facebook.com\/sunoresearch","article_author":"https:\/\/www.linkedin.com\/in\/daniel-quandt-a49985110\/","og_image":[{"width":2560,"height":1707,"url":"https:\/\/files.sunoresearch.com.br\/n\/uploads\/2018\/09\/f3a06453-ibovespa-dolar-2.jpg","type":"image\/jpeg"}],"author":"Daniel Quandt","twitter_card":"summary_large_image","twitter_creator":"@sunoresearch","twitter_site":"@sunoresearch","twitter_misc":{"Escrito por":"Daniel Quandt","Est. tempo de leitura":"2 minutos"},"schema":{"@context":"https:\/\/schema.org","@graph":[{"@type":"NewsArticle","@id":"https:\/\/www.suno.com.br\/noticias\/ibovespa-recua-cenario-exterior\/#article","isPartOf":{"@id":"https:\/\/www.suno.com.br\/noticias\/ibovespa-recua-cenario-exterior\/"},"author":{"name":"Daniel Quandt","@id":"https:\/\/www.suno.com.br\/noticias\/#\/schema\/person\/eca2bab82984722db00d1e6facd8bb26"},"headline":"Ibovespa e d\u00f3lar caem no primeiro preg\u00e3o da semana, em meio a cen\u00e1rio exterior negativo","datePublished":"2018-09-24T13:33:19+00:00","dateModified":"2018-09-24T13:47:31+00:00","mainEntityOfPage":{"@id":"https:\/\/www.suno.com.br\/noticias\/ibovespa-recua-cenario-exterior\/"},"wordCount":328,"publisher":{"@id":"https:\/\/www.suno.com.br\/noticias\/#organization"},"image":{"@id":"https:\/\/www.suno.com.br\/noticias\/ibovespa-recua-cenario-exterior\/#primaryimage"},"thumbnailUrl":"https:\/\/files.sunoresearch.com.br\/n\/uploads\/2018\/09\/f3a06453-ibovespa-dolar-2-jpg.webp","keywords":["d\u00f3lar","Ibovespa"],"articleSection":["Mercado"],"inLanguage":"pt-BR"},{"@type":"WebPage","@id":"https:\/\/www.suno.com.br\/noticias\/ibovespa-recua-cenario-exterior\/","url":"https:\/\/www.suno.com.br\/noticias\/ibovespa-recua-cenario-exterior\/","name":"Ibovespa e d\u00f3lar caem no primeiro preg\u00e3o da semana, em meio a cen\u00e1rio exterior negativo","isPartOf":{"@id":"https:\/\/www.suno.com.br\/noticias\/#website"},"primaryImageOfPage":{"@id":"https:\/\/www.suno.com.br\/noticias\/ibovespa-recua-cenario-exterior\/#primaryimage"},"image":{"@id":"https:\/\/www.suno.com.br\/noticias\/ibovespa-recua-cenario-exterior\/#primaryimage"},"thumbnailUrl":"https:\/\/files.sunoresearch.com.br\/n\/uploads\/2018\/09\/f3a06453-ibovespa-dolar-2-jpg.webp","datePublished":"2018-09-24T13:33:19+00:00","dateModified":"2018-09-24T13:47:31+00:00","description":"Bolsas do mundo todo apresentam queda hoje e no Brasil n\u00e3o \u00e9 diferente. No cen\u00e1rio local, elei\u00e7\u00f5es movem o mercado. Clique para saber mais.","breadcrumb":{"@id":"https:\/\/www.suno.com.br\/noticias\/ibovespa-recua-cenario-exterior\/#breadcrumb"},"inLanguage":"pt-BR","potentialAction":[{"@type":"ReadAction","target":["https:\/\/www.suno.com.br\/noticias\/ibovespa-recua-cenario-exterior\/"]}]},{"@type":"ImageObject","inLanguage":"pt-BR","@id":"https:\/\/www.suno.com.br\/noticias\/ibovespa-recua-cenario-exterior\/#primaryimage","url":"https:\/\/files.sunoresearch.com.br\/n\/uploads\/2018\/09\/f3a06453-ibovespa-dolar-2-jpg.webp","contentUrl":"https:\/\/files.sunoresearch.com.br\/n\/uploads\/2018\/09\/f3a06453-ibovespa-dolar-2-jpg.webp","width":2560,"height":1707,"caption":"Ibovespa fecha em alta de 4,25%, a 85.663,48 pontos"},{"@type":"BreadcrumbList","@id":"https:\/\/www.suno.com.br\/noticias\/ibovespa-recua-cenario-exterior\/#breadcrumb","itemListElement":[{"@type":"ListItem","position":1,"name":"Not\u00edcias","item":"https:\/\/www.suno.com.br\/noticias\/"},{"@type":"ListItem","position":2,"name":"Mercado","item":"https:\/\/www.suno.com.br\/noticias\/mercado\/"},{"@type":"ListItem","position":3,"name":"Ibovespa e d\u00f3lar caem no primeiro preg\u00e3o da semana, em meio a cen\u00e1rio exterior negativo"}]},{"@type":"WebSite","@id":"https:\/\/www.suno.com.br\/noticias\/#website","url":"https:\/\/www.suno.com.br\/noticias\/","name":"Suno Not\u00edcias","description":"Seu portal de informa\u00e7\u00e3o sobre o mundo dos investimentos","publisher":{"@id":"https:\/\/www.suno.com.br\/noticias\/#organization"},"potentialAction":[{"@type":"SearchAction","target":{"@type":"EntryPoint","urlTemplate":"https:\/\/www.suno.com.br\/noticias\/?s={search_term_string}"},"query-input":{"@type":"PropertyValueSpecification","valueRequired":true,"valueName":"search_term_string"}}],"inLanguage":"pt-BR"},{"@type":"Organization","@id":"https:\/\/www.suno.com.br\/noticias\/#organization","name":"Suno Not\u00edcias","url":"https:\/\/www.suno.com.br\/noticias\/","logo":{"@type":"ImageObject","inLanguage":"pt-BR","@id":"https:\/\/www.suno.com.br\/noticias\/#\/schema\/logo\/image\/","url":"https:\/\/files.sunoresearch.com.br\/n\/uploads\/2021\/09\/suno-logo.png","contentUrl":"https:\/\/files.sunoresearch.com.br\/n\/uploads\/2021\/09\/suno-logo.png","width":180,"height":180,"caption":"Suno Not\u00edcias"},"image":{"@id":"https:\/\/www.suno.com.br\/noticias\/#\/schema\/logo\/image\/"},"sameAs":["https:\/\/facebook.com\/sunoresearch","https:\/\/x.com\/sunoresearch","https:\/\/www.instagram.com\/suno","https:\/\/www.linkedin.com\/company\/suno-research\/","https:\/\/www.youtube.com\/c\/sunoresearch"]},{"@type":"Person","@id":"https:\/\/www.suno.com.br\/noticias\/#\/schema\/person\/eca2bab82984722db00d1e6facd8bb26","name":"Daniel Quandt","image":{"@type":"ImageObject","inLanguage":"pt-BR","@id":"https:\/\/www.suno.com.br\/noticias\/#\/schema\/person\/image\/","url":"https:\/\/secure.gravatar.com\/avatar\/5faf4378f9fbf4557a5836a88d66f99a?s=96&r=g","contentUrl":"https:\/\/secure.gravatar.com\/avatar\/5faf4378f9fbf4557a5836a88d66f99a?s=96&r=g","caption":"Daniel Quandt"},"description":"Aluno da Universidade de S\u00e3o Paulo, Daniel Quandt escreve sobre economia, mercado financeiro e pol\u00edtica no portal da Suno Research. J\u00e1 passou pela Ag\u00eancia USP de Inova\u00e7\u00e3o e pela startup de v\u00eddeo em blockchain Paratii, desenvolvendo seu conhecimento da aplica\u00e7\u00e3o de tecnologia de ponta ao mercado.","sameAs":["https:\/\/www.suno.com.br\/","https:\/\/www.linkedin.com\/in\/daniel-quandt-a49985110\/"],"url":"https:\/\/www.suno.com.br\/noticias\/author\/daniel-quandt\/"}]}},"default_loop_html":"<div class=\"cardsPage__listCard__boxs\"><div class=\"cardsPage__listCard__boxs__img\"><a href=\"https:\/\/www.suno.com.br\/noticias\/ibovespa-recua-cenario-exterior\/\"><img class=\"mask\" src=\"https:\/\/www.suno.com.br\/noticias\/wp-content\/themes\/suno\/resources\/images\/spotlight\/spotlight1img\/bg-mask.png\" alt=\"Image Mask\"\/><img src=\"https:\/\/files.sunoresearch.com.br\/n\/uploads\/2018\/09\/f3a06453-ibovespa-dolar-2-400x200.webp\" alt=\"Ibovespa e d\u00f3lar caem no primeiro preg\u00e3o da semana, em meio a cen\u00e1rio exterior negativo\"\/><\/a><span class=\"spotlightCategory\"><a href=\"https:\/\/www.suno.com.br\/noticias\/mercado\/\">Mercado<\/a><\/span><\/div><div class=\"cardsPage__listCard__boxs__content\"><a href=\"https:\/\/www.suno.com.br\/noticias\/ibovespa-recua-cenario-exterior\/\"><h2 class=\"content__title\">Ibovespa e d\u00f3lar caem no primeiro preg\u00e3o da semana, em meio a cen\u00e1rio exterior negativo<\/h2><\/a><div class=\"newsContent__article__meta\"><div class=\"newsContent__article__meta__authorBox\"><a href=\"https:\/\/www.suno.com.br\/noticias\/author\/daniel-quandt\/\" class=\"authorBox__avatar noMobi\"><img src=\"https:\/\/secure.gravatar.com\/avatar\/5faf4378f9fbf4557a5836a88d66f99a?s=96&#038;r=g\" alt=\"Daniel Quandt\"><\/a><div class=\"authorBox__name\"><span>por\n\t\t\t<a href=\"https:\/\/www.suno.com.br\/noticias\/author\/daniel-quandt\/\"><span itemprop=\"author\">Daniel Quandt<\/span><\/a><\/span><time datetime=\"2018-09-24T10:33:19-03:00\" itemprop=\"datePublished\">24\/09\/2018 10:33<\/time><\/div><\/div><\/div><\/div><\/div>","single_layout":"posts","amp_enabled":true,"_links":{"self":[{"href":"https:\/\/www.suno.com.br\/noticias\/wp-json\/wp\/v2\/posts\/4272"}],"collection":[{"href":"https:\/\/www.suno.com.br\/noticias\/wp-json\/wp\/v2\/posts"}],"about":[{"href":"https:\/\/www.suno.com.br\/noticias\/wp-json\/wp\/v2\/types\/post"}],"author":[{"embeddable":true,"href":"https:\/\/www.suno.com.br\/noticias\/wp-json\/wp\/v2\/users\/5"}],"replies":[{"embeddable":true,"href":"https:\/\/www.suno.com.br\/noticias\/wp-json\/wp\/v2\/comments?post=4272"}],"version-history":[{"count":0,"href":"https:\/\/www.suno.com.br\/noticias\/wp-json\/wp\/v2\/posts\/4272\/revisions"}],"wp:featuredmedia":[{"embeddable":true,"href":"https:\/\/www.suno.com.br\/noticias\/wp-json\/wp\/v2\/media\/4273"}],"wp:attachment":[{"href":"https:\/\/www.suno.com.br\/noticias\/wp-json\/wp\/v2\/media?parent=4272"}],"wp:term":[{"taxonomy":"category","embeddable":true,"href":"https:\/\/www.suno.com.br\/noticias\/wp-json\/wp\/v2\/categories?post=4272"},{"taxonomy":"post_tag","embeddable":true,"href":"https:\/\/www.suno.com.br\/noticias\/wp-json\/wp\/v2\/tags?post=4272"},{"taxonomy":"suno_strategy","embeddable":true,"href":"https:\/\/www.suno.com.br\/noticias\/wp-json\/wp\/v2\/suno_strategy?post=4272"}],"curies":[{"name":"wp","href":"https:\/\/api.w.org\/{rel}","templated":true}]}}