{"id":427157,"date":"2023-07-10T15:53:00","date_gmt":"2023-07-10T18:53:00","guid":{"rendered":"https:\/\/www.suno.com.br\/noticias\/?p=427157"},"modified":"2023-07-10T15:53:07","modified_gmt":"2023-07-10T18:53:07","slug":"haddad-banco-central-reforma-tributaria-cpf","status":"publish","type":"post","link":"https:\/\/www.suno.com.br\/noticias\/haddad-banco-central-reforma-tributaria-cpf\/","title":{"rendered":"Haddad: &#8220;N\u00e3o tenho problema com ningu\u00e9m&#8221;, afirma sobre Campos Neto; ministro fala tamb\u00e9m sobre &#8220;2\u00ba fase da reforma tribut\u00e1ria&#8221;"},"content":{"rendered":"<p>O ministro da Fazenda, Fernando <strong>Haddad<\/strong>, afirmou que a Selic, a <a class=\"suno-keyword\" data-force=\"no\" data-priority=\"1\" href=\"https:\/\/www.suno.com.br\/artigos\/taxa-de-juros\/\" target=\"_blank\" rel=\"noopener\">taxa b\u00e1sica de juros<\/a>, n\u00e3o est\u00e1 acompanhando a desacelera\u00e7\u00e3o da infla\u00e7\u00e3o. Enquanto a taxa segue est\u00e1vel aos 13,75%, o juro real n\u00e3o para de subir e isso constrange a atividade e cr\u00e9dito no Brasil, acrescentou Haddad no podcast O Assunto. <\/p>\t<div class=\"wrapper-featured-image\">\n\t\t<figure class=\"spotlightImg\">\n\n\t\t\t<picture>\n\t\t\t\t<source media=\"(max-width: 768px)\" srcset=\"https:\/\/files.sunoresearch.com.br\/n\/uploads\/2023\/07\/haddad-banco-central-reforma-tributaria-400x200.jpg\">\n\t\t\t\t<img loading=\"lazy\" decoding=\"async\" class=\"newsContent__article__imgCapa lazyloadDisabled \" src=\"https:\/\/files.sunoresearch.com.br\/n\/uploads\/2023\/07\/haddad-banco-central-reforma-tributaria-800x450.jpg\" width=\"800\" height=\"450\" alt=\"Haddad: &#8220;N\u00e3o tenho problema com ningu\u00e9m&#8221;, afirma sobre Campos Neto; ministro fala tamb\u00e9m sobre &#8220;2\u00ba fase da reforma tribut\u00e1ria&#8221;\" fetchpriority=high \/>\n\t\t\t<\/picture>\n\n\t\t\t<figcaption class=\"wp-caption-text wp-caption-text--show\">Haddad fala sobre invas\u00e3o ao Siafi, do governo federal. Foto: Rovena Rosa\/Ag\u00eancia Brasil<\/figcaption>\n\t\t<\/figure>\n\t<\/div>\n\n\n\n\n\n\t<p>\n\t\t<a href=\"\" target=\"_blank\" data-element=\"shortcode-suno-banner\" title=\"Banner SUNO, clique e saiba mais\">\n\t\t\t<picture>\n\t\t\t\t<source media=\"(max-width: 500px)\" srcset=\"\">\n\t\t\t\t<img class=\"newsContent__article__imgCapa newsContent__article__imgCapa--banner\"\n\t\t\t\t\tsrc=\"\"\n\t\t\t\t\tdata-promo-id=\"240038\"\t\t\t\t\t\t\t\t\t\t\t\t\t\t\talt=\"\"\n\t\t\t\t>\n\t\t\t<\/picture>\n\t\t<\/a>\n\t<\/p>\n\n\n\n\n\n<p>O <strong>ministro da Fazenda<\/strong> j\u00e1 havia dado sinais de que esperava uma queda nos juros a partir de agosto e que acredita em uma comunica\u00e7\u00e3o t\u00e9cnica e econ\u00f4mica entre autoridade fiscal e autoridade monet\u00e1ria.<\/p>\n\n\n\n<p>Nesta segunda-feira (10), Haddad retificou: &#8220;N\u00e3o tenho problema pessoal com ningu\u00e9m, nem posso ter.&#8221; A fala no podcast O Assunto diz respeito ao presidente do Banco Central, <strong>Roberto Campos Neto<\/strong>, e sua equipe. <\/p>\n\n\n\n<blockquote class=\"wp-block-quote is-layout-flow wp-block-quote-is-layout-flow\">\n<p>&#8220;N\u00e3o gosto de fulanizar, n\u00e3o tenho problema pessoal com ningu\u00e9m, nem posso ter porque preciso tratar das coisas de forma institucional. Eu n\u00e3o me queixo de ningu\u00e9m, levo argumentos para ter um ponto t\u00e9cnico&#8221;, disse o ministro da Fazenda. <\/p>\n<\/blockquote>\n\n\n\n<p>De acordo com o ministro, seus argumentos em rela\u00e7\u00e3o \u00e0 <a class=\"suno-keyword\" data-force=\"no\" data-priority=\"2\" href=\"https:\/\/www.suno.com.br\/artigos\/juros\/\" target=\"_blank\" rel=\"noopener\">taxa de juros<\/a> s\u00e3o fundamentados nos <a class=\"suno-keyword\" data-force=\"no\" data-priority=\"1\" href=\"https:\/\/www.suno.com.br\/artigos\/indicadores-de-atividade\/\" target=\"_blank\" rel=\"noopener\">indicadores de atividade<\/a> econ\u00f4mica que acompanha. &#8220;Eu vejo um sinal preocupante nesse sentido que est\u00e1 na mesa de todo investidor brasileiro e estrangeiro. O pr\u00f3prio mercado financeiro est\u00e1 preocupado com a quest\u00e3o do cr\u00e9dito no Brasil. Ningu\u00e9m quer a volta da <strong>infla\u00e7\u00e3o<\/strong>, e isso n\u00e3o est\u00e1 no horizonte do Brasil&#8221;, disse.<\/p>\n\n\n\n<h2 class=\"wp-block-heading\">N\u00e3o \u00e9 preciso esperar a tribut\u00e1ria passar pelo Senado para mandar 2\u00aa fase da reforma<\/h2>\n\n\n\n<p>Ainda em participa\u00e7\u00e3o no podcast, Fernando Haddad confirmou que o governo n\u00e3o pretende esperar a conclus\u00e3o da tramita\u00e7\u00e3o da <strong>reforma tribut\u00e1ria<\/strong> sobre a simplifica\u00e7\u00e3o os impostos de consumo para enviar a segunda fase da mudan\u00e7a. Segundo o ministro, a nova fase da <a href=\"https:\/\/www.suno.com.br\/noticias\/reforma-tributaria-opiniao-bradesco-bbdc4-itau-itub4-btg-pactual-bpac11\/\" target=\"_blank\" rel=\"noreferrer noopener\">tribut\u00e1ria <\/a>precisa ir ao Congresso ao mesmo tempo que o projeto de Or\u00e7amento.<\/p>\n\n\n\n<p>Na pr\u00f3xima ter\u00e7a-feira (11), Haddad ir\u00e1 se encontrar com o presidente do Senado, <strong>Rodrigo Pacheco<\/strong> (PSD-MG), pela manh\u00e3, para discutir a reforma tribut\u00e1ria. Para ele, o Or\u00e7amento deve andar junto com a segunda fase, assim como o marco fiscal e a PEC fizeram, para n\u00e3o haverem restri\u00e7\u00f5es na pe\u00e7a or\u00e7ament\u00e1ria. <\/p>\n\n\n\n<p>Al\u00e9m disso, o ministro pontuou que o Congresso deve visualizar um or\u00e7amento balanceado entre receita e despesa, cultivando um ambiente saud\u00e1vel para atrair investimentos nacionais e estrangeiros. <\/p>\n\n\n\t<p>\n\t\t<a href=\"https:\/\/lp.suno.com.br\/ebook-gratuito-investindo-no-exterior\/\" target=\"_blank\" data-element=\"shortcode-suno-banner\" title=\"Banner SUNO, clique e saiba mais\">\n\t\t\t<picture>\n\t\t\t\t<source media=\"(max-width: 500px)\" srcset=\"https:\/\/files.sunoresearch.com.br\/n\/uploads\/2023\/03\/400x300-Investindo-no-exterior.png\">\n\t\t\t\t<img class=\"newsContent__article__imgCapa newsContent__article__imgCapa--banner\"\n\t\t\t\t\tsrc=\"https:\/\/files.sunoresearch.com.br\/n\/uploads\/2023\/03\/1420x240-Investindo-no-exterior.png\"\n\t\t\t\t\tdata-promo-id=\"383161\"\t\t\t\t\t\t\t\t\t\twidth='1420' height='240'\t\t\t\t\talt=\"https:\/\/files.sunoresearch.com.br\/n\/uploads\/2023\/03\/1420x240-Investindo-no-exterior.png\"\n\t\t\t\t>\n\t\t\t<\/picture>\n\t\t<\/a>\n\t<\/p>\n\n\n\n\n\n<h2 class=\"wp-block-heading\">Import\u00e2ncia do Banco Central na reforma, segundo Haddad<\/h2>\n\n\n\n<p>O ministro ainda apontou que junto com o Congresso, \u00e9 fundamental que o Banco Central tamb\u00e9m fa\u00e7a sua parte, harmonizando a <a class=\"suno-keyword\" data-force=\"no\" data-priority=\"1\" href=\"https:\/\/www.suno.com.br\/artigos\/politica-monetaria\/\" target=\"_blank\" rel=\"noopener\">pol\u00edtica monet\u00e1ria<\/a> ao fiscal. &#8220;Dependo da atividade para arrecadar&#8221;, disse, insinuando a expectativa na redu\u00e7\u00e3o da Selic na pr\u00f3xima reuni\u00e3o do Comit\u00ea de Pol\u00edtica Monet\u00e1ria (<strong>Copom<\/strong>) de agosto.<\/p>\n\n\n\n<p><strong>Haddad <\/strong>complementou que, sobre o vi\u00e9s arrecadat\u00f3rio das medidas: &#8220;N\u00e3o temos objetivo de criar imposto&#8221;, e que \u00e9 o crescimento da economia que aumentar\u00e1 arrecada\u00e7\u00e3o.<\/p>\n\n\n\n<p><em>Com informa\u00e7\u00f5es de Estad\u00e3o Conte\u00fado.<\/em><\/p>\n\n\n\t<p>\n\t\t<a href=\"https:\/\/lp.suno.com.br\/suno-one\/?utm_campaign=_SNC6964518A_\" target=\"_blank\" data-element=\"shortcode-suno-banner\" title=\"Banner SUNO, clique e saiba mais\">\n\t\t\t<picture>\n\t\t\t\t<source media=\"(max-width: 500px)\" srcset=\"https:\/\/files.sunoresearch.com.br\/n\/uploads\/2025\/09\/400x300-Suno-One-png.webp\">\n\t\t\t\t<img class=\"newsContent__article__imgCapa newsContent__article__imgCapa--banner\"\n\t\t\t\t\tsrc=\"https:\/\/files.sunoresearch.com.br\/n\/uploads\/2025\/09\/1420x240-Suno-One-png.webp\"\n\t\t\t\t\tdata-promo-id=\"383121\"\t\t\t\t\t\t\t\t\t\twidth='1420' height='240'\t\t\t\t\talt=\"https:\/\/files.sunoresearch.com.br\/n\/uploads\/2025\/09\/1420x240-Suno-One-png.webp\"\n\t\t\t\t>\n\t\t\t<\/picture>\n\t\t<\/a>\n\t<\/p>\n\n\n","protected":false},"excerpt":{"rendered":"<p>O ministro da Fazenda, Fernando Haddad, afirmou que a Selic, a taxa b\u00e1sica de juros, n\u00e3o est\u00e1 acompanhando a desacelera\u00e7\u00e3o da infla\u00e7\u00e3o. Enquanto a taxa segue est\u00e1vel aos 13,75%, o juro real n\u00e3o para de subir e isso constrange a atividade e cr\u00e9dito no Brasil, acrescentou Haddad no podcast O Assunto. Haddad fala sobre invas\u00e3o [&hellip;]<\/p>\n","protected":false},"author":283,"featured_media":427207,"comment_status":"closed","ping_status":"closed","sticky":false,"template":"","format":"standard","meta":[],"categories":[64],"tags":[1842,716,1286,290],"suno_strategy":[],"class_list":["post-427157","post","type-post","status-publish","format-standard","has-post-thumbnail","hentry","category-negocios","tag-banco-central-bc","tag-fernando-haddad","tag-reforma-tributaria","tag-taxa-selic"],"yoast_head":"<!-- This site is optimized with the Yoast SEO plugin v24.4 - https:\/\/yoast.com\/wordpress\/plugins\/seo\/ -->\n<title>Haddad n\u00e3o tem &#039;problema com ningu\u00e9m&#039; do BC e quer acelerar tribut\u00e1ria<\/title>\n<meta name=\"description\" content=\"Em entrevista, Fernando Haddad, falou sobre a Selic n\u00e3o acompanhar a economia e os pr\u00f3ximos passos da reforma tribut\u00e1ria no Senado; leia mais\" \/>\n<meta name=\"robots\" content=\"index, follow, max-snippet:-1, max-image-preview:large, max-video-preview:-1\" \/>\n<link rel=\"canonical\" href=\"https:\/\/www.suno.com.br\/noticias\/haddad-banco-central-reforma-tributaria-cpf\/\" \/>\n<meta property=\"og:locale\" content=\"pt_BR\" \/>\n<meta property=\"og:type\" content=\"article\" \/>\n<meta property=\"og:title\" content=\"Haddad n\u00e3o tem &#039;problema com ningu\u00e9m&#039; do BC e quer acelerar tribut\u00e1ria\" \/>\n<meta property=\"og:description\" content=\"Em entrevista, Fernando Haddad, falou sobre a Selic n\u00e3o acompanhar a economia e os pr\u00f3ximos passos da reforma tribut\u00e1ria no Senado; leia mais\" \/>\n<meta property=\"og:url\" content=\"https:\/\/www.suno.com.br\/noticias\/haddad-banco-central-reforma-tributaria-cpf\/\" \/>\n<meta property=\"og:site_name\" content=\"Suno Not\u00edcias\" \/>\n<meta property=\"article:publisher\" content=\"https:\/\/facebook.com\/sunoresearch\" \/>\n<meta property=\"og:image\" content=\"https:\/\/files.sunoresearch.com.br\/n\/uploads\/2023\/07\/haddad-banco-central-reforma-tributaria.jpg\" \/>\n\t<meta property=\"og:image:width\" content=\"1200\" \/>\n\t<meta property=\"og:image:height\" content=\"800\" \/>\n\t<meta property=\"og:image:type\" content=\"image\/jpeg\" \/>\n<meta name=\"author\" content=\"Camila Paim\" \/>\n<meta name=\"twitter:card\" content=\"summary_large_image\" \/>\n<meta name=\"twitter:creator\" content=\"@sunoresearch\" \/>\n<meta name=\"twitter:site\" content=\"@sunoresearch\" \/>\n<meta name=\"twitter:label1\" content=\"Escrito por\" \/>\n\t<meta name=\"twitter:data1\" content=\"Camila Paim\" \/>\n\t<meta name=\"twitter:label2\" content=\"Est. tempo de leitura\" \/>\n\t<meta name=\"twitter:data2\" content=\"3 minutos\" \/>\n<script type=\"application\/ld+json\" class=\"yoast-schema-graph\">{\"@context\":\"https:\/\/schema.org\",\"@graph\":[{\"@type\":\"NewsArticle\",\"@id\":\"https:\/\/www.suno.com.br\/noticias\/haddad-banco-central-reforma-tributaria-cpf\/#article\",\"isPartOf\":{\"@id\":\"https:\/\/www.suno.com.br\/noticias\/haddad-banco-central-reforma-tributaria-cpf\/\"},\"author\":{\"name\":\"Camila Paim\",\"@id\":\"https:\/\/www.suno.com.br\/noticias\/#\/schema\/person\/f341d3ae5d1cc685176c9a5327cdfdbb\"},\"headline\":\"Haddad: &#8220;N\u00e3o tenho problema com ningu\u00e9m&#8221;, afirma sobre Campos Neto; ministro fala tamb\u00e9m sobre &#8220;2\u00ba fase da reforma tribut\u00e1ria&#8221;\",\"datePublished\":\"2023-07-10T18:53:00+00:00\",\"dateModified\":\"2023-07-10T18:53:07+00:00\",\"mainEntityOfPage\":{\"@id\":\"https:\/\/www.suno.com.br\/noticias\/haddad-banco-central-reforma-tributaria-cpf\/\"},\"wordCount\":549,\"publisher\":{\"@id\":\"https:\/\/www.suno.com.br\/noticias\/#organization\"},\"image\":{\"@id\":\"https:\/\/www.suno.com.br\/noticias\/haddad-banco-central-reforma-tributaria-cpf\/#primaryimage\"},\"thumbnailUrl\":\"https:\/\/files.sunoresearch.com.br\/n\/uploads\/2023\/07\/haddad-banco-central-reforma-tributaria.jpg\",\"keywords\":[\"Banco Central (BC)\",\"Fernando Haddad\",\"reforma tribut\u00e1ria\",\"Taxa Selic\"],\"articleSection\":[\"Neg\u00f3cios\"],\"inLanguage\":\"pt-BR\"},{\"@type\":\"WebPage\",\"@id\":\"https:\/\/www.suno.com.br\/noticias\/haddad-banco-central-reforma-tributaria-cpf\/\",\"url\":\"https:\/\/www.suno.com.br\/noticias\/haddad-banco-central-reforma-tributaria-cpf\/\",\"name\":\"Haddad n\u00e3o tem 'problema com ningu\u00e9m' do BC e quer acelerar tribut\u00e1ria\",\"isPartOf\":{\"@id\":\"https:\/\/www.suno.com.br\/noticias\/#website\"},\"primaryImageOfPage\":{\"@id\":\"https:\/\/www.suno.com.br\/noticias\/haddad-banco-central-reforma-tributaria-cpf\/#primaryimage\"},\"image\":{\"@id\":\"https:\/\/www.suno.com.br\/noticias\/haddad-banco-central-reforma-tributaria-cpf\/#primaryimage\"},\"thumbnailUrl\":\"https:\/\/files.sunoresearch.com.br\/n\/uploads\/2023\/07\/haddad-banco-central-reforma-tributaria.jpg\",\"datePublished\":\"2023-07-10T18:53:00+00:00\",\"dateModified\":\"2023-07-10T18:53:07+00:00\",\"description\":\"Em entrevista, Fernando Haddad, falou sobre a Selic n\u00e3o acompanhar a economia e os pr\u00f3ximos passos da reforma tribut\u00e1ria no Senado; leia mais\",\"breadcrumb\":{\"@id\":\"https:\/\/www.suno.com.br\/noticias\/haddad-banco-central-reforma-tributaria-cpf\/#breadcrumb\"},\"inLanguage\":\"pt-BR\",\"potentialAction\":[{\"@type\":\"ReadAction\",\"target\":[\"https:\/\/www.suno.com.br\/noticias\/haddad-banco-central-reforma-tributaria-cpf\/\"]}]},{\"@type\":\"ImageObject\",\"inLanguage\":\"pt-BR\",\"@id\":\"https:\/\/www.suno.com.br\/noticias\/haddad-banco-central-reforma-tributaria-cpf\/#primaryimage\",\"url\":\"https:\/\/files.sunoresearch.com.br\/n\/uploads\/2023\/07\/haddad-banco-central-reforma-tributaria.jpg\",\"contentUrl\":\"https:\/\/files.sunoresearch.com.br\/n\/uploads\/2023\/07\/haddad-banco-central-reforma-tributaria.jpg\",\"width\":1200,\"height\":800,\"caption\":\"Haddad fala sobre invas\u00e3o ao Siafi, do governo federal. Foto: Rovena Rosa\/Ag\u00eancia Brasil\"},{\"@type\":\"BreadcrumbList\",\"@id\":\"https:\/\/www.suno.com.br\/noticias\/haddad-banco-central-reforma-tributaria-cpf\/#breadcrumb\",\"itemListElement\":[{\"@type\":\"ListItem\",\"position\":1,\"name\":\"Not\u00edcias\",\"item\":\"https:\/\/www.suno.com.br\/noticias\/\"},{\"@type\":\"ListItem\",\"position\":2,\"name\":\"Neg\u00f3cios\",\"item\":\"https:\/\/www.suno.com.br\/noticias\/negocios\/\"},{\"@type\":\"ListItem\",\"position\":3,\"name\":\"Haddad: &#8220;N\u00e3o tenho problema com ningu\u00e9m&#8221;, afirma sobre Campos Neto; ministro fala tamb\u00e9m sobre &#8220;2\u00ba fase da reforma tribut\u00e1ria&#8221;\"}]},{\"@type\":\"WebSite\",\"@id\":\"https:\/\/www.suno.com.br\/noticias\/#website\",\"url\":\"https:\/\/www.suno.com.br\/noticias\/\",\"name\":\"Suno Not\u00edcias\",\"description\":\"Seu portal de informa\u00e7\u00e3o sobre o mundo dos investimentos\",\"publisher\":{\"@id\":\"https:\/\/www.suno.com.br\/noticias\/#organization\"},\"potentialAction\":[{\"@type\":\"SearchAction\",\"target\":{\"@type\":\"EntryPoint\",\"urlTemplate\":\"https:\/\/www.suno.com.br\/noticias\/?s={search_term_string}\"},\"query-input\":{\"@type\":\"PropertyValueSpecification\",\"valueRequired\":true,\"valueName\":\"search_term_string\"}}],\"inLanguage\":\"pt-BR\"},{\"@type\":\"Organization\",\"@id\":\"https:\/\/www.suno.com.br\/noticias\/#organization\",\"name\":\"Suno Not\u00edcias\",\"url\":\"https:\/\/www.suno.com.br\/noticias\/\",\"logo\":{\"@type\":\"ImageObject\",\"inLanguage\":\"pt-BR\",\"@id\":\"https:\/\/www.suno.com.br\/noticias\/#\/schema\/logo\/image\/\",\"url\":\"https:\/\/files.sunoresearch.com.br\/n\/uploads\/2021\/09\/suno-logo.png\",\"contentUrl\":\"https:\/\/files.sunoresearch.com.br\/n\/uploads\/2021\/09\/suno-logo.png\",\"width\":180,\"height\":180,\"caption\":\"Suno Not\u00edcias\"},\"image\":{\"@id\":\"https:\/\/www.suno.com.br\/noticias\/#\/schema\/logo\/image\/\"},\"sameAs\":[\"https:\/\/facebook.com\/sunoresearch\",\"https:\/\/x.com\/sunoresearch\",\"https:\/\/www.instagram.com\/suno\",\"https:\/\/www.linkedin.com\/company\/suno-research\/\",\"https:\/\/www.youtube.com\/c\/sunoresearch\"]},{\"@type\":\"Person\",\"@id\":\"https:\/\/www.suno.com.br\/noticias\/#\/schema\/person\/f341d3ae5d1cc685176c9a5327cdfdbb\",\"name\":\"Camila Paim\",\"image\":{\"@type\":\"ImageObject\",\"inLanguage\":\"pt-BR\",\"@id\":\"https:\/\/www.suno.com.br\/noticias\/#\/schema\/person\/image\/\",\"url\":\"https:\/\/secure.gravatar.com\/avatar\/f33728e65febb1aa7ecf6792956f9b20?s=96&r=g\",\"contentUrl\":\"https:\/\/secure.gravatar.com\/avatar\/f33728e65febb1aa7ecf6792956f9b20?s=96&r=g\",\"caption\":\"Camila Paim\"},\"description\":\"Jornalista formada pela USP, tem experi\u00eancia em reda\u00e7\u00f5es, SEO, Branded Content e Webdesign. Com passagem pelo Jornal da USP, Empiricus e C6 Bank, hoje \u00e9 rep\u00f3rter no Suno Not\u00edcias cobrindo macroeconomia, finan\u00e7as pessoais e startups.\",\"url\":\"https:\/\/www.suno.com.br\/noticias\/author\/camila-figueiredosuno-com-br\/\"}]}<\/script>\n<!-- \/ Yoast SEO plugin. -->","yoast_head_json":{"title":"Haddad n\u00e3o tem 'problema com ningu\u00e9m' do BC e quer acelerar tribut\u00e1ria","description":"Em entrevista, Fernando Haddad, falou sobre a Selic n\u00e3o acompanhar a economia e os pr\u00f3ximos passos da reforma tribut\u00e1ria no Senado; leia mais","robots":{"index":"index","follow":"follow","max-snippet":"max-snippet:-1","max-image-preview":"max-image-preview:large","max-video-preview":"max-video-preview:-1"},"canonical":"https:\/\/www.suno.com.br\/noticias\/haddad-banco-central-reforma-tributaria-cpf\/","og_locale":"pt_BR","og_type":"article","og_title":"Haddad n\u00e3o tem 'problema com ningu\u00e9m' do BC e quer acelerar tribut\u00e1ria","og_description":"Em entrevista, Fernando Haddad, falou sobre a Selic n\u00e3o acompanhar a economia e os pr\u00f3ximos passos da reforma tribut\u00e1ria no Senado; leia mais","og_url":"https:\/\/www.suno.com.br\/noticias\/haddad-banco-central-reforma-tributaria-cpf\/","og_site_name":"Suno Not\u00edcias","article_publisher":"https:\/\/facebook.com\/sunoresearch","og_image":[{"width":1200,"height":800,"url":"https:\/\/files.sunoresearch.com.br\/n\/uploads\/2023\/07\/haddad-banco-central-reforma-tributaria.jpg","type":"image\/jpeg"}],"author":"Camila Paim","twitter_card":"summary_large_image","twitter_creator":"@sunoresearch","twitter_site":"@sunoresearch","twitter_misc":{"Escrito por":"Camila Paim","Est. tempo de leitura":"3 minutos"},"schema":{"@context":"https:\/\/schema.org","@graph":[{"@type":"NewsArticle","@id":"https:\/\/www.suno.com.br\/noticias\/haddad-banco-central-reforma-tributaria-cpf\/#article","isPartOf":{"@id":"https:\/\/www.suno.com.br\/noticias\/haddad-banco-central-reforma-tributaria-cpf\/"},"author":{"name":"Camila Paim","@id":"https:\/\/www.suno.com.br\/noticias\/#\/schema\/person\/f341d3ae5d1cc685176c9a5327cdfdbb"},"headline":"Haddad: &#8220;N\u00e3o tenho problema com ningu\u00e9m&#8221;, afirma sobre Campos Neto; ministro fala tamb\u00e9m sobre &#8220;2\u00ba fase da reforma tribut\u00e1ria&#8221;","datePublished":"2023-07-10T18:53:00+00:00","dateModified":"2023-07-10T18:53:07+00:00","mainEntityOfPage":{"@id":"https:\/\/www.suno.com.br\/noticias\/haddad-banco-central-reforma-tributaria-cpf\/"},"wordCount":549,"publisher":{"@id":"https:\/\/www.suno.com.br\/noticias\/#organization"},"image":{"@id":"https:\/\/www.suno.com.br\/noticias\/haddad-banco-central-reforma-tributaria-cpf\/#primaryimage"},"thumbnailUrl":"https:\/\/files.sunoresearch.com.br\/n\/uploads\/2023\/07\/haddad-banco-central-reforma-tributaria.jpg","keywords":["Banco Central (BC)","Fernando Haddad","reforma tribut\u00e1ria","Taxa Selic"],"articleSection":["Neg\u00f3cios"],"inLanguage":"pt-BR"},{"@type":"WebPage","@id":"https:\/\/www.suno.com.br\/noticias\/haddad-banco-central-reforma-tributaria-cpf\/","url":"https:\/\/www.suno.com.br\/noticias\/haddad-banco-central-reforma-tributaria-cpf\/","name":"Haddad n\u00e3o tem 'problema com ningu\u00e9m' do BC e quer acelerar tribut\u00e1ria","isPartOf":{"@id":"https:\/\/www.suno.com.br\/noticias\/#website"},"primaryImageOfPage":{"@id":"https:\/\/www.suno.com.br\/noticias\/haddad-banco-central-reforma-tributaria-cpf\/#primaryimage"},"image":{"@id":"https:\/\/www.suno.com.br\/noticias\/haddad-banco-central-reforma-tributaria-cpf\/#primaryimage"},"thumbnailUrl":"https:\/\/files.sunoresearch.com.br\/n\/uploads\/2023\/07\/haddad-banco-central-reforma-tributaria.jpg","datePublished":"2023-07-10T18:53:00+00:00","dateModified":"2023-07-10T18:53:07+00:00","description":"Em entrevista, Fernando Haddad, falou sobre a Selic n\u00e3o acompanhar a economia e os pr\u00f3ximos passos da reforma tribut\u00e1ria no Senado; leia mais","breadcrumb":{"@id":"https:\/\/www.suno.com.br\/noticias\/haddad-banco-central-reforma-tributaria-cpf\/#breadcrumb"},"inLanguage":"pt-BR","potentialAction":[{"@type":"ReadAction","target":["https:\/\/www.suno.com.br\/noticias\/haddad-banco-central-reforma-tributaria-cpf\/"]}]},{"@type":"ImageObject","inLanguage":"pt-BR","@id":"https:\/\/www.suno.com.br\/noticias\/haddad-banco-central-reforma-tributaria-cpf\/#primaryimage","url":"https:\/\/files.sunoresearch.com.br\/n\/uploads\/2023\/07\/haddad-banco-central-reforma-tributaria.jpg","contentUrl":"https:\/\/files.sunoresearch.com.br\/n\/uploads\/2023\/07\/haddad-banco-central-reforma-tributaria.jpg","width":1200,"height":800,"caption":"Haddad fala sobre invas\u00e3o ao Siafi, do governo federal. Foto: Rovena Rosa\/Ag\u00eancia Brasil"},{"@type":"BreadcrumbList","@id":"https:\/\/www.suno.com.br\/noticias\/haddad-banco-central-reforma-tributaria-cpf\/#breadcrumb","itemListElement":[{"@type":"ListItem","position":1,"name":"Not\u00edcias","item":"https:\/\/www.suno.com.br\/noticias\/"},{"@type":"ListItem","position":2,"name":"Neg\u00f3cios","item":"https:\/\/www.suno.com.br\/noticias\/negocios\/"},{"@type":"ListItem","position":3,"name":"Haddad: &#8220;N\u00e3o tenho problema com ningu\u00e9m&#8221;, afirma sobre Campos Neto; ministro fala tamb\u00e9m sobre &#8220;2\u00ba fase da reforma tribut\u00e1ria&#8221;"}]},{"@type":"WebSite","@id":"https:\/\/www.suno.com.br\/noticias\/#website","url":"https:\/\/www.suno.com.br\/noticias\/","name":"Suno Not\u00edcias","description":"Seu portal de informa\u00e7\u00e3o sobre o mundo dos investimentos","publisher":{"@id":"https:\/\/www.suno.com.br\/noticias\/#organization"},"potentialAction":[{"@type":"SearchAction","target":{"@type":"EntryPoint","urlTemplate":"https:\/\/www.suno.com.br\/noticias\/?s={search_term_string}"},"query-input":{"@type":"PropertyValueSpecification","valueRequired":true,"valueName":"search_term_string"}}],"inLanguage":"pt-BR"},{"@type":"Organization","@id":"https:\/\/www.suno.com.br\/noticias\/#organization","name":"Suno Not\u00edcias","url":"https:\/\/www.suno.com.br\/noticias\/","logo":{"@type":"ImageObject","inLanguage":"pt-BR","@id":"https:\/\/www.suno.com.br\/noticias\/#\/schema\/logo\/image\/","url":"https:\/\/files.sunoresearch.com.br\/n\/uploads\/2021\/09\/suno-logo.png","contentUrl":"https:\/\/files.sunoresearch.com.br\/n\/uploads\/2021\/09\/suno-logo.png","width":180,"height":180,"caption":"Suno Not\u00edcias"},"image":{"@id":"https:\/\/www.suno.com.br\/noticias\/#\/schema\/logo\/image\/"},"sameAs":["https:\/\/facebook.com\/sunoresearch","https:\/\/x.com\/sunoresearch","https:\/\/www.instagram.com\/suno","https:\/\/www.linkedin.com\/company\/suno-research\/","https:\/\/www.youtube.com\/c\/sunoresearch"]},{"@type":"Person","@id":"https:\/\/www.suno.com.br\/noticias\/#\/schema\/person\/f341d3ae5d1cc685176c9a5327cdfdbb","name":"Camila Paim","image":{"@type":"ImageObject","inLanguage":"pt-BR","@id":"https:\/\/www.suno.com.br\/noticias\/#\/schema\/person\/image\/","url":"https:\/\/secure.gravatar.com\/avatar\/f33728e65febb1aa7ecf6792956f9b20?s=96&r=g","contentUrl":"https:\/\/secure.gravatar.com\/avatar\/f33728e65febb1aa7ecf6792956f9b20?s=96&r=g","caption":"Camila Paim"},"description":"Jornalista formada pela USP, tem experi\u00eancia em reda\u00e7\u00f5es, SEO, Branded Content e Webdesign. Com passagem pelo Jornal da USP, Empiricus e C6 Bank, hoje \u00e9 rep\u00f3rter no Suno Not\u00edcias cobrindo macroeconomia, finan\u00e7as pessoais e startups.","url":"https:\/\/www.suno.com.br\/noticias\/author\/camila-figueiredosuno-com-br\/"}]}},"default_loop_html":"<div class=\"cardsPage__listCard__boxs\"><div class=\"cardsPage__listCard__boxs__img\"><a href=\"https:\/\/www.suno.com.br\/noticias\/haddad-banco-central-reforma-tributaria-cpf\/\"><img class=\"mask\" src=\"https:\/\/www.suno.com.br\/noticias\/wp-content\/themes\/suno\/resources\/images\/spotlight\/spotlight1img\/bg-mask.png\" alt=\"Image Mask\"\/><img src=\"https:\/\/files.sunoresearch.com.br\/n\/uploads\/2023\/07\/haddad-banco-central-reforma-tributaria-400x200.jpg\" alt=\"Haddad: &#8220;N\u00e3o tenho problema com ningu\u00e9m&#8221;, afirma sobre Campos Neto; ministro fala tamb\u00e9m sobre &#8220;2\u00ba fase da reforma tribut\u00e1ria&#8221;\"\/><\/a><span class=\"spotlightCategory\"><a href=\"https:\/\/www.suno.com.br\/noticias\/negocios\/\">Neg\u00f3cios<\/a><\/span><\/div><div class=\"cardsPage__listCard__boxs__content\"><a href=\"https:\/\/www.suno.com.br\/noticias\/haddad-banco-central-reforma-tributaria-cpf\/\"><h2 class=\"content__title\">Haddad: &#8220;N\u00e3o tenho problema com ningu\u00e9m&#8221;, afirma sobre Campos Neto; ministro fala tamb\u00e9m sobre &#8220;2\u00ba fase da reforma tribut\u00e1ria&#8221;<\/h2><\/a><div class=\"newsContent__article__meta\"><div class=\"newsContent__article__meta__authorBox\"><a href=\"https:\/\/www.suno.com.br\/noticias\/author\/camila-figueiredosuno-com-br\/\" class=\"authorBox__avatar noMobi\"><img src=\"https:\/\/files.sunoresearch.com.br\/n\/uploads\/2024\/05\/camila-paim-square-150x150.jpg\" alt=\"Camila Paim\"><\/a><div class=\"authorBox__name\"><span>por\n\t\t\t<a href=\"https:\/\/www.suno.com.br\/noticias\/author\/camila-figueiredosuno-com-br\/\"><span itemprop=\"author\">Camila Paim<\/span><\/a><\/span><time datetime=\"2023-07-10T15:53:00-03:00\" itemprop=\"datePublished\">10\/07\/2023 15:53<\/time><\/div><\/div><\/div><\/div><\/div>","single_layout":"posts","amp_enabled":true,"_links":{"self":[{"href":"https:\/\/www.suno.com.br\/noticias\/wp-json\/wp\/v2\/posts\/427157"}],"collection":[{"href":"https:\/\/www.suno.com.br\/noticias\/wp-json\/wp\/v2\/posts"}],"about":[{"href":"https:\/\/www.suno.com.br\/noticias\/wp-json\/wp\/v2\/types\/post"}],"author":[{"embeddable":true,"href":"https:\/\/www.suno.com.br\/noticias\/wp-json\/wp\/v2\/users\/283"}],"replies":[{"embeddable":true,"href":"https:\/\/www.suno.com.br\/noticias\/wp-json\/wp\/v2\/comments?post=427157"}],"version-history":[{"count":2,"href":"https:\/\/www.suno.com.br\/noticias\/wp-json\/wp\/v2\/posts\/427157\/revisions"}],"predecessor-version":[{"id":427246,"href":"https:\/\/www.suno.com.br\/noticias\/wp-json\/wp\/v2\/posts\/427157\/revisions\/427246"}],"wp:featuredmedia":[{"embeddable":true,"href":"https:\/\/www.suno.com.br\/noticias\/wp-json\/wp\/v2\/media\/427207"}],"wp:attachment":[{"href":"https:\/\/www.suno.com.br\/noticias\/wp-json\/wp\/v2\/media?parent=427157"}],"wp:term":[{"taxonomy":"category","embeddable":true,"href":"https:\/\/www.suno.com.br\/noticias\/wp-json\/wp\/v2\/categories?post=427157"},{"taxonomy":"post_tag","embeddable":true,"href":"https:\/\/www.suno.com.br\/noticias\/wp-json\/wp\/v2\/tags?post=427157"},{"taxonomy":"suno_strategy","embeddable":true,"href":"https:\/\/www.suno.com.br\/noticias\/wp-json\/wp\/v2\/suno_strategy?post=427157"}],"curies":[{"name":"wp","href":"https:\/\/api.w.org\/{rel}","templated":true}]}}