{"id":42709,"date":"2019-10-28T20:01:43","date_gmt":"2019-10-28T22:01:43","guid":{"rendered":"https:\/\/www.suno.com.br\/noticias\/?p=42709"},"modified":"2019-10-28T20:01:43","modified_gmt":"2019-10-28T22:01:43","slug":"banco-safra-alberto-corsetti-novo-presidente","status":"publish","type":"post","link":"https:\/\/www.suno.com.br\/noticias\/banco-safra-alberto-corsetti-novo-presidente\/","title":{"rendered":"Banco Safra: Alberto Corsetti ser\u00e1 o novo presidente da institui\u00e7\u00e3o"},"content":{"rendered":"<p><strong>Alberto Corsetti<\/strong> ser\u00e1 o novo presidente do Banco Safra. A not\u00edcia foi divulgada, nesta segunda-feira (28), pela coluna do &#8220;Broadcast&#8221; do jornal &#8220;Estad\u00e3o&#8221;.<\/p>\t<div class=\"wrapper-featured-image\">\n\t\t<figure class=\"spotlightImg\">\n\n\t\t\t<picture>\n\t\t\t\t<source media=\"(max-width: 768px)\" srcset=\"https:\/\/files.sunoresearch.com.br\/n\/uploads\/2019\/04\/00fd9396-banco-safra-400x200.webp\">\n\t\t\t\t<img loading=\"lazy\" decoding=\"async\" class=\"newsContent__article__imgCapa lazyloadDisabled newsContent__article__imgCapa--noCaption\" src=\"https:\/\/files.sunoresearch.com.br\/n\/uploads\/2019\/04\/00fd9396-banco-safra-800x450.webp\" width=\"800\" height=\"450\" alt=\"Banco Safra: Alberto Corsetti ser\u00e1 o novo presidente da institui\u00e7\u00e3o\" fetchpriority=high \/>\n\t\t\t<\/picture>\n\n\t\t\t<figcaption class=\"wp-caption-text wp-caption-text--hide\">Banco Safra recomenda a\u00e7\u00f5es para 2022, prevendo ano fraco para o Ibovespa. Foto: divulga\u00e7\u00e3o.<\/figcaption>\n\t\t<\/figure>\n\t<\/div>\n\n\n\n<p>O executivo tem mais de 50 anos de experi\u00eancia no <strong>Banco Safra<\/strong> e foi escolhido depois da sa\u00edda de <strong>Alberto Safra,<\/strong> na \u00faltima sexta (25).<\/p>\n<p><strong>Corsetti<\/strong> substitui <strong>Rossano<\/strong> <strong>Maranh\u00e3o<\/strong>, que deixou o Banco juntamente com Safra e o vice-presidente, <strong>Eduardo Sosa.<\/strong><\/p>\n<p>Ainda segundo o jornal, o nome de <strong>Jo\u00e3o Carlos Chede<\/strong> foi indicado para presidir o conselho de administra\u00e7\u00e3o do banco. Chede integrou o alto escal\u00e3o da casa no passado. De acordo com o &#8220;Estad\u00e3o&#8221;, ainda falta o aval do colegiado para que Chede possa assumir o cargo.<\/p>\n<h2>Sa\u00edda de Alberto Safra<\/h2>\n<p>Alberto Safra deixou o Banco Safra na \u00faltima sexta (28). De acordo com a institui\u00e7\u00e3o, a sa\u00edda se deu \u00e0 inten\u00e7\u00e3o de se dedicar a um <strong>projeto pessoal<\/strong>.<\/p>\n<p><a href=\"https:\/\/www.suno.com.br\/noticias\/alberto-safra-banco-familia-david-richa\/\">Saiba mais: Alberto Safra sai do banco da fam\u00edlia e planeja abrir novo neg\u00f3cio<\/a><\/p>\n<p>Al\u00e9m de <strong>Safra<\/strong>, <strong>Rossano Maranh\u00e3o,<\/strong> presidente do banco, tamb\u00e9m se desligou. Segundo fontes pr\u00f3ximas ao assunto, Maranh\u00e3o \u00e9 pr\u00f3ximo de Alberto e saiu pois ambos est\u00e3o trabalhando em um novo projeto na<strong> \u00e1rea financeira<\/strong>.<\/p>\n<p>De acordo com o jornal &#8220;Valor Econ\u00f4mico&#8221;, al\u00e9m de se dedicar ao novo projeto, a sa\u00edda de Alberto tamb\u00e9m foi devido as discord\u00e2ncias com seu irm\u00e3o mais novo, <strong>David Safra<\/strong>. Ambos s\u00e3o filhos do banqueiro Joseph Safra.<\/p>\n<p>Aberto era respons\u00e1vel pelas opera\u00e7\u00f5es de pessoas jur\u00eddicas e David responde pelos neg\u00f3cios de pessoas f\u00edsicas. O desentendimento era sobre a condu\u00e7\u00e3o dos neg\u00f3cios da institui\u00e7\u00e3o.<\/p>\n<p>Apesar de ambos ocuparem fun\u00e7\u00f5es em \u00e1reas diferentes, na metade deste ano, os irm\u00e3os se divergiram sobre a carteira digital do banco. A <strong>SafraWallet<\/strong> foi desenvolvida na \u00e1rea de Alberto, no entanto, David acreditava que deveria ser incorporada em sua \u00e1rea.<\/p>\n\t<p>\n\t\t<a href=\"https:\/\/lp.suno.com.br\/asset\/fundos\/suno-fic-fia\/\" target=\"_blank\" data-element=\"shortcode-suno-banner\" title=\"Banner SUNO, clique e saiba mais\">\n\t\t\t<picture>\n\t\t\t\t<source media=\"(max-width: 500px)\" srcset=\"https:\/\/files.sunoresearch.com.br\/n\/uploads\/2023\/10\/SUNO-FIC-FIA-400x300-Mobile-Artigos-5.png\">\n\t\t\t\t<img class=\"newsContent__article__imgCapa newsContent__article__imgCapa--banner\"\n\t\t\t\t\tsrc=\"https:\/\/files.sunoresearch.com.br\/n\/uploads\/2023\/10\/SUNO-FIC-FIA-1420x240-Banner-Artigos-1-_-Banner-Materias-4.png\"\n\t\t\t\t\tdata-promo-id=\"478742\"\t\t\t\t\t\t\t\t\t\twidth='2840' height='480'\t\t\t\t\talt=\"https:\/\/files.sunoresearch.com.br\/n\/uploads\/2023\/10\/SUNO-FIC-FIA-1420x240-Banner-Artigos-1-_-Banner-Materias-4.png\"\n\t\t\t\t>\n\t\t\t<\/picture>\n\t\t<\/a>\n\t<\/p>\n\n\n<p>As fontes informaram que Aberto n\u00e3o saiu com inimizades em sua fam\u00edlia. Ao inv\u00e9s disso, decidiu sair para que a institui\u00e7\u00e3o n\u00e3o fosse prejudicada e que os la\u00e7os familiares n\u00e3o se rompessem.<\/p>\n<p>S\u00e3o tr\u00eas irm\u00e3o, Alberto de 39 anos, David de 35 anos e Jacob o mais velho que atualmente \u00e9 respons\u00e1vel pelas opera\u00e7\u00f5es internacionais do <strong>Banco Safra.<\/strong><\/p>\n","protected":false},"excerpt":{"rendered":"<p>Alberto Corsetti ser\u00e1 o novo presidente do Banco Safra. A not\u00edcia foi divulgada, nesta segunda-feira (28), pela coluna do &#8220;Broadcast&#8221; do jornal &#8220;Estad\u00e3o&#8221;. Banco Safra recomenda a\u00e7\u00f5es para 2022, prevendo ano fraco para o Ibovespa. Foto: divulga\u00e7\u00e3o. O executivo tem mais de 50 anos de experi\u00eancia no Banco Safra e foi escolhido depois da sa\u00edda [&hellip;]<\/p>\n","protected":false},"author":23,"featured_media":20226,"comment_status":"closed","ping_status":"closed","sticky":false,"template":"","format":"standard","meta":[],"categories":[64],"tags":[1518],"suno_strategy":[],"class_list":["post-42709","post","type-post","status-publish","format-standard","has-post-thumbnail","hentry","category-negocios","tag-banco-safra"],"yoast_head":"<!-- This site is optimized with the Yoast SEO plugin v24.4 - https:\/\/yoast.com\/wordpress\/plugins\/seo\/ -->\n<title>Banco Safra: Alberto Corsetti ser\u00e1 o novo presidente da institui\u00e7\u00e3o<\/title>\n<meta name=\"description\" content=\"Alberto Corsetti ser\u00e1 o novo presidente do Banco Safra. A not\u00edcia foi divulgada, nesta segunda. Clique aqui para saber mais.\" \/>\n<meta name=\"robots\" content=\"index, follow, max-snippet:-1, max-image-preview:large, max-video-preview:-1\" \/>\n<link rel=\"canonical\" href=\"https:\/\/www.suno.com.br\/noticias\/banco-safra-alberto-corsetti-novo-presidente\/\" \/>\n<meta property=\"og:locale\" content=\"pt_BR\" \/>\n<meta property=\"og:type\" content=\"article\" \/>\n<meta property=\"og:title\" content=\"Banco Safra: Alberto Corsetti ser\u00e1 o novo presidente da institui\u00e7\u00e3o\" \/>\n<meta property=\"og:description\" content=\"Alberto Corsetti ser\u00e1 o novo presidente do Banco Safra. A not\u00edcia foi divulgada, nesta segunda. Clique aqui para saber mais.\" \/>\n<meta property=\"og:url\" content=\"https:\/\/www.suno.com.br\/noticias\/banco-safra-alberto-corsetti-novo-presidente\/\" \/>\n<meta property=\"og:site_name\" content=\"Suno Not\u00edcias\" \/>\n<meta property=\"article:publisher\" content=\"https:\/\/facebook.com\/sunoresearch\" \/>\n<meta property=\"og:image\" content=\"https:\/\/files.sunoresearch.com.br\/n\/uploads\/2019\/04\/00fd9396-banco-safra.jpeg\" \/>\n\t<meta property=\"og:image:width\" content=\"3000\" \/>\n\t<meta property=\"og:image:height\" content=\"2002\" \/>\n\t<meta property=\"og:image:type\" content=\"image\/jpeg\" \/>\n<meta name=\"author\" content=\"Rafael Lara\" \/>\n<meta name=\"twitter:card\" content=\"summary_large_image\" \/>\n<meta name=\"twitter:creator\" content=\"@sunoresearch\" \/>\n<meta name=\"twitter:site\" content=\"@sunoresearch\" \/>\n<meta name=\"twitter:label1\" content=\"Escrito por\" \/>\n\t<meta name=\"twitter:data1\" content=\"Rafael Lara\" \/>\n\t<meta name=\"twitter:label2\" content=\"Est. tempo de leitura\" \/>\n\t<meta name=\"twitter:data2\" content=\"2 minutos\" \/>\n<script type=\"application\/ld+json\" class=\"yoast-schema-graph\">{\"@context\":\"https:\/\/schema.org\",\"@graph\":[{\"@type\":\"NewsArticle\",\"@id\":\"https:\/\/www.suno.com.br\/noticias\/banco-safra-alberto-corsetti-novo-presidente\/#article\",\"isPartOf\":{\"@id\":\"https:\/\/www.suno.com.br\/noticias\/banco-safra-alberto-corsetti-novo-presidente\/\"},\"author\":{\"name\":\"Rafael Lara\",\"@id\":\"https:\/\/www.suno.com.br\/noticias\/#\/schema\/person\/098743caeed97b37f51315c9576c4078\"},\"headline\":\"Banco Safra: Alberto Corsetti ser\u00e1 o novo presidente da institui\u00e7\u00e3o\",\"datePublished\":\"2019-10-28T22:01:43+00:00\",\"mainEntityOfPage\":{\"@id\":\"https:\/\/www.suno.com.br\/noticias\/banco-safra-alberto-corsetti-novo-presidente\/\"},\"wordCount\":411,\"publisher\":{\"@id\":\"https:\/\/www.suno.com.br\/noticias\/#organization\"},\"image\":{\"@id\":\"https:\/\/www.suno.com.br\/noticias\/banco-safra-alberto-corsetti-novo-presidente\/#primaryimage\"},\"thumbnailUrl\":\"https:\/\/files.sunoresearch.com.br\/n\/uploads\/2019\/04\/00fd9396-banco-safra-scaled.webp\",\"keywords\":[\"Banco Safra\"],\"articleSection\":[\"Neg\u00f3cios\"],\"inLanguage\":\"pt-BR\"},{\"@type\":\"WebPage\",\"@id\":\"https:\/\/www.suno.com.br\/noticias\/banco-safra-alberto-corsetti-novo-presidente\/\",\"url\":\"https:\/\/www.suno.com.br\/noticias\/banco-safra-alberto-corsetti-novo-presidente\/\",\"name\":\"Banco Safra: Alberto Corsetti ser\u00e1 o novo presidente da institui\u00e7\u00e3o\",\"isPartOf\":{\"@id\":\"https:\/\/www.suno.com.br\/noticias\/#website\"},\"primaryImageOfPage\":{\"@id\":\"https:\/\/www.suno.com.br\/noticias\/banco-safra-alberto-corsetti-novo-presidente\/#primaryimage\"},\"image\":{\"@id\":\"https:\/\/www.suno.com.br\/noticias\/banco-safra-alberto-corsetti-novo-presidente\/#primaryimage\"},\"thumbnailUrl\":\"https:\/\/files.sunoresearch.com.br\/n\/uploads\/2019\/04\/00fd9396-banco-safra-scaled.webp\",\"datePublished\":\"2019-10-28T22:01:43+00:00\",\"description\":\"Alberto Corsetti ser\u00e1 o novo presidente do Banco Safra. A not\u00edcia foi divulgada, nesta segunda. Clique aqui para saber mais.\",\"breadcrumb\":{\"@id\":\"https:\/\/www.suno.com.br\/noticias\/banco-safra-alberto-corsetti-novo-presidente\/#breadcrumb\"},\"inLanguage\":\"pt-BR\",\"potentialAction\":[{\"@type\":\"ReadAction\",\"target\":[\"https:\/\/www.suno.com.br\/noticias\/banco-safra-alberto-corsetti-novo-presidente\/\"]}]},{\"@type\":\"ImageObject\",\"inLanguage\":\"pt-BR\",\"@id\":\"https:\/\/www.suno.com.br\/noticias\/banco-safra-alberto-corsetti-novo-presidente\/#primaryimage\",\"url\":\"https:\/\/files.sunoresearch.com.br\/n\/uploads\/2019\/04\/00fd9396-banco-safra-scaled.webp\",\"contentUrl\":\"https:\/\/files.sunoresearch.com.br\/n\/uploads\/2019\/04\/00fd9396-banco-safra-scaled.webp\",\"width\":2560,\"height\":1708,\"caption\":\"Banco Safra recomenda a\u00e7\u00f5es para 2022, prevendo ano fraco para o Ibovespa. Foto: divulga\u00e7\u00e3o.\"},{\"@type\":\"BreadcrumbList\",\"@id\":\"https:\/\/www.suno.com.br\/noticias\/banco-safra-alberto-corsetti-novo-presidente\/#breadcrumb\",\"itemListElement\":[{\"@type\":\"ListItem\",\"position\":1,\"name\":\"Not\u00edcias\",\"item\":\"https:\/\/www.suno.com.br\/noticias\/\"},{\"@type\":\"ListItem\",\"position\":2,\"name\":\"Neg\u00f3cios\",\"item\":\"https:\/\/www.suno.com.br\/noticias\/negocios\/\"},{\"@type\":\"ListItem\",\"position\":3,\"name\":\"Banco Safra: Alberto Corsetti ser\u00e1 o novo presidente da institui\u00e7\u00e3o\"}]},{\"@type\":\"WebSite\",\"@id\":\"https:\/\/www.suno.com.br\/noticias\/#website\",\"url\":\"https:\/\/www.suno.com.br\/noticias\/\",\"name\":\"Suno Not\u00edcias\",\"description\":\"Seu portal de informa\u00e7\u00e3o sobre o mundo dos investimentos\",\"publisher\":{\"@id\":\"https:\/\/www.suno.com.br\/noticias\/#organization\"},\"potentialAction\":[{\"@type\":\"SearchAction\",\"target\":{\"@type\":\"EntryPoint\",\"urlTemplate\":\"https:\/\/www.suno.com.br\/noticias\/?s={search_term_string}\"},\"query-input\":{\"@type\":\"PropertyValueSpecification\",\"valueRequired\":true,\"valueName\":\"search_term_string\"}}],\"inLanguage\":\"pt-BR\"},{\"@type\":\"Organization\",\"@id\":\"https:\/\/www.suno.com.br\/noticias\/#organization\",\"name\":\"Suno Not\u00edcias\",\"url\":\"https:\/\/www.suno.com.br\/noticias\/\",\"logo\":{\"@type\":\"ImageObject\",\"inLanguage\":\"pt-BR\",\"@id\":\"https:\/\/www.suno.com.br\/noticias\/#\/schema\/logo\/image\/\",\"url\":\"https:\/\/files.sunoresearch.com.br\/n\/uploads\/2021\/09\/suno-logo.png\",\"contentUrl\":\"https:\/\/files.sunoresearch.com.br\/n\/uploads\/2021\/09\/suno-logo.png\",\"width\":180,\"height\":180,\"caption\":\"Suno Not\u00edcias\"},\"image\":{\"@id\":\"https:\/\/www.suno.com.br\/noticias\/#\/schema\/logo\/image\/\"},\"sameAs\":[\"https:\/\/facebook.com\/sunoresearch\",\"https:\/\/x.com\/sunoresearch\",\"https:\/\/www.instagram.com\/suno\",\"https:\/\/www.linkedin.com\/company\/suno-research\/\",\"https:\/\/www.youtube.com\/c\/sunoresearch\"]},{\"@type\":\"Person\",\"@id\":\"https:\/\/www.suno.com.br\/noticias\/#\/schema\/person\/098743caeed97b37f51315c9576c4078\",\"name\":\"Rafael Lara\",\"image\":{\"@type\":\"ImageObject\",\"inLanguage\":\"pt-BR\",\"@id\":\"https:\/\/www.suno.com.br\/noticias\/#\/schema\/person\/image\/\",\"url\":\"https:\/\/secure.gravatar.com\/avatar\/dfc254ab9bb2ea1895d98b9e9dae4bdd?s=96&r=g\",\"contentUrl\":\"https:\/\/secure.gravatar.com\/avatar\/dfc254ab9bb2ea1895d98b9e9dae4bdd?s=96&r=g\",\"caption\":\"Rafael Lara\"},\"description\":\"Rafael Lara cursa jornalismo na Faculdade C\u00e1sper L\u00edbero. Escreve sobre pol\u00edtica, economia e neg\u00f3cios para o portal Suno Not\u00edcias. Antes, colaborou na TV Gazeta na produ\u00e7\u00e3o do programa Edi\u00e7\u00e3o Extra.\",\"url\":\"https:\/\/www.suno.com.br\/noticias\/author\/rafael\/\"}]}<\/script>\n<!-- \/ Yoast SEO plugin. -->","yoast_head_json":{"title":"Banco Safra: Alberto Corsetti ser\u00e1 o novo presidente da institui\u00e7\u00e3o","description":"Alberto Corsetti ser\u00e1 o novo presidente do Banco Safra. A not\u00edcia foi divulgada, nesta segunda. Clique aqui para saber mais.","robots":{"index":"index","follow":"follow","max-snippet":"max-snippet:-1","max-image-preview":"max-image-preview:large","max-video-preview":"max-video-preview:-1"},"canonical":"https:\/\/www.suno.com.br\/noticias\/banco-safra-alberto-corsetti-novo-presidente\/","og_locale":"pt_BR","og_type":"article","og_title":"Banco Safra: Alberto Corsetti ser\u00e1 o novo presidente da institui\u00e7\u00e3o","og_description":"Alberto Corsetti ser\u00e1 o novo presidente do Banco Safra. A not\u00edcia foi divulgada, nesta segunda. Clique aqui para saber mais.","og_url":"https:\/\/www.suno.com.br\/noticias\/banco-safra-alberto-corsetti-novo-presidente\/","og_site_name":"Suno Not\u00edcias","article_publisher":"https:\/\/facebook.com\/sunoresearch","og_image":[{"width":3000,"height":2002,"url":"https:\/\/files.sunoresearch.com.br\/n\/uploads\/2019\/04\/00fd9396-banco-safra.jpeg","type":"image\/jpeg"}],"author":"Rafael Lara","twitter_card":"summary_large_image","twitter_creator":"@sunoresearch","twitter_site":"@sunoresearch","twitter_misc":{"Escrito por":"Rafael Lara","Est. tempo de leitura":"2 minutos"},"schema":{"@context":"https:\/\/schema.org","@graph":[{"@type":"NewsArticle","@id":"https:\/\/www.suno.com.br\/noticias\/banco-safra-alberto-corsetti-novo-presidente\/#article","isPartOf":{"@id":"https:\/\/www.suno.com.br\/noticias\/banco-safra-alberto-corsetti-novo-presidente\/"},"author":{"name":"Rafael Lara","@id":"https:\/\/www.suno.com.br\/noticias\/#\/schema\/person\/098743caeed97b37f51315c9576c4078"},"headline":"Banco Safra: Alberto Corsetti ser\u00e1 o novo presidente da institui\u00e7\u00e3o","datePublished":"2019-10-28T22:01:43+00:00","mainEntityOfPage":{"@id":"https:\/\/www.suno.com.br\/noticias\/banco-safra-alberto-corsetti-novo-presidente\/"},"wordCount":411,"publisher":{"@id":"https:\/\/www.suno.com.br\/noticias\/#organization"},"image":{"@id":"https:\/\/www.suno.com.br\/noticias\/banco-safra-alberto-corsetti-novo-presidente\/#primaryimage"},"thumbnailUrl":"https:\/\/files.sunoresearch.com.br\/n\/uploads\/2019\/04\/00fd9396-banco-safra-scaled.webp","keywords":["Banco Safra"],"articleSection":["Neg\u00f3cios"],"inLanguage":"pt-BR"},{"@type":"WebPage","@id":"https:\/\/www.suno.com.br\/noticias\/banco-safra-alberto-corsetti-novo-presidente\/","url":"https:\/\/www.suno.com.br\/noticias\/banco-safra-alberto-corsetti-novo-presidente\/","name":"Banco Safra: Alberto Corsetti ser\u00e1 o novo presidente da institui\u00e7\u00e3o","isPartOf":{"@id":"https:\/\/www.suno.com.br\/noticias\/#website"},"primaryImageOfPage":{"@id":"https:\/\/www.suno.com.br\/noticias\/banco-safra-alberto-corsetti-novo-presidente\/#primaryimage"},"image":{"@id":"https:\/\/www.suno.com.br\/noticias\/banco-safra-alberto-corsetti-novo-presidente\/#primaryimage"},"thumbnailUrl":"https:\/\/files.sunoresearch.com.br\/n\/uploads\/2019\/04\/00fd9396-banco-safra-scaled.webp","datePublished":"2019-10-28T22:01:43+00:00","description":"Alberto Corsetti ser\u00e1 o novo presidente do Banco Safra. A not\u00edcia foi divulgada, nesta segunda. Clique aqui para saber mais.","breadcrumb":{"@id":"https:\/\/www.suno.com.br\/noticias\/banco-safra-alberto-corsetti-novo-presidente\/#breadcrumb"},"inLanguage":"pt-BR","potentialAction":[{"@type":"ReadAction","target":["https:\/\/www.suno.com.br\/noticias\/banco-safra-alberto-corsetti-novo-presidente\/"]}]},{"@type":"ImageObject","inLanguage":"pt-BR","@id":"https:\/\/www.suno.com.br\/noticias\/banco-safra-alberto-corsetti-novo-presidente\/#primaryimage","url":"https:\/\/files.sunoresearch.com.br\/n\/uploads\/2019\/04\/00fd9396-banco-safra-scaled.webp","contentUrl":"https:\/\/files.sunoresearch.com.br\/n\/uploads\/2019\/04\/00fd9396-banco-safra-scaled.webp","width":2560,"height":1708,"caption":"Banco Safra recomenda a\u00e7\u00f5es para 2022, prevendo ano fraco para o Ibovespa. Foto: divulga\u00e7\u00e3o."},{"@type":"BreadcrumbList","@id":"https:\/\/www.suno.com.br\/noticias\/banco-safra-alberto-corsetti-novo-presidente\/#breadcrumb","itemListElement":[{"@type":"ListItem","position":1,"name":"Not\u00edcias","item":"https:\/\/www.suno.com.br\/noticias\/"},{"@type":"ListItem","position":2,"name":"Neg\u00f3cios","item":"https:\/\/www.suno.com.br\/noticias\/negocios\/"},{"@type":"ListItem","position":3,"name":"Banco Safra: Alberto Corsetti ser\u00e1 o novo presidente da institui\u00e7\u00e3o"}]},{"@type":"WebSite","@id":"https:\/\/www.suno.com.br\/noticias\/#website","url":"https:\/\/www.suno.com.br\/noticias\/","name":"Suno Not\u00edcias","description":"Seu portal de informa\u00e7\u00e3o sobre o mundo dos investimentos","publisher":{"@id":"https:\/\/www.suno.com.br\/noticias\/#organization"},"potentialAction":[{"@type":"SearchAction","target":{"@type":"EntryPoint","urlTemplate":"https:\/\/www.suno.com.br\/noticias\/?s={search_term_string}"},"query-input":{"@type":"PropertyValueSpecification","valueRequired":true,"valueName":"search_term_string"}}],"inLanguage":"pt-BR"},{"@type":"Organization","@id":"https:\/\/www.suno.com.br\/noticias\/#organization","name":"Suno Not\u00edcias","url":"https:\/\/www.suno.com.br\/noticias\/","logo":{"@type":"ImageObject","inLanguage":"pt-BR","@id":"https:\/\/www.suno.com.br\/noticias\/#\/schema\/logo\/image\/","url":"https:\/\/files.sunoresearch.com.br\/n\/uploads\/2021\/09\/suno-logo.png","contentUrl":"https:\/\/files.sunoresearch.com.br\/n\/uploads\/2021\/09\/suno-logo.png","width":180,"height":180,"caption":"Suno Not\u00edcias"},"image":{"@id":"https:\/\/www.suno.com.br\/noticias\/#\/schema\/logo\/image\/"},"sameAs":["https:\/\/facebook.com\/sunoresearch","https:\/\/x.com\/sunoresearch","https:\/\/www.instagram.com\/suno","https:\/\/www.linkedin.com\/company\/suno-research\/","https:\/\/www.youtube.com\/c\/sunoresearch"]},{"@type":"Person","@id":"https:\/\/www.suno.com.br\/noticias\/#\/schema\/person\/098743caeed97b37f51315c9576c4078","name":"Rafael Lara","image":{"@type":"ImageObject","inLanguage":"pt-BR","@id":"https:\/\/www.suno.com.br\/noticias\/#\/schema\/person\/image\/","url":"https:\/\/secure.gravatar.com\/avatar\/dfc254ab9bb2ea1895d98b9e9dae4bdd?s=96&r=g","contentUrl":"https:\/\/secure.gravatar.com\/avatar\/dfc254ab9bb2ea1895d98b9e9dae4bdd?s=96&r=g","caption":"Rafael Lara"},"description":"Rafael Lara cursa jornalismo na Faculdade C\u00e1sper L\u00edbero. Escreve sobre pol\u00edtica, economia e neg\u00f3cios para o portal Suno Not\u00edcias. Antes, colaborou na TV Gazeta na produ\u00e7\u00e3o do programa Edi\u00e7\u00e3o Extra.","url":"https:\/\/www.suno.com.br\/noticias\/author\/rafael\/"}]}},"default_loop_html":"<div class=\"cardsPage__listCard__boxs\"><div class=\"cardsPage__listCard__boxs__img\"><a href=\"https:\/\/www.suno.com.br\/noticias\/banco-safra-alberto-corsetti-novo-presidente\/\"><img class=\"mask\" src=\"https:\/\/www.suno.com.br\/noticias\/wp-content\/themes\/suno\/resources\/images\/spotlight\/spotlight1img\/bg-mask.png\" alt=\"Image Mask\"\/><img src=\"https:\/\/files.sunoresearch.com.br\/n\/uploads\/2019\/04\/00fd9396-banco-safra-400x200.webp\" alt=\"Banco Safra: Alberto Corsetti ser\u00e1 o novo presidente da institui\u00e7\u00e3o\"\/><\/a><span class=\"spotlightCategory\"><a href=\"https:\/\/www.suno.com.br\/noticias\/negocios\/\">Neg\u00f3cios<\/a><\/span><\/div><div class=\"cardsPage__listCard__boxs__content\"><a href=\"https:\/\/www.suno.com.br\/noticias\/banco-safra-alberto-corsetti-novo-presidente\/\"><h2 class=\"content__title\">Banco Safra: Alberto Corsetti ser\u00e1 o novo presidente da institui\u00e7\u00e3o<\/h2><\/a><div class=\"newsContent__article__meta\"><div class=\"newsContent__article__meta__authorBox\"><a href=\"https:\/\/www.suno.com.br\/noticias\/author\/rafael\/\" class=\"authorBox__avatar noMobi\"><img src=\"https:\/\/secure.gravatar.com\/avatar\/dfc254ab9bb2ea1895d98b9e9dae4bdd?s=96&#038;r=g\" alt=\"Rafael Lara\"><\/a><div class=\"authorBox__name\"><span>por\n\t\t\t<a href=\"https:\/\/www.suno.com.br\/noticias\/author\/rafael\/\"><span itemprop=\"author\">Rafael Lara<\/span><\/a><\/span><time datetime=\"2019-10-28T20:01:43-03:00\" itemprop=\"datePublished\">28\/10\/2019 20:01<\/time><\/div><\/div><\/div><\/div><\/div>","single_layout":"posts","amp_enabled":true,"_links":{"self":[{"href":"https:\/\/www.suno.com.br\/noticias\/wp-json\/wp\/v2\/posts\/42709"}],"collection":[{"href":"https:\/\/www.suno.com.br\/noticias\/wp-json\/wp\/v2\/posts"}],"about":[{"href":"https:\/\/www.suno.com.br\/noticias\/wp-json\/wp\/v2\/types\/post"}],"author":[{"embeddable":true,"href":"https:\/\/www.suno.com.br\/noticias\/wp-json\/wp\/v2\/users\/23"}],"replies":[{"embeddable":true,"href":"https:\/\/www.suno.com.br\/noticias\/wp-json\/wp\/v2\/comments?post=42709"}],"version-history":[{"count":0,"href":"https:\/\/www.suno.com.br\/noticias\/wp-json\/wp\/v2\/posts\/42709\/revisions"}],"wp:featuredmedia":[{"embeddable":true,"href":"https:\/\/www.suno.com.br\/noticias\/wp-json\/wp\/v2\/media\/20226"}],"wp:attachment":[{"href":"https:\/\/www.suno.com.br\/noticias\/wp-json\/wp\/v2\/media?parent=42709"}],"wp:term":[{"taxonomy":"category","embeddable":true,"href":"https:\/\/www.suno.com.br\/noticias\/wp-json\/wp\/v2\/categories?post=42709"},{"taxonomy":"post_tag","embeddable":true,"href":"https:\/\/www.suno.com.br\/noticias\/wp-json\/wp\/v2\/tags?post=42709"},{"taxonomy":"suno_strategy","embeddable":true,"href":"https:\/\/www.suno.com.br\/noticias\/wp-json\/wp\/v2\/suno_strategy?post=42709"}],"curies":[{"name":"wp","href":"https:\/\/api.w.org\/{rel}","templated":true}]}}