{"id":426863,"date":"2023-07-09T14:23:57","date_gmt":"2023-07-09T17:23:57","guid":{"rendered":"https:\/\/www.suno.com.br\/noticias\/?p=426863"},"modified":"2023-07-09T14:24:00","modified_gmt":"2023-07-09T17:24:00","slug":"problema-de-credito-vai-alem-dos-juros-altos-dizem-empresarios","status":"publish","type":"post","link":"https:\/\/www.suno.com.br\/noticias\/problema-de-credito-vai-alem-dos-juros-altos-dizem-empresarios\/","title":{"rendered":"Problema de cr\u00e9dito vai al\u00e9m dos juros altos, dizem empres\u00e1rios"},"content":{"rendered":"<p>A dificuldade que as empresas t\u00eam em se financiar \u00e9 motivada n\u00e3o apenas pelo custo mais alto do cr\u00e9dito, mas tamb\u00e9m pela piora das condi\u00e7\u00f5es colocadas pelos bancos, que ficaram mais cautelosos em emprestar para pessoa jur\u00eddica. O drama narrado por empres\u00e1rios teve, talvez, o seu momento mais pitoresco tr\u00eas semanas atr\u00e1s, quando Luiza Helena Trajano, dona do Magazine Luiza, fez um apelo diretamente ao presidente do Banco Central (BC), Roberto Campos Neto. &#8220;Se voc\u00ea n\u00e3o der um sinal, n\u00f3s n\u00e3o vamos aguentar&#8221;, avisou a empres\u00e1ria durante reuni\u00e3o de lideran\u00e7as do setor de varejo com Campos Neto.<\/p>\t<div class=\"wrapper-featured-image\">\n\t\t<figure class=\"spotlightImg\">\n\n\t\t\t<picture>\n\t\t\t\t<source media=\"(max-width: 768px)\" srcset=\"https:\/\/files.sunoresearch.com.br\/n\/uploads\/2023\/07\/luiza-trajano-mglu3-abaixo-assinado-selic-400x200.jpg\">\n\t\t\t\t<img loading=\"lazy\" decoding=\"async\" class=\"newsContent__article__imgCapa lazyloadDisabled \" src=\"https:\/\/files.sunoresearch.com.br\/n\/uploads\/2023\/07\/luiza-trajano-mglu3-abaixo-assinado-selic-800x450.jpg\" width=\"800\" height=\"450\" alt=\"Problema de cr\u00e9dito vai al\u00e9m dos juros altos, dizem empres\u00e1rios\" fetchpriority=high \/>\n\t\t\t<\/picture>\n\n\t\t\t<figcaption class=\"wp-caption-text wp-caption-text--show\">Magazine Luiza (MGLU3). Foto: Flickr<\/figcaption>\n\t\t<\/figure>\n\t<\/div>\n\n\n\n\n\n\t<p>\n\t\t<a href=\"https:\/\/lp.suno.com.br\/planilha-da-vida-financeira\/\" target=\"_blank\" data-element=\"shortcode-suno-banner\" title=\"Banner SUNO, clique e saiba mais\">\n\t\t\t<picture>\n\t\t\t\t<source media=\"(max-width: 500px)\" srcset=\"https:\/\/files.sunoresearch.com.br\/n\/uploads\/2023\/04\/400x300-Planilha-vida-financeira-true.png\">\n\t\t\t\t<img class=\"newsContent__article__imgCapa newsContent__article__imgCapa--banner\"\n\t\t\t\t\tsrc=\"https:\/\/files.sunoresearch.com.br\/n\/uploads\/2023\/04\/1420x240-Planilha-vida-financeira-true.png\"\n\t\t\t\t\tdata-promo-id=\"383123\"\t\t\t\t\t\t\t\t\t\twidth='1420' height='240'\t\t\t\t\talt=\"https:\/\/files.sunoresearch.com.br\/n\/uploads\/2023\/04\/1420x240-Planilha-vida-financeira-true.png\"\n\t\t\t\t>\n\t\t\t<\/picture>\n\t\t<\/a>\n\t<\/p>\n\n\n\n\n\n\n\n<p>De l\u00e1 para c\u00e1, n\u00e3o pelo recado de Trajano, mas pela melhora nas expectativas de infla\u00e7\u00e3o, a comunica\u00e7\u00e3o do BC ganhou gradualmente um tom mais leve, e hoje a expectativa da maior parte do mercado \u00e9 de que os juros comecem a cair no m\u00eas que vem.<\/p>\n\n\n\n<p>De qualquer forma, a fala da varejista fez &#8220;viralizar&#8221; nas plataformas da internet o lamento frequente nos c\u00edrculos empresariais. Uma pesquisa feita pela Abit, a associa\u00e7\u00e3o que representa a ind\u00fastria de confec\u00e7\u00e3o e produtos t\u00eaxteis, mostra que as empresas do setor que contrataram cr\u00e9dito neste ano depararam-se, al\u00e9m dos juros mais altos, com prazos mais apertados para o pagamento.<\/p>\n\n\n\n<p>Feito com f\u00e1bricas da ind\u00fastria t\u00eaxtil que normalmente buscam financiamento com bancos comerciais tradicionais, o levantamento revela que, para mais da metade delas (52%), os prazos est\u00e3o piores ou muito piores do que um ano atr\u00e1s. Metade dos empres\u00e1rios do setor (50%) tamb\u00e9m aponta piora nas car\u00eancias &#8211; isto \u00e9, o prazo dado pelos bancos para o in\u00edcio do pagamento do financiamento -, ao passo que 44% notaram maior exig\u00eancia nos pedidos de garantia.<\/p>\n\n\n\t<p>\n\t\t<a href=\"https:\/\/lp.suno.com.br\/ebook-10-livros\/\" target=\"_blank\" data-element=\"shortcode-suno-banner\" title=\"Banner SUNO, clique e saiba mais\">\n\t\t\t<picture>\n\t\t\t\t<source media=\"(max-width: 500px)\" srcset=\"https:\/\/files.sunoresearch.com.br\/n\/uploads\/2023\/03\/400x300-10-livros.png\">\n\t\t\t\t<img class=\"newsContent__article__imgCapa newsContent__article__imgCapa--banner\"\n\t\t\t\t\tsrc=\"https:\/\/files.sunoresearch.com.br\/n\/uploads\/2023\/03\/1420x240-10-livros.png\"\n\t\t\t\t\tdata-promo-id=\"383159\"\t\t\t\t\t\t\t\t\t\twidth='1420' height='240'\t\t\t\t\talt=\"https:\/\/files.sunoresearch.com.br\/n\/uploads\/2023\/03\/1420x240-10-livros.png\"\n\t\t\t\t>\n\t\t\t<\/picture>\n\t\t<\/a>\n\t<\/p>\n\n\n\n\n\n<p>A Abinee, associa\u00e7\u00e3o das f\u00e1bricas de aparelhos eletroeletr\u00f4nicos, questionou em sua sondagem mensal como o cr\u00e9dito est\u00e1 fluindo no setor. A resposta: 44% est\u00e3o encontrando dificuldade para conseguir financiar o capital de giro, ou seja, compromissos financeiros de curt\u00edssimo prazo. Junto com mar\u00e7o, quando a mesma dificuldade foi apontada por 46% das empresas, foi o pior resultado para essa quest\u00e3o dos \u00faltimos tr\u00eas anos.<\/p>\n\n\n\n<p>Os empres\u00e1rios aguardam ansiosamente o afrouxamento da pol\u00edtica monet\u00e1ria para terminarem uma travessia feita sob juros, para usar a imagem de um deles, &#8220;asfixiantes&#8221;. Diretor-superintendente da Abit, Fernando Valente Pimentel diz que o cr\u00e9dito n\u00e3o acabou, mas ficou escasso e atingiu um custo que faz as empresas lutarem ao m\u00e1ximo para n\u00e3o ir ao sistema financeiro. &#8220;N\u00e3o h\u00e1 neg\u00f3cio que pague os juros atuais. As empresas menores sofrem mais&#8221;, assinala.<\/p>\n\n\n\n<p>Existem acertos dentro da cadeia para aliviar a press\u00e3o do capital de giro. A Lojas Renner, por exemplo, antecipa recorrentemente, com caixa pr\u00f3prio, os pagamentos de metade de seus fornecedores. Essa corrente de cr\u00e9dito setorial representa, por\u00e9m, um paliativo de curto prazo e tem limite porque o dinheiro ficou mais caro para todo mundo. &#8220;Lidamos com o problema de encurtamento de cr\u00e9dito, juros mais altos e queda no faturamento. S\u00e3o tr\u00eas problemas de grande magnitude&#8221;, observa Pimentel.<\/p>\n\n\n\t<p>\n\t\t<a href=\"https:\/\/lp.suno.com.br\/suno-one\/?utm_campaign=_SNC6964518A_\" target=\"_blank\" data-element=\"shortcode-suno-banner\" title=\"Banner SUNO, clique e saiba mais\">\n\t\t\t<picture>\n\t\t\t\t<source media=\"(max-width: 500px)\" srcset=\"https:\/\/files.sunoresearch.com.br\/n\/uploads\/2025\/09\/400x300-Suno-One-png.webp\">\n\t\t\t\t<img class=\"newsContent__article__imgCapa newsContent__article__imgCapa--banner\"\n\t\t\t\t\tsrc=\"https:\/\/files.sunoresearch.com.br\/n\/uploads\/2025\/09\/1420x240-Suno-One-png.webp\"\n\t\t\t\t\tdata-promo-id=\"383121\"\t\t\t\t\t\t\t\t\t\twidth='1420' height='240'\t\t\t\t\talt=\"https:\/\/files.sunoresearch.com.br\/n\/uploads\/2025\/09\/1420x240-Suno-One-png.webp\"\n\t\t\t\t>\n\t\t\t<\/picture>\n\t\t<\/a>\n\t<\/p>\n\n\n\n\n\n<p>De acordo com Guilherme Dietze, assessor econ\u00f4mico da FecomercioSP, entidade que representa, em S\u00e3o Paulo, os setores de com\u00e9rcio, servi\u00e7os e turismo, as empresas chegaram ao limite. Ficou dif\u00edcil at\u00e9 mesmo formar estoques. Assim, continua Dietze, tem sido complicado negociar prazos de pagamento mais dilatados com fornecedores. &#8220;Todos est\u00e3o apertados. O fornecedor tamb\u00e9m est\u00e1 pressionado por compromissos com seus pr\u00f3prios fornecedores. Da mesma forma, n\u00e3o \u00e9 f\u00e1cil para o varejo, em geral, antecipar pagamentos a fornecedores que precisam de liquidez, pois tamb\u00e9m vende a prazo&#8221;, resume o economista.<\/p>\n\n\n\n<p>Com Estad\u00e3o Conte\u00fado<\/p>\n","protected":false},"excerpt":{"rendered":"<p>A dificuldade que as empresas t\u00eam em se financiar \u00e9 motivada n\u00e3o apenas pelo custo mais alto do cr\u00e9dito, mas tamb\u00e9m pela piora das condi\u00e7\u00f5es colocadas pelos bancos, que ficaram mais cautelosos em emprestar para pessoa jur\u00eddica. O drama narrado por empres\u00e1rios teve, talvez, o seu momento mais pitoresco tr\u00eas semanas atr\u00e1s, quando Luiza Helena [&hellip;]<\/p>\n","protected":false},"author":43,"featured_media":424484,"comment_status":"closed","ping_status":"closed","sticky":false,"template":"","format":"standard","meta":[],"categories":[62],"tags":[],"suno_strategy":[],"class_list":["post-426863","post","type-post","status-publish","format-standard","has-post-thumbnail","hentry","category-economia"],"yoast_head":"<!-- This site is optimized with the Yoast SEO plugin v24.4 - https:\/\/yoast.com\/wordpress\/plugins\/seo\/ -->\n<title>Problema de cr\u00e9dito vai al\u00e9m dos juros altos, dizem empres\u00e1rios luiza-trajano-juros-altos-credito<\/title>\n<meta name=\"description\" content=\"A dificuldade que as empresas t\u00eam em se financiar \u00e9 motivada n\u00e3o apenas pelo custo mais alto do cr\u00e9dito, mas tamb\u00e9m pela piora das condi\u00e7\u00f5es colocadas pelos bancos.\" \/>\n<meta name=\"robots\" content=\"index, follow, max-snippet:-1, max-image-preview:large, max-video-preview:-1\" \/>\n<link rel=\"canonical\" href=\"https:\/\/www.suno.com.br\/noticias\/problema-de-credito-vai-alem-dos-juros-altos-dizem-empresarios\/\" \/>\n<meta property=\"og:locale\" content=\"pt_BR\" \/>\n<meta property=\"og:type\" content=\"article\" \/>\n<meta property=\"og:title\" content=\"Problema de cr\u00e9dito vai al\u00e9m dos juros altos, dizem empres\u00e1rios luiza-trajano-juros-altos-credito\" \/>\n<meta property=\"og:description\" content=\"A dificuldade que as empresas t\u00eam em se financiar \u00e9 motivada n\u00e3o apenas pelo custo mais alto do cr\u00e9dito, mas tamb\u00e9m pela piora das condi\u00e7\u00f5es colocadas pelos bancos.\" \/>\n<meta property=\"og:url\" content=\"https:\/\/www.suno.com.br\/noticias\/problema-de-credito-vai-alem-dos-juros-altos-dizem-empresarios\/\" \/>\n<meta property=\"og:site_name\" content=\"Suno Not\u00edcias\" \/>\n<meta property=\"article:publisher\" content=\"https:\/\/facebook.com\/sunoresearch\" \/>\n<meta property=\"article:author\" content=\"https:\/\/www.facebook.com\/sunonoticias\/\" \/>\n<meta property=\"og:image\" content=\"https:\/\/files.sunoresearch.com.br\/n\/uploads\/2023\/07\/luiza-trajano-mglu3-abaixo-assinado-selic.jpg\" \/>\n\t<meta property=\"og:image:width\" content=\"1200\" \/>\n\t<meta property=\"og:image:height\" content=\"800\" \/>\n\t<meta property=\"og:image:type\" content=\"image\/jpeg\" \/>\n<meta name=\"author\" content=\"Reda\u00e7\u00e3o Suno Not\u00edcias\" \/>\n<meta name=\"twitter:card\" content=\"summary_large_image\" \/>\n<meta name=\"twitter:creator\" content=\"@https:\/\/twitter.com\/sunoresearch\" \/>\n<meta name=\"twitter:site\" content=\"@sunoresearch\" \/>\n<meta name=\"twitter:label1\" content=\"Escrito por\" \/>\n\t<meta name=\"twitter:data1\" content=\"Reda\u00e7\u00e3o Suno Not\u00edcias\" \/>\n\t<meta name=\"twitter:label2\" content=\"Est. tempo de leitura\" \/>\n\t<meta name=\"twitter:data2\" content=\"4 minutos\" \/>\n<script type=\"application\/ld+json\" class=\"yoast-schema-graph\">{\"@context\":\"https:\/\/schema.org\",\"@graph\":[{\"@type\":\"NewsArticle\",\"@id\":\"https:\/\/www.suno.com.br\/noticias\/problema-de-credito-vai-alem-dos-juros-altos-dizem-empresarios\/#article\",\"isPartOf\":{\"@id\":\"https:\/\/www.suno.com.br\/noticias\/problema-de-credito-vai-alem-dos-juros-altos-dizem-empresarios\/\"},\"author\":{\"name\":\"Reda\u00e7\u00e3o Suno Not\u00edcias\",\"@id\":\"https:\/\/www.suno.com.br\/noticias\/#\/schema\/person\/c1b1bd3727fa852bd045e9dbff3673ea\"},\"headline\":\"Problema de cr\u00e9dito vai al\u00e9m dos juros altos, dizem empres\u00e1rios\",\"datePublished\":\"2023-07-09T17:23:57+00:00\",\"dateModified\":\"2023-07-09T17:24:00+00:00\",\"mainEntityOfPage\":{\"@id\":\"https:\/\/www.suno.com.br\/noticias\/problema-de-credito-vai-alem-dos-juros-altos-dizem-empresarios\/\"},\"wordCount\":666,\"publisher\":{\"@id\":\"https:\/\/www.suno.com.br\/noticias\/#organization\"},\"image\":{\"@id\":\"https:\/\/www.suno.com.br\/noticias\/problema-de-credito-vai-alem-dos-juros-altos-dizem-empresarios\/#primaryimage\"},\"thumbnailUrl\":\"https:\/\/files.sunoresearch.com.br\/n\/uploads\/2023\/07\/luiza-trajano-mglu3-abaixo-assinado-selic.jpg\",\"articleSection\":[\"Economia\"],\"inLanguage\":\"pt-BR\"},{\"@type\":\"WebPage\",\"@id\":\"https:\/\/www.suno.com.br\/noticias\/problema-de-credito-vai-alem-dos-juros-altos-dizem-empresarios\/\",\"url\":\"https:\/\/www.suno.com.br\/noticias\/problema-de-credito-vai-alem-dos-juros-altos-dizem-empresarios\/\",\"name\":\"Problema de cr\u00e9dito vai al\u00e9m dos juros altos, dizem empres\u00e1rios luiza-trajano-juros-altos-credito\",\"isPartOf\":{\"@id\":\"https:\/\/www.suno.com.br\/noticias\/#website\"},\"primaryImageOfPage\":{\"@id\":\"https:\/\/www.suno.com.br\/noticias\/problema-de-credito-vai-alem-dos-juros-altos-dizem-empresarios\/#primaryimage\"},\"image\":{\"@id\":\"https:\/\/www.suno.com.br\/noticias\/problema-de-credito-vai-alem-dos-juros-altos-dizem-empresarios\/#primaryimage\"},\"thumbnailUrl\":\"https:\/\/files.sunoresearch.com.br\/n\/uploads\/2023\/07\/luiza-trajano-mglu3-abaixo-assinado-selic.jpg\",\"datePublished\":\"2023-07-09T17:23:57+00:00\",\"dateModified\":\"2023-07-09T17:24:00+00:00\",\"description\":\"A dificuldade que as empresas t\u00eam em se financiar \u00e9 motivada n\u00e3o apenas pelo custo mais alto do cr\u00e9dito, mas tamb\u00e9m pela piora das condi\u00e7\u00f5es colocadas pelos bancos.\",\"breadcrumb\":{\"@id\":\"https:\/\/www.suno.com.br\/noticias\/problema-de-credito-vai-alem-dos-juros-altos-dizem-empresarios\/#breadcrumb\"},\"inLanguage\":\"pt-BR\",\"potentialAction\":[{\"@type\":\"ReadAction\",\"target\":[\"https:\/\/www.suno.com.br\/noticias\/problema-de-credito-vai-alem-dos-juros-altos-dizem-empresarios\/\"]}]},{\"@type\":\"ImageObject\",\"inLanguage\":\"pt-BR\",\"@id\":\"https:\/\/www.suno.com.br\/noticias\/problema-de-credito-vai-alem-dos-juros-altos-dizem-empresarios\/#primaryimage\",\"url\":\"https:\/\/files.sunoresearch.com.br\/n\/uploads\/2023\/07\/luiza-trajano-mglu3-abaixo-assinado-selic.jpg\",\"contentUrl\":\"https:\/\/files.sunoresearch.com.br\/n\/uploads\/2023\/07\/luiza-trajano-mglu3-abaixo-assinado-selic.jpg\",\"width\":1200,\"height\":800,\"caption\":\"Magazine Luiza (MGLU3). Foto: Flickr\"},{\"@type\":\"BreadcrumbList\",\"@id\":\"https:\/\/www.suno.com.br\/noticias\/problema-de-credito-vai-alem-dos-juros-altos-dizem-empresarios\/#breadcrumb\",\"itemListElement\":[{\"@type\":\"ListItem\",\"position\":1,\"name\":\"Not\u00edcias\",\"item\":\"https:\/\/www.suno.com.br\/noticias\/\"},{\"@type\":\"ListItem\",\"position\":2,\"name\":\"Economia\",\"item\":\"https:\/\/www.suno.com.br\/noticias\/economia\/\"},{\"@type\":\"ListItem\",\"position\":3,\"name\":\"Problema de cr\u00e9dito vai al\u00e9m dos juros altos, dizem empres\u00e1rios\"}]},{\"@type\":\"WebSite\",\"@id\":\"https:\/\/www.suno.com.br\/noticias\/#website\",\"url\":\"https:\/\/www.suno.com.br\/noticias\/\",\"name\":\"Suno Not\u00edcias\",\"description\":\"Seu portal de informa\u00e7\u00e3o sobre o mundo dos investimentos\",\"publisher\":{\"@id\":\"https:\/\/www.suno.com.br\/noticias\/#organization\"},\"potentialAction\":[{\"@type\":\"SearchAction\",\"target\":{\"@type\":\"EntryPoint\",\"urlTemplate\":\"https:\/\/www.suno.com.br\/noticias\/?s={search_term_string}\"},\"query-input\":{\"@type\":\"PropertyValueSpecification\",\"valueRequired\":true,\"valueName\":\"search_term_string\"}}],\"inLanguage\":\"pt-BR\"},{\"@type\":\"Organization\",\"@id\":\"https:\/\/www.suno.com.br\/noticias\/#organization\",\"name\":\"Suno Not\u00edcias\",\"url\":\"https:\/\/www.suno.com.br\/noticias\/\",\"logo\":{\"@type\":\"ImageObject\",\"inLanguage\":\"pt-BR\",\"@id\":\"https:\/\/www.suno.com.br\/noticias\/#\/schema\/logo\/image\/\",\"url\":\"https:\/\/files.sunoresearch.com.br\/n\/uploads\/2021\/09\/suno-logo.png\",\"contentUrl\":\"https:\/\/files.sunoresearch.com.br\/n\/uploads\/2021\/09\/suno-logo.png\",\"width\":180,\"height\":180,\"caption\":\"Suno Not\u00edcias\"},\"image\":{\"@id\":\"https:\/\/www.suno.com.br\/noticias\/#\/schema\/logo\/image\/\"},\"sameAs\":[\"https:\/\/facebook.com\/sunoresearch\",\"https:\/\/x.com\/sunoresearch\",\"https:\/\/www.instagram.com\/suno\",\"https:\/\/www.linkedin.com\/company\/suno-research\/\",\"https:\/\/www.youtube.com\/c\/sunoresearch\"]},{\"@type\":\"Person\",\"@id\":\"https:\/\/www.suno.com.br\/noticias\/#\/schema\/person\/c1b1bd3727fa852bd045e9dbff3673ea\",\"name\":\"Reda\u00e7\u00e3o Suno Not\u00edcias\",\"image\":{\"@type\":\"ImageObject\",\"inLanguage\":\"pt-BR\",\"@id\":\"https:\/\/www.suno.com.br\/noticias\/#\/schema\/person\/image\/\",\"url\":\"https:\/\/secure.gravatar.com\/avatar\/b8104b9b5a71985d5238ee59fbe418af?s=96&r=g\",\"contentUrl\":\"https:\/\/secure.gravatar.com\/avatar\/b8104b9b5a71985d5238ee59fbe418af?s=96&r=g\",\"caption\":\"Reda\u00e7\u00e3o Suno Not\u00edcias\"},\"description\":\"O Suno Not\u00edcias \u00e9 um portal de informa\u00e7\u00f5es sobre Mercado Financeiro, Pol\u00edtica, Neg\u00f3cios, Economia e Finan\u00e7as Pessoais.\",\"sameAs\":[\"https:\/\/www.suno.com.br\/noticias\",\"https:\/\/www.facebook.com\/sunonoticias\/\",\"https:\/\/www.instagram.com\/sunonoticias\/\",\"https:\/\/x.com\/https:\/\/twitter.com\/sunoresearch\",\"https:\/\/www.youtube.com\/sunonoticias\"],\"url\":\"https:\/\/www.suno.com.br\/noticias\/author\/redacao-suno\/\"}]}<\/script>\n<!-- \/ Yoast SEO plugin. -->","yoast_head_json":{"title":"Problema de cr\u00e9dito vai al\u00e9m dos juros altos, dizem empres\u00e1rios luiza-trajano-juros-altos-credito","description":"A dificuldade que as empresas t\u00eam em se financiar \u00e9 motivada n\u00e3o apenas pelo custo mais alto do cr\u00e9dito, mas tamb\u00e9m pela piora das condi\u00e7\u00f5es colocadas pelos bancos.","robots":{"index":"index","follow":"follow","max-snippet":"max-snippet:-1","max-image-preview":"max-image-preview:large","max-video-preview":"max-video-preview:-1"},"canonical":"https:\/\/www.suno.com.br\/noticias\/problema-de-credito-vai-alem-dos-juros-altos-dizem-empresarios\/","og_locale":"pt_BR","og_type":"article","og_title":"Problema de cr\u00e9dito vai al\u00e9m dos juros altos, dizem empres\u00e1rios luiza-trajano-juros-altos-credito","og_description":"A dificuldade que as empresas t\u00eam em se financiar \u00e9 motivada n\u00e3o apenas pelo custo mais alto do cr\u00e9dito, mas tamb\u00e9m pela piora das condi\u00e7\u00f5es colocadas pelos bancos.","og_url":"https:\/\/www.suno.com.br\/noticias\/problema-de-credito-vai-alem-dos-juros-altos-dizem-empresarios\/","og_site_name":"Suno Not\u00edcias","article_publisher":"https:\/\/facebook.com\/sunoresearch","article_author":"https:\/\/www.facebook.com\/sunonoticias\/","og_image":[{"width":1200,"height":800,"url":"https:\/\/files.sunoresearch.com.br\/n\/uploads\/2023\/07\/luiza-trajano-mglu3-abaixo-assinado-selic.jpg","type":"image\/jpeg"}],"author":"Reda\u00e7\u00e3o Suno Not\u00edcias","twitter_card":"summary_large_image","twitter_creator":"@https:\/\/twitter.com\/sunoresearch","twitter_site":"@sunoresearch","twitter_misc":{"Escrito por":"Reda\u00e7\u00e3o Suno Not\u00edcias","Est. tempo de leitura":"4 minutos"},"schema":{"@context":"https:\/\/schema.org","@graph":[{"@type":"NewsArticle","@id":"https:\/\/www.suno.com.br\/noticias\/problema-de-credito-vai-alem-dos-juros-altos-dizem-empresarios\/#article","isPartOf":{"@id":"https:\/\/www.suno.com.br\/noticias\/problema-de-credito-vai-alem-dos-juros-altos-dizem-empresarios\/"},"author":{"name":"Reda\u00e7\u00e3o Suno Not\u00edcias","@id":"https:\/\/www.suno.com.br\/noticias\/#\/schema\/person\/c1b1bd3727fa852bd045e9dbff3673ea"},"headline":"Problema de cr\u00e9dito vai al\u00e9m dos juros altos, dizem empres\u00e1rios","datePublished":"2023-07-09T17:23:57+00:00","dateModified":"2023-07-09T17:24:00+00:00","mainEntityOfPage":{"@id":"https:\/\/www.suno.com.br\/noticias\/problema-de-credito-vai-alem-dos-juros-altos-dizem-empresarios\/"},"wordCount":666,"publisher":{"@id":"https:\/\/www.suno.com.br\/noticias\/#organization"},"image":{"@id":"https:\/\/www.suno.com.br\/noticias\/problema-de-credito-vai-alem-dos-juros-altos-dizem-empresarios\/#primaryimage"},"thumbnailUrl":"https:\/\/files.sunoresearch.com.br\/n\/uploads\/2023\/07\/luiza-trajano-mglu3-abaixo-assinado-selic.jpg","articleSection":["Economia"],"inLanguage":"pt-BR"},{"@type":"WebPage","@id":"https:\/\/www.suno.com.br\/noticias\/problema-de-credito-vai-alem-dos-juros-altos-dizem-empresarios\/","url":"https:\/\/www.suno.com.br\/noticias\/problema-de-credito-vai-alem-dos-juros-altos-dizem-empresarios\/","name":"Problema de cr\u00e9dito vai al\u00e9m dos juros altos, dizem empres\u00e1rios luiza-trajano-juros-altos-credito","isPartOf":{"@id":"https:\/\/www.suno.com.br\/noticias\/#website"},"primaryImageOfPage":{"@id":"https:\/\/www.suno.com.br\/noticias\/problema-de-credito-vai-alem-dos-juros-altos-dizem-empresarios\/#primaryimage"},"image":{"@id":"https:\/\/www.suno.com.br\/noticias\/problema-de-credito-vai-alem-dos-juros-altos-dizem-empresarios\/#primaryimage"},"thumbnailUrl":"https:\/\/files.sunoresearch.com.br\/n\/uploads\/2023\/07\/luiza-trajano-mglu3-abaixo-assinado-selic.jpg","datePublished":"2023-07-09T17:23:57+00:00","dateModified":"2023-07-09T17:24:00+00:00","description":"A dificuldade que as empresas t\u00eam em se financiar \u00e9 motivada n\u00e3o apenas pelo custo mais alto do cr\u00e9dito, mas tamb\u00e9m pela piora das condi\u00e7\u00f5es colocadas pelos bancos.","breadcrumb":{"@id":"https:\/\/www.suno.com.br\/noticias\/problema-de-credito-vai-alem-dos-juros-altos-dizem-empresarios\/#breadcrumb"},"inLanguage":"pt-BR","potentialAction":[{"@type":"ReadAction","target":["https:\/\/www.suno.com.br\/noticias\/problema-de-credito-vai-alem-dos-juros-altos-dizem-empresarios\/"]}]},{"@type":"ImageObject","inLanguage":"pt-BR","@id":"https:\/\/www.suno.com.br\/noticias\/problema-de-credito-vai-alem-dos-juros-altos-dizem-empresarios\/#primaryimage","url":"https:\/\/files.sunoresearch.com.br\/n\/uploads\/2023\/07\/luiza-trajano-mglu3-abaixo-assinado-selic.jpg","contentUrl":"https:\/\/files.sunoresearch.com.br\/n\/uploads\/2023\/07\/luiza-trajano-mglu3-abaixo-assinado-selic.jpg","width":1200,"height":800,"caption":"Magazine Luiza (MGLU3). Foto: Flickr"},{"@type":"BreadcrumbList","@id":"https:\/\/www.suno.com.br\/noticias\/problema-de-credito-vai-alem-dos-juros-altos-dizem-empresarios\/#breadcrumb","itemListElement":[{"@type":"ListItem","position":1,"name":"Not\u00edcias","item":"https:\/\/www.suno.com.br\/noticias\/"},{"@type":"ListItem","position":2,"name":"Economia","item":"https:\/\/www.suno.com.br\/noticias\/economia\/"},{"@type":"ListItem","position":3,"name":"Problema de cr\u00e9dito vai al\u00e9m dos juros altos, dizem empres\u00e1rios"}]},{"@type":"WebSite","@id":"https:\/\/www.suno.com.br\/noticias\/#website","url":"https:\/\/www.suno.com.br\/noticias\/","name":"Suno Not\u00edcias","description":"Seu portal de informa\u00e7\u00e3o sobre o mundo dos investimentos","publisher":{"@id":"https:\/\/www.suno.com.br\/noticias\/#organization"},"potentialAction":[{"@type":"SearchAction","target":{"@type":"EntryPoint","urlTemplate":"https:\/\/www.suno.com.br\/noticias\/?s={search_term_string}"},"query-input":{"@type":"PropertyValueSpecification","valueRequired":true,"valueName":"search_term_string"}}],"inLanguage":"pt-BR"},{"@type":"Organization","@id":"https:\/\/www.suno.com.br\/noticias\/#organization","name":"Suno Not\u00edcias","url":"https:\/\/www.suno.com.br\/noticias\/","logo":{"@type":"ImageObject","inLanguage":"pt-BR","@id":"https:\/\/www.suno.com.br\/noticias\/#\/schema\/logo\/image\/","url":"https:\/\/files.sunoresearch.com.br\/n\/uploads\/2021\/09\/suno-logo.png","contentUrl":"https:\/\/files.sunoresearch.com.br\/n\/uploads\/2021\/09\/suno-logo.png","width":180,"height":180,"caption":"Suno Not\u00edcias"},"image":{"@id":"https:\/\/www.suno.com.br\/noticias\/#\/schema\/logo\/image\/"},"sameAs":["https:\/\/facebook.com\/sunoresearch","https:\/\/x.com\/sunoresearch","https:\/\/www.instagram.com\/suno","https:\/\/www.linkedin.com\/company\/suno-research\/","https:\/\/www.youtube.com\/c\/sunoresearch"]},{"@type":"Person","@id":"https:\/\/www.suno.com.br\/noticias\/#\/schema\/person\/c1b1bd3727fa852bd045e9dbff3673ea","name":"Reda\u00e7\u00e3o Suno Not\u00edcias","image":{"@type":"ImageObject","inLanguage":"pt-BR","@id":"https:\/\/www.suno.com.br\/noticias\/#\/schema\/person\/image\/","url":"https:\/\/secure.gravatar.com\/avatar\/b8104b9b5a71985d5238ee59fbe418af?s=96&r=g","contentUrl":"https:\/\/secure.gravatar.com\/avatar\/b8104b9b5a71985d5238ee59fbe418af?s=96&r=g","caption":"Reda\u00e7\u00e3o Suno Not\u00edcias"},"description":"O Suno Not\u00edcias \u00e9 um portal de informa\u00e7\u00f5es sobre Mercado Financeiro, Pol\u00edtica, Neg\u00f3cios, Economia e Finan\u00e7as Pessoais.","sameAs":["https:\/\/www.suno.com.br\/noticias","https:\/\/www.facebook.com\/sunonoticias\/","https:\/\/www.instagram.com\/sunonoticias\/","https:\/\/x.com\/https:\/\/twitter.com\/sunoresearch","https:\/\/www.youtube.com\/sunonoticias"],"url":"https:\/\/www.suno.com.br\/noticias\/author\/redacao-suno\/"}]}},"default_loop_html":"<div class=\"cardsPage__listCard__boxs\"><div class=\"cardsPage__listCard__boxs__img\"><a href=\"https:\/\/www.suno.com.br\/noticias\/problema-de-credito-vai-alem-dos-juros-altos-dizem-empresarios\/\"><img class=\"mask\" src=\"https:\/\/www.suno.com.br\/noticias\/wp-content\/themes\/suno\/resources\/images\/spotlight\/spotlight1img\/bg-mask.png\" alt=\"Image Mask\"\/><img src=\"https:\/\/files.sunoresearch.com.br\/n\/uploads\/2023\/07\/luiza-trajano-mglu3-abaixo-assinado-selic-400x200.jpg\" alt=\"Problema de cr\u00e9dito vai al\u00e9m dos juros altos, dizem empres\u00e1rios\"\/><\/a><span class=\"spotlightCategory\"><a href=\"https:\/\/www.suno.com.br\/noticias\/economia\/\">Economia<\/a><\/span><\/div><div class=\"cardsPage__listCard__boxs__content\"><a href=\"https:\/\/www.suno.com.br\/noticias\/problema-de-credito-vai-alem-dos-juros-altos-dizem-empresarios\/\"><h2 class=\"content__title\">Problema de cr\u00e9dito vai al\u00e9m dos juros altos, dizem empres\u00e1rios<\/h2><\/a><div class=\"newsContent__article__meta\"><div class=\"newsContent__article__meta__authorBox\"><a href=\"https:\/\/www.suno.com.br\/noticias\/author\/redacao-suno\/\" class=\"authorBox__avatar noMobi\"><img src=\"https:\/\/files.sunoresearch.com.br\/n\/uploads\/2020\/08\/0ace682d-redacao-1-150x150.webp\" alt=\"Reda\u00e7\u00e3o Suno Not\u00edcias\"><\/a><div class=\"authorBox__name\"><span>por\n\t\t\t<a href=\"https:\/\/www.suno.com.br\/noticias\/author\/redacao-suno\/\"><span itemprop=\"author\">Reda\u00e7\u00e3o Suno Not\u00edcias<\/span><\/a><\/span><time datetime=\"2023-07-09T14:23:57-03:00\" itemprop=\"datePublished\">09\/07\/2023 14:23<\/time><\/div><\/div><\/div><\/div><\/div>","single_layout":"posts","amp_enabled":true,"_links":{"self":[{"href":"https:\/\/www.suno.com.br\/noticias\/wp-json\/wp\/v2\/posts\/426863"}],"collection":[{"href":"https:\/\/www.suno.com.br\/noticias\/wp-json\/wp\/v2\/posts"}],"about":[{"href":"https:\/\/www.suno.com.br\/noticias\/wp-json\/wp\/v2\/types\/post"}],"author":[{"embeddable":true,"href":"https:\/\/www.suno.com.br\/noticias\/wp-json\/wp\/v2\/users\/43"}],"replies":[{"embeddable":true,"href":"https:\/\/www.suno.com.br\/noticias\/wp-json\/wp\/v2\/comments?post=426863"}],"version-history":[{"count":2,"href":"https:\/\/www.suno.com.br\/noticias\/wp-json\/wp\/v2\/posts\/426863\/revisions"}],"predecessor-version":[{"id":426881,"href":"https:\/\/www.suno.com.br\/noticias\/wp-json\/wp\/v2\/posts\/426863\/revisions\/426881"}],"wp:featuredmedia":[{"embeddable":true,"href":"https:\/\/www.suno.com.br\/noticias\/wp-json\/wp\/v2\/media\/424484"}],"wp:attachment":[{"href":"https:\/\/www.suno.com.br\/noticias\/wp-json\/wp\/v2\/media?parent=426863"}],"wp:term":[{"taxonomy":"category","embeddable":true,"href":"https:\/\/www.suno.com.br\/noticias\/wp-json\/wp\/v2\/categories?post=426863"},{"taxonomy":"post_tag","embeddable":true,"href":"https:\/\/www.suno.com.br\/noticias\/wp-json\/wp\/v2\/tags?post=426863"},{"taxonomy":"suno_strategy","embeddable":true,"href":"https:\/\/www.suno.com.br\/noticias\/wp-json\/wp\/v2\/suno_strategy?post=426863"}],"curies":[{"name":"wp","href":"https:\/\/api.w.org\/{rel}","templated":true}]}}