{"id":42683,"date":"2019-10-28T19:36:47","date_gmt":"2019-10-28T21:36:47","guid":{"rendered":"https:\/\/www.suno.com.br\/noticias\/?p=42683"},"modified":"2019-10-28T19:36:47","modified_gmt":"2019-10-28T21:36:47","slug":"projeto-privatizacao-eletrobras-pronto-diz-ministro","status":"publish","type":"post","link":"https:\/\/www.suno.com.br\/noticias\/projeto-privatizacao-eletrobras-pronto-diz-ministro\/","title":{"rendered":"Projeto de privatiza\u00e7\u00e3o da Eletrobras est\u00e1 pronto, diz ministro"},"content":{"rendered":"<p>O ministro de Minas e Energia, Bento Albuquerque, afirmou, nesta segunda-feira (28), que o projeto de <strong><a href=\"https:\/\/www.suno.com.br\/artigos\/privatizacao\/\">privatiza\u00e7\u00e3o<\/a><\/strong> da Eletrobras j\u00e1 est\u00e1 pronto para ser encaminhado ao <strong>Congresso<\/strong>.<\/p>\t<div class=\"wrapper-featured-image\">\n\t\t<figure class=\"spotlightImg\">\n\n\t\t\t<picture>\n\t\t\t\t<source media=\"(max-width: 768px)\" srcset=\"https:\/\/files.sunoresearch.com.br\/n\/uploads\/2018\/11\/376041e7-eletrobras-400x200.webp\">\n\t\t\t\t<img loading=\"lazy\" decoding=\"async\" class=\"newsContent__article__imgCapa lazyloadDisabled newsContent__article__imgCapa--noCaption\" src=\"https:\/\/files.sunoresearch.com.br\/n\/uploads\/2018\/11\/376041e7-eletrobras-800x450.webp\" width=\"800\" height=\"450\" alt=\"Projeto de privatiza\u00e7\u00e3o da Eletrobras est\u00e1 pronto, diz ministro\" fetchpriority=high \/>\n\t\t\t<\/picture>\n\n\t\t\t<figcaption class=\"wp-caption-text wp-caption-text--hide\">Coronav\u00edrus: setor el\u00e9trico pode sofrer impacto de at\u00e9 R$ 25 bi<\/figcaption>\n\t\t<\/figure>\n\t<\/div>\n\n\n\n<p>De acordo com o ministro, o projeto de desestatiza\u00e7\u00e3o da <strong>Eletrobras<\/strong> que ser\u00e1 apresentado \u00e9 diferente do que j\u00e1 tramita no Congresso.<\/p>\n<p>\u201cVou levar pessoalmente o projeto de privatiza\u00e7\u00e3o da Eletrobras ao presidente [da C\u00e2mara dos Deputados] Rodrigo Maia. Vou agendar com ele a melhor data. J\u00e1 est\u00e1 tudo pronto\u201d, afirmou Albuquerque.<\/p>\n<p>O ministro ressaltou que o governo n\u00e3o ter\u00e1 <strong><a href=\"https:\/\/www.suno.com.br\/artigos\/golden-share\/\">golden share<\/a><\/strong> na estatal ap\u00f3s o processo de privatiza\u00e7\u00e3o. Ou seja, n\u00e3o manter\u00e1 uma parte no controle da empresa e, assim, n\u00e3o ter\u00e1 direito de participar da tomada de decis\u00f5es ap\u00f3s a desestatiza\u00e7\u00e3o.<\/p>\n<p>Albuquerque disse estar otimista em rela\u00e7\u00e3o a aprova\u00e7\u00e3o do projeto. No entanto, segundo ele, a medida depende da &#8220;din\u00e2mica&#8221; do Congresso Nacional.<\/p>\n<p>\u201cDa forma como estamos trabalhando, com bastante transpar\u00eancia e di\u00e1logo permanente com as lideran\u00e7as pol\u00edticas, esperamos que tenha uma tramita\u00e7\u00e3o mais c\u00e9lere poss\u00edvel\u201d, disse o ministro.<\/p>\n<h2>Bandeira tarif\u00e1ria vermelha<\/h2>\n<p>O ministro falou ainda sobre a ado\u00e7\u00e3o da bandeira tarif\u00e1ria vermelha patamar 1 em novembro nas contas de luz. Segundo ele, a medida foi necess\u00e1ria por conta da escassez de chuva desde agosto nos reservat\u00f3rios dos geradores das usinas hidrel\u00e9tricas.<\/p>\n\t<p>\n\t\t<a href=\"https:\/\/lp.suno.com.br\/ao\/servico-especializado-suno-tf\/?utm_source=adwords&#038;utm_medium=search&#038;utm_campaign=search.servico.funilconsultoria&#038;utm_content=1147_responsivo-a&#038;hsa_acc=2326072784&#038;hsa_cam=18022897917&#038;hsa_grp=141470255993&#038;hsa_ad=616145467912&#038;hsa_src=g&#038;hsa_tgt=kwd-303658942458&#038;hsa_kw=gestora+de+investimentos&#038;hsa_mt=b&#038;hsa_net=adwords&#038;hsa_ver=3&#038;gad_source=1&#038;gclid=CjwKCAjw1emzBhB8EiwAHwZZxQMvA3xJVRzLGZ70LmuSzR55X-KvxijSay8c5Hm88Sznnq97j8XbORoC-sMQAvD_BwE\" target=\"_blank\" data-element=\"shortcode-suno-banner\" title=\"Banner SUNO, clique e saiba mais\">\n\t\t\t<picture>\n\t\t\t\t<source media=\"(max-width: 500px)\" srcset=\"https:\/\/files.sunoresearch.com.br\/n\/uploads\/2024\/06\/400x300-Mobile-Artigos-4-1.png\">\n\t\t\t\t<img class=\"newsContent__article__imgCapa newsContent__article__imgCapa--banner\"\n\t\t\t\t\tsrc=\"https:\/\/files.sunoresearch.com.br\/n\/uploads\/2024\/06\/1420x240-Banner-Artigos-1-_-Banner-Materias-2-1.png\"\n\t\t\t\t\tdata-promo-id=\"563609\"\t\t\t\t\t\t\t\t\t\twidth='1420' height='240'\t\t\t\t\talt=\"https:\/\/files.sunoresearch.com.br\/n\/uploads\/2024\/06\/1420x240-Banner-Artigos-1-_-Banner-Materias-2-1.png\"\n\t\t\t\t>\n\t\t\t<\/picture>\n\t\t<\/a>\n\t<\/p>\n\n\n<p>\u201cAs expectativas hidrol\u00f3gicas s\u00e3o positivas, mas trabalhamos com fatos e o fato \u00e9 que nos \u00faltimos dois meses n\u00e3o houve um regime de chuvas nos reservat\u00f3rios. Ent\u00e3o, como cumprimos a norma, h\u00e1 a bandeira vermelha\u201d, disse o ministro.<\/p>\n<p>Em contrapartida, Albuquerque ressaltou que a expectativa para os pr\u00f3ximos meses \u00e9 positiva, por conta das chuvas do ver\u00e3o.<\/p>\n<h2>State Grid na privatiza\u00e7\u00e3o da Eletrobras<\/h2>\n<p>No dia 17 de outubro, executivos da empresa chinesa de eletricidade <strong>State<\/strong> <strong>Grid\u00a0<\/strong>afirmaram que a companhia tem interesse em participar, de alguma forma, da privatiza\u00e7\u00e3o da Eletrobras.<\/p>\n<p><a href=\"https:\/\/www.suno.com.br\/noticias\/eletrobras-state-grid-interesse-participar-privatizacao\/\">Saiba mais: Eletrobras: State Grid informa que tem interesse em participar da privatiza\u00e7\u00e3o<\/a><\/p>\n<p>Al\u00e9m disso, o presidente da State Grid, Chang Zhongjiao, disse que a companhia est\u00e1 em busca de neg\u00f3cios variados, como em leil\u00f5es do governo e tamb\u00e9m aquisi\u00e7\u00f5es.<\/p>\n<p>\u201cSobre a <strong>Eletrobras,<\/strong> n\u00e3o existem informa\u00e7\u00f5es (detalhadas), mas se estiver em conformidade com nosso plano de expans\u00e3o, por que n\u00e3o?\u201d, afirmou Zhongjiao,<\/p>\n","protected":false},"excerpt":{"rendered":"<p>O ministro de Minas e Energia, Bento Albuquerque, afirmou, nesta segunda-feira (28), que o projeto de privatiza\u00e7\u00e3o da Eletrobras j\u00e1 est\u00e1 pronto para ser encaminhado ao Congresso. Coronav\u00edrus: setor el\u00e9trico pode sofrer impacto de at\u00e9 R$ 25 bi De acordo com o ministro, o projeto de desestatiza\u00e7\u00e3o da Eletrobras que ser\u00e1 apresentado \u00e9 diferente do [&hellip;]<\/p>\n","protected":false},"author":18,"featured_media":6799,"comment_status":"closed","ping_status":"closed","sticky":false,"template":"","format":"standard","meta":[],"categories":[64],"tags":[901,455,945],"suno_strategy":[],"class_list":["post-42683","post","type-post","status-publish","format-standard","has-post-thumbnail","hentry","category-negocios","tag-congresso-nacional","tag-eletrobras-elet3-elet5-elet6","tag-privatizacoes"],"yoast_head":"<!-- This site is optimized with the Yoast SEO plugin v24.4 - https:\/\/yoast.com\/wordpress\/plugins\/seo\/ -->\n<title>Projeto de privatiza\u00e7\u00e3o da Eletrobras est\u00e1 pronto, diz ministro<\/title>\n<meta name=\"description\" content=\"O ministro de Minas e Energia afirmou nesta segunda-feira que o projeto de privatiza\u00e7\u00e3o da Eletrobras j\u00e1 est\u00e1 pronto. Clique para saber mais.\" \/>\n<meta name=\"robots\" content=\"index, follow, max-snippet:-1, max-image-preview:large, max-video-preview:-1\" \/>\n<link rel=\"canonical\" href=\"https:\/\/www.suno.com.br\/noticias\/projeto-privatizacao-eletrobras-pronto-diz-ministro\/\" \/>\n<meta property=\"og:locale\" content=\"pt_BR\" \/>\n<meta property=\"og:type\" content=\"article\" \/>\n<meta property=\"og:title\" content=\"Projeto de privatiza\u00e7\u00e3o da Eletrobras est\u00e1 pronto, diz ministro\" \/>\n<meta property=\"og:description\" content=\"O ministro de Minas e Energia afirmou nesta segunda-feira que o projeto de privatiza\u00e7\u00e3o da Eletrobras j\u00e1 est\u00e1 pronto. Clique para saber mais.\" \/>\n<meta property=\"og:url\" content=\"https:\/\/www.suno.com.br\/noticias\/projeto-privatizacao-eletrobras-pronto-diz-ministro\/\" \/>\n<meta property=\"og:site_name\" content=\"Suno Not\u00edcias\" \/>\n<meta property=\"article:publisher\" content=\"https:\/\/facebook.com\/sunoresearch\" \/>\n<meta property=\"og:image\" content=\"https:\/\/files.sunoresearch.com.br\/n\/uploads\/2018\/11\/376041e7-eletrobras.jpg\" \/>\n\t<meta property=\"og:image:width\" content=\"1140\" \/>\n\t<meta property=\"og:image:height\" content=\"760\" \/>\n\t<meta property=\"og:image:type\" content=\"image\/jpeg\" \/>\n<meta name=\"author\" content=\"Giovanna Oliveira\" \/>\n<meta name=\"twitter:card\" content=\"summary_large_image\" \/>\n<meta name=\"twitter:creator\" content=\"@sunoresearch\" \/>\n<meta name=\"twitter:site\" content=\"@sunoresearch\" \/>\n<meta name=\"twitter:label1\" content=\"Escrito por\" \/>\n\t<meta name=\"twitter:data1\" content=\"Giovanna Oliveira\" \/>\n\t<meta name=\"twitter:label2\" content=\"Est. tempo de leitura\" \/>\n\t<meta name=\"twitter:data2\" content=\"2 minutos\" \/>\n<script type=\"application\/ld+json\" class=\"yoast-schema-graph\">{\"@context\":\"https:\/\/schema.org\",\"@graph\":[{\"@type\":\"NewsArticle\",\"@id\":\"https:\/\/www.suno.com.br\/noticias\/projeto-privatizacao-eletrobras-pronto-diz-ministro\/#article\",\"isPartOf\":{\"@id\":\"https:\/\/www.suno.com.br\/noticias\/projeto-privatizacao-eletrobras-pronto-diz-ministro\/\"},\"author\":{\"name\":\"Giovanna Oliveira\",\"@id\":\"https:\/\/www.suno.com.br\/noticias\/#\/schema\/person\/4e19e3d2575736e5283d58eb3199d120\"},\"headline\":\"Projeto de privatiza\u00e7\u00e3o da Eletrobras est\u00e1 pronto, diz ministro\",\"datePublished\":\"2019-10-28T21:36:47+00:00\",\"mainEntityOfPage\":{\"@id\":\"https:\/\/www.suno.com.br\/noticias\/projeto-privatizacao-eletrobras-pronto-diz-ministro\/\"},\"wordCount\":420,\"publisher\":{\"@id\":\"https:\/\/www.suno.com.br\/noticias\/#organization\"},\"image\":{\"@id\":\"https:\/\/www.suno.com.br\/noticias\/projeto-privatizacao-eletrobras-pronto-diz-ministro\/#primaryimage\"},\"thumbnailUrl\":\"https:\/\/files.sunoresearch.com.br\/n\/uploads\/2018\/11\/376041e7-eletrobras-jpg.webp\",\"keywords\":[\"Congresso Nacional\",\"Eletrobras (ELET3\/ELET5\/ELET6)\",\"privatiza\u00e7\u00f5es\"],\"articleSection\":[\"Neg\u00f3cios\"],\"inLanguage\":\"pt-BR\"},{\"@type\":\"WebPage\",\"@id\":\"https:\/\/www.suno.com.br\/noticias\/projeto-privatizacao-eletrobras-pronto-diz-ministro\/\",\"url\":\"https:\/\/www.suno.com.br\/noticias\/projeto-privatizacao-eletrobras-pronto-diz-ministro\/\",\"name\":\"Projeto de privatiza\u00e7\u00e3o da Eletrobras est\u00e1 pronto, diz ministro\",\"isPartOf\":{\"@id\":\"https:\/\/www.suno.com.br\/noticias\/#website\"},\"primaryImageOfPage\":{\"@id\":\"https:\/\/www.suno.com.br\/noticias\/projeto-privatizacao-eletrobras-pronto-diz-ministro\/#primaryimage\"},\"image\":{\"@id\":\"https:\/\/www.suno.com.br\/noticias\/projeto-privatizacao-eletrobras-pronto-diz-ministro\/#primaryimage\"},\"thumbnailUrl\":\"https:\/\/files.sunoresearch.com.br\/n\/uploads\/2018\/11\/376041e7-eletrobras-jpg.webp\",\"datePublished\":\"2019-10-28T21:36:47+00:00\",\"description\":\"O ministro de Minas e Energia afirmou nesta segunda-feira que o projeto de privatiza\u00e7\u00e3o da Eletrobras j\u00e1 est\u00e1 pronto. Clique para saber mais.\",\"breadcrumb\":{\"@id\":\"https:\/\/www.suno.com.br\/noticias\/projeto-privatizacao-eletrobras-pronto-diz-ministro\/#breadcrumb\"},\"inLanguage\":\"pt-BR\",\"potentialAction\":[{\"@type\":\"ReadAction\",\"target\":[\"https:\/\/www.suno.com.br\/noticias\/projeto-privatizacao-eletrobras-pronto-diz-ministro\/\"]}]},{\"@type\":\"ImageObject\",\"inLanguage\":\"pt-BR\",\"@id\":\"https:\/\/www.suno.com.br\/noticias\/projeto-privatizacao-eletrobras-pronto-diz-ministro\/#primaryimage\",\"url\":\"https:\/\/files.sunoresearch.com.br\/n\/uploads\/2018\/11\/376041e7-eletrobras-jpg.webp\",\"contentUrl\":\"https:\/\/files.sunoresearch.com.br\/n\/uploads\/2018\/11\/376041e7-eletrobras-jpg.webp\",\"width\":1140,\"height\":760,\"caption\":\"Coronav\u00edrus: setor el\u00e9trico pode sofrer impacto de at\u00e9 R$ 25 bi\"},{\"@type\":\"BreadcrumbList\",\"@id\":\"https:\/\/www.suno.com.br\/noticias\/projeto-privatizacao-eletrobras-pronto-diz-ministro\/#breadcrumb\",\"itemListElement\":[{\"@type\":\"ListItem\",\"position\":1,\"name\":\"Not\u00edcias\",\"item\":\"https:\/\/www.suno.com.br\/noticias\/\"},{\"@type\":\"ListItem\",\"position\":2,\"name\":\"Neg\u00f3cios\",\"item\":\"https:\/\/www.suno.com.br\/noticias\/negocios\/\"},{\"@type\":\"ListItem\",\"position\":3,\"name\":\"Projeto de privatiza\u00e7\u00e3o da Eletrobras est\u00e1 pronto, diz ministro\"}]},{\"@type\":\"WebSite\",\"@id\":\"https:\/\/www.suno.com.br\/noticias\/#website\",\"url\":\"https:\/\/www.suno.com.br\/noticias\/\",\"name\":\"Suno Not\u00edcias\",\"description\":\"Seu portal de informa\u00e7\u00e3o sobre o mundo dos investimentos\",\"publisher\":{\"@id\":\"https:\/\/www.suno.com.br\/noticias\/#organization\"},\"potentialAction\":[{\"@type\":\"SearchAction\",\"target\":{\"@type\":\"EntryPoint\",\"urlTemplate\":\"https:\/\/www.suno.com.br\/noticias\/?s={search_term_string}\"},\"query-input\":{\"@type\":\"PropertyValueSpecification\",\"valueRequired\":true,\"valueName\":\"search_term_string\"}}],\"inLanguage\":\"pt-BR\"},{\"@type\":\"Organization\",\"@id\":\"https:\/\/www.suno.com.br\/noticias\/#organization\",\"name\":\"Suno Not\u00edcias\",\"url\":\"https:\/\/www.suno.com.br\/noticias\/\",\"logo\":{\"@type\":\"ImageObject\",\"inLanguage\":\"pt-BR\",\"@id\":\"https:\/\/www.suno.com.br\/noticias\/#\/schema\/logo\/image\/\",\"url\":\"https:\/\/files.sunoresearch.com.br\/n\/uploads\/2021\/09\/suno-logo.png\",\"contentUrl\":\"https:\/\/files.sunoresearch.com.br\/n\/uploads\/2021\/09\/suno-logo.png\",\"width\":180,\"height\":180,\"caption\":\"Suno Not\u00edcias\"},\"image\":{\"@id\":\"https:\/\/www.suno.com.br\/noticias\/#\/schema\/logo\/image\/\"},\"sameAs\":[\"https:\/\/facebook.com\/sunoresearch\",\"https:\/\/x.com\/sunoresearch\",\"https:\/\/www.instagram.com\/suno\",\"https:\/\/www.linkedin.com\/company\/suno-research\/\",\"https:\/\/www.youtube.com\/c\/sunoresearch\"]},{\"@type\":\"Person\",\"@id\":\"https:\/\/www.suno.com.br\/noticias\/#\/schema\/person\/4e19e3d2575736e5283d58eb3199d120\",\"name\":\"Giovanna Oliveira\",\"image\":{\"@type\":\"ImageObject\",\"inLanguage\":\"pt-BR\",\"@id\":\"https:\/\/www.suno.com.br\/noticias\/#\/schema\/person\/image\/\",\"url\":\"https:\/\/secure.gravatar.com\/avatar\/9a37b3ae208962ac568992d0ffdbc2eb?s=96&r=g\",\"contentUrl\":\"https:\/\/secure.gravatar.com\/avatar\/9a37b3ae208962ac568992d0ffdbc2eb?s=96&r=g\",\"caption\":\"Giovanna Oliveira\"},\"description\":\"Giovanna Oliveira escreve sobre economia e pol\u00edtica. Foi rep\u00f3rter do portal de jornalismo da ESPM-SP e produziu conte\u00fado para a Corinthians TV. \u00c9 estudante da ESPM.\",\"url\":\"https:\/\/www.suno.com.br\/noticias\/author\/giovanna\/\"}]}<\/script>\n<!-- \/ Yoast SEO plugin. -->","yoast_head_json":{"title":"Projeto de privatiza\u00e7\u00e3o da Eletrobras est\u00e1 pronto, diz ministro","description":"O ministro de Minas e Energia afirmou nesta segunda-feira que o projeto de privatiza\u00e7\u00e3o da Eletrobras j\u00e1 est\u00e1 pronto. Clique para saber mais.","robots":{"index":"index","follow":"follow","max-snippet":"max-snippet:-1","max-image-preview":"max-image-preview:large","max-video-preview":"max-video-preview:-1"},"canonical":"https:\/\/www.suno.com.br\/noticias\/projeto-privatizacao-eletrobras-pronto-diz-ministro\/","og_locale":"pt_BR","og_type":"article","og_title":"Projeto de privatiza\u00e7\u00e3o da Eletrobras est\u00e1 pronto, diz ministro","og_description":"O ministro de Minas e Energia afirmou nesta segunda-feira que o projeto de privatiza\u00e7\u00e3o da Eletrobras j\u00e1 est\u00e1 pronto. Clique para saber mais.","og_url":"https:\/\/www.suno.com.br\/noticias\/projeto-privatizacao-eletrobras-pronto-diz-ministro\/","og_site_name":"Suno Not\u00edcias","article_publisher":"https:\/\/facebook.com\/sunoresearch","og_image":[{"width":1140,"height":760,"url":"https:\/\/files.sunoresearch.com.br\/n\/uploads\/2018\/11\/376041e7-eletrobras.jpg","type":"image\/jpeg"}],"author":"Giovanna Oliveira","twitter_card":"summary_large_image","twitter_creator":"@sunoresearch","twitter_site":"@sunoresearch","twitter_misc":{"Escrito por":"Giovanna Oliveira","Est. tempo de leitura":"2 minutos"},"schema":{"@context":"https:\/\/schema.org","@graph":[{"@type":"NewsArticle","@id":"https:\/\/www.suno.com.br\/noticias\/projeto-privatizacao-eletrobras-pronto-diz-ministro\/#article","isPartOf":{"@id":"https:\/\/www.suno.com.br\/noticias\/projeto-privatizacao-eletrobras-pronto-diz-ministro\/"},"author":{"name":"Giovanna Oliveira","@id":"https:\/\/www.suno.com.br\/noticias\/#\/schema\/person\/4e19e3d2575736e5283d58eb3199d120"},"headline":"Projeto de privatiza\u00e7\u00e3o da Eletrobras est\u00e1 pronto, diz ministro","datePublished":"2019-10-28T21:36:47+00:00","mainEntityOfPage":{"@id":"https:\/\/www.suno.com.br\/noticias\/projeto-privatizacao-eletrobras-pronto-diz-ministro\/"},"wordCount":420,"publisher":{"@id":"https:\/\/www.suno.com.br\/noticias\/#organization"},"image":{"@id":"https:\/\/www.suno.com.br\/noticias\/projeto-privatizacao-eletrobras-pronto-diz-ministro\/#primaryimage"},"thumbnailUrl":"https:\/\/files.sunoresearch.com.br\/n\/uploads\/2018\/11\/376041e7-eletrobras-jpg.webp","keywords":["Congresso Nacional","Eletrobras (ELET3\/ELET5\/ELET6)","privatiza\u00e7\u00f5es"],"articleSection":["Neg\u00f3cios"],"inLanguage":"pt-BR"},{"@type":"WebPage","@id":"https:\/\/www.suno.com.br\/noticias\/projeto-privatizacao-eletrobras-pronto-diz-ministro\/","url":"https:\/\/www.suno.com.br\/noticias\/projeto-privatizacao-eletrobras-pronto-diz-ministro\/","name":"Projeto de privatiza\u00e7\u00e3o da Eletrobras est\u00e1 pronto, diz ministro","isPartOf":{"@id":"https:\/\/www.suno.com.br\/noticias\/#website"},"primaryImageOfPage":{"@id":"https:\/\/www.suno.com.br\/noticias\/projeto-privatizacao-eletrobras-pronto-diz-ministro\/#primaryimage"},"image":{"@id":"https:\/\/www.suno.com.br\/noticias\/projeto-privatizacao-eletrobras-pronto-diz-ministro\/#primaryimage"},"thumbnailUrl":"https:\/\/files.sunoresearch.com.br\/n\/uploads\/2018\/11\/376041e7-eletrobras-jpg.webp","datePublished":"2019-10-28T21:36:47+00:00","description":"O ministro de Minas e Energia afirmou nesta segunda-feira que o projeto de privatiza\u00e7\u00e3o da Eletrobras j\u00e1 est\u00e1 pronto. Clique para saber mais.","breadcrumb":{"@id":"https:\/\/www.suno.com.br\/noticias\/projeto-privatizacao-eletrobras-pronto-diz-ministro\/#breadcrumb"},"inLanguage":"pt-BR","potentialAction":[{"@type":"ReadAction","target":["https:\/\/www.suno.com.br\/noticias\/projeto-privatizacao-eletrobras-pronto-diz-ministro\/"]}]},{"@type":"ImageObject","inLanguage":"pt-BR","@id":"https:\/\/www.suno.com.br\/noticias\/projeto-privatizacao-eletrobras-pronto-diz-ministro\/#primaryimage","url":"https:\/\/files.sunoresearch.com.br\/n\/uploads\/2018\/11\/376041e7-eletrobras-jpg.webp","contentUrl":"https:\/\/files.sunoresearch.com.br\/n\/uploads\/2018\/11\/376041e7-eletrobras-jpg.webp","width":1140,"height":760,"caption":"Coronav\u00edrus: setor el\u00e9trico pode sofrer impacto de at\u00e9 R$ 25 bi"},{"@type":"BreadcrumbList","@id":"https:\/\/www.suno.com.br\/noticias\/projeto-privatizacao-eletrobras-pronto-diz-ministro\/#breadcrumb","itemListElement":[{"@type":"ListItem","position":1,"name":"Not\u00edcias","item":"https:\/\/www.suno.com.br\/noticias\/"},{"@type":"ListItem","position":2,"name":"Neg\u00f3cios","item":"https:\/\/www.suno.com.br\/noticias\/negocios\/"},{"@type":"ListItem","position":3,"name":"Projeto de privatiza\u00e7\u00e3o da Eletrobras est\u00e1 pronto, diz ministro"}]},{"@type":"WebSite","@id":"https:\/\/www.suno.com.br\/noticias\/#website","url":"https:\/\/www.suno.com.br\/noticias\/","name":"Suno Not\u00edcias","description":"Seu portal de informa\u00e7\u00e3o sobre o mundo dos investimentos","publisher":{"@id":"https:\/\/www.suno.com.br\/noticias\/#organization"},"potentialAction":[{"@type":"SearchAction","target":{"@type":"EntryPoint","urlTemplate":"https:\/\/www.suno.com.br\/noticias\/?s={search_term_string}"},"query-input":{"@type":"PropertyValueSpecification","valueRequired":true,"valueName":"search_term_string"}}],"inLanguage":"pt-BR"},{"@type":"Organization","@id":"https:\/\/www.suno.com.br\/noticias\/#organization","name":"Suno Not\u00edcias","url":"https:\/\/www.suno.com.br\/noticias\/","logo":{"@type":"ImageObject","inLanguage":"pt-BR","@id":"https:\/\/www.suno.com.br\/noticias\/#\/schema\/logo\/image\/","url":"https:\/\/files.sunoresearch.com.br\/n\/uploads\/2021\/09\/suno-logo.png","contentUrl":"https:\/\/files.sunoresearch.com.br\/n\/uploads\/2021\/09\/suno-logo.png","width":180,"height":180,"caption":"Suno Not\u00edcias"},"image":{"@id":"https:\/\/www.suno.com.br\/noticias\/#\/schema\/logo\/image\/"},"sameAs":["https:\/\/facebook.com\/sunoresearch","https:\/\/x.com\/sunoresearch","https:\/\/www.instagram.com\/suno","https:\/\/www.linkedin.com\/company\/suno-research\/","https:\/\/www.youtube.com\/c\/sunoresearch"]},{"@type":"Person","@id":"https:\/\/www.suno.com.br\/noticias\/#\/schema\/person\/4e19e3d2575736e5283d58eb3199d120","name":"Giovanna Oliveira","image":{"@type":"ImageObject","inLanguage":"pt-BR","@id":"https:\/\/www.suno.com.br\/noticias\/#\/schema\/person\/image\/","url":"https:\/\/secure.gravatar.com\/avatar\/9a37b3ae208962ac568992d0ffdbc2eb?s=96&r=g","contentUrl":"https:\/\/secure.gravatar.com\/avatar\/9a37b3ae208962ac568992d0ffdbc2eb?s=96&r=g","caption":"Giovanna Oliveira"},"description":"Giovanna Oliveira escreve sobre economia e pol\u00edtica. Foi rep\u00f3rter do portal de jornalismo da ESPM-SP e produziu conte\u00fado para a Corinthians TV. \u00c9 estudante da ESPM.","url":"https:\/\/www.suno.com.br\/noticias\/author\/giovanna\/"}]}},"default_loop_html":"<div class=\"cardsPage__listCard__boxs\"><div class=\"cardsPage__listCard__boxs__img\"><a href=\"https:\/\/www.suno.com.br\/noticias\/projeto-privatizacao-eletrobras-pronto-diz-ministro\/\"><img class=\"mask\" src=\"https:\/\/www.suno.com.br\/noticias\/wp-content\/themes\/suno\/resources\/images\/spotlight\/spotlight1img\/bg-mask.png\" alt=\"Image Mask\"\/><img src=\"https:\/\/files.sunoresearch.com.br\/n\/uploads\/2018\/11\/376041e7-eletrobras-400x200.webp\" alt=\"Projeto de privatiza\u00e7\u00e3o da Eletrobras est\u00e1 pronto, diz ministro\"\/><\/a><span class=\"spotlightCategory\"><a href=\"https:\/\/www.suno.com.br\/noticias\/negocios\/\">Neg\u00f3cios<\/a><\/span><\/div><div class=\"cardsPage__listCard__boxs__content\"><a href=\"https:\/\/www.suno.com.br\/noticias\/projeto-privatizacao-eletrobras-pronto-diz-ministro\/\"><h2 class=\"content__title\">Projeto de privatiza\u00e7\u00e3o da Eletrobras est\u00e1 pronto, diz ministro<\/h2><\/a><div class=\"newsContent__article__meta\"><div class=\"newsContent__article__meta__authorBox\"><a href=\"https:\/\/www.suno.com.br\/noticias\/author\/giovanna\/\" class=\"authorBox__avatar noMobi\"><img src=\"https:\/\/files.sunoresearch.com.br\/n\/uploads\/2019\/06\/952a89ca-screenshot_20190608-171507-150x150.webp\" alt=\"Giovanna Oliveira\"><\/a><div class=\"authorBox__name\"><span>por\n\t\t\t<a href=\"https:\/\/www.suno.com.br\/noticias\/author\/giovanna\/\"><span itemprop=\"author\">Giovanna Oliveira<\/span><\/a><\/span><time datetime=\"2019-10-28T19:36:47-03:00\" itemprop=\"datePublished\">28\/10\/2019 19:36<\/time><\/div><\/div><\/div><\/div><\/div>","single_layout":"posts","amp_enabled":true,"_links":{"self":[{"href":"https:\/\/www.suno.com.br\/noticias\/wp-json\/wp\/v2\/posts\/42683"}],"collection":[{"href":"https:\/\/www.suno.com.br\/noticias\/wp-json\/wp\/v2\/posts"}],"about":[{"href":"https:\/\/www.suno.com.br\/noticias\/wp-json\/wp\/v2\/types\/post"}],"author":[{"embeddable":true,"href":"https:\/\/www.suno.com.br\/noticias\/wp-json\/wp\/v2\/users\/18"}],"replies":[{"embeddable":true,"href":"https:\/\/www.suno.com.br\/noticias\/wp-json\/wp\/v2\/comments?post=42683"}],"version-history":[{"count":0,"href":"https:\/\/www.suno.com.br\/noticias\/wp-json\/wp\/v2\/posts\/42683\/revisions"}],"wp:featuredmedia":[{"embeddable":true,"href":"https:\/\/www.suno.com.br\/noticias\/wp-json\/wp\/v2\/media\/6799"}],"wp:attachment":[{"href":"https:\/\/www.suno.com.br\/noticias\/wp-json\/wp\/v2\/media?parent=42683"}],"wp:term":[{"taxonomy":"category","embeddable":true,"href":"https:\/\/www.suno.com.br\/noticias\/wp-json\/wp\/v2\/categories?post=42683"},{"taxonomy":"post_tag","embeddable":true,"href":"https:\/\/www.suno.com.br\/noticias\/wp-json\/wp\/v2\/tags?post=42683"},{"taxonomy":"suno_strategy","embeddable":true,"href":"https:\/\/www.suno.com.br\/noticias\/wp-json\/wp\/v2\/suno_strategy?post=42683"}],"curies":[{"name":"wp","href":"https:\/\/api.w.org\/{rel}","templated":true}]}}