{"id":4268,"date":"2018-09-24T10:15:51","date_gmt":"2018-09-24T13:15:51","guid":{"rendered":"https:\/\/www.suno.com.br\/noticias\/?p=4268"},"modified":"2018-09-24T10:15:51","modified_gmt":"2018-09-24T13:15:51","slug":"resumo-segunda-politica-negocios","status":"publish","type":"post","link":"https:\/\/www.suno.com.br\/noticias\/resumo-segunda-politica-negocios\/","title":{"rendered":"O que saber nesta segunda-feira em pol\u00edtica e neg\u00f3cios"},"content":{"rendered":"<p>Saiba o que pode movimentar os mercados nesta segunda-feira no campo da pol\u00edtica e dos neg\u00f3cios.<\/p>\t<div class=\"wrapper-featured-image\">\n\t\t<figure class=\"spotlightImg\">\n\n\t\t\t<picture>\n\t\t\t\t<source media=\"(max-width: 768px)\" srcset=\"https:\/\/files.sunoresearch.com.br\/n\/uploads\/2018\/09\/2fe393d7-resumo-dia-2-400x200.webp\">\n\t\t\t\t<img loading=\"lazy\" decoding=\"async\" class=\"newsContent__article__imgCapa lazyloadDisabled newsContent__article__imgCapa--noCaption\" src=\"https:\/\/files.sunoresearch.com.br\/n\/uploads\/2018\/09\/2fe393d7-resumo-dia-2-800x450.webp\" width=\"800\" height=\"450\" alt=\"O que saber nesta segunda-feira em pol\u00edtica e neg\u00f3cios\" fetchpriority=high \/>\n\t\t\t<\/picture>\n\n\t\t\t<figcaption class=\"wp-caption-text wp-caption-text--hide\"><\/figcaption>\n\t\t<\/figure>\n\t<\/div>\n\n\n<p>No cen\u00e1rio eleitoral, aten\u00e7\u00e3o para a pesquisa FSB\/BTG Pactual, que mostra Jair Bolsonaro (PSL) com 33% das inten\u00e7\u00f5es de voto (mesmo resultado da \u00faltima pesquisa), e crescimento de Fernando Haddad (PT) de 16% para 23%. Ciro Gomes (PDT) perde f\u00f4lego, caindo de 14% para 10%. Ainda haver\u00e1 pesquisa do Ibope a ser divulgada hoje.<\/p>\n<p>Ainda na pol\u00edtica, os advogados do ex-presidente Lula devem entrar com recurso no TRF-4 hoje para solicitar que ele possa gravar v\u00eddeos para a propaganda eleitoral de Fernando Haddad. A ideia \u00e9 que ele grave na quinta, 27, quando pode receber visitas.<\/p>\n<p>Do outro lado da disputa, Jair Bolsonaro recebeu Paulo Guedes, seu &#8220;posto Ipiranga&#8221; econ\u00f4mico, em seu quarto no Hospital Albert Einstein, onde ele se recupera h\u00e1 15 dias. O deputado tu\u00edtou uma foto dos dois com a legenda &#8220;Jair Bolsonaro recebe visita de Paulo Guedes! Sempre juntos na busca da Ordem e Progresso!&#8221;, numa tentativa de acalmar as suspeitas de que h\u00e1 uma desuni\u00e3o interna na campanha do candidato.<\/p>\n<p>Bolsonaro tamb\u00e9m planeja divulgar uma carta semelhante \u00e0 &#8220;Carta aos Brasileiros&#8221; lan\u00e7ada por Lula em 2002. Escrito pelo general Augusto Heleno, o texto defende a pacifica\u00e7\u00e3o do pa\u00eds com o resultado eleitoral e tamb\u00e9m faz um aceno ao mercado com \u00eanfase na necessidade de se fazer um ajuste fiscal.<\/p>\n<p>No mundo dos neg\u00f3cios, aten\u00e7\u00e3o para uma disputa na Fran\u00e7a: dois dos maiores grupos de supermercados do pa\u00eds, Casino e Carrefour, est\u00e3o em discuss\u00e3o depois de o primeiro ter anunciado que rejeitou uma oferta de fus\u00e3o do segundo, que o Carrefour negou ter feito.<\/p>\n<p>A Embraer prev\u00ea an\u00fancio oficial de joint venture com a Boeing at\u00e9 5 de dezembro. O Ita\u00fa BBA trocou a Telefonica pelo Bradesco em sua carteira recomendada. A Petrobras recebeu R$ 1,58 bilh\u00e3o em programa de subven\u00e7\u00e3o ao diesel. A Eletrobras avalia vender fatia na Eletronuclear, segundo o Valor Econ\u00f4mico.<\/p>\n<p>Dois bancos rebaixaram a recomenda\u00e7\u00e3o de investimento na BR Properties indicando que ela deve ficar abaixo da m\u00e9dia do mercado, ap\u00f3s a Petrobras anunciar que pretende devolver os 22 mil metros quadrados de escrit\u00f3rios ocupados que restam em Ventura.<\/p>\n<p>A Azul anunciou a contrata\u00e7\u00e3o da Azorra para ajudar no processo de revenda e subarrendamento da frota da Embraer. Dessa forma, a Azul espera acelerar sua transi\u00e7\u00e3o para modelos mais novos da Embraer.<\/p>\n","protected":false},"excerpt":{"rendered":"<p>Saiba o que pode movimentar os mercados nesta segunda-feira no campo da pol\u00edtica e dos neg\u00f3cios. No cen\u00e1rio eleitoral, aten\u00e7\u00e3o para a pesquisa FSB\/BTG Pactual, que mostra Jair Bolsonaro (PSL) com 33% das inten\u00e7\u00f5es de voto (mesmo resultado da \u00faltima pesquisa), e crescimento de Fernando Haddad (PT) de 16% para 23%. Ciro Gomes (PDT) perde [&hellip;]<\/p>\n","protected":false},"author":5,"featured_media":4270,"comment_status":"closed","ping_status":"closed","sticky":false,"template":"","format":"standard","meta":[],"categories":[61],"tags":[106932,391,392,405,697,455,460,595,659],"suno_strategy":[],"class_list":["post-4268","post","type-post","status-publish","format-standard","has-post-thumbnail","hentry","category-politica","tag-azul-azul4","tag-br-properties-brpr3","tag-bradesco-bbdc3-bbdc4","tag-carrefour-crfb3","tag-eleicoes","tag-eletrobras-elet3-elet5-elet6","tag-embraer-embr3","tag-petrobras-petr4","tag-telefonica-vivt3"],"yoast_head":"<!-- This site is optimized with the Yoast SEO plugin v24.4 - https:\/\/yoast.com\/wordpress\/plugins\/seo\/ -->\n<title>O que saber nesta segunda-feira em pol\u00edtica e neg\u00f3cios<\/title>\n<meta name=\"description\" content=\"Pesquisa eleitoral FSB\/BTG Pactual, recurso legal de advogados de Lula e briga entre supermercados na Fran\u00e7a s\u00e3o destaques. Clique para saber mais.\" \/>\n<meta name=\"robots\" content=\"index, follow, max-snippet:-1, max-image-preview:large, max-video-preview:-1\" \/>\n<link rel=\"canonical\" href=\"https:\/\/www.suno.com.br\/noticias\/resumo-segunda-politica-negocios\/\" \/>\n<meta property=\"og:locale\" content=\"pt_BR\" \/>\n<meta property=\"og:type\" content=\"article\" \/>\n<meta property=\"og:title\" content=\"O que saber nesta segunda-feira em pol\u00edtica e neg\u00f3cios\" \/>\n<meta property=\"og:description\" content=\"Pesquisa eleitoral FSB\/BTG Pactual, recurso legal de advogados de Lula e briga entre supermercados na Fran\u00e7a s\u00e3o destaques. Clique para saber mais.\" \/>\n<meta property=\"og:url\" content=\"https:\/\/www.suno.com.br\/noticias\/resumo-segunda-politica-negocios\/\" \/>\n<meta property=\"og:site_name\" content=\"Suno Not\u00edcias\" \/>\n<meta property=\"article:publisher\" content=\"https:\/\/facebook.com\/sunoresearch\" \/>\n<meta property=\"article:author\" content=\"https:\/\/www.linkedin.com\/in\/daniel-quandt-a49985110\/\" \/>\n<meta property=\"og:image\" content=\"https:\/\/files.sunoresearch.com.br\/n\/uploads\/2018\/09\/2fe393d7-resumo-dia-2.jpg\" \/>\n\t<meta property=\"og:image:width\" content=\"1920\" \/>\n\t<meta property=\"og:image:height\" content=\"1280\" \/>\n\t<meta property=\"og:image:type\" content=\"image\/jpeg\" \/>\n<meta name=\"author\" content=\"Daniel Quandt\" \/>\n<meta name=\"twitter:card\" content=\"summary_large_image\" \/>\n<meta name=\"twitter:creator\" content=\"@sunoresearch\" \/>\n<meta name=\"twitter:site\" content=\"@sunoresearch\" \/>\n<meta name=\"twitter:label1\" content=\"Escrito por\" \/>\n\t<meta name=\"twitter:data1\" content=\"Daniel Quandt\" \/>\n\t<meta name=\"twitter:label2\" content=\"Est. tempo de leitura\" \/>\n\t<meta name=\"twitter:data2\" content=\"2 minutos\" \/>\n<script type=\"application\/ld+json\" class=\"yoast-schema-graph\">{\"@context\":\"https:\/\/schema.org\",\"@graph\":[{\"@type\":\"NewsArticle\",\"@id\":\"https:\/\/www.suno.com.br\/noticias\/resumo-segunda-politica-negocios\/#article\",\"isPartOf\":{\"@id\":\"https:\/\/www.suno.com.br\/noticias\/resumo-segunda-politica-negocios\/\"},\"author\":{\"name\":\"Daniel Quandt\",\"@id\":\"https:\/\/www.suno.com.br\/noticias\/#\/schema\/person\/eca2bab82984722db00d1e6facd8bb26\"},\"headline\":\"O que saber nesta segunda-feira em pol\u00edtica e neg\u00f3cios\",\"datePublished\":\"2018-09-24T13:15:51+00:00\",\"mainEntityOfPage\":{\"@id\":\"https:\/\/www.suno.com.br\/noticias\/resumo-segunda-politica-negocios\/\"},\"wordCount\":428,\"publisher\":{\"@id\":\"https:\/\/www.suno.com.br\/noticias\/#organization\"},\"image\":{\"@id\":\"https:\/\/www.suno.com.br\/noticias\/resumo-segunda-politica-negocios\/#primaryimage\"},\"thumbnailUrl\":\"https:\/\/files.sunoresearch.com.br\/n\/uploads\/2018\/09\/2fe393d7-resumo-dia-2-jpg.webp\",\"keywords\":[\"Azul (AZUL4)\",\"BR Properties (BRPR3)\",\"Bradesco (BBDC3\/BBDC4)\",\"Carrefour (CRFB3)\",\"Elei\u00e7\u00f5es\",\"Eletrobras (ELET3\/ELET5\/ELET6)\",\"Embraer (EMBR3)\",\"Petrobras (PETR4)\",\"Telef\u00f4nica (VIVT3)\"],\"articleSection\":[\"Pol\u00edtica\"],\"inLanguage\":\"pt-BR\"},{\"@type\":\"WebPage\",\"@id\":\"https:\/\/www.suno.com.br\/noticias\/resumo-segunda-politica-negocios\/\",\"url\":\"https:\/\/www.suno.com.br\/noticias\/resumo-segunda-politica-negocios\/\",\"name\":\"O que saber nesta segunda-feira em pol\u00edtica e neg\u00f3cios\",\"isPartOf\":{\"@id\":\"https:\/\/www.suno.com.br\/noticias\/#website\"},\"primaryImageOfPage\":{\"@id\":\"https:\/\/www.suno.com.br\/noticias\/resumo-segunda-politica-negocios\/#primaryimage\"},\"image\":{\"@id\":\"https:\/\/www.suno.com.br\/noticias\/resumo-segunda-politica-negocios\/#primaryimage\"},\"thumbnailUrl\":\"https:\/\/files.sunoresearch.com.br\/n\/uploads\/2018\/09\/2fe393d7-resumo-dia-2-jpg.webp\",\"datePublished\":\"2018-09-24T13:15:51+00:00\",\"description\":\"Pesquisa eleitoral FSB\/BTG Pactual, recurso legal de advogados de Lula e briga entre supermercados na Fran\u00e7a s\u00e3o destaques. Clique para saber mais.\",\"breadcrumb\":{\"@id\":\"https:\/\/www.suno.com.br\/noticias\/resumo-segunda-politica-negocios\/#breadcrumb\"},\"inLanguage\":\"pt-BR\",\"potentialAction\":[{\"@type\":\"ReadAction\",\"target\":[\"https:\/\/www.suno.com.br\/noticias\/resumo-segunda-politica-negocios\/\"]}]},{\"@type\":\"ImageObject\",\"inLanguage\":\"pt-BR\",\"@id\":\"https:\/\/www.suno.com.br\/noticias\/resumo-segunda-politica-negocios\/#primaryimage\",\"url\":\"https:\/\/files.sunoresearch.com.br\/n\/uploads\/2018\/09\/2fe393d7-resumo-dia-2-jpg.webp\",\"contentUrl\":\"https:\/\/files.sunoresearch.com.br\/n\/uploads\/2018\/09\/2fe393d7-resumo-dia-2-jpg.webp\",\"width\":1920,\"height\":1280},{\"@type\":\"BreadcrumbList\",\"@id\":\"https:\/\/www.suno.com.br\/noticias\/resumo-segunda-politica-negocios\/#breadcrumb\",\"itemListElement\":[{\"@type\":\"ListItem\",\"position\":1,\"name\":\"Not\u00edcias\",\"item\":\"https:\/\/www.suno.com.br\/noticias\/\"},{\"@type\":\"ListItem\",\"position\":2,\"name\":\"Pol\u00edtica\",\"item\":\"https:\/\/www.suno.com.br\/noticias\/politica\/\"},{\"@type\":\"ListItem\",\"position\":3,\"name\":\"O que saber nesta segunda-feira em pol\u00edtica e neg\u00f3cios\"}]},{\"@type\":\"WebSite\",\"@id\":\"https:\/\/www.suno.com.br\/noticias\/#website\",\"url\":\"https:\/\/www.suno.com.br\/noticias\/\",\"name\":\"Suno Not\u00edcias\",\"description\":\"Seu portal de informa\u00e7\u00e3o sobre o mundo dos investimentos\",\"publisher\":{\"@id\":\"https:\/\/www.suno.com.br\/noticias\/#organization\"},\"potentialAction\":[{\"@type\":\"SearchAction\",\"target\":{\"@type\":\"EntryPoint\",\"urlTemplate\":\"https:\/\/www.suno.com.br\/noticias\/?s={search_term_string}\"},\"query-input\":{\"@type\":\"PropertyValueSpecification\",\"valueRequired\":true,\"valueName\":\"search_term_string\"}}],\"inLanguage\":\"pt-BR\"},{\"@type\":\"Organization\",\"@id\":\"https:\/\/www.suno.com.br\/noticias\/#organization\",\"name\":\"Suno Not\u00edcias\",\"url\":\"https:\/\/www.suno.com.br\/noticias\/\",\"logo\":{\"@type\":\"ImageObject\",\"inLanguage\":\"pt-BR\",\"@id\":\"https:\/\/www.suno.com.br\/noticias\/#\/schema\/logo\/image\/\",\"url\":\"https:\/\/files.sunoresearch.com.br\/n\/uploads\/2021\/09\/suno-logo.png\",\"contentUrl\":\"https:\/\/files.sunoresearch.com.br\/n\/uploads\/2021\/09\/suno-logo.png\",\"width\":180,\"height\":180,\"caption\":\"Suno Not\u00edcias\"},\"image\":{\"@id\":\"https:\/\/www.suno.com.br\/noticias\/#\/schema\/logo\/image\/\"},\"sameAs\":[\"https:\/\/facebook.com\/sunoresearch\",\"https:\/\/x.com\/sunoresearch\",\"https:\/\/www.instagram.com\/suno\",\"https:\/\/www.linkedin.com\/company\/suno-research\/\",\"https:\/\/www.youtube.com\/c\/sunoresearch\"]},{\"@type\":\"Person\",\"@id\":\"https:\/\/www.suno.com.br\/noticias\/#\/schema\/person\/eca2bab82984722db00d1e6facd8bb26\",\"name\":\"Daniel Quandt\",\"image\":{\"@type\":\"ImageObject\",\"inLanguage\":\"pt-BR\",\"@id\":\"https:\/\/www.suno.com.br\/noticias\/#\/schema\/person\/image\/\",\"url\":\"https:\/\/secure.gravatar.com\/avatar\/5faf4378f9fbf4557a5836a88d66f99a?s=96&r=g\",\"contentUrl\":\"https:\/\/secure.gravatar.com\/avatar\/5faf4378f9fbf4557a5836a88d66f99a?s=96&r=g\",\"caption\":\"Daniel Quandt\"},\"description\":\"Aluno da Universidade de S\u00e3o Paulo, Daniel Quandt escreve sobre economia, mercado financeiro e pol\u00edtica no portal da Suno Research. J\u00e1 passou pela Ag\u00eancia USP de Inova\u00e7\u00e3o e pela startup de v\u00eddeo em blockchain Paratii, desenvolvendo seu conhecimento da aplica\u00e7\u00e3o de tecnologia de ponta ao mercado.\",\"sameAs\":[\"https:\/\/www.suno.com.br\/\",\"https:\/\/www.linkedin.com\/in\/daniel-quandt-a49985110\/\"],\"url\":\"https:\/\/www.suno.com.br\/noticias\/author\/daniel-quandt\/\"}]}<\/script>\n<!-- \/ Yoast SEO plugin. -->","yoast_head_json":{"title":"O que saber nesta segunda-feira em pol\u00edtica e neg\u00f3cios","description":"Pesquisa eleitoral FSB\/BTG Pactual, recurso legal de advogados de Lula e briga entre supermercados na Fran\u00e7a s\u00e3o destaques. Clique para saber mais.","robots":{"index":"index","follow":"follow","max-snippet":"max-snippet:-1","max-image-preview":"max-image-preview:large","max-video-preview":"max-video-preview:-1"},"canonical":"https:\/\/www.suno.com.br\/noticias\/resumo-segunda-politica-negocios\/","og_locale":"pt_BR","og_type":"article","og_title":"O que saber nesta segunda-feira em pol\u00edtica e neg\u00f3cios","og_description":"Pesquisa eleitoral FSB\/BTG Pactual, recurso legal de advogados de Lula e briga entre supermercados na Fran\u00e7a s\u00e3o destaques. Clique para saber mais.","og_url":"https:\/\/www.suno.com.br\/noticias\/resumo-segunda-politica-negocios\/","og_site_name":"Suno Not\u00edcias","article_publisher":"https:\/\/facebook.com\/sunoresearch","article_author":"https:\/\/www.linkedin.com\/in\/daniel-quandt-a49985110\/","og_image":[{"width":1920,"height":1280,"url":"https:\/\/files.sunoresearch.com.br\/n\/uploads\/2018\/09\/2fe393d7-resumo-dia-2.jpg","type":"image\/jpeg"}],"author":"Daniel Quandt","twitter_card":"summary_large_image","twitter_creator":"@sunoresearch","twitter_site":"@sunoresearch","twitter_misc":{"Escrito por":"Daniel Quandt","Est. tempo de leitura":"2 minutos"},"schema":{"@context":"https:\/\/schema.org","@graph":[{"@type":"NewsArticle","@id":"https:\/\/www.suno.com.br\/noticias\/resumo-segunda-politica-negocios\/#article","isPartOf":{"@id":"https:\/\/www.suno.com.br\/noticias\/resumo-segunda-politica-negocios\/"},"author":{"name":"Daniel Quandt","@id":"https:\/\/www.suno.com.br\/noticias\/#\/schema\/person\/eca2bab82984722db00d1e6facd8bb26"},"headline":"O que saber nesta segunda-feira em pol\u00edtica e neg\u00f3cios","datePublished":"2018-09-24T13:15:51+00:00","mainEntityOfPage":{"@id":"https:\/\/www.suno.com.br\/noticias\/resumo-segunda-politica-negocios\/"},"wordCount":428,"publisher":{"@id":"https:\/\/www.suno.com.br\/noticias\/#organization"},"image":{"@id":"https:\/\/www.suno.com.br\/noticias\/resumo-segunda-politica-negocios\/#primaryimage"},"thumbnailUrl":"https:\/\/files.sunoresearch.com.br\/n\/uploads\/2018\/09\/2fe393d7-resumo-dia-2-jpg.webp","keywords":["Azul (AZUL4)","BR Properties (BRPR3)","Bradesco (BBDC3\/BBDC4)","Carrefour (CRFB3)","Elei\u00e7\u00f5es","Eletrobras (ELET3\/ELET5\/ELET6)","Embraer (EMBR3)","Petrobras (PETR4)","Telef\u00f4nica (VIVT3)"],"articleSection":["Pol\u00edtica"],"inLanguage":"pt-BR"},{"@type":"WebPage","@id":"https:\/\/www.suno.com.br\/noticias\/resumo-segunda-politica-negocios\/","url":"https:\/\/www.suno.com.br\/noticias\/resumo-segunda-politica-negocios\/","name":"O que saber nesta segunda-feira em pol\u00edtica e neg\u00f3cios","isPartOf":{"@id":"https:\/\/www.suno.com.br\/noticias\/#website"},"primaryImageOfPage":{"@id":"https:\/\/www.suno.com.br\/noticias\/resumo-segunda-politica-negocios\/#primaryimage"},"image":{"@id":"https:\/\/www.suno.com.br\/noticias\/resumo-segunda-politica-negocios\/#primaryimage"},"thumbnailUrl":"https:\/\/files.sunoresearch.com.br\/n\/uploads\/2018\/09\/2fe393d7-resumo-dia-2-jpg.webp","datePublished":"2018-09-24T13:15:51+00:00","description":"Pesquisa eleitoral FSB\/BTG Pactual, recurso legal de advogados de Lula e briga entre supermercados na Fran\u00e7a s\u00e3o destaques. Clique para saber mais.","breadcrumb":{"@id":"https:\/\/www.suno.com.br\/noticias\/resumo-segunda-politica-negocios\/#breadcrumb"},"inLanguage":"pt-BR","potentialAction":[{"@type":"ReadAction","target":["https:\/\/www.suno.com.br\/noticias\/resumo-segunda-politica-negocios\/"]}]},{"@type":"ImageObject","inLanguage":"pt-BR","@id":"https:\/\/www.suno.com.br\/noticias\/resumo-segunda-politica-negocios\/#primaryimage","url":"https:\/\/files.sunoresearch.com.br\/n\/uploads\/2018\/09\/2fe393d7-resumo-dia-2-jpg.webp","contentUrl":"https:\/\/files.sunoresearch.com.br\/n\/uploads\/2018\/09\/2fe393d7-resumo-dia-2-jpg.webp","width":1920,"height":1280},{"@type":"BreadcrumbList","@id":"https:\/\/www.suno.com.br\/noticias\/resumo-segunda-politica-negocios\/#breadcrumb","itemListElement":[{"@type":"ListItem","position":1,"name":"Not\u00edcias","item":"https:\/\/www.suno.com.br\/noticias\/"},{"@type":"ListItem","position":2,"name":"Pol\u00edtica","item":"https:\/\/www.suno.com.br\/noticias\/politica\/"},{"@type":"ListItem","position":3,"name":"O que saber nesta segunda-feira em pol\u00edtica e neg\u00f3cios"}]},{"@type":"WebSite","@id":"https:\/\/www.suno.com.br\/noticias\/#website","url":"https:\/\/www.suno.com.br\/noticias\/","name":"Suno Not\u00edcias","description":"Seu portal de informa\u00e7\u00e3o sobre o mundo dos investimentos","publisher":{"@id":"https:\/\/www.suno.com.br\/noticias\/#organization"},"potentialAction":[{"@type":"SearchAction","target":{"@type":"EntryPoint","urlTemplate":"https:\/\/www.suno.com.br\/noticias\/?s={search_term_string}"},"query-input":{"@type":"PropertyValueSpecification","valueRequired":true,"valueName":"search_term_string"}}],"inLanguage":"pt-BR"},{"@type":"Organization","@id":"https:\/\/www.suno.com.br\/noticias\/#organization","name":"Suno Not\u00edcias","url":"https:\/\/www.suno.com.br\/noticias\/","logo":{"@type":"ImageObject","inLanguage":"pt-BR","@id":"https:\/\/www.suno.com.br\/noticias\/#\/schema\/logo\/image\/","url":"https:\/\/files.sunoresearch.com.br\/n\/uploads\/2021\/09\/suno-logo.png","contentUrl":"https:\/\/files.sunoresearch.com.br\/n\/uploads\/2021\/09\/suno-logo.png","width":180,"height":180,"caption":"Suno Not\u00edcias"},"image":{"@id":"https:\/\/www.suno.com.br\/noticias\/#\/schema\/logo\/image\/"},"sameAs":["https:\/\/facebook.com\/sunoresearch","https:\/\/x.com\/sunoresearch","https:\/\/www.instagram.com\/suno","https:\/\/www.linkedin.com\/company\/suno-research\/","https:\/\/www.youtube.com\/c\/sunoresearch"]},{"@type":"Person","@id":"https:\/\/www.suno.com.br\/noticias\/#\/schema\/person\/eca2bab82984722db00d1e6facd8bb26","name":"Daniel Quandt","image":{"@type":"ImageObject","inLanguage":"pt-BR","@id":"https:\/\/www.suno.com.br\/noticias\/#\/schema\/person\/image\/","url":"https:\/\/secure.gravatar.com\/avatar\/5faf4378f9fbf4557a5836a88d66f99a?s=96&r=g","contentUrl":"https:\/\/secure.gravatar.com\/avatar\/5faf4378f9fbf4557a5836a88d66f99a?s=96&r=g","caption":"Daniel Quandt"},"description":"Aluno da Universidade de S\u00e3o Paulo, Daniel Quandt escreve sobre economia, mercado financeiro e pol\u00edtica no portal da Suno Research. J\u00e1 passou pela Ag\u00eancia USP de Inova\u00e7\u00e3o e pela startup de v\u00eddeo em blockchain Paratii, desenvolvendo seu conhecimento da aplica\u00e7\u00e3o de tecnologia de ponta ao mercado.","sameAs":["https:\/\/www.suno.com.br\/","https:\/\/www.linkedin.com\/in\/daniel-quandt-a49985110\/"],"url":"https:\/\/www.suno.com.br\/noticias\/author\/daniel-quandt\/"}]}},"default_loop_html":"<div class=\"cardsPage__listCard__boxs\"><div class=\"cardsPage__listCard__boxs__img\"><a href=\"https:\/\/www.suno.com.br\/noticias\/resumo-segunda-politica-negocios\/\"><img class=\"mask\" src=\"https:\/\/www.suno.com.br\/noticias\/wp-content\/themes\/suno\/resources\/images\/spotlight\/spotlight1img\/bg-mask.png\" alt=\"Image Mask\"\/><img src=\"https:\/\/files.sunoresearch.com.br\/n\/uploads\/2018\/09\/2fe393d7-resumo-dia-2-400x200.webp\" alt=\"O que saber nesta segunda-feira em pol\u00edtica e neg\u00f3cios\"\/><\/a><span class=\"spotlightCategory\"><a href=\"https:\/\/www.suno.com.br\/noticias\/politica\/\">Pol\u00edtica<\/a><\/span><\/div><div class=\"cardsPage__listCard__boxs__content\"><a href=\"https:\/\/www.suno.com.br\/noticias\/resumo-segunda-politica-negocios\/\"><h2 class=\"content__title\">O que saber nesta segunda-feira em pol\u00edtica e neg\u00f3cios<\/h2><\/a><div class=\"newsContent__article__meta\"><div class=\"newsContent__article__meta__authorBox\"><a href=\"https:\/\/www.suno.com.br\/noticias\/author\/daniel-quandt\/\" class=\"authorBox__avatar noMobi\"><img src=\"https:\/\/secure.gravatar.com\/avatar\/5faf4378f9fbf4557a5836a88d66f99a?s=96&#038;r=g\" alt=\"Daniel Quandt\"><\/a><div class=\"authorBox__name\"><span>por\n\t\t\t<a href=\"https:\/\/www.suno.com.br\/noticias\/author\/daniel-quandt\/\"><span itemprop=\"author\">Daniel Quandt<\/span><\/a><\/span><time datetime=\"2018-09-24T10:15:51-03:00\" itemprop=\"datePublished\">24\/09\/2018 10:15<\/time><\/div><\/div><\/div><\/div><\/div>","single_layout":"posts","amp_enabled":true,"_links":{"self":[{"href":"https:\/\/www.suno.com.br\/noticias\/wp-json\/wp\/v2\/posts\/4268"}],"collection":[{"href":"https:\/\/www.suno.com.br\/noticias\/wp-json\/wp\/v2\/posts"}],"about":[{"href":"https:\/\/www.suno.com.br\/noticias\/wp-json\/wp\/v2\/types\/post"}],"author":[{"embeddable":true,"href":"https:\/\/www.suno.com.br\/noticias\/wp-json\/wp\/v2\/users\/5"}],"replies":[{"embeddable":true,"href":"https:\/\/www.suno.com.br\/noticias\/wp-json\/wp\/v2\/comments?post=4268"}],"version-history":[{"count":0,"href":"https:\/\/www.suno.com.br\/noticias\/wp-json\/wp\/v2\/posts\/4268\/revisions"}],"wp:featuredmedia":[{"embeddable":true,"href":"https:\/\/www.suno.com.br\/noticias\/wp-json\/wp\/v2\/media\/4270"}],"wp:attachment":[{"href":"https:\/\/www.suno.com.br\/noticias\/wp-json\/wp\/v2\/media?parent=4268"}],"wp:term":[{"taxonomy":"category","embeddable":true,"href":"https:\/\/www.suno.com.br\/noticias\/wp-json\/wp\/v2\/categories?post=4268"},{"taxonomy":"post_tag","embeddable":true,"href":"https:\/\/www.suno.com.br\/noticias\/wp-json\/wp\/v2\/tags?post=4268"},{"taxonomy":"suno_strategy","embeddable":true,"href":"https:\/\/www.suno.com.br\/noticias\/wp-json\/wp\/v2\/suno_strategy?post=4268"}],"curies":[{"name":"wp","href":"https:\/\/api.w.org\/{rel}","templated":true}]}}