{"id":42665,"date":"2019-10-28T15:42:16","date_gmt":"2019-10-28T17:42:16","guid":{"rendered":"https:\/\/www.suno.com.br\/noticias\/?p=42665"},"modified":"2019-10-28T15:42:16","modified_gmt":"2019-10-28T17:42:16","slug":"grubisich-justica-impedir-bancos-acoes-braskem","status":"publish","type":"post","link":"https:\/\/www.suno.com.br\/noticias\/grubisich-justica-impedir-bancos-acoes-braskem\/","title":{"rendered":"Grubisich pede para Justi\u00e7a impedir bancos de tomarem a\u00e7\u00f5es da Braskem"},"content":{"rendered":"<p>O ex-executivo da <strong>Odebrecht<\/strong>, <strong>Jos\u00e9 Carlos Grubisich<\/strong>, fez novamente um pedido \u00e0 Justi\u00e7a com o objetivo de garantir que todos os credores do grupo tenham acesso \u00e0s a\u00e7\u00f5es da Braskem. Vale ressaltar que Grubisich tamb\u00e9m era acionista da <strong>Odbinv<\/strong>, controladora da Odebrecht, que est\u00e1 em <a href=\"https:\/\/www.suno.com.br\/artigos\/recuperacao-judicial\/\">recupera\u00e7\u00e3o judicial<\/a> desde junho.<\/p>\t<div class=\"wrapper-featured-image\">\n\t\t<figure class=\"spotlightImg\">\n\n\t\t\t<picture>\n\t\t\t\t<source media=\"(max-width: 768px)\" srcset=\"https:\/\/files.sunoresearch.com.br\/n\/uploads\/2019\/10\/7a601a35-braskem_petroquimico-400x200.webp\">\n\t\t\t\t<img loading=\"lazy\" decoding=\"async\" class=\"newsContent__article__imgCapa lazyloadDisabled newsContent__article__imgCapa--noCaption\" src=\"https:\/\/files.sunoresearch.com.br\/n\/uploads\/2019\/10\/7a601a35-braskem_petroquimico-800x450.webp\" width=\"800\" height=\"450\" alt=\"Grubisich pede para Justi\u00e7a impedir bancos de tomarem a\u00e7\u00f5es da Braskem\" fetchpriority=high \/>\n\t\t\t<\/picture>\n\n\t\t\t<figcaption class=\"wp-caption-text wp-caption-text--hide\">braskem (divulga\u00e7\u00e3o)<\/figcaption>\n\t\t<\/figure>\n\t<\/div>\n\n\n\n<p>Os pap\u00e9is da Braskem foram entregues a um determinado grupo de bancos como forma de garantia. Grubisich quer fazer com que a justi\u00e7a impe\u00e7a esses bancos de executarem extrajudicialmente as garantias fiduci\u00e1rias ou reais constitu\u00eddas sobre as a\u00e7\u00f5es da <strong>Braskem<\/strong> at\u00e9 que ocorra a Assembleia Geral de Credores, que vai definir o plano.<\/p>\n<p>No pedido realizado por Grubisich, na \u00faltima sexta-feira (25), o executivo disse que a constitui\u00e7\u00e3o dessas garantias nos \u00faltimos anos &#8220;est\u00e1 inserida num contexto de fraude contra credores&#8221; e pede que, dessa forma, seja concedida a liminar. O pedido foi apresentado pela empresa Warde Advogados ao ju\u00edzo da 1\u00aa Vara de Fal\u00eancias e Recupera\u00e7\u00f5es Judiciais de S\u00e3o Paulo, onde acontece o processo de recupera\u00e7\u00e3o da Odebrecht.<\/p>\n\t<p>\n\t\t<a href=\"https:\/\/lp.suno.com.br\/ao\/sessao-estrategica-consultoria-c\/?utm_source=suno-noticias&#038;utm_medium=banner&#038;utm_campaign=_SNC36CE4E9F_&#038;utm_content=fundos-imobiliarios-ou-imoveis-onde-investir-500-mil-go\" target=\"_blank\" data-element=\"shortcode-suno-banner\" title=\"Banner SUNO, clique e saiba mais\">\n\t\t\t<picture>\n\t\t\t\t<source media=\"(max-width: 500px)\" srcset=\"https:\/\/files.sunoresearch.com.br\/n\/uploads\/2025\/09\/300x400.webp\">\n\t\t\t\t<img class=\"newsContent__article__imgCapa newsContent__article__imgCapa--banner\"\n\t\t\t\t\tsrc=\"https:\/\/files.sunoresearch.com.br\/n\/uploads\/2025\/09\/SN-DT-1420x240-1.webp\"\n\t\t\t\t\tdata-promo-id=\"635171\"\t\t\t\t\t\t\t\t\t\twidth='1420' height='240'\t\t\t\t\talt=\"https:\/\/files.sunoresearch.com.br\/n\/uploads\/2025\/09\/SN-DT-1420x240-1.webp\"\n\t\t\t\t>\n\t\t\t<\/picture>\n\t\t<\/a>\n\t<\/p>\n\n\n<p>Grubisich tamb\u00e9m requisita a intima\u00e7\u00e3o do Minist\u00e9rio P\u00fablico, o administrador judicial, as recuperandas e demais credores para que se manifestem sobre a peti\u00e7\u00e3o.<\/p>\n<p>Vale ressaltar que Grubisich tem R$ 67,7 milh\u00f5es para receber do grupo Odebrecht. O valor \u00e9 relacionado \u00e0 venda de a\u00e7\u00f5es da Odbinv quando deixou o grupo.<\/p>\n<h2>Ex-presidente da Braskem acusa grupo Odebrecht<\/h2>\n<p>No in\u00edcio de outubro, o ex-presidente da Braskem\u00a0 j\u00e1 havia acusado o Grupo Odebrecht de fraude a credores. A Odebrecht, entretanto, negou irregularidades no processo do pagamento de suas d\u00edvidas.<\/p>\n<p>Grubisich deu entrada com o processo no dia 23 de setembro, na 1\u00aa Vara Empresarial e Conflitos de Arbitragem do Foro Central C\u00edvel de S\u00e3o Paulo. O alvo da fraude, segundo Grubisich, era a libera\u00e7\u00e3o de a\u00e7\u00f5es da Braskem para os credores.<\/p>\n<p><a href=\"https:\/\/www.suno.com.br\/noticias\/stone-inaugura-conta-digital-pequeno-empreendedor\/\">Veja tamb\u00e9m: Stone inaugura conta digital para pequeno empreendedor<\/a><\/p>\n<p>De acordo com o executivo, as a\u00e7\u00f5es faziam parte de garantias banc\u00e1rias feitas pela Odebrecht ao fazer empr\u00e9stimos com bancos comerciais para quitar d\u00edvidas pelas quais esses bancos eram fiadores.<\/p>\n<p>\u201cEm outras palavras, Bradesco, Banco do Brasil, Ita\u00fa e Santander emprestaram dinheiro para que a Odebrecht pagasse Bradesco, Banco do Brasil, Ita\u00fa e Santander. Dito de forma simples: tratava-se apenas de rolagem de d\u00edvida. A diferen\u00e7a \u00e9 que ao rolar essas d\u00edvidas, os credores financeiros foram gratificados com um bel\u00edssimo refor\u00e7o de garantias: penhor de 50,11% das a\u00e7\u00f5es ordin\u00e1rias da <strong>Braskem<\/strong>, aliena\u00e7\u00e3o fiduci\u00e1ria de 22,91% das a\u00e7\u00f5es preferenciais Classe A e B da Braskem, para al\u00e9m de cess\u00e3o fiduci\u00e1ria de todos os direitos de dividendos relativos \u00e0s a\u00e7\u00f5es acima mencionadas\u201d, diz a a\u00e7\u00e3o.<\/p>\n","protected":false},"excerpt":{"rendered":"<p>O ex-executivo da Odebrecht, Jos\u00e9 Carlos Grubisich, fez novamente um pedido \u00e0 Justi\u00e7a com o objetivo de garantir que todos os credores do grupo tenham acesso \u00e0s a\u00e7\u00f5es da Braskem. Vale ressaltar que Grubisich tamb\u00e9m era acionista da Odbinv, controladora da Odebrecht, que est\u00e1 em recupera\u00e7\u00e3o judicial desde junho. braskem (divulga\u00e7\u00e3o) Os pap\u00e9is da Braskem [&hellip;]<\/p>\n","protected":false},"author":19,"featured_media":42671,"comment_status":"closed","ping_status":"closed","sticky":false,"template":"","format":"standard","meta":[],"categories":[64],"tags":[395,783],"suno_strategy":[],"class_list":["post-42665","post","type-post","status-publish","format-standard","has-post-thumbnail","hentry","category-negocios","tag-braskem-brkm3-brkm5-brkm6","tag-odebrecht"],"yoast_head":"<!-- This site is optimized with the Yoast SEO plugin v24.4 - https:\/\/yoast.com\/wordpress\/plugins\/seo\/ -->\n<title>Grubisich pede para Justi\u00e7a proibir bancos de tomarem a\u00e7\u00f5es da Braskem<\/title>\n<meta name=\"description\" content=\"O ex-executivo da Odebrecht, Jos\u00e9 Carlos Grubisich, fez novamente um pedido \u00e0 Justi\u00e7a em rela\u00e7\u00e3o \u00e0s a\u00e7\u00f5es da Braskem. Clique e saiba mais.\" \/>\n<meta name=\"robots\" content=\"index, follow, max-snippet:-1, max-image-preview:large, max-video-preview:-1\" \/>\n<link rel=\"canonical\" href=\"https:\/\/www.suno.com.br\/noticias\/grubisich-justica-impedir-bancos-acoes-braskem\/\" \/>\n<meta property=\"og:locale\" content=\"pt_BR\" \/>\n<meta property=\"og:type\" content=\"article\" \/>\n<meta property=\"og:title\" content=\"Grubisich pede para Justi\u00e7a proibir bancos de tomarem a\u00e7\u00f5es da Braskem\" \/>\n<meta property=\"og:description\" content=\"O ex-executivo da Odebrecht, Jos\u00e9 Carlos Grubisich, fez novamente um pedido \u00e0 Justi\u00e7a em rela\u00e7\u00e3o \u00e0s a\u00e7\u00f5es da Braskem. Clique e saiba mais.\" \/>\n<meta property=\"og:url\" content=\"https:\/\/www.suno.com.br\/noticias\/grubisich-justica-impedir-bancos-acoes-braskem\/\" \/>\n<meta property=\"og:site_name\" content=\"Suno Not\u00edcias\" \/>\n<meta property=\"article:publisher\" content=\"https:\/\/facebook.com\/sunoresearch\" \/>\n<meta property=\"og:image\" content=\"https:\/\/files.sunoresearch.com.br\/n\/uploads\/2019\/10\/7a601a35-braskem_petroquimico.jpg\" \/>\n\t<meta property=\"og:image:width\" content=\"900\" \/>\n\t<meta property=\"og:image:height\" content=\"599\" \/>\n\t<meta property=\"og:image:type\" content=\"image\/jpeg\" \/>\n<meta name=\"author\" content=\"Juliano Passaro\" \/>\n<meta name=\"twitter:card\" content=\"summary_large_image\" \/>\n<meta name=\"twitter:creator\" content=\"@sunoresearch\" \/>\n<meta name=\"twitter:site\" content=\"@sunoresearch\" \/>\n<meta name=\"twitter:label1\" content=\"Escrito por\" \/>\n\t<meta name=\"twitter:data1\" content=\"Juliano Passaro\" \/>\n\t<meta name=\"twitter:label2\" content=\"Est. tempo de leitura\" \/>\n\t<meta name=\"twitter:data2\" content=\"2 minutos\" \/>\n<script type=\"application\/ld+json\" class=\"yoast-schema-graph\">{\"@context\":\"https:\/\/schema.org\",\"@graph\":[{\"@type\":\"NewsArticle\",\"@id\":\"https:\/\/www.suno.com.br\/noticias\/grubisich-justica-impedir-bancos-acoes-braskem\/#article\",\"isPartOf\":{\"@id\":\"https:\/\/www.suno.com.br\/noticias\/grubisich-justica-impedir-bancos-acoes-braskem\/\"},\"author\":{\"name\":\"Juliano Passaro\",\"@id\":\"https:\/\/www.suno.com.br\/noticias\/#\/schema\/person\/1db762f78ffd8919a648a63e425953e3\"},\"headline\":\"Grubisich pede para Justi\u00e7a impedir bancos de tomarem a\u00e7\u00f5es da Braskem\",\"datePublished\":\"2019-10-28T17:42:16+00:00\",\"mainEntityOfPage\":{\"@id\":\"https:\/\/www.suno.com.br\/noticias\/grubisich-justica-impedir-bancos-acoes-braskem\/\"},\"wordCount\":484,\"publisher\":{\"@id\":\"https:\/\/www.suno.com.br\/noticias\/#organization\"},\"image\":{\"@id\":\"https:\/\/www.suno.com.br\/noticias\/grubisich-justica-impedir-bancos-acoes-braskem\/#primaryimage\"},\"thumbnailUrl\":\"https:\/\/files.sunoresearch.com.br\/n\/uploads\/2019\/10\/7a601a35-braskem_petroquimico-jpg.webp\",\"keywords\":[\"Braskem (BRKM3\/BRKM5\/BRKM6)\",\"Odebrecht\"],\"articleSection\":[\"Neg\u00f3cios\"],\"inLanguage\":\"pt-BR\"},{\"@type\":\"WebPage\",\"@id\":\"https:\/\/www.suno.com.br\/noticias\/grubisich-justica-impedir-bancos-acoes-braskem\/\",\"url\":\"https:\/\/www.suno.com.br\/noticias\/grubisich-justica-impedir-bancos-acoes-braskem\/\",\"name\":\"Grubisich pede para Justi\u00e7a proibir bancos de tomarem a\u00e7\u00f5es da Braskem\",\"isPartOf\":{\"@id\":\"https:\/\/www.suno.com.br\/noticias\/#website\"},\"primaryImageOfPage\":{\"@id\":\"https:\/\/www.suno.com.br\/noticias\/grubisich-justica-impedir-bancos-acoes-braskem\/#primaryimage\"},\"image\":{\"@id\":\"https:\/\/www.suno.com.br\/noticias\/grubisich-justica-impedir-bancos-acoes-braskem\/#primaryimage\"},\"thumbnailUrl\":\"https:\/\/files.sunoresearch.com.br\/n\/uploads\/2019\/10\/7a601a35-braskem_petroquimico-jpg.webp\",\"datePublished\":\"2019-10-28T17:42:16+00:00\",\"description\":\"O ex-executivo da Odebrecht, Jos\u00e9 Carlos Grubisich, fez novamente um pedido \u00e0 Justi\u00e7a em rela\u00e7\u00e3o \u00e0s a\u00e7\u00f5es da Braskem. Clique e saiba mais.\",\"breadcrumb\":{\"@id\":\"https:\/\/www.suno.com.br\/noticias\/grubisich-justica-impedir-bancos-acoes-braskem\/#breadcrumb\"},\"inLanguage\":\"pt-BR\",\"potentialAction\":[{\"@type\":\"ReadAction\",\"target\":[\"https:\/\/www.suno.com.br\/noticias\/grubisich-justica-impedir-bancos-acoes-braskem\/\"]}]},{\"@type\":\"ImageObject\",\"inLanguage\":\"pt-BR\",\"@id\":\"https:\/\/www.suno.com.br\/noticias\/grubisich-justica-impedir-bancos-acoes-braskem\/#primaryimage\",\"url\":\"https:\/\/files.sunoresearch.com.br\/n\/uploads\/2019\/10\/7a601a35-braskem_petroquimico-jpg.webp\",\"contentUrl\":\"https:\/\/files.sunoresearch.com.br\/n\/uploads\/2019\/10\/7a601a35-braskem_petroquimico-jpg.webp\",\"width\":900,\"height\":599,\"caption\":\"braskem (divulga\u00e7\u00e3o)\"},{\"@type\":\"BreadcrumbList\",\"@id\":\"https:\/\/www.suno.com.br\/noticias\/grubisich-justica-impedir-bancos-acoes-braskem\/#breadcrumb\",\"itemListElement\":[{\"@type\":\"ListItem\",\"position\":1,\"name\":\"Not\u00edcias\",\"item\":\"https:\/\/www.suno.com.br\/noticias\/\"},{\"@type\":\"ListItem\",\"position\":2,\"name\":\"Neg\u00f3cios\",\"item\":\"https:\/\/www.suno.com.br\/noticias\/negocios\/\"},{\"@type\":\"ListItem\",\"position\":3,\"name\":\"Grubisich pede para Justi\u00e7a impedir bancos de tomarem a\u00e7\u00f5es da Braskem\"}]},{\"@type\":\"WebSite\",\"@id\":\"https:\/\/www.suno.com.br\/noticias\/#website\",\"url\":\"https:\/\/www.suno.com.br\/noticias\/\",\"name\":\"Suno Not\u00edcias\",\"description\":\"Seu portal de informa\u00e7\u00e3o sobre o mundo dos investimentos\",\"publisher\":{\"@id\":\"https:\/\/www.suno.com.br\/noticias\/#organization\"},\"potentialAction\":[{\"@type\":\"SearchAction\",\"target\":{\"@type\":\"EntryPoint\",\"urlTemplate\":\"https:\/\/www.suno.com.br\/noticias\/?s={search_term_string}\"},\"query-input\":{\"@type\":\"PropertyValueSpecification\",\"valueRequired\":true,\"valueName\":\"search_term_string\"}}],\"inLanguage\":\"pt-BR\"},{\"@type\":\"Organization\",\"@id\":\"https:\/\/www.suno.com.br\/noticias\/#organization\",\"name\":\"Suno Not\u00edcias\",\"url\":\"https:\/\/www.suno.com.br\/noticias\/\",\"logo\":{\"@type\":\"ImageObject\",\"inLanguage\":\"pt-BR\",\"@id\":\"https:\/\/www.suno.com.br\/noticias\/#\/schema\/logo\/image\/\",\"url\":\"https:\/\/files.sunoresearch.com.br\/n\/uploads\/2021\/09\/suno-logo.png\",\"contentUrl\":\"https:\/\/files.sunoresearch.com.br\/n\/uploads\/2021\/09\/suno-logo.png\",\"width\":180,\"height\":180,\"caption\":\"Suno Not\u00edcias\"},\"image\":{\"@id\":\"https:\/\/www.suno.com.br\/noticias\/#\/schema\/logo\/image\/\"},\"sameAs\":[\"https:\/\/facebook.com\/sunoresearch\",\"https:\/\/x.com\/sunoresearch\",\"https:\/\/www.instagram.com\/suno\",\"https:\/\/www.linkedin.com\/company\/suno-research\/\",\"https:\/\/www.youtube.com\/c\/sunoresearch\"]},{\"@type\":\"Person\",\"@id\":\"https:\/\/www.suno.com.br\/noticias\/#\/schema\/person\/1db762f78ffd8919a648a63e425953e3\",\"name\":\"Juliano Passaro\",\"image\":{\"@type\":\"ImageObject\",\"inLanguage\":\"pt-BR\",\"@id\":\"https:\/\/www.suno.com.br\/noticias\/#\/schema\/person\/image\/\",\"url\":\"https:\/\/secure.gravatar.com\/avatar\/743d4df28eebf6dcc46b4ad03c319e92?s=96&r=g\",\"contentUrl\":\"https:\/\/secure.gravatar.com\/avatar\/743d4df28eebf6dcc46b4ad03c319e92?s=96&r=g\",\"caption\":\"Juliano Passaro\"},\"description\":\"Juliano Passaro escreve sobre pol\u00edtica, economia e neg\u00f3cios para o portal da Suno Research. Antes da Suno, trabalhou no Portal da Band. \u00c9 formado em jornalismo pela Universidade Presbiteriana Mackenzie.\",\"url\":\"https:\/\/www.suno.com.br\/noticias\/author\/juliano\/\"}]}<\/script>\n<!-- \/ Yoast SEO plugin. -->","yoast_head_json":{"title":"Grubisich pede para Justi\u00e7a proibir bancos de tomarem a\u00e7\u00f5es da Braskem","description":"O ex-executivo da Odebrecht, Jos\u00e9 Carlos Grubisich, fez novamente um pedido \u00e0 Justi\u00e7a em rela\u00e7\u00e3o \u00e0s a\u00e7\u00f5es da Braskem. Clique e saiba mais.","robots":{"index":"index","follow":"follow","max-snippet":"max-snippet:-1","max-image-preview":"max-image-preview:large","max-video-preview":"max-video-preview:-1"},"canonical":"https:\/\/www.suno.com.br\/noticias\/grubisich-justica-impedir-bancos-acoes-braskem\/","og_locale":"pt_BR","og_type":"article","og_title":"Grubisich pede para Justi\u00e7a proibir bancos de tomarem a\u00e7\u00f5es da Braskem","og_description":"O ex-executivo da Odebrecht, Jos\u00e9 Carlos Grubisich, fez novamente um pedido \u00e0 Justi\u00e7a em rela\u00e7\u00e3o \u00e0s a\u00e7\u00f5es da Braskem. Clique e saiba mais.","og_url":"https:\/\/www.suno.com.br\/noticias\/grubisich-justica-impedir-bancos-acoes-braskem\/","og_site_name":"Suno Not\u00edcias","article_publisher":"https:\/\/facebook.com\/sunoresearch","og_image":[{"width":900,"height":599,"url":"https:\/\/files.sunoresearch.com.br\/n\/uploads\/2019\/10\/7a601a35-braskem_petroquimico.jpg","type":"image\/jpeg"}],"author":"Juliano Passaro","twitter_card":"summary_large_image","twitter_creator":"@sunoresearch","twitter_site":"@sunoresearch","twitter_misc":{"Escrito por":"Juliano Passaro","Est. tempo de leitura":"2 minutos"},"schema":{"@context":"https:\/\/schema.org","@graph":[{"@type":"NewsArticle","@id":"https:\/\/www.suno.com.br\/noticias\/grubisich-justica-impedir-bancos-acoes-braskem\/#article","isPartOf":{"@id":"https:\/\/www.suno.com.br\/noticias\/grubisich-justica-impedir-bancos-acoes-braskem\/"},"author":{"name":"Juliano Passaro","@id":"https:\/\/www.suno.com.br\/noticias\/#\/schema\/person\/1db762f78ffd8919a648a63e425953e3"},"headline":"Grubisich pede para Justi\u00e7a impedir bancos de tomarem a\u00e7\u00f5es da Braskem","datePublished":"2019-10-28T17:42:16+00:00","mainEntityOfPage":{"@id":"https:\/\/www.suno.com.br\/noticias\/grubisich-justica-impedir-bancos-acoes-braskem\/"},"wordCount":484,"publisher":{"@id":"https:\/\/www.suno.com.br\/noticias\/#organization"},"image":{"@id":"https:\/\/www.suno.com.br\/noticias\/grubisich-justica-impedir-bancos-acoes-braskem\/#primaryimage"},"thumbnailUrl":"https:\/\/files.sunoresearch.com.br\/n\/uploads\/2019\/10\/7a601a35-braskem_petroquimico-jpg.webp","keywords":["Braskem (BRKM3\/BRKM5\/BRKM6)","Odebrecht"],"articleSection":["Neg\u00f3cios"],"inLanguage":"pt-BR"},{"@type":"WebPage","@id":"https:\/\/www.suno.com.br\/noticias\/grubisich-justica-impedir-bancos-acoes-braskem\/","url":"https:\/\/www.suno.com.br\/noticias\/grubisich-justica-impedir-bancos-acoes-braskem\/","name":"Grubisich pede para Justi\u00e7a proibir bancos de tomarem a\u00e7\u00f5es da Braskem","isPartOf":{"@id":"https:\/\/www.suno.com.br\/noticias\/#website"},"primaryImageOfPage":{"@id":"https:\/\/www.suno.com.br\/noticias\/grubisich-justica-impedir-bancos-acoes-braskem\/#primaryimage"},"image":{"@id":"https:\/\/www.suno.com.br\/noticias\/grubisich-justica-impedir-bancos-acoes-braskem\/#primaryimage"},"thumbnailUrl":"https:\/\/files.sunoresearch.com.br\/n\/uploads\/2019\/10\/7a601a35-braskem_petroquimico-jpg.webp","datePublished":"2019-10-28T17:42:16+00:00","description":"O ex-executivo da Odebrecht, Jos\u00e9 Carlos Grubisich, fez novamente um pedido \u00e0 Justi\u00e7a em rela\u00e7\u00e3o \u00e0s a\u00e7\u00f5es da Braskem. Clique e saiba mais.","breadcrumb":{"@id":"https:\/\/www.suno.com.br\/noticias\/grubisich-justica-impedir-bancos-acoes-braskem\/#breadcrumb"},"inLanguage":"pt-BR","potentialAction":[{"@type":"ReadAction","target":["https:\/\/www.suno.com.br\/noticias\/grubisich-justica-impedir-bancos-acoes-braskem\/"]}]},{"@type":"ImageObject","inLanguage":"pt-BR","@id":"https:\/\/www.suno.com.br\/noticias\/grubisich-justica-impedir-bancos-acoes-braskem\/#primaryimage","url":"https:\/\/files.sunoresearch.com.br\/n\/uploads\/2019\/10\/7a601a35-braskem_petroquimico-jpg.webp","contentUrl":"https:\/\/files.sunoresearch.com.br\/n\/uploads\/2019\/10\/7a601a35-braskem_petroquimico-jpg.webp","width":900,"height":599,"caption":"braskem (divulga\u00e7\u00e3o)"},{"@type":"BreadcrumbList","@id":"https:\/\/www.suno.com.br\/noticias\/grubisich-justica-impedir-bancos-acoes-braskem\/#breadcrumb","itemListElement":[{"@type":"ListItem","position":1,"name":"Not\u00edcias","item":"https:\/\/www.suno.com.br\/noticias\/"},{"@type":"ListItem","position":2,"name":"Neg\u00f3cios","item":"https:\/\/www.suno.com.br\/noticias\/negocios\/"},{"@type":"ListItem","position":3,"name":"Grubisich pede para Justi\u00e7a impedir bancos de tomarem a\u00e7\u00f5es da Braskem"}]},{"@type":"WebSite","@id":"https:\/\/www.suno.com.br\/noticias\/#website","url":"https:\/\/www.suno.com.br\/noticias\/","name":"Suno Not\u00edcias","description":"Seu portal de informa\u00e7\u00e3o sobre o mundo dos investimentos","publisher":{"@id":"https:\/\/www.suno.com.br\/noticias\/#organization"},"potentialAction":[{"@type":"SearchAction","target":{"@type":"EntryPoint","urlTemplate":"https:\/\/www.suno.com.br\/noticias\/?s={search_term_string}"},"query-input":{"@type":"PropertyValueSpecification","valueRequired":true,"valueName":"search_term_string"}}],"inLanguage":"pt-BR"},{"@type":"Organization","@id":"https:\/\/www.suno.com.br\/noticias\/#organization","name":"Suno Not\u00edcias","url":"https:\/\/www.suno.com.br\/noticias\/","logo":{"@type":"ImageObject","inLanguage":"pt-BR","@id":"https:\/\/www.suno.com.br\/noticias\/#\/schema\/logo\/image\/","url":"https:\/\/files.sunoresearch.com.br\/n\/uploads\/2021\/09\/suno-logo.png","contentUrl":"https:\/\/files.sunoresearch.com.br\/n\/uploads\/2021\/09\/suno-logo.png","width":180,"height":180,"caption":"Suno Not\u00edcias"},"image":{"@id":"https:\/\/www.suno.com.br\/noticias\/#\/schema\/logo\/image\/"},"sameAs":["https:\/\/facebook.com\/sunoresearch","https:\/\/x.com\/sunoresearch","https:\/\/www.instagram.com\/suno","https:\/\/www.linkedin.com\/company\/suno-research\/","https:\/\/www.youtube.com\/c\/sunoresearch"]},{"@type":"Person","@id":"https:\/\/www.suno.com.br\/noticias\/#\/schema\/person\/1db762f78ffd8919a648a63e425953e3","name":"Juliano Passaro","image":{"@type":"ImageObject","inLanguage":"pt-BR","@id":"https:\/\/www.suno.com.br\/noticias\/#\/schema\/person\/image\/","url":"https:\/\/secure.gravatar.com\/avatar\/743d4df28eebf6dcc46b4ad03c319e92?s=96&r=g","contentUrl":"https:\/\/secure.gravatar.com\/avatar\/743d4df28eebf6dcc46b4ad03c319e92?s=96&r=g","caption":"Juliano Passaro"},"description":"Juliano Passaro escreve sobre pol\u00edtica, economia e neg\u00f3cios para o portal da Suno Research. Antes da Suno, trabalhou no Portal da Band. \u00c9 formado em jornalismo pela Universidade Presbiteriana Mackenzie.","url":"https:\/\/www.suno.com.br\/noticias\/author\/juliano\/"}]}},"default_loop_html":"<div class=\"cardsPage__listCard__boxs\"><div class=\"cardsPage__listCard__boxs__img\"><a href=\"https:\/\/www.suno.com.br\/noticias\/grubisich-justica-impedir-bancos-acoes-braskem\/\"><img class=\"mask\" src=\"https:\/\/www.suno.com.br\/noticias\/wp-content\/themes\/suno\/resources\/images\/spotlight\/spotlight1img\/bg-mask.png\" alt=\"Image Mask\"\/><img src=\"https:\/\/files.sunoresearch.com.br\/n\/uploads\/2019\/10\/7a601a35-braskem_petroquimico-400x200.webp\" alt=\"Grubisich pede para Justi\u00e7a impedir bancos de tomarem a\u00e7\u00f5es da Braskem\"\/><\/a><span class=\"spotlightCategory\"><a href=\"https:\/\/www.suno.com.br\/noticias\/negocios\/\">Neg\u00f3cios<\/a><\/span><\/div><div class=\"cardsPage__listCard__boxs__content\"><a href=\"https:\/\/www.suno.com.br\/noticias\/grubisich-justica-impedir-bancos-acoes-braskem\/\"><h2 class=\"content__title\">Grubisich pede para Justi\u00e7a impedir bancos de tomarem a\u00e7\u00f5es da Braskem<\/h2><\/a><div class=\"newsContent__article__meta\"><div class=\"newsContent__article__meta__authorBox\"><a href=\"https:\/\/www.suno.com.br\/noticias\/author\/juliano\/\" class=\"authorBox__avatar noMobi\"><img src=\"https:\/\/files.sunoresearch.com.br\/n\/uploads\/2019\/06\/7cc3efea-whatsapp-image-2019-07-18-at-21.59.33-e1563499821209-150x150.webp\" alt=\"Juliano Passaro\"><\/a><div class=\"authorBox__name\"><span>por\n\t\t\t<a href=\"https:\/\/www.suno.com.br\/noticias\/author\/juliano\/\"><span itemprop=\"author\">Juliano Passaro<\/span><\/a><\/span><time datetime=\"2019-10-28T15:42:16-03:00\" itemprop=\"datePublished\">28\/10\/2019 15:42<\/time><\/div><\/div><\/div><\/div><\/div>","single_layout":"posts","amp_enabled":true,"_links":{"self":[{"href":"https:\/\/www.suno.com.br\/noticias\/wp-json\/wp\/v2\/posts\/42665"}],"collection":[{"href":"https:\/\/www.suno.com.br\/noticias\/wp-json\/wp\/v2\/posts"}],"about":[{"href":"https:\/\/www.suno.com.br\/noticias\/wp-json\/wp\/v2\/types\/post"}],"author":[{"embeddable":true,"href":"https:\/\/www.suno.com.br\/noticias\/wp-json\/wp\/v2\/users\/19"}],"replies":[{"embeddable":true,"href":"https:\/\/www.suno.com.br\/noticias\/wp-json\/wp\/v2\/comments?post=42665"}],"version-history":[{"count":0,"href":"https:\/\/www.suno.com.br\/noticias\/wp-json\/wp\/v2\/posts\/42665\/revisions"}],"wp:featuredmedia":[{"embeddable":true,"href":"https:\/\/www.suno.com.br\/noticias\/wp-json\/wp\/v2\/media\/42671"}],"wp:attachment":[{"href":"https:\/\/www.suno.com.br\/noticias\/wp-json\/wp\/v2\/media?parent=42665"}],"wp:term":[{"taxonomy":"category","embeddable":true,"href":"https:\/\/www.suno.com.br\/noticias\/wp-json\/wp\/v2\/categories?post=42665"},{"taxonomy":"post_tag","embeddable":true,"href":"https:\/\/www.suno.com.br\/noticias\/wp-json\/wp\/v2\/tags?post=42665"},{"taxonomy":"suno_strategy","embeddable":true,"href":"https:\/\/www.suno.com.br\/noticias\/wp-json\/wp\/v2\/suno_strategy?post=42665"}],"curies":[{"name":"wp","href":"https:\/\/api.w.org\/{rel}","templated":true}]}}