{"id":426309,"date":"2023-07-07T09:36:07","date_gmt":"2023-07-07T12:36:07","guid":{"rendered":"https:\/\/www.suno.com.br\/noticias\/?p=426309"},"modified":"2023-07-07T09:36:10","modified_gmt":"2023-07-07T12:36:10","slug":"threads-zuckerberg-bilhoes-mais-rico-evm","status":"publish","type":"post","link":"https:\/\/www.suno.com.br\/noticias\/threads-zuckerberg-bilhoes-mais-rico-evm\/","title":{"rendered":"Com &#8216;Threads&#8217;, Zuckerberg fica US$ 61 bilh\u00f5es mais rico"},"content":{"rendered":"<p>O fundador da Meta (<a href=\"https:\/\/www.suno.com.br\/bdrs\/m1ta34\/\" target=\"_blank\" rel=\"noreferrer noopener\">M1TA34<\/a>), holding que controla o Facebook, o Instagram e outras redes, j\u00e1 engordou sua fortuna em US$ 61 bilh\u00f5es em 2023, ano em que o otimismo com a monetiza\u00e7\u00e3o de plataformas aumentou, al\u00e9m de cria\u00e7\u00e3o do <strong><a href=\"https:\/\/www.suno.com.br\/noticias\/threads-instagram-twitter-cpf\/\" target=\"_blank\" rel=\"noreferrer noopener\">threads<\/a><\/strong> &#8211; nova rede social vinculada ao Twitter.<\/p>\t<div class=\"wrapper-featured-image\">\n\t\t<figure class=\"spotlightImg\">\n\n\t\t\t<picture>\n\t\t\t\t<source media=\"(max-width: 768px)\" srcset=\"https:\/\/files.sunoresearch.com.br\/n\/uploads\/2023\/01\/Mark_Zuckerberg_wikimedia-reproducao-400x200.jpg\">\n\t\t\t\t<img loading=\"lazy\" decoding=\"async\" class=\"newsContent__article__imgCapa lazyloadDisabled \" src=\"https:\/\/files.sunoresearch.com.br\/n\/uploads\/2023\/01\/Mark_Zuckerberg_wikimedia-reproducao-800x450.jpg\" width=\"800\" height=\"450\" alt=\"Com &#8216;Threads&#8217;, Zuckerberg fica US$ 61 bilh\u00f5es mais rico\" fetchpriority=high \/>\n\t\t\t<\/picture>\n\n\t\t\t<figcaption class=\"wp-caption-text wp-caption-text--show\">Mark Zuckerberg. Foto: Reprodu\u00e7\u00e3o\/Wikimedia Creative Commons<\/figcaption>\n\t\t<\/figure>\n\t<\/div>\n\n\n\n\n\n\n<p>Com isso, <a href=\"https:\/\/www.suno.com.br\/noticias\/web-stories\/elon-musk-mark-zuckerberg-luta\/\" target=\"_blank\" rel=\"noreferrer noopener\"><strong>Zuckerberg<\/strong> <\/a>figura como o s\u00e9timo homem mais rico do mundo, de acordo com informa\u00e7\u00f5es da Forbes.<\/p>\n\n\n\n<p>O Threads, rival do Twitter, de <a href=\"https:\/\/www.suno.com.br\/noticias\/web-stories\/twitter-tera-limite-de-leitura-entenda-decisao-de-elon-musk\/\" target=\"_blank\" rel=\"noreferrer noopener\">Elon Musk<\/a>, bateu recordes e somou mais de 10 milh\u00f5es de usu\u00e1rios cerca de sete horas ap\u00f3s seu lan\u00e7amento.<\/p>\n","protected":false},"excerpt":{"rendered":"<p>O fundador da Meta (M1TA34), holding que controla o Facebook, o Instagram e outras redes, j\u00e1 engordou sua fortuna em US$ 61 bilh\u00f5es em 2023, ano em que o otimismo com a monetiza\u00e7\u00e3o de plataformas aumentou, al\u00e9m de cria\u00e7\u00e3o do threads &#8211; nova rede social vinculada ao Twitter. Mark Zuckerberg. Foto: Reprodu\u00e7\u00e3o\/Wikimedia Creative Commons Com [&hellip;]<\/p>\n","protected":false},"author":73,"featured_media":344883,"comment_status":"closed","ping_status":"closed","sticky":false,"template":"","format":"standard","meta":[],"categories":[64],"tags":[2388,1239],"suno_strategy":[],"class_list":["post-426309","post","type-post","status-publish","format-standard","has-post-thumbnail","hentry","category-negocios","tag-bilionarios","tag-mark-zuckerberg"],"yoast_head":"<!-- This site is optimized with the Yoast SEO plugin v24.4 - https:\/\/yoast.com\/wordpress\/plugins\/seo\/ -->\n<title>Com &#039;Threads&#039;, Zuckerberg fica US$ 61 bilh\u00f5es mais rico<\/title>\n<meta name=\"description\" content=\"O Threads, rival do Twitter, de Elon Musk, bateu recordes e somou mais de 10 milh\u00f5es de usu\u00e1rios cerca de sete horas ap\u00f3s seu lan\u00e7amento\" \/>\n<meta name=\"robots\" content=\"index, follow, max-snippet:-1, max-image-preview:large, max-video-preview:-1\" \/>\n<link rel=\"canonical\" href=\"https:\/\/www.suno.com.br\/noticias\/threads-zuckerberg-bilhoes-mais-rico-evm\/\" \/>\n<meta property=\"og:locale\" content=\"pt_BR\" \/>\n<meta property=\"og:type\" content=\"article\" \/>\n<meta property=\"og:title\" content=\"Com &#039;Threads&#039;, Zuckerberg fica US$ 61 bilh\u00f5es mais rico\" \/>\n<meta property=\"og:description\" content=\"O Threads, rival do Twitter, de Elon Musk, bateu recordes e somou mais de 10 milh\u00f5es de usu\u00e1rios cerca de sete horas ap\u00f3s seu lan\u00e7amento\" \/>\n<meta property=\"og:url\" content=\"https:\/\/www.suno.com.br\/noticias\/threads-zuckerberg-bilhoes-mais-rico-evm\/\" \/>\n<meta property=\"og:site_name\" content=\"Suno Not\u00edcias\" \/>\n<meta property=\"article:publisher\" content=\"https:\/\/facebook.com\/sunoresearch\" \/>\n<meta property=\"og:image\" content=\"https:\/\/files.sunoresearch.com.br\/n\/uploads\/2023\/01\/Mark_Zuckerberg_wikimedia-reproducao.jpg\" \/>\n\t<meta property=\"og:image:width\" content=\"1200\" \/>\n\t<meta property=\"og:image:height\" content=\"792\" \/>\n\t<meta property=\"og:image:type\" content=\"image\/jpeg\" \/>\n<meta name=\"author\" content=\"Eduardo Vargas\" \/>\n<meta name=\"twitter:card\" content=\"summary_large_image\" \/>\n<meta name=\"twitter:creator\" content=\"@sunoresearch\" \/>\n<meta name=\"twitter:site\" content=\"@sunoresearch\" \/>\n<meta name=\"twitter:label1\" content=\"Escrito por\" \/>\n\t<meta name=\"twitter:data1\" content=\"Eduardo Vargas\" \/>\n\t<meta name=\"twitter:label2\" content=\"Est. tempo de leitura\" \/>\n\t<meta name=\"twitter:data2\" content=\"1 minuto\" \/>\n<script type=\"application\/ld+json\" class=\"yoast-schema-graph\">{\"@context\":\"https:\/\/schema.org\",\"@graph\":[{\"@type\":\"NewsArticle\",\"@id\":\"https:\/\/www.suno.com.br\/noticias\/threads-zuckerberg-bilhoes-mais-rico-evm\/#article\",\"isPartOf\":{\"@id\":\"https:\/\/www.suno.com.br\/noticias\/threads-zuckerberg-bilhoes-mais-rico-evm\/\"},\"author\":{\"name\":\"Eduardo Vargas\",\"@id\":\"https:\/\/www.suno.com.br\/noticias\/#\/schema\/person\/7f4d362bf3518e76090143ae77bb49a5\"},\"headline\":\"Com &#8216;Threads&#8217;, Zuckerberg fica US$ 61 bilh\u00f5es mais rico\",\"datePublished\":\"2023-07-07T12:36:07+00:00\",\"dateModified\":\"2023-07-07T12:36:10+00:00\",\"mainEntityOfPage\":{\"@id\":\"https:\/\/www.suno.com.br\/noticias\/threads-zuckerberg-bilhoes-mais-rico-evm\/\"},\"wordCount\":108,\"publisher\":{\"@id\":\"https:\/\/www.suno.com.br\/noticias\/#organization\"},\"image\":{\"@id\":\"https:\/\/www.suno.com.br\/noticias\/threads-zuckerberg-bilhoes-mais-rico-evm\/#primaryimage\"},\"thumbnailUrl\":\"https:\/\/files.sunoresearch.com.br\/n\/uploads\/2023\/01\/Mark_Zuckerberg_wikimedia-reproducao.jpg\",\"keywords\":[\"bilion\u00e1rios\",\"Mark Zuckerberg\"],\"articleSection\":[\"Neg\u00f3cios\"],\"inLanguage\":\"pt-BR\"},{\"@type\":\"WebPage\",\"@id\":\"https:\/\/www.suno.com.br\/noticias\/threads-zuckerberg-bilhoes-mais-rico-evm\/\",\"url\":\"https:\/\/www.suno.com.br\/noticias\/threads-zuckerberg-bilhoes-mais-rico-evm\/\",\"name\":\"Com 'Threads', Zuckerberg fica US$ 61 bilh\u00f5es mais rico\",\"isPartOf\":{\"@id\":\"https:\/\/www.suno.com.br\/noticias\/#website\"},\"primaryImageOfPage\":{\"@id\":\"https:\/\/www.suno.com.br\/noticias\/threads-zuckerberg-bilhoes-mais-rico-evm\/#primaryimage\"},\"image\":{\"@id\":\"https:\/\/www.suno.com.br\/noticias\/threads-zuckerberg-bilhoes-mais-rico-evm\/#primaryimage\"},\"thumbnailUrl\":\"https:\/\/files.sunoresearch.com.br\/n\/uploads\/2023\/01\/Mark_Zuckerberg_wikimedia-reproducao.jpg\",\"datePublished\":\"2023-07-07T12:36:07+00:00\",\"dateModified\":\"2023-07-07T12:36:10+00:00\",\"description\":\"O Threads, rival do Twitter, de Elon Musk, bateu recordes e somou mais de 10 milh\u00f5es de usu\u00e1rios cerca de sete horas ap\u00f3s seu lan\u00e7amento\",\"breadcrumb\":{\"@id\":\"https:\/\/www.suno.com.br\/noticias\/threads-zuckerberg-bilhoes-mais-rico-evm\/#breadcrumb\"},\"inLanguage\":\"pt-BR\",\"potentialAction\":[{\"@type\":\"ReadAction\",\"target\":[\"https:\/\/www.suno.com.br\/noticias\/threads-zuckerberg-bilhoes-mais-rico-evm\/\"]}]},{\"@type\":\"ImageObject\",\"inLanguage\":\"pt-BR\",\"@id\":\"https:\/\/www.suno.com.br\/noticias\/threads-zuckerberg-bilhoes-mais-rico-evm\/#primaryimage\",\"url\":\"https:\/\/files.sunoresearch.com.br\/n\/uploads\/2023\/01\/Mark_Zuckerberg_wikimedia-reproducao.jpg\",\"contentUrl\":\"https:\/\/files.sunoresearch.com.br\/n\/uploads\/2023\/01\/Mark_Zuckerberg_wikimedia-reproducao.jpg\",\"width\":1200,\"height\":792,\"caption\":\"Mark Zuckerberg. Foto: Reprodu\u00e7\u00e3o\/Wikimedia Creative Commons\"},{\"@type\":\"BreadcrumbList\",\"@id\":\"https:\/\/www.suno.com.br\/noticias\/threads-zuckerberg-bilhoes-mais-rico-evm\/#breadcrumb\",\"itemListElement\":[{\"@type\":\"ListItem\",\"position\":1,\"name\":\"Not\u00edcias\",\"item\":\"https:\/\/www.suno.com.br\/noticias\/\"},{\"@type\":\"ListItem\",\"position\":2,\"name\":\"Neg\u00f3cios\",\"item\":\"https:\/\/www.suno.com.br\/noticias\/negocios\/\"},{\"@type\":\"ListItem\",\"position\":3,\"name\":\"Com &#8216;Threads&#8217;, Zuckerberg fica US$ 61 bilh\u00f5es mais rico\"}]},{\"@type\":\"WebSite\",\"@id\":\"https:\/\/www.suno.com.br\/noticias\/#website\",\"url\":\"https:\/\/www.suno.com.br\/noticias\/\",\"name\":\"Suno Not\u00edcias\",\"description\":\"Seu portal de informa\u00e7\u00e3o sobre o mundo dos investimentos\",\"publisher\":{\"@id\":\"https:\/\/www.suno.com.br\/noticias\/#organization\"},\"potentialAction\":[{\"@type\":\"SearchAction\",\"target\":{\"@type\":\"EntryPoint\",\"urlTemplate\":\"https:\/\/www.suno.com.br\/noticias\/?s={search_term_string}\"},\"query-input\":{\"@type\":\"PropertyValueSpecification\",\"valueRequired\":true,\"valueName\":\"search_term_string\"}}],\"inLanguage\":\"pt-BR\"},{\"@type\":\"Organization\",\"@id\":\"https:\/\/www.suno.com.br\/noticias\/#organization\",\"name\":\"Suno Not\u00edcias\",\"url\":\"https:\/\/www.suno.com.br\/noticias\/\",\"logo\":{\"@type\":\"ImageObject\",\"inLanguage\":\"pt-BR\",\"@id\":\"https:\/\/www.suno.com.br\/noticias\/#\/schema\/logo\/image\/\",\"url\":\"https:\/\/files.sunoresearch.com.br\/n\/uploads\/2021\/09\/suno-logo.png\",\"contentUrl\":\"https:\/\/files.sunoresearch.com.br\/n\/uploads\/2021\/09\/suno-logo.png\",\"width\":180,\"height\":180,\"caption\":\"Suno Not\u00edcias\"},\"image\":{\"@id\":\"https:\/\/www.suno.com.br\/noticias\/#\/schema\/logo\/image\/\"},\"sameAs\":[\"https:\/\/facebook.com\/sunoresearch\",\"https:\/\/x.com\/sunoresearch\",\"https:\/\/www.instagram.com\/suno\",\"https:\/\/www.linkedin.com\/company\/suno-research\/\",\"https:\/\/www.youtube.com\/c\/sunoresearch\"]},{\"@type\":\"Person\",\"@id\":\"https:\/\/www.suno.com.br\/noticias\/#\/schema\/person\/7f4d362bf3518e76090143ae77bb49a5\",\"name\":\"Eduardo Vargas\",\"image\":{\"@type\":\"ImageObject\",\"inLanguage\":\"pt-BR\",\"@id\":\"https:\/\/www.suno.com.br\/noticias\/#\/schema\/person\/image\/\",\"url\":\"https:\/\/secure.gravatar.com\/avatar\/dac340933427a22924c9f99d1eb2e3f2?s=96&r=g\",\"contentUrl\":\"https:\/\/secure.gravatar.com\/avatar\/dac340933427a22924c9f99d1eb2e3f2?s=96&r=g\",\"caption\":\"Eduardo Vargas\"},\"description\":\"Jornalista formado pela UFSC, cobre macroeconomia, neg\u00f3cios e startups para o Suno Not\u00edcias, escrevendo principalmente not\u00edcias sobre o mercado financeiro e a bolsa de valores. No YouTube e no Instagram, \u00e9 respons\u00e1vel pela produ\u00e7\u00e3o de Reels e Shorts do Suno Not\u00edcias. Anteriormente, trabalhou cobrindo economia e cotidiano no ND+ e para o ND, maior jornal impresso de Santa Catarina. Cursou um semestre letivo de Estudos de M\u00eddia na Universidad de Buenos Aires.\",\"url\":\"https:\/\/www.suno.com.br\/noticias\/author\/eduardo-vargas\/\"}]}<\/script>\n<!-- \/ Yoast SEO plugin. -->","yoast_head_json":{"title":"Com 'Threads', Zuckerberg fica US$ 61 bilh\u00f5es mais rico","description":"O Threads, rival do Twitter, de Elon Musk, bateu recordes e somou mais de 10 milh\u00f5es de usu\u00e1rios cerca de sete horas ap\u00f3s seu lan\u00e7amento","robots":{"index":"index","follow":"follow","max-snippet":"max-snippet:-1","max-image-preview":"max-image-preview:large","max-video-preview":"max-video-preview:-1"},"canonical":"https:\/\/www.suno.com.br\/noticias\/threads-zuckerberg-bilhoes-mais-rico-evm\/","og_locale":"pt_BR","og_type":"article","og_title":"Com 'Threads', Zuckerberg fica US$ 61 bilh\u00f5es mais rico","og_description":"O Threads, rival do Twitter, de Elon Musk, bateu recordes e somou mais de 10 milh\u00f5es de usu\u00e1rios cerca de sete horas ap\u00f3s seu lan\u00e7amento","og_url":"https:\/\/www.suno.com.br\/noticias\/threads-zuckerberg-bilhoes-mais-rico-evm\/","og_site_name":"Suno Not\u00edcias","article_publisher":"https:\/\/facebook.com\/sunoresearch","og_image":[{"width":1200,"height":792,"url":"https:\/\/files.sunoresearch.com.br\/n\/uploads\/2023\/01\/Mark_Zuckerberg_wikimedia-reproducao.jpg","type":"image\/jpeg"}],"author":"Eduardo Vargas","twitter_card":"summary_large_image","twitter_creator":"@sunoresearch","twitter_site":"@sunoresearch","twitter_misc":{"Escrito por":"Eduardo Vargas","Est. tempo de leitura":"1 minuto"},"schema":{"@context":"https:\/\/schema.org","@graph":[{"@type":"NewsArticle","@id":"https:\/\/www.suno.com.br\/noticias\/threads-zuckerberg-bilhoes-mais-rico-evm\/#article","isPartOf":{"@id":"https:\/\/www.suno.com.br\/noticias\/threads-zuckerberg-bilhoes-mais-rico-evm\/"},"author":{"name":"Eduardo Vargas","@id":"https:\/\/www.suno.com.br\/noticias\/#\/schema\/person\/7f4d362bf3518e76090143ae77bb49a5"},"headline":"Com &#8216;Threads&#8217;, Zuckerberg fica US$ 61 bilh\u00f5es mais rico","datePublished":"2023-07-07T12:36:07+00:00","dateModified":"2023-07-07T12:36:10+00:00","mainEntityOfPage":{"@id":"https:\/\/www.suno.com.br\/noticias\/threads-zuckerberg-bilhoes-mais-rico-evm\/"},"wordCount":108,"publisher":{"@id":"https:\/\/www.suno.com.br\/noticias\/#organization"},"image":{"@id":"https:\/\/www.suno.com.br\/noticias\/threads-zuckerberg-bilhoes-mais-rico-evm\/#primaryimage"},"thumbnailUrl":"https:\/\/files.sunoresearch.com.br\/n\/uploads\/2023\/01\/Mark_Zuckerberg_wikimedia-reproducao.jpg","keywords":["bilion\u00e1rios","Mark Zuckerberg"],"articleSection":["Neg\u00f3cios"],"inLanguage":"pt-BR"},{"@type":"WebPage","@id":"https:\/\/www.suno.com.br\/noticias\/threads-zuckerberg-bilhoes-mais-rico-evm\/","url":"https:\/\/www.suno.com.br\/noticias\/threads-zuckerberg-bilhoes-mais-rico-evm\/","name":"Com 'Threads', Zuckerberg fica US$ 61 bilh\u00f5es mais rico","isPartOf":{"@id":"https:\/\/www.suno.com.br\/noticias\/#website"},"primaryImageOfPage":{"@id":"https:\/\/www.suno.com.br\/noticias\/threads-zuckerberg-bilhoes-mais-rico-evm\/#primaryimage"},"image":{"@id":"https:\/\/www.suno.com.br\/noticias\/threads-zuckerberg-bilhoes-mais-rico-evm\/#primaryimage"},"thumbnailUrl":"https:\/\/files.sunoresearch.com.br\/n\/uploads\/2023\/01\/Mark_Zuckerberg_wikimedia-reproducao.jpg","datePublished":"2023-07-07T12:36:07+00:00","dateModified":"2023-07-07T12:36:10+00:00","description":"O Threads, rival do Twitter, de Elon Musk, bateu recordes e somou mais de 10 milh\u00f5es de usu\u00e1rios cerca de sete horas ap\u00f3s seu lan\u00e7amento","breadcrumb":{"@id":"https:\/\/www.suno.com.br\/noticias\/threads-zuckerberg-bilhoes-mais-rico-evm\/#breadcrumb"},"inLanguage":"pt-BR","potentialAction":[{"@type":"ReadAction","target":["https:\/\/www.suno.com.br\/noticias\/threads-zuckerberg-bilhoes-mais-rico-evm\/"]}]},{"@type":"ImageObject","inLanguage":"pt-BR","@id":"https:\/\/www.suno.com.br\/noticias\/threads-zuckerberg-bilhoes-mais-rico-evm\/#primaryimage","url":"https:\/\/files.sunoresearch.com.br\/n\/uploads\/2023\/01\/Mark_Zuckerberg_wikimedia-reproducao.jpg","contentUrl":"https:\/\/files.sunoresearch.com.br\/n\/uploads\/2023\/01\/Mark_Zuckerberg_wikimedia-reproducao.jpg","width":1200,"height":792,"caption":"Mark Zuckerberg. Foto: Reprodu\u00e7\u00e3o\/Wikimedia Creative Commons"},{"@type":"BreadcrumbList","@id":"https:\/\/www.suno.com.br\/noticias\/threads-zuckerberg-bilhoes-mais-rico-evm\/#breadcrumb","itemListElement":[{"@type":"ListItem","position":1,"name":"Not\u00edcias","item":"https:\/\/www.suno.com.br\/noticias\/"},{"@type":"ListItem","position":2,"name":"Neg\u00f3cios","item":"https:\/\/www.suno.com.br\/noticias\/negocios\/"},{"@type":"ListItem","position":3,"name":"Com &#8216;Threads&#8217;, Zuckerberg fica US$ 61 bilh\u00f5es mais rico"}]},{"@type":"WebSite","@id":"https:\/\/www.suno.com.br\/noticias\/#website","url":"https:\/\/www.suno.com.br\/noticias\/","name":"Suno Not\u00edcias","description":"Seu portal de informa\u00e7\u00e3o sobre o mundo dos investimentos","publisher":{"@id":"https:\/\/www.suno.com.br\/noticias\/#organization"},"potentialAction":[{"@type":"SearchAction","target":{"@type":"EntryPoint","urlTemplate":"https:\/\/www.suno.com.br\/noticias\/?s={search_term_string}"},"query-input":{"@type":"PropertyValueSpecification","valueRequired":true,"valueName":"search_term_string"}}],"inLanguage":"pt-BR"},{"@type":"Organization","@id":"https:\/\/www.suno.com.br\/noticias\/#organization","name":"Suno Not\u00edcias","url":"https:\/\/www.suno.com.br\/noticias\/","logo":{"@type":"ImageObject","inLanguage":"pt-BR","@id":"https:\/\/www.suno.com.br\/noticias\/#\/schema\/logo\/image\/","url":"https:\/\/files.sunoresearch.com.br\/n\/uploads\/2021\/09\/suno-logo.png","contentUrl":"https:\/\/files.sunoresearch.com.br\/n\/uploads\/2021\/09\/suno-logo.png","width":180,"height":180,"caption":"Suno Not\u00edcias"},"image":{"@id":"https:\/\/www.suno.com.br\/noticias\/#\/schema\/logo\/image\/"},"sameAs":["https:\/\/facebook.com\/sunoresearch","https:\/\/x.com\/sunoresearch","https:\/\/www.instagram.com\/suno","https:\/\/www.linkedin.com\/company\/suno-research\/","https:\/\/www.youtube.com\/c\/sunoresearch"]},{"@type":"Person","@id":"https:\/\/www.suno.com.br\/noticias\/#\/schema\/person\/7f4d362bf3518e76090143ae77bb49a5","name":"Eduardo Vargas","image":{"@type":"ImageObject","inLanguage":"pt-BR","@id":"https:\/\/www.suno.com.br\/noticias\/#\/schema\/person\/image\/","url":"https:\/\/secure.gravatar.com\/avatar\/dac340933427a22924c9f99d1eb2e3f2?s=96&r=g","contentUrl":"https:\/\/secure.gravatar.com\/avatar\/dac340933427a22924c9f99d1eb2e3f2?s=96&r=g","caption":"Eduardo Vargas"},"description":"Jornalista formado pela UFSC, cobre macroeconomia, neg\u00f3cios e startups para o Suno Not\u00edcias, escrevendo principalmente not\u00edcias sobre o mercado financeiro e a bolsa de valores. No YouTube e no Instagram, \u00e9 respons\u00e1vel pela produ\u00e7\u00e3o de Reels e Shorts do Suno Not\u00edcias. Anteriormente, trabalhou cobrindo economia e cotidiano no ND+ e para o ND, maior jornal impresso de Santa Catarina. Cursou um semestre letivo de Estudos de M\u00eddia na Universidad de Buenos Aires.","url":"https:\/\/www.suno.com.br\/noticias\/author\/eduardo-vargas\/"}]}},"default_loop_html":"<div class=\"cardsPage__listCard__boxs\"><div class=\"cardsPage__listCard__boxs__img\"><a href=\"https:\/\/www.suno.com.br\/noticias\/threads-zuckerberg-bilhoes-mais-rico-evm\/\"><img class=\"mask\" src=\"https:\/\/www.suno.com.br\/noticias\/wp-content\/themes\/suno\/resources\/images\/spotlight\/spotlight1img\/bg-mask.png\" alt=\"Image Mask\"\/><img src=\"https:\/\/files.sunoresearch.com.br\/n\/uploads\/2023\/01\/Mark_Zuckerberg_wikimedia-reproducao-400x200.jpg\" alt=\"Com &#8216;Threads&#8217;, Zuckerberg fica US$ 61 bilh\u00f5es mais rico\"\/><\/a><span class=\"spotlightCategory\"><a href=\"https:\/\/www.suno.com.br\/noticias\/negocios\/\">Neg\u00f3cios<\/a><\/span><\/div><div class=\"cardsPage__listCard__boxs__content\"><a href=\"https:\/\/www.suno.com.br\/noticias\/threads-zuckerberg-bilhoes-mais-rico-evm\/\"><h2 class=\"content__title\">Com &#8216;Threads&#8217;, Zuckerberg fica US$ 61 bilh\u00f5es mais rico<\/h2><\/a><div class=\"newsContent__article__meta\"><div class=\"newsContent__article__meta__authorBox\"><a href=\"https:\/\/www.suno.com.br\/noticias\/author\/eduardo-vargas\/\" class=\"authorBox__avatar noMobi\"><img src=\"https:\/\/secure.gravatar.com\/avatar\/dac340933427a22924c9f99d1eb2e3f2?s=96&#038;r=g\" alt=\"Eduardo Vargas\"><\/a><div class=\"authorBox__name\"><span>por\n\t\t\t<a href=\"https:\/\/www.suno.com.br\/noticias\/author\/eduardo-vargas\/\"><span itemprop=\"author\">Eduardo Vargas<\/span><\/a><\/span><time datetime=\"2023-07-07T09:36:07-03:00\" itemprop=\"datePublished\">07\/07\/2023 09:36<\/time><\/div><\/div><\/div><\/div><\/div>","single_layout":"posts","amp_enabled":true,"_links":{"self":[{"href":"https:\/\/www.suno.com.br\/noticias\/wp-json\/wp\/v2\/posts\/426309"}],"collection":[{"href":"https:\/\/www.suno.com.br\/noticias\/wp-json\/wp\/v2\/posts"}],"about":[{"href":"https:\/\/www.suno.com.br\/noticias\/wp-json\/wp\/v2\/types\/post"}],"author":[{"embeddable":true,"href":"https:\/\/www.suno.com.br\/noticias\/wp-json\/wp\/v2\/users\/73"}],"replies":[{"embeddable":true,"href":"https:\/\/www.suno.com.br\/noticias\/wp-json\/wp\/v2\/comments?post=426309"}],"version-history":[{"count":3,"href":"https:\/\/www.suno.com.br\/noticias\/wp-json\/wp\/v2\/posts\/426309\/revisions"}],"predecessor-version":[{"id":426366,"href":"https:\/\/www.suno.com.br\/noticias\/wp-json\/wp\/v2\/posts\/426309\/revisions\/426366"}],"wp:featuredmedia":[{"embeddable":true,"href":"https:\/\/www.suno.com.br\/noticias\/wp-json\/wp\/v2\/media\/344883"}],"wp:attachment":[{"href":"https:\/\/www.suno.com.br\/noticias\/wp-json\/wp\/v2\/media?parent=426309"}],"wp:term":[{"taxonomy":"category","embeddable":true,"href":"https:\/\/www.suno.com.br\/noticias\/wp-json\/wp\/v2\/categories?post=426309"},{"taxonomy":"post_tag","embeddable":true,"href":"https:\/\/www.suno.com.br\/noticias\/wp-json\/wp\/v2\/tags?post=426309"},{"taxonomy":"suno_strategy","embeddable":true,"href":"https:\/\/www.suno.com.br\/noticias\/wp-json\/wp\/v2\/suno_strategy?post=426309"}],"curies":[{"name":"wp","href":"https:\/\/api.w.org\/{rel}","templated":true}]}}