{"id":42613,"date":"2019-10-28T12:28:47","date_gmt":"2019-10-28T14:28:47","guid":{"rendered":"https:\/\/www.suno.com.br\/noticias\/?p=42613"},"modified":"2019-10-28T12:29:20","modified_gmt":"2019-10-28T14:29:20","slug":"stone-inaugura-conta-digital-pequeno-empreendedor","status":"publish","type":"post","link":"https:\/\/www.suno.com.br\/noticias\/stone-inaugura-conta-digital-pequeno-empreendedor\/","title":{"rendered":"Stone inaugura conta digital para pequeno empreendedor"},"content":{"rendered":"<p>A Stone, <strong><a href=\"https:\/\/www.suno.com.br\/artigos\/fintechs\/\">fintech<\/a><\/strong> brasileira de meios de pagamento, ir\u00e1 expandir suas opera\u00e7\u00f5es em servi\u00e7os financeiros. A conta digital, que n\u00e3o ter\u00e1 custos mensais, pretende atrair pequenas e m\u00e9dias empresas, fidelizando os clientes por meio das solu\u00e7\u00f5es apresentadas pela companhia.<\/p>\t<div class=\"wrapper-featured-image\">\n\t\t<figure class=\"spotlightImg\">\n\n\t\t\t<picture>\n\t\t\t\t<source media=\"(max-width: 768px)\" srcset=\"https:\/\/files.sunoresearch.com.br\/n\/uploads\/2019\/10\/3168ab1e-stone-400x200.webp\">\n\t\t\t\t<img loading=\"lazy\" decoding=\"async\" class=\"newsContent__article__imgCapa lazyloadDisabled newsContent__article__imgCapa--noCaption\" src=\"https:\/\/files.sunoresearch.com.br\/n\/uploads\/2019\/10\/3168ab1e-stone-800x450.webp\" width=\"800\" height=\"450\" alt=\"Stone inaugura conta digital para pequeno empreendedor\" fetchpriority=high \/>\n\t\t\t<\/picture>\n\n\t\t\t<figcaption class=\"wp-caption-text wp-caption-text--hide\">Stone inaugura conta digital para o pequeno empreendedor<\/figcaption>\n\t\t<\/figure>\n\t<\/div>\n\n\n\n<p>&#8220;A vida do lojista \u00e9 um pesadelo, passando o dia todo falando com muitas pontas. Queremos facilitar&#8221;, disse o presidente da <strong>Stone<\/strong>, Augusto Lins, ao jornal &#8220;O Estado de S.Paulo&#8221;. A novidade vai ao ar nesta segunda-feira (28), priorizando os clientes que j\u00e1 utilizam as maquininhas da empresa.<\/p>\n<p>De forma oficial, a conta digital ser\u00e1 uma &#8216;<strong>conta de pagamentos<\/strong>&#8216;. Para come\u00e7ar a utilizar o novo produto, o cliente deve adquirir o aplicativo da companhia e concluir seu cadastro.<\/p>\n<p><a href=\"https:\/\/www.suno.com.br\/noticias\/louis-vuitton-tiffany-oferta-14-bilhoes\/\">Veja tamb\u00e9m: Dona da Louis Vuitton faz oferta de US$ 14,5 bilh\u00f5es pela Tiffany<\/a><\/p>\n<p>Como a Stone j\u00e1 tem acesso aos dados do cliente, a aprova\u00e7\u00e3o da conta dever\u00e1 acontecer em poucos minutos. O atendimento ser\u00e1 feito pelo pr\u00f3prio aplicativo ou atrav\u00e9s de um agente da companhia comparecendo presencialmente ao estabelecimento do lojista.\u201cNingu\u00e9m tem tempo de ir at\u00e9 a ag\u00eancia. Vamos fazer o caminho contr\u00e1rio\u201d, afirmou Lins.<\/p>\n<p>Atrav\u00e9s da nova funcionalidade, o cliente poder\u00e1 realizar TEDs entre bancos, registrar a folha de pagamento, efetuar o pagamento de boletos, al\u00e9m de solicitar a portabilidade salarial para colaboradores.<\/p>\n<h2>Stone procura fazer frente \u00e0 concorrentes<\/h2>\n<p>No entanto, diferentemente do que os concorrentes oferecem, como <strong>Nubank<\/strong> e <strong>Banco Inter<\/strong> (BIDI11), a transfer\u00eancia por TED ter\u00e1 a cobran\u00e7a de R$ 4, segundo a Stone. A funcionalidade de emiss\u00e3o de boletos tamb\u00e9m dever\u00e1 ficar para os pr\u00f3ximos meses.<\/p>\n\t<p>\n\t\t<a href=\"https:\/\/lp.suno.com.br\/ao\/sessao-estrategica-consultoria-c\/?utm_source=suno-noticias&#038;utm_medium=banner&#038;utm_campaign=_SNC36CE4E9F_&#038;utm_content=fundos-imobiliarios-ou-imoveis-onde-investir-500-mil-go\" target=\"_blank\" data-element=\"shortcode-suno-banner\" title=\"Banner SUNO, clique e saiba mais\">\n\t\t\t<picture>\n\t\t\t\t<source media=\"(max-width: 500px)\" srcset=\"https:\/\/files.sunoresearch.com.br\/n\/uploads\/2025\/09\/300x400.webp\">\n\t\t\t\t<img class=\"newsContent__article__imgCapa newsContent__article__imgCapa--banner\"\n\t\t\t\t\tsrc=\"https:\/\/files.sunoresearch.com.br\/n\/uploads\/2025\/09\/SN-DT-1420x240-1.webp\"\n\t\t\t\t\tdata-promo-id=\"635171\"\t\t\t\t\t\t\t\t\t\twidth='1420' height='240'\t\t\t\t\talt=\"https:\/\/files.sunoresearch.com.br\/n\/uploads\/2025\/09\/SN-DT-1420x240-1.webp\"\n\t\t\t\t>\n\t\t\t<\/picture>\n\t\t<\/a>\n\t<\/p>\n\n\n<p>Segundo Lins, o diferencial da conta da Stone ser\u00e1 o controle de receb\u00edveis. O sistema de pagamentos far\u00e1 com que o lojista tenha uma previs\u00e3o de quando receber\u00e1 os valores transacionados por meio de cart\u00f5es de d\u00e9bito, cr\u00e9dito, ou vales-refei\u00e7\u00e3o e alimenta\u00e7\u00e3o.<\/p>\n<p>A Stone, em parceria com a <strong>Mastercard<\/strong>, tamb\u00e9m ir\u00e1 proporcionar um cart\u00e3o de cr\u00e9dito pr\u00e9-pago gratuito aos que desejarem.<\/p>\n<p><a href=\"https:\/\/www.suno.com.br\/noticias\/klabin-lucro-liquido-r-2152-milhoes-3o-trimestre\/\">Confira: Klabin registra lucro l\u00edquido de R$ 215,2 milh\u00f5es no 3\u00ba trimestre<\/a><\/p>\n<p>Edson Santos, consultor e especialista em pagamento, afirma que a estrat\u00e9gia da Stone \u00e9 simples e direta: abrir um leque de op\u00e7\u00f5es aos seu cliente, impedindo que ele possa trocar a empresa por uma concorrente.<\/p>\n<p>\u201cCom a redu\u00e7\u00e3o de taxas, os l\u00edderes do mercado transformaram o setor de pagamentos em commodity, enquanto uma empresa mais nova, como a <strong>Stone<\/strong>, tem de trazer servi\u00e7os de valor agregado\u201d, disse ao jornal &#8220;O Estado de S.Paulo&#8221;.<\/p>\n","protected":false},"excerpt":{"rendered":"<p>A Stone, fintech brasileira de meios de pagamento, ir\u00e1 expandir suas opera\u00e7\u00f5es em servi\u00e7os financeiros. A conta digital, que n\u00e3o ter\u00e1 custos mensais, pretende atrair pequenas e m\u00e9dias empresas, fidelizando os clientes por meio das solu\u00e7\u00f5es apresentadas pela companhia. Stone inaugura conta digital para o pequeno empreendedor &#8220;A vida do lojista \u00e9 um pesadelo, passando [&hellip;]<\/p>\n","protected":false},"author":24,"featured_media":42624,"comment_status":"closed","ping_status":"closed","sticky":false,"template":"","format":"standard","meta":[],"categories":[64],"tags":[1276],"suno_strategy":[],"class_list":["post-42613","post","type-post","status-publish","format-standard","has-post-thumbnail","hentry","category-negocios","tag-stone"],"yoast_head":"<!-- This site is optimized with the Yoast SEO plugin v24.4 - https:\/\/yoast.com\/wordpress\/plugins\/seo\/ -->\n<title>Stone inaugura conta digital para pequeno empreendedor<\/title>\n<meta name=\"description\" content=\"A Stone, fintech brasileira de meios de pagamento, ir\u00e1 expandir suas opera\u00e7\u00f5es em servi\u00e7os financeiros. Clique aqui e saiba mais.\" \/>\n<meta name=\"robots\" content=\"index, follow, max-snippet:-1, max-image-preview:large, max-video-preview:-1\" \/>\n<link rel=\"canonical\" href=\"https:\/\/www.suno.com.br\/noticias\/stone-inaugura-conta-digital-pequeno-empreendedor\/\" \/>\n<meta property=\"og:locale\" content=\"pt_BR\" \/>\n<meta property=\"og:type\" content=\"article\" \/>\n<meta property=\"og:title\" content=\"Stone inaugura conta digital para pequeno empreendedor\" \/>\n<meta property=\"og:description\" content=\"A Stone, fintech brasileira de meios de pagamento, ir\u00e1 expandir suas opera\u00e7\u00f5es em servi\u00e7os financeiros. Clique aqui e saiba mais.\" \/>\n<meta property=\"og:url\" content=\"https:\/\/www.suno.com.br\/noticias\/stone-inaugura-conta-digital-pequeno-empreendedor\/\" \/>\n<meta property=\"og:site_name\" content=\"Suno Not\u00edcias\" \/>\n<meta property=\"article:publisher\" content=\"https:\/\/facebook.com\/sunoresearch\" \/>\n<meta property=\"og:image\" content=\"https:\/\/files.sunoresearch.com.br\/n\/uploads\/2019\/10\/3168ab1e-stone.jpg\" \/>\n\t<meta property=\"og:image:width\" content=\"984\" \/>\n\t<meta property=\"og:image:height\" content=\"984\" \/>\n\t<meta property=\"og:image:type\" content=\"image\/jpeg\" \/>\n<meta name=\"author\" content=\"Jader Lazarini\" \/>\n<meta name=\"twitter:card\" content=\"summary_large_image\" \/>\n<meta name=\"twitter:creator\" content=\"@sunoresearch\" \/>\n<meta name=\"twitter:site\" content=\"@sunoresearch\" \/>\n<meta name=\"twitter:label1\" content=\"Escrito por\" \/>\n\t<meta name=\"twitter:data1\" content=\"Jader Lazarini\" \/>\n\t<meta name=\"twitter:label2\" content=\"Est. tempo de leitura\" \/>\n\t<meta name=\"twitter:data2\" content=\"2 minutos\" \/>\n<script type=\"application\/ld+json\" class=\"yoast-schema-graph\">{\"@context\":\"https:\/\/schema.org\",\"@graph\":[{\"@type\":\"NewsArticle\",\"@id\":\"https:\/\/www.suno.com.br\/noticias\/stone-inaugura-conta-digital-pequeno-empreendedor\/#article\",\"isPartOf\":{\"@id\":\"https:\/\/www.suno.com.br\/noticias\/stone-inaugura-conta-digital-pequeno-empreendedor\/\"},\"author\":{\"name\":\"Jader Lazarini\",\"@id\":\"https:\/\/www.suno.com.br\/noticias\/#\/schema\/person\/918d79de1f0281f01599b93f9ea6e23f\"},\"headline\":\"Stone inaugura conta digital para pequeno empreendedor\",\"datePublished\":\"2019-10-28T14:28:47+00:00\",\"dateModified\":\"2019-10-28T14:29:20+00:00\",\"mainEntityOfPage\":{\"@id\":\"https:\/\/www.suno.com.br\/noticias\/stone-inaugura-conta-digital-pequeno-empreendedor\/\"},\"wordCount\":451,\"publisher\":{\"@id\":\"https:\/\/www.suno.com.br\/noticias\/#organization\"},\"image\":{\"@id\":\"https:\/\/www.suno.com.br\/noticias\/stone-inaugura-conta-digital-pequeno-empreendedor\/#primaryimage\"},\"thumbnailUrl\":\"https:\/\/files.sunoresearch.com.br\/n\/uploads\/2019\/10\/3168ab1e-stone-jpg.webp\",\"keywords\":[\"Stone\"],\"articleSection\":[\"Neg\u00f3cios\"],\"inLanguage\":\"pt-BR\"},{\"@type\":\"WebPage\",\"@id\":\"https:\/\/www.suno.com.br\/noticias\/stone-inaugura-conta-digital-pequeno-empreendedor\/\",\"url\":\"https:\/\/www.suno.com.br\/noticias\/stone-inaugura-conta-digital-pequeno-empreendedor\/\",\"name\":\"Stone inaugura conta digital para pequeno empreendedor\",\"isPartOf\":{\"@id\":\"https:\/\/www.suno.com.br\/noticias\/#website\"},\"primaryImageOfPage\":{\"@id\":\"https:\/\/www.suno.com.br\/noticias\/stone-inaugura-conta-digital-pequeno-empreendedor\/#primaryimage\"},\"image\":{\"@id\":\"https:\/\/www.suno.com.br\/noticias\/stone-inaugura-conta-digital-pequeno-empreendedor\/#primaryimage\"},\"thumbnailUrl\":\"https:\/\/files.sunoresearch.com.br\/n\/uploads\/2019\/10\/3168ab1e-stone-jpg.webp\",\"datePublished\":\"2019-10-28T14:28:47+00:00\",\"dateModified\":\"2019-10-28T14:29:20+00:00\",\"description\":\"A Stone, fintech brasileira de meios de pagamento, ir\u00e1 expandir suas opera\u00e7\u00f5es em servi\u00e7os financeiros. Clique aqui e saiba mais.\",\"breadcrumb\":{\"@id\":\"https:\/\/www.suno.com.br\/noticias\/stone-inaugura-conta-digital-pequeno-empreendedor\/#breadcrumb\"},\"inLanguage\":\"pt-BR\",\"potentialAction\":[{\"@type\":\"ReadAction\",\"target\":[\"https:\/\/www.suno.com.br\/noticias\/stone-inaugura-conta-digital-pequeno-empreendedor\/\"]}]},{\"@type\":\"ImageObject\",\"inLanguage\":\"pt-BR\",\"@id\":\"https:\/\/www.suno.com.br\/noticias\/stone-inaugura-conta-digital-pequeno-empreendedor\/#primaryimage\",\"url\":\"https:\/\/files.sunoresearch.com.br\/n\/uploads\/2019\/10\/3168ab1e-stone-jpg.webp\",\"contentUrl\":\"https:\/\/files.sunoresearch.com.br\/n\/uploads\/2019\/10\/3168ab1e-stone-jpg.webp\",\"width\":984,\"height\":984,\"caption\":\"Stone inaugura conta digital para o pequeno empreendedor\"},{\"@type\":\"BreadcrumbList\",\"@id\":\"https:\/\/www.suno.com.br\/noticias\/stone-inaugura-conta-digital-pequeno-empreendedor\/#breadcrumb\",\"itemListElement\":[{\"@type\":\"ListItem\",\"position\":1,\"name\":\"Not\u00edcias\",\"item\":\"https:\/\/www.suno.com.br\/noticias\/\"},{\"@type\":\"ListItem\",\"position\":2,\"name\":\"Neg\u00f3cios\",\"item\":\"https:\/\/www.suno.com.br\/noticias\/negocios\/\"},{\"@type\":\"ListItem\",\"position\":3,\"name\":\"Stone inaugura conta digital para pequeno empreendedor\"}]},{\"@type\":\"WebSite\",\"@id\":\"https:\/\/www.suno.com.br\/noticias\/#website\",\"url\":\"https:\/\/www.suno.com.br\/noticias\/\",\"name\":\"Suno Not\u00edcias\",\"description\":\"Seu portal de informa\u00e7\u00e3o sobre o mundo dos investimentos\",\"publisher\":{\"@id\":\"https:\/\/www.suno.com.br\/noticias\/#organization\"},\"potentialAction\":[{\"@type\":\"SearchAction\",\"target\":{\"@type\":\"EntryPoint\",\"urlTemplate\":\"https:\/\/www.suno.com.br\/noticias\/?s={search_term_string}\"},\"query-input\":{\"@type\":\"PropertyValueSpecification\",\"valueRequired\":true,\"valueName\":\"search_term_string\"}}],\"inLanguage\":\"pt-BR\"},{\"@type\":\"Organization\",\"@id\":\"https:\/\/www.suno.com.br\/noticias\/#organization\",\"name\":\"Suno Not\u00edcias\",\"url\":\"https:\/\/www.suno.com.br\/noticias\/\",\"logo\":{\"@type\":\"ImageObject\",\"inLanguage\":\"pt-BR\",\"@id\":\"https:\/\/www.suno.com.br\/noticias\/#\/schema\/logo\/image\/\",\"url\":\"https:\/\/files.sunoresearch.com.br\/n\/uploads\/2021\/09\/suno-logo.png\",\"contentUrl\":\"https:\/\/files.sunoresearch.com.br\/n\/uploads\/2021\/09\/suno-logo.png\",\"width\":180,\"height\":180,\"caption\":\"Suno Not\u00edcias\"},\"image\":{\"@id\":\"https:\/\/www.suno.com.br\/noticias\/#\/schema\/logo\/image\/\"},\"sameAs\":[\"https:\/\/facebook.com\/sunoresearch\",\"https:\/\/x.com\/sunoresearch\",\"https:\/\/www.instagram.com\/suno\",\"https:\/\/www.linkedin.com\/company\/suno-research\/\",\"https:\/\/www.youtube.com\/c\/sunoresearch\"]},{\"@type\":\"Person\",\"@id\":\"https:\/\/www.suno.com.br\/noticias\/#\/schema\/person\/918d79de1f0281f01599b93f9ea6e23f\",\"name\":\"Jader Lazarini\",\"image\":{\"@type\":\"ImageObject\",\"inLanguage\":\"pt-BR\",\"@id\":\"https:\/\/www.suno.com.br\/noticias\/#\/schema\/person\/image\/\",\"url\":\"https:\/\/secure.gravatar.com\/avatar\/3c1ad8caa51589841baeb923fcddea97?s=96&r=g\",\"contentUrl\":\"https:\/\/secure.gravatar.com\/avatar\/3c1ad8caa51589841baeb923fcddea97?s=96&r=g\",\"caption\":\"Jader Lazarini\"},\"description\":\"Jader Lazarini escreve sobre investimentos, finan\u00e7as, economia e neg\u00f3cios. \u00c9 bacharel em Rela\u00e7\u00f5es Internacionais e analista CNPI (2619).\",\"url\":\"https:\/\/www.suno.com.br\/noticias\/author\/jader-lazarini\/\"}]}<\/script>\n<!-- \/ Yoast SEO plugin. -->","yoast_head_json":{"title":"Stone inaugura conta digital para pequeno empreendedor","description":"A Stone, fintech brasileira de meios de pagamento, ir\u00e1 expandir suas opera\u00e7\u00f5es em servi\u00e7os financeiros. Clique aqui e saiba mais.","robots":{"index":"index","follow":"follow","max-snippet":"max-snippet:-1","max-image-preview":"max-image-preview:large","max-video-preview":"max-video-preview:-1"},"canonical":"https:\/\/www.suno.com.br\/noticias\/stone-inaugura-conta-digital-pequeno-empreendedor\/","og_locale":"pt_BR","og_type":"article","og_title":"Stone inaugura conta digital para pequeno empreendedor","og_description":"A Stone, fintech brasileira de meios de pagamento, ir\u00e1 expandir suas opera\u00e7\u00f5es em servi\u00e7os financeiros. Clique aqui e saiba mais.","og_url":"https:\/\/www.suno.com.br\/noticias\/stone-inaugura-conta-digital-pequeno-empreendedor\/","og_site_name":"Suno Not\u00edcias","article_publisher":"https:\/\/facebook.com\/sunoresearch","og_image":[{"width":984,"height":984,"url":"https:\/\/files.sunoresearch.com.br\/n\/uploads\/2019\/10\/3168ab1e-stone.jpg","type":"image\/jpeg"}],"author":"Jader Lazarini","twitter_card":"summary_large_image","twitter_creator":"@sunoresearch","twitter_site":"@sunoresearch","twitter_misc":{"Escrito por":"Jader Lazarini","Est. tempo de leitura":"2 minutos"},"schema":{"@context":"https:\/\/schema.org","@graph":[{"@type":"NewsArticle","@id":"https:\/\/www.suno.com.br\/noticias\/stone-inaugura-conta-digital-pequeno-empreendedor\/#article","isPartOf":{"@id":"https:\/\/www.suno.com.br\/noticias\/stone-inaugura-conta-digital-pequeno-empreendedor\/"},"author":{"name":"Jader Lazarini","@id":"https:\/\/www.suno.com.br\/noticias\/#\/schema\/person\/918d79de1f0281f01599b93f9ea6e23f"},"headline":"Stone inaugura conta digital para pequeno empreendedor","datePublished":"2019-10-28T14:28:47+00:00","dateModified":"2019-10-28T14:29:20+00:00","mainEntityOfPage":{"@id":"https:\/\/www.suno.com.br\/noticias\/stone-inaugura-conta-digital-pequeno-empreendedor\/"},"wordCount":451,"publisher":{"@id":"https:\/\/www.suno.com.br\/noticias\/#organization"},"image":{"@id":"https:\/\/www.suno.com.br\/noticias\/stone-inaugura-conta-digital-pequeno-empreendedor\/#primaryimage"},"thumbnailUrl":"https:\/\/files.sunoresearch.com.br\/n\/uploads\/2019\/10\/3168ab1e-stone-jpg.webp","keywords":["Stone"],"articleSection":["Neg\u00f3cios"],"inLanguage":"pt-BR"},{"@type":"WebPage","@id":"https:\/\/www.suno.com.br\/noticias\/stone-inaugura-conta-digital-pequeno-empreendedor\/","url":"https:\/\/www.suno.com.br\/noticias\/stone-inaugura-conta-digital-pequeno-empreendedor\/","name":"Stone inaugura conta digital para pequeno empreendedor","isPartOf":{"@id":"https:\/\/www.suno.com.br\/noticias\/#website"},"primaryImageOfPage":{"@id":"https:\/\/www.suno.com.br\/noticias\/stone-inaugura-conta-digital-pequeno-empreendedor\/#primaryimage"},"image":{"@id":"https:\/\/www.suno.com.br\/noticias\/stone-inaugura-conta-digital-pequeno-empreendedor\/#primaryimage"},"thumbnailUrl":"https:\/\/files.sunoresearch.com.br\/n\/uploads\/2019\/10\/3168ab1e-stone-jpg.webp","datePublished":"2019-10-28T14:28:47+00:00","dateModified":"2019-10-28T14:29:20+00:00","description":"A Stone, fintech brasileira de meios de pagamento, ir\u00e1 expandir suas opera\u00e7\u00f5es em servi\u00e7os financeiros. Clique aqui e saiba mais.","breadcrumb":{"@id":"https:\/\/www.suno.com.br\/noticias\/stone-inaugura-conta-digital-pequeno-empreendedor\/#breadcrumb"},"inLanguage":"pt-BR","potentialAction":[{"@type":"ReadAction","target":["https:\/\/www.suno.com.br\/noticias\/stone-inaugura-conta-digital-pequeno-empreendedor\/"]}]},{"@type":"ImageObject","inLanguage":"pt-BR","@id":"https:\/\/www.suno.com.br\/noticias\/stone-inaugura-conta-digital-pequeno-empreendedor\/#primaryimage","url":"https:\/\/files.sunoresearch.com.br\/n\/uploads\/2019\/10\/3168ab1e-stone-jpg.webp","contentUrl":"https:\/\/files.sunoresearch.com.br\/n\/uploads\/2019\/10\/3168ab1e-stone-jpg.webp","width":984,"height":984,"caption":"Stone inaugura conta digital para o pequeno empreendedor"},{"@type":"BreadcrumbList","@id":"https:\/\/www.suno.com.br\/noticias\/stone-inaugura-conta-digital-pequeno-empreendedor\/#breadcrumb","itemListElement":[{"@type":"ListItem","position":1,"name":"Not\u00edcias","item":"https:\/\/www.suno.com.br\/noticias\/"},{"@type":"ListItem","position":2,"name":"Neg\u00f3cios","item":"https:\/\/www.suno.com.br\/noticias\/negocios\/"},{"@type":"ListItem","position":3,"name":"Stone inaugura conta digital para pequeno empreendedor"}]},{"@type":"WebSite","@id":"https:\/\/www.suno.com.br\/noticias\/#website","url":"https:\/\/www.suno.com.br\/noticias\/","name":"Suno Not\u00edcias","description":"Seu portal de informa\u00e7\u00e3o sobre o mundo dos investimentos","publisher":{"@id":"https:\/\/www.suno.com.br\/noticias\/#organization"},"potentialAction":[{"@type":"SearchAction","target":{"@type":"EntryPoint","urlTemplate":"https:\/\/www.suno.com.br\/noticias\/?s={search_term_string}"},"query-input":{"@type":"PropertyValueSpecification","valueRequired":true,"valueName":"search_term_string"}}],"inLanguage":"pt-BR"},{"@type":"Organization","@id":"https:\/\/www.suno.com.br\/noticias\/#organization","name":"Suno Not\u00edcias","url":"https:\/\/www.suno.com.br\/noticias\/","logo":{"@type":"ImageObject","inLanguage":"pt-BR","@id":"https:\/\/www.suno.com.br\/noticias\/#\/schema\/logo\/image\/","url":"https:\/\/files.sunoresearch.com.br\/n\/uploads\/2021\/09\/suno-logo.png","contentUrl":"https:\/\/files.sunoresearch.com.br\/n\/uploads\/2021\/09\/suno-logo.png","width":180,"height":180,"caption":"Suno Not\u00edcias"},"image":{"@id":"https:\/\/www.suno.com.br\/noticias\/#\/schema\/logo\/image\/"},"sameAs":["https:\/\/facebook.com\/sunoresearch","https:\/\/x.com\/sunoresearch","https:\/\/www.instagram.com\/suno","https:\/\/www.linkedin.com\/company\/suno-research\/","https:\/\/www.youtube.com\/c\/sunoresearch"]},{"@type":"Person","@id":"https:\/\/www.suno.com.br\/noticias\/#\/schema\/person\/918d79de1f0281f01599b93f9ea6e23f","name":"Jader Lazarini","image":{"@type":"ImageObject","inLanguage":"pt-BR","@id":"https:\/\/www.suno.com.br\/noticias\/#\/schema\/person\/image\/","url":"https:\/\/secure.gravatar.com\/avatar\/3c1ad8caa51589841baeb923fcddea97?s=96&r=g","contentUrl":"https:\/\/secure.gravatar.com\/avatar\/3c1ad8caa51589841baeb923fcddea97?s=96&r=g","caption":"Jader Lazarini"},"description":"Jader Lazarini escreve sobre investimentos, finan\u00e7as, economia e neg\u00f3cios. \u00c9 bacharel em Rela\u00e7\u00f5es Internacionais e analista CNPI (2619).","url":"https:\/\/www.suno.com.br\/noticias\/author\/jader-lazarini\/"}]}},"default_loop_html":"<div class=\"cardsPage__listCard__boxs\"><div class=\"cardsPage__listCard__boxs__img\"><a href=\"https:\/\/www.suno.com.br\/noticias\/stone-inaugura-conta-digital-pequeno-empreendedor\/\"><img class=\"mask\" src=\"https:\/\/www.suno.com.br\/noticias\/wp-content\/themes\/suno\/resources\/images\/spotlight\/spotlight1img\/bg-mask.png\" alt=\"Image Mask\"\/><img src=\"https:\/\/files.sunoresearch.com.br\/n\/uploads\/2019\/10\/3168ab1e-stone-400x200.webp\" alt=\"Stone inaugura conta digital para pequeno empreendedor\"\/><\/a><span class=\"spotlightCategory\"><a href=\"https:\/\/www.suno.com.br\/noticias\/negocios\/\">Neg\u00f3cios<\/a><\/span><\/div><div class=\"cardsPage__listCard__boxs__content\"><a href=\"https:\/\/www.suno.com.br\/noticias\/stone-inaugura-conta-digital-pequeno-empreendedor\/\"><h2 class=\"content__title\">Stone inaugura conta digital para pequeno empreendedor<\/h2><\/a><div class=\"newsContent__article__meta\"><div class=\"newsContent__article__meta__authorBox\"><a href=\"https:\/\/www.suno.com.br\/noticias\/author\/jader-lazarini\/\" class=\"authorBox__avatar noMobi\"><img src=\"https:\/\/files.sunoresearch.com.br\/n\/uploads\/2021\/01\/178e6598-foto-perfil-2-150x150.jpg\" alt=\"Jader Lazarini\"><\/a><div class=\"authorBox__name\"><span>por\n\t\t\t<a href=\"https:\/\/www.suno.com.br\/noticias\/author\/jader-lazarini\/\"><span itemprop=\"author\">Jader Lazarini<\/span><\/a><\/span><time datetime=\"2019-10-28T12:28:47-03:00\" itemprop=\"datePublished\">28\/10\/2019 12:28<\/time><\/div><\/div><\/div><\/div><\/div>","single_layout":"posts","amp_enabled":true,"_links":{"self":[{"href":"https:\/\/www.suno.com.br\/noticias\/wp-json\/wp\/v2\/posts\/42613"}],"collection":[{"href":"https:\/\/www.suno.com.br\/noticias\/wp-json\/wp\/v2\/posts"}],"about":[{"href":"https:\/\/www.suno.com.br\/noticias\/wp-json\/wp\/v2\/types\/post"}],"author":[{"embeddable":true,"href":"https:\/\/www.suno.com.br\/noticias\/wp-json\/wp\/v2\/users\/24"}],"replies":[{"embeddable":true,"href":"https:\/\/www.suno.com.br\/noticias\/wp-json\/wp\/v2\/comments?post=42613"}],"version-history":[{"count":0,"href":"https:\/\/www.suno.com.br\/noticias\/wp-json\/wp\/v2\/posts\/42613\/revisions"}],"wp:featuredmedia":[{"embeddable":true,"href":"https:\/\/www.suno.com.br\/noticias\/wp-json\/wp\/v2\/media\/42624"}],"wp:attachment":[{"href":"https:\/\/www.suno.com.br\/noticias\/wp-json\/wp\/v2\/media?parent=42613"}],"wp:term":[{"taxonomy":"category","embeddable":true,"href":"https:\/\/www.suno.com.br\/noticias\/wp-json\/wp\/v2\/categories?post=42613"},{"taxonomy":"post_tag","embeddable":true,"href":"https:\/\/www.suno.com.br\/noticias\/wp-json\/wp\/v2\/tags?post=42613"},{"taxonomy":"suno_strategy","embeddable":true,"href":"https:\/\/www.suno.com.br\/noticias\/wp-json\/wp\/v2\/suno_strategy?post=42613"}],"curies":[{"name":"wp","href":"https:\/\/api.w.org\/{rel}","templated":true}]}}