{"id":426090,"date":"2023-07-06T20:44:37","date_gmt":"2023-07-06T23:44:37","guid":{"rendered":"https:\/\/www.suno.com.br\/noticias\/?p=426090"},"modified":"2023-07-06T20:53:15","modified_gmt":"2023-07-06T23:53:15","slug":"reforma-tributaria-arthur-lira-votacao","status":"publish","type":"post","link":"https:\/\/www.suno.com.br\/noticias\/reforma-tributaria-arthur-lira-votacao\/","title":{"rendered":"Reforma tribut\u00e1ria: Lira diz que n\u00e3o h\u00e1 possibilidade de adiar vota\u00e7\u00e3o"},"content":{"rendered":"<p>O presidente da C\u00e2mara, Arthur Lira (PP-AL), afirmou nesta quinta-feira, 6, que &#8220;n\u00e3o h\u00e1 possibilidade&#8221; de adiar a vota\u00e7\u00e3o da <strong>reforma tribut\u00e1ria<\/strong> em plen\u00e1rio, prevista para hoje. Ele disse ainda que concluir\u00e1 a aprecia\u00e7\u00e3o da mat\u00e9ria em dois turnos.<\/p>\t<div class=\"wrapper-featured-image\">\n\t\t<figure class=\"spotlightImg\">\n\n\t\t\t<picture>\n\t\t\t\t<source media=\"(max-width: 768px)\" srcset=\"https:\/\/files.sunoresearch.com.br\/n\/uploads\/2022\/12\/arthur-lira-400x200.jpg\">\n\t\t\t\t<img loading=\"lazy\" decoding=\"async\" class=\"newsContent__article__imgCapa lazyloadDisabled \" src=\"https:\/\/files.sunoresearch.com.br\/n\/uploads\/2022\/12\/arthur-lira-800x450.jpg\" width=\"800\" height=\"450\" alt=\"Reforma tribut\u00e1ria: Lira diz que n\u00e3o h\u00e1 possibilidade de adiar vota\u00e7\u00e3o\" fetchpriority=high \/>\n\t\t\t<\/picture>\n\n\t\t\t<figcaption class=\"wp-caption-text wp-caption-text--show\">Arthur Lira. Foto: Marcelo Camargo\/Ag\u00eancia Brasil<\/figcaption>\n\t\t<\/figure>\n\t<\/div>\n\n\n\n\n\n\t<p>\n\t\t<a href=\"\" target=\"_blank\" data-element=\"shortcode-suno-banner\" title=\"Banner SUNO, clique e saiba mais\">\n\t\t\t<picture>\n\t\t\t\t<source media=\"(max-width: 500px)\" srcset=\"\">\n\t\t\t\t<img class=\"newsContent__article__imgCapa newsContent__article__imgCapa--banner\"\n\t\t\t\t\tsrc=\"\"\n\t\t\t\t\tdata-promo-id=\"240038\"\t\t\t\t\t\t\t\t\t\t\t\t\t\t\talt=\"\"\n\t\t\t\t>\n\t\t\t<\/picture>\n\t\t<\/a>\n\t<\/p>\n\n\n\n\n\n\n\n<p>Mudan\u00e7as constitucionais, como a <a class=\"suno-keyword\" target=\"_blank\" data-force=\"no\" data-priority=\"2\" href=\"https:\/\/www.suno.com.br\/artigos\/reforma-tributaria\/\" rel=\"noopener\">reforma tribut\u00e1ria<\/a>, precisam do apoio de ao menos 308 deputados, em dois turnos de vota\u00e7\u00e3o. Em acordo com Lira, o l\u00edder do PT na Casa, Zeca Dirceu (PR), e o do governo, Jos\u00e9 Guimar\u00e3es (PT-CE), apresentaram na \u00faltima segunda-feira, 3, um requerimento para permitir a quebra de interst\u00edcio na <strong>vota\u00e7\u00e3o da PEC<\/strong>. Na pr\u00e1tica, o mecanismo, que precisa ser aprovado em plen\u00e1rio, autoriza a vota\u00e7\u00e3o em segundo turno da PEC sem o cumprimento do prazo regimental de cinco sess\u00f5es.<\/p>\n\n\n\n<p>O <strong>presidente da C\u00e2mara<\/strong> tamb\u00e9m afirmou que o PL, partido do ex-presidente Jair Bolsonaro, vai orientar a bancada a votar contra a PEC, mas n\u00e3o vai fechar quest\u00e3o contr\u00e1ria. Ou seja, os deputados ter\u00e3o liberdade para votar como quiserem, sem serem punidos.<\/p>\n\n\n\n<p>Lira tamb\u00e9m voltou a dizer que o projeto de lei que retoma o chamado &#8220;voto de qualidade&#8221; no <a class=\"suno-keyword\" target=\"_blank\" data-force=\"no\" data-priority=\"2\" href=\"https:\/\/www.suno.com.br\/artigos\/carf\/\" rel=\"noopener\">Conselho Administrativo de Recursos Fiscais (Carf)<\/a> ser\u00e1 analisado ap\u00f3s a tribut\u00e1ria, sem especificar data. <\/p>\n\n\n\t<p>\n\t\t<a href=\"https:\/\/lp.suno.com.br\/ebook-gratuito-investindo-no-exterior\/\" target=\"_blank\" data-element=\"shortcode-suno-banner\" title=\"Banner SUNO, clique e saiba mais\">\n\t\t\t<picture>\n\t\t\t\t<source media=\"(max-width: 500px)\" srcset=\"https:\/\/files.sunoresearch.com.br\/n\/uploads\/2023\/03\/400x300-Investindo-no-exterior.png\">\n\t\t\t\t<img class=\"newsContent__article__imgCapa newsContent__article__imgCapa--banner\"\n\t\t\t\t\tsrc=\"https:\/\/files.sunoresearch.com.br\/n\/uploads\/2023\/03\/1420x240-Investindo-no-exterior.png\"\n\t\t\t\t\tdata-promo-id=\"383161\"\t\t\t\t\t\t\t\t\t\twidth='1420' height='240'\t\t\t\t\talt=\"https:\/\/files.sunoresearch.com.br\/n\/uploads\/2023\/03\/1420x240-Investindo-no-exterior.png\"\n\t\t\t\t>\n\t\t\t<\/picture>\n\t\t<\/a>\n\t<\/p>\n\n\n\n\n\n<h2 class=\"wp-block-heading\">Reforma tribut\u00e1ria: relator inclui em novo parecer regra para Conselho Federativo<\/h2>\n\n\n\n<p>O <strong>relator da reforma tribut\u00e1ria <\/strong>na C\u00e2mara, deputado Aguinaldo Ribeiro (PP-PB), divulgou na noite desta quinta-feira, 6, um novo substitutivo da proposta. O relat\u00f3rio traz uma defini\u00e7\u00e3o sobre as configura\u00e7\u00f5es e atribui\u00e7\u00f5es do Conselho Federativo, como demandado pelos governadores.<\/p>\n\n\n\n<p>Em rela\u00e7\u00e3o \u00e0 composi\u00e7\u00e3o, de acordo com o relat\u00f3rio, os Estados e o Distrito Federal ter\u00e3o 27 membros, um para cada ente federado. Os munic\u00edpios e o Distrito Federal tamb\u00e9m ser\u00e3o representados por 27 membros, sendo 14 eleitos com base nos votos igualit\u00e1rios e 13 com base nos votos ponderados pelas respectivas popula\u00e7\u00f5es.<\/p>\n\n\n\n<p>O texto define ainda que as delibera\u00e7\u00f5es do \u00f3rg\u00e3o ser\u00e3o aprovadas em duas etapas, uma por maioria absoluta e outra pelo tamanho da popula\u00e7\u00e3o.<\/p>\n\n\n\n<p>De acordo com a proposta, uma decis\u00e3o ser\u00e1 aprovada se atender, cumulativamente, aos seguintes crit\u00e9rios: em rela\u00e7\u00e3o aos Estados e Distrito Federal, os votos da maioria absoluta de seus representantes e de representantes que correspondam a mais de 60% da popula\u00e7\u00e3o do Pa\u00eds; e em rela\u00e7\u00e3o aos munic\u00edpios e ao Distrito Federal, a maioria absoluta de seus representantes.<\/p>\n\n\n\n<p>O Conselho Federativo ser\u00e1 respons\u00e1vel pela arrecada\u00e7\u00e3o do novo Imposto sobre Bens e Servi\u00e7os (IBS), tributo que vai substituir o ICMS (estadual) e o ISS (municipal). As regras do \u00f3rg\u00e3o vinha sendo alvo de cr\u00edticas por parte dos Estados, como S\u00e3o Paulo.<\/p>\n\n\n\n\t<div data-element=\"shortcode-read-more\" class=\"readToo\">\n\t\t\t\t<span class=\"readToo__title\">Leia mais<\/span>\n\t\t\t\t<ul class=\"readToo__list\">\n\t\t\t<li><a href=\"https:\/\/www.suno.com.br\/noticias\/reforma-tributaria-veja-o-que-muda-votacao-evm\/\">Reforma tribut\u00e1ria pode ser votada hoje; veja o que muda<\/a><\/li><li><a href=\"https:\/\/www.suno.com.br\/noticias\/fiesp-queda-producao-industrial-juros-altos-evm\/\">Fiesp espera queda na produ\u00e7\u00e3o industrial devido aos juros altos<\/a><\/li><li><a href=\"https:\/\/www.suno.com.br\/noticias\/reforma-tributaria-carta-assinatura-economistas-evm\/\">Reforma tribut\u00e1ria: Empres\u00e1rios e economistas assinam manifesto defendendo tema<\/a><\/li>\t\t<\/ul>\n\t<\/div>\n\n\n\n\n<h2 class=\"wp-block-heading\">Governo busca o maior apoio poss\u00edvel para a aprova\u00e7\u00e3o, diz Haddad<\/h2>\n\n\n\n<p>O <strong>ministro da Fazenda<\/strong>, Fernando Haddad, disse nesta quinta-feira, 6, que o governo busca o maior apoio poss\u00edvel para a aprova\u00e7\u00e3o da reforma tribut\u00e1ria na <strong>C\u00e2mara dos Deputados<\/strong>. Ele esteve na resid\u00eancia oficial da C\u00e2mara dos Deputados, participando de reuni\u00e3o com o presidente da Casa, Arthur Lira (PP-AL), o relator, Aguinaldo Ribeiro (PP-AL), e l\u00edderes para discutir pontos da pauta econ\u00f4mica deste semana.<\/p>\n\n\n\n<p>&#8220;Fui sentar com os l\u00edderes e explicar alguns pontos da reforma que estavam causando d\u00favidas. Foi uma conversa serena. Tinha muito deputado, l\u00edder de partido questionando alguns aspectos da reforma e foi tudo esclarecido&#8221;, disse.<\/p>\n\n\n\n<p>Entre os t\u00f3picos citados pelo ministro estavam o impacto da medida na infla\u00e7\u00e3o e pre\u00e7o de alimentos. Alguns setores t\u00eam questionado a <a class=\"suno-keyword\" target=\"_blank\" data-force=\"no\" data-priority=\"2\" href=\"https:\/\/www.suno.com.br\/artigos\/reforma-tributaria\/\" rel=\"noopener\">reforma tribut\u00e1ria<\/a>, afirmando que os pre\u00e7os de comida v\u00e3o subir muito com a mudan\u00e7a do sistema. Esse discurso tem sido reproduzido por parlamentares da oposi\u00e7\u00e3o.<\/p>\n\n\n\n<p>Haddad est\u00e1 otimista com o <strong>avan\u00e7o da tribut\u00e1ria<\/strong> e lembrou que o governo tem tido sucesso em <strong>vota\u00e7\u00f5es na C\u00e2mara<\/strong>, com placares expressivos, e que o objetivo \u00e9 repetir esse desempenho. Ele ainda disse acreditar que \u00e9 poss\u00edvel votar a <a class=\"suno-keyword\" target=\"_blank\" data-force=\"no\" data-priority=\"2\" href=\"https:\/\/www.suno.com.br\/artigos\/reforma-tributaria\/\" rel=\"noopener\">reforma tribut\u00e1ria<\/a>, o arcabou\u00e7o fiscal e o projeto que retoma o voto de qualidade do <a class=\"suno-keyword\" target=\"_blank\" data-force=\"no\" data-priority=\"1\" href=\"https:\/\/www.suno.com.br\/artigos\/conselho-administracao\/\" rel=\"noopener\">Conselho de Administra\u00e7\u00e3o<\/a> de Recursos Fiscais (Carf) nesta semana, e lembrou da possibilidade de voto remoto.<\/p>\n\n\n\n<p>Apesar disso, ele reiterou que a condu\u00e7\u00e3o do calend\u00e1rio de vota\u00e7\u00e3o \u00e9 atribui\u00e7\u00e3o exclusiva da C\u00e2mara. Haddad defende que a pauta seja limpa para que, em agosto, o governo possa entrar com outros projetos na retomada dos trabalhos legislativos ap\u00f3s o recesso.<\/p>\n\n\n\n<p>Haddad tamb\u00e9m se reuniu com o presidente Luiz In\u00e1cio Lula da Silva nesta tarde. Ele disse que foi reportar a Lula os entendimentos firmados ap\u00f3s uma semana intensa de negocia\u00e7\u00f5es na pauta econ\u00f4mica, entre as quais a <strong>reforma tribut\u00e1ria<\/strong>, e avaliou que houve avan\u00e7os importantes.<\/p>\n\n\n\t<p>\n\t\t<a href=\"https:\/\/lp.suno.com.br\/suno-one\/?utm_campaign=_SNC6964518A_\" target=\"_blank\" data-element=\"shortcode-suno-banner\" title=\"Banner SUNO, clique e saiba mais\">\n\t\t\t<picture>\n\t\t\t\t<source media=\"(max-width: 500px)\" srcset=\"https:\/\/files.sunoresearch.com.br\/n\/uploads\/2025\/09\/400x300-Suno-One-png.webp\">\n\t\t\t\t<img class=\"newsContent__article__imgCapa newsContent__article__imgCapa--banner\"\n\t\t\t\t\tsrc=\"https:\/\/files.sunoresearch.com.br\/n\/uploads\/2025\/09\/1420x240-Suno-One-png.webp\"\n\t\t\t\t\tdata-promo-id=\"383121\"\t\t\t\t\t\t\t\t\t\twidth='1420' height='240'\t\t\t\t\talt=\"https:\/\/files.sunoresearch.com.br\/n\/uploads\/2025\/09\/1420x240-Suno-One-png.webp\"\n\t\t\t\t>\n\t\t\t<\/picture>\n\t\t<\/a>\n\t<\/p>\n\n\n","protected":false},"excerpt":{"rendered":"<p>O presidente da C\u00e2mara, Arthur Lira (PP-AL), afirmou nesta quinta-feira, 6, que &#8220;n\u00e3o h\u00e1 possibilidade&#8221; de adiar a vota\u00e7\u00e3o da reforma tribut\u00e1ria em plen\u00e1rio, prevista para hoje. Ele disse ainda que concluir\u00e1 a aprecia\u00e7\u00e3o da mat\u00e9ria em dois turnos. Arthur Lira. Foto: Marcelo Camargo\/Ag\u00eancia Brasil Mudan\u00e7as constitucionais, como a reforma tribut\u00e1ria, precisam do apoio de [&hellip;]<\/p>\n","protected":false},"author":43,"featured_media":335304,"comment_status":"closed","ping_status":"closed","sticky":false,"template":"","format":"standard","meta":[],"categories":[61],"tags":[104858,938,1286],"suno_strategy":[],"class_list":["post-426090","post","type-post","status-publish","format-standard","has-post-thumbnail","hentry","category-politica","tag-arthur-lira","tag-camara-dos-deputados","tag-reforma-tributaria"],"yoast_head":"<!-- This site is optimized with the Yoast SEO plugin v24.4 - https:\/\/yoast.com\/wordpress\/plugins\/seo\/ -->\n<title>Reforma tribut\u00e1ria: Lira diz que n\u00e3o h\u00e1 possibilidade de adiar vota\u00e7\u00e3o<\/title>\n<meta name=\"description\" content=\"O presidente da C\u00e2mara, Arthur Lira (PP-AL), afirmou que &quot;n\u00e3o h\u00e1 possibilidade&quot; de adiar a vota\u00e7\u00e3o da reforma tribut\u00e1ria, prevista para hoje\" \/>\n<meta name=\"robots\" content=\"index, follow, max-snippet:-1, max-image-preview:large, max-video-preview:-1\" \/>\n<link rel=\"canonical\" href=\"https:\/\/www.suno.com.br\/noticias\/reforma-tributaria-arthur-lira-votacao\/\" \/>\n<meta property=\"og:locale\" content=\"pt_BR\" \/>\n<meta property=\"og:type\" content=\"article\" \/>\n<meta property=\"og:title\" content=\"Reforma tribut\u00e1ria: Lira diz que n\u00e3o h\u00e1 possibilidade de adiar vota\u00e7\u00e3o\" \/>\n<meta property=\"og:description\" content=\"O presidente da C\u00e2mara, Arthur Lira (PP-AL), afirmou que &quot;n\u00e3o h\u00e1 possibilidade&quot; de adiar a vota\u00e7\u00e3o da reforma tribut\u00e1ria, prevista para hoje\" \/>\n<meta property=\"og:url\" content=\"https:\/\/www.suno.com.br\/noticias\/reforma-tributaria-arthur-lira-votacao\/\" \/>\n<meta property=\"og:site_name\" content=\"Suno Not\u00edcias\" \/>\n<meta property=\"article:publisher\" content=\"https:\/\/facebook.com\/sunoresearch\" \/>\n<meta property=\"article:author\" content=\"https:\/\/www.facebook.com\/sunonoticias\/\" \/>\n<meta property=\"og:image\" content=\"https:\/\/files.sunoresearch.com.br\/n\/uploads\/2022\/12\/arthur-lira.jpg\" \/>\n\t<meta property=\"og:image:width\" content=\"1200\" \/>\n\t<meta property=\"og:image:height\" content=\"800\" \/>\n\t<meta property=\"og:image:type\" content=\"image\/jpeg\" \/>\n<meta name=\"author\" content=\"Reda\u00e7\u00e3o Suno Not\u00edcias\" \/>\n<meta name=\"twitter:card\" content=\"summary_large_image\" \/>\n<meta name=\"twitter:creator\" content=\"@https:\/\/twitter.com\/sunoresearch\" \/>\n<meta name=\"twitter:site\" content=\"@sunoresearch\" \/>\n<meta name=\"twitter:label1\" content=\"Escrito por\" \/>\n\t<meta name=\"twitter:data1\" content=\"Reda\u00e7\u00e3o Suno Not\u00edcias\" \/>\n\t<meta name=\"twitter:label2\" content=\"Est. tempo de leitura\" \/>\n\t<meta name=\"twitter:data2\" content=\"5 minutos\" \/>\n<script type=\"application\/ld+json\" class=\"yoast-schema-graph\">{\"@context\":\"https:\/\/schema.org\",\"@graph\":[{\"@type\":\"NewsArticle\",\"@id\":\"https:\/\/www.suno.com.br\/noticias\/reforma-tributaria-arthur-lira-votacao\/#article\",\"isPartOf\":{\"@id\":\"https:\/\/www.suno.com.br\/noticias\/reforma-tributaria-arthur-lira-votacao\/\"},\"author\":{\"name\":\"Reda\u00e7\u00e3o Suno Not\u00edcias\",\"@id\":\"https:\/\/www.suno.com.br\/noticias\/#\/schema\/person\/c1b1bd3727fa852bd045e9dbff3673ea\"},\"headline\":\"Reforma tribut\u00e1ria: Lira diz que n\u00e3o h\u00e1 possibilidade de adiar vota\u00e7\u00e3o\",\"datePublished\":\"2023-07-06T23:44:37+00:00\",\"dateModified\":\"2023-07-06T23:53:15+00:00\",\"mainEntityOfPage\":{\"@id\":\"https:\/\/www.suno.com.br\/noticias\/reforma-tributaria-arthur-lira-votacao\/\"},\"wordCount\":850,\"publisher\":{\"@id\":\"https:\/\/www.suno.com.br\/noticias\/#organization\"},\"image\":{\"@id\":\"https:\/\/www.suno.com.br\/noticias\/reforma-tributaria-arthur-lira-votacao\/#primaryimage\"},\"thumbnailUrl\":\"https:\/\/files.sunoresearch.com.br\/n\/uploads\/2022\/12\/arthur-lira.jpg\",\"keywords\":[\"Arthur Lira\",\"C\u00e2mara dos Deputados\",\"reforma tribut\u00e1ria\"],\"articleSection\":[\"Pol\u00edtica\"],\"inLanguage\":\"pt-BR\"},{\"@type\":\"WebPage\",\"@id\":\"https:\/\/www.suno.com.br\/noticias\/reforma-tributaria-arthur-lira-votacao\/\",\"url\":\"https:\/\/www.suno.com.br\/noticias\/reforma-tributaria-arthur-lira-votacao\/\",\"name\":\"Reforma tribut\u00e1ria: Lira diz que n\u00e3o h\u00e1 possibilidade de adiar vota\u00e7\u00e3o\",\"isPartOf\":{\"@id\":\"https:\/\/www.suno.com.br\/noticias\/#website\"},\"primaryImageOfPage\":{\"@id\":\"https:\/\/www.suno.com.br\/noticias\/reforma-tributaria-arthur-lira-votacao\/#primaryimage\"},\"image\":{\"@id\":\"https:\/\/www.suno.com.br\/noticias\/reforma-tributaria-arthur-lira-votacao\/#primaryimage\"},\"thumbnailUrl\":\"https:\/\/files.sunoresearch.com.br\/n\/uploads\/2022\/12\/arthur-lira.jpg\",\"datePublished\":\"2023-07-06T23:44:37+00:00\",\"dateModified\":\"2023-07-06T23:53:15+00:00\",\"description\":\"O presidente da C\u00e2mara, Arthur Lira (PP-AL), afirmou que \\\"n\u00e3o h\u00e1 possibilidade\\\" de adiar a vota\u00e7\u00e3o da reforma tribut\u00e1ria, prevista para hoje\",\"breadcrumb\":{\"@id\":\"https:\/\/www.suno.com.br\/noticias\/reforma-tributaria-arthur-lira-votacao\/#breadcrumb\"},\"inLanguage\":\"pt-BR\",\"potentialAction\":[{\"@type\":\"ReadAction\",\"target\":[\"https:\/\/www.suno.com.br\/noticias\/reforma-tributaria-arthur-lira-votacao\/\"]}]},{\"@type\":\"ImageObject\",\"inLanguage\":\"pt-BR\",\"@id\":\"https:\/\/www.suno.com.br\/noticias\/reforma-tributaria-arthur-lira-votacao\/#primaryimage\",\"url\":\"https:\/\/files.sunoresearch.com.br\/n\/uploads\/2022\/12\/arthur-lira.jpg\",\"contentUrl\":\"https:\/\/files.sunoresearch.com.br\/n\/uploads\/2022\/12\/arthur-lira.jpg\",\"width\":1200,\"height\":800,\"caption\":\"Arthur Lira. Foto: Marcelo Camargo\/Ag\u00eancia Brasil\"},{\"@type\":\"BreadcrumbList\",\"@id\":\"https:\/\/www.suno.com.br\/noticias\/reforma-tributaria-arthur-lira-votacao\/#breadcrumb\",\"itemListElement\":[{\"@type\":\"ListItem\",\"position\":1,\"name\":\"Not\u00edcias\",\"item\":\"https:\/\/www.suno.com.br\/noticias\/\"},{\"@type\":\"ListItem\",\"position\":2,\"name\":\"Pol\u00edtica\",\"item\":\"https:\/\/www.suno.com.br\/noticias\/politica\/\"},{\"@type\":\"ListItem\",\"position\":3,\"name\":\"Reforma tribut\u00e1ria: Lira diz que n\u00e3o h\u00e1 possibilidade de adiar vota\u00e7\u00e3o\"}]},{\"@type\":\"WebSite\",\"@id\":\"https:\/\/www.suno.com.br\/noticias\/#website\",\"url\":\"https:\/\/www.suno.com.br\/noticias\/\",\"name\":\"Suno Not\u00edcias\",\"description\":\"Seu portal de informa\u00e7\u00e3o sobre o mundo dos investimentos\",\"publisher\":{\"@id\":\"https:\/\/www.suno.com.br\/noticias\/#organization\"},\"potentialAction\":[{\"@type\":\"SearchAction\",\"target\":{\"@type\":\"EntryPoint\",\"urlTemplate\":\"https:\/\/www.suno.com.br\/noticias\/?s={search_term_string}\"},\"query-input\":{\"@type\":\"PropertyValueSpecification\",\"valueRequired\":true,\"valueName\":\"search_term_string\"}}],\"inLanguage\":\"pt-BR\"},{\"@type\":\"Organization\",\"@id\":\"https:\/\/www.suno.com.br\/noticias\/#organization\",\"name\":\"Suno Not\u00edcias\",\"url\":\"https:\/\/www.suno.com.br\/noticias\/\",\"logo\":{\"@type\":\"ImageObject\",\"inLanguage\":\"pt-BR\",\"@id\":\"https:\/\/www.suno.com.br\/noticias\/#\/schema\/logo\/image\/\",\"url\":\"https:\/\/files.sunoresearch.com.br\/n\/uploads\/2021\/09\/suno-logo.png\",\"contentUrl\":\"https:\/\/files.sunoresearch.com.br\/n\/uploads\/2021\/09\/suno-logo.png\",\"width\":180,\"height\":180,\"caption\":\"Suno Not\u00edcias\"},\"image\":{\"@id\":\"https:\/\/www.suno.com.br\/noticias\/#\/schema\/logo\/image\/\"},\"sameAs\":[\"https:\/\/facebook.com\/sunoresearch\",\"https:\/\/x.com\/sunoresearch\",\"https:\/\/www.instagram.com\/suno\",\"https:\/\/www.linkedin.com\/company\/suno-research\/\",\"https:\/\/www.youtube.com\/c\/sunoresearch\"]},{\"@type\":\"Person\",\"@id\":\"https:\/\/www.suno.com.br\/noticias\/#\/schema\/person\/c1b1bd3727fa852bd045e9dbff3673ea\",\"name\":\"Reda\u00e7\u00e3o Suno Not\u00edcias\",\"image\":{\"@type\":\"ImageObject\",\"inLanguage\":\"pt-BR\",\"@id\":\"https:\/\/www.suno.com.br\/noticias\/#\/schema\/person\/image\/\",\"url\":\"https:\/\/secure.gravatar.com\/avatar\/b8104b9b5a71985d5238ee59fbe418af?s=96&r=g\",\"contentUrl\":\"https:\/\/secure.gravatar.com\/avatar\/b8104b9b5a71985d5238ee59fbe418af?s=96&r=g\",\"caption\":\"Reda\u00e7\u00e3o Suno Not\u00edcias\"},\"description\":\"O Suno Not\u00edcias \u00e9 um portal de informa\u00e7\u00f5es sobre Mercado Financeiro, Pol\u00edtica, Neg\u00f3cios, Economia e Finan\u00e7as Pessoais.\",\"sameAs\":[\"https:\/\/www.suno.com.br\/noticias\",\"https:\/\/www.facebook.com\/sunonoticias\/\",\"https:\/\/www.instagram.com\/sunonoticias\/\",\"https:\/\/x.com\/https:\/\/twitter.com\/sunoresearch\",\"https:\/\/www.youtube.com\/sunonoticias\"],\"url\":\"https:\/\/www.suno.com.br\/noticias\/author\/redacao-suno\/\"}]}<\/script>\n<!-- \/ Yoast SEO plugin. -->","yoast_head_json":{"title":"Reforma tribut\u00e1ria: Lira diz que n\u00e3o h\u00e1 possibilidade de adiar vota\u00e7\u00e3o","description":"O presidente da C\u00e2mara, Arthur Lira (PP-AL), afirmou que \"n\u00e3o h\u00e1 possibilidade\" de adiar a vota\u00e7\u00e3o da reforma tribut\u00e1ria, prevista para hoje","robots":{"index":"index","follow":"follow","max-snippet":"max-snippet:-1","max-image-preview":"max-image-preview:large","max-video-preview":"max-video-preview:-1"},"canonical":"https:\/\/www.suno.com.br\/noticias\/reforma-tributaria-arthur-lira-votacao\/","og_locale":"pt_BR","og_type":"article","og_title":"Reforma tribut\u00e1ria: Lira diz que n\u00e3o h\u00e1 possibilidade de adiar vota\u00e7\u00e3o","og_description":"O presidente da C\u00e2mara, Arthur Lira (PP-AL), afirmou que \"n\u00e3o h\u00e1 possibilidade\" de adiar a vota\u00e7\u00e3o da reforma tribut\u00e1ria, prevista para hoje","og_url":"https:\/\/www.suno.com.br\/noticias\/reforma-tributaria-arthur-lira-votacao\/","og_site_name":"Suno Not\u00edcias","article_publisher":"https:\/\/facebook.com\/sunoresearch","article_author":"https:\/\/www.facebook.com\/sunonoticias\/","og_image":[{"width":1200,"height":800,"url":"https:\/\/files.sunoresearch.com.br\/n\/uploads\/2022\/12\/arthur-lira.jpg","type":"image\/jpeg"}],"author":"Reda\u00e7\u00e3o Suno Not\u00edcias","twitter_card":"summary_large_image","twitter_creator":"@https:\/\/twitter.com\/sunoresearch","twitter_site":"@sunoresearch","twitter_misc":{"Escrito por":"Reda\u00e7\u00e3o Suno Not\u00edcias","Est. tempo de leitura":"5 minutos"},"schema":{"@context":"https:\/\/schema.org","@graph":[{"@type":"NewsArticle","@id":"https:\/\/www.suno.com.br\/noticias\/reforma-tributaria-arthur-lira-votacao\/#article","isPartOf":{"@id":"https:\/\/www.suno.com.br\/noticias\/reforma-tributaria-arthur-lira-votacao\/"},"author":{"name":"Reda\u00e7\u00e3o Suno Not\u00edcias","@id":"https:\/\/www.suno.com.br\/noticias\/#\/schema\/person\/c1b1bd3727fa852bd045e9dbff3673ea"},"headline":"Reforma tribut\u00e1ria: Lira diz que n\u00e3o h\u00e1 possibilidade de adiar vota\u00e7\u00e3o","datePublished":"2023-07-06T23:44:37+00:00","dateModified":"2023-07-06T23:53:15+00:00","mainEntityOfPage":{"@id":"https:\/\/www.suno.com.br\/noticias\/reforma-tributaria-arthur-lira-votacao\/"},"wordCount":850,"publisher":{"@id":"https:\/\/www.suno.com.br\/noticias\/#organization"},"image":{"@id":"https:\/\/www.suno.com.br\/noticias\/reforma-tributaria-arthur-lira-votacao\/#primaryimage"},"thumbnailUrl":"https:\/\/files.sunoresearch.com.br\/n\/uploads\/2022\/12\/arthur-lira.jpg","keywords":["Arthur Lira","C\u00e2mara dos Deputados","reforma tribut\u00e1ria"],"articleSection":["Pol\u00edtica"],"inLanguage":"pt-BR"},{"@type":"WebPage","@id":"https:\/\/www.suno.com.br\/noticias\/reforma-tributaria-arthur-lira-votacao\/","url":"https:\/\/www.suno.com.br\/noticias\/reforma-tributaria-arthur-lira-votacao\/","name":"Reforma tribut\u00e1ria: Lira diz que n\u00e3o h\u00e1 possibilidade de adiar vota\u00e7\u00e3o","isPartOf":{"@id":"https:\/\/www.suno.com.br\/noticias\/#website"},"primaryImageOfPage":{"@id":"https:\/\/www.suno.com.br\/noticias\/reforma-tributaria-arthur-lira-votacao\/#primaryimage"},"image":{"@id":"https:\/\/www.suno.com.br\/noticias\/reforma-tributaria-arthur-lira-votacao\/#primaryimage"},"thumbnailUrl":"https:\/\/files.sunoresearch.com.br\/n\/uploads\/2022\/12\/arthur-lira.jpg","datePublished":"2023-07-06T23:44:37+00:00","dateModified":"2023-07-06T23:53:15+00:00","description":"O presidente da C\u00e2mara, Arthur Lira (PP-AL), afirmou que \"n\u00e3o h\u00e1 possibilidade\" de adiar a vota\u00e7\u00e3o da reforma tribut\u00e1ria, prevista para hoje","breadcrumb":{"@id":"https:\/\/www.suno.com.br\/noticias\/reforma-tributaria-arthur-lira-votacao\/#breadcrumb"},"inLanguage":"pt-BR","potentialAction":[{"@type":"ReadAction","target":["https:\/\/www.suno.com.br\/noticias\/reforma-tributaria-arthur-lira-votacao\/"]}]},{"@type":"ImageObject","inLanguage":"pt-BR","@id":"https:\/\/www.suno.com.br\/noticias\/reforma-tributaria-arthur-lira-votacao\/#primaryimage","url":"https:\/\/files.sunoresearch.com.br\/n\/uploads\/2022\/12\/arthur-lira.jpg","contentUrl":"https:\/\/files.sunoresearch.com.br\/n\/uploads\/2022\/12\/arthur-lira.jpg","width":1200,"height":800,"caption":"Arthur Lira. Foto: Marcelo Camargo\/Ag\u00eancia Brasil"},{"@type":"BreadcrumbList","@id":"https:\/\/www.suno.com.br\/noticias\/reforma-tributaria-arthur-lira-votacao\/#breadcrumb","itemListElement":[{"@type":"ListItem","position":1,"name":"Not\u00edcias","item":"https:\/\/www.suno.com.br\/noticias\/"},{"@type":"ListItem","position":2,"name":"Pol\u00edtica","item":"https:\/\/www.suno.com.br\/noticias\/politica\/"},{"@type":"ListItem","position":3,"name":"Reforma tribut\u00e1ria: Lira diz que n\u00e3o h\u00e1 possibilidade de adiar vota\u00e7\u00e3o"}]},{"@type":"WebSite","@id":"https:\/\/www.suno.com.br\/noticias\/#website","url":"https:\/\/www.suno.com.br\/noticias\/","name":"Suno Not\u00edcias","description":"Seu portal de informa\u00e7\u00e3o sobre o mundo dos investimentos","publisher":{"@id":"https:\/\/www.suno.com.br\/noticias\/#organization"},"potentialAction":[{"@type":"SearchAction","target":{"@type":"EntryPoint","urlTemplate":"https:\/\/www.suno.com.br\/noticias\/?s={search_term_string}"},"query-input":{"@type":"PropertyValueSpecification","valueRequired":true,"valueName":"search_term_string"}}],"inLanguage":"pt-BR"},{"@type":"Organization","@id":"https:\/\/www.suno.com.br\/noticias\/#organization","name":"Suno Not\u00edcias","url":"https:\/\/www.suno.com.br\/noticias\/","logo":{"@type":"ImageObject","inLanguage":"pt-BR","@id":"https:\/\/www.suno.com.br\/noticias\/#\/schema\/logo\/image\/","url":"https:\/\/files.sunoresearch.com.br\/n\/uploads\/2021\/09\/suno-logo.png","contentUrl":"https:\/\/files.sunoresearch.com.br\/n\/uploads\/2021\/09\/suno-logo.png","width":180,"height":180,"caption":"Suno Not\u00edcias"},"image":{"@id":"https:\/\/www.suno.com.br\/noticias\/#\/schema\/logo\/image\/"},"sameAs":["https:\/\/facebook.com\/sunoresearch","https:\/\/x.com\/sunoresearch","https:\/\/www.instagram.com\/suno","https:\/\/www.linkedin.com\/company\/suno-research\/","https:\/\/www.youtube.com\/c\/sunoresearch"]},{"@type":"Person","@id":"https:\/\/www.suno.com.br\/noticias\/#\/schema\/person\/c1b1bd3727fa852bd045e9dbff3673ea","name":"Reda\u00e7\u00e3o Suno Not\u00edcias","image":{"@type":"ImageObject","inLanguage":"pt-BR","@id":"https:\/\/www.suno.com.br\/noticias\/#\/schema\/person\/image\/","url":"https:\/\/secure.gravatar.com\/avatar\/b8104b9b5a71985d5238ee59fbe418af?s=96&r=g","contentUrl":"https:\/\/secure.gravatar.com\/avatar\/b8104b9b5a71985d5238ee59fbe418af?s=96&r=g","caption":"Reda\u00e7\u00e3o Suno Not\u00edcias"},"description":"O Suno Not\u00edcias \u00e9 um portal de informa\u00e7\u00f5es sobre Mercado Financeiro, Pol\u00edtica, Neg\u00f3cios, Economia e Finan\u00e7as Pessoais.","sameAs":["https:\/\/www.suno.com.br\/noticias","https:\/\/www.facebook.com\/sunonoticias\/","https:\/\/www.instagram.com\/sunonoticias\/","https:\/\/x.com\/https:\/\/twitter.com\/sunoresearch","https:\/\/www.youtube.com\/sunonoticias"],"url":"https:\/\/www.suno.com.br\/noticias\/author\/redacao-suno\/"}]}},"default_loop_html":"<div class=\"cardsPage__listCard__boxs\"><div class=\"cardsPage__listCard__boxs__img\"><a href=\"https:\/\/www.suno.com.br\/noticias\/reforma-tributaria-arthur-lira-votacao\/\"><img class=\"mask\" src=\"https:\/\/www.suno.com.br\/noticias\/wp-content\/themes\/suno\/resources\/images\/spotlight\/spotlight1img\/bg-mask.png\" alt=\"Image Mask\"\/><img src=\"https:\/\/files.sunoresearch.com.br\/n\/uploads\/2022\/12\/arthur-lira-400x200.jpg\" alt=\"Reforma tribut\u00e1ria: Lira diz que n\u00e3o h\u00e1 possibilidade de adiar vota\u00e7\u00e3o\"\/><\/a><span class=\"spotlightCategory\"><a href=\"https:\/\/www.suno.com.br\/noticias\/politica\/\">Pol\u00edtica<\/a><\/span><\/div><div class=\"cardsPage__listCard__boxs__content\"><a href=\"https:\/\/www.suno.com.br\/noticias\/reforma-tributaria-arthur-lira-votacao\/\"><h2 class=\"content__title\">Reforma tribut\u00e1ria: Lira diz que n\u00e3o h\u00e1 possibilidade de adiar vota\u00e7\u00e3o<\/h2><\/a><div class=\"newsContent__article__meta\"><div class=\"newsContent__article__meta__authorBox\"><a href=\"https:\/\/www.suno.com.br\/noticias\/author\/eduardo-vargas\/\" class=\"authorBox__avatar noMobi\"><img src=\"https:\/\/secure.gravatar.com\/avatar\/dac340933427a22924c9f99d1eb2e3f2?s=96&#038;r=g\" alt=\"Eduardo Vargas\"><\/a><div class=\"authorBox__name\"><span>por\n\t\t\t<a href=\"https:\/\/www.suno.com.br\/noticias\/author\/eduardo-vargas\/\"><span itemprop=\"author\">Eduardo Vargas<\/span><\/a><\/span><time datetime=\"2023-07-06T20:44:37-03:00\" itemprop=\"datePublished\">06\/07\/2023 20:44<\/time><\/div><\/div><\/div><\/div><\/div>","single_layout":"posts","amp_enabled":true,"_links":{"self":[{"href":"https:\/\/www.suno.com.br\/noticias\/wp-json\/wp\/v2\/posts\/426090"}],"collection":[{"href":"https:\/\/www.suno.com.br\/noticias\/wp-json\/wp\/v2\/posts"}],"about":[{"href":"https:\/\/www.suno.com.br\/noticias\/wp-json\/wp\/v2\/types\/post"}],"author":[{"embeddable":true,"href":"https:\/\/www.suno.com.br\/noticias\/wp-json\/wp\/v2\/users\/43"}],"replies":[{"embeddable":true,"href":"https:\/\/www.suno.com.br\/noticias\/wp-json\/wp\/v2\/comments?post=426090"}],"version-history":[{"count":2,"href":"https:\/\/www.suno.com.br\/noticias\/wp-json\/wp\/v2\/posts\/426090\/revisions"}],"predecessor-version":[{"id":426192,"href":"https:\/\/www.suno.com.br\/noticias\/wp-json\/wp\/v2\/posts\/426090\/revisions\/426192"}],"wp:featuredmedia":[{"embeddable":true,"href":"https:\/\/www.suno.com.br\/noticias\/wp-json\/wp\/v2\/media\/335304"}],"wp:attachment":[{"href":"https:\/\/www.suno.com.br\/noticias\/wp-json\/wp\/v2\/media?parent=426090"}],"wp:term":[{"taxonomy":"category","embeddable":true,"href":"https:\/\/www.suno.com.br\/noticias\/wp-json\/wp\/v2\/categories?post=426090"},{"taxonomy":"post_tag","embeddable":true,"href":"https:\/\/www.suno.com.br\/noticias\/wp-json\/wp\/v2\/tags?post=426090"},{"taxonomy":"suno_strategy","embeddable":true,"href":"https:\/\/www.suno.com.br\/noticias\/wp-json\/wp\/v2\/suno_strategy?post=426090"}],"curies":[{"name":"wp","href":"https:\/\/api.w.org\/{rel}","templated":true}]}}