{"id":425914,"date":"2023-07-06T13:07:18","date_gmt":"2023-07-06T16:07:18","guid":{"rendered":"https:\/\/www.suno.com.br\/noticias\/?p=425914"},"modified":"2023-07-06T13:07:25","modified_gmt":"2023-07-06T16:07:25","slug":"aes-brasil-aesb3-anuncia-novo-diretor-presidente","status":"publish","type":"post","link":"https:\/\/www.suno.com.br\/noticias\/aes-brasil-aesb3-anuncia-novo-diretor-presidente\/","title":{"rendered":"AES Brasil (AESB3) anuncia novo diretor-presidente; saiba quem \u00e9"},"content":{"rendered":"<p>Em fato relevante divulgado na quarta-feira (5), o&nbsp;<a href=\"https:\/\/www.suno.com.br\/artigos\/conselho-administracao\/\" target=\"_blank\" rel=\"noreferrer noopener\">conselho de administra\u00e7\u00e3o<\/a>&nbsp;da&nbsp;<a href=\"https:\/\/www.suno.com.br\/acoes\/aesb3\/\"><strong>AES Brasil<\/strong> (AESB3)<\/a>&nbsp;anunciou a elei\u00e7\u00e3o de Rogerio Pereira Jorge para o cargo de diretor-presidente e Jos\u00e9 Ricardo Elbel Sim\u00e3o para a posi\u00e7\u00e3o de diretor vice-presidente de finan\u00e7as e rela\u00e7\u00f5es com investidores da companhia.<\/p>\t<div class=\"wrapper-featured-image\">\n\t\t<figure class=\"spotlightImg\">\n\n\t\t\t<picture>\n\t\t\t\t<source media=\"(max-width: 768px)\" srcset=\"https:\/\/files.sunoresearch.com.br\/n\/uploads\/2022\/03\/aesb3-400x200.jpg\">\n\t\t\t\t<img loading=\"lazy\" decoding=\"async\" class=\"newsContent__article__imgCapa lazyloadDisabled \" src=\"https:\/\/files.sunoresearch.com.br\/n\/uploads\/2022\/03\/aesb3-800x450.jpg\" width=\"800\" height=\"450\" alt=\"AES Brasil (AESB3) anuncia novo diretor-presidente; saiba quem \u00e9\" fetchpriority=high \/>\n\t\t\t<\/picture>\n\n\t\t\t<figcaption class=\"wp-caption-text wp-caption-text--show\">AES Brasil (AESB3). Foto: Divulga\u00e7\u00e3o<\/figcaption>\n\t\t<\/figure>\n\t<\/div>\n\n\n\n\n\n\t<p>\n\t\t<a href=\"https:\/\/lp.suno.com.br\/planilha-da-vida-financeira\/\" target=\"_blank\" data-element=\"shortcode-suno-banner\" title=\"Banner SUNO, clique e saiba mais\">\n\t\t\t<picture>\n\t\t\t\t<source media=\"(max-width: 500px)\" srcset=\"https:\/\/files.sunoresearch.com.br\/n\/uploads\/2023\/04\/400x300-Planilha-vida-financeira-true.png\">\n\t\t\t\t<img class=\"newsContent__article__imgCapa newsContent__article__imgCapa--banner\"\n\t\t\t\t\tsrc=\"https:\/\/files.sunoresearch.com.br\/n\/uploads\/2023\/04\/1420x240-Planilha-vida-financeira-true.png\"\n\t\t\t\t\tdata-promo-id=\"106682\"\t\t\t\t\t\t\t\t\t\twidth='1420' height='240'\t\t\t\t\talt=\"https:\/\/files.sunoresearch.com.br\/n\/uploads\/2023\/04\/1420x240-Planilha-vida-financeira-true.png\"\n\t\t\t\t>\n\t\t\t<\/picture>\n\t\t<\/a>\n\t<\/p>\n\n\n\n\n\n<p><strong>Rogerio Pereira Jorge <\/strong>comandar\u00e1 a empresa no lugar de Clarissa Sadock, que renunciou ao cargo de<strong> diretor-presidente da AES Brasil<\/strong> no \u00faltimo dia 30 de maio para assumir a rec\u00e9m-criada vice-presid\u00eancia de Energia Renov\u00e1vel e ESG da\u00a0<a href=\"https:\/\/www.suno.com.br\/acoes\/vbbr3\/\" target=\"_blank\" rel=\"noreferrer noopener\">Vibra Energia (VBBR3)<\/a>. <\/p>\n\n\n\n<p>O novo <strong>diretor-presidente da AES Brasil<\/strong> est\u00e1 na empresa h\u00e1 24 anos. Entrou na companhia como t\u00e9cnico e, ao longo de sua trajet\u00f3ria, foi assumindo novas responsabilidades nas \u00e1reas de opera\u00e7\u00f5es e comerciais. Recentemente, ocupava o cargo de vice-presidente comercial da geradora de energia.<\/p>\n\n\n\n<p>J\u00e1 <strong>Jos\u00e9 Ricardo Elbel Sim\u00e3o<\/strong> substituir\u00e1 Alessandro Gregori, que renunciou \u00e0 sua posi\u00e7\u00e3o por motivos pessoais. Com quase 20 anos de experi\u00eancia nos setores financeiro e de infraestrutura, se juntou \u00e0 AES Brasil<strong> <\/strong>em 2015 e desde ent\u00e3o, atuou nas \u00e1reas de estrat\u00e9gia e finan\u00e7as. Recentemente, estava respons\u00e1vel pela diretoria de tesouraria e rela\u00e7\u00f5es com investidores da companhia.<\/p>\n\n\n\n<p>Segundo a AES Brasil, a diretoria-vice-presid\u00eancia comercial permanecer\u00e1 vaga at\u00e9 posterior preenchimento.<\/p>\n\n\n\n<h2 class=\"wp-block-heading\">Luiz Barsi vai \u00e0s compras e ultrapassa 5% na AES Brasil<\/h2>\n\n\n\n<p>No in\u00edcio do m\u00eas passado, a AES Brasil comunicou que o megainvestidor&nbsp;<a href=\"https:\/\/www.suno.com.br\/noticias\/web-stories\/luiz-barsi-1-milhao-dia-carteira-dividendos\/\" target=\"_blank\" rel=\"noreferrer noopener\">Luiz&nbsp;<strong>Barsi<\/strong><\/a><strong>&nbsp;<\/strong>aumentou sua participa\u00e7\u00e3o societ\u00e1ria na&nbsp;empresa, passando a deter 5% do total de a\u00e7\u00f5es emitidas pela companhia.<\/p>\n\n\n\n<p>O volume total de a\u00e7\u00f5es detidas \u00e9 de 30,1 milh\u00f5es de&nbsp;<strong><a href=\"https:\/\/statusinvest.com.br\/acoes\/aesb3?__hstc=189907700.6539f3da5e9a30001f57de4d50fc9d8e.1682427624195.1688654921979.1688656953637.215&amp;__hssc=189907700.8.1688656953637&amp;__hsfp=3074800436\" target=\"_blank\" rel=\"noreferrer noopener\">a\u00e7\u00f5es ordin\u00e1rias AESB3<\/a><\/strong>. <\/p>\n\n\n\n<p>\u201cO Sr. Luiz Barsi Filho informou ainda que a opera\u00e7\u00e3o visa exclusivamente o investimento de m\u00e9dio e&nbsp;<a href=\"https:\/\/www.suno.com.br\/artigos\/longo-prazo\/\" target=\"_blank\" rel=\"noreferrer noopener\">longo prazo<\/a>&nbsp;na Companhia\u201d, consta no comunicado.<\/p>\n\n\n\n<p>O aumento da posi\u00e7\u00e3o acion\u00e1ria ocorre em meio ao aumento da volatilidade na empresa. De abril at\u00e9 metade de maio os pap\u00e9is tiveram um rali, saindo do patamar de R$ 10 para mais de R$ 12, subindo cerca de 25%.<\/p>\n\n\n\n<p>Do \u2018pico\u2019 da cota\u00e7\u00e3o para c\u00e1, em cerca de 20 dias, foram 5% de retra\u00e7\u00e3o \u2013 momento em que Barsi fez a aquisi\u00e7\u00e3o dos pap\u00e9is.<\/p>\n\n\n\n<p>\u00c0 \u00e9poca, o rali ocasionado em maio veio em meio aos rumores de que a companhia buscava um s\u00f3cio estrat\u00e9gico e que haveria uma crescente demanda por energia de fontes renov\u00e1veis, somado ao grande potencial do Brasil para projetos e\u00f3licos e solares.<\/p>\n\n\n\t<p>\n\t\t<a href=\"https:\/\/lp.suno.com.br\/ebook-como-analisar-uma-acao\/\" target=\"_blank\" data-element=\"shortcode-suno-banner\" title=\"Banner SUNO, clique e saiba mais\">\n\t\t\t<picture>\n\t\t\t\t<source media=\"(max-width: 500px)\" srcset=\"https:\/\/files.sunoresearch.com.br\/n\/uploads\/2023\/03\/Ebook-Acoes-Mobile.jpg\">\n\t\t\t\t<img class=\"newsContent__article__imgCapa newsContent__article__imgCapa--banner\"\n\t\t\t\t\tsrc=\"https:\/\/files.sunoresearch.com.br\/n\/uploads\/2023\/03\/Ebook-Acoes-Desktop.jpg\"\n\t\t\t\t\tdata-promo-id=\"378302\"\t\t\t\t\t\t\t\t\t\twidth='1420' height='286'\t\t\t\t\talt=\"https:\/\/files.sunoresearch.com.br\/n\/uploads\/2023\/03\/Ebook-Acoes-Desktop.jpg\"\n\t\t\t\t>\n\t\t\t<\/picture>\n\t\t<\/a>\n\t<\/p>\n\n\n\n\n\n<h2 class=\"wp-block-heading\">AES Brasil teve lucro l\u00edquido de R$ 60,4 mi no 1T23, queda de 14,9% na compara\u00e7\u00e3o anual<\/h2>\n\n\n\n<p>A&nbsp;<strong>AES Brasil<\/strong> registrou lucro l\u00edquido de R$ 60,4 milh\u00f5es no primeiro trimestre deste ano, o que corresponde a uma queda de 14,9% ante os R$ 70,9 milh\u00f5es anotados no mesmo per\u00edodo de 2022. <\/p>\n\n\n\n<p>Pelo crit\u00e9rio ajustado, que leva em considera\u00e7\u00e3o fatores como a manuten\u00e7\u00e3o bianual das eclusas e fechamento de pre\u00e7o de compra do Complexo Guaimb\u00ea no in\u00edcio do ano passado, e as revers\u00f5es de conting\u00eancias e baixa de ativos decorrente da venda da Inova no atual trimestre, o resultado somou R$ 67,7 milh\u00f5es, mantendo a varia\u00e7\u00e3o em uma baixa pr\u00f3xima de 15%.<\/p>\n\n\n\n<p>O&nbsp;<strong>resultado da AES Brasil<\/strong>&nbsp;foi impacto pelo aumento das despesas financeiras, em fun\u00e7\u00e3o do maior endividamento da companhia, que passa por um momento de fortes investimentos para colocar em opera\u00e7\u00e3o novos projetos de gera\u00e7\u00e3o. Entre janeiro e mar\u00e7o, a AES Brasil registrou uma despesa financeira l\u00edquida de R$ 144,8 milh\u00f5es, 52,4% maior que o realizado no primeiro trimestre de 2022.<\/p>\n\n\n\n<p>\u201cIsso ocorreu porque tivemos uma estrat\u00e9gia de caixa em que tomamos d\u00edvidas para que tiv\u00e9ssemos garantia de caixa para fazer os investimentos e n\u00e3o correr o risco de n\u00e3o ter recursos para concluir as obras de Tucano e Caju\u00edna\u201d, explicou o vice-presidente Financeiro e de Rela\u00e7\u00f5es com Investidores da AES Brasil, Alessandro Gregori.<\/p>\n\n\n\n<p>O executivo lembrou que o cen\u00e1rio no mercado financeiro de baixa liquidez e alto custo da&nbsp;<strong>d\u00edvida da AES Brasil<\/strong>&nbsp;fizeram com que a companhia optasse pela capta\u00e7\u00e3o de d\u00edvidas mais curtas, com dura\u00e7\u00e3o de dois anos, esperando um melhor momento para retomar as emiss\u00f5es mais longas.<\/p>\n\n\n\n<h2 class=\"wp-block-heading\">Cota\u00e7\u00e3o de AES Brasil<\/h2>\n\n\n\n<p>Perto das 12h45, as a\u00e7\u00f5es ordin\u00e1rias de <strong>AES<\/strong> <strong>Brasil<\/strong> recuavam 0,49%, cotadas na R$ 12,08.<\/p>\n\n\n\n<div class=\"pluginQuotation\">\n  <p class=\"ticker\">\n    Cota\u00e7\u00e3o <span>AESB3<\/span>\n  <\/p>\n  <div class=\"info\">\n    <div class=\"leftSide\">\n      Gr\u00e1fico gerado em: 06\/07\/2023    <\/div>\n\t\t\t\t\t<div class=\"rightSide\">\n\t\t\t\t\t<span class=\"period\">\n\t\t\t\t\t\t5 Dias\t\t\t\t\t<\/span>\n\t\t\t<\/div>\n\t\t  <\/div>\n\n  <div id=\"chart-f04a9bbf99d533af3afcc7fdeca4f064\" data-block-hash=\"f04a9bbf99d533af3afcc7fdeca4f064\"  class=\"chart\" style=\"width:100%;height:400px;\"><\/div>\n\n  <div class=\"pluginQuotation__footer\">\n    <div class=\"dataChart\">\n\n      <div class=\"dataChart__div1 variation\">\n        <div class=\"value-negative\">\n          -0,98 (-0,12%)        <\/div>\n        <div class=\"text\">\n          Varia\u00e7\u00e3o do per\u00edodo\n        <\/div>\n      <\/div>\n\n      <div class=\"dataChart__div2 minMax\">\n        <div class=\"value\">\n          R$\u00a012,07        <\/div>\n        <div class=\"text\">\n          M\u00ednima\n        <\/div>\n      <\/div>\n\n      <div class=\"dataChart__div3 minMax\">\n        <div class=\"value\">\n          R$\u00a012,30        <\/div>\n        <div class=\"text\">\n          M\u00e1xima\n        <\/div>\n      <\/div>\n\n\t\t\t<div class=\"dataChart__div4 rightSide\">\n\t\t\t\t<div class=\"analiticaSource\">\n\t\t\t\t\t<span>\n\t\t\t\t\t\tFonte:\n\t\t\t\t\t<\/span>\n\t\t\t\t\t<img decoding=\"async\" class=\"analiticaLogo\" src=\"https:\/\/www.suno.com.br\/noticias\/wp-content\/plugins\/suno-block-ticker-quotation\/src\/suno-analitica-logo.png\" alt=\"Logo Suno Anal\u00edtica\" \/>\n\t\t\t\t<\/div>\n\n\t\t\t\t<a href=\"https:\/\/www.suno.com.br\/analitica\/acoes\/AESB3\" target=\"_blank\">\n\t\t\t\t\t<span>\n\t\t\t\t\t\tVer mais cota\u00e7\u00f5es\n\t\t\t\t\t<\/span>\n\t\t\t\t\t<svg xmlns=\"http:\/\/www.w3.org\/2000\/svg\" width=\"9\" height=\"8\" viewBox=\"0 0 9 8\" fill=\"none\">\n\t\t\t\t\t\t<path d=\"M4.20996 0L3.50496 0.705L6.29496 3.5H0.209961V4.5H6.29496L3.50496 7.295L4.20996 8L8.20996 4L4.20996 0Z\" fill=\"#D42126\" \/>\n\t\t\t\t\t<\/svg>\n\t\t\t\t<\/a>\n    <\/div>\n\n    <\/div>\n  <\/div>\n<\/div>\n\n\n<script type=\"text\/javascript\">\n  let chart_f04a9bbf99d533af3afcc7fdeca4f064 = document.getElementById('chart-f04a9bbf99d533af3afcc7fdeca4f064');\n  let data_json_f04a9bbf99d533af3afcc7fdeca4f064 = \"[{\\\"date\\\":\\\"03\\\\\\\/07\\\\\\\/23 10:10\\\",\\\"value\\\":12.19},{\\\"date\\\":\\\"03\\\\\\\/07\\\\\\\/23 10:20\\\",\\\"value\\\":12.21},{\\\"date\\\":\\\"03\\\\\\\/07\\\\\\\/23 10:30\\\",\\\"value\\\":12.21},{\\\"date\\\":\\\"03\\\\\\\/07\\\\\\\/23 10:40\\\",\\\"value\\\":12.22},{\\\"date\\\":\\\"03\\\\\\\/07\\\\\\\/23 10:50\\\",\\\"value\\\":12.25},{\\\"date\\\":\\\"03\\\\\\\/07\\\\\\\/23 11:30\\\",\\\"value\\\":12.3},{\\\"date\\\":\\\"03\\\\\\\/07\\\\\\\/23 11:40\\\",\\\"value\\\":12.27},{\\\"date\\\":\\\"03\\\\\\\/07\\\\\\\/23 11:50\\\",\\\"value\\\":12.29},{\\\"date\\\":\\\"03\\\\\\\/07\\\\\\\/23 12:00\\\",\\\"value\\\":12.26},{\\\"date\\\":\\\"03\\\\\\\/07\\\\\\\/23 12:10\\\",\\\"value\\\":12.28},{\\\"date\\\":\\\"03\\\\\\\/07\\\\\\\/23 14:50\\\",\\\"value\\\":12.3},{\\\"date\\\":\\\"03\\\\\\\/07\\\\\\\/23 15:00\\\",\\\"value\\\":12.29},{\\\"date\\\":\\\"03\\\\\\\/07\\\\\\\/23 15:10\\\",\\\"value\\\":12.29},{\\\"date\\\":\\\"03\\\\\\\/07\\\\\\\/23 15:20\\\",\\\"value\\\":12.28},{\\\"date\\\":\\\"03\\\\\\\/07\\\\\\\/23 15:30\\\",\\\"value\\\":12.3},{\\\"date\\\":\\\"04\\\\\\\/07\\\\\\\/23 10:10\\\",\\\"value\\\":12.23},{\\\"date\\\":\\\"04\\\\\\\/07\\\\\\\/23 12:30\\\",\\\"value\\\":12.2},{\\\"date\\\":\\\"04\\\\\\\/07\\\\\\\/23 12:40\\\",\\\"value\\\":12.2},{\\\"date\\\":\\\"04\\\\\\\/07\\\\\\\/23 12:50\\\",\\\"value\\\":12.2},{\\\"date\\\":\\\"04\\\\\\\/07\\\\\\\/23 13:00\\\",\\\"value\\\":12.2},{\\\"date\\\":\\\"04\\\\\\\/07\\\\\\\/23 13:10\\\",\\\"value\\\":12.21},{\\\"date\\\":\\\"04\\\\\\\/07\\\\\\\/23 15:50\\\",\\\"value\\\":12.17},{\\\"date\\\":\\\"04\\\\\\\/07\\\\\\\/23 16:00\\\",\\\"value\\\":12.18},{\\\"date\\\":\\\"04\\\\\\\/07\\\\\\\/23 16:10\\\",\\\"value\\\":12.19},{\\\"date\\\":\\\"04\\\\\\\/07\\\\\\\/23 16:20\\\",\\\"value\\\":12.18},{\\\"date\\\":\\\"04\\\\\\\/07\\\\\\\/23 16:30\\\",\\\"value\\\":12.18},{\\\"date\\\":\\\"04\\\\\\\/07\\\\\\\/23 16:40\\\",\\\"value\\\":12.18},{\\\"date\\\":\\\"04\\\\\\\/07\\\\\\\/23 16:50\\\",\\\"value\\\":12.18},{\\\"date\\\":\\\"05\\\\\\\/07\\\\\\\/23 10:10\\\",\\\"value\\\":12.15},{\\\"date\\\":\\\"05\\\\\\\/07\\\\\\\/23 10:20\\\",\\\"value\\\":12.15},{\\\"date\\\":\\\"05\\\\\\\/07\\\\\\\/23 10:30\\\",\\\"value\\\":12.17},{\\\"date\\\":\\\"06\\\\\\\/07\\\\\\\/23 11:50\\\",\\\"value\\\":12.08},{\\\"date\\\":\\\"06\\\\\\\/07\\\\\\\/23 12:00\\\",\\\"value\\\":12.08},{\\\"date\\\":\\\"06\\\\\\\/07\\\\\\\/23 12:10\\\",\\\"value\\\":12.09},{\\\"date\\\":\\\"06\\\\\\\/07\\\\\\\/23 12:20\\\",\\\"value\\\":12.12},{\\\"date\\\":\\\"06\\\\\\\/07\\\\\\\/23 12:30\\\",\\\"value\\\":12.07}]\";\n  let isPositive_f04a9bbf99d533af3afcc7fdeca4f064 = \"\";\n\n  let color_f04a9bbf99d533af3afcc7fdeca4f064 = isPositive_f04a9bbf99d533af3afcc7fdeca4f064 ? '#3AB53A' : '#D92C2D';\n\n  let data_f04a9bbf99d533af3afcc7fdeca4f064 = JSON.parse(data_json_f04a9bbf99d533af3afcc7fdeca4f064);\n\n  const result_f04a9bbf99d533af3afcc7fdeca4f064 = {\n    date: [],\n    value: [],\n  };\n\n  data_f04a9bbf99d533af3afcc7fdeca4f064.forEach((item) => {\n    result_f04a9bbf99d533af3afcc7fdeca4f064.date.push(item.date);\n    result_f04a9bbf99d533af3afcc7fdeca4f064.value.push(Number(item.value));\n  });\n\n  let option_f04a9bbf99d533af3afcc7fdeca4f064 = {\n    \/\/ variavel de cor global\n    color: [color_f04a9bbf99d533af3afcc7fdeca4f064],\n    title: {\n      text: '',\n    },\n    tooltip: {\n      trigger: 'axis',\n      axisPointer: {\n        type: 'cross',\n        label: {\n          \/\/ cor dos valores em X e Y\n          backgroundColor: color_f04a9bbf99d533af3afcc7fdeca4f064,\n          formatter: (value) => {\n            if (typeof value.value === 'number') {\n              return Number(value.value).toLocaleString('pt-br', {\n                style: 'currency',\n                currency: 'BRL'\n              });\n            }\n            return value.value;\n          },\n        },\n      },\n      valueFormatter: (value) => Number(value).toLocaleString('pt-br', {\n        style: 'currency',\n        currency: 'BRL'\n      }),\n    },\n    legend: {\n      \/\/ data: ['Valor de Fechamento'],\n      show: false,\n    },\n    toolbox: {\n      feature: {\n        saveAsImage: {\n          show: false,\n        },\n      },\n    },\n    grid: {\n      left: '0px',\n      right: '0px',\n      bottom: '0px',\n      containLabel: true,\n    },\n    xAxis: [{\n      type: 'category',\n      data: result_f04a9bbf99d533af3afcc7fdeca4f064.date,\n      boundaryGap: true,\n    }],\n    yAxis: [{\n      type: 'value',\n      min: Math.min(...result_f04a9bbf99d533af3afcc7fdeca4f064.value),\n      max: Math.max(...result_f04a9bbf99d533af3afcc7fdeca4f064.value),\n      axisLabel: {\n        formatter: (value) => value.toLocaleString('pt-br', {\n          style: 'currency',\n          currency: 'BRL'\n        }),\n      },\n    }],\n    series: [{\n      name: 'Valor de Fechamento',\n      type: 'line',\n      stack: 'Total',\n      \/\/ cor do grafico\n      areaStyle: {},\n      emphasis: {\n        focus: 'series',\n      },\n      data: result_f04a9bbf99d533af3afcc7fdeca4f064.value,\n      \/\/ cor da linha\n      lineStyle: {\n        color: color_f04a9bbf99d533af3afcc7fdeca4f064,\n      },\n    }, ],\n  };\n\n\twindow.chart_f04a9bbf99d533af3afcc7fdeca4f064 = {\n\t\tel: chart_f04a9bbf99d533af3afcc7fdeca4f064,\n\t\toption: option_f04a9bbf99d533af3afcc7fdeca4f064\t};\n\n\n<\/script>\n\n\n\n<p><em>Com informa\u00e7\u00f5es de Estad\u00e3o Conte\u00fado<\/em><\/p>\n\n\n\t<p>\n\t\t<a href=\"https:\/\/lp.suno.com.br\/suno-one\/?utm_campaign=_SNC6964518A_\" target=\"_blank\" data-element=\"shortcode-suno-banner\" title=\"Banner SUNO, clique e saiba mais\">\n\t\t\t<picture>\n\t\t\t\t<source media=\"(max-width: 500px)\" srcset=\"https:\/\/files.sunoresearch.com.br\/n\/uploads\/2025\/09\/400x300-Suno-One-png.webp\">\n\t\t\t\t<img class=\"newsContent__article__imgCapa newsContent__article__imgCapa--banner\"\n\t\t\t\t\tsrc=\"https:\/\/files.sunoresearch.com.br\/n\/uploads\/2025\/09\/1420x240-Suno-One-png.webp\"\n\t\t\t\t\tdata-promo-id=\"383121\"\t\t\t\t\t\t\t\t\t\twidth='1420' height='240'\t\t\t\t\talt=\"https:\/\/files.sunoresearch.com.br\/n\/uploads\/2025\/09\/1420x240-Suno-One-png.webp\"\n\t\t\t\t>\n\t\t\t<\/picture>\n\t\t<\/a>\n\t<\/p>\n\n\n","protected":false},"excerpt":{"rendered":"<p>Em fato relevante divulgado na quarta-feira (5), o&nbsp;conselho de administra\u00e7\u00e3o&nbsp;da&nbsp;AES Brasil (AESB3)&nbsp;anunciou a elei\u00e7\u00e3o de Rogerio Pereira Jorge para o cargo de diretor-presidente e Jos\u00e9 Ricardo Elbel Sim\u00e3o para a posi\u00e7\u00e3o de diretor vice-presidente de finan\u00e7as e rela\u00e7\u00f5es com investidores da companhia. AES Brasil (AESB3). Foto: Divulga\u00e7\u00e3o Rogerio Pereira Jorge comandar\u00e1 a empresa no lugar [&hellip;]<\/p>\n","protected":false},"author":295,"featured_media":237417,"comment_status":"closed","ping_status":"closed","sticky":false,"template":"","format":"standard","meta":[],"categories":[64],"tags":[286,106075],"suno_strategy":[],"class_list":["post-425914","post","type-post","status-publish","format-standard","has-post-thumbnail","hentry","category-negocios","tag-acoes","tag-aes-brasil-aesb3"],"yoast_head":"<!-- This site is optimized with the Yoast SEO plugin v24.4 - https:\/\/yoast.com\/wordpress\/plugins\/seo\/ -->\n<title>AES Brasil (AESB3) anuncia novo diretor-presidente; saiba quem \u00e9<\/title>\n<meta name=\"description\" content=\"Em fato relevante, o\u00a0conselho de administra\u00e7\u00e3o\u00a0da\u00a0AES Brasil anunciou a elei\u00e7\u00e3o de um novo diretor-presidente. Saiba quem \u00e9!\" \/>\n<meta name=\"robots\" content=\"index, follow, max-snippet:-1, max-image-preview:large, max-video-preview:-1\" \/>\n<link rel=\"canonical\" href=\"https:\/\/www.suno.com.br\/noticias\/aes-brasil-aesb3-anuncia-novo-diretor-presidente\/\" \/>\n<meta property=\"og:locale\" content=\"pt_BR\" \/>\n<meta property=\"og:type\" content=\"article\" \/>\n<meta property=\"og:title\" content=\"AES Brasil (AESB3) anuncia novo diretor-presidente; saiba quem \u00e9\" \/>\n<meta property=\"og:description\" content=\"Em fato relevante, o\u00a0conselho de administra\u00e7\u00e3o\u00a0da\u00a0AES Brasil anunciou a elei\u00e7\u00e3o de um novo diretor-presidente. Saiba quem \u00e9!\" \/>\n<meta property=\"og:url\" content=\"https:\/\/www.suno.com.br\/noticias\/aes-brasil-aesb3-anuncia-novo-diretor-presidente\/\" \/>\n<meta property=\"og:site_name\" content=\"Suno Not\u00edcias\" \/>\n<meta property=\"article:publisher\" content=\"https:\/\/facebook.com\/sunoresearch\" \/>\n<meta property=\"og:image\" content=\"https:\/\/files.sunoresearch.com.br\/n\/uploads\/2022\/03\/aesb3.jpg\" \/>\n\t<meta property=\"og:image:width\" content=\"1323\" \/>\n\t<meta property=\"og:image:height\" content=\"800\" \/>\n\t<meta property=\"og:image:type\" content=\"image\/jpeg\" \/>\n<meta name=\"author\" content=\"Giovanni Porf\u00edrio Jacomino\" \/>\n<meta name=\"twitter:card\" content=\"summary_large_image\" \/>\n<meta name=\"twitter:creator\" content=\"@sunoresearch\" \/>\n<meta name=\"twitter:site\" content=\"@sunoresearch\" \/>\n<meta name=\"twitter:label1\" content=\"Escrito por\" \/>\n\t<meta name=\"twitter:data1\" content=\"Giovanni Porf\u00edrio Jacomino\" \/>\n\t<meta name=\"twitter:label2\" content=\"Est. tempo de leitura\" \/>\n\t<meta name=\"twitter:data2\" content=\"4 minutos\" \/>\n<script type=\"application\/ld+json\" class=\"yoast-schema-graph\">{\"@context\":\"https:\/\/schema.org\",\"@graph\":[{\"@type\":\"NewsArticle\",\"@id\":\"https:\/\/www.suno.com.br\/noticias\/aes-brasil-aesb3-anuncia-novo-diretor-presidente\/#article\",\"isPartOf\":{\"@id\":\"https:\/\/www.suno.com.br\/noticias\/aes-brasil-aesb3-anuncia-novo-diretor-presidente\/\"},\"author\":{\"name\":\"Giovanni Porf\u00edrio Jacomino\",\"@id\":\"https:\/\/www.suno.com.br\/noticias\/#\/schema\/person\/217058341e4dbe1f68f3b898b09ca015\"},\"headline\":\"AES Brasil (AESB3) anuncia novo diretor-presidente; saiba quem \u00e9\",\"datePublished\":\"2023-07-06T16:07:18+00:00\",\"dateModified\":\"2023-07-06T16:07:25+00:00\",\"mainEntityOfPage\":{\"@id\":\"https:\/\/www.suno.com.br\/noticias\/aes-brasil-aesb3-anuncia-novo-diretor-presidente\/\"},\"wordCount\":769,\"publisher\":{\"@id\":\"https:\/\/www.suno.com.br\/noticias\/#organization\"},\"image\":{\"@id\":\"https:\/\/www.suno.com.br\/noticias\/aes-brasil-aesb3-anuncia-novo-diretor-presidente\/#primaryimage\"},\"thumbnailUrl\":\"https:\/\/files.sunoresearch.com.br\/n\/uploads\/2022\/03\/aesb3.jpg\",\"keywords\":[\"A\u00e7\u00f5es\",\"AES Brasil (AESB3)\"],\"articleSection\":[\"Neg\u00f3cios\"],\"inLanguage\":\"pt-BR\"},{\"@type\":\"WebPage\",\"@id\":\"https:\/\/www.suno.com.br\/noticias\/aes-brasil-aesb3-anuncia-novo-diretor-presidente\/\",\"url\":\"https:\/\/www.suno.com.br\/noticias\/aes-brasil-aesb3-anuncia-novo-diretor-presidente\/\",\"name\":\"AES Brasil (AESB3) anuncia novo diretor-presidente; saiba quem \u00e9\",\"isPartOf\":{\"@id\":\"https:\/\/www.suno.com.br\/noticias\/#website\"},\"primaryImageOfPage\":{\"@id\":\"https:\/\/www.suno.com.br\/noticias\/aes-brasil-aesb3-anuncia-novo-diretor-presidente\/#primaryimage\"},\"image\":{\"@id\":\"https:\/\/www.suno.com.br\/noticias\/aes-brasil-aesb3-anuncia-novo-diretor-presidente\/#primaryimage\"},\"thumbnailUrl\":\"https:\/\/files.sunoresearch.com.br\/n\/uploads\/2022\/03\/aesb3.jpg\",\"datePublished\":\"2023-07-06T16:07:18+00:00\",\"dateModified\":\"2023-07-06T16:07:25+00:00\",\"description\":\"Em fato relevante, o\u00a0conselho de administra\u00e7\u00e3o\u00a0da\u00a0AES Brasil anunciou a elei\u00e7\u00e3o de um novo diretor-presidente. Saiba quem \u00e9!\",\"breadcrumb\":{\"@id\":\"https:\/\/www.suno.com.br\/noticias\/aes-brasil-aesb3-anuncia-novo-diretor-presidente\/#breadcrumb\"},\"inLanguage\":\"pt-BR\",\"potentialAction\":[{\"@type\":\"ReadAction\",\"target\":[\"https:\/\/www.suno.com.br\/noticias\/aes-brasil-aesb3-anuncia-novo-diretor-presidente\/\"]}]},{\"@type\":\"ImageObject\",\"inLanguage\":\"pt-BR\",\"@id\":\"https:\/\/www.suno.com.br\/noticias\/aes-brasil-aesb3-anuncia-novo-diretor-presidente\/#primaryimage\",\"url\":\"https:\/\/files.sunoresearch.com.br\/n\/uploads\/2022\/03\/aesb3.jpg\",\"contentUrl\":\"https:\/\/files.sunoresearch.com.br\/n\/uploads\/2022\/03\/aesb3.jpg\",\"width\":1323,\"height\":800,\"caption\":\"AES Brasil (AESB3). Foto: Divulga\u00e7\u00e3o\"},{\"@type\":\"BreadcrumbList\",\"@id\":\"https:\/\/www.suno.com.br\/noticias\/aes-brasil-aesb3-anuncia-novo-diretor-presidente\/#breadcrumb\",\"itemListElement\":[{\"@type\":\"ListItem\",\"position\":1,\"name\":\"Not\u00edcias\",\"item\":\"https:\/\/www.suno.com.br\/noticias\/\"},{\"@type\":\"ListItem\",\"position\":2,\"name\":\"Neg\u00f3cios\",\"item\":\"https:\/\/www.suno.com.br\/noticias\/negocios\/\"},{\"@type\":\"ListItem\",\"position\":3,\"name\":\"AES Brasil (AESB3) anuncia novo diretor-presidente; saiba quem \u00e9\"}]},{\"@type\":\"WebSite\",\"@id\":\"https:\/\/www.suno.com.br\/noticias\/#website\",\"url\":\"https:\/\/www.suno.com.br\/noticias\/\",\"name\":\"Suno Not\u00edcias\",\"description\":\"Seu portal de informa\u00e7\u00e3o sobre o mundo dos investimentos\",\"publisher\":{\"@id\":\"https:\/\/www.suno.com.br\/noticias\/#organization\"},\"potentialAction\":[{\"@type\":\"SearchAction\",\"target\":{\"@type\":\"EntryPoint\",\"urlTemplate\":\"https:\/\/www.suno.com.br\/noticias\/?s={search_term_string}\"},\"query-input\":{\"@type\":\"PropertyValueSpecification\",\"valueRequired\":true,\"valueName\":\"search_term_string\"}}],\"inLanguage\":\"pt-BR\"},{\"@type\":\"Organization\",\"@id\":\"https:\/\/www.suno.com.br\/noticias\/#organization\",\"name\":\"Suno Not\u00edcias\",\"url\":\"https:\/\/www.suno.com.br\/noticias\/\",\"logo\":{\"@type\":\"ImageObject\",\"inLanguage\":\"pt-BR\",\"@id\":\"https:\/\/www.suno.com.br\/noticias\/#\/schema\/logo\/image\/\",\"url\":\"https:\/\/files.sunoresearch.com.br\/n\/uploads\/2021\/09\/suno-logo.png\",\"contentUrl\":\"https:\/\/files.sunoresearch.com.br\/n\/uploads\/2021\/09\/suno-logo.png\",\"width\":180,\"height\":180,\"caption\":\"Suno Not\u00edcias\"},\"image\":{\"@id\":\"https:\/\/www.suno.com.br\/noticias\/#\/schema\/logo\/image\/\"},\"sameAs\":[\"https:\/\/facebook.com\/sunoresearch\",\"https:\/\/x.com\/sunoresearch\",\"https:\/\/www.instagram.com\/suno\",\"https:\/\/www.linkedin.com\/company\/suno-research\/\",\"https:\/\/www.youtube.com\/c\/sunoresearch\"]},{\"@type\":\"Person\",\"@id\":\"https:\/\/www.suno.com.br\/noticias\/#\/schema\/person\/217058341e4dbe1f68f3b898b09ca015\",\"name\":\"Giovanni Porf\u00edrio Jacomino\",\"image\":{\"@type\":\"ImageObject\",\"inLanguage\":\"pt-BR\",\"@id\":\"https:\/\/www.suno.com.br\/noticias\/#\/schema\/person\/image\/\",\"url\":\"https:\/\/secure.gravatar.com\/avatar\/bc678fc5559a55f79ada398443281309?s=96&r=g\",\"contentUrl\":\"https:\/\/secure.gravatar.com\/avatar\/bc678fc5559a55f79ada398443281309?s=96&r=g\",\"caption\":\"Giovanni Porf\u00edrio Jacomino\"},\"description\":\"Giovanni Porf\u00edrio Jacomino \u00e9 jornalista formado pela Universidade Estadual de Londrina (UEL) e p\u00f3s-graduado em Produ\u00e7\u00e3o e Pr\u00e1ticas Jornal\u00edsticas na Contemporaneidade na Faculdade C\u00e1sper L\u00edbero (FCL). Foi editor web no Startupi e no Finsiders, atuando ainda como editor no TC Mover, portal de not\u00edcias da TradersClub, fazendo a cobertura de assuntos relacionados ao mercado financeiro interno e externo. Atualmente, \u00e9 Rep\u00f3rter do Suno Not\u00edcias.\",\"url\":\"https:\/\/www.suno.com.br\/noticias\/author\/giovanniporfirio01gmail-com\/\"}]}<\/script>\n<!-- \/ Yoast SEO plugin. -->","yoast_head_json":{"title":"AES Brasil (AESB3) anuncia novo diretor-presidente; saiba quem \u00e9","description":"Em fato relevante, o\u00a0conselho de administra\u00e7\u00e3o\u00a0da\u00a0AES Brasil anunciou a elei\u00e7\u00e3o de um novo diretor-presidente. Saiba quem \u00e9!","robots":{"index":"index","follow":"follow","max-snippet":"max-snippet:-1","max-image-preview":"max-image-preview:large","max-video-preview":"max-video-preview:-1"},"canonical":"https:\/\/www.suno.com.br\/noticias\/aes-brasil-aesb3-anuncia-novo-diretor-presidente\/","og_locale":"pt_BR","og_type":"article","og_title":"AES Brasil (AESB3) anuncia novo diretor-presidente; saiba quem \u00e9","og_description":"Em fato relevante, o\u00a0conselho de administra\u00e7\u00e3o\u00a0da\u00a0AES Brasil anunciou a elei\u00e7\u00e3o de um novo diretor-presidente. Saiba quem \u00e9!","og_url":"https:\/\/www.suno.com.br\/noticias\/aes-brasil-aesb3-anuncia-novo-diretor-presidente\/","og_site_name":"Suno Not\u00edcias","article_publisher":"https:\/\/facebook.com\/sunoresearch","og_image":[{"width":1323,"height":800,"url":"https:\/\/files.sunoresearch.com.br\/n\/uploads\/2022\/03\/aesb3.jpg","type":"image\/jpeg"}],"author":"Giovanni Porf\u00edrio Jacomino","twitter_card":"summary_large_image","twitter_creator":"@sunoresearch","twitter_site":"@sunoresearch","twitter_misc":{"Escrito por":"Giovanni Porf\u00edrio Jacomino","Est. tempo de leitura":"4 minutos"},"schema":{"@context":"https:\/\/schema.org","@graph":[{"@type":"NewsArticle","@id":"https:\/\/www.suno.com.br\/noticias\/aes-brasil-aesb3-anuncia-novo-diretor-presidente\/#article","isPartOf":{"@id":"https:\/\/www.suno.com.br\/noticias\/aes-brasil-aesb3-anuncia-novo-diretor-presidente\/"},"author":{"name":"Giovanni Porf\u00edrio Jacomino","@id":"https:\/\/www.suno.com.br\/noticias\/#\/schema\/person\/217058341e4dbe1f68f3b898b09ca015"},"headline":"AES Brasil (AESB3) anuncia novo diretor-presidente; saiba quem \u00e9","datePublished":"2023-07-06T16:07:18+00:00","dateModified":"2023-07-06T16:07:25+00:00","mainEntityOfPage":{"@id":"https:\/\/www.suno.com.br\/noticias\/aes-brasil-aesb3-anuncia-novo-diretor-presidente\/"},"wordCount":769,"publisher":{"@id":"https:\/\/www.suno.com.br\/noticias\/#organization"},"image":{"@id":"https:\/\/www.suno.com.br\/noticias\/aes-brasil-aesb3-anuncia-novo-diretor-presidente\/#primaryimage"},"thumbnailUrl":"https:\/\/files.sunoresearch.com.br\/n\/uploads\/2022\/03\/aesb3.jpg","keywords":["A\u00e7\u00f5es","AES Brasil (AESB3)"],"articleSection":["Neg\u00f3cios"],"inLanguage":"pt-BR"},{"@type":"WebPage","@id":"https:\/\/www.suno.com.br\/noticias\/aes-brasil-aesb3-anuncia-novo-diretor-presidente\/","url":"https:\/\/www.suno.com.br\/noticias\/aes-brasil-aesb3-anuncia-novo-diretor-presidente\/","name":"AES Brasil (AESB3) anuncia novo diretor-presidente; saiba quem \u00e9","isPartOf":{"@id":"https:\/\/www.suno.com.br\/noticias\/#website"},"primaryImageOfPage":{"@id":"https:\/\/www.suno.com.br\/noticias\/aes-brasil-aesb3-anuncia-novo-diretor-presidente\/#primaryimage"},"image":{"@id":"https:\/\/www.suno.com.br\/noticias\/aes-brasil-aesb3-anuncia-novo-diretor-presidente\/#primaryimage"},"thumbnailUrl":"https:\/\/files.sunoresearch.com.br\/n\/uploads\/2022\/03\/aesb3.jpg","datePublished":"2023-07-06T16:07:18+00:00","dateModified":"2023-07-06T16:07:25+00:00","description":"Em fato relevante, o\u00a0conselho de administra\u00e7\u00e3o\u00a0da\u00a0AES Brasil anunciou a elei\u00e7\u00e3o de um novo diretor-presidente. Saiba quem \u00e9!","breadcrumb":{"@id":"https:\/\/www.suno.com.br\/noticias\/aes-brasil-aesb3-anuncia-novo-diretor-presidente\/#breadcrumb"},"inLanguage":"pt-BR","potentialAction":[{"@type":"ReadAction","target":["https:\/\/www.suno.com.br\/noticias\/aes-brasil-aesb3-anuncia-novo-diretor-presidente\/"]}]},{"@type":"ImageObject","inLanguage":"pt-BR","@id":"https:\/\/www.suno.com.br\/noticias\/aes-brasil-aesb3-anuncia-novo-diretor-presidente\/#primaryimage","url":"https:\/\/files.sunoresearch.com.br\/n\/uploads\/2022\/03\/aesb3.jpg","contentUrl":"https:\/\/files.sunoresearch.com.br\/n\/uploads\/2022\/03\/aesb3.jpg","width":1323,"height":800,"caption":"AES Brasil (AESB3). Foto: Divulga\u00e7\u00e3o"},{"@type":"BreadcrumbList","@id":"https:\/\/www.suno.com.br\/noticias\/aes-brasil-aesb3-anuncia-novo-diretor-presidente\/#breadcrumb","itemListElement":[{"@type":"ListItem","position":1,"name":"Not\u00edcias","item":"https:\/\/www.suno.com.br\/noticias\/"},{"@type":"ListItem","position":2,"name":"Neg\u00f3cios","item":"https:\/\/www.suno.com.br\/noticias\/negocios\/"},{"@type":"ListItem","position":3,"name":"AES Brasil (AESB3) anuncia novo diretor-presidente; saiba quem \u00e9"}]},{"@type":"WebSite","@id":"https:\/\/www.suno.com.br\/noticias\/#website","url":"https:\/\/www.suno.com.br\/noticias\/","name":"Suno Not\u00edcias","description":"Seu portal de informa\u00e7\u00e3o sobre o mundo dos investimentos","publisher":{"@id":"https:\/\/www.suno.com.br\/noticias\/#organization"},"potentialAction":[{"@type":"SearchAction","target":{"@type":"EntryPoint","urlTemplate":"https:\/\/www.suno.com.br\/noticias\/?s={search_term_string}"},"query-input":{"@type":"PropertyValueSpecification","valueRequired":true,"valueName":"search_term_string"}}],"inLanguage":"pt-BR"},{"@type":"Organization","@id":"https:\/\/www.suno.com.br\/noticias\/#organization","name":"Suno Not\u00edcias","url":"https:\/\/www.suno.com.br\/noticias\/","logo":{"@type":"ImageObject","inLanguage":"pt-BR","@id":"https:\/\/www.suno.com.br\/noticias\/#\/schema\/logo\/image\/","url":"https:\/\/files.sunoresearch.com.br\/n\/uploads\/2021\/09\/suno-logo.png","contentUrl":"https:\/\/files.sunoresearch.com.br\/n\/uploads\/2021\/09\/suno-logo.png","width":180,"height":180,"caption":"Suno Not\u00edcias"},"image":{"@id":"https:\/\/www.suno.com.br\/noticias\/#\/schema\/logo\/image\/"},"sameAs":["https:\/\/facebook.com\/sunoresearch","https:\/\/x.com\/sunoresearch","https:\/\/www.instagram.com\/suno","https:\/\/www.linkedin.com\/company\/suno-research\/","https:\/\/www.youtube.com\/c\/sunoresearch"]},{"@type":"Person","@id":"https:\/\/www.suno.com.br\/noticias\/#\/schema\/person\/217058341e4dbe1f68f3b898b09ca015","name":"Giovanni Porf\u00edrio Jacomino","image":{"@type":"ImageObject","inLanguage":"pt-BR","@id":"https:\/\/www.suno.com.br\/noticias\/#\/schema\/person\/image\/","url":"https:\/\/secure.gravatar.com\/avatar\/bc678fc5559a55f79ada398443281309?s=96&r=g","contentUrl":"https:\/\/secure.gravatar.com\/avatar\/bc678fc5559a55f79ada398443281309?s=96&r=g","caption":"Giovanni Porf\u00edrio Jacomino"},"description":"Giovanni Porf\u00edrio Jacomino \u00e9 jornalista formado pela Universidade Estadual de Londrina (UEL) e p\u00f3s-graduado em Produ\u00e7\u00e3o e Pr\u00e1ticas Jornal\u00edsticas na Contemporaneidade na Faculdade C\u00e1sper L\u00edbero (FCL). Foi editor web no Startupi e no Finsiders, atuando ainda como editor no TC Mover, portal de not\u00edcias da TradersClub, fazendo a cobertura de assuntos relacionados ao mercado financeiro interno e externo. Atualmente, \u00e9 Rep\u00f3rter do Suno Not\u00edcias.","url":"https:\/\/www.suno.com.br\/noticias\/author\/giovanniporfirio01gmail-com\/"}]}},"default_loop_html":"<div class=\"cardsPage__listCard__boxs\"><div class=\"cardsPage__listCard__boxs__img\"><a href=\"https:\/\/www.suno.com.br\/noticias\/aes-brasil-aesb3-anuncia-novo-diretor-presidente\/\"><img class=\"mask\" src=\"https:\/\/www.suno.com.br\/noticias\/wp-content\/themes\/suno\/resources\/images\/spotlight\/spotlight1img\/bg-mask.png\" alt=\"Image Mask\"\/><img src=\"https:\/\/files.sunoresearch.com.br\/n\/uploads\/2022\/03\/aesb3-400x200.jpg\" alt=\"AES Brasil (AESB3) anuncia novo diretor-presidente; saiba quem \u00e9\"\/><\/a><span class=\"spotlightCategory\"><a href=\"https:\/\/www.suno.com.br\/noticias\/negocios\/\">Neg\u00f3cios<\/a><\/span><\/div><div class=\"cardsPage__listCard__boxs__content\"><a href=\"https:\/\/www.suno.com.br\/noticias\/aes-brasil-aesb3-anuncia-novo-diretor-presidente\/\"><h2 class=\"content__title\">AES Brasil (AESB3) anuncia novo diretor-presidente; saiba quem \u00e9<\/h2><\/a><div class=\"newsContent__article__meta\"><div class=\"newsContent__article__meta__authorBox\"><a href=\"https:\/\/www.suno.com.br\/noticias\/author\/giovanniporfirio01gmail-com\/\" class=\"authorBox__avatar noMobi\"><img src=\"https:\/\/files.sunoresearch.com.br\/n\/uploads\/2023\/07\/WhatsApp-Image-2023-07-10-at-14.08.39-150x150.jpeg\" alt=\"Giovanni Porf\u00edrio Jacomino\"><\/a><div class=\"authorBox__name\"><span>por\n\t\t\t<a href=\"https:\/\/www.suno.com.br\/noticias\/author\/giovanniporfirio01gmail-com\/\"><span itemprop=\"author\">Giovanni Porf\u00edrio Jacomino<\/span><\/a><\/span><time datetime=\"2023-07-06T13:07:18-03:00\" itemprop=\"datePublished\">06\/07\/2023 13:07<\/time><\/div><\/div><\/div><\/div><\/div>","single_layout":"posts","amp_enabled":true,"_links":{"self":[{"href":"https:\/\/www.suno.com.br\/noticias\/wp-json\/wp\/v2\/posts\/425914"}],"collection":[{"href":"https:\/\/www.suno.com.br\/noticias\/wp-json\/wp\/v2\/posts"}],"about":[{"href":"https:\/\/www.suno.com.br\/noticias\/wp-json\/wp\/v2\/types\/post"}],"author":[{"embeddable":true,"href":"https:\/\/www.suno.com.br\/noticias\/wp-json\/wp\/v2\/users\/295"}],"replies":[{"embeddable":true,"href":"https:\/\/www.suno.com.br\/noticias\/wp-json\/wp\/v2\/comments?post=425914"}],"version-history":[{"count":2,"href":"https:\/\/www.suno.com.br\/noticias\/wp-json\/wp\/v2\/posts\/425914\/revisions"}],"predecessor-version":[{"id":425940,"href":"https:\/\/www.suno.com.br\/noticias\/wp-json\/wp\/v2\/posts\/425914\/revisions\/425940"}],"wp:featuredmedia":[{"embeddable":true,"href":"https:\/\/www.suno.com.br\/noticias\/wp-json\/wp\/v2\/media\/237417"}],"wp:attachment":[{"href":"https:\/\/www.suno.com.br\/noticias\/wp-json\/wp\/v2\/media?parent=425914"}],"wp:term":[{"taxonomy":"category","embeddable":true,"href":"https:\/\/www.suno.com.br\/noticias\/wp-json\/wp\/v2\/categories?post=425914"},{"taxonomy":"post_tag","embeddable":true,"href":"https:\/\/www.suno.com.br\/noticias\/wp-json\/wp\/v2\/tags?post=425914"},{"taxonomy":"suno_strategy","embeddable":true,"href":"https:\/\/www.suno.com.br\/noticias\/wp-json\/wp\/v2\/suno_strategy?post=425914"}],"curies":[{"name":"wp","href":"https:\/\/api.w.org\/{rel}","templated":true}]}}