{"id":425768,"date":"2023-07-06T09:59:16","date_gmt":"2023-07-06T12:59:16","guid":{"rendered":"https:\/\/www.suno.com.br\/noticias\/?p=425768"},"modified":"2023-07-06T12:14:48","modified_gmt":"2023-07-06T15:14:48","slug":"shein-varejo-coteminas-demite-blumenau-evm","status":"publish","type":"post","link":"https:\/\/www.suno.com.br\/noticias\/shein-varejo-coteminas-demite-blumenau-evm\/","title":{"rendered":"De olho na Shein, Coteminas (CTNM4) faz demiss\u00e3o em massa em Blumenau"},"content":{"rendered":"<p>A Companhia de Tecidos Norte de Minas, Coteminas (CTNM4)),prepara uma demiss\u00e3o em massa que deve atingir at\u00e9 70% do seu quadro de funcion\u00e1rios em Blumenau (SC), ao passo que deve segurar panorama atual em Natal (RN), onde produzir\u00e1 para a <strong><a href=\"https:\/\/www.suno.com.br\/noticias\/web-stories\/golpe-shein-avaliacao-engana-cpf\/\" target=\"_blank\" rel=\"noreferrer noopener\">Shein<\/a><\/strong>, varejista chinesa.<\/p>\t<div class=\"wrapper-featured-image\">\n\t\t<figure class=\"spotlightImg\">\n\n\t\t\t<picture>\n\t\t\t\t<source media=\"(max-width: 768px)\" srcset=\"https:\/\/files.sunoresearch.com.br\/n\/uploads\/2023\/05\/shein-400x200.jpg\">\n\t\t\t\t<img loading=\"lazy\" decoding=\"async\" class=\"newsContent__article__imgCapa lazyloadDisabled \" src=\"https:\/\/files.sunoresearch.com.br\/n\/uploads\/2023\/05\/shein-800x450.jpg\" width=\"800\" height=\"450\" alt=\"De olho na Shein, Coteminas (CTNM4) faz demiss\u00e3o em massa em Blumenau\" fetchpriority=high \/>\n\t\t\t<\/picture>\n\n\t\t\t<figcaption class=\"wp-caption-text wp-caption-text--show\">Shein. Foto: iStock<\/figcaption>\n\t\t<\/figure>\n\t<\/div>\n\n\n\n\n\n\t<p>\n\t\t<a href=\"https:\/\/lp.suno.com.br\/planilha-da-vida-financeira\/\" target=\"_blank\" data-element=\"shortcode-suno-banner\" title=\"Banner SUNO, clique e saiba mais\">\n\t\t\t<picture>\n\t\t\t\t<source media=\"(max-width: 500px)\" srcset=\"https:\/\/files.sunoresearch.com.br\/n\/uploads\/2023\/04\/400x300-Planilha-vida-financeira-true.png\">\n\t\t\t\t<img class=\"newsContent__article__imgCapa newsContent__article__imgCapa--banner\"\n\t\t\t\t\tsrc=\"https:\/\/files.sunoresearch.com.br\/n\/uploads\/2023\/04\/1420x240-Planilha-vida-financeira-true.png\"\n\t\t\t\t\tdata-promo-id=\"106682\"\t\t\t\t\t\t\t\t\t\twidth='1420' height='240'\t\t\t\t\talt=\"https:\/\/files.sunoresearch.com.br\/n\/uploads\/2023\/04\/1420x240-Planilha-vida-financeira-true.png\"\n\t\t\t\t>\n\t\t\t<\/picture>\n\t\t<\/a>\n\t<\/p>\n\n\n\n\n\n\n\n<p>Segundo o secret\u00e1rio-adjunto de <a class=\"suno-keyword\" data-force=\"no\" data-priority=\"1\" href=\"https:\/\/www.suno.com.br\/artigos\/desenvolvimento-economico\/\" target=\"_blank\" rel=\"noopener\">desenvolvimento econ\u00f4mico<\/a> do Rio Grande do Norte, S\u00edlvio Torquato, houve uma procura grande de pequenas empresas querendo se cadastrar como parceiras. Al\u00e9m disso, o secret\u00e1rio disse ao jornal Valor Econ\u00f4mico que &#8220;n\u00e3o houveram demiss\u00f5es&#8221;.<\/p>\n\n\n\n<p>As decis\u00f5es recentes v\u00e3o de encontro com um memorando divulgado pela <strong>Coteminas <\/strong>ao fim de abril, citando um entendimento para nacionalizar parte dos produtos que a Shein vende em solo brasileiro.<\/p>\n\n\n\n<p>\u00c0 Folha de SP, a Coteminas disse que esse &#8220;novo modelo de trabalho que exigir\u00e1 novos equipamentos industriais e adequa\u00e7\u00e3o do quadro de pessoal\u201d.<\/p>\n\n\n\n<p>Segundo o presidente do Sindicato dos Trabalhadores nas Ind\u00fastrias de Fia\u00e7\u00e3o e Tecelagem de <strong>Blumenau <\/strong>(SC), Gaspar e Indaial (Sintrafite), Carlos Alexandre Maske, a demiss\u00e3o faz parte de uma restrutura\u00e7\u00e3o do setor.<\/p>\n\n\n\n<p>Al\u00e9m disso, disse que &#8220;ficou claro que a empresa est\u00e1 reorganizando seu neg\u00f3cio e vai intensificar a explora\u00e7\u00e3o de for\u00e7a de trabalho em outra regi\u00e3o do pa\u00eds, onde vai trabalhar com pequenas fac\u00e7\u00f5es em que os trabalhadores n\u00e3o t\u00eam amparo em rela\u00e7\u00e3o a direitos trabalhistas\u201d.<\/p>\n\n\n\n<p>O diretor da Coteminas, <a href=\"https:\/\/www.suno.com.br\/noticias\/fiesp-josue-gomes-paulo-skaf\/\" target=\"_blank\" rel=\"noreferrer noopener\">Josu\u00e9 Gomes, que tamb\u00e9m preside a Fiesp<\/a>, j\u00e1 havia citado que a produ\u00e7\u00e3o de vestu\u00e1rio para a Shein come\u00e7aria em julho na f\u00e1brica de Natal.<\/p>\n\n\n\n<p>Segundo o executivo, a meta \u00e9 alcan\u00e7ar 2 mil oficinas de costura em todo o Brasil.<\/p>\n\n\n\t<p>\n\t\t<a href=\"https:\/\/lp.suno.com.br\/ebook-como-analisar-uma-acao\/\" target=\"_blank\" data-element=\"shortcode-suno-banner\" title=\"Banner SUNO, clique e saiba mais\">\n\t\t\t<picture>\n\t\t\t\t<source media=\"(max-width: 500px)\" srcset=\"https:\/\/files.sunoresearch.com.br\/n\/uploads\/2023\/03\/Ebook-Acoes-Mobile.jpg\">\n\t\t\t\t<img class=\"newsContent__article__imgCapa newsContent__article__imgCapa--banner\"\n\t\t\t\t\tsrc=\"https:\/\/files.sunoresearch.com.br\/n\/uploads\/2023\/03\/Ebook-Acoes-Desktop.jpg\"\n\t\t\t\t\tdata-promo-id=\"378302\"\t\t\t\t\t\t\t\t\t\twidth='1420' height='286'\t\t\t\t\talt=\"https:\/\/files.sunoresearch.com.br\/n\/uploads\/2023\/03\/Ebook-Acoes-Desktop.jpg\"\n\t\t\t\t>\n\t\t\t<\/picture>\n\t\t<\/a>\n\t<\/p>\n\n\n\n\n\n<h2 class=\"wp-block-heading\">Imbr\u00f3glio com remanejo ap\u00f3s entrada da Shein foram parar no MPT<\/h2>\n\n\n\n<p>O impasse entre a gest\u00e3o da Coteminas &#8211; por conta da prov\u00e1vel demiss\u00e3o &#8211; e os sindicatos se acirrou recentemente.<\/p>\n\n\n\n<p>Na segunda (3) foi feita uma assembleia na portaria principal da empresa, com oposi\u00e7\u00e3o \u00e0s novas medidas anunciadas.<\/p>\n\n\n\n<p>Al\u00e9m disso, l\u00edderes sindicais citaram dificuldades nas negocia\u00e7\u00f5es em relatos \u00e0 imprensa.<\/p>\n\n\n\n<p>Nos tribunais, o Sintrafite chegou a entrar com a\u00e7\u00e3o no Minist\u00e9rio P\u00fablico do Trabalho (MPT), que por sua vez recomendou que a Coteminas n\u00e3o siga com a demiss\u00e3o em massa e minimize os impactos da <a class=\"suno-keyword\" target=\"_blank\" data-force=\"no\" data-priority=\"1\" href=\"https:\/\/www.suno.com.br\/artigos\/crise-financeira\/\" rel=\"noopener\">crise financeira<\/a> de outra forma.<\/p>\n\n\n\n<h2 class=\"wp-block-heading\">A\u00e7\u00f5e da Coteminas<\/h2>\n\n\n\n<p>Os pap\u00e9is da ind\u00fastria tem somado um desempenho negativo nas \u00faltimas semanas, mas ficam com saldo positivo no acumulado de 2023, devido \u00e0s sinaliza\u00e7\u00f5es sobre a parceria com a <strong>Shein<\/strong>. Com isso, apesar da queda de 19% nos \u00faltimos 30% dias, as a\u00e7\u00f5es <a href=\"https:\/\/statusinvest.com.br\/acoes\/CTNM4\" target=\"_blank\" rel=\"noreferrer noopener\">CTNM4 <\/a>ainda sobem 81% neste ano, com rali iniciado em abril.<\/p>\n\n\n\t<p>\n\t\t<a href=\"https:\/\/lp.suno.com.br\/suno-one\/?utm_campaign=_SNC6964518A_\" target=\"_blank\" data-element=\"shortcode-suno-banner\" title=\"Banner SUNO, clique e saiba mais\">\n\t\t\t<picture>\n\t\t\t\t<source media=\"(max-width: 500px)\" srcset=\"https:\/\/files.sunoresearch.com.br\/n\/uploads\/2025\/09\/400x300-Suno-One-png.webp\">\n\t\t\t\t<img class=\"newsContent__article__imgCapa newsContent__article__imgCapa--banner\"\n\t\t\t\t\tsrc=\"https:\/\/files.sunoresearch.com.br\/n\/uploads\/2025\/09\/1420x240-Suno-One-png.webp\"\n\t\t\t\t\tdata-promo-id=\"383121\"\t\t\t\t\t\t\t\t\t\twidth='1420' height='240'\t\t\t\t\talt=\"https:\/\/files.sunoresearch.com.br\/n\/uploads\/2025\/09\/1420x240-Suno-One-png.webp\"\n\t\t\t\t>\n\t\t\t<\/picture>\n\t\t<\/a>\n\t<\/p>\n\n\n","protected":false},"excerpt":{"rendered":"<p>A Companhia de Tecidos Norte de Minas, Coteminas (CTNM4)),prepara uma demiss\u00e3o em massa que deve atingir at\u00e9 70% do seu quadro de funcion\u00e1rios em Blumenau (SC), ao passo que deve segurar panorama atual em Natal (RN), onde produzir\u00e1 para a Shein, varejista chinesa. Shein. Foto: iStock Segundo o secret\u00e1rio-adjunto de desenvolvimento econ\u00f4mico do Rio Grande [&hellip;]<\/p>\n","protected":false},"author":73,"featured_media":406964,"comment_status":"closed","ping_status":"closed","sticky":false,"template":"","format":"standard","meta":[],"categories":[64],"tags":[803],"suno_strategy":[],"class_list":["post-425768","post","type-post","status-publish","format-standard","has-post-thumbnail","hentry","category-negocios","tag-varejo"],"yoast_head":"<!-- This site is optimized with the Yoast SEO plugin v24.4 - https:\/\/yoast.com\/wordpress\/plugins\/seo\/ -->\n<title>De olho na Shein, Coteminas faz demiss\u00e3o em massa em Blumenau<\/title>\n<meta name=\"description\" content=\"As decis\u00f5es recentes v\u00e3o de encontro com um memorando divulgado pela Coteminas ao fim de abril, citando um entendimento para nacionalizar parte dos produtos que a Shein vende em solo brasileiro\" \/>\n<meta name=\"robots\" content=\"index, follow, max-snippet:-1, max-image-preview:large, max-video-preview:-1\" \/>\n<link rel=\"canonical\" href=\"https:\/\/www.suno.com.br\/noticias\/shein-varejo-coteminas-demite-blumenau-evm\/\" \/>\n<meta property=\"og:locale\" content=\"pt_BR\" \/>\n<meta property=\"og:type\" content=\"article\" \/>\n<meta property=\"og:title\" content=\"De olho na Shein, Coteminas faz demiss\u00e3o em massa em Blumenau\" \/>\n<meta property=\"og:description\" content=\"As decis\u00f5es recentes v\u00e3o de encontro com um memorando divulgado pela Coteminas ao fim de abril, citando um entendimento para nacionalizar parte dos produtos que a Shein vende em solo brasileiro\" \/>\n<meta property=\"og:url\" content=\"https:\/\/www.suno.com.br\/noticias\/shein-varejo-coteminas-demite-blumenau-evm\/\" \/>\n<meta property=\"og:site_name\" content=\"Suno Not\u00edcias\" \/>\n<meta property=\"article:publisher\" content=\"https:\/\/facebook.com\/sunoresearch\" \/>\n<meta property=\"og:image\" content=\"https:\/\/files.sunoresearch.com.br\/n\/uploads\/2023\/05\/shein.jpg\" \/>\n\t<meta property=\"og:image:width\" content=\"1200\" \/>\n\t<meta property=\"og:image:height\" content=\"800\" \/>\n\t<meta property=\"og:image:type\" content=\"image\/jpeg\" \/>\n<meta name=\"author\" content=\"Eduardo Vargas\" \/>\n<meta name=\"twitter:card\" content=\"summary_large_image\" \/>\n<meta name=\"twitter:creator\" content=\"@sunoresearch\" \/>\n<meta name=\"twitter:site\" content=\"@sunoresearch\" \/>\n<meta name=\"twitter:label1\" content=\"Escrito por\" \/>\n\t<meta name=\"twitter:data1\" content=\"Eduardo Vargas\" \/>\n\t<meta name=\"twitter:label2\" content=\"Est. tempo de leitura\" \/>\n\t<meta name=\"twitter:data2\" content=\"3 minutos\" \/>\n<script type=\"application\/ld+json\" class=\"yoast-schema-graph\">{\"@context\":\"https:\/\/schema.org\",\"@graph\":[{\"@type\":\"NewsArticle\",\"@id\":\"https:\/\/www.suno.com.br\/noticias\/shein-varejo-coteminas-demite-blumenau-evm\/#article\",\"isPartOf\":{\"@id\":\"https:\/\/www.suno.com.br\/noticias\/shein-varejo-coteminas-demite-blumenau-evm\/\"},\"author\":{\"name\":\"Eduardo Vargas\",\"@id\":\"https:\/\/www.suno.com.br\/noticias\/#\/schema\/person\/7f4d362bf3518e76090143ae77bb49a5\"},\"headline\":\"De olho na Shein, Coteminas (CTNM4) faz demiss\u00e3o em massa em Blumenau\",\"datePublished\":\"2023-07-06T12:59:16+00:00\",\"dateModified\":\"2023-07-06T15:14:48+00:00\",\"mainEntityOfPage\":{\"@id\":\"https:\/\/www.suno.com.br\/noticias\/shein-varejo-coteminas-demite-blumenau-evm\/\"},\"wordCount\":481,\"publisher\":{\"@id\":\"https:\/\/www.suno.com.br\/noticias\/#organization\"},\"image\":{\"@id\":\"https:\/\/www.suno.com.br\/noticias\/shein-varejo-coteminas-demite-blumenau-evm\/#primaryimage\"},\"thumbnailUrl\":\"https:\/\/files.sunoresearch.com.br\/n\/uploads\/2023\/05\/shein.jpg\",\"keywords\":[\"varejo\"],\"articleSection\":[\"Neg\u00f3cios\"],\"inLanguage\":\"pt-BR\"},{\"@type\":\"WebPage\",\"@id\":\"https:\/\/www.suno.com.br\/noticias\/shein-varejo-coteminas-demite-blumenau-evm\/\",\"url\":\"https:\/\/www.suno.com.br\/noticias\/shein-varejo-coteminas-demite-blumenau-evm\/\",\"name\":\"De olho na Shein, Coteminas faz demiss\u00e3o em massa em Blumenau\",\"isPartOf\":{\"@id\":\"https:\/\/www.suno.com.br\/noticias\/#website\"},\"primaryImageOfPage\":{\"@id\":\"https:\/\/www.suno.com.br\/noticias\/shein-varejo-coteminas-demite-blumenau-evm\/#primaryimage\"},\"image\":{\"@id\":\"https:\/\/www.suno.com.br\/noticias\/shein-varejo-coteminas-demite-blumenau-evm\/#primaryimage\"},\"thumbnailUrl\":\"https:\/\/files.sunoresearch.com.br\/n\/uploads\/2023\/05\/shein.jpg\",\"datePublished\":\"2023-07-06T12:59:16+00:00\",\"dateModified\":\"2023-07-06T15:14:48+00:00\",\"description\":\"As decis\u00f5es recentes v\u00e3o de encontro com um memorando divulgado pela Coteminas ao fim de abril, citando um entendimento para nacionalizar parte dos produtos que a Shein vende em solo brasileiro\",\"breadcrumb\":{\"@id\":\"https:\/\/www.suno.com.br\/noticias\/shein-varejo-coteminas-demite-blumenau-evm\/#breadcrumb\"},\"inLanguage\":\"pt-BR\",\"potentialAction\":[{\"@type\":\"ReadAction\",\"target\":[\"https:\/\/www.suno.com.br\/noticias\/shein-varejo-coteminas-demite-blumenau-evm\/\"]}]},{\"@type\":\"ImageObject\",\"inLanguage\":\"pt-BR\",\"@id\":\"https:\/\/www.suno.com.br\/noticias\/shein-varejo-coteminas-demite-blumenau-evm\/#primaryimage\",\"url\":\"https:\/\/files.sunoresearch.com.br\/n\/uploads\/2023\/05\/shein.jpg\",\"contentUrl\":\"https:\/\/files.sunoresearch.com.br\/n\/uploads\/2023\/05\/shein.jpg\",\"width\":1200,\"height\":800,\"caption\":\"Shein. Foto: iStock\"},{\"@type\":\"BreadcrumbList\",\"@id\":\"https:\/\/www.suno.com.br\/noticias\/shein-varejo-coteminas-demite-blumenau-evm\/#breadcrumb\",\"itemListElement\":[{\"@type\":\"ListItem\",\"position\":1,\"name\":\"Not\u00edcias\",\"item\":\"https:\/\/www.suno.com.br\/noticias\/\"},{\"@type\":\"ListItem\",\"position\":2,\"name\":\"Neg\u00f3cios\",\"item\":\"https:\/\/www.suno.com.br\/noticias\/negocios\/\"},{\"@type\":\"ListItem\",\"position\":3,\"name\":\"De olho na Shein, Coteminas (CTNM4) faz demiss\u00e3o em massa em Blumenau\"}]},{\"@type\":\"WebSite\",\"@id\":\"https:\/\/www.suno.com.br\/noticias\/#website\",\"url\":\"https:\/\/www.suno.com.br\/noticias\/\",\"name\":\"Suno Not\u00edcias\",\"description\":\"Seu portal de informa\u00e7\u00e3o sobre o mundo dos investimentos\",\"publisher\":{\"@id\":\"https:\/\/www.suno.com.br\/noticias\/#organization\"},\"potentialAction\":[{\"@type\":\"SearchAction\",\"target\":{\"@type\":\"EntryPoint\",\"urlTemplate\":\"https:\/\/www.suno.com.br\/noticias\/?s={search_term_string}\"},\"query-input\":{\"@type\":\"PropertyValueSpecification\",\"valueRequired\":true,\"valueName\":\"search_term_string\"}}],\"inLanguage\":\"pt-BR\"},{\"@type\":\"Organization\",\"@id\":\"https:\/\/www.suno.com.br\/noticias\/#organization\",\"name\":\"Suno Not\u00edcias\",\"url\":\"https:\/\/www.suno.com.br\/noticias\/\",\"logo\":{\"@type\":\"ImageObject\",\"inLanguage\":\"pt-BR\",\"@id\":\"https:\/\/www.suno.com.br\/noticias\/#\/schema\/logo\/image\/\",\"url\":\"https:\/\/files.sunoresearch.com.br\/n\/uploads\/2021\/09\/suno-logo.png\",\"contentUrl\":\"https:\/\/files.sunoresearch.com.br\/n\/uploads\/2021\/09\/suno-logo.png\",\"width\":180,\"height\":180,\"caption\":\"Suno Not\u00edcias\"},\"image\":{\"@id\":\"https:\/\/www.suno.com.br\/noticias\/#\/schema\/logo\/image\/\"},\"sameAs\":[\"https:\/\/facebook.com\/sunoresearch\",\"https:\/\/x.com\/sunoresearch\",\"https:\/\/www.instagram.com\/suno\",\"https:\/\/www.linkedin.com\/company\/suno-research\/\",\"https:\/\/www.youtube.com\/c\/sunoresearch\"]},{\"@type\":\"Person\",\"@id\":\"https:\/\/www.suno.com.br\/noticias\/#\/schema\/person\/7f4d362bf3518e76090143ae77bb49a5\",\"name\":\"Eduardo Vargas\",\"image\":{\"@type\":\"ImageObject\",\"inLanguage\":\"pt-BR\",\"@id\":\"https:\/\/www.suno.com.br\/noticias\/#\/schema\/person\/image\/\",\"url\":\"https:\/\/secure.gravatar.com\/avatar\/dac340933427a22924c9f99d1eb2e3f2?s=96&r=g\",\"contentUrl\":\"https:\/\/secure.gravatar.com\/avatar\/dac340933427a22924c9f99d1eb2e3f2?s=96&r=g\",\"caption\":\"Eduardo Vargas\"},\"description\":\"Jornalista formado pela UFSC, cobre macroeconomia, neg\u00f3cios e startups para o Suno Not\u00edcias, escrevendo principalmente not\u00edcias sobre o mercado financeiro e a bolsa de valores. No YouTube e no Instagram, \u00e9 respons\u00e1vel pela produ\u00e7\u00e3o de Reels e Shorts do Suno Not\u00edcias. Anteriormente, trabalhou cobrindo economia e cotidiano no ND+ e para o ND, maior jornal impresso de Santa Catarina. Cursou um semestre letivo de Estudos de M\u00eddia na Universidad de Buenos Aires.\",\"url\":\"https:\/\/www.suno.com.br\/noticias\/author\/eduardo-vargas\/\"}]}<\/script>\n<!-- \/ Yoast SEO plugin. -->","yoast_head_json":{"title":"De olho na Shein, Coteminas faz demiss\u00e3o em massa em Blumenau","description":"As decis\u00f5es recentes v\u00e3o de encontro com um memorando divulgado pela Coteminas ao fim de abril, citando um entendimento para nacionalizar parte dos produtos que a Shein vende em solo brasileiro","robots":{"index":"index","follow":"follow","max-snippet":"max-snippet:-1","max-image-preview":"max-image-preview:large","max-video-preview":"max-video-preview:-1"},"canonical":"https:\/\/www.suno.com.br\/noticias\/shein-varejo-coteminas-demite-blumenau-evm\/","og_locale":"pt_BR","og_type":"article","og_title":"De olho na Shein, Coteminas faz demiss\u00e3o em massa em Blumenau","og_description":"As decis\u00f5es recentes v\u00e3o de encontro com um memorando divulgado pela Coteminas ao fim de abril, citando um entendimento para nacionalizar parte dos produtos que a Shein vende em solo brasileiro","og_url":"https:\/\/www.suno.com.br\/noticias\/shein-varejo-coteminas-demite-blumenau-evm\/","og_site_name":"Suno Not\u00edcias","article_publisher":"https:\/\/facebook.com\/sunoresearch","og_image":[{"width":1200,"height":800,"url":"https:\/\/files.sunoresearch.com.br\/n\/uploads\/2023\/05\/shein.jpg","type":"image\/jpeg"}],"author":"Eduardo Vargas","twitter_card":"summary_large_image","twitter_creator":"@sunoresearch","twitter_site":"@sunoresearch","twitter_misc":{"Escrito por":"Eduardo Vargas","Est. tempo de leitura":"3 minutos"},"schema":{"@context":"https:\/\/schema.org","@graph":[{"@type":"NewsArticle","@id":"https:\/\/www.suno.com.br\/noticias\/shein-varejo-coteminas-demite-blumenau-evm\/#article","isPartOf":{"@id":"https:\/\/www.suno.com.br\/noticias\/shein-varejo-coteminas-demite-blumenau-evm\/"},"author":{"name":"Eduardo Vargas","@id":"https:\/\/www.suno.com.br\/noticias\/#\/schema\/person\/7f4d362bf3518e76090143ae77bb49a5"},"headline":"De olho na Shein, Coteminas (CTNM4) faz demiss\u00e3o em massa em Blumenau","datePublished":"2023-07-06T12:59:16+00:00","dateModified":"2023-07-06T15:14:48+00:00","mainEntityOfPage":{"@id":"https:\/\/www.suno.com.br\/noticias\/shein-varejo-coteminas-demite-blumenau-evm\/"},"wordCount":481,"publisher":{"@id":"https:\/\/www.suno.com.br\/noticias\/#organization"},"image":{"@id":"https:\/\/www.suno.com.br\/noticias\/shein-varejo-coteminas-demite-blumenau-evm\/#primaryimage"},"thumbnailUrl":"https:\/\/files.sunoresearch.com.br\/n\/uploads\/2023\/05\/shein.jpg","keywords":["varejo"],"articleSection":["Neg\u00f3cios"],"inLanguage":"pt-BR"},{"@type":"WebPage","@id":"https:\/\/www.suno.com.br\/noticias\/shein-varejo-coteminas-demite-blumenau-evm\/","url":"https:\/\/www.suno.com.br\/noticias\/shein-varejo-coteminas-demite-blumenau-evm\/","name":"De olho na Shein, Coteminas faz demiss\u00e3o em massa em Blumenau","isPartOf":{"@id":"https:\/\/www.suno.com.br\/noticias\/#website"},"primaryImageOfPage":{"@id":"https:\/\/www.suno.com.br\/noticias\/shein-varejo-coteminas-demite-blumenau-evm\/#primaryimage"},"image":{"@id":"https:\/\/www.suno.com.br\/noticias\/shein-varejo-coteminas-demite-blumenau-evm\/#primaryimage"},"thumbnailUrl":"https:\/\/files.sunoresearch.com.br\/n\/uploads\/2023\/05\/shein.jpg","datePublished":"2023-07-06T12:59:16+00:00","dateModified":"2023-07-06T15:14:48+00:00","description":"As decis\u00f5es recentes v\u00e3o de encontro com um memorando divulgado pela Coteminas ao fim de abril, citando um entendimento para nacionalizar parte dos produtos que a Shein vende em solo brasileiro","breadcrumb":{"@id":"https:\/\/www.suno.com.br\/noticias\/shein-varejo-coteminas-demite-blumenau-evm\/#breadcrumb"},"inLanguage":"pt-BR","potentialAction":[{"@type":"ReadAction","target":["https:\/\/www.suno.com.br\/noticias\/shein-varejo-coteminas-demite-blumenau-evm\/"]}]},{"@type":"ImageObject","inLanguage":"pt-BR","@id":"https:\/\/www.suno.com.br\/noticias\/shein-varejo-coteminas-demite-blumenau-evm\/#primaryimage","url":"https:\/\/files.sunoresearch.com.br\/n\/uploads\/2023\/05\/shein.jpg","contentUrl":"https:\/\/files.sunoresearch.com.br\/n\/uploads\/2023\/05\/shein.jpg","width":1200,"height":800,"caption":"Shein. Foto: iStock"},{"@type":"BreadcrumbList","@id":"https:\/\/www.suno.com.br\/noticias\/shein-varejo-coteminas-demite-blumenau-evm\/#breadcrumb","itemListElement":[{"@type":"ListItem","position":1,"name":"Not\u00edcias","item":"https:\/\/www.suno.com.br\/noticias\/"},{"@type":"ListItem","position":2,"name":"Neg\u00f3cios","item":"https:\/\/www.suno.com.br\/noticias\/negocios\/"},{"@type":"ListItem","position":3,"name":"De olho na Shein, Coteminas (CTNM4) faz demiss\u00e3o em massa em Blumenau"}]},{"@type":"WebSite","@id":"https:\/\/www.suno.com.br\/noticias\/#website","url":"https:\/\/www.suno.com.br\/noticias\/","name":"Suno Not\u00edcias","description":"Seu portal de informa\u00e7\u00e3o sobre o mundo dos investimentos","publisher":{"@id":"https:\/\/www.suno.com.br\/noticias\/#organization"},"potentialAction":[{"@type":"SearchAction","target":{"@type":"EntryPoint","urlTemplate":"https:\/\/www.suno.com.br\/noticias\/?s={search_term_string}"},"query-input":{"@type":"PropertyValueSpecification","valueRequired":true,"valueName":"search_term_string"}}],"inLanguage":"pt-BR"},{"@type":"Organization","@id":"https:\/\/www.suno.com.br\/noticias\/#organization","name":"Suno Not\u00edcias","url":"https:\/\/www.suno.com.br\/noticias\/","logo":{"@type":"ImageObject","inLanguage":"pt-BR","@id":"https:\/\/www.suno.com.br\/noticias\/#\/schema\/logo\/image\/","url":"https:\/\/files.sunoresearch.com.br\/n\/uploads\/2021\/09\/suno-logo.png","contentUrl":"https:\/\/files.sunoresearch.com.br\/n\/uploads\/2021\/09\/suno-logo.png","width":180,"height":180,"caption":"Suno Not\u00edcias"},"image":{"@id":"https:\/\/www.suno.com.br\/noticias\/#\/schema\/logo\/image\/"},"sameAs":["https:\/\/facebook.com\/sunoresearch","https:\/\/x.com\/sunoresearch","https:\/\/www.instagram.com\/suno","https:\/\/www.linkedin.com\/company\/suno-research\/","https:\/\/www.youtube.com\/c\/sunoresearch"]},{"@type":"Person","@id":"https:\/\/www.suno.com.br\/noticias\/#\/schema\/person\/7f4d362bf3518e76090143ae77bb49a5","name":"Eduardo Vargas","image":{"@type":"ImageObject","inLanguage":"pt-BR","@id":"https:\/\/www.suno.com.br\/noticias\/#\/schema\/person\/image\/","url":"https:\/\/secure.gravatar.com\/avatar\/dac340933427a22924c9f99d1eb2e3f2?s=96&r=g","contentUrl":"https:\/\/secure.gravatar.com\/avatar\/dac340933427a22924c9f99d1eb2e3f2?s=96&r=g","caption":"Eduardo Vargas"},"description":"Jornalista formado pela UFSC, cobre macroeconomia, neg\u00f3cios e startups para o Suno Not\u00edcias, escrevendo principalmente not\u00edcias sobre o mercado financeiro e a bolsa de valores. No YouTube e no Instagram, \u00e9 respons\u00e1vel pela produ\u00e7\u00e3o de Reels e Shorts do Suno Not\u00edcias. Anteriormente, trabalhou cobrindo economia e cotidiano no ND+ e para o ND, maior jornal impresso de Santa Catarina. Cursou um semestre letivo de Estudos de M\u00eddia na Universidad de Buenos Aires.","url":"https:\/\/www.suno.com.br\/noticias\/author\/eduardo-vargas\/"}]}},"default_loop_html":"<div class=\"cardsPage__listCard__boxs\"><div class=\"cardsPage__listCard__boxs__img\"><a href=\"https:\/\/www.suno.com.br\/noticias\/shein-varejo-coteminas-demite-blumenau-evm\/\"><img class=\"mask\" src=\"https:\/\/www.suno.com.br\/noticias\/wp-content\/themes\/suno\/resources\/images\/spotlight\/spotlight1img\/bg-mask.png\" alt=\"Image Mask\"\/><img src=\"https:\/\/files.sunoresearch.com.br\/n\/uploads\/2023\/05\/shein-400x200.jpg\" alt=\"De olho na Shein, Coteminas (CTNM4) faz demiss\u00e3o em massa em Blumenau\"\/><\/a><span class=\"spotlightCategory\"><a href=\"https:\/\/www.suno.com.br\/noticias\/negocios\/\">Neg\u00f3cios<\/a><\/span><\/div><div class=\"cardsPage__listCard__boxs__content\"><a href=\"https:\/\/www.suno.com.br\/noticias\/shein-varejo-coteminas-demite-blumenau-evm\/\"><h2 class=\"content__title\">De olho na Shein, Coteminas (CTNM4) faz demiss\u00e3o em massa em Blumenau<\/h2><\/a><div class=\"newsContent__article__meta\"><div class=\"newsContent__article__meta__authorBox\"><a href=\"https:\/\/www.suno.com.br\/noticias\/author\/eduardo-vargas\/\" class=\"authorBox__avatar noMobi\"><img src=\"https:\/\/secure.gravatar.com\/avatar\/dac340933427a22924c9f99d1eb2e3f2?s=96&#038;r=g\" alt=\"Eduardo Vargas\"><\/a><div class=\"authorBox__name\"><span>por\n\t\t\t<a href=\"https:\/\/www.suno.com.br\/noticias\/author\/eduardo-vargas\/\"><span itemprop=\"author\">Eduardo Vargas<\/span><\/a><\/span><time datetime=\"2023-07-06T09:59:16-03:00\" itemprop=\"datePublished\">06\/07\/2023 09:59<\/time><\/div><\/div><\/div><\/div><\/div>","single_layout":"posts","amp_enabled":true,"_links":{"self":[{"href":"https:\/\/www.suno.com.br\/noticias\/wp-json\/wp\/v2\/posts\/425768"}],"collection":[{"href":"https:\/\/www.suno.com.br\/noticias\/wp-json\/wp\/v2\/posts"}],"about":[{"href":"https:\/\/www.suno.com.br\/noticias\/wp-json\/wp\/v2\/types\/post"}],"author":[{"embeddable":true,"href":"https:\/\/www.suno.com.br\/noticias\/wp-json\/wp\/v2\/users\/73"}],"replies":[{"embeddable":true,"href":"https:\/\/www.suno.com.br\/noticias\/wp-json\/wp\/v2\/comments?post=425768"}],"version-history":[{"count":2,"href":"https:\/\/www.suno.com.br\/noticias\/wp-json\/wp\/v2\/posts\/425768\/revisions"}],"predecessor-version":[{"id":425894,"href":"https:\/\/www.suno.com.br\/noticias\/wp-json\/wp\/v2\/posts\/425768\/revisions\/425894"}],"wp:featuredmedia":[{"embeddable":true,"href":"https:\/\/www.suno.com.br\/noticias\/wp-json\/wp\/v2\/media\/406964"}],"wp:attachment":[{"href":"https:\/\/www.suno.com.br\/noticias\/wp-json\/wp\/v2\/media?parent=425768"}],"wp:term":[{"taxonomy":"category","embeddable":true,"href":"https:\/\/www.suno.com.br\/noticias\/wp-json\/wp\/v2\/categories?post=425768"},{"taxonomy":"post_tag","embeddable":true,"href":"https:\/\/www.suno.com.br\/noticias\/wp-json\/wp\/v2\/tags?post=425768"},{"taxonomy":"suno_strategy","embeddable":true,"href":"https:\/\/www.suno.com.br\/noticias\/wp-json\/wp\/v2\/suno_strategy?post=425768"}],"curies":[{"name":"wp","href":"https:\/\/api.w.org\/{rel}","templated":true}]}}