{"id":425712,"date":"2023-07-06T09:44:39","date_gmt":"2023-07-06T12:44:39","guid":{"rendered":"https:\/\/www.suno.com.br\/noticias\/?p=425712"},"modified":"2023-07-06T09:44:45","modified_gmt":"2023-07-06T12:44:45","slug":"reforma-tributaria-veja-o-que-muda-votacao-evm","status":"publish","type":"post","link":"https:\/\/www.suno.com.br\/noticias\/reforma-tributaria-veja-o-que-muda-votacao-evm\/","title":{"rendered":"Reforma tribut\u00e1ria pode ser votada hoje; veja o que muda"},"content":{"rendered":"<p>A <strong><a class=\"suno-keyword\" data-force=\"no\" data-priority=\"2\" href=\"https:\/\/www.suno.com.br\/artigos\/reforma-tributaria\/\" target=\"_blank\" rel=\"noopener\">reforma tribut\u00e1ria<\/a> <\/strong>deve ser votada ainda nesta quinta-feira (6) pela C\u00e2mara dos Deputados, conforme as sinaliza\u00e7\u00f5es do presidente da casa Arthur Lira (PP-AL).<\/p>\t<div class=\"wrapper-featured-image\">\n\t\t<figure class=\"spotlightImg\">\n\n\t\t\t<picture>\n\t\t\t\t<source media=\"(max-width: 768px)\" srcset=\"https:\/\/files.sunoresearch.com.br\/n\/uploads\/2022\/12\/arthur-lira-presidente-camara-400x200.jpg\">\n\t\t\t\t<img loading=\"lazy\" decoding=\"async\" class=\"newsContent__article__imgCapa lazyloadDisabled \" src=\"https:\/\/files.sunoresearch.com.br\/n\/uploads\/2022\/12\/arthur-lira-presidente-camara-800x450.jpg\" width=\"800\" height=\"450\" alt=\"Reforma tribut\u00e1ria pode ser votada hoje; veja o que muda\" fetchpriority=high \/>\n\t\t\t<\/picture>\n\n\t\t\t<figcaption class=\"wp-caption-text wp-caption-text--show\">Arthur Lira, presidente da C\u00e2mara dos Deputados. Foto: Marcelo Camargo\/Ag\u00eancia Brasil<\/figcaption>\n\t\t<\/figure>\n\t<\/div>\n\n\n\n\n\n\t<p>\n\t\t<a href=\"\" target=\"_blank\" data-element=\"shortcode-suno-banner\" title=\"Banner SUNO, clique e saiba mais\">\n\t\t\t<picture>\n\t\t\t\t<source media=\"(max-width: 500px)\" srcset=\"\">\n\t\t\t\t<img class=\"newsContent__article__imgCapa newsContent__article__imgCapa--banner\"\n\t\t\t\t\tsrc=\"\"\n\t\t\t\t\tdata-promo-id=\"240038\"\t\t\t\t\t\t\t\t\t\t\t\t\t\t\talt=\"\"\n\t\t\t\t>\n\t\t\t<\/picture>\n\t\t<\/a>\n\t<\/p>\n\n\n\n\n\n\n\n<p>O texto da reforma tribut\u00e1ria, cuja relatoria \u00e9 de Aguinaldo Ribeiro (PP-PB), precisa do apoio de ao menos 308 deputados, em dois turnos de vota\u00e7\u00e3o.<\/p>\n\n\n\n<p>Em acordo com Lira, o l\u00edder do PT na Casa, Zeca Dirceu (PR), e o do governo, Jos\u00e9 Guimar\u00e3es (PT-CE), apresentaram na \u00faltima segunda (3) um requerimento para permitir a quebra de interst\u00edcio na vota\u00e7\u00e3o da PEC. <\/p>\n\n\n\n<p>Na pr\u00e1tica, o mecanismo, que precisa ser aprovado em plen\u00e1rio, autoriza a vota\u00e7\u00e3o em segundo turno da PEC sem o cumprimento do prazo regimental de cinco sess\u00f5es.<\/p>\n\n\n\n<p>O texto atual da reforma, que ainda ser\u00e1 votado, prev\u00ea, dentre outros pontos, a possibilidade de cria\u00e7\u00e3o de um mecanismo que devolve imediatamente o novo IBS  a <a class=\"suno-keyword\" target=\"_blank\" data-force=\"no\" data-priority=\"2\" href=\"https:\/\/www.suno.com.br\/artigos\/pessoa-fisica\/\" rel=\"noopener\">pessoas f\u00edsicas<\/a>, &#8216;jogando contra&#8217; a regressividade dos tributos.<\/p>\n\n\n\n<p>O mecanismo ficou conhecido como &#8216;cashback&#8217; de imposto, e ainda deve ter p\u00fablicos definidos via Lei Complementar.<\/p>\n\n\n\n<h2 class=\"wp-block-heading\">IVA, IPVA e IPTU<\/h2>\n\n\n\n<p>O texto da <a class=\"suno-keyword\" target=\"_blank\" data-force=\"no\" data-priority=\"2\" href=\"https:\/\/www.suno.com.br\/artigos\/reforma-tributaria\/\" rel=\"noopener\">reforma tribut\u00e1ria<\/a> tamb\u00e9m prev\u00ea al\u00edquota reduzida em 50% para os setores que tem uma cadeira produtiva considerada curta, sendo eles:<\/p>\n\n\n\n<ul class=\"wp-block-list\">\n<li>Servi\u00e7os de transporte p\u00fablico coletivo urbano, semiurbano ou metropolitano;<\/li>\n\n\n\n<li>Parte dos medicamentos (al\u00edquota de IBS);<\/li>\n\n\n\n<li>Dispositivos m\u00e9dicos;<\/li>\n\n\n\n<li>Servi\u00e7os de sa\u00fade;<\/li>\n\n\n\n<li>Servi\u00e7os de educa\u00e7\u00e3o;<\/li>\n\n\n\n<li>Produtos agropecu\u00e1rios, pesqueiros, florestais e extrativistas vegetais in natura (para beneficiar a cesta b\u00e1sica);<\/li>\n\n\n\n<li>Insumos agropecu\u00e1rios, alimentos destinados ao consumo humano e produtos de higiene pessoal (para beneficiar a cesta b\u00e1sica);<\/li>\n\n\n\n<li>Atividades art\u00edsticas e culturais nacionais.<\/li>\n<\/ul>\n\n\n\n<p>Al\u00e9m disso, o novo regramento prev\u00ea cobran\u00e7a de Imposto sobre a Propriedade de Ve\u00edculos Automotores (IPVA) sobre ve\u00edculos aqu\u00e1ticos e a\u00e9reos, como jatos, helic\u00f3pteros, iates e jet skis.<\/p>\n\n\n\n<p>No caso do Imposto Predial e Territorial Urbano (IPTU), o texto da margem para gest\u00f5es municipais atualizarem a base de c\u00e1lculo via decreto.<\/p>\n\n\n\n<h2 class=\"wp-block-heading\">Cesta b\u00e1sica<\/h2>\n\n\n\n<p>O <strong>relator da reforma<\/strong>, Aguinaldo Ribeiro (PP-PB), zerou a al\u00edquota de imposto sobre a cesta b\u00e1sica na nova vers\u00e3o de seu parecer.<\/p>\n\n\n\n<p>Na vers\u00e3o anterior do <strong>relat\u00f3rio da reforma<\/strong>, a cesta b\u00e1sica era onerada em 50% da al\u00edquota padr\u00e3o do imposto \u00fanico sobre consumo. Deputados de oposi\u00e7\u00e3o ao governo <strong><a href=\"https:\/\/www.suno.com.br\/noticias\/piso-da-enfermagem-lula-pagamento-retroativo-evm\/\" target=\"_blank\" rel=\"noreferrer noopener\">Lula <\/a><\/strong>disseram que a proposta aumentaria o pre\u00e7o dos alimentos, j\u00e1 que hoje a cesta b\u00e1sica \u00e9 completamente desonerada.<\/p>\n\n\n\t<p>\n\t\t<a href=\"https:\/\/lp.suno.com.br\/ebook-gratuito-investindo-no-exterior\/\" target=\"_blank\" data-element=\"shortcode-suno-banner\" title=\"Banner SUNO, clique e saiba mais\">\n\t\t\t<picture>\n\t\t\t\t<source media=\"(max-width: 500px)\" srcset=\"https:\/\/files.sunoresearch.com.br\/n\/uploads\/2023\/03\/400x300-Investindo-no-exterior.png\">\n\t\t\t\t<img class=\"newsContent__article__imgCapa newsContent__article__imgCapa--banner\"\n\t\t\t\t\tsrc=\"https:\/\/files.sunoresearch.com.br\/n\/uploads\/2023\/03\/1420x240-Investindo-no-exterior.png\"\n\t\t\t\t\tdata-promo-id=\"383161\"\t\t\t\t\t\t\t\t\t\twidth='1420' height='240'\t\t\t\t\talt=\"https:\/\/files.sunoresearch.com.br\/n\/uploads\/2023\/03\/1420x240-Investindo-no-exterior.png\"\n\t\t\t\t>\n\t\t\t<\/picture>\n\t\t<\/a>\n\t<\/p>\n\n\n\n\n\n<p>A Associa\u00e7\u00e3o Brasileira de Supermercados (Abras) chegou a divulgar um estudo segundo o qual os produtos da cesta b\u00e1sica poderiam sofrer um aumento de impostos de 60% com a reforma.<\/p>\n\n\n\n<p>Em outro aceno ao <a href=\"https:\/\/www.suno.com.br\/noticias\/mercado-fiagro-espaco-crescer-aprimorar-diretor-suno\/\" target=\"_blank\" rel=\"noreferrer noopener\">agroneg\u00f3cio<\/a>, o relator especificou no novo parecer que a cobran\u00e7a de IPVA sobre ve\u00edculos automotores terrestres, aqu\u00e1ticos e a\u00e9reos n\u00e3o incidir\u00e1 sobre aeronaves agr\u00edcolas, tratores e m\u00e1quinas agr\u00edcolas. A nova vers\u00e3o da <a class=\"suno-keyword\" target=\"_blank\" data-force=\"no\" data-priority=\"2\" href=\"https:\/\/www.suno.com.br\/artigos\/reforma-tributaria\/\" rel=\"noopener\">reforma tribut\u00e1ria<\/a> tamb\u00e9m cria um regime espec\u00edfico para as cooperativas.<\/p>\n\n\n\n<h2 class=\"wp-block-heading\">Vota\u00e7\u00e3o da reforma tribut\u00e1ria deve ser nesta quinta<\/h2>\n\n\n\n<p>Ap\u00f3s impasses com governadores, o presidente da C\u00e2mara, Arthur Lira (PP-AL), iniciou na noite de quarta a discuss\u00e3o da reforma no plen\u00e1rio da Casa. <\/p>\n\n\n\n<p>A Mesa Diretora da C\u00e2mara cancelou todas as reuni\u00f5es de comiss\u00f5es tem\u00e1ticas e <a href=\"https:\/\/www2.camara.leg.br\/atividade-legislativa\/comissoes\/comissoes-temporarias\/parlamentar-de-inquerito\" target=\"_blank\" rel=\"noreferrer noopener\">Comiss\u00f5es Parlamentares de Inqu\u00e9rito (CPI)<\/a>, al\u00e9m de sess\u00f5es solenes, ao longo desta semana para que os parlamentares se dediquem \u00e0s vota\u00e7\u00f5es da pauta econ\u00f4mica. <\/p>\n\n\n\n<p>Al\u00e9m disso, para pressionar os deputados a irem para Bras\u00edlia para votar a <strong>reforma tribut\u00e1ria<\/strong>, a marca\u00e7\u00e3o remota de presen\u00e7a foi suspensa.<\/p>\n\n\n\n<p>Com informa\u00e7\u00f5es do Estad\u00e3o Conte\u00fado<\/p>\n\n\n\t<p>\n\t\t<a href=\"https:\/\/lp.suno.com.br\/suno-one\/?utm_campaign=_SNC6964518A_\" target=\"_blank\" data-element=\"shortcode-suno-banner\" title=\"Banner SUNO, clique e saiba mais\">\n\t\t\t<picture>\n\t\t\t\t<source media=\"(max-width: 500px)\" srcset=\"https:\/\/files.sunoresearch.com.br\/n\/uploads\/2025\/09\/400x300-Suno-One-png.webp\">\n\t\t\t\t<img class=\"newsContent__article__imgCapa newsContent__article__imgCapa--banner\"\n\t\t\t\t\tsrc=\"https:\/\/files.sunoresearch.com.br\/n\/uploads\/2025\/09\/1420x240-Suno-One-png.webp\"\n\t\t\t\t\tdata-promo-id=\"383121\"\t\t\t\t\t\t\t\t\t\twidth='1420' height='240'\t\t\t\t\talt=\"https:\/\/files.sunoresearch.com.br\/n\/uploads\/2025\/09\/1420x240-Suno-One-png.webp\"\n\t\t\t\t>\n\t\t\t<\/picture>\n\t\t<\/a>\n\t<\/p>\n\n\n","protected":false},"excerpt":{"rendered":"<p>A reforma tribut\u00e1ria deve ser votada ainda nesta quinta-feira (6) pela C\u00e2mara dos Deputados, conforme as sinaliza\u00e7\u00f5es do presidente da casa Arthur Lira (PP-AL). Arthur Lira, presidente da C\u00e2mara dos Deputados. Foto: Marcelo Camargo\/Ag\u00eancia Brasil O texto da reforma tribut\u00e1ria, cuja relatoria \u00e9 de Aguinaldo Ribeiro (PP-PB), precisa do apoio de ao menos 308 deputados, [&hellip;]<\/p>\n","protected":false},"author":73,"featured_media":336096,"comment_status":"closed","ping_status":"closed","sticky":false,"template":"","format":"standard","meta":[],"categories":[61],"tags":[106444,1286],"suno_strategy":[],"class_list":["post-425712","post","type-post","status-publish","format-standard","has-post-thumbnail","hentry","category-politica","tag-agencias","tag-reforma-tributaria"],"yoast_head":"<!-- This site is optimized with the Yoast SEO plugin v24.4 - https:\/\/yoast.com\/wordpress\/plugins\/seo\/ -->\n<title>Reforma tribut\u00e1ria pode ser votada hoje; veja o que muda<\/title>\n<meta name=\"description\" content=\"O texto da reforma tribut\u00e1ria precisar\u00e1 do apoio de ao menos 308 deputados, em dois turnos de vota\u00e7\u00e3o na C\u00e2mara dos Deputados\" \/>\n<meta name=\"robots\" content=\"index, follow, max-snippet:-1, max-image-preview:large, max-video-preview:-1\" \/>\n<link rel=\"canonical\" href=\"https:\/\/www.suno.com.br\/noticias\/reforma-tributaria-veja-o-que-muda-votacao-evm\/\" \/>\n<meta property=\"og:locale\" content=\"pt_BR\" \/>\n<meta property=\"og:type\" content=\"article\" \/>\n<meta property=\"og:title\" content=\"Reforma tribut\u00e1ria pode ser votada hoje; veja o que muda\" \/>\n<meta property=\"og:description\" content=\"O texto da reforma tribut\u00e1ria precisar\u00e1 do apoio de ao menos 308 deputados, em dois turnos de vota\u00e7\u00e3o na C\u00e2mara dos Deputados\" \/>\n<meta property=\"og:url\" content=\"https:\/\/www.suno.com.br\/noticias\/reforma-tributaria-veja-o-que-muda-votacao-evm\/\" \/>\n<meta property=\"og:site_name\" content=\"Suno Not\u00edcias\" \/>\n<meta property=\"article:publisher\" content=\"https:\/\/facebook.com\/sunoresearch\" \/>\n<meta property=\"og:image\" content=\"https:\/\/files.sunoresearch.com.br\/n\/uploads\/2022\/12\/arthur-lira-presidente-camara.jpg\" \/>\n\t<meta property=\"og:image:width\" content=\"1200\" \/>\n\t<meta property=\"og:image:height\" content=\"800\" \/>\n\t<meta property=\"og:image:type\" content=\"image\/jpeg\" \/>\n<meta name=\"author\" content=\"Eduardo Vargas\" \/>\n<meta name=\"twitter:card\" content=\"summary_large_image\" \/>\n<meta name=\"twitter:creator\" content=\"@sunoresearch\" \/>\n<meta name=\"twitter:site\" content=\"@sunoresearch\" \/>\n<meta name=\"twitter:label1\" content=\"Escrito por\" \/>\n\t<meta name=\"twitter:data1\" content=\"Eduardo Vargas\" \/>\n\t<meta name=\"twitter:label2\" content=\"Est. tempo de leitura\" \/>\n\t<meta name=\"twitter:data2\" content=\"4 minutos\" \/>\n<script type=\"application\/ld+json\" class=\"yoast-schema-graph\">{\"@context\":\"https:\/\/schema.org\",\"@graph\":[{\"@type\":\"NewsArticle\",\"@id\":\"https:\/\/www.suno.com.br\/noticias\/reforma-tributaria-veja-o-que-muda-votacao-evm\/#article\",\"isPartOf\":{\"@id\":\"https:\/\/www.suno.com.br\/noticias\/reforma-tributaria-veja-o-que-muda-votacao-evm\/\"},\"author\":{\"name\":\"Eduardo Vargas\",\"@id\":\"https:\/\/www.suno.com.br\/noticias\/#\/schema\/person\/7f4d362bf3518e76090143ae77bb49a5\"},\"headline\":\"Reforma tribut\u00e1ria pode ser votada hoje; veja o que muda\",\"datePublished\":\"2023-07-06T12:44:39+00:00\",\"dateModified\":\"2023-07-06T12:44:45+00:00\",\"mainEntityOfPage\":{\"@id\":\"https:\/\/www.suno.com.br\/noticias\/reforma-tributaria-veja-o-que-muda-votacao-evm\/\"},\"wordCount\":648,\"publisher\":{\"@id\":\"https:\/\/www.suno.com.br\/noticias\/#organization\"},\"image\":{\"@id\":\"https:\/\/www.suno.com.br\/noticias\/reforma-tributaria-veja-o-que-muda-votacao-evm\/#primaryimage\"},\"thumbnailUrl\":\"https:\/\/files.sunoresearch.com.br\/n\/uploads\/2022\/12\/arthur-lira-presidente-camara.jpg\",\"keywords\":[\"Ag\u00eancias\",\"reforma tribut\u00e1ria\"],\"articleSection\":[\"Pol\u00edtica\"],\"inLanguage\":\"pt-BR\"},{\"@type\":\"WebPage\",\"@id\":\"https:\/\/www.suno.com.br\/noticias\/reforma-tributaria-veja-o-que-muda-votacao-evm\/\",\"url\":\"https:\/\/www.suno.com.br\/noticias\/reforma-tributaria-veja-o-que-muda-votacao-evm\/\",\"name\":\"Reforma tribut\u00e1ria pode ser votada hoje; veja o que muda\",\"isPartOf\":{\"@id\":\"https:\/\/www.suno.com.br\/noticias\/#website\"},\"primaryImageOfPage\":{\"@id\":\"https:\/\/www.suno.com.br\/noticias\/reforma-tributaria-veja-o-que-muda-votacao-evm\/#primaryimage\"},\"image\":{\"@id\":\"https:\/\/www.suno.com.br\/noticias\/reforma-tributaria-veja-o-que-muda-votacao-evm\/#primaryimage\"},\"thumbnailUrl\":\"https:\/\/files.sunoresearch.com.br\/n\/uploads\/2022\/12\/arthur-lira-presidente-camara.jpg\",\"datePublished\":\"2023-07-06T12:44:39+00:00\",\"dateModified\":\"2023-07-06T12:44:45+00:00\",\"description\":\"O texto da reforma tribut\u00e1ria precisar\u00e1 do apoio de ao menos 308 deputados, em dois turnos de vota\u00e7\u00e3o na C\u00e2mara dos Deputados\",\"breadcrumb\":{\"@id\":\"https:\/\/www.suno.com.br\/noticias\/reforma-tributaria-veja-o-que-muda-votacao-evm\/#breadcrumb\"},\"inLanguage\":\"pt-BR\",\"potentialAction\":[{\"@type\":\"ReadAction\",\"target\":[\"https:\/\/www.suno.com.br\/noticias\/reforma-tributaria-veja-o-que-muda-votacao-evm\/\"]}]},{\"@type\":\"ImageObject\",\"inLanguage\":\"pt-BR\",\"@id\":\"https:\/\/www.suno.com.br\/noticias\/reforma-tributaria-veja-o-que-muda-votacao-evm\/#primaryimage\",\"url\":\"https:\/\/files.sunoresearch.com.br\/n\/uploads\/2022\/12\/arthur-lira-presidente-camara.jpg\",\"contentUrl\":\"https:\/\/files.sunoresearch.com.br\/n\/uploads\/2022\/12\/arthur-lira-presidente-camara.jpg\",\"width\":1200,\"height\":800,\"caption\":\"Arthur Lira, presidente da C\u00e2mara dos Deputados. Foto: Marcelo Camargo\/Ag\u00eancia Brasil\"},{\"@type\":\"BreadcrumbList\",\"@id\":\"https:\/\/www.suno.com.br\/noticias\/reforma-tributaria-veja-o-que-muda-votacao-evm\/#breadcrumb\",\"itemListElement\":[{\"@type\":\"ListItem\",\"position\":1,\"name\":\"Not\u00edcias\",\"item\":\"https:\/\/www.suno.com.br\/noticias\/\"},{\"@type\":\"ListItem\",\"position\":2,\"name\":\"Pol\u00edtica\",\"item\":\"https:\/\/www.suno.com.br\/noticias\/politica\/\"},{\"@type\":\"ListItem\",\"position\":3,\"name\":\"Reforma tribut\u00e1ria pode ser votada hoje; veja o que muda\"}]},{\"@type\":\"WebSite\",\"@id\":\"https:\/\/www.suno.com.br\/noticias\/#website\",\"url\":\"https:\/\/www.suno.com.br\/noticias\/\",\"name\":\"Suno Not\u00edcias\",\"description\":\"Seu portal de informa\u00e7\u00e3o sobre o mundo dos investimentos\",\"publisher\":{\"@id\":\"https:\/\/www.suno.com.br\/noticias\/#organization\"},\"potentialAction\":[{\"@type\":\"SearchAction\",\"target\":{\"@type\":\"EntryPoint\",\"urlTemplate\":\"https:\/\/www.suno.com.br\/noticias\/?s={search_term_string}\"},\"query-input\":{\"@type\":\"PropertyValueSpecification\",\"valueRequired\":true,\"valueName\":\"search_term_string\"}}],\"inLanguage\":\"pt-BR\"},{\"@type\":\"Organization\",\"@id\":\"https:\/\/www.suno.com.br\/noticias\/#organization\",\"name\":\"Suno Not\u00edcias\",\"url\":\"https:\/\/www.suno.com.br\/noticias\/\",\"logo\":{\"@type\":\"ImageObject\",\"inLanguage\":\"pt-BR\",\"@id\":\"https:\/\/www.suno.com.br\/noticias\/#\/schema\/logo\/image\/\",\"url\":\"https:\/\/files.sunoresearch.com.br\/n\/uploads\/2021\/09\/suno-logo.png\",\"contentUrl\":\"https:\/\/files.sunoresearch.com.br\/n\/uploads\/2021\/09\/suno-logo.png\",\"width\":180,\"height\":180,\"caption\":\"Suno Not\u00edcias\"},\"image\":{\"@id\":\"https:\/\/www.suno.com.br\/noticias\/#\/schema\/logo\/image\/\"},\"sameAs\":[\"https:\/\/facebook.com\/sunoresearch\",\"https:\/\/x.com\/sunoresearch\",\"https:\/\/www.instagram.com\/suno\",\"https:\/\/www.linkedin.com\/company\/suno-research\/\",\"https:\/\/www.youtube.com\/c\/sunoresearch\"]},{\"@type\":\"Person\",\"@id\":\"https:\/\/www.suno.com.br\/noticias\/#\/schema\/person\/7f4d362bf3518e76090143ae77bb49a5\",\"name\":\"Eduardo Vargas\",\"image\":{\"@type\":\"ImageObject\",\"inLanguage\":\"pt-BR\",\"@id\":\"https:\/\/www.suno.com.br\/noticias\/#\/schema\/person\/image\/\",\"url\":\"https:\/\/secure.gravatar.com\/avatar\/dac340933427a22924c9f99d1eb2e3f2?s=96&r=g\",\"contentUrl\":\"https:\/\/secure.gravatar.com\/avatar\/dac340933427a22924c9f99d1eb2e3f2?s=96&r=g\",\"caption\":\"Eduardo Vargas\"},\"description\":\"Jornalista formado pela UFSC, cobre macroeconomia, neg\u00f3cios e startups para o Suno Not\u00edcias, escrevendo principalmente not\u00edcias sobre o mercado financeiro e a bolsa de valores. No YouTube e no Instagram, \u00e9 respons\u00e1vel pela produ\u00e7\u00e3o de Reels e Shorts do Suno Not\u00edcias. Anteriormente, trabalhou cobrindo economia e cotidiano no ND+ e para o ND, maior jornal impresso de Santa Catarina. Cursou um semestre letivo de Estudos de M\u00eddia na Universidad de Buenos Aires.\",\"url\":\"https:\/\/www.suno.com.br\/noticias\/author\/eduardo-vargas\/\"}]}<\/script>\n<!-- \/ Yoast SEO plugin. -->","yoast_head_json":{"title":"Reforma tribut\u00e1ria pode ser votada hoje; veja o que muda","description":"O texto da reforma tribut\u00e1ria precisar\u00e1 do apoio de ao menos 308 deputados, em dois turnos de vota\u00e7\u00e3o na C\u00e2mara dos Deputados","robots":{"index":"index","follow":"follow","max-snippet":"max-snippet:-1","max-image-preview":"max-image-preview:large","max-video-preview":"max-video-preview:-1"},"canonical":"https:\/\/www.suno.com.br\/noticias\/reforma-tributaria-veja-o-que-muda-votacao-evm\/","og_locale":"pt_BR","og_type":"article","og_title":"Reforma tribut\u00e1ria pode ser votada hoje; veja o que muda","og_description":"O texto da reforma tribut\u00e1ria precisar\u00e1 do apoio de ao menos 308 deputados, em dois turnos de vota\u00e7\u00e3o na C\u00e2mara dos Deputados","og_url":"https:\/\/www.suno.com.br\/noticias\/reforma-tributaria-veja-o-que-muda-votacao-evm\/","og_site_name":"Suno Not\u00edcias","article_publisher":"https:\/\/facebook.com\/sunoresearch","og_image":[{"width":1200,"height":800,"url":"https:\/\/files.sunoresearch.com.br\/n\/uploads\/2022\/12\/arthur-lira-presidente-camara.jpg","type":"image\/jpeg"}],"author":"Eduardo Vargas","twitter_card":"summary_large_image","twitter_creator":"@sunoresearch","twitter_site":"@sunoresearch","twitter_misc":{"Escrito por":"Eduardo Vargas","Est. tempo de leitura":"4 minutos"},"schema":{"@context":"https:\/\/schema.org","@graph":[{"@type":"NewsArticle","@id":"https:\/\/www.suno.com.br\/noticias\/reforma-tributaria-veja-o-que-muda-votacao-evm\/#article","isPartOf":{"@id":"https:\/\/www.suno.com.br\/noticias\/reforma-tributaria-veja-o-que-muda-votacao-evm\/"},"author":{"name":"Eduardo Vargas","@id":"https:\/\/www.suno.com.br\/noticias\/#\/schema\/person\/7f4d362bf3518e76090143ae77bb49a5"},"headline":"Reforma tribut\u00e1ria pode ser votada hoje; veja o que muda","datePublished":"2023-07-06T12:44:39+00:00","dateModified":"2023-07-06T12:44:45+00:00","mainEntityOfPage":{"@id":"https:\/\/www.suno.com.br\/noticias\/reforma-tributaria-veja-o-que-muda-votacao-evm\/"},"wordCount":648,"publisher":{"@id":"https:\/\/www.suno.com.br\/noticias\/#organization"},"image":{"@id":"https:\/\/www.suno.com.br\/noticias\/reforma-tributaria-veja-o-que-muda-votacao-evm\/#primaryimage"},"thumbnailUrl":"https:\/\/files.sunoresearch.com.br\/n\/uploads\/2022\/12\/arthur-lira-presidente-camara.jpg","keywords":["Ag\u00eancias","reforma tribut\u00e1ria"],"articleSection":["Pol\u00edtica"],"inLanguage":"pt-BR"},{"@type":"WebPage","@id":"https:\/\/www.suno.com.br\/noticias\/reforma-tributaria-veja-o-que-muda-votacao-evm\/","url":"https:\/\/www.suno.com.br\/noticias\/reforma-tributaria-veja-o-que-muda-votacao-evm\/","name":"Reforma tribut\u00e1ria pode ser votada hoje; veja o que muda","isPartOf":{"@id":"https:\/\/www.suno.com.br\/noticias\/#website"},"primaryImageOfPage":{"@id":"https:\/\/www.suno.com.br\/noticias\/reforma-tributaria-veja-o-que-muda-votacao-evm\/#primaryimage"},"image":{"@id":"https:\/\/www.suno.com.br\/noticias\/reforma-tributaria-veja-o-que-muda-votacao-evm\/#primaryimage"},"thumbnailUrl":"https:\/\/files.sunoresearch.com.br\/n\/uploads\/2022\/12\/arthur-lira-presidente-camara.jpg","datePublished":"2023-07-06T12:44:39+00:00","dateModified":"2023-07-06T12:44:45+00:00","description":"O texto da reforma tribut\u00e1ria precisar\u00e1 do apoio de ao menos 308 deputados, em dois turnos de vota\u00e7\u00e3o na C\u00e2mara dos Deputados","breadcrumb":{"@id":"https:\/\/www.suno.com.br\/noticias\/reforma-tributaria-veja-o-que-muda-votacao-evm\/#breadcrumb"},"inLanguage":"pt-BR","potentialAction":[{"@type":"ReadAction","target":["https:\/\/www.suno.com.br\/noticias\/reforma-tributaria-veja-o-que-muda-votacao-evm\/"]}]},{"@type":"ImageObject","inLanguage":"pt-BR","@id":"https:\/\/www.suno.com.br\/noticias\/reforma-tributaria-veja-o-que-muda-votacao-evm\/#primaryimage","url":"https:\/\/files.sunoresearch.com.br\/n\/uploads\/2022\/12\/arthur-lira-presidente-camara.jpg","contentUrl":"https:\/\/files.sunoresearch.com.br\/n\/uploads\/2022\/12\/arthur-lira-presidente-camara.jpg","width":1200,"height":800,"caption":"Arthur Lira, presidente da C\u00e2mara dos Deputados. Foto: Marcelo Camargo\/Ag\u00eancia Brasil"},{"@type":"BreadcrumbList","@id":"https:\/\/www.suno.com.br\/noticias\/reforma-tributaria-veja-o-que-muda-votacao-evm\/#breadcrumb","itemListElement":[{"@type":"ListItem","position":1,"name":"Not\u00edcias","item":"https:\/\/www.suno.com.br\/noticias\/"},{"@type":"ListItem","position":2,"name":"Pol\u00edtica","item":"https:\/\/www.suno.com.br\/noticias\/politica\/"},{"@type":"ListItem","position":3,"name":"Reforma tribut\u00e1ria pode ser votada hoje; veja o que muda"}]},{"@type":"WebSite","@id":"https:\/\/www.suno.com.br\/noticias\/#website","url":"https:\/\/www.suno.com.br\/noticias\/","name":"Suno Not\u00edcias","description":"Seu portal de informa\u00e7\u00e3o sobre o mundo dos investimentos","publisher":{"@id":"https:\/\/www.suno.com.br\/noticias\/#organization"},"potentialAction":[{"@type":"SearchAction","target":{"@type":"EntryPoint","urlTemplate":"https:\/\/www.suno.com.br\/noticias\/?s={search_term_string}"},"query-input":{"@type":"PropertyValueSpecification","valueRequired":true,"valueName":"search_term_string"}}],"inLanguage":"pt-BR"},{"@type":"Organization","@id":"https:\/\/www.suno.com.br\/noticias\/#organization","name":"Suno Not\u00edcias","url":"https:\/\/www.suno.com.br\/noticias\/","logo":{"@type":"ImageObject","inLanguage":"pt-BR","@id":"https:\/\/www.suno.com.br\/noticias\/#\/schema\/logo\/image\/","url":"https:\/\/files.sunoresearch.com.br\/n\/uploads\/2021\/09\/suno-logo.png","contentUrl":"https:\/\/files.sunoresearch.com.br\/n\/uploads\/2021\/09\/suno-logo.png","width":180,"height":180,"caption":"Suno Not\u00edcias"},"image":{"@id":"https:\/\/www.suno.com.br\/noticias\/#\/schema\/logo\/image\/"},"sameAs":["https:\/\/facebook.com\/sunoresearch","https:\/\/x.com\/sunoresearch","https:\/\/www.instagram.com\/suno","https:\/\/www.linkedin.com\/company\/suno-research\/","https:\/\/www.youtube.com\/c\/sunoresearch"]},{"@type":"Person","@id":"https:\/\/www.suno.com.br\/noticias\/#\/schema\/person\/7f4d362bf3518e76090143ae77bb49a5","name":"Eduardo Vargas","image":{"@type":"ImageObject","inLanguage":"pt-BR","@id":"https:\/\/www.suno.com.br\/noticias\/#\/schema\/person\/image\/","url":"https:\/\/secure.gravatar.com\/avatar\/dac340933427a22924c9f99d1eb2e3f2?s=96&r=g","contentUrl":"https:\/\/secure.gravatar.com\/avatar\/dac340933427a22924c9f99d1eb2e3f2?s=96&r=g","caption":"Eduardo Vargas"},"description":"Jornalista formado pela UFSC, cobre macroeconomia, neg\u00f3cios e startups para o Suno Not\u00edcias, escrevendo principalmente not\u00edcias sobre o mercado financeiro e a bolsa de valores. No YouTube e no Instagram, \u00e9 respons\u00e1vel pela produ\u00e7\u00e3o de Reels e Shorts do Suno Not\u00edcias. Anteriormente, trabalhou cobrindo economia e cotidiano no ND+ e para o ND, maior jornal impresso de Santa Catarina. Cursou um semestre letivo de Estudos de M\u00eddia na Universidad de Buenos Aires.","url":"https:\/\/www.suno.com.br\/noticias\/author\/eduardo-vargas\/"}]}},"default_loop_html":"<div class=\"cardsPage__listCard__boxs\"><div class=\"cardsPage__listCard__boxs__img\"><a href=\"https:\/\/www.suno.com.br\/noticias\/reforma-tributaria-veja-o-que-muda-votacao-evm\/\"><img class=\"mask\" src=\"https:\/\/www.suno.com.br\/noticias\/wp-content\/themes\/suno\/resources\/images\/spotlight\/spotlight1img\/bg-mask.png\" alt=\"Image Mask\"\/><img src=\"https:\/\/files.sunoresearch.com.br\/n\/uploads\/2022\/12\/arthur-lira-presidente-camara-400x200.jpg\" alt=\"Reforma tribut\u00e1ria pode ser votada hoje; veja o que muda\"\/><\/a><span class=\"spotlightCategory\"><a href=\"https:\/\/www.suno.com.br\/noticias\/politica\/\">Pol\u00edtica<\/a><\/span><\/div><div class=\"cardsPage__listCard__boxs__content\"><a href=\"https:\/\/www.suno.com.br\/noticias\/reforma-tributaria-veja-o-que-muda-votacao-evm\/\"><h2 class=\"content__title\">Reforma tribut\u00e1ria pode ser votada hoje; veja o que muda<\/h2><\/a><div class=\"newsContent__article__meta\"><div class=\"newsContent__article__meta__authorBox\"><a href=\"https:\/\/www.suno.com.br\/noticias\/author\/eduardo-vargas\/\" class=\"authorBox__avatar noMobi\"><img src=\"https:\/\/secure.gravatar.com\/avatar\/dac340933427a22924c9f99d1eb2e3f2?s=96&#038;r=g\" alt=\"Eduardo Vargas\"><\/a><div class=\"authorBox__name\"><span>por\n\t\t\t<a href=\"https:\/\/www.suno.com.br\/noticias\/author\/eduardo-vargas\/\"><span itemprop=\"author\">Eduardo Vargas<\/span><\/a><\/span><time datetime=\"2023-07-06T09:44:39-03:00\" itemprop=\"datePublished\">06\/07\/2023 09:44<\/time><\/div><\/div><\/div><\/div><\/div>","single_layout":"posts","amp_enabled":true,"_links":{"self":[{"href":"https:\/\/www.suno.com.br\/noticias\/wp-json\/wp\/v2\/posts\/425712"}],"collection":[{"href":"https:\/\/www.suno.com.br\/noticias\/wp-json\/wp\/v2\/posts"}],"about":[{"href":"https:\/\/www.suno.com.br\/noticias\/wp-json\/wp\/v2\/types\/post"}],"author":[{"embeddable":true,"href":"https:\/\/www.suno.com.br\/noticias\/wp-json\/wp\/v2\/users\/73"}],"replies":[{"embeddable":true,"href":"https:\/\/www.suno.com.br\/noticias\/wp-json\/wp\/v2\/comments?post=425712"}],"version-history":[{"count":3,"href":"https:\/\/www.suno.com.br\/noticias\/wp-json\/wp\/v2\/posts\/425712\/revisions"}],"predecessor-version":[{"id":425766,"href":"https:\/\/www.suno.com.br\/noticias\/wp-json\/wp\/v2\/posts\/425712\/revisions\/425766"}],"wp:featuredmedia":[{"embeddable":true,"href":"https:\/\/www.suno.com.br\/noticias\/wp-json\/wp\/v2\/media\/336096"}],"wp:attachment":[{"href":"https:\/\/www.suno.com.br\/noticias\/wp-json\/wp\/v2\/media?parent=425712"}],"wp:term":[{"taxonomy":"category","embeddable":true,"href":"https:\/\/www.suno.com.br\/noticias\/wp-json\/wp\/v2\/categories?post=425712"},{"taxonomy":"post_tag","embeddable":true,"href":"https:\/\/www.suno.com.br\/noticias\/wp-json\/wp\/v2\/tags?post=425712"},{"taxonomy":"suno_strategy","embeddable":true,"href":"https:\/\/www.suno.com.br\/noticias\/wp-json\/wp\/v2\/suno_strategy?post=425712"}],"curies":[{"name":"wp","href":"https:\/\/api.w.org\/{rel}","templated":true}]}}